{"id":662747,"date":"2026-04-23T20:04:40","date_gmt":"2026-04-23T18:04:40","guid":{"rendered":"https:\/\/kohenavocats.com\/tribunal-judiciaire-de-rodez-le-19-juillet-2025-n25-00690\/"},"modified":"2026-04-23T20:04:40","modified_gmt":"2026-04-23T18:04:40","slug":"tribunal-judiciaire-de-rodez-le-19-juillet-2025-n25-00690","status":"publish","type":"post","link":"https:\/\/kohenavocats.com\/zh-hans\/tribunal-judiciaire-de-rodez-le-19-juillet-2025-n25-00690\/","title":{"rendered":"Tribunal judiciaire de Rodez, le 19 juillet 2025, n\u00b025\/00690"},"content":{"rendered":"<div class=\"article-content\">\n<p>Le juge des contentieux de la protection a rendu un jugement r\u00e9put\u00e9 contradictoire le 19 juillet 2025. Il statue sur une demande en constatation de r\u00e9siliation de bail pour impay\u00e9s de loyers et d\u00e9faut d&#8217;assurance. Le locataire, ne comparaissant pas, s&#8217;expose \u00e0 un jugement sur les seuls \u00e9l\u00e9ments fournis par le bailleur. Le juge examine la r\u00e9gularit\u00e9 de la proc\u00e9dure et le bien-fond\u00e9 des demandes. Il constate la r\u00e9siliation du bail et ordonne l&#8217;expulsion du locataire ainsi que le paiement des sommes dues.<\/p>\n<p>La r\u00e9gularit\u00e9 proc\u00e9durale de la demande en r\u00e9siliation<\/p>\n<p>Le respect des formalit\u00e9s pr\u00e9alables \u00e0 l&#8217;assignation. Le l\u00e9gislateur a encadr\u00e9 strictement la proc\u00e9dure de r\u00e9siliation pour impay\u00e9s afin de prot\u00e9ger le locataire. L&#8217;article 24 de la loi du 6 juillet 1989 impose un commandement de payer contenant des mentions obligatoires. Le juge v\u00e9rifie que le commandement a \u00e9t\u00e9 r\u00e9guli\u00e8rement signal\u00e9 \u00e0 la commission comp\u00e9tente. &#8220;Le commandement de payer en date du 5 juin 2024 a \u00e9t\u00e9 transmis \u00e0 la CCAPEX le 10 juin 2024, soit plus de deux mois avant l&#8217;assignation.&#8221; Cette transmission respecte l&#8217;exigence de signalement pr\u00e9alable pour permettre un diagnostic social.<\/p>\n<p>La notification de l&#8217;assignation au repr\u00e9sentant de l&#8217;\u00c9tat. Une condition suppl\u00e9mentaire de recevabilit\u00e9 p\u00e8se sur le bailleur. Il doit notifier l&#8217;assignation au pr\u00e9fet dans un d\u00e9lai pr\u00e9cis avant l&#8217;audience. &#8220;A peine d&#8217;irrecevabilit\u00e9 de la demande, l&#8217;assignation aux fins de constat de la r\u00e9siliation est notifi\u00e9e (\u2026) au repr\u00e9sentant de l&#8217;Etat dans le d\u00e9partement (\u2026) au moins deux mois avant l&#8217;audience.&#8221; Le juge constate que cette formalit\u00e9 a \u00e9t\u00e9 respect\u00e9e en l&#8217;esp\u00e8ce. Cette double condition assure une information des services sociaux et du pr\u00e9fet.<\/p>\n<p>Le bien-fond\u00e9 des demandes du bailleur<\/p>\n<p>L&#8217;existence d&#8217;une inex\u00e9cution contractuelle grave et r\u00e9p\u00e9t\u00e9e. Le juge analyse le comportement du locataire au regard de ses obligations l\u00e9gales et contractuelles. Le d\u00e9faut de paiement du loyer constitue la cause principale de la r\u00e9siliation. &#8220;Le fait que Monsieur [C] [D] n&#8217;ait pas r\u00e9gl\u00e9 les sommes dues dans le d\u00e9lai de six semaines du commandement de payer (\u2026) entra\u00eene la r\u00e9siliation du bail.&#8221; Le non-paiement persistant apr\u00e8s sommation caract\u00e9rise une inex\u00e9cution suffisamment grave.<\/p>\n<p>Le d\u00e9faut de justification d&#8217;assurance comme cause autonome. Le bailleur invoque \u00e9galement le manquement \u00e0 l&#8217;obligation d&#8217;assurance. Le locataire n&#8217;a pas justifi\u00e9 de cette assurance dans le d\u00e9lai imparti apr\u00e8s sommation. &#8220;Le fait que le locataire n&#8217;ait pas justifi\u00e9 de la souscription d&#8217;une assurance (\u2026) entra\u00eene la r\u00e9siliation du bail.&#8221; Ce manquement, combin\u00e9 aux impay\u00e9s, conforte le juge dans sa d\u00e9cision de r\u00e9silier le bail et d&#8217;ordonner l&#8217;expulsion.<\/p>\n<p>La port\u00e9e de cette d\u00e9cision est significative en mati\u00e8re de bail d&#8217;habitation. Elle rappelle le caract\u00e8re d&#8217;ordre public des dispositions protectrices de la loi de 1989. Le juge doit v\u00e9rifier scrupuleusement le respect de la proc\u00e9dure pr\u00e9vue \u00e0 l&#8217;article 24. La solution illustre aussi la s\u00e9v\u00e9rit\u00e9 envers les manquements r\u00e9p\u00e9t\u00e9s du locataire. L&#8217;absence de r\u00e9gularisation apr\u00e8s commandement et l&#8217;absence \u00e0 l&#8217;audience sont lourdement sanctionn\u00e9es. Enfin, le jugement pr\u00e9cise les cons\u00e9quences pratiques de la r\u00e9siliation. Il ordonne l&#8217;expulsion et fixe une indemnit\u00e9 d&#8217;occupation jusqu&#8217;\u00e0 la lib\u00e9ration des lieux.<\/p>\n<\/div>\n","protected":false},"excerpt":{"rendered":"<p>Le juge des contentieux de la protection a rendu un jugement r\u00e9put\u00e9 contradictoire le 19 juillet 2025. Il statue sur une demande en constatation de r\u00e9siliati&#8230;<\/p>\n","protected":false},"author":232070755,"featured_media":4782,"comment_status":"open","ping_status":"open","sticky":false,"template":"","format":"standard","meta":{"_crdt_document":"","_jetpack_newsletter_access":"","_jetpack_dont_email_post_to_subs":false,"_jetpack_newsletter_tier_id":0,"_jetpack_memberships_contains_paywalled_content":false,"_jetpack_memberships_contains_paid_content":false,"footnotes":"","jetpack_post_was_ever_published":false},"categories":[7597],"tags":[],"class_list":["post-662747","post","type-post","status-publish","format-standard","has-post-thumbnail","hentry","category-jurisprudence"],"yoast_head":"<!-- This site is optimized with the Yoast SEO Premium plugin v27.4 (Yoast SEO v27.4) - https:\/\/yoast.com\/product\/yoast-seo-premium-wordpress\/ -->\n<title>Tribunal judiciaire de Rodez, le 19 juillet 2025, n\u00b025\/00690 - Ma\u00eetre Hassan Kohen, avocat en droit p\u00e9nal \u00e0 Paris<\/title>\n<meta name=\"description\" content=\"Le juge des contentieux de la protection a rendu un jugement r\u00e9put\u00e9 contradictoire le 19 juillet 2025. Il statue sur une demande en constatation de r\u00e9siliati...\" \/>\n<meta name=\"robots\" content=\"index, follow, max-snippet:-1, max-image-preview:large, max-video-preview:-1\" \/>\n<link rel=\"canonical\" href=\"https:\/\/kohenavocats.com\/zh-hans\/tribunal-judiciaire-de-rodez-le-19-juillet-2025-n25-00690\/\" \/>\n<meta property=\"og:locale\" content=\"zh_CN\" \/>\n<meta property=\"og:type\" content=\"article\" \/>\n<meta property=\"og:title\" content=\"Tribunal judiciaire de Rodez, le 19 juillet 2025, n\u00b025\/00690\" \/>\n<meta property=\"og:description\" content=\"Le juge des contentieux de la protection a rendu un jugement r\u00e9put\u00e9 contradictoire le 19 juillet 2025. Il statue sur une demande en constatation de r\u00e9siliati...\" \/>\n<meta property=\"og:url\" content=\"https:\/\/kohenavocats.com\/zh-hans\/tribunal-judiciaire-de-rodez-le-19-juillet-2025-n25-00690\/\" \/>\n<meta property=\"og:site_name\" content=\"Ma\u00eetre Hassan Kohen, avocat en droit p\u00e9nal \u00e0 Paris\" \/>\n<meta property=\"article:published_time\" content=\"2026-04-23T18:04:40+00:00\" \/>\n<meta property=\"og:image\" content=\"https:\/\/kohenavocats.com\/wp-content\/uploads\/2024\/08\/patrick-robert-doyle-OvXht_wi5Ew-unsplash.webp\" \/>\n\t<meta property=\"og:image:width\" content=\"5938\" \/>\n\t<meta property=\"og:image:height\" content=\"3711\" \/>\n\t<meta property=\"og:image:type\" content=\"image\/webp\" \/>\n<meta name=\"author\" content=\"Kohen\" \/>\n<meta name=\"twitter:card\" content=\"summary_large_image\" \/>\n<meta name=\"twitter:label1\" content=\"\u4f5c\u8005\" \/>\n\t<meta name=\"twitter:data1\" content=\"Kohen\" \/>\n\t<meta name=\"twitter:label2\" content=\"\u9884\u8ba1\u9605\u8bfb\u65f6\u95f4\" \/>\n\t<meta name=\"twitter:data2\" content=\"3 \u5206\" \/>\n<script type=\"application\/ld+json\" class=\"yoast-schema-graph\">{\"@context\":\"https:\\\/\\\/schema.org\",\"@graph\":[{\"@type\":\"Article\",\"@id\":\"https:\\\/\\\/kohenavocats.com\\\/zh-hans\\\/tribunal-judiciaire-de-rodez-le-19-juillet-2025-n25-00690\\\/#article\",\"isPartOf\":{\"@id\":\"https:\\\/\\\/kohenavocats.com\\\/zh-hans\\\/tribunal-judiciaire-de-rodez-le-19-juillet-2025-n25-00690\\\/\"},\"author\":{\"name\":\"Kohen\",\"@id\":\"https:\\\/\\\/kohenavocats.com\\\/zh-hans\\\/#\\\/schema\\\/person\\\/761c9ba54fa1ca84d405cef0831ff751\"},\"headline\":\"Tribunal judiciaire de Rodez, le 19 juillet 2025, n\u00b025\\\/00690\",\"datePublished\":\"2026-04-23T18:04:40+00:00\",\"mainEntityOfPage\":{\"@id\":\"https:\\\/\\\/kohenavocats.com\\\/zh-hans\\\/tribunal-judiciaire-de-rodez-le-19-juillet-2025-n25-00690\\\/\"},\"wordCount\":599,\"commentCount\":0,\"publisher\":{\"@id\":\"https:\\\/\\\/kohenavocats.com\\\/zh-hans\\\/#organization\"},\"image\":{\"@id\":\"https:\\\/\\\/kohenavocats.com\\\/zh-hans\\\/tribunal-judiciaire-de-rodez-le-19-juillet-2025-n25-00690\\\/#primaryimage\"},\"thumbnailUrl\":\"https:\\\/\\\/kohenavocats.com\\\/wp-content\\\/uploads\\\/2024\\\/08\\\/patrick-robert-doyle-OvXht_wi5Ew-unsplash.webp\",\"articleSection\":[\"Jurisprudence\"],\"inLanguage\":\"zh-Hans\",\"potentialAction\":[{\"@type\":\"CommentAction\",\"name\":\"Comment\",\"target\":[\"https:\\\/\\\/kohenavocats.com\\\/zh-hans\\\/tribunal-judiciaire-de-rodez-le-19-juillet-2025-n25-00690\\\/#respond\"]}],\"citation\":\"Tribunal judiciaire de Rodez, le 19 juillet 2025, n\u00b025\\\/00690\",\"about\":[{\"@type\":\"Thing\",\"name\":\"Jurisprudence\"}],\"dateModified\":\"2026-04-23T18:04:40+00:00\",\"speakable\":{\"@type\":\"SpeakableSpecification\",\"cssSelector\":[\".article-content > p:first-of-type\"]}},{\"@type\":\"WebPage\",\"@id\":\"https:\\\/\\\/kohenavocats.com\\\/zh-hans\\\/tribunal-judiciaire-de-rodez-le-19-juillet-2025-n25-00690\\\/\",\"url\":\"https:\\\/\\\/kohenavocats.com\\\/zh-hans\\\/tribunal-judiciaire-de-rodez-le-19-juillet-2025-n25-00690\\\/\",\"name\":\"Tribunal judiciaire de Rodez, le 19 juillet 2025, n\u00b025\\\/00690 - Ma\u00eetre Hassan Kohen, avocat en droit p\u00e9nal \u00e0 Paris\",\"isPartOf\":{\"@id\":\"https:\\\/\\\/kohenavocats.com\\\/zh-hans\\\/#website\"},\"primaryImageOfPage\":{\"@id\":\"https:\\\/\\\/kohenavocats.com\\\/zh-hans\\\/tribunal-judiciaire-de-rodez-le-19-juillet-2025-n25-00690\\\/#primaryimage\"},\"image\":{\"@id\":\"https:\\\/\\\/kohenavocats.com\\\/zh-hans\\\/tribunal-judiciaire-de-rodez-le-19-juillet-2025-n25-00690\\\/#primaryimage\"},\"thumbnailUrl\":\"https:\\\/\\\/kohenavocats.com\\\/wp-content\\\/uploads\\\/2024\\\/08\\\/patrick-robert-doyle-OvXht_wi5Ew-unsplash.webp\",\"datePublished\":\"2026-04-23T18:04:40+00:00\",\"description\":\"Le juge des contentieux de la protection a rendu un jugement r\u00e9put\u00e9 contradictoire le 19 juillet 2025. Il statue sur une demande en constatation de r\u00e9siliati...\",\"breadcrumb\":{\"@id\":\"https:\\\/\\\/kohenavocats.com\\\/zh-hans\\\/tribunal-judiciaire-de-rodez-le-19-juillet-2025-n25-00690\\\/#breadcrumb\"},\"inLanguage\":\"zh-Hans\",\"potentialAction\":[{\"@type\":\"ReadAction\",\"target\":[\"https:\\\/\\\/kohenavocats.com\\\/zh-hans\\\/tribunal-judiciaire-de-rodez-le-19-juillet-2025-n25-00690\\\/\"]}]},{\"@type\":\"ImageObject\",\"inLanguage\":\"zh-Hans\",\"@id\":\"https:\\\/\\\/kohenavocats.com\\\/zh-hans\\\/tribunal-judiciaire-de-rodez-le-19-juillet-2025-n25-00690\\\/#primaryimage\",\"url\":\"https:\\\/\\\/kohenavocats.com\\\/wp-content\\\/uploads\\\/2024\\\/08\\\/patrick-robert-doyle-OvXht_wi5Ew-unsplash.webp\",\"contentUrl\":\"https:\\\/\\\/kohenavocats.com\\\/wp-content\\\/uploads\\\/2024\\\/08\\\/patrick-robert-doyle-OvXht_wi5Ew-unsplash.webp\",\"width\":5938,\"height\":3711},{\"@type\":\"BreadcrumbList\",\"@id\":\"https:\\\/\\\/kohenavocats.com\\\/zh-hans\\\/tribunal-judiciaire-de-rodez-le-19-juillet-2025-n25-00690\\\/#breadcrumb\",\"itemListElement\":[{\"@type\":\"ListItem\",\"position\":1,\"name\":\"Home\",\"item\":\"https:\\\/\\\/kohenavocats.com\\\/zh-hans\\\/\"},{\"@type\":\"ListItem\",\"position\":2,\"name\":\"Tribunal judiciaire de Rodez, le 19 juillet 2025, n\u00b025\\\/00690\"}]},{\"@type\":\"WebSite\",\"@id\":\"https:\\\/\\\/kohenavocats.com\\\/zh-hans\\\/#website\",\"url\":\"https:\\\/\\\/kohenavocats.com\\\/zh-hans\\\/\",\"name\":\"Kohen Avocats\",\"description\":\"Ma\u00eetre Hassan Kohen, avocat p\u00e9naliste \u00e0 Paris, intervient exclusivement en droit p\u00e9nal pour la d\u00e9fense des particuliers, notamment en mati\u00e8re d\u2019accusations de viol. Il assure un accompagnement rigoureux d\u00e8s la garde \u00e0 vue jusqu\u2019\u00e0 la Cour d\u2019assises, veillant au strict respect des garanties proc\u00e9durales.\",\"publisher\":{\"@id\":\"https:\\\/\\\/kohenavocats.com\\\/zh-hans\\\/#organization\"},\"potentialAction\":[{\"@type\":\"SearchAction\",\"target\":{\"@type\":\"EntryPoint\",\"urlTemplate\":\"https:\\\/\\\/kohenavocats.com\\\/zh-hans\\\/?s={search_term_string}\"},\"query-input\":{\"@type\":\"PropertyValueSpecification\",\"valueRequired\":true,\"valueName\":\"search_term_string\"}}],\"inLanguage\":\"zh-Hans\"},{\"@type\":\"Organization\",\"@id\":\"https:\\\/\\\/kohenavocats.com\\\/zh-hans\\\/#organization\",\"name\":\"Kohen Avocats\",\"url\":\"https:\\\/\\\/kohenavocats.com\\\/zh-hans\\\/\",\"logo\":{\"@type\":\"ImageObject\",\"inLanguage\":\"zh-Hans\",\"@id\":\"https:\\\/\\\/kohenavocats.com\\\/zh-hans\\\/#\\\/schema\\\/logo\\\/image\\\/\",\"url\":\"https:\\\/\\\/kohenavocats.com\\\/wp-content\\\/uploads\\\/2026\\\/01\\\/Logo-2-1.webp\",\"contentUrl\":\"https:\\\/\\\/kohenavocats.com\\\/wp-content\\\/uploads\\\/2026\\\/01\\\/Logo-2-1.webp\",\"width\":2114,\"height\":1253,\"caption\":\"Kohen Avocats\"},\"image\":{\"@id\":\"https:\\\/\\\/kohenavocats.com\\\/zh-hans\\\/#\\\/schema\\\/logo\\\/image\\\/\"}},{\"@type\":\"Person\",\"@id\":\"https:\\\/\\\/kohenavocats.com\\\/zh-hans\\\/#\\\/schema\\\/person\\\/761c9ba54fa1ca84d405cef0831ff751\",\"name\":\"Kohen\",\"image\":{\"@type\":\"ImageObject\",\"inLanguage\":\"zh-Hans\",\"@id\":\"https:\\\/\\\/secure.gravatar.com\\\/avatar\\\/1c5e76ef76bbbfdd2b4da984e2bf2fa4056fd51a27d25ce2c332047f1dfd6e00?s=96&d=identicon&r=g\",\"url\":\"https:\\\/\\\/secure.gravatar.com\\\/avatar\\\/1c5e76ef76bbbfdd2b4da984e2bf2fa4056fd51a27d25ce2c332047f1dfd6e00?s=96&d=identicon&r=g\",\"contentUrl\":\"https:\\\/\\\/secure.gravatar.com\\\/avatar\\\/1c5e76ef76bbbfdd2b4da984e2bf2fa4056fd51a27d25ce2c332047f1dfd6e00?s=96&d=identicon&r=g\",\"caption\":\"Kohen\"},\"sameAs\":[\"https:\\\/\\\/www.linkedin.com\\\/in\\\/hassan-kohen-448548192\\\/\",\"https:\\\/\\\/www.youtube.com\\\/@Kohen-Avocats\"],\"url\":\"https:\\\/\\\/kohenavocats.com\\\/zh-hans\\\/author\\\/kohenmlk\\\/\"}]}<\/script>\n<!-- \/ Yoast SEO Premium plugin. -->","yoast_head_json":{"title":"Tribunal judiciaire de Rodez, le 19 juillet 2025, n\u00b025\/00690 - Ma\u00eetre Hassan Kohen, avocat en droit p\u00e9nal \u00e0 Paris","description":"Le juge des contentieux de la protection a rendu un jugement r\u00e9put\u00e9 contradictoire le 19 juillet 2025. Il statue sur une demande en constatation de r\u00e9siliati...","robots":{"index":"index","follow":"follow","max-snippet":"max-snippet:-1","max-image-preview":"max-image-preview:large","max-video-preview":"max-video-preview:-1"},"canonical":"https:\/\/kohenavocats.com\/zh-hans\/tribunal-judiciaire-de-rodez-le-19-juillet-2025-n25-00690\/","og_locale":"zh_CN","og_type":"article","og_title":"Tribunal judiciaire de Rodez, le 19 juillet 2025, n\u00b025\/00690","og_description":"Le juge des contentieux de la protection a rendu un jugement r\u00e9put\u00e9 contradictoire le 19 juillet 2025. Il statue sur une demande en constatation de r\u00e9siliati...","og_url":"https:\/\/kohenavocats.com\/zh-hans\/tribunal-judiciaire-de-rodez-le-19-juillet-2025-n25-00690\/","og_site_name":"Ma\u00eetre Hassan Kohen, avocat en droit p\u00e9nal \u00e0 Paris","article_published_time":"2026-04-23T18:04:40+00:00","og_image":[{"width":5938,"height":3711,"url":"https:\/\/kohenavocats.com\/wp-content\/uploads\/2024\/08\/patrick-robert-doyle-OvXht_wi5Ew-unsplash.webp","type":"image\/webp"}],"author":"Kohen","twitter_card":"summary_large_image","twitter_misc":{"\u4f5c\u8005":"Kohen","\u9884\u8ba1\u9605\u8bfb\u65f6\u95f4":"3 \u5206"},"schema":{"@context":"https:\/\/schema.org","@graph":[{"@type":"Article","@id":"https:\/\/kohenavocats.com\/zh-hans\/tribunal-judiciaire-de-rodez-le-19-juillet-2025-n25-00690\/#article","isPartOf":{"@id":"https:\/\/kohenavocats.com\/zh-hans\/tribunal-judiciaire-de-rodez-le-19-juillet-2025-n25-00690\/"},"author":{"name":"Kohen","@id":"https:\/\/kohenavocats.com\/zh-hans\/#\/schema\/person\/761c9ba54fa1ca84d405cef0831ff751"},"headline":"Tribunal judiciaire de Rodez, le 19 juillet 2025, n\u00b025\/00690","datePublished":"2026-04-23T18:04:40+00:00","mainEntityOfPage":{"@id":"https:\/\/kohenavocats.com\/zh-hans\/tribunal-judiciaire-de-rodez-le-19-juillet-2025-n25-00690\/"},"wordCount":599,"commentCount":0,"publisher":{"@id":"https:\/\/kohenavocats.com\/zh-hans\/#organization"},"image":{"@id":"https:\/\/kohenavocats.com\/zh-hans\/tribunal-judiciaire-de-rodez-le-19-juillet-2025-n25-00690\/#primaryimage"},"thumbnailUrl":"https:\/\/kohenavocats.com\/wp-content\/uploads\/2024\/08\/patrick-robert-doyle-OvXht_wi5Ew-unsplash.webp","articleSection":["Jurisprudence"],"inLanguage":"zh-Hans","potentialAction":[{"@type":"CommentAction","name":"Comment","target":["https:\/\/kohenavocats.com\/zh-hans\/tribunal-judiciaire-de-rodez-le-19-juillet-2025-n25-00690\/#respond"]}],"citation":"Tribunal judiciaire de Rodez, le 19 juillet 2025, n\u00b025\/00690","about":[{"@type":"Thing","name":"Jurisprudence"}],"dateModified":"2026-04-23T18:04:40+00:00","speakable":{"@type":"SpeakableSpecification","cssSelector":[".article-content > p:first-of-type"]}},{"@type":"WebPage","@id":"https:\/\/kohenavocats.com\/zh-hans\/tribunal-judiciaire-de-rodez-le-19-juillet-2025-n25-00690\/","url":"https:\/\/kohenavocats.com\/zh-hans\/tribunal-judiciaire-de-rodez-le-19-juillet-2025-n25-00690\/","name":"Tribunal judiciaire de Rodez, le 19 juillet 2025, n\u00b025\/00690 - Ma\u00eetre Hassan Kohen, avocat en droit p\u00e9nal \u00e0 Paris","isPartOf":{"@id":"https:\/\/kohenavocats.com\/zh-hans\/#website"},"primaryImageOfPage":{"@id":"https:\/\/kohenavocats.com\/zh-hans\/tribunal-judiciaire-de-rodez-le-19-juillet-2025-n25-00690\/#primaryimage"},"image":{"@id":"https:\/\/kohenavocats.com\/zh-hans\/tribunal-judiciaire-de-rodez-le-19-juillet-2025-n25-00690\/#primaryimage"},"thumbnailUrl":"https:\/\/kohenavocats.com\/wp-content\/uploads\/2024\/08\/patrick-robert-doyle-OvXht_wi5Ew-unsplash.webp","datePublished":"2026-04-23T18:04:40+00:00","description":"Le juge des contentieux de la protection a rendu un jugement r\u00e9put\u00e9 contradictoire le 19 juillet 2025. Il statue sur une demande en constatation de r\u00e9siliati...","breadcrumb":{"@id":"https:\/\/kohenavocats.com\/zh-hans\/tribunal-judiciaire-de-rodez-le-19-juillet-2025-n25-00690\/#breadcrumb"},"inLanguage":"zh-Hans","potentialAction":[{"@type":"ReadAction","target":["https:\/\/kohenavocats.com\/zh-hans\/tribunal-judiciaire-de-rodez-le-19-juillet-2025-n25-00690\/"]}]},{"@type":"ImageObject","inLanguage":"zh-Hans","@id":"https:\/\/kohenavocats.com\/zh-hans\/tribunal-judiciaire-de-rodez-le-19-juillet-2025-n25-00690\/#primaryimage","url":"https:\/\/kohenavocats.com\/wp-content\/uploads\/2024\/08\/patrick-robert-doyle-OvXht_wi5Ew-unsplash.webp","contentUrl":"https:\/\/kohenavocats.com\/wp-content\/uploads\/2024\/08\/patrick-robert-doyle-OvXht_wi5Ew-unsplash.webp","width":5938,"height":3711},{"@type":"BreadcrumbList","@id":"https:\/\/kohenavocats.com\/zh-hans\/tribunal-judiciaire-de-rodez-le-19-juillet-2025-n25-00690\/#breadcrumb","itemListElement":[{"@type":"ListItem","position":1,"name":"Home","item":"https:\/\/kohenavocats.com\/zh-hans\/"},{"@type":"ListItem","position":2,"name":"Tribunal judiciaire de Rodez, le 19 juillet 2025, n\u00b025\/00690"}]},{"@type":"WebSite","@id":"https:\/\/kohenavocats.com\/zh-hans\/#website","url":"https:\/\/kohenavocats.com\/zh-hans\/","name":"Kohen Avocats","description":"Ma\u00eetre Hassan Kohen, avocat p\u00e9naliste \u00e0 Paris, intervient exclusivement en droit p\u00e9nal pour la d\u00e9fense des particuliers, notamment en mati\u00e8re d\u2019accusations de viol. Il assure un accompagnement rigoureux d\u00e8s la garde \u00e0 vue jusqu\u2019\u00e0 la Cour d\u2019assises, veillant au strict respect des garanties proc\u00e9durales.","publisher":{"@id":"https:\/\/kohenavocats.com\/zh-hans\/#organization"},"potentialAction":[{"@type":"SearchAction","target":{"@type":"EntryPoint","urlTemplate":"https:\/\/kohenavocats.com\/zh-hans\/?s={search_term_string}"},"query-input":{"@type":"PropertyValueSpecification","valueRequired":true,"valueName":"search_term_string"}}],"inLanguage":"zh-Hans"},{"@type":"Organization","@id":"https:\/\/kohenavocats.com\/zh-hans\/#organization","name":"Kohen Avocats","url":"https:\/\/kohenavocats.com\/zh-hans\/","logo":{"@type":"ImageObject","inLanguage":"zh-Hans","@id":"https:\/\/kohenavocats.com\/zh-hans\/#\/schema\/logo\/image\/","url":"https:\/\/kohenavocats.com\/wp-content\/uploads\/2026\/01\/Logo-2-1.webp","contentUrl":"https:\/\/kohenavocats.com\/wp-content\/uploads\/2026\/01\/Logo-2-1.webp","width":2114,"height":1253,"caption":"Kohen Avocats"},"image":{"@id":"https:\/\/kohenavocats.com\/zh-hans\/#\/schema\/logo\/image\/"}},{"@type":"Person","@id":"https:\/\/kohenavocats.com\/zh-hans\/#\/schema\/person\/761c9ba54fa1ca84d405cef0831ff751","name":"Kohen","image":{"@type":"ImageObject","inLanguage":"zh-Hans","@id":"https:\/\/secure.gravatar.com\/avatar\/1c5e76ef76bbbfdd2b4da984e2bf2fa4056fd51a27d25ce2c332047f1dfd6e00?s=96&d=identicon&r=g","url":"https:\/\/secure.gravatar.com\/avatar\/1c5e76ef76bbbfdd2b4da984e2bf2fa4056fd51a27d25ce2c332047f1dfd6e00?s=96&d=identicon&r=g","contentUrl":"https:\/\/secure.gravatar.com\/avatar\/1c5e76ef76bbbfdd2b4da984e2bf2fa4056fd51a27d25ce2c332047f1dfd6e00?s=96&d=identicon&r=g","caption":"Kohen"},"sameAs":["https:\/\/www.linkedin.com\/in\/hassan-kohen-448548192\/","https:\/\/www.youtube.com\/@Kohen-Avocats"],"url":"https:\/\/kohenavocats.com\/zh-hans\/author\/kohenmlk\/"}]}},"jetpack_featured_media_url":"https:\/\/kohenavocats.com\/wp-content\/uploads\/2024\/08\/patrick-robert-doyle-OvXht_wi5Ew-unsplash.webp","jetpack_likes_enabled":false,"jetpack_shortlink":"https:\/\/wp.me\/peCrII-2Mpt","jetpack-related-posts":[{"id":670212,"url":"https:\/\/kohenavocats.com\/zh-hans\/tribunal-judiciaire-de-angers-le-19-mai-2025-n25-00373\/","url_meta":{"origin":662747,"position":0},"title":"Tribunal judiciaire de Angers, le 19 mai 2025, n\u00b025\/00373","author":"Kohen","date":"2026\u5e744\u670824\u65e5","format":false,"excerpt":"Le juge des contentieux de la protection, statuant\u2026","rel":"","context":"\u5728\u201cCode des assurances\u201d\u4e2d","block_context":{"text":"Code des assurances","link":"https:\/\/kohenavocats.com\/category\/code-des-assurances\/"},"img":{"alt_text":"","src":"https:\/\/i0.wp.com\/kohenavocats.com\/wp-content\/uploads\/2024\/08\/judith-ekedi-jangwa-fyfmXbDaR14-unsplash.webp?resize=350%2C200&ssl=1","width":350,"height":200,"srcset":"https:\/\/i0.wp.com\/kohenavocats.com\/wp-content\/uploads\/2024\/08\/judith-ekedi-jangwa-fyfmXbDaR14-unsplash.webp?resize=350%2C200&ssl=1 1x, https:\/\/i0.wp.com\/kohenavocats.com\/wp-content\/uploads\/2024\/08\/judith-ekedi-jangwa-fyfmXbDaR14-unsplash.webp?resize=525%2C300&ssl=1 1.5x, https:\/\/i0.wp.com\/kohenavocats.com\/wp-content\/uploads\/2024\/08\/judith-ekedi-jangwa-fyfmXbDaR14-unsplash.webp?resize=700%2C400&ssl=1 2x, https:\/\/i0.wp.com\/kohenavocats.com\/wp-content\/uploads\/2024\/08\/judith-ekedi-jangwa-fyfmXbDaR14-unsplash.webp?resize=1050%2C600&ssl=1 3x, https:\/\/i0.wp.com\/kohenavocats.com\/wp-content\/uploads\/2024\/08\/judith-ekedi-jangwa-fyfmXbDaR14-unsplash.webp?resize=1400%2C800&ssl=1 4x"},"classes":[]},{"id":669402,"url":"https:\/\/kohenavocats.com\/zh-hans\/tribunal-judiciaire-de-charleville-mezieres-le-19-juin-2025-n25-00088\/","url_meta":{"origin":662747,"position":1},"title":"Tribunal judiciaire de Charleville-M\u00e9zi\u00e8res, le 19 juin 2025, n\u00b025\/00088","author":"Kohen","date":"2026\u5e744\u670824\u65e5","format":false,"excerpt":"Le tribunal judiciaire de Charleville-M\u00e9zi\u00e8res, st\u2026","rel":"","context":"\u5728\u201cImmobilier\u201d\u4e2d","block_context":{"text":"Immobilier","link":"https:\/\/kohenavocats.com\/category\/immobilier\/"},"img":{"alt_text":"","src":"https:\/\/i0.wp.com\/kohenavocats.com\/wp-content\/uploads\/2024\/08\/louis-paulin-SYJrwRyI51E-unsplash-1.webp?resize=350%2C200&ssl=1","width":350,"height":200,"srcset":"https:\/\/i0.wp.com\/kohenavocats.com\/wp-content\/uploads\/2024\/08\/louis-paulin-SYJrwRyI51E-unsplash-1.webp?resize=350%2C200&ssl=1 1x, https:\/\/i0.wp.com\/kohenavocats.com\/wp-content\/uploads\/2024\/08\/louis-paulin-SYJrwRyI51E-unsplash-1.webp?resize=525%2C300&ssl=1 1.5x, https:\/\/i0.wp.com\/kohenavocats.com\/wp-content\/uploads\/2024\/08\/louis-paulin-SYJrwRyI51E-unsplash-1.webp?resize=700%2C400&ssl=1 2x, https:\/\/i0.wp.com\/kohenavocats.com\/wp-content\/uploads\/2024\/08\/louis-paulin-SYJrwRyI51E-unsplash-1.webp?resize=1050%2C600&ssl=1 3x, https:\/\/i0.wp.com\/kohenavocats.com\/wp-content\/uploads\/2024\/08\/louis-paulin-SYJrwRyI51E-unsplash-1.webp?resize=1400%2C800&ssl=1 4x"},"classes":[]},{"id":646533,"url":"https:\/\/kohenavocats.com\/zh-hans\/tribunal-judiciaire-de-amiens-le-19-aout-2025-n25-00162\/","url_meta":{"origin":662747,"position":2},"title":"Tribunal judiciaire de Amiens, le 19 ao\u00fbt 2025, n\u00b025\/00162","author":"Kohen","date":"2026\u5e744\u670822\u65e5","format":false,"excerpt":"Le tribunal judiciaire d\u2019Amiens, statuant en r\u00e9f\u00e9r\u2026","rel":"","context":"\u5728\u201cJurisprudence\u201d\u4e2d","block_context":{"text":"Jurisprudence","link":"https:\/\/kohenavocats.com\/category\/jurisprudence\/"},"img":{"alt_text":"","src":"https:\/\/i0.wp.com\/kohenavocats.com\/wp-content\/uploads\/2024\/08\/kris-atomic-6xJ9GUbbFEo-unsplash.webp?resize=350%2C200&ssl=1","width":350,"height":200,"srcset":"https:\/\/i0.wp.com\/kohenavocats.com\/wp-content\/uploads\/2024\/08\/kris-atomic-6xJ9GUbbFEo-unsplash.webp?resize=350%2C200&ssl=1 1x, https:\/\/i0.wp.com\/kohenavocats.com\/wp-content\/uploads\/2024\/08\/kris-atomic-6xJ9GUbbFEo-unsplash.webp?resize=525%2C300&ssl=1 1.5x, https:\/\/i0.wp.com\/kohenavocats.com\/wp-content\/uploads\/2024\/08\/kris-atomic-6xJ9GUbbFEo-unsplash.webp?resize=700%2C400&ssl=1 2x, https:\/\/i0.wp.com\/kohenavocats.com\/wp-content\/uploads\/2024\/08\/kris-atomic-6xJ9GUbbFEo-unsplash.webp?resize=1050%2C600&ssl=1 3x, https:\/\/i0.wp.com\/kohenavocats.com\/wp-content\/uploads\/2024\/08\/kris-atomic-6xJ9GUbbFEo-unsplash.webp?resize=1400%2C800&ssl=1 4x"},"classes":[]},{"id":655769,"url":"https:\/\/kohenavocats.com\/zh-hans\/tribunal-judiciaire-de-montbeliard-le-30-septembre-2025-n25-00160\/","url_meta":{"origin":662747,"position":3},"title":"Tribunal judiciaire de Montb\u00e9liard, le 30 septembre 2025, n\u00b025\/00160","author":"Kohen","date":"2026\u5e744\u670823\u65e5","format":false,"excerpt":"Le juge des contentieux de la protection, statuant\u2026","rel":"","context":"\u5728\u201cJurisprudence\u201d\u4e2d","block_context":{"text":"Jurisprudence","link":"https:\/\/kohenavocats.com\/category\/jurisprudence\/"},"img":{"alt_text":"","src":"https:\/\/i0.wp.com\/kohenavocats.com\/wp-content\/uploads\/2024\/08\/pascal-bernardon-bUC0D8FFwAA-unsplash.webp?resize=350%2C200&ssl=1","width":350,"height":200,"srcset":"https:\/\/i0.wp.com\/kohenavocats.com\/wp-content\/uploads\/2024\/08\/pascal-bernardon-bUC0D8FFwAA-unsplash.webp?resize=350%2C200&ssl=1 1x, https:\/\/i0.wp.com\/kohenavocats.com\/wp-content\/uploads\/2024\/08\/pascal-bernardon-bUC0D8FFwAA-unsplash.webp?resize=525%2C300&ssl=1 1.5x, https:\/\/i0.wp.com\/kohenavocats.com\/wp-content\/uploads\/2024\/08\/pascal-bernardon-bUC0D8FFwAA-unsplash.webp?resize=700%2C400&ssl=1 2x, https:\/\/i0.wp.com\/kohenavocats.com\/wp-content\/uploads\/2024\/08\/pascal-bernardon-bUC0D8FFwAA-unsplash.webp?resize=1050%2C600&ssl=1 3x, https:\/\/i0.wp.com\/kohenavocats.com\/wp-content\/uploads\/2024\/08\/pascal-bernardon-bUC0D8FFwAA-unsplash.webp?resize=1400%2C800&ssl=1 4x"},"classes":[]},{"id":651253,"url":"https:\/\/kohenavocats.com\/zh-hans\/tribunal-judiciaire-de-grenoble-le-2-octobre-2025-n25-00281\/","url_meta":{"origin":662747,"position":4},"title":"Tribunal judiciaire de Grenoble, le 2 octobre 2025, n\u00b025\/00281","author":"Kohen","date":"2026\u5e744\u670822\u65e5","format":false,"excerpt":"Le juge des contentieux de la protection, statuant\u2026","rel":"","context":"\u5728\u201cJurisprudence\u201d\u4e2d","block_context":{"text":"Jurisprudence","link":"https:\/\/kohenavocats.com\/category\/jurisprudence\/"},"img":{"alt_text":"","src":"https:\/\/i0.wp.com\/kohenavocats.com\/wp-content\/uploads\/2024\/08\/42-north-fhO8zmW5Mpk-unsplash.webp?resize=350%2C200&ssl=1","width":350,"height":200,"srcset":"https:\/\/i0.wp.com\/kohenavocats.com\/wp-content\/uploads\/2024\/08\/42-north-fhO8zmW5Mpk-unsplash.webp?resize=350%2C200&ssl=1 1x, https:\/\/i0.wp.com\/kohenavocats.com\/wp-content\/uploads\/2024\/08\/42-north-fhO8zmW5Mpk-unsplash.webp?resize=525%2C300&ssl=1 1.5x, https:\/\/i0.wp.com\/kohenavocats.com\/wp-content\/uploads\/2024\/08\/42-north-fhO8zmW5Mpk-unsplash.webp?resize=700%2C400&ssl=1 2x, https:\/\/i0.wp.com\/kohenavocats.com\/wp-content\/uploads\/2024\/08\/42-north-fhO8zmW5Mpk-unsplash.webp?resize=1050%2C600&ssl=1 3x, https:\/\/i0.wp.com\/kohenavocats.com\/wp-content\/uploads\/2024\/08\/42-north-fhO8zmW5Mpk-unsplash.webp?resize=1400%2C800&ssl=1 4x"},"classes":[]},{"id":493479,"url":"https:\/\/kohenavocats.com\/zh-hans\/tribunal-judiciaire-de-evry-le-13-novembre-2025-n25-00326\/","url_meta":{"origin":662747,"position":5},"title":"Tribunal judiciaire de Evry, le 13 novembre 2025, n\u00b025\/00326","author":"Kohen","date":"2026\u5e744\u67088\u65e5","format":false,"excerpt":"Le tribunal judiciaire d'Evry, statuant en juge de\u2026","rel":"","context":"\u5728\u201cJurisprudence\u201d\u4e2d","block_context":{"text":"Jurisprudence","link":"https:\/\/kohenavocats.com\/category\/jurisprudence\/"},"img":{"alt_text":"","src":"https:\/\/i0.wp.com\/kohenavocats.com\/wp-content\/uploads\/2024\/11\/zyanya-citlalli-VKn4-6O9LWk-unsplash-1.webp?resize=350%2C200&ssl=1","width":350,"height":200,"srcset":"https:\/\/i0.wp.com\/kohenavocats.com\/wp-content\/uploads\/2024\/11\/zyanya-citlalli-VKn4-6O9LWk-unsplash-1.webp?resize=350%2C200&ssl=1 1x, https:\/\/i0.wp.com\/kohenavocats.com\/wp-content\/uploads\/2024\/11\/zyanya-citlalli-VKn4-6O9LWk-unsplash-1.webp?resize=525%2C300&ssl=1 1.5x, https:\/\/i0.wp.com\/kohenavocats.com\/wp-content\/uploads\/2024\/11\/zyanya-citlalli-VKn4-6O9LWk-unsplash-1.webp?resize=700%2C400&ssl=1 2x, https:\/\/i0.wp.com\/kohenavocats.com\/wp-content\/uploads\/2024\/11\/zyanya-citlalli-VKn4-6O9LWk-unsplash-1.webp?resize=1050%2C600&ssl=1 3x, https:\/\/i0.wp.com\/kohenavocats.com\/wp-content\/uploads\/2024\/11\/zyanya-citlalli-VKn4-6O9LWk-unsplash-1.webp?resize=1400%2C800&ssl=1 4x"},"classes":[]}],"jetpack_sharing_enabled":true,"_links":{"self":[{"href":"https:\/\/kohenavocats.com\/zh-hans\/wp-json\/wp\/v2\/posts\/662747","targetHints":{"allow":["GET"]}}],"collection":[{"href":"https:\/\/kohenavocats.com\/zh-hans\/wp-json\/wp\/v2\/posts"}],"about":[{"href":"https:\/\/kohenavocats.com\/zh-hans\/wp-json\/wp\/v2\/types\/post"}],"author":[{"embeddable":true,"href":"https:\/\/kohenavocats.com\/zh-hans\/wp-json\/wp\/v2\/users\/232070755"}],"replies":[{"embeddable":true,"href":"https:\/\/kohenavocats.com\/zh-hans\/wp-json\/wp\/v2\/comments?post=662747"}],"version-history":[{"count":0,"href":"https:\/\/kohenavocats.com\/zh-hans\/wp-json\/wp\/v2\/posts\/662747\/revisions"}],"wp:featuredmedia":[{"embeddable":true,"href":"https:\/\/kohenavocats.com\/zh-hans\/wp-json\/wp\/v2\/media\/4782"}],"wp:attachment":[{"href":"https:\/\/kohenavocats.com\/zh-hans\/wp-json\/wp\/v2\/media?parent=662747"}],"wp:term":[{"taxonomy":"category","embeddable":true,"href":"https:\/\/kohenavocats.com\/zh-hans\/wp-json\/wp\/v2\/categories?post=662747"},{"taxonomy":"post_tag","embeddable":true,"href":"https:\/\/kohenavocats.com\/zh-hans\/wp-json\/wp\/v2\/tags?post=662747"}],"curies":[{"name":"wp","href":"https:\/\/api.w.org\/{rel}","templated":true}]}}