{"id":663129,"date":"2026-04-23T20:43:10","date_gmt":"2026-04-23T18:43:10","guid":{"rendered":"https:\/\/kohenavocats.com\/tribunal-judiciaire-de-nantes-le-25-novembre-2025-n25-00397\/"},"modified":"2026-04-23T20:43:10","modified_gmt":"2026-04-23T18:43:10","slug":"tribunal-judiciaire-de-nantes-le-25-novembre-2025-n25-00397","status":"publish","type":"post","link":"https:\/\/kohenavocats.com\/zh-hans\/tribunal-judiciaire-de-nantes-le-25-novembre-2025-n25-00397\/","title":{"rendered":"Tribunal judiciaire de Nantes, le 25 novembre 2025, n\u00b025\/00397"},"content":{"rendered":"<div class=\"article-content\">\n<p>Le tribunal judiciaire de Nantes, statuant en la forme acc\u00e9l\u00e9r\u00e9e au fond le 25 novembre 2025, a \u00e9t\u00e9 saisi par une ancienne concubine. Elle sollicitait notamment une avance en capital sur ses droits indivis et s\u2019opposait \u00e0 la cession par son ex-concubin de ses parts \u00e0 un tiers. Le juge a accord\u00e9 une avance partielle tout en rejetant les autres demandes, d\u00e9limitant strictement les pouvoirs du pr\u00e9sident en mati\u00e8re d\u2019indivision.<\/p>\n<p>La d\u00e9limitation des pouvoirs du pr\u00e9sident en proc\u00e9dure acc\u00e9l\u00e9r\u00e9e<\/p>\n<p>La comp\u00e9tence mat\u00e9rielle limit\u00e9e du juge des r\u00e9f\u00e9r\u00e9s. Le juge rappelle que sa saisine sur le fond en proc\u00e9dure acc\u00e9l\u00e9r\u00e9e est une comp\u00e9tence d\u2019attribution. Il constate ainsi que &#8220;la pr\u00e9sente juridiction n&#8217;a pas le pouvoir de proc\u00e9der \u00e0 la liquidation des droits des indivisaires&#8221; (Sur la demande de condamnation \u00e0 paiement de cr\u00e9ances). Cette exclusion vaut \u00e9galement pour les demandes fond\u00e9es sur l\u2019article 815-5 du code civil, le juge pr\u00e9cisant que &#8220;les pouvoirs d\u00e9volus au tribunal par l&#8217;article 815-5 ne sont pas exerc\u00e9s par le pr\u00e9sident du tribunal selon la proc\u00e9dure acc\u00e9l\u00e9r\u00e9e au fond&#8221; (Sur l&#8217;opposition \u00e0 la cession de droits indivis). Cette lecture stricte cantonne son intervention aux seuls textes express\u00e9ment vis\u00e9s par l\u2019article 1380 du code de proc\u00e9dure civile.<\/p>\n<p>Le rejet des demandes d\u00e9passant le cadre de l\u2019article 815-11. L\u2019ordonnance op\u00e8re un tri rigoureux parmi les pr\u00e9tentions. La demande d\u2019autorisation de vente est rejet\u00e9e car &#8220;rien n&#8217;indique qu&#8217;il y a urgence&#8221; (Sur la demande d&#8217;autorisation de cession de l&#8217;immeuble). De m\u00eame, l\u2019opposition \u00e0 une cession de parts est jug\u00e9e irrecevable, le juge estimant que la cession &#8220;n&#8217;interdit en rien la poursuite de l&#8217;occupation privative du bien&#8221; (Sur l&#8217;opposition \u00e0 la cession de droits indivis). Cette analyse restreint l\u2019usage de l\u2019article 815-9 aux seules mesures d\u2019usage et de jouissance, excluant tout blocage d\u2019une cession r\u00e9guli\u00e8re.<\/p>\n<p>L\u2019octroi mesur\u00e9 d\u2019une avance en capital sur fonds disponibles<\/p>\n<p>La qualification souple de la notion de fonds disponibles. Le juge retient une conception pragmatique de cette condition. Il estime qu\u2019une somme d\u00e9tenue par un notaire suite \u00e0 une vente ant\u00e9rieure &#8220;peut \u00eatre qualifi\u00e9e de fonds disponibles&#8221; (Sur la demande d&#8217;avance en capital). Cette approche facilite l\u2019application de l\u2019article 815-11 en \u00e9largissant la source de l\u2019avance au-del\u00e0 des liquidit\u00e9s strictement d\u00e9tenues en indivision. Elle permet une r\u00e9ponse concr\u00e8te aux besoins de tr\u00e9sorerie d\u2019un indivisaire sans attendre le partage d\u00e9finitif.<\/p>\n<p>L\u2019int\u00e9gration d\u2019une cr\u00e9ance certaine dans le calcul de l\u2019avance. La d\u00e9cision op\u00e8re une consolidation partielle des litiges en tenant compte d\u2019une dette incontest\u00e9e. Le juge note qu\u2019&#8221;une cr\u00e9ance de ce montant sur son ex-concubin, dont rien ne s&#8217;oppose \u00e0 ce qu&#8217;elle soit pr\u00e9lev\u00e9e sur les fonds disponibles&#8221; (Sur la demande d&#8217;avance en capital). Cette cr\u00e9ance certaine est directement d\u00e9duite avant le partage par moiti\u00e9 du solde. Cette m\u00e9thode prot\u00e8ge le cr\u00e9ancier tout en pr\u00e9servant les droits de l\u2019autre partie sur les cr\u00e9ances contest\u00e9es, que le juge refuse de liquider.<\/p>\n<p>La port\u00e9e de cette ordonnance est double. Elle rappelle avec fermet\u00e9 les limites proc\u00e9durales de la comp\u00e9dence du pr\u00e9sident, refusant d\u2019empi\u00e9ter sur le r\u00f4le du juge du fond. Simultan\u00e9ment, elle fait preuve d\u2019une grande pragmatisme dans l\u2019application de l\u2019article 815-11, utilisant la marge d\u2019appr\u00e9ciation du juge pour apurer une dette certaine et accorder une avance. Cette solution \u00e9quilibre l\u2019efficacit\u00e9 de la proc\u00e9dure acc\u00e9l\u00e9r\u00e9e et le respect des droits de la d\u00e9fense dans un contentieux familial complexe.<\/p>\n<\/div>\n","protected":false},"excerpt":{"rendered":"<p>Le tribunal judiciaire de Nantes, statuant en la forme acc\u00e9l\u00e9r\u00e9e au fond le 25 novembre 2025, a \u00e9t\u00e9 saisi par une ancienne concubine. Elle sollicitait notamm&#8230;<\/p>\n","protected":false},"author":232070755,"featured_media":9724,"comment_status":"open","ping_status":"open","sticky":false,"template":"","format":"standard","meta":{"_crdt_document":"","_jetpack_newsletter_access":"","_jetpack_dont_email_post_to_subs":false,"_jetpack_newsletter_tier_id":0,"_jetpack_memberships_contains_paywalled_content":false,"_kj_source_type":"judilibre","_kj_official_id":"68ded2ff6af9fd1f8095c3a1","_kj_official_url":"https:\/\/www.courdecassation.fr\/decision\/68ded2ff6af9fd1f8095c3a1","_kj_judilibre_id":"68ded2ff6af9fd1f8095c3a1","_kj_jur":"Tribunal judiciaire","_kj_lieu":"Tribunal judiciaire de Nantes","_kj_chambre":"R\u00e9f\u00e9r\u00e9 pr\u00e9sident","_kj_rg":"25\/00397","_kj_date":"2025-09-25","_jetpack_memberships_contains_paid_content":false,"footnotes":"","jetpack_post_was_ever_published":false},"categories":[7597],"tags":[],"class_list":["post-663129","post","type-post","status-publish","format-standard","has-post-thumbnail","hentry","category-jurisprudence"],"yoast_head":"<!-- This site is optimized with the Yoast SEO Premium plugin v27.5 (Yoast SEO v27.5) - https:\/\/yoast.com\/product\/yoast-seo-premium-wordpress\/ -->\n<title>Tribunal judiciaire de Nantes, le 25 novembre 2025, n\u00b025\/00397 - Ma\u00eetre Hassan Kohen, avocat en droit p\u00e9nal \u00e0 Paris<\/title>\n<meta name=\"description\" content=\"Le tribunal judiciaire de Nantes, statuant en la forme acc\u00e9l\u00e9r\u00e9e au fond le 25 novembre 2025, a \u00e9t\u00e9 saisi par une ancienne concubine. Elle sollicitait notamm...\" \/>\n<meta name=\"robots\" content=\"index, follow, max-snippet:-1, max-image-preview:large, max-video-preview:-1\" \/>\n<link rel=\"canonical\" href=\"https:\/\/kohenavocats.com\/zh-hans\/tribunal-judiciaire-de-nantes-le-25-novembre-2025-n25-00397\/\" \/>\n<meta property=\"og:locale\" content=\"zh_CN\" \/>\n<meta property=\"og:type\" content=\"article\" \/>\n<meta property=\"og:title\" content=\"Tribunal judiciaire de Nantes, le 25 novembre 2025, n\u00b025\/00397\" \/>\n<meta property=\"og:description\" content=\"Le tribunal judiciaire de Nantes, statuant en la forme acc\u00e9l\u00e9r\u00e9e au fond le 25 novembre 2025, a \u00e9t\u00e9 saisi par une ancienne concubine. Elle sollicitait notamm...\" \/>\n<meta property=\"og:url\" content=\"https:\/\/kohenavocats.com\/zh-hans\/tribunal-judiciaire-de-nantes-le-25-novembre-2025-n25-00397\/\" \/>\n<meta property=\"og:site_name\" content=\"Ma\u00eetre Hassan Kohen, avocat en droit p\u00e9nal \u00e0 Paris\" \/>\n<meta property=\"article:published_time\" content=\"2026-04-23T18:43:10+00:00\" \/>\n<meta property=\"og:image\" content=\"https:\/\/kohenavocats.com\/wp-content\/uploads\/2024\/11\/getty-images-IP1sG-uokus-unsplash.webp\" \/>\n\t<meta property=\"og:image:width\" content=\"5042\" \/>\n\t<meta property=\"og:image:height\" content=\"3361\" \/>\n\t<meta property=\"og:image:type\" content=\"image\/webp\" \/>\n<meta name=\"author\" content=\"Kohen\" \/>\n<meta name=\"twitter:card\" content=\"summary_large_image\" \/>\n<meta name=\"twitter:label1\" content=\"\u4f5c\u8005\" \/>\n\t<meta name=\"twitter:data1\" content=\"Kohen\" \/>\n\t<meta name=\"twitter:label2\" content=\"\u9884\u8ba1\u9605\u8bfb\u65f6\u95f4\" \/>\n\t<meta name=\"twitter:data2\" content=\"3 \u5206\" \/>\n<script type=\"application\/ld+json\" class=\"yoast-schema-graph\">{\"@context\":\"https:\\\/\\\/schema.org\",\"@graph\":[{\"@type\":\"Article\",\"@id\":\"https:\\\/\\\/kohenavocats.com\\\/zh-hans\\\/tribunal-judiciaire-de-nantes-le-25-novembre-2025-n25-00397\\\/#article\",\"isPartOf\":{\"@id\":\"https:\\\/\\\/kohenavocats.com\\\/zh-hans\\\/tribunal-judiciaire-de-nantes-le-25-novembre-2025-n25-00397\\\/\"},\"author\":{\"name\":\"Kohen\",\"@id\":\"https:\\\/\\\/kohenavocats.com\\\/zh-hans\\\/#\\\/schema\\\/person\\\/761c9ba54fa1ca84d405cef0831ff751\"},\"headline\":\"Tribunal judiciaire de Nantes, le 25 novembre 2025, n\u00b025\\\/00397\",\"datePublished\":\"2026-04-23T18:43:10+00:00\",\"mainEntityOfPage\":{\"@id\":\"https:\\\/\\\/kohenavocats.com\\\/zh-hans\\\/tribunal-judiciaire-de-nantes-le-25-novembre-2025-n25-00397\\\/\"},\"wordCount\":673,\"commentCount\":0,\"publisher\":{\"@id\":\"https:\\\/\\\/kohenavocats.com\\\/zh-hans\\\/#organization\"},\"image\":{\"@id\":\"https:\\\/\\\/kohenavocats.com\\\/zh-hans\\\/tribunal-judiciaire-de-nantes-le-25-novembre-2025-n25-00397\\\/#primaryimage\"},\"thumbnailUrl\":\"https:\\\/\\\/kohenavocats.com\\\/wp-content\\\/uploads\\\/2024\\\/11\\\/getty-images-IP1sG-uokus-unsplash.webp\",\"articleSection\":[\"Jurisprudence\"],\"inLanguage\":\"zh-Hans\",\"potentialAction\":[{\"@type\":\"CommentAction\",\"name\":\"Comment\",\"target\":[\"https:\\\/\\\/kohenavocats.com\\\/zh-hans\\\/tribunal-judiciaire-de-nantes-le-25-novembre-2025-n25-00397\\\/#respond\"]}],\"citation\":\"Tribunal judiciaire de Nantes, le 25 novembre 2025, n\u00b025\\\/00397\",\"about\":[{\"@type\":\"Thing\",\"name\":\"Jurisprudence\"}],\"dateModified\":\"2026-04-23T18:43:10+00:00\",\"speakable\":{\"@type\":\"SpeakableSpecification\",\"cssSelector\":[\".article-content > p:first-of-type\"]}},{\"@type\":\"WebPage\",\"@id\":\"https:\\\/\\\/kohenavocats.com\\\/zh-hans\\\/tribunal-judiciaire-de-nantes-le-25-novembre-2025-n25-00397\\\/\",\"url\":\"https:\\\/\\\/kohenavocats.com\\\/zh-hans\\\/tribunal-judiciaire-de-nantes-le-25-novembre-2025-n25-00397\\\/\",\"name\":\"Tribunal judiciaire de Nantes, le 25 novembre 2025, n\u00b025\\\/00397 - Ma\u00eetre Hassan Kohen, avocat en droit p\u00e9nal \u00e0 Paris\",\"isPartOf\":{\"@id\":\"https:\\\/\\\/kohenavocats.com\\\/zh-hans\\\/#website\"},\"primaryImageOfPage\":{\"@id\":\"https:\\\/\\\/kohenavocats.com\\\/zh-hans\\\/tribunal-judiciaire-de-nantes-le-25-novembre-2025-n25-00397\\\/#primaryimage\"},\"image\":{\"@id\":\"https:\\\/\\\/kohenavocats.com\\\/zh-hans\\\/tribunal-judiciaire-de-nantes-le-25-novembre-2025-n25-00397\\\/#primaryimage\"},\"thumbnailUrl\":\"https:\\\/\\\/kohenavocats.com\\\/wp-content\\\/uploads\\\/2024\\\/11\\\/getty-images-IP1sG-uokus-unsplash.webp\",\"datePublished\":\"2026-04-23T18:43:10+00:00\",\"description\":\"Le tribunal judiciaire de Nantes, statuant en la forme acc\u00e9l\u00e9r\u00e9e au fond le 25 novembre 2025, a \u00e9t\u00e9 saisi par une ancienne concubine. Elle sollicitait notamm...\",\"breadcrumb\":{\"@id\":\"https:\\\/\\\/kohenavocats.com\\\/zh-hans\\\/tribunal-judiciaire-de-nantes-le-25-novembre-2025-n25-00397\\\/#breadcrumb\"},\"inLanguage\":\"zh-Hans\",\"potentialAction\":[{\"@type\":\"ReadAction\",\"target\":[\"https:\\\/\\\/kohenavocats.com\\\/zh-hans\\\/tribunal-judiciaire-de-nantes-le-25-novembre-2025-n25-00397\\\/\"]}]},{\"@type\":\"ImageObject\",\"inLanguage\":\"zh-Hans\",\"@id\":\"https:\\\/\\\/kohenavocats.com\\\/zh-hans\\\/tribunal-judiciaire-de-nantes-le-25-novembre-2025-n25-00397\\\/#primaryimage\",\"url\":\"https:\\\/\\\/kohenavocats.com\\\/wp-content\\\/uploads\\\/2024\\\/11\\\/getty-images-IP1sG-uokus-unsplash.webp\",\"contentUrl\":\"https:\\\/\\\/kohenavocats.com\\\/wp-content\\\/uploads\\\/2024\\\/11\\\/getty-images-IP1sG-uokus-unsplash.webp\",\"width\":5042,\"height\":3361},{\"@type\":\"BreadcrumbList\",\"@id\":\"https:\\\/\\\/kohenavocats.com\\\/zh-hans\\\/tribunal-judiciaire-de-nantes-le-25-novembre-2025-n25-00397\\\/#breadcrumb\",\"itemListElement\":[{\"@type\":\"ListItem\",\"position\":1,\"name\":\"Home\",\"item\":\"https:\\\/\\\/kohenavocats.com\\\/zh-hans\\\/\"},{\"@type\":\"ListItem\",\"position\":2,\"name\":\"Tribunal judiciaire de Nantes, le 25 novembre 2025, n\u00b025\\\/00397\"}]},{\"@type\":\"WebSite\",\"@id\":\"https:\\\/\\\/kohenavocats.com\\\/zh-hans\\\/#website\",\"url\":\"https:\\\/\\\/kohenavocats.com\\\/zh-hans\\\/\",\"name\":\"Kohen Avocats\",\"description\":\"Ma\u00eetre Hassan Kohen, avocat p\u00e9naliste \u00e0 Paris, intervient exclusivement en droit p\u00e9nal pour la d\u00e9fense des particuliers, notamment en mati\u00e8re d\u2019accusations de viol. Il assure un accompagnement rigoureux d\u00e8s la garde \u00e0 vue jusqu\u2019\u00e0 la Cour d\u2019assises, veillant au strict respect des garanties proc\u00e9durales.\",\"publisher\":{\"@id\":\"https:\\\/\\\/kohenavocats.com\\\/zh-hans\\\/#organization\"},\"potentialAction\":[{\"@type\":\"SearchAction\",\"target\":{\"@type\":\"EntryPoint\",\"urlTemplate\":\"https:\\\/\\\/kohenavocats.com\\\/zh-hans\\\/?s={search_term_string}\"},\"query-input\":{\"@type\":\"PropertyValueSpecification\",\"valueRequired\":true,\"valueName\":\"search_term_string\"}}],\"inLanguage\":\"zh-Hans\"},{\"@type\":\"Organization\",\"@id\":\"https:\\\/\\\/kohenavocats.com\\\/zh-hans\\\/#organization\",\"name\":\"Kohen Avocats\",\"url\":\"https:\\\/\\\/kohenavocats.com\\\/zh-hans\\\/\",\"logo\":{\"@type\":\"ImageObject\",\"inLanguage\":\"zh-Hans\",\"@id\":\"https:\\\/\\\/kohenavocats.com\\\/zh-hans\\\/#\\\/schema\\\/logo\\\/image\\\/\",\"url\":\"https:\\\/\\\/kohenavocats.com\\\/wp-content\\\/uploads\\\/2026\\\/01\\\/Logo-2-1.webp\",\"contentUrl\":\"https:\\\/\\\/kohenavocats.com\\\/wp-content\\\/uploads\\\/2026\\\/01\\\/Logo-2-1.webp\",\"width\":2114,\"height\":1253,\"caption\":\"Kohen Avocats\"},\"image\":{\"@id\":\"https:\\\/\\\/kohenavocats.com\\\/zh-hans\\\/#\\\/schema\\\/logo\\\/image\\\/\"}},{\"@type\":\"Person\",\"@id\":\"https:\\\/\\\/kohenavocats.com\\\/zh-hans\\\/#\\\/schema\\\/person\\\/761c9ba54fa1ca84d405cef0831ff751\",\"name\":\"Kohen\",\"image\":{\"@type\":\"ImageObject\",\"inLanguage\":\"zh-Hans\",\"@id\":\"https:\\\/\\\/secure.gravatar.com\\\/avatar\\\/1c5e76ef76bbbfdd2b4da984e2bf2fa4056fd51a27d25ce2c332047f1dfd6e00?s=96&d=identicon&r=g\",\"url\":\"https:\\\/\\\/secure.gravatar.com\\\/avatar\\\/1c5e76ef76bbbfdd2b4da984e2bf2fa4056fd51a27d25ce2c332047f1dfd6e00?s=96&d=identicon&r=g\",\"contentUrl\":\"https:\\\/\\\/secure.gravatar.com\\\/avatar\\\/1c5e76ef76bbbfdd2b4da984e2bf2fa4056fd51a27d25ce2c332047f1dfd6e00?s=96&d=identicon&r=g\",\"caption\":\"Kohen\"},\"sameAs\":[\"https:\\\/\\\/www.linkedin.com\\\/in\\\/hassan-kohen-448548192\\\/\",\"https:\\\/\\\/www.youtube.com\\\/@Kohen-Avocats\"],\"url\":\"https:\\\/\\\/kohenavocats.com\\\/zh-hans\\\/author\\\/kohenmlk\\\/\"}]}<\/script>\n<!-- \/ Yoast SEO Premium plugin. -->","yoast_head_json":{"title":"Tribunal judiciaire de Nantes, le 25 novembre 2025, n\u00b025\/00397 - Ma\u00eetre Hassan Kohen, avocat en droit p\u00e9nal \u00e0 Paris","description":"Le tribunal judiciaire de Nantes, statuant en la forme acc\u00e9l\u00e9r\u00e9e au fond le 25 novembre 2025, a \u00e9t\u00e9 saisi par une ancienne concubine. Elle sollicitait notamm...","robots":{"index":"index","follow":"follow","max-snippet":"max-snippet:-1","max-image-preview":"max-image-preview:large","max-video-preview":"max-video-preview:-1"},"canonical":"https:\/\/kohenavocats.com\/zh-hans\/tribunal-judiciaire-de-nantes-le-25-novembre-2025-n25-00397\/","og_locale":"zh_CN","og_type":"article","og_title":"Tribunal judiciaire de Nantes, le 25 novembre 2025, n\u00b025\/00397","og_description":"Le tribunal judiciaire de Nantes, statuant en la forme acc\u00e9l\u00e9r\u00e9e au fond le 25 novembre 2025, a \u00e9t\u00e9 saisi par une ancienne concubine. Elle sollicitait notamm...","og_url":"https:\/\/kohenavocats.com\/zh-hans\/tribunal-judiciaire-de-nantes-le-25-novembre-2025-n25-00397\/","og_site_name":"Ma\u00eetre Hassan Kohen, avocat en droit p\u00e9nal \u00e0 Paris","article_published_time":"2026-04-23T18:43:10+00:00","og_image":[{"width":5042,"height":3361,"url":"https:\/\/kohenavocats.com\/wp-content\/uploads\/2024\/11\/getty-images-IP1sG-uokus-unsplash.webp","type":"image\/webp"}],"author":"Kohen","twitter_card":"summary_large_image","twitter_misc":{"\u4f5c\u8005":"Kohen","\u9884\u8ba1\u9605\u8bfb\u65f6\u95f4":"3 \u5206"},"schema":{"@context":"https:\/\/schema.org","@graph":[{"@type":"Article","@id":"https:\/\/kohenavocats.com\/zh-hans\/tribunal-judiciaire-de-nantes-le-25-novembre-2025-n25-00397\/#article","isPartOf":{"@id":"https:\/\/kohenavocats.com\/zh-hans\/tribunal-judiciaire-de-nantes-le-25-novembre-2025-n25-00397\/"},"author":{"name":"Kohen","@id":"https:\/\/kohenavocats.com\/zh-hans\/#\/schema\/person\/761c9ba54fa1ca84d405cef0831ff751"},"headline":"Tribunal judiciaire de Nantes, le 25 novembre 2025, n\u00b025\/00397","datePublished":"2026-04-23T18:43:10+00:00","mainEntityOfPage":{"@id":"https:\/\/kohenavocats.com\/zh-hans\/tribunal-judiciaire-de-nantes-le-25-novembre-2025-n25-00397\/"},"wordCount":673,"commentCount":0,"publisher":{"@id":"https:\/\/kohenavocats.com\/zh-hans\/#organization"},"image":{"@id":"https:\/\/kohenavocats.com\/zh-hans\/tribunal-judiciaire-de-nantes-le-25-novembre-2025-n25-00397\/#primaryimage"},"thumbnailUrl":"https:\/\/kohenavocats.com\/wp-content\/uploads\/2024\/11\/getty-images-IP1sG-uokus-unsplash.webp","articleSection":["Jurisprudence"],"inLanguage":"zh-Hans","potentialAction":[{"@type":"CommentAction","name":"Comment","target":["https:\/\/kohenavocats.com\/zh-hans\/tribunal-judiciaire-de-nantes-le-25-novembre-2025-n25-00397\/#respond"]}],"citation":"Tribunal judiciaire de Nantes, le 25 novembre 2025, n\u00b025\/00397","about":[{"@type":"Thing","name":"Jurisprudence"}],"dateModified":"2026-04-23T18:43:10+00:00","speakable":{"@type":"SpeakableSpecification","cssSelector":[".article-content > p:first-of-type"]}},{"@type":"WebPage","@id":"https:\/\/kohenavocats.com\/zh-hans\/tribunal-judiciaire-de-nantes-le-25-novembre-2025-n25-00397\/","url":"https:\/\/kohenavocats.com\/zh-hans\/tribunal-judiciaire-de-nantes-le-25-novembre-2025-n25-00397\/","name":"Tribunal judiciaire de Nantes, le 25 novembre 2025, n\u00b025\/00397 - Ma\u00eetre Hassan Kohen, avocat en droit p\u00e9nal \u00e0 Paris","isPartOf":{"@id":"https:\/\/kohenavocats.com\/zh-hans\/#website"},"primaryImageOfPage":{"@id":"https:\/\/kohenavocats.com\/zh-hans\/tribunal-judiciaire-de-nantes-le-25-novembre-2025-n25-00397\/#primaryimage"},"image":{"@id":"https:\/\/kohenavocats.com\/zh-hans\/tribunal-judiciaire-de-nantes-le-25-novembre-2025-n25-00397\/#primaryimage"},"thumbnailUrl":"https:\/\/kohenavocats.com\/wp-content\/uploads\/2024\/11\/getty-images-IP1sG-uokus-unsplash.webp","datePublished":"2026-04-23T18:43:10+00:00","description":"Le tribunal judiciaire de Nantes, statuant en la forme acc\u00e9l\u00e9r\u00e9e au fond le 25 novembre 2025, a \u00e9t\u00e9 saisi par une ancienne concubine. Elle sollicitait notamm...","breadcrumb":{"@id":"https:\/\/kohenavocats.com\/zh-hans\/tribunal-judiciaire-de-nantes-le-25-novembre-2025-n25-00397\/#breadcrumb"},"inLanguage":"zh-Hans","potentialAction":[{"@type":"ReadAction","target":["https:\/\/kohenavocats.com\/zh-hans\/tribunal-judiciaire-de-nantes-le-25-novembre-2025-n25-00397\/"]}]},{"@type":"ImageObject","inLanguage":"zh-Hans","@id":"https:\/\/kohenavocats.com\/zh-hans\/tribunal-judiciaire-de-nantes-le-25-novembre-2025-n25-00397\/#primaryimage","url":"https:\/\/kohenavocats.com\/wp-content\/uploads\/2024\/11\/getty-images-IP1sG-uokus-unsplash.webp","contentUrl":"https:\/\/kohenavocats.com\/wp-content\/uploads\/2024\/11\/getty-images-IP1sG-uokus-unsplash.webp","width":5042,"height":3361},{"@type":"BreadcrumbList","@id":"https:\/\/kohenavocats.com\/zh-hans\/tribunal-judiciaire-de-nantes-le-25-novembre-2025-n25-00397\/#breadcrumb","itemListElement":[{"@type":"ListItem","position":1,"name":"Home","item":"https:\/\/kohenavocats.com\/zh-hans\/"},{"@type":"ListItem","position":2,"name":"Tribunal judiciaire de Nantes, le 25 novembre 2025, n\u00b025\/00397"}]},{"@type":"WebSite","@id":"https:\/\/kohenavocats.com\/zh-hans\/#website","url":"https:\/\/kohenavocats.com\/zh-hans\/","name":"Kohen Avocats","description":"Ma\u00eetre Hassan Kohen, avocat p\u00e9naliste \u00e0 Paris, intervient exclusivement en droit p\u00e9nal pour la d\u00e9fense des particuliers, notamment en mati\u00e8re d\u2019accusations de viol. Il assure un accompagnement rigoureux d\u00e8s la garde \u00e0 vue jusqu\u2019\u00e0 la Cour d\u2019assises, veillant au strict respect des garanties proc\u00e9durales.","publisher":{"@id":"https:\/\/kohenavocats.com\/zh-hans\/#organization"},"potentialAction":[{"@type":"SearchAction","target":{"@type":"EntryPoint","urlTemplate":"https:\/\/kohenavocats.com\/zh-hans\/?s={search_term_string}"},"query-input":{"@type":"PropertyValueSpecification","valueRequired":true,"valueName":"search_term_string"}}],"inLanguage":"zh-Hans"},{"@type":"Organization","@id":"https:\/\/kohenavocats.com\/zh-hans\/#organization","name":"Kohen Avocats","url":"https:\/\/kohenavocats.com\/zh-hans\/","logo":{"@type":"ImageObject","inLanguage":"zh-Hans","@id":"https:\/\/kohenavocats.com\/zh-hans\/#\/schema\/logo\/image\/","url":"https:\/\/kohenavocats.com\/wp-content\/uploads\/2026\/01\/Logo-2-1.webp","contentUrl":"https:\/\/kohenavocats.com\/wp-content\/uploads\/2026\/01\/Logo-2-1.webp","width":2114,"height":1253,"caption":"Kohen Avocats"},"image":{"@id":"https:\/\/kohenavocats.com\/zh-hans\/#\/schema\/logo\/image\/"}},{"@type":"Person","@id":"https:\/\/kohenavocats.com\/zh-hans\/#\/schema\/person\/761c9ba54fa1ca84d405cef0831ff751","name":"Kohen","image":{"@type":"ImageObject","inLanguage":"zh-Hans","@id":"https:\/\/secure.gravatar.com\/avatar\/1c5e76ef76bbbfdd2b4da984e2bf2fa4056fd51a27d25ce2c332047f1dfd6e00?s=96&d=identicon&r=g","url":"https:\/\/secure.gravatar.com\/avatar\/1c5e76ef76bbbfdd2b4da984e2bf2fa4056fd51a27d25ce2c332047f1dfd6e00?s=96&d=identicon&r=g","contentUrl":"https:\/\/secure.gravatar.com\/avatar\/1c5e76ef76bbbfdd2b4da984e2bf2fa4056fd51a27d25ce2c332047f1dfd6e00?s=96&d=identicon&r=g","caption":"Kohen"},"sameAs":["https:\/\/www.linkedin.com\/in\/hassan-kohen-448548192\/","https:\/\/www.youtube.com\/@Kohen-Avocats"],"url":"https:\/\/kohenavocats.com\/zh-hans\/author\/kohenmlk\/"}]}},"jetpack_featured_media_url":"https:\/\/kohenavocats.com\/wp-content\/uploads\/2024\/11\/getty-images-IP1sG-uokus-unsplash.webp","jetpack_likes_enabled":false,"jetpack_shortlink":"https:\/\/wp.me\/peCrII-2MvD","jetpack-related-posts":[{"id":542615,"url":"https:\/\/kohenavocats.com\/zh-hans\/tribunal-judiciaire-de-nantes-le-25-septembre-2025-n25-00397\/","url_meta":{"origin":663129,"position":0},"title":"Tribunal judiciaire de Nantes, le 25 septembre 2025, n\u00b025\/00397","author":"Kohen","date":"2026\u5e744\u67089\u65e5","format":false,"excerpt":"Le tribunal judiciaire de Nantes, statuant en la f\u2026","rel":"","context":"\u5728\u201cD\u00e9cisions juridiques\u201d\u4e2d","block_context":{"text":"D\u00e9cisions juridiques","link":"https:\/\/kohenavocats.com\/category\/decisions-juridiques\/"},"img":{"alt_text":"","src":"https:\/\/i0.wp.com\/kohenavocats.com\/wp-content\/uploads\/2024\/11\/mohamed-nohassi-IriAhed60QU-unsplash.webp?resize=350%2C200&ssl=1","width":350,"height":200,"srcset":"https:\/\/i0.wp.com\/kohenavocats.com\/wp-content\/uploads\/2024\/11\/mohamed-nohassi-IriAhed60QU-unsplash.webp?resize=350%2C200&ssl=1 1x, https:\/\/i0.wp.com\/kohenavocats.com\/wp-content\/uploads\/2024\/11\/mohamed-nohassi-IriAhed60QU-unsplash.webp?resize=525%2C300&ssl=1 1.5x, https:\/\/i0.wp.com\/kohenavocats.com\/wp-content\/uploads\/2024\/11\/mohamed-nohassi-IriAhed60QU-unsplash.webp?resize=700%2C400&ssl=1 2x, https:\/\/i0.wp.com\/kohenavocats.com\/wp-content\/uploads\/2024\/11\/mohamed-nohassi-IriAhed60QU-unsplash.webp?resize=1050%2C600&ssl=1 3x, https:\/\/i0.wp.com\/kohenavocats.com\/wp-content\/uploads\/2024\/11\/mohamed-nohassi-IriAhed60QU-unsplash.webp?resize=1400%2C800&ssl=1 4x"},"classes":[]},{"id":644322,"url":"https:\/\/kohenavocats.com\/zh-hans\/tribunal-judiciaire-de-charleville-mezieres-le-15-janvier-2026-n25-00046\/","url_meta":{"origin":663129,"position":1},"title":"Tribunal judiciaire de Charleville-M\u00e9zi\u00e8res, le 15 janvier 2026, n\u00b025\/00046","author":"Kohen","date":"2026\u5e744\u670822\u65e5","format":false,"excerpt":"Le pr\u00e9sident du tribunal judiciaire de Charleville\u2026","rel":"","context":"\u5728\u201cJurisprudence\u201d\u4e2d","block_context":{"text":"Jurisprudence","link":"https:\/\/kohenavocats.com\/category\/jurisprudence\/"},"img":{"alt_text":"","src":"https:\/\/i0.wp.com\/kohenavocats.com\/wp-content\/uploads\/2024\/07\/colin-lloyd-_JEiyOfC2y8-unsplash.webp?resize=350%2C200&ssl=1","width":350,"height":200,"srcset":"https:\/\/i0.wp.com\/kohenavocats.com\/wp-content\/uploads\/2024\/07\/colin-lloyd-_JEiyOfC2y8-unsplash.webp?resize=350%2C200&ssl=1 1x, https:\/\/i0.wp.com\/kohenavocats.com\/wp-content\/uploads\/2024\/07\/colin-lloyd-_JEiyOfC2y8-unsplash.webp?resize=525%2C300&ssl=1 1.5x, https:\/\/i0.wp.com\/kohenavocats.com\/wp-content\/uploads\/2024\/07\/colin-lloyd-_JEiyOfC2y8-unsplash.webp?resize=700%2C400&ssl=1 2x, https:\/\/i0.wp.com\/kohenavocats.com\/wp-content\/uploads\/2024\/07\/colin-lloyd-_JEiyOfC2y8-unsplash.webp?resize=1050%2C600&ssl=1 3x, https:\/\/i0.wp.com\/kohenavocats.com\/wp-content\/uploads\/2024\/07\/colin-lloyd-_JEiyOfC2y8-unsplash.webp?resize=1400%2C800&ssl=1 4x"},"classes":[]},{"id":626005,"url":"https:\/\/kohenavocats.com\/zh-hans\/tribunal-judiciaire-de-grenoble-le-13-juin-2025-n25-01038\/","url_meta":{"origin":663129,"position":2},"title":"Tribunal judiciaire de Grenoble, le 13 juin 2025, n\u00b025\/01038","author":"Kohen","date":"2026\u5e744\u670820\u65e5","format":false,"excerpt":"Le pr\u00e9sident du tribunal judiciaire de Paris, stat\u2026","rel":"","context":"\u5728\u201cJurisprudence\u201d\u4e2d","block_context":{"text":"Jurisprudence","link":"https:\/\/kohenavocats.com\/category\/jurisprudence\/"},"img":{"alt_text":"","src":"https:\/\/i0.wp.com\/kohenavocats.com\/wp-content\/uploads\/2024\/08\/leonhard-niederwimmer-GOqi8yEDEsE-unsplash.webp?resize=350%2C200&ssl=1","width":350,"height":200,"srcset":"https:\/\/i0.wp.com\/kohenavocats.com\/wp-content\/uploads\/2024\/08\/leonhard-niederwimmer-GOqi8yEDEsE-unsplash.webp?resize=350%2C200&ssl=1 1x, https:\/\/i0.wp.com\/kohenavocats.com\/wp-content\/uploads\/2024\/08\/leonhard-niederwimmer-GOqi8yEDEsE-unsplash.webp?resize=525%2C300&ssl=1 1.5x, https:\/\/i0.wp.com\/kohenavocats.com\/wp-content\/uploads\/2024\/08\/leonhard-niederwimmer-GOqi8yEDEsE-unsplash.webp?resize=700%2C400&ssl=1 2x, https:\/\/i0.wp.com\/kohenavocats.com\/wp-content\/uploads\/2024\/08\/leonhard-niederwimmer-GOqi8yEDEsE-unsplash.webp?resize=1050%2C600&ssl=1 3x, https:\/\/i0.wp.com\/kohenavocats.com\/wp-content\/uploads\/2024\/08\/leonhard-niederwimmer-GOqi8yEDEsE-unsplash.webp?resize=1400%2C800&ssl=1 4x"},"classes":[]},{"id":632837,"url":"https:\/\/kohenavocats.com\/zh-hans\/tribunal-judiciaire-de-nancy-le-12-decembre-2025-n25-00174\/","url_meta":{"origin":663129,"position":3},"title":"Tribunal judiciaire de Nancy, le 12 d\u00e9cembre 2025, n\u00b025\/00174","author":"Kohen","date":"2026\u5e744\u670821\u65e5","format":false,"excerpt":"Le tribunal judiciaire, statuant selon la proc\u00e9dur\u2026","rel":"","context":"\u5728\u201cJurisprudence\u201d\u4e2d","block_context":{"text":"Jurisprudence","link":"https:\/\/kohenavocats.com\/category\/jurisprudence\/"},"img":{"alt_text":"","src":"https:\/\/i0.wp.com\/kohenavocats.com\/wp-content\/uploads\/2024\/07\/giammarco-boscaro-xLhKkk2tKkA-unsplash.webp?resize=350%2C200&ssl=1","width":350,"height":200,"srcset":"https:\/\/i0.wp.com\/kohenavocats.com\/wp-content\/uploads\/2024\/07\/giammarco-boscaro-xLhKkk2tKkA-unsplash.webp?resize=350%2C200&ssl=1 1x, https:\/\/i0.wp.com\/kohenavocats.com\/wp-content\/uploads\/2024\/07\/giammarco-boscaro-xLhKkk2tKkA-unsplash.webp?resize=525%2C300&ssl=1 1.5x, https:\/\/i0.wp.com\/kohenavocats.com\/wp-content\/uploads\/2024\/07\/giammarco-boscaro-xLhKkk2tKkA-unsplash.webp?resize=700%2C400&ssl=1 2x, https:\/\/i0.wp.com\/kohenavocats.com\/wp-content\/uploads\/2024\/07\/giammarco-boscaro-xLhKkk2tKkA-unsplash.webp?resize=1050%2C600&ssl=1 3x, https:\/\/i0.wp.com\/kohenavocats.com\/wp-content\/uploads\/2024\/07\/giammarco-boscaro-xLhKkk2tKkA-unsplash.webp?resize=1400%2C800&ssl=1 4x"},"classes":[]},{"id":445156,"url":"https:\/\/kohenavocats.com\/zh-hans\/tribunal-judiciaire-le-14-aout-2025-n25-00665\/","url_meta":{"origin":663129,"position":4},"title":"Tribunal judiciaire, le 14 ao\u00fbt 2025, n\u00b025\/00665","author":"","date":"2026\u5e744\u67084\u65e5","format":false,"excerpt":"Le Tribunal judiciaire de Nantes, statuant selon l\u2026","rel":"","context":"\u5728\u201cD\u00e9cisions juridiques\u201d\u4e2d","block_context":{"text":"D\u00e9cisions juridiques","link":"https:\/\/kohenavocats.com\/category\/decisions-juridiques\/"},"img":{"alt_text":"","src":"https:\/\/i0.wp.com\/kohenavocats.com\/wp-content\/uploads\/2024\/08\/joshua-coleman-FYev7eaTcRE-unsplash.webp?resize=350%2C200&ssl=1","width":350,"height":200,"srcset":"https:\/\/i0.wp.com\/kohenavocats.com\/wp-content\/uploads\/2024\/08\/joshua-coleman-FYev7eaTcRE-unsplash.webp?resize=350%2C200&ssl=1 1x, https:\/\/i0.wp.com\/kohenavocats.com\/wp-content\/uploads\/2024\/08\/joshua-coleman-FYev7eaTcRE-unsplash.webp?resize=525%2C300&ssl=1 1.5x, https:\/\/i0.wp.com\/kohenavocats.com\/wp-content\/uploads\/2024\/08\/joshua-coleman-FYev7eaTcRE-unsplash.webp?resize=700%2C400&ssl=1 2x, https:\/\/i0.wp.com\/kohenavocats.com\/wp-content\/uploads\/2024\/08\/joshua-coleman-FYev7eaTcRE-unsplash.webp?resize=1050%2C600&ssl=1 3x, https:\/\/i0.wp.com\/kohenavocats.com\/wp-content\/uploads\/2024\/08\/joshua-coleman-FYev7eaTcRE-unsplash.webp?resize=1400%2C800&ssl=1 4x"},"classes":[]},{"id":669228,"url":"https:\/\/kohenavocats.com\/zh-hans\/tribunal-judiciaire-de-albi-le-15-mars-2024-n25-00148\/","url_meta":{"origin":663129,"position":5},"title":"Tribunal judiciaire de Albi, le 15 mars 2024, n\u00b025\/00148","author":"Kohen","date":"2026\u5e744\u670824\u65e5","format":false,"excerpt":"Le pr\u00e9sident du tribunal judiciaire, statuant selo\u2026","rel":"","context":"\u5728\u201cJurisprudence\u201d\u4e2d","block_context":{"text":"Jurisprudence","link":"https:\/\/kohenavocats.com\/category\/jurisprudence\/"},"img":{"alt_text":"","src":"https:\/\/i0.wp.com\/kohenavocats.com\/wp-content\/uploads\/2024\/07\/alex-block-PdDBTrkGYLo-unsplash-1.webp?resize=350%2C200&ssl=1","width":350,"height":200,"srcset":"https:\/\/i0.wp.com\/kohenavocats.com\/wp-content\/uploads\/2024\/07\/alex-block-PdDBTrkGYLo-unsplash-1.webp?resize=350%2C200&ssl=1 1x, https:\/\/i0.wp.com\/kohenavocats.com\/wp-content\/uploads\/2024\/07\/alex-block-PdDBTrkGYLo-unsplash-1.webp?resize=525%2C300&ssl=1 1.5x, https:\/\/i0.wp.com\/kohenavocats.com\/wp-content\/uploads\/2024\/07\/alex-block-PdDBTrkGYLo-unsplash-1.webp?resize=700%2C400&ssl=1 2x, https:\/\/i0.wp.com\/kohenavocats.com\/wp-content\/uploads\/2024\/07\/alex-block-PdDBTrkGYLo-unsplash-1.webp?resize=1050%2C600&ssl=1 3x, https:\/\/i0.wp.com\/kohenavocats.com\/wp-content\/uploads\/2024\/07\/alex-block-PdDBTrkGYLo-unsplash-1.webp?resize=1400%2C800&ssl=1 4x"},"classes":[]}],"jetpack_sharing_enabled":true,"_links":{"self":[{"href":"https:\/\/kohenavocats.com\/zh-hans\/wp-json\/wp\/v2\/posts\/663129","targetHints":{"allow":["GET"]}}],"collection":[{"href":"https:\/\/kohenavocats.com\/zh-hans\/wp-json\/wp\/v2\/posts"}],"about":[{"href":"https:\/\/kohenavocats.com\/zh-hans\/wp-json\/wp\/v2\/types\/post"}],"author":[{"embeddable":true,"href":"https:\/\/kohenavocats.com\/zh-hans\/wp-json\/wp\/v2\/users\/232070755"}],"replies":[{"embeddable":true,"href":"https:\/\/kohenavocats.com\/zh-hans\/wp-json\/wp\/v2\/comments?post=663129"}],"version-history":[{"count":0,"href":"https:\/\/kohenavocats.com\/zh-hans\/wp-json\/wp\/v2\/posts\/663129\/revisions"}],"wp:featuredmedia":[{"embeddable":true,"href":"https:\/\/kohenavocats.com\/zh-hans\/wp-json\/wp\/v2\/media\/9724"}],"wp:attachment":[{"href":"https:\/\/kohenavocats.com\/zh-hans\/wp-json\/wp\/v2\/media?parent=663129"}],"wp:term":[{"taxonomy":"category","embeddable":true,"href":"https:\/\/kohenavocats.com\/zh-hans\/wp-json\/wp\/v2\/categories?post=663129"},{"taxonomy":"post_tag","embeddable":true,"href":"https:\/\/kohenavocats.com\/zh-hans\/wp-json\/wp\/v2\/tags?post=663129"}],"curies":[{"name":"wp","href":"https:\/\/api.w.org\/{rel}","templated":true}]}}