{"id":663953,"date":"2026-04-23T21:55:17","date_gmt":"2026-04-23T19:55:17","guid":{"rendered":"https:\/\/kohenavocats.com\/cour-dappel-le-25-septembre-2025-n24-00927\/"},"modified":"2026-04-26T21:15:38","modified_gmt":"2026-04-26T19:15:38","slug":"cour-dappel-le-25-septembre-2025-n24-00927","status":"publish","type":"post","link":"https:\/\/kohenavocats.com\/zh-hans\/cour-dappel-le-25-septembre-2025-n24-00927\/","title":{"rendered":"Cour d&#8217;appel, le 25 septembre 2025, n\u00b024\/00927"},"content":{"rendered":"<div class=\"article-content\">\n<p>Cour d&#8217;appel de Caen, chambre sociale, 29 octobre 2016. Un salari\u00e9, charg\u00e9 d&#8217;affaires, conteste son licenciement pour inaptitude cons\u00e9cutif \u00e0 un burn-out. Il invoque la surcharge de travail due au non-remplacement d&#8217;un coll\u00e8gue et le manquement de l&#8217;employeur \u00e0 son obligation de s\u00e9curit\u00e9. La cour d&#8217;appel, statuant sur le bien-fond\u00e9 du licenciement, \u00e9carte les qualifications de <a href=\"https:\/\/kohenavocats.com\/avocats-en-droit-penal-a-paris-conseil-et-defense-strategique\/avocat-harcelement-moral-paris\/\" target=\"_blank\" title=\"harc\u00e8lement moral\">harc\u00e8lement moral<\/a> et de discrimination. Elle retient cependant un manquement \u00e0 l&#8217;obligation de s\u00e9curit\u00e9 de r\u00e9sultat de l&#8217;employeur. Elle juge le licenciement d\u00e9pourvu de cause r\u00e9elle et s\u00e9rieuse et accorde une indemnisation au salari\u00e9.<\/p>\n<p>L&#8217;obligation de s\u00e9curit\u00e9 de r\u00e9sultat face \u00e0 une surcharge de travail av\u00e9r\u00e9e<\/p>\n<p>La caract\u00e9risation d&#8217;un manquement par l&#8217;inaction de l&#8217;employeur. La cour constate une augmentation significative de la charge de travail \u00e0 compter de janvier 2016. Cette surcharge r\u00e9sulte du non-remplacement d&#8217;un coll\u00e8gue et de la reprise d&#8217;une partie substantielle de son portefeuille clients. L&#8217;employeur n&#8217;apporte aucun \u00e9l\u00e9ment fiable pour contester le volume de travail ou son aggravation. Le salari\u00e9 a r\u00e9guli\u00e8rement alert\u00e9 sa hi\u00e9rarchie sur cette situation insoutenable lors d&#8217;entretiens annuels. La cour rel\u00e8ve que &#8220;l&#8217;employeur ne justifie pas d&#8217;avoir pris des mesures suffisantes aux fins d&#8217;anticiper et\/ou de pallier \u00e0 la surcharge de travail du salari\u00e9.&#8221; (Motifs) L&#8217;absence de r\u00e9action adapt\u00e9e et proactive suffit \u00e0 constituer une faute.<\/p>\n<p>L&#8217;insuffisance des mesures prises apr\u00e8s la reconnaissance de l&#8217;alt\u00e9ration de la sant\u00e9. A la suite d&#8217;un arr\u00eat de travail en octobre 2016, le m\u00e9decin du travail prescrit un temps partiel th\u00e9rapeutique. L&#8217;employeur propose des mesures d&#8217;all\u00e8gement comme le transfert de clients ou l&#8217;aide d&#8217;un technicien. La cour note que ces mesures sont soit tardives, soit inefficaces, car non concr\u00e8tement mises en \u0153uvre. &#8220;Les mesures prises par l&#8217;employeur n&#8217;ont pas \u00e9t\u00e9 de nature \u00e0 respecter les pr\u00e9conisations du m\u00e9decin du travail&#8221; (Motifs) Le transfert effectif de clients n&#8217;intervient pas avant mars 2018, laissant perdurer la surcharge. Cette carence emp\u00eache toute adaptation r\u00e9elle du poste aux pr\u00e9conisations m\u00e9dicales et aggrave l&#8217;\u00e9tat de sant\u00e9.<\/p>\n<p>La cons\u00e9quence juridique : l&#8217;inaptitude li\u00e9e au manquement annule la cause du licenciement<\/p>\n<p>Le lien de causalit\u00e9 entre le manquement et l&#8217;inaptitude justifiant le licenciement. L&#8217;employeur licencie pour <a href=\"https:\/\/kohenavocats.com\/avocats-droit-social-paris\/avocats-licenciement-inaptitude-paris\/\" target=\"_blank\" title=\"inaptitude m\u00e9dicale\">inaptitude m\u00e9dicale<\/a> constat\u00e9e, faisant obstacle \u00e0 tout reclassement. La cour \u00e9tablit un lien direct entre le manquement \u00e0 l&#8217;obligation de s\u00e9curit\u00e9 et l&#8217;\u00e9tat de sant\u00e9 du salari\u00e9. Elle s&#8217;appuie sur les certificats m\u00e9dicaux \u00e9voquant un burn-out et un \u00e9tat anxio-d\u00e9pressif. &#8220;Compte tenu du manquement de l&#8217;employeur \u00e0 son obligation de s\u00e9curit\u00e9 tel qu&#8217;analys\u00e9 ci-avant et des \u00e9l\u00e9ments m\u00e9dicaux, il est \u00e9tabli que l&#8217;inaptitude est cons\u00e9cutive \u00e0 ce manquement&#8221; (Motifs) D\u00e8s lors, le fondement m\u00eame du licenciement est vici\u00e9 \u00e0 sa source par la faute de l&#8217;employeur.<\/p>\n<p>La requalification en licenciement sans cause r\u00e9elle et s\u00e9rieuse et ses effets indemnitaires. La cour \u00e9carte la nullit\u00e9 du licenciement, les faits ne constituant ni harc\u00e8lement ni discrimination. En revanche, le licenciement pour inaptitude est priv\u00e9 de cause r\u00e9elle et s\u00e9rieuse. Cette qualification ouvre droit \u00e0 une indemnit\u00e9 sp\u00e9cifique pr\u00e9vue \u00e0 l&#8217;article L.1235-3 du code du travail. La cour alloue \u00e9galement des dommages-int\u00e9r\u00eats distincts pour r\u00e9parer le pr\u00e9judice subi. Elle tient compte de l&#8217;anciennet\u00e9, de l&#8217;\u00e2ge du salari\u00e9 et de sa difficult\u00e9 \u00e0 retrouver un emploi. Elle ordonne enfin le remboursement \u00e0 France Travail des allocations vers\u00e9es dans la limite de trois mois.<\/p>\n<p>Cette d\u00e9cision rappelle avec force le caract\u00e8re concret et effectif de l&#8217;obligation de s\u00e9curit\u00e9. Elle sanctionne les mesures purement formelles ou tardives face \u00e0 une surcharge de travail d\u00e9montr\u00e9e. La cour op\u00e8re un contr\u00f4le rigoureux de la r\u00e9alit\u00e9 des am\u00e9nagements propos\u00e9s par l&#8217;employeur. Elle consacre surtout le principe selon lequel un licenciement pour inaptitude peut \u00eatre priv\u00e9 de cause si l&#8217;employeur est \u00e0 l&#8217;origine de cette inaptitude. Cette solution prot\u00e8ge le salari\u00e9 dont la sant\u00e9 a \u00e9t\u00e9 alt\u00e9r\u00e9e par les conditions de travail. Elle \u00e9vite que l&#8217;employeur ne se pr\u00e9vale d&#8217;une inaptitude qu&#8217;il a lui-m\u00eame contribu\u00e9 \u00e0 cr\u00e9er pour rompre le contrat sans frais.<\/p>\n<\/div>\n","protected":false},"excerpt":{"rendered":"<p>Cour d&#8217;appel de Caen, chambre sociale, 29 octobre 2016. Un salari\u00e9, charg\u00e9 d&#8217;affaires, conteste son licenciement pour inaptitude cons\u00e9cutif \u00e0 un burn-out. Il&#8230;<\/p>\n","protected":false},"author":232070755,"featured_media":4896,"comment_status":"open","ping_status":"open","sticky":false,"template":"","format":"standard","meta":{"_crdt_document":"","_jetpack_newsletter_access":"","_jetpack_dont_email_post_to_subs":false,"_jetpack_newsletter_tier_id":0,"_jetpack_memberships_contains_paywalled_content":false,"_kj_source_type":"judilibre","_kj_official_id":"68d6278c6cdb0f9ad73468e1","_kj_official_url":"https:\/\/www.courdecassation.fr\/decision\/68d6278c6cdb0f9ad73468e1","_kj_judilibre_id":"68d6278c6cdb0f9ad73468e1","_kj_jur":"Cour d'appel","_kj_lieu":"Cour d'appel de Caen","_kj_chambre":"1\u00e8re chambre sociale","_kj_rg":"24\/00927","_kj_date":"2025-09-25","_jetpack_memberships_contains_paid_content":false,"footnotes":"","jetpack_post_was_ever_published":false},"categories":[7096,7123,6580,7597,6718,6992],"tags":[],"class_list":["post-663953","post","type-post","status-publish","format-standard","has-post-thumbnail","hentry","category-code-des-assurances","category-droit-du-travail","category-droit-social","category-jurisprudence","category-social","category-travail"],"yoast_head":"<!-- This site is optimized with the Yoast SEO Premium plugin v27.5 (Yoast SEO v27.5) - https:\/\/yoast.com\/product\/yoast-seo-premium-wordpress\/ -->\n<title>Cour d&#039;appel, le 25 septembre 2025, n\u00b024\/00927 - Ma\u00eetre Hassan Kohen, avocat en droit p\u00e9nal \u00e0 Paris<\/title>\n<meta name=\"description\" content=\"Cour d&#039;appel de Caen, chambre sociale, 29 octobre 2016. Un salari\u00e9, charg\u00e9 d&#039;affaires, conteste son licenciement pour inaptitude cons\u00e9cutif \u00e0 un burn-out. Il...\" \/>\n<meta name=\"robots\" content=\"index, follow, max-snippet:-1, max-image-preview:large, max-video-preview:-1\" \/>\n<link rel=\"canonical\" href=\"https:\/\/kohenavocats.com\/zh-hans\/cour-dappel-le-25-septembre-2025-n24-00927\/\" \/>\n<meta property=\"og:locale\" content=\"zh_CN\" \/>\n<meta property=\"og:type\" content=\"article\" \/>\n<meta property=\"og:title\" content=\"Cour d&#039;appel, le 25 septembre 2025, n\u00b024\/00927\" \/>\n<meta property=\"og:description\" content=\"Cour d&#039;appel de Caen, chambre sociale, 29 octobre 2016. Un salari\u00e9, charg\u00e9 d&#039;affaires, conteste son licenciement pour inaptitude cons\u00e9cutif \u00e0 un burn-out. Il...\" \/>\n<meta property=\"og:url\" content=\"https:\/\/kohenavocats.com\/zh-hans\/cour-dappel-le-25-septembre-2025-n24-00927\/\" \/>\n<meta property=\"og:site_name\" content=\"Ma\u00eetre Hassan Kohen, avocat en droit p\u00e9nal \u00e0 Paris\" \/>\n<meta property=\"article:published_time\" content=\"2026-04-23T19:55:17+00:00\" \/>\n<meta property=\"article:modified_time\" content=\"2026-04-26T19:15:38+00:00\" \/>\n<meta property=\"og:image\" content=\"https:\/\/kohenavocats.com\/wp-content\/uploads\/2024\/08\/stephanie-leblanc-B0sAjqnp1Q8-unsplash.webp\" \/>\n\t<meta property=\"og:image:width\" content=\"5832\" \/>\n\t<meta property=\"og:image:height\" content=\"3888\" \/>\n\t<meta property=\"og:image:type\" content=\"image\/webp\" \/>\n<meta name=\"author\" content=\"Kohen\" \/>\n<meta name=\"twitter:card\" content=\"summary_large_image\" \/>\n<meta name=\"twitter:label1\" content=\"\u4f5c\u8005\" \/>\n\t<meta name=\"twitter:data1\" content=\"Kohen\" \/>\n\t<meta name=\"twitter:label2\" content=\"\u9884\u8ba1\u9605\u8bfb\u65f6\u95f4\" \/>\n\t<meta name=\"twitter:data2\" content=\"3 \u5206\" \/>\n<script type=\"application\/ld+json\" class=\"yoast-schema-graph\">{\"@context\":\"https:\\\/\\\/schema.org\",\"@graph\":[{\"@type\":\"Article\",\"@id\":\"https:\\\/\\\/kohenavocats.com\\\/zh-hans\\\/cour-dappel-le-25-septembre-2025-n24-00927\\\/#article\",\"isPartOf\":{\"@id\":\"https:\\\/\\\/kohenavocats.com\\\/zh-hans\\\/cour-dappel-le-25-septembre-2025-n24-00927\\\/\"},\"author\":{\"name\":\"Kohen\",\"@id\":\"https:\\\/\\\/kohenavocats.com\\\/zh-hans\\\/#\\\/schema\\\/person\\\/761c9ba54fa1ca84d405cef0831ff751\"},\"headline\":\"Cour d&#8217;appel, le 25 septembre 2025, n\u00b024\\\/00927\",\"datePublished\":\"2026-04-23T19:55:17+00:00\",\"dateModified\":\"2026-04-26T19:15:38+00:00\",\"mainEntityOfPage\":{\"@id\":\"https:\\\/\\\/kohenavocats.com\\\/zh-hans\\\/cour-dappel-le-25-septembre-2025-n24-00927\\\/\"},\"wordCount\":752,\"commentCount\":0,\"publisher\":{\"@id\":\"https:\\\/\\\/kohenavocats.com\\\/zh-hans\\\/#organization\"},\"image\":{\"@id\":\"https:\\\/\\\/kohenavocats.com\\\/zh-hans\\\/cour-dappel-le-25-septembre-2025-n24-00927\\\/#primaryimage\"},\"thumbnailUrl\":\"https:\\\/\\\/kohenavocats.com\\\/wp-content\\\/uploads\\\/2024\\\/08\\\/stephanie-leblanc-B0sAjqnp1Q8-unsplash.webp\",\"articleSection\":[\"Code des assurances\",\"Droit du travail\",\"Droit Social\",\"Jurisprudence\",\"Social\",\"Travail\"],\"inLanguage\":\"zh-Hans\",\"potentialAction\":[{\"@type\":\"CommentAction\",\"name\":\"Comment\",\"target\":[\"https:\\\/\\\/kohenavocats.com\\\/zh-hans\\\/cour-dappel-le-25-septembre-2025-n24-00927\\\/#respond\"]}],\"citation\":\"Cour d&#8217;appel, le 25 septembre 2025, n\u00b024\\\/00927\",\"about\":[{\"@type\":\"Thing\",\"name\":\"Code des assurances\"},{\"@type\":\"Thing\",\"name\":\"Droit du travail\"},{\"@type\":\"Thing\",\"name\":\"Droit Social\"},{\"@type\":\"Thing\",\"name\":\"Jurisprudence\"},{\"@type\":\"Thing\",\"name\":\"Social\"},{\"@type\":\"Thing\",\"name\":\"Travail\"}],\"speakable\":{\"@type\":\"SpeakableSpecification\",\"cssSelector\":[\".article-content > p:first-of-type\"]}},{\"@type\":\"WebPage\",\"@id\":\"https:\\\/\\\/kohenavocats.com\\\/zh-hans\\\/cour-dappel-le-25-septembre-2025-n24-00927\\\/\",\"url\":\"https:\\\/\\\/kohenavocats.com\\\/zh-hans\\\/cour-dappel-le-25-septembre-2025-n24-00927\\\/\",\"name\":\"Cour d'appel, le 25 septembre 2025, n\u00b024\\\/00927 - Ma\u00eetre Hassan Kohen, avocat en droit p\u00e9nal \u00e0 Paris\",\"isPartOf\":{\"@id\":\"https:\\\/\\\/kohenavocats.com\\\/zh-hans\\\/#website\"},\"primaryImageOfPage\":{\"@id\":\"https:\\\/\\\/kohenavocats.com\\\/zh-hans\\\/cour-dappel-le-25-septembre-2025-n24-00927\\\/#primaryimage\"},\"image\":{\"@id\":\"https:\\\/\\\/kohenavocats.com\\\/zh-hans\\\/cour-dappel-le-25-septembre-2025-n24-00927\\\/#primaryimage\"},\"thumbnailUrl\":\"https:\\\/\\\/kohenavocats.com\\\/wp-content\\\/uploads\\\/2024\\\/08\\\/stephanie-leblanc-B0sAjqnp1Q8-unsplash.webp\",\"datePublished\":\"2026-04-23T19:55:17+00:00\",\"dateModified\":\"2026-04-26T19:15:38+00:00\",\"description\":\"Cour d'appel de Caen, chambre sociale, 29 octobre 2016. Un salari\u00e9, charg\u00e9 d'affaires, conteste son licenciement pour inaptitude cons\u00e9cutif \u00e0 un burn-out. Il...\",\"breadcrumb\":{\"@id\":\"https:\\\/\\\/kohenavocats.com\\\/zh-hans\\\/cour-dappel-le-25-septembre-2025-n24-00927\\\/#breadcrumb\"},\"inLanguage\":\"zh-Hans\",\"potentialAction\":[{\"@type\":\"ReadAction\",\"target\":[\"https:\\\/\\\/kohenavocats.com\\\/zh-hans\\\/cour-dappel-le-25-septembre-2025-n24-00927\\\/\"]}]},{\"@type\":\"ImageObject\",\"inLanguage\":\"zh-Hans\",\"@id\":\"https:\\\/\\\/kohenavocats.com\\\/zh-hans\\\/cour-dappel-le-25-septembre-2025-n24-00927\\\/#primaryimage\",\"url\":\"https:\\\/\\\/kohenavocats.com\\\/wp-content\\\/uploads\\\/2024\\\/08\\\/stephanie-leblanc-B0sAjqnp1Q8-unsplash.webp\",\"contentUrl\":\"https:\\\/\\\/kohenavocats.com\\\/wp-content\\\/uploads\\\/2024\\\/08\\\/stephanie-leblanc-B0sAjqnp1Q8-unsplash.webp\",\"width\":5832,\"height\":3888},{\"@type\":\"BreadcrumbList\",\"@id\":\"https:\\\/\\\/kohenavocats.com\\\/zh-hans\\\/cour-dappel-le-25-septembre-2025-n24-00927\\\/#breadcrumb\",\"itemListElement\":[{\"@type\":\"ListItem\",\"position\":1,\"name\":\"Home\",\"item\":\"https:\\\/\\\/kohenavocats.com\\\/zh-hans\\\/\"},{\"@type\":\"ListItem\",\"position\":2,\"name\":\"Cour d&rsquo;appel, le 25 septembre 2025, n\u00b024\\\/00927\"}]},{\"@type\":\"WebSite\",\"@id\":\"https:\\\/\\\/kohenavocats.com\\\/zh-hans\\\/#website\",\"url\":\"https:\\\/\\\/kohenavocats.com\\\/zh-hans\\\/\",\"name\":\"Kohen Avocats\",\"description\":\"Ma\u00eetre Hassan Kohen, avocat p\u00e9naliste \u00e0 Paris, intervient exclusivement en droit p\u00e9nal pour la d\u00e9fense des particuliers, notamment en mati\u00e8re d\u2019accusations de viol. Il assure un accompagnement rigoureux d\u00e8s la garde \u00e0 vue jusqu\u2019\u00e0 la Cour d\u2019assises, veillant au strict respect des garanties proc\u00e9durales.\",\"publisher\":{\"@id\":\"https:\\\/\\\/kohenavocats.com\\\/zh-hans\\\/#organization\"},\"potentialAction\":[{\"@type\":\"SearchAction\",\"target\":{\"@type\":\"EntryPoint\",\"urlTemplate\":\"https:\\\/\\\/kohenavocats.com\\\/zh-hans\\\/?s={search_term_string}\"},\"query-input\":{\"@type\":\"PropertyValueSpecification\",\"valueRequired\":true,\"valueName\":\"search_term_string\"}}],\"inLanguage\":\"zh-Hans\"},{\"@type\":\"Organization\",\"@id\":\"https:\\\/\\\/kohenavocats.com\\\/zh-hans\\\/#organization\",\"name\":\"Kohen Avocats\",\"url\":\"https:\\\/\\\/kohenavocats.com\\\/zh-hans\\\/\",\"logo\":{\"@type\":\"ImageObject\",\"inLanguage\":\"zh-Hans\",\"@id\":\"https:\\\/\\\/kohenavocats.com\\\/zh-hans\\\/#\\\/schema\\\/logo\\\/image\\\/\",\"url\":\"https:\\\/\\\/kohenavocats.com\\\/wp-content\\\/uploads\\\/2026\\\/01\\\/Logo-2-1.webp\",\"contentUrl\":\"https:\\\/\\\/kohenavocats.com\\\/wp-content\\\/uploads\\\/2026\\\/01\\\/Logo-2-1.webp\",\"width\":2114,\"height\":1253,\"caption\":\"Kohen Avocats\"},\"image\":{\"@id\":\"https:\\\/\\\/kohenavocats.com\\\/zh-hans\\\/#\\\/schema\\\/logo\\\/image\\\/\"}},{\"@type\":\"Person\",\"@id\":\"https:\\\/\\\/kohenavocats.com\\\/zh-hans\\\/#\\\/schema\\\/person\\\/761c9ba54fa1ca84d405cef0831ff751\",\"name\":\"Kohen\",\"image\":{\"@type\":\"ImageObject\",\"inLanguage\":\"zh-Hans\",\"@id\":\"https:\\\/\\\/secure.gravatar.com\\\/avatar\\\/1c5e76ef76bbbfdd2b4da984e2bf2fa4056fd51a27d25ce2c332047f1dfd6e00?s=96&d=identicon&r=g\",\"url\":\"https:\\\/\\\/secure.gravatar.com\\\/avatar\\\/1c5e76ef76bbbfdd2b4da984e2bf2fa4056fd51a27d25ce2c332047f1dfd6e00?s=96&d=identicon&r=g\",\"contentUrl\":\"https:\\\/\\\/secure.gravatar.com\\\/avatar\\\/1c5e76ef76bbbfdd2b4da984e2bf2fa4056fd51a27d25ce2c332047f1dfd6e00?s=96&d=identicon&r=g\",\"caption\":\"Kohen\"},\"sameAs\":[\"https:\\\/\\\/www.linkedin.com\\\/in\\\/hassan-kohen-448548192\\\/\",\"https:\\\/\\\/www.youtube.com\\\/@Kohen-Avocats\"],\"url\":\"https:\\\/\\\/kohenavocats.com\\\/zh-hans\\\/author\\\/kohenmlk\\\/\"}]}<\/script>\n<!-- \/ Yoast SEO Premium plugin. -->","yoast_head_json":{"title":"Cour d'appel, le 25 septembre 2025, n\u00b024\/00927 - Ma\u00eetre Hassan Kohen, avocat en droit p\u00e9nal \u00e0 Paris","description":"Cour d'appel de Caen, chambre sociale, 29 octobre 2016. Un salari\u00e9, charg\u00e9 d'affaires, conteste son licenciement pour inaptitude cons\u00e9cutif \u00e0 un burn-out. Il...","robots":{"index":"index","follow":"follow","max-snippet":"max-snippet:-1","max-image-preview":"max-image-preview:large","max-video-preview":"max-video-preview:-1"},"canonical":"https:\/\/kohenavocats.com\/zh-hans\/cour-dappel-le-25-septembre-2025-n24-00927\/","og_locale":"zh_CN","og_type":"article","og_title":"Cour d'appel, le 25 septembre 2025, n\u00b024\/00927","og_description":"Cour d'appel de Caen, chambre sociale, 29 octobre 2016. Un salari\u00e9, charg\u00e9 d'affaires, conteste son licenciement pour inaptitude cons\u00e9cutif \u00e0 un burn-out. Il...","og_url":"https:\/\/kohenavocats.com\/zh-hans\/cour-dappel-le-25-septembre-2025-n24-00927\/","og_site_name":"Ma\u00eetre Hassan Kohen, avocat en droit p\u00e9nal \u00e0 Paris","article_published_time":"2026-04-23T19:55:17+00:00","article_modified_time":"2026-04-26T19:15:38+00:00","og_image":[{"width":5832,"height":3888,"url":"https:\/\/kohenavocats.com\/wp-content\/uploads\/2024\/08\/stephanie-leblanc-B0sAjqnp1Q8-unsplash.webp","type":"image\/webp"}],"author":"Kohen","twitter_card":"summary_large_image","twitter_misc":{"\u4f5c\u8005":"Kohen","\u9884\u8ba1\u9605\u8bfb\u65f6\u95f4":"3 \u5206"},"schema":{"@context":"https:\/\/schema.org","@graph":[{"@type":"Article","@id":"https:\/\/kohenavocats.com\/zh-hans\/cour-dappel-le-25-septembre-2025-n24-00927\/#article","isPartOf":{"@id":"https:\/\/kohenavocats.com\/zh-hans\/cour-dappel-le-25-septembre-2025-n24-00927\/"},"author":{"name":"Kohen","@id":"https:\/\/kohenavocats.com\/zh-hans\/#\/schema\/person\/761c9ba54fa1ca84d405cef0831ff751"},"headline":"Cour d&#8217;appel, le 25 septembre 2025, n\u00b024\/00927","datePublished":"2026-04-23T19:55:17+00:00","dateModified":"2026-04-26T19:15:38+00:00","mainEntityOfPage":{"@id":"https:\/\/kohenavocats.com\/zh-hans\/cour-dappel-le-25-septembre-2025-n24-00927\/"},"wordCount":752,"commentCount":0,"publisher":{"@id":"https:\/\/kohenavocats.com\/zh-hans\/#organization"},"image":{"@id":"https:\/\/kohenavocats.com\/zh-hans\/cour-dappel-le-25-septembre-2025-n24-00927\/#primaryimage"},"thumbnailUrl":"https:\/\/kohenavocats.com\/wp-content\/uploads\/2024\/08\/stephanie-leblanc-B0sAjqnp1Q8-unsplash.webp","articleSection":["Code des assurances","Droit du travail","Droit Social","Jurisprudence","Social","Travail"],"inLanguage":"zh-Hans","potentialAction":[{"@type":"CommentAction","name":"Comment","target":["https:\/\/kohenavocats.com\/zh-hans\/cour-dappel-le-25-septembre-2025-n24-00927\/#respond"]}],"citation":"Cour d&#8217;appel, le 25 septembre 2025, n\u00b024\/00927","about":[{"@type":"Thing","name":"Code des assurances"},{"@type":"Thing","name":"Droit du travail"},{"@type":"Thing","name":"Droit Social"},{"@type":"Thing","name":"Jurisprudence"},{"@type":"Thing","name":"Social"},{"@type":"Thing","name":"Travail"}],"speakable":{"@type":"SpeakableSpecification","cssSelector":[".article-content > p:first-of-type"]}},{"@type":"WebPage","@id":"https:\/\/kohenavocats.com\/zh-hans\/cour-dappel-le-25-septembre-2025-n24-00927\/","url":"https:\/\/kohenavocats.com\/zh-hans\/cour-dappel-le-25-septembre-2025-n24-00927\/","name":"Cour d'appel, le 25 septembre 2025, n\u00b024\/00927 - Ma\u00eetre Hassan Kohen, avocat en droit p\u00e9nal \u00e0 Paris","isPartOf":{"@id":"https:\/\/kohenavocats.com\/zh-hans\/#website"},"primaryImageOfPage":{"@id":"https:\/\/kohenavocats.com\/zh-hans\/cour-dappel-le-25-septembre-2025-n24-00927\/#primaryimage"},"image":{"@id":"https:\/\/kohenavocats.com\/zh-hans\/cour-dappel-le-25-septembre-2025-n24-00927\/#primaryimage"},"thumbnailUrl":"https:\/\/kohenavocats.com\/wp-content\/uploads\/2024\/08\/stephanie-leblanc-B0sAjqnp1Q8-unsplash.webp","datePublished":"2026-04-23T19:55:17+00:00","dateModified":"2026-04-26T19:15:38+00:00","description":"Cour d'appel de Caen, chambre sociale, 29 octobre 2016. Un salari\u00e9, charg\u00e9 d'affaires, conteste son licenciement pour inaptitude cons\u00e9cutif \u00e0 un burn-out. Il...","breadcrumb":{"@id":"https:\/\/kohenavocats.com\/zh-hans\/cour-dappel-le-25-septembre-2025-n24-00927\/#breadcrumb"},"inLanguage":"zh-Hans","potentialAction":[{"@type":"ReadAction","target":["https:\/\/kohenavocats.com\/zh-hans\/cour-dappel-le-25-septembre-2025-n24-00927\/"]}]},{"@type":"ImageObject","inLanguage":"zh-Hans","@id":"https:\/\/kohenavocats.com\/zh-hans\/cour-dappel-le-25-septembre-2025-n24-00927\/#primaryimage","url":"https:\/\/kohenavocats.com\/wp-content\/uploads\/2024\/08\/stephanie-leblanc-B0sAjqnp1Q8-unsplash.webp","contentUrl":"https:\/\/kohenavocats.com\/wp-content\/uploads\/2024\/08\/stephanie-leblanc-B0sAjqnp1Q8-unsplash.webp","width":5832,"height":3888},{"@type":"BreadcrumbList","@id":"https:\/\/kohenavocats.com\/zh-hans\/cour-dappel-le-25-septembre-2025-n24-00927\/#breadcrumb","itemListElement":[{"@type":"ListItem","position":1,"name":"Home","item":"https:\/\/kohenavocats.com\/zh-hans\/"},{"@type":"ListItem","position":2,"name":"Cour d&rsquo;appel, le 25 septembre 2025, n\u00b024\/00927"}]},{"@type":"WebSite","@id":"https:\/\/kohenavocats.com\/zh-hans\/#website","url":"https:\/\/kohenavocats.com\/zh-hans\/","name":"Kohen Avocats","description":"Ma\u00eetre Hassan Kohen, avocat p\u00e9naliste \u00e0 Paris, intervient exclusivement en droit p\u00e9nal pour la d\u00e9fense des particuliers, notamment en mati\u00e8re d\u2019accusations de viol. Il assure un accompagnement rigoureux d\u00e8s la garde \u00e0 vue jusqu\u2019\u00e0 la Cour d\u2019assises, veillant au strict respect des garanties proc\u00e9durales.","publisher":{"@id":"https:\/\/kohenavocats.com\/zh-hans\/#organization"},"potentialAction":[{"@type":"SearchAction","target":{"@type":"EntryPoint","urlTemplate":"https:\/\/kohenavocats.com\/zh-hans\/?s={search_term_string}"},"query-input":{"@type":"PropertyValueSpecification","valueRequired":true,"valueName":"search_term_string"}}],"inLanguage":"zh-Hans"},{"@type":"Organization","@id":"https:\/\/kohenavocats.com\/zh-hans\/#organization","name":"Kohen Avocats","url":"https:\/\/kohenavocats.com\/zh-hans\/","logo":{"@type":"ImageObject","inLanguage":"zh-Hans","@id":"https:\/\/kohenavocats.com\/zh-hans\/#\/schema\/logo\/image\/","url":"https:\/\/kohenavocats.com\/wp-content\/uploads\/2026\/01\/Logo-2-1.webp","contentUrl":"https:\/\/kohenavocats.com\/wp-content\/uploads\/2026\/01\/Logo-2-1.webp","width":2114,"height":1253,"caption":"Kohen Avocats"},"image":{"@id":"https:\/\/kohenavocats.com\/zh-hans\/#\/schema\/logo\/image\/"}},{"@type":"Person","@id":"https:\/\/kohenavocats.com\/zh-hans\/#\/schema\/person\/761c9ba54fa1ca84d405cef0831ff751","name":"Kohen","image":{"@type":"ImageObject","inLanguage":"zh-Hans","@id":"https:\/\/secure.gravatar.com\/avatar\/1c5e76ef76bbbfdd2b4da984e2bf2fa4056fd51a27d25ce2c332047f1dfd6e00?s=96&d=identicon&r=g","url":"https:\/\/secure.gravatar.com\/avatar\/1c5e76ef76bbbfdd2b4da984e2bf2fa4056fd51a27d25ce2c332047f1dfd6e00?s=96&d=identicon&r=g","contentUrl":"https:\/\/secure.gravatar.com\/avatar\/1c5e76ef76bbbfdd2b4da984e2bf2fa4056fd51a27d25ce2c332047f1dfd6e00?s=96&d=identicon&r=g","caption":"Kohen"},"sameAs":["https:\/\/www.linkedin.com\/in\/hassan-kohen-448548192\/","https:\/\/www.youtube.com\/@Kohen-Avocats"],"url":"https:\/\/kohenavocats.com\/zh-hans\/author\/kohenmlk\/"}]}},"jetpack_featured_media_url":"https:\/\/kohenavocats.com\/wp-content\/uploads\/2024\/08\/stephanie-leblanc-B0sAjqnp1Q8-unsplash.webp","jetpack_likes_enabled":false,"jetpack_shortlink":"https:\/\/wp.me\/peCrII-2MIV","jetpack-related-posts":[{"id":420344,"url":"https:\/\/kohenavocats.com\/zh-hans\/cour-dappel-de-toulouse-le-24-fevrier-2026-n24-02422\/","url_meta":{"origin":663953,"position":0},"title":"Cour d&#8217;appel de Toulouse, le 24 f\u00e9vrier 2026, n\u00b024\/02422","author":"Kohen","date":"2026\u5e743\u670822\u65e5","format":false,"excerpt":"La Cour d\u2019appel de Toulouse, dans un arr\u00eat du 24 f\u2026","rel":"","context":"\u5728\u201cCour d'appel\u201d\u4e2d","block_context":{"text":"Cour d'appel","link":"https:\/\/kohenavocats.com\/category\/cour-dappel\/"},"img":{"alt_text":"","src":"https:\/\/i0.wp.com\/kohenavocats.com\/wp-content\/uploads\/2024\/11\/chris-czermak-PamFFHL6fVY-unsplash.webp?resize=350%2C200&ssl=1","width":350,"height":200,"srcset":"https:\/\/i0.wp.com\/kohenavocats.com\/wp-content\/uploads\/2024\/11\/chris-czermak-PamFFHL6fVY-unsplash.webp?resize=350%2C200&ssl=1 1x, https:\/\/i0.wp.com\/kohenavocats.com\/wp-content\/uploads\/2024\/11\/chris-czermak-PamFFHL6fVY-unsplash.webp?resize=525%2C300&ssl=1 1.5x, https:\/\/i0.wp.com\/kohenavocats.com\/wp-content\/uploads\/2024\/11\/chris-czermak-PamFFHL6fVY-unsplash.webp?resize=700%2C400&ssl=1 2x, https:\/\/i0.wp.com\/kohenavocats.com\/wp-content\/uploads\/2024\/11\/chris-czermak-PamFFHL6fVY-unsplash.webp?resize=1050%2C600&ssl=1 3x, https:\/\/i0.wp.com\/kohenavocats.com\/wp-content\/uploads\/2024\/11\/chris-czermak-PamFFHL6fVY-unsplash.webp?resize=1400%2C800&ssl=1 4x"},"classes":[]},{"id":480928,"url":"https:\/\/kohenavocats.com\/zh-hans\/cour-dappel-de-grenoble-le-8-novembre-2023-n23-02073\/","url_meta":{"origin":663953,"position":1},"title":"Cour d&#8217;appel de Grenoble, le 8 novembre 2023, n\u00b023\/02073","author":"Kohen","date":"2026\u5e744\u67087\u65e5","format":false,"excerpt":"La cour d'appel de Grenoble, dans un arr\u00eat du 8 no\u2026","rel":"","context":"\u5728\u201cJurisprudence\u201d\u4e2d","block_context":{"text":"Jurisprudence","link":"https:\/\/kohenavocats.com\/category\/jurisprudence\/"},"img":{"alt_text":"","src":"https:\/\/i0.wp.com\/kohenavocats.com\/wp-content\/uploads\/2024\/08\/brandy-willetts-8gXjWj-9OD0-unsplash.webp?resize=350%2C200&ssl=1","width":350,"height":200,"srcset":"https:\/\/i0.wp.com\/kohenavocats.com\/wp-content\/uploads\/2024\/08\/brandy-willetts-8gXjWj-9OD0-unsplash.webp?resize=350%2C200&ssl=1 1x, https:\/\/i0.wp.com\/kohenavocats.com\/wp-content\/uploads\/2024\/08\/brandy-willetts-8gXjWj-9OD0-unsplash.webp?resize=525%2C300&ssl=1 1.5x, https:\/\/i0.wp.com\/kohenavocats.com\/wp-content\/uploads\/2024\/08\/brandy-willetts-8gXjWj-9OD0-unsplash.webp?resize=700%2C400&ssl=1 2x, https:\/\/i0.wp.com\/kohenavocats.com\/wp-content\/uploads\/2024\/08\/brandy-willetts-8gXjWj-9OD0-unsplash.webp?resize=1050%2C600&ssl=1 3x, https:\/\/i0.wp.com\/kohenavocats.com\/wp-content\/uploads\/2024\/08\/brandy-willetts-8gXjWj-9OD0-unsplash.webp?resize=1400%2C800&ssl=1 4x"},"classes":[]},{"id":616222,"url":"https:\/\/kohenavocats.com\/zh-hans\/conseil-de-prudhommes-le-27-juin-2024-n24-03316\/","url_meta":{"origin":663953,"position":2},"title":"Conseil de prud&#8217;hommes, le 27 juin 2024, n\u00b024\/03316","author":"Kohen","date":"2026\u5e744\u670820\u65e5","format":false,"excerpt":"Cour d\u2019appel de Paris, chambre sociale, arr\u00eat du 2\u2026","rel":"","context":"\u5728\u201cJurisprudence\u201d\u4e2d","block_context":{"text":"Jurisprudence","link":"https:\/\/kohenavocats.com\/category\/jurisprudence\/"},"img":{"alt_text":"","src":"https:\/\/i0.wp.com\/kohenavocats.com\/wp-content\/uploads\/2024\/11\/george-dagerotip-kFQshsmdP-M-unsplash.webp?resize=350%2C200&ssl=1","width":350,"height":200,"srcset":"https:\/\/i0.wp.com\/kohenavocats.com\/wp-content\/uploads\/2024\/11\/george-dagerotip-kFQshsmdP-M-unsplash.webp?resize=350%2C200&ssl=1 1x, https:\/\/i0.wp.com\/kohenavocats.com\/wp-content\/uploads\/2024\/11\/george-dagerotip-kFQshsmdP-M-unsplash.webp?resize=525%2C300&ssl=1 1.5x, https:\/\/i0.wp.com\/kohenavocats.com\/wp-content\/uploads\/2024\/11\/george-dagerotip-kFQshsmdP-M-unsplash.webp?resize=700%2C400&ssl=1 2x, https:\/\/i0.wp.com\/kohenavocats.com\/wp-content\/uploads\/2024\/11\/george-dagerotip-kFQshsmdP-M-unsplash.webp?resize=1050%2C600&ssl=1 3x, https:\/\/i0.wp.com\/kohenavocats.com\/wp-content\/uploads\/2024\/11\/george-dagerotip-kFQshsmdP-M-unsplash.webp?resize=1400%2C800&ssl=1 4x"},"classes":[]},{"id":616592,"url":"https:\/\/kohenavocats.com\/zh-hans\/cour-dappel-de-rennes-le-10-janvier-2024-n21-06253\/","url_meta":{"origin":663953,"position":3},"title":"Cour d&#8217;appel de Rennes, le 10 janvier 2024, n\u00b021\/06253","author":"Kohen","date":"2026\u5e744\u670820\u65e5","format":false,"excerpt":"Cour d'appel de Paris, chambre sociale, arr\u00eat du 1\u2026","rel":"","context":"\u5728\u201cJurisprudence\u201d\u4e2d","block_context":{"text":"Jurisprudence","link":"https:\/\/kohenavocats.com\/category\/jurisprudence\/"},"img":{"alt_text":"","src":"https:\/\/i0.wp.com\/kohenavocats.com\/wp-content\/uploads\/2024\/11\/getty-images-cjyN6d8hqio-unsplash.webp?resize=350%2C200&ssl=1","width":350,"height":200,"srcset":"https:\/\/i0.wp.com\/kohenavocats.com\/wp-content\/uploads\/2024\/11\/getty-images-cjyN6d8hqio-unsplash.webp?resize=350%2C200&ssl=1 1x, https:\/\/i0.wp.com\/kohenavocats.com\/wp-content\/uploads\/2024\/11\/getty-images-cjyN6d8hqio-unsplash.webp?resize=525%2C300&ssl=1 1.5x, https:\/\/i0.wp.com\/kohenavocats.com\/wp-content\/uploads\/2024\/11\/getty-images-cjyN6d8hqio-unsplash.webp?resize=700%2C400&ssl=1 2x, https:\/\/i0.wp.com\/kohenavocats.com\/wp-content\/uploads\/2024\/11\/getty-images-cjyN6d8hqio-unsplash.webp?resize=1050%2C600&ssl=1 3x, https:\/\/i0.wp.com\/kohenavocats.com\/wp-content\/uploads\/2024\/11\/getty-images-cjyN6d8hqio-unsplash.webp?resize=1400%2C800&ssl=1 4x"},"classes":[]},{"id":439727,"url":"https:\/\/kohenavocats.com\/zh-hans\/cour-dappel-de-rennes-le-5-mars-2026-n22-00855\/","url_meta":{"origin":663953,"position":4},"title":"Cour d&#8217;appel de Rennes, le 5 mars 2026, n\u00b022\/00855","author":"Kohen","date":"2026\u5e743\u670827\u65e5","format":false,"excerpt":"La Cour d\u2019appel de Rennes, dans un arr\u00eat du 5 mars\u2026","rel":"","context":"\u5728\u201cCour d'appel\u201d\u4e2d","block_context":{"text":"Cour d'appel","link":"https:\/\/kohenavocats.com\/category\/cour-dappel\/"},"img":{"alt_text":"","src":"https:\/\/i0.wp.com\/kohenavocats.com\/wp-content\/uploads\/2024\/11\/mohamed-nohassi-Qi-Qyp5vc3o-unsplash.webp?resize=350%2C200&ssl=1","width":350,"height":200,"srcset":"https:\/\/i0.wp.com\/kohenavocats.com\/wp-content\/uploads\/2024\/11\/mohamed-nohassi-Qi-Qyp5vc3o-unsplash.webp?resize=350%2C200&ssl=1 1x, https:\/\/i0.wp.com\/kohenavocats.com\/wp-content\/uploads\/2024\/11\/mohamed-nohassi-Qi-Qyp5vc3o-unsplash.webp?resize=525%2C300&ssl=1 1.5x, https:\/\/i0.wp.com\/kohenavocats.com\/wp-content\/uploads\/2024\/11\/mohamed-nohassi-Qi-Qyp5vc3o-unsplash.webp?resize=700%2C400&ssl=1 2x, https:\/\/i0.wp.com\/kohenavocats.com\/wp-content\/uploads\/2024\/11\/mohamed-nohassi-Qi-Qyp5vc3o-unsplash.webp?resize=1050%2C600&ssl=1 3x, https:\/\/i0.wp.com\/kohenavocats.com\/wp-content\/uploads\/2024\/11\/mohamed-nohassi-Qi-Qyp5vc3o-unsplash.webp?resize=1400%2C800&ssl=1 4x"},"classes":[]},{"id":423717,"url":"https:\/\/kohenavocats.com\/zh-hans\/cour-dappel-de-paris-le-1-mars-2012-n11-00804\/","url_meta":{"origin":663953,"position":5},"title":"Cour d&#8217;appel de Paris, le 1 mars 2012, n\u00b011\/00804","author":"Kohen","date":"2026\u5e743\u670823\u65e5","format":false,"excerpt":"La Cour d\u2019appel de Paris, dans un arr\u00eat du 1er mar\u2026","rel":"","context":"\u5728\u201cCour d'appel\u201d\u4e2d","block_context":{"text":"Cour d'appel","link":"https:\/\/kohenavocats.com\/category\/cour-dappel\/"},"img":{"alt_text":"","src":"https:\/\/i0.wp.com\/kohenavocats.com\/wp-content\/uploads\/2024\/11\/getty-images-2F-9_XQYhP8-unsplash.webp?resize=350%2C200&ssl=1","width":350,"height":200,"srcset":"https:\/\/i0.wp.com\/kohenavocats.com\/wp-content\/uploads\/2024\/11\/getty-images-2F-9_XQYhP8-unsplash.webp?resize=350%2C200&ssl=1 1x, https:\/\/i0.wp.com\/kohenavocats.com\/wp-content\/uploads\/2024\/11\/getty-images-2F-9_XQYhP8-unsplash.webp?resize=525%2C300&ssl=1 1.5x, https:\/\/i0.wp.com\/kohenavocats.com\/wp-content\/uploads\/2024\/11\/getty-images-2F-9_XQYhP8-unsplash.webp?resize=700%2C400&ssl=1 2x, https:\/\/i0.wp.com\/kohenavocats.com\/wp-content\/uploads\/2024\/11\/getty-images-2F-9_XQYhP8-unsplash.webp?resize=1050%2C600&ssl=1 3x, https:\/\/i0.wp.com\/kohenavocats.com\/wp-content\/uploads\/2024\/11\/getty-images-2F-9_XQYhP8-unsplash.webp?resize=1400%2C800&ssl=1 4x"},"classes":[]}],"jetpack_sharing_enabled":true,"_links":{"self":[{"href":"https:\/\/kohenavocats.com\/zh-hans\/wp-json\/wp\/v2\/posts\/663953","targetHints":{"allow":["GET"]}}],"collection":[{"href":"https:\/\/kohenavocats.com\/zh-hans\/wp-json\/wp\/v2\/posts"}],"about":[{"href":"https:\/\/kohenavocats.com\/zh-hans\/wp-json\/wp\/v2\/types\/post"}],"author":[{"embeddable":true,"href":"https:\/\/kohenavocats.com\/zh-hans\/wp-json\/wp\/v2\/users\/232070755"}],"replies":[{"embeddable":true,"href":"https:\/\/kohenavocats.com\/zh-hans\/wp-json\/wp\/v2\/comments?post=663953"}],"version-history":[{"count":1,"href":"https:\/\/kohenavocats.com\/zh-hans\/wp-json\/wp\/v2\/posts\/663953\/revisions"}],"predecessor-version":[{"id":697701,"href":"https:\/\/kohenavocats.com\/zh-hans\/wp-json\/wp\/v2\/posts\/663953\/revisions\/697701"}],"wp:featuredmedia":[{"embeddable":true,"href":"https:\/\/kohenavocats.com\/zh-hans\/wp-json\/wp\/v2\/media\/4896"}],"wp:attachment":[{"href":"https:\/\/kohenavocats.com\/zh-hans\/wp-json\/wp\/v2\/media?parent=663953"}],"wp:term":[{"taxonomy":"category","embeddable":true,"href":"https:\/\/kohenavocats.com\/zh-hans\/wp-json\/wp\/v2\/categories?post=663953"},{"taxonomy":"post_tag","embeddable":true,"href":"https:\/\/kohenavocats.com\/zh-hans\/wp-json\/wp\/v2\/tags?post=663953"}],"curies":[{"name":"wp","href":"https:\/\/api.w.org\/{rel}","templated":true}]}}