{"id":663977,"date":"2026-04-23T21:59:24","date_gmt":"2026-04-23T19:59:24","guid":{"rendered":"https:\/\/kohenavocats.com\/cour-dappel-de-rouen-le-3-juillet-2025-n24-12904\/"},"modified":"2026-04-23T21:59:24","modified_gmt":"2026-04-23T19:59:24","slug":"cour-dappel-de-rouen-le-3-juillet-2025-n24-12904","status":"publish","type":"post","link":"https:\/\/kohenavocats.com\/zh-hans\/cour-dappel-de-rouen-le-3-juillet-2025-n24-12904\/","title":{"rendered":"Cour d&#8217;appel de Rouen, le 3 juillet 2025, n\u00b024\/12904"},"content":{"rendered":"<div class=\"article-content\">\n<p>La Cour d&#8217;appel de Rouen, le 3 juillet 2025, statue sur un pourvoi form\u00e9 contre un jugement ayant rejet\u00e9 une action en paiement d&#8217;un cr\u00e9dit. Le premier juge avait estim\u00e9 que l&#8217;\u00e9tablissement financier ne justifiait pas de la signature \u00e9lectronique s\u00e9curis\u00e9e de l&#8217;offre par l&#8217;emprunteur, absent \u00e0 l&#8217;audience. La Cour d&#8217;appel devait d\u00e9terminer si le juge avait exc\u00e9d\u00e9 ses pouvoirs en soulevant ce moyen d&#8217;office et si la preuve de l&#8217;obligation \u00e9tait rapport\u00e9e. Elle infirme le jugement et condamne l&#8217;emprunteur au paiement des sommes dues.<\/p>\n<p>Le contr\u00f4le du juge sur la r\u00e9gularit\u00e9 de la demande<\/p>\n<p>L&#8217;\u00e9tendue des pouvoirs du juge en l&#8217;absence de comparution<br \/>\nL&#8217;appelante contestait la facult\u00e9 pour le juge de soulever d&#8217;office un moyen \u00e9tranger au code de la consommation. La cour rappelle les principes directeurs du proc\u00e8s civil. Selon l&#8217;article 472 du code de proc\u00e9dure civile, si le d\u00e9fendeur ne compara\u00eet pas, il est n\u00e9anmoins statu\u00e9 sur le fond. Le juge ne fait droit \u00e0 la demande que dans la mesure o\u00f9 il l&#8217;estime r\u00e9guli\u00e8re, recevable et bien fond\u00e9e. Cette disposition conf\u00e8re au juge un pouvoir g\u00e9n\u00e9ral d&#8217;appr\u00e9ciation des \u00e9l\u00e9ments produits. Il doit v\u00e9rifier que les conditions d&#8217;application des textes invoqu\u00e9s sont remplies. La signature du contrat fait partie int\u00e9grante des \u00e9l\u00e9ments soumis aux d\u00e9bats. Le juge exerce ainsi un contr\u00f4le de la recevabilit\u00e9 et du bien-fond\u00e9 de la demande.<\/p>\n<p>La distinction entre v\u00e9rification d&#8217;office et analyse des pi\u00e8ces<br \/>\nLa cour op\u00e8re une distinction essentielle pour rejeter le moyen. Elle estime que le premier juge n&#8217;a pas proc\u00e9d\u00e9 \u00e0 une v\u00e9rification de signature au sens de l&#8217;article 287. Il a simplement constat\u00e9 l&#8217;insuffisance des pi\u00e8ces justificatives produites. &#8220;C&#8217;est donc en proc\u00e9dant \u00e0 une analyse des pi\u00e8ces soumises aux d\u00e9bats que le premier juge a rejet\u00e9 la demande en paiement, sans exc\u00e9der ses pouvoirs.&#8221; (Cour d&#8217;appel de Rouen, le 3 juillet 2025, n\u00b024\/03166). Cette analyse rel\u00e8ve de son office, particuli\u00e8rement en l&#8217;absence de comparution. La solution affirme l&#8217;autonomie du juge dans l&#8217;examen probatoire. Elle renforce sa mission de garantie contre les demandes insuffisamment \u00e9tay\u00e9es.<\/p>\n<p>L&#8217;apport de la preuve de l&#8217;obligation contractuelle<\/p>\n<p>La force probante de la signature \u00e9lectronique qualifi\u00e9e<br \/>\nLa cour examine ensuite les pi\u00e8ces produites en appel pour \u00e9tablir l&#8217;obligation. Elle rappelle le r\u00e9gime probatoire de l&#8217;\u00e9crit et de la signature \u00e9lectronique. L&#8217;article 1367 alin\u00e9a 2 du code civil dispose que la fiabilit\u00e9 du proc\u00e9d\u00e9 est pr\u00e9sum\u00e9e lorsqu&#8217;il est cr\u00e9\u00e9 dans des conditions fix\u00e9es par d\u00e9cret. Le d\u00e9cret de 2017 pr\u00e9voit cette pr\u00e9somption pour la signature \u00e9lectronique qualifi\u00e9e. En l&#8217;esp\u00e8ce, l&#8217;appelante produit une attestation de signature \u00e9lectronique \u00e9tablie par un prestataire de service de confiance. Elle communique \u00e9galement le fichier de preuve avec la chronologie compl\u00e8te de la transaction. Ces \u00e9l\u00e9ments permettent d&#8217;identifier le signataire et de garantir l&#8217;int\u00e9grit\u00e9 de l&#8217;acte.<\/p>\n<p>La d\u00e9monstration suffisante de la conclusion du contrat<br \/>\nLa cour constate que les pi\u00e8ces nouvelles apportent la preuve manquante en premi\u00e8re instance. &#8220;Il en r\u00e9sulte suffisamment que dans le cadre de la transaction 02021110200798144892605449002, M. [Z] a appos\u00e9 sa signature \u00e9lectronique le 2 novembre 2021 \u00e0 compter de 14 heures 29 minutes et 45 secondes sur l&#8217;offre de cr\u00e9dit.&#8221; (Motifs de la d\u00e9cision). Aucun \u00e9l\u00e9ment ne vient contredire la pr\u00e9somption de fiabilit\u00e9 du proc\u00e9d\u00e9 utilis\u00e9. L&#8217;historique de compte atteste du d\u00e9blocage des fonds et du pr\u00e9l\u00e8vement initial des \u00e9ch\u00e9ances. La cour en d\u00e9duit que l&#8217;obligation est suffisamment \u00e9tablie. Cette analyse rejoint celle d&#8217;une autre juridiction sur un point de droit similaire. &#8220;Il ressort suffisamment que dans le cadre de la transaction [&#8230;] l&#8217;emprunteur a \u00e9t\u00e9 identifi\u00e9 par l&#8217;envoi d&#8217;un code par SMS.&#8221; (Cour d&#8217;appel de Metz, le 14 ao\u00fbt 2025, n\u00b024\/00268). La d\u00e9cision pr\u00e9cise les exigences probatoires pour les contrats \u00e9lectroniques.<\/p>\n<p>Cet arr\u00eat illustre l&#8217;\u00e9quilibre entre les pouvoirs du juge et les exigences de la preuve. Il confirme l&#8217;\u00e9tendue du contr\u00f4le exerc\u00e9 sur les demandes en l&#8217;absence de d\u00e9fense. La cour valide le rejet initial fond\u00e9 sur une production documentaire insuffisante. Elle d\u00e9montre ensuite la possibilit\u00e9 de r\u00e9gulariser cette preuve en appel par des \u00e9l\u00e9ments probants. La solution s\u00e9curise ainsi la force ex\u00e9cutoire des contrats sous forme \u00e9lectronique. Elle exige des cr\u00e9anciers une documentation compl\u00e8te et fiable des processus de signature. La port\u00e9e de l&#8217;arr\u00eat est significative pour la pratique des institutions financi\u00e8res. Elle les incite \u00e0 conserver et \u00e0 produire l&#8217;int\u00e9gralit\u00e9 des preuves techniques de la transaction.<\/p>\n<\/div>\n","protected":false},"excerpt":{"rendered":"<p>La Cour d&#8217;appel de Rouen, le 3 juillet 2025, statue sur un pourvoi form\u00e9 contre un jugement ayant rejet\u00e9 une action en paiement d&#8217;un cr\u00e9dit. Le premier juge &#8230;<\/p>\n","protected":false},"author":232070755,"featured_media":3909,"comment_status":"open","ping_status":"open","sticky":false,"template":"","format":"standard","meta":{"_crdt_document":"","_jetpack_newsletter_access":"","_jetpack_dont_email_post_to_subs":false,"_jetpack_newsletter_tier_id":0,"_jetpack_memberships_contains_paywalled_content":false,"_kj_source_type":"judilibre","_kj_official_id":"68d621a3fd95ebd9ab3855ce","_kj_official_url":"https:\/\/www.courdecassation.fr\/decision\/68d621a3fd95ebd9ab3855ce","_kj_judilibre_id":"68d621a3fd95ebd9ab3855ce","_kj_jur":"Cour d'appel","_kj_lieu":"Cour d'appel de Paris","_kj_chambre":"P\u00f4le 4 - Chambre 9 - A","_kj_rg":"24\/12904","_kj_date":"2025-09-25","_jetpack_memberships_contains_paid_content":false,"footnotes":"","jetpack_post_was_ever_published":false},"categories":[7597],"tags":[],"class_list":["post-663977","post","type-post","status-publish","format-standard","has-post-thumbnail","hentry","category-jurisprudence"],"yoast_head":"<!-- This site is optimized with the Yoast SEO Premium plugin v27.5 (Yoast SEO v27.5) - https:\/\/yoast.com\/product\/yoast-seo-premium-wordpress\/ -->\n<title>Cour d&#039;appel de Rouen, le 3 juillet 2025, n\u00b024\/12904 - Ma\u00eetre Hassan Kohen, avocat en droit p\u00e9nal \u00e0 Paris<\/title>\n<meta name=\"description\" content=\"La Cour d&#039;appel de Rouen, le 3 juillet 2025, statue sur un pourvoi form\u00e9 contre un jugement ayant rejet\u00e9 une action en paiement d&#039;un cr\u00e9dit. Le premier juge ...\" \/>\n<meta name=\"robots\" content=\"index, follow, max-snippet:-1, max-image-preview:large, max-video-preview:-1\" \/>\n<link rel=\"canonical\" href=\"https:\/\/kohenavocats.com\/zh-hans\/cour-dappel-de-rouen-le-3-juillet-2025-n24-12904\/\" \/>\n<meta property=\"og:locale\" content=\"zh_CN\" \/>\n<meta property=\"og:type\" content=\"article\" \/>\n<meta property=\"og:title\" content=\"Cour d&#039;appel de Rouen, le 3 juillet 2025, n\u00b024\/12904\" \/>\n<meta property=\"og:description\" content=\"La Cour d&#039;appel de Rouen, le 3 juillet 2025, statue sur un pourvoi form\u00e9 contre un jugement ayant rejet\u00e9 une action en paiement d&#039;un cr\u00e9dit. Le premier juge ...\" \/>\n<meta property=\"og:url\" content=\"https:\/\/kohenavocats.com\/zh-hans\/cour-dappel-de-rouen-le-3-juillet-2025-n24-12904\/\" \/>\n<meta property=\"og:site_name\" content=\"Ma\u00eetre Hassan Kohen, avocat en droit p\u00e9nal \u00e0 Paris\" \/>\n<meta property=\"article:published_time\" content=\"2026-04-23T19:59:24+00:00\" \/>\n<meta property=\"og:image\" content=\"https:\/\/kohenavocats.com\/wp-content\/uploads\/2024\/07\/louis-velazquez-XWW746i6WoM-unsplash.webp\" \/>\n\t<meta property=\"og:image:width\" content=\"5472\" \/>\n\t<meta property=\"og:image:height\" content=\"3648\" \/>\n\t<meta property=\"og:image:type\" content=\"image\/webp\" \/>\n<meta name=\"author\" content=\"Kohen\" \/>\n<meta name=\"twitter:card\" content=\"summary_large_image\" \/>\n<meta name=\"twitter:label1\" content=\"\u4f5c\u8005\" \/>\n\t<meta name=\"twitter:data1\" content=\"Kohen\" \/>\n\t<meta name=\"twitter:label2\" content=\"\u9884\u8ba1\u9605\u8bfb\u65f6\u95f4\" \/>\n\t<meta name=\"twitter:data2\" content=\"4 \u5206\" \/>\n<script type=\"application\/ld+json\" class=\"yoast-schema-graph\">{\"@context\":\"https:\\\/\\\/schema.org\",\"@graph\":[{\"@type\":\"Article\",\"@id\":\"https:\\\/\\\/kohenavocats.com\\\/zh-hans\\\/cour-dappel-de-rouen-le-3-juillet-2025-n24-12904\\\/#article\",\"isPartOf\":{\"@id\":\"https:\\\/\\\/kohenavocats.com\\\/zh-hans\\\/cour-dappel-de-rouen-le-3-juillet-2025-n24-12904\\\/\"},\"author\":{\"name\":\"Kohen\",\"@id\":\"https:\\\/\\\/kohenavocats.com\\\/zh-hans\\\/#\\\/schema\\\/person\\\/761c9ba54fa1ca84d405cef0831ff751\"},\"headline\":\"Cour d&#8217;appel de Rouen, le 3 juillet 2025, n\u00b024\\\/12904\",\"datePublished\":\"2026-04-23T19:59:24+00:00\",\"mainEntityOfPage\":{\"@id\":\"https:\\\/\\\/kohenavocats.com\\\/zh-hans\\\/cour-dappel-de-rouen-le-3-juillet-2025-n24-12904\\\/\"},\"wordCount\":834,\"commentCount\":0,\"publisher\":{\"@id\":\"https:\\\/\\\/kohenavocats.com\\\/zh-hans\\\/#organization\"},\"image\":{\"@id\":\"https:\\\/\\\/kohenavocats.com\\\/zh-hans\\\/cour-dappel-de-rouen-le-3-juillet-2025-n24-12904\\\/#primaryimage\"},\"thumbnailUrl\":\"https:\\\/\\\/kohenavocats.com\\\/wp-content\\\/uploads\\\/2024\\\/07\\\/louis-velazquez-XWW746i6WoM-unsplash.webp\",\"articleSection\":[\"Jurisprudence\"],\"inLanguage\":\"zh-Hans\",\"potentialAction\":[{\"@type\":\"CommentAction\",\"name\":\"Comment\",\"target\":[\"https:\\\/\\\/kohenavocats.com\\\/zh-hans\\\/cour-dappel-de-rouen-le-3-juillet-2025-n24-12904\\\/#respond\"]}],\"citation\":\"Cour d&#8217;appel de Rouen, le 3 juillet 2025, n\u00b024\\\/12904\",\"about\":[{\"@type\":\"Thing\",\"name\":\"Jurisprudence\"}],\"dateModified\":\"2026-04-23T19:59:24+00:00\",\"speakable\":{\"@type\":\"SpeakableSpecification\",\"cssSelector\":[\".article-content > p:first-of-type\"]}},{\"@type\":\"WebPage\",\"@id\":\"https:\\\/\\\/kohenavocats.com\\\/zh-hans\\\/cour-dappel-de-rouen-le-3-juillet-2025-n24-12904\\\/\",\"url\":\"https:\\\/\\\/kohenavocats.com\\\/zh-hans\\\/cour-dappel-de-rouen-le-3-juillet-2025-n24-12904\\\/\",\"name\":\"Cour d'appel de Rouen, le 3 juillet 2025, n\u00b024\\\/12904 - Ma\u00eetre Hassan Kohen, avocat en droit p\u00e9nal \u00e0 Paris\",\"isPartOf\":{\"@id\":\"https:\\\/\\\/kohenavocats.com\\\/zh-hans\\\/#website\"},\"primaryImageOfPage\":{\"@id\":\"https:\\\/\\\/kohenavocats.com\\\/zh-hans\\\/cour-dappel-de-rouen-le-3-juillet-2025-n24-12904\\\/#primaryimage\"},\"image\":{\"@id\":\"https:\\\/\\\/kohenavocats.com\\\/zh-hans\\\/cour-dappel-de-rouen-le-3-juillet-2025-n24-12904\\\/#primaryimage\"},\"thumbnailUrl\":\"https:\\\/\\\/kohenavocats.com\\\/wp-content\\\/uploads\\\/2024\\\/07\\\/louis-velazquez-XWW746i6WoM-unsplash.webp\",\"datePublished\":\"2026-04-23T19:59:24+00:00\",\"description\":\"La Cour d'appel de Rouen, le 3 juillet 2025, statue sur un pourvoi form\u00e9 contre un jugement ayant rejet\u00e9 une action en paiement d'un cr\u00e9dit. Le premier juge ...\",\"breadcrumb\":{\"@id\":\"https:\\\/\\\/kohenavocats.com\\\/zh-hans\\\/cour-dappel-de-rouen-le-3-juillet-2025-n24-12904\\\/#breadcrumb\"},\"inLanguage\":\"zh-Hans\",\"potentialAction\":[{\"@type\":\"ReadAction\",\"target\":[\"https:\\\/\\\/kohenavocats.com\\\/zh-hans\\\/cour-dappel-de-rouen-le-3-juillet-2025-n24-12904\\\/\"]}]},{\"@type\":\"ImageObject\",\"inLanguage\":\"zh-Hans\",\"@id\":\"https:\\\/\\\/kohenavocats.com\\\/zh-hans\\\/cour-dappel-de-rouen-le-3-juillet-2025-n24-12904\\\/#primaryimage\",\"url\":\"https:\\\/\\\/kohenavocats.com\\\/wp-content\\\/uploads\\\/2024\\\/07\\\/louis-velazquez-XWW746i6WoM-unsplash.webp\",\"contentUrl\":\"https:\\\/\\\/kohenavocats.com\\\/wp-content\\\/uploads\\\/2024\\\/07\\\/louis-velazquez-XWW746i6WoM-unsplash.webp\",\"width\":5472,\"height\":3648},{\"@type\":\"BreadcrumbList\",\"@id\":\"https:\\\/\\\/kohenavocats.com\\\/zh-hans\\\/cour-dappel-de-rouen-le-3-juillet-2025-n24-12904\\\/#breadcrumb\",\"itemListElement\":[{\"@type\":\"ListItem\",\"position\":1,\"name\":\"Home\",\"item\":\"https:\\\/\\\/kohenavocats.com\\\/zh-hans\\\/\"},{\"@type\":\"ListItem\",\"position\":2,\"name\":\"Cour d&rsquo;appel de Rouen, le 3 juillet 2025, n\u00b024\\\/12904\"}]},{\"@type\":\"WebSite\",\"@id\":\"https:\\\/\\\/kohenavocats.com\\\/zh-hans\\\/#website\",\"url\":\"https:\\\/\\\/kohenavocats.com\\\/zh-hans\\\/\",\"name\":\"Kohen Avocats\",\"description\":\"Ma\u00eetre Hassan Kohen, avocat p\u00e9naliste \u00e0 Paris, intervient exclusivement en droit p\u00e9nal pour la d\u00e9fense des particuliers, notamment en mati\u00e8re d\u2019accusations de viol. Il assure un accompagnement rigoureux d\u00e8s la garde \u00e0 vue jusqu\u2019\u00e0 la Cour d\u2019assises, veillant au strict respect des garanties proc\u00e9durales.\",\"publisher\":{\"@id\":\"https:\\\/\\\/kohenavocats.com\\\/zh-hans\\\/#organization\"},\"potentialAction\":[{\"@type\":\"SearchAction\",\"target\":{\"@type\":\"EntryPoint\",\"urlTemplate\":\"https:\\\/\\\/kohenavocats.com\\\/zh-hans\\\/?s={search_term_string}\"},\"query-input\":{\"@type\":\"PropertyValueSpecification\",\"valueRequired\":true,\"valueName\":\"search_term_string\"}}],\"inLanguage\":\"zh-Hans\"},{\"@type\":\"Organization\",\"@id\":\"https:\\\/\\\/kohenavocats.com\\\/zh-hans\\\/#organization\",\"name\":\"Kohen Avocats\",\"url\":\"https:\\\/\\\/kohenavocats.com\\\/zh-hans\\\/\",\"logo\":{\"@type\":\"ImageObject\",\"inLanguage\":\"zh-Hans\",\"@id\":\"https:\\\/\\\/kohenavocats.com\\\/zh-hans\\\/#\\\/schema\\\/logo\\\/image\\\/\",\"url\":\"https:\\\/\\\/kohenavocats.com\\\/wp-content\\\/uploads\\\/2026\\\/01\\\/Logo-2-1.webp\",\"contentUrl\":\"https:\\\/\\\/kohenavocats.com\\\/wp-content\\\/uploads\\\/2026\\\/01\\\/Logo-2-1.webp\",\"width\":2114,\"height\":1253,\"caption\":\"Kohen Avocats\"},\"image\":{\"@id\":\"https:\\\/\\\/kohenavocats.com\\\/zh-hans\\\/#\\\/schema\\\/logo\\\/image\\\/\"}},{\"@type\":\"Person\",\"@id\":\"https:\\\/\\\/kohenavocats.com\\\/zh-hans\\\/#\\\/schema\\\/person\\\/761c9ba54fa1ca84d405cef0831ff751\",\"name\":\"Kohen\",\"image\":{\"@type\":\"ImageObject\",\"inLanguage\":\"zh-Hans\",\"@id\":\"https:\\\/\\\/secure.gravatar.com\\\/avatar\\\/1c5e76ef76bbbfdd2b4da984e2bf2fa4056fd51a27d25ce2c332047f1dfd6e00?s=96&d=identicon&r=g\",\"url\":\"https:\\\/\\\/secure.gravatar.com\\\/avatar\\\/1c5e76ef76bbbfdd2b4da984e2bf2fa4056fd51a27d25ce2c332047f1dfd6e00?s=96&d=identicon&r=g\",\"contentUrl\":\"https:\\\/\\\/secure.gravatar.com\\\/avatar\\\/1c5e76ef76bbbfdd2b4da984e2bf2fa4056fd51a27d25ce2c332047f1dfd6e00?s=96&d=identicon&r=g\",\"caption\":\"Kohen\"},\"sameAs\":[\"https:\\\/\\\/www.linkedin.com\\\/in\\\/hassan-kohen-448548192\\\/\",\"https:\\\/\\\/www.youtube.com\\\/@Kohen-Avocats\"],\"url\":\"https:\\\/\\\/kohenavocats.com\\\/zh-hans\\\/author\\\/kohenmlk\\\/\"}]}<\/script>\n<!-- \/ Yoast SEO Premium plugin. -->","yoast_head_json":{"title":"Cour d'appel de Rouen, le 3 juillet 2025, n\u00b024\/12904 - Ma\u00eetre Hassan Kohen, avocat en droit p\u00e9nal \u00e0 Paris","description":"La Cour d'appel de Rouen, le 3 juillet 2025, statue sur un pourvoi form\u00e9 contre un jugement ayant rejet\u00e9 une action en paiement d'un cr\u00e9dit. Le premier juge ...","robots":{"index":"index","follow":"follow","max-snippet":"max-snippet:-1","max-image-preview":"max-image-preview:large","max-video-preview":"max-video-preview:-1"},"canonical":"https:\/\/kohenavocats.com\/zh-hans\/cour-dappel-de-rouen-le-3-juillet-2025-n24-12904\/","og_locale":"zh_CN","og_type":"article","og_title":"Cour d'appel de Rouen, le 3 juillet 2025, n\u00b024\/12904","og_description":"La Cour d'appel de Rouen, le 3 juillet 2025, statue sur un pourvoi form\u00e9 contre un jugement ayant rejet\u00e9 une action en paiement d'un cr\u00e9dit. Le premier juge ...","og_url":"https:\/\/kohenavocats.com\/zh-hans\/cour-dappel-de-rouen-le-3-juillet-2025-n24-12904\/","og_site_name":"Ma\u00eetre Hassan Kohen, avocat en droit p\u00e9nal \u00e0 Paris","article_published_time":"2026-04-23T19:59:24+00:00","og_image":[{"width":5472,"height":3648,"url":"https:\/\/kohenavocats.com\/wp-content\/uploads\/2024\/07\/louis-velazquez-XWW746i6WoM-unsplash.webp","type":"image\/webp"}],"author":"Kohen","twitter_card":"summary_large_image","twitter_misc":{"\u4f5c\u8005":"Kohen","\u9884\u8ba1\u9605\u8bfb\u65f6\u95f4":"4 \u5206"},"schema":{"@context":"https:\/\/schema.org","@graph":[{"@type":"Article","@id":"https:\/\/kohenavocats.com\/zh-hans\/cour-dappel-de-rouen-le-3-juillet-2025-n24-12904\/#article","isPartOf":{"@id":"https:\/\/kohenavocats.com\/zh-hans\/cour-dappel-de-rouen-le-3-juillet-2025-n24-12904\/"},"author":{"name":"Kohen","@id":"https:\/\/kohenavocats.com\/zh-hans\/#\/schema\/person\/761c9ba54fa1ca84d405cef0831ff751"},"headline":"Cour d&#8217;appel de Rouen, le 3 juillet 2025, n\u00b024\/12904","datePublished":"2026-04-23T19:59:24+00:00","mainEntityOfPage":{"@id":"https:\/\/kohenavocats.com\/zh-hans\/cour-dappel-de-rouen-le-3-juillet-2025-n24-12904\/"},"wordCount":834,"commentCount":0,"publisher":{"@id":"https:\/\/kohenavocats.com\/zh-hans\/#organization"},"image":{"@id":"https:\/\/kohenavocats.com\/zh-hans\/cour-dappel-de-rouen-le-3-juillet-2025-n24-12904\/#primaryimage"},"thumbnailUrl":"https:\/\/kohenavocats.com\/wp-content\/uploads\/2024\/07\/louis-velazquez-XWW746i6WoM-unsplash.webp","articleSection":["Jurisprudence"],"inLanguage":"zh-Hans","potentialAction":[{"@type":"CommentAction","name":"Comment","target":["https:\/\/kohenavocats.com\/zh-hans\/cour-dappel-de-rouen-le-3-juillet-2025-n24-12904\/#respond"]}],"citation":"Cour d&#8217;appel de Rouen, le 3 juillet 2025, n\u00b024\/12904","about":[{"@type":"Thing","name":"Jurisprudence"}],"dateModified":"2026-04-23T19:59:24+00:00","speakable":{"@type":"SpeakableSpecification","cssSelector":[".article-content > p:first-of-type"]}},{"@type":"WebPage","@id":"https:\/\/kohenavocats.com\/zh-hans\/cour-dappel-de-rouen-le-3-juillet-2025-n24-12904\/","url":"https:\/\/kohenavocats.com\/zh-hans\/cour-dappel-de-rouen-le-3-juillet-2025-n24-12904\/","name":"Cour d'appel de Rouen, le 3 juillet 2025, n\u00b024\/12904 - Ma\u00eetre Hassan Kohen, avocat en droit p\u00e9nal \u00e0 Paris","isPartOf":{"@id":"https:\/\/kohenavocats.com\/zh-hans\/#website"},"primaryImageOfPage":{"@id":"https:\/\/kohenavocats.com\/zh-hans\/cour-dappel-de-rouen-le-3-juillet-2025-n24-12904\/#primaryimage"},"image":{"@id":"https:\/\/kohenavocats.com\/zh-hans\/cour-dappel-de-rouen-le-3-juillet-2025-n24-12904\/#primaryimage"},"thumbnailUrl":"https:\/\/kohenavocats.com\/wp-content\/uploads\/2024\/07\/louis-velazquez-XWW746i6WoM-unsplash.webp","datePublished":"2026-04-23T19:59:24+00:00","description":"La Cour d'appel de Rouen, le 3 juillet 2025, statue sur un pourvoi form\u00e9 contre un jugement ayant rejet\u00e9 une action en paiement d'un cr\u00e9dit. Le premier juge ...","breadcrumb":{"@id":"https:\/\/kohenavocats.com\/zh-hans\/cour-dappel-de-rouen-le-3-juillet-2025-n24-12904\/#breadcrumb"},"inLanguage":"zh-Hans","potentialAction":[{"@type":"ReadAction","target":["https:\/\/kohenavocats.com\/zh-hans\/cour-dappel-de-rouen-le-3-juillet-2025-n24-12904\/"]}]},{"@type":"ImageObject","inLanguage":"zh-Hans","@id":"https:\/\/kohenavocats.com\/zh-hans\/cour-dappel-de-rouen-le-3-juillet-2025-n24-12904\/#primaryimage","url":"https:\/\/kohenavocats.com\/wp-content\/uploads\/2024\/07\/louis-velazquez-XWW746i6WoM-unsplash.webp","contentUrl":"https:\/\/kohenavocats.com\/wp-content\/uploads\/2024\/07\/louis-velazquez-XWW746i6WoM-unsplash.webp","width":5472,"height":3648},{"@type":"BreadcrumbList","@id":"https:\/\/kohenavocats.com\/zh-hans\/cour-dappel-de-rouen-le-3-juillet-2025-n24-12904\/#breadcrumb","itemListElement":[{"@type":"ListItem","position":1,"name":"Home","item":"https:\/\/kohenavocats.com\/zh-hans\/"},{"@type":"ListItem","position":2,"name":"Cour d&rsquo;appel de Rouen, le 3 juillet 2025, n\u00b024\/12904"}]},{"@type":"WebSite","@id":"https:\/\/kohenavocats.com\/zh-hans\/#website","url":"https:\/\/kohenavocats.com\/zh-hans\/","name":"Kohen Avocats","description":"Ma\u00eetre Hassan Kohen, avocat p\u00e9naliste \u00e0 Paris, intervient exclusivement en droit p\u00e9nal pour la d\u00e9fense des particuliers, notamment en mati\u00e8re d\u2019accusations de viol. Il assure un accompagnement rigoureux d\u00e8s la garde \u00e0 vue jusqu\u2019\u00e0 la Cour d\u2019assises, veillant au strict respect des garanties proc\u00e9durales.","publisher":{"@id":"https:\/\/kohenavocats.com\/zh-hans\/#organization"},"potentialAction":[{"@type":"SearchAction","target":{"@type":"EntryPoint","urlTemplate":"https:\/\/kohenavocats.com\/zh-hans\/?s={search_term_string}"},"query-input":{"@type":"PropertyValueSpecification","valueRequired":true,"valueName":"search_term_string"}}],"inLanguage":"zh-Hans"},{"@type":"Organization","@id":"https:\/\/kohenavocats.com\/zh-hans\/#organization","name":"Kohen Avocats","url":"https:\/\/kohenavocats.com\/zh-hans\/","logo":{"@type":"ImageObject","inLanguage":"zh-Hans","@id":"https:\/\/kohenavocats.com\/zh-hans\/#\/schema\/logo\/image\/","url":"https:\/\/kohenavocats.com\/wp-content\/uploads\/2026\/01\/Logo-2-1.webp","contentUrl":"https:\/\/kohenavocats.com\/wp-content\/uploads\/2026\/01\/Logo-2-1.webp","width":2114,"height":1253,"caption":"Kohen Avocats"},"image":{"@id":"https:\/\/kohenavocats.com\/zh-hans\/#\/schema\/logo\/image\/"}},{"@type":"Person","@id":"https:\/\/kohenavocats.com\/zh-hans\/#\/schema\/person\/761c9ba54fa1ca84d405cef0831ff751","name":"Kohen","image":{"@type":"ImageObject","inLanguage":"zh-Hans","@id":"https:\/\/secure.gravatar.com\/avatar\/1c5e76ef76bbbfdd2b4da984e2bf2fa4056fd51a27d25ce2c332047f1dfd6e00?s=96&d=identicon&r=g","url":"https:\/\/secure.gravatar.com\/avatar\/1c5e76ef76bbbfdd2b4da984e2bf2fa4056fd51a27d25ce2c332047f1dfd6e00?s=96&d=identicon&r=g","contentUrl":"https:\/\/secure.gravatar.com\/avatar\/1c5e76ef76bbbfdd2b4da984e2bf2fa4056fd51a27d25ce2c332047f1dfd6e00?s=96&d=identicon&r=g","caption":"Kohen"},"sameAs":["https:\/\/www.linkedin.com\/in\/hassan-kohen-448548192\/","https:\/\/www.youtube.com\/@Kohen-Avocats"],"url":"https:\/\/kohenavocats.com\/zh-hans\/author\/kohenmlk\/"}]}},"jetpack_featured_media_url":"https:\/\/kohenavocats.com\/wp-content\/uploads\/2024\/07\/louis-velazquez-XWW746i6WoM-unsplash.webp","jetpack_likes_enabled":false,"jetpack_shortlink":"https:\/\/wp.me\/peCrII-2MJj","jetpack-related-posts":[{"id":479817,"url":"https:\/\/kohenavocats.com\/zh-hans\/cour-dappel-de-douai-le-6-mars-2025-n24-12016\/","url_meta":{"origin":663977,"position":0},"title":"Cour d&#8217;appel de Douai, le 6 mars 2025, n\u00b024\/12016","author":"Kohen","date":"2026\u5e744\u67087\u65e5","format":false,"excerpt":"La cour d'appel de Douai, statuant le 6 mars 2025,\u2026","rel":"","context":"\u5728\u201cJurisprudence\u201d\u4e2d","block_context":{"text":"Jurisprudence","link":"https:\/\/kohenavocats.com\/category\/jurisprudence\/"},"img":{"alt_text":"","src":"https:\/\/i0.wp.com\/kohenavocats.com\/wp-content\/uploads\/2024\/08\/simone-hutsch-xOLhD-qfoRI-unsplash.webp?resize=350%2C200&ssl=1","width":350,"height":200,"srcset":"https:\/\/i0.wp.com\/kohenavocats.com\/wp-content\/uploads\/2024\/08\/simone-hutsch-xOLhD-qfoRI-unsplash.webp?resize=350%2C200&ssl=1 1x, https:\/\/i0.wp.com\/kohenavocats.com\/wp-content\/uploads\/2024\/08\/simone-hutsch-xOLhD-qfoRI-unsplash.webp?resize=525%2C300&ssl=1 1.5x, https:\/\/i0.wp.com\/kohenavocats.com\/wp-content\/uploads\/2024\/08\/simone-hutsch-xOLhD-qfoRI-unsplash.webp?resize=700%2C400&ssl=1 2x, https:\/\/i0.wp.com\/kohenavocats.com\/wp-content\/uploads\/2024\/08\/simone-hutsch-xOLhD-qfoRI-unsplash.webp?resize=1050%2C600&ssl=1 3x, https:\/\/i0.wp.com\/kohenavocats.com\/wp-content\/uploads\/2024\/08\/simone-hutsch-xOLhD-qfoRI-unsplash.webp?resize=1400%2C800&ssl=1 4x"},"classes":[]},{"id":485363,"url":"https:\/\/kohenavocats.com\/zh-hans\/tribunal-judiciaire-de-rouen-le-25-juillet-2025-n25-00065\/","url_meta":{"origin":663977,"position":1},"title":"Tribunal judiciaire de Rouen, le 25 juillet 2025, n\u00b025\/00065","author":"Kohen","date":"2026\u5e744\u67088\u65e5","format":false,"excerpt":"Le Juge des contentieux de la protection, statuant\u2026","rel":"","context":"\u5728\u201cJurisprudence\u201d\u4e2d","block_context":{"text":"Jurisprudence","link":"https:\/\/kohenavocats.com\/category\/jurisprudence\/"},"img":{"alt_text":"","src":"https:\/\/i0.wp.com\/kohenavocats.com\/wp-content\/uploads\/2024\/08\/peter-ivey-hansen-K3qrgjT7N2M-unsplash.webp?resize=350%2C200&ssl=1","width":350,"height":200,"srcset":"https:\/\/i0.wp.com\/kohenavocats.com\/wp-content\/uploads\/2024\/08\/peter-ivey-hansen-K3qrgjT7N2M-unsplash.webp?resize=350%2C200&ssl=1 1x, https:\/\/i0.wp.com\/kohenavocats.com\/wp-content\/uploads\/2024\/08\/peter-ivey-hansen-K3qrgjT7N2M-unsplash.webp?resize=525%2C300&ssl=1 1.5x, https:\/\/i0.wp.com\/kohenavocats.com\/wp-content\/uploads\/2024\/08\/peter-ivey-hansen-K3qrgjT7N2M-unsplash.webp?resize=700%2C400&ssl=1 2x, https:\/\/i0.wp.com\/kohenavocats.com\/wp-content\/uploads\/2024\/08\/peter-ivey-hansen-K3qrgjT7N2M-unsplash.webp?resize=1050%2C600&ssl=1 3x, https:\/\/i0.wp.com\/kohenavocats.com\/wp-content\/uploads\/2024\/08\/peter-ivey-hansen-K3qrgjT7N2M-unsplash.webp?resize=1400%2C800&ssl=1 4x"},"classes":[]},{"id":479412,"url":"https:\/\/kohenavocats.com\/zh-hans\/tribunal-judiciaire-de-rouen-le-8-septembre-2025-n25-00376\/","url_meta":{"origin":663977,"position":2},"title":"Tribunal judiciaire de Rouen, le 8 septembre 2025, n\u00b025\/00376","author":"Kohen","date":"2026\u5e744\u67087\u65e5","format":false,"excerpt":"Le juge des contentieux de la protection, statuant\u2026","rel":"","context":"\u5728\u201cJurisprudence\u201d\u4e2d","block_context":{"text":"Jurisprudence","link":"https:\/\/kohenavocats.com\/category\/jurisprudence\/"},"img":{"alt_text":"","src":"https:\/\/i0.wp.com\/kohenavocats.com\/wp-content\/uploads\/2024\/08\/rafael-garcin-DnyhSrgrrNc-unsplash.webp?resize=350%2C200&ssl=1","width":350,"height":200,"srcset":"https:\/\/i0.wp.com\/kohenavocats.com\/wp-content\/uploads\/2024\/08\/rafael-garcin-DnyhSrgrrNc-unsplash.webp?resize=350%2C200&ssl=1 1x, https:\/\/i0.wp.com\/kohenavocats.com\/wp-content\/uploads\/2024\/08\/rafael-garcin-DnyhSrgrrNc-unsplash.webp?resize=525%2C300&ssl=1 1.5x, https:\/\/i0.wp.com\/kohenavocats.com\/wp-content\/uploads\/2024\/08\/rafael-garcin-DnyhSrgrrNc-unsplash.webp?resize=700%2C400&ssl=1 2x, https:\/\/i0.wp.com\/kohenavocats.com\/wp-content\/uploads\/2024\/08\/rafael-garcin-DnyhSrgrrNc-unsplash.webp?resize=1050%2C600&ssl=1 3x, https:\/\/i0.wp.com\/kohenavocats.com\/wp-content\/uploads\/2024\/08\/rafael-garcin-DnyhSrgrrNc-unsplash.webp?resize=1400%2C800&ssl=1 4x"},"classes":[]},{"id":484011,"url":"https:\/\/kohenavocats.com\/zh-hans\/tribunal-judiciaire-de-pontoise-le-25-novembre-2025-n25-00004\/","url_meta":{"origin":663977,"position":3},"title":"Tribunal judiciaire de Pontoise, le 25 novembre 2025, n\u00b025\/00004","author":"Kohen","date":"2026\u5e744\u67088\u65e5","format":false,"excerpt":"Le juge des contentieux de la protection, statuant\u2026","rel":"","context":"\u5728\u201cJurisprudence\u201d\u4e2d","block_context":{"text":"Jurisprudence","link":"https:\/\/kohenavocats.com\/category\/jurisprudence\/"},"img":{"alt_text":"","src":"https:\/\/i0.wp.com\/kohenavocats.com\/wp-content\/uploads\/2024\/08\/philippe-oursel-pWhx6q22d_I-unsplash.webp?resize=350%2C200&ssl=1","width":350,"height":200,"srcset":"https:\/\/i0.wp.com\/kohenavocats.com\/wp-content\/uploads\/2024\/08\/philippe-oursel-pWhx6q22d_I-unsplash.webp?resize=350%2C200&ssl=1 1x, https:\/\/i0.wp.com\/kohenavocats.com\/wp-content\/uploads\/2024\/08\/philippe-oursel-pWhx6q22d_I-unsplash.webp?resize=525%2C300&ssl=1 1.5x, https:\/\/i0.wp.com\/kohenavocats.com\/wp-content\/uploads\/2024\/08\/philippe-oursel-pWhx6q22d_I-unsplash.webp?resize=700%2C400&ssl=1 2x, https:\/\/i0.wp.com\/kohenavocats.com\/wp-content\/uploads\/2024\/08\/philippe-oursel-pWhx6q22d_I-unsplash.webp?resize=1050%2C600&ssl=1 3x, https:\/\/i0.wp.com\/kohenavocats.com\/wp-content\/uploads\/2024\/08\/philippe-oursel-pWhx6q22d_I-unsplash.webp?resize=1400%2C800&ssl=1 4x"},"classes":[]},{"id":236692,"url":"https:\/\/kohenavocats.com\/zh-hans\/cour-dappel-de-lyon-le-3-juillet-2025-n24-09700\/","url_meta":{"origin":663977,"position":4},"title":"Cour d&#8217;appel de Lyon, le 3 juillet 2025, n\u00b024\/09700","author":"Kohen","date":"2025\u5e7412\u670829\u65e5","format":false,"excerpt":"La titrisation des cr\u00e9ances bancaires, singuli\u00e8rem\u2026","rel":"","context":"\u5728\u201cCour d'appel\u201d\u4e2d","block_context":{"text":"Cour d'appel","link":"https:\/\/kohenavocats.com\/category\/cour-dappel\/"},"img":{"alt_text":"","src":"https:\/\/i0.wp.com\/kohenavocats.com\/wp-content\/uploads\/2024\/08\/paul-melki-gX7o0yQsrRo-unsplash.webp?resize=350%2C200&ssl=1","width":350,"height":200,"srcset":"https:\/\/i0.wp.com\/kohenavocats.com\/wp-content\/uploads\/2024\/08\/paul-melki-gX7o0yQsrRo-unsplash.webp?resize=350%2C200&ssl=1 1x, https:\/\/i0.wp.com\/kohenavocats.com\/wp-content\/uploads\/2024\/08\/paul-melki-gX7o0yQsrRo-unsplash.webp?resize=525%2C300&ssl=1 1.5x, https:\/\/i0.wp.com\/kohenavocats.com\/wp-content\/uploads\/2024\/08\/paul-melki-gX7o0yQsrRo-unsplash.webp?resize=700%2C400&ssl=1 2x, https:\/\/i0.wp.com\/kohenavocats.com\/wp-content\/uploads\/2024\/08\/paul-melki-gX7o0yQsrRo-unsplash.webp?resize=1050%2C600&ssl=1 3x, https:\/\/i0.wp.com\/kohenavocats.com\/wp-content\/uploads\/2024\/08\/paul-melki-gX7o0yQsrRo-unsplash.webp?resize=1400%2C800&ssl=1 4x"},"classes":[]},{"id":478527,"url":"https:\/\/kohenavocats.com\/zh-hans\/cour-dappel-de-rouen-le-5-mars-2025-n24-04430\/","url_meta":{"origin":663977,"position":5},"title":"Cour d&#8217;appel de Rouen, le 5 mars 2025, n\u00b024\/04430","author":"Kohen","date":"2026\u5e744\u67087\u65e5","format":false,"excerpt":"La Cour d'appel de Rouen, statuant le 5 mars 2025,\u2026","rel":"","context":"\u5728\u201cJurisprudence\u201d\u4e2d","block_context":{"text":"Jurisprudence","link":"https:\/\/kohenavocats.com\/category\/jurisprudence\/"},"img":{"alt_text":"","src":"https:\/\/i0.wp.com\/kohenavocats.com\/wp-content\/uploads\/2024\/08\/filtergrade-TZ63XfVx_uE-unsplash.webp?resize=350%2C200&ssl=1","width":350,"height":200,"srcset":"https:\/\/i0.wp.com\/kohenavocats.com\/wp-content\/uploads\/2024\/08\/filtergrade-TZ63XfVx_uE-unsplash.webp?resize=350%2C200&ssl=1 1x, https:\/\/i0.wp.com\/kohenavocats.com\/wp-content\/uploads\/2024\/08\/filtergrade-TZ63XfVx_uE-unsplash.webp?resize=525%2C300&ssl=1 1.5x, https:\/\/i0.wp.com\/kohenavocats.com\/wp-content\/uploads\/2024\/08\/filtergrade-TZ63XfVx_uE-unsplash.webp?resize=700%2C400&ssl=1 2x, https:\/\/i0.wp.com\/kohenavocats.com\/wp-content\/uploads\/2024\/08\/filtergrade-TZ63XfVx_uE-unsplash.webp?resize=1050%2C600&ssl=1 3x, https:\/\/i0.wp.com\/kohenavocats.com\/wp-content\/uploads\/2024\/08\/filtergrade-TZ63XfVx_uE-unsplash.webp?resize=1400%2C800&ssl=1 4x"},"classes":[]}],"jetpack_sharing_enabled":true,"_links":{"self":[{"href":"https:\/\/kohenavocats.com\/zh-hans\/wp-json\/wp\/v2\/posts\/663977","targetHints":{"allow":["GET"]}}],"collection":[{"href":"https:\/\/kohenavocats.com\/zh-hans\/wp-json\/wp\/v2\/posts"}],"about":[{"href":"https:\/\/kohenavocats.com\/zh-hans\/wp-json\/wp\/v2\/types\/post"}],"author":[{"embeddable":true,"href":"https:\/\/kohenavocats.com\/zh-hans\/wp-json\/wp\/v2\/users\/232070755"}],"replies":[{"embeddable":true,"href":"https:\/\/kohenavocats.com\/zh-hans\/wp-json\/wp\/v2\/comments?post=663977"}],"version-history":[{"count":0,"href":"https:\/\/kohenavocats.com\/zh-hans\/wp-json\/wp\/v2\/posts\/663977\/revisions"}],"wp:featuredmedia":[{"embeddable":true,"href":"https:\/\/kohenavocats.com\/zh-hans\/wp-json\/wp\/v2\/media\/3909"}],"wp:attachment":[{"href":"https:\/\/kohenavocats.com\/zh-hans\/wp-json\/wp\/v2\/media?parent=663977"}],"wp:term":[{"taxonomy":"category","embeddable":true,"href":"https:\/\/kohenavocats.com\/zh-hans\/wp-json\/wp\/v2\/categories?post=663977"},{"taxonomy":"post_tag","embeddable":true,"href":"https:\/\/kohenavocats.com\/zh-hans\/wp-json\/wp\/v2\/tags?post=663977"}],"curies":[{"name":"wp","href":"https:\/\/api.w.org\/{rel}","templated":true}]}}