{"id":664142,"date":"2026-04-23T22:13:57","date_gmt":"2026-04-23T20:13:57","guid":{"rendered":"https:\/\/kohenavocats.com\/cour-dappel-de-paris-le-29-avril-2025-n23-03501\/"},"modified":"2026-04-26T21:17:29","modified_gmt":"2026-04-26T19:17:29","slug":"cour-dappel-de-paris-le-29-avril-2025-n23-03501","status":"publish","type":"post","link":"https:\/\/kohenavocats.com\/zh-hans\/cour-dappel-de-paris-le-29-avril-2025-n23-03501\/","title":{"rendered":"Cour d&#8217;appel de Paris, le 29 avril 2025, n\u00b023\/03501"},"content":{"rendered":"<div class=\"article-content\">\n<p>La Cour d\u2019appel de Paris, statuant le 29 avril 2025, examine le recours d\u2019un salari\u00e9 licenci\u00e9 pour motif \u00e9conomique. La soci\u00e9t\u00e9 employeuse \u00e9tait en <a href=\"https:\/\/kohenavocats.fr\/elementor-60\/avocats-droit-affaires-paris\/avocat-procedures-collectives-paris\/\" target=\"_blank\" title=\"liquidation judiciaire\">liquidation judiciaire<\/a>. Le litige porte sur la recevabilit\u00e9 et le bien-fond\u00e9 de l\u2019action en contestation du licenciement. La cour op\u00e8re une distinction subtile entre les moyens de droit invoqu\u00e9s par le salari\u00e9.<\/p>\n<p>La distinction op\u00e9r\u00e9e par la cour concerne la recevabilit\u00e9 de l\u2019action en contestation. Le principe de s\u00e9paration des pouvoirs interdit au juge judiciaire de contr\u00f4ler le respect de l\u2019obligation de reclassement pr\u00e9alable. &#8220;Lorsqu&#8217;une autorisation administrative de licenciement a \u00e9t\u00e9 accord\u00e9e, le principe de la s\u00e9paration des pouvoirs s&#8217;oppose \u00e0 ce que le juge judiciaire se prononce sur le respect par l&#8217;employeur de son obligation de reclassement l\u00e9gale ou conventionnelle pr\u00e9alable au licenciement.&#8221; (Motifs) Cette solution confirme une jurisprudence constante sur les limites du contr\u00f4le judiciaire. En revanche, l\u2019appr\u00e9ciation de la pertinence du plan de sauvegarde de l\u2019emploi reste recevable. L\u2019autorit\u00e9 administrative ne s\u2019\u00e9tant pas prononc\u00e9e sur ce point sp\u00e9cifique, le juge peut en conna\u00eetre. Cette distinction affine le partage des comp\u00e9tences entre autorit\u00e9 administrative et juge judiciaire. Elle pr\u00e9serve le contr\u00f4le du juge sur des aspects non soumis \u00e0 l\u2019administration.<\/p>\n<p>L\u2019appr\u00e9ciation de la pertinence du plan de sauvegarde de l\u2019emploi constitue le second apport. La cour rappelle les crit\u00e8res l\u00e9gaux d\u2019\u00e9valuation de ce plan. &#8220;La pertinence d&#8217;un plan de sauvegarde de l&#8217;emploi doit \u00eatre appr\u00e9ci\u00e9e en fonction des moyens dont disposent l&#8217;entreprise et le groupe dont elle fait partie pour maintenir les emplois ou faciliter le reclassement.&#8221; (Motifs) Concernant les possibilit\u00e9s de reclassement interne, le groupe pertinent est limit\u00e9 aux entreprises permettant une permutation du personnel. S\u2019agissant des moyens financiers, le groupe s\u2019entend au sens large du code du travail. La cour applique strictement l\u2019exigence de preuve pesant sur le salari\u00e9. Le requ\u00e9rant n\u2019apporte aucun \u00e9l\u00e9ment d\u00e9montrant l\u2019insuffisance du plan au regard des moyens financiers du groupe. Le plan litigieux pr\u00e9voyait des mesures concr\u00e8tes et \u00e9tait substantiellement financ\u00e9. Ce raisonnement renforce les exigences probatoires pour le salari\u00e9 contestant un plan. Il consacre une approche pragmatique de l\u2019appr\u00e9ciation des mesures de reclassement.<\/p>\n<p>La port\u00e9e de cet arr\u00eat est double. Il pr\u00e9cise les contours du principe de s\u00e9paration des pouvoirs en mati\u00e8re de licenciement autoris\u00e9. Le juge judiciaire ne peut empi\u00e9ter sur le contr\u00f4le administratif du reclassement pr\u00e9alable. Il d\u00e9finit \u00e9galement m\u00e9thodiquement le contr\u00f4le de la pertinence du plan de sauvegarde. L\u2019appr\u00e9ciation se fait au regard des moyens du groupe, avec une d\u00e9finition diff\u00e9rente selon l\u2019angle abord\u00e9. La charge de la preuve incombe clairement au salari\u00e9 qui invoque l\u2019insuffisance du plan. Cette d\u00e9cision s\u00e9curise les proc\u00e9dures de <a href=\"https:\/\/kohenavocats.com\/avocats-droit-social-paris\/avocats-restructuration-pse-paris\/\" target=\"_blank\" title=\"licenciement collectif\">licenciement collectif<\/a> intervenant dans un cadre de d\u00e9faillance. Elle guide les juges du fond dans l\u2019examen souvent complexe des plans de sauvegarde.<\/p>\n<\/div>\n","protected":false},"excerpt":{"rendered":"<p>La Cour d\u2019appel de Paris, statuant le 29 avril 2025, examine le recours d\u2019un salari\u00e9 licenci\u00e9 pour motif \u00e9conomique. La soci\u00e9t\u00e9 employeuse \u00e9tait en liquidati&#8230;<\/p>\n","protected":false},"author":232070755,"featured_media":9591,"comment_status":"open","ping_status":"open","sticky":false,"template":"","format":"standard","meta":{"_crdt_document":"","_jetpack_newsletter_access":"","_jetpack_dont_email_post_to_subs":false,"_jetpack_newsletter_tier_id":0,"_jetpack_memberships_contains_paywalled_content":false,"_kj_source_type":"judilibre","_kj_official_id":"68d61f37af601e1a13832b2c","_kj_official_url":"https:\/\/www.courdecassation.fr\/decision\/68d61f37af601e1a13832b2c","_kj_judilibre_id":"68d61f37af601e1a13832b2c","_kj_jur":"Cour d'appel","_kj_lieu":"Cour d'appel de Versailles","_kj_chambre":"Chambre sociale 4-5","_kj_rg":"23\/03501","_kj_date":"2025-09-25","_jetpack_memberships_contains_paid_content":false,"footnotes":"","jetpack_post_was_ever_published":false},"categories":[35581,7123,6580,7597,6718,6992],"tags":[],"class_list":["post-664142","post","type-post","status-publish","format-standard","has-post-thumbnail","hentry","category-droit-des-affaires","category-droit-du-travail","category-droit-social","category-jurisprudence","category-social","category-travail"],"yoast_head":"<!-- This site is optimized with the Yoast SEO Premium plugin v27.5 (Yoast SEO v27.5) - https:\/\/yoast.com\/product\/yoast-seo-premium-wordpress\/ -->\n<title>Cour d&#039;appel de Paris, le 29 avril 2025, n\u00b023\/03501 - Ma\u00eetre Hassan Kohen, avocat en droit p\u00e9nal \u00e0 Paris<\/title>\n<meta name=\"description\" content=\"La Cour d\u2019appel de Paris, statuant le 29 avril 2025, examine le recours d\u2019un salari\u00e9 licenci\u00e9 pour motif \u00e9conomique. La soci\u00e9t\u00e9 employeuse \u00e9tait en liquidati...\" \/>\n<meta name=\"robots\" content=\"index, follow, max-snippet:-1, max-image-preview:large, max-video-preview:-1\" \/>\n<link rel=\"canonical\" href=\"https:\/\/kohenavocats.com\/zh-hans\/cour-dappel-de-paris-le-29-avril-2025-n23-03501\/\" \/>\n<meta property=\"og:locale\" content=\"zh_CN\" \/>\n<meta property=\"og:type\" content=\"article\" \/>\n<meta property=\"og:title\" content=\"Cour d&#039;appel de Paris, le 29 avril 2025, n\u00b023\/03501\" \/>\n<meta property=\"og:description\" content=\"La Cour d\u2019appel de Paris, statuant le 29 avril 2025, examine le recours d\u2019un salari\u00e9 licenci\u00e9 pour motif \u00e9conomique. La soci\u00e9t\u00e9 employeuse \u00e9tait en liquidati...\" \/>\n<meta property=\"og:url\" content=\"https:\/\/kohenavocats.com\/zh-hans\/cour-dappel-de-paris-le-29-avril-2025-n23-03501\/\" \/>\n<meta property=\"og:site_name\" content=\"Ma\u00eetre Hassan Kohen, avocat en droit p\u00e9nal \u00e0 Paris\" \/>\n<meta property=\"article:published_time\" content=\"2026-04-23T20:13:57+00:00\" \/>\n<meta property=\"article:modified_time\" content=\"2026-04-26T19:17:29+00:00\" \/>\n<meta property=\"og:image\" content=\"https:\/\/kohenavocats.com\/wp-content\/uploads\/2024\/11\/mohamed-nohassi-vGTXy8FS7b0-unsplash.webp\" \/>\n\t<meta property=\"og:image:width\" content=\"3000\" \/>\n\t<meta property=\"og:image:height\" content=\"4108\" \/>\n\t<meta property=\"og:image:type\" content=\"image\/webp\" \/>\n<meta name=\"author\" content=\"Kohen\" \/>\n<meta name=\"twitter:card\" content=\"summary_large_image\" \/>\n<meta name=\"twitter:label1\" content=\"\u4f5c\u8005\" \/>\n\t<meta name=\"twitter:data1\" content=\"Kohen\" \/>\n\t<meta name=\"twitter:label2\" content=\"\u9884\u8ba1\u9605\u8bfb\u65f6\u95f4\" \/>\n\t<meta name=\"twitter:data2\" content=\"3 \u5206\" \/>\n<script type=\"application\/ld+json\" class=\"yoast-schema-graph\">{\"@context\":\"https:\\\/\\\/schema.org\",\"@graph\":[{\"@type\":\"Article\",\"@id\":\"https:\\\/\\\/kohenavocats.com\\\/zh-hans\\\/cour-dappel-de-paris-le-29-avril-2025-n23-03501\\\/#article\",\"isPartOf\":{\"@id\":\"https:\\\/\\\/kohenavocats.com\\\/zh-hans\\\/cour-dappel-de-paris-le-29-avril-2025-n23-03501\\\/\"},\"author\":{\"name\":\"Kohen\",\"@id\":\"https:\\\/\\\/kohenavocats.com\\\/zh-hans\\\/#\\\/schema\\\/person\\\/761c9ba54fa1ca84d405cef0831ff751\"},\"headline\":\"Cour d&#8217;appel de Paris, le 29 avril 2025, n\u00b023\\\/03501\",\"datePublished\":\"2026-04-23T20:13:57+00:00\",\"dateModified\":\"2026-04-26T19:17:29+00:00\",\"mainEntityOfPage\":{\"@id\":\"https:\\\/\\\/kohenavocats.com\\\/zh-hans\\\/cour-dappel-de-paris-le-29-avril-2025-n23-03501\\\/\"},\"wordCount\":536,\"commentCount\":0,\"publisher\":{\"@id\":\"https:\\\/\\\/kohenavocats.com\\\/zh-hans\\\/#organization\"},\"image\":{\"@id\":\"https:\\\/\\\/kohenavocats.com\\\/zh-hans\\\/cour-dappel-de-paris-le-29-avril-2025-n23-03501\\\/#primaryimage\"},\"thumbnailUrl\":\"https:\\\/\\\/kohenavocats.com\\\/wp-content\\\/uploads\\\/2024\\\/11\\\/mohamed-nohassi-vGTXy8FS7b0-unsplash.webp\",\"articleSection\":[\"Droit des affaires\",\"Droit du travail\",\"Droit Social\",\"Jurisprudence\",\"Social\",\"Travail\"],\"inLanguage\":\"zh-Hans\",\"potentialAction\":[{\"@type\":\"CommentAction\",\"name\":\"Comment\",\"target\":[\"https:\\\/\\\/kohenavocats.com\\\/zh-hans\\\/cour-dappel-de-paris-le-29-avril-2025-n23-03501\\\/#respond\"]}],\"citation\":\"Cour d&#8217;appel de Paris, le 29 avril 2025, n\u00b023\\\/03501\",\"about\":[{\"@type\":\"Thing\",\"name\":\"Droit des affaires\"},{\"@type\":\"Thing\",\"name\":\"Droit du travail\"},{\"@type\":\"Thing\",\"name\":\"Droit Social\"},{\"@type\":\"Thing\",\"name\":\"Jurisprudence\"},{\"@type\":\"Thing\",\"name\":\"Social\"},{\"@type\":\"Thing\",\"name\":\"Travail\"}],\"speakable\":{\"@type\":\"SpeakableSpecification\",\"cssSelector\":[\".article-content > p:first-of-type\"]}},{\"@type\":\"WebPage\",\"@id\":\"https:\\\/\\\/kohenavocats.com\\\/zh-hans\\\/cour-dappel-de-paris-le-29-avril-2025-n23-03501\\\/\",\"url\":\"https:\\\/\\\/kohenavocats.com\\\/zh-hans\\\/cour-dappel-de-paris-le-29-avril-2025-n23-03501\\\/\",\"name\":\"Cour d'appel de Paris, le 29 avril 2025, n\u00b023\\\/03501 - Ma\u00eetre Hassan Kohen, avocat en droit p\u00e9nal \u00e0 Paris\",\"isPartOf\":{\"@id\":\"https:\\\/\\\/kohenavocats.com\\\/zh-hans\\\/#website\"},\"primaryImageOfPage\":{\"@id\":\"https:\\\/\\\/kohenavocats.com\\\/zh-hans\\\/cour-dappel-de-paris-le-29-avril-2025-n23-03501\\\/#primaryimage\"},\"image\":{\"@id\":\"https:\\\/\\\/kohenavocats.com\\\/zh-hans\\\/cour-dappel-de-paris-le-29-avril-2025-n23-03501\\\/#primaryimage\"},\"thumbnailUrl\":\"https:\\\/\\\/kohenavocats.com\\\/wp-content\\\/uploads\\\/2024\\\/11\\\/mohamed-nohassi-vGTXy8FS7b0-unsplash.webp\",\"datePublished\":\"2026-04-23T20:13:57+00:00\",\"dateModified\":\"2026-04-26T19:17:29+00:00\",\"description\":\"La Cour d\u2019appel de Paris, statuant le 29 avril 2025, examine le recours d\u2019un salari\u00e9 licenci\u00e9 pour motif \u00e9conomique. La soci\u00e9t\u00e9 employeuse \u00e9tait en liquidati...\",\"breadcrumb\":{\"@id\":\"https:\\\/\\\/kohenavocats.com\\\/zh-hans\\\/cour-dappel-de-paris-le-29-avril-2025-n23-03501\\\/#breadcrumb\"},\"inLanguage\":\"zh-Hans\",\"potentialAction\":[{\"@type\":\"ReadAction\",\"target\":[\"https:\\\/\\\/kohenavocats.com\\\/zh-hans\\\/cour-dappel-de-paris-le-29-avril-2025-n23-03501\\\/\"]}]},{\"@type\":\"ImageObject\",\"inLanguage\":\"zh-Hans\",\"@id\":\"https:\\\/\\\/kohenavocats.com\\\/zh-hans\\\/cour-dappel-de-paris-le-29-avril-2025-n23-03501\\\/#primaryimage\",\"url\":\"https:\\\/\\\/kohenavocats.com\\\/wp-content\\\/uploads\\\/2024\\\/11\\\/mohamed-nohassi-vGTXy8FS7b0-unsplash.webp\",\"contentUrl\":\"https:\\\/\\\/kohenavocats.com\\\/wp-content\\\/uploads\\\/2024\\\/11\\\/mohamed-nohassi-vGTXy8FS7b0-unsplash.webp\",\"width\":3000,\"height\":4108},{\"@type\":\"BreadcrumbList\",\"@id\":\"https:\\\/\\\/kohenavocats.com\\\/zh-hans\\\/cour-dappel-de-paris-le-29-avril-2025-n23-03501\\\/#breadcrumb\",\"itemListElement\":[{\"@type\":\"ListItem\",\"position\":1,\"name\":\"Home\",\"item\":\"https:\\\/\\\/kohenavocats.com\\\/zh-hans\\\/\"},{\"@type\":\"ListItem\",\"position\":2,\"name\":\"Cour d&rsquo;appel de Paris, le 29 avril 2025, n\u00b023\\\/03501\"}]},{\"@type\":\"WebSite\",\"@id\":\"https:\\\/\\\/kohenavocats.com\\\/zh-hans\\\/#website\",\"url\":\"https:\\\/\\\/kohenavocats.com\\\/zh-hans\\\/\",\"name\":\"Kohen Avocats\",\"description\":\"Ma\u00eetre Hassan Kohen, avocat p\u00e9naliste \u00e0 Paris, intervient exclusivement en droit p\u00e9nal pour la d\u00e9fense des particuliers, notamment en mati\u00e8re d\u2019accusations de viol. Il assure un accompagnement rigoureux d\u00e8s la garde \u00e0 vue jusqu\u2019\u00e0 la Cour d\u2019assises, veillant au strict respect des garanties proc\u00e9durales.\",\"publisher\":{\"@id\":\"https:\\\/\\\/kohenavocats.com\\\/zh-hans\\\/#organization\"},\"potentialAction\":[{\"@type\":\"SearchAction\",\"target\":{\"@type\":\"EntryPoint\",\"urlTemplate\":\"https:\\\/\\\/kohenavocats.com\\\/zh-hans\\\/?s={search_term_string}\"},\"query-input\":{\"@type\":\"PropertyValueSpecification\",\"valueRequired\":true,\"valueName\":\"search_term_string\"}}],\"inLanguage\":\"zh-Hans\"},{\"@type\":\"Organization\",\"@id\":\"https:\\\/\\\/kohenavocats.com\\\/zh-hans\\\/#organization\",\"name\":\"Kohen Avocats\",\"url\":\"https:\\\/\\\/kohenavocats.com\\\/zh-hans\\\/\",\"logo\":{\"@type\":\"ImageObject\",\"inLanguage\":\"zh-Hans\",\"@id\":\"https:\\\/\\\/kohenavocats.com\\\/zh-hans\\\/#\\\/schema\\\/logo\\\/image\\\/\",\"url\":\"https:\\\/\\\/kohenavocats.com\\\/wp-content\\\/uploads\\\/2026\\\/01\\\/Logo-2-1.webp\",\"contentUrl\":\"https:\\\/\\\/kohenavocats.com\\\/wp-content\\\/uploads\\\/2026\\\/01\\\/Logo-2-1.webp\",\"width\":2114,\"height\":1253,\"caption\":\"Kohen Avocats\"},\"image\":{\"@id\":\"https:\\\/\\\/kohenavocats.com\\\/zh-hans\\\/#\\\/schema\\\/logo\\\/image\\\/\"}},{\"@type\":\"Person\",\"@id\":\"https:\\\/\\\/kohenavocats.com\\\/zh-hans\\\/#\\\/schema\\\/person\\\/761c9ba54fa1ca84d405cef0831ff751\",\"name\":\"Kohen\",\"image\":{\"@type\":\"ImageObject\",\"inLanguage\":\"zh-Hans\",\"@id\":\"https:\\\/\\\/secure.gravatar.com\\\/avatar\\\/1c5e76ef76bbbfdd2b4da984e2bf2fa4056fd51a27d25ce2c332047f1dfd6e00?s=96&d=identicon&r=g\",\"url\":\"https:\\\/\\\/secure.gravatar.com\\\/avatar\\\/1c5e76ef76bbbfdd2b4da984e2bf2fa4056fd51a27d25ce2c332047f1dfd6e00?s=96&d=identicon&r=g\",\"contentUrl\":\"https:\\\/\\\/secure.gravatar.com\\\/avatar\\\/1c5e76ef76bbbfdd2b4da984e2bf2fa4056fd51a27d25ce2c332047f1dfd6e00?s=96&d=identicon&r=g\",\"caption\":\"Kohen\"},\"sameAs\":[\"https:\\\/\\\/www.linkedin.com\\\/in\\\/hassan-kohen-448548192\\\/\",\"https:\\\/\\\/www.youtube.com\\\/@Kohen-Avocats\"],\"url\":\"https:\\\/\\\/kohenavocats.com\\\/zh-hans\\\/author\\\/kohenmlk\\\/\"}]}<\/script>\n<!-- \/ Yoast SEO Premium plugin. -->","yoast_head_json":{"title":"Cour d'appel de Paris, le 29 avril 2025, n\u00b023\/03501 - Ma\u00eetre Hassan Kohen, avocat en droit p\u00e9nal \u00e0 Paris","description":"La Cour d\u2019appel de Paris, statuant le 29 avril 2025, examine le recours d\u2019un salari\u00e9 licenci\u00e9 pour motif \u00e9conomique. La soci\u00e9t\u00e9 employeuse \u00e9tait en liquidati...","robots":{"index":"index","follow":"follow","max-snippet":"max-snippet:-1","max-image-preview":"max-image-preview:large","max-video-preview":"max-video-preview:-1"},"canonical":"https:\/\/kohenavocats.com\/zh-hans\/cour-dappel-de-paris-le-29-avril-2025-n23-03501\/","og_locale":"zh_CN","og_type":"article","og_title":"Cour d'appel de Paris, le 29 avril 2025, n\u00b023\/03501","og_description":"La Cour d\u2019appel de Paris, statuant le 29 avril 2025, examine le recours d\u2019un salari\u00e9 licenci\u00e9 pour motif \u00e9conomique. La soci\u00e9t\u00e9 employeuse \u00e9tait en liquidati...","og_url":"https:\/\/kohenavocats.com\/zh-hans\/cour-dappel-de-paris-le-29-avril-2025-n23-03501\/","og_site_name":"Ma\u00eetre Hassan Kohen, avocat en droit p\u00e9nal \u00e0 Paris","article_published_time":"2026-04-23T20:13:57+00:00","article_modified_time":"2026-04-26T19:17:29+00:00","og_image":[{"width":3000,"height":4108,"url":"https:\/\/kohenavocats.com\/wp-content\/uploads\/2024\/11\/mohamed-nohassi-vGTXy8FS7b0-unsplash.webp","type":"image\/webp"}],"author":"Kohen","twitter_card":"summary_large_image","twitter_misc":{"\u4f5c\u8005":"Kohen","\u9884\u8ba1\u9605\u8bfb\u65f6\u95f4":"3 \u5206"},"schema":{"@context":"https:\/\/schema.org","@graph":[{"@type":"Article","@id":"https:\/\/kohenavocats.com\/zh-hans\/cour-dappel-de-paris-le-29-avril-2025-n23-03501\/#article","isPartOf":{"@id":"https:\/\/kohenavocats.com\/zh-hans\/cour-dappel-de-paris-le-29-avril-2025-n23-03501\/"},"author":{"name":"Kohen","@id":"https:\/\/kohenavocats.com\/zh-hans\/#\/schema\/person\/761c9ba54fa1ca84d405cef0831ff751"},"headline":"Cour d&#8217;appel de Paris, le 29 avril 2025, n\u00b023\/03501","datePublished":"2026-04-23T20:13:57+00:00","dateModified":"2026-04-26T19:17:29+00:00","mainEntityOfPage":{"@id":"https:\/\/kohenavocats.com\/zh-hans\/cour-dappel-de-paris-le-29-avril-2025-n23-03501\/"},"wordCount":536,"commentCount":0,"publisher":{"@id":"https:\/\/kohenavocats.com\/zh-hans\/#organization"},"image":{"@id":"https:\/\/kohenavocats.com\/zh-hans\/cour-dappel-de-paris-le-29-avril-2025-n23-03501\/#primaryimage"},"thumbnailUrl":"https:\/\/kohenavocats.com\/wp-content\/uploads\/2024\/11\/mohamed-nohassi-vGTXy8FS7b0-unsplash.webp","articleSection":["Droit des affaires","Droit du travail","Droit Social","Jurisprudence","Social","Travail"],"inLanguage":"zh-Hans","potentialAction":[{"@type":"CommentAction","name":"Comment","target":["https:\/\/kohenavocats.com\/zh-hans\/cour-dappel-de-paris-le-29-avril-2025-n23-03501\/#respond"]}],"citation":"Cour d&#8217;appel de Paris, le 29 avril 2025, n\u00b023\/03501","about":[{"@type":"Thing","name":"Droit des affaires"},{"@type":"Thing","name":"Droit du travail"},{"@type":"Thing","name":"Droit Social"},{"@type":"Thing","name":"Jurisprudence"},{"@type":"Thing","name":"Social"},{"@type":"Thing","name":"Travail"}],"speakable":{"@type":"SpeakableSpecification","cssSelector":[".article-content > p:first-of-type"]}},{"@type":"WebPage","@id":"https:\/\/kohenavocats.com\/zh-hans\/cour-dappel-de-paris-le-29-avril-2025-n23-03501\/","url":"https:\/\/kohenavocats.com\/zh-hans\/cour-dappel-de-paris-le-29-avril-2025-n23-03501\/","name":"Cour d'appel de Paris, le 29 avril 2025, n\u00b023\/03501 - Ma\u00eetre Hassan Kohen, avocat en droit p\u00e9nal \u00e0 Paris","isPartOf":{"@id":"https:\/\/kohenavocats.com\/zh-hans\/#website"},"primaryImageOfPage":{"@id":"https:\/\/kohenavocats.com\/zh-hans\/cour-dappel-de-paris-le-29-avril-2025-n23-03501\/#primaryimage"},"image":{"@id":"https:\/\/kohenavocats.com\/zh-hans\/cour-dappel-de-paris-le-29-avril-2025-n23-03501\/#primaryimage"},"thumbnailUrl":"https:\/\/kohenavocats.com\/wp-content\/uploads\/2024\/11\/mohamed-nohassi-vGTXy8FS7b0-unsplash.webp","datePublished":"2026-04-23T20:13:57+00:00","dateModified":"2026-04-26T19:17:29+00:00","description":"La Cour d\u2019appel de Paris, statuant le 29 avril 2025, examine le recours d\u2019un salari\u00e9 licenci\u00e9 pour motif \u00e9conomique. La soci\u00e9t\u00e9 employeuse \u00e9tait en liquidati...","breadcrumb":{"@id":"https:\/\/kohenavocats.com\/zh-hans\/cour-dappel-de-paris-le-29-avril-2025-n23-03501\/#breadcrumb"},"inLanguage":"zh-Hans","potentialAction":[{"@type":"ReadAction","target":["https:\/\/kohenavocats.com\/zh-hans\/cour-dappel-de-paris-le-29-avril-2025-n23-03501\/"]}]},{"@type":"ImageObject","inLanguage":"zh-Hans","@id":"https:\/\/kohenavocats.com\/zh-hans\/cour-dappel-de-paris-le-29-avril-2025-n23-03501\/#primaryimage","url":"https:\/\/kohenavocats.com\/wp-content\/uploads\/2024\/11\/mohamed-nohassi-vGTXy8FS7b0-unsplash.webp","contentUrl":"https:\/\/kohenavocats.com\/wp-content\/uploads\/2024\/11\/mohamed-nohassi-vGTXy8FS7b0-unsplash.webp","width":3000,"height":4108},{"@type":"BreadcrumbList","@id":"https:\/\/kohenavocats.com\/zh-hans\/cour-dappel-de-paris-le-29-avril-2025-n23-03501\/#breadcrumb","itemListElement":[{"@type":"ListItem","position":1,"name":"Home","item":"https:\/\/kohenavocats.com\/zh-hans\/"},{"@type":"ListItem","position":2,"name":"Cour d&rsquo;appel de Paris, le 29 avril 2025, n\u00b023\/03501"}]},{"@type":"WebSite","@id":"https:\/\/kohenavocats.com\/zh-hans\/#website","url":"https:\/\/kohenavocats.com\/zh-hans\/","name":"Kohen Avocats","description":"Ma\u00eetre Hassan Kohen, avocat p\u00e9naliste \u00e0 Paris, intervient exclusivement en droit p\u00e9nal pour la d\u00e9fense des particuliers, notamment en mati\u00e8re d\u2019accusations de viol. Il assure un accompagnement rigoureux d\u00e8s la garde \u00e0 vue jusqu\u2019\u00e0 la Cour d\u2019assises, veillant au strict respect des garanties proc\u00e9durales.","publisher":{"@id":"https:\/\/kohenavocats.com\/zh-hans\/#organization"},"potentialAction":[{"@type":"SearchAction","target":{"@type":"EntryPoint","urlTemplate":"https:\/\/kohenavocats.com\/zh-hans\/?s={search_term_string}"},"query-input":{"@type":"PropertyValueSpecification","valueRequired":true,"valueName":"search_term_string"}}],"inLanguage":"zh-Hans"},{"@type":"Organization","@id":"https:\/\/kohenavocats.com\/zh-hans\/#organization","name":"Kohen Avocats","url":"https:\/\/kohenavocats.com\/zh-hans\/","logo":{"@type":"ImageObject","inLanguage":"zh-Hans","@id":"https:\/\/kohenavocats.com\/zh-hans\/#\/schema\/logo\/image\/","url":"https:\/\/kohenavocats.com\/wp-content\/uploads\/2026\/01\/Logo-2-1.webp","contentUrl":"https:\/\/kohenavocats.com\/wp-content\/uploads\/2026\/01\/Logo-2-1.webp","width":2114,"height":1253,"caption":"Kohen Avocats"},"image":{"@id":"https:\/\/kohenavocats.com\/zh-hans\/#\/schema\/logo\/image\/"}},{"@type":"Person","@id":"https:\/\/kohenavocats.com\/zh-hans\/#\/schema\/person\/761c9ba54fa1ca84d405cef0831ff751","name":"Kohen","image":{"@type":"ImageObject","inLanguage":"zh-Hans","@id":"https:\/\/secure.gravatar.com\/avatar\/1c5e76ef76bbbfdd2b4da984e2bf2fa4056fd51a27d25ce2c332047f1dfd6e00?s=96&d=identicon&r=g","url":"https:\/\/secure.gravatar.com\/avatar\/1c5e76ef76bbbfdd2b4da984e2bf2fa4056fd51a27d25ce2c332047f1dfd6e00?s=96&d=identicon&r=g","contentUrl":"https:\/\/secure.gravatar.com\/avatar\/1c5e76ef76bbbfdd2b4da984e2bf2fa4056fd51a27d25ce2c332047f1dfd6e00?s=96&d=identicon&r=g","caption":"Kohen"},"sameAs":["https:\/\/www.linkedin.com\/in\/hassan-kohen-448548192\/","https:\/\/www.youtube.com\/@Kohen-Avocats"],"url":"https:\/\/kohenavocats.com\/zh-hans\/author\/kohenmlk\/"}]}},"jetpack_featured_media_url":"https:\/\/kohenavocats.com\/wp-content\/uploads\/2024\/11\/mohamed-nohassi-vGTXy8FS7b0-unsplash.webp","jetpack_likes_enabled":false,"jetpack_shortlink":"https:\/\/wp.me\/peCrII-2MLY","jetpack-related-posts":[{"id":236891,"url":"https:\/\/kohenavocats.com\/zh-hans\/cour-dappel-de-paris-le-3-septembre-2025-n21-02134\/","url_meta":{"origin":664142,"position":0},"title":"Cour d&#8217;appel de Paris, le 3 septembre 2025, n\u00b021\/02134","author":"Kohen","date":"2025\u5e7412\u670830\u65e5","format":false,"excerpt":"Je vais proc\u00e9der directement \u00e0 la r\u00e9daction du com\u2026","rel":"","context":"\u5728\u201cCour d'appel\u201d\u4e2d","block_context":{"text":"Cour d'appel","link":"https:\/\/kohenavocats.com\/category\/cour-dappel\/"},"img":{"alt_text":"","src":"https:\/\/i0.wp.com\/kohenavocats.com\/wp-content\/uploads\/2024\/11\/getty-images-imdnMdUDomE-unsplash.webp?resize=350%2C200&ssl=1","width":350,"height":200,"srcset":"https:\/\/i0.wp.com\/kohenavocats.com\/wp-content\/uploads\/2024\/11\/getty-images-imdnMdUDomE-unsplash.webp?resize=350%2C200&ssl=1 1x, https:\/\/i0.wp.com\/kohenavocats.com\/wp-content\/uploads\/2024\/11\/getty-images-imdnMdUDomE-unsplash.webp?resize=525%2C300&ssl=1 1.5x, https:\/\/i0.wp.com\/kohenavocats.com\/wp-content\/uploads\/2024\/11\/getty-images-imdnMdUDomE-unsplash.webp?resize=700%2C400&ssl=1 2x, https:\/\/i0.wp.com\/kohenavocats.com\/wp-content\/uploads\/2024\/11\/getty-images-imdnMdUDomE-unsplash.webp?resize=1050%2C600&ssl=1 3x, https:\/\/i0.wp.com\/kohenavocats.com\/wp-content\/uploads\/2024\/11\/getty-images-imdnMdUDomE-unsplash.webp?resize=1400%2C800&ssl=1 4x"},"classes":[]},{"id":236897,"url":"https:\/\/kohenavocats.com\/zh-hans\/cour-dappel-de-versailles-le-30-juin-2025-n22-02742\/","url_meta":{"origin":664142,"position":1},"title":"Cour d&#8217;appel de Versailles, le 30 juin 2025, n\u00b022\/02742","author":"Kohen","date":"2025\u5e7412\u670830\u65e5","format":false,"excerpt":"Un salari\u00e9 peut-il \u00eatre licenci\u00e9 pour s'\u00eatre endor\u2026","rel":"","context":"\u5728\u201cCour d'appel\u201d\u4e2d","block_context":{"text":"Cour d'appel","link":"https:\/\/kohenavocats.com\/category\/cour-dappel\/"},"img":{"alt_text":"","src":"https:\/\/i0.wp.com\/kohenavocats.com\/wp-content\/uploads\/2024\/11\/getty-images-Q3a9uErAXXo-unsplash.webp?resize=350%2C200&ssl=1","width":350,"height":200,"srcset":"https:\/\/i0.wp.com\/kohenavocats.com\/wp-content\/uploads\/2024\/11\/getty-images-Q3a9uErAXXo-unsplash.webp?resize=350%2C200&ssl=1 1x, https:\/\/i0.wp.com\/kohenavocats.com\/wp-content\/uploads\/2024\/11\/getty-images-Q3a9uErAXXo-unsplash.webp?resize=525%2C300&ssl=1 1.5x, https:\/\/i0.wp.com\/kohenavocats.com\/wp-content\/uploads\/2024\/11\/getty-images-Q3a9uErAXXo-unsplash.webp?resize=700%2C400&ssl=1 2x, https:\/\/i0.wp.com\/kohenavocats.com\/wp-content\/uploads\/2024\/11\/getty-images-Q3a9uErAXXo-unsplash.webp?resize=1050%2C600&ssl=1 3x, https:\/\/i0.wp.com\/kohenavocats.com\/wp-content\/uploads\/2024\/11\/getty-images-Q3a9uErAXXo-unsplash.webp?resize=1400%2C800&ssl=1 4x"},"classes":[]},{"id":262108,"url":"https:\/\/kohenavocats.com\/zh-hans\/cour-dappel-administrative-de-bordeaux-le-3-decembre-2025-n23bx02977\/","url_meta":{"origin":664142,"position":2},"title":"Cour d&#8217;appel administrative de Bordeaux, le 3 d\u00e9cembre 2025, n\u00b023BX02977","author":"Kohen","date":"2026\u5e741\u67089\u65e5","format":false,"excerpt":"La Cour administrative d\u2019appel de Bordeaux a rendu\u2026","rel":"","context":"\u5728\u201cCour administrative d'appel\u201d\u4e2d","block_context":{"text":"Cour administrative d'appel","link":"https:\/\/kohenavocats.com\/category\/cour-administrative-dappel\/"},"img":{"alt_text":"","src":"https:\/\/i0.wp.com\/kohenavocats.com\/wp-content\/uploads\/2024\/08\/ty-koh-DUkZUi8pMDE-unsplash.webp?resize=350%2C200&ssl=1","width":350,"height":200,"srcset":"https:\/\/i0.wp.com\/kohenavocats.com\/wp-content\/uploads\/2024\/08\/ty-koh-DUkZUi8pMDE-unsplash.webp?resize=350%2C200&ssl=1 1x, https:\/\/i0.wp.com\/kohenavocats.com\/wp-content\/uploads\/2024\/08\/ty-koh-DUkZUi8pMDE-unsplash.webp?resize=525%2C300&ssl=1 1.5x, https:\/\/i0.wp.com\/kohenavocats.com\/wp-content\/uploads\/2024\/08\/ty-koh-DUkZUi8pMDE-unsplash.webp?resize=700%2C400&ssl=1 2x, https:\/\/i0.wp.com\/kohenavocats.com\/wp-content\/uploads\/2024\/08\/ty-koh-DUkZUi8pMDE-unsplash.webp?resize=1050%2C600&ssl=1 3x, https:\/\/i0.wp.com\/kohenavocats.com\/wp-content\/uploads\/2024\/08\/ty-koh-DUkZUi8pMDE-unsplash.webp?resize=1400%2C800&ssl=1 4x"},"classes":[]},{"id":236885,"url":"https:\/\/kohenavocats.com\/zh-hans\/cour-dappel-de-montpellier-le-9-juillet-2025-n23-01981\/","url_meta":{"origin":664142,"position":3},"title":"Cour d&#8217;appel de Montpellier, le 9 juillet 2025, n\u00b023\/01981","author":"Kohen","date":"2025\u5e7412\u670829\u65e5","format":false,"excerpt":"La protection de la salari\u00e9e au retour de son cong\u2026","rel":"","context":"\u5728\u201cCour d'appel\u201d\u4e2d","block_context":{"text":"Cour d'appel","link":"https:\/\/kohenavocats.com\/category\/cour-dappel\/"},"img":{"alt_text":"","src":"https:\/\/i0.wp.com\/kohenavocats.com\/wp-content\/uploads\/2024\/08\/louis-paulin-hoyM4lFB8S0-unsplash.webp?resize=350%2C200&ssl=1","width":350,"height":200,"srcset":"https:\/\/i0.wp.com\/kohenavocats.com\/wp-content\/uploads\/2024\/08\/louis-paulin-hoyM4lFB8S0-unsplash.webp?resize=350%2C200&ssl=1 1x, https:\/\/i0.wp.com\/kohenavocats.com\/wp-content\/uploads\/2024\/08\/louis-paulin-hoyM4lFB8S0-unsplash.webp?resize=525%2C300&ssl=1 1.5x, https:\/\/i0.wp.com\/kohenavocats.com\/wp-content\/uploads\/2024\/08\/louis-paulin-hoyM4lFB8S0-unsplash.webp?resize=700%2C400&ssl=1 2x, https:\/\/i0.wp.com\/kohenavocats.com\/wp-content\/uploads\/2024\/08\/louis-paulin-hoyM4lFB8S0-unsplash.webp?resize=1050%2C600&ssl=1 3x, https:\/\/i0.wp.com\/kohenavocats.com\/wp-content\/uploads\/2024\/08\/louis-paulin-hoyM4lFB8S0-unsplash.webp?resize=1400%2C800&ssl=1 4x"},"classes":[]},{"id":273465,"url":"https:\/\/kohenavocats.com\/zh-hans\/cour-dappel-administrative-de-douai-le-9-decembre-2025-n24da02342\/","url_meta":{"origin":664142,"position":4},"title":"Cour d&#8217;appel administrative de Douai, le 9 d\u00e9cembre 2025, n\u00b024DA02342","author":"Kohen","date":"2026\u5e741\u670811\u65e5","format":false,"excerpt":"La cour administrative d\u2019appel de Douai, par un ar\u2026","rel":"","context":"\u5728\u201cCour administrative d'appel\u201d\u4e2d","block_context":{"text":"Cour administrative d'appel","link":"https:\/\/kohenavocats.com\/category\/cour-administrative-dappel\/"},"img":{"alt_text":"","src":"https:\/\/i0.wp.com\/kohenavocats.com\/wp-content\/uploads\/2024\/08\/mathias-reding-Fv_rvhKNXN0-unsplash.webp?resize=350%2C200&ssl=1","width":350,"height":200,"srcset":"https:\/\/i0.wp.com\/kohenavocats.com\/wp-content\/uploads\/2024\/08\/mathias-reding-Fv_rvhKNXN0-unsplash.webp?resize=350%2C200&ssl=1 1x, https:\/\/i0.wp.com\/kohenavocats.com\/wp-content\/uploads\/2024\/08\/mathias-reding-Fv_rvhKNXN0-unsplash.webp?resize=525%2C300&ssl=1 1.5x, https:\/\/i0.wp.com\/kohenavocats.com\/wp-content\/uploads\/2024\/08\/mathias-reding-Fv_rvhKNXN0-unsplash.webp?resize=700%2C400&ssl=1 2x, https:\/\/i0.wp.com\/kohenavocats.com\/wp-content\/uploads\/2024\/08\/mathias-reding-Fv_rvhKNXN0-unsplash.webp?resize=1050%2C600&ssl=1 3x, https:\/\/i0.wp.com\/kohenavocats.com\/wp-content\/uploads\/2024\/08\/mathias-reding-Fv_rvhKNXN0-unsplash.webp?resize=1400%2C800&ssl=1 4x"},"classes":[]},{"id":281455,"url":"https:\/\/kohenavocats.com\/zh-hans\/cour-dappel-administrative-de-paris-le-18-decembre-2025-n24pa01043\/","url_meta":{"origin":664142,"position":5},"title":"Cour d&#8217;appel administrative de Paris, le 18 d\u00e9cembre 2025, n\u00b024PA01043","author":"Kohen","date":"2026\u5e741\u670812\u65e5","format":false,"excerpt":"La cour administrative d\u2019appel de Paris, par un ar\u2026","rel":"","context":"\u5728\u201cCour administrative d'appel\u201d\u4e2d","block_context":{"text":"Cour administrative d'appel","link":"https:\/\/kohenavocats.com\/category\/cour-administrative-dappel\/"},"img":{"alt_text":"","src":"https:\/\/i0.wp.com\/kohenavocats.com\/wp-content\/uploads\/2024\/11\/getty-images-QO3j7qdSKv8-unsplash.webp?resize=350%2C200&ssl=1","width":350,"height":200,"srcset":"https:\/\/i0.wp.com\/kohenavocats.com\/wp-content\/uploads\/2024\/11\/getty-images-QO3j7qdSKv8-unsplash.webp?resize=350%2C200&ssl=1 1x, https:\/\/i0.wp.com\/kohenavocats.com\/wp-content\/uploads\/2024\/11\/getty-images-QO3j7qdSKv8-unsplash.webp?resize=525%2C300&ssl=1 1.5x, https:\/\/i0.wp.com\/kohenavocats.com\/wp-content\/uploads\/2024\/11\/getty-images-QO3j7qdSKv8-unsplash.webp?resize=700%2C400&ssl=1 2x, https:\/\/i0.wp.com\/kohenavocats.com\/wp-content\/uploads\/2024\/11\/getty-images-QO3j7qdSKv8-unsplash.webp?resize=1050%2C600&ssl=1 3x, https:\/\/i0.wp.com\/kohenavocats.com\/wp-content\/uploads\/2024\/11\/getty-images-QO3j7qdSKv8-unsplash.webp?resize=1400%2C800&ssl=1 4x"},"classes":[]}],"jetpack_sharing_enabled":true,"_links":{"self":[{"href":"https:\/\/kohenavocats.com\/zh-hans\/wp-json\/wp\/v2\/posts\/664142","targetHints":{"allow":["GET"]}}],"collection":[{"href":"https:\/\/kohenavocats.com\/zh-hans\/wp-json\/wp\/v2\/posts"}],"about":[{"href":"https:\/\/kohenavocats.com\/zh-hans\/wp-json\/wp\/v2\/types\/post"}],"author":[{"embeddable":true,"href":"https:\/\/kohenavocats.com\/zh-hans\/wp-json\/wp\/v2\/users\/232070755"}],"replies":[{"embeddable":true,"href":"https:\/\/kohenavocats.com\/zh-hans\/wp-json\/wp\/v2\/comments?post=664142"}],"version-history":[{"count":1,"href":"https:\/\/kohenavocats.com\/zh-hans\/wp-json\/wp\/v2\/posts\/664142\/revisions"}],"predecessor-version":[{"id":697768,"href":"https:\/\/kohenavocats.com\/zh-hans\/wp-json\/wp\/v2\/posts\/664142\/revisions\/697768"}],"wp:featuredmedia":[{"embeddable":true,"href":"https:\/\/kohenavocats.com\/zh-hans\/wp-json\/wp\/v2\/media\/9591"}],"wp:attachment":[{"href":"https:\/\/kohenavocats.com\/zh-hans\/wp-json\/wp\/v2\/media?parent=664142"}],"wp:term":[{"taxonomy":"category","embeddable":true,"href":"https:\/\/kohenavocats.com\/zh-hans\/wp-json\/wp\/v2\/categories?post=664142"},{"taxonomy":"post_tag","embeddable":true,"href":"https:\/\/kohenavocats.com\/zh-hans\/wp-json\/wp\/v2\/tags?post=664142"}],"curies":[{"name":"wp","href":"https:\/\/api.w.org\/{rel}","templated":true}]}}