{"id":664144,"date":"2026-04-23T22:14:04","date_gmt":"2026-04-23T20:14:04","guid":{"rendered":"https:\/\/kohenavocats.com\/cour-dappel-le-10-avril-2025-n21-05868\/"},"modified":"2026-04-23T22:14:04","modified_gmt":"2026-04-23T20:14:04","slug":"cour-dappel-le-10-avril-2025-n21-05868","status":"publish","type":"post","link":"https:\/\/kohenavocats.com\/zh-hans\/cour-dappel-le-10-avril-2025-n21-05868\/","title":{"rendered":"Cour d&#8217;appel, le 10 avril 2025, n\u00b021\/05868"},"content":{"rendered":"<div class=\"article-content\">\n<p>Cour d\u2019appel de Paris, le 10 avril 2025, statue sur un litige n\u00e9 d\u2019un licenciement pour fraude aux notes de frais. La salari\u00e9e, cadre, percevait depuis des ann\u00e9es des remboursements pour des d\u00e9placements fictifs. L\u2019employeur, d\u00e9couvrant la pratique, licencie pour faute lourde. Le conseil de prud\u2019hommes avait annul\u00e9 le licenciement. La cour d\u2019appel doit requalifier la faute et trancher les demandes p\u00e9cuniaires.<\/p>\n<p>La qualification de la faute et l\u2019absence d\u2019intention de nuire<\/p>\n<p>La cour \u00e9carte d\u2019abord la faute lourde invoqu\u00e9e par l\u2019employeur. Elle rappelle que la faute lourde &#8220;est caract\u00e9ris\u00e9e par l&#8217;intention de nuire \u00e0 l&#8217;employeur&#8221; (Motifs). Or, elle constate qu'&#8221;il ne ressort pas de ces \u00e9l\u00e9ments et des pi\u00e8ces produites que la salari\u00e9e ait eu l&#8217;intention de nuire \u00e0 son employeur&#8221; (Motifs). La volont\u00e9 d\u00e9lib\u00e9r\u00e9e de porter pr\u00e9judice n\u2019est pas \u00e9tablie. La cour \u00e9carte \u00e9galement la faute grave. Elle estime que la poursuite du contrat n\u2019\u00e9tait pas impossible, notant la &#8220;n\u00e9gligence&#8221; de l\u2019employeur qui r\u00e9glait les notes sans justificatifs. La valeur de cette analyse r\u00e9side dans la distinction nette entre les fautes. La port\u00e9e est de r\u00e9affirmer que la gravit\u00e9 de la cons\u00e9quence ne suffit pas \u00e0 caract\u00e9riser la faute lourde sans intention.<\/p>\n<p>La reconnaissance d\u2019une cause r\u00e9elle et s\u00e9rieuse malgr\u00e9 les moyens de d\u00e9fense<\/p>\n<p>La cour rejette ensuite les moyens de la salari\u00e9e visant \u00e0 contester le bien-fond\u00e9 du licenciement. Elle \u00e9carte l\u2019argument de la prescription. Les faits se sont poursuivis jusqu\u2019en octobre 2019, avec une &#8220;derni\u00e8re fiche de frais fictifs pr\u00e9sent\u00e9e&#8221; (Motifs), et la proc\u00e9dure engag\u00e9e en novembre. Le d\u00e9lai de deux mois n\u2019est donc pas d\u00e9pass\u00e9. Elle rejette aussi la th\u00e8se d\u2019une pratique impos\u00e9e et connue du nouvel employeur. La cour estime que &#8220;la pratique frauduleuse mise en place constituait un \u00e9l\u00e9ment du contrat transf\u00e9r\u00e9 ou un engagement unilat\u00e9ral de l&#8217;employeur&#8221; (Motifs). Elle souligne l\u2019absence de preuve que la soci\u00e9t\u00e9 actuelle en avait connaissance. La port\u00e9e est de fixer les limites de la substitution de l\u2019employeur en cas de pratiques illicites.<\/p>\n<p>La r\u00e9paration financi\u00e8re et le r\u00e9\u00e9quilibrage des comptes<\/p>\n<p>Sur les cons\u00e9quences p\u00e9cuniaires, la cour proc\u00e8de \u00e0 un r\u00e9ajustement complet. Le licenciement \u00e9tant pour cause r\u00e9elle et s\u00e9rieuse, l\u2019indemnit\u00e9 pour licenciement sans cause est supprim\u00e9e. Elle recalcule le salaire de r\u00e9f\u00e9rence et les indemnit\u00e9s dues, pr\u00e9avis et conventionnelle. Elle condamne en outre la salari\u00e9e \u00e0 &#8220;rembourser \u00e0 la soci\u00e9t\u00e9 la somme de 25.469,96 euros au titre des sommes ind\u00fbment per\u00e7ues&#8221; (Motifs). Ce remboursement est ordonn\u00e9 au titre de l\u2019enrichissement sans cause. La valeur de cette d\u00e9cision est d\u2019appliquer le principe selon lequel &#8220;tout paiement suppose une dette et ce qui a \u00e9t\u00e9 re\u00e7u sans \u00eatre d\u00fb est sujet \u00e0 restitution&#8221; (Motifs). La port\u00e9e est de permettre \u00e0 l\u2019employeur victime d\u2019une fraude d\u2019obtenir r\u00e9paration.<\/p>\n<p>La comp\u00e9tence proc\u00e9durale et le rejet du sursis \u00e0 statuer<\/p>\n<p>En pr\u00e9liminaire, la cour se d\u00e9clare incomp\u00e9tente pour statuer sur la demande de sursis \u00e0 statuer. Elle rappelle que cette demande &#8220;constitue une exception de proc\u00e9dure&#8221; (Motifs). Or, &#8220;seul le conseiller de la mise en \u00e9tat est, \u00e0 compter de sa d\u00e9signation et jusqu&#8217;\u00e0 son dessaisissement, comp\u00e9tent pour statuer sur les exceptions de proc\u00e9dure&#8221; (Motifs). Cette demande avait d\u00e9j\u00e0 \u00e9t\u00e9 jug\u00e9e irrecevable par le juge de la mise en \u00e9tat. La valeur de cette pr\u00e9cision est proc\u00e9durale, rappelant la r\u00e9partition stricte des r\u00f4les devant la cour. La port\u00e9e est de garantir la c\u00e9l\u00e9rit\u00e9 de la proc\u00e9dure en limitant les incidents dilatoires apr\u00e8s la cl\u00f4ture des d\u00e9bats.<\/p>\n<\/div>\n","protected":false},"excerpt":{"rendered":"<p>Cour d\u2019appel de Paris, le 10 avril 2025, statue sur un litige n\u00e9 d\u2019un licenciement pour fraude aux notes de frais. La salari\u00e9e, cadre, percevait depuis des a&#8230;<\/p>\n","protected":false},"author":232070755,"featured_media":3910,"comment_status":"open","ping_status":"open","sticky":false,"template":"","format":"standard","meta":{"_crdt_document":"","_jetpack_newsletter_access":"","_jetpack_dont_email_post_to_subs":false,"_jetpack_newsletter_tier_id":0,"_jetpack_memberships_contains_paywalled_content":false,"_jetpack_memberships_contains_paid_content":false,"footnotes":"","jetpack_post_was_ever_published":false},"categories":[7597],"tags":[],"class_list":["post-664144","post","type-post","status-publish","format-standard","has-post-thumbnail","hentry","category-jurisprudence"],"yoast_head":"<!-- This site is optimized with the Yoast SEO Premium plugin v27.4 (Yoast SEO v27.4) - https:\/\/yoast.com\/product\/yoast-seo-premium-wordpress\/ -->\n<title>Cour d&#039;appel, le 10 avril 2025, n\u00b021\/05868 - Ma\u00eetre Hassan Kohen, avocat en droit p\u00e9nal \u00e0 Paris<\/title>\n<meta name=\"description\" content=\"Cour d\u2019appel de Paris, le 10 avril 2025, statue sur un litige n\u00e9 d\u2019un licenciement pour fraude aux notes de frais. La salari\u00e9e, cadre, percevait depuis des a...\" \/>\n<meta name=\"robots\" content=\"index, follow, max-snippet:-1, max-image-preview:large, max-video-preview:-1\" \/>\n<link rel=\"canonical\" href=\"https:\/\/kohenavocats.com\/zh-hans\/cour-dappel-le-10-avril-2025-n21-05868\/\" \/>\n<meta property=\"og:locale\" content=\"zh_CN\" \/>\n<meta property=\"og:type\" content=\"article\" \/>\n<meta property=\"og:title\" content=\"Cour d&#039;appel, le 10 avril 2025, n\u00b021\/05868\" \/>\n<meta property=\"og:description\" content=\"Cour d\u2019appel de Paris, le 10 avril 2025, statue sur un litige n\u00e9 d\u2019un licenciement pour fraude aux notes de frais. La salari\u00e9e, cadre, percevait depuis des a...\" \/>\n<meta property=\"og:url\" content=\"https:\/\/kohenavocats.com\/zh-hans\/cour-dappel-le-10-avril-2025-n21-05868\/\" \/>\n<meta property=\"og:site_name\" content=\"Ma\u00eetre Hassan Kohen, avocat en droit p\u00e9nal \u00e0 Paris\" \/>\n<meta property=\"article:published_time\" content=\"2026-04-23T20:14:04+00:00\" \/>\n<meta property=\"og:image\" content=\"https:\/\/kohenavocats.com\/wp-content\/uploads\/2024\/07\/lucie-morel-DsWjM4iOmyA-unsplash.webp\" \/>\n\t<meta property=\"og:image:width\" content=\"6000\" \/>\n\t<meta property=\"og:image:height\" content=\"3376\" \/>\n\t<meta property=\"og:image:type\" content=\"image\/webp\" \/>\n<meta name=\"author\" content=\"Kohen\" \/>\n<meta name=\"twitter:card\" content=\"summary_large_image\" \/>\n<meta name=\"twitter:label1\" content=\"\u4f5c\u8005\" \/>\n\t<meta name=\"twitter:data1\" content=\"Kohen\" \/>\n\t<meta name=\"twitter:label2\" content=\"\u9884\u8ba1\u9605\u8bfb\u65f6\u95f4\" \/>\n\t<meta name=\"twitter:data2\" content=\"3 \u5206\" \/>\n<script type=\"application\/ld+json\" class=\"yoast-schema-graph\">{\"@context\":\"https:\\\/\\\/schema.org\",\"@graph\":[{\"@type\":\"Article\",\"@id\":\"https:\\\/\\\/kohenavocats.com\\\/zh-hans\\\/cour-dappel-le-10-avril-2025-n21-05868\\\/#article\",\"isPartOf\":{\"@id\":\"https:\\\/\\\/kohenavocats.com\\\/zh-hans\\\/cour-dappel-le-10-avril-2025-n21-05868\\\/\"},\"author\":{\"name\":\"Kohen\",\"@id\":\"https:\\\/\\\/kohenavocats.com\\\/zh-hans\\\/#\\\/schema\\\/person\\\/761c9ba54fa1ca84d405cef0831ff751\"},\"headline\":\"Cour d&#8217;appel, le 10 avril 2025, n\u00b021\\\/05868\",\"datePublished\":\"2026-04-23T20:14:04+00:00\",\"mainEntityOfPage\":{\"@id\":\"https:\\\/\\\/kohenavocats.com\\\/zh-hans\\\/cour-dappel-le-10-avril-2025-n21-05868\\\/\"},\"wordCount\":667,\"commentCount\":0,\"publisher\":{\"@id\":\"https:\\\/\\\/kohenavocats.com\\\/zh-hans\\\/#organization\"},\"image\":{\"@id\":\"https:\\\/\\\/kohenavocats.com\\\/zh-hans\\\/cour-dappel-le-10-avril-2025-n21-05868\\\/#primaryimage\"},\"thumbnailUrl\":\"https:\\\/\\\/kohenavocats.com\\\/wp-content\\\/uploads\\\/2024\\\/07\\\/lucie-morel-DsWjM4iOmyA-unsplash.webp\",\"articleSection\":[\"Jurisprudence\"],\"inLanguage\":\"zh-Hans\",\"potentialAction\":[{\"@type\":\"CommentAction\",\"name\":\"Comment\",\"target\":[\"https:\\\/\\\/kohenavocats.com\\\/zh-hans\\\/cour-dappel-le-10-avril-2025-n21-05868\\\/#respond\"]}],\"citation\":\"Cour d&#8217;appel, le 10 avril 2025, n\u00b021\\\/05868\",\"about\":[{\"@type\":\"Thing\",\"name\":\"Jurisprudence\"}],\"dateModified\":\"2026-04-23T20:14:04+00:00\",\"speakable\":{\"@type\":\"SpeakableSpecification\",\"cssSelector\":[\".article-content > p:first-of-type\"]}},{\"@type\":\"WebPage\",\"@id\":\"https:\\\/\\\/kohenavocats.com\\\/zh-hans\\\/cour-dappel-le-10-avril-2025-n21-05868\\\/\",\"url\":\"https:\\\/\\\/kohenavocats.com\\\/zh-hans\\\/cour-dappel-le-10-avril-2025-n21-05868\\\/\",\"name\":\"Cour d'appel, le 10 avril 2025, n\u00b021\\\/05868 - Ma\u00eetre Hassan Kohen, avocat en droit p\u00e9nal \u00e0 Paris\",\"isPartOf\":{\"@id\":\"https:\\\/\\\/kohenavocats.com\\\/zh-hans\\\/#website\"},\"primaryImageOfPage\":{\"@id\":\"https:\\\/\\\/kohenavocats.com\\\/zh-hans\\\/cour-dappel-le-10-avril-2025-n21-05868\\\/#primaryimage\"},\"image\":{\"@id\":\"https:\\\/\\\/kohenavocats.com\\\/zh-hans\\\/cour-dappel-le-10-avril-2025-n21-05868\\\/#primaryimage\"},\"thumbnailUrl\":\"https:\\\/\\\/kohenavocats.com\\\/wp-content\\\/uploads\\\/2024\\\/07\\\/lucie-morel-DsWjM4iOmyA-unsplash.webp\",\"datePublished\":\"2026-04-23T20:14:04+00:00\",\"description\":\"Cour d\u2019appel de Paris, le 10 avril 2025, statue sur un litige n\u00e9 d\u2019un licenciement pour fraude aux notes de frais. La salari\u00e9e, cadre, percevait depuis des a...\",\"breadcrumb\":{\"@id\":\"https:\\\/\\\/kohenavocats.com\\\/zh-hans\\\/cour-dappel-le-10-avril-2025-n21-05868\\\/#breadcrumb\"},\"inLanguage\":\"zh-Hans\",\"potentialAction\":[{\"@type\":\"ReadAction\",\"target\":[\"https:\\\/\\\/kohenavocats.com\\\/zh-hans\\\/cour-dappel-le-10-avril-2025-n21-05868\\\/\"]}]},{\"@type\":\"ImageObject\",\"inLanguage\":\"zh-Hans\",\"@id\":\"https:\\\/\\\/kohenavocats.com\\\/zh-hans\\\/cour-dappel-le-10-avril-2025-n21-05868\\\/#primaryimage\",\"url\":\"https:\\\/\\\/kohenavocats.com\\\/wp-content\\\/uploads\\\/2024\\\/07\\\/lucie-morel-DsWjM4iOmyA-unsplash.webp\",\"contentUrl\":\"https:\\\/\\\/kohenavocats.com\\\/wp-content\\\/uploads\\\/2024\\\/07\\\/lucie-morel-DsWjM4iOmyA-unsplash.webp\",\"width\":6000,\"height\":3376},{\"@type\":\"BreadcrumbList\",\"@id\":\"https:\\\/\\\/kohenavocats.com\\\/zh-hans\\\/cour-dappel-le-10-avril-2025-n21-05868\\\/#breadcrumb\",\"itemListElement\":[{\"@type\":\"ListItem\",\"position\":1,\"name\":\"Home\",\"item\":\"https:\\\/\\\/kohenavocats.com\\\/zh-hans\\\/\"},{\"@type\":\"ListItem\",\"position\":2,\"name\":\"Cour d&rsquo;appel, le 10 avril 2025, n\u00b021\\\/05868\"}]},{\"@type\":\"WebSite\",\"@id\":\"https:\\\/\\\/kohenavocats.com\\\/zh-hans\\\/#website\",\"url\":\"https:\\\/\\\/kohenavocats.com\\\/zh-hans\\\/\",\"name\":\"Kohen Avocats\",\"description\":\"Ma\u00eetre Hassan Kohen, avocat p\u00e9naliste \u00e0 Paris, intervient exclusivement en droit p\u00e9nal pour la d\u00e9fense des particuliers, notamment en mati\u00e8re d\u2019accusations de viol. Il assure un accompagnement rigoureux d\u00e8s la garde \u00e0 vue jusqu\u2019\u00e0 la Cour d\u2019assises, veillant au strict respect des garanties proc\u00e9durales.\",\"publisher\":{\"@id\":\"https:\\\/\\\/kohenavocats.com\\\/zh-hans\\\/#organization\"},\"potentialAction\":[{\"@type\":\"SearchAction\",\"target\":{\"@type\":\"EntryPoint\",\"urlTemplate\":\"https:\\\/\\\/kohenavocats.com\\\/zh-hans\\\/?s={search_term_string}\"},\"query-input\":{\"@type\":\"PropertyValueSpecification\",\"valueRequired\":true,\"valueName\":\"search_term_string\"}}],\"inLanguage\":\"zh-Hans\"},{\"@type\":\"Organization\",\"@id\":\"https:\\\/\\\/kohenavocats.com\\\/zh-hans\\\/#organization\",\"name\":\"Kohen Avocats\",\"url\":\"https:\\\/\\\/kohenavocats.com\\\/zh-hans\\\/\",\"logo\":{\"@type\":\"ImageObject\",\"inLanguage\":\"zh-Hans\",\"@id\":\"https:\\\/\\\/kohenavocats.com\\\/zh-hans\\\/#\\\/schema\\\/logo\\\/image\\\/\",\"url\":\"https:\\\/\\\/kohenavocats.com\\\/wp-content\\\/uploads\\\/2026\\\/01\\\/Logo-2-1.webp\",\"contentUrl\":\"https:\\\/\\\/kohenavocats.com\\\/wp-content\\\/uploads\\\/2026\\\/01\\\/Logo-2-1.webp\",\"width\":2114,\"height\":1253,\"caption\":\"Kohen Avocats\"},\"image\":{\"@id\":\"https:\\\/\\\/kohenavocats.com\\\/zh-hans\\\/#\\\/schema\\\/logo\\\/image\\\/\"}},{\"@type\":\"Person\",\"@id\":\"https:\\\/\\\/kohenavocats.com\\\/zh-hans\\\/#\\\/schema\\\/person\\\/761c9ba54fa1ca84d405cef0831ff751\",\"name\":\"Kohen\",\"image\":{\"@type\":\"ImageObject\",\"inLanguage\":\"zh-Hans\",\"@id\":\"https:\\\/\\\/secure.gravatar.com\\\/avatar\\\/1c5e76ef76bbbfdd2b4da984e2bf2fa4056fd51a27d25ce2c332047f1dfd6e00?s=96&d=identicon&r=g\",\"url\":\"https:\\\/\\\/secure.gravatar.com\\\/avatar\\\/1c5e76ef76bbbfdd2b4da984e2bf2fa4056fd51a27d25ce2c332047f1dfd6e00?s=96&d=identicon&r=g\",\"contentUrl\":\"https:\\\/\\\/secure.gravatar.com\\\/avatar\\\/1c5e76ef76bbbfdd2b4da984e2bf2fa4056fd51a27d25ce2c332047f1dfd6e00?s=96&d=identicon&r=g\",\"caption\":\"Kohen\"},\"sameAs\":[\"https:\\\/\\\/www.linkedin.com\\\/in\\\/hassan-kohen-448548192\\\/\",\"https:\\\/\\\/www.youtube.com\\\/@Kohen-Avocats\"],\"url\":\"https:\\\/\\\/kohenavocats.com\\\/zh-hans\\\/author\\\/kohenmlk\\\/\"}]}<\/script>\n<!-- \/ Yoast SEO Premium plugin. -->","yoast_head_json":{"title":"Cour d'appel, le 10 avril 2025, n\u00b021\/05868 - Ma\u00eetre Hassan Kohen, avocat en droit p\u00e9nal \u00e0 Paris","description":"Cour d\u2019appel de Paris, le 10 avril 2025, statue sur un litige n\u00e9 d\u2019un licenciement pour fraude aux notes de frais. La salari\u00e9e, cadre, percevait depuis des a...","robots":{"index":"index","follow":"follow","max-snippet":"max-snippet:-1","max-image-preview":"max-image-preview:large","max-video-preview":"max-video-preview:-1"},"canonical":"https:\/\/kohenavocats.com\/zh-hans\/cour-dappel-le-10-avril-2025-n21-05868\/","og_locale":"zh_CN","og_type":"article","og_title":"Cour d'appel, le 10 avril 2025, n\u00b021\/05868","og_description":"Cour d\u2019appel de Paris, le 10 avril 2025, statue sur un litige n\u00e9 d\u2019un licenciement pour fraude aux notes de frais. La salari\u00e9e, cadre, percevait depuis des a...","og_url":"https:\/\/kohenavocats.com\/zh-hans\/cour-dappel-le-10-avril-2025-n21-05868\/","og_site_name":"Ma\u00eetre Hassan Kohen, avocat en droit p\u00e9nal \u00e0 Paris","article_published_time":"2026-04-23T20:14:04+00:00","og_image":[{"width":6000,"height":3376,"url":"https:\/\/kohenavocats.com\/wp-content\/uploads\/2024\/07\/lucie-morel-DsWjM4iOmyA-unsplash.webp","type":"image\/webp"}],"author":"Kohen","twitter_card":"summary_large_image","twitter_misc":{"\u4f5c\u8005":"Kohen","\u9884\u8ba1\u9605\u8bfb\u65f6\u95f4":"3 \u5206"},"schema":{"@context":"https:\/\/schema.org","@graph":[{"@type":"Article","@id":"https:\/\/kohenavocats.com\/zh-hans\/cour-dappel-le-10-avril-2025-n21-05868\/#article","isPartOf":{"@id":"https:\/\/kohenavocats.com\/zh-hans\/cour-dappel-le-10-avril-2025-n21-05868\/"},"author":{"name":"Kohen","@id":"https:\/\/kohenavocats.com\/zh-hans\/#\/schema\/person\/761c9ba54fa1ca84d405cef0831ff751"},"headline":"Cour d&#8217;appel, le 10 avril 2025, n\u00b021\/05868","datePublished":"2026-04-23T20:14:04+00:00","mainEntityOfPage":{"@id":"https:\/\/kohenavocats.com\/zh-hans\/cour-dappel-le-10-avril-2025-n21-05868\/"},"wordCount":667,"commentCount":0,"publisher":{"@id":"https:\/\/kohenavocats.com\/zh-hans\/#organization"},"image":{"@id":"https:\/\/kohenavocats.com\/zh-hans\/cour-dappel-le-10-avril-2025-n21-05868\/#primaryimage"},"thumbnailUrl":"https:\/\/kohenavocats.com\/wp-content\/uploads\/2024\/07\/lucie-morel-DsWjM4iOmyA-unsplash.webp","articleSection":["Jurisprudence"],"inLanguage":"zh-Hans","potentialAction":[{"@type":"CommentAction","name":"Comment","target":["https:\/\/kohenavocats.com\/zh-hans\/cour-dappel-le-10-avril-2025-n21-05868\/#respond"]}],"citation":"Cour d&#8217;appel, le 10 avril 2025, n\u00b021\/05868","about":[{"@type":"Thing","name":"Jurisprudence"}],"dateModified":"2026-04-23T20:14:04+00:00","speakable":{"@type":"SpeakableSpecification","cssSelector":[".article-content > p:first-of-type"]}},{"@type":"WebPage","@id":"https:\/\/kohenavocats.com\/zh-hans\/cour-dappel-le-10-avril-2025-n21-05868\/","url":"https:\/\/kohenavocats.com\/zh-hans\/cour-dappel-le-10-avril-2025-n21-05868\/","name":"Cour d'appel, le 10 avril 2025, n\u00b021\/05868 - Ma\u00eetre Hassan Kohen, avocat en droit p\u00e9nal \u00e0 Paris","isPartOf":{"@id":"https:\/\/kohenavocats.com\/zh-hans\/#website"},"primaryImageOfPage":{"@id":"https:\/\/kohenavocats.com\/zh-hans\/cour-dappel-le-10-avril-2025-n21-05868\/#primaryimage"},"image":{"@id":"https:\/\/kohenavocats.com\/zh-hans\/cour-dappel-le-10-avril-2025-n21-05868\/#primaryimage"},"thumbnailUrl":"https:\/\/kohenavocats.com\/wp-content\/uploads\/2024\/07\/lucie-morel-DsWjM4iOmyA-unsplash.webp","datePublished":"2026-04-23T20:14:04+00:00","description":"Cour d\u2019appel de Paris, le 10 avril 2025, statue sur un litige n\u00e9 d\u2019un licenciement pour fraude aux notes de frais. La salari\u00e9e, cadre, percevait depuis des a...","breadcrumb":{"@id":"https:\/\/kohenavocats.com\/zh-hans\/cour-dappel-le-10-avril-2025-n21-05868\/#breadcrumb"},"inLanguage":"zh-Hans","potentialAction":[{"@type":"ReadAction","target":["https:\/\/kohenavocats.com\/zh-hans\/cour-dappel-le-10-avril-2025-n21-05868\/"]}]},{"@type":"ImageObject","inLanguage":"zh-Hans","@id":"https:\/\/kohenavocats.com\/zh-hans\/cour-dappel-le-10-avril-2025-n21-05868\/#primaryimage","url":"https:\/\/kohenavocats.com\/wp-content\/uploads\/2024\/07\/lucie-morel-DsWjM4iOmyA-unsplash.webp","contentUrl":"https:\/\/kohenavocats.com\/wp-content\/uploads\/2024\/07\/lucie-morel-DsWjM4iOmyA-unsplash.webp","width":6000,"height":3376},{"@type":"BreadcrumbList","@id":"https:\/\/kohenavocats.com\/zh-hans\/cour-dappel-le-10-avril-2025-n21-05868\/#breadcrumb","itemListElement":[{"@type":"ListItem","position":1,"name":"Home","item":"https:\/\/kohenavocats.com\/zh-hans\/"},{"@type":"ListItem","position":2,"name":"Cour d&rsquo;appel, le 10 avril 2025, n\u00b021\/05868"}]},{"@type":"WebSite","@id":"https:\/\/kohenavocats.com\/zh-hans\/#website","url":"https:\/\/kohenavocats.com\/zh-hans\/","name":"Kohen Avocats","description":"Ma\u00eetre Hassan Kohen, avocat p\u00e9naliste \u00e0 Paris, intervient exclusivement en droit p\u00e9nal pour la d\u00e9fense des particuliers, notamment en mati\u00e8re d\u2019accusations de viol. Il assure un accompagnement rigoureux d\u00e8s la garde \u00e0 vue jusqu\u2019\u00e0 la Cour d\u2019assises, veillant au strict respect des garanties proc\u00e9durales.","publisher":{"@id":"https:\/\/kohenavocats.com\/zh-hans\/#organization"},"potentialAction":[{"@type":"SearchAction","target":{"@type":"EntryPoint","urlTemplate":"https:\/\/kohenavocats.com\/zh-hans\/?s={search_term_string}"},"query-input":{"@type":"PropertyValueSpecification","valueRequired":true,"valueName":"search_term_string"}}],"inLanguage":"zh-Hans"},{"@type":"Organization","@id":"https:\/\/kohenavocats.com\/zh-hans\/#organization","name":"Kohen Avocats","url":"https:\/\/kohenavocats.com\/zh-hans\/","logo":{"@type":"ImageObject","inLanguage":"zh-Hans","@id":"https:\/\/kohenavocats.com\/zh-hans\/#\/schema\/logo\/image\/","url":"https:\/\/kohenavocats.com\/wp-content\/uploads\/2026\/01\/Logo-2-1.webp","contentUrl":"https:\/\/kohenavocats.com\/wp-content\/uploads\/2026\/01\/Logo-2-1.webp","width":2114,"height":1253,"caption":"Kohen Avocats"},"image":{"@id":"https:\/\/kohenavocats.com\/zh-hans\/#\/schema\/logo\/image\/"}},{"@type":"Person","@id":"https:\/\/kohenavocats.com\/zh-hans\/#\/schema\/person\/761c9ba54fa1ca84d405cef0831ff751","name":"Kohen","image":{"@type":"ImageObject","inLanguage":"zh-Hans","@id":"https:\/\/secure.gravatar.com\/avatar\/1c5e76ef76bbbfdd2b4da984e2bf2fa4056fd51a27d25ce2c332047f1dfd6e00?s=96&d=identicon&r=g","url":"https:\/\/secure.gravatar.com\/avatar\/1c5e76ef76bbbfdd2b4da984e2bf2fa4056fd51a27d25ce2c332047f1dfd6e00?s=96&d=identicon&r=g","contentUrl":"https:\/\/secure.gravatar.com\/avatar\/1c5e76ef76bbbfdd2b4da984e2bf2fa4056fd51a27d25ce2c332047f1dfd6e00?s=96&d=identicon&r=g","caption":"Kohen"},"sameAs":["https:\/\/www.linkedin.com\/in\/hassan-kohen-448548192\/","https:\/\/www.youtube.com\/@Kohen-Avocats"],"url":"https:\/\/kohenavocats.com\/zh-hans\/author\/kohenmlk\/"}]}},"jetpack_featured_media_url":"https:\/\/kohenavocats.com\/wp-content\/uploads\/2024\/07\/lucie-morel-DsWjM4iOmyA-unsplash.webp","jetpack_likes_enabled":false,"jetpack_shortlink":"https:\/\/wp.me\/peCrII-2MM0","jetpack-related-posts":[{"id":438434,"url":"https:\/\/kohenavocats.com\/zh-hans\/cour-dappel-de-pau-le-12-avril-2010-n07-00858\/","url_meta":{"origin":664144,"position":0},"title":"Cour d&#8217;appel de Pau, le 12 avril 2010, n\u00b007\/00858","author":"Kohen","date":"2026\u5e743\u670825\u65e5","format":false,"excerpt":"La Cour d'appel de Pau, chambre sociale, le 12 avr\u2026","rel":"","context":"\u5728\u201cCour d'appel\u201d\u4e2d","block_context":{"text":"Cour d'appel","link":"https:\/\/kohenavocats.com\/category\/cour-dappel\/"},"img":{"alt_text":"","src":"https:\/\/i0.wp.com\/kohenavocats.com\/wp-content\/uploads\/2024\/11\/kateryna-hliznitsova-jkHkBZJGYx0-unsplash.webp?resize=350%2C200&ssl=1","width":350,"height":200,"srcset":"https:\/\/i0.wp.com\/kohenavocats.com\/wp-content\/uploads\/2024\/11\/kateryna-hliznitsova-jkHkBZJGYx0-unsplash.webp?resize=350%2C200&ssl=1 1x, https:\/\/i0.wp.com\/kohenavocats.com\/wp-content\/uploads\/2024\/11\/kateryna-hliznitsova-jkHkBZJGYx0-unsplash.webp?resize=525%2C300&ssl=1 1.5x, https:\/\/i0.wp.com\/kohenavocats.com\/wp-content\/uploads\/2024\/11\/kateryna-hliznitsova-jkHkBZJGYx0-unsplash.webp?resize=700%2C400&ssl=1 2x, https:\/\/i0.wp.com\/kohenavocats.com\/wp-content\/uploads\/2024\/11\/kateryna-hliznitsova-jkHkBZJGYx0-unsplash.webp?resize=1050%2C600&ssl=1 3x, https:\/\/i0.wp.com\/kohenavocats.com\/wp-content\/uploads\/2024\/11\/kateryna-hliznitsova-jkHkBZJGYx0-unsplash.webp?resize=1400%2C800&ssl=1 4x"},"classes":[]},{"id":664131,"url":"https:\/\/kohenavocats.com\/zh-hans\/cour-dappel-de-versailles-le-28-mai-2025-n22-02470\/","url_meta":{"origin":664144,"position":1},"title":"Cour d&#8217;appel de Versailles, le 28 mai 2025, n\u00b022\/02470","author":"Kohen","date":"2026\u5e744\u670823\u65e5","format":false,"excerpt":"Cour d'appel de Versailles, chambre sociale, rend \u2026","rel":"","context":"\u5728\u201cCode des assurances\u201d\u4e2d","block_context":{"text":"Code des assurances","link":"https:\/\/kohenavocats.com\/category\/code-des-assurances\/"},"img":{"alt_text":"","src":"https:\/\/i0.wp.com\/kohenavocats.com\/wp-content\/uploads\/2024\/08\/nick-night-XhesAbQnelI-unsplash.webp?resize=350%2C200&ssl=1","width":350,"height":200,"srcset":"https:\/\/i0.wp.com\/kohenavocats.com\/wp-content\/uploads\/2024\/08\/nick-night-XhesAbQnelI-unsplash.webp?resize=350%2C200&ssl=1 1x, https:\/\/i0.wp.com\/kohenavocats.com\/wp-content\/uploads\/2024\/08\/nick-night-XhesAbQnelI-unsplash.webp?resize=525%2C300&ssl=1 1.5x, https:\/\/i0.wp.com\/kohenavocats.com\/wp-content\/uploads\/2024\/08\/nick-night-XhesAbQnelI-unsplash.webp?resize=700%2C400&ssl=1 2x, https:\/\/i0.wp.com\/kohenavocats.com\/wp-content\/uploads\/2024\/08\/nick-night-XhesAbQnelI-unsplash.webp?resize=1050%2C600&ssl=1 3x, https:\/\/i0.wp.com\/kohenavocats.com\/wp-content\/uploads\/2024\/08\/nick-night-XhesAbQnelI-unsplash.webp?resize=1400%2C800&ssl=1 4x"},"classes":[]},{"id":438267,"url":"https:\/\/kohenavocats.com\/zh-hans\/cour-dappel-de-grenoble-le-17-janvier-2011-n09-05033\/","url_meta":{"origin":664144,"position":2},"title":"Cour d&#8217;appel de Grenoble, le 17 janvier 2011, n\u00b009\/05033","author":"Kohen","date":"2026\u5e743\u670825\u65e5","format":false,"excerpt":"La Cour d\u2019appel de Grenoble, chambre sociale, dans\u2026","rel":"","context":"\u5728\u201cCour d'appel\u201d\u4e2d","block_context":{"text":"Cour d'appel","link":"https:\/\/kohenavocats.com\/category\/cour-dappel\/"},"img":{"alt_text":"","src":"https:\/\/i0.wp.com\/kohenavocats.com\/wp-content\/uploads\/2024\/08\/nils-kaEhf0eZme8-unsplash.webp?resize=350%2C200&ssl=1","width":350,"height":200,"srcset":"https:\/\/i0.wp.com\/kohenavocats.com\/wp-content\/uploads\/2024\/08\/nils-kaEhf0eZme8-unsplash.webp?resize=350%2C200&ssl=1 1x, https:\/\/i0.wp.com\/kohenavocats.com\/wp-content\/uploads\/2024\/08\/nils-kaEhf0eZme8-unsplash.webp?resize=525%2C300&ssl=1 1.5x, https:\/\/i0.wp.com\/kohenavocats.com\/wp-content\/uploads\/2024\/08\/nils-kaEhf0eZme8-unsplash.webp?resize=700%2C400&ssl=1 2x, https:\/\/i0.wp.com\/kohenavocats.com\/wp-content\/uploads\/2024\/08\/nils-kaEhf0eZme8-unsplash.webp?resize=1050%2C600&ssl=1 3x, https:\/\/i0.wp.com\/kohenavocats.com\/wp-content\/uploads\/2024\/08\/nils-kaEhf0eZme8-unsplash.webp?resize=1400%2C800&ssl=1 4x"},"classes":[]},{"id":418927,"url":"https:\/\/kohenavocats.com\/zh-hans\/cour-dappel-de-basse-terre-le-27-fevrier-2012-n10-00081\/","url_meta":{"origin":664144,"position":3},"title":"Cour d&#8217;appel de Basse-Terre, le 27 f\u00e9vrier 2012, n\u00b010\/00081","author":"Kohen","date":"2026\u5e743\u670822\u65e5","format":false,"excerpt":"La Cour d\u2019appel de Basse-Terre, dans un arr\u00eat du 2\u2026","rel":"","context":"\u5728\u201cCour d'appel\u201d\u4e2d","block_context":{"text":"Cour d'appel","link":"https:\/\/kohenavocats.com\/category\/cour-dappel\/"},"img":{"alt_text":"","src":"https:\/\/i0.wp.com\/kohenavocats.com\/wp-content\/uploads\/2024\/08\/chris-czermak-PamFFHL6fVY-unsplash.webp?resize=350%2C200&ssl=1","width":350,"height":200,"srcset":"https:\/\/i0.wp.com\/kohenavocats.com\/wp-content\/uploads\/2024\/08\/chris-czermak-PamFFHL6fVY-unsplash.webp?resize=350%2C200&ssl=1 1x, https:\/\/i0.wp.com\/kohenavocats.com\/wp-content\/uploads\/2024\/08\/chris-czermak-PamFFHL6fVY-unsplash.webp?resize=525%2C300&ssl=1 1.5x, https:\/\/i0.wp.com\/kohenavocats.com\/wp-content\/uploads\/2024\/08\/chris-czermak-PamFFHL6fVY-unsplash.webp?resize=700%2C400&ssl=1 2x, https:\/\/i0.wp.com\/kohenavocats.com\/wp-content\/uploads\/2024\/08\/chris-czermak-PamFFHL6fVY-unsplash.webp?resize=1050%2C600&ssl=1 3x, https:\/\/i0.wp.com\/kohenavocats.com\/wp-content\/uploads\/2024\/08\/chris-czermak-PamFFHL6fVY-unsplash.webp?resize=1400%2C800&ssl=1 4x"},"classes":[]},{"id":418290,"url":"https:\/\/kohenavocats.com\/zh-hans\/cour-dappel-de-angers-le-28-fevrier-2012-n10-02493\/","url_meta":{"origin":664144,"position":4},"title":"Cour d&#8217;appel de Angers, le 28 f\u00e9vrier 2012, n\u00b010\/02493","author":"Kohen","date":"2026\u5e743\u670822\u65e5","format":false,"excerpt":"Une salari\u00e9e avait \u00e9t\u00e9 engag\u00e9e sous contrat \u00e0 dur\u00e9\u2026","rel":"","context":"\u5728\u201cCour d'appel\u201d\u4e2d","block_context":{"text":"Cour d'appel","link":"https:\/\/kohenavocats.com\/category\/cour-dappel\/"},"img":{"alt_text":"","src":"https:\/\/i0.wp.com\/kohenavocats.com\/wp-content\/uploads\/2024\/08\/kris-atomic-6xJ9GUbbFEo-unsplash.webp?resize=350%2C200&ssl=1","width":350,"height":200,"srcset":"https:\/\/i0.wp.com\/kohenavocats.com\/wp-content\/uploads\/2024\/08\/kris-atomic-6xJ9GUbbFEo-unsplash.webp?resize=350%2C200&ssl=1 1x, https:\/\/i0.wp.com\/kohenavocats.com\/wp-content\/uploads\/2024\/08\/kris-atomic-6xJ9GUbbFEo-unsplash.webp?resize=525%2C300&ssl=1 1.5x, https:\/\/i0.wp.com\/kohenavocats.com\/wp-content\/uploads\/2024\/08\/kris-atomic-6xJ9GUbbFEo-unsplash.webp?resize=700%2C400&ssl=1 2x, https:\/\/i0.wp.com\/kohenavocats.com\/wp-content\/uploads\/2024\/08\/kris-atomic-6xJ9GUbbFEo-unsplash.webp?resize=1050%2C600&ssl=1 3x, https:\/\/i0.wp.com\/kohenavocats.com\/wp-content\/uploads\/2024\/08\/kris-atomic-6xJ9GUbbFEo-unsplash.webp?resize=1400%2C800&ssl=1 4x"},"classes":[]},{"id":419240,"url":"https:\/\/kohenavocats.com\/zh-hans\/cour-dappel-de-basse-terre-le-5-mars-2012-n10-00067\/","url_meta":{"origin":664144,"position":5},"title":"Cour d&#8217;appel de Basse-Terre, le 5 mars 2012, n\u00b010\/00067","author":"Kohen","date":"2026\u5e743\u670822\u65e5","format":false,"excerpt":"La Cour d\u2019appel de Basse-Terre, dans un arr\u00eat du 4\u2026","rel":"","context":"\u5728\u201cCour d'appel\u201d\u4e2d","block_context":{"text":"Cour d'appel","link":"https:\/\/kohenavocats.com\/category\/cour-dappel\/"},"img":{"alt_text":"","src":"https:\/\/i0.wp.com\/kohenavocats.com\/wp-content\/uploads\/2024\/08\/matthew6910-2uWoi7y2S8E-unsplash.webp?resize=350%2C200&ssl=1","width":350,"height":200,"srcset":"https:\/\/i0.wp.com\/kohenavocats.com\/wp-content\/uploads\/2024\/08\/matthew6910-2uWoi7y2S8E-unsplash.webp?resize=350%2C200&ssl=1 1x, https:\/\/i0.wp.com\/kohenavocats.com\/wp-content\/uploads\/2024\/08\/matthew6910-2uWoi7y2S8E-unsplash.webp?resize=525%2C300&ssl=1 1.5x, https:\/\/i0.wp.com\/kohenavocats.com\/wp-content\/uploads\/2024\/08\/matthew6910-2uWoi7y2S8E-unsplash.webp?resize=700%2C400&ssl=1 2x, https:\/\/i0.wp.com\/kohenavocats.com\/wp-content\/uploads\/2024\/08\/matthew6910-2uWoi7y2S8E-unsplash.webp?resize=1050%2C600&ssl=1 3x, https:\/\/i0.wp.com\/kohenavocats.com\/wp-content\/uploads\/2024\/08\/matthew6910-2uWoi7y2S8E-unsplash.webp?resize=1400%2C800&ssl=1 4x"},"classes":[]}],"jetpack_sharing_enabled":true,"_links":{"self":[{"href":"https:\/\/kohenavocats.com\/zh-hans\/wp-json\/wp\/v2\/posts\/664144","targetHints":{"allow":["GET"]}}],"collection":[{"href":"https:\/\/kohenavocats.com\/zh-hans\/wp-json\/wp\/v2\/posts"}],"about":[{"href":"https:\/\/kohenavocats.com\/zh-hans\/wp-json\/wp\/v2\/types\/post"}],"author":[{"embeddable":true,"href":"https:\/\/kohenavocats.com\/zh-hans\/wp-json\/wp\/v2\/users\/232070755"}],"replies":[{"embeddable":true,"href":"https:\/\/kohenavocats.com\/zh-hans\/wp-json\/wp\/v2\/comments?post=664144"}],"version-history":[{"count":0,"href":"https:\/\/kohenavocats.com\/zh-hans\/wp-json\/wp\/v2\/posts\/664144\/revisions"}],"wp:featuredmedia":[{"embeddable":true,"href":"https:\/\/kohenavocats.com\/zh-hans\/wp-json\/wp\/v2\/media\/3910"}],"wp:attachment":[{"href":"https:\/\/kohenavocats.com\/zh-hans\/wp-json\/wp\/v2\/media?parent=664144"}],"wp:term":[{"taxonomy":"category","embeddable":true,"href":"https:\/\/kohenavocats.com\/zh-hans\/wp-json\/wp\/v2\/categories?post=664144"},{"taxonomy":"post_tag","embeddable":true,"href":"https:\/\/kohenavocats.com\/zh-hans\/wp-json\/wp\/v2\/tags?post=664144"}],"curies":[{"name":"wp","href":"https:\/\/api.w.org\/{rel}","templated":true}]}}