{"id":664146,"date":"2026-04-23T22:14:12","date_gmt":"2026-04-23T20:14:12","guid":{"rendered":"https:\/\/kohenavocats.com\/cour-dappel-de-versailles-le-31-mars-2025-n22-04260\/"},"modified":"2026-04-26T21:17:34","modified_gmt":"2026-04-26T19:17:34","slug":"cour-dappel-de-versailles-le-31-mars-2025-n22-04260","status":"publish","type":"post","link":"https:\/\/kohenavocats.com\/zh-hans\/cour-dappel-de-versailles-le-31-mars-2025-n22-04260\/","title":{"rendered":"Cour d&#8217;appel de Versailles, le 31 mars 2025, n\u00b022\/04260"},"content":{"rendered":"<div class=\"article-content\">\n<p>La Cour d\u2019appel de Versailles, le 31 mars 2025, statue sur la r\u00e9gularit\u00e9 d\u2019un <a href=\"https:\/\/kohenavocats.com\/avocats-droit-social-paris\/avocats-licenciement-faute-paris\/\" target=\"_blank\" title=\"licenciement pour faute\">licenciement pour faute<\/a> grave. Une salari\u00e9e contestait le d\u00e9passement du d\u00e9lai d\u2019un mois entre l\u2019entretien pr\u00e9alable et la notification. L\u2019employeur avait saisi l\u2019Inspection du travail par pr\u00e9caution, bien que la protection ait expir\u00e9. La cour confirme la r\u00e9gularit\u00e9 de la proc\u00e9dure et rejette les demandes indemnitaires.<\/p>\n<p>Le d\u00e9lai de notification face au doute<\/p>\n<p>Le point de d\u00e9part du d\u00e9lai peut \u00eatre report\u00e9. La salari\u00e9e soutenait que le d\u00e9lai d\u2019un mois entre l\u2019entretien et la notification \u00e9tait d\u00e9pass\u00e9. Elle arguait que la saisine de l\u2019Inspection du travail \u00e9tait injustifi\u00e9e. L\u2019employeur avait pourtant un doute sur la persistance du mandat syndical. La cour rel\u00e8ve l\u2019existence d\u2019un doute raisonnable partag\u00e9 par les deux parties. Elle estime que ce doute justifiait la d\u00e9marche pr\u00e9ventive de l\u2019employeur. Le report du point de d\u00e9part est ainsi valid\u00e9 pour s\u00e9curit\u00e9 juridique.<\/p>\n<p>La solution consacre une interpr\u00e9tation pragmatique de la proc\u00e9dure. Elle prot\u00e8ge l\u2019employeur de bonne foi qui agit par prudence. Le d\u00e9lai court d\u00e8s la d\u00e9cision de l\u2019administration, m\u00eame n\u00e9gative. Cette analyse \u00e9vite de sanctionner une d\u00e9marche de conformit\u00e9. Elle assure une s\u00e9curit\u00e9 juridique dans l\u2019int\u00e9r\u00eat commun des parties. La port\u00e9e est significative pour la gestion des contentieux relatifs aux salari\u00e9s prot\u00e9g\u00e9s.<\/p>\n<p>L\u2019articulation des causes de suspension du contrat<\/p>\n<p>La premi\u00e8re cause de suspension prime sur la suivante. La salari\u00e9e r\u00e9clamait le paiement de la garantie de r\u00e9mun\u00e9ration maladie. Elle avait \u00e9t\u00e9 mise \u00e0 pied conservatoire puis arr\u00eat\u00e9e pour maladie. La cour rappelle le principe de l\u2019ant\u00e9riorit\u00e9 des causes de suspension. La mise \u00e0 pied conservatoire, r\u00e9guli\u00e8re, prive de salaire. L\u2019arr\u00eat maladie survenant ensuite ne modifie pas cette situation. La demande indemnitaire est donc rejet\u00e9e en l\u2019absence de faute de l\u2019employeur.<\/p>\n<p>Ce point pr\u00e9cise le r\u00e9gime des suspensions successives du contrat. Il rappelle que les droits \u00e0 r\u00e9mun\u00e9ration sont d\u00e9termin\u00e9s par la premi\u00e8re cause. La solution est traditionnelle et s\u00e9curise les positions employeurs. Elle emp\u00eache le cumul de protections issues de r\u00e9gimes distincts. La valeur est d\u2019assurer une application claire et pr\u00e9visible des r\u00e8gles. La port\u00e9e concerne tous les cas de suspensions imbriqu\u00e9es dans le temps.<\/p>\n<\/div>\n","protected":false},"excerpt":{"rendered":"<p>La Cour d\u2019appel de Versailles, le 31 mars 2025, statue sur la r\u00e9gularit\u00e9 d\u2019un licenciement pour faute grave. Une salari\u00e9e contestait le d\u00e9passement du d\u00e9lai &#8230;<\/p>\n","protected":false},"author":232070755,"featured_media":9467,"comment_status":"open","ping_status":"open","sticky":false,"template":"","format":"standard","meta":{"_crdt_document":"","_jetpack_newsletter_access":"","_jetpack_dont_email_post_to_subs":false,"_jetpack_newsletter_tier_id":0,"_jetpack_memberships_contains_paywalled_content":false,"_kj_source_type":"judilibre","_kj_official_id":"68d6219cfd95ebd9ab385522","_kj_official_url":"https:\/\/www.courdecassation.fr\/decision\/68d6219cfd95ebd9ab385522","_kj_judilibre_id":"68d6219cfd95ebd9ab385522","_kj_jur":"Cour d'appel","_kj_lieu":"Cour d'appel de Paris","_kj_chambre":"P\u00f4le 6 - Chambre 10","_kj_rg":"22\/04260","_kj_date":"2025-09-25","_jetpack_memberships_contains_paid_content":false,"footnotes":"","jetpack_post_was_ever_published":false},"categories":[7123,6580,7597,6718,6992],"tags":[],"class_list":["post-664146","post","type-post","status-publish","format-standard","has-post-thumbnail","hentry","category-droit-du-travail","category-droit-social","category-jurisprudence","category-social","category-travail"],"yoast_head":"<!-- This site is optimized with the Yoast SEO Premium plugin v27.5 (Yoast SEO v27.5) - https:\/\/yoast.com\/product\/yoast-seo-premium-wordpress\/ -->\n<title>Cour d&#039;appel de Versailles, le 31 mars 2025, n\u00b022\/04260 - Ma\u00eetre Hassan Kohen, avocat en droit p\u00e9nal \u00e0 Paris<\/title>\n<meta name=\"description\" content=\"La Cour d\u2019appel de Versailles, le 31 mars 2025, statue sur la r\u00e9gularit\u00e9 d\u2019un licenciement pour faute grave. Une salari\u00e9e contestait le d\u00e9passement du d\u00e9lai ...\" \/>\n<meta name=\"robots\" content=\"index, follow, max-snippet:-1, max-image-preview:large, max-video-preview:-1\" \/>\n<link rel=\"canonical\" href=\"https:\/\/kohenavocats.com\/zh-hans\/cour-dappel-de-versailles-le-31-mars-2025-n22-04260\/\" \/>\n<meta property=\"og:locale\" content=\"zh_CN\" \/>\n<meta property=\"og:type\" content=\"article\" \/>\n<meta property=\"og:title\" content=\"Cour d&#039;appel de Versailles, le 31 mars 2025, n\u00b022\/04260\" \/>\n<meta property=\"og:description\" content=\"La Cour d\u2019appel de Versailles, le 31 mars 2025, statue sur la r\u00e9gularit\u00e9 d\u2019un licenciement pour faute grave. Une salari\u00e9e contestait le d\u00e9passement du d\u00e9lai ...\" \/>\n<meta property=\"og:url\" content=\"https:\/\/kohenavocats.com\/zh-hans\/cour-dappel-de-versailles-le-31-mars-2025-n22-04260\/\" \/>\n<meta property=\"og:site_name\" content=\"Ma\u00eetre Hassan Kohen, avocat en droit p\u00e9nal \u00e0 Paris\" \/>\n<meta property=\"article:published_time\" content=\"2026-04-23T20:14:12+00:00\" \/>\n<meta property=\"article:modified_time\" content=\"2026-04-26T19:17:34+00:00\" \/>\n<meta property=\"og:image\" content=\"https:\/\/kohenavocats.com\/wp-content\/uploads\/2024\/11\/zyanya-citlalli-ypy0AuAozUo-unsplash.webp\" \/>\n\t<meta property=\"og:image:width\" content=\"3840\" \/>\n\t<meta property=\"og:image:height\" content=\"2160\" \/>\n\t<meta property=\"og:image:type\" content=\"image\/webp\" \/>\n<meta name=\"author\" content=\"Kohen\" \/>\n<meta name=\"twitter:card\" content=\"summary_large_image\" \/>\n<meta name=\"twitter:label1\" content=\"\u4f5c\u8005\" \/>\n\t<meta name=\"twitter:data1\" content=\"Kohen\" \/>\n\t<meta name=\"twitter:label2\" content=\"\u9884\u8ba1\u9605\u8bfb\u65f6\u95f4\" \/>\n\t<meta name=\"twitter:data2\" content=\"2 \u5206\" \/>\n<script type=\"application\/ld+json\" class=\"yoast-schema-graph\">{\"@context\":\"https:\\\/\\\/schema.org\",\"@graph\":[{\"@type\":\"Article\",\"@id\":\"https:\\\/\\\/kohenavocats.com\\\/zh-hans\\\/cour-dappel-de-versailles-le-31-mars-2025-n22-04260\\\/#article\",\"isPartOf\":{\"@id\":\"https:\\\/\\\/kohenavocats.com\\\/zh-hans\\\/cour-dappel-de-versailles-le-31-mars-2025-n22-04260\\\/\"},\"author\":{\"name\":\"Kohen\",\"@id\":\"https:\\\/\\\/kohenavocats.com\\\/zh-hans\\\/#\\\/schema\\\/person\\\/761c9ba54fa1ca84d405cef0831ff751\"},\"headline\":\"Cour d&#8217;appel de Versailles, le 31 mars 2025, n\u00b022\\\/04260\",\"datePublished\":\"2026-04-23T20:14:12+00:00\",\"dateModified\":\"2026-04-26T19:17:34+00:00\",\"mainEntityOfPage\":{\"@id\":\"https:\\\/\\\/kohenavocats.com\\\/zh-hans\\\/cour-dappel-de-versailles-le-31-mars-2025-n22-04260\\\/\"},\"wordCount\":440,\"commentCount\":0,\"publisher\":{\"@id\":\"https:\\\/\\\/kohenavocats.com\\\/zh-hans\\\/#organization\"},\"image\":{\"@id\":\"https:\\\/\\\/kohenavocats.com\\\/zh-hans\\\/cour-dappel-de-versailles-le-31-mars-2025-n22-04260\\\/#primaryimage\"},\"thumbnailUrl\":\"https:\\\/\\\/kohenavocats.com\\\/wp-content\\\/uploads\\\/2024\\\/11\\\/zyanya-citlalli-ypy0AuAozUo-unsplash.webp\",\"articleSection\":[\"Droit du travail\",\"Droit Social\",\"Jurisprudence\",\"Social\",\"Travail\"],\"inLanguage\":\"zh-Hans\",\"potentialAction\":[{\"@type\":\"CommentAction\",\"name\":\"Comment\",\"target\":[\"https:\\\/\\\/kohenavocats.com\\\/zh-hans\\\/cour-dappel-de-versailles-le-31-mars-2025-n22-04260\\\/#respond\"]}],\"citation\":\"Cour d&#8217;appel de Versailles, le 31 mars 2025, n\u00b022\\\/04260\",\"about\":[{\"@type\":\"Thing\",\"name\":\"Droit du travail\"},{\"@type\":\"Thing\",\"name\":\"Droit Social\"},{\"@type\":\"Thing\",\"name\":\"Jurisprudence\"},{\"@type\":\"Thing\",\"name\":\"Social\"},{\"@type\":\"Thing\",\"name\":\"Travail\"}],\"speakable\":{\"@type\":\"SpeakableSpecification\",\"cssSelector\":[\".article-content > p:first-of-type\"]}},{\"@type\":\"WebPage\",\"@id\":\"https:\\\/\\\/kohenavocats.com\\\/zh-hans\\\/cour-dappel-de-versailles-le-31-mars-2025-n22-04260\\\/\",\"url\":\"https:\\\/\\\/kohenavocats.com\\\/zh-hans\\\/cour-dappel-de-versailles-le-31-mars-2025-n22-04260\\\/\",\"name\":\"Cour d'appel de Versailles, le 31 mars 2025, n\u00b022\\\/04260 - Ma\u00eetre Hassan Kohen, avocat en droit p\u00e9nal \u00e0 Paris\",\"isPartOf\":{\"@id\":\"https:\\\/\\\/kohenavocats.com\\\/zh-hans\\\/#website\"},\"primaryImageOfPage\":{\"@id\":\"https:\\\/\\\/kohenavocats.com\\\/zh-hans\\\/cour-dappel-de-versailles-le-31-mars-2025-n22-04260\\\/#primaryimage\"},\"image\":{\"@id\":\"https:\\\/\\\/kohenavocats.com\\\/zh-hans\\\/cour-dappel-de-versailles-le-31-mars-2025-n22-04260\\\/#primaryimage\"},\"thumbnailUrl\":\"https:\\\/\\\/kohenavocats.com\\\/wp-content\\\/uploads\\\/2024\\\/11\\\/zyanya-citlalli-ypy0AuAozUo-unsplash.webp\",\"datePublished\":\"2026-04-23T20:14:12+00:00\",\"dateModified\":\"2026-04-26T19:17:34+00:00\",\"description\":\"La Cour d\u2019appel de Versailles, le 31 mars 2025, statue sur la r\u00e9gularit\u00e9 d\u2019un licenciement pour faute grave. Une salari\u00e9e contestait le d\u00e9passement du d\u00e9lai ...\",\"breadcrumb\":{\"@id\":\"https:\\\/\\\/kohenavocats.com\\\/zh-hans\\\/cour-dappel-de-versailles-le-31-mars-2025-n22-04260\\\/#breadcrumb\"},\"inLanguage\":\"zh-Hans\",\"potentialAction\":[{\"@type\":\"ReadAction\",\"target\":[\"https:\\\/\\\/kohenavocats.com\\\/zh-hans\\\/cour-dappel-de-versailles-le-31-mars-2025-n22-04260\\\/\"]}]},{\"@type\":\"ImageObject\",\"inLanguage\":\"zh-Hans\",\"@id\":\"https:\\\/\\\/kohenavocats.com\\\/zh-hans\\\/cour-dappel-de-versailles-le-31-mars-2025-n22-04260\\\/#primaryimage\",\"url\":\"https:\\\/\\\/kohenavocats.com\\\/wp-content\\\/uploads\\\/2024\\\/11\\\/zyanya-citlalli-ypy0AuAozUo-unsplash.webp\",\"contentUrl\":\"https:\\\/\\\/kohenavocats.com\\\/wp-content\\\/uploads\\\/2024\\\/11\\\/zyanya-citlalli-ypy0AuAozUo-unsplash.webp\",\"width\":3840,\"height\":2160},{\"@type\":\"BreadcrumbList\",\"@id\":\"https:\\\/\\\/kohenavocats.com\\\/zh-hans\\\/cour-dappel-de-versailles-le-31-mars-2025-n22-04260\\\/#breadcrumb\",\"itemListElement\":[{\"@type\":\"ListItem\",\"position\":1,\"name\":\"Home\",\"item\":\"https:\\\/\\\/kohenavocats.com\\\/zh-hans\\\/\"},{\"@type\":\"ListItem\",\"position\":2,\"name\":\"Cour d&rsquo;appel de Versailles, le 31 mars 2025, n\u00b022\\\/04260\"}]},{\"@type\":\"WebSite\",\"@id\":\"https:\\\/\\\/kohenavocats.com\\\/zh-hans\\\/#website\",\"url\":\"https:\\\/\\\/kohenavocats.com\\\/zh-hans\\\/\",\"name\":\"Kohen Avocats\",\"description\":\"Ma\u00eetre Hassan Kohen, avocat p\u00e9naliste \u00e0 Paris, intervient exclusivement en droit p\u00e9nal pour la d\u00e9fense des particuliers, notamment en mati\u00e8re d\u2019accusations de viol. Il assure un accompagnement rigoureux d\u00e8s la garde \u00e0 vue jusqu\u2019\u00e0 la Cour d\u2019assises, veillant au strict respect des garanties proc\u00e9durales.\",\"publisher\":{\"@id\":\"https:\\\/\\\/kohenavocats.com\\\/zh-hans\\\/#organization\"},\"potentialAction\":[{\"@type\":\"SearchAction\",\"target\":{\"@type\":\"EntryPoint\",\"urlTemplate\":\"https:\\\/\\\/kohenavocats.com\\\/zh-hans\\\/?s={search_term_string}\"},\"query-input\":{\"@type\":\"PropertyValueSpecification\",\"valueRequired\":true,\"valueName\":\"search_term_string\"}}],\"inLanguage\":\"zh-Hans\"},{\"@type\":\"Organization\",\"@id\":\"https:\\\/\\\/kohenavocats.com\\\/zh-hans\\\/#organization\",\"name\":\"Kohen Avocats\",\"url\":\"https:\\\/\\\/kohenavocats.com\\\/zh-hans\\\/\",\"logo\":{\"@type\":\"ImageObject\",\"inLanguage\":\"zh-Hans\",\"@id\":\"https:\\\/\\\/kohenavocats.com\\\/zh-hans\\\/#\\\/schema\\\/logo\\\/image\\\/\",\"url\":\"https:\\\/\\\/kohenavocats.com\\\/wp-content\\\/uploads\\\/2026\\\/01\\\/Logo-2-1.webp\",\"contentUrl\":\"https:\\\/\\\/kohenavocats.com\\\/wp-content\\\/uploads\\\/2026\\\/01\\\/Logo-2-1.webp\",\"width\":2114,\"height\":1253,\"caption\":\"Kohen Avocats\"},\"image\":{\"@id\":\"https:\\\/\\\/kohenavocats.com\\\/zh-hans\\\/#\\\/schema\\\/logo\\\/image\\\/\"}},{\"@type\":\"Person\",\"@id\":\"https:\\\/\\\/kohenavocats.com\\\/zh-hans\\\/#\\\/schema\\\/person\\\/761c9ba54fa1ca84d405cef0831ff751\",\"name\":\"Kohen\",\"image\":{\"@type\":\"ImageObject\",\"inLanguage\":\"zh-Hans\",\"@id\":\"https:\\\/\\\/secure.gravatar.com\\\/avatar\\\/1c5e76ef76bbbfdd2b4da984e2bf2fa4056fd51a27d25ce2c332047f1dfd6e00?s=96&d=identicon&r=g\",\"url\":\"https:\\\/\\\/secure.gravatar.com\\\/avatar\\\/1c5e76ef76bbbfdd2b4da984e2bf2fa4056fd51a27d25ce2c332047f1dfd6e00?s=96&d=identicon&r=g\",\"contentUrl\":\"https:\\\/\\\/secure.gravatar.com\\\/avatar\\\/1c5e76ef76bbbfdd2b4da984e2bf2fa4056fd51a27d25ce2c332047f1dfd6e00?s=96&d=identicon&r=g\",\"caption\":\"Kohen\"},\"sameAs\":[\"https:\\\/\\\/www.linkedin.com\\\/in\\\/hassan-kohen-448548192\\\/\",\"https:\\\/\\\/www.youtube.com\\\/@Kohen-Avocats\"],\"url\":\"https:\\\/\\\/kohenavocats.com\\\/zh-hans\\\/author\\\/kohenmlk\\\/\"}]}<\/script>\n<!-- \/ Yoast SEO Premium plugin. -->","yoast_head_json":{"title":"Cour d'appel de Versailles, le 31 mars 2025, n\u00b022\/04260 - Ma\u00eetre Hassan Kohen, avocat en droit p\u00e9nal \u00e0 Paris","description":"La Cour d\u2019appel de Versailles, le 31 mars 2025, statue sur la r\u00e9gularit\u00e9 d\u2019un licenciement pour faute grave. Une salari\u00e9e contestait le d\u00e9passement du d\u00e9lai ...","robots":{"index":"index","follow":"follow","max-snippet":"max-snippet:-1","max-image-preview":"max-image-preview:large","max-video-preview":"max-video-preview:-1"},"canonical":"https:\/\/kohenavocats.com\/zh-hans\/cour-dappel-de-versailles-le-31-mars-2025-n22-04260\/","og_locale":"zh_CN","og_type":"article","og_title":"Cour d'appel de Versailles, le 31 mars 2025, n\u00b022\/04260","og_description":"La Cour d\u2019appel de Versailles, le 31 mars 2025, statue sur la r\u00e9gularit\u00e9 d\u2019un licenciement pour faute grave. Une salari\u00e9e contestait le d\u00e9passement du d\u00e9lai ...","og_url":"https:\/\/kohenavocats.com\/zh-hans\/cour-dappel-de-versailles-le-31-mars-2025-n22-04260\/","og_site_name":"Ma\u00eetre Hassan Kohen, avocat en droit p\u00e9nal \u00e0 Paris","article_published_time":"2026-04-23T20:14:12+00:00","article_modified_time":"2026-04-26T19:17:34+00:00","og_image":[{"width":3840,"height":2160,"url":"https:\/\/kohenavocats.com\/wp-content\/uploads\/2024\/11\/zyanya-citlalli-ypy0AuAozUo-unsplash.webp","type":"image\/webp"}],"author":"Kohen","twitter_card":"summary_large_image","twitter_misc":{"\u4f5c\u8005":"Kohen","\u9884\u8ba1\u9605\u8bfb\u65f6\u95f4":"2 \u5206"},"schema":{"@context":"https:\/\/schema.org","@graph":[{"@type":"Article","@id":"https:\/\/kohenavocats.com\/zh-hans\/cour-dappel-de-versailles-le-31-mars-2025-n22-04260\/#article","isPartOf":{"@id":"https:\/\/kohenavocats.com\/zh-hans\/cour-dappel-de-versailles-le-31-mars-2025-n22-04260\/"},"author":{"name":"Kohen","@id":"https:\/\/kohenavocats.com\/zh-hans\/#\/schema\/person\/761c9ba54fa1ca84d405cef0831ff751"},"headline":"Cour d&#8217;appel de Versailles, le 31 mars 2025, n\u00b022\/04260","datePublished":"2026-04-23T20:14:12+00:00","dateModified":"2026-04-26T19:17:34+00:00","mainEntityOfPage":{"@id":"https:\/\/kohenavocats.com\/zh-hans\/cour-dappel-de-versailles-le-31-mars-2025-n22-04260\/"},"wordCount":440,"commentCount":0,"publisher":{"@id":"https:\/\/kohenavocats.com\/zh-hans\/#organization"},"image":{"@id":"https:\/\/kohenavocats.com\/zh-hans\/cour-dappel-de-versailles-le-31-mars-2025-n22-04260\/#primaryimage"},"thumbnailUrl":"https:\/\/kohenavocats.com\/wp-content\/uploads\/2024\/11\/zyanya-citlalli-ypy0AuAozUo-unsplash.webp","articleSection":["Droit du travail","Droit Social","Jurisprudence","Social","Travail"],"inLanguage":"zh-Hans","potentialAction":[{"@type":"CommentAction","name":"Comment","target":["https:\/\/kohenavocats.com\/zh-hans\/cour-dappel-de-versailles-le-31-mars-2025-n22-04260\/#respond"]}],"citation":"Cour d&#8217;appel de Versailles, le 31 mars 2025, n\u00b022\/04260","about":[{"@type":"Thing","name":"Droit du travail"},{"@type":"Thing","name":"Droit Social"},{"@type":"Thing","name":"Jurisprudence"},{"@type":"Thing","name":"Social"},{"@type":"Thing","name":"Travail"}],"speakable":{"@type":"SpeakableSpecification","cssSelector":[".article-content > p:first-of-type"]}},{"@type":"WebPage","@id":"https:\/\/kohenavocats.com\/zh-hans\/cour-dappel-de-versailles-le-31-mars-2025-n22-04260\/","url":"https:\/\/kohenavocats.com\/zh-hans\/cour-dappel-de-versailles-le-31-mars-2025-n22-04260\/","name":"Cour d'appel de Versailles, le 31 mars 2025, n\u00b022\/04260 - Ma\u00eetre Hassan Kohen, avocat en droit p\u00e9nal \u00e0 Paris","isPartOf":{"@id":"https:\/\/kohenavocats.com\/zh-hans\/#website"},"primaryImageOfPage":{"@id":"https:\/\/kohenavocats.com\/zh-hans\/cour-dappel-de-versailles-le-31-mars-2025-n22-04260\/#primaryimage"},"image":{"@id":"https:\/\/kohenavocats.com\/zh-hans\/cour-dappel-de-versailles-le-31-mars-2025-n22-04260\/#primaryimage"},"thumbnailUrl":"https:\/\/kohenavocats.com\/wp-content\/uploads\/2024\/11\/zyanya-citlalli-ypy0AuAozUo-unsplash.webp","datePublished":"2026-04-23T20:14:12+00:00","dateModified":"2026-04-26T19:17:34+00:00","description":"La Cour d\u2019appel de Versailles, le 31 mars 2025, statue sur la r\u00e9gularit\u00e9 d\u2019un licenciement pour faute grave. Une salari\u00e9e contestait le d\u00e9passement du d\u00e9lai ...","breadcrumb":{"@id":"https:\/\/kohenavocats.com\/zh-hans\/cour-dappel-de-versailles-le-31-mars-2025-n22-04260\/#breadcrumb"},"inLanguage":"zh-Hans","potentialAction":[{"@type":"ReadAction","target":["https:\/\/kohenavocats.com\/zh-hans\/cour-dappel-de-versailles-le-31-mars-2025-n22-04260\/"]}]},{"@type":"ImageObject","inLanguage":"zh-Hans","@id":"https:\/\/kohenavocats.com\/zh-hans\/cour-dappel-de-versailles-le-31-mars-2025-n22-04260\/#primaryimage","url":"https:\/\/kohenavocats.com\/wp-content\/uploads\/2024\/11\/zyanya-citlalli-ypy0AuAozUo-unsplash.webp","contentUrl":"https:\/\/kohenavocats.com\/wp-content\/uploads\/2024\/11\/zyanya-citlalli-ypy0AuAozUo-unsplash.webp","width":3840,"height":2160},{"@type":"BreadcrumbList","@id":"https:\/\/kohenavocats.com\/zh-hans\/cour-dappel-de-versailles-le-31-mars-2025-n22-04260\/#breadcrumb","itemListElement":[{"@type":"ListItem","position":1,"name":"Home","item":"https:\/\/kohenavocats.com\/zh-hans\/"},{"@type":"ListItem","position":2,"name":"Cour d&rsquo;appel de Versailles, le 31 mars 2025, n\u00b022\/04260"}]},{"@type":"WebSite","@id":"https:\/\/kohenavocats.com\/zh-hans\/#website","url":"https:\/\/kohenavocats.com\/zh-hans\/","name":"Kohen Avocats","description":"Ma\u00eetre Hassan Kohen, avocat p\u00e9naliste \u00e0 Paris, intervient exclusivement en droit p\u00e9nal pour la d\u00e9fense des particuliers, notamment en mati\u00e8re d\u2019accusations de viol. Il assure un accompagnement rigoureux d\u00e8s la garde \u00e0 vue jusqu\u2019\u00e0 la Cour d\u2019assises, veillant au strict respect des garanties proc\u00e9durales.","publisher":{"@id":"https:\/\/kohenavocats.com\/zh-hans\/#organization"},"potentialAction":[{"@type":"SearchAction","target":{"@type":"EntryPoint","urlTemplate":"https:\/\/kohenavocats.com\/zh-hans\/?s={search_term_string}"},"query-input":{"@type":"PropertyValueSpecification","valueRequired":true,"valueName":"search_term_string"}}],"inLanguage":"zh-Hans"},{"@type":"Organization","@id":"https:\/\/kohenavocats.com\/zh-hans\/#organization","name":"Kohen Avocats","url":"https:\/\/kohenavocats.com\/zh-hans\/","logo":{"@type":"ImageObject","inLanguage":"zh-Hans","@id":"https:\/\/kohenavocats.com\/zh-hans\/#\/schema\/logo\/image\/","url":"https:\/\/kohenavocats.com\/wp-content\/uploads\/2026\/01\/Logo-2-1.webp","contentUrl":"https:\/\/kohenavocats.com\/wp-content\/uploads\/2026\/01\/Logo-2-1.webp","width":2114,"height":1253,"caption":"Kohen Avocats"},"image":{"@id":"https:\/\/kohenavocats.com\/zh-hans\/#\/schema\/logo\/image\/"}},{"@type":"Person","@id":"https:\/\/kohenavocats.com\/zh-hans\/#\/schema\/person\/761c9ba54fa1ca84d405cef0831ff751","name":"Kohen","image":{"@type":"ImageObject","inLanguage":"zh-Hans","@id":"https:\/\/secure.gravatar.com\/avatar\/1c5e76ef76bbbfdd2b4da984e2bf2fa4056fd51a27d25ce2c332047f1dfd6e00?s=96&d=identicon&r=g","url":"https:\/\/secure.gravatar.com\/avatar\/1c5e76ef76bbbfdd2b4da984e2bf2fa4056fd51a27d25ce2c332047f1dfd6e00?s=96&d=identicon&r=g","contentUrl":"https:\/\/secure.gravatar.com\/avatar\/1c5e76ef76bbbfdd2b4da984e2bf2fa4056fd51a27d25ce2c332047f1dfd6e00?s=96&d=identicon&r=g","caption":"Kohen"},"sameAs":["https:\/\/www.linkedin.com\/in\/hassan-kohen-448548192\/","https:\/\/www.youtube.com\/@Kohen-Avocats"],"url":"https:\/\/kohenavocats.com\/zh-hans\/author\/kohenmlk\/"}]}},"jetpack_featured_media_url":"https:\/\/kohenavocats.com\/wp-content\/uploads\/2024\/11\/zyanya-citlalli-ypy0AuAozUo-unsplash.webp","jetpack_likes_enabled":false,"jetpack_shortlink":"https:\/\/wp.me\/peCrII-2MM2","jetpack-related-posts":[{"id":543206,"url":"https:\/\/kohenavocats.com\/zh-hans\/cour-dappel-de-paris-le-25-septembre-2025-n22-04260\/","url_meta":{"origin":664146,"position":0},"title":"Cour d&#8217;appel de Paris, le 25 septembre 2025, n\u00b022\/04260","author":"Kohen","date":"2026\u5e744\u67089\u65e5","format":false,"excerpt":"La Cour d\u2019appel de Versailles, le 31 mars 2025, st\u2026","rel":"","context":"\u5728\u201cCour d'appel\u201d\u4e2d","block_context":{"text":"Cour d'appel","link":"https:\/\/kohenavocats.com\/category\/cour-dappel\/"},"img":{"alt_text":"","src":"https:\/\/i0.wp.com\/kohenavocats.com\/wp-content\/uploads\/2024\/08\/milica-spasojevic-m3AU71mq7tc-unsplash.webp?resize=350%2C200&ssl=1","width":350,"height":200,"srcset":"https:\/\/i0.wp.com\/kohenavocats.com\/wp-content\/uploads\/2024\/08\/milica-spasojevic-m3AU71mq7tc-unsplash.webp?resize=350%2C200&ssl=1 1x, https:\/\/i0.wp.com\/kohenavocats.com\/wp-content\/uploads\/2024\/08\/milica-spasojevic-m3AU71mq7tc-unsplash.webp?resize=525%2C300&ssl=1 1.5x, https:\/\/i0.wp.com\/kohenavocats.com\/wp-content\/uploads\/2024\/08\/milica-spasojevic-m3AU71mq7tc-unsplash.webp?resize=700%2C400&ssl=1 2x, https:\/\/i0.wp.com\/kohenavocats.com\/wp-content\/uploads\/2024\/08\/milica-spasojevic-m3AU71mq7tc-unsplash.webp?resize=1050%2C600&ssl=1 3x, https:\/\/i0.wp.com\/kohenavocats.com\/wp-content\/uploads\/2024\/08\/milica-spasojevic-m3AU71mq7tc-unsplash.webp?resize=1400%2C800&ssl=1 4x"},"classes":[]},{"id":440288,"url":"https:\/\/kohenavocats.com\/zh-hans\/cour-dappel-de-versailles-le-22-juin-2011-n09-00085\/","url_meta":{"origin":664146,"position":1},"title":"Cour d&#8217;appel de Versailles, le 22 juin 2011, n\u00b009\/00085","author":"Kohen","date":"2026\u5e743\u670828\u65e5","format":false,"excerpt":"L\u2019arr\u00eat rendu par la Cour d\u2019appel de Versailles le\u2026","rel":"","context":"\u5728\u201cCour d'appel\u201d\u4e2d","block_context":{"text":"Cour d'appel","link":"https:\/\/kohenavocats.com\/category\/cour-dappel\/"},"img":{"alt_text":"","src":"https:\/\/i0.wp.com\/kohenavocats.com\/wp-content\/uploads\/2024\/08\/peter-ivey-hansen-K3qrgjT7N2M-unsplash.webp?resize=350%2C200&ssl=1","width":350,"height":200,"srcset":"https:\/\/i0.wp.com\/kohenavocats.com\/wp-content\/uploads\/2024\/08\/peter-ivey-hansen-K3qrgjT7N2M-unsplash.webp?resize=350%2C200&ssl=1 1x, https:\/\/i0.wp.com\/kohenavocats.com\/wp-content\/uploads\/2024\/08\/peter-ivey-hansen-K3qrgjT7N2M-unsplash.webp?resize=525%2C300&ssl=1 1.5x, https:\/\/i0.wp.com\/kohenavocats.com\/wp-content\/uploads\/2024\/08\/peter-ivey-hansen-K3qrgjT7N2M-unsplash.webp?resize=700%2C400&ssl=1 2x, https:\/\/i0.wp.com\/kohenavocats.com\/wp-content\/uploads\/2024\/08\/peter-ivey-hansen-K3qrgjT7N2M-unsplash.webp?resize=1050%2C600&ssl=1 3x, https:\/\/i0.wp.com\/kohenavocats.com\/wp-content\/uploads\/2024\/08\/peter-ivey-hansen-K3qrgjT7N2M-unsplash.webp?resize=1400%2C800&ssl=1 4x"},"classes":[]},{"id":497784,"url":"https:\/\/kohenavocats.com\/zh-hans\/cour-dappel-de-paris-le-30-avril-2025-n22-07186\/","url_meta":{"origin":664146,"position":2},"title":"Cour d&#8217;appel de Paris, le 30 avril 2025, n\u00b022\/07186","author":"Kohen","date":"2026\u5e744\u67088\u65e5","format":false,"excerpt":"Cour d\u2019appel de Paris, le 30 avril 2025, statuant \u2026","rel":"","context":"\u5728\u201cJurisprudence\u201d\u4e2d","block_context":{"text":"Jurisprudence","link":"https:\/\/kohenavocats.com\/category\/jurisprudence\/"},"img":{"alt_text":"","src":"https:\/\/i0.wp.com\/kohenavocats.com\/wp-content\/uploads\/2024\/08\/jacob-diehl-P_iWOHWnawg-unsplash.webp?resize=350%2C200&ssl=1","width":350,"height":200,"srcset":"https:\/\/i0.wp.com\/kohenavocats.com\/wp-content\/uploads\/2024\/08\/jacob-diehl-P_iWOHWnawg-unsplash.webp?resize=350%2C200&ssl=1 1x, https:\/\/i0.wp.com\/kohenavocats.com\/wp-content\/uploads\/2024\/08\/jacob-diehl-P_iWOHWnawg-unsplash.webp?resize=525%2C300&ssl=1 1.5x, https:\/\/i0.wp.com\/kohenavocats.com\/wp-content\/uploads\/2024\/08\/jacob-diehl-P_iWOHWnawg-unsplash.webp?resize=700%2C400&ssl=1 2x, https:\/\/i0.wp.com\/kohenavocats.com\/wp-content\/uploads\/2024\/08\/jacob-diehl-P_iWOHWnawg-unsplash.webp?resize=1050%2C600&ssl=1 3x, https:\/\/i0.wp.com\/kohenavocats.com\/wp-content\/uploads\/2024\/08\/jacob-diehl-P_iWOHWnawg-unsplash.webp?resize=1400%2C800&ssl=1 4x"},"classes":[]},{"id":204295,"url":"https:\/\/kohenavocats.com\/zh-hans\/cour-dappel-de-versailles-le-3-juillet-2025-n22-03612\/","url_meta":{"origin":664146,"position":3},"title":"Cour d&#8217;appel de Versailles, le 3 juillet 2025, n\u00b022\/03612","author":"Kohen","date":"2025\u5e7412\u670821\u65e5","format":false,"excerpt":"La cour d\u2019appel de Versailles, chambre socia\u2026","rel":"","context":"\u5728\u201c6920\u201d\u4e2d","block_context":{"text":"6920","link":"https:\/\/kohenavocats.com\/category\/6920\/"},"img":{"alt_text":"","src":"https:\/\/i0.wp.com\/kohenavocats.com\/wp-content\/uploads\/2024\/08\/valeria-m-MUHjcr8Ew4I-unsplash.webp?resize=350%2C200&ssl=1","width":350,"height":200,"srcset":"https:\/\/i0.wp.com\/kohenavocats.com\/wp-content\/uploads\/2024\/08\/valeria-m-MUHjcr8Ew4I-unsplash.webp?resize=350%2C200&ssl=1 1x, https:\/\/i0.wp.com\/kohenavocats.com\/wp-content\/uploads\/2024\/08\/valeria-m-MUHjcr8Ew4I-unsplash.webp?resize=525%2C300&ssl=1 1.5x, https:\/\/i0.wp.com\/kohenavocats.com\/wp-content\/uploads\/2024\/08\/valeria-m-MUHjcr8Ew4I-unsplash.webp?resize=700%2C400&ssl=1 2x, https:\/\/i0.wp.com\/kohenavocats.com\/wp-content\/uploads\/2024\/08\/valeria-m-MUHjcr8Ew4I-unsplash.webp?resize=1050%2C600&ssl=1 3x, https:\/\/i0.wp.com\/kohenavocats.com\/wp-content\/uploads\/2024\/08\/valeria-m-MUHjcr8Ew4I-unsplash.webp?resize=1400%2C800&ssl=1 4x"},"classes":[]},{"id":439712,"url":"https:\/\/kohenavocats.com\/zh-hans\/cour-dappel-de-versailles-le-5-mars-2026-n24-01044\/","url_meta":{"origin":664146,"position":4},"title":"Cour d&#8217;appel de Versailles, le 5 mars 2026, n\u00b024\/01044","author":"Kohen","date":"2026\u5e743\u670827\u65e5","format":false,"excerpt":"La Cour d\u2019appel de Versailles, chambre sociale, da\u2026","rel":"","context":"\u5728\u201cCour d'appel\u201d\u4e2d","block_context":{"text":"Cour d'appel","link":"https:\/\/kohenavocats.com\/category\/cour-dappel\/"},"img":{"alt_text":"","src":"https:\/\/i0.wp.com\/kohenavocats.com\/wp-content\/uploads\/2024\/06\/tingey-injury-law-firm-yCdPU73kGSc-unsplash.jpg?resize=350%2C200&ssl=1","width":350,"height":200,"srcset":"https:\/\/i0.wp.com\/kohenavocats.com\/wp-content\/uploads\/2024\/06\/tingey-injury-law-firm-yCdPU73kGSc-unsplash.jpg?resize=350%2C200&ssl=1 1x, https:\/\/i0.wp.com\/kohenavocats.com\/wp-content\/uploads\/2024\/06\/tingey-injury-law-firm-yCdPU73kGSc-unsplash.jpg?resize=525%2C300&ssl=1 1.5x, https:\/\/i0.wp.com\/kohenavocats.com\/wp-content\/uploads\/2024\/06\/tingey-injury-law-firm-yCdPU73kGSc-unsplash.jpg?resize=700%2C400&ssl=1 2x, https:\/\/i0.wp.com\/kohenavocats.com\/wp-content\/uploads\/2024\/06\/tingey-injury-law-firm-yCdPU73kGSc-unsplash.jpg?resize=1050%2C600&ssl=1 3x, https:\/\/i0.wp.com\/kohenavocats.com\/wp-content\/uploads\/2024\/06\/tingey-injury-law-firm-yCdPU73kGSc-unsplash.jpg?resize=1400%2C800&ssl=1 4x"},"classes":[]}],"jetpack_sharing_enabled":true,"_links":{"self":[{"href":"https:\/\/kohenavocats.com\/zh-hans\/wp-json\/wp\/v2\/posts\/664146","targetHints":{"allow":["GET"]}}],"collection":[{"href":"https:\/\/kohenavocats.com\/zh-hans\/wp-json\/wp\/v2\/posts"}],"about":[{"href":"https:\/\/kohenavocats.com\/zh-hans\/wp-json\/wp\/v2\/types\/post"}],"author":[{"embeddable":true,"href":"https:\/\/kohenavocats.com\/zh-hans\/wp-json\/wp\/v2\/users\/232070755"}],"replies":[{"embeddable":true,"href":"https:\/\/kohenavocats.com\/zh-hans\/wp-json\/wp\/v2\/comments?post=664146"}],"version-history":[{"count":1,"href":"https:\/\/kohenavocats.com\/zh-hans\/wp-json\/wp\/v2\/posts\/664146\/revisions"}],"predecessor-version":[{"id":697772,"href":"https:\/\/kohenavocats.com\/zh-hans\/wp-json\/wp\/v2\/posts\/664146\/revisions\/697772"}],"wp:featuredmedia":[{"embeddable":true,"href":"https:\/\/kohenavocats.com\/zh-hans\/wp-json\/wp\/v2\/media\/9467"}],"wp:attachment":[{"href":"https:\/\/kohenavocats.com\/zh-hans\/wp-json\/wp\/v2\/media?parent=664146"}],"wp:term":[{"taxonomy":"category","embeddable":true,"href":"https:\/\/kohenavocats.com\/zh-hans\/wp-json\/wp\/v2\/categories?post=664146"},{"taxonomy":"post_tag","embeddable":true,"href":"https:\/\/kohenavocats.com\/zh-hans\/wp-json\/wp\/v2\/tags?post=664146"}],"curies":[{"name":"wp","href":"https:\/\/api.w.org\/{rel}","templated":true}]}}