{"id":664655,"date":"2026-04-23T23:01:13","date_gmt":"2026-04-23T21:01:13","guid":{"rendered":"https:\/\/kohenavocats.com\/cour-dappel-de-orleans-le-27-fevrier-2025-n23-02890\/"},"modified":"2026-04-23T23:01:13","modified_gmt":"2026-04-23T21:01:13","slug":"cour-dappel-de-orleans-le-27-fevrier-2025-n23-02890","status":"publish","type":"post","link":"https:\/\/kohenavocats.com\/zh-hans\/cour-dappel-de-orleans-le-27-fevrier-2025-n23-02890\/","title":{"rendered":"Cour d&#8217;appel de Orl\u00e9ans, le 27 f\u00e9vrier 2025, n\u00b023\/02890"},"content":{"rendered":"<div class=\"article-content\">\n<p>La cour d&#8217;appel d&#8217;Orl\u00e9ans, le 27 f\u00e9vrier 2025, statue sur un pourvoi form\u00e9 contre un jugement prud&#8217;homal. Un salari\u00e9, licenci\u00e9 pour faute grave suite \u00e0 des agissements lors d&#8217;une formation, conteste la l\u00e9gitimit\u00e9 de son licenciement et r\u00e9clame diverses indemnit\u00e9s. La juridiction inf\u00e9rieure avait partiellement accueilli ses demandes. La cour d&#8217;appel, saisie de l&#8217;ensemble du litige, doit se prononcer sur la prescription d&#8217;un avertissement ant\u00e9rieur, la qualification de faute grave et le droit \u00e0 une prime exceptionnelle. Elle infirme le jugement pour reconna\u00eetre la faute grave et d\u00e9boute le salari\u00e9 de la plupart de ses pr\u00e9tentions.<\/p>\n<p>La prescription de la sanction ant\u00e9rieure<\/p>\n<p>Le respect des d\u00e9lais l\u00e9gaux de prescription<\/p>\n<p>La cour commence par examiner la r\u00e9gularit\u00e9 de l&#8217;invocation d&#8217;un avertissement ancien. L&#8217;employeur souhaitait fonder son licenciement sur cet ant\u00e9c\u00e9dent disciplinaire. La cour rappelle le principe l\u00e9gal selon lequel &#8220;aucune sanction disciplinaire de plus de trois ans \u00e0 la date d&#8217;engagement des poursuites disciplinaires ne peut \u00eatre invoqu\u00e9e&#8221; (article L. 1332-5 du code du travail). L&#8217;avertissement fut notifi\u00e9 en octobre 2018 et la proc\u00e9dure de licenciement engag\u00e9e en octobre 2021. Le d\u00e9lai de trois ans \u00e9tant \u00e9coul\u00e9, la sanction est d\u00e9clar\u00e9e prescrite. Cet examen liminaire respecte strictement la r\u00e8gle de prescription, prot\u00e9geant le salari\u00e9 contre l&#8217;usage de faits anciens. La d\u00e9cision confirme ainsi la s\u00e9curit\u00e9 juridique attach\u00e9e aux d\u00e9lais, emp\u00eachant toute r\u00e9surgence tardive d&#8217;\u00e9l\u00e9ments disciplinaires.<\/p>\n<p>L&#8217;exclusion du grief de l&#8217;argumentaire patronal<\/p>\n<p>La prescription entra\u00eene l&#8217;\u00e9viction pure et simple de l&#8217;avertissement du d\u00e9bat. L&#8217;employeur ne peut donc s&#8217;en pr\u00e9valoir pour justifier la rupture. La cour confirme le jugement sur ce point, limitant strictement l&#8217;appr\u00e9ciation de la faute grave aux seuls griefs invoqu\u00e9s dans la lettre de licenciement. Cette rigueur proc\u00e9durale garantit que le litige reste circonscrit aux reproches formellement notifi\u00e9s au salari\u00e9. Elle pr\u00e9vient toute surprise proc\u00e9durale et assure l&#8217;\u00e9quit\u00e9 du contradictoire. La port\u00e9e de cette analyse est essentielle, car elle isole l&#8217;appr\u00e9ciation de la faute grave sur les seuls faits r\u00e9cents, sans influence d&#8217;\u00e9l\u00e9ments prescrits.<\/p>\n<p>La caract\u00e9risation de la faute grave<\/p>\n<p>L&#8217;\u00e9tablissement de faits constitutifs d&#8217;une faute<\/p>\n<p>La cour d\u00e9finit ensuite le cadre l\u00e9gal de la faute grave. Elle rappelle qu&#8217;il incombe \u00e0 l&#8217;employeur &#8220;d&#8217;\u00e9tablir l&#8217;exactitude des faits imput\u00e9s&#8221; et &#8220;de d\u00e9montrer que ces faits constituent une violation des obligations d\u00e9coulant du contrat de travail d&#8217;une importance telle qu&#8217;elle rend impossible le maintien de ce salari\u00e9 dans l&#8217;entreprise&#8221;. Pour ce faire, l&#8217;employeur produit plusieurs attestations concordantes d\u00e9crivant les agissements du salari\u00e9 lors d&#8217;une formation. Ces \u00e9crits d\u00e9taillent des propos &#8220;d\u00e9gradants et humiliants&#8221; sur le physique et les aptitudes de coll\u00e8gues et du formateur. Ils relatent \u00e9galement des gestes obsc\u00e8nes \u00e0 connotation sexuelle. La cour estime que ces attestations &#8220;emportent la conviction&#8221;. Elles d\u00e9montrent un &#8220;comportement agressif, d\u00e9nigrant, grossier et irrespectueux&#8221;. Cette accumulation de preuves \u00e9crites et concordantes satisfait pleinement le fardeau de la preuve pesant sur l&#8217;employeur.<\/p>\n<p>La gravit\u00e9 justifiant la rupture imm\u00e9diate<\/p>\n<p>La cour appr\u00e9cie ensuite la gravit\u00e9 de ces faits au regard de l&#8217;obligation de loyaut\u00e9. Elle estime que les &#8220;propos exc\u00e8dent le droit \u00e0 la libert\u00e9 d&#8217;expression reconnu au salari\u00e9&#8221;. Elle rejette l&#8217;excuse d&#8217;un contexte de restructuration, constatant l&#8217;absence de tensions internes \u00e9tablies. Les attestations r\u00e9v\u00e8lent l&#8217;impact profond des agissements sur les victimes, l&#8217;une se disant &#8220;particuli\u00e8rement choqu\u00e9 et bless\u00e9&#8221;, l&#8217;autre s&#8217;\u00e9tant &#8220;senti agress\u00e9&#8221;. La cour en d\u00e9duit que ces &#8220;propos et comportements sont exclusifs de toute plaisanterie&#8221;. Ils avaient pour objet de &#8220;provoquer, d\u00e9nigrer et humilier&#8221;. Au regard de cette analyse, la cour juge que, &#8220;nonobstant l&#8217;anciennet\u00e9 du salari\u00e9 et l&#8217;absence d&#8217;ant\u00e9c\u00e9dent disciplinaire, ces agissements rendaient impossible le maintien du salari\u00e9 dans l&#8217;entreprise&#8221;. Cette appr\u00e9ciation in concreto de la gravit\u00e9, qui \u00e9carte des circonstances att\u00e9nuantes, rejoint la solution d&#8217;une jurisprudence selon laquelle un refus persistant rendait &#8220;impossible le maintien du salari\u00e9 dans l&#8217;entreprise&#8221; (Cour d&#8217;appel de Versailles, le 23 mars 2023, n\u00b020\/01999). La faute grave est ainsi caract\u00e9ris\u00e9e.<\/p>\n<p>La port\u00e9e de l&#8217;arr\u00eat est significative en mati\u00e8re de preuve et de qualification disciplinaire. Il rappelle la n\u00e9cessit\u00e9 de preuves solides et concordantes pour l&#8217;employeur. Il affirme avec force que des atteintes r\u00e9p\u00e9t\u00e9es \u00e0 la dignit\u00e9 d&#8217;autrui, en milieu professionnel, constituent une violation fondamentale du contrat. La solution op\u00e8re une balance nette entre libert\u00e9 d&#8217;expression et obligation de respect, au profit de cette derni\u00e8re. Elle consacre une conception exigeante des relations de travail, o\u00f9 les comportements humiliants et agressifs ne peuvent \u00eatre tol\u00e9r\u00e9s, m\u00eame de la part d&#8217;un salari\u00e9 ancien et sans pass\u00e9 disciplinaire.<\/p>\n<\/div>\n","protected":false},"excerpt":{"rendered":"<p>La cour d&#8217;appel d&#8217;Orl\u00e9ans, le 27 f\u00e9vrier 2025, statue sur un pourvoi form\u00e9 contre un jugement prud&#8217;homal. Un salari\u00e9, licenci\u00e9 pour faute grave suite \u00e0 des a&#8230;<\/p>\n","protected":false},"author":232070755,"featured_media":9703,"comment_status":"open","ping_status":"open","sticky":false,"template":"","format":"standard","meta":{"_crdt_document":"","_jetpack_newsletter_access":"","_jetpack_dont_email_post_to_subs":false,"_jetpack_newsletter_tier_id":0,"_jetpack_memberships_contains_paywalled_content":false,"_kj_source_type":"judilibre","_kj_official_id":"68db641e7ee64f58ab6b6a26","_kj_official_url":"https:\/\/www.courdecassation.fr\/decision\/68db641e7ee64f58ab6b6a26","_kj_judilibre_id":"68db641e7ee64f58ab6b6a26","_kj_jur":"Cour d'appel","_kj_lieu":"Cour d'appel d'Orl\u00e9ans","_kj_chambre":"Chambre Sociale","_kj_rg":"23\/02890","_kj_date":"2025-09-25","_jetpack_memberships_contains_paid_content":false,"footnotes":"","jetpack_post_was_ever_published":false},"categories":[7597],"tags":[],"class_list":["post-664655","post","type-post","status-publish","format-standard","has-post-thumbnail","hentry","category-jurisprudence"],"yoast_head":"<!-- This site is optimized with the Yoast SEO Premium plugin v27.5 (Yoast SEO v27.5) - https:\/\/yoast.com\/product\/yoast-seo-premium-wordpress\/ -->\n<title>Cour d&#039;appel de Orl\u00e9ans, le 27 f\u00e9vrier 2025, n\u00b023\/02890 - Ma\u00eetre Hassan Kohen, avocat en droit p\u00e9nal \u00e0 Paris<\/title>\n<meta name=\"description\" content=\"La cour d&#039;appel d&#039;Orl\u00e9ans, le 27 f\u00e9vrier 2025, statue sur un pourvoi form\u00e9 contre un jugement prud&#039;homal. Un salari\u00e9, licenci\u00e9 pour faute grave suite \u00e0 des a...\" \/>\n<meta name=\"robots\" content=\"index, follow, max-snippet:-1, max-image-preview:large, max-video-preview:-1\" \/>\n<link rel=\"canonical\" href=\"https:\/\/kohenavocats.com\/zh-hans\/cour-dappel-de-orleans-le-27-fevrier-2025-n23-02890\/\" \/>\n<meta property=\"og:locale\" content=\"zh_CN\" \/>\n<meta property=\"og:type\" content=\"article\" \/>\n<meta property=\"og:title\" content=\"Cour d&#039;appel de Orl\u00e9ans, le 27 f\u00e9vrier 2025, n\u00b023\/02890\" \/>\n<meta property=\"og:description\" content=\"La cour d&#039;appel d&#039;Orl\u00e9ans, le 27 f\u00e9vrier 2025, statue sur un pourvoi form\u00e9 contre un jugement prud&#039;homal. Un salari\u00e9, licenci\u00e9 pour faute grave suite \u00e0 des a...\" \/>\n<meta property=\"og:url\" content=\"https:\/\/kohenavocats.com\/zh-hans\/cour-dappel-de-orleans-le-27-fevrier-2025-n23-02890\/\" \/>\n<meta property=\"og:site_name\" content=\"Ma\u00eetre Hassan Kohen, avocat en droit p\u00e9nal \u00e0 Paris\" \/>\n<meta property=\"article:published_time\" content=\"2026-04-23T21:01:13+00:00\" \/>\n<meta property=\"og:image\" content=\"https:\/\/kohenavocats.com\/wp-content\/uploads\/2024\/11\/frank-van-hulst-0ICcSSgR3Fw-unsplash.webp\" \/>\n\t<meta property=\"og:image:width\" content=\"3742\" \/>\n\t<meta property=\"og:image:height\" content=\"2495\" \/>\n\t<meta property=\"og:image:type\" content=\"image\/webp\" \/>\n<meta name=\"author\" content=\"Kohen\" \/>\n<meta name=\"twitter:card\" content=\"summary_large_image\" \/>\n<meta name=\"twitter:label1\" content=\"\u4f5c\u8005\" \/>\n\t<meta name=\"twitter:data1\" content=\"Kohen\" \/>\n\t<meta name=\"twitter:label2\" content=\"\u9884\u8ba1\u9605\u8bfb\u65f6\u95f4\" \/>\n\t<meta name=\"twitter:data2\" content=\"4 \u5206\" \/>\n<script type=\"application\/ld+json\" class=\"yoast-schema-graph\">{\"@context\":\"https:\\\/\\\/schema.org\",\"@graph\":[{\"@type\":\"Article\",\"@id\":\"https:\\\/\\\/kohenavocats.com\\\/zh-hans\\\/cour-dappel-de-orleans-le-27-fevrier-2025-n23-02890\\\/#article\",\"isPartOf\":{\"@id\":\"https:\\\/\\\/kohenavocats.com\\\/zh-hans\\\/cour-dappel-de-orleans-le-27-fevrier-2025-n23-02890\\\/\"},\"author\":{\"name\":\"Kohen\",\"@id\":\"https:\\\/\\\/kohenavocats.com\\\/zh-hans\\\/#\\\/schema\\\/person\\\/761c9ba54fa1ca84d405cef0831ff751\"},\"headline\":\"Cour d&#8217;appel de Orl\u00e9ans, le 27 f\u00e9vrier 2025, n\u00b023\\\/02890\",\"datePublished\":\"2026-04-23T21:01:13+00:00\",\"mainEntityOfPage\":{\"@id\":\"https:\\\/\\\/kohenavocats.com\\\/zh-hans\\\/cour-dappel-de-orleans-le-27-fevrier-2025-n23-02890\\\/\"},\"wordCount\":863,\"commentCount\":0,\"publisher\":{\"@id\":\"https:\\\/\\\/kohenavocats.com\\\/zh-hans\\\/#organization\"},\"image\":{\"@id\":\"https:\\\/\\\/kohenavocats.com\\\/zh-hans\\\/cour-dappel-de-orleans-le-27-fevrier-2025-n23-02890\\\/#primaryimage\"},\"thumbnailUrl\":\"https:\\\/\\\/kohenavocats.com\\\/wp-content\\\/uploads\\\/2024\\\/11\\\/frank-van-hulst-0ICcSSgR3Fw-unsplash.webp\",\"articleSection\":[\"Jurisprudence\"],\"inLanguage\":\"zh-Hans\",\"potentialAction\":[{\"@type\":\"CommentAction\",\"name\":\"Comment\",\"target\":[\"https:\\\/\\\/kohenavocats.com\\\/zh-hans\\\/cour-dappel-de-orleans-le-27-fevrier-2025-n23-02890\\\/#respond\"]}],\"citation\":\"Cour d&#8217;appel de Orl\u00e9ans, le 27 f\u00e9vrier 2025, n\u00b023\\\/02890\",\"about\":[{\"@type\":\"Thing\",\"name\":\"Jurisprudence\"}],\"dateModified\":\"2026-04-23T21:01:13+00:00\",\"speakable\":{\"@type\":\"SpeakableSpecification\",\"cssSelector\":[\".article-content > p:first-of-type\"]}},{\"@type\":\"WebPage\",\"@id\":\"https:\\\/\\\/kohenavocats.com\\\/zh-hans\\\/cour-dappel-de-orleans-le-27-fevrier-2025-n23-02890\\\/\",\"url\":\"https:\\\/\\\/kohenavocats.com\\\/zh-hans\\\/cour-dappel-de-orleans-le-27-fevrier-2025-n23-02890\\\/\",\"name\":\"Cour d'appel de Orl\u00e9ans, le 27 f\u00e9vrier 2025, n\u00b023\\\/02890 - Ma\u00eetre Hassan Kohen, avocat en droit p\u00e9nal \u00e0 Paris\",\"isPartOf\":{\"@id\":\"https:\\\/\\\/kohenavocats.com\\\/zh-hans\\\/#website\"},\"primaryImageOfPage\":{\"@id\":\"https:\\\/\\\/kohenavocats.com\\\/zh-hans\\\/cour-dappel-de-orleans-le-27-fevrier-2025-n23-02890\\\/#primaryimage\"},\"image\":{\"@id\":\"https:\\\/\\\/kohenavocats.com\\\/zh-hans\\\/cour-dappel-de-orleans-le-27-fevrier-2025-n23-02890\\\/#primaryimage\"},\"thumbnailUrl\":\"https:\\\/\\\/kohenavocats.com\\\/wp-content\\\/uploads\\\/2024\\\/11\\\/frank-van-hulst-0ICcSSgR3Fw-unsplash.webp\",\"datePublished\":\"2026-04-23T21:01:13+00:00\",\"description\":\"La cour d'appel d'Orl\u00e9ans, le 27 f\u00e9vrier 2025, statue sur un pourvoi form\u00e9 contre un jugement prud'homal. Un salari\u00e9, licenci\u00e9 pour faute grave suite \u00e0 des a...\",\"breadcrumb\":{\"@id\":\"https:\\\/\\\/kohenavocats.com\\\/zh-hans\\\/cour-dappel-de-orleans-le-27-fevrier-2025-n23-02890\\\/#breadcrumb\"},\"inLanguage\":\"zh-Hans\",\"potentialAction\":[{\"@type\":\"ReadAction\",\"target\":[\"https:\\\/\\\/kohenavocats.com\\\/zh-hans\\\/cour-dappel-de-orleans-le-27-fevrier-2025-n23-02890\\\/\"]}]},{\"@type\":\"ImageObject\",\"inLanguage\":\"zh-Hans\",\"@id\":\"https:\\\/\\\/kohenavocats.com\\\/zh-hans\\\/cour-dappel-de-orleans-le-27-fevrier-2025-n23-02890\\\/#primaryimage\",\"url\":\"https:\\\/\\\/kohenavocats.com\\\/wp-content\\\/uploads\\\/2024\\\/11\\\/frank-van-hulst-0ICcSSgR3Fw-unsplash.webp\",\"contentUrl\":\"https:\\\/\\\/kohenavocats.com\\\/wp-content\\\/uploads\\\/2024\\\/11\\\/frank-van-hulst-0ICcSSgR3Fw-unsplash.webp\",\"width\":3742,\"height\":2495},{\"@type\":\"BreadcrumbList\",\"@id\":\"https:\\\/\\\/kohenavocats.com\\\/zh-hans\\\/cour-dappel-de-orleans-le-27-fevrier-2025-n23-02890\\\/#breadcrumb\",\"itemListElement\":[{\"@type\":\"ListItem\",\"position\":1,\"name\":\"Home\",\"item\":\"https:\\\/\\\/kohenavocats.com\\\/zh-hans\\\/\"},{\"@type\":\"ListItem\",\"position\":2,\"name\":\"Cour d&rsquo;appel de Orl\u00e9ans, le 27 f\u00e9vrier 2025, n\u00b023\\\/02890\"}]},{\"@type\":\"WebSite\",\"@id\":\"https:\\\/\\\/kohenavocats.com\\\/zh-hans\\\/#website\",\"url\":\"https:\\\/\\\/kohenavocats.com\\\/zh-hans\\\/\",\"name\":\"Kohen Avocats\",\"description\":\"Ma\u00eetre Hassan Kohen, avocat p\u00e9naliste \u00e0 Paris, intervient exclusivement en droit p\u00e9nal pour la d\u00e9fense des particuliers, notamment en mati\u00e8re d\u2019accusations de viol. Il assure un accompagnement rigoureux d\u00e8s la garde \u00e0 vue jusqu\u2019\u00e0 la Cour d\u2019assises, veillant au strict respect des garanties proc\u00e9durales.\",\"publisher\":{\"@id\":\"https:\\\/\\\/kohenavocats.com\\\/zh-hans\\\/#organization\"},\"potentialAction\":[{\"@type\":\"SearchAction\",\"target\":{\"@type\":\"EntryPoint\",\"urlTemplate\":\"https:\\\/\\\/kohenavocats.com\\\/zh-hans\\\/?s={search_term_string}\"},\"query-input\":{\"@type\":\"PropertyValueSpecification\",\"valueRequired\":true,\"valueName\":\"search_term_string\"}}],\"inLanguage\":\"zh-Hans\"},{\"@type\":\"Organization\",\"@id\":\"https:\\\/\\\/kohenavocats.com\\\/zh-hans\\\/#organization\",\"name\":\"Kohen Avocats\",\"url\":\"https:\\\/\\\/kohenavocats.com\\\/zh-hans\\\/\",\"logo\":{\"@type\":\"ImageObject\",\"inLanguage\":\"zh-Hans\",\"@id\":\"https:\\\/\\\/kohenavocats.com\\\/zh-hans\\\/#\\\/schema\\\/logo\\\/image\\\/\",\"url\":\"https:\\\/\\\/kohenavocats.com\\\/wp-content\\\/uploads\\\/2026\\\/01\\\/Logo-2-1.webp\",\"contentUrl\":\"https:\\\/\\\/kohenavocats.com\\\/wp-content\\\/uploads\\\/2026\\\/01\\\/Logo-2-1.webp\",\"width\":2114,\"height\":1253,\"caption\":\"Kohen Avocats\"},\"image\":{\"@id\":\"https:\\\/\\\/kohenavocats.com\\\/zh-hans\\\/#\\\/schema\\\/logo\\\/image\\\/\"}},{\"@type\":\"Person\",\"@id\":\"https:\\\/\\\/kohenavocats.com\\\/zh-hans\\\/#\\\/schema\\\/person\\\/761c9ba54fa1ca84d405cef0831ff751\",\"name\":\"Kohen\",\"image\":{\"@type\":\"ImageObject\",\"inLanguage\":\"zh-Hans\",\"@id\":\"https:\\\/\\\/secure.gravatar.com\\\/avatar\\\/1c5e76ef76bbbfdd2b4da984e2bf2fa4056fd51a27d25ce2c332047f1dfd6e00?s=96&d=identicon&r=g\",\"url\":\"https:\\\/\\\/secure.gravatar.com\\\/avatar\\\/1c5e76ef76bbbfdd2b4da984e2bf2fa4056fd51a27d25ce2c332047f1dfd6e00?s=96&d=identicon&r=g\",\"contentUrl\":\"https:\\\/\\\/secure.gravatar.com\\\/avatar\\\/1c5e76ef76bbbfdd2b4da984e2bf2fa4056fd51a27d25ce2c332047f1dfd6e00?s=96&d=identicon&r=g\",\"caption\":\"Kohen\"},\"sameAs\":[\"https:\\\/\\\/www.linkedin.com\\\/in\\\/hassan-kohen-448548192\\\/\",\"https:\\\/\\\/www.youtube.com\\\/@Kohen-Avocats\"],\"url\":\"https:\\\/\\\/kohenavocats.com\\\/zh-hans\\\/author\\\/kohenmlk\\\/\"}]}<\/script>\n<!-- \/ Yoast SEO Premium plugin. -->","yoast_head_json":{"title":"Cour d'appel de Orl\u00e9ans, le 27 f\u00e9vrier 2025, n\u00b023\/02890 - Ma\u00eetre Hassan Kohen, avocat en droit p\u00e9nal \u00e0 Paris","description":"La cour d'appel d'Orl\u00e9ans, le 27 f\u00e9vrier 2025, statue sur un pourvoi form\u00e9 contre un jugement prud'homal. Un salari\u00e9, licenci\u00e9 pour faute grave suite \u00e0 des a...","robots":{"index":"index","follow":"follow","max-snippet":"max-snippet:-1","max-image-preview":"max-image-preview:large","max-video-preview":"max-video-preview:-1"},"canonical":"https:\/\/kohenavocats.com\/zh-hans\/cour-dappel-de-orleans-le-27-fevrier-2025-n23-02890\/","og_locale":"zh_CN","og_type":"article","og_title":"Cour d'appel de Orl\u00e9ans, le 27 f\u00e9vrier 2025, n\u00b023\/02890","og_description":"La cour d'appel d'Orl\u00e9ans, le 27 f\u00e9vrier 2025, statue sur un pourvoi form\u00e9 contre un jugement prud'homal. Un salari\u00e9, licenci\u00e9 pour faute grave suite \u00e0 des a...","og_url":"https:\/\/kohenavocats.com\/zh-hans\/cour-dappel-de-orleans-le-27-fevrier-2025-n23-02890\/","og_site_name":"Ma\u00eetre Hassan Kohen, avocat en droit p\u00e9nal \u00e0 Paris","article_published_time":"2026-04-23T21:01:13+00:00","og_image":[{"width":3742,"height":2495,"url":"https:\/\/kohenavocats.com\/wp-content\/uploads\/2024\/11\/frank-van-hulst-0ICcSSgR3Fw-unsplash.webp","type":"image\/webp"}],"author":"Kohen","twitter_card":"summary_large_image","twitter_misc":{"\u4f5c\u8005":"Kohen","\u9884\u8ba1\u9605\u8bfb\u65f6\u95f4":"4 \u5206"},"schema":{"@context":"https:\/\/schema.org","@graph":[{"@type":"Article","@id":"https:\/\/kohenavocats.com\/zh-hans\/cour-dappel-de-orleans-le-27-fevrier-2025-n23-02890\/#article","isPartOf":{"@id":"https:\/\/kohenavocats.com\/zh-hans\/cour-dappel-de-orleans-le-27-fevrier-2025-n23-02890\/"},"author":{"name":"Kohen","@id":"https:\/\/kohenavocats.com\/zh-hans\/#\/schema\/person\/761c9ba54fa1ca84d405cef0831ff751"},"headline":"Cour d&#8217;appel de Orl\u00e9ans, le 27 f\u00e9vrier 2025, n\u00b023\/02890","datePublished":"2026-04-23T21:01:13+00:00","mainEntityOfPage":{"@id":"https:\/\/kohenavocats.com\/zh-hans\/cour-dappel-de-orleans-le-27-fevrier-2025-n23-02890\/"},"wordCount":863,"commentCount":0,"publisher":{"@id":"https:\/\/kohenavocats.com\/zh-hans\/#organization"},"image":{"@id":"https:\/\/kohenavocats.com\/zh-hans\/cour-dappel-de-orleans-le-27-fevrier-2025-n23-02890\/#primaryimage"},"thumbnailUrl":"https:\/\/kohenavocats.com\/wp-content\/uploads\/2024\/11\/frank-van-hulst-0ICcSSgR3Fw-unsplash.webp","articleSection":["Jurisprudence"],"inLanguage":"zh-Hans","potentialAction":[{"@type":"CommentAction","name":"Comment","target":["https:\/\/kohenavocats.com\/zh-hans\/cour-dappel-de-orleans-le-27-fevrier-2025-n23-02890\/#respond"]}],"citation":"Cour d&#8217;appel de Orl\u00e9ans, le 27 f\u00e9vrier 2025, n\u00b023\/02890","about":[{"@type":"Thing","name":"Jurisprudence"}],"dateModified":"2026-04-23T21:01:13+00:00","speakable":{"@type":"SpeakableSpecification","cssSelector":[".article-content > p:first-of-type"]}},{"@type":"WebPage","@id":"https:\/\/kohenavocats.com\/zh-hans\/cour-dappel-de-orleans-le-27-fevrier-2025-n23-02890\/","url":"https:\/\/kohenavocats.com\/zh-hans\/cour-dappel-de-orleans-le-27-fevrier-2025-n23-02890\/","name":"Cour d'appel de Orl\u00e9ans, le 27 f\u00e9vrier 2025, n\u00b023\/02890 - Ma\u00eetre Hassan Kohen, avocat en droit p\u00e9nal \u00e0 Paris","isPartOf":{"@id":"https:\/\/kohenavocats.com\/zh-hans\/#website"},"primaryImageOfPage":{"@id":"https:\/\/kohenavocats.com\/zh-hans\/cour-dappel-de-orleans-le-27-fevrier-2025-n23-02890\/#primaryimage"},"image":{"@id":"https:\/\/kohenavocats.com\/zh-hans\/cour-dappel-de-orleans-le-27-fevrier-2025-n23-02890\/#primaryimage"},"thumbnailUrl":"https:\/\/kohenavocats.com\/wp-content\/uploads\/2024\/11\/frank-van-hulst-0ICcSSgR3Fw-unsplash.webp","datePublished":"2026-04-23T21:01:13+00:00","description":"La cour d'appel d'Orl\u00e9ans, le 27 f\u00e9vrier 2025, statue sur un pourvoi form\u00e9 contre un jugement prud'homal. Un salari\u00e9, licenci\u00e9 pour faute grave suite \u00e0 des a...","breadcrumb":{"@id":"https:\/\/kohenavocats.com\/zh-hans\/cour-dappel-de-orleans-le-27-fevrier-2025-n23-02890\/#breadcrumb"},"inLanguage":"zh-Hans","potentialAction":[{"@type":"ReadAction","target":["https:\/\/kohenavocats.com\/zh-hans\/cour-dappel-de-orleans-le-27-fevrier-2025-n23-02890\/"]}]},{"@type":"ImageObject","inLanguage":"zh-Hans","@id":"https:\/\/kohenavocats.com\/zh-hans\/cour-dappel-de-orleans-le-27-fevrier-2025-n23-02890\/#primaryimage","url":"https:\/\/kohenavocats.com\/wp-content\/uploads\/2024\/11\/frank-van-hulst-0ICcSSgR3Fw-unsplash.webp","contentUrl":"https:\/\/kohenavocats.com\/wp-content\/uploads\/2024\/11\/frank-van-hulst-0ICcSSgR3Fw-unsplash.webp","width":3742,"height":2495},{"@type":"BreadcrumbList","@id":"https:\/\/kohenavocats.com\/zh-hans\/cour-dappel-de-orleans-le-27-fevrier-2025-n23-02890\/#breadcrumb","itemListElement":[{"@type":"ListItem","position":1,"name":"Home","item":"https:\/\/kohenavocats.com\/zh-hans\/"},{"@type":"ListItem","position":2,"name":"Cour d&rsquo;appel de Orl\u00e9ans, le 27 f\u00e9vrier 2025, n\u00b023\/02890"}]},{"@type":"WebSite","@id":"https:\/\/kohenavocats.com\/zh-hans\/#website","url":"https:\/\/kohenavocats.com\/zh-hans\/","name":"Kohen Avocats","description":"Ma\u00eetre Hassan Kohen, avocat p\u00e9naliste \u00e0 Paris, intervient exclusivement en droit p\u00e9nal pour la d\u00e9fense des particuliers, notamment en mati\u00e8re d\u2019accusations de viol. Il assure un accompagnement rigoureux d\u00e8s la garde \u00e0 vue jusqu\u2019\u00e0 la Cour d\u2019assises, veillant au strict respect des garanties proc\u00e9durales.","publisher":{"@id":"https:\/\/kohenavocats.com\/zh-hans\/#organization"},"potentialAction":[{"@type":"SearchAction","target":{"@type":"EntryPoint","urlTemplate":"https:\/\/kohenavocats.com\/zh-hans\/?s={search_term_string}"},"query-input":{"@type":"PropertyValueSpecification","valueRequired":true,"valueName":"search_term_string"}}],"inLanguage":"zh-Hans"},{"@type":"Organization","@id":"https:\/\/kohenavocats.com\/zh-hans\/#organization","name":"Kohen Avocats","url":"https:\/\/kohenavocats.com\/zh-hans\/","logo":{"@type":"ImageObject","inLanguage":"zh-Hans","@id":"https:\/\/kohenavocats.com\/zh-hans\/#\/schema\/logo\/image\/","url":"https:\/\/kohenavocats.com\/wp-content\/uploads\/2026\/01\/Logo-2-1.webp","contentUrl":"https:\/\/kohenavocats.com\/wp-content\/uploads\/2026\/01\/Logo-2-1.webp","width":2114,"height":1253,"caption":"Kohen Avocats"},"image":{"@id":"https:\/\/kohenavocats.com\/zh-hans\/#\/schema\/logo\/image\/"}},{"@type":"Person","@id":"https:\/\/kohenavocats.com\/zh-hans\/#\/schema\/person\/761c9ba54fa1ca84d405cef0831ff751","name":"Kohen","image":{"@type":"ImageObject","inLanguage":"zh-Hans","@id":"https:\/\/secure.gravatar.com\/avatar\/1c5e76ef76bbbfdd2b4da984e2bf2fa4056fd51a27d25ce2c332047f1dfd6e00?s=96&d=identicon&r=g","url":"https:\/\/secure.gravatar.com\/avatar\/1c5e76ef76bbbfdd2b4da984e2bf2fa4056fd51a27d25ce2c332047f1dfd6e00?s=96&d=identicon&r=g","contentUrl":"https:\/\/secure.gravatar.com\/avatar\/1c5e76ef76bbbfdd2b4da984e2bf2fa4056fd51a27d25ce2c332047f1dfd6e00?s=96&d=identicon&r=g","caption":"Kohen"},"sameAs":["https:\/\/www.linkedin.com\/in\/hassan-kohen-448548192\/","https:\/\/www.youtube.com\/@Kohen-Avocats"],"url":"https:\/\/kohenavocats.com\/zh-hans\/author\/kohenmlk\/"}]}},"jetpack_featured_media_url":"https:\/\/kohenavocats.com\/wp-content\/uploads\/2024\/11\/frank-van-hulst-0ICcSSgR3Fw-unsplash.webp","jetpack_likes_enabled":false,"jetpack_shortlink":"https:\/\/wp.me\/peCrII-2MUf","jetpack-related-posts":[{"id":90148,"url":"https:\/\/kohenavocats.com\/zh-hans\/cour-dappel-de-orleans-le-7-juillet-2025-n23-01011\/","url_meta":{"origin":664655,"position":0},"title":"Cour d&#8217;appel de Orl\u00e9ans, le 7 juillet 2025, n\u00b023\/01011","author":"Kohen","date":"2025\u5e7411\u670810\u65e5","format":false,"excerpt":"Cour d\u2019appel d\u2019Orl\u00e9ans, 7 juillet 2025. La formati\u2026","rel":"","context":"\u5728\u201cCour d'appel\u201d\u4e2d","block_context":{"text":"Cour d'appel","link":"https:\/\/kohenavocats.com\/category\/cour-dappel\/"},"img":{"alt_text":"","src":"https:\/\/i0.wp.com\/kohenavocats.com\/wp-content\/uploads\/2024\/08\/kyle-glenn-TELAb4duebI-unsplash.webp?resize=350%2C200&ssl=1","width":350,"height":200,"srcset":"https:\/\/i0.wp.com\/kohenavocats.com\/wp-content\/uploads\/2024\/08\/kyle-glenn-TELAb4duebI-unsplash.webp?resize=350%2C200&ssl=1 1x, https:\/\/i0.wp.com\/kohenavocats.com\/wp-content\/uploads\/2024\/08\/kyle-glenn-TELAb4duebI-unsplash.webp?resize=525%2C300&ssl=1 1.5x, https:\/\/i0.wp.com\/kohenavocats.com\/wp-content\/uploads\/2024\/08\/kyle-glenn-TELAb4duebI-unsplash.webp?resize=700%2C400&ssl=1 2x, https:\/\/i0.wp.com\/kohenavocats.com\/wp-content\/uploads\/2024\/08\/kyle-glenn-TELAb4duebI-unsplash.webp?resize=1050%2C600&ssl=1 3x, https:\/\/i0.wp.com\/kohenavocats.com\/wp-content\/uploads\/2024\/08\/kyle-glenn-TELAb4duebI-unsplash.webp?resize=1400%2C800&ssl=1 4x"},"classes":[]},{"id":612513,"url":"https:\/\/kohenavocats.com\/zh-hans\/cour-dappel-de-orleans-le-27-fevrier-2025-n23-02767\/","url_meta":{"origin":664655,"position":1},"title":"Cour d&#8217;appel de Orl\u00e9ans, le 27 f\u00e9vrier 2025, n\u00b023\/02767","author":"Kohen","date":"2026\u5e744\u670819\u65e5","format":false,"excerpt":"La cour d'appel d'Orl\u00e9ans, le 27 f\u00e9vrier 2025, sta\u2026","rel":"","context":"\u5728\u201cJurisprudence\u201d\u4e2d","block_context":{"text":"Jurisprudence","link":"https:\/\/kohenavocats.com\/category\/jurisprudence\/"},"img":{"alt_text":"","src":"https:\/\/i0.wp.com\/kohenavocats.com\/wp-content\/uploads\/2024\/08\/ionut-dobre-nnlVXi1lp3k-unsplash.webp?resize=350%2C200&ssl=1","width":350,"height":200,"srcset":"https:\/\/i0.wp.com\/kohenavocats.com\/wp-content\/uploads\/2024\/08\/ionut-dobre-nnlVXi1lp3k-unsplash.webp?resize=350%2C200&ssl=1 1x, https:\/\/i0.wp.com\/kohenavocats.com\/wp-content\/uploads\/2024\/08\/ionut-dobre-nnlVXi1lp3k-unsplash.webp?resize=525%2C300&ssl=1 1.5x, https:\/\/i0.wp.com\/kohenavocats.com\/wp-content\/uploads\/2024\/08\/ionut-dobre-nnlVXi1lp3k-unsplash.webp?resize=700%2C400&ssl=1 2x, https:\/\/i0.wp.com\/kohenavocats.com\/wp-content\/uploads\/2024\/08\/ionut-dobre-nnlVXi1lp3k-unsplash.webp?resize=1050%2C600&ssl=1 3x, https:\/\/i0.wp.com\/kohenavocats.com\/wp-content\/uploads\/2024\/08\/ionut-dobre-nnlVXi1lp3k-unsplash.webp?resize=1400%2C800&ssl=1 4x"},"classes":[]},{"id":202112,"url":"https:\/\/kohenavocats.com\/zh-hans\/cour-dappel-de-orleans-le-11-septembre-2025-n23-01147\/","url_meta":{"origin":664655,"position":2},"title":"Cour d&#8217;appel de Orl\u00e9ans, le 11 septembre 2025, n\u00b023\/01147","author":"Kohen","date":"2025\u5e7412\u670821\u65e5","format":false,"excerpt":"Par un arr\u00eat du 11 septembre 2025, la Cour d'appel\u2026","rel":"","context":"\u5728\u201cCour d'appel\u201d\u4e2d","block_context":{"text":"Cour d'appel","link":"https:\/\/kohenavocats.com\/category\/cour-dappel\/"},"img":{"alt_text":"","src":"https:\/\/i0.wp.com\/kohenavocats.com\/wp-content\/uploads\/2024\/11\/ayush-kumar-lRZ-KmsecQ-unsplash.webp?resize=350%2C200&ssl=1","width":350,"height":200,"srcset":"https:\/\/i0.wp.com\/kohenavocats.com\/wp-content\/uploads\/2024\/11\/ayush-kumar-lRZ-KmsecQ-unsplash.webp?resize=350%2C200&ssl=1 1x, https:\/\/i0.wp.com\/kohenavocats.com\/wp-content\/uploads\/2024\/11\/ayush-kumar-lRZ-KmsecQ-unsplash.webp?resize=525%2C300&ssl=1 1.5x, https:\/\/i0.wp.com\/kohenavocats.com\/wp-content\/uploads\/2024\/11\/ayush-kumar-lRZ-KmsecQ-unsplash.webp?resize=700%2C400&ssl=1 2x, https:\/\/i0.wp.com\/kohenavocats.com\/wp-content\/uploads\/2024\/11\/ayush-kumar-lRZ-KmsecQ-unsplash.webp?resize=1050%2C600&ssl=1 3x, https:\/\/i0.wp.com\/kohenavocats.com\/wp-content\/uploads\/2024\/11\/ayush-kumar-lRZ-KmsecQ-unsplash.webp?resize=1400%2C800&ssl=1 4x"},"classes":[]},{"id":240485,"url":"https:\/\/kohenavocats.com\/zh-hans\/cour-dappel-de-orleans-le-19-juin-2025-n24-01230\/","url_meta":{"origin":664655,"position":3},"title":"Cour d&#8217;appel de Orl\u00e9ans, le 19 juin 2025, n\u00b024\/01230","author":"Kohen","date":"2026\u5e741\u67081\u65e5","format":false,"excerpt":"Rendue par la Cour d\u2019appel d\u2019Orl\u00e9ans l\u2026","rel":"","context":"\u5728\u201cCour d'appel\u201d\u4e2d","block_context":{"text":"Cour d'appel","link":"https:\/\/kohenavocats.com\/category\/cour-dappel\/"},"img":{"alt_text":"","src":"https:\/\/i0.wp.com\/kohenavocats.com\/wp-content\/uploads\/2024\/08\/pierre-chatel-innocenti-rSruCiNzPIQ-unsplash.webp?resize=350%2C200&ssl=1","width":350,"height":200,"srcset":"https:\/\/i0.wp.com\/kohenavocats.com\/wp-content\/uploads\/2024\/08\/pierre-chatel-innocenti-rSruCiNzPIQ-unsplash.webp?resize=350%2C200&ssl=1 1x, https:\/\/i0.wp.com\/kohenavocats.com\/wp-content\/uploads\/2024\/08\/pierre-chatel-innocenti-rSruCiNzPIQ-unsplash.webp?resize=525%2C300&ssl=1 1.5x, https:\/\/i0.wp.com\/kohenavocats.com\/wp-content\/uploads\/2024\/08\/pierre-chatel-innocenti-rSruCiNzPIQ-unsplash.webp?resize=700%2C400&ssl=1 2x, https:\/\/i0.wp.com\/kohenavocats.com\/wp-content\/uploads\/2024\/08\/pierre-chatel-innocenti-rSruCiNzPIQ-unsplash.webp?resize=1050%2C600&ssl=1 3x, https:\/\/i0.wp.com\/kohenavocats.com\/wp-content\/uploads\/2024\/08\/pierre-chatel-innocenti-rSruCiNzPIQ-unsplash.webp?resize=1400%2C800&ssl=1 4x"},"classes":[]},{"id":238149,"url":"https:\/\/kohenavocats.com\/zh-hans\/cour-dappel-de-aix-en-provence-le-4-juillet-2025-n22-02366\/","url_meta":{"origin":664655,"position":4},"title":"Cour d&#8217;appel de Aix-en-Provence, le 4 juillet 2025, n\u00b022\/02366","author":"Kohen","date":"2025\u5e7412\u670831\u65e5","format":false,"excerpt":"La maltraitance institutionnelle de la petite enfa\u2026","rel":"","context":"\u5728\u201cCour d'appel\u201d\u4e2d","block_context":{"text":"Cour d'appel","link":"https:\/\/kohenavocats.com\/category\/cour-dappel\/"},"img":{"alt_text":"","src":"https:\/\/i0.wp.com\/kohenavocats.com\/wp-content\/uploads\/2024\/11\/getty-images-3YlszAwDqLI-unsplash.webp?resize=350%2C200&ssl=1","width":350,"height":200,"srcset":"https:\/\/i0.wp.com\/kohenavocats.com\/wp-content\/uploads\/2024\/11\/getty-images-3YlszAwDqLI-unsplash.webp?resize=350%2C200&ssl=1 1x, https:\/\/i0.wp.com\/kohenavocats.com\/wp-content\/uploads\/2024\/11\/getty-images-3YlszAwDqLI-unsplash.webp?resize=525%2C300&ssl=1 1.5x, https:\/\/i0.wp.com\/kohenavocats.com\/wp-content\/uploads\/2024\/11\/getty-images-3YlszAwDqLI-unsplash.webp?resize=700%2C400&ssl=1 2x, https:\/\/i0.wp.com\/kohenavocats.com\/wp-content\/uploads\/2024\/11\/getty-images-3YlszAwDqLI-unsplash.webp?resize=1050%2C600&ssl=1 3x, https:\/\/i0.wp.com\/kohenavocats.com\/wp-content\/uploads\/2024\/11\/getty-images-3YlszAwDqLI-unsplash.webp?resize=1400%2C800&ssl=1 4x"},"classes":[]},{"id":419965,"url":"https:\/\/kohenavocats.com\/zh-hans\/cour-dappel-de-besancon-le-21-fevrier-2012-n11-00427\/","url_meta":{"origin":664655,"position":5},"title":"Cour d&#8217;appel de Besancon, le 21 f\u00e9vrier 2012, n\u00b011\/00427","author":"Kohen","date":"2026\u5e743\u670822\u65e5","format":false,"excerpt":"Un salari\u00e9 cadre, ancien de pr\u00e8s de quinze ans, a \u2026","rel":"","context":"\u5728\u201cCour d'appel\u201d\u4e2d","block_context":{"text":"Cour d'appel","link":"https:\/\/kohenavocats.com\/category\/cour-dappel\/"},"img":{"alt_text":"","src":"https:\/\/i0.wp.com\/kohenavocats.com\/wp-content\/uploads\/2024\/08\/pierre-axel-cotteret-ZxtssYV12S4-unsplash.webp?resize=350%2C200&ssl=1","width":350,"height":200,"srcset":"https:\/\/i0.wp.com\/kohenavocats.com\/wp-content\/uploads\/2024\/08\/pierre-axel-cotteret-ZxtssYV12S4-unsplash.webp?resize=350%2C200&ssl=1 1x, https:\/\/i0.wp.com\/kohenavocats.com\/wp-content\/uploads\/2024\/08\/pierre-axel-cotteret-ZxtssYV12S4-unsplash.webp?resize=525%2C300&ssl=1 1.5x, https:\/\/i0.wp.com\/kohenavocats.com\/wp-content\/uploads\/2024\/08\/pierre-axel-cotteret-ZxtssYV12S4-unsplash.webp?resize=700%2C400&ssl=1 2x, https:\/\/i0.wp.com\/kohenavocats.com\/wp-content\/uploads\/2024\/08\/pierre-axel-cotteret-ZxtssYV12S4-unsplash.webp?resize=1050%2C600&ssl=1 3x, https:\/\/i0.wp.com\/kohenavocats.com\/wp-content\/uploads\/2024\/08\/pierre-axel-cotteret-ZxtssYV12S4-unsplash.webp?resize=1400%2C800&ssl=1 4x"},"classes":[]}],"jetpack_sharing_enabled":true,"_links":{"self":[{"href":"https:\/\/kohenavocats.com\/zh-hans\/wp-json\/wp\/v2\/posts\/664655","targetHints":{"allow":["GET"]}}],"collection":[{"href":"https:\/\/kohenavocats.com\/zh-hans\/wp-json\/wp\/v2\/posts"}],"about":[{"href":"https:\/\/kohenavocats.com\/zh-hans\/wp-json\/wp\/v2\/types\/post"}],"author":[{"embeddable":true,"href":"https:\/\/kohenavocats.com\/zh-hans\/wp-json\/wp\/v2\/users\/232070755"}],"replies":[{"embeddable":true,"href":"https:\/\/kohenavocats.com\/zh-hans\/wp-json\/wp\/v2\/comments?post=664655"}],"version-history":[{"count":0,"href":"https:\/\/kohenavocats.com\/zh-hans\/wp-json\/wp\/v2\/posts\/664655\/revisions"}],"wp:featuredmedia":[{"embeddable":true,"href":"https:\/\/kohenavocats.com\/zh-hans\/wp-json\/wp\/v2\/media\/9703"}],"wp:attachment":[{"href":"https:\/\/kohenavocats.com\/zh-hans\/wp-json\/wp\/v2\/media?parent=664655"}],"wp:term":[{"taxonomy":"category","embeddable":true,"href":"https:\/\/kohenavocats.com\/zh-hans\/wp-json\/wp\/v2\/categories?post=664655"},{"taxonomy":"post_tag","embeddable":true,"href":"https:\/\/kohenavocats.com\/zh-hans\/wp-json\/wp\/v2\/tags?post=664655"}],"curies":[{"name":"wp","href":"https:\/\/api.w.org\/{rel}","templated":true}]}}