{"id":665284,"date":"2026-04-23T23:31:55","date_gmt":"2026-04-23T21:31:55","guid":{"rendered":"https:\/\/kohenavocats.com\/tribunal-judiciaire-de-mesnil-amelot-le-24-septembre-2025-n25-03802\/"},"modified":"2026-04-26T21:22:53","modified_gmt":"2026-04-26T19:22:53","slug":"tribunal-judiciaire-de-mesnil-amelot-le-24-septembre-2025-n25-03802","status":"publish","type":"post","link":"https:\/\/kohenavocats.com\/zh-hans\/tribunal-judiciaire-de-mesnil-amelot-le-24-septembre-2025-n25-03802\/","title":{"rendered":"Tribunal judiciaire de Mesnil-Amelot, le 24 septembre 2025, n\u00b025\/03802"},"content":{"rendered":"<div class=\"article-content\">\n<p>Le tribunal judiciaire du Mesnil-Amelot, statuant le 24 septembre 2025, rejette une demande de mainlev\u00e9e d&#8217;un maintien en r\u00e9tention administrative. Le requ\u00e9rant invoquait l&#8217;existence d&#8217;un recours administratif contre son obligation de quitter le territoire. Le juge estime que cette circonstance n&#8217;est pas nouvelle et que l&#8217;administration n&#8217;\u00e9tait pas inform\u00e9e. La demande est donc rejet\u00e9e sans d\u00e9bat pr\u00e9alable, faute d&#8217;\u00e9l\u00e9ment nouveau.<\/p>\n<p>L&#8217;exigence d&#8217;une circonstance nouvelle pour r\u00e9examiner la r\u00e9tention<\/p>\n<p>La n\u00e9cessit\u00e9 d&#8217;un fait ou d&#8217;un droit post\u00e9rieur \u00e0 la derni\u00e8re d\u00e9cision. Le <a href=\"https:\/\/kohenavocats.com\/avocats-en-droit-penal-a-paris-conseil-et-defense-strategique\/avocats-detention-provisoire-paris\/\" target=\"_blank\" title=\"juge des libert\u00e9s et de la d\u00e9tention\">juge des libert\u00e9s et de la d\u00e9tention<\/a> ne peut statuer \u00e0 nouveau que sur un \u00e9l\u00e9ment survenu apr\u00e8s sa pr\u00e9c\u00e9dente ordonnance. En l&#8217;esp\u00e8ce, le recours administratif existait avant l&#8217;audience du 15 septembre 2025. La production d&#8217;une simple fiche d&#8217;\u00e9cran ne modifie pas cette ant\u00e9riorit\u00e9 fondamentale. Le juge rappelle ainsi le caract\u00e8re strict de la condition de nouveaut\u00e9.<\/p>\n<p>L&#8217;absence de justification des impossibilit\u00e9s de production ant\u00e9rieure. Le requ\u00e9rant doit d\u00e9montrer qu&#8217;il ne pouvait pas produire l&#8217;\u00e9l\u00e9ment invoqu\u00e9 lors de l&#8217;audience pr\u00e9c\u00e9dente. Le juge rel\u00e8ve l&#8217;absence de circonstances insurmontables justifiant un tel retard. &#8220;l&#8217;int\u00e9ress\u00e9 ne d\u00e9montre pas les circonstances insurmontables lui ayant rendu impossible la production de cette pi\u00e8ce \u00e0 l&#8217;audience du 15 septembre 2025&#8221; (Motifs). Cette exigence garantit la s\u00e9curit\u00e9 juridique et l&#8217;efficacit\u00e9 de la proc\u00e9dure.<\/p>\n<p>L&#8217;obligation d&#8217;informer l&#8217;administration de l&#8217;existence d&#8217;un recours<\/p>\n<p>La charge de l&#8217;information incombe au retenu et non \u00e0 l&#8217;administration. Le juge valide le raisonnement de l&#8217;ordonnance de prolongation cit\u00e9e. L&#8217;administration ne peut \u00eatre tenue de relayer une information qu&#8217;elle ignore. &#8220;\u00e0 aucun moment [le requ\u00e9rant] n\u2019a fait savoir au centre de r\u00e9tention ou \u00e0 la pr\u00e9fecture de l\u2019existence d\u2019un tel recours&#8221; (Motifs). Cette solution rejoint une jurisprudence constante sur la n\u00e9cessit\u00e9 d&#8217;une information active.<\/p>\n<p>La distinction entre l&#8217;autorit\u00e9 \u00e9mettrice de l&#8217;OQTF et celle ordonnant la r\u00e9tention. Le juge souligne que les pr\u00e9fectures concern\u00e9es peuvent \u00eatre diff\u00e9rentes. La pr\u00e9fecture ayant ordonn\u00e9 la r\u00e9tention n&#8217;\u00e9tait pas partie \u00e0 la proc\u00e9dure administrative. Cette s\u00e9paration administrative explique et justifie le d\u00e9faut d&#8217;information spontan\u00e9e. Cette analyse confirme une approche stricte des obligations de communication entre services.<\/p>\n<p>La port\u00e9e de cette d\u00e9cision est significative pour le contr\u00f4le juridictionnel de la r\u00e9tention. Elle rappelle la rigueur proc\u00e9durale impos\u00e9e au retenu pour invoquer un recours. La valeur de l&#8217;arr\u00eat r\u00e9side dans la confirmation de la charge de la preuve pesant sur l&#8217;\u00e9tranger. Elle limite ainsi les possibilit\u00e9s de contestations successives sur des faits anciens. Le sens est un renforcement de l&#8217;autorit\u00e9 de la chose jug\u00e9e par le juge des libert\u00e9s.<\/p>\n<\/div>\n","protected":false},"excerpt":{"rendered":"<p>Le tribunal judiciaire du Mesnil-Amelot, statuant le 24 septembre 2025, rejette une demande de mainlev\u00e9e d&#8217;un maintien en r\u00e9tention administrative. Le requ\u00e9r&#8230;<\/p>\n","protected":false},"author":232070755,"featured_media":4719,"comment_status":"open","ping_status":"open","sticky":false,"template":"","format":"standard","meta":{"_crdt_document":"","_jetpack_newsletter_access":"","_jetpack_dont_email_post_to_subs":false,"_jetpack_newsletter_tier_id":0,"_jetpack_memberships_contains_paywalled_content":false,"_kj_source_type":"judilibre","_kj_official_id":"68dd804e548223b2c7ac05f8","_kj_official_url":"https:\/\/www.courdecassation.fr\/decision\/68dd804e548223b2c7ac05f8","_kj_judilibre_id":"68dd804e548223b2c7ac05f8","_kj_jur":"Tribunal judiciaire","_kj_lieu":"Tribunal judiciaire de Meaux","_kj_chambre":"JLD","_kj_rg":"25\/03802","_kj_date":"2025-09-24","_jetpack_memberships_contains_paid_content":false,"footnotes":"","jetpack_post_was_ever_published":false},"categories":[7597],"tags":[],"class_list":["post-665284","post","type-post","status-publish","format-standard","has-post-thumbnail","hentry","category-jurisprudence"],"yoast_head":"<!-- This site is optimized with the Yoast SEO Premium plugin v27.5 (Yoast SEO v27.5) - https:\/\/yoast.com\/product\/yoast-seo-premium-wordpress\/ -->\n<title>Tribunal judiciaire de Mesnil-Amelot, le 24 septembre 2025, n\u00b025\/03802 - Ma\u00eetre Hassan Kohen, avocat en droit p\u00e9nal \u00e0 Paris<\/title>\n<meta name=\"description\" content=\"Le tribunal judiciaire du Mesnil-Amelot, statuant le 24 septembre 2025, rejette une demande de mainlev\u00e9e d&#039;un maintien en r\u00e9tention administrative. Le requ\u00e9r...\" \/>\n<meta name=\"robots\" content=\"index, follow, max-snippet:-1, max-image-preview:large, max-video-preview:-1\" \/>\n<link rel=\"canonical\" href=\"https:\/\/kohenavocats.com\/zh-hans\/tribunal-judiciaire-de-mesnil-amelot-le-24-septembre-2025-n25-03802\/\" \/>\n<meta property=\"og:locale\" content=\"zh_CN\" \/>\n<meta property=\"og:type\" content=\"article\" \/>\n<meta property=\"og:title\" content=\"Tribunal judiciaire de Mesnil-Amelot, le 24 septembre 2025, n\u00b025\/03802\" \/>\n<meta property=\"og:description\" content=\"Le tribunal judiciaire du Mesnil-Amelot, statuant le 24 septembre 2025, rejette une demande de mainlev\u00e9e d&#039;un maintien en r\u00e9tention administrative. Le requ\u00e9r...\" \/>\n<meta property=\"og:url\" content=\"https:\/\/kohenavocats.com\/zh-hans\/tribunal-judiciaire-de-mesnil-amelot-le-24-septembre-2025-n25-03802\/\" \/>\n<meta property=\"og:site_name\" content=\"Ma\u00eetre Hassan Kohen, avocat en droit p\u00e9nal \u00e0 Paris\" \/>\n<meta property=\"article:published_time\" content=\"2026-04-23T21:31:55+00:00\" \/>\n<meta property=\"article:modified_time\" content=\"2026-04-26T19:22:53+00:00\" \/>\n<meta property=\"og:image\" content=\"https:\/\/kohenavocats.com\/wp-content\/uploads\/2024\/08\/isaiah-b-pwS850MaFYo-unsplash.webp\" \/>\n\t<meta property=\"og:image:width\" content=\"3904\" \/>\n\t<meta property=\"og:image:height\" content=\"2268\" \/>\n\t<meta property=\"og:image:type\" content=\"image\/webp\" \/>\n<meta name=\"author\" content=\"Kohen\" \/>\n<meta name=\"twitter:card\" content=\"summary_large_image\" \/>\n<meta name=\"twitter:label1\" content=\"\u4f5c\u8005\" \/>\n\t<meta name=\"twitter:data1\" content=\"Kohen\" \/>\n\t<meta name=\"twitter:label2\" content=\"\u9884\u8ba1\u9605\u8bfb\u65f6\u95f4\" \/>\n\t<meta name=\"twitter:data2\" content=\"2 \u5206\" \/>\n<script type=\"application\/ld+json\" class=\"yoast-schema-graph\">{\"@context\":\"https:\\\/\\\/schema.org\",\"@graph\":[{\"@type\":\"Article\",\"@id\":\"https:\\\/\\\/kohenavocats.com\\\/zh-hans\\\/tribunal-judiciaire-de-mesnil-amelot-le-24-septembre-2025-n25-03802\\\/#article\",\"isPartOf\":{\"@id\":\"https:\\\/\\\/kohenavocats.com\\\/zh-hans\\\/tribunal-judiciaire-de-mesnil-amelot-le-24-septembre-2025-n25-03802\\\/\"},\"author\":{\"name\":\"Kohen\",\"@id\":\"https:\\\/\\\/kohenavocats.com\\\/zh-hans\\\/#\\\/schema\\\/person\\\/761c9ba54fa1ca84d405cef0831ff751\"},\"headline\":\"Tribunal judiciaire de Mesnil-Amelot, le 24 septembre 2025, n\u00b025\\\/03802\",\"datePublished\":\"2026-04-23T21:31:55+00:00\",\"dateModified\":\"2026-04-26T19:22:53+00:00\",\"mainEntityOfPage\":{\"@id\":\"https:\\\/\\\/kohenavocats.com\\\/zh-hans\\\/tribunal-judiciaire-de-mesnil-amelot-le-24-septembre-2025-n25-03802\\\/\"},\"wordCount\":507,\"commentCount\":0,\"publisher\":{\"@id\":\"https:\\\/\\\/kohenavocats.com\\\/zh-hans\\\/#organization\"},\"image\":{\"@id\":\"https:\\\/\\\/kohenavocats.com\\\/zh-hans\\\/tribunal-judiciaire-de-mesnil-amelot-le-24-septembre-2025-n25-03802\\\/#primaryimage\"},\"thumbnailUrl\":\"https:\\\/\\\/kohenavocats.com\\\/wp-content\\\/uploads\\\/2024\\\/08\\\/isaiah-b-pwS850MaFYo-unsplash.webp\",\"articleSection\":[\"Jurisprudence\"],\"inLanguage\":\"zh-Hans\",\"potentialAction\":[{\"@type\":\"CommentAction\",\"name\":\"Comment\",\"target\":[\"https:\\\/\\\/kohenavocats.com\\\/zh-hans\\\/tribunal-judiciaire-de-mesnil-amelot-le-24-septembre-2025-n25-03802\\\/#respond\"]}],\"citation\":\"Tribunal judiciaire de Mesnil-Amelot, le 24 septembre 2025, n\u00b025\\\/03802\",\"about\":[{\"@type\":\"Thing\",\"name\":\"Jurisprudence\"}],\"speakable\":{\"@type\":\"SpeakableSpecification\",\"cssSelector\":[\".article-content > p:first-of-type\"]}},{\"@type\":\"WebPage\",\"@id\":\"https:\\\/\\\/kohenavocats.com\\\/zh-hans\\\/tribunal-judiciaire-de-mesnil-amelot-le-24-septembre-2025-n25-03802\\\/\",\"url\":\"https:\\\/\\\/kohenavocats.com\\\/zh-hans\\\/tribunal-judiciaire-de-mesnil-amelot-le-24-septembre-2025-n25-03802\\\/\",\"name\":\"Tribunal judiciaire de Mesnil-Amelot, le 24 septembre 2025, n\u00b025\\\/03802 - Ma\u00eetre Hassan Kohen, avocat en droit p\u00e9nal \u00e0 Paris\",\"isPartOf\":{\"@id\":\"https:\\\/\\\/kohenavocats.com\\\/zh-hans\\\/#website\"},\"primaryImageOfPage\":{\"@id\":\"https:\\\/\\\/kohenavocats.com\\\/zh-hans\\\/tribunal-judiciaire-de-mesnil-amelot-le-24-septembre-2025-n25-03802\\\/#primaryimage\"},\"image\":{\"@id\":\"https:\\\/\\\/kohenavocats.com\\\/zh-hans\\\/tribunal-judiciaire-de-mesnil-amelot-le-24-septembre-2025-n25-03802\\\/#primaryimage\"},\"thumbnailUrl\":\"https:\\\/\\\/kohenavocats.com\\\/wp-content\\\/uploads\\\/2024\\\/08\\\/isaiah-b-pwS850MaFYo-unsplash.webp\",\"datePublished\":\"2026-04-23T21:31:55+00:00\",\"dateModified\":\"2026-04-26T19:22:53+00:00\",\"description\":\"Le tribunal judiciaire du Mesnil-Amelot, statuant le 24 septembre 2025, rejette une demande de mainlev\u00e9e d'un maintien en r\u00e9tention administrative. Le requ\u00e9r...\",\"breadcrumb\":{\"@id\":\"https:\\\/\\\/kohenavocats.com\\\/zh-hans\\\/tribunal-judiciaire-de-mesnil-amelot-le-24-septembre-2025-n25-03802\\\/#breadcrumb\"},\"inLanguage\":\"zh-Hans\",\"potentialAction\":[{\"@type\":\"ReadAction\",\"target\":[\"https:\\\/\\\/kohenavocats.com\\\/zh-hans\\\/tribunal-judiciaire-de-mesnil-amelot-le-24-septembre-2025-n25-03802\\\/\"]}]},{\"@type\":\"ImageObject\",\"inLanguage\":\"zh-Hans\",\"@id\":\"https:\\\/\\\/kohenavocats.com\\\/zh-hans\\\/tribunal-judiciaire-de-mesnil-amelot-le-24-septembre-2025-n25-03802\\\/#primaryimage\",\"url\":\"https:\\\/\\\/kohenavocats.com\\\/wp-content\\\/uploads\\\/2024\\\/08\\\/isaiah-b-pwS850MaFYo-unsplash.webp\",\"contentUrl\":\"https:\\\/\\\/kohenavocats.com\\\/wp-content\\\/uploads\\\/2024\\\/08\\\/isaiah-b-pwS850MaFYo-unsplash.webp\",\"width\":3904,\"height\":2268},{\"@type\":\"BreadcrumbList\",\"@id\":\"https:\\\/\\\/kohenavocats.com\\\/zh-hans\\\/tribunal-judiciaire-de-mesnil-amelot-le-24-septembre-2025-n25-03802\\\/#breadcrumb\",\"itemListElement\":[{\"@type\":\"ListItem\",\"position\":1,\"name\":\"Home\",\"item\":\"https:\\\/\\\/kohenavocats.com\\\/zh-hans\\\/\"},{\"@type\":\"ListItem\",\"position\":2,\"name\":\"Tribunal judiciaire de Mesnil-Amelot, le 24 septembre 2025, n\u00b025\\\/03802\"}]},{\"@type\":\"WebSite\",\"@id\":\"https:\\\/\\\/kohenavocats.com\\\/zh-hans\\\/#website\",\"url\":\"https:\\\/\\\/kohenavocats.com\\\/zh-hans\\\/\",\"name\":\"Kohen Avocats\",\"description\":\"Ma\u00eetre Hassan Kohen, avocat p\u00e9naliste \u00e0 Paris, intervient exclusivement en droit p\u00e9nal pour la d\u00e9fense des particuliers, notamment en mati\u00e8re d\u2019accusations de viol. Il assure un accompagnement rigoureux d\u00e8s la garde \u00e0 vue jusqu\u2019\u00e0 la Cour d\u2019assises, veillant au strict respect des garanties proc\u00e9durales.\",\"publisher\":{\"@id\":\"https:\\\/\\\/kohenavocats.com\\\/zh-hans\\\/#organization\"},\"potentialAction\":[{\"@type\":\"SearchAction\",\"target\":{\"@type\":\"EntryPoint\",\"urlTemplate\":\"https:\\\/\\\/kohenavocats.com\\\/zh-hans\\\/?s={search_term_string}\"},\"query-input\":{\"@type\":\"PropertyValueSpecification\",\"valueRequired\":true,\"valueName\":\"search_term_string\"}}],\"inLanguage\":\"zh-Hans\"},{\"@type\":\"Organization\",\"@id\":\"https:\\\/\\\/kohenavocats.com\\\/zh-hans\\\/#organization\",\"name\":\"Kohen Avocats\",\"url\":\"https:\\\/\\\/kohenavocats.com\\\/zh-hans\\\/\",\"logo\":{\"@type\":\"ImageObject\",\"inLanguage\":\"zh-Hans\",\"@id\":\"https:\\\/\\\/kohenavocats.com\\\/zh-hans\\\/#\\\/schema\\\/logo\\\/image\\\/\",\"url\":\"https:\\\/\\\/kohenavocats.com\\\/wp-content\\\/uploads\\\/2026\\\/01\\\/Logo-2-1.webp\",\"contentUrl\":\"https:\\\/\\\/kohenavocats.com\\\/wp-content\\\/uploads\\\/2026\\\/01\\\/Logo-2-1.webp\",\"width\":2114,\"height\":1253,\"caption\":\"Kohen Avocats\"},\"image\":{\"@id\":\"https:\\\/\\\/kohenavocats.com\\\/zh-hans\\\/#\\\/schema\\\/logo\\\/image\\\/\"}},{\"@type\":\"Person\",\"@id\":\"https:\\\/\\\/kohenavocats.com\\\/zh-hans\\\/#\\\/schema\\\/person\\\/761c9ba54fa1ca84d405cef0831ff751\",\"name\":\"Kohen\",\"image\":{\"@type\":\"ImageObject\",\"inLanguage\":\"zh-Hans\",\"@id\":\"https:\\\/\\\/secure.gravatar.com\\\/avatar\\\/1c5e76ef76bbbfdd2b4da984e2bf2fa4056fd51a27d25ce2c332047f1dfd6e00?s=96&d=identicon&r=g\",\"url\":\"https:\\\/\\\/secure.gravatar.com\\\/avatar\\\/1c5e76ef76bbbfdd2b4da984e2bf2fa4056fd51a27d25ce2c332047f1dfd6e00?s=96&d=identicon&r=g\",\"contentUrl\":\"https:\\\/\\\/secure.gravatar.com\\\/avatar\\\/1c5e76ef76bbbfdd2b4da984e2bf2fa4056fd51a27d25ce2c332047f1dfd6e00?s=96&d=identicon&r=g\",\"caption\":\"Kohen\"},\"sameAs\":[\"https:\\\/\\\/www.linkedin.com\\\/in\\\/hassan-kohen-448548192\\\/\",\"https:\\\/\\\/www.youtube.com\\\/@Kohen-Avocats\"],\"url\":\"https:\\\/\\\/kohenavocats.com\\\/zh-hans\\\/author\\\/kohenmlk\\\/\"}]}<\/script>\n<!-- \/ Yoast SEO Premium plugin. -->","yoast_head_json":{"title":"Tribunal judiciaire de Mesnil-Amelot, le 24 septembre 2025, n\u00b025\/03802 - Ma\u00eetre Hassan Kohen, avocat en droit p\u00e9nal \u00e0 Paris","description":"Le tribunal judiciaire du Mesnil-Amelot, statuant le 24 septembre 2025, rejette une demande de mainlev\u00e9e d'un maintien en r\u00e9tention administrative. Le requ\u00e9r...","robots":{"index":"index","follow":"follow","max-snippet":"max-snippet:-1","max-image-preview":"max-image-preview:large","max-video-preview":"max-video-preview:-1"},"canonical":"https:\/\/kohenavocats.com\/zh-hans\/tribunal-judiciaire-de-mesnil-amelot-le-24-septembre-2025-n25-03802\/","og_locale":"zh_CN","og_type":"article","og_title":"Tribunal judiciaire de Mesnil-Amelot, le 24 septembre 2025, n\u00b025\/03802","og_description":"Le tribunal judiciaire du Mesnil-Amelot, statuant le 24 septembre 2025, rejette une demande de mainlev\u00e9e d'un maintien en r\u00e9tention administrative. Le requ\u00e9r...","og_url":"https:\/\/kohenavocats.com\/zh-hans\/tribunal-judiciaire-de-mesnil-amelot-le-24-septembre-2025-n25-03802\/","og_site_name":"Ma\u00eetre Hassan Kohen, avocat en droit p\u00e9nal \u00e0 Paris","article_published_time":"2026-04-23T21:31:55+00:00","article_modified_time":"2026-04-26T19:22:53+00:00","og_image":[{"width":3904,"height":2268,"url":"https:\/\/kohenavocats.com\/wp-content\/uploads\/2024\/08\/isaiah-b-pwS850MaFYo-unsplash.webp","type":"image\/webp"}],"author":"Kohen","twitter_card":"summary_large_image","twitter_misc":{"\u4f5c\u8005":"Kohen","\u9884\u8ba1\u9605\u8bfb\u65f6\u95f4":"2 \u5206"},"schema":{"@context":"https:\/\/schema.org","@graph":[{"@type":"Article","@id":"https:\/\/kohenavocats.com\/zh-hans\/tribunal-judiciaire-de-mesnil-amelot-le-24-septembre-2025-n25-03802\/#article","isPartOf":{"@id":"https:\/\/kohenavocats.com\/zh-hans\/tribunal-judiciaire-de-mesnil-amelot-le-24-septembre-2025-n25-03802\/"},"author":{"name":"Kohen","@id":"https:\/\/kohenavocats.com\/zh-hans\/#\/schema\/person\/761c9ba54fa1ca84d405cef0831ff751"},"headline":"Tribunal judiciaire de Mesnil-Amelot, le 24 septembre 2025, n\u00b025\/03802","datePublished":"2026-04-23T21:31:55+00:00","dateModified":"2026-04-26T19:22:53+00:00","mainEntityOfPage":{"@id":"https:\/\/kohenavocats.com\/zh-hans\/tribunal-judiciaire-de-mesnil-amelot-le-24-septembre-2025-n25-03802\/"},"wordCount":507,"commentCount":0,"publisher":{"@id":"https:\/\/kohenavocats.com\/zh-hans\/#organization"},"image":{"@id":"https:\/\/kohenavocats.com\/zh-hans\/tribunal-judiciaire-de-mesnil-amelot-le-24-septembre-2025-n25-03802\/#primaryimage"},"thumbnailUrl":"https:\/\/kohenavocats.com\/wp-content\/uploads\/2024\/08\/isaiah-b-pwS850MaFYo-unsplash.webp","articleSection":["Jurisprudence"],"inLanguage":"zh-Hans","potentialAction":[{"@type":"CommentAction","name":"Comment","target":["https:\/\/kohenavocats.com\/zh-hans\/tribunal-judiciaire-de-mesnil-amelot-le-24-septembre-2025-n25-03802\/#respond"]}],"citation":"Tribunal judiciaire de Mesnil-Amelot, le 24 septembre 2025, n\u00b025\/03802","about":[{"@type":"Thing","name":"Jurisprudence"}],"speakable":{"@type":"SpeakableSpecification","cssSelector":[".article-content > p:first-of-type"]}},{"@type":"WebPage","@id":"https:\/\/kohenavocats.com\/zh-hans\/tribunal-judiciaire-de-mesnil-amelot-le-24-septembre-2025-n25-03802\/","url":"https:\/\/kohenavocats.com\/zh-hans\/tribunal-judiciaire-de-mesnil-amelot-le-24-septembre-2025-n25-03802\/","name":"Tribunal judiciaire de Mesnil-Amelot, le 24 septembre 2025, n\u00b025\/03802 - Ma\u00eetre Hassan Kohen, avocat en droit p\u00e9nal \u00e0 Paris","isPartOf":{"@id":"https:\/\/kohenavocats.com\/zh-hans\/#website"},"primaryImageOfPage":{"@id":"https:\/\/kohenavocats.com\/zh-hans\/tribunal-judiciaire-de-mesnil-amelot-le-24-septembre-2025-n25-03802\/#primaryimage"},"image":{"@id":"https:\/\/kohenavocats.com\/zh-hans\/tribunal-judiciaire-de-mesnil-amelot-le-24-septembre-2025-n25-03802\/#primaryimage"},"thumbnailUrl":"https:\/\/kohenavocats.com\/wp-content\/uploads\/2024\/08\/isaiah-b-pwS850MaFYo-unsplash.webp","datePublished":"2026-04-23T21:31:55+00:00","dateModified":"2026-04-26T19:22:53+00:00","description":"Le tribunal judiciaire du Mesnil-Amelot, statuant le 24 septembre 2025, rejette une demande de mainlev\u00e9e d'un maintien en r\u00e9tention administrative. Le requ\u00e9r...","breadcrumb":{"@id":"https:\/\/kohenavocats.com\/zh-hans\/tribunal-judiciaire-de-mesnil-amelot-le-24-septembre-2025-n25-03802\/#breadcrumb"},"inLanguage":"zh-Hans","potentialAction":[{"@type":"ReadAction","target":["https:\/\/kohenavocats.com\/zh-hans\/tribunal-judiciaire-de-mesnil-amelot-le-24-septembre-2025-n25-03802\/"]}]},{"@type":"ImageObject","inLanguage":"zh-Hans","@id":"https:\/\/kohenavocats.com\/zh-hans\/tribunal-judiciaire-de-mesnil-amelot-le-24-septembre-2025-n25-03802\/#primaryimage","url":"https:\/\/kohenavocats.com\/wp-content\/uploads\/2024\/08\/isaiah-b-pwS850MaFYo-unsplash.webp","contentUrl":"https:\/\/kohenavocats.com\/wp-content\/uploads\/2024\/08\/isaiah-b-pwS850MaFYo-unsplash.webp","width":3904,"height":2268},{"@type":"BreadcrumbList","@id":"https:\/\/kohenavocats.com\/zh-hans\/tribunal-judiciaire-de-mesnil-amelot-le-24-septembre-2025-n25-03802\/#breadcrumb","itemListElement":[{"@type":"ListItem","position":1,"name":"Home","item":"https:\/\/kohenavocats.com\/zh-hans\/"},{"@type":"ListItem","position":2,"name":"Tribunal judiciaire de Mesnil-Amelot, le 24 septembre 2025, n\u00b025\/03802"}]},{"@type":"WebSite","@id":"https:\/\/kohenavocats.com\/zh-hans\/#website","url":"https:\/\/kohenavocats.com\/zh-hans\/","name":"Kohen Avocats","description":"Ma\u00eetre Hassan Kohen, avocat p\u00e9naliste \u00e0 Paris, intervient exclusivement en droit p\u00e9nal pour la d\u00e9fense des particuliers, notamment en mati\u00e8re d\u2019accusations de viol. Il assure un accompagnement rigoureux d\u00e8s la garde \u00e0 vue jusqu\u2019\u00e0 la Cour d\u2019assises, veillant au strict respect des garanties proc\u00e9durales.","publisher":{"@id":"https:\/\/kohenavocats.com\/zh-hans\/#organization"},"potentialAction":[{"@type":"SearchAction","target":{"@type":"EntryPoint","urlTemplate":"https:\/\/kohenavocats.com\/zh-hans\/?s={search_term_string}"},"query-input":{"@type":"PropertyValueSpecification","valueRequired":true,"valueName":"search_term_string"}}],"inLanguage":"zh-Hans"},{"@type":"Organization","@id":"https:\/\/kohenavocats.com\/zh-hans\/#organization","name":"Kohen Avocats","url":"https:\/\/kohenavocats.com\/zh-hans\/","logo":{"@type":"ImageObject","inLanguage":"zh-Hans","@id":"https:\/\/kohenavocats.com\/zh-hans\/#\/schema\/logo\/image\/","url":"https:\/\/kohenavocats.com\/wp-content\/uploads\/2026\/01\/Logo-2-1.webp","contentUrl":"https:\/\/kohenavocats.com\/wp-content\/uploads\/2026\/01\/Logo-2-1.webp","width":2114,"height":1253,"caption":"Kohen Avocats"},"image":{"@id":"https:\/\/kohenavocats.com\/zh-hans\/#\/schema\/logo\/image\/"}},{"@type":"Person","@id":"https:\/\/kohenavocats.com\/zh-hans\/#\/schema\/person\/761c9ba54fa1ca84d405cef0831ff751","name":"Kohen","image":{"@type":"ImageObject","inLanguage":"zh-Hans","@id":"https:\/\/secure.gravatar.com\/avatar\/1c5e76ef76bbbfdd2b4da984e2bf2fa4056fd51a27d25ce2c332047f1dfd6e00?s=96&d=identicon&r=g","url":"https:\/\/secure.gravatar.com\/avatar\/1c5e76ef76bbbfdd2b4da984e2bf2fa4056fd51a27d25ce2c332047f1dfd6e00?s=96&d=identicon&r=g","contentUrl":"https:\/\/secure.gravatar.com\/avatar\/1c5e76ef76bbbfdd2b4da984e2bf2fa4056fd51a27d25ce2c332047f1dfd6e00?s=96&d=identicon&r=g","caption":"Kohen"},"sameAs":["https:\/\/www.linkedin.com\/in\/hassan-kohen-448548192\/","https:\/\/www.youtube.com\/@Kohen-Avocats"],"url":"https:\/\/kohenavocats.com\/zh-hans\/author\/kohenmlk\/"}]}},"jetpack_featured_media_url":"https:\/\/kohenavocats.com\/wp-content\/uploads\/2024\/08\/isaiah-b-pwS850MaFYo-unsplash.webp","jetpack_likes_enabled":false,"jetpack_shortlink":"https:\/\/wp.me\/peCrII-2N4o","jetpack-related-posts":[{"id":668820,"url":"https:\/\/kohenavocats.com\/zh-hans\/tribunal-judiciaire-de-mesnil-amelot-le-21-septembre-2025-n25-03751\/","url_meta":{"origin":665284,"position":0},"title":"Tribunal judiciaire de Mesnil-Amelot, le 21 septembre 2025, n\u00b025\/03751","author":"Kohen","date":"2026\u5e744\u670824\u65e5","format":false,"excerpt":"Le tribunal judiciaire du Mesnil-Amelot, statuant \u2026","rel":"","context":"\u5728\u201cJurisprudence\u201d\u4e2d","block_context":{"text":"Jurisprudence","link":"https:\/\/kohenavocats.com\/category\/jurisprudence\/"},"img":{"alt_text":"","src":"https:\/\/i0.wp.com\/kohenavocats.com\/wp-content\/uploads\/2024\/08\/bastien-nvs-SkgPTTk_eXE-unsplash.webp?resize=350%2C200&ssl=1","width":350,"height":200,"srcset":"https:\/\/i0.wp.com\/kohenavocats.com\/wp-content\/uploads\/2024\/08\/bastien-nvs-SkgPTTk_eXE-unsplash.webp?resize=350%2C200&ssl=1 1x, https:\/\/i0.wp.com\/kohenavocats.com\/wp-content\/uploads\/2024\/08\/bastien-nvs-SkgPTTk_eXE-unsplash.webp?resize=525%2C300&ssl=1 1.5x, https:\/\/i0.wp.com\/kohenavocats.com\/wp-content\/uploads\/2024\/08\/bastien-nvs-SkgPTTk_eXE-unsplash.webp?resize=700%2C400&ssl=1 2x, https:\/\/i0.wp.com\/kohenavocats.com\/wp-content\/uploads\/2024\/08\/bastien-nvs-SkgPTTk_eXE-unsplash.webp?resize=1050%2C600&ssl=1 3x, https:\/\/i0.wp.com\/kohenavocats.com\/wp-content\/uploads\/2024\/08\/bastien-nvs-SkgPTTk_eXE-unsplash.webp?resize=1400%2C800&ssl=1 4x"},"classes":[]},{"id":668860,"url":"https:\/\/kohenavocats.com\/zh-hans\/tribunal-judiciaire-de-mesnil-amelot-le-20-septembre-2025-n25-03739\/","url_meta":{"origin":665284,"position":1},"title":"Tribunal judiciaire de Mesnil-Amelot, le 20 septembre 2025, n\u00b025\/03739","author":"Kohen","date":"2026\u5e744\u670824\u65e5","format":false,"excerpt":"Le tribunal judiciaire du Mesnil-Amelot, statuant \u2026","rel":"","context":"\u5728\u201cJuridictions administratives\u201d\u4e2d","block_context":{"text":"Juridictions administratives","link":"https:\/\/kohenavocats.com\/category\/juridictions-administratives\/"},"img":{"alt_text":"","src":"https:\/\/i0.wp.com\/kohenavocats.com\/wp-content\/uploads\/2024\/08\/luke-michael-DUV8TJtD2QY-unsplash.webp?resize=350%2C200&ssl=1","width":350,"height":200,"srcset":"https:\/\/i0.wp.com\/kohenavocats.com\/wp-content\/uploads\/2024\/08\/luke-michael-DUV8TJtD2QY-unsplash.webp?resize=350%2C200&ssl=1 1x, https:\/\/i0.wp.com\/kohenavocats.com\/wp-content\/uploads\/2024\/08\/luke-michael-DUV8TJtD2QY-unsplash.webp?resize=525%2C300&ssl=1 1.5x, https:\/\/i0.wp.com\/kohenavocats.com\/wp-content\/uploads\/2024\/08\/luke-michael-DUV8TJtD2QY-unsplash.webp?resize=700%2C400&ssl=1 2x, https:\/\/i0.wp.com\/kohenavocats.com\/wp-content\/uploads\/2024\/08\/luke-michael-DUV8TJtD2QY-unsplash.webp?resize=1050%2C600&ssl=1 3x, https:\/\/i0.wp.com\/kohenavocats.com\/wp-content\/uploads\/2024\/08\/luke-michael-DUV8TJtD2QY-unsplash.webp?resize=1400%2C800&ssl=1 4x"},"classes":[]},{"id":662835,"url":"https:\/\/kohenavocats.com\/zh-hans\/tribunal-judiciaire-de-mesnil-amelot-le-25-septembre-2025-n25-03799\/","url_meta":{"origin":665284,"position":2},"title":"Tribunal judiciaire de Mesnil-Amelot, le 25 septembre 2025, n\u00b025\/03799","author":"Kohen","date":"2026\u5e744\u670823\u65e5","format":false,"excerpt":"Le tribunal judiciaire du Mesnil-Amelot, statuant \u2026","rel":"","context":"\u5728\u201cJurisprudence\u201d\u4e2d","block_context":{"text":"Jurisprudence","link":"https:\/\/kohenavocats.com\/category\/jurisprudence\/"},"img":{"alt_text":"","src":"https:\/\/i0.wp.com\/kohenavocats.com\/wp-content\/uploads\/2024\/11\/declan-sun-JYXbjhOGTCs-unsplash.webp?resize=350%2C200&ssl=1","width":350,"height":200,"srcset":"https:\/\/i0.wp.com\/kohenavocats.com\/wp-content\/uploads\/2024\/11\/declan-sun-JYXbjhOGTCs-unsplash.webp?resize=350%2C200&ssl=1 1x, https:\/\/i0.wp.com\/kohenavocats.com\/wp-content\/uploads\/2024\/11\/declan-sun-JYXbjhOGTCs-unsplash.webp?resize=525%2C300&ssl=1 1.5x, https:\/\/i0.wp.com\/kohenavocats.com\/wp-content\/uploads\/2024\/11\/declan-sun-JYXbjhOGTCs-unsplash.webp?resize=700%2C400&ssl=1 2x, https:\/\/i0.wp.com\/kohenavocats.com\/wp-content\/uploads\/2024\/11\/declan-sun-JYXbjhOGTCs-unsplash.webp?resize=1050%2C600&ssl=1 3x, https:\/\/i0.wp.com\/kohenavocats.com\/wp-content\/uploads\/2024\/11\/declan-sun-JYXbjhOGTCs-unsplash.webp?resize=1400%2C800&ssl=1 4x"},"classes":[]},{"id":668797,"url":"https:\/\/kohenavocats.com\/zh-hans\/tribunal-judiciaire-de-mesnil-amelot-le-21-septembre-2025-n25-03753\/","url_meta":{"origin":665284,"position":3},"title":"Tribunal judiciaire de Mesnil-Amelot, le 21 septembre 2025, n\u00b025\/03753","author":"Kohen","date":"2026\u5e744\u670824\u65e5","format":false,"excerpt":"Le tribunal judiciaire du Mesnil-Amelot, statuant \u2026","rel":"","context":"\u5728\u201cDroit P\u00e9nal\u201d\u4e2d","block_context":{"text":"Droit P\u00e9nal","link":"https:\/\/kohenavocats.com\/category\/travaux-parlementaires\/droit-penal\/"},"img":{"alt_text":"","src":"https:\/\/i0.wp.com\/kohenavocats.com\/wp-content\/uploads\/2024\/11\/andrej-lisakov-kuemAVWEwXU-unsplash.webp?resize=350%2C200&ssl=1","width":350,"height":200,"srcset":"https:\/\/i0.wp.com\/kohenavocats.com\/wp-content\/uploads\/2024\/11\/andrej-lisakov-kuemAVWEwXU-unsplash.webp?resize=350%2C200&ssl=1 1x, https:\/\/i0.wp.com\/kohenavocats.com\/wp-content\/uploads\/2024\/11\/andrej-lisakov-kuemAVWEwXU-unsplash.webp?resize=525%2C300&ssl=1 1.5x, https:\/\/i0.wp.com\/kohenavocats.com\/wp-content\/uploads\/2024\/11\/andrej-lisakov-kuemAVWEwXU-unsplash.webp?resize=700%2C400&ssl=1 2x, https:\/\/i0.wp.com\/kohenavocats.com\/wp-content\/uploads\/2024\/11\/andrej-lisakov-kuemAVWEwXU-unsplash.webp?resize=1050%2C600&ssl=1 3x, https:\/\/i0.wp.com\/kohenavocats.com\/wp-content\/uploads\/2024\/11\/andrej-lisakov-kuemAVWEwXU-unsplash.webp?resize=1400%2C800&ssl=1 4x"},"classes":[]},{"id":670317,"url":"https:\/\/kohenavocats.com\/zh-hans\/tribunal-judiciaire-de-mesnil-amelot-le-18-septembre-2025-n25-03684\/","url_meta":{"origin":665284,"position":4},"title":"Tribunal judiciaire de Mesnil-Amelot, le 18 septembre 2025, n\u00b025\/03684","author":"Kohen","date":"2026\u5e744\u670824\u65e5","format":false,"excerpt":"Le tribunal judiciaire du Mesnil-Amelot, le 18 sep\u2026","rel":"","context":"\u5728\u201cJurisprudence\u201d\u4e2d","block_context":{"text":"Jurisprudence","link":"https:\/\/kohenavocats.com\/category\/jurisprudence\/"},"img":{"alt_text":"","src":"https:\/\/i0.wp.com\/kohenavocats.com\/wp-content\/uploads\/2024\/08\/luke-michael-DUV8TJtD2QY-unsplash.webp?resize=350%2C200&ssl=1","width":350,"height":200,"srcset":"https:\/\/i0.wp.com\/kohenavocats.com\/wp-content\/uploads\/2024\/08\/luke-michael-DUV8TJtD2QY-unsplash.webp?resize=350%2C200&ssl=1 1x, https:\/\/i0.wp.com\/kohenavocats.com\/wp-content\/uploads\/2024\/08\/luke-michael-DUV8TJtD2QY-unsplash.webp?resize=525%2C300&ssl=1 1.5x, https:\/\/i0.wp.com\/kohenavocats.com\/wp-content\/uploads\/2024\/08\/luke-michael-DUV8TJtD2QY-unsplash.webp?resize=700%2C400&ssl=1 2x, https:\/\/i0.wp.com\/kohenavocats.com\/wp-content\/uploads\/2024\/08\/luke-michael-DUV8TJtD2QY-unsplash.webp?resize=1050%2C600&ssl=1 3x, https:\/\/i0.wp.com\/kohenavocats.com\/wp-content\/uploads\/2024\/08\/luke-michael-DUV8TJtD2QY-unsplash.webp?resize=1400%2C800&ssl=1 4x"},"classes":[]},{"id":659042,"url":"https:\/\/kohenavocats.com\/zh-hans\/tribunal-judiciaire-de-mesnil-amelot-le-27-septembre-2025-n25-03834\/","url_meta":{"origin":665284,"position":5},"title":"Tribunal judiciaire de Mesnil-Amelot, le 27 septembre 2025, n\u00b025\/03834","author":"Kohen","date":"2026\u5e744\u670823\u65e5","format":false,"excerpt":"Le tribunal judiciaire du Mesnil-Amelot, statuant \u2026","rel":"","context":"\u5728\u201cJurisprudence\u201d\u4e2d","block_context":{"text":"Jurisprudence","link":"https:\/\/kohenavocats.com\/category\/jurisprudence\/"},"img":{"alt_text":"","src":"https:\/\/i0.wp.com\/kohenavocats.com\/wp-content\/uploads\/2024\/11\/thomas-franke-2wMK7kH4kQI-unsplash.webp?resize=350%2C200&ssl=1","width":350,"height":200,"srcset":"https:\/\/i0.wp.com\/kohenavocats.com\/wp-content\/uploads\/2024\/11\/thomas-franke-2wMK7kH4kQI-unsplash.webp?resize=350%2C200&ssl=1 1x, https:\/\/i0.wp.com\/kohenavocats.com\/wp-content\/uploads\/2024\/11\/thomas-franke-2wMK7kH4kQI-unsplash.webp?resize=525%2C300&ssl=1 1.5x, https:\/\/i0.wp.com\/kohenavocats.com\/wp-content\/uploads\/2024\/11\/thomas-franke-2wMK7kH4kQI-unsplash.webp?resize=700%2C400&ssl=1 2x, https:\/\/i0.wp.com\/kohenavocats.com\/wp-content\/uploads\/2024\/11\/thomas-franke-2wMK7kH4kQI-unsplash.webp?resize=1050%2C600&ssl=1 3x, https:\/\/i0.wp.com\/kohenavocats.com\/wp-content\/uploads\/2024\/11\/thomas-franke-2wMK7kH4kQI-unsplash.webp?resize=1400%2C800&ssl=1 4x"},"classes":[]}],"jetpack_sharing_enabled":true,"_links":{"self":[{"href":"https:\/\/kohenavocats.com\/zh-hans\/wp-json\/wp\/v2\/posts\/665284","targetHints":{"allow":["GET"]}}],"collection":[{"href":"https:\/\/kohenavocats.com\/zh-hans\/wp-json\/wp\/v2\/posts"}],"about":[{"href":"https:\/\/kohenavocats.com\/zh-hans\/wp-json\/wp\/v2\/types\/post"}],"author":[{"embeddable":true,"href":"https:\/\/kohenavocats.com\/zh-hans\/wp-json\/wp\/v2\/users\/232070755"}],"replies":[{"embeddable":true,"href":"https:\/\/kohenavocats.com\/zh-hans\/wp-json\/wp\/v2\/comments?post=665284"}],"version-history":[{"count":1,"href":"https:\/\/kohenavocats.com\/zh-hans\/wp-json\/wp\/v2\/posts\/665284\/revisions"}],"predecessor-version":[{"id":697960,"href":"https:\/\/kohenavocats.com\/zh-hans\/wp-json\/wp\/v2\/posts\/665284\/revisions\/697960"}],"wp:featuredmedia":[{"embeddable":true,"href":"https:\/\/kohenavocats.com\/zh-hans\/wp-json\/wp\/v2\/media\/4719"}],"wp:attachment":[{"href":"https:\/\/kohenavocats.com\/zh-hans\/wp-json\/wp\/v2\/media?parent=665284"}],"wp:term":[{"taxonomy":"category","embeddable":true,"href":"https:\/\/kohenavocats.com\/zh-hans\/wp-json\/wp\/v2\/categories?post=665284"},{"taxonomy":"post_tag","embeddable":true,"href":"https:\/\/kohenavocats.com\/zh-hans\/wp-json\/wp\/v2\/tags?post=665284"}],"curies":[{"name":"wp","href":"https:\/\/api.w.org\/{rel}","templated":true}]}}