{"id":665401,"date":"2026-04-23T23:45:17","date_gmt":"2026-04-23T21:45:17","guid":{"rendered":"https:\/\/kohenavocats.com\/tribunal-judiciaire-de-saint-etienne-le-24-septembre-2025-n23-00652-2\/"},"modified":"2026-04-23T23:45:17","modified_gmt":"2026-04-23T21:45:17","slug":"tribunal-judiciaire-de-saint-etienne-le-24-septembre-2025-n23-00652-2","status":"publish","type":"post","link":"https:\/\/kohenavocats.com\/zh-hans\/tribunal-judiciaire-de-saint-etienne-le-24-septembre-2025-n23-00652-2\/","title":{"rendered":"Tribunal judiciaire de Saint-\u00c9tienne, le 24 septembre 2025, n\u00b023\/00652"},"content":{"rendered":"<div class=\"article-content\">\n<p>Le tribunal judiciaire de Saint-\u00c9tienne, statuant en mati\u00e8re sociale, a rendu un jugement le 24 septembre 2025. L\u2019affaire concernait l\u2019opposition d\u2019une assur\u00e9e \u00e0 une contrainte \u00e9mise par une caisse primaire pour recouvrer des indemnit\u00e9s journali\u00e8res vers\u00e9es ind\u00fbment. La juridiction a d\u2019abord d\u00e9clar\u00e9 l\u2019opposition recevable avant d\u2019en examiner le fond. Elle a finalement valid\u00e9 la contrainte et condamn\u00e9 l\u2019assur\u00e9e au paiement du reliquat de la somme r\u00e9clam\u00e9e, tout en rejetant sa demande en responsabilit\u00e9.<\/p>\n<p>La r\u00e9gularit\u00e9 formelle de la proc\u00e9dure de recouvrement<\/p>\n<p>L\u2019exigence d\u2019une mise en demeure pr\u00e9alable r\u00e9guli\u00e8re. Le tribunal rappelle le principe selon lequel la contrainte doit \u00eatre pr\u00e9c\u00e9d\u00e9e d\u2019une mise en demeure notifi\u00e9e au d\u00e9biteur. En l\u2019esp\u00e8ce, l\u2019assur\u00e9e contestait avoir re\u00e7u cette mise en demeure, invoquant un changement d\u2019adresse. La juridiction a cependant consid\u00e9r\u00e9 que la notification \u00e9tait r\u00e9guli\u00e8re. Elle s\u2019est fond\u00e9e sur la production par la caisse de l\u2019accus\u00e9 de r\u00e9ception de la lettre recommand\u00e9e, portant l\u2019adresse utilis\u00e9e et la mention &#8220;pli avis\u00e9 non r\u00e9clam\u00e9&#8221;. Ces \u00e9l\u00e9ments justificatifs \u00e9tablissent que Madame [R] a \u00e9t\u00e9 rendue destinataire de la mise en demeure r\u00e9guli\u00e8rement notifi\u00e9e et que la proc\u00e9dure est r\u00e9guli\u00e8re. (Motifs et d\u00e9cision). Cette solution affirme une pr\u00e9somption de d\u00e9livrance du courrier d\u00e8s lors qu\u2019il a \u00e9t\u00e9 avis\u00e9 \u00e0 l\u2019adresse connue de l\u2019organisme. Elle rejoint une jurisprudence constante sur la notification, comme l\u2019illustre un arr\u00eat de la Cour d\u2019appel de Toulouse. &#8220;D\u00e8s lors que cette mise en demeure a \u00e9t\u00e9 r\u00e9guli\u00e8rement notifi\u00e9e \u00e0 l&#8217;adresse de M. [E] [O] , avec avis de passage d\u00fbment d\u00e9pos\u00e9, celui-ci ne saurait invoquer l&#8217;absence de retrait du pli par ses soins pour pr\u00e9tendre que cette lettre ne lui aurait jamais \u00e9t\u00e9 d\u00e9livr\u00e9e.&#8221; (Cour d&#8217;appel de Toulouse, le 18 d\u00e9cembre 2025, n\u00b024\/00066). La port\u00e9e de ce point est essentielle pour la s\u00e9curit\u00e9 juridique des proc\u00e9dures de recouvrement, limitant les contestations fond\u00e9es sur le seul d\u00e9faut de retrait du pli par le destinataire.<\/p>\n<p>L\u2019absence de pouvoir du juge de l\u2019opposition sur les modalit\u00e9s de paiement. Le tribunal a \u00e9t\u00e9 saisi d\u2019une demande subsidiaire de remise ou d\u2019effacement de la dette au titre de la situation pr\u00e9caire de l\u2019assur\u00e9e. Il a rappel\u00e9 avec fermet\u00e9 les limites de son office en cette mati\u00e8re. Il convient d&#8217;inviter celle-ci \u00e0 formuler toute demande de d\u00e9lai et\/ou de remise de dette aupr\u00e8s du directeur de l&#8217;organisme, \u00e9tant pr\u00e9cis\u00e9 que le p\u00f4le social du tribunal judiciaire, saisi d&#8217;une opposition \u00e0 contrainte, n&#8217;a pas le pouvoir d&#8217;accorder au d\u00e9biteur des d\u00e9lais de paiement ni de remise de dette. (Motifs et d\u00e9cision). Cette pr\u00e9cision a une valeur institutionnelle importante. Elle d\u00e9limite strictement le contr\u00f4le du juge de l\u2019opposition, cantonn\u00e9 \u00e0 la r\u00e9gularit\u00e9 et au bien-fond\u00e9 de la cr\u00e9ance. La demande de gr\u00e2ce ou d\u2019\u00e9talement rel\u00e8ve ainsi d\u2019une voie administrative distincte, pr\u00e9servant la s\u00e9paration des fonctions.<\/p>\n<p>Le contr\u00f4le du bien-fond\u00e9 de la cr\u00e9ance et le rejet des demandes accessoires<\/p>\n<p>L\u2019\u00e9tablissement certain du paiement indu par la production de documents comptables. Sur le fond, la caisse r\u00e9clamait le remboursement d\u2019indemnit\u00e9s vers\u00e9es \u00e0 la fois \u00e0 l\u2019assur\u00e9e et \u00e0 son employeur subrog\u00e9 pour une m\u00eame p\u00e9riode. Le tribunal a proc\u00e9d\u00e9 \u00e0 un examen d\u00e9taill\u00e9 des pi\u00e8ces vers\u00e9es aux d\u00e9bats. Il a notamment analys\u00e9 les attestations de paiement et les bulletins de salaire. Ainsi l&#8217;analyse des bulletins de paie r\u00e9v\u00e8le que l&#8217;employeur de Madame [R] a maintenu son salaire. (Motifs et d\u00e9cision). La d\u00e9cision souligne que les \u00e9l\u00e9ments produits \u00e9tablissent par la [5] justifie que le versement des indemnit\u00e9s journali\u00e8res a \u00e9t\u00e9 op\u00e9r\u00e9 deux fois pour la m\u00eame p\u00e9riode consid\u00e9r\u00e9e. (Motifs et d\u00e9cision). Le sens de cette analyse est de fonder la condamnation sur une preuve concr\u00e8te et concordante du double paiement. La charge de la preuve incombe en d\u00e9finitive \u00e0 l\u2019organisme cr\u00e9ancier, qui doit rapporter des \u00e9l\u00e9ments suffisants et intelligibles pour le d\u00e9biteur.<\/p>\n<p>Le rejet de la demande en responsabilit\u00e9 pour absence de faute d\u00e9montr\u00e9e. L\u2019assur\u00e9e invoquait une faute de la caisse dans la gestion de son adresse, susceptible d\u2019engager sa responsabilit\u00e9 civile. Le tribunal a rappel\u00e9 les conditions l\u00e9gales de cette action. Il appartient \u00e0 celui qui pr\u00e9tend engager la responsabilit\u00e9 d&#8217;un tiers de rapporter la preuve, d&#8217;une part, de la faute ou de l&#8217;imprudence \u00e0 l&#8217;origine du dommage. (Motifs et d\u00e9cision). Il a estim\u00e9 que l\u2019assur\u00e9e \u00e9tait d\u00e9bout\u00e9e de ce chef de demande, faute de d\u00e9montrer une faute quelconque commise par la Caisse ainsi qu&#8217;il r\u00e9sulte des d\u00e9veloppements sui pr\u00e9c\u00e8dent. (Motifs et d\u00e9cision). La port\u00e9e de ce rejet est double. D\u2019une part, il confirme que l\u2019irr\u00e9gularit\u00e9 all\u00e9gu\u00e9e dans la notification n\u2019\u00e9tait pas \u00e9tablie. D\u2019autre part, il rappelle que l\u2019engagement de la responsabilit\u00e9 extra-contractuelle n\u00e9cessite la d\u00e9monstration positive d\u2019une faute, d\u2019un dommage et d\u2019un lien causal, fardeau probatoire qui n\u2019\u00e9tait pas rempli en l\u2019esp\u00e8ce.<\/p>\n<\/div>\n","protected":false},"excerpt":{"rendered":"<p>Le tribunal judiciaire de Saint-\u00c9tienne, statuant en mati\u00e8re sociale, a rendu un jugement le 24 septembre 2025. L\u2019affaire concernait l\u2019opposition d\u2019une assur&#8230;<\/p>\n","protected":false},"author":232070755,"featured_media":9724,"comment_status":"open","ping_status":"open","sticky":false,"template":"","format":"standard","meta":{"_crdt_document":"","_jetpack_newsletter_access":"","_jetpack_dont_email_post_to_subs":false,"_jetpack_newsletter_tier_id":0,"_jetpack_memberships_contains_paywalled_content":false,"_kj_source_type":"judilibre","_kj_official_id":"68deda006af9fd1f80962b5f","_kj_official_url":"https:\/\/www.courdecassation.fr\/decision\/68deda006af9fd1f80962b5f","_kj_judilibre_id":"68deda006af9fd1f80962b5f","_kj_jur":"Tribunal judiciaire","_kj_lieu":"Tribunal judiciaire de Saint-Etienne","_kj_chambre":"CTX PROTECTION SOCIALE","_kj_rg":"23\/00652","_kj_date":"2025-09-24","_jetpack_memberships_contains_paid_content":false,"footnotes":"","jetpack_post_was_ever_published":false},"categories":[7597],"tags":[],"class_list":["post-665401","post","type-post","status-publish","format-standard","has-post-thumbnail","hentry","category-jurisprudence"],"yoast_head":"<!-- This site is optimized with the Yoast SEO Premium plugin v27.5 (Yoast SEO v27.5) - https:\/\/yoast.com\/product\/yoast-seo-premium-wordpress\/ -->\n<title>Tribunal judiciaire de Saint-\u00c9tienne, le 24 septembre 2025, n\u00b023\/00652 - Ma\u00eetre Hassan Kohen, avocat en droit p\u00e9nal \u00e0 Paris<\/title>\n<meta name=\"description\" content=\"Le tribunal judiciaire de Saint-\u00c9tienne, statuant en mati\u00e8re sociale, a rendu un jugement le 24 septembre 2025. L\u2019affaire concernait l\u2019opposition d\u2019une assur...\" \/>\n<meta name=\"robots\" content=\"index, follow, max-snippet:-1, max-image-preview:large, max-video-preview:-1\" \/>\n<link rel=\"canonical\" href=\"https:\/\/kohenavocats.com\/zh-hans\/tribunal-judiciaire-de-saint-etienne-le-24-septembre-2025-n23-00652-2\/\" \/>\n<meta property=\"og:locale\" content=\"zh_CN\" \/>\n<meta property=\"og:type\" content=\"article\" \/>\n<meta property=\"og:title\" content=\"Tribunal judiciaire de Saint-\u00c9tienne, le 24 septembre 2025, n\u00b023\/00652\" \/>\n<meta property=\"og:description\" content=\"Le tribunal judiciaire de Saint-\u00c9tienne, statuant en mati\u00e8re sociale, a rendu un jugement le 24 septembre 2025. L\u2019affaire concernait l\u2019opposition d\u2019une assur...\" \/>\n<meta property=\"og:url\" content=\"https:\/\/kohenavocats.com\/zh-hans\/tribunal-judiciaire-de-saint-etienne-le-24-septembre-2025-n23-00652-2\/\" \/>\n<meta property=\"og:site_name\" content=\"Ma\u00eetre Hassan Kohen, avocat en droit p\u00e9nal \u00e0 Paris\" \/>\n<meta property=\"article:published_time\" content=\"2026-04-23T21:45:17+00:00\" \/>\n<meta property=\"og:image\" content=\"https:\/\/kohenavocats.com\/wp-content\/uploads\/2024\/11\/getty-images-IP1sG-uokus-unsplash.webp\" \/>\n\t<meta property=\"og:image:width\" content=\"5042\" \/>\n\t<meta property=\"og:image:height\" content=\"3361\" \/>\n\t<meta property=\"og:image:type\" content=\"image\/webp\" \/>\n<meta name=\"author\" content=\"Kohen\" \/>\n<meta name=\"twitter:card\" content=\"summary_large_image\" \/>\n<meta name=\"twitter:label1\" content=\"\u4f5c\u8005\" \/>\n\t<meta name=\"twitter:data1\" content=\"Kohen\" \/>\n\t<meta name=\"twitter:label2\" content=\"\u9884\u8ba1\u9605\u8bfb\u65f6\u95f4\" \/>\n\t<meta name=\"twitter:data2\" content=\"5 \u5206\" \/>\n<script type=\"application\/ld+json\" class=\"yoast-schema-graph\">{\"@context\":\"https:\\\/\\\/schema.org\",\"@graph\":[{\"@type\":\"Article\",\"@id\":\"https:\\\/\\\/kohenavocats.com\\\/zh-hans\\\/tribunal-judiciaire-de-saint-etienne-le-24-septembre-2025-n23-00652-2\\\/#article\",\"isPartOf\":{\"@id\":\"https:\\\/\\\/kohenavocats.com\\\/zh-hans\\\/tribunal-judiciaire-de-saint-etienne-le-24-septembre-2025-n23-00652-2\\\/\"},\"author\":{\"name\":\"Kohen\",\"@id\":\"https:\\\/\\\/kohenavocats.com\\\/zh-hans\\\/#\\\/schema\\\/person\\\/761c9ba54fa1ca84d405cef0831ff751\"},\"headline\":\"Tribunal judiciaire de Saint-\u00c9tienne, le 24 septembre 2025, n\u00b023\\\/00652\",\"datePublished\":\"2026-04-23T21:45:17+00:00\",\"mainEntityOfPage\":{\"@id\":\"https:\\\/\\\/kohenavocats.com\\\/zh-hans\\\/tribunal-judiciaire-de-saint-etienne-le-24-septembre-2025-n23-00652-2\\\/\"},\"wordCount\":953,\"commentCount\":0,\"publisher\":{\"@id\":\"https:\\\/\\\/kohenavocats.com\\\/zh-hans\\\/#organization\"},\"image\":{\"@id\":\"https:\\\/\\\/kohenavocats.com\\\/zh-hans\\\/tribunal-judiciaire-de-saint-etienne-le-24-septembre-2025-n23-00652-2\\\/#primaryimage\"},\"thumbnailUrl\":\"https:\\\/\\\/kohenavocats.com\\\/wp-content\\\/uploads\\\/2024\\\/11\\\/getty-images-IP1sG-uokus-unsplash.webp\",\"articleSection\":[\"Jurisprudence\"],\"inLanguage\":\"zh-Hans\",\"potentialAction\":[{\"@type\":\"CommentAction\",\"name\":\"Comment\",\"target\":[\"https:\\\/\\\/kohenavocats.com\\\/zh-hans\\\/tribunal-judiciaire-de-saint-etienne-le-24-septembre-2025-n23-00652-2\\\/#respond\"]}],\"citation\":\"Tribunal judiciaire de Saint-\u00c9tienne, le 24 septembre 2025, n\u00b023\\\/00652\",\"about\":[{\"@type\":\"Thing\",\"name\":\"Jurisprudence\"}],\"dateModified\":\"2026-04-23T21:45:17+00:00\",\"speakable\":{\"@type\":\"SpeakableSpecification\",\"cssSelector\":[\".article-content > p:first-of-type\"]}},{\"@type\":\"WebPage\",\"@id\":\"https:\\\/\\\/kohenavocats.com\\\/zh-hans\\\/tribunal-judiciaire-de-saint-etienne-le-24-septembre-2025-n23-00652-2\\\/\",\"url\":\"https:\\\/\\\/kohenavocats.com\\\/zh-hans\\\/tribunal-judiciaire-de-saint-etienne-le-24-septembre-2025-n23-00652-2\\\/\",\"name\":\"Tribunal judiciaire de Saint-\u00c9tienne, le 24 septembre 2025, n\u00b023\\\/00652 - Ma\u00eetre Hassan Kohen, avocat en droit p\u00e9nal \u00e0 Paris\",\"isPartOf\":{\"@id\":\"https:\\\/\\\/kohenavocats.com\\\/zh-hans\\\/#website\"},\"primaryImageOfPage\":{\"@id\":\"https:\\\/\\\/kohenavocats.com\\\/zh-hans\\\/tribunal-judiciaire-de-saint-etienne-le-24-septembre-2025-n23-00652-2\\\/#primaryimage\"},\"image\":{\"@id\":\"https:\\\/\\\/kohenavocats.com\\\/zh-hans\\\/tribunal-judiciaire-de-saint-etienne-le-24-septembre-2025-n23-00652-2\\\/#primaryimage\"},\"thumbnailUrl\":\"https:\\\/\\\/kohenavocats.com\\\/wp-content\\\/uploads\\\/2024\\\/11\\\/getty-images-IP1sG-uokus-unsplash.webp\",\"datePublished\":\"2026-04-23T21:45:17+00:00\",\"description\":\"Le tribunal judiciaire de Saint-\u00c9tienne, statuant en mati\u00e8re sociale, a rendu un jugement le 24 septembre 2025. L\u2019affaire concernait l\u2019opposition d\u2019une assur...\",\"breadcrumb\":{\"@id\":\"https:\\\/\\\/kohenavocats.com\\\/zh-hans\\\/tribunal-judiciaire-de-saint-etienne-le-24-septembre-2025-n23-00652-2\\\/#breadcrumb\"},\"inLanguage\":\"zh-Hans\",\"potentialAction\":[{\"@type\":\"ReadAction\",\"target\":[\"https:\\\/\\\/kohenavocats.com\\\/zh-hans\\\/tribunal-judiciaire-de-saint-etienne-le-24-septembre-2025-n23-00652-2\\\/\"]}]},{\"@type\":\"ImageObject\",\"inLanguage\":\"zh-Hans\",\"@id\":\"https:\\\/\\\/kohenavocats.com\\\/zh-hans\\\/tribunal-judiciaire-de-saint-etienne-le-24-septembre-2025-n23-00652-2\\\/#primaryimage\",\"url\":\"https:\\\/\\\/kohenavocats.com\\\/wp-content\\\/uploads\\\/2024\\\/11\\\/getty-images-IP1sG-uokus-unsplash.webp\",\"contentUrl\":\"https:\\\/\\\/kohenavocats.com\\\/wp-content\\\/uploads\\\/2024\\\/11\\\/getty-images-IP1sG-uokus-unsplash.webp\",\"width\":5042,\"height\":3361},{\"@type\":\"BreadcrumbList\",\"@id\":\"https:\\\/\\\/kohenavocats.com\\\/zh-hans\\\/tribunal-judiciaire-de-saint-etienne-le-24-septembre-2025-n23-00652-2\\\/#breadcrumb\",\"itemListElement\":[{\"@type\":\"ListItem\",\"position\":1,\"name\":\"Home\",\"item\":\"https:\\\/\\\/kohenavocats.com\\\/zh-hans\\\/\"},{\"@type\":\"ListItem\",\"position\":2,\"name\":\"Tribunal judiciaire de Saint-\u00c9tienne, le 24 septembre 2025, n\u00b023\\\/00652\"}]},{\"@type\":\"WebSite\",\"@id\":\"https:\\\/\\\/kohenavocats.com\\\/zh-hans\\\/#website\",\"url\":\"https:\\\/\\\/kohenavocats.com\\\/zh-hans\\\/\",\"name\":\"Kohen Avocats\",\"description\":\"Ma\u00eetre Hassan Kohen, avocat p\u00e9naliste \u00e0 Paris, intervient exclusivement en droit p\u00e9nal pour la d\u00e9fense des particuliers, notamment en mati\u00e8re d\u2019accusations de viol. Il assure un accompagnement rigoureux d\u00e8s la garde \u00e0 vue jusqu\u2019\u00e0 la Cour d\u2019assises, veillant au strict respect des garanties proc\u00e9durales.\",\"publisher\":{\"@id\":\"https:\\\/\\\/kohenavocats.com\\\/zh-hans\\\/#organization\"},\"potentialAction\":[{\"@type\":\"SearchAction\",\"target\":{\"@type\":\"EntryPoint\",\"urlTemplate\":\"https:\\\/\\\/kohenavocats.com\\\/zh-hans\\\/?s={search_term_string}\"},\"query-input\":{\"@type\":\"PropertyValueSpecification\",\"valueRequired\":true,\"valueName\":\"search_term_string\"}}],\"inLanguage\":\"zh-Hans\"},{\"@type\":\"Organization\",\"@id\":\"https:\\\/\\\/kohenavocats.com\\\/zh-hans\\\/#organization\",\"name\":\"Kohen Avocats\",\"url\":\"https:\\\/\\\/kohenavocats.com\\\/zh-hans\\\/\",\"logo\":{\"@type\":\"ImageObject\",\"inLanguage\":\"zh-Hans\",\"@id\":\"https:\\\/\\\/kohenavocats.com\\\/zh-hans\\\/#\\\/schema\\\/logo\\\/image\\\/\",\"url\":\"https:\\\/\\\/kohenavocats.com\\\/wp-content\\\/uploads\\\/2026\\\/01\\\/Logo-2-1.webp\",\"contentUrl\":\"https:\\\/\\\/kohenavocats.com\\\/wp-content\\\/uploads\\\/2026\\\/01\\\/Logo-2-1.webp\",\"width\":2114,\"height\":1253,\"caption\":\"Kohen Avocats\"},\"image\":{\"@id\":\"https:\\\/\\\/kohenavocats.com\\\/zh-hans\\\/#\\\/schema\\\/logo\\\/image\\\/\"}},{\"@type\":\"Person\",\"@id\":\"https:\\\/\\\/kohenavocats.com\\\/zh-hans\\\/#\\\/schema\\\/person\\\/761c9ba54fa1ca84d405cef0831ff751\",\"name\":\"Kohen\",\"image\":{\"@type\":\"ImageObject\",\"inLanguage\":\"zh-Hans\",\"@id\":\"https:\\\/\\\/secure.gravatar.com\\\/avatar\\\/1c5e76ef76bbbfdd2b4da984e2bf2fa4056fd51a27d25ce2c332047f1dfd6e00?s=96&d=identicon&r=g\",\"url\":\"https:\\\/\\\/secure.gravatar.com\\\/avatar\\\/1c5e76ef76bbbfdd2b4da984e2bf2fa4056fd51a27d25ce2c332047f1dfd6e00?s=96&d=identicon&r=g\",\"contentUrl\":\"https:\\\/\\\/secure.gravatar.com\\\/avatar\\\/1c5e76ef76bbbfdd2b4da984e2bf2fa4056fd51a27d25ce2c332047f1dfd6e00?s=96&d=identicon&r=g\",\"caption\":\"Kohen\"},\"sameAs\":[\"https:\\\/\\\/www.linkedin.com\\\/in\\\/hassan-kohen-448548192\\\/\",\"https:\\\/\\\/www.youtube.com\\\/@Kohen-Avocats\"],\"url\":\"https:\\\/\\\/kohenavocats.com\\\/zh-hans\\\/author\\\/kohenmlk\\\/\"}]}<\/script>\n<!-- \/ Yoast SEO Premium plugin. -->","yoast_head_json":{"title":"Tribunal judiciaire de Saint-\u00c9tienne, le 24 septembre 2025, n\u00b023\/00652 - Ma\u00eetre Hassan Kohen, avocat en droit p\u00e9nal \u00e0 Paris","description":"Le tribunal judiciaire de Saint-\u00c9tienne, statuant en mati\u00e8re sociale, a rendu un jugement le 24 septembre 2025. L\u2019affaire concernait l\u2019opposition d\u2019une assur...","robots":{"index":"index","follow":"follow","max-snippet":"max-snippet:-1","max-image-preview":"max-image-preview:large","max-video-preview":"max-video-preview:-1"},"canonical":"https:\/\/kohenavocats.com\/zh-hans\/tribunal-judiciaire-de-saint-etienne-le-24-septembre-2025-n23-00652-2\/","og_locale":"zh_CN","og_type":"article","og_title":"Tribunal judiciaire de Saint-\u00c9tienne, le 24 septembre 2025, n\u00b023\/00652","og_description":"Le tribunal judiciaire de Saint-\u00c9tienne, statuant en mati\u00e8re sociale, a rendu un jugement le 24 septembre 2025. L\u2019affaire concernait l\u2019opposition d\u2019une assur...","og_url":"https:\/\/kohenavocats.com\/zh-hans\/tribunal-judiciaire-de-saint-etienne-le-24-septembre-2025-n23-00652-2\/","og_site_name":"Ma\u00eetre Hassan Kohen, avocat en droit p\u00e9nal \u00e0 Paris","article_published_time":"2026-04-23T21:45:17+00:00","og_image":[{"width":5042,"height":3361,"url":"https:\/\/kohenavocats.com\/wp-content\/uploads\/2024\/11\/getty-images-IP1sG-uokus-unsplash.webp","type":"image\/webp"}],"author":"Kohen","twitter_card":"summary_large_image","twitter_misc":{"\u4f5c\u8005":"Kohen","\u9884\u8ba1\u9605\u8bfb\u65f6\u95f4":"5 \u5206"},"schema":{"@context":"https:\/\/schema.org","@graph":[{"@type":"Article","@id":"https:\/\/kohenavocats.com\/zh-hans\/tribunal-judiciaire-de-saint-etienne-le-24-septembre-2025-n23-00652-2\/#article","isPartOf":{"@id":"https:\/\/kohenavocats.com\/zh-hans\/tribunal-judiciaire-de-saint-etienne-le-24-septembre-2025-n23-00652-2\/"},"author":{"name":"Kohen","@id":"https:\/\/kohenavocats.com\/zh-hans\/#\/schema\/person\/761c9ba54fa1ca84d405cef0831ff751"},"headline":"Tribunal judiciaire de Saint-\u00c9tienne, le 24 septembre 2025, n\u00b023\/00652","datePublished":"2026-04-23T21:45:17+00:00","mainEntityOfPage":{"@id":"https:\/\/kohenavocats.com\/zh-hans\/tribunal-judiciaire-de-saint-etienne-le-24-septembre-2025-n23-00652-2\/"},"wordCount":953,"commentCount":0,"publisher":{"@id":"https:\/\/kohenavocats.com\/zh-hans\/#organization"},"image":{"@id":"https:\/\/kohenavocats.com\/zh-hans\/tribunal-judiciaire-de-saint-etienne-le-24-septembre-2025-n23-00652-2\/#primaryimage"},"thumbnailUrl":"https:\/\/kohenavocats.com\/wp-content\/uploads\/2024\/11\/getty-images-IP1sG-uokus-unsplash.webp","articleSection":["Jurisprudence"],"inLanguage":"zh-Hans","potentialAction":[{"@type":"CommentAction","name":"Comment","target":["https:\/\/kohenavocats.com\/zh-hans\/tribunal-judiciaire-de-saint-etienne-le-24-septembre-2025-n23-00652-2\/#respond"]}],"citation":"Tribunal judiciaire de Saint-\u00c9tienne, le 24 septembre 2025, n\u00b023\/00652","about":[{"@type":"Thing","name":"Jurisprudence"}],"dateModified":"2026-04-23T21:45:17+00:00","speakable":{"@type":"SpeakableSpecification","cssSelector":[".article-content > p:first-of-type"]}},{"@type":"WebPage","@id":"https:\/\/kohenavocats.com\/zh-hans\/tribunal-judiciaire-de-saint-etienne-le-24-septembre-2025-n23-00652-2\/","url":"https:\/\/kohenavocats.com\/zh-hans\/tribunal-judiciaire-de-saint-etienne-le-24-septembre-2025-n23-00652-2\/","name":"Tribunal judiciaire de Saint-\u00c9tienne, le 24 septembre 2025, n\u00b023\/00652 - Ma\u00eetre Hassan Kohen, avocat en droit p\u00e9nal \u00e0 Paris","isPartOf":{"@id":"https:\/\/kohenavocats.com\/zh-hans\/#website"},"primaryImageOfPage":{"@id":"https:\/\/kohenavocats.com\/zh-hans\/tribunal-judiciaire-de-saint-etienne-le-24-septembre-2025-n23-00652-2\/#primaryimage"},"image":{"@id":"https:\/\/kohenavocats.com\/zh-hans\/tribunal-judiciaire-de-saint-etienne-le-24-septembre-2025-n23-00652-2\/#primaryimage"},"thumbnailUrl":"https:\/\/kohenavocats.com\/wp-content\/uploads\/2024\/11\/getty-images-IP1sG-uokus-unsplash.webp","datePublished":"2026-04-23T21:45:17+00:00","description":"Le tribunal judiciaire de Saint-\u00c9tienne, statuant en mati\u00e8re sociale, a rendu un jugement le 24 septembre 2025. L\u2019affaire concernait l\u2019opposition d\u2019une assur...","breadcrumb":{"@id":"https:\/\/kohenavocats.com\/zh-hans\/tribunal-judiciaire-de-saint-etienne-le-24-septembre-2025-n23-00652-2\/#breadcrumb"},"inLanguage":"zh-Hans","potentialAction":[{"@type":"ReadAction","target":["https:\/\/kohenavocats.com\/zh-hans\/tribunal-judiciaire-de-saint-etienne-le-24-septembre-2025-n23-00652-2\/"]}]},{"@type":"ImageObject","inLanguage":"zh-Hans","@id":"https:\/\/kohenavocats.com\/zh-hans\/tribunal-judiciaire-de-saint-etienne-le-24-septembre-2025-n23-00652-2\/#primaryimage","url":"https:\/\/kohenavocats.com\/wp-content\/uploads\/2024\/11\/getty-images-IP1sG-uokus-unsplash.webp","contentUrl":"https:\/\/kohenavocats.com\/wp-content\/uploads\/2024\/11\/getty-images-IP1sG-uokus-unsplash.webp","width":5042,"height":3361},{"@type":"BreadcrumbList","@id":"https:\/\/kohenavocats.com\/zh-hans\/tribunal-judiciaire-de-saint-etienne-le-24-septembre-2025-n23-00652-2\/#breadcrumb","itemListElement":[{"@type":"ListItem","position":1,"name":"Home","item":"https:\/\/kohenavocats.com\/zh-hans\/"},{"@type":"ListItem","position":2,"name":"Tribunal judiciaire de Saint-\u00c9tienne, le 24 septembre 2025, n\u00b023\/00652"}]},{"@type":"WebSite","@id":"https:\/\/kohenavocats.com\/zh-hans\/#website","url":"https:\/\/kohenavocats.com\/zh-hans\/","name":"Kohen Avocats","description":"Ma\u00eetre Hassan Kohen, avocat p\u00e9naliste \u00e0 Paris, intervient exclusivement en droit p\u00e9nal pour la d\u00e9fense des particuliers, notamment en mati\u00e8re d\u2019accusations de viol. Il assure un accompagnement rigoureux d\u00e8s la garde \u00e0 vue jusqu\u2019\u00e0 la Cour d\u2019assises, veillant au strict respect des garanties proc\u00e9durales.","publisher":{"@id":"https:\/\/kohenavocats.com\/zh-hans\/#organization"},"potentialAction":[{"@type":"SearchAction","target":{"@type":"EntryPoint","urlTemplate":"https:\/\/kohenavocats.com\/zh-hans\/?s={search_term_string}"},"query-input":{"@type":"PropertyValueSpecification","valueRequired":true,"valueName":"search_term_string"}}],"inLanguage":"zh-Hans"},{"@type":"Organization","@id":"https:\/\/kohenavocats.com\/zh-hans\/#organization","name":"Kohen Avocats","url":"https:\/\/kohenavocats.com\/zh-hans\/","logo":{"@type":"ImageObject","inLanguage":"zh-Hans","@id":"https:\/\/kohenavocats.com\/zh-hans\/#\/schema\/logo\/image\/","url":"https:\/\/kohenavocats.com\/wp-content\/uploads\/2026\/01\/Logo-2-1.webp","contentUrl":"https:\/\/kohenavocats.com\/wp-content\/uploads\/2026\/01\/Logo-2-1.webp","width":2114,"height":1253,"caption":"Kohen Avocats"},"image":{"@id":"https:\/\/kohenavocats.com\/zh-hans\/#\/schema\/logo\/image\/"}},{"@type":"Person","@id":"https:\/\/kohenavocats.com\/zh-hans\/#\/schema\/person\/761c9ba54fa1ca84d405cef0831ff751","name":"Kohen","image":{"@type":"ImageObject","inLanguage":"zh-Hans","@id":"https:\/\/secure.gravatar.com\/avatar\/1c5e76ef76bbbfdd2b4da984e2bf2fa4056fd51a27d25ce2c332047f1dfd6e00?s=96&d=identicon&r=g","url":"https:\/\/secure.gravatar.com\/avatar\/1c5e76ef76bbbfdd2b4da984e2bf2fa4056fd51a27d25ce2c332047f1dfd6e00?s=96&d=identicon&r=g","contentUrl":"https:\/\/secure.gravatar.com\/avatar\/1c5e76ef76bbbfdd2b4da984e2bf2fa4056fd51a27d25ce2c332047f1dfd6e00?s=96&d=identicon&r=g","caption":"Kohen"},"sameAs":["https:\/\/www.linkedin.com\/in\/hassan-kohen-448548192\/","https:\/\/www.youtube.com\/@Kohen-Avocats"],"url":"https:\/\/kohenavocats.com\/zh-hans\/author\/kohenmlk\/"}]}},"jetpack_featured_media_url":"https:\/\/kohenavocats.com\/wp-content\/uploads\/2024\/11\/getty-images-IP1sG-uokus-unsplash.webp","jetpack_likes_enabled":false,"jetpack_shortlink":"https:\/\/wp.me\/peCrII-2N6h","jetpack-related-posts":[{"id":543770,"url":"https:\/\/kohenavocats.com\/zh-hans\/tribunal-judiciaire-de-saint-etienne-le-24-septembre-2025-n23-00652\/","url_meta":{"origin":665401,"position":0},"title":"Tribunal judiciaire de Saint-Etienne, le 24 septembre 2025, n\u00b023\/00652","author":"Kohen","date":"2026\u5e744\u67089\u65e5","format":false,"excerpt":"Le tribunal judiciaire de Saint-\u00c9tienne, statuant \u2026","rel":"","context":"\u5728\u201cD\u00e9cisions juridiques\u201d\u4e2d","block_context":{"text":"D\u00e9cisions juridiques","link":"https:\/\/kohenavocats.com\/category\/decisions-juridiques\/"},"img":{"alt_text":"","src":"https:\/\/i0.wp.com\/kohenavocats.com\/wp-content\/uploads\/2024\/11\/levi-meir-clancy-7G0nL85xi-w-unsplash.webp?resize=350%2C200&ssl=1","width":350,"height":200,"srcset":"https:\/\/i0.wp.com\/kohenavocats.com\/wp-content\/uploads\/2024\/11\/levi-meir-clancy-7G0nL85xi-w-unsplash.webp?resize=350%2C200&ssl=1 1x, https:\/\/i0.wp.com\/kohenavocats.com\/wp-content\/uploads\/2024\/11\/levi-meir-clancy-7G0nL85xi-w-unsplash.webp?resize=525%2C300&ssl=1 1.5x, https:\/\/i0.wp.com\/kohenavocats.com\/wp-content\/uploads\/2024\/11\/levi-meir-clancy-7G0nL85xi-w-unsplash.webp?resize=700%2C400&ssl=1 2x, https:\/\/i0.wp.com\/kohenavocats.com\/wp-content\/uploads\/2024\/11\/levi-meir-clancy-7G0nL85xi-w-unsplash.webp?resize=1050%2C600&ssl=1 3x, https:\/\/i0.wp.com\/kohenavocats.com\/wp-content\/uploads\/2024\/11\/levi-meir-clancy-7G0nL85xi-w-unsplash.webp?resize=1400%2C800&ssl=1 4x"},"classes":[]},{"id":484643,"url":"https:\/\/kohenavocats.com\/zh-hans\/tribunal-judiciaire-de-saint-etienne-le-14-mars-2024-n23-00612\/","url_meta":{"origin":665401,"position":1},"title":"Tribunal judiciaire de Saint-\u00c9tienne, le 14 mars 2024, n\u00b023\/00612","author":"Kohen","date":"2026\u5e744\u67088\u65e5","format":false,"excerpt":"Le tribunal judiciaire de Saint-\u00c9tienne, statuant \u2026","rel":"","context":"\u5728\u201cJurisprudence\u201d\u4e2d","block_context":{"text":"Jurisprudence","link":"https:\/\/kohenavocats.com\/category\/jurisprudence\/"},"img":{"alt_text":"","src":"https:\/\/i0.wp.com\/kohenavocats.com\/wp-content\/uploads\/2024\/08\/mathias-reding-bn5q5sn-MQg-unsplash.webp?resize=350%2C200&ssl=1","width":350,"height":200,"srcset":"https:\/\/i0.wp.com\/kohenavocats.com\/wp-content\/uploads\/2024\/08\/mathias-reding-bn5q5sn-MQg-unsplash.webp?resize=350%2C200&ssl=1 1x, https:\/\/i0.wp.com\/kohenavocats.com\/wp-content\/uploads\/2024\/08\/mathias-reding-bn5q5sn-MQg-unsplash.webp?resize=525%2C300&ssl=1 1.5x, https:\/\/i0.wp.com\/kohenavocats.com\/wp-content\/uploads\/2024\/08\/mathias-reding-bn5q5sn-MQg-unsplash.webp?resize=700%2C400&ssl=1 2x, https:\/\/i0.wp.com\/kohenavocats.com\/wp-content\/uploads\/2024\/08\/mathias-reding-bn5q5sn-MQg-unsplash.webp?resize=1050%2C600&ssl=1 3x, https:\/\/i0.wp.com\/kohenavocats.com\/wp-content\/uploads\/2024\/08\/mathias-reding-bn5q5sn-MQg-unsplash.webp?resize=1400%2C800&ssl=1 4x"},"classes":[]},{"id":498411,"url":"https:\/\/kohenavocats.com\/zh-hans\/tribunal-judiciaire-de-saint-etienne-le-27-novembre-2025-n23-00699\/","url_meta":{"origin":665401,"position":2},"title":"Tribunal judiciaire de Saint-Etienne, le 27 novembre 2025, n\u00b023\/00699","author":"Kohen","date":"2026\u5e744\u67088\u65e5","format":false,"excerpt":"Le tribunal judiciaire de Saint-\u00c9tienne, statuant \u2026","rel":"","context":"\u5728\u201cD\u00e9cisions juridiques\u201d\u4e2d","block_context":{"text":"D\u00e9cisions juridiques","link":"https:\/\/kohenavocats.com\/category\/decisions-juridiques\/"},"img":{"alt_text":"","src":"https:\/\/i0.wp.com\/kohenavocats.com\/wp-content\/uploads\/2024\/08\/jean-baptiste-d-1cEU-jXHCuM-unsplash.webp?resize=350%2C200&ssl=1","width":350,"height":200,"srcset":"https:\/\/i0.wp.com\/kohenavocats.com\/wp-content\/uploads\/2024\/08\/jean-baptiste-d-1cEU-jXHCuM-unsplash.webp?resize=350%2C200&ssl=1 1x, https:\/\/i0.wp.com\/kohenavocats.com\/wp-content\/uploads\/2024\/08\/jean-baptiste-d-1cEU-jXHCuM-unsplash.webp?resize=525%2C300&ssl=1 1.5x, https:\/\/i0.wp.com\/kohenavocats.com\/wp-content\/uploads\/2024\/08\/jean-baptiste-d-1cEU-jXHCuM-unsplash.webp?resize=700%2C400&ssl=1 2x, https:\/\/i0.wp.com\/kohenavocats.com\/wp-content\/uploads\/2024\/08\/jean-baptiste-d-1cEU-jXHCuM-unsplash.webp?resize=1050%2C600&ssl=1 3x, https:\/\/i0.wp.com\/kohenavocats.com\/wp-content\/uploads\/2024\/08\/jean-baptiste-d-1cEU-jXHCuM-unsplash.webp?resize=1400%2C800&ssl=1 4x"},"classes":[]},{"id":543860,"url":"https:\/\/kohenavocats.com\/zh-hans\/tribunal-judiciaire-de-saint-etienne-le-24-septembre-2025-n23-00104\/","url_meta":{"origin":665401,"position":3},"title":"Tribunal judiciaire de Saint-Etienne, le 24 septembre 2025, n\u00b023\/00104","author":"Kohen","date":"2026\u5e744\u67089\u65e5","format":false,"excerpt":"Le tribunal judiciaire de Saint-\u00c9tienne, statuant \u2026","rel":"","context":"\u5728\u201cD\u00e9cisions juridiques\u201d\u4e2d","block_context":{"text":"D\u00e9cisions juridiques","link":"https:\/\/kohenavocats.com\/category\/decisions-juridiques\/"},"img":{"alt_text":"","src":"https:\/\/i0.wp.com\/kohenavocats.com\/wp-content\/uploads\/2024\/08\/dillon-t-lHQ7gU7SgdM-unsplash.webp?resize=350%2C200&ssl=1","width":350,"height":200,"srcset":"https:\/\/i0.wp.com\/kohenavocats.com\/wp-content\/uploads\/2024\/08\/dillon-t-lHQ7gU7SgdM-unsplash.webp?resize=350%2C200&ssl=1 1x, https:\/\/i0.wp.com\/kohenavocats.com\/wp-content\/uploads\/2024\/08\/dillon-t-lHQ7gU7SgdM-unsplash.webp?resize=525%2C300&ssl=1 1.5x, https:\/\/i0.wp.com\/kohenavocats.com\/wp-content\/uploads\/2024\/08\/dillon-t-lHQ7gU7SgdM-unsplash.webp?resize=700%2C400&ssl=1 2x, https:\/\/i0.wp.com\/kohenavocats.com\/wp-content\/uploads\/2024\/08\/dillon-t-lHQ7gU7SgdM-unsplash.webp?resize=1050%2C600&ssl=1 3x, https:\/\/i0.wp.com\/kohenavocats.com\/wp-content\/uploads\/2024\/08\/dillon-t-lHQ7gU7SgdM-unsplash.webp?resize=1400%2C800&ssl=1 4x"},"classes":[]},{"id":487152,"url":"https:\/\/kohenavocats.com\/zh-hans\/tribunal-judiciaire-de-saint-etienne-le-9-juillet-2024-n23-00689\/","url_meta":{"origin":665401,"position":4},"title":"Tribunal judiciaire de Saint-\u00c9tienne, le 9 juillet 2024, n\u00b023\/00689","author":"Kohen","date":"2026\u5e744\u67088\u65e5","format":false,"excerpt":"Le tribunal judiciaire de Saint-\u00c9tienne, statuant \u2026","rel":"","context":"\u5728\u201cJurisprudence\u201d\u4e2d","block_context":{"text":"Jurisprudence","link":"https:\/\/kohenavocats.com\/category\/jurisprudence\/"},"img":{"alt_text":"","src":"https:\/\/i0.wp.com\/kohenavocats.com\/wp-content\/uploads\/2024\/11\/ave-calvar-ffCZpxDJSo-unsplash.webp?resize=350%2C200&ssl=1","width":350,"height":200,"srcset":"https:\/\/i0.wp.com\/kohenavocats.com\/wp-content\/uploads\/2024\/11\/ave-calvar-ffCZpxDJSo-unsplash.webp?resize=350%2C200&ssl=1 1x, https:\/\/i0.wp.com\/kohenavocats.com\/wp-content\/uploads\/2024\/11\/ave-calvar-ffCZpxDJSo-unsplash.webp?resize=525%2C300&ssl=1 1.5x, https:\/\/i0.wp.com\/kohenavocats.com\/wp-content\/uploads\/2024\/11\/ave-calvar-ffCZpxDJSo-unsplash.webp?resize=700%2C400&ssl=1 2x, https:\/\/i0.wp.com\/kohenavocats.com\/wp-content\/uploads\/2024\/11\/ave-calvar-ffCZpxDJSo-unsplash.webp?resize=1050%2C600&ssl=1 3x, https:\/\/i0.wp.com\/kohenavocats.com\/wp-content\/uploads\/2024\/11\/ave-calvar-ffCZpxDJSo-unsplash.webp?resize=1400%2C800&ssl=1 4x"},"classes":[]},{"id":486731,"url":"https:\/\/kohenavocats.com\/zh-hans\/tribunal-judiciaire-de-saint-etienne-le-25-avril-2024-n23-00700\/","url_meta":{"origin":665401,"position":5},"title":"Tribunal judiciaire de Saint-\u00c9tienne, le 25 avril 2024, n\u00b023\/00700","author":"Kohen","date":"2026\u5e744\u67088\u65e5","format":false,"excerpt":"Le tribunal judiciaire de Saint-\u00c9tienne, statuant \u2026","rel":"","context":"\u5728\u201cJurisprudence\u201d\u4e2d","block_context":{"text":"Jurisprudence","link":"https:\/\/kohenavocats.com\/category\/jurisprudence\/"},"img":{"alt_text":"","src":"https:\/\/i0.wp.com\/kohenavocats.com\/wp-content\/uploads\/2024\/11\/bhavik-nasit-otN0Zt25rIk-unsplash.webp?resize=350%2C200&ssl=1","width":350,"height":200,"srcset":"https:\/\/i0.wp.com\/kohenavocats.com\/wp-content\/uploads\/2024\/11\/bhavik-nasit-otN0Zt25rIk-unsplash.webp?resize=350%2C200&ssl=1 1x, https:\/\/i0.wp.com\/kohenavocats.com\/wp-content\/uploads\/2024\/11\/bhavik-nasit-otN0Zt25rIk-unsplash.webp?resize=525%2C300&ssl=1 1.5x, https:\/\/i0.wp.com\/kohenavocats.com\/wp-content\/uploads\/2024\/11\/bhavik-nasit-otN0Zt25rIk-unsplash.webp?resize=700%2C400&ssl=1 2x, https:\/\/i0.wp.com\/kohenavocats.com\/wp-content\/uploads\/2024\/11\/bhavik-nasit-otN0Zt25rIk-unsplash.webp?resize=1050%2C600&ssl=1 3x, https:\/\/i0.wp.com\/kohenavocats.com\/wp-content\/uploads\/2024\/11\/bhavik-nasit-otN0Zt25rIk-unsplash.webp?resize=1400%2C800&ssl=1 4x"},"classes":[]}],"jetpack_sharing_enabled":true,"_links":{"self":[{"href":"https:\/\/kohenavocats.com\/zh-hans\/wp-json\/wp\/v2\/posts\/665401","targetHints":{"allow":["GET"]}}],"collection":[{"href":"https:\/\/kohenavocats.com\/zh-hans\/wp-json\/wp\/v2\/posts"}],"about":[{"href":"https:\/\/kohenavocats.com\/zh-hans\/wp-json\/wp\/v2\/types\/post"}],"author":[{"embeddable":true,"href":"https:\/\/kohenavocats.com\/zh-hans\/wp-json\/wp\/v2\/users\/232070755"}],"replies":[{"embeddable":true,"href":"https:\/\/kohenavocats.com\/zh-hans\/wp-json\/wp\/v2\/comments?post=665401"}],"version-history":[{"count":0,"href":"https:\/\/kohenavocats.com\/zh-hans\/wp-json\/wp\/v2\/posts\/665401\/revisions"}],"wp:featuredmedia":[{"embeddable":true,"href":"https:\/\/kohenavocats.com\/zh-hans\/wp-json\/wp\/v2\/media\/9724"}],"wp:attachment":[{"href":"https:\/\/kohenavocats.com\/zh-hans\/wp-json\/wp\/v2\/media?parent=665401"}],"wp:term":[{"taxonomy":"category","embeddable":true,"href":"https:\/\/kohenavocats.com\/zh-hans\/wp-json\/wp\/v2\/categories?post=665401"},{"taxonomy":"post_tag","embeddable":true,"href":"https:\/\/kohenavocats.com\/zh-hans\/wp-json\/wp\/v2\/tags?post=665401"}],"curies":[{"name":"wp","href":"https:\/\/api.w.org\/{rel}","templated":true}]}}