{"id":665402,"date":"2026-04-23T23:45:21","date_gmt":"2026-04-23T21:45:21","guid":{"rendered":"https:\/\/kohenavocats.com\/tribunal-judiciaire-de-saint-etienne-le-5-septembre-2025-n17-00686\/"},"modified":"2026-04-26T20:22:16","modified_gmt":"2026-04-26T18:22:16","slug":"tribunal-judiciaire-de-saint-etienne-le-5-septembre-2025-n17-00686","status":"publish","type":"post","link":"https:\/\/kohenavocats.com\/zh-hans\/tribunal-judiciaire-de-saint-etienne-le-5-septembre-2025-n17-00686\/","title":{"rendered":"Tribunal judiciaire de Saint-\u00c9tienne, le 5 septembre 2025, n\u00b017\/00686"},"content":{"rendered":"<div class=\"article-content\">\n<p>Le tribunal judiciaire de Saint-\u00c9tienne, le 5 septembre 2025, a statu\u00e9 sur un litige en reconnaissance de <a href=\"https:\/\/kohenavocats.com\/avocats-droit-social-paris\/avocats-maladie-professionnelle-paris\/\" target=\"_blank\" title=\"maladie professionnelle\">maladie professionnelle<\/a>. Une travailleuse, ancienne h\u00f4tesse de caisse puis contr\u00f4leuse, sollicitait cette reconnaissance pour des syndromes canalaires. La proc\u00e9dure administrative avait abouti \u00e0 un avis n\u00e9gatif, notamment en raison du d\u00e9passement du d\u00e9lai de prise en charge. Le tribunal a rejet\u00e9 sa demande, consid\u00e9rant que les conditions l\u00e9gales n&#8217;\u00e9taient pas r\u00e9unies et que le lien direct avec le travail n&#8217;\u00e9tait pas \u00e9tabli.<\/p>\n<p>La r\u00e9gularit\u00e9 proc\u00e9durale malgr\u00e9 une omission<\/p>\n<p>L&#8217;absence d&#8217;avis m\u00e9dical du travail ne vicie pas la proc\u00e9dure.<br \/>\nLe tribunal \u00e9carte l&#8217;argument tir\u00e9 de l&#8217;absence d&#8217;avis du m\u00e9decin du travail dans le dossier. Il estime que le recueil de cet avis n&#8217;\u00e9tait pas une obligation absolue dans le cas d&#8217;esp\u00e8ce. Cette absence ne constitue donc pas une cause de nullit\u00e9 de l&#8217;instruction administrative pr\u00e9alable. La d\u00e9cision s&#8217;appuie sur une interpr\u00e9tation souple des textes relatifs \u00e0 la composition du dossier.<\/p>\n<p>La charge de la preuve de l&#8217;impossibilit\u00e9 mat\u00e9rielle n&#8217;est pas activ\u00e9e.<br \/>\nLe juge ne retient pas l&#8217;application du principe selon lequel l&#8217;impossible n&#8217;est pas d\u00fb. En l&#8217;absence de contestation sur les d\u00e9marches de la caisse, il n&#8217;examine pas la justification des efforts entrepris pour obtenir l&#8217;avis. Cette solution se distingue d&#8217;une jurisprudence r\u00e9cente qui exigeait une telle preuve. &#8220;Si en vertu de l&#8217;adage \u00ab ad impossibile nemo tenetur [\u00e0 l&#8217;impossible nul n&#8217;est tenu] \u00bb il ne saurait \u00eatre reproch\u00e9 \u00e0 la Caisse ni au [22] de ne pouvoir recueillir un avis motiv\u00e9 du m\u00e9decin du travail inexistant, encore faut-il qu&#8217;il soit justifi\u00e9 par ces derniers de l&#8217;impossibilit\u00e9 mat\u00e9rielle d&#8217;obtenir un tel avis \u00e0 travers la preuve des d\u00e9marches r\u00e9alis\u00e9es en vue de son obtention.&#8221; (Tribunal judiciaire de Metz, le 5 septembre 2025, n\u00b020\/01160)<\/p>\n<p>Le rejet du lien direct faute de preuves m\u00e9dicales<\/p>\n<p>Le d\u00e9passement du d\u00e9lai de prise en charge est \u00e9tabli et incontest\u00e9.<br \/>\nLes avis des comit\u00e9s r\u00e9gionaux ont constat\u00e9 un d\u00e9passement significatif des d\u00e9lais requis par le tableau. Le tribunal valide ces constatations techniques, qui font obstacle \u00e0 l&#8217;application de la pr\u00e9somption d&#8217;origine professionnelle. La requ\u00e9rante n&#8217;a pas apport\u00e9 d&#8217;\u00e9l\u00e9ments pour contester ces d\u00e9lais, qui sont objectivement d\u00e9pass\u00e9s. Le r\u00e9gime de preuve propre au tableau se trouve donc \u00e9cart\u00e9.<\/p>\n<p>Le d\u00e9faut de preuve m\u00e9dicale emp\u00eache la reconnaissance hors tableau.<br \/>\nLe juge examine ensuite la possibilit\u00e9 d&#8217;une reconnaissance hors tableau selon l&#8217;article L.461-1 alin\u00e9a 6. Il rel\u00e8ve l&#8217;absence totale d&#8217;\u00e9l\u00e9ments m\u00e9dicaux produits par la requ\u00e9rante pour \u00e9tablir le lien direct avec son travail. Les avis concordants des comit\u00e9s r\u00e9gionaux font donc obstacle \u00e0 sa demande. La requ\u00eate d&#8217;expertise m\u00e9dicale est rejet\u00e9e au motif qu&#8217;aucun commencement de preuve n&#8217;est vers\u00e9 aux d\u00e9bats. La d\u00e9cision rappelle ainsi la charge de la preuve pesant sur le demandeur dans cette hypoth\u00e8se.<\/p>\n<p>Cette d\u00e9cision illustre une application rigoureuse des conditions de la pr\u00e9somption. Elle confirme que le d\u00e9passement des d\u00e9lais du tableau, s&#8217;il est \u00e9tabli, renverse la charge de la preuve sur le travailleur. La solution adopt\u00e9e concernant l&#8217;avis du m\u00e9decin du travail marque une certaine autonomie proc\u00e9durale des caisses. Elle peut cependant sembler restrictive au regard d&#8217;une jurisprudence exigeant la preuve des diligences.<\/p>\n<\/div>\n","protected":false},"excerpt":{"rendered":"<p>Le tribunal judiciaire de Saint-\u00c9tienne, le 5 septembre 2025, a statu\u00e9 sur un litige en reconnaissance de maladie professionnelle. Une travailleuse, ancienne&#8230;<\/p>\n","protected":false},"author":232070755,"featured_media":9487,"comment_status":"open","ping_status":"open","sticky":false,"template":"","format":"standard","meta":{"_crdt_document":"","_jetpack_newsletter_access":"","_jetpack_dont_email_post_to_subs":false,"_jetpack_newsletter_tier_id":0,"_jetpack_memberships_contains_paywalled_content":false,"_kj_source_type":"judilibre","_kj_official_id":"68deda096af9fd1f80962d72","_kj_official_url":"https:\/\/www.courdecassation.fr\/decision\/68deda096af9fd1f80962d72","_kj_judilibre_id":"68deda096af9fd1f80962d72","_kj_jur":"Tribunal judiciaire","_kj_lieu":"Tribunal judiciaire de Saint-Etienne","_kj_chambre":"CTX PROTECTION SOCIALE","_kj_rg":"17\/00686","_kj_date":"2025-09-24","_jetpack_memberships_contains_paid_content":false,"footnotes":"","jetpack_post_was_ever_published":false},"categories":[7123,6580,7597,6718,6992],"tags":[],"class_list":["post-665402","post","type-post","status-publish","format-standard","has-post-thumbnail","hentry","category-droit-du-travail","category-droit-social","category-jurisprudence","category-social","category-travail"],"yoast_head":"<!-- This site is optimized with the Yoast SEO Premium plugin v27.5 (Yoast SEO v27.5) - https:\/\/yoast.com\/product\/yoast-seo-premium-wordpress\/ -->\n<title>Tribunal judiciaire de Saint-\u00c9tienne, le 5 septembre 2025, n\u00b017\/00686 - Ma\u00eetre Hassan Kohen, avocat en droit p\u00e9nal \u00e0 Paris<\/title>\n<meta name=\"description\" content=\"Le tribunal judiciaire de Saint-\u00c9tienne, le 5 septembre 2025, a statu\u00e9 sur un litige en reconnaissance de maladie professionnelle. Une travailleuse, ancienne...\" \/>\n<meta name=\"robots\" content=\"index, follow, max-snippet:-1, max-image-preview:large, max-video-preview:-1\" \/>\n<link rel=\"canonical\" href=\"https:\/\/kohenavocats.com\/zh-hans\/tribunal-judiciaire-de-saint-etienne-le-5-septembre-2025-n17-00686\/\" \/>\n<meta property=\"og:locale\" content=\"zh_CN\" \/>\n<meta property=\"og:type\" content=\"article\" \/>\n<meta property=\"og:title\" content=\"Tribunal judiciaire de Saint-\u00c9tienne, le 5 septembre 2025, n\u00b017\/00686\" \/>\n<meta property=\"og:description\" content=\"Le tribunal judiciaire de Saint-\u00c9tienne, le 5 septembre 2025, a statu\u00e9 sur un litige en reconnaissance de maladie professionnelle. Une travailleuse, ancienne...\" \/>\n<meta property=\"og:url\" content=\"https:\/\/kohenavocats.com\/zh-hans\/tribunal-judiciaire-de-saint-etienne-le-5-septembre-2025-n17-00686\/\" \/>\n<meta property=\"og:site_name\" content=\"Ma\u00eetre Hassan Kohen, avocat en droit p\u00e9nal \u00e0 Paris\" \/>\n<meta property=\"article:published_time\" content=\"2026-04-23T21:45:21+00:00\" \/>\n<meta property=\"article:modified_time\" content=\"2026-04-26T18:22:16+00:00\" \/>\n<meta property=\"og:image\" content=\"https:\/\/kohenavocats.com\/wp-content\/uploads\/2024\/11\/laura-adai-7Jdaf6S9UJY-unsplash.webp\" \/>\n\t<meta property=\"og:image:width\" content=\"7086\" \/>\n\t<meta property=\"og:image:height\" content=\"4724\" \/>\n\t<meta property=\"og:image:type\" content=\"image\/webp\" \/>\n<meta name=\"author\" content=\"Kohen\" \/>\n<meta name=\"twitter:card\" content=\"summary_large_image\" \/>\n<meta name=\"twitter:label1\" content=\"\u4f5c\u8005\" \/>\n\t<meta name=\"twitter:data1\" content=\"Kohen\" \/>\n\t<meta name=\"twitter:label2\" content=\"\u9884\u8ba1\u9605\u8bfb\u65f6\u95f4\" \/>\n\t<meta name=\"twitter:data2\" content=\"3 \u5206\" \/>\n<script type=\"application\/ld+json\" class=\"yoast-schema-graph\">{\"@context\":\"https:\\\/\\\/schema.org\",\"@graph\":[{\"@type\":\"Article\",\"@id\":\"https:\\\/\\\/kohenavocats.com\\\/zh-hans\\\/tribunal-judiciaire-de-saint-etienne-le-5-septembre-2025-n17-00686\\\/#article\",\"isPartOf\":{\"@id\":\"https:\\\/\\\/kohenavocats.com\\\/zh-hans\\\/tribunal-judiciaire-de-saint-etienne-le-5-septembre-2025-n17-00686\\\/\"},\"author\":{\"name\":\"Kohen\",\"@id\":\"https:\\\/\\\/kohenavocats.com\\\/zh-hans\\\/#\\\/schema\\\/person\\\/761c9ba54fa1ca84d405cef0831ff751\"},\"headline\":\"Tribunal judiciaire de Saint-\u00c9tienne, le 5 septembre 2025, n\u00b017\\\/00686\",\"datePublished\":\"2026-04-23T21:45:21+00:00\",\"dateModified\":\"2026-04-26T18:22:16+00:00\",\"mainEntityOfPage\":{\"@id\":\"https:\\\/\\\/kohenavocats.com\\\/zh-hans\\\/tribunal-judiciaire-de-saint-etienne-le-5-septembre-2025-n17-00686\\\/\"},\"wordCount\":615,\"commentCount\":0,\"publisher\":{\"@id\":\"https:\\\/\\\/kohenavocats.com\\\/zh-hans\\\/#organization\"},\"image\":{\"@id\":\"https:\\\/\\\/kohenavocats.com\\\/zh-hans\\\/tribunal-judiciaire-de-saint-etienne-le-5-septembre-2025-n17-00686\\\/#primaryimage\"},\"thumbnailUrl\":\"https:\\\/\\\/kohenavocats.com\\\/wp-content\\\/uploads\\\/2024\\\/11\\\/laura-adai-7Jdaf6S9UJY-unsplash.webp\",\"articleSection\":[\"Droit du travail\",\"Droit Social\",\"Jurisprudence\",\"Social\",\"Travail\"],\"inLanguage\":\"zh-Hans\",\"potentialAction\":[{\"@type\":\"CommentAction\",\"name\":\"Comment\",\"target\":[\"https:\\\/\\\/kohenavocats.com\\\/zh-hans\\\/tribunal-judiciaire-de-saint-etienne-le-5-septembre-2025-n17-00686\\\/#respond\"]}],\"citation\":\"Tribunal judiciaire de Saint-\u00c9tienne, le 5 septembre 2025, n\u00b017\\\/00686\",\"about\":[{\"@type\":\"Thing\",\"name\":\"Droit du travail\"},{\"@type\":\"Thing\",\"name\":\"Droit Social\"},{\"@type\":\"Thing\",\"name\":\"Jurisprudence\"},{\"@type\":\"Thing\",\"name\":\"Social\"},{\"@type\":\"Thing\",\"name\":\"Travail\"}],\"speakable\":{\"@type\":\"SpeakableSpecification\",\"cssSelector\":[\".article-content > p:first-of-type\"]}},{\"@type\":\"WebPage\",\"@id\":\"https:\\\/\\\/kohenavocats.com\\\/zh-hans\\\/tribunal-judiciaire-de-saint-etienne-le-5-septembre-2025-n17-00686\\\/\",\"url\":\"https:\\\/\\\/kohenavocats.com\\\/zh-hans\\\/tribunal-judiciaire-de-saint-etienne-le-5-septembre-2025-n17-00686\\\/\",\"name\":\"Tribunal judiciaire de Saint-\u00c9tienne, le 5 septembre 2025, n\u00b017\\\/00686 - Ma\u00eetre Hassan Kohen, avocat en droit p\u00e9nal \u00e0 Paris\",\"isPartOf\":{\"@id\":\"https:\\\/\\\/kohenavocats.com\\\/zh-hans\\\/#website\"},\"primaryImageOfPage\":{\"@id\":\"https:\\\/\\\/kohenavocats.com\\\/zh-hans\\\/tribunal-judiciaire-de-saint-etienne-le-5-septembre-2025-n17-00686\\\/#primaryimage\"},\"image\":{\"@id\":\"https:\\\/\\\/kohenavocats.com\\\/zh-hans\\\/tribunal-judiciaire-de-saint-etienne-le-5-septembre-2025-n17-00686\\\/#primaryimage\"},\"thumbnailUrl\":\"https:\\\/\\\/kohenavocats.com\\\/wp-content\\\/uploads\\\/2024\\\/11\\\/laura-adai-7Jdaf6S9UJY-unsplash.webp\",\"datePublished\":\"2026-04-23T21:45:21+00:00\",\"dateModified\":\"2026-04-26T18:22:16+00:00\",\"description\":\"Le tribunal judiciaire de Saint-\u00c9tienne, le 5 septembre 2025, a statu\u00e9 sur un litige en reconnaissance de maladie professionnelle. Une travailleuse, ancienne...\",\"breadcrumb\":{\"@id\":\"https:\\\/\\\/kohenavocats.com\\\/zh-hans\\\/tribunal-judiciaire-de-saint-etienne-le-5-septembre-2025-n17-00686\\\/#breadcrumb\"},\"inLanguage\":\"zh-Hans\",\"potentialAction\":[{\"@type\":\"ReadAction\",\"target\":[\"https:\\\/\\\/kohenavocats.com\\\/zh-hans\\\/tribunal-judiciaire-de-saint-etienne-le-5-septembre-2025-n17-00686\\\/\"]}]},{\"@type\":\"ImageObject\",\"inLanguage\":\"zh-Hans\",\"@id\":\"https:\\\/\\\/kohenavocats.com\\\/zh-hans\\\/tribunal-judiciaire-de-saint-etienne-le-5-septembre-2025-n17-00686\\\/#primaryimage\",\"url\":\"https:\\\/\\\/kohenavocats.com\\\/wp-content\\\/uploads\\\/2024\\\/11\\\/laura-adai-7Jdaf6S9UJY-unsplash.webp\",\"contentUrl\":\"https:\\\/\\\/kohenavocats.com\\\/wp-content\\\/uploads\\\/2024\\\/11\\\/laura-adai-7Jdaf6S9UJY-unsplash.webp\",\"width\":7086,\"height\":4724},{\"@type\":\"BreadcrumbList\",\"@id\":\"https:\\\/\\\/kohenavocats.com\\\/zh-hans\\\/tribunal-judiciaire-de-saint-etienne-le-5-septembre-2025-n17-00686\\\/#breadcrumb\",\"itemListElement\":[{\"@type\":\"ListItem\",\"position\":1,\"name\":\"Home\",\"item\":\"https:\\\/\\\/kohenavocats.com\\\/zh-hans\\\/\"},{\"@type\":\"ListItem\",\"position\":2,\"name\":\"Tribunal judiciaire de Saint-\u00c9tienne, le 5 septembre 2025, n\u00b017\\\/00686\"}]},{\"@type\":\"WebSite\",\"@id\":\"https:\\\/\\\/kohenavocats.com\\\/zh-hans\\\/#website\",\"url\":\"https:\\\/\\\/kohenavocats.com\\\/zh-hans\\\/\",\"name\":\"Kohen Avocats\",\"description\":\"Ma\u00eetre Hassan Kohen, avocat p\u00e9naliste \u00e0 Paris, intervient exclusivement en droit p\u00e9nal pour la d\u00e9fense des particuliers, notamment en mati\u00e8re d\u2019accusations de viol. Il assure un accompagnement rigoureux d\u00e8s la garde \u00e0 vue jusqu\u2019\u00e0 la Cour d\u2019assises, veillant au strict respect des garanties proc\u00e9durales.\",\"publisher\":{\"@id\":\"https:\\\/\\\/kohenavocats.com\\\/zh-hans\\\/#organization\"},\"potentialAction\":[{\"@type\":\"SearchAction\",\"target\":{\"@type\":\"EntryPoint\",\"urlTemplate\":\"https:\\\/\\\/kohenavocats.com\\\/zh-hans\\\/?s={search_term_string}\"},\"query-input\":{\"@type\":\"PropertyValueSpecification\",\"valueRequired\":true,\"valueName\":\"search_term_string\"}}],\"inLanguage\":\"zh-Hans\"},{\"@type\":\"Organization\",\"@id\":\"https:\\\/\\\/kohenavocats.com\\\/zh-hans\\\/#organization\",\"name\":\"Kohen Avocats\",\"url\":\"https:\\\/\\\/kohenavocats.com\\\/zh-hans\\\/\",\"logo\":{\"@type\":\"ImageObject\",\"inLanguage\":\"zh-Hans\",\"@id\":\"https:\\\/\\\/kohenavocats.com\\\/zh-hans\\\/#\\\/schema\\\/logo\\\/image\\\/\",\"url\":\"https:\\\/\\\/kohenavocats.com\\\/wp-content\\\/uploads\\\/2026\\\/01\\\/Logo-2-1.webp\",\"contentUrl\":\"https:\\\/\\\/kohenavocats.com\\\/wp-content\\\/uploads\\\/2026\\\/01\\\/Logo-2-1.webp\",\"width\":2114,\"height\":1253,\"caption\":\"Kohen Avocats\"},\"image\":{\"@id\":\"https:\\\/\\\/kohenavocats.com\\\/zh-hans\\\/#\\\/schema\\\/logo\\\/image\\\/\"}},{\"@type\":\"Person\",\"@id\":\"https:\\\/\\\/kohenavocats.com\\\/zh-hans\\\/#\\\/schema\\\/person\\\/761c9ba54fa1ca84d405cef0831ff751\",\"name\":\"Kohen\",\"image\":{\"@type\":\"ImageObject\",\"inLanguage\":\"zh-Hans\",\"@id\":\"https:\\\/\\\/secure.gravatar.com\\\/avatar\\\/1c5e76ef76bbbfdd2b4da984e2bf2fa4056fd51a27d25ce2c332047f1dfd6e00?s=96&d=identicon&r=g\",\"url\":\"https:\\\/\\\/secure.gravatar.com\\\/avatar\\\/1c5e76ef76bbbfdd2b4da984e2bf2fa4056fd51a27d25ce2c332047f1dfd6e00?s=96&d=identicon&r=g\",\"contentUrl\":\"https:\\\/\\\/secure.gravatar.com\\\/avatar\\\/1c5e76ef76bbbfdd2b4da984e2bf2fa4056fd51a27d25ce2c332047f1dfd6e00?s=96&d=identicon&r=g\",\"caption\":\"Kohen\"},\"sameAs\":[\"https:\\\/\\\/www.linkedin.com\\\/in\\\/hassan-kohen-448548192\\\/\",\"https:\\\/\\\/www.youtube.com\\\/@Kohen-Avocats\"],\"url\":\"https:\\\/\\\/kohenavocats.com\\\/zh-hans\\\/author\\\/kohenmlk\\\/\"}]}<\/script>\n<!-- \/ Yoast SEO Premium plugin. -->","yoast_head_json":{"title":"Tribunal judiciaire de Saint-\u00c9tienne, le 5 septembre 2025, n\u00b017\/00686 - Ma\u00eetre Hassan Kohen, avocat en droit p\u00e9nal \u00e0 Paris","description":"Le tribunal judiciaire de Saint-\u00c9tienne, le 5 septembre 2025, a statu\u00e9 sur un litige en reconnaissance de maladie professionnelle. Une travailleuse, ancienne...","robots":{"index":"index","follow":"follow","max-snippet":"max-snippet:-1","max-image-preview":"max-image-preview:large","max-video-preview":"max-video-preview:-1"},"canonical":"https:\/\/kohenavocats.com\/zh-hans\/tribunal-judiciaire-de-saint-etienne-le-5-septembre-2025-n17-00686\/","og_locale":"zh_CN","og_type":"article","og_title":"Tribunal judiciaire de Saint-\u00c9tienne, le 5 septembre 2025, n\u00b017\/00686","og_description":"Le tribunal judiciaire de Saint-\u00c9tienne, le 5 septembre 2025, a statu\u00e9 sur un litige en reconnaissance de maladie professionnelle. Une travailleuse, ancienne...","og_url":"https:\/\/kohenavocats.com\/zh-hans\/tribunal-judiciaire-de-saint-etienne-le-5-septembre-2025-n17-00686\/","og_site_name":"Ma\u00eetre Hassan Kohen, avocat en droit p\u00e9nal \u00e0 Paris","article_published_time":"2026-04-23T21:45:21+00:00","article_modified_time":"2026-04-26T18:22:16+00:00","og_image":[{"width":7086,"height":4724,"url":"https:\/\/kohenavocats.com\/wp-content\/uploads\/2024\/11\/laura-adai-7Jdaf6S9UJY-unsplash.webp","type":"image\/webp"}],"author":"Kohen","twitter_card":"summary_large_image","twitter_misc":{"\u4f5c\u8005":"Kohen","\u9884\u8ba1\u9605\u8bfb\u65f6\u95f4":"3 \u5206"},"schema":{"@context":"https:\/\/schema.org","@graph":[{"@type":"Article","@id":"https:\/\/kohenavocats.com\/zh-hans\/tribunal-judiciaire-de-saint-etienne-le-5-septembre-2025-n17-00686\/#article","isPartOf":{"@id":"https:\/\/kohenavocats.com\/zh-hans\/tribunal-judiciaire-de-saint-etienne-le-5-septembre-2025-n17-00686\/"},"author":{"name":"Kohen","@id":"https:\/\/kohenavocats.com\/zh-hans\/#\/schema\/person\/761c9ba54fa1ca84d405cef0831ff751"},"headline":"Tribunal judiciaire de Saint-\u00c9tienne, le 5 septembre 2025, n\u00b017\/00686","datePublished":"2026-04-23T21:45:21+00:00","dateModified":"2026-04-26T18:22:16+00:00","mainEntityOfPage":{"@id":"https:\/\/kohenavocats.com\/zh-hans\/tribunal-judiciaire-de-saint-etienne-le-5-septembre-2025-n17-00686\/"},"wordCount":615,"commentCount":0,"publisher":{"@id":"https:\/\/kohenavocats.com\/zh-hans\/#organization"},"image":{"@id":"https:\/\/kohenavocats.com\/zh-hans\/tribunal-judiciaire-de-saint-etienne-le-5-septembre-2025-n17-00686\/#primaryimage"},"thumbnailUrl":"https:\/\/kohenavocats.com\/wp-content\/uploads\/2024\/11\/laura-adai-7Jdaf6S9UJY-unsplash.webp","articleSection":["Droit du travail","Droit Social","Jurisprudence","Social","Travail"],"inLanguage":"zh-Hans","potentialAction":[{"@type":"CommentAction","name":"Comment","target":["https:\/\/kohenavocats.com\/zh-hans\/tribunal-judiciaire-de-saint-etienne-le-5-septembre-2025-n17-00686\/#respond"]}],"citation":"Tribunal judiciaire de Saint-\u00c9tienne, le 5 septembre 2025, n\u00b017\/00686","about":[{"@type":"Thing","name":"Droit du travail"},{"@type":"Thing","name":"Droit Social"},{"@type":"Thing","name":"Jurisprudence"},{"@type":"Thing","name":"Social"},{"@type":"Thing","name":"Travail"}],"speakable":{"@type":"SpeakableSpecification","cssSelector":[".article-content > p:first-of-type"]}},{"@type":"WebPage","@id":"https:\/\/kohenavocats.com\/zh-hans\/tribunal-judiciaire-de-saint-etienne-le-5-septembre-2025-n17-00686\/","url":"https:\/\/kohenavocats.com\/zh-hans\/tribunal-judiciaire-de-saint-etienne-le-5-septembre-2025-n17-00686\/","name":"Tribunal judiciaire de Saint-\u00c9tienne, le 5 septembre 2025, n\u00b017\/00686 - Ma\u00eetre Hassan Kohen, avocat en droit p\u00e9nal \u00e0 Paris","isPartOf":{"@id":"https:\/\/kohenavocats.com\/zh-hans\/#website"},"primaryImageOfPage":{"@id":"https:\/\/kohenavocats.com\/zh-hans\/tribunal-judiciaire-de-saint-etienne-le-5-septembre-2025-n17-00686\/#primaryimage"},"image":{"@id":"https:\/\/kohenavocats.com\/zh-hans\/tribunal-judiciaire-de-saint-etienne-le-5-septembre-2025-n17-00686\/#primaryimage"},"thumbnailUrl":"https:\/\/kohenavocats.com\/wp-content\/uploads\/2024\/11\/laura-adai-7Jdaf6S9UJY-unsplash.webp","datePublished":"2026-04-23T21:45:21+00:00","dateModified":"2026-04-26T18:22:16+00:00","description":"Le tribunal judiciaire de Saint-\u00c9tienne, le 5 septembre 2025, a statu\u00e9 sur un litige en reconnaissance de maladie professionnelle. Une travailleuse, ancienne...","breadcrumb":{"@id":"https:\/\/kohenavocats.com\/zh-hans\/tribunal-judiciaire-de-saint-etienne-le-5-septembre-2025-n17-00686\/#breadcrumb"},"inLanguage":"zh-Hans","potentialAction":[{"@type":"ReadAction","target":["https:\/\/kohenavocats.com\/zh-hans\/tribunal-judiciaire-de-saint-etienne-le-5-septembre-2025-n17-00686\/"]}]},{"@type":"ImageObject","inLanguage":"zh-Hans","@id":"https:\/\/kohenavocats.com\/zh-hans\/tribunal-judiciaire-de-saint-etienne-le-5-septembre-2025-n17-00686\/#primaryimage","url":"https:\/\/kohenavocats.com\/wp-content\/uploads\/2024\/11\/laura-adai-7Jdaf6S9UJY-unsplash.webp","contentUrl":"https:\/\/kohenavocats.com\/wp-content\/uploads\/2024\/11\/laura-adai-7Jdaf6S9UJY-unsplash.webp","width":7086,"height":4724},{"@type":"BreadcrumbList","@id":"https:\/\/kohenavocats.com\/zh-hans\/tribunal-judiciaire-de-saint-etienne-le-5-septembre-2025-n17-00686\/#breadcrumb","itemListElement":[{"@type":"ListItem","position":1,"name":"Home","item":"https:\/\/kohenavocats.com\/zh-hans\/"},{"@type":"ListItem","position":2,"name":"Tribunal judiciaire de Saint-\u00c9tienne, le 5 septembre 2025, n\u00b017\/00686"}]},{"@type":"WebSite","@id":"https:\/\/kohenavocats.com\/zh-hans\/#website","url":"https:\/\/kohenavocats.com\/zh-hans\/","name":"Kohen Avocats","description":"Ma\u00eetre Hassan Kohen, avocat p\u00e9naliste \u00e0 Paris, intervient exclusivement en droit p\u00e9nal pour la d\u00e9fense des particuliers, notamment en mati\u00e8re d\u2019accusations de viol. Il assure un accompagnement rigoureux d\u00e8s la garde \u00e0 vue jusqu\u2019\u00e0 la Cour d\u2019assises, veillant au strict respect des garanties proc\u00e9durales.","publisher":{"@id":"https:\/\/kohenavocats.com\/zh-hans\/#organization"},"potentialAction":[{"@type":"SearchAction","target":{"@type":"EntryPoint","urlTemplate":"https:\/\/kohenavocats.com\/zh-hans\/?s={search_term_string}"},"query-input":{"@type":"PropertyValueSpecification","valueRequired":true,"valueName":"search_term_string"}}],"inLanguage":"zh-Hans"},{"@type":"Organization","@id":"https:\/\/kohenavocats.com\/zh-hans\/#organization","name":"Kohen Avocats","url":"https:\/\/kohenavocats.com\/zh-hans\/","logo":{"@type":"ImageObject","inLanguage":"zh-Hans","@id":"https:\/\/kohenavocats.com\/zh-hans\/#\/schema\/logo\/image\/","url":"https:\/\/kohenavocats.com\/wp-content\/uploads\/2026\/01\/Logo-2-1.webp","contentUrl":"https:\/\/kohenavocats.com\/wp-content\/uploads\/2026\/01\/Logo-2-1.webp","width":2114,"height":1253,"caption":"Kohen Avocats"},"image":{"@id":"https:\/\/kohenavocats.com\/zh-hans\/#\/schema\/logo\/image\/"}},{"@type":"Person","@id":"https:\/\/kohenavocats.com\/zh-hans\/#\/schema\/person\/761c9ba54fa1ca84d405cef0831ff751","name":"Kohen","image":{"@type":"ImageObject","inLanguage":"zh-Hans","@id":"https:\/\/secure.gravatar.com\/avatar\/1c5e76ef76bbbfdd2b4da984e2bf2fa4056fd51a27d25ce2c332047f1dfd6e00?s=96&d=identicon&r=g","url":"https:\/\/secure.gravatar.com\/avatar\/1c5e76ef76bbbfdd2b4da984e2bf2fa4056fd51a27d25ce2c332047f1dfd6e00?s=96&d=identicon&r=g","contentUrl":"https:\/\/secure.gravatar.com\/avatar\/1c5e76ef76bbbfdd2b4da984e2bf2fa4056fd51a27d25ce2c332047f1dfd6e00?s=96&d=identicon&r=g","caption":"Kohen"},"sameAs":["https:\/\/www.linkedin.com\/in\/hassan-kohen-448548192\/","https:\/\/www.youtube.com\/@Kohen-Avocats"],"url":"https:\/\/kohenavocats.com\/zh-hans\/author\/kohenmlk\/"}]}},"jetpack_featured_media_url":"https:\/\/kohenavocats.com\/wp-content\/uploads\/2024\/11\/laura-adai-7Jdaf6S9UJY-unsplash.webp","jetpack_likes_enabled":false,"jetpack_shortlink":"https:\/\/wp.me\/peCrII-2N6i","jetpack-related-posts":[{"id":543772,"url":"https:\/\/kohenavocats.com\/zh-hans\/tribunal-judiciaire-de-saint-etienne-le-24-septembre-2025-n17-00686\/","url_meta":{"origin":665402,"position":0},"title":"Tribunal judiciaire de Saint-Etienne, le 24 septembre 2025, n\u00b017\/00686","author":"Kohen","date":"2026\u5e744\u67089\u65e5","format":false,"excerpt":"Le tribunal judiciaire de Saint-\u00c9tienne, le 5 sept\u2026","rel":"","context":"\u5728\u201cD\u00e9cisions juridiques\u201d\u4e2d","block_context":{"text":"D\u00e9cisions juridiques","link":"https:\/\/kohenavocats.com\/category\/decisions-juridiques\/"},"img":{"alt_text":"","src":"https:\/\/i0.wp.com\/kohenavocats.com\/wp-content\/uploads\/2024\/08\/drown_-in_city-Ir1VMSMY3i4-unsplash.webp?resize=350%2C200&ssl=1","width":350,"height":200,"srcset":"https:\/\/i0.wp.com\/kohenavocats.com\/wp-content\/uploads\/2024\/08\/drown_-in_city-Ir1VMSMY3i4-unsplash.webp?resize=350%2C200&ssl=1 1x, https:\/\/i0.wp.com\/kohenavocats.com\/wp-content\/uploads\/2024\/08\/drown_-in_city-Ir1VMSMY3i4-unsplash.webp?resize=525%2C300&ssl=1 1.5x, https:\/\/i0.wp.com\/kohenavocats.com\/wp-content\/uploads\/2024\/08\/drown_-in_city-Ir1VMSMY3i4-unsplash.webp?resize=700%2C400&ssl=1 2x, https:\/\/i0.wp.com\/kohenavocats.com\/wp-content\/uploads\/2024\/08\/drown_-in_city-Ir1VMSMY3i4-unsplash.webp?resize=1050%2C600&ssl=1 3x, https:\/\/i0.wp.com\/kohenavocats.com\/wp-content\/uploads\/2024\/08\/drown_-in_city-Ir1VMSMY3i4-unsplash.webp?resize=1400%2C800&ssl=1 4x"},"classes":[]},{"id":670888,"url":"https:\/\/kohenavocats.com\/zh-hans\/tribunal-judiciaire-de-saint-etienne-le-20-septembre-2024-n24-00187\/","url_meta":{"origin":665402,"position":1},"title":"Tribunal judiciaire de Saint-\u00c9tienne, le 20 septembre 2024, n\u00b024\/00187","author":"Kohen","date":"2026\u5e744\u670824\u65e5","format":false,"excerpt":"Le tribunal judiciaire de Saint-\u00c9tienne, statuant \u2026","rel":"","context":"\u5728\u201cDroit du travail\u201d\u4e2d","block_context":{"text":"Droit du travail","link":"https:\/\/kohenavocats.com\/category\/droit-du-travail\/"},"img":{"alt_text":"","src":"https:\/\/i0.wp.com\/kohenavocats.com\/wp-content\/uploads\/2024\/08\/jianxiang-wu-TQEfLtojDQA-unsplash.webp?resize=350%2C200&ssl=1","width":350,"height":200,"srcset":"https:\/\/i0.wp.com\/kohenavocats.com\/wp-content\/uploads\/2024\/08\/jianxiang-wu-TQEfLtojDQA-unsplash.webp?resize=350%2C200&ssl=1 1x, https:\/\/i0.wp.com\/kohenavocats.com\/wp-content\/uploads\/2024\/08\/jianxiang-wu-TQEfLtojDQA-unsplash.webp?resize=525%2C300&ssl=1 1.5x, https:\/\/i0.wp.com\/kohenavocats.com\/wp-content\/uploads\/2024\/08\/jianxiang-wu-TQEfLtojDQA-unsplash.webp?resize=700%2C400&ssl=1 2x, https:\/\/i0.wp.com\/kohenavocats.com\/wp-content\/uploads\/2024\/08\/jianxiang-wu-TQEfLtojDQA-unsplash.webp?resize=1050%2C600&ssl=1 3x, https:\/\/i0.wp.com\/kohenavocats.com\/wp-content\/uploads\/2024\/08\/jianxiang-wu-TQEfLtojDQA-unsplash.webp?resize=1400%2C800&ssl=1 4x"},"classes":[]},{"id":492366,"url":"https:\/\/kohenavocats.com\/zh-hans\/tribunal-judiciaire-de-saint-etienne-le-13-novembre-2025-n24-00659\/","url_meta":{"origin":665402,"position":2},"title":"Tribunal judiciaire de Saint-Etienne, le 13 novembre 2025, n\u00b024\/00659","author":"Kohen","date":"2026\u5e744\u67088\u65e5","format":false,"excerpt":"Le p\u00f4le social du tribunal judiciaire de Saint-Eti\u2026","rel":"","context":"\u5728\u201cD\u00e9cisions juridiques\u201d\u4e2d","block_context":{"text":"D\u00e9cisions juridiques","link":"https:\/\/kohenavocats.com\/category\/decisions-juridiques\/"},"img":{"alt_text":"","src":"https:\/\/i0.wp.com\/kohenavocats.com\/wp-content\/uploads\/2024\/08\/denise-schuld-zasdQFfh4oA-unsplash.webp?resize=350%2C200&ssl=1","width":350,"height":200,"srcset":"https:\/\/i0.wp.com\/kohenavocats.com\/wp-content\/uploads\/2024\/08\/denise-schuld-zasdQFfh4oA-unsplash.webp?resize=350%2C200&ssl=1 1x, https:\/\/i0.wp.com\/kohenavocats.com\/wp-content\/uploads\/2024\/08\/denise-schuld-zasdQFfh4oA-unsplash.webp?resize=525%2C300&ssl=1 1.5x, https:\/\/i0.wp.com\/kohenavocats.com\/wp-content\/uploads\/2024\/08\/denise-schuld-zasdQFfh4oA-unsplash.webp?resize=700%2C400&ssl=1 2x, https:\/\/i0.wp.com\/kohenavocats.com\/wp-content\/uploads\/2024\/08\/denise-schuld-zasdQFfh4oA-unsplash.webp?resize=1050%2C600&ssl=1 3x, https:\/\/i0.wp.com\/kohenavocats.com\/wp-content\/uploads\/2024\/08\/denise-schuld-zasdQFfh4oA-unsplash.webp?resize=1400%2C800&ssl=1 4x"},"classes":[]},{"id":493497,"url":"https:\/\/kohenavocats.com\/zh-hans\/tribunal-judiciaire-de-saint-etienne-le-3-decembre-2024-n24-00659\/","url_meta":{"origin":665402,"position":3},"title":"Tribunal judiciaire de Saint-Etienne, le 3 d\u00e9cembre 2024, n\u00b024\/00659","author":"Kohen","date":"2026\u5e744\u67088\u65e5","format":false,"excerpt":"Le p\u00f4le social du tribunal judiciaire de Saint-Eti\u2026","rel":"","context":"\u5728\u201cJurisprudence\u201d\u4e2d","block_context":{"text":"Jurisprudence","link":"https:\/\/kohenavocats.com\/category\/jurisprudence\/"},"img":{"alt_text":"","src":"https:\/\/i0.wp.com\/kohenavocats.com\/wp-content\/uploads\/2024\/08\/viktor-hesse-qPwYg5s1Fs-unsplash.webp?resize=350%2C200&ssl=1","width":350,"height":200,"srcset":"https:\/\/i0.wp.com\/kohenavocats.com\/wp-content\/uploads\/2024\/08\/viktor-hesse-qPwYg5s1Fs-unsplash.webp?resize=350%2C200&ssl=1 1x, https:\/\/i0.wp.com\/kohenavocats.com\/wp-content\/uploads\/2024\/08\/viktor-hesse-qPwYg5s1Fs-unsplash.webp?resize=525%2C300&ssl=1 1.5x, https:\/\/i0.wp.com\/kohenavocats.com\/wp-content\/uploads\/2024\/08\/viktor-hesse-qPwYg5s1Fs-unsplash.webp?resize=700%2C400&ssl=1 2x, https:\/\/i0.wp.com\/kohenavocats.com\/wp-content\/uploads\/2024\/08\/viktor-hesse-qPwYg5s1Fs-unsplash.webp?resize=1050%2C600&ssl=1 3x, https:\/\/i0.wp.com\/kohenavocats.com\/wp-content\/uploads\/2024\/08\/viktor-hesse-qPwYg5s1Fs-unsplash.webp?resize=1400%2C800&ssl=1 4x"},"classes":[]},{"id":493842,"url":"https:\/\/kohenavocats.com\/zh-hans\/tribunal-judiciaire-de-saint-etienne-le-4-novembre-2025-n24-00869\/","url_meta":{"origin":665402,"position":4},"title":"Tribunal judiciaire de Saint-Etienne, le 4 novembre 2025, n\u00b024\/00869","author":"Kohen","date":"2026\u5e744\u67088\u65e5","format":false,"excerpt":"Le tribunal judiciaire de Saint-\u00c9tienne, statuant \u2026","rel":"","context":"\u5728\u201cD\u00e9cisions juridiques\u201d\u4e2d","block_context":{"text":"D\u00e9cisions juridiques","link":"https:\/\/kohenavocats.com\/category\/decisions-juridiques\/"},"img":{"alt_text":"","src":"https:\/\/i0.wp.com\/kohenavocats.com\/wp-content\/uploads\/2024\/11\/getty-images-zpqbsft1RcM-unsplash.webp?resize=350%2C200&ssl=1","width":350,"height":200,"srcset":"https:\/\/i0.wp.com\/kohenavocats.com\/wp-content\/uploads\/2024\/11\/getty-images-zpqbsft1RcM-unsplash.webp?resize=350%2C200&ssl=1 1x, https:\/\/i0.wp.com\/kohenavocats.com\/wp-content\/uploads\/2024\/11\/getty-images-zpqbsft1RcM-unsplash.webp?resize=525%2C300&ssl=1 1.5x, https:\/\/i0.wp.com\/kohenavocats.com\/wp-content\/uploads\/2024\/11\/getty-images-zpqbsft1RcM-unsplash.webp?resize=700%2C400&ssl=1 2x, https:\/\/i0.wp.com\/kohenavocats.com\/wp-content\/uploads\/2024\/11\/getty-images-zpqbsft1RcM-unsplash.webp?resize=1050%2C600&ssl=1 3x, https:\/\/i0.wp.com\/kohenavocats.com\/wp-content\/uploads\/2024\/11\/getty-images-zpqbsft1RcM-unsplash.webp?resize=1400%2C800&ssl=1 4x"},"classes":[]},{"id":487048,"url":"https:\/\/kohenavocats.com\/zh-hans\/tribunal-judiciaire-de-saint-etienne-le-28-fevrier-2024-n24-00188\/","url_meta":{"origin":665402,"position":5},"title":"Tribunal judiciaire de Saint-\u00c9tienne, le 28 f\u00e9vrier 2024, n\u00b024\/00188","author":"Kohen","date":"2026\u5e744\u67088\u65e5","format":false,"excerpt":"Le tribunal judiciaire de Saint-\u00c9tienne, statuant \u2026","rel":"","context":"\u5728\u201cJurisprudence\u201d\u4e2d","block_context":{"text":"Jurisprudence","link":"https:\/\/kohenavocats.com\/category\/jurisprudence\/"},"img":{"alt_text":"","src":"https:\/\/i0.wp.com\/kohenavocats.com\/wp-content\/uploads\/2024\/11\/polina-kuzovkova-sar-Y4BxZDA-unsplash.webp?resize=350%2C200&ssl=1","width":350,"height":200,"srcset":"https:\/\/i0.wp.com\/kohenavocats.com\/wp-content\/uploads\/2024\/11\/polina-kuzovkova-sar-Y4BxZDA-unsplash.webp?resize=350%2C200&ssl=1 1x, https:\/\/i0.wp.com\/kohenavocats.com\/wp-content\/uploads\/2024\/11\/polina-kuzovkova-sar-Y4BxZDA-unsplash.webp?resize=525%2C300&ssl=1 1.5x, https:\/\/i0.wp.com\/kohenavocats.com\/wp-content\/uploads\/2024\/11\/polina-kuzovkova-sar-Y4BxZDA-unsplash.webp?resize=700%2C400&ssl=1 2x, https:\/\/i0.wp.com\/kohenavocats.com\/wp-content\/uploads\/2024\/11\/polina-kuzovkova-sar-Y4BxZDA-unsplash.webp?resize=1050%2C600&ssl=1 3x, https:\/\/i0.wp.com\/kohenavocats.com\/wp-content\/uploads\/2024\/11\/polina-kuzovkova-sar-Y4BxZDA-unsplash.webp?resize=1400%2C800&ssl=1 4x"},"classes":[]}],"jetpack_sharing_enabled":true,"_links":{"self":[{"href":"https:\/\/kohenavocats.com\/zh-hans\/wp-json\/wp\/v2\/posts\/665402","targetHints":{"allow":["GET"]}}],"collection":[{"href":"https:\/\/kohenavocats.com\/zh-hans\/wp-json\/wp\/v2\/posts"}],"about":[{"href":"https:\/\/kohenavocats.com\/zh-hans\/wp-json\/wp\/v2\/types\/post"}],"author":[{"embeddable":true,"href":"https:\/\/kohenavocats.com\/zh-hans\/wp-json\/wp\/v2\/users\/232070755"}],"replies":[{"embeddable":true,"href":"https:\/\/kohenavocats.com\/zh-hans\/wp-json\/wp\/v2\/comments?post=665402"}],"version-history":[{"count":1,"href":"https:\/\/kohenavocats.com\/zh-hans\/wp-json\/wp\/v2\/posts\/665402\/revisions"}],"predecessor-version":[{"id":697090,"href":"https:\/\/kohenavocats.com\/zh-hans\/wp-json\/wp\/v2\/posts\/665402\/revisions\/697090"}],"wp:featuredmedia":[{"embeddable":true,"href":"https:\/\/kohenavocats.com\/zh-hans\/wp-json\/wp\/v2\/media\/9487"}],"wp:attachment":[{"href":"https:\/\/kohenavocats.com\/zh-hans\/wp-json\/wp\/v2\/media?parent=665402"}],"wp:term":[{"taxonomy":"category","embeddable":true,"href":"https:\/\/kohenavocats.com\/zh-hans\/wp-json\/wp\/v2\/categories?post=665402"},{"taxonomy":"post_tag","embeddable":true,"href":"https:\/\/kohenavocats.com\/zh-hans\/wp-json\/wp\/v2\/tags?post=665402"}],"curies":[{"name":"wp","href":"https:\/\/api.w.org\/{rel}","templated":true}]}}