{"id":665510,"date":"2026-04-23T23:51:39","date_gmt":"2026-04-23T21:51:39","guid":{"rendered":"https:\/\/kohenavocats.com\/tribunal-judiciaire-de-caen-le-15-mai-2025-n24-03917\/"},"modified":"2026-04-26T20:22:45","modified_gmt":"2026-04-26T18:22:45","slug":"tribunal-judiciaire-de-caen-le-15-mai-2025-n24-03917","status":"publish","type":"post","link":"https:\/\/kohenavocats.com\/zh-hans\/tribunal-judiciaire-de-caen-le-15-mai-2025-n24-03917\/","title":{"rendered":"Tribunal judiciaire de Caen, le 15 mai 2025, n\u00b024\/03917"},"content":{"rendered":"<div class=\"article-content\">\n<p>Le juge des contentieux de la protection, statuant en premier ressort, a rendu une d\u00e9cision le 15 mai 2025. Il s\u2019agissait d\u2019une action en r\u00e9siliation de bail pour impay\u00e9s de loyers engag\u00e9e par un bailleur social contre son locataire. La juridiction a examin\u00e9 l\u2019applicabilit\u00e9 temporelle de la loi du 27 juillet 2023 et les conditions d\u2019octroi de d\u00e9lais de paiement. Elle a accueilli la demande de r\u00e9siliation et d\u2019expulsion, rejetant la suspension de la <a href=\"https:\/\/kohenavocats.fr\/avocat-resiliation-bail-paris\/\" target=\"_blank\" title=\"clause r\u00e9solutoire\">clause r\u00e9solutoire<\/a> et accordant une indemnit\u00e9 d\u2019occupation.<\/p>\n<p>L\u2019applicabilit\u00e9 temporelle de la r\u00e9forme des d\u00e9lais de paiement<\/p>\n<p>La d\u00e9cision pr\u00e9cise le champ d\u2019application dans le temps de la loi nouvelle modifiant les d\u00e9lais de r\u00e9gularisation. Le bail \u00e9tant ant\u00e9rieur \u00e0 l\u2019entr\u00e9e en vigueur de la r\u00e9forme, le juge a appliqu\u00e9 l\u2019ancien d\u00e9lai contractuel. Il a motiv\u00e9 ce choix par l\u2019absence d\u2019effet r\u00e9troactif de la loi et l\u2019avis de la Cour de cassation. &#8220;Toutefois, ce nouveau d\u00e9lai de 6 semaines n\u2019est pas applicable aux baux conclus ant\u00e9rieurement \u00e0 l\u2019entr\u00e9e en vigueur de la nouvelle loi&#8221; (Motifs). Cette solution pr\u00e9serve la s\u00e9curit\u00e9 juridique et les droits acquis des parties au contrat. Elle confirme le principe de non-r\u00e9troactivit\u00e9 des lois et son application aux relations contractuelles en cours. La port\u00e9e est essentielle pour les baux sign\u00e9s avant le 29 juillet 2023, qui restent r\u00e9gis par leurs clauses initiales.<\/p>\n<p>Les conditions strictes de la suspension de la clause r\u00e9solutoire<\/p>\n<p>Le juge a refus\u00e9 d\u2019accorder des d\u00e9lais de paiement ou de suspendre la clause r\u00e9solutoire. Il a rappel\u00e9 les exigences l\u00e9gales cumulatives introduites par la r\u00e9forme de 2023. Le locataire doit \u00eatre en situation de r\u00e9gler sa dette et avoir repris le paiement int\u00e9gral du loyer courant. &#8220;En effet, la reprise du loyer courant constitue une des conditions l\u00e9gales pour permettre au Juge de suspendre les effets de la clause r\u00e9solutoire&#8221; (Motifs). Cette interpr\u00e9tation restrictive est conforme \u00e0 la jurisprudence r\u00e9cente des juridictions du fond. &#8220;En application de l&#8217;article 24 V et VII de la loi du 6 juillet 1989, (&#8230;) le juge peut, \u00e0 la condition que le locataire soit en situation de r\u00e9gler sa dette locative et qu&#8217;il ait repris le versement int\u00e9gral du loyer courant avant la date de l&#8217;audience, accorder des d\u00e9lais de paiement&#8221; (Cour d&#8217;appel de Montpellier, le 6 mars 2025, n\u00b024\/02842). La valeur de cette analyse est de renforcer l\u2019obligation essentielle de paiement du loyer. Sa port\u00e9e est de limiter strictement les mesures de gr\u00e2ce au profit des locataires qui d\u00e9montrent un r\u00e9tablissement financier imm\u00e9diat et durable.<\/p>\n<\/div>\n","protected":false},"excerpt":{"rendered":"<p>Le juge des contentieux de la protection, statuant en premier ressort, a rendu une d\u00e9cision le 15 mai 2025. Il s\u2019agissait d\u2019une action en r\u00e9siliation de bail&#8230;<\/p>\n","protected":false},"author":232070755,"featured_media":4685,"comment_status":"open","ping_status":"open","sticky":false,"template":"","format":"standard","meta":{"_crdt_document":"","_jetpack_newsletter_access":"","_jetpack_dont_email_post_to_subs":false,"_jetpack_newsletter_tier_id":0,"_jetpack_memberships_contains_paywalled_content":false,"_kj_source_type":"judilibre","_kj_official_id":"68e96ad03ea43407b911e426","_kj_official_url":"https:\/\/www.courdecassation.fr\/decision\/68e96ad03ea43407b911e426","_kj_judilibre_id":"68e96ad03ea43407b911e426","_kj_jur":"Tribunal judiciaire","_kj_lieu":"Tribunal judiciaire de Caen","_kj_chambre":"3\u00e8me chambre civile","_kj_rg":"24\/03917","_kj_date":"2025-09-24","_jetpack_memberships_contains_paid_content":false,"footnotes":"","jetpack_post_was_ever_published":false},"categories":[35583,7597],"tags":[],"class_list":["post-665510","post","type-post","status-publish","format-standard","has-post-thumbnail","hentry","category-immobilier","category-jurisprudence"],"yoast_head":"<!-- This site is optimized with the Yoast SEO Premium plugin v27.5 (Yoast SEO v27.5) - https:\/\/yoast.com\/product\/yoast-seo-premium-wordpress\/ -->\n<title>Tribunal judiciaire de Caen, le 15 mai 2025, n\u00b024\/03917 - Ma\u00eetre Hassan Kohen, avocat en droit p\u00e9nal \u00e0 Paris<\/title>\n<meta name=\"description\" content=\"Le juge des contentieux de la protection, statuant en premier ressort, a rendu une d\u00e9cision le 15 mai 2025. Il s\u2019agissait d\u2019une action en r\u00e9siliation de bail...\" \/>\n<meta name=\"robots\" content=\"index, follow, max-snippet:-1, max-image-preview:large, max-video-preview:-1\" \/>\n<link rel=\"canonical\" href=\"https:\/\/kohenavocats.com\/zh-hans\/tribunal-judiciaire-de-caen-le-15-mai-2025-n24-03917\/\" \/>\n<meta property=\"og:locale\" content=\"zh_CN\" \/>\n<meta property=\"og:type\" content=\"article\" \/>\n<meta property=\"og:title\" content=\"Tribunal judiciaire de Caen, le 15 mai 2025, n\u00b024\/03917\" \/>\n<meta property=\"og:description\" content=\"Le juge des contentieux de la protection, statuant en premier ressort, a rendu une d\u00e9cision le 15 mai 2025. Il s\u2019agissait d\u2019une action en r\u00e9siliation de bail...\" \/>\n<meta property=\"og:url\" content=\"https:\/\/kohenavocats.com\/zh-hans\/tribunal-judiciaire-de-caen-le-15-mai-2025-n24-03917\/\" \/>\n<meta property=\"og:site_name\" content=\"Ma\u00eetre Hassan Kohen, avocat en droit p\u00e9nal \u00e0 Paris\" \/>\n<meta property=\"article:published_time\" content=\"2026-04-23T21:51:39+00:00\" \/>\n<meta property=\"article:modified_time\" content=\"2026-04-26T18:22:45+00:00\" \/>\n<meta property=\"og:image\" content=\"https:\/\/kohenavocats.com\/wp-content\/uploads\/2024\/08\/ionut-dobre-nnlVXi1lp3k-unsplash.webp\" \/>\n\t<meta property=\"og:image:width\" content=\"5788\" \/>\n\t<meta property=\"og:image:height\" content=\"3859\" \/>\n\t<meta property=\"og:image:type\" content=\"image\/webp\" \/>\n<meta name=\"author\" content=\"Kohen\" \/>\n<meta name=\"twitter:card\" content=\"summary_large_image\" \/>\n<meta name=\"twitter:label1\" content=\"\u4f5c\u8005\" \/>\n\t<meta name=\"twitter:data1\" content=\"Kohen\" \/>\n\t<meta name=\"twitter:label2\" content=\"\u9884\u8ba1\u9605\u8bfb\u65f6\u95f4\" \/>\n\t<meta name=\"twitter:data2\" content=\"2 \u5206\" \/>\n<script type=\"application\/ld+json\" class=\"yoast-schema-graph\">{\"@context\":\"https:\\\/\\\/schema.org\",\"@graph\":[{\"@type\":\"Article\",\"@id\":\"https:\\\/\\\/kohenavocats.com\\\/zh-hans\\\/tribunal-judiciaire-de-caen-le-15-mai-2025-n24-03917\\\/#article\",\"isPartOf\":{\"@id\":\"https:\\\/\\\/kohenavocats.com\\\/zh-hans\\\/tribunal-judiciaire-de-caen-le-15-mai-2025-n24-03917\\\/\"},\"author\":{\"name\":\"Kohen\",\"@id\":\"https:\\\/\\\/kohenavocats.com\\\/zh-hans\\\/#\\\/schema\\\/person\\\/761c9ba54fa1ca84d405cef0831ff751\"},\"headline\":\"Tribunal judiciaire de Caen, le 15 mai 2025, n\u00b024\\\/03917\",\"datePublished\":\"2026-04-23T21:51:39+00:00\",\"dateModified\":\"2026-04-26T18:22:45+00:00\",\"mainEntityOfPage\":{\"@id\":\"https:\\\/\\\/kohenavocats.com\\\/zh-hans\\\/tribunal-judiciaire-de-caen-le-15-mai-2025-n24-03917\\\/\"},\"wordCount\":467,\"commentCount\":0,\"publisher\":{\"@id\":\"https:\\\/\\\/kohenavocats.com\\\/zh-hans\\\/#organization\"},\"image\":{\"@id\":\"https:\\\/\\\/kohenavocats.com\\\/zh-hans\\\/tribunal-judiciaire-de-caen-le-15-mai-2025-n24-03917\\\/#primaryimage\"},\"thumbnailUrl\":\"https:\\\/\\\/kohenavocats.com\\\/wp-content\\\/uploads\\\/2024\\\/08\\\/ionut-dobre-nnlVXi1lp3k-unsplash.webp\",\"articleSection\":[\"Immobilier\",\"Jurisprudence\"],\"inLanguage\":\"zh-Hans\",\"potentialAction\":[{\"@type\":\"CommentAction\",\"name\":\"Comment\",\"target\":[\"https:\\\/\\\/kohenavocats.com\\\/zh-hans\\\/tribunal-judiciaire-de-caen-le-15-mai-2025-n24-03917\\\/#respond\"]}],\"citation\":\"Tribunal judiciaire de Caen, le 15 mai 2025, n\u00b024\\\/03917\",\"about\":[{\"@type\":\"Thing\",\"name\":\"Immobilier\"},{\"@type\":\"Thing\",\"name\":\"Jurisprudence\"}],\"speakable\":{\"@type\":\"SpeakableSpecification\",\"cssSelector\":[\".article-content > p:first-of-type\"]}},{\"@type\":\"WebPage\",\"@id\":\"https:\\\/\\\/kohenavocats.com\\\/zh-hans\\\/tribunal-judiciaire-de-caen-le-15-mai-2025-n24-03917\\\/\",\"url\":\"https:\\\/\\\/kohenavocats.com\\\/zh-hans\\\/tribunal-judiciaire-de-caen-le-15-mai-2025-n24-03917\\\/\",\"name\":\"Tribunal judiciaire de Caen, le 15 mai 2025, n\u00b024\\\/03917 - Ma\u00eetre Hassan Kohen, avocat en droit p\u00e9nal \u00e0 Paris\",\"isPartOf\":{\"@id\":\"https:\\\/\\\/kohenavocats.com\\\/zh-hans\\\/#website\"},\"primaryImageOfPage\":{\"@id\":\"https:\\\/\\\/kohenavocats.com\\\/zh-hans\\\/tribunal-judiciaire-de-caen-le-15-mai-2025-n24-03917\\\/#primaryimage\"},\"image\":{\"@id\":\"https:\\\/\\\/kohenavocats.com\\\/zh-hans\\\/tribunal-judiciaire-de-caen-le-15-mai-2025-n24-03917\\\/#primaryimage\"},\"thumbnailUrl\":\"https:\\\/\\\/kohenavocats.com\\\/wp-content\\\/uploads\\\/2024\\\/08\\\/ionut-dobre-nnlVXi1lp3k-unsplash.webp\",\"datePublished\":\"2026-04-23T21:51:39+00:00\",\"dateModified\":\"2026-04-26T18:22:45+00:00\",\"description\":\"Le juge des contentieux de la protection, statuant en premier ressort, a rendu une d\u00e9cision le 15 mai 2025. Il s\u2019agissait d\u2019une action en r\u00e9siliation de bail...\",\"breadcrumb\":{\"@id\":\"https:\\\/\\\/kohenavocats.com\\\/zh-hans\\\/tribunal-judiciaire-de-caen-le-15-mai-2025-n24-03917\\\/#breadcrumb\"},\"inLanguage\":\"zh-Hans\",\"potentialAction\":[{\"@type\":\"ReadAction\",\"target\":[\"https:\\\/\\\/kohenavocats.com\\\/zh-hans\\\/tribunal-judiciaire-de-caen-le-15-mai-2025-n24-03917\\\/\"]}]},{\"@type\":\"ImageObject\",\"inLanguage\":\"zh-Hans\",\"@id\":\"https:\\\/\\\/kohenavocats.com\\\/zh-hans\\\/tribunal-judiciaire-de-caen-le-15-mai-2025-n24-03917\\\/#primaryimage\",\"url\":\"https:\\\/\\\/kohenavocats.com\\\/wp-content\\\/uploads\\\/2024\\\/08\\\/ionut-dobre-nnlVXi1lp3k-unsplash.webp\",\"contentUrl\":\"https:\\\/\\\/kohenavocats.com\\\/wp-content\\\/uploads\\\/2024\\\/08\\\/ionut-dobre-nnlVXi1lp3k-unsplash.webp\",\"width\":5788,\"height\":3859},{\"@type\":\"BreadcrumbList\",\"@id\":\"https:\\\/\\\/kohenavocats.com\\\/zh-hans\\\/tribunal-judiciaire-de-caen-le-15-mai-2025-n24-03917\\\/#breadcrumb\",\"itemListElement\":[{\"@type\":\"ListItem\",\"position\":1,\"name\":\"Home\",\"item\":\"https:\\\/\\\/kohenavocats.com\\\/zh-hans\\\/\"},{\"@type\":\"ListItem\",\"position\":2,\"name\":\"Tribunal judiciaire de Caen, le 15 mai 2025, n\u00b024\\\/03917\"}]},{\"@type\":\"WebSite\",\"@id\":\"https:\\\/\\\/kohenavocats.com\\\/zh-hans\\\/#website\",\"url\":\"https:\\\/\\\/kohenavocats.com\\\/zh-hans\\\/\",\"name\":\"Kohen Avocats\",\"description\":\"Ma\u00eetre Hassan Kohen, avocat p\u00e9naliste \u00e0 Paris, intervient exclusivement en droit p\u00e9nal pour la d\u00e9fense des particuliers, notamment en mati\u00e8re d\u2019accusations de viol. Il assure un accompagnement rigoureux d\u00e8s la garde \u00e0 vue jusqu\u2019\u00e0 la Cour d\u2019assises, veillant au strict respect des garanties proc\u00e9durales.\",\"publisher\":{\"@id\":\"https:\\\/\\\/kohenavocats.com\\\/zh-hans\\\/#organization\"},\"potentialAction\":[{\"@type\":\"SearchAction\",\"target\":{\"@type\":\"EntryPoint\",\"urlTemplate\":\"https:\\\/\\\/kohenavocats.com\\\/zh-hans\\\/?s={search_term_string}\"},\"query-input\":{\"@type\":\"PropertyValueSpecification\",\"valueRequired\":true,\"valueName\":\"search_term_string\"}}],\"inLanguage\":\"zh-Hans\"},{\"@type\":\"Organization\",\"@id\":\"https:\\\/\\\/kohenavocats.com\\\/zh-hans\\\/#organization\",\"name\":\"Kohen Avocats\",\"url\":\"https:\\\/\\\/kohenavocats.com\\\/zh-hans\\\/\",\"logo\":{\"@type\":\"ImageObject\",\"inLanguage\":\"zh-Hans\",\"@id\":\"https:\\\/\\\/kohenavocats.com\\\/zh-hans\\\/#\\\/schema\\\/logo\\\/image\\\/\",\"url\":\"https:\\\/\\\/kohenavocats.com\\\/wp-content\\\/uploads\\\/2026\\\/01\\\/Logo-2-1.webp\",\"contentUrl\":\"https:\\\/\\\/kohenavocats.com\\\/wp-content\\\/uploads\\\/2026\\\/01\\\/Logo-2-1.webp\",\"width\":2114,\"height\":1253,\"caption\":\"Kohen Avocats\"},\"image\":{\"@id\":\"https:\\\/\\\/kohenavocats.com\\\/zh-hans\\\/#\\\/schema\\\/logo\\\/image\\\/\"}},{\"@type\":\"Person\",\"@id\":\"https:\\\/\\\/kohenavocats.com\\\/zh-hans\\\/#\\\/schema\\\/person\\\/761c9ba54fa1ca84d405cef0831ff751\",\"name\":\"Kohen\",\"image\":{\"@type\":\"ImageObject\",\"inLanguage\":\"zh-Hans\",\"@id\":\"https:\\\/\\\/secure.gravatar.com\\\/avatar\\\/1c5e76ef76bbbfdd2b4da984e2bf2fa4056fd51a27d25ce2c332047f1dfd6e00?s=96&d=identicon&r=g\",\"url\":\"https:\\\/\\\/secure.gravatar.com\\\/avatar\\\/1c5e76ef76bbbfdd2b4da984e2bf2fa4056fd51a27d25ce2c332047f1dfd6e00?s=96&d=identicon&r=g\",\"contentUrl\":\"https:\\\/\\\/secure.gravatar.com\\\/avatar\\\/1c5e76ef76bbbfdd2b4da984e2bf2fa4056fd51a27d25ce2c332047f1dfd6e00?s=96&d=identicon&r=g\",\"caption\":\"Kohen\"},\"sameAs\":[\"https:\\\/\\\/www.linkedin.com\\\/in\\\/hassan-kohen-448548192\\\/\",\"https:\\\/\\\/www.youtube.com\\\/@Kohen-Avocats\"],\"url\":\"https:\\\/\\\/kohenavocats.com\\\/zh-hans\\\/author\\\/kohenmlk\\\/\"}]}<\/script>\n<!-- \/ Yoast SEO Premium plugin. -->","yoast_head_json":{"title":"Tribunal judiciaire de Caen, le 15 mai 2025, n\u00b024\/03917 - Ma\u00eetre Hassan Kohen, avocat en droit p\u00e9nal \u00e0 Paris","description":"Le juge des contentieux de la protection, statuant en premier ressort, a rendu une d\u00e9cision le 15 mai 2025. Il s\u2019agissait d\u2019une action en r\u00e9siliation de bail...","robots":{"index":"index","follow":"follow","max-snippet":"max-snippet:-1","max-image-preview":"max-image-preview:large","max-video-preview":"max-video-preview:-1"},"canonical":"https:\/\/kohenavocats.com\/zh-hans\/tribunal-judiciaire-de-caen-le-15-mai-2025-n24-03917\/","og_locale":"zh_CN","og_type":"article","og_title":"Tribunal judiciaire de Caen, le 15 mai 2025, n\u00b024\/03917","og_description":"Le juge des contentieux de la protection, statuant en premier ressort, a rendu une d\u00e9cision le 15 mai 2025. Il s\u2019agissait d\u2019une action en r\u00e9siliation de bail...","og_url":"https:\/\/kohenavocats.com\/zh-hans\/tribunal-judiciaire-de-caen-le-15-mai-2025-n24-03917\/","og_site_name":"Ma\u00eetre Hassan Kohen, avocat en droit p\u00e9nal \u00e0 Paris","article_published_time":"2026-04-23T21:51:39+00:00","article_modified_time":"2026-04-26T18:22:45+00:00","og_image":[{"width":5788,"height":3859,"url":"https:\/\/kohenavocats.com\/wp-content\/uploads\/2024\/08\/ionut-dobre-nnlVXi1lp3k-unsplash.webp","type":"image\/webp"}],"author":"Kohen","twitter_card":"summary_large_image","twitter_misc":{"\u4f5c\u8005":"Kohen","\u9884\u8ba1\u9605\u8bfb\u65f6\u95f4":"2 \u5206"},"schema":{"@context":"https:\/\/schema.org","@graph":[{"@type":"Article","@id":"https:\/\/kohenavocats.com\/zh-hans\/tribunal-judiciaire-de-caen-le-15-mai-2025-n24-03917\/#article","isPartOf":{"@id":"https:\/\/kohenavocats.com\/zh-hans\/tribunal-judiciaire-de-caen-le-15-mai-2025-n24-03917\/"},"author":{"name":"Kohen","@id":"https:\/\/kohenavocats.com\/zh-hans\/#\/schema\/person\/761c9ba54fa1ca84d405cef0831ff751"},"headline":"Tribunal judiciaire de Caen, le 15 mai 2025, n\u00b024\/03917","datePublished":"2026-04-23T21:51:39+00:00","dateModified":"2026-04-26T18:22:45+00:00","mainEntityOfPage":{"@id":"https:\/\/kohenavocats.com\/zh-hans\/tribunal-judiciaire-de-caen-le-15-mai-2025-n24-03917\/"},"wordCount":467,"commentCount":0,"publisher":{"@id":"https:\/\/kohenavocats.com\/zh-hans\/#organization"},"image":{"@id":"https:\/\/kohenavocats.com\/zh-hans\/tribunal-judiciaire-de-caen-le-15-mai-2025-n24-03917\/#primaryimage"},"thumbnailUrl":"https:\/\/kohenavocats.com\/wp-content\/uploads\/2024\/08\/ionut-dobre-nnlVXi1lp3k-unsplash.webp","articleSection":["Immobilier","Jurisprudence"],"inLanguage":"zh-Hans","potentialAction":[{"@type":"CommentAction","name":"Comment","target":["https:\/\/kohenavocats.com\/zh-hans\/tribunal-judiciaire-de-caen-le-15-mai-2025-n24-03917\/#respond"]}],"citation":"Tribunal judiciaire de Caen, le 15 mai 2025, n\u00b024\/03917","about":[{"@type":"Thing","name":"Immobilier"},{"@type":"Thing","name":"Jurisprudence"}],"speakable":{"@type":"SpeakableSpecification","cssSelector":[".article-content > p:first-of-type"]}},{"@type":"WebPage","@id":"https:\/\/kohenavocats.com\/zh-hans\/tribunal-judiciaire-de-caen-le-15-mai-2025-n24-03917\/","url":"https:\/\/kohenavocats.com\/zh-hans\/tribunal-judiciaire-de-caen-le-15-mai-2025-n24-03917\/","name":"Tribunal judiciaire de Caen, le 15 mai 2025, n\u00b024\/03917 - Ma\u00eetre Hassan Kohen, avocat en droit p\u00e9nal \u00e0 Paris","isPartOf":{"@id":"https:\/\/kohenavocats.com\/zh-hans\/#website"},"primaryImageOfPage":{"@id":"https:\/\/kohenavocats.com\/zh-hans\/tribunal-judiciaire-de-caen-le-15-mai-2025-n24-03917\/#primaryimage"},"image":{"@id":"https:\/\/kohenavocats.com\/zh-hans\/tribunal-judiciaire-de-caen-le-15-mai-2025-n24-03917\/#primaryimage"},"thumbnailUrl":"https:\/\/kohenavocats.com\/wp-content\/uploads\/2024\/08\/ionut-dobre-nnlVXi1lp3k-unsplash.webp","datePublished":"2026-04-23T21:51:39+00:00","dateModified":"2026-04-26T18:22:45+00:00","description":"Le juge des contentieux de la protection, statuant en premier ressort, a rendu une d\u00e9cision le 15 mai 2025. Il s\u2019agissait d\u2019une action en r\u00e9siliation de bail...","breadcrumb":{"@id":"https:\/\/kohenavocats.com\/zh-hans\/tribunal-judiciaire-de-caen-le-15-mai-2025-n24-03917\/#breadcrumb"},"inLanguage":"zh-Hans","potentialAction":[{"@type":"ReadAction","target":["https:\/\/kohenavocats.com\/zh-hans\/tribunal-judiciaire-de-caen-le-15-mai-2025-n24-03917\/"]}]},{"@type":"ImageObject","inLanguage":"zh-Hans","@id":"https:\/\/kohenavocats.com\/zh-hans\/tribunal-judiciaire-de-caen-le-15-mai-2025-n24-03917\/#primaryimage","url":"https:\/\/kohenavocats.com\/wp-content\/uploads\/2024\/08\/ionut-dobre-nnlVXi1lp3k-unsplash.webp","contentUrl":"https:\/\/kohenavocats.com\/wp-content\/uploads\/2024\/08\/ionut-dobre-nnlVXi1lp3k-unsplash.webp","width":5788,"height":3859},{"@type":"BreadcrumbList","@id":"https:\/\/kohenavocats.com\/zh-hans\/tribunal-judiciaire-de-caen-le-15-mai-2025-n24-03917\/#breadcrumb","itemListElement":[{"@type":"ListItem","position":1,"name":"Home","item":"https:\/\/kohenavocats.com\/zh-hans\/"},{"@type":"ListItem","position":2,"name":"Tribunal judiciaire de Caen, le 15 mai 2025, n\u00b024\/03917"}]},{"@type":"WebSite","@id":"https:\/\/kohenavocats.com\/zh-hans\/#website","url":"https:\/\/kohenavocats.com\/zh-hans\/","name":"Kohen Avocats","description":"Ma\u00eetre Hassan Kohen, avocat p\u00e9naliste \u00e0 Paris, intervient exclusivement en droit p\u00e9nal pour la d\u00e9fense des particuliers, notamment en mati\u00e8re d\u2019accusations de viol. Il assure un accompagnement rigoureux d\u00e8s la garde \u00e0 vue jusqu\u2019\u00e0 la Cour d\u2019assises, veillant au strict respect des garanties proc\u00e9durales.","publisher":{"@id":"https:\/\/kohenavocats.com\/zh-hans\/#organization"},"potentialAction":[{"@type":"SearchAction","target":{"@type":"EntryPoint","urlTemplate":"https:\/\/kohenavocats.com\/zh-hans\/?s={search_term_string}"},"query-input":{"@type":"PropertyValueSpecification","valueRequired":true,"valueName":"search_term_string"}}],"inLanguage":"zh-Hans"},{"@type":"Organization","@id":"https:\/\/kohenavocats.com\/zh-hans\/#organization","name":"Kohen Avocats","url":"https:\/\/kohenavocats.com\/zh-hans\/","logo":{"@type":"ImageObject","inLanguage":"zh-Hans","@id":"https:\/\/kohenavocats.com\/zh-hans\/#\/schema\/logo\/image\/","url":"https:\/\/kohenavocats.com\/wp-content\/uploads\/2026\/01\/Logo-2-1.webp","contentUrl":"https:\/\/kohenavocats.com\/wp-content\/uploads\/2026\/01\/Logo-2-1.webp","width":2114,"height":1253,"caption":"Kohen Avocats"},"image":{"@id":"https:\/\/kohenavocats.com\/zh-hans\/#\/schema\/logo\/image\/"}},{"@type":"Person","@id":"https:\/\/kohenavocats.com\/zh-hans\/#\/schema\/person\/761c9ba54fa1ca84d405cef0831ff751","name":"Kohen","image":{"@type":"ImageObject","inLanguage":"zh-Hans","@id":"https:\/\/secure.gravatar.com\/avatar\/1c5e76ef76bbbfdd2b4da984e2bf2fa4056fd51a27d25ce2c332047f1dfd6e00?s=96&d=identicon&r=g","url":"https:\/\/secure.gravatar.com\/avatar\/1c5e76ef76bbbfdd2b4da984e2bf2fa4056fd51a27d25ce2c332047f1dfd6e00?s=96&d=identicon&r=g","contentUrl":"https:\/\/secure.gravatar.com\/avatar\/1c5e76ef76bbbfdd2b4da984e2bf2fa4056fd51a27d25ce2c332047f1dfd6e00?s=96&d=identicon&r=g","caption":"Kohen"},"sameAs":["https:\/\/www.linkedin.com\/in\/hassan-kohen-448548192\/","https:\/\/www.youtube.com\/@Kohen-Avocats"],"url":"https:\/\/kohenavocats.com\/zh-hans\/author\/kohenmlk\/"}]}},"jetpack_featured_media_url":"https:\/\/kohenavocats.com\/wp-content\/uploads\/2024\/08\/ionut-dobre-nnlVXi1lp3k-unsplash.webp","jetpack_likes_enabled":false,"jetpack_shortlink":"https:\/\/wp.me\/peCrII-2N82","jetpack-related-posts":[{"id":665691,"url":"https:\/\/kohenavocats.com\/zh-hans\/tribunal-judiciaire-de-caen-le-27-mai-2025-n25-00430\/","url_meta":{"origin":665510,"position":0},"title":"Tribunal judiciaire de Caen, le 27 mai 2025, n\u00b025\/00430","author":"Kohen","date":"2026\u5e744\u670824\u65e5","format":false,"excerpt":"Le tribunal judiciaire de Caen, statuant en mati\u00e8r\u2026","rel":"","context":"\u5728\u201cImmobilier\u201d\u4e2d","block_context":{"text":"Immobilier","link":"https:\/\/kohenavocats.com\/category\/immobilier\/"},"img":{"alt_text":"","src":"https:\/\/i0.wp.com\/kohenavocats.com\/wp-content\/uploads\/2024\/11\/getty-images-KLAusgd2DI8-unsplash.webp?resize=350%2C200&ssl=1","width":350,"height":200,"srcset":"https:\/\/i0.wp.com\/kohenavocats.com\/wp-content\/uploads\/2024\/11\/getty-images-KLAusgd2DI8-unsplash.webp?resize=350%2C200&ssl=1 1x, https:\/\/i0.wp.com\/kohenavocats.com\/wp-content\/uploads\/2024\/11\/getty-images-KLAusgd2DI8-unsplash.webp?resize=525%2C300&ssl=1 1.5x, https:\/\/i0.wp.com\/kohenavocats.com\/wp-content\/uploads\/2024\/11\/getty-images-KLAusgd2DI8-unsplash.webp?resize=700%2C400&ssl=1 2x, https:\/\/i0.wp.com\/kohenavocats.com\/wp-content\/uploads\/2024\/11\/getty-images-KLAusgd2DI8-unsplash.webp?resize=1050%2C600&ssl=1 3x, https:\/\/i0.wp.com\/kohenavocats.com\/wp-content\/uploads\/2024\/11\/getty-images-KLAusgd2DI8-unsplash.webp?resize=1400%2C800&ssl=1 4x"},"classes":[]},{"id":249514,"url":"https:\/\/kohenavocats.com\/zh-hans\/tribunal-judiciaire-de-nimes-le-23-juin-2025-n25-00444\/","url_meta":{"origin":665510,"position":1},"title":"Tribunal judiciaire de N\u00eemes, le 23 juin 2025, n\u00b025\/00444","author":"Kohen","date":"2026\u5e741\u67088\u65e5","format":false,"excerpt":"L\u2019ordonnance de r\u00e9f\u00e9r\u00e9 du juge des contentieux de \u2026","rel":"","context":"\u5728\u201cD\u00e9cisions juridiques\u201d\u4e2d","block_context":{"text":"D\u00e9cisions juridiques","link":"https:\/\/kohenavocats.com\/category\/decisions-juridiques\/"},"img":{"alt_text":"","src":"https:\/\/i0.wp.com\/kohenavocats.com\/wp-content\/uploads\/2024\/11\/anita-austvika-0SYgXsw1BV4-unsplash.webp?resize=350%2C200&ssl=1","width":350,"height":200,"srcset":"https:\/\/i0.wp.com\/kohenavocats.com\/wp-content\/uploads\/2024\/11\/anita-austvika-0SYgXsw1BV4-unsplash.webp?resize=350%2C200&ssl=1 1x, https:\/\/i0.wp.com\/kohenavocats.com\/wp-content\/uploads\/2024\/11\/anita-austvika-0SYgXsw1BV4-unsplash.webp?resize=525%2C300&ssl=1 1.5x, https:\/\/i0.wp.com\/kohenavocats.com\/wp-content\/uploads\/2024\/11\/anita-austvika-0SYgXsw1BV4-unsplash.webp?resize=700%2C400&ssl=1 2x, https:\/\/i0.wp.com\/kohenavocats.com\/wp-content\/uploads\/2024\/11\/anita-austvika-0SYgXsw1BV4-unsplash.webp?resize=1050%2C600&ssl=1 3x, https:\/\/i0.wp.com\/kohenavocats.com\/wp-content\/uploads\/2024\/11\/anita-austvika-0SYgXsw1BV4-unsplash.webp?resize=1400%2C800&ssl=1 4x"},"classes":[]},{"id":291306,"url":"https:\/\/kohenavocats.com\/zh-hans\/tribunal-judiciaire-de-aurillac-le-4-juillet-2025-n25-00039\/","url_meta":{"origin":665510,"position":2},"title":"Tribunal judiciaire de Aurillac, le 4 juillet 2025, n\u00b025\/00039","author":"Kohen","date":"2026\u5e741\u670821\u65e5","format":false,"excerpt":"Par jugement du Tribunal judiciaire d\u2019Aurillac du \u2026","rel":"","context":"\u5728\u201cD\u00e9cisions juridiques\u201d\u4e2d","block_context":{"text":"D\u00e9cisions juridiques","link":"https:\/\/kohenavocats.com\/category\/decisions-juridiques\/"},"img":{"alt_text":"","src":"https:\/\/i0.wp.com\/kohenavocats.com\/wp-content\/uploads\/2024\/07\/corentin-J5TYAxwQoM8-unsplash.webp?resize=350%2C200&ssl=1","width":350,"height":200,"srcset":"https:\/\/i0.wp.com\/kohenavocats.com\/wp-content\/uploads\/2024\/07\/corentin-J5TYAxwQoM8-unsplash.webp?resize=350%2C200&ssl=1 1x, https:\/\/i0.wp.com\/kohenavocats.com\/wp-content\/uploads\/2024\/07\/corentin-J5TYAxwQoM8-unsplash.webp?resize=525%2C300&ssl=1 1.5x, https:\/\/i0.wp.com\/kohenavocats.com\/wp-content\/uploads\/2024\/07\/corentin-J5TYAxwQoM8-unsplash.webp?resize=700%2C400&ssl=1 2x, https:\/\/i0.wp.com\/kohenavocats.com\/wp-content\/uploads\/2024\/07\/corentin-J5TYAxwQoM8-unsplash.webp?resize=1050%2C600&ssl=1 3x, https:\/\/i0.wp.com\/kohenavocats.com\/wp-content\/uploads\/2024\/07\/corentin-J5TYAxwQoM8-unsplash.webp?resize=1400%2C800&ssl=1 4x"},"classes":[]},{"id":482527,"url":"https:\/\/kohenavocats.com\/zh-hans\/tribunal-judiciaire-de-bourg-en-bresse-le-20-novembre-2025-n25-00256\/","url_meta":{"origin":665510,"position":3},"title":"Tribunal judiciaire de Bourg-en-Bresse, le 20 novembre 2025, n\u00b025\/00256","author":"Kohen","date":"2026\u5e744\u67088\u65e5","format":false,"excerpt":"Le juge des contentieux de la protection a statu\u00e9 \u2026","rel":"","context":"\u5728\u201cJurisprudence\u201d\u4e2d","block_context":{"text":"Jurisprudence","link":"https:\/\/kohenavocats.com\/category\/jurisprudence\/"},"img":{"alt_text":"","src":"https:\/\/i0.wp.com\/kohenavocats.com\/wp-content\/uploads\/2024\/11\/jerome-maas-qrCOmWOMdbk-unsplash.webp?resize=350%2C200&ssl=1","width":350,"height":200,"srcset":"https:\/\/i0.wp.com\/kohenavocats.com\/wp-content\/uploads\/2024\/11\/jerome-maas-qrCOmWOMdbk-unsplash.webp?resize=350%2C200&ssl=1 1x, https:\/\/i0.wp.com\/kohenavocats.com\/wp-content\/uploads\/2024\/11\/jerome-maas-qrCOmWOMdbk-unsplash.webp?resize=525%2C300&ssl=1 1.5x, https:\/\/i0.wp.com\/kohenavocats.com\/wp-content\/uploads\/2024\/11\/jerome-maas-qrCOmWOMdbk-unsplash.webp?resize=700%2C400&ssl=1 2x, https:\/\/i0.wp.com\/kohenavocats.com\/wp-content\/uploads\/2024\/11\/jerome-maas-qrCOmWOMdbk-unsplash.webp?resize=1050%2C600&ssl=1 3x, https:\/\/i0.wp.com\/kohenavocats.com\/wp-content\/uploads\/2024\/11\/jerome-maas-qrCOmWOMdbk-unsplash.webp?resize=1400%2C800&ssl=1 4x"},"classes":[]},{"id":228572,"url":"https:\/\/kohenavocats.com\/zh-hans\/tribunal-judiciaire-de-paris-le-13-juin-2025-n24-08401\/","url_meta":{"origin":665510,"position":4},"title":"Tribunal judiciaire de Paris, le 13 juin 2025, n\u00b024\/08401","author":"Kohen","date":"2025\u5e7412\u670827\u65e5","format":false,"excerpt":"Now using node v22.15.1 (npm v10.8.2)Utilisation d\u2026","rel":"","context":"\u5728\u201cD\u00e9cisions juridiques\u201d\u4e2d","block_context":{"text":"D\u00e9cisions juridiques","link":"https:\/\/kohenavocats.com\/category\/decisions-juridiques\/"},"img":{"alt_text":"","src":"https:\/\/i0.wp.com\/kohenavocats.com\/wp-content\/uploads\/2024\/11\/steve-johnson-GMZq7FZRcvc-unsplash.webp?resize=350%2C200&ssl=1","width":350,"height":200,"srcset":"https:\/\/i0.wp.com\/kohenavocats.com\/wp-content\/uploads\/2024\/11\/steve-johnson-GMZq7FZRcvc-unsplash.webp?resize=350%2C200&ssl=1 1x, https:\/\/i0.wp.com\/kohenavocats.com\/wp-content\/uploads\/2024\/11\/steve-johnson-GMZq7FZRcvc-unsplash.webp?resize=525%2C300&ssl=1 1.5x, https:\/\/i0.wp.com\/kohenavocats.com\/wp-content\/uploads\/2024\/11\/steve-johnson-GMZq7FZRcvc-unsplash.webp?resize=700%2C400&ssl=1 2x, https:\/\/i0.wp.com\/kohenavocats.com\/wp-content\/uploads\/2024\/11\/steve-johnson-GMZq7FZRcvc-unsplash.webp?resize=1050%2C600&ssl=1 3x, https:\/\/i0.wp.com\/kohenavocats.com\/wp-content\/uploads\/2024\/11\/steve-johnson-GMZq7FZRcvc-unsplash.webp?resize=1400%2C800&ssl=1 4x"},"classes":[]},{"id":29319,"url":"https:\/\/kohenavocats.com\/zh-hans\/tribunal-judiciaire-de-du-havre-le-16-juin-2025-n25-00005\/","url_meta":{"origin":665510,"position":5},"title":"Tribunal judiciaire de Du Havre, le 16 juin 2025, n\u00b025\/00005","author":"Kohen","date":"2025\u5e7411\u67085\u65e5","format":false,"excerpt":"Le tribunal judiciaire du Havre, juge des contenti\u2026","rel":"","context":"\u5728\u201cD\u00e9cisions juridiques\u201d\u4e2d","block_context":{"text":"D\u00e9cisions juridiques","link":"https:\/\/kohenavocats.com\/category\/decisions-juridiques\/"},"img":{"alt_text":"","src":"https:\/\/i0.wp.com\/kohenavocats.com\/wp-content\/uploads\/2024\/11\/zyanya-citlalli-0ITfUIWxi9k-unsplash.webp?resize=350%2C200&ssl=1","width":350,"height":200,"srcset":"https:\/\/i0.wp.com\/kohenavocats.com\/wp-content\/uploads\/2024\/11\/zyanya-citlalli-0ITfUIWxi9k-unsplash.webp?resize=350%2C200&ssl=1 1x, https:\/\/i0.wp.com\/kohenavocats.com\/wp-content\/uploads\/2024\/11\/zyanya-citlalli-0ITfUIWxi9k-unsplash.webp?resize=525%2C300&ssl=1 1.5x, https:\/\/i0.wp.com\/kohenavocats.com\/wp-content\/uploads\/2024\/11\/zyanya-citlalli-0ITfUIWxi9k-unsplash.webp?resize=700%2C400&ssl=1 2x, https:\/\/i0.wp.com\/kohenavocats.com\/wp-content\/uploads\/2024\/11\/zyanya-citlalli-0ITfUIWxi9k-unsplash.webp?resize=1050%2C600&ssl=1 3x, https:\/\/i0.wp.com\/kohenavocats.com\/wp-content\/uploads\/2024\/11\/zyanya-citlalli-0ITfUIWxi9k-unsplash.webp?resize=1400%2C800&ssl=1 4x"},"classes":[]}],"jetpack_sharing_enabled":true,"_links":{"self":[{"href":"https:\/\/kohenavocats.com\/zh-hans\/wp-json\/wp\/v2\/posts\/665510","targetHints":{"allow":["GET"]}}],"collection":[{"href":"https:\/\/kohenavocats.com\/zh-hans\/wp-json\/wp\/v2\/posts"}],"about":[{"href":"https:\/\/kohenavocats.com\/zh-hans\/wp-json\/wp\/v2\/types\/post"}],"author":[{"embeddable":true,"href":"https:\/\/kohenavocats.com\/zh-hans\/wp-json\/wp\/v2\/users\/232070755"}],"replies":[{"embeddable":true,"href":"https:\/\/kohenavocats.com\/zh-hans\/wp-json\/wp\/v2\/comments?post=665510"}],"version-history":[{"count":1,"href":"https:\/\/kohenavocats.com\/zh-hans\/wp-json\/wp\/v2\/posts\/665510\/revisions"}],"predecessor-version":[{"id":697107,"href":"https:\/\/kohenavocats.com\/zh-hans\/wp-json\/wp\/v2\/posts\/665510\/revisions\/697107"}],"wp:featuredmedia":[{"embeddable":true,"href":"https:\/\/kohenavocats.com\/zh-hans\/wp-json\/wp\/v2\/media\/4685"}],"wp:attachment":[{"href":"https:\/\/kohenavocats.com\/zh-hans\/wp-json\/wp\/v2\/media?parent=665510"}],"wp:term":[{"taxonomy":"category","embeddable":true,"href":"https:\/\/kohenavocats.com\/zh-hans\/wp-json\/wp\/v2\/categories?post=665510"},{"taxonomy":"post_tag","embeddable":true,"href":"https:\/\/kohenavocats.com\/zh-hans\/wp-json\/wp\/v2\/tags?post=665510"}],"curies":[{"name":"wp","href":"https:\/\/api.w.org\/{rel}","templated":true}]}}