{"id":665582,"date":"2026-04-24T00:01:58","date_gmt":"2026-04-23T22:01:58","guid":{"rendered":"https:\/\/kohenavocats.com\/tribunal-judiciaire-de-amiens-le-27-janvier-2025-n24-03269\/"},"modified":"2026-04-24T00:01:58","modified_gmt":"2026-04-23T22:01:58","slug":"tribunal-judiciaire-de-amiens-le-27-janvier-2025-n24-03269","status":"publish","type":"post","link":"https:\/\/kohenavocats.com\/zh-hans\/tribunal-judiciaire-de-amiens-le-27-janvier-2025-n24-03269\/","title":{"rendered":"Tribunal judiciaire de Amiens, le 27 janvier 2025, n\u00b024\/03269"},"content":{"rendered":"<div class=\"article-content\">\n<p>Le tribunal judiciaire, statuant en mati\u00e8re civile, a rendu un jugement le 27 janvier 2025 sous le num\u00e9ro 23\/07129. Il \u00e9tait saisi d\u2019une demande en remboursement d\u2019un pr\u00eat d\u2019argent consenti entre particuliers. L\u2019emprunteuse opposait une compensation par des salaires fictifs li\u00e9s \u00e0 une mise \u00e0 disposition. La juridiction a accueilli la demande principale en rappelant les r\u00e8gles probatoires et a rejet\u00e9 les demandes indemnit\u00e9s accessoires des deux parties.<\/p>\n<p>La cons\u00e9cration des principes contractuels et de la charge de la preuve<\/p>\n<p>Le tribunal rappelle d\u2019abord le fondement l\u00e9gal du contrat de pr\u00eat de consommation. Il applique les articles 1103 et 1104 du code civil sur la force obligatoire et la bonne foi des conventions. Le juge pr\u00e9cise ensuite la nature de l\u2019obligation de restitution en citant l\u2019article 1892. &#8220;le pr\u00eat de consommation est un contrat par lequel l\u2019une des parties livre \u00e0 l\u2019autre une certaine quantit\u00e9 de choses qui se consomment par l\u2019usage&#8221; (article 1892 du code civil). L\u2019article 1895 est \u00e9galement invoqu\u00e9 pour limiter la dette \u00e0 la somme pr\u00eat\u00e9e.<\/p>\n<p>La d\u00e9cision op\u00e8re une application rigoureuse des r\u00e8gles probatoires civiles. Le juge se fonde sur l\u2019article 1353 pour d\u00e9terminer la r\u00e9partition des charges. &#8220;celui qui r\u00e9clame l\u2019ex\u00e9cution d\u2019une obligation doit la prouver. R\u00e9ciproquement, celui qui se pr\u00e9tend lib\u00e9r\u00e9 doit justifier le paiement&#8221; (article 1353 du code civil). Cette r\u00e9f\u00e9rence est conforme \u00e0 une jurisprudence constante sur la preuve des obligations. &#8220;En application de l\u2019article 1353 du code civil, celui qui r\u00e9clame l\u2019ex\u00e9cution d\u2019une obligation doit la prouver&#8221; (Tribunal judiciaire de Lille, le 27 janvier 2025, n\u00b023\/07129). La cr\u00e9anci\u00e8re a donc prouv\u00e9 l\u2019existence du pr\u00eat par le contrat du 7 mars 2022.<\/p>\n<p>Le rejet des moyens de d\u00e9fense fond\u00e9s sur un pr\u00eat de main-d\u2019\u0153uvre<\/p>\n<p>L\u2019emprunteuse \u00e9choue \u00e0 d\u00e9montrer l\u2019extinction partielle de sa dette. Elle invoquait un remboursement via une r\u00e9mun\u00e9ration fictive lors d\u2019une mise \u00e0 disposition. Le tribunal examine ce moyen au regard du droit du travail et de la preuve. Il constate l\u2019existence d\u2019un pr\u00eat de main-d\u2019\u0153uvre \u00e0 but non lucratif entre les soci\u00e9t\u00e9s concern\u00e9es. Cependant, la d\u00e9fenderesse ne rapporte pas la preuve du m\u00e9canisme all\u00e9gu\u00e9. &#8220;il n\u2019est pas d\u00e9montr\u00e9 par la d\u00e9fenderesse qu\u2019elle a \u00e9t\u00e9 mise \u00e0 disposition d\u2019une soci\u00e9t\u00e9 cliente&#8221; (Motifs). La charge de la preuve p\u00e8se donc int\u00e9gralement sur elle.<\/p>\n<p>La d\u00e9cision \u00e9carte implicitement la qualification de pr\u00eat illicite de main-d\u2019\u0153uvre. Les faits ne permettent pas de retenir les \u00e9l\u00e9ments constitutifs d\u2019une telle infraction. La jurisprudence exige pour cela une mise \u00e0 disposition lucrative sans pouvoir de contr\u00f4le. &#8220;Constitue une op\u00e9ration de pr\u00eat illicite de main-d&#8217;\u0153uvre \u00e0 but lucratif interdite par ces dispositions le fait, pour une entreprise, de mettre un salari\u00e9 \u00e0 disposition et sous l&#8217;autorit\u00e9 d&#8217;une autre entreprise, moyennant r\u00e9mun\u00e9ration&#8221; (Cour d&#8217;appel de Paris, le 22 mai 2024, n\u00b021\/03680). En l\u2019absence de preuve, le juge ne peut retenir ce moyen de d\u00e9fense. Il en d\u00e9duit que l\u2019obligation de remboursement reste enti\u00e8re.<\/p>\n<p>La port\u00e9e pratique et proc\u00e9durale de la d\u00e9cision<\/p>\n<p>Sur le plan substantiel, le jugement r\u00e9affirme l\u2019autonomie du pr\u00eat civil. Le lien avec une relation de travail ne suffit pas \u00e0 cr\u00e9er une compensation automatique. Le cr\u00e9ancier peut \u00eatre \u00e9galement l\u2019employeur sans que cela alt\u00e8re la dette. La preuve d\u2019un accord de compensation doit \u00eatre rapport\u00e9e de mani\u00e8re certaine. Le tribunal applique strictement les articles 1895 et 1904 sur les int\u00e9r\u00eats moratoires. Ceux-ci courent automatiquement \u00e0 compter de la mise en demeure, conform\u00e9ment \u00e0 l\u2019article 1231-6.<\/p>\n<p>Sur le plan proc\u00e9dural, la d\u00e9cision illustre l\u2019exigence de preuve pour toute pr\u00e9tention. Les demandes indemnit\u00e9s accessoires sont rejet\u00e9es faute de pr\u00e9judice d\u00e9montr\u00e9. Le juge applique les r\u00e8gles relatives aux d\u00e9pens et aux frais irr\u00e9p\u00e9tibles. La partie perdante supporte l\u2019int\u00e9gralit\u00e9 des cons\u00e9quences financi\u00e8res de l\u2019instance. Cette solution assure l\u2019effectivit\u00e9 du droit tout en sanctionnant l\u2019insuffisance probatoire. Elle rappelle que les all\u00e9gations de fraude doivent \u00eatre \u00e9tay\u00e9es par des \u00e9l\u00e9ments pr\u00e9cis.<\/p>\n<\/div>\n","protected":false},"excerpt":{"rendered":"<p>Le tribunal judiciaire, statuant en mati\u00e8re civile, a rendu un jugement le 27 janvier 2025 sous le num\u00e9ro 23\/07129. Il \u00e9tait saisi d\u2019une demande en rembourse&#8230;<\/p>\n","protected":false},"author":232070755,"featured_media":3897,"comment_status":"open","ping_status":"open","sticky":false,"template":"","format":"standard","meta":{"_crdt_document":"","_jetpack_newsletter_access":"","_jetpack_dont_email_post_to_subs":false,"_jetpack_newsletter_tier_id":0,"_jetpack_memberships_contains_paywalled_content":false,"_kj_source_type":"judilibre","_kj_official_id":"68d44f326a4025c174c4e03f","_kj_official_url":"https:\/\/www.courdecassation.fr\/decision\/68d44f326a4025c174c4e03f","_kj_judilibre_id":"68d44f326a4025c174c4e03f","_kj_jur":"Tribunal judiciaire","_kj_lieu":"Tribunal judiciaire d'Amiens","_kj_chambre":"1 Ch Cab 4 (contentieux)","_kj_rg":"24\/03269","_kj_date":"2025-09-24","_jetpack_memberships_contains_paid_content":false,"footnotes":"","jetpack_post_was_ever_published":false},"categories":[7597],"tags":[],"class_list":["post-665582","post","type-post","status-publish","format-standard","has-post-thumbnail","hentry","category-jurisprudence"],"yoast_head":"<!-- This site is optimized with the Yoast SEO Premium plugin v27.5 (Yoast SEO v27.5) - https:\/\/yoast.com\/product\/yoast-seo-premium-wordpress\/ -->\n<title>Tribunal judiciaire de Amiens, le 27 janvier 2025, n\u00b024\/03269 - Ma\u00eetre Hassan Kohen, avocat en droit p\u00e9nal \u00e0 Paris<\/title>\n<meta name=\"description\" content=\"Le tribunal judiciaire, statuant en mati\u00e8re civile, a rendu un jugement le 27 janvier 2025 sous le num\u00e9ro 23\/07129. Il \u00e9tait saisi d\u2019une demande en rembourse...\" \/>\n<meta name=\"robots\" content=\"index, follow, max-snippet:-1, max-image-preview:large, max-video-preview:-1\" \/>\n<link rel=\"canonical\" href=\"https:\/\/kohenavocats.com\/zh-hans\/tribunal-judiciaire-de-amiens-le-27-janvier-2025-n24-03269\/\" \/>\n<meta property=\"og:locale\" content=\"zh_CN\" \/>\n<meta property=\"og:type\" content=\"article\" \/>\n<meta property=\"og:title\" content=\"Tribunal judiciaire de Amiens, le 27 janvier 2025, n\u00b024\/03269\" \/>\n<meta property=\"og:description\" content=\"Le tribunal judiciaire, statuant en mati\u00e8re civile, a rendu un jugement le 27 janvier 2025 sous le num\u00e9ro 23\/07129. Il \u00e9tait saisi d\u2019une demande en rembourse...\" \/>\n<meta property=\"og:url\" content=\"https:\/\/kohenavocats.com\/zh-hans\/tribunal-judiciaire-de-amiens-le-27-janvier-2025-n24-03269\/\" \/>\n<meta property=\"og:site_name\" content=\"Ma\u00eetre Hassan Kohen, avocat en droit p\u00e9nal \u00e0 Paris\" \/>\n<meta property=\"article:published_time\" content=\"2026-04-23T22:01:58+00:00\" \/>\n<meta property=\"og:image\" content=\"https:\/\/kohenavocats.com\/wp-content\/uploads\/2024\/07\/colin-lloyd-_JEiyOfC2y8-unsplash.webp\" \/>\n\t<meta property=\"og:image:width\" content=\"6838\" \/>\n\t<meta property=\"og:image:height\" content=\"4559\" \/>\n\t<meta property=\"og:image:type\" content=\"image\/webp\" \/>\n<meta name=\"author\" content=\"Kohen\" \/>\n<meta name=\"twitter:card\" content=\"summary_large_image\" \/>\n<meta name=\"twitter:label1\" content=\"\u4f5c\u8005\" \/>\n\t<meta name=\"twitter:data1\" content=\"Kohen\" \/>\n\t<meta name=\"twitter:label2\" content=\"\u9884\u8ba1\u9605\u8bfb\u65f6\u95f4\" \/>\n\t<meta name=\"twitter:data2\" content=\"4 \u5206\" \/>\n<script type=\"application\/ld+json\" class=\"yoast-schema-graph\">{\"@context\":\"https:\\\/\\\/schema.org\",\"@graph\":[{\"@type\":\"Article\",\"@id\":\"https:\\\/\\\/kohenavocats.com\\\/zh-hans\\\/tribunal-judiciaire-de-amiens-le-27-janvier-2025-n24-03269\\\/#article\",\"isPartOf\":{\"@id\":\"https:\\\/\\\/kohenavocats.com\\\/zh-hans\\\/tribunal-judiciaire-de-amiens-le-27-janvier-2025-n24-03269\\\/\"},\"author\":{\"name\":\"Kohen\",\"@id\":\"https:\\\/\\\/kohenavocats.com\\\/zh-hans\\\/#\\\/schema\\\/person\\\/761c9ba54fa1ca84d405cef0831ff751\"},\"headline\":\"Tribunal judiciaire de Amiens, le 27 janvier 2025, n\u00b024\\\/03269\",\"datePublished\":\"2026-04-23T22:01:58+00:00\",\"mainEntityOfPage\":{\"@id\":\"https:\\\/\\\/kohenavocats.com\\\/zh-hans\\\/tribunal-judiciaire-de-amiens-le-27-janvier-2025-n24-03269\\\/\"},\"wordCount\":739,\"commentCount\":0,\"publisher\":{\"@id\":\"https:\\\/\\\/kohenavocats.com\\\/zh-hans\\\/#organization\"},\"image\":{\"@id\":\"https:\\\/\\\/kohenavocats.com\\\/zh-hans\\\/tribunal-judiciaire-de-amiens-le-27-janvier-2025-n24-03269\\\/#primaryimage\"},\"thumbnailUrl\":\"https:\\\/\\\/kohenavocats.com\\\/wp-content\\\/uploads\\\/2024\\\/07\\\/colin-lloyd-_JEiyOfC2y8-unsplash.webp\",\"articleSection\":[\"Jurisprudence\"],\"inLanguage\":\"zh-Hans\",\"potentialAction\":[{\"@type\":\"CommentAction\",\"name\":\"Comment\",\"target\":[\"https:\\\/\\\/kohenavocats.com\\\/zh-hans\\\/tribunal-judiciaire-de-amiens-le-27-janvier-2025-n24-03269\\\/#respond\"]}],\"citation\":\"Tribunal judiciaire de Amiens, le 27 janvier 2025, n\u00b024\\\/03269\",\"about\":[{\"@type\":\"Thing\",\"name\":\"Jurisprudence\"}],\"dateModified\":\"2026-04-23T22:01:58+00:00\",\"speakable\":{\"@type\":\"SpeakableSpecification\",\"cssSelector\":[\".article-content > p:first-of-type\"]}},{\"@type\":\"WebPage\",\"@id\":\"https:\\\/\\\/kohenavocats.com\\\/zh-hans\\\/tribunal-judiciaire-de-amiens-le-27-janvier-2025-n24-03269\\\/\",\"url\":\"https:\\\/\\\/kohenavocats.com\\\/zh-hans\\\/tribunal-judiciaire-de-amiens-le-27-janvier-2025-n24-03269\\\/\",\"name\":\"Tribunal judiciaire de Amiens, le 27 janvier 2025, n\u00b024\\\/03269 - Ma\u00eetre Hassan Kohen, avocat en droit p\u00e9nal \u00e0 Paris\",\"isPartOf\":{\"@id\":\"https:\\\/\\\/kohenavocats.com\\\/zh-hans\\\/#website\"},\"primaryImageOfPage\":{\"@id\":\"https:\\\/\\\/kohenavocats.com\\\/zh-hans\\\/tribunal-judiciaire-de-amiens-le-27-janvier-2025-n24-03269\\\/#primaryimage\"},\"image\":{\"@id\":\"https:\\\/\\\/kohenavocats.com\\\/zh-hans\\\/tribunal-judiciaire-de-amiens-le-27-janvier-2025-n24-03269\\\/#primaryimage\"},\"thumbnailUrl\":\"https:\\\/\\\/kohenavocats.com\\\/wp-content\\\/uploads\\\/2024\\\/07\\\/colin-lloyd-_JEiyOfC2y8-unsplash.webp\",\"datePublished\":\"2026-04-23T22:01:58+00:00\",\"description\":\"Le tribunal judiciaire, statuant en mati\u00e8re civile, a rendu un jugement le 27 janvier 2025 sous le num\u00e9ro 23\\\/07129. Il \u00e9tait saisi d\u2019une demande en rembourse...\",\"breadcrumb\":{\"@id\":\"https:\\\/\\\/kohenavocats.com\\\/zh-hans\\\/tribunal-judiciaire-de-amiens-le-27-janvier-2025-n24-03269\\\/#breadcrumb\"},\"inLanguage\":\"zh-Hans\",\"potentialAction\":[{\"@type\":\"ReadAction\",\"target\":[\"https:\\\/\\\/kohenavocats.com\\\/zh-hans\\\/tribunal-judiciaire-de-amiens-le-27-janvier-2025-n24-03269\\\/\"]}]},{\"@type\":\"ImageObject\",\"inLanguage\":\"zh-Hans\",\"@id\":\"https:\\\/\\\/kohenavocats.com\\\/zh-hans\\\/tribunal-judiciaire-de-amiens-le-27-janvier-2025-n24-03269\\\/#primaryimage\",\"url\":\"https:\\\/\\\/kohenavocats.com\\\/wp-content\\\/uploads\\\/2024\\\/07\\\/colin-lloyd-_JEiyOfC2y8-unsplash.webp\",\"contentUrl\":\"https:\\\/\\\/kohenavocats.com\\\/wp-content\\\/uploads\\\/2024\\\/07\\\/colin-lloyd-_JEiyOfC2y8-unsplash.webp\",\"width\":6838,\"height\":4559},{\"@type\":\"BreadcrumbList\",\"@id\":\"https:\\\/\\\/kohenavocats.com\\\/zh-hans\\\/tribunal-judiciaire-de-amiens-le-27-janvier-2025-n24-03269\\\/#breadcrumb\",\"itemListElement\":[{\"@type\":\"ListItem\",\"position\":1,\"name\":\"Home\",\"item\":\"https:\\\/\\\/kohenavocats.com\\\/zh-hans\\\/\"},{\"@type\":\"ListItem\",\"position\":2,\"name\":\"Tribunal judiciaire de Amiens, le 27 janvier 2025, n\u00b024\\\/03269\"}]},{\"@type\":\"WebSite\",\"@id\":\"https:\\\/\\\/kohenavocats.com\\\/zh-hans\\\/#website\",\"url\":\"https:\\\/\\\/kohenavocats.com\\\/zh-hans\\\/\",\"name\":\"Kohen Avocats\",\"description\":\"Ma\u00eetre Hassan Kohen, avocat p\u00e9naliste \u00e0 Paris, intervient exclusivement en droit p\u00e9nal pour la d\u00e9fense des particuliers, notamment en mati\u00e8re d\u2019accusations de viol. Il assure un accompagnement rigoureux d\u00e8s la garde \u00e0 vue jusqu\u2019\u00e0 la Cour d\u2019assises, veillant au strict respect des garanties proc\u00e9durales.\",\"publisher\":{\"@id\":\"https:\\\/\\\/kohenavocats.com\\\/zh-hans\\\/#organization\"},\"potentialAction\":[{\"@type\":\"SearchAction\",\"target\":{\"@type\":\"EntryPoint\",\"urlTemplate\":\"https:\\\/\\\/kohenavocats.com\\\/zh-hans\\\/?s={search_term_string}\"},\"query-input\":{\"@type\":\"PropertyValueSpecification\",\"valueRequired\":true,\"valueName\":\"search_term_string\"}}],\"inLanguage\":\"zh-Hans\"},{\"@type\":\"Organization\",\"@id\":\"https:\\\/\\\/kohenavocats.com\\\/zh-hans\\\/#organization\",\"name\":\"Kohen Avocats\",\"url\":\"https:\\\/\\\/kohenavocats.com\\\/zh-hans\\\/\",\"logo\":{\"@type\":\"ImageObject\",\"inLanguage\":\"zh-Hans\",\"@id\":\"https:\\\/\\\/kohenavocats.com\\\/zh-hans\\\/#\\\/schema\\\/logo\\\/image\\\/\",\"url\":\"https:\\\/\\\/kohenavocats.com\\\/wp-content\\\/uploads\\\/2026\\\/01\\\/Logo-2-1.webp\",\"contentUrl\":\"https:\\\/\\\/kohenavocats.com\\\/wp-content\\\/uploads\\\/2026\\\/01\\\/Logo-2-1.webp\",\"width\":2114,\"height\":1253,\"caption\":\"Kohen Avocats\"},\"image\":{\"@id\":\"https:\\\/\\\/kohenavocats.com\\\/zh-hans\\\/#\\\/schema\\\/logo\\\/image\\\/\"}},{\"@type\":\"Person\",\"@id\":\"https:\\\/\\\/kohenavocats.com\\\/zh-hans\\\/#\\\/schema\\\/person\\\/761c9ba54fa1ca84d405cef0831ff751\",\"name\":\"Kohen\",\"image\":{\"@type\":\"ImageObject\",\"inLanguage\":\"zh-Hans\",\"@id\":\"https:\\\/\\\/secure.gravatar.com\\\/avatar\\\/1c5e76ef76bbbfdd2b4da984e2bf2fa4056fd51a27d25ce2c332047f1dfd6e00?s=96&d=identicon&r=g\",\"url\":\"https:\\\/\\\/secure.gravatar.com\\\/avatar\\\/1c5e76ef76bbbfdd2b4da984e2bf2fa4056fd51a27d25ce2c332047f1dfd6e00?s=96&d=identicon&r=g\",\"contentUrl\":\"https:\\\/\\\/secure.gravatar.com\\\/avatar\\\/1c5e76ef76bbbfdd2b4da984e2bf2fa4056fd51a27d25ce2c332047f1dfd6e00?s=96&d=identicon&r=g\",\"caption\":\"Kohen\"},\"sameAs\":[\"https:\\\/\\\/www.linkedin.com\\\/in\\\/hassan-kohen-448548192\\\/\",\"https:\\\/\\\/www.youtube.com\\\/@Kohen-Avocats\"],\"url\":\"https:\\\/\\\/kohenavocats.com\\\/zh-hans\\\/author\\\/kohenmlk\\\/\"}]}<\/script>\n<!-- \/ Yoast SEO Premium plugin. -->","yoast_head_json":{"title":"Tribunal judiciaire de Amiens, le 27 janvier 2025, n\u00b024\/03269 - Ma\u00eetre Hassan Kohen, avocat en droit p\u00e9nal \u00e0 Paris","description":"Le tribunal judiciaire, statuant en mati\u00e8re civile, a rendu un jugement le 27 janvier 2025 sous le num\u00e9ro 23\/07129. Il \u00e9tait saisi d\u2019une demande en rembourse...","robots":{"index":"index","follow":"follow","max-snippet":"max-snippet:-1","max-image-preview":"max-image-preview:large","max-video-preview":"max-video-preview:-1"},"canonical":"https:\/\/kohenavocats.com\/zh-hans\/tribunal-judiciaire-de-amiens-le-27-janvier-2025-n24-03269\/","og_locale":"zh_CN","og_type":"article","og_title":"Tribunal judiciaire de Amiens, le 27 janvier 2025, n\u00b024\/03269","og_description":"Le tribunal judiciaire, statuant en mati\u00e8re civile, a rendu un jugement le 27 janvier 2025 sous le num\u00e9ro 23\/07129. Il \u00e9tait saisi d\u2019une demande en rembourse...","og_url":"https:\/\/kohenavocats.com\/zh-hans\/tribunal-judiciaire-de-amiens-le-27-janvier-2025-n24-03269\/","og_site_name":"Ma\u00eetre Hassan Kohen, avocat en droit p\u00e9nal \u00e0 Paris","article_published_time":"2026-04-23T22:01:58+00:00","og_image":[{"width":6838,"height":4559,"url":"https:\/\/kohenavocats.com\/wp-content\/uploads\/2024\/07\/colin-lloyd-_JEiyOfC2y8-unsplash.webp","type":"image\/webp"}],"author":"Kohen","twitter_card":"summary_large_image","twitter_misc":{"\u4f5c\u8005":"Kohen","\u9884\u8ba1\u9605\u8bfb\u65f6\u95f4":"4 \u5206"},"schema":{"@context":"https:\/\/schema.org","@graph":[{"@type":"Article","@id":"https:\/\/kohenavocats.com\/zh-hans\/tribunal-judiciaire-de-amiens-le-27-janvier-2025-n24-03269\/#article","isPartOf":{"@id":"https:\/\/kohenavocats.com\/zh-hans\/tribunal-judiciaire-de-amiens-le-27-janvier-2025-n24-03269\/"},"author":{"name":"Kohen","@id":"https:\/\/kohenavocats.com\/zh-hans\/#\/schema\/person\/761c9ba54fa1ca84d405cef0831ff751"},"headline":"Tribunal judiciaire de Amiens, le 27 janvier 2025, n\u00b024\/03269","datePublished":"2026-04-23T22:01:58+00:00","mainEntityOfPage":{"@id":"https:\/\/kohenavocats.com\/zh-hans\/tribunal-judiciaire-de-amiens-le-27-janvier-2025-n24-03269\/"},"wordCount":739,"commentCount":0,"publisher":{"@id":"https:\/\/kohenavocats.com\/zh-hans\/#organization"},"image":{"@id":"https:\/\/kohenavocats.com\/zh-hans\/tribunal-judiciaire-de-amiens-le-27-janvier-2025-n24-03269\/#primaryimage"},"thumbnailUrl":"https:\/\/kohenavocats.com\/wp-content\/uploads\/2024\/07\/colin-lloyd-_JEiyOfC2y8-unsplash.webp","articleSection":["Jurisprudence"],"inLanguage":"zh-Hans","potentialAction":[{"@type":"CommentAction","name":"Comment","target":["https:\/\/kohenavocats.com\/zh-hans\/tribunal-judiciaire-de-amiens-le-27-janvier-2025-n24-03269\/#respond"]}],"citation":"Tribunal judiciaire de Amiens, le 27 janvier 2025, n\u00b024\/03269","about":[{"@type":"Thing","name":"Jurisprudence"}],"dateModified":"2026-04-23T22:01:58+00:00","speakable":{"@type":"SpeakableSpecification","cssSelector":[".article-content > p:first-of-type"]}},{"@type":"WebPage","@id":"https:\/\/kohenavocats.com\/zh-hans\/tribunal-judiciaire-de-amiens-le-27-janvier-2025-n24-03269\/","url":"https:\/\/kohenavocats.com\/zh-hans\/tribunal-judiciaire-de-amiens-le-27-janvier-2025-n24-03269\/","name":"Tribunal judiciaire de Amiens, le 27 janvier 2025, n\u00b024\/03269 - Ma\u00eetre Hassan Kohen, avocat en droit p\u00e9nal \u00e0 Paris","isPartOf":{"@id":"https:\/\/kohenavocats.com\/zh-hans\/#website"},"primaryImageOfPage":{"@id":"https:\/\/kohenavocats.com\/zh-hans\/tribunal-judiciaire-de-amiens-le-27-janvier-2025-n24-03269\/#primaryimage"},"image":{"@id":"https:\/\/kohenavocats.com\/zh-hans\/tribunal-judiciaire-de-amiens-le-27-janvier-2025-n24-03269\/#primaryimage"},"thumbnailUrl":"https:\/\/kohenavocats.com\/wp-content\/uploads\/2024\/07\/colin-lloyd-_JEiyOfC2y8-unsplash.webp","datePublished":"2026-04-23T22:01:58+00:00","description":"Le tribunal judiciaire, statuant en mati\u00e8re civile, a rendu un jugement le 27 janvier 2025 sous le num\u00e9ro 23\/07129. Il \u00e9tait saisi d\u2019une demande en rembourse...","breadcrumb":{"@id":"https:\/\/kohenavocats.com\/zh-hans\/tribunal-judiciaire-de-amiens-le-27-janvier-2025-n24-03269\/#breadcrumb"},"inLanguage":"zh-Hans","potentialAction":[{"@type":"ReadAction","target":["https:\/\/kohenavocats.com\/zh-hans\/tribunal-judiciaire-de-amiens-le-27-janvier-2025-n24-03269\/"]}]},{"@type":"ImageObject","inLanguage":"zh-Hans","@id":"https:\/\/kohenavocats.com\/zh-hans\/tribunal-judiciaire-de-amiens-le-27-janvier-2025-n24-03269\/#primaryimage","url":"https:\/\/kohenavocats.com\/wp-content\/uploads\/2024\/07\/colin-lloyd-_JEiyOfC2y8-unsplash.webp","contentUrl":"https:\/\/kohenavocats.com\/wp-content\/uploads\/2024\/07\/colin-lloyd-_JEiyOfC2y8-unsplash.webp","width":6838,"height":4559},{"@type":"BreadcrumbList","@id":"https:\/\/kohenavocats.com\/zh-hans\/tribunal-judiciaire-de-amiens-le-27-janvier-2025-n24-03269\/#breadcrumb","itemListElement":[{"@type":"ListItem","position":1,"name":"Home","item":"https:\/\/kohenavocats.com\/zh-hans\/"},{"@type":"ListItem","position":2,"name":"Tribunal judiciaire de Amiens, le 27 janvier 2025, n\u00b024\/03269"}]},{"@type":"WebSite","@id":"https:\/\/kohenavocats.com\/zh-hans\/#website","url":"https:\/\/kohenavocats.com\/zh-hans\/","name":"Kohen Avocats","description":"Ma\u00eetre Hassan Kohen, avocat p\u00e9naliste \u00e0 Paris, intervient exclusivement en droit p\u00e9nal pour la d\u00e9fense des particuliers, notamment en mati\u00e8re d\u2019accusations de viol. Il assure un accompagnement rigoureux d\u00e8s la garde \u00e0 vue jusqu\u2019\u00e0 la Cour d\u2019assises, veillant au strict respect des garanties proc\u00e9durales.","publisher":{"@id":"https:\/\/kohenavocats.com\/zh-hans\/#organization"},"potentialAction":[{"@type":"SearchAction","target":{"@type":"EntryPoint","urlTemplate":"https:\/\/kohenavocats.com\/zh-hans\/?s={search_term_string}"},"query-input":{"@type":"PropertyValueSpecification","valueRequired":true,"valueName":"search_term_string"}}],"inLanguage":"zh-Hans"},{"@type":"Organization","@id":"https:\/\/kohenavocats.com\/zh-hans\/#organization","name":"Kohen Avocats","url":"https:\/\/kohenavocats.com\/zh-hans\/","logo":{"@type":"ImageObject","inLanguage":"zh-Hans","@id":"https:\/\/kohenavocats.com\/zh-hans\/#\/schema\/logo\/image\/","url":"https:\/\/kohenavocats.com\/wp-content\/uploads\/2026\/01\/Logo-2-1.webp","contentUrl":"https:\/\/kohenavocats.com\/wp-content\/uploads\/2026\/01\/Logo-2-1.webp","width":2114,"height":1253,"caption":"Kohen Avocats"},"image":{"@id":"https:\/\/kohenavocats.com\/zh-hans\/#\/schema\/logo\/image\/"}},{"@type":"Person","@id":"https:\/\/kohenavocats.com\/zh-hans\/#\/schema\/person\/761c9ba54fa1ca84d405cef0831ff751","name":"Kohen","image":{"@type":"ImageObject","inLanguage":"zh-Hans","@id":"https:\/\/secure.gravatar.com\/avatar\/1c5e76ef76bbbfdd2b4da984e2bf2fa4056fd51a27d25ce2c332047f1dfd6e00?s=96&d=identicon&r=g","url":"https:\/\/secure.gravatar.com\/avatar\/1c5e76ef76bbbfdd2b4da984e2bf2fa4056fd51a27d25ce2c332047f1dfd6e00?s=96&d=identicon&r=g","contentUrl":"https:\/\/secure.gravatar.com\/avatar\/1c5e76ef76bbbfdd2b4da984e2bf2fa4056fd51a27d25ce2c332047f1dfd6e00?s=96&d=identicon&r=g","caption":"Kohen"},"sameAs":["https:\/\/www.linkedin.com\/in\/hassan-kohen-448548192\/","https:\/\/www.youtube.com\/@Kohen-Avocats"],"url":"https:\/\/kohenavocats.com\/zh-hans\/author\/kohenmlk\/"}]}},"jetpack_featured_media_url":"https:\/\/kohenavocats.com\/wp-content\/uploads\/2024\/07\/colin-lloyd-_JEiyOfC2y8-unsplash.webp","jetpack_likes_enabled":false,"jetpack_shortlink":"https:\/\/wp.me\/peCrII-2N9c","jetpack-related-posts":[{"id":438488,"url":"https:\/\/kohenavocats.com\/zh-hans\/cour-dappel-de-limoges-le-27-janvier-2011-n10-00146\/","url_meta":{"origin":665582,"position":0},"title":"Cour d&#8217;appel de Limoges, le 27 janvier 2011, n\u00b010\/00146","author":"Kohen","date":"2026\u5e743\u670826\u65e5","format":false,"excerpt":"Un pr\u00eat personnel a \u00e9t\u00e9 consenti \u00e0 un individu par\u2026","rel":"","context":"\u5728\u201cCour d'appel\u201d\u4e2d","block_context":{"text":"Cour d'appel","link":"https:\/\/kohenavocats.com\/category\/cour-dappel\/"},"img":{"alt_text":"","src":"https:\/\/i0.wp.com\/kohenavocats.com\/wp-content\/uploads\/2024\/08\/mathias-reding-Fv_rvhKNXN0-unsplash.webp?resize=350%2C200&ssl=1","width":350,"height":200,"srcset":"https:\/\/i0.wp.com\/kohenavocats.com\/wp-content\/uploads\/2024\/08\/mathias-reding-Fv_rvhKNXN0-unsplash.webp?resize=350%2C200&ssl=1 1x, https:\/\/i0.wp.com\/kohenavocats.com\/wp-content\/uploads\/2024\/08\/mathias-reding-Fv_rvhKNXN0-unsplash.webp?resize=525%2C300&ssl=1 1.5x, https:\/\/i0.wp.com\/kohenavocats.com\/wp-content\/uploads\/2024\/08\/mathias-reding-Fv_rvhKNXN0-unsplash.webp?resize=700%2C400&ssl=1 2x, https:\/\/i0.wp.com\/kohenavocats.com\/wp-content\/uploads\/2024\/08\/mathias-reding-Fv_rvhKNXN0-unsplash.webp?resize=1050%2C600&ssl=1 3x, https:\/\/i0.wp.com\/kohenavocats.com\/wp-content\/uploads\/2024\/08\/mathias-reding-Fv_rvhKNXN0-unsplash.webp?resize=1400%2C800&ssl=1 4x"},"classes":[]},{"id":35715,"url":"https:\/\/kohenavocats.com\/zh-hans\/annexe-iii-prets-au-logement-convention-idcc-179\/","url_meta":{"origin":665582,"position":1},"title":"Annexe III &#8211; Pr\u00eats au logement &#8211; Convention IDCC 179","author":"Kohen","date":"2025\u5e7411\u67086\u65e5","format":false,"excerpt":"Accueil > Conventions collectives > Conventi\u2026","rel":"","context":"\u5728\u201cHide\u201d\u4e2d","block_context":{"text":"Hide","link":"https:\/\/kohenavocats.com\/category\/hide\/"},"img":{"alt_text":"","src":"https:\/\/i0.wp.com\/kohenavocats.com\/wp-content\/uploads\/2024\/08\/judith-ekedi-jangwa-FVA1CH1_LSk-unsplash.webp?resize=350%2C200&ssl=1","width":350,"height":200,"srcset":"https:\/\/i0.wp.com\/kohenavocats.com\/wp-content\/uploads\/2024\/08\/judith-ekedi-jangwa-FVA1CH1_LSk-unsplash.webp?resize=350%2C200&ssl=1 1x, https:\/\/i0.wp.com\/kohenavocats.com\/wp-content\/uploads\/2024\/08\/judith-ekedi-jangwa-FVA1CH1_LSk-unsplash.webp?resize=525%2C300&ssl=1 1.5x, https:\/\/i0.wp.com\/kohenavocats.com\/wp-content\/uploads\/2024\/08\/judith-ekedi-jangwa-FVA1CH1_LSk-unsplash.webp?resize=700%2C400&ssl=1 2x, https:\/\/i0.wp.com\/kohenavocats.com\/wp-content\/uploads\/2024\/08\/judith-ekedi-jangwa-FVA1CH1_LSk-unsplash.webp?resize=1050%2C600&ssl=1 3x, https:\/\/i0.wp.com\/kohenavocats.com\/wp-content\/uploads\/2024\/08\/judith-ekedi-jangwa-FVA1CH1_LSk-unsplash.webp?resize=1400%2C800&ssl=1 4x"},"classes":[]},{"id":683494,"url":"https:\/\/kohenavocats.com\/zh-hans\/cour-dappel-de-bourges-le-27-juin-2025-n24-00883\/","url_meta":{"origin":665582,"position":2},"title":"Cour d&#8217;appel de Bourges, le 27 juin 2025, n\u00b024\/00883","author":"Kohen","date":"2026\u5e744\u670825\u65e5","format":false,"excerpt":"Par un arr\u00eat du 27 juin 2025, la Cour d'appel de B\u2026","rel":"","context":"\u5728\u201cJurisprudence\u201d\u4e2d","block_context":{"text":"Jurisprudence","link":"https:\/\/kohenavocats.com\/category\/jurisprudence\/"},"img":{"alt_text":"","src":"https:\/\/i0.wp.com\/kohenavocats.com\/wp-content\/uploads\/2024\/11\/davey-gravy-JkcYTtNfFgw-unsplash.webp?resize=350%2C200&ssl=1","width":350,"height":200,"srcset":"https:\/\/i0.wp.com\/kohenavocats.com\/wp-content\/uploads\/2024\/11\/davey-gravy-JkcYTtNfFgw-unsplash.webp?resize=350%2C200&ssl=1 1x, https:\/\/i0.wp.com\/kohenavocats.com\/wp-content\/uploads\/2024\/11\/davey-gravy-JkcYTtNfFgw-unsplash.webp?resize=525%2C300&ssl=1 1.5x, https:\/\/i0.wp.com\/kohenavocats.com\/wp-content\/uploads\/2024\/11\/davey-gravy-JkcYTtNfFgw-unsplash.webp?resize=700%2C400&ssl=1 2x, https:\/\/i0.wp.com\/kohenavocats.com\/wp-content\/uploads\/2024\/11\/davey-gravy-JkcYTtNfFgw-unsplash.webp?resize=1050%2C600&ssl=1 3x, https:\/\/i0.wp.com\/kohenavocats.com\/wp-content\/uploads\/2024\/11\/davey-gravy-JkcYTtNfFgw-unsplash.webp?resize=1400%2C800&ssl=1 4x"},"classes":[]},{"id":227690,"url":"https:\/\/kohenavocats.com\/zh-hans\/tribunal-judiciaire-de-chartres-le-17-juin-2025-n24-00457\/","url_meta":{"origin":665582,"position":3},"title":"Tribunal judiciaire de Chartres, le 17 juin 2025, n\u00b024\/00457","author":"Kohen","date":"2025\u5e7412\u670826\u65e5","format":false,"excerpt":"Now using node v22.15.1 (npm v10.8.2)Utilisation d\u2026","rel":"","context":"\u5728\u201cD\u00e9cisions juridiques\u201d\u4e2d","block_context":{"text":"D\u00e9cisions juridiques","link":"https:\/\/kohenavocats.com\/category\/decisions-juridiques\/"},"img":{"alt_text":"","src":"https:\/\/i0.wp.com\/kohenavocats.com\/wp-content\/uploads\/2024\/11\/mohamed-nohassi-JRDWIrzOZpI-unsplash.webp?resize=350%2C200&ssl=1","width":350,"height":200,"srcset":"https:\/\/i0.wp.com\/kohenavocats.com\/wp-content\/uploads\/2024\/11\/mohamed-nohassi-JRDWIrzOZpI-unsplash.webp?resize=350%2C200&ssl=1 1x, https:\/\/i0.wp.com\/kohenavocats.com\/wp-content\/uploads\/2024\/11\/mohamed-nohassi-JRDWIrzOZpI-unsplash.webp?resize=525%2C300&ssl=1 1.5x, https:\/\/i0.wp.com\/kohenavocats.com\/wp-content\/uploads\/2024\/11\/mohamed-nohassi-JRDWIrzOZpI-unsplash.webp?resize=700%2C400&ssl=1 2x, https:\/\/i0.wp.com\/kohenavocats.com\/wp-content\/uploads\/2024\/11\/mohamed-nohassi-JRDWIrzOZpI-unsplash.webp?resize=1050%2C600&ssl=1 3x, https:\/\/i0.wp.com\/kohenavocats.com\/wp-content\/uploads\/2024\/11\/mohamed-nohassi-JRDWIrzOZpI-unsplash.webp?resize=1400%2C800&ssl=1 4x"},"classes":[]},{"id":235977,"url":"https:\/\/kohenavocats.com\/zh-hans\/cour-dappel-de-poitiers-le-17-juin-2025-n24-01141\/","url_meta":{"origin":665582,"position":4},"title":"Cour d&#8217;appel de Poitiers, le 17 juin 2025, n\u00b024\/01141","author":"Kohen","date":"2025\u5e7412\u670829\u65e5","format":false,"excerpt":"Le r\u00e9gime du recours personnel de la caution solve\u2026","rel":"","context":"\u5728\u201cCour d'appel\u201d\u4e2d","block_context":{"text":"Cour d'appel","link":"https:\/\/kohenavocats.com\/category\/cour-dappel\/"},"img":{"alt_text":"","src":"https:\/\/i0.wp.com\/kohenavocats.com\/wp-content\/uploads\/2024\/08\/clay-banks-5JQAKBU0vG8-unsplash.webp?resize=350%2C200&ssl=1","width":350,"height":200,"srcset":"https:\/\/i0.wp.com\/kohenavocats.com\/wp-content\/uploads\/2024\/08\/clay-banks-5JQAKBU0vG8-unsplash.webp?resize=350%2C200&ssl=1 1x, https:\/\/i0.wp.com\/kohenavocats.com\/wp-content\/uploads\/2024\/08\/clay-banks-5JQAKBU0vG8-unsplash.webp?resize=525%2C300&ssl=1 1.5x, https:\/\/i0.wp.com\/kohenavocats.com\/wp-content\/uploads\/2024\/08\/clay-banks-5JQAKBU0vG8-unsplash.webp?resize=700%2C400&ssl=1 2x, https:\/\/i0.wp.com\/kohenavocats.com\/wp-content\/uploads\/2024\/08\/clay-banks-5JQAKBU0vG8-unsplash.webp?resize=1050%2C600&ssl=1 3x, https:\/\/i0.wp.com\/kohenavocats.com\/wp-content\/uploads\/2024\/08\/clay-banks-5JQAKBU0vG8-unsplash.webp?resize=1400%2C800&ssl=1 4x"},"classes":[]},{"id":237234,"url":"https:\/\/kohenavocats.com\/zh-hans\/cour-dappel-de-basse-terre-le-19-juin-2025-n24-00056\/","url_meta":{"origin":665582,"position":5},"title":"Cour d&#8217;appel de Basse-Terre, le 19 juin 2025, n\u00b024\/00056","author":"Kohen","date":"2025\u5e7412\u670830\u65e5","format":false,"excerpt":"L'arr\u00eat rendu par la cour d'appel de Basse-Terre l\u2026","rel":"","context":"\u5728\u201cCour d'appel\u201d\u4e2d","block_context":{"text":"Cour d'appel","link":"https:\/\/kohenavocats.com\/category\/cour-dappel\/"},"img":{"alt_text":"","src":"https:\/\/i0.wp.com\/kohenavocats.com\/wp-content\/uploads\/2024\/11\/getty-images-RvXjV3spXFA-unsplash.webp?resize=350%2C200&ssl=1","width":350,"height":200,"srcset":"https:\/\/i0.wp.com\/kohenavocats.com\/wp-content\/uploads\/2024\/11\/getty-images-RvXjV3spXFA-unsplash.webp?resize=350%2C200&ssl=1 1x, https:\/\/i0.wp.com\/kohenavocats.com\/wp-content\/uploads\/2024\/11\/getty-images-RvXjV3spXFA-unsplash.webp?resize=525%2C300&ssl=1 1.5x, https:\/\/i0.wp.com\/kohenavocats.com\/wp-content\/uploads\/2024\/11\/getty-images-RvXjV3spXFA-unsplash.webp?resize=700%2C400&ssl=1 2x, https:\/\/i0.wp.com\/kohenavocats.com\/wp-content\/uploads\/2024\/11\/getty-images-RvXjV3spXFA-unsplash.webp?resize=1050%2C600&ssl=1 3x, https:\/\/i0.wp.com\/kohenavocats.com\/wp-content\/uploads\/2024\/11\/getty-images-RvXjV3spXFA-unsplash.webp?resize=1400%2C800&ssl=1 4x"},"classes":[]}],"jetpack_sharing_enabled":true,"_links":{"self":[{"href":"https:\/\/kohenavocats.com\/zh-hans\/wp-json\/wp\/v2\/posts\/665582","targetHints":{"allow":["GET"]}}],"collection":[{"href":"https:\/\/kohenavocats.com\/zh-hans\/wp-json\/wp\/v2\/posts"}],"about":[{"href":"https:\/\/kohenavocats.com\/zh-hans\/wp-json\/wp\/v2\/types\/post"}],"author":[{"embeddable":true,"href":"https:\/\/kohenavocats.com\/zh-hans\/wp-json\/wp\/v2\/users\/232070755"}],"replies":[{"embeddable":true,"href":"https:\/\/kohenavocats.com\/zh-hans\/wp-json\/wp\/v2\/comments?post=665582"}],"version-history":[{"count":0,"href":"https:\/\/kohenavocats.com\/zh-hans\/wp-json\/wp\/v2\/posts\/665582\/revisions"}],"wp:featuredmedia":[{"embeddable":true,"href":"https:\/\/kohenavocats.com\/zh-hans\/wp-json\/wp\/v2\/media\/3897"}],"wp:attachment":[{"href":"https:\/\/kohenavocats.com\/zh-hans\/wp-json\/wp\/v2\/media?parent=665582"}],"wp:term":[{"taxonomy":"category","embeddable":true,"href":"https:\/\/kohenavocats.com\/zh-hans\/wp-json\/wp\/v2\/categories?post=665582"},{"taxonomy":"post_tag","embeddable":true,"href":"https:\/\/kohenavocats.com\/zh-hans\/wp-json\/wp\/v2\/tags?post=665582"}],"curies":[{"name":"wp","href":"https:\/\/api.w.org\/{rel}","templated":true}]}}