{"id":665617,"date":"2026-04-24T00:02:55","date_gmt":"2026-04-23T22:02:55","guid":{"rendered":"https:\/\/kohenavocats.com\/tribunal-judiciaire-de-nancy-le-16-fevrier-2024-n21-00697\/"},"modified":"2026-04-24T00:02:55","modified_gmt":"2026-04-23T22:02:55","slug":"tribunal-judiciaire-de-nancy-le-16-fevrier-2024-n21-00697","status":"publish","type":"post","link":"https:\/\/kohenavocats.com\/zh-hans\/tribunal-judiciaire-de-nancy-le-16-fevrier-2024-n21-00697\/","title":{"rendered":"Tribunal judiciaire de Nancy, le 16 f\u00e9vrier 2024, n\u00b021\/00697"},"content":{"rendered":"<div class=\"article-content\">\n<p>Le tribunal judiciaire de Nancy, statuant le 16 f\u00e9vrier 2024, a examin\u00e9 une demande d\u2019enregistrement d\u2019une d\u00e9claration de nationalit\u00e9 fran\u00e7aise pour un mineur. La requ\u00e9rante invoquait l\u2019article 21-12 du Code civil et produisait un acte de naissance angolais. Le tribunal a d\u00e9bout\u00e9 la demanderesse, estimant que les conditions l\u00e9gales n\u2019\u00e9taient pas remplies et que l\u2019acte \u00e9tranger n\u2019\u00e9tait pas valablement l\u00e9galis\u00e9. La d\u00e9cision souligne ainsi le strict respect des formalit\u00e9s substantielles et probatoires en mati\u00e8re d\u2019acc\u00e8s \u00e0 la nationalit\u00e9.<\/p>\n<p>La rigueur des conditions substantielles d\u2019acquisition de la nationalit\u00e9<\/p>\n<p>Le tribunal rappelle d\u2019abord les exigences pr\u00e9cises de l\u2019article 21-12 du Code civil. L\u2019acquisition par d\u00e9claration n\u00e9cessite une preuve solide du recueil ou du placement. La juridiction constate que l\u2019attestation produite ne suffit pas. Ce document ne constitue ni une d\u00e9cision judiciaire, ni une attestation des services de protection de l\u2019enfance. Il ne d\u00e9montre pas que l\u2019int\u00e9ress\u00e9 ait b\u00e9n\u00e9fici\u00e9 d\u2019un placement d\u2019au moins trois ann\u00e9es. Le juge applique ainsi strictement la lettre de la loi, refusant tout assouplissement probatoire. Cette interpr\u00e9tation restrictive prot\u00e8ge l\u2019int\u00e9grit\u00e9 des conditions d\u2019acc\u00e8s \u00e0 la nationalit\u00e9. Elle confirme que la charge de la preuve incombe pleinement au requ\u00e9rant, conform\u00e9ment \u00e0 l\u2019article 30 du Code civil.<\/p>\n<p>L\u2019exigence imp\u00e9rative de la l\u00e9galisation des actes publics \u00e9trangers<\/p>\n<p>Le second apport majeur concerne la force probante des actes d\u2019\u00e9tat civil \u00e9trangers. Le tribunal exige la l\u00e9galisation de l\u2019acte de naissance angolais. En l\u2019absence de convention entre la France et l\u2019Angola, il y a lieu d\u2019exiger une l\u00e9galisation de la signature de l\u2019officier d\u2019\u00e9tat-civil. Cette formalit\u00e9 est pr\u00e9sent\u00e9e comme une r\u00e8gle de coutume internationale. La d\u00e9cision pr\u00e9cise les modalit\u00e9s de cette authentification. Pour \u00eatre accept\u00e9s en France, les actes doivent \u00eatre l\u00e9galis\u00e9s soit \u00e0 l\u2019\u00e9tranger par un consul de France, soit en France par le consul du pays o\u00f9 ils ont \u00e9t\u00e9 \u00e9tablis. La certification par le consulat d\u2019Angola \u00e0 Paris est jug\u00e9e insuffisante. Elle n\u2019authentifie pas directement la signature de l\u2019officier d\u2019\u00e9tat civil ayant d\u00e9livr\u00e9 l\u2019acte. Cette analyse rejoint une jurisprudence constante sur le sujet. &#8220;Les actes publics \u00e9trangers sont l\u00e9galis\u00e9s sauf apostille, dispense conventionnelle ou pr\u00e9vue par le droit de l&#8217;Union europ\u00e9enne&#8221; (Tribunal judiciaire de Marseille, le 11 d\u00e9cembre 2025, n\u00b024\/03066). Elle renforce la s\u00e9curit\u00e9 juridique en exigeant une cha\u00eene d\u2019authentification incontestable.<\/p>\n<p>La primaut\u00e9 du droit \u00e9tatique sur les principes g\u00e9n\u00e9raux invoqu\u00e9s<\/p>\n<p>La d\u00e9cision \u00e9carte ensuite l\u2019invocation de principes g\u00e9n\u00e9raux comme le droit \u00e0 l\u2019identit\u00e9. La requ\u00e9rante se pr\u00e9valait de l\u2019article 8 de la Convention europ\u00e9enne des droits de l\u2019homme et de l\u2019int\u00e9r\u00eat sup\u00e9rieur de l\u2019enfant. Le tribunal rappelle la souverainet\u00e9 de l\u2019\u00c9tat en la mati\u00e8re. Il est constant que les conventions internationales cit\u00e9es par le demandeur ne peuvent faire \u00e9chec au droit qu\u2019\u00e0 chaque \u00c9tat de d\u00e9terminer les conditions d\u2019acc\u00e8s \u00e0 la nationalit\u00e9. Le droit \u00e0 une identit\u00e9, garanti par les conventions, ne cr\u00e9e pas un droit automatique \u00e0 une nationalit\u00e9 sp\u00e9cifique. Cette solution affirme la pr\u00e9\u00e9minence des r\u00e8gles nationales substantielles. Elle limite la port\u00e9e des instruments internationaux dans ce domaine r\u00e9galien, sauf violation manifeste.<\/p>\n<p>La port\u00e9e pratique et proc\u00e9durale de l\u2019arr\u00eat<\/p>\n<p>En pratique, cette d\u00e9cision impose une grande vigilance dans la constitution des dossiers. Les praticiens doivent v\u00e9rifier scrupuleusement les conventions internationales applicables. &#8220;Il est pr\u00e9cis\u00e9 \u00e0 ce titre qu&#8217;en l\u2019absence de convention entre la France et les Comores emportant dispense de la formalit\u00e9 de la l\u00e9galisation pr\u00e9vue par les dispositions internationales, tout acte ne peut faire foi que s\u2019il est valablement l\u00e9galis\u00e9&#8221; (Tribunal judiciaire de Paris, le 4 juin 2025, n\u00b024\/13085). La proc\u00e9dure de l\u2019article 1040 du Code de proc\u00e9dure civile est \u00e9galement rappel\u00e9e comme un pr\u00e9alable essentiel. Le tribunal constate que le r\u00e9c\u00e9piss\u00e9 a \u00e9t\u00e9 d\u00e9livr\u00e9, validant ainsi la saisine. Cet arr\u00eat consolide donc une jurisprudence exigeante sur la preuve en mati\u00e8re de nationalit\u00e9. Il renforce les garanties proc\u00e9durales tout en affirmant la souverainet\u00e9 de l\u2019\u00c9tat fran\u00e7ais.<\/p>\n<\/div>\n","protected":false},"excerpt":{"rendered":"<p>Le tribunal judiciaire de Nancy, statuant le 16 f\u00e9vrier 2024, a examin\u00e9 une demande d\u2019enregistrement d\u2019une d\u00e9claration de nationalit\u00e9 fran\u00e7aise pour un mineu&#8230;<\/p>\n","protected":false},"author":232070755,"featured_media":9551,"comment_status":"open","ping_status":"open","sticky":false,"template":"","format":"standard","meta":{"_crdt_document":"","_jetpack_newsletter_access":"","_jetpack_dont_email_post_to_subs":false,"_jetpack_newsletter_tier_id":0,"_jetpack_memberships_contains_paywalled_content":false,"_kj_source_type":"judilibre","_kj_official_id":"68d45d396a4025c174c5dd21","_kj_official_url":"https:\/\/www.courdecassation.fr\/decision\/68d45d396a4025c174c5dd21","_kj_judilibre_id":"68d45d396a4025c174c5dd21","_kj_jur":"Tribunal judiciaire","_kj_lieu":"Tribunal judiciaire de Nancy","_kj_chambre":"POLE CIVIL section 7","_kj_rg":"21\/00697","_kj_date":"2025-09-24","_jetpack_memberships_contains_paid_content":false,"footnotes":"","jetpack_post_was_ever_published":false},"categories":[7597],"tags":[],"class_list":["post-665617","post","type-post","status-publish","format-standard","has-post-thumbnail","hentry","category-jurisprudence"],"yoast_head":"<!-- This site is optimized with the Yoast SEO Premium plugin v27.5 (Yoast SEO v27.5) - https:\/\/yoast.com\/product\/yoast-seo-premium-wordpress\/ -->\n<title>Tribunal judiciaire de Nancy, le 16 f\u00e9vrier 2024, n\u00b021\/00697 - Ma\u00eetre Hassan Kohen, avocat en droit p\u00e9nal \u00e0 Paris<\/title>\n<meta name=\"description\" content=\"Le tribunal judiciaire de Nancy, statuant le 16 f\u00e9vrier 2024, a examin\u00e9 une demande d\u2019enregistrement d\u2019une d\u00e9claration de nationalit\u00e9 fran\u00e7aise pour un mineu...\" \/>\n<meta name=\"robots\" content=\"index, follow, max-snippet:-1, max-image-preview:large, max-video-preview:-1\" \/>\n<link rel=\"canonical\" href=\"https:\/\/kohenavocats.com\/zh-hans\/tribunal-judiciaire-de-nancy-le-16-fevrier-2024-n21-00697\/\" \/>\n<meta property=\"og:locale\" content=\"zh_CN\" \/>\n<meta property=\"og:type\" content=\"article\" \/>\n<meta property=\"og:title\" content=\"Tribunal judiciaire de Nancy, le 16 f\u00e9vrier 2024, n\u00b021\/00697\" \/>\n<meta property=\"og:description\" content=\"Le tribunal judiciaire de Nancy, statuant le 16 f\u00e9vrier 2024, a examin\u00e9 une demande d\u2019enregistrement d\u2019une d\u00e9claration de nationalit\u00e9 fran\u00e7aise pour un mineu...\" \/>\n<meta property=\"og:url\" content=\"https:\/\/kohenavocats.com\/zh-hans\/tribunal-judiciaire-de-nancy-le-16-fevrier-2024-n21-00697\/\" \/>\n<meta property=\"og:site_name\" content=\"Ma\u00eetre Hassan Kohen, avocat en droit p\u00e9nal \u00e0 Paris\" \/>\n<meta property=\"article:published_time\" content=\"2026-04-23T22:02:55+00:00\" \/>\n<meta property=\"og:image\" content=\"https:\/\/kohenavocats.com\/wp-content\/uploads\/2024\/11\/getty-images-HWIZ10Iyb84-unsplash.webp\" \/>\n\t<meta property=\"og:image:width\" content=\"4104\" \/>\n\t<meta property=\"og:image:height\" content=\"2736\" \/>\n\t<meta property=\"og:image:type\" content=\"image\/webp\" \/>\n<meta name=\"author\" content=\"Kohen\" \/>\n<meta name=\"twitter:card\" content=\"summary_large_image\" \/>\n<meta name=\"twitter:label1\" content=\"\u4f5c\u8005\" \/>\n\t<meta name=\"twitter:data1\" content=\"Kohen\" \/>\n\t<meta name=\"twitter:label2\" content=\"\u9884\u8ba1\u9605\u8bfb\u65f6\u95f4\" \/>\n\t<meta name=\"twitter:data2\" content=\"4 \u5206\" \/>\n<script type=\"application\/ld+json\" class=\"yoast-schema-graph\">{\"@context\":\"https:\\\/\\\/schema.org\",\"@graph\":[{\"@type\":\"Article\",\"@id\":\"https:\\\/\\\/kohenavocats.com\\\/zh-hans\\\/tribunal-judiciaire-de-nancy-le-16-fevrier-2024-n21-00697\\\/#article\",\"isPartOf\":{\"@id\":\"https:\\\/\\\/kohenavocats.com\\\/zh-hans\\\/tribunal-judiciaire-de-nancy-le-16-fevrier-2024-n21-00697\\\/\"},\"author\":{\"name\":\"Kohen\",\"@id\":\"https:\\\/\\\/kohenavocats.com\\\/zh-hans\\\/#\\\/schema\\\/person\\\/761c9ba54fa1ca84d405cef0831ff751\"},\"headline\":\"Tribunal judiciaire de Nancy, le 16 f\u00e9vrier 2024, n\u00b021\\\/00697\",\"datePublished\":\"2026-04-23T22:02:55+00:00\",\"mainEntityOfPage\":{\"@id\":\"https:\\\/\\\/kohenavocats.com\\\/zh-hans\\\/tribunal-judiciaire-de-nancy-le-16-fevrier-2024-n21-00697\\\/\"},\"wordCount\":757,\"commentCount\":0,\"publisher\":{\"@id\":\"https:\\\/\\\/kohenavocats.com\\\/zh-hans\\\/#organization\"},\"image\":{\"@id\":\"https:\\\/\\\/kohenavocats.com\\\/zh-hans\\\/tribunal-judiciaire-de-nancy-le-16-fevrier-2024-n21-00697\\\/#primaryimage\"},\"thumbnailUrl\":\"https:\\\/\\\/kohenavocats.com\\\/wp-content\\\/uploads\\\/2024\\\/11\\\/getty-images-HWIZ10Iyb84-unsplash.webp\",\"articleSection\":[\"Jurisprudence\"],\"inLanguage\":\"zh-Hans\",\"potentialAction\":[{\"@type\":\"CommentAction\",\"name\":\"Comment\",\"target\":[\"https:\\\/\\\/kohenavocats.com\\\/zh-hans\\\/tribunal-judiciaire-de-nancy-le-16-fevrier-2024-n21-00697\\\/#respond\"]}],\"citation\":\"Tribunal judiciaire de Nancy, le 16 f\u00e9vrier 2024, n\u00b021\\\/00697\",\"about\":[{\"@type\":\"Thing\",\"name\":\"Jurisprudence\"}],\"dateModified\":\"2026-04-23T22:02:55+00:00\",\"speakable\":{\"@type\":\"SpeakableSpecification\",\"cssSelector\":[\".article-content > p:first-of-type\"]}},{\"@type\":\"WebPage\",\"@id\":\"https:\\\/\\\/kohenavocats.com\\\/zh-hans\\\/tribunal-judiciaire-de-nancy-le-16-fevrier-2024-n21-00697\\\/\",\"url\":\"https:\\\/\\\/kohenavocats.com\\\/zh-hans\\\/tribunal-judiciaire-de-nancy-le-16-fevrier-2024-n21-00697\\\/\",\"name\":\"Tribunal judiciaire de Nancy, le 16 f\u00e9vrier 2024, n\u00b021\\\/00697 - Ma\u00eetre Hassan Kohen, avocat en droit p\u00e9nal \u00e0 Paris\",\"isPartOf\":{\"@id\":\"https:\\\/\\\/kohenavocats.com\\\/zh-hans\\\/#website\"},\"primaryImageOfPage\":{\"@id\":\"https:\\\/\\\/kohenavocats.com\\\/zh-hans\\\/tribunal-judiciaire-de-nancy-le-16-fevrier-2024-n21-00697\\\/#primaryimage\"},\"image\":{\"@id\":\"https:\\\/\\\/kohenavocats.com\\\/zh-hans\\\/tribunal-judiciaire-de-nancy-le-16-fevrier-2024-n21-00697\\\/#primaryimage\"},\"thumbnailUrl\":\"https:\\\/\\\/kohenavocats.com\\\/wp-content\\\/uploads\\\/2024\\\/11\\\/getty-images-HWIZ10Iyb84-unsplash.webp\",\"datePublished\":\"2026-04-23T22:02:55+00:00\",\"description\":\"Le tribunal judiciaire de Nancy, statuant le 16 f\u00e9vrier 2024, a examin\u00e9 une demande d\u2019enregistrement d\u2019une d\u00e9claration de nationalit\u00e9 fran\u00e7aise pour un mineu...\",\"breadcrumb\":{\"@id\":\"https:\\\/\\\/kohenavocats.com\\\/zh-hans\\\/tribunal-judiciaire-de-nancy-le-16-fevrier-2024-n21-00697\\\/#breadcrumb\"},\"inLanguage\":\"zh-Hans\",\"potentialAction\":[{\"@type\":\"ReadAction\",\"target\":[\"https:\\\/\\\/kohenavocats.com\\\/zh-hans\\\/tribunal-judiciaire-de-nancy-le-16-fevrier-2024-n21-00697\\\/\"]}]},{\"@type\":\"ImageObject\",\"inLanguage\":\"zh-Hans\",\"@id\":\"https:\\\/\\\/kohenavocats.com\\\/zh-hans\\\/tribunal-judiciaire-de-nancy-le-16-fevrier-2024-n21-00697\\\/#primaryimage\",\"url\":\"https:\\\/\\\/kohenavocats.com\\\/wp-content\\\/uploads\\\/2024\\\/11\\\/getty-images-HWIZ10Iyb84-unsplash.webp\",\"contentUrl\":\"https:\\\/\\\/kohenavocats.com\\\/wp-content\\\/uploads\\\/2024\\\/11\\\/getty-images-HWIZ10Iyb84-unsplash.webp\",\"width\":4104,\"height\":2736},{\"@type\":\"BreadcrumbList\",\"@id\":\"https:\\\/\\\/kohenavocats.com\\\/zh-hans\\\/tribunal-judiciaire-de-nancy-le-16-fevrier-2024-n21-00697\\\/#breadcrumb\",\"itemListElement\":[{\"@type\":\"ListItem\",\"position\":1,\"name\":\"Home\",\"item\":\"https:\\\/\\\/kohenavocats.com\\\/zh-hans\\\/\"},{\"@type\":\"ListItem\",\"position\":2,\"name\":\"Tribunal judiciaire de Nancy, le 16 f\u00e9vrier 2024, n\u00b021\\\/00697\"}]},{\"@type\":\"WebSite\",\"@id\":\"https:\\\/\\\/kohenavocats.com\\\/zh-hans\\\/#website\",\"url\":\"https:\\\/\\\/kohenavocats.com\\\/zh-hans\\\/\",\"name\":\"Kohen Avocats\",\"description\":\"Ma\u00eetre Hassan Kohen, avocat p\u00e9naliste \u00e0 Paris, intervient exclusivement en droit p\u00e9nal pour la d\u00e9fense des particuliers, notamment en mati\u00e8re d\u2019accusations de viol. Il assure un accompagnement rigoureux d\u00e8s la garde \u00e0 vue jusqu\u2019\u00e0 la Cour d\u2019assises, veillant au strict respect des garanties proc\u00e9durales.\",\"publisher\":{\"@id\":\"https:\\\/\\\/kohenavocats.com\\\/zh-hans\\\/#organization\"},\"potentialAction\":[{\"@type\":\"SearchAction\",\"target\":{\"@type\":\"EntryPoint\",\"urlTemplate\":\"https:\\\/\\\/kohenavocats.com\\\/zh-hans\\\/?s={search_term_string}\"},\"query-input\":{\"@type\":\"PropertyValueSpecification\",\"valueRequired\":true,\"valueName\":\"search_term_string\"}}],\"inLanguage\":\"zh-Hans\"},{\"@type\":\"Organization\",\"@id\":\"https:\\\/\\\/kohenavocats.com\\\/zh-hans\\\/#organization\",\"name\":\"Kohen Avocats\",\"url\":\"https:\\\/\\\/kohenavocats.com\\\/zh-hans\\\/\",\"logo\":{\"@type\":\"ImageObject\",\"inLanguage\":\"zh-Hans\",\"@id\":\"https:\\\/\\\/kohenavocats.com\\\/zh-hans\\\/#\\\/schema\\\/logo\\\/image\\\/\",\"url\":\"https:\\\/\\\/kohenavocats.com\\\/wp-content\\\/uploads\\\/2026\\\/01\\\/Logo-2-1.webp\",\"contentUrl\":\"https:\\\/\\\/kohenavocats.com\\\/wp-content\\\/uploads\\\/2026\\\/01\\\/Logo-2-1.webp\",\"width\":2114,\"height\":1253,\"caption\":\"Kohen Avocats\"},\"image\":{\"@id\":\"https:\\\/\\\/kohenavocats.com\\\/zh-hans\\\/#\\\/schema\\\/logo\\\/image\\\/\"}},{\"@type\":\"Person\",\"@id\":\"https:\\\/\\\/kohenavocats.com\\\/zh-hans\\\/#\\\/schema\\\/person\\\/761c9ba54fa1ca84d405cef0831ff751\",\"name\":\"Kohen\",\"image\":{\"@type\":\"ImageObject\",\"inLanguage\":\"zh-Hans\",\"@id\":\"https:\\\/\\\/secure.gravatar.com\\\/avatar\\\/1c5e76ef76bbbfdd2b4da984e2bf2fa4056fd51a27d25ce2c332047f1dfd6e00?s=96&d=identicon&r=g\",\"url\":\"https:\\\/\\\/secure.gravatar.com\\\/avatar\\\/1c5e76ef76bbbfdd2b4da984e2bf2fa4056fd51a27d25ce2c332047f1dfd6e00?s=96&d=identicon&r=g\",\"contentUrl\":\"https:\\\/\\\/secure.gravatar.com\\\/avatar\\\/1c5e76ef76bbbfdd2b4da984e2bf2fa4056fd51a27d25ce2c332047f1dfd6e00?s=96&d=identicon&r=g\",\"caption\":\"Kohen\"},\"sameAs\":[\"https:\\\/\\\/www.linkedin.com\\\/in\\\/hassan-kohen-448548192\\\/\",\"https:\\\/\\\/www.youtube.com\\\/@Kohen-Avocats\"],\"url\":\"https:\\\/\\\/kohenavocats.com\\\/zh-hans\\\/author\\\/kohenmlk\\\/\"}]}<\/script>\n<!-- \/ Yoast SEO Premium plugin. -->","yoast_head_json":{"title":"Tribunal judiciaire de Nancy, le 16 f\u00e9vrier 2024, n\u00b021\/00697 - Ma\u00eetre Hassan Kohen, avocat en droit p\u00e9nal \u00e0 Paris","description":"Le tribunal judiciaire de Nancy, statuant le 16 f\u00e9vrier 2024, a examin\u00e9 une demande d\u2019enregistrement d\u2019une d\u00e9claration de nationalit\u00e9 fran\u00e7aise pour un mineu...","robots":{"index":"index","follow":"follow","max-snippet":"max-snippet:-1","max-image-preview":"max-image-preview:large","max-video-preview":"max-video-preview:-1"},"canonical":"https:\/\/kohenavocats.com\/zh-hans\/tribunal-judiciaire-de-nancy-le-16-fevrier-2024-n21-00697\/","og_locale":"zh_CN","og_type":"article","og_title":"Tribunal judiciaire de Nancy, le 16 f\u00e9vrier 2024, n\u00b021\/00697","og_description":"Le tribunal judiciaire de Nancy, statuant le 16 f\u00e9vrier 2024, a examin\u00e9 une demande d\u2019enregistrement d\u2019une d\u00e9claration de nationalit\u00e9 fran\u00e7aise pour un mineu...","og_url":"https:\/\/kohenavocats.com\/zh-hans\/tribunal-judiciaire-de-nancy-le-16-fevrier-2024-n21-00697\/","og_site_name":"Ma\u00eetre Hassan Kohen, avocat en droit p\u00e9nal \u00e0 Paris","article_published_time":"2026-04-23T22:02:55+00:00","og_image":[{"width":4104,"height":2736,"url":"https:\/\/kohenavocats.com\/wp-content\/uploads\/2024\/11\/getty-images-HWIZ10Iyb84-unsplash.webp","type":"image\/webp"}],"author":"Kohen","twitter_card":"summary_large_image","twitter_misc":{"\u4f5c\u8005":"Kohen","\u9884\u8ba1\u9605\u8bfb\u65f6\u95f4":"4 \u5206"},"schema":{"@context":"https:\/\/schema.org","@graph":[{"@type":"Article","@id":"https:\/\/kohenavocats.com\/zh-hans\/tribunal-judiciaire-de-nancy-le-16-fevrier-2024-n21-00697\/#article","isPartOf":{"@id":"https:\/\/kohenavocats.com\/zh-hans\/tribunal-judiciaire-de-nancy-le-16-fevrier-2024-n21-00697\/"},"author":{"name":"Kohen","@id":"https:\/\/kohenavocats.com\/zh-hans\/#\/schema\/person\/761c9ba54fa1ca84d405cef0831ff751"},"headline":"Tribunal judiciaire de Nancy, le 16 f\u00e9vrier 2024, n\u00b021\/00697","datePublished":"2026-04-23T22:02:55+00:00","mainEntityOfPage":{"@id":"https:\/\/kohenavocats.com\/zh-hans\/tribunal-judiciaire-de-nancy-le-16-fevrier-2024-n21-00697\/"},"wordCount":757,"commentCount":0,"publisher":{"@id":"https:\/\/kohenavocats.com\/zh-hans\/#organization"},"image":{"@id":"https:\/\/kohenavocats.com\/zh-hans\/tribunal-judiciaire-de-nancy-le-16-fevrier-2024-n21-00697\/#primaryimage"},"thumbnailUrl":"https:\/\/kohenavocats.com\/wp-content\/uploads\/2024\/11\/getty-images-HWIZ10Iyb84-unsplash.webp","articleSection":["Jurisprudence"],"inLanguage":"zh-Hans","potentialAction":[{"@type":"CommentAction","name":"Comment","target":["https:\/\/kohenavocats.com\/zh-hans\/tribunal-judiciaire-de-nancy-le-16-fevrier-2024-n21-00697\/#respond"]}],"citation":"Tribunal judiciaire de Nancy, le 16 f\u00e9vrier 2024, n\u00b021\/00697","about":[{"@type":"Thing","name":"Jurisprudence"}],"dateModified":"2026-04-23T22:02:55+00:00","speakable":{"@type":"SpeakableSpecification","cssSelector":[".article-content > p:first-of-type"]}},{"@type":"WebPage","@id":"https:\/\/kohenavocats.com\/zh-hans\/tribunal-judiciaire-de-nancy-le-16-fevrier-2024-n21-00697\/","url":"https:\/\/kohenavocats.com\/zh-hans\/tribunal-judiciaire-de-nancy-le-16-fevrier-2024-n21-00697\/","name":"Tribunal judiciaire de Nancy, le 16 f\u00e9vrier 2024, n\u00b021\/00697 - Ma\u00eetre Hassan Kohen, avocat en droit p\u00e9nal \u00e0 Paris","isPartOf":{"@id":"https:\/\/kohenavocats.com\/zh-hans\/#website"},"primaryImageOfPage":{"@id":"https:\/\/kohenavocats.com\/zh-hans\/tribunal-judiciaire-de-nancy-le-16-fevrier-2024-n21-00697\/#primaryimage"},"image":{"@id":"https:\/\/kohenavocats.com\/zh-hans\/tribunal-judiciaire-de-nancy-le-16-fevrier-2024-n21-00697\/#primaryimage"},"thumbnailUrl":"https:\/\/kohenavocats.com\/wp-content\/uploads\/2024\/11\/getty-images-HWIZ10Iyb84-unsplash.webp","datePublished":"2026-04-23T22:02:55+00:00","description":"Le tribunal judiciaire de Nancy, statuant le 16 f\u00e9vrier 2024, a examin\u00e9 une demande d\u2019enregistrement d\u2019une d\u00e9claration de nationalit\u00e9 fran\u00e7aise pour un mineu...","breadcrumb":{"@id":"https:\/\/kohenavocats.com\/zh-hans\/tribunal-judiciaire-de-nancy-le-16-fevrier-2024-n21-00697\/#breadcrumb"},"inLanguage":"zh-Hans","potentialAction":[{"@type":"ReadAction","target":["https:\/\/kohenavocats.com\/zh-hans\/tribunal-judiciaire-de-nancy-le-16-fevrier-2024-n21-00697\/"]}]},{"@type":"ImageObject","inLanguage":"zh-Hans","@id":"https:\/\/kohenavocats.com\/zh-hans\/tribunal-judiciaire-de-nancy-le-16-fevrier-2024-n21-00697\/#primaryimage","url":"https:\/\/kohenavocats.com\/wp-content\/uploads\/2024\/11\/getty-images-HWIZ10Iyb84-unsplash.webp","contentUrl":"https:\/\/kohenavocats.com\/wp-content\/uploads\/2024\/11\/getty-images-HWIZ10Iyb84-unsplash.webp","width":4104,"height":2736},{"@type":"BreadcrumbList","@id":"https:\/\/kohenavocats.com\/zh-hans\/tribunal-judiciaire-de-nancy-le-16-fevrier-2024-n21-00697\/#breadcrumb","itemListElement":[{"@type":"ListItem","position":1,"name":"Home","item":"https:\/\/kohenavocats.com\/zh-hans\/"},{"@type":"ListItem","position":2,"name":"Tribunal judiciaire de Nancy, le 16 f\u00e9vrier 2024, n\u00b021\/00697"}]},{"@type":"WebSite","@id":"https:\/\/kohenavocats.com\/zh-hans\/#website","url":"https:\/\/kohenavocats.com\/zh-hans\/","name":"Kohen Avocats","description":"Ma\u00eetre Hassan Kohen, avocat p\u00e9naliste \u00e0 Paris, intervient exclusivement en droit p\u00e9nal pour la d\u00e9fense des particuliers, notamment en mati\u00e8re d\u2019accusations de viol. Il assure un accompagnement rigoureux d\u00e8s la garde \u00e0 vue jusqu\u2019\u00e0 la Cour d\u2019assises, veillant au strict respect des garanties proc\u00e9durales.","publisher":{"@id":"https:\/\/kohenavocats.com\/zh-hans\/#organization"},"potentialAction":[{"@type":"SearchAction","target":{"@type":"EntryPoint","urlTemplate":"https:\/\/kohenavocats.com\/zh-hans\/?s={search_term_string}"},"query-input":{"@type":"PropertyValueSpecification","valueRequired":true,"valueName":"search_term_string"}}],"inLanguage":"zh-Hans"},{"@type":"Organization","@id":"https:\/\/kohenavocats.com\/zh-hans\/#organization","name":"Kohen Avocats","url":"https:\/\/kohenavocats.com\/zh-hans\/","logo":{"@type":"ImageObject","inLanguage":"zh-Hans","@id":"https:\/\/kohenavocats.com\/zh-hans\/#\/schema\/logo\/image\/","url":"https:\/\/kohenavocats.com\/wp-content\/uploads\/2026\/01\/Logo-2-1.webp","contentUrl":"https:\/\/kohenavocats.com\/wp-content\/uploads\/2026\/01\/Logo-2-1.webp","width":2114,"height":1253,"caption":"Kohen Avocats"},"image":{"@id":"https:\/\/kohenavocats.com\/zh-hans\/#\/schema\/logo\/image\/"}},{"@type":"Person","@id":"https:\/\/kohenavocats.com\/zh-hans\/#\/schema\/person\/761c9ba54fa1ca84d405cef0831ff751","name":"Kohen","image":{"@type":"ImageObject","inLanguage":"zh-Hans","@id":"https:\/\/secure.gravatar.com\/avatar\/1c5e76ef76bbbfdd2b4da984e2bf2fa4056fd51a27d25ce2c332047f1dfd6e00?s=96&d=identicon&r=g","url":"https:\/\/secure.gravatar.com\/avatar\/1c5e76ef76bbbfdd2b4da984e2bf2fa4056fd51a27d25ce2c332047f1dfd6e00?s=96&d=identicon&r=g","contentUrl":"https:\/\/secure.gravatar.com\/avatar\/1c5e76ef76bbbfdd2b4da984e2bf2fa4056fd51a27d25ce2c332047f1dfd6e00?s=96&d=identicon&r=g","caption":"Kohen"},"sameAs":["https:\/\/www.linkedin.com\/in\/hassan-kohen-448548192\/","https:\/\/www.youtube.com\/@Kohen-Avocats"],"url":"https:\/\/kohenavocats.com\/zh-hans\/author\/kohenmlk\/"}]}},"jetpack_featured_media_url":"https:\/\/kohenavocats.com\/wp-content\/uploads\/2024\/11\/getty-images-HWIZ10Iyb84-unsplash.webp","jetpack_likes_enabled":false,"jetpack_shortlink":"https:\/\/wp.me\/peCrII-2N9L","jetpack-related-posts":[{"id":635101,"url":"https:\/\/kohenavocats.com\/zh-hans\/cour-dappel-de-nancy-le-6-mai-2025-n24-01750\/","url_meta":{"origin":665617,"position":0},"title":"Cour d&#8217;appel de Nancy, le 6 mai 2025, n\u00b024\/01750","author":"Kohen","date":"2026\u5e744\u670821\u65e5","format":false,"excerpt":"La Cour d'appel de Nancy, statuant le 6 mai 2025, \u2026","rel":"","context":"\u5728\u201cJurisprudence\u201d\u4e2d","block_context":{"text":"Jurisprudence","link":"https:\/\/kohenavocats.com\/category\/jurisprudence\/"},"img":{"alt_text":"","src":"https:\/\/i0.wp.com\/kohenavocats.com\/wp-content\/uploads\/2024\/08\/alexey-larionov-D2hRgjgmB8Y-unsplash.webp?resize=350%2C200&ssl=1","width":350,"height":200,"srcset":"https:\/\/i0.wp.com\/kohenavocats.com\/wp-content\/uploads\/2024\/08\/alexey-larionov-D2hRgjgmB8Y-unsplash.webp?resize=350%2C200&ssl=1 1x, https:\/\/i0.wp.com\/kohenavocats.com\/wp-content\/uploads\/2024\/08\/alexey-larionov-D2hRgjgmB8Y-unsplash.webp?resize=525%2C300&ssl=1 1.5x, https:\/\/i0.wp.com\/kohenavocats.com\/wp-content\/uploads\/2024\/08\/alexey-larionov-D2hRgjgmB8Y-unsplash.webp?resize=700%2C400&ssl=1 2x, https:\/\/i0.wp.com\/kohenavocats.com\/wp-content\/uploads\/2024\/08\/alexey-larionov-D2hRgjgmB8Y-unsplash.webp?resize=1050%2C600&ssl=1 3x, https:\/\/i0.wp.com\/kohenavocats.com\/wp-content\/uploads\/2024\/08\/alexey-larionov-D2hRgjgmB8Y-unsplash.webp?resize=1400%2C800&ssl=1 4x"},"classes":[]},{"id":665844,"url":"https:\/\/kohenavocats.com\/zh-hans\/tribunal-judiciaire-de-nancy-le-13-mars-2024-n23-00775\/","url_meta":{"origin":665617,"position":1},"title":"Tribunal judiciaire de Nancy, le 13 mars 2024, n\u00b023\/00775","author":"Kohen","date":"2026\u5e744\u670824\u65e5","format":false,"excerpt":"Le tribunal judiciaire de Nancy, statuant le 13 ma\u2026","rel":"","context":"\u5728\u201cJurisprudence\u201d\u4e2d","block_context":{"text":"Jurisprudence","link":"https:\/\/kohenavocats.com\/category\/jurisprudence\/"},"img":{"alt_text":"","src":"https:\/\/i0.wp.com\/kohenavocats.com\/wp-content\/uploads\/2024\/08\/patrick-schneider-cFeRWofFkw8-unsplash.webp?resize=350%2C200&ssl=1","width":350,"height":200,"srcset":"https:\/\/i0.wp.com\/kohenavocats.com\/wp-content\/uploads\/2024\/08\/patrick-schneider-cFeRWofFkw8-unsplash.webp?resize=350%2C200&ssl=1 1x, https:\/\/i0.wp.com\/kohenavocats.com\/wp-content\/uploads\/2024\/08\/patrick-schneider-cFeRWofFkw8-unsplash.webp?resize=525%2C300&ssl=1 1.5x, https:\/\/i0.wp.com\/kohenavocats.com\/wp-content\/uploads\/2024\/08\/patrick-schneider-cFeRWofFkw8-unsplash.webp?resize=700%2C400&ssl=1 2x, https:\/\/i0.wp.com\/kohenavocats.com\/wp-content\/uploads\/2024\/08\/patrick-schneider-cFeRWofFkw8-unsplash.webp?resize=1050%2C600&ssl=1 3x, https:\/\/i0.wp.com\/kohenavocats.com\/wp-content\/uploads\/2024\/08\/patrick-schneider-cFeRWofFkw8-unsplash.webp?resize=1400%2C800&ssl=1 4x"},"classes":[]},{"id":665531,"url":"https:\/\/kohenavocats.com\/zh-hans\/tribunal-judiciaire-de-nancy-le-5-fevrier-2026-n22-02223\/","url_meta":{"origin":665617,"position":2},"title":"Tribunal judiciaire de Nancy, le 5 f\u00e9vrier 2026, n\u00b022\/02223","author":"Kohen","date":"2026\u5e744\u670823\u65e5","format":false,"excerpt":"Le tribunal judiciaire de Nancy, statuant en mati\u00e8\u2026","rel":"","context":"\u5728\u201cJurisprudence\u201d\u4e2d","block_context":{"text":"Jurisprudence","link":"https:\/\/kohenavocats.com\/category\/jurisprudence\/"},"img":{"alt_text":"","src":"https:\/\/i0.wp.com\/kohenavocats.com\/wp-content\/uploads\/2024\/11\/getty-images-zpqbsft1RcM-unsplash.webp?resize=350%2C200&ssl=1","width":350,"height":200,"srcset":"https:\/\/i0.wp.com\/kohenavocats.com\/wp-content\/uploads\/2024\/11\/getty-images-zpqbsft1RcM-unsplash.webp?resize=350%2C200&ssl=1 1x, https:\/\/i0.wp.com\/kohenavocats.com\/wp-content\/uploads\/2024\/11\/getty-images-zpqbsft1RcM-unsplash.webp?resize=525%2C300&ssl=1 1.5x, https:\/\/i0.wp.com\/kohenavocats.com\/wp-content\/uploads\/2024\/11\/getty-images-zpqbsft1RcM-unsplash.webp?resize=700%2C400&ssl=1 2x, https:\/\/i0.wp.com\/kohenavocats.com\/wp-content\/uploads\/2024\/11\/getty-images-zpqbsft1RcM-unsplash.webp?resize=1050%2C600&ssl=1 3x, https:\/\/i0.wp.com\/kohenavocats.com\/wp-content\/uploads\/2024\/11\/getty-images-zpqbsft1RcM-unsplash.webp?resize=1400%2C800&ssl=1 4x"},"classes":[]},{"id":487336,"url":"https:\/\/kohenavocats.com\/zh-hans\/tribunal-judiciaire-de-nancy-le-10-juillet-2024-n24-00210\/","url_meta":{"origin":665617,"position":3},"title":"Tribunal judiciaire de Nancy, le 10 juillet 2024, n\u00b024\/00210","author":"Kohen","date":"2026\u5e744\u67088\u65e5","format":false,"excerpt":"Le tribunal judiciaire de Nancy, statuant le 10 ju\u2026","rel":"","context":"\u5728\u201cJurisprudence\u201d\u4e2d","block_context":{"text":"Jurisprudence","link":"https:\/\/kohenavocats.com\/category\/jurisprudence\/"},"img":{"alt_text":"","src":"https:\/\/i0.wp.com\/kohenavocats.com\/wp-content\/uploads\/2024\/11\/mohamed-nohassi-CRktpOMkRIs-unsplash.webp?resize=350%2C200&ssl=1","width":350,"height":200,"srcset":"https:\/\/i0.wp.com\/kohenavocats.com\/wp-content\/uploads\/2024\/11\/mohamed-nohassi-CRktpOMkRIs-unsplash.webp?resize=350%2C200&ssl=1 1x, https:\/\/i0.wp.com\/kohenavocats.com\/wp-content\/uploads\/2024\/11\/mohamed-nohassi-CRktpOMkRIs-unsplash.webp?resize=525%2C300&ssl=1 1.5x, https:\/\/i0.wp.com\/kohenavocats.com\/wp-content\/uploads\/2024\/11\/mohamed-nohassi-CRktpOMkRIs-unsplash.webp?resize=700%2C400&ssl=1 2x, https:\/\/i0.wp.com\/kohenavocats.com\/wp-content\/uploads\/2024\/11\/mohamed-nohassi-CRktpOMkRIs-unsplash.webp?resize=1050%2C600&ssl=1 3x, https:\/\/i0.wp.com\/kohenavocats.com\/wp-content\/uploads\/2024\/11\/mohamed-nohassi-CRktpOMkRIs-unsplash.webp?resize=1400%2C800&ssl=1 4x"},"classes":[]},{"id":665377,"url":"https:\/\/kohenavocats.com\/zh-hans\/tribunal-judiciaire-de-nancy-le-23-aout-2022-n22-02226\/","url_meta":{"origin":665617,"position":4},"title":"Tribunal judiciaire de Nancy, le 23 ao\u00fbt 2022, n\u00b022\/02226","author":"Kohen","date":"2026\u5e744\u670823\u65e5","format":false,"excerpt":"Le tribunal judiciaire de Nancy, par jugement du 2\u2026","rel":"","context":"\u5728\u201cJurisprudence\u201d\u4e2d","block_context":{"text":"Jurisprudence","link":"https:\/\/kohenavocats.com\/category\/jurisprudence\/"},"img":{"alt_text":"","src":"https:\/\/i0.wp.com\/kohenavocats.com\/wp-content\/uploads\/2024\/11\/getty-images-3YlszAwDqLI-unsplash.webp?resize=350%2C200&ssl=1","width":350,"height":200,"srcset":"https:\/\/i0.wp.com\/kohenavocats.com\/wp-content\/uploads\/2024\/11\/getty-images-3YlszAwDqLI-unsplash.webp?resize=350%2C200&ssl=1 1x, https:\/\/i0.wp.com\/kohenavocats.com\/wp-content\/uploads\/2024\/11\/getty-images-3YlszAwDqLI-unsplash.webp?resize=525%2C300&ssl=1 1.5x, https:\/\/i0.wp.com\/kohenavocats.com\/wp-content\/uploads\/2024\/11\/getty-images-3YlszAwDqLI-unsplash.webp?resize=700%2C400&ssl=1 2x, https:\/\/i0.wp.com\/kohenavocats.com\/wp-content\/uploads\/2024\/11\/getty-images-3YlszAwDqLI-unsplash.webp?resize=1050%2C600&ssl=1 3x, https:\/\/i0.wp.com\/kohenavocats.com\/wp-content\/uploads\/2024\/11\/getty-images-3YlszAwDqLI-unsplash.webp?resize=1400%2C800&ssl=1 4x"},"classes":[]},{"id":665639,"url":"https:\/\/kohenavocats.com\/zh-hans\/tribunal-judiciaire-de-nancy-le-10-juillet-2024-n23-01881\/","url_meta":{"origin":665617,"position":5},"title":"Tribunal judiciaire de Nancy, le 10 juillet 2024, n\u00b023\/01881","author":"Kohen","date":"2026\u5e744\u670824\u65e5","format":false,"excerpt":"Le tribunal judiciaire de Nancy, statuant le 10 ju\u2026","rel":"","context":"\u5728\u201cJurisprudence\u201d\u4e2d","block_context":{"text":"Jurisprudence","link":"https:\/\/kohenavocats.com\/category\/jurisprudence\/"},"img":{"alt_text":"","src":"https:\/\/i0.wp.com\/kohenavocats.com\/wp-content\/uploads\/2024\/07\/valdemaras-d-7VPFyhB_j8Y-unsplash.webp?resize=350%2C200&ssl=1","width":350,"height":200,"srcset":"https:\/\/i0.wp.com\/kohenavocats.com\/wp-content\/uploads\/2024\/07\/valdemaras-d-7VPFyhB_j8Y-unsplash.webp?resize=350%2C200&ssl=1 1x, https:\/\/i0.wp.com\/kohenavocats.com\/wp-content\/uploads\/2024\/07\/valdemaras-d-7VPFyhB_j8Y-unsplash.webp?resize=525%2C300&ssl=1 1.5x, https:\/\/i0.wp.com\/kohenavocats.com\/wp-content\/uploads\/2024\/07\/valdemaras-d-7VPFyhB_j8Y-unsplash.webp?resize=700%2C400&ssl=1 2x, https:\/\/i0.wp.com\/kohenavocats.com\/wp-content\/uploads\/2024\/07\/valdemaras-d-7VPFyhB_j8Y-unsplash.webp?resize=1050%2C600&ssl=1 3x, https:\/\/i0.wp.com\/kohenavocats.com\/wp-content\/uploads\/2024\/07\/valdemaras-d-7VPFyhB_j8Y-unsplash.webp?resize=1400%2C800&ssl=1 4x"},"classes":[]}],"jetpack_sharing_enabled":true,"_links":{"self":[{"href":"https:\/\/kohenavocats.com\/zh-hans\/wp-json\/wp\/v2\/posts\/665617","targetHints":{"allow":["GET"]}}],"collection":[{"href":"https:\/\/kohenavocats.com\/zh-hans\/wp-json\/wp\/v2\/posts"}],"about":[{"href":"https:\/\/kohenavocats.com\/zh-hans\/wp-json\/wp\/v2\/types\/post"}],"author":[{"embeddable":true,"href":"https:\/\/kohenavocats.com\/zh-hans\/wp-json\/wp\/v2\/users\/232070755"}],"replies":[{"embeddable":true,"href":"https:\/\/kohenavocats.com\/zh-hans\/wp-json\/wp\/v2\/comments?post=665617"}],"version-history":[{"count":0,"href":"https:\/\/kohenavocats.com\/zh-hans\/wp-json\/wp\/v2\/posts\/665617\/revisions"}],"wp:featuredmedia":[{"embeddable":true,"href":"https:\/\/kohenavocats.com\/zh-hans\/wp-json\/wp\/v2\/media\/9551"}],"wp:attachment":[{"href":"https:\/\/kohenavocats.com\/zh-hans\/wp-json\/wp\/v2\/media?parent=665617"}],"wp:term":[{"taxonomy":"category","embeddable":true,"href":"https:\/\/kohenavocats.com\/zh-hans\/wp-json\/wp\/v2\/categories?post=665617"},{"taxonomy":"post_tag","embeddable":true,"href":"https:\/\/kohenavocats.com\/zh-hans\/wp-json\/wp\/v2\/tags?post=665617"}],"curies":[{"name":"wp","href":"https:\/\/api.w.org\/{rel}","templated":true}]}}