{"id":665689,"date":"2026-04-24T00:16:59","date_gmt":"2026-04-23T22:16:59","guid":{"rendered":"https:\/\/kohenavocats.com\/tribunal-judiciaire-de-tours-le-5-mars-2025-n25-00396\/"},"modified":"2026-04-26T20:23:53","modified_gmt":"2026-04-26T18:23:53","slug":"tribunal-judiciaire-de-tours-le-5-mars-2025-n25-00396","status":"publish","type":"post","link":"https:\/\/kohenavocats.com\/zh-hans\/tribunal-judiciaire-de-tours-le-5-mars-2025-n25-00396\/","title":{"rendered":"Tribunal judiciaire de Tours, le 5 mars 2025, n\u00b025\/00396"},"content":{"rendered":"<div class=\"article-content\">\n<p>Le tribunal judiciaire de Tours, statuant le 5 mars 2025, a examin\u00e9 un litige contractuel n\u00e9 d\u2019un contrat de garde d\u2019enfant en cr\u00e8che. Suite \u00e0 une proc\u00e9dure d\u2019<a href=\"https:\/\/kohenavocats.fr\/elementor-60\/avocats-droit-affaires-paris\/avocat-recouvrement-creances-commerciales-paris\/\" target=\"_blank\" title=\"injonction de payer\">injonction de payer<\/a>, l\u2019opposition du d\u00e9biteur a \u00e9t\u00e9 jug\u00e9e recevable. Le tribunal a rejet\u00e9 la demande principale de r\u00e9duction du prix et n\u2019a allou\u00e9 qu\u2019une cr\u00e9ance r\u00e9siduelle. Il a \u00e9galement rejet\u00e9 les demandes indemnitaires crois\u00e9es et a prononc\u00e9 une attribution particuli\u00e8re des d\u00e9pens.<\/p>\n<p>La sanction des conditions de recevabilit\u00e9 de l\u2019opposition<\/p>\n<p>Le tribunal a d\u2019abord v\u00e9rifi\u00e9 le respect du d\u00e9lai l\u00e9gal pour former opposition. Il a rappel\u00e9 que l\u2019opposition n\u2019est recevable que dans le mois suivant le premier acte signifi\u00e9 \u00e0 personne. En l\u2019esp\u00e8ce, l\u2019opposition form\u00e9e le 20 janvier 2025 \u00e9tait conforme au d\u00e9lai pr\u00e9vu par l\u2019article 1416 du code de proc\u00e9dure civile. Cette d\u00e9cision confirme une application stricte des textes proc\u00e9duraux. Elle garantit la s\u00e9curit\u00e9 juridique en imposant le respect des d\u00e9lais stricts de recours. Cette rigueur proc\u00e9durale prot\u00e8ge l\u2019autorit\u00e9 de la chose jug\u00e9e et l\u2019efficacit\u00e9 des titres ex\u00e9cutoires. La jurisprudence ant\u00e9rieure adopte une position identique sur ce point de proc\u00e9dure. &#8220;En application de l\u2019article 1416 du Code de Proc\u00e9dure Civile, l&#8217;opposition est form\u00e9e dans le mois qui suit la signification de l&#8217;ordonnance&#8221; (Tribunal judiciaire de N\u00eemes, le 18 f\u00e9vrier 2025, n\u00b024\/01322). Le juge v\u00e9rifie ainsi scrupuleusement les dates de signification et de d\u00e9p\u00f4t de l\u2019opposition.<\/p>\n<p>La port\u00e9e de cette exigence est essentielle pour l\u2019\u00e9quilibre des droits. Elle permet au d\u00e9biteur de contester rapidement un titre qu\u2019il estime irr\u00e9gulier. Elle pr\u00e9serve aussi le cr\u00e9ancier d\u2019une opposition tardive qui paralyserait l\u2019ex\u00e9cution. Le tribunal \u00e9carte ainsi toute appr\u00e9ciation in concreto des circonstances de la signification. Cette solution assure une application uniforme et pr\u00e9visible de la r\u00e8gle proc\u00e9durale. Elle \u00e9vite les contentieux sur la connaissance effective de l\u2019ordonnance par le d\u00e9biteur. La d\u00e9cision renforce donc le formalisme protecteur des droits de la d\u00e9fense dans les proc\u00e9dures acc\u00e9l\u00e9r\u00e9es.<\/p>\n<p>La d\u00e9limitation du champ contractuel et des obligations des parties<\/p>\n<p>Le c\u0153ur du litige portait sur la qualification de la perception d\u2019aides sociales. Le d\u00e9biteur invoquait la perte d\u2019un agr\u00e9ment administratif pour demander une r\u00e9duction du prix. Le tribunal a examin\u00e9 si cette condition \u00e9tait entr\u00e9e dans le champ contractuel. Il a constat\u00e9 l\u2019absence de pi\u00e8ces concomitantes prouvant son caract\u00e8re d\u00e9terminant. Le contrat stipulait que la famille devait s\u2019assurer des montants d\u2019allocations. &#8220;Il convient \u00e0 la famille de s&#8217;assurer aupr\u00e8s de la CAF ou de la MSA des montants des allocations qu&#8217;engendrera la prestation&#8221; (Motifs, point 2). Cette clause d\u00e9chargeait explicitement la cr\u00e8che de toute responsabilit\u00e9 sur ce point.<\/p>\n<p>La solution retenue distingue clairement le cadre l\u00e9gal du lien contractuel. La perte d\u2019agr\u00e9ment, bien que f\u00e2cheuse, n\u2019est pas une faute contractuelle en soi. Le tribunal exige une preuve concr\u00e8te que cette aide \u00e9tait une condition du consentement. Le d\u00e9fendeur ne d\u00e9montre d\u00e8s lors pas que lors de la souscription du contrat d\u2019accueil, la condition de perception du compl\u00e9ment de libre choix de garde vers\u00e9 par la CAF \u00e9tait entr\u00e9e dans le champ contractuel (Motifs, point 2). Cette analyse restreint le champ des obligations assum\u00e9es par le professionnel. Elle prot\u00e8ge le contrat des al\u00e9as ext\u00e9rieurs non pr\u00e9vus par les parties. La d\u00e9cision \u00e9vite ainsi une extension excessive de la responsabilit\u00e9 contractuelle.<\/p>\n<p>La gestion probatoire et les cons\u00e9quences de la <a href=\"https:\/\/kohenavocats.fr\/elementor-60\/avocats-droit-affaires-paris\/avocat-procedures-collectives-paris\/\" target=\"_blank\" title=\"proc\u00e9dure collective\">proc\u00e9dure collective<\/a><\/p>\n<p>Le tribunal a op\u00e9r\u00e9 un renversement de la charge de la preuve concernant les paiements. Une attestation post\u00e9rieure au litige certifiant des paiements a \u00e9t\u00e9 produite. Le tribunal constate que cette attestation date de 2024 et est donc bien post\u00e9rieure \u00e0 l&#8217;ann\u00e9e litigieuse de 2023 (Motifs, point 2). Face \u00e0 ce document, il a estim\u00e9 que la demanderesse devait prouver son inexactitude. Cette approche favorise le d\u00e9biteur en pr\u00e9sence d\u2019un \u00e9crit \u00e9manant du cr\u00e9ancier. Elle illustre le pouvoir souverain des juges du fond en mati\u00e8re d\u2019appr\u00e9ciation des preuves.<\/p>\n<p>Par ailleurs, la d\u00e9cision traite des effets paralysants d\u2019une proc\u00e9dure collective. Le d\u00e9biteur se voyait opposer l\u2019interdiction d\u2019agir en justice pour dommages-int\u00e9r\u00eats. Il n&#8217;a pas d\u00e9clar\u00e9 de cr\u00e9ance de dommages et int\u00e9r\u00eats contre la SARL GASTON CO aupr\u00e8s du mandataire judiciaire d\u00e9sign\u00e9 (Motifs, point 3). Cette omission lui interdit d\u00e9sormais toute action indemnitaire distincte. Le tribunal rappelle ainsi la discipline collective impos\u00e9e par le <a href=\"https:\/\/kohenavocats.fr\/exp-8\/\" target=\"_blank\" title=\"redressement judiciaire\">redressement judiciaire<\/a>. Il sanctionne le d\u00e9faut de d\u00e9claration \u00e0 la masse des cr\u00e9anciers. Cette rigueur assure l\u2019\u00e9galit\u00e9 entre les cr\u00e9anciers et l\u2019efficacit\u00e9 de la proc\u00e9dure collective.<\/p>\n<p>L\u2019\u00e9quit\u00e9 dans la r\u00e9partition des frais de proc\u00e9dure<\/p>\n<p>Enfin, le tribunal a us\u00e9 de son pouvoir d\u2019appr\u00e9ciation pour attribuer les d\u00e9pens. Consid\u00e9rant le contexte financier difficile des parents, il a laiss\u00e9 les d\u00e9pens \u00e0 la charge de la soci\u00e9t\u00e9 cr\u00e9anci\u00e8re. Il est \u00e9quitable de laisser \u00e0 la SARL GASTON CO les d\u00e9pens expos\u00e9s par elle en ce compris les frais de la proc\u00e9dure d&#8217;injonction de payer (Motifs, point 3). Cette d\u00e9cision s\u2019\u00e9carte de la r\u00e8gle selon laquelle les d\u00e9pens suivent la d\u00e9faite. Elle int\u00e8gre des consid\u00e9rations socio-\u00e9conomiques dans l\u2019issue proc\u00e9durale.<\/p>\n<p>Le juge temp\u00e8re ainsi la rigueur du droit par une forme d\u2019\u00e9quit\u00e9. Il reconna\u00eet implicitement le pr\u00e9judice subi par les parents sans le qualifier juridiquement. Cette solution \u00e9vite de laisser une impression d\u2019injustice malgr\u00e9 le rejet des demandes indemnitaires. Elle d\u00e9montre la flexibilit\u00e9 du juge dans la gestion des cons\u00e9quences financi\u00e8res du proc\u00e8s. Cette approche \u00e9quitable compl\u00e8te la stricte application des r\u00e8gles de fond et de proc\u00e9dure.<\/p>\n<\/div>\n","protected":false},"excerpt":{"rendered":"<p>Le tribunal judiciaire de Tours, statuant le 5 mars 2025, a examin\u00e9 un litige contractuel n\u00e9 d\u2019un contrat de garde d\u2019enfant en cr\u00e8che. Suite \u00e0 une proc\u00e9dure &#8230;<\/p>\n","protected":false},"author":232070755,"featured_media":9664,"comment_status":"open","ping_status":"open","sticky":false,"template":"","format":"standard","meta":{"_crdt_document":"","_jetpack_newsletter_access":"","_jetpack_dont_email_post_to_subs":false,"_jetpack_newsletter_tier_id":0,"_jetpack_memberships_contains_paywalled_content":false,"_kj_source_type":"judilibre","_kj_official_id":"68f950bbde0ebe408dac8291","_kj_official_url":"https:\/\/www.courdecassation.fr\/decision\/68f950bbde0ebe408dac8291","_kj_judilibre_id":"68f950bbde0ebe408dac8291","_kj_jur":"Tribunal judiciaire","_kj_lieu":"Tours","_kj_chambre":"CIVIL_EX-TI","_kj_rg":"25\/00396","_kj_date":"2025-09-24","_jetpack_memberships_contains_paid_content":false,"footnotes":"","jetpack_post_was_ever_published":false},"categories":[7096,35581,7597],"tags":[],"class_list":["post-665689","post","type-post","status-publish","format-standard","has-post-thumbnail","hentry","category-code-des-assurances","category-droit-des-affaires","category-jurisprudence"],"yoast_head":"<!-- This site is optimized with the Yoast SEO Premium plugin v27.5 (Yoast SEO v27.5) - https:\/\/yoast.com\/product\/yoast-seo-premium-wordpress\/ -->\n<title>Tribunal judiciaire de Tours, le 5 mars 2025, n\u00b025\/00396 - Ma\u00eetre Hassan Kohen, avocat en droit p\u00e9nal \u00e0 Paris<\/title>\n<meta name=\"description\" content=\"Le tribunal judiciaire de Tours, statuant le 5 mars 2025, a examin\u00e9 un litige contractuel n\u00e9 d\u2019un contrat de garde d\u2019enfant en cr\u00e8che. Suite \u00e0 une proc\u00e9dure ...\" \/>\n<meta name=\"robots\" content=\"index, follow, max-snippet:-1, max-image-preview:large, max-video-preview:-1\" \/>\n<link rel=\"canonical\" href=\"https:\/\/kohenavocats.com\/zh-hans\/tribunal-judiciaire-de-tours-le-5-mars-2025-n25-00396\/\" \/>\n<meta property=\"og:locale\" content=\"zh_CN\" \/>\n<meta property=\"og:type\" content=\"article\" \/>\n<meta property=\"og:title\" content=\"Tribunal judiciaire de Tours, le 5 mars 2025, n\u00b025\/00396\" \/>\n<meta property=\"og:description\" content=\"Le tribunal judiciaire de Tours, statuant le 5 mars 2025, a examin\u00e9 un litige contractuel n\u00e9 d\u2019un contrat de garde d\u2019enfant en cr\u00e8che. Suite \u00e0 une proc\u00e9dure ...\" \/>\n<meta property=\"og:url\" content=\"https:\/\/kohenavocats.com\/zh-hans\/tribunal-judiciaire-de-tours-le-5-mars-2025-n25-00396\/\" \/>\n<meta property=\"og:site_name\" content=\"Ma\u00eetre Hassan Kohen, avocat en droit p\u00e9nal \u00e0 Paris\" \/>\n<meta property=\"article:published_time\" content=\"2026-04-23T22:16:59+00:00\" \/>\n<meta property=\"article:modified_time\" content=\"2026-04-26T18:23:53+00:00\" \/>\n<meta property=\"og:image\" content=\"https:\/\/kohenavocats.com\/wp-content\/uploads\/2024\/11\/galina-nelyubova-UHLrBwTpskE-unsplash.webp\" \/>\n\t<meta property=\"og:image:width\" content=\"5000\" \/>\n\t<meta property=\"og:image:height\" content=\"3000\" \/>\n\t<meta property=\"og:image:type\" content=\"image\/webp\" \/>\n<meta name=\"author\" content=\"Kohen\" \/>\n<meta name=\"twitter:card\" content=\"summary_large_image\" \/>\n<meta name=\"twitter:label1\" content=\"\u4f5c\u8005\" \/>\n\t<meta name=\"twitter:data1\" content=\"Kohen\" \/>\n\t<meta name=\"twitter:label2\" content=\"\u9884\u8ba1\u9605\u8bfb\u65f6\u95f4\" \/>\n\t<meta name=\"twitter:data2\" content=\"5 \u5206\" \/>\n<script type=\"application\/ld+json\" class=\"yoast-schema-graph\">{\"@context\":\"https:\\\/\\\/schema.org\",\"@graph\":[{\"@type\":\"Article\",\"@id\":\"https:\\\/\\\/kohenavocats.com\\\/zh-hans\\\/tribunal-judiciaire-de-tours-le-5-mars-2025-n25-00396\\\/#article\",\"isPartOf\":{\"@id\":\"https:\\\/\\\/kohenavocats.com\\\/zh-hans\\\/tribunal-judiciaire-de-tours-le-5-mars-2025-n25-00396\\\/\"},\"author\":{\"name\":\"Kohen\",\"@id\":\"https:\\\/\\\/kohenavocats.com\\\/zh-hans\\\/#\\\/schema\\\/person\\\/761c9ba54fa1ca84d405cef0831ff751\"},\"headline\":\"Tribunal judiciaire de Tours, le 5 mars 2025, n\u00b025\\\/00396\",\"datePublished\":\"2026-04-23T22:16:59+00:00\",\"dateModified\":\"2026-04-26T18:23:53+00:00\",\"mainEntityOfPage\":{\"@id\":\"https:\\\/\\\/kohenavocats.com\\\/zh-hans\\\/tribunal-judiciaire-de-tours-le-5-mars-2025-n25-00396\\\/\"},\"wordCount\":1049,\"commentCount\":0,\"publisher\":{\"@id\":\"https:\\\/\\\/kohenavocats.com\\\/zh-hans\\\/#organization\"},\"image\":{\"@id\":\"https:\\\/\\\/kohenavocats.com\\\/zh-hans\\\/tribunal-judiciaire-de-tours-le-5-mars-2025-n25-00396\\\/#primaryimage\"},\"thumbnailUrl\":\"https:\\\/\\\/kohenavocats.com\\\/wp-content\\\/uploads\\\/2024\\\/11\\\/galina-nelyubova-UHLrBwTpskE-unsplash.webp\",\"articleSection\":[\"Code des assurances\",\"Droit des affaires\",\"Jurisprudence\"],\"inLanguage\":\"zh-Hans\",\"potentialAction\":[{\"@type\":\"CommentAction\",\"name\":\"Comment\",\"target\":[\"https:\\\/\\\/kohenavocats.com\\\/zh-hans\\\/tribunal-judiciaire-de-tours-le-5-mars-2025-n25-00396\\\/#respond\"]}],\"citation\":\"Tribunal judiciaire de Tours, le 5 mars 2025, n\u00b025\\\/00396\",\"about\":[{\"@type\":\"Thing\",\"name\":\"Code des assurances\"},{\"@type\":\"Thing\",\"name\":\"Droit des affaires\"},{\"@type\":\"Thing\",\"name\":\"Jurisprudence\"}],\"speakable\":{\"@type\":\"SpeakableSpecification\",\"cssSelector\":[\".article-content > p:first-of-type\"]}},{\"@type\":\"WebPage\",\"@id\":\"https:\\\/\\\/kohenavocats.com\\\/zh-hans\\\/tribunal-judiciaire-de-tours-le-5-mars-2025-n25-00396\\\/\",\"url\":\"https:\\\/\\\/kohenavocats.com\\\/zh-hans\\\/tribunal-judiciaire-de-tours-le-5-mars-2025-n25-00396\\\/\",\"name\":\"Tribunal judiciaire de Tours, le 5 mars 2025, n\u00b025\\\/00396 - Ma\u00eetre Hassan Kohen, avocat en droit p\u00e9nal \u00e0 Paris\",\"isPartOf\":{\"@id\":\"https:\\\/\\\/kohenavocats.com\\\/zh-hans\\\/#website\"},\"primaryImageOfPage\":{\"@id\":\"https:\\\/\\\/kohenavocats.com\\\/zh-hans\\\/tribunal-judiciaire-de-tours-le-5-mars-2025-n25-00396\\\/#primaryimage\"},\"image\":{\"@id\":\"https:\\\/\\\/kohenavocats.com\\\/zh-hans\\\/tribunal-judiciaire-de-tours-le-5-mars-2025-n25-00396\\\/#primaryimage\"},\"thumbnailUrl\":\"https:\\\/\\\/kohenavocats.com\\\/wp-content\\\/uploads\\\/2024\\\/11\\\/galina-nelyubova-UHLrBwTpskE-unsplash.webp\",\"datePublished\":\"2026-04-23T22:16:59+00:00\",\"dateModified\":\"2026-04-26T18:23:53+00:00\",\"description\":\"Le tribunal judiciaire de Tours, statuant le 5 mars 2025, a examin\u00e9 un litige contractuel n\u00e9 d\u2019un contrat de garde d\u2019enfant en cr\u00e8che. Suite \u00e0 une proc\u00e9dure ...\",\"breadcrumb\":{\"@id\":\"https:\\\/\\\/kohenavocats.com\\\/zh-hans\\\/tribunal-judiciaire-de-tours-le-5-mars-2025-n25-00396\\\/#breadcrumb\"},\"inLanguage\":\"zh-Hans\",\"potentialAction\":[{\"@type\":\"ReadAction\",\"target\":[\"https:\\\/\\\/kohenavocats.com\\\/zh-hans\\\/tribunal-judiciaire-de-tours-le-5-mars-2025-n25-00396\\\/\"]}]},{\"@type\":\"ImageObject\",\"inLanguage\":\"zh-Hans\",\"@id\":\"https:\\\/\\\/kohenavocats.com\\\/zh-hans\\\/tribunal-judiciaire-de-tours-le-5-mars-2025-n25-00396\\\/#primaryimage\",\"url\":\"https:\\\/\\\/kohenavocats.com\\\/wp-content\\\/uploads\\\/2024\\\/11\\\/galina-nelyubova-UHLrBwTpskE-unsplash.webp\",\"contentUrl\":\"https:\\\/\\\/kohenavocats.com\\\/wp-content\\\/uploads\\\/2024\\\/11\\\/galina-nelyubova-UHLrBwTpskE-unsplash.webp\",\"width\":5000,\"height\":3000},{\"@type\":\"BreadcrumbList\",\"@id\":\"https:\\\/\\\/kohenavocats.com\\\/zh-hans\\\/tribunal-judiciaire-de-tours-le-5-mars-2025-n25-00396\\\/#breadcrumb\",\"itemListElement\":[{\"@type\":\"ListItem\",\"position\":1,\"name\":\"Home\",\"item\":\"https:\\\/\\\/kohenavocats.com\\\/zh-hans\\\/\"},{\"@type\":\"ListItem\",\"position\":2,\"name\":\"Tribunal judiciaire de Tours, le 5 mars 2025, n\u00b025\\\/00396\"}]},{\"@type\":\"WebSite\",\"@id\":\"https:\\\/\\\/kohenavocats.com\\\/zh-hans\\\/#website\",\"url\":\"https:\\\/\\\/kohenavocats.com\\\/zh-hans\\\/\",\"name\":\"Kohen Avocats\",\"description\":\"Ma\u00eetre Hassan Kohen, avocat p\u00e9naliste \u00e0 Paris, intervient exclusivement en droit p\u00e9nal pour la d\u00e9fense des particuliers, notamment en mati\u00e8re d\u2019accusations de viol. Il assure un accompagnement rigoureux d\u00e8s la garde \u00e0 vue jusqu\u2019\u00e0 la Cour d\u2019assises, veillant au strict respect des garanties proc\u00e9durales.\",\"publisher\":{\"@id\":\"https:\\\/\\\/kohenavocats.com\\\/zh-hans\\\/#organization\"},\"potentialAction\":[{\"@type\":\"SearchAction\",\"target\":{\"@type\":\"EntryPoint\",\"urlTemplate\":\"https:\\\/\\\/kohenavocats.com\\\/zh-hans\\\/?s={search_term_string}\"},\"query-input\":{\"@type\":\"PropertyValueSpecification\",\"valueRequired\":true,\"valueName\":\"search_term_string\"}}],\"inLanguage\":\"zh-Hans\"},{\"@type\":\"Organization\",\"@id\":\"https:\\\/\\\/kohenavocats.com\\\/zh-hans\\\/#organization\",\"name\":\"Kohen Avocats\",\"url\":\"https:\\\/\\\/kohenavocats.com\\\/zh-hans\\\/\",\"logo\":{\"@type\":\"ImageObject\",\"inLanguage\":\"zh-Hans\",\"@id\":\"https:\\\/\\\/kohenavocats.com\\\/zh-hans\\\/#\\\/schema\\\/logo\\\/image\\\/\",\"url\":\"https:\\\/\\\/kohenavocats.com\\\/wp-content\\\/uploads\\\/2026\\\/01\\\/Logo-2-1.webp\",\"contentUrl\":\"https:\\\/\\\/kohenavocats.com\\\/wp-content\\\/uploads\\\/2026\\\/01\\\/Logo-2-1.webp\",\"width\":2114,\"height\":1253,\"caption\":\"Kohen Avocats\"},\"image\":{\"@id\":\"https:\\\/\\\/kohenavocats.com\\\/zh-hans\\\/#\\\/schema\\\/logo\\\/image\\\/\"}},{\"@type\":\"Person\",\"@id\":\"https:\\\/\\\/kohenavocats.com\\\/zh-hans\\\/#\\\/schema\\\/person\\\/761c9ba54fa1ca84d405cef0831ff751\",\"name\":\"Kohen\",\"image\":{\"@type\":\"ImageObject\",\"inLanguage\":\"zh-Hans\",\"@id\":\"https:\\\/\\\/secure.gravatar.com\\\/avatar\\\/1c5e76ef76bbbfdd2b4da984e2bf2fa4056fd51a27d25ce2c332047f1dfd6e00?s=96&d=identicon&r=g\",\"url\":\"https:\\\/\\\/secure.gravatar.com\\\/avatar\\\/1c5e76ef76bbbfdd2b4da984e2bf2fa4056fd51a27d25ce2c332047f1dfd6e00?s=96&d=identicon&r=g\",\"contentUrl\":\"https:\\\/\\\/secure.gravatar.com\\\/avatar\\\/1c5e76ef76bbbfdd2b4da984e2bf2fa4056fd51a27d25ce2c332047f1dfd6e00?s=96&d=identicon&r=g\",\"caption\":\"Kohen\"},\"sameAs\":[\"https:\\\/\\\/www.linkedin.com\\\/in\\\/hassan-kohen-448548192\\\/\",\"https:\\\/\\\/www.youtube.com\\\/@Kohen-Avocats\"],\"url\":\"https:\\\/\\\/kohenavocats.com\\\/zh-hans\\\/author\\\/kohenmlk\\\/\"}]}<\/script>\n<!-- \/ Yoast SEO Premium plugin. -->","yoast_head_json":{"title":"Tribunal judiciaire de Tours, le 5 mars 2025, n\u00b025\/00396 - Ma\u00eetre Hassan Kohen, avocat en droit p\u00e9nal \u00e0 Paris","description":"Le tribunal judiciaire de Tours, statuant le 5 mars 2025, a examin\u00e9 un litige contractuel n\u00e9 d\u2019un contrat de garde d\u2019enfant en cr\u00e8che. Suite \u00e0 une proc\u00e9dure ...","robots":{"index":"index","follow":"follow","max-snippet":"max-snippet:-1","max-image-preview":"max-image-preview:large","max-video-preview":"max-video-preview:-1"},"canonical":"https:\/\/kohenavocats.com\/zh-hans\/tribunal-judiciaire-de-tours-le-5-mars-2025-n25-00396\/","og_locale":"zh_CN","og_type":"article","og_title":"Tribunal judiciaire de Tours, le 5 mars 2025, n\u00b025\/00396","og_description":"Le tribunal judiciaire de Tours, statuant le 5 mars 2025, a examin\u00e9 un litige contractuel n\u00e9 d\u2019un contrat de garde d\u2019enfant en cr\u00e8che. Suite \u00e0 une proc\u00e9dure ...","og_url":"https:\/\/kohenavocats.com\/zh-hans\/tribunal-judiciaire-de-tours-le-5-mars-2025-n25-00396\/","og_site_name":"Ma\u00eetre Hassan Kohen, avocat en droit p\u00e9nal \u00e0 Paris","article_published_time":"2026-04-23T22:16:59+00:00","article_modified_time":"2026-04-26T18:23:53+00:00","og_image":[{"width":5000,"height":3000,"url":"https:\/\/kohenavocats.com\/wp-content\/uploads\/2024\/11\/galina-nelyubova-UHLrBwTpskE-unsplash.webp","type":"image\/webp"}],"author":"Kohen","twitter_card":"summary_large_image","twitter_misc":{"\u4f5c\u8005":"Kohen","\u9884\u8ba1\u9605\u8bfb\u65f6\u95f4":"5 \u5206"},"schema":{"@context":"https:\/\/schema.org","@graph":[{"@type":"Article","@id":"https:\/\/kohenavocats.com\/zh-hans\/tribunal-judiciaire-de-tours-le-5-mars-2025-n25-00396\/#article","isPartOf":{"@id":"https:\/\/kohenavocats.com\/zh-hans\/tribunal-judiciaire-de-tours-le-5-mars-2025-n25-00396\/"},"author":{"name":"Kohen","@id":"https:\/\/kohenavocats.com\/zh-hans\/#\/schema\/person\/761c9ba54fa1ca84d405cef0831ff751"},"headline":"Tribunal judiciaire de Tours, le 5 mars 2025, n\u00b025\/00396","datePublished":"2026-04-23T22:16:59+00:00","dateModified":"2026-04-26T18:23:53+00:00","mainEntityOfPage":{"@id":"https:\/\/kohenavocats.com\/zh-hans\/tribunal-judiciaire-de-tours-le-5-mars-2025-n25-00396\/"},"wordCount":1049,"commentCount":0,"publisher":{"@id":"https:\/\/kohenavocats.com\/zh-hans\/#organization"},"image":{"@id":"https:\/\/kohenavocats.com\/zh-hans\/tribunal-judiciaire-de-tours-le-5-mars-2025-n25-00396\/#primaryimage"},"thumbnailUrl":"https:\/\/kohenavocats.com\/wp-content\/uploads\/2024\/11\/galina-nelyubova-UHLrBwTpskE-unsplash.webp","articleSection":["Code des assurances","Droit des affaires","Jurisprudence"],"inLanguage":"zh-Hans","potentialAction":[{"@type":"CommentAction","name":"Comment","target":["https:\/\/kohenavocats.com\/zh-hans\/tribunal-judiciaire-de-tours-le-5-mars-2025-n25-00396\/#respond"]}],"citation":"Tribunal judiciaire de Tours, le 5 mars 2025, n\u00b025\/00396","about":[{"@type":"Thing","name":"Code des assurances"},{"@type":"Thing","name":"Droit des affaires"},{"@type":"Thing","name":"Jurisprudence"}],"speakable":{"@type":"SpeakableSpecification","cssSelector":[".article-content > p:first-of-type"]}},{"@type":"WebPage","@id":"https:\/\/kohenavocats.com\/zh-hans\/tribunal-judiciaire-de-tours-le-5-mars-2025-n25-00396\/","url":"https:\/\/kohenavocats.com\/zh-hans\/tribunal-judiciaire-de-tours-le-5-mars-2025-n25-00396\/","name":"Tribunal judiciaire de Tours, le 5 mars 2025, n\u00b025\/00396 - Ma\u00eetre Hassan Kohen, avocat en droit p\u00e9nal \u00e0 Paris","isPartOf":{"@id":"https:\/\/kohenavocats.com\/zh-hans\/#website"},"primaryImageOfPage":{"@id":"https:\/\/kohenavocats.com\/zh-hans\/tribunal-judiciaire-de-tours-le-5-mars-2025-n25-00396\/#primaryimage"},"image":{"@id":"https:\/\/kohenavocats.com\/zh-hans\/tribunal-judiciaire-de-tours-le-5-mars-2025-n25-00396\/#primaryimage"},"thumbnailUrl":"https:\/\/kohenavocats.com\/wp-content\/uploads\/2024\/11\/galina-nelyubova-UHLrBwTpskE-unsplash.webp","datePublished":"2026-04-23T22:16:59+00:00","dateModified":"2026-04-26T18:23:53+00:00","description":"Le tribunal judiciaire de Tours, statuant le 5 mars 2025, a examin\u00e9 un litige contractuel n\u00e9 d\u2019un contrat de garde d\u2019enfant en cr\u00e8che. Suite \u00e0 une proc\u00e9dure ...","breadcrumb":{"@id":"https:\/\/kohenavocats.com\/zh-hans\/tribunal-judiciaire-de-tours-le-5-mars-2025-n25-00396\/#breadcrumb"},"inLanguage":"zh-Hans","potentialAction":[{"@type":"ReadAction","target":["https:\/\/kohenavocats.com\/zh-hans\/tribunal-judiciaire-de-tours-le-5-mars-2025-n25-00396\/"]}]},{"@type":"ImageObject","inLanguage":"zh-Hans","@id":"https:\/\/kohenavocats.com\/zh-hans\/tribunal-judiciaire-de-tours-le-5-mars-2025-n25-00396\/#primaryimage","url":"https:\/\/kohenavocats.com\/wp-content\/uploads\/2024\/11\/galina-nelyubova-UHLrBwTpskE-unsplash.webp","contentUrl":"https:\/\/kohenavocats.com\/wp-content\/uploads\/2024\/11\/galina-nelyubova-UHLrBwTpskE-unsplash.webp","width":5000,"height":3000},{"@type":"BreadcrumbList","@id":"https:\/\/kohenavocats.com\/zh-hans\/tribunal-judiciaire-de-tours-le-5-mars-2025-n25-00396\/#breadcrumb","itemListElement":[{"@type":"ListItem","position":1,"name":"Home","item":"https:\/\/kohenavocats.com\/zh-hans\/"},{"@type":"ListItem","position":2,"name":"Tribunal judiciaire de Tours, le 5 mars 2025, n\u00b025\/00396"}]},{"@type":"WebSite","@id":"https:\/\/kohenavocats.com\/zh-hans\/#website","url":"https:\/\/kohenavocats.com\/zh-hans\/","name":"Kohen Avocats","description":"Ma\u00eetre Hassan Kohen, avocat p\u00e9naliste \u00e0 Paris, intervient exclusivement en droit p\u00e9nal pour la d\u00e9fense des particuliers, notamment en mati\u00e8re d\u2019accusations de viol. Il assure un accompagnement rigoureux d\u00e8s la garde \u00e0 vue jusqu\u2019\u00e0 la Cour d\u2019assises, veillant au strict respect des garanties proc\u00e9durales.","publisher":{"@id":"https:\/\/kohenavocats.com\/zh-hans\/#organization"},"potentialAction":[{"@type":"SearchAction","target":{"@type":"EntryPoint","urlTemplate":"https:\/\/kohenavocats.com\/zh-hans\/?s={search_term_string}"},"query-input":{"@type":"PropertyValueSpecification","valueRequired":true,"valueName":"search_term_string"}}],"inLanguage":"zh-Hans"},{"@type":"Organization","@id":"https:\/\/kohenavocats.com\/zh-hans\/#organization","name":"Kohen Avocats","url":"https:\/\/kohenavocats.com\/zh-hans\/","logo":{"@type":"ImageObject","inLanguage":"zh-Hans","@id":"https:\/\/kohenavocats.com\/zh-hans\/#\/schema\/logo\/image\/","url":"https:\/\/kohenavocats.com\/wp-content\/uploads\/2026\/01\/Logo-2-1.webp","contentUrl":"https:\/\/kohenavocats.com\/wp-content\/uploads\/2026\/01\/Logo-2-1.webp","width":2114,"height":1253,"caption":"Kohen Avocats"},"image":{"@id":"https:\/\/kohenavocats.com\/zh-hans\/#\/schema\/logo\/image\/"}},{"@type":"Person","@id":"https:\/\/kohenavocats.com\/zh-hans\/#\/schema\/person\/761c9ba54fa1ca84d405cef0831ff751","name":"Kohen","image":{"@type":"ImageObject","inLanguage":"zh-Hans","@id":"https:\/\/secure.gravatar.com\/avatar\/1c5e76ef76bbbfdd2b4da984e2bf2fa4056fd51a27d25ce2c332047f1dfd6e00?s=96&d=identicon&r=g","url":"https:\/\/secure.gravatar.com\/avatar\/1c5e76ef76bbbfdd2b4da984e2bf2fa4056fd51a27d25ce2c332047f1dfd6e00?s=96&d=identicon&r=g","contentUrl":"https:\/\/secure.gravatar.com\/avatar\/1c5e76ef76bbbfdd2b4da984e2bf2fa4056fd51a27d25ce2c332047f1dfd6e00?s=96&d=identicon&r=g","caption":"Kohen"},"sameAs":["https:\/\/www.linkedin.com\/in\/hassan-kohen-448548192\/","https:\/\/www.youtube.com\/@Kohen-Avocats"],"url":"https:\/\/kohenavocats.com\/zh-hans\/author\/kohenmlk\/"}]}},"jetpack_featured_media_url":"https:\/\/kohenavocats.com\/wp-content\/uploads\/2024\/11\/galina-nelyubova-UHLrBwTpskE-unsplash.webp","jetpack_likes_enabled":false,"jetpack_shortlink":"https:\/\/wp.me\/peCrII-2NaV","jetpack-related-posts":[{"id":727852,"url":"https:\/\/kohenavocats.com\/zh-hans\/tribunal-judiciaire-de-tours-le-4-fevrier-2026-n25-01724\/","url_meta":{"origin":665689,"position":0},"title":"Tribunal judiciaire de Tours, le 4 f\u00e9vrier 2026, n\u00b025\/01724","author":"Kohen","date":"2026\u5e744\u670828\u65e5","format":false,"excerpt":"Le tribunal judiciaire de Tours, dans un jugement \u2026","rel":"","context":"\u5728\u201cJurisprudence\u201d\u4e2d","block_context":{"text":"Jurisprudence","link":"https:\/\/kohenavocats.com\/category\/jurisprudence\/"},"img":{"alt_text":"","src":"https:\/\/i0.wp.com\/kohenavocats.com\/wp-content\/uploads\/2024\/07\/clarisse-meyer-jKU2NneZAbI-unsplash.webp?resize=350%2C200&ssl=1","width":350,"height":200,"srcset":"https:\/\/i0.wp.com\/kohenavocats.com\/wp-content\/uploads\/2024\/07\/clarisse-meyer-jKU2NneZAbI-unsplash.webp?resize=350%2C200&ssl=1 1x, https:\/\/i0.wp.com\/kohenavocats.com\/wp-content\/uploads\/2024\/07\/clarisse-meyer-jKU2NneZAbI-unsplash.webp?resize=525%2C300&ssl=1 1.5x, https:\/\/i0.wp.com\/kohenavocats.com\/wp-content\/uploads\/2024\/07\/clarisse-meyer-jKU2NneZAbI-unsplash.webp?resize=700%2C400&ssl=1 2x, https:\/\/i0.wp.com\/kohenavocats.com\/wp-content\/uploads\/2024\/07\/clarisse-meyer-jKU2NneZAbI-unsplash.webp?resize=1050%2C600&ssl=1 3x, https:\/\/i0.wp.com\/kohenavocats.com\/wp-content\/uploads\/2024\/07\/clarisse-meyer-jKU2NneZAbI-unsplash.webp?resize=1400%2C800&ssl=1 4x"},"classes":[]},{"id":665183,"url":"https:\/\/kohenavocats.com\/zh-hans\/tribunal-judiciaire-de-tours-le-21-novembre-2024-n24-01604\/","url_meta":{"origin":665689,"position":1},"title":"Tribunal judiciaire de Tours, le 21 novembre 2024, n\u00b024\/01604","author":"Kohen","date":"2026\u5e744\u670823\u65e5","format":false,"excerpt":"Le tribunal judiciaire de Tours, statuant le 21 no\u2026","rel":"","context":"\u5728\u201cJurisprudence\u201d\u4e2d","block_context":{"text":"Jurisprudence","link":"https:\/\/kohenavocats.com\/category\/jurisprudence\/"},"img":{"alt_text":"","src":"https:\/\/i0.wp.com\/kohenavocats.com\/wp-content\/uploads\/2024\/11\/sho-w-NEMLiQMKWas-unsplash.webp?resize=350%2C200&ssl=1","width":350,"height":200,"srcset":"https:\/\/i0.wp.com\/kohenavocats.com\/wp-content\/uploads\/2024\/11\/sho-w-NEMLiQMKWas-unsplash.webp?resize=350%2C200&ssl=1 1x, https:\/\/i0.wp.com\/kohenavocats.com\/wp-content\/uploads\/2024\/11\/sho-w-NEMLiQMKWas-unsplash.webp?resize=525%2C300&ssl=1 1.5x, https:\/\/i0.wp.com\/kohenavocats.com\/wp-content\/uploads\/2024\/11\/sho-w-NEMLiQMKWas-unsplash.webp?resize=700%2C400&ssl=1 2x, https:\/\/i0.wp.com\/kohenavocats.com\/wp-content\/uploads\/2024\/11\/sho-w-NEMLiQMKWas-unsplash.webp?resize=1050%2C600&ssl=1 3x, https:\/\/i0.wp.com\/kohenavocats.com\/wp-content\/uploads\/2024\/11\/sho-w-NEMLiQMKWas-unsplash.webp?resize=1400%2C800&ssl=1 4x"},"classes":[]},{"id":665892,"url":"https:\/\/kohenavocats.com\/zh-hans\/tribunal-judiciaire-de-tours-le-5-decembre-2024-n24-05901\/","url_meta":{"origin":665689,"position":2},"title":"Tribunal judiciaire de Tours, le 5 d\u00e9cembre 2024, n\u00b024\/05901","author":"Kohen","date":"2026\u5e744\u670824\u65e5","format":false,"excerpt":"Le tribunal judiciaire, statuant en mati\u00e8re social\u2026","rel":"","context":"\u5728\u201cJurisprudence\u201d\u4e2d","block_context":{"text":"Jurisprudence","link":"https:\/\/kohenavocats.com\/category\/jurisprudence\/"},"img":{"alt_text":"","src":"https:\/\/i0.wp.com\/kohenavocats.com\/wp-content\/uploads\/2024\/11\/alexander-mils-LH6ZMdmq_9Y-unsplash.webp?resize=350%2C200&ssl=1","width":350,"height":200,"srcset":"https:\/\/i0.wp.com\/kohenavocats.com\/wp-content\/uploads\/2024\/11\/alexander-mils-LH6ZMdmq_9Y-unsplash.webp?resize=350%2C200&ssl=1 1x, https:\/\/i0.wp.com\/kohenavocats.com\/wp-content\/uploads\/2024\/11\/alexander-mils-LH6ZMdmq_9Y-unsplash.webp?resize=525%2C300&ssl=1 1.5x, https:\/\/i0.wp.com\/kohenavocats.com\/wp-content\/uploads\/2024\/11\/alexander-mils-LH6ZMdmq_9Y-unsplash.webp?resize=700%2C400&ssl=1 2x, https:\/\/i0.wp.com\/kohenavocats.com\/wp-content\/uploads\/2024\/11\/alexander-mils-LH6ZMdmq_9Y-unsplash.webp?resize=1050%2C600&ssl=1 3x, https:\/\/i0.wp.com\/kohenavocats.com\/wp-content\/uploads\/2024\/11\/alexander-mils-LH6ZMdmq_9Y-unsplash.webp?resize=1400%2C800&ssl=1 4x"},"classes":[]},{"id":665493,"url":"https:\/\/kohenavocats.com\/zh-hans\/tribunal-judiciaire-de-tours-le-25-juin-2025-n25-00715\/","url_meta":{"origin":665689,"position":3},"title":"Tribunal judiciaire de Tours, le 25 juin 2025, n\u00b025\/00715","author":"Kohen","date":"2026\u5e744\u670823\u65e5","format":false,"excerpt":"Le Tribunal judiciaire, par jugement du 25 juin 20\u2026","rel":"","context":"\u5728\u201cJurisprudence\u201d\u4e2d","block_context":{"text":"Jurisprudence","link":"https:\/\/kohenavocats.com\/category\/jurisprudence\/"},"img":{"alt_text":"","src":"https:\/\/i0.wp.com\/kohenavocats.com\/wp-content\/uploads\/2024\/08\/heriberto-murrieta-2RFLn3BzqHA-unsplash.webp?resize=350%2C200&ssl=1","width":350,"height":200,"srcset":"https:\/\/i0.wp.com\/kohenavocats.com\/wp-content\/uploads\/2024\/08\/heriberto-murrieta-2RFLn3BzqHA-unsplash.webp?resize=350%2C200&ssl=1 1x, https:\/\/i0.wp.com\/kohenavocats.com\/wp-content\/uploads\/2024\/08\/heriberto-murrieta-2RFLn3BzqHA-unsplash.webp?resize=525%2C300&ssl=1 1.5x, https:\/\/i0.wp.com\/kohenavocats.com\/wp-content\/uploads\/2024\/08\/heriberto-murrieta-2RFLn3BzqHA-unsplash.webp?resize=700%2C400&ssl=1 2x, https:\/\/i0.wp.com\/kohenavocats.com\/wp-content\/uploads\/2024\/08\/heriberto-murrieta-2RFLn3BzqHA-unsplash.webp?resize=1050%2C600&ssl=1 3x, https:\/\/i0.wp.com\/kohenavocats.com\/wp-content\/uploads\/2024\/08\/heriberto-murrieta-2RFLn3BzqHA-unsplash.webp?resize=1400%2C800&ssl=1 4x"},"classes":[]},{"id":486161,"url":"https:\/\/kohenavocats.com\/zh-hans\/tribunal-judiciaire-de-tours-le-13-fevrier-2025-n24-04578\/","url_meta":{"origin":665689,"position":4},"title":"Tribunal judiciaire de Tours, le 13 f\u00e9vrier 2025, n\u00b024\/04578","author":"Kohen","date":"2026\u5e744\u67088\u65e5","format":false,"excerpt":"Le tribunal judiciaire de Tours, statuant le 13 f\u00e9\u2026","rel":"","context":"\u5728\u201cJurisprudence\u201d\u4e2d","block_context":{"text":"Jurisprudence","link":"https:\/\/kohenavocats.com\/category\/jurisprudence\/"},"img":{"alt_text":"","src":"https:\/\/i0.wp.com\/kohenavocats.com\/wp-content\/uploads\/2024\/08\/mateus-campos-felipe-rgnkCd4rF1A-unsplash.webp?resize=350%2C200&ssl=1","width":350,"height":200,"srcset":"https:\/\/i0.wp.com\/kohenavocats.com\/wp-content\/uploads\/2024\/08\/mateus-campos-felipe-rgnkCd4rF1A-unsplash.webp?resize=350%2C200&ssl=1 1x, https:\/\/i0.wp.com\/kohenavocats.com\/wp-content\/uploads\/2024\/08\/mateus-campos-felipe-rgnkCd4rF1A-unsplash.webp?resize=525%2C300&ssl=1 1.5x, https:\/\/i0.wp.com\/kohenavocats.com\/wp-content\/uploads\/2024\/08\/mateus-campos-felipe-rgnkCd4rF1A-unsplash.webp?resize=700%2C400&ssl=1 2x, https:\/\/i0.wp.com\/kohenavocats.com\/wp-content\/uploads\/2024\/08\/mateus-campos-felipe-rgnkCd4rF1A-unsplash.webp?resize=1050%2C600&ssl=1 3x, https:\/\/i0.wp.com\/kohenavocats.com\/wp-content\/uploads\/2024\/08\/mateus-campos-felipe-rgnkCd4rF1A-unsplash.webp?resize=1400%2C800&ssl=1 4x"},"classes":[]},{"id":610606,"url":"https:\/\/kohenavocats.com\/zh-hans\/tribunal-judiciaire-de-tours-le-3-septembre-2025-n25-01036\/","url_meta":{"origin":665689,"position":5},"title":"Tribunal judiciaire de Tours, le 3 septembre 2025, n\u00b025\/01036","author":"Kohen","date":"2026\u5e744\u670819\u65e5","format":false,"excerpt":"Le tribunal judiciaire de Tours, par jugement du 3\u2026","rel":"","context":"\u5728\u201cJurisprudence\u201d\u4e2d","block_context":{"text":"Jurisprudence","link":"https:\/\/kohenavocats.com\/category\/jurisprudence\/"},"img":{"alt_text":"","src":"https:\/\/i0.wp.com\/kohenavocats.com\/wp-content\/uploads\/2024\/08\/matthew6910-2uWoi7y2S8E-unsplash.webp?resize=350%2C200&ssl=1","width":350,"height":200,"srcset":"https:\/\/i0.wp.com\/kohenavocats.com\/wp-content\/uploads\/2024\/08\/matthew6910-2uWoi7y2S8E-unsplash.webp?resize=350%2C200&ssl=1 1x, https:\/\/i0.wp.com\/kohenavocats.com\/wp-content\/uploads\/2024\/08\/matthew6910-2uWoi7y2S8E-unsplash.webp?resize=525%2C300&ssl=1 1.5x, https:\/\/i0.wp.com\/kohenavocats.com\/wp-content\/uploads\/2024\/08\/matthew6910-2uWoi7y2S8E-unsplash.webp?resize=700%2C400&ssl=1 2x, https:\/\/i0.wp.com\/kohenavocats.com\/wp-content\/uploads\/2024\/08\/matthew6910-2uWoi7y2S8E-unsplash.webp?resize=1050%2C600&ssl=1 3x, https:\/\/i0.wp.com\/kohenavocats.com\/wp-content\/uploads\/2024\/08\/matthew6910-2uWoi7y2S8E-unsplash.webp?resize=1400%2C800&ssl=1 4x"},"classes":[]}],"jetpack_sharing_enabled":true,"_links":{"self":[{"href":"https:\/\/kohenavocats.com\/zh-hans\/wp-json\/wp\/v2\/posts\/665689","targetHints":{"allow":["GET"]}}],"collection":[{"href":"https:\/\/kohenavocats.com\/zh-hans\/wp-json\/wp\/v2\/posts"}],"about":[{"href":"https:\/\/kohenavocats.com\/zh-hans\/wp-json\/wp\/v2\/types\/post"}],"author":[{"embeddable":true,"href":"https:\/\/kohenavocats.com\/zh-hans\/wp-json\/wp\/v2\/users\/232070755"}],"replies":[{"embeddable":true,"href":"https:\/\/kohenavocats.com\/zh-hans\/wp-json\/wp\/v2\/comments?post=665689"}],"version-history":[{"count":1,"href":"https:\/\/kohenavocats.com\/zh-hans\/wp-json\/wp\/v2\/posts\/665689\/revisions"}],"predecessor-version":[{"id":697152,"href":"https:\/\/kohenavocats.com\/zh-hans\/wp-json\/wp\/v2\/posts\/665689\/revisions\/697152"}],"wp:featuredmedia":[{"embeddable":true,"href":"https:\/\/kohenavocats.com\/zh-hans\/wp-json\/wp\/v2\/media\/9664"}],"wp:attachment":[{"href":"https:\/\/kohenavocats.com\/zh-hans\/wp-json\/wp\/v2\/media?parent=665689"}],"wp:term":[{"taxonomy":"category","embeddable":true,"href":"https:\/\/kohenavocats.com\/zh-hans\/wp-json\/wp\/v2\/categories?post=665689"},{"taxonomy":"post_tag","embeddable":true,"href":"https:\/\/kohenavocats.com\/zh-hans\/wp-json\/wp\/v2\/tags?post=665689"}],"curies":[{"name":"wp","href":"https:\/\/api.w.org\/{rel}","templated":true}]}}