{"id":665721,"date":"2026-04-24T00:20:42","date_gmt":"2026-04-23T22:20:42","guid":{"rendered":"https:\/\/kohenavocats.com\/tribunal-judiciaire-de-dax-le-9-janvier-2024-n25-01184\/"},"modified":"2026-04-24T00:20:42","modified_gmt":"2026-04-23T22:20:42","slug":"tribunal-judiciaire-de-dax-le-9-janvier-2024-n25-01184","status":"publish","type":"post","link":"https:\/\/kohenavocats.com\/zh-hans\/tribunal-judiciaire-de-dax-le-9-janvier-2024-n25-01184\/","title":{"rendered":"Tribunal judiciaire de Dax, le 9 janvier 2024, n\u00b025\/01184"},"content":{"rendered":"<div class=\"article-content\">\n<p>Le tribunal judiciaire de Dax, statuant par mise \u00e0 disposition au greffe le 9 janvier 2024, a \u00e9t\u00e9 saisi d\u2019une requ\u00eate en rectification d\u2019erreur mat\u00e9rielle. Une pr\u00e9c\u00e9dente d\u00e9cision de ce tribunal comportait une inexactitude concernant l\u2019identit\u00e9 du liquidateur judiciaire. La juridiction a donc examin\u00e9 les conditions de l\u2019article 462 du code de proc\u00e9dure civile. Elle a accueilli la demande et ordonn\u00e9 la rectification de l\u2019erreur constat\u00e9e dans le dispositif.<\/p>\n<p>La nature rectifiable de l\u2019erreur constat\u00e9e<\/p>\n<p>L\u2019erreur relev\u00e9e consistait en l\u2019omission d\u2019un \u00e9l\u00e9ment du nom du mandataire judiciaire. Le tribunal a qualifi\u00e9 cette inexactitude d\u2019erreur mat\u00e9rielle au sens de l\u2019article 462. Cette disposition pr\u00e9voit que &#8220;l\u2019erreur ou l\u2019omission mat\u00e9rielle qui affecte un jugement, m\u00eame pass\u00e9 en force de chose jug\u00e9, peut toujours \u00eatre r\u00e9par\u00e9e&#8221; (Motifs de la d\u00e9cision). Le juge a ainsi appliqu\u00e9 un texte permettant de corriger les d\u00e9fauts formels n\u2019affectant pas le sens de la d\u00e9cision.<\/p>\n<p>La port\u00e9e de cette qualification est essentielle pour la s\u00e9curit\u00e9 juridique. Elle permet d\u2019assurer l\u2019exactitude formelle des actes sans rouvrir le d\u00e9bat sur le fond. La jurisprudence rappelle d\u2019ailleurs que &#8220;Les erreurs et omissions mat\u00e9rielles qui affectent un jugement, m\u00eame pass\u00e9 en force de chose jug\u00e9e, peuvent toujours \u00eatre r\u00e9par\u00e9es&#8221; (Cour d\u2019appel, le 23 octobre 2025, n\u00b024\/09795). Cette solution garantit l\u2019autorit\u00e9 de la chose jug\u00e9e tout en corrigeant les imperfections.<\/p>\n<p>Les modalit\u00e9s proc\u00e9durales de la rectification<\/p>\n<p>La juridiction a statu\u00e9 sur requ\u00eate, sans audience, conform\u00e9ment \u00e0 la proc\u00e9dure simplifi\u00e9e. Le tribunal a directement modifi\u00e9 le dispositif du jugement initial pour y ins\u00e9rer le nom complet du liquidateur. Il a pr\u00e9cis\u00e9 que &#8220;le paragraphe situ\u00e9 au dispositif (&#8230;) est annul\u00e9 et remplac\u00e9&#8221; par la formulation corrig\u00e9e (Dispositif). Cette intervention minimale pr\u00e9serve l\u2019\u00e9conomie g\u00e9n\u00e9rale de la d\u00e9cision tout en r\u00e9tablissant la v\u00e9rit\u00e9.<\/p>\n<p>La valeur de cette proc\u00e9dure r\u00e9side dans son efficacit\u00e9 et sa c\u00e9l\u00e9rit\u00e9. La d\u00e9cision rectificative doit \u00eatre &#8220;mentionn\u00e9e sur la minute et les exp\u00e9ditions de la d\u00e9cision rectifi\u00e9e&#8221; (Dispositif). Cette formalit\u00e9 assure la coh\u00e9rence entre l\u2019original et ses copies. Comme le souligne une autre jurisprudence, &#8220;La d\u00e9cision rectificative est mentionn\u00e9e sur la minute et sur les exp\u00e9ditions du jugement&#8221; (Cour d\u2019appel de Paris, le 2 juin 2023, n\u00b023\/01973). L\u2019erreur est ainsi effac\u00e9e pour l\u2019avenir sans vicier le pass\u00e9.<\/p>\n<\/div>\n","protected":false},"excerpt":{"rendered":"<p>Le tribunal judiciaire de Dax, statuant par mise \u00e0 disposition au greffe le 9 janvier 2024, a \u00e9t\u00e9 saisi d\u2019une requ\u00eate en rectification d\u2019erreur mat\u00e9rielle. U&#8230;<\/p>\n","protected":false},"author":232070755,"featured_media":4726,"comment_status":"open","ping_status":"open","sticky":false,"template":"","format":"standard","meta":{"_crdt_document":"","_jetpack_newsletter_access":"","_jetpack_dont_email_post_to_subs":false,"_jetpack_newsletter_tier_id":0,"_jetpack_memberships_contains_paywalled_content":false,"_kj_source_type":"judilibre","_kj_official_id":"68daccea763c15057e56cf30","_kj_official_url":"https:\/\/www.courdecassation.fr\/decision\/68daccea763c15057e56cf30","_kj_judilibre_id":"68daccea763c15057e56cf30","_kj_jur":"Tribunal judiciaire","_kj_lieu":"Tribunal judiciaire de Dax","_kj_chambre":"1\u00e8re CHAMBRE","_kj_rg":"25\/01184","_kj_date":"2025-09-24","_jetpack_memberships_contains_paid_content":false,"footnotes":"","jetpack_post_was_ever_published":false},"categories":[7597],"tags":[],"class_list":["post-665721","post","type-post","status-publish","format-standard","has-post-thumbnail","hentry","category-jurisprudence"],"yoast_head":"<!-- This site is optimized with the Yoast SEO Premium plugin v27.5 (Yoast SEO v27.5) - https:\/\/yoast.com\/product\/yoast-seo-premium-wordpress\/ -->\n<title>Tribunal judiciaire de Dax, le 9 janvier 2024, n\u00b025\/01184 - Ma\u00eetre Hassan Kohen, avocat en droit p\u00e9nal \u00e0 Paris<\/title>\n<meta name=\"description\" content=\"Le tribunal judiciaire de Dax, statuant par mise \u00e0 disposition au greffe le 9 janvier 2024, a \u00e9t\u00e9 saisi d\u2019une requ\u00eate en rectification d\u2019erreur mat\u00e9rielle. U...\" \/>\n<meta name=\"robots\" content=\"index, follow, max-snippet:-1, max-image-preview:large, max-video-preview:-1\" \/>\n<link rel=\"canonical\" href=\"https:\/\/kohenavocats.com\/zh-hans\/tribunal-judiciaire-de-dax-le-9-janvier-2024-n25-01184\/\" \/>\n<meta property=\"og:locale\" content=\"zh_CN\" \/>\n<meta property=\"og:type\" content=\"article\" \/>\n<meta property=\"og:title\" content=\"Tribunal judiciaire de Dax, le 9 janvier 2024, n\u00b025\/01184\" \/>\n<meta property=\"og:description\" content=\"Le tribunal judiciaire de Dax, statuant par mise \u00e0 disposition au greffe le 9 janvier 2024, a \u00e9t\u00e9 saisi d\u2019une requ\u00eate en rectification d\u2019erreur mat\u00e9rielle. U...\" \/>\n<meta property=\"og:url\" content=\"https:\/\/kohenavocats.com\/zh-hans\/tribunal-judiciaire-de-dax-le-9-janvier-2024-n25-01184\/\" \/>\n<meta property=\"og:site_name\" content=\"Ma\u00eetre Hassan Kohen, avocat en droit p\u00e9nal \u00e0 Paris\" \/>\n<meta property=\"article:published_time\" content=\"2026-04-23T22:20:42+00:00\" \/>\n<meta property=\"og:image\" content=\"https:\/\/kohenavocats.com\/wp-content\/uploads\/2024\/08\/denise-schuld-zasdQFfh4oA-unsplash.webp\" \/>\n\t<meta property=\"og:image:width\" content=\"4064\" \/>\n\t<meta property=\"og:image:height\" content=\"2709\" \/>\n\t<meta property=\"og:image:type\" content=\"image\/webp\" \/>\n<meta name=\"author\" content=\"Kohen\" \/>\n<meta name=\"twitter:card\" content=\"summary_large_image\" \/>\n<meta name=\"twitter:label1\" content=\"\u4f5c\u8005\" \/>\n\t<meta name=\"twitter:data1\" content=\"Kohen\" \/>\n\t<meta name=\"twitter:label2\" content=\"\u9884\u8ba1\u9605\u8bfb\u65f6\u95f4\" \/>\n\t<meta name=\"twitter:data2\" content=\"2 \u5206\" \/>\n<script type=\"application\/ld+json\" class=\"yoast-schema-graph\">{\"@context\":\"https:\\\/\\\/schema.org\",\"@graph\":[{\"@type\":\"Article\",\"@id\":\"https:\\\/\\\/kohenavocats.com\\\/zh-hans\\\/tribunal-judiciaire-de-dax-le-9-janvier-2024-n25-01184\\\/#article\",\"isPartOf\":{\"@id\":\"https:\\\/\\\/kohenavocats.com\\\/zh-hans\\\/tribunal-judiciaire-de-dax-le-9-janvier-2024-n25-01184\\\/\"},\"author\":{\"name\":\"Kohen\",\"@id\":\"https:\\\/\\\/kohenavocats.com\\\/zh-hans\\\/#\\\/schema\\\/person\\\/761c9ba54fa1ca84d405cef0831ff751\"},\"headline\":\"Tribunal judiciaire de Dax, le 9 janvier 2024, n\u00b025\\\/01184\",\"datePublished\":\"2026-04-23T22:20:42+00:00\",\"mainEntityOfPage\":{\"@id\":\"https:\\\/\\\/kohenavocats.com\\\/zh-hans\\\/tribunal-judiciaire-de-dax-le-9-janvier-2024-n25-01184\\\/\"},\"wordCount\":442,\"commentCount\":0,\"publisher\":{\"@id\":\"https:\\\/\\\/kohenavocats.com\\\/zh-hans\\\/#organization\"},\"image\":{\"@id\":\"https:\\\/\\\/kohenavocats.com\\\/zh-hans\\\/tribunal-judiciaire-de-dax-le-9-janvier-2024-n25-01184\\\/#primaryimage\"},\"thumbnailUrl\":\"https:\\\/\\\/kohenavocats.com\\\/wp-content\\\/uploads\\\/2024\\\/08\\\/denise-schuld-zasdQFfh4oA-unsplash.webp\",\"articleSection\":[\"Jurisprudence\"],\"inLanguage\":\"zh-Hans\",\"potentialAction\":[{\"@type\":\"CommentAction\",\"name\":\"Comment\",\"target\":[\"https:\\\/\\\/kohenavocats.com\\\/zh-hans\\\/tribunal-judiciaire-de-dax-le-9-janvier-2024-n25-01184\\\/#respond\"]}],\"citation\":\"Tribunal judiciaire de Dax, le 9 janvier 2024, n\u00b025\\\/01184\",\"about\":[{\"@type\":\"Thing\",\"name\":\"Jurisprudence\"}],\"dateModified\":\"2026-04-23T22:20:42+00:00\",\"speakable\":{\"@type\":\"SpeakableSpecification\",\"cssSelector\":[\".article-content > p:first-of-type\"]}},{\"@type\":\"WebPage\",\"@id\":\"https:\\\/\\\/kohenavocats.com\\\/zh-hans\\\/tribunal-judiciaire-de-dax-le-9-janvier-2024-n25-01184\\\/\",\"url\":\"https:\\\/\\\/kohenavocats.com\\\/zh-hans\\\/tribunal-judiciaire-de-dax-le-9-janvier-2024-n25-01184\\\/\",\"name\":\"Tribunal judiciaire de Dax, le 9 janvier 2024, n\u00b025\\\/01184 - Ma\u00eetre Hassan Kohen, avocat en droit p\u00e9nal \u00e0 Paris\",\"isPartOf\":{\"@id\":\"https:\\\/\\\/kohenavocats.com\\\/zh-hans\\\/#website\"},\"primaryImageOfPage\":{\"@id\":\"https:\\\/\\\/kohenavocats.com\\\/zh-hans\\\/tribunal-judiciaire-de-dax-le-9-janvier-2024-n25-01184\\\/#primaryimage\"},\"image\":{\"@id\":\"https:\\\/\\\/kohenavocats.com\\\/zh-hans\\\/tribunal-judiciaire-de-dax-le-9-janvier-2024-n25-01184\\\/#primaryimage\"},\"thumbnailUrl\":\"https:\\\/\\\/kohenavocats.com\\\/wp-content\\\/uploads\\\/2024\\\/08\\\/denise-schuld-zasdQFfh4oA-unsplash.webp\",\"datePublished\":\"2026-04-23T22:20:42+00:00\",\"description\":\"Le tribunal judiciaire de Dax, statuant par mise \u00e0 disposition au greffe le 9 janvier 2024, a \u00e9t\u00e9 saisi d\u2019une requ\u00eate en rectification d\u2019erreur mat\u00e9rielle. U...\",\"breadcrumb\":{\"@id\":\"https:\\\/\\\/kohenavocats.com\\\/zh-hans\\\/tribunal-judiciaire-de-dax-le-9-janvier-2024-n25-01184\\\/#breadcrumb\"},\"inLanguage\":\"zh-Hans\",\"potentialAction\":[{\"@type\":\"ReadAction\",\"target\":[\"https:\\\/\\\/kohenavocats.com\\\/zh-hans\\\/tribunal-judiciaire-de-dax-le-9-janvier-2024-n25-01184\\\/\"]}]},{\"@type\":\"ImageObject\",\"inLanguage\":\"zh-Hans\",\"@id\":\"https:\\\/\\\/kohenavocats.com\\\/zh-hans\\\/tribunal-judiciaire-de-dax-le-9-janvier-2024-n25-01184\\\/#primaryimage\",\"url\":\"https:\\\/\\\/kohenavocats.com\\\/wp-content\\\/uploads\\\/2024\\\/08\\\/denise-schuld-zasdQFfh4oA-unsplash.webp\",\"contentUrl\":\"https:\\\/\\\/kohenavocats.com\\\/wp-content\\\/uploads\\\/2024\\\/08\\\/denise-schuld-zasdQFfh4oA-unsplash.webp\",\"width\":4064,\"height\":2709},{\"@type\":\"BreadcrumbList\",\"@id\":\"https:\\\/\\\/kohenavocats.com\\\/zh-hans\\\/tribunal-judiciaire-de-dax-le-9-janvier-2024-n25-01184\\\/#breadcrumb\",\"itemListElement\":[{\"@type\":\"ListItem\",\"position\":1,\"name\":\"Home\",\"item\":\"https:\\\/\\\/kohenavocats.com\\\/zh-hans\\\/\"},{\"@type\":\"ListItem\",\"position\":2,\"name\":\"Tribunal judiciaire de Dax, le 9 janvier 2024, n\u00b025\\\/01184\"}]},{\"@type\":\"WebSite\",\"@id\":\"https:\\\/\\\/kohenavocats.com\\\/zh-hans\\\/#website\",\"url\":\"https:\\\/\\\/kohenavocats.com\\\/zh-hans\\\/\",\"name\":\"Kohen Avocats\",\"description\":\"Ma\u00eetre Hassan Kohen, avocat p\u00e9naliste \u00e0 Paris, intervient exclusivement en droit p\u00e9nal pour la d\u00e9fense des particuliers, notamment en mati\u00e8re d\u2019accusations de viol. Il assure un accompagnement rigoureux d\u00e8s la garde \u00e0 vue jusqu\u2019\u00e0 la Cour d\u2019assises, veillant au strict respect des garanties proc\u00e9durales.\",\"publisher\":{\"@id\":\"https:\\\/\\\/kohenavocats.com\\\/zh-hans\\\/#organization\"},\"potentialAction\":[{\"@type\":\"SearchAction\",\"target\":{\"@type\":\"EntryPoint\",\"urlTemplate\":\"https:\\\/\\\/kohenavocats.com\\\/zh-hans\\\/?s={search_term_string}\"},\"query-input\":{\"@type\":\"PropertyValueSpecification\",\"valueRequired\":true,\"valueName\":\"search_term_string\"}}],\"inLanguage\":\"zh-Hans\"},{\"@type\":\"Organization\",\"@id\":\"https:\\\/\\\/kohenavocats.com\\\/zh-hans\\\/#organization\",\"name\":\"Kohen Avocats\",\"url\":\"https:\\\/\\\/kohenavocats.com\\\/zh-hans\\\/\",\"logo\":{\"@type\":\"ImageObject\",\"inLanguage\":\"zh-Hans\",\"@id\":\"https:\\\/\\\/kohenavocats.com\\\/zh-hans\\\/#\\\/schema\\\/logo\\\/image\\\/\",\"url\":\"https:\\\/\\\/kohenavocats.com\\\/wp-content\\\/uploads\\\/2026\\\/01\\\/Logo-2-1.webp\",\"contentUrl\":\"https:\\\/\\\/kohenavocats.com\\\/wp-content\\\/uploads\\\/2026\\\/01\\\/Logo-2-1.webp\",\"width\":2114,\"height\":1253,\"caption\":\"Kohen Avocats\"},\"image\":{\"@id\":\"https:\\\/\\\/kohenavocats.com\\\/zh-hans\\\/#\\\/schema\\\/logo\\\/image\\\/\"}},{\"@type\":\"Person\",\"@id\":\"https:\\\/\\\/kohenavocats.com\\\/zh-hans\\\/#\\\/schema\\\/person\\\/761c9ba54fa1ca84d405cef0831ff751\",\"name\":\"Kohen\",\"image\":{\"@type\":\"ImageObject\",\"inLanguage\":\"zh-Hans\",\"@id\":\"https:\\\/\\\/secure.gravatar.com\\\/avatar\\\/1c5e76ef76bbbfdd2b4da984e2bf2fa4056fd51a27d25ce2c332047f1dfd6e00?s=96&d=identicon&r=g\",\"url\":\"https:\\\/\\\/secure.gravatar.com\\\/avatar\\\/1c5e76ef76bbbfdd2b4da984e2bf2fa4056fd51a27d25ce2c332047f1dfd6e00?s=96&d=identicon&r=g\",\"contentUrl\":\"https:\\\/\\\/secure.gravatar.com\\\/avatar\\\/1c5e76ef76bbbfdd2b4da984e2bf2fa4056fd51a27d25ce2c332047f1dfd6e00?s=96&d=identicon&r=g\",\"caption\":\"Kohen\"},\"sameAs\":[\"https:\\\/\\\/www.linkedin.com\\\/in\\\/hassan-kohen-448548192\\\/\",\"https:\\\/\\\/www.youtube.com\\\/@Kohen-Avocats\"],\"url\":\"https:\\\/\\\/kohenavocats.com\\\/zh-hans\\\/author\\\/kohenmlk\\\/\"}]}<\/script>\n<!-- \/ Yoast SEO Premium plugin. -->","yoast_head_json":{"title":"Tribunal judiciaire de Dax, le 9 janvier 2024, n\u00b025\/01184 - Ma\u00eetre Hassan Kohen, avocat en droit p\u00e9nal \u00e0 Paris","description":"Le tribunal judiciaire de Dax, statuant par mise \u00e0 disposition au greffe le 9 janvier 2024, a \u00e9t\u00e9 saisi d\u2019une requ\u00eate en rectification d\u2019erreur mat\u00e9rielle. U...","robots":{"index":"index","follow":"follow","max-snippet":"max-snippet:-1","max-image-preview":"max-image-preview:large","max-video-preview":"max-video-preview:-1"},"canonical":"https:\/\/kohenavocats.com\/zh-hans\/tribunal-judiciaire-de-dax-le-9-janvier-2024-n25-01184\/","og_locale":"zh_CN","og_type":"article","og_title":"Tribunal judiciaire de Dax, le 9 janvier 2024, n\u00b025\/01184","og_description":"Le tribunal judiciaire de Dax, statuant par mise \u00e0 disposition au greffe le 9 janvier 2024, a \u00e9t\u00e9 saisi d\u2019une requ\u00eate en rectification d\u2019erreur mat\u00e9rielle. U...","og_url":"https:\/\/kohenavocats.com\/zh-hans\/tribunal-judiciaire-de-dax-le-9-janvier-2024-n25-01184\/","og_site_name":"Ma\u00eetre Hassan Kohen, avocat en droit p\u00e9nal \u00e0 Paris","article_published_time":"2026-04-23T22:20:42+00:00","og_image":[{"width":4064,"height":2709,"url":"https:\/\/kohenavocats.com\/wp-content\/uploads\/2024\/08\/denise-schuld-zasdQFfh4oA-unsplash.webp","type":"image\/webp"}],"author":"Kohen","twitter_card":"summary_large_image","twitter_misc":{"\u4f5c\u8005":"Kohen","\u9884\u8ba1\u9605\u8bfb\u65f6\u95f4":"2 \u5206"},"schema":{"@context":"https:\/\/schema.org","@graph":[{"@type":"Article","@id":"https:\/\/kohenavocats.com\/zh-hans\/tribunal-judiciaire-de-dax-le-9-janvier-2024-n25-01184\/#article","isPartOf":{"@id":"https:\/\/kohenavocats.com\/zh-hans\/tribunal-judiciaire-de-dax-le-9-janvier-2024-n25-01184\/"},"author":{"name":"Kohen","@id":"https:\/\/kohenavocats.com\/zh-hans\/#\/schema\/person\/761c9ba54fa1ca84d405cef0831ff751"},"headline":"Tribunal judiciaire de Dax, le 9 janvier 2024, n\u00b025\/01184","datePublished":"2026-04-23T22:20:42+00:00","mainEntityOfPage":{"@id":"https:\/\/kohenavocats.com\/zh-hans\/tribunal-judiciaire-de-dax-le-9-janvier-2024-n25-01184\/"},"wordCount":442,"commentCount":0,"publisher":{"@id":"https:\/\/kohenavocats.com\/zh-hans\/#organization"},"image":{"@id":"https:\/\/kohenavocats.com\/zh-hans\/tribunal-judiciaire-de-dax-le-9-janvier-2024-n25-01184\/#primaryimage"},"thumbnailUrl":"https:\/\/kohenavocats.com\/wp-content\/uploads\/2024\/08\/denise-schuld-zasdQFfh4oA-unsplash.webp","articleSection":["Jurisprudence"],"inLanguage":"zh-Hans","potentialAction":[{"@type":"CommentAction","name":"Comment","target":["https:\/\/kohenavocats.com\/zh-hans\/tribunal-judiciaire-de-dax-le-9-janvier-2024-n25-01184\/#respond"]}],"citation":"Tribunal judiciaire de Dax, le 9 janvier 2024, n\u00b025\/01184","about":[{"@type":"Thing","name":"Jurisprudence"}],"dateModified":"2026-04-23T22:20:42+00:00","speakable":{"@type":"SpeakableSpecification","cssSelector":[".article-content > p:first-of-type"]}},{"@type":"WebPage","@id":"https:\/\/kohenavocats.com\/zh-hans\/tribunal-judiciaire-de-dax-le-9-janvier-2024-n25-01184\/","url":"https:\/\/kohenavocats.com\/zh-hans\/tribunal-judiciaire-de-dax-le-9-janvier-2024-n25-01184\/","name":"Tribunal judiciaire de Dax, le 9 janvier 2024, n\u00b025\/01184 - Ma\u00eetre Hassan Kohen, avocat en droit p\u00e9nal \u00e0 Paris","isPartOf":{"@id":"https:\/\/kohenavocats.com\/zh-hans\/#website"},"primaryImageOfPage":{"@id":"https:\/\/kohenavocats.com\/zh-hans\/tribunal-judiciaire-de-dax-le-9-janvier-2024-n25-01184\/#primaryimage"},"image":{"@id":"https:\/\/kohenavocats.com\/zh-hans\/tribunal-judiciaire-de-dax-le-9-janvier-2024-n25-01184\/#primaryimage"},"thumbnailUrl":"https:\/\/kohenavocats.com\/wp-content\/uploads\/2024\/08\/denise-schuld-zasdQFfh4oA-unsplash.webp","datePublished":"2026-04-23T22:20:42+00:00","description":"Le tribunal judiciaire de Dax, statuant par mise \u00e0 disposition au greffe le 9 janvier 2024, a \u00e9t\u00e9 saisi d\u2019une requ\u00eate en rectification d\u2019erreur mat\u00e9rielle. U...","breadcrumb":{"@id":"https:\/\/kohenavocats.com\/zh-hans\/tribunal-judiciaire-de-dax-le-9-janvier-2024-n25-01184\/#breadcrumb"},"inLanguage":"zh-Hans","potentialAction":[{"@type":"ReadAction","target":["https:\/\/kohenavocats.com\/zh-hans\/tribunal-judiciaire-de-dax-le-9-janvier-2024-n25-01184\/"]}]},{"@type":"ImageObject","inLanguage":"zh-Hans","@id":"https:\/\/kohenavocats.com\/zh-hans\/tribunal-judiciaire-de-dax-le-9-janvier-2024-n25-01184\/#primaryimage","url":"https:\/\/kohenavocats.com\/wp-content\/uploads\/2024\/08\/denise-schuld-zasdQFfh4oA-unsplash.webp","contentUrl":"https:\/\/kohenavocats.com\/wp-content\/uploads\/2024\/08\/denise-schuld-zasdQFfh4oA-unsplash.webp","width":4064,"height":2709},{"@type":"BreadcrumbList","@id":"https:\/\/kohenavocats.com\/zh-hans\/tribunal-judiciaire-de-dax-le-9-janvier-2024-n25-01184\/#breadcrumb","itemListElement":[{"@type":"ListItem","position":1,"name":"Home","item":"https:\/\/kohenavocats.com\/zh-hans\/"},{"@type":"ListItem","position":2,"name":"Tribunal judiciaire de Dax, le 9 janvier 2024, n\u00b025\/01184"}]},{"@type":"WebSite","@id":"https:\/\/kohenavocats.com\/zh-hans\/#website","url":"https:\/\/kohenavocats.com\/zh-hans\/","name":"Kohen Avocats","description":"Ma\u00eetre Hassan Kohen, avocat p\u00e9naliste \u00e0 Paris, intervient exclusivement en droit p\u00e9nal pour la d\u00e9fense des particuliers, notamment en mati\u00e8re d\u2019accusations de viol. Il assure un accompagnement rigoureux d\u00e8s la garde \u00e0 vue jusqu\u2019\u00e0 la Cour d\u2019assises, veillant au strict respect des garanties proc\u00e9durales.","publisher":{"@id":"https:\/\/kohenavocats.com\/zh-hans\/#organization"},"potentialAction":[{"@type":"SearchAction","target":{"@type":"EntryPoint","urlTemplate":"https:\/\/kohenavocats.com\/zh-hans\/?s={search_term_string}"},"query-input":{"@type":"PropertyValueSpecification","valueRequired":true,"valueName":"search_term_string"}}],"inLanguage":"zh-Hans"},{"@type":"Organization","@id":"https:\/\/kohenavocats.com\/zh-hans\/#organization","name":"Kohen Avocats","url":"https:\/\/kohenavocats.com\/zh-hans\/","logo":{"@type":"ImageObject","inLanguage":"zh-Hans","@id":"https:\/\/kohenavocats.com\/zh-hans\/#\/schema\/logo\/image\/","url":"https:\/\/kohenavocats.com\/wp-content\/uploads\/2026\/01\/Logo-2-1.webp","contentUrl":"https:\/\/kohenavocats.com\/wp-content\/uploads\/2026\/01\/Logo-2-1.webp","width":2114,"height":1253,"caption":"Kohen Avocats"},"image":{"@id":"https:\/\/kohenavocats.com\/zh-hans\/#\/schema\/logo\/image\/"}},{"@type":"Person","@id":"https:\/\/kohenavocats.com\/zh-hans\/#\/schema\/person\/761c9ba54fa1ca84d405cef0831ff751","name":"Kohen","image":{"@type":"ImageObject","inLanguage":"zh-Hans","@id":"https:\/\/secure.gravatar.com\/avatar\/1c5e76ef76bbbfdd2b4da984e2bf2fa4056fd51a27d25ce2c332047f1dfd6e00?s=96&d=identicon&r=g","url":"https:\/\/secure.gravatar.com\/avatar\/1c5e76ef76bbbfdd2b4da984e2bf2fa4056fd51a27d25ce2c332047f1dfd6e00?s=96&d=identicon&r=g","contentUrl":"https:\/\/secure.gravatar.com\/avatar\/1c5e76ef76bbbfdd2b4da984e2bf2fa4056fd51a27d25ce2c332047f1dfd6e00?s=96&d=identicon&r=g","caption":"Kohen"},"sameAs":["https:\/\/www.linkedin.com\/in\/hassan-kohen-448548192\/","https:\/\/www.youtube.com\/@Kohen-Avocats"],"url":"https:\/\/kohenavocats.com\/zh-hans\/author\/kohenmlk\/"}]}},"jetpack_featured_media_url":"https:\/\/kohenavocats.com\/wp-content\/uploads\/2024\/08\/denise-schuld-zasdQFfh4oA-unsplash.webp","jetpack_likes_enabled":false,"jetpack_shortlink":"https:\/\/wp.me\/peCrII-2Nbr","jetpack-related-posts":[{"id":479280,"url":"https:\/\/kohenavocats.com\/zh-hans\/cour-dappel-de-nimes-le-4-novembre-2025-n25-03262-2\/","url_meta":{"origin":665721,"position":0},"title":"Cour d&#8217;appel de N\u00eemes, le 4 novembre 2025, n\u00b025\/03262","author":"Kohen","date":"2026\u5e744\u67087\u65e5","format":false,"excerpt":"La Cour d'appel de N\u00eemes, statuant sans audience l\u2026","rel":"","context":"\u5728\u201cJurisprudence\u201d\u4e2d","block_context":{"text":"Jurisprudence","link":"https:\/\/kohenavocats.com\/category\/jurisprudence\/"},"img":{"alt_text":"","src":"https:\/\/i0.wp.com\/kohenavocats.com\/wp-content\/uploads\/2024\/07\/louis-velazquez-XWW746i6WoM-unsplash.webp?resize=350%2C200&ssl=1","width":350,"height":200,"srcset":"https:\/\/i0.wp.com\/kohenavocats.com\/wp-content\/uploads\/2024\/07\/louis-velazquez-XWW746i6WoM-unsplash.webp?resize=350%2C200&ssl=1 1x, https:\/\/i0.wp.com\/kohenavocats.com\/wp-content\/uploads\/2024\/07\/louis-velazquez-XWW746i6WoM-unsplash.webp?resize=525%2C300&ssl=1 1.5x, https:\/\/i0.wp.com\/kohenavocats.com\/wp-content\/uploads\/2024\/07\/louis-velazquez-XWW746i6WoM-unsplash.webp?resize=700%2C400&ssl=1 2x, https:\/\/i0.wp.com\/kohenavocats.com\/wp-content\/uploads\/2024\/07\/louis-velazquez-XWW746i6WoM-unsplash.webp?resize=1050%2C600&ssl=1 3x, https:\/\/i0.wp.com\/kohenavocats.com\/wp-content\/uploads\/2024\/07\/louis-velazquez-XWW746i6WoM-unsplash.webp?resize=1400%2C800&ssl=1 4x"},"classes":[]},{"id":663972,"url":"https:\/\/kohenavocats.com\/zh-hans\/cour-dappel-le-24-avril-2025-n25-01515\/","url_meta":{"origin":665721,"position":1},"title":"Cour d&#8217;appel, le 24 avril 2025, n\u00b025\/01515","author":"Kohen","date":"2026\u5e744\u670823\u65e5","format":false,"excerpt":"La Cour d'appel, statuant le 24 avril 2025, a \u00e9t\u00e9 \u2026","rel":"","context":"\u5728\u201cJurisprudence\u201d\u4e2d","block_context":{"text":"Jurisprudence","link":"https:\/\/kohenavocats.com\/category\/jurisprudence\/"},"img":{"alt_text":"","src":"https:\/\/i0.wp.com\/kohenavocats.com\/wp-content\/uploads\/2024\/11\/getty-images-tv21aoxFzwY-unsplash.webp?resize=350%2C200&ssl=1","width":350,"height":200,"srcset":"https:\/\/i0.wp.com\/kohenavocats.com\/wp-content\/uploads\/2024\/11\/getty-images-tv21aoxFzwY-unsplash.webp?resize=350%2C200&ssl=1 1x, https:\/\/i0.wp.com\/kohenavocats.com\/wp-content\/uploads\/2024\/11\/getty-images-tv21aoxFzwY-unsplash.webp?resize=525%2C300&ssl=1 1.5x, https:\/\/i0.wp.com\/kohenavocats.com\/wp-content\/uploads\/2024\/11\/getty-images-tv21aoxFzwY-unsplash.webp?resize=700%2C400&ssl=1 2x, https:\/\/i0.wp.com\/kohenavocats.com\/wp-content\/uploads\/2024\/11\/getty-images-tv21aoxFzwY-unsplash.webp?resize=1050%2C600&ssl=1 3x, https:\/\/i0.wp.com\/kohenavocats.com\/wp-content\/uploads\/2024\/11\/getty-images-tv21aoxFzwY-unsplash.webp?resize=1400%2C800&ssl=1 4x"},"classes":[]},{"id":647017,"url":"https:\/\/kohenavocats.com\/zh-hans\/tribunal-judiciaire-de-saint-denis-le-6-octobre-2025-n25-00435-2\/","url_meta":{"origin":665721,"position":2},"title":"Tribunal judiciaire de Saint-Denis, le 6 octobre 2025, n\u00b025\/00435","author":"Kohen","date":"2026\u5e744\u670822\u65e5","format":false,"excerpt":"Le tribunal judiciaire de Saint-Denis, statuant en\u2026","rel":"","context":"\u5728\u201cJurisprudence\u201d\u4e2d","block_context":{"text":"Jurisprudence","link":"https:\/\/kohenavocats.com\/category\/jurisprudence\/"},"img":{"alt_text":"","src":"https:\/\/i0.wp.com\/kohenavocats.com\/wp-content\/uploads\/2024\/08\/sylvia-yang-_ar2ENzmqb0-unsplash.webp?resize=350%2C200&ssl=1","width":350,"height":200,"srcset":"https:\/\/i0.wp.com\/kohenavocats.com\/wp-content\/uploads\/2024\/08\/sylvia-yang-_ar2ENzmqb0-unsplash.webp?resize=350%2C200&ssl=1 1x, https:\/\/i0.wp.com\/kohenavocats.com\/wp-content\/uploads\/2024\/08\/sylvia-yang-_ar2ENzmqb0-unsplash.webp?resize=525%2C300&ssl=1 1.5x, https:\/\/i0.wp.com\/kohenavocats.com\/wp-content\/uploads\/2024\/08\/sylvia-yang-_ar2ENzmqb0-unsplash.webp?resize=700%2C400&ssl=1 2x, https:\/\/i0.wp.com\/kohenavocats.com\/wp-content\/uploads\/2024\/08\/sylvia-yang-_ar2ENzmqb0-unsplash.webp?resize=1050%2C600&ssl=1 3x, https:\/\/i0.wp.com\/kohenavocats.com\/wp-content\/uploads\/2024\/08\/sylvia-yang-_ar2ENzmqb0-unsplash.webp?resize=1400%2C800&ssl=1 4x"},"classes":[]},{"id":654605,"url":"https:\/\/kohenavocats.com\/zh-hans\/tribunal-judiciaire-de-meaux-le-1-octobre-2025-n25-04080\/","url_meta":{"origin":665721,"position":3},"title":"Tribunal judiciaire de Meaux, le 1 octobre 2025, n\u00b025\/04080","author":"Kohen","date":"2026\u5e744\u670823\u65e5","format":false,"excerpt":"Le Tribunal judiciaire de Meaux, statuant en premi\u2026","rel":"","context":"\u5728\u201cJurisprudence\u201d\u4e2d","block_context":{"text":"Jurisprudence","link":"https:\/\/kohenavocats.com\/category\/jurisprudence\/"},"img":{"alt_text":"","src":"https:\/\/i0.wp.com\/kohenavocats.com\/wp-content\/uploads\/2024\/11\/samuel-pujades-3y1FUf7mjFw-unsplash.webp?resize=350%2C200&ssl=1","width":350,"height":200,"srcset":"https:\/\/i0.wp.com\/kohenavocats.com\/wp-content\/uploads\/2024\/11\/samuel-pujades-3y1FUf7mjFw-unsplash.webp?resize=350%2C200&ssl=1 1x, https:\/\/i0.wp.com\/kohenavocats.com\/wp-content\/uploads\/2024\/11\/samuel-pujades-3y1FUf7mjFw-unsplash.webp?resize=525%2C300&ssl=1 1.5x, https:\/\/i0.wp.com\/kohenavocats.com\/wp-content\/uploads\/2024\/11\/samuel-pujades-3y1FUf7mjFw-unsplash.webp?resize=700%2C400&ssl=1 2x, https:\/\/i0.wp.com\/kohenavocats.com\/wp-content\/uploads\/2024\/11\/samuel-pujades-3y1FUf7mjFw-unsplash.webp?resize=1050%2C600&ssl=1 3x, https:\/\/i0.wp.com\/kohenavocats.com\/wp-content\/uploads\/2024\/11\/samuel-pujades-3y1FUf7mjFw-unsplash.webp?resize=1400%2C800&ssl=1 4x"},"classes":[]},{"id":646636,"url":"https:\/\/kohenavocats.com\/zh-hans\/tribunal-judiciaire-de-grenoble-le-3-juillet-2025-n25-04316\/","url_meta":{"origin":665721,"position":4},"title":"Tribunal judiciaire de Grenoble, le 3 juillet 2025, n\u00b025\/04316","author":"Kohen","date":"2026\u5e744\u670822\u65e5","format":false,"excerpt":"Le Tribunal judiciaire, statuant le 3 juillet 2025\u2026","rel":"","context":"\u5728\u201cJurisprudence\u201d\u4e2d","block_context":{"text":"Jurisprudence","link":"https:\/\/kohenavocats.com\/category\/jurisprudence\/"},"img":{"alt_text":"","src":"https:\/\/i0.wp.com\/kohenavocats.com\/wp-content\/uploads\/2024\/07\/wesley-tingey-KJgkqQcdynQ-unsplash.webp?resize=350%2C200&ssl=1","width":350,"height":200,"srcset":"https:\/\/i0.wp.com\/kohenavocats.com\/wp-content\/uploads\/2024\/07\/wesley-tingey-KJgkqQcdynQ-unsplash.webp?resize=350%2C200&ssl=1 1x, https:\/\/i0.wp.com\/kohenavocats.com\/wp-content\/uploads\/2024\/07\/wesley-tingey-KJgkqQcdynQ-unsplash.webp?resize=525%2C300&ssl=1 1.5x, https:\/\/i0.wp.com\/kohenavocats.com\/wp-content\/uploads\/2024\/07\/wesley-tingey-KJgkqQcdynQ-unsplash.webp?resize=700%2C400&ssl=1 2x, https:\/\/i0.wp.com\/kohenavocats.com\/wp-content\/uploads\/2024\/07\/wesley-tingey-KJgkqQcdynQ-unsplash.webp?resize=1050%2C600&ssl=1 3x, https:\/\/i0.wp.com\/kohenavocats.com\/wp-content\/uploads\/2024\/07\/wesley-tingey-KJgkqQcdynQ-unsplash.webp?resize=1400%2C800&ssl=1 4x"},"classes":[]},{"id":636164,"url":"https:\/\/kohenavocats.com\/zh-hans\/tribunal-judiciaire-de-paris-le-10-octobre-2025-n25-00943\/","url_meta":{"origin":665721,"position":5},"title":"Tribunal judiciaire de Paris, le 10 octobre 2025, n\u00b025\/00943","author":"Kohen","date":"2026\u5e744\u670821\u65e5","format":false,"excerpt":"Le tribunal judiciaire de Paris, statuant le 10 oc\u2026","rel":"","context":"\u5728\u201cJurisprudence\u201d\u4e2d","block_context":{"text":"Jurisprudence","link":"https:\/\/kohenavocats.com\/category\/jurisprudence\/"},"img":{"alt_text":"","src":"https:\/\/i0.wp.com\/kohenavocats.com\/wp-content\/uploads\/2024\/11\/andrej-lisakov-fLyCZtHPWjA-unsplash.webp?resize=350%2C200&ssl=1","width":350,"height":200,"srcset":"https:\/\/i0.wp.com\/kohenavocats.com\/wp-content\/uploads\/2024\/11\/andrej-lisakov-fLyCZtHPWjA-unsplash.webp?resize=350%2C200&ssl=1 1x, https:\/\/i0.wp.com\/kohenavocats.com\/wp-content\/uploads\/2024\/11\/andrej-lisakov-fLyCZtHPWjA-unsplash.webp?resize=525%2C300&ssl=1 1.5x, https:\/\/i0.wp.com\/kohenavocats.com\/wp-content\/uploads\/2024\/11\/andrej-lisakov-fLyCZtHPWjA-unsplash.webp?resize=700%2C400&ssl=1 2x, https:\/\/i0.wp.com\/kohenavocats.com\/wp-content\/uploads\/2024\/11\/andrej-lisakov-fLyCZtHPWjA-unsplash.webp?resize=1050%2C600&ssl=1 3x, https:\/\/i0.wp.com\/kohenavocats.com\/wp-content\/uploads\/2024\/11\/andrej-lisakov-fLyCZtHPWjA-unsplash.webp?resize=1400%2C800&ssl=1 4x"},"classes":[]}],"jetpack_sharing_enabled":true,"_links":{"self":[{"href":"https:\/\/kohenavocats.com\/zh-hans\/wp-json\/wp\/v2\/posts\/665721","targetHints":{"allow":["GET"]}}],"collection":[{"href":"https:\/\/kohenavocats.com\/zh-hans\/wp-json\/wp\/v2\/posts"}],"about":[{"href":"https:\/\/kohenavocats.com\/zh-hans\/wp-json\/wp\/v2\/types\/post"}],"author":[{"embeddable":true,"href":"https:\/\/kohenavocats.com\/zh-hans\/wp-json\/wp\/v2\/users\/232070755"}],"replies":[{"embeddable":true,"href":"https:\/\/kohenavocats.com\/zh-hans\/wp-json\/wp\/v2\/comments?post=665721"}],"version-history":[{"count":0,"href":"https:\/\/kohenavocats.com\/zh-hans\/wp-json\/wp\/v2\/posts\/665721\/revisions"}],"wp:featuredmedia":[{"embeddable":true,"href":"https:\/\/kohenavocats.com\/zh-hans\/wp-json\/wp\/v2\/media\/4726"}],"wp:attachment":[{"href":"https:\/\/kohenavocats.com\/zh-hans\/wp-json\/wp\/v2\/media?parent=665721"}],"wp:term":[{"taxonomy":"category","embeddable":true,"href":"https:\/\/kohenavocats.com\/zh-hans\/wp-json\/wp\/v2\/categories?post=665721"},{"taxonomy":"post_tag","embeddable":true,"href":"https:\/\/kohenavocats.com\/zh-hans\/wp-json\/wp\/v2\/tags?post=665721"}],"curies":[{"name":"wp","href":"https:\/\/api.w.org\/{rel}","templated":true}]}}