{"id":666641,"date":"2026-04-24T01:52:25","date_gmt":"2026-04-23T23:52:25","guid":{"rendered":"https:\/\/kohenavocats.com\/tribunal-judiciaire-de-tarbes-le-24-juin-2025-n24-01775\/"},"modified":"2026-04-24T01:52:25","modified_gmt":"2026-04-23T23:52:25","slug":"tribunal-judiciaire-de-tarbes-le-24-juin-2025-n24-01775","status":"publish","type":"post","link":"https:\/\/kohenavocats.com\/zh-hans\/tribunal-judiciaire-de-tarbes-le-24-juin-2025-n24-01775\/","title":{"rendered":"Tribunal judiciaire de Tarbes, le 24 juin 2025, n\u00b024\/01775"},"content":{"rendered":"<div class=\"article-content\">\n<p>Le juge des contentieux de la protection du tribunal judiciaire de Tarbes, statuant par jugement du 24 juin 2025, a examin\u00e9 la validit\u00e9 d\u2019un cong\u00e9 d\u00e9livr\u00e9 dans le cadre d\u2019un bail d\u2019habitation. Le bailleur invoquait des manquements graves des locataires \u00e0 leurs obligations, causant des troubles au voisinage. Les locataires contestaient la r\u00e9alit\u00e9 et la persistance de ces faits. La juridiction a valid\u00e9 le cong\u00e9 pour motif l\u00e9gitime et s\u00e9rieux, prononc\u00e9 la r\u00e9siliation du bail et ordonn\u00e9 l\u2019expulsion, tout en rejetant certaines demandes accessoires du bailleur.<\/p>\n<p>L\u2019appr\u00e9ciation rigoureuse du motif l\u00e9gitime et s\u00e9rieux<\/p>\n<p>La v\u00e9rification du caract\u00e8re s\u00e9rieux et l\u00e9gitime s\u2019effectue principalement au jour de la d\u00e9livrance du cong\u00e9. Le juge rappelle que &#8220;l&#8217;appr\u00e9ciation du caract\u00e8re s\u00e9rieux et l\u00e9gitime du motif all\u00e9gu\u00e9 doit se faire au jour de la d\u00e9livrance du cong\u00e9, m\u00eame si des \u00e9l\u00e9ments post\u00e9rieurs peuvent contribuer \u00e0 confirmer cette appr\u00e9ciation&#8221; (Motifs). Cette r\u00e9f\u00e9rence jurisprudentielle encadre strictement le pouvoir d\u2019appr\u00e9ciation du juge. Il ne s\u2019agit pas de requalifier les faits mais de v\u00e9rifier leur existence objective \u00e0 la date cruciale. La charge de la preuve repose int\u00e9gralement sur le bailleur, conform\u00e9ment aux principes g\u00e9n\u00e9raux du droit de la preuve.<\/p>\n<p>Les \u00e9l\u00e9ments post\u00e9rieurs ne servent qu\u2019\u00e0 confirmer l\u2019appr\u00e9ciation initiale, sans pouvoir fonder \u00e0 eux seuls le cong\u00e9. En l\u2019esp\u00e8ce, le bailleur a produit un ensemble probant d\u00e9montrant des manquements r\u00e9p\u00e9t\u00e9s et durables. Ces pi\u00e8ces \u00e9tablissent &#8220;l&#8217;\u00e9dification sans autorisation de divers abris illicites, la pr\u00e9sence d&#8217;encombrants sur la propri\u00e9t\u00e9 et de nombreux animaux laiss\u00e9s libres de produire des d\u00e9jections sur l&#8217;ensemble de la parcelle, causant des nuisances au voisinage&#8221; (Motifs). La preuve apport\u00e9e est ainsi caract\u00e9ris\u00e9e par son ant\u00e9riorit\u00e9 et sa persistance, validant le motif au jour du cong\u00e9.<\/p>\n<p>Les cons\u00e9quences proc\u00e9durales de la validation du cong\u00e9<\/p>\n<p>La validation du cong\u00e9 entra\u00eene automatiquement la r\u00e9siliation du bail et la qualification d\u2019occupation sans titre. Le jugement constate que les locataires &#8220;sont \u00e0 compter du 30 avril 2024 occupants sans droit ni titre du logement&#8221; (Dispositif). Cette qualification justifie la condamnation au paiement d\u2019une indemnit\u00e9 d\u2019occupation mensuelle. Cette indemnit\u00e9 est fix\u00e9e au montant du loyer et des charges, soulignant son caract\u00e8re r\u00e9parateur du pr\u00e9judice subi par le propri\u00e9taire priv\u00e9 de son bien. Elle court jusqu\u2019\u00e0 la lib\u00e9ration effective des lieux.<\/p>\n<p>Le rejet des demandes accessoires du bailleur montre le contr\u00f4le strict des pr\u00e9rogatives de chaque partie. La demande de dommages-int\u00e9r\u00eats pour proc\u00e9dure abusive est \u00e9cart\u00e9e car &#8220;l&#8217;appr\u00e9ciation inexacte qu&#8217;une partie fait de ses droits n&#8217;est pas en soi constitutive d&#8217;une faute&#8221; (Motifs). Le droit de se d\u00e9fendre est ainsi prot\u00e9g\u00e9, sauf en cas de malice caract\u00e9ris\u00e9e. De m\u00eame, la demande de capitalisation des int\u00e9r\u00eats est rejet\u00e9e pour d\u00e9faut de condamnation p\u00e9cuniaire pr\u00e9alable. Le juge op\u00e8re une r\u00e9partition \u00e9quilibr\u00e9e des frais irr\u00e9p\u00e9tibles au titre de l\u2019article 700 du code de proc\u00e9dure civile.<\/p>\n<\/div>\n","protected":false},"excerpt":{"rendered":"<p>Le juge des contentieux de la protection du tribunal judiciaire de Tarbes, statuant par jugement du 24 juin 2025, a examin\u00e9 la validit\u00e9 d\u2019un cong\u00e9 d\u00e9livr\u00e9 da&#8230;<\/p>\n","protected":false},"author":232070755,"featured_media":4759,"comment_status":"open","ping_status":"open","sticky":false,"template":"","format":"standard","meta":{"_crdt_document":"","_jetpack_newsletter_access":"","_jetpack_dont_email_post_to_subs":false,"_jetpack_newsletter_tier_id":0,"_jetpack_memberships_contains_paywalled_content":false,"_kj_source_type":"","_kj_official_id":"","_kj_official_url":"","_kj_judilibre_id":"","_kj_jur":"","_kj_lieu":"","_kj_chambre":"","_kj_rg":"","_kj_date":"","_jetpack_memberships_contains_paid_content":false,"footnotes":"","jetpack_post_was_ever_published":false},"categories":[7597],"tags":[],"class_list":["post-666641","post","type-post","status-publish","format-standard","has-post-thumbnail","hentry","category-jurisprudence"],"yoast_head":"<!-- This site is optimized with the Yoast SEO Premium plugin v27.5 (Yoast SEO v27.5) - https:\/\/yoast.com\/product\/yoast-seo-premium-wordpress\/ -->\n<title>Tribunal judiciaire de Tarbes, le 24 juin 2025, n\u00b024\/01775 - Ma\u00eetre Hassan Kohen, avocat en droit p\u00e9nal \u00e0 Paris<\/title>\n<meta name=\"description\" content=\"Le juge des contentieux de la protection du tribunal judiciaire de Tarbes, statuant par jugement du 24 juin 2025, a examin\u00e9 la validit\u00e9 d\u2019un cong\u00e9 d\u00e9livr\u00e9 da...\" \/>\n<meta name=\"robots\" content=\"index, follow, max-snippet:-1, max-image-preview:large, max-video-preview:-1\" \/>\n<link rel=\"canonical\" href=\"https:\/\/kohenavocats.com\/zh-hans\/tribunal-judiciaire-de-tarbes-le-24-juin-2025-n24-01775\/\" \/>\n<meta property=\"og:locale\" content=\"zh_CN\" \/>\n<meta property=\"og:type\" content=\"article\" \/>\n<meta property=\"og:title\" content=\"Tribunal judiciaire de Tarbes, le 24 juin 2025, n\u00b024\/01775\" \/>\n<meta property=\"og:description\" content=\"Le juge des contentieux de la protection du tribunal judiciaire de Tarbes, statuant par jugement du 24 juin 2025, a examin\u00e9 la validit\u00e9 d\u2019un cong\u00e9 d\u00e9livr\u00e9 da...\" \/>\n<meta property=\"og:url\" content=\"https:\/\/kohenavocats.com\/zh-hans\/tribunal-judiciaire-de-tarbes-le-24-juin-2025-n24-01775\/\" \/>\n<meta property=\"og:site_name\" content=\"Ma\u00eetre Hassan Kohen, avocat en droit p\u00e9nal \u00e0 Paris\" \/>\n<meta property=\"article:published_time\" content=\"2026-04-23T23:52:25+00:00\" \/>\n<meta property=\"og:image\" content=\"https:\/\/kohenavocats.com\/wp-content\/uploads\/2024\/08\/tom-gainor-TRALLodRQE0-unsplash.webp\" \/>\n\t<meta property=\"og:image:width\" content=\"4800\" \/>\n\t<meta property=\"og:image:height\" content=\"3000\" \/>\n\t<meta property=\"og:image:type\" content=\"image\/webp\" \/>\n<meta name=\"author\" content=\"Kohen\" \/>\n<meta name=\"twitter:card\" content=\"summary_large_image\" \/>\n<meta name=\"twitter:label1\" content=\"\u4f5c\u8005\" \/>\n\t<meta name=\"twitter:data1\" content=\"Kohen\" \/>\n\t<meta name=\"twitter:label2\" content=\"\u9884\u8ba1\u9605\u8bfb\u65f6\u95f4\" \/>\n\t<meta name=\"twitter:data2\" content=\"3 \u5206\" \/>\n<script type=\"application\/ld+json\" class=\"yoast-schema-graph\">{\"@context\":\"https:\\\/\\\/schema.org\",\"@graph\":[{\"@type\":\"Article\",\"@id\":\"https:\\\/\\\/kohenavocats.com\\\/zh-hans\\\/tribunal-judiciaire-de-tarbes-le-24-juin-2025-n24-01775\\\/#article\",\"isPartOf\":{\"@id\":\"https:\\\/\\\/kohenavocats.com\\\/zh-hans\\\/tribunal-judiciaire-de-tarbes-le-24-juin-2025-n24-01775\\\/\"},\"author\":{\"name\":\"Kohen\",\"@id\":\"https:\\\/\\\/kohenavocats.com\\\/zh-hans\\\/#\\\/schema\\\/person\\\/761c9ba54fa1ca84d405cef0831ff751\"},\"headline\":\"Tribunal judiciaire de Tarbes, le 24 juin 2025, n\u00b024\\\/01775\",\"datePublished\":\"2026-04-23T23:52:25+00:00\",\"mainEntityOfPage\":{\"@id\":\"https:\\\/\\\/kohenavocats.com\\\/zh-hans\\\/tribunal-judiciaire-de-tarbes-le-24-juin-2025-n24-01775\\\/\"},\"wordCount\":560,\"commentCount\":0,\"publisher\":{\"@id\":\"https:\\\/\\\/kohenavocats.com\\\/zh-hans\\\/#organization\"},\"image\":{\"@id\":\"https:\\\/\\\/kohenavocats.com\\\/zh-hans\\\/tribunal-judiciaire-de-tarbes-le-24-juin-2025-n24-01775\\\/#primaryimage\"},\"thumbnailUrl\":\"https:\\\/\\\/kohenavocats.com\\\/wp-content\\\/uploads\\\/2024\\\/08\\\/tom-gainor-TRALLodRQE0-unsplash.webp\",\"articleSection\":[\"Jurisprudence\"],\"inLanguage\":\"zh-Hans\",\"potentialAction\":[{\"@type\":\"CommentAction\",\"name\":\"Comment\",\"target\":[\"https:\\\/\\\/kohenavocats.com\\\/zh-hans\\\/tribunal-judiciaire-de-tarbes-le-24-juin-2025-n24-01775\\\/#respond\"]}],\"citation\":\"Tribunal judiciaire de Tarbes, le 24 juin 2025, n\u00b024\\\/01775\",\"about\":[{\"@type\":\"Thing\",\"name\":\"Jurisprudence\"}],\"dateModified\":\"2026-04-23T23:52:25+00:00\",\"speakable\":{\"@type\":\"SpeakableSpecification\",\"cssSelector\":[\".article-content > p:first-of-type\"]}},{\"@type\":\"WebPage\",\"@id\":\"https:\\\/\\\/kohenavocats.com\\\/zh-hans\\\/tribunal-judiciaire-de-tarbes-le-24-juin-2025-n24-01775\\\/\",\"url\":\"https:\\\/\\\/kohenavocats.com\\\/zh-hans\\\/tribunal-judiciaire-de-tarbes-le-24-juin-2025-n24-01775\\\/\",\"name\":\"Tribunal judiciaire de Tarbes, le 24 juin 2025, n\u00b024\\\/01775 - Ma\u00eetre Hassan Kohen, avocat en droit p\u00e9nal \u00e0 Paris\",\"isPartOf\":{\"@id\":\"https:\\\/\\\/kohenavocats.com\\\/zh-hans\\\/#website\"},\"primaryImageOfPage\":{\"@id\":\"https:\\\/\\\/kohenavocats.com\\\/zh-hans\\\/tribunal-judiciaire-de-tarbes-le-24-juin-2025-n24-01775\\\/#primaryimage\"},\"image\":{\"@id\":\"https:\\\/\\\/kohenavocats.com\\\/zh-hans\\\/tribunal-judiciaire-de-tarbes-le-24-juin-2025-n24-01775\\\/#primaryimage\"},\"thumbnailUrl\":\"https:\\\/\\\/kohenavocats.com\\\/wp-content\\\/uploads\\\/2024\\\/08\\\/tom-gainor-TRALLodRQE0-unsplash.webp\",\"datePublished\":\"2026-04-23T23:52:25+00:00\",\"description\":\"Le juge des contentieux de la protection du tribunal judiciaire de Tarbes, statuant par jugement du 24 juin 2025, a examin\u00e9 la validit\u00e9 d\u2019un cong\u00e9 d\u00e9livr\u00e9 da...\",\"breadcrumb\":{\"@id\":\"https:\\\/\\\/kohenavocats.com\\\/zh-hans\\\/tribunal-judiciaire-de-tarbes-le-24-juin-2025-n24-01775\\\/#breadcrumb\"},\"inLanguage\":\"zh-Hans\",\"potentialAction\":[{\"@type\":\"ReadAction\",\"target\":[\"https:\\\/\\\/kohenavocats.com\\\/zh-hans\\\/tribunal-judiciaire-de-tarbes-le-24-juin-2025-n24-01775\\\/\"]}]},{\"@type\":\"ImageObject\",\"inLanguage\":\"zh-Hans\",\"@id\":\"https:\\\/\\\/kohenavocats.com\\\/zh-hans\\\/tribunal-judiciaire-de-tarbes-le-24-juin-2025-n24-01775\\\/#primaryimage\",\"url\":\"https:\\\/\\\/kohenavocats.com\\\/wp-content\\\/uploads\\\/2024\\\/08\\\/tom-gainor-TRALLodRQE0-unsplash.webp\",\"contentUrl\":\"https:\\\/\\\/kohenavocats.com\\\/wp-content\\\/uploads\\\/2024\\\/08\\\/tom-gainor-TRALLodRQE0-unsplash.webp\",\"width\":4800,\"height\":3000},{\"@type\":\"BreadcrumbList\",\"@id\":\"https:\\\/\\\/kohenavocats.com\\\/zh-hans\\\/tribunal-judiciaire-de-tarbes-le-24-juin-2025-n24-01775\\\/#breadcrumb\",\"itemListElement\":[{\"@type\":\"ListItem\",\"position\":1,\"name\":\"Home\",\"item\":\"https:\\\/\\\/kohenavocats.com\\\/zh-hans\\\/\"},{\"@type\":\"ListItem\",\"position\":2,\"name\":\"Tribunal judiciaire de Tarbes, le 24 juin 2025, n\u00b024\\\/01775\"}]},{\"@type\":\"WebSite\",\"@id\":\"https:\\\/\\\/kohenavocats.com\\\/zh-hans\\\/#website\",\"url\":\"https:\\\/\\\/kohenavocats.com\\\/zh-hans\\\/\",\"name\":\"Kohen Avocats\",\"description\":\"Ma\u00eetre Hassan Kohen, avocat p\u00e9naliste \u00e0 Paris, intervient exclusivement en droit p\u00e9nal pour la d\u00e9fense des particuliers, notamment en mati\u00e8re d\u2019accusations de viol. Il assure un accompagnement rigoureux d\u00e8s la garde \u00e0 vue jusqu\u2019\u00e0 la Cour d\u2019assises, veillant au strict respect des garanties proc\u00e9durales.\",\"publisher\":{\"@id\":\"https:\\\/\\\/kohenavocats.com\\\/zh-hans\\\/#organization\"},\"potentialAction\":[{\"@type\":\"SearchAction\",\"target\":{\"@type\":\"EntryPoint\",\"urlTemplate\":\"https:\\\/\\\/kohenavocats.com\\\/zh-hans\\\/?s={search_term_string}\"},\"query-input\":{\"@type\":\"PropertyValueSpecification\",\"valueRequired\":true,\"valueName\":\"search_term_string\"}}],\"inLanguage\":\"zh-Hans\"},{\"@type\":\"Organization\",\"@id\":\"https:\\\/\\\/kohenavocats.com\\\/zh-hans\\\/#organization\",\"name\":\"Kohen Avocats\",\"url\":\"https:\\\/\\\/kohenavocats.com\\\/zh-hans\\\/\",\"logo\":{\"@type\":\"ImageObject\",\"inLanguage\":\"zh-Hans\",\"@id\":\"https:\\\/\\\/kohenavocats.com\\\/zh-hans\\\/#\\\/schema\\\/logo\\\/image\\\/\",\"url\":\"https:\\\/\\\/kohenavocats.com\\\/wp-content\\\/uploads\\\/2026\\\/01\\\/Logo-2-1.webp\",\"contentUrl\":\"https:\\\/\\\/kohenavocats.com\\\/wp-content\\\/uploads\\\/2026\\\/01\\\/Logo-2-1.webp\",\"width\":2114,\"height\":1253,\"caption\":\"Kohen Avocats\"},\"image\":{\"@id\":\"https:\\\/\\\/kohenavocats.com\\\/zh-hans\\\/#\\\/schema\\\/logo\\\/image\\\/\"}},{\"@type\":\"Person\",\"@id\":\"https:\\\/\\\/kohenavocats.com\\\/zh-hans\\\/#\\\/schema\\\/person\\\/761c9ba54fa1ca84d405cef0831ff751\",\"name\":\"Kohen\",\"image\":{\"@type\":\"ImageObject\",\"inLanguage\":\"zh-Hans\",\"@id\":\"https:\\\/\\\/secure.gravatar.com\\\/avatar\\\/1c5e76ef76bbbfdd2b4da984e2bf2fa4056fd51a27d25ce2c332047f1dfd6e00?s=96&d=identicon&r=g\",\"url\":\"https:\\\/\\\/secure.gravatar.com\\\/avatar\\\/1c5e76ef76bbbfdd2b4da984e2bf2fa4056fd51a27d25ce2c332047f1dfd6e00?s=96&d=identicon&r=g\",\"contentUrl\":\"https:\\\/\\\/secure.gravatar.com\\\/avatar\\\/1c5e76ef76bbbfdd2b4da984e2bf2fa4056fd51a27d25ce2c332047f1dfd6e00?s=96&d=identicon&r=g\",\"caption\":\"Kohen\"},\"sameAs\":[\"https:\\\/\\\/www.linkedin.com\\\/in\\\/hassan-kohen-448548192\\\/\",\"https:\\\/\\\/www.youtube.com\\\/@Kohen-Avocats\"],\"url\":\"https:\\\/\\\/kohenavocats.com\\\/zh-hans\\\/author\\\/kohenmlk\\\/\"}]}<\/script>\n<!-- \/ Yoast SEO Premium plugin. -->","yoast_head_json":{"title":"Tribunal judiciaire de Tarbes, le 24 juin 2025, n\u00b024\/01775 - Ma\u00eetre Hassan Kohen, avocat en droit p\u00e9nal \u00e0 Paris","description":"Le juge des contentieux de la protection du tribunal judiciaire de Tarbes, statuant par jugement du 24 juin 2025, a examin\u00e9 la validit\u00e9 d\u2019un cong\u00e9 d\u00e9livr\u00e9 da...","robots":{"index":"index","follow":"follow","max-snippet":"max-snippet:-1","max-image-preview":"max-image-preview:large","max-video-preview":"max-video-preview:-1"},"canonical":"https:\/\/kohenavocats.com\/zh-hans\/tribunal-judiciaire-de-tarbes-le-24-juin-2025-n24-01775\/","og_locale":"zh_CN","og_type":"article","og_title":"Tribunal judiciaire de Tarbes, le 24 juin 2025, n\u00b024\/01775","og_description":"Le juge des contentieux de la protection du tribunal judiciaire de Tarbes, statuant par jugement du 24 juin 2025, a examin\u00e9 la validit\u00e9 d\u2019un cong\u00e9 d\u00e9livr\u00e9 da...","og_url":"https:\/\/kohenavocats.com\/zh-hans\/tribunal-judiciaire-de-tarbes-le-24-juin-2025-n24-01775\/","og_site_name":"Ma\u00eetre Hassan Kohen, avocat en droit p\u00e9nal \u00e0 Paris","article_published_time":"2026-04-23T23:52:25+00:00","og_image":[{"width":4800,"height":3000,"url":"https:\/\/kohenavocats.com\/wp-content\/uploads\/2024\/08\/tom-gainor-TRALLodRQE0-unsplash.webp","type":"image\/webp"}],"author":"Kohen","twitter_card":"summary_large_image","twitter_misc":{"\u4f5c\u8005":"Kohen","\u9884\u8ba1\u9605\u8bfb\u65f6\u95f4":"3 \u5206"},"schema":{"@context":"https:\/\/schema.org","@graph":[{"@type":"Article","@id":"https:\/\/kohenavocats.com\/zh-hans\/tribunal-judiciaire-de-tarbes-le-24-juin-2025-n24-01775\/#article","isPartOf":{"@id":"https:\/\/kohenavocats.com\/zh-hans\/tribunal-judiciaire-de-tarbes-le-24-juin-2025-n24-01775\/"},"author":{"name":"Kohen","@id":"https:\/\/kohenavocats.com\/zh-hans\/#\/schema\/person\/761c9ba54fa1ca84d405cef0831ff751"},"headline":"Tribunal judiciaire de Tarbes, le 24 juin 2025, n\u00b024\/01775","datePublished":"2026-04-23T23:52:25+00:00","mainEntityOfPage":{"@id":"https:\/\/kohenavocats.com\/zh-hans\/tribunal-judiciaire-de-tarbes-le-24-juin-2025-n24-01775\/"},"wordCount":560,"commentCount":0,"publisher":{"@id":"https:\/\/kohenavocats.com\/zh-hans\/#organization"},"image":{"@id":"https:\/\/kohenavocats.com\/zh-hans\/tribunal-judiciaire-de-tarbes-le-24-juin-2025-n24-01775\/#primaryimage"},"thumbnailUrl":"https:\/\/kohenavocats.com\/wp-content\/uploads\/2024\/08\/tom-gainor-TRALLodRQE0-unsplash.webp","articleSection":["Jurisprudence"],"inLanguage":"zh-Hans","potentialAction":[{"@type":"CommentAction","name":"Comment","target":["https:\/\/kohenavocats.com\/zh-hans\/tribunal-judiciaire-de-tarbes-le-24-juin-2025-n24-01775\/#respond"]}],"citation":"Tribunal judiciaire de Tarbes, le 24 juin 2025, n\u00b024\/01775","about":[{"@type":"Thing","name":"Jurisprudence"}],"dateModified":"2026-04-23T23:52:25+00:00","speakable":{"@type":"SpeakableSpecification","cssSelector":[".article-content > p:first-of-type"]}},{"@type":"WebPage","@id":"https:\/\/kohenavocats.com\/zh-hans\/tribunal-judiciaire-de-tarbes-le-24-juin-2025-n24-01775\/","url":"https:\/\/kohenavocats.com\/zh-hans\/tribunal-judiciaire-de-tarbes-le-24-juin-2025-n24-01775\/","name":"Tribunal judiciaire de Tarbes, le 24 juin 2025, n\u00b024\/01775 - Ma\u00eetre Hassan Kohen, avocat en droit p\u00e9nal \u00e0 Paris","isPartOf":{"@id":"https:\/\/kohenavocats.com\/zh-hans\/#website"},"primaryImageOfPage":{"@id":"https:\/\/kohenavocats.com\/zh-hans\/tribunal-judiciaire-de-tarbes-le-24-juin-2025-n24-01775\/#primaryimage"},"image":{"@id":"https:\/\/kohenavocats.com\/zh-hans\/tribunal-judiciaire-de-tarbes-le-24-juin-2025-n24-01775\/#primaryimage"},"thumbnailUrl":"https:\/\/kohenavocats.com\/wp-content\/uploads\/2024\/08\/tom-gainor-TRALLodRQE0-unsplash.webp","datePublished":"2026-04-23T23:52:25+00:00","description":"Le juge des contentieux de la protection du tribunal judiciaire de Tarbes, statuant par jugement du 24 juin 2025, a examin\u00e9 la validit\u00e9 d\u2019un cong\u00e9 d\u00e9livr\u00e9 da...","breadcrumb":{"@id":"https:\/\/kohenavocats.com\/zh-hans\/tribunal-judiciaire-de-tarbes-le-24-juin-2025-n24-01775\/#breadcrumb"},"inLanguage":"zh-Hans","potentialAction":[{"@type":"ReadAction","target":["https:\/\/kohenavocats.com\/zh-hans\/tribunal-judiciaire-de-tarbes-le-24-juin-2025-n24-01775\/"]}]},{"@type":"ImageObject","inLanguage":"zh-Hans","@id":"https:\/\/kohenavocats.com\/zh-hans\/tribunal-judiciaire-de-tarbes-le-24-juin-2025-n24-01775\/#primaryimage","url":"https:\/\/kohenavocats.com\/wp-content\/uploads\/2024\/08\/tom-gainor-TRALLodRQE0-unsplash.webp","contentUrl":"https:\/\/kohenavocats.com\/wp-content\/uploads\/2024\/08\/tom-gainor-TRALLodRQE0-unsplash.webp","width":4800,"height":3000},{"@type":"BreadcrumbList","@id":"https:\/\/kohenavocats.com\/zh-hans\/tribunal-judiciaire-de-tarbes-le-24-juin-2025-n24-01775\/#breadcrumb","itemListElement":[{"@type":"ListItem","position":1,"name":"Home","item":"https:\/\/kohenavocats.com\/zh-hans\/"},{"@type":"ListItem","position":2,"name":"Tribunal judiciaire de Tarbes, le 24 juin 2025, n\u00b024\/01775"}]},{"@type":"WebSite","@id":"https:\/\/kohenavocats.com\/zh-hans\/#website","url":"https:\/\/kohenavocats.com\/zh-hans\/","name":"Kohen Avocats","description":"Ma\u00eetre Hassan Kohen, avocat p\u00e9naliste \u00e0 Paris, intervient exclusivement en droit p\u00e9nal pour la d\u00e9fense des particuliers, notamment en mati\u00e8re d\u2019accusations de viol. Il assure un accompagnement rigoureux d\u00e8s la garde \u00e0 vue jusqu\u2019\u00e0 la Cour d\u2019assises, veillant au strict respect des garanties proc\u00e9durales.","publisher":{"@id":"https:\/\/kohenavocats.com\/zh-hans\/#organization"},"potentialAction":[{"@type":"SearchAction","target":{"@type":"EntryPoint","urlTemplate":"https:\/\/kohenavocats.com\/zh-hans\/?s={search_term_string}"},"query-input":{"@type":"PropertyValueSpecification","valueRequired":true,"valueName":"search_term_string"}}],"inLanguage":"zh-Hans"},{"@type":"Organization","@id":"https:\/\/kohenavocats.com\/zh-hans\/#organization","name":"Kohen Avocats","url":"https:\/\/kohenavocats.com\/zh-hans\/","logo":{"@type":"ImageObject","inLanguage":"zh-Hans","@id":"https:\/\/kohenavocats.com\/zh-hans\/#\/schema\/logo\/image\/","url":"https:\/\/kohenavocats.com\/wp-content\/uploads\/2026\/01\/Logo-2-1.webp","contentUrl":"https:\/\/kohenavocats.com\/wp-content\/uploads\/2026\/01\/Logo-2-1.webp","width":2114,"height":1253,"caption":"Kohen Avocats"},"image":{"@id":"https:\/\/kohenavocats.com\/zh-hans\/#\/schema\/logo\/image\/"}},{"@type":"Person","@id":"https:\/\/kohenavocats.com\/zh-hans\/#\/schema\/person\/761c9ba54fa1ca84d405cef0831ff751","name":"Kohen","image":{"@type":"ImageObject","inLanguage":"zh-Hans","@id":"https:\/\/secure.gravatar.com\/avatar\/1c5e76ef76bbbfdd2b4da984e2bf2fa4056fd51a27d25ce2c332047f1dfd6e00?s=96&d=identicon&r=g","url":"https:\/\/secure.gravatar.com\/avatar\/1c5e76ef76bbbfdd2b4da984e2bf2fa4056fd51a27d25ce2c332047f1dfd6e00?s=96&d=identicon&r=g","contentUrl":"https:\/\/secure.gravatar.com\/avatar\/1c5e76ef76bbbfdd2b4da984e2bf2fa4056fd51a27d25ce2c332047f1dfd6e00?s=96&d=identicon&r=g","caption":"Kohen"},"sameAs":["https:\/\/www.linkedin.com\/in\/hassan-kohen-448548192\/","https:\/\/www.youtube.com\/@Kohen-Avocats"],"url":"https:\/\/kohenavocats.com\/zh-hans\/author\/kohenmlk\/"}]}},"jetpack_featured_media_url":"https:\/\/kohenavocats.com\/wp-content\/uploads\/2024\/08\/tom-gainor-TRALLodRQE0-unsplash.webp","jetpack_likes_enabled":false,"jetpack_shortlink":"https:\/\/wp.me\/peCrII-2Nqh","jetpack-related-posts":[{"id":657091,"url":"https:\/\/kohenavocats.com\/zh-hans\/cour-dappel-de-pau-le-4-decembre-2025-n23-01347\/","url_meta":{"origin":666641,"position":0},"title":"Cour d&#8217;appel de Pau, le 4 d\u00e9cembre 2025, n\u00b023\/01347","author":"Kohen","date":"2026\u5e744\u670823\u65e5","format":false,"excerpt":"La cour d'appel de Pau, statuant le 4 d\u00e9cembre 202\u2026","rel":"","context":"\u5728\u201cJurisprudence\u201d\u4e2d","block_context":{"text":"Jurisprudence","link":"https:\/\/kohenavocats.com\/category\/jurisprudence\/"},"img":{"alt_text":"","src":"https:\/\/i0.wp.com\/kohenavocats.com\/wp-content\/uploads\/2024\/08\/xuan-nguyen-OGk-S3p9HRw-unsplash.webp?resize=350%2C200&ssl=1","width":350,"height":200,"srcset":"https:\/\/i0.wp.com\/kohenavocats.com\/wp-content\/uploads\/2024\/08\/xuan-nguyen-OGk-S3p9HRw-unsplash.webp?resize=350%2C200&ssl=1 1x, https:\/\/i0.wp.com\/kohenavocats.com\/wp-content\/uploads\/2024\/08\/xuan-nguyen-OGk-S3p9HRw-unsplash.webp?resize=525%2C300&ssl=1 1.5x, https:\/\/i0.wp.com\/kohenavocats.com\/wp-content\/uploads\/2024\/08\/xuan-nguyen-OGk-S3p9HRw-unsplash.webp?resize=700%2C400&ssl=1 2x, https:\/\/i0.wp.com\/kohenavocats.com\/wp-content\/uploads\/2024\/08\/xuan-nguyen-OGk-S3p9HRw-unsplash.webp?resize=1050%2C600&ssl=1 3x, https:\/\/i0.wp.com\/kohenavocats.com\/wp-content\/uploads\/2024\/08\/xuan-nguyen-OGk-S3p9HRw-unsplash.webp?resize=1400%2C800&ssl=1 4x"},"classes":[]},{"id":667267,"url":"https:\/\/kohenavocats.com\/zh-hans\/tribunal-judiciaire-de-tarbes-le-2-decembre-2025-n24-00245\/","url_meta":{"origin":666641,"position":1},"title":"Tribunal judiciaire de Tarbes, le 2 d\u00e9cembre 2025, n\u00b024\/00245","author":"Kohen","date":"2026\u5e744\u670824\u65e5","format":false,"excerpt":"Le tribunal judiciaire de Tarbes, statuant en mati\u2026","rel":"","context":"\u5728\u201cImmobilier\u201d\u4e2d","block_context":{"text":"Immobilier","link":"https:\/\/kohenavocats.com\/category\/immobilier\/"},"img":{"alt_text":"","src":"https:\/\/i0.wp.com\/kohenavocats.com\/wp-content\/uploads\/2024\/08\/marius-badstuber-wFHqJCuGB1g-unsplash.webp?resize=350%2C200&ssl=1","width":350,"height":200,"srcset":"https:\/\/i0.wp.com\/kohenavocats.com\/wp-content\/uploads\/2024\/08\/marius-badstuber-wFHqJCuGB1g-unsplash.webp?resize=350%2C200&ssl=1 1x, https:\/\/i0.wp.com\/kohenavocats.com\/wp-content\/uploads\/2024\/08\/marius-badstuber-wFHqJCuGB1g-unsplash.webp?resize=525%2C300&ssl=1 1.5x, https:\/\/i0.wp.com\/kohenavocats.com\/wp-content\/uploads\/2024\/08\/marius-badstuber-wFHqJCuGB1g-unsplash.webp?resize=700%2C400&ssl=1 2x, https:\/\/i0.wp.com\/kohenavocats.com\/wp-content\/uploads\/2024\/08\/marius-badstuber-wFHqJCuGB1g-unsplash.webp?resize=1050%2C600&ssl=1 3x, https:\/\/i0.wp.com\/kohenavocats.com\/wp-content\/uploads\/2024\/08\/marius-badstuber-wFHqJCuGB1g-unsplash.webp?resize=1400%2C800&ssl=1 4x"},"classes":[]},{"id":235080,"url":"https:\/\/kohenavocats.com\/zh-hans\/tribunal-judiciaire-de-paris-le-19-juin-2025-n25-00863\/","url_meta":{"origin":666641,"position":2},"title":"Tribunal judiciaire de Paris, le 19 juin 2025, n\u00b025\/00863","author":"Kohen","date":"2025\u5e7412\u670828\u65e5","format":false,"excerpt":"Par un jugement en date du 19 juin 2025, le juge d\u2026","rel":"","context":"\u5728\u201cD\u00e9cisions juridiques\u201d\u4e2d","block_context":{"text":"D\u00e9cisions juridiques","link":"https:\/\/kohenavocats.com\/category\/decisions-juridiques\/"},"img":{"alt_text":"","src":"https:\/\/i0.wp.com\/kohenavocats.com\/wp-content\/uploads\/2024\/11\/mohamed-nohassi-MOSPzdLFYyU-unsplash.webp?resize=350%2C200&ssl=1","width":350,"height":200,"srcset":"https:\/\/i0.wp.com\/kohenavocats.com\/wp-content\/uploads\/2024\/11\/mohamed-nohassi-MOSPzdLFYyU-unsplash.webp?resize=350%2C200&ssl=1 1x, https:\/\/i0.wp.com\/kohenavocats.com\/wp-content\/uploads\/2024\/11\/mohamed-nohassi-MOSPzdLFYyU-unsplash.webp?resize=525%2C300&ssl=1 1.5x, https:\/\/i0.wp.com\/kohenavocats.com\/wp-content\/uploads\/2024\/11\/mohamed-nohassi-MOSPzdLFYyU-unsplash.webp?resize=700%2C400&ssl=1 2x, https:\/\/i0.wp.com\/kohenavocats.com\/wp-content\/uploads\/2024\/11\/mohamed-nohassi-MOSPzdLFYyU-unsplash.webp?resize=1050%2C600&ssl=1 3x, https:\/\/i0.wp.com\/kohenavocats.com\/wp-content\/uploads\/2024\/11\/mohamed-nohassi-MOSPzdLFYyU-unsplash.webp?resize=1400%2C800&ssl=1 4x"},"classes":[]},{"id":264688,"url":"https:\/\/kohenavocats.com\/zh-hans\/tribunal-judiciaire-de-rennes-statuant-en-qualite-de-le-27-juin-2025-n25-02989\/","url_meta":{"origin":666641,"position":3},"title":"Tribunal judiciaire de Rennes Statuant en Qualit\u00e9 de, le 27 juin 2025, n\u00b025\/02989","author":"Kohen","date":"2026\u5e741\u670810\u65e5","format":false,"excerpt":"La d\u00e9cision rendue par le tribunal judiciaire de R\u2026","rel":"","context":"\u5728\u201cD\u00e9cisions juridiques\u201d\u4e2d","block_context":{"text":"D\u00e9cisions juridiques","link":"https:\/\/kohenavocats.com\/category\/decisions-juridiques\/"},"img":{"alt_text":"","src":"https:\/\/i0.wp.com\/kohenavocats.com\/wp-content\/uploads\/2024\/07\/chris-karidis-F77D9r-qIqU-unsplash.webp?resize=350%2C200&ssl=1","width":350,"height":200,"srcset":"https:\/\/i0.wp.com\/kohenavocats.com\/wp-content\/uploads\/2024\/07\/chris-karidis-F77D9r-qIqU-unsplash.webp?resize=350%2C200&ssl=1 1x, https:\/\/i0.wp.com\/kohenavocats.com\/wp-content\/uploads\/2024\/07\/chris-karidis-F77D9r-qIqU-unsplash.webp?resize=525%2C300&ssl=1 1.5x, https:\/\/i0.wp.com\/kohenavocats.com\/wp-content\/uploads\/2024\/07\/chris-karidis-F77D9r-qIqU-unsplash.webp?resize=700%2C400&ssl=1 2x, https:\/\/i0.wp.com\/kohenavocats.com\/wp-content\/uploads\/2024\/07\/chris-karidis-F77D9r-qIqU-unsplash.webp?resize=1050%2C600&ssl=1 3x, https:\/\/i0.wp.com\/kohenavocats.com\/wp-content\/uploads\/2024\/07\/chris-karidis-F77D9r-qIqU-unsplash.webp?resize=1400%2C800&ssl=1 4x"},"classes":[]},{"id":682499,"url":"https:\/\/kohenavocats.com\/zh-hans\/cour-dappel-le-18-septembre-2025-n22-13579\/","url_meta":{"origin":666641,"position":4},"title":"Cour d&#8217;appel, le 18 septembre 2025, n\u00b022\/13579","author":"Kohen","date":"2026\u5e744\u670825\u65e5","format":false,"excerpt":"La Cour d'appel, statuant le 18 septembre 2025, ex\u2026","rel":"","context":"\u5728\u201cJurisprudence\u201d\u4e2d","block_context":{"text":"Jurisprudence","link":"https:\/\/kohenavocats.com\/category\/jurisprudence\/"},"img":{"alt_text":"","src":"https:\/\/i0.wp.com\/kohenavocats.com\/wp-content\/uploads\/2024\/11\/viktor-forgacs-5j8nd3QpRbo-unsplash.webp?resize=350%2C200&ssl=1","width":350,"height":200,"srcset":"https:\/\/i0.wp.com\/kohenavocats.com\/wp-content\/uploads\/2024\/11\/viktor-forgacs-5j8nd3QpRbo-unsplash.webp?resize=350%2C200&ssl=1 1x, https:\/\/i0.wp.com\/kohenavocats.com\/wp-content\/uploads\/2024\/11\/viktor-forgacs-5j8nd3QpRbo-unsplash.webp?resize=525%2C300&ssl=1 1.5x, https:\/\/i0.wp.com\/kohenavocats.com\/wp-content\/uploads\/2024\/11\/viktor-forgacs-5j8nd3QpRbo-unsplash.webp?resize=700%2C400&ssl=1 2x, https:\/\/i0.wp.com\/kohenavocats.com\/wp-content\/uploads\/2024\/11\/viktor-forgacs-5j8nd3QpRbo-unsplash.webp?resize=1050%2C600&ssl=1 3x, https:\/\/i0.wp.com\/kohenavocats.com\/wp-content\/uploads\/2024\/11\/viktor-forgacs-5j8nd3QpRbo-unsplash.webp?resize=1400%2C800&ssl=1 4x"},"classes":[]},{"id":636161,"url":"https:\/\/kohenavocats.com\/zh-hans\/tribunal-judiciaire-de-rennes-le-25-septembre-2025-n25-06621\/","url_meta":{"origin":666641,"position":5},"title":"Tribunal judiciaire de Rennes, le 25 septembre 2025, n\u00b025\/06621","author":"Kohen","date":"2026\u5e744\u670821\u65e5","format":false,"excerpt":"Le tribunal judiciaire, statuant le 25 septembre 2\u2026","rel":"","context":"\u5728\u201cJurisprudence\u201d\u4e2d","block_context":{"text":"Jurisprudence","link":"https:\/\/kohenavocats.com\/category\/jurisprudence\/"},"img":{"alt_text":"","src":"https:\/\/i0.wp.com\/kohenavocats.com\/wp-content\/uploads\/2024\/11\/virginia-marinova-3UfkjHxVch0-unsplash-1.webp?resize=350%2C200&ssl=1","width":350,"height":200,"srcset":"https:\/\/i0.wp.com\/kohenavocats.com\/wp-content\/uploads\/2024\/11\/virginia-marinova-3UfkjHxVch0-unsplash-1.webp?resize=350%2C200&ssl=1 1x, https:\/\/i0.wp.com\/kohenavocats.com\/wp-content\/uploads\/2024\/11\/virginia-marinova-3UfkjHxVch0-unsplash-1.webp?resize=525%2C300&ssl=1 1.5x, https:\/\/i0.wp.com\/kohenavocats.com\/wp-content\/uploads\/2024\/11\/virginia-marinova-3UfkjHxVch0-unsplash-1.webp?resize=700%2C400&ssl=1 2x, https:\/\/i0.wp.com\/kohenavocats.com\/wp-content\/uploads\/2024\/11\/virginia-marinova-3UfkjHxVch0-unsplash-1.webp?resize=1050%2C600&ssl=1 3x, https:\/\/i0.wp.com\/kohenavocats.com\/wp-content\/uploads\/2024\/11\/virginia-marinova-3UfkjHxVch0-unsplash-1.webp?resize=1400%2C800&ssl=1 4x"},"classes":[]}],"jetpack_sharing_enabled":true,"_links":{"self":[{"href":"https:\/\/kohenavocats.com\/zh-hans\/wp-json\/wp\/v2\/posts\/666641","targetHints":{"allow":["GET"]}}],"collection":[{"href":"https:\/\/kohenavocats.com\/zh-hans\/wp-json\/wp\/v2\/posts"}],"about":[{"href":"https:\/\/kohenavocats.com\/zh-hans\/wp-json\/wp\/v2\/types\/post"}],"author":[{"embeddable":true,"href":"https:\/\/kohenavocats.com\/zh-hans\/wp-json\/wp\/v2\/users\/232070755"}],"replies":[{"embeddable":true,"href":"https:\/\/kohenavocats.com\/zh-hans\/wp-json\/wp\/v2\/comments?post=666641"}],"version-history":[{"count":0,"href":"https:\/\/kohenavocats.com\/zh-hans\/wp-json\/wp\/v2\/posts\/666641\/revisions"}],"wp:featuredmedia":[{"embeddable":true,"href":"https:\/\/kohenavocats.com\/zh-hans\/wp-json\/wp\/v2\/media\/4759"}],"wp:attachment":[{"href":"https:\/\/kohenavocats.com\/zh-hans\/wp-json\/wp\/v2\/media?parent=666641"}],"wp:term":[{"taxonomy":"category","embeddable":true,"href":"https:\/\/kohenavocats.com\/zh-hans\/wp-json\/wp\/v2\/categories?post=666641"},{"taxonomy":"post_tag","embeddable":true,"href":"https:\/\/kohenavocats.com\/zh-hans\/wp-json\/wp\/v2\/tags?post=666641"}],"curies":[{"name":"wp","href":"https:\/\/api.w.org\/{rel}","templated":true}]}}