{"id":666650,"date":"2026-04-24T01:55:09","date_gmt":"2026-04-23T23:55:09","guid":{"rendered":"https:\/\/kohenavocats.com\/tribunal-judiciaire-de-paris-le-31-decembre-2024-n22-07002\/"},"modified":"2026-04-24T01:55:09","modified_gmt":"2026-04-23T23:55:09","slug":"tribunal-judiciaire-de-paris-le-31-decembre-2024-n22-07002","status":"publish","type":"post","link":"https:\/\/kohenavocats.com\/zh-hans\/tribunal-judiciaire-de-paris-le-31-decembre-2024-n22-07002\/","title":{"rendered":"Tribunal judiciaire de Paris, le 31 d\u00e9cembre 2024, n\u00b022\/07002"},"content":{"rendered":"<div class=\"article-content\">\n<p>Le Tribunal judiciaire de Paris, dans un jugement du 31 d\u00e9cembre 2024, statue sur une demande en responsabilit\u00e9 suite \u00e0 un cambriolage. Un sous-locataire exploitant une bijouterie au sein d\u2019un march\u00e9 couvert assigne le locataire principal gestionnaire et son prestataire de gardiennage. La juridiction rejette l\u2019ensemble des demandes en responsabilit\u00e9, d\u00e9taillant les obligations l\u00e9gales et contractuelles des parties. Elle souligne l\u2019absence de faute d\u00e9montr\u00e9e ayant directement caus\u00e9 le pr\u00e9judice subi par le commer\u00e7ant victime du vol.<\/p>\n<p>La d\u00e9limitation des obligations l\u00e9gales de surveillance et de gardiennage<\/p>\n<p>L\u2019encadrement l\u00e9gal sp\u00e9cifique aux ensembles commerciaux. Le tribunal commence par rappeler le r\u00e9gime sp\u00e9cial issu du code de la s\u00e9curit\u00e9 int\u00e9rieure. Ce dernier impose une obligation de surveillance aux exploitants de grandes surfaces commerciales dans certaines zones. &#8220;Les exploitants, qu&#8217;ils soient ou non propri\u00e9taires, de magasins de commerce de d\u00e9tail d&#8217;une surface de plancher sup\u00e9rieure \u00e0 6 000 m\u00b2 (&#8230;) sont tenus de faire assurer la surveillance des lieux ouverts au public&#8221; (Article R 273-1 du code de la s\u00e9curit\u00e9 int\u00e9rieure). L\u2019application de ce texte est retenue pour le march\u00e9 concern\u00e9, en raison de sa taille et de sa localisation. Cette obligation l\u00e9gale, qui peut \u00eatre mutualis\u00e9e, p\u00e8se ainsi sur les exploitants r\u00e9unis en un ensemble commercial et non sur le seul locataire principal. La port\u00e9e de cette d\u00e9cision est de clarifier la r\u00e9partition des charges l\u00e9gales de surveillance dans les grands ensembles, en les distinguant des obligations contractuelles du bailleur.<\/p>\n<p>Le rappel des principes de droit commun en mati\u00e8re de responsabilit\u00e9 du bailleur. Parall\u00e8lement, la juridiction r\u00e9affirme le droit commun applicable au louage d\u2019immeuble. Elle cite l\u2019article 1725 du code civil selon lequel &#8220;le bailleur n&#8217;est pas tenu de garantir le preneur du trouble que des tiers apportent par voies de fait \u00e0 sa jouissance&#8221;. Elle pr\u00e9cise la jurisprudence constante en la mati\u00e8re. &#8220;Le bailleur n&#8217;encourt en principe aucune responsabilit\u00e9 \u00e0 raison du vol commis par un tiers, au pr\u00e9judice du locataire (&#8230;) sauf, dans le cas o\u00f9 la perp\u00e9tration du vol se rattache, par un lien direct de causalit\u00e9, \u00e0 une faute d\u00e9termin\u00e9e dudit bailleur ou de ses pr\u00e9pos\u00e9s&#8221; (Motifs, point 1.1). Ce rappel est essentiel pour circonscrire la responsabilit\u00e9 du gestionnaire du march\u00e9, limit\u00e9e aux seuls manquements fautifs qui faciliteraient directement l\u2019intrusion. La valeur de cette analyse r\u00e9side dans sa conformit\u00e9 \u00e0 une jurisprudence bien \u00e9tablie, comme le confirme un arr\u00eat r\u00e9cent. &#8220;Ainsi que l&#8217;a rappel\u00e9 avec pertinence le premier juge, le bailleur n&#8217;encourt aucune responsabilit\u00e9 \u00e0 raison du vol commis par un tiers au pr\u00e9judice du locataire (&#8230;) sauf dans le cas o\u00f9 la commission du vol se rattache, par un lien direct de causalit\u00e9, \u00e0 une faute d\u00e9termin\u00e9e du bailleur&#8221; (Cour d&#8217;appel de Paris, le 18 janvier 2024, n\u00b021\/11859).<\/p>\n<p>L\u2019examen rigoureux des fautes all\u00e9gu\u00e9es et de la causalit\u00e9<\/p>\n<p>L\u2019absence de manquement d\u00e9montr\u00e9 dans l\u2019ex\u00e9cution des missions de surveillance. Le tribunal proc\u00e8de \u00e0 une analyse minutieuse des faits et du contrat de gardiennage. Il rel\u00e8ve que la mission du prestataire \u00e9tait une obligation de moyens, consistant en des rondes nocturnes et une surveillance dissuasive. L\u2019examen des vid\u00e9os montre que l\u2019intrus n\u2019a \u00e9t\u00e9 visible que pendant une tr\u00e8s courte dur\u00e9e. &#8220;Au regard de la tr\u00e8s courte dur\u00e9e de visibilit\u00e9 du cambrioleur (&#8230;) il ne peut \u00eatre reproch\u00e9 aucune faute de surveillance \u00e0 l\u2019agent&#8221; (Motifs, point 1.3). La juridiction estime que l\u2019agent pouvait l\u00e9gitimement \u00eatre en ronde \u00e0 ce moment pr\u00e9cis. Elle \u00e9carte \u00e9galement l\u2019id\u00e9e qu\u2019un vol ant\u00e9rieur par le toit constituerait une preuve de n\u00e9gligence dans l\u2019entretien. Cette approche d\u00e9montre un contr\u00f4le strict de l\u2019existence d\u2019une faute, refusant de basculer vers une obligation de r\u00e9sultat de la part des d\u00e9fendeurs.<\/p>\n<p>La preuve des n\u00e9gligences de la victime et le d\u00e9faut de causalit\u00e9. L\u2019analyse de la causalit\u00e9 est d\u00e9terminante dans le rejet de la demande. Le tribunal constate l\u2019absence de preuve d\u2019un lien direct entre une \u00e9ventuelle faute des d\u00e9fendeurs et la survenance du vol. Inversement, il rel\u00e8ve plusieurs n\u00e9gligences imputables au demandeur lui-m\u00eame. Celui-ci &#8220;n\u2019apporte la preuve d\u2019aucune n\u00e9gligence de la part de la soci\u00e9t\u00e9 [gestionnaire] dans l\u2019entretien des toits&#8221; (Motifs, point 1.3). Il admettait par ailleurs ne pas avoir de syst\u00e8me d\u2019alarme ni de coffre pour ses bijoux. Ces \u00e9l\u00e9ments ont, selon le tribunal, &#8220;grandement facilit\u00e9 la commission des faits&#8221;. La solution insiste ainsi sur la charge de la preuve qui incombe au demandeur et sur le principe selon lequel la responsabilit\u00e9 ne peut \u00eatre retenue sans un lien causal \u00e9tabli. La port\u00e9e de ce raisonnement est de rappeler que la s\u00e9curit\u00e9 d\u2019un local commercial r\u00e9sulte d\u2019une responsabilit\u00e9 partag\u00e9e, o\u00f9 la prudence du commer\u00e7ant reste primordiale.<\/p>\n<\/div>\n","protected":false},"excerpt":{"rendered":"<p>Le Tribunal judiciaire de Paris, dans un jugement du 31 d\u00e9cembre 2024, statue sur une demande en responsabilit\u00e9 suite \u00e0 un cambriolage. Un sous-locataire exp&#8230;<\/p>\n","protected":false},"author":232070755,"featured_media":9531,"comment_status":"open","ping_status":"open","sticky":false,"template":"","format":"standard","meta":{"_crdt_document":"","_jetpack_newsletter_access":"","_jetpack_dont_email_post_to_subs":false,"_jetpack_newsletter_tier_id":0,"_jetpack_memberships_contains_paywalled_content":false,"_jetpack_memberships_contains_paid_content":false,"footnotes":"","jetpack_post_was_ever_published":false},"categories":[7597],"tags":[],"class_list":["post-666650","post","type-post","status-publish","format-standard","has-post-thumbnail","hentry","category-jurisprudence"],"yoast_head":"<!-- This site is optimized with the Yoast SEO Premium plugin v27.4 (Yoast SEO v27.4) - https:\/\/yoast.com\/product\/yoast-seo-premium-wordpress\/ -->\n<title>Tribunal judiciaire de Paris, le 31 d\u00e9cembre 2024, n\u00b022\/07002 - Ma\u00eetre Hassan Kohen, avocat en droit p\u00e9nal \u00e0 Paris<\/title>\n<meta name=\"description\" content=\"Le Tribunal judiciaire de Paris, dans un jugement du 31 d\u00e9cembre 2024, statue sur une demande en responsabilit\u00e9 suite \u00e0 un cambriolage. Un sous-locataire exp...\" \/>\n<meta name=\"robots\" content=\"index, follow, max-snippet:-1, max-image-preview:large, max-video-preview:-1\" \/>\n<link rel=\"canonical\" href=\"https:\/\/kohenavocats.com\/zh-hans\/tribunal-judiciaire-de-paris-le-31-decembre-2024-n22-07002\/\" \/>\n<meta property=\"og:locale\" content=\"zh_CN\" \/>\n<meta property=\"og:type\" content=\"article\" \/>\n<meta property=\"og:title\" content=\"Tribunal judiciaire de Paris, le 31 d\u00e9cembre 2024, n\u00b022\/07002\" \/>\n<meta property=\"og:description\" content=\"Le Tribunal judiciaire de Paris, dans un jugement du 31 d\u00e9cembre 2024, statue sur une demande en responsabilit\u00e9 suite \u00e0 un cambriolage. Un sous-locataire exp...\" \/>\n<meta property=\"og:url\" content=\"https:\/\/kohenavocats.com\/zh-hans\/tribunal-judiciaire-de-paris-le-31-decembre-2024-n22-07002\/\" \/>\n<meta property=\"og:site_name\" content=\"Ma\u00eetre Hassan Kohen, avocat en droit p\u00e9nal \u00e0 Paris\" \/>\n<meta property=\"article:published_time\" content=\"2026-04-23T23:55:09+00:00\" \/>\n<meta property=\"og:image\" content=\"https:\/\/kohenavocats.com\/wp-content\/uploads\/2024\/11\/mohamed-nohassi-JRDWIrzOZpI-unsplash.webp\" \/>\n\t<meta property=\"og:image:width\" content=\"5554\" \/>\n\t<meta property=\"og:image:height\" content=\"7506\" \/>\n\t<meta property=\"og:image:type\" content=\"image\/webp\" \/>\n<meta name=\"author\" content=\"Kohen\" \/>\n<meta name=\"twitter:card\" content=\"summary_large_image\" \/>\n<meta name=\"twitter:label1\" content=\"\u4f5c\u8005\" \/>\n\t<meta name=\"twitter:data1\" content=\"Kohen\" \/>\n\t<meta name=\"twitter:label2\" content=\"\u9884\u8ba1\u9605\u8bfb\u65f6\u95f4\" \/>\n\t<meta name=\"twitter:data2\" content=\"4 \u5206\" \/>\n<script type=\"application\/ld+json\" class=\"yoast-schema-graph\">{\"@context\":\"https:\\\/\\\/schema.org\",\"@graph\":[{\"@type\":\"Article\",\"@id\":\"https:\\\/\\\/kohenavocats.com\\\/zh-hans\\\/tribunal-judiciaire-de-paris-le-31-decembre-2024-n22-07002\\\/#article\",\"isPartOf\":{\"@id\":\"https:\\\/\\\/kohenavocats.com\\\/zh-hans\\\/tribunal-judiciaire-de-paris-le-31-decembre-2024-n22-07002\\\/\"},\"author\":{\"name\":\"Kohen\",\"@id\":\"https:\\\/\\\/kohenavocats.com\\\/zh-hans\\\/#\\\/schema\\\/person\\\/761c9ba54fa1ca84d405cef0831ff751\"},\"headline\":\"Tribunal judiciaire de Paris, le 31 d\u00e9cembre 2024, n\u00b022\\\/07002\",\"datePublished\":\"2026-04-23T23:55:09+00:00\",\"mainEntityOfPage\":{\"@id\":\"https:\\\/\\\/kohenavocats.com\\\/zh-hans\\\/tribunal-judiciaire-de-paris-le-31-decembre-2024-n22-07002\\\/\"},\"wordCount\":858,\"commentCount\":0,\"publisher\":{\"@id\":\"https:\\\/\\\/kohenavocats.com\\\/zh-hans\\\/#organization\"},\"image\":{\"@id\":\"https:\\\/\\\/kohenavocats.com\\\/zh-hans\\\/tribunal-judiciaire-de-paris-le-31-decembre-2024-n22-07002\\\/#primaryimage\"},\"thumbnailUrl\":\"https:\\\/\\\/kohenavocats.com\\\/wp-content\\\/uploads\\\/2024\\\/11\\\/mohamed-nohassi-JRDWIrzOZpI-unsplash.webp\",\"articleSection\":[\"Jurisprudence\"],\"inLanguage\":\"zh-Hans\",\"potentialAction\":[{\"@type\":\"CommentAction\",\"name\":\"Comment\",\"target\":[\"https:\\\/\\\/kohenavocats.com\\\/zh-hans\\\/tribunal-judiciaire-de-paris-le-31-decembre-2024-n22-07002\\\/#respond\"]}],\"citation\":\"Tribunal judiciaire de Paris, le 31 d\u00e9cembre 2024, n\u00b022\\\/07002\",\"about\":[{\"@type\":\"Thing\",\"name\":\"Jurisprudence\"}],\"dateModified\":\"2026-04-23T23:55:09+00:00\",\"speakable\":{\"@type\":\"SpeakableSpecification\",\"cssSelector\":[\".article-content > p:first-of-type\"]}},{\"@type\":\"WebPage\",\"@id\":\"https:\\\/\\\/kohenavocats.com\\\/zh-hans\\\/tribunal-judiciaire-de-paris-le-31-decembre-2024-n22-07002\\\/\",\"url\":\"https:\\\/\\\/kohenavocats.com\\\/zh-hans\\\/tribunal-judiciaire-de-paris-le-31-decembre-2024-n22-07002\\\/\",\"name\":\"Tribunal judiciaire de Paris, le 31 d\u00e9cembre 2024, n\u00b022\\\/07002 - Ma\u00eetre Hassan Kohen, avocat en droit p\u00e9nal \u00e0 Paris\",\"isPartOf\":{\"@id\":\"https:\\\/\\\/kohenavocats.com\\\/zh-hans\\\/#website\"},\"primaryImageOfPage\":{\"@id\":\"https:\\\/\\\/kohenavocats.com\\\/zh-hans\\\/tribunal-judiciaire-de-paris-le-31-decembre-2024-n22-07002\\\/#primaryimage\"},\"image\":{\"@id\":\"https:\\\/\\\/kohenavocats.com\\\/zh-hans\\\/tribunal-judiciaire-de-paris-le-31-decembre-2024-n22-07002\\\/#primaryimage\"},\"thumbnailUrl\":\"https:\\\/\\\/kohenavocats.com\\\/wp-content\\\/uploads\\\/2024\\\/11\\\/mohamed-nohassi-JRDWIrzOZpI-unsplash.webp\",\"datePublished\":\"2026-04-23T23:55:09+00:00\",\"description\":\"Le Tribunal judiciaire de Paris, dans un jugement du 31 d\u00e9cembre 2024, statue sur une demande en responsabilit\u00e9 suite \u00e0 un cambriolage. Un sous-locataire exp...\",\"breadcrumb\":{\"@id\":\"https:\\\/\\\/kohenavocats.com\\\/zh-hans\\\/tribunal-judiciaire-de-paris-le-31-decembre-2024-n22-07002\\\/#breadcrumb\"},\"inLanguage\":\"zh-Hans\",\"potentialAction\":[{\"@type\":\"ReadAction\",\"target\":[\"https:\\\/\\\/kohenavocats.com\\\/zh-hans\\\/tribunal-judiciaire-de-paris-le-31-decembre-2024-n22-07002\\\/\"]}]},{\"@type\":\"ImageObject\",\"inLanguage\":\"zh-Hans\",\"@id\":\"https:\\\/\\\/kohenavocats.com\\\/zh-hans\\\/tribunal-judiciaire-de-paris-le-31-decembre-2024-n22-07002\\\/#primaryimage\",\"url\":\"https:\\\/\\\/kohenavocats.com\\\/wp-content\\\/uploads\\\/2024\\\/11\\\/mohamed-nohassi-JRDWIrzOZpI-unsplash.webp\",\"contentUrl\":\"https:\\\/\\\/kohenavocats.com\\\/wp-content\\\/uploads\\\/2024\\\/11\\\/mohamed-nohassi-JRDWIrzOZpI-unsplash.webp\",\"width\":5554,\"height\":7506},{\"@type\":\"BreadcrumbList\",\"@id\":\"https:\\\/\\\/kohenavocats.com\\\/zh-hans\\\/tribunal-judiciaire-de-paris-le-31-decembre-2024-n22-07002\\\/#breadcrumb\",\"itemListElement\":[{\"@type\":\"ListItem\",\"position\":1,\"name\":\"Home\",\"item\":\"https:\\\/\\\/kohenavocats.com\\\/zh-hans\\\/\"},{\"@type\":\"ListItem\",\"position\":2,\"name\":\"Tribunal judiciaire de Paris, le 31 d\u00e9cembre 2024, n\u00b022\\\/07002\"}]},{\"@type\":\"WebSite\",\"@id\":\"https:\\\/\\\/kohenavocats.com\\\/zh-hans\\\/#website\",\"url\":\"https:\\\/\\\/kohenavocats.com\\\/zh-hans\\\/\",\"name\":\"Kohen Avocats\",\"description\":\"Ma\u00eetre Hassan Kohen, avocat p\u00e9naliste \u00e0 Paris, intervient exclusivement en droit p\u00e9nal pour la d\u00e9fense des particuliers, notamment en mati\u00e8re d\u2019accusations de viol. Il assure un accompagnement rigoureux d\u00e8s la garde \u00e0 vue jusqu\u2019\u00e0 la Cour d\u2019assises, veillant au strict respect des garanties proc\u00e9durales.\",\"publisher\":{\"@id\":\"https:\\\/\\\/kohenavocats.com\\\/zh-hans\\\/#organization\"},\"potentialAction\":[{\"@type\":\"SearchAction\",\"target\":{\"@type\":\"EntryPoint\",\"urlTemplate\":\"https:\\\/\\\/kohenavocats.com\\\/zh-hans\\\/?s={search_term_string}\"},\"query-input\":{\"@type\":\"PropertyValueSpecification\",\"valueRequired\":true,\"valueName\":\"search_term_string\"}}],\"inLanguage\":\"zh-Hans\"},{\"@type\":\"Organization\",\"@id\":\"https:\\\/\\\/kohenavocats.com\\\/zh-hans\\\/#organization\",\"name\":\"Kohen Avocats\",\"url\":\"https:\\\/\\\/kohenavocats.com\\\/zh-hans\\\/\",\"logo\":{\"@type\":\"ImageObject\",\"inLanguage\":\"zh-Hans\",\"@id\":\"https:\\\/\\\/kohenavocats.com\\\/zh-hans\\\/#\\\/schema\\\/logo\\\/image\\\/\",\"url\":\"https:\\\/\\\/kohenavocats.com\\\/wp-content\\\/uploads\\\/2026\\\/01\\\/Logo-2-1.webp\",\"contentUrl\":\"https:\\\/\\\/kohenavocats.com\\\/wp-content\\\/uploads\\\/2026\\\/01\\\/Logo-2-1.webp\",\"width\":2114,\"height\":1253,\"caption\":\"Kohen Avocats\"},\"image\":{\"@id\":\"https:\\\/\\\/kohenavocats.com\\\/zh-hans\\\/#\\\/schema\\\/logo\\\/image\\\/\"}},{\"@type\":\"Person\",\"@id\":\"https:\\\/\\\/kohenavocats.com\\\/zh-hans\\\/#\\\/schema\\\/person\\\/761c9ba54fa1ca84d405cef0831ff751\",\"name\":\"Kohen\",\"image\":{\"@type\":\"ImageObject\",\"inLanguage\":\"zh-Hans\",\"@id\":\"https:\\\/\\\/secure.gravatar.com\\\/avatar\\\/1c5e76ef76bbbfdd2b4da984e2bf2fa4056fd51a27d25ce2c332047f1dfd6e00?s=96&d=identicon&r=g\",\"url\":\"https:\\\/\\\/secure.gravatar.com\\\/avatar\\\/1c5e76ef76bbbfdd2b4da984e2bf2fa4056fd51a27d25ce2c332047f1dfd6e00?s=96&d=identicon&r=g\",\"contentUrl\":\"https:\\\/\\\/secure.gravatar.com\\\/avatar\\\/1c5e76ef76bbbfdd2b4da984e2bf2fa4056fd51a27d25ce2c332047f1dfd6e00?s=96&d=identicon&r=g\",\"caption\":\"Kohen\"},\"sameAs\":[\"https:\\\/\\\/www.linkedin.com\\\/in\\\/hassan-kohen-448548192\\\/\",\"https:\\\/\\\/www.youtube.com\\\/@Kohen-Avocats\"],\"url\":\"https:\\\/\\\/kohenavocats.com\\\/zh-hans\\\/author\\\/kohenmlk\\\/\"}]}<\/script>\n<!-- \/ Yoast SEO Premium plugin. -->","yoast_head_json":{"title":"Tribunal judiciaire de Paris, le 31 d\u00e9cembre 2024, n\u00b022\/07002 - Ma\u00eetre Hassan Kohen, avocat en droit p\u00e9nal \u00e0 Paris","description":"Le Tribunal judiciaire de Paris, dans un jugement du 31 d\u00e9cembre 2024, statue sur une demande en responsabilit\u00e9 suite \u00e0 un cambriolage. Un sous-locataire exp...","robots":{"index":"index","follow":"follow","max-snippet":"max-snippet:-1","max-image-preview":"max-image-preview:large","max-video-preview":"max-video-preview:-1"},"canonical":"https:\/\/kohenavocats.com\/zh-hans\/tribunal-judiciaire-de-paris-le-31-decembre-2024-n22-07002\/","og_locale":"zh_CN","og_type":"article","og_title":"Tribunal judiciaire de Paris, le 31 d\u00e9cembre 2024, n\u00b022\/07002","og_description":"Le Tribunal judiciaire de Paris, dans un jugement du 31 d\u00e9cembre 2024, statue sur une demande en responsabilit\u00e9 suite \u00e0 un cambriolage. Un sous-locataire exp...","og_url":"https:\/\/kohenavocats.com\/zh-hans\/tribunal-judiciaire-de-paris-le-31-decembre-2024-n22-07002\/","og_site_name":"Ma\u00eetre Hassan Kohen, avocat en droit p\u00e9nal \u00e0 Paris","article_published_time":"2026-04-23T23:55:09+00:00","og_image":[{"width":5554,"height":7506,"url":"https:\/\/kohenavocats.com\/wp-content\/uploads\/2024\/11\/mohamed-nohassi-JRDWIrzOZpI-unsplash.webp","type":"image\/webp"}],"author":"Kohen","twitter_card":"summary_large_image","twitter_misc":{"\u4f5c\u8005":"Kohen","\u9884\u8ba1\u9605\u8bfb\u65f6\u95f4":"4 \u5206"},"schema":{"@context":"https:\/\/schema.org","@graph":[{"@type":"Article","@id":"https:\/\/kohenavocats.com\/zh-hans\/tribunal-judiciaire-de-paris-le-31-decembre-2024-n22-07002\/#article","isPartOf":{"@id":"https:\/\/kohenavocats.com\/zh-hans\/tribunal-judiciaire-de-paris-le-31-decembre-2024-n22-07002\/"},"author":{"name":"Kohen","@id":"https:\/\/kohenavocats.com\/zh-hans\/#\/schema\/person\/761c9ba54fa1ca84d405cef0831ff751"},"headline":"Tribunal judiciaire de Paris, le 31 d\u00e9cembre 2024, n\u00b022\/07002","datePublished":"2026-04-23T23:55:09+00:00","mainEntityOfPage":{"@id":"https:\/\/kohenavocats.com\/zh-hans\/tribunal-judiciaire-de-paris-le-31-decembre-2024-n22-07002\/"},"wordCount":858,"commentCount":0,"publisher":{"@id":"https:\/\/kohenavocats.com\/zh-hans\/#organization"},"image":{"@id":"https:\/\/kohenavocats.com\/zh-hans\/tribunal-judiciaire-de-paris-le-31-decembre-2024-n22-07002\/#primaryimage"},"thumbnailUrl":"https:\/\/kohenavocats.com\/wp-content\/uploads\/2024\/11\/mohamed-nohassi-JRDWIrzOZpI-unsplash.webp","articleSection":["Jurisprudence"],"inLanguage":"zh-Hans","potentialAction":[{"@type":"CommentAction","name":"Comment","target":["https:\/\/kohenavocats.com\/zh-hans\/tribunal-judiciaire-de-paris-le-31-decembre-2024-n22-07002\/#respond"]}],"citation":"Tribunal judiciaire de Paris, le 31 d\u00e9cembre 2024, n\u00b022\/07002","about":[{"@type":"Thing","name":"Jurisprudence"}],"dateModified":"2026-04-23T23:55:09+00:00","speakable":{"@type":"SpeakableSpecification","cssSelector":[".article-content > p:first-of-type"]}},{"@type":"WebPage","@id":"https:\/\/kohenavocats.com\/zh-hans\/tribunal-judiciaire-de-paris-le-31-decembre-2024-n22-07002\/","url":"https:\/\/kohenavocats.com\/zh-hans\/tribunal-judiciaire-de-paris-le-31-decembre-2024-n22-07002\/","name":"Tribunal judiciaire de Paris, le 31 d\u00e9cembre 2024, n\u00b022\/07002 - Ma\u00eetre Hassan Kohen, avocat en droit p\u00e9nal \u00e0 Paris","isPartOf":{"@id":"https:\/\/kohenavocats.com\/zh-hans\/#website"},"primaryImageOfPage":{"@id":"https:\/\/kohenavocats.com\/zh-hans\/tribunal-judiciaire-de-paris-le-31-decembre-2024-n22-07002\/#primaryimage"},"image":{"@id":"https:\/\/kohenavocats.com\/zh-hans\/tribunal-judiciaire-de-paris-le-31-decembre-2024-n22-07002\/#primaryimage"},"thumbnailUrl":"https:\/\/kohenavocats.com\/wp-content\/uploads\/2024\/11\/mohamed-nohassi-JRDWIrzOZpI-unsplash.webp","datePublished":"2026-04-23T23:55:09+00:00","description":"Le Tribunal judiciaire de Paris, dans un jugement du 31 d\u00e9cembre 2024, statue sur une demande en responsabilit\u00e9 suite \u00e0 un cambriolage. Un sous-locataire exp...","breadcrumb":{"@id":"https:\/\/kohenavocats.com\/zh-hans\/tribunal-judiciaire-de-paris-le-31-decembre-2024-n22-07002\/#breadcrumb"},"inLanguage":"zh-Hans","potentialAction":[{"@type":"ReadAction","target":["https:\/\/kohenavocats.com\/zh-hans\/tribunal-judiciaire-de-paris-le-31-decembre-2024-n22-07002\/"]}]},{"@type":"ImageObject","inLanguage":"zh-Hans","@id":"https:\/\/kohenavocats.com\/zh-hans\/tribunal-judiciaire-de-paris-le-31-decembre-2024-n22-07002\/#primaryimage","url":"https:\/\/kohenavocats.com\/wp-content\/uploads\/2024\/11\/mohamed-nohassi-JRDWIrzOZpI-unsplash.webp","contentUrl":"https:\/\/kohenavocats.com\/wp-content\/uploads\/2024\/11\/mohamed-nohassi-JRDWIrzOZpI-unsplash.webp","width":5554,"height":7506},{"@type":"BreadcrumbList","@id":"https:\/\/kohenavocats.com\/zh-hans\/tribunal-judiciaire-de-paris-le-31-decembre-2024-n22-07002\/#breadcrumb","itemListElement":[{"@type":"ListItem","position":1,"name":"Home","item":"https:\/\/kohenavocats.com\/zh-hans\/"},{"@type":"ListItem","position":2,"name":"Tribunal judiciaire de Paris, le 31 d\u00e9cembre 2024, n\u00b022\/07002"}]},{"@type":"WebSite","@id":"https:\/\/kohenavocats.com\/zh-hans\/#website","url":"https:\/\/kohenavocats.com\/zh-hans\/","name":"Kohen Avocats","description":"Ma\u00eetre Hassan Kohen, avocat p\u00e9naliste \u00e0 Paris, intervient exclusivement en droit p\u00e9nal pour la d\u00e9fense des particuliers, notamment en mati\u00e8re d\u2019accusations de viol. Il assure un accompagnement rigoureux d\u00e8s la garde \u00e0 vue jusqu\u2019\u00e0 la Cour d\u2019assises, veillant au strict respect des garanties proc\u00e9durales.","publisher":{"@id":"https:\/\/kohenavocats.com\/zh-hans\/#organization"},"potentialAction":[{"@type":"SearchAction","target":{"@type":"EntryPoint","urlTemplate":"https:\/\/kohenavocats.com\/zh-hans\/?s={search_term_string}"},"query-input":{"@type":"PropertyValueSpecification","valueRequired":true,"valueName":"search_term_string"}}],"inLanguage":"zh-Hans"},{"@type":"Organization","@id":"https:\/\/kohenavocats.com\/zh-hans\/#organization","name":"Kohen Avocats","url":"https:\/\/kohenavocats.com\/zh-hans\/","logo":{"@type":"ImageObject","inLanguage":"zh-Hans","@id":"https:\/\/kohenavocats.com\/zh-hans\/#\/schema\/logo\/image\/","url":"https:\/\/kohenavocats.com\/wp-content\/uploads\/2026\/01\/Logo-2-1.webp","contentUrl":"https:\/\/kohenavocats.com\/wp-content\/uploads\/2026\/01\/Logo-2-1.webp","width":2114,"height":1253,"caption":"Kohen Avocats"},"image":{"@id":"https:\/\/kohenavocats.com\/zh-hans\/#\/schema\/logo\/image\/"}},{"@type":"Person","@id":"https:\/\/kohenavocats.com\/zh-hans\/#\/schema\/person\/761c9ba54fa1ca84d405cef0831ff751","name":"Kohen","image":{"@type":"ImageObject","inLanguage":"zh-Hans","@id":"https:\/\/secure.gravatar.com\/avatar\/1c5e76ef76bbbfdd2b4da984e2bf2fa4056fd51a27d25ce2c332047f1dfd6e00?s=96&d=identicon&r=g","url":"https:\/\/secure.gravatar.com\/avatar\/1c5e76ef76bbbfdd2b4da984e2bf2fa4056fd51a27d25ce2c332047f1dfd6e00?s=96&d=identicon&r=g","contentUrl":"https:\/\/secure.gravatar.com\/avatar\/1c5e76ef76bbbfdd2b4da984e2bf2fa4056fd51a27d25ce2c332047f1dfd6e00?s=96&d=identicon&r=g","caption":"Kohen"},"sameAs":["https:\/\/www.linkedin.com\/in\/hassan-kohen-448548192\/","https:\/\/www.youtube.com\/@Kohen-Avocats"],"url":"https:\/\/kohenavocats.com\/zh-hans\/author\/kohenmlk\/"}]}},"jetpack_featured_media_url":"https:\/\/kohenavocats.com\/wp-content\/uploads\/2024\/11\/mohamed-nohassi-JRDWIrzOZpI-unsplash.webp","jetpack_likes_enabled":false,"jetpack_shortlink":"https:\/\/wp.me\/peCrII-2Nqq","jetpack-related-posts":[{"id":436451,"url":"https:\/\/kohenavocats.com\/zh-hans\/cour-dappel-de-paris-le-8-decembre-2010-n07-11499\/","url_meta":{"origin":666650,"position":0},"title":"Cour d&#8217;appel de Paris, le 8 d\u00e9cembre 2010, n\u00b007\/11499","author":"Kohen","date":"2026\u5e743\u670825\u65e5","format":false,"excerpt":"L\u2019arr\u00eat rendu par la Cour d\u2019appel de Paris le 8 d\u00e9\u2026","rel":"","context":"\u5728\u201cCour d'appel\u201d\u4e2d","block_context":{"text":"Cour d'appel","link":"https:\/\/kohenavocats.com\/category\/cour-dappel\/"},"img":{"alt_text":"","src":"https:\/\/i0.wp.com\/kohenavocats.com\/wp-content\/uploads\/2024\/11\/getty-images-KLAusgd2DI8-unsplash.webp?resize=350%2C200&ssl=1","width":350,"height":200,"srcset":"https:\/\/i0.wp.com\/kohenavocats.com\/wp-content\/uploads\/2024\/11\/getty-images-KLAusgd2DI8-unsplash.webp?resize=350%2C200&ssl=1 1x, https:\/\/i0.wp.com\/kohenavocats.com\/wp-content\/uploads\/2024\/11\/getty-images-KLAusgd2DI8-unsplash.webp?resize=525%2C300&ssl=1 1.5x, https:\/\/i0.wp.com\/kohenavocats.com\/wp-content\/uploads\/2024\/11\/getty-images-KLAusgd2DI8-unsplash.webp?resize=700%2C400&ssl=1 2x, https:\/\/i0.wp.com\/kohenavocats.com\/wp-content\/uploads\/2024\/11\/getty-images-KLAusgd2DI8-unsplash.webp?resize=1050%2C600&ssl=1 3x, https:\/\/i0.wp.com\/kohenavocats.com\/wp-content\/uploads\/2024\/11\/getty-images-KLAusgd2DI8-unsplash.webp?resize=1400%2C800&ssl=1 4x"},"classes":[]},{"id":468000,"url":"https:\/\/kohenavocats.com\/zh-hans\/caa-caa-de-marseille-24-07-2025-n-24ma02358\/","url_meta":{"origin":666650,"position":1},"title":"CAA \u2013 CAA de MARSEILLE \u2013 24\/07\/2025 \u2013 n\u00b0 24MA02358","author":"Kohen","date":"2026\u5e744\u67087\u65e5","format":false,"excerpt":"La Cour administrative d\u2019appel de Marseille a rend\u2026","rel":"","context":"\u5728\u201cJuridictions administratives\u201d\u4e2d","block_context":{"text":"Juridictions administratives","link":"https:\/\/kohenavocats.com\/category\/juridictions-administratives\/"},"img":{"alt_text":"","src":"https:\/\/i0.wp.com\/kohenavocats.com\/wp-content\/uploads\/2024\/08\/chelms-varthoumlien-m6gbOoP_7GQ-unsplash.webp?resize=350%2C200&ssl=1","width":350,"height":200,"srcset":"https:\/\/i0.wp.com\/kohenavocats.com\/wp-content\/uploads\/2024\/08\/chelms-varthoumlien-m6gbOoP_7GQ-unsplash.webp?resize=350%2C200&ssl=1 1x, https:\/\/i0.wp.com\/kohenavocats.com\/wp-content\/uploads\/2024\/08\/chelms-varthoumlien-m6gbOoP_7GQ-unsplash.webp?resize=525%2C300&ssl=1 1.5x, https:\/\/i0.wp.com\/kohenavocats.com\/wp-content\/uploads\/2024\/08\/chelms-varthoumlien-m6gbOoP_7GQ-unsplash.webp?resize=700%2C400&ssl=1 2x, https:\/\/i0.wp.com\/kohenavocats.com\/wp-content\/uploads\/2024\/08\/chelms-varthoumlien-m6gbOoP_7GQ-unsplash.webp?resize=1050%2C600&ssl=1 3x, https:\/\/i0.wp.com\/kohenavocats.com\/wp-content\/uploads\/2024\/08\/chelms-varthoumlien-m6gbOoP_7GQ-unsplash.webp?resize=1400%2C800&ssl=1 4x"},"classes":[]},{"id":352420,"url":"https:\/\/kohenavocats.com\/zh-hans\/tribunal-judiciaire-de-bobigny-le-23-septembre-2025-n22-07002\/","url_meta":{"origin":666650,"position":2},"title":"Tribunal judiciaire de Bobigny, le 23 septembre 2025, n\u00b022\/07002","author":"Kohen","date":"2026\u5e742\u670811\u65e5","format":false,"excerpt":"Le Tribunal judiciaire de Bobigny, dans un jugemen\u2026","rel":"","context":"\u5728\u201cD\u00e9cisions juridiques\u201d\u4e2d","block_context":{"text":"D\u00e9cisions juridiques","link":"https:\/\/kohenavocats.com\/category\/decisions-juridiques\/"},"img":{"alt_text":"","src":"https:\/\/i0.wp.com\/kohenavocats.com\/wp-content\/uploads\/2024\/11\/pawel-czerwinski-WVPJ3ISFRZs-unsplash.webp?resize=350%2C200&ssl=1","width":350,"height":200,"srcset":"https:\/\/i0.wp.com\/kohenavocats.com\/wp-content\/uploads\/2024\/11\/pawel-czerwinski-WVPJ3ISFRZs-unsplash.webp?resize=350%2C200&ssl=1 1x, https:\/\/i0.wp.com\/kohenavocats.com\/wp-content\/uploads\/2024\/11\/pawel-czerwinski-WVPJ3ISFRZs-unsplash.webp?resize=525%2C300&ssl=1 1.5x, https:\/\/i0.wp.com\/kohenavocats.com\/wp-content\/uploads\/2024\/11\/pawel-czerwinski-WVPJ3ISFRZs-unsplash.webp?resize=700%2C400&ssl=1 2x, https:\/\/i0.wp.com\/kohenavocats.com\/wp-content\/uploads\/2024\/11\/pawel-czerwinski-WVPJ3ISFRZs-unsplash.webp?resize=1050%2C600&ssl=1 3x, https:\/\/i0.wp.com\/kohenavocats.com\/wp-content\/uploads\/2024\/11\/pawel-czerwinski-WVPJ3ISFRZs-unsplash.webp?resize=1400%2C800&ssl=1 4x"},"classes":[]},{"id":28279,"url":"https:\/\/kohenavocats.com\/zh-hans\/circulaire-du-19-juillet-1921-instruction-n-2833-4-0-12-sur-la-surveillance-et-le-gardiennage-du-domaine-militaire-de-laeronautique-militaire-terrains-installations-et-materiels\/","url_meta":{"origin":666650,"position":3},"title":"Circulaire du 19 juillet 1921 &#8211; INSTRUCTION N\u00b0\u00a02833-4\/0\/12 sur la surveillance et le gardiennage du domaine militaire de l&#8217;a\u00e9ronautique militaire (terrains, installations et mat\u00e9riels).","author":"Kohen","date":"2025\u5e7411\u67084\u65e5","format":false,"excerpt":"La liste et la p\u00e9riodicit\u00e9 des commandes \u00e9tant d\u00e9t\u2026","rel":"","context":"\u5728\u201cCirculaire\u201d\u4e2d","block_context":{"text":"Circulaire","link":"https:\/\/kohenavocats.com\/category\/circulaire\/"},"img":{"alt_text":"","src":"https:\/\/i0.wp.com\/kohenavocats.com\/wp-content\/uploads\/2024\/07\/henry-be-Pg63JThyCg-unsplash.webp?resize=350%2C200&ssl=1","width":350,"height":200,"srcset":"https:\/\/i0.wp.com\/kohenavocats.com\/wp-content\/uploads\/2024\/07\/henry-be-Pg63JThyCg-unsplash.webp?resize=350%2C200&ssl=1 1x, https:\/\/i0.wp.com\/kohenavocats.com\/wp-content\/uploads\/2024\/07\/henry-be-Pg63JThyCg-unsplash.webp?resize=525%2C300&ssl=1 1.5x, https:\/\/i0.wp.com\/kohenavocats.com\/wp-content\/uploads\/2024\/07\/henry-be-Pg63JThyCg-unsplash.webp?resize=700%2C400&ssl=1 2x, https:\/\/i0.wp.com\/kohenavocats.com\/wp-content\/uploads\/2024\/07\/henry-be-Pg63JThyCg-unsplash.webp?resize=1050%2C600&ssl=1 3x, https:\/\/i0.wp.com\/kohenavocats.com\/wp-content\/uploads\/2024\/07\/henry-be-Pg63JThyCg-unsplash.webp?resize=1400%2C800&ssl=1 4x"},"classes":[]},{"id":200678,"url":"https:\/\/kohenavocats.com\/zh-hans\/9eme-10eme-chambres-reunies-du-conseil-detat-le-15-janvier-2025-n476885\/","url_meta":{"origin":666650,"position":4},"title":"9\u00e8me &#8211; 10\u00e8me chambres r\u00e9unies du Conseil d&#8217;\u00c9tat, le 15 janvier 2025, n\u00b0476885","author":"Kohen","date":"2025\u5e7412\u670820\u65e5","format":false,"excerpt":"Par un arr\u00eat du 15 janvier 2025, le Conseil d'\u00c9tat\u2026","rel":"","context":"\u5728\u201c6920\u201d\u4e2d","block_context":{"text":"6920","link":"https:\/\/kohenavocats.com\/category\/6920\/"},"img":{"alt_text":"","src":"https:\/\/i0.wp.com\/kohenavocats.com\/wp-content\/uploads\/2024\/08\/mediamodifier-En1_jJx6UDU-unsplash.webp?resize=350%2C200&ssl=1","width":350,"height":200,"srcset":"https:\/\/i0.wp.com\/kohenavocats.com\/wp-content\/uploads\/2024\/08\/mediamodifier-En1_jJx6UDU-unsplash.webp?resize=350%2C200&ssl=1 1x, https:\/\/i0.wp.com\/kohenavocats.com\/wp-content\/uploads\/2024\/08\/mediamodifier-En1_jJx6UDU-unsplash.webp?resize=525%2C300&ssl=1 1.5x, https:\/\/i0.wp.com\/kohenavocats.com\/wp-content\/uploads\/2024\/08\/mediamodifier-En1_jJx6UDU-unsplash.webp?resize=700%2C400&ssl=1 2x, https:\/\/i0.wp.com\/kohenavocats.com\/wp-content\/uploads\/2024\/08\/mediamodifier-En1_jJx6UDU-unsplash.webp?resize=1050%2C600&ssl=1 3x, https:\/\/i0.wp.com\/kohenavocats.com\/wp-content\/uploads\/2024\/08\/mediamodifier-En1_jJx6UDU-unsplash.webp?resize=1400%2C800&ssl=1 4x"},"classes":[]},{"id":237626,"url":"https:\/\/kohenavocats.com\/zh-hans\/cour-de-justice-de-lunion-europeenne-le-10-juillet-2025-nc-783-23\/","url_meta":{"origin":666650,"position":5},"title":"Cour de justice de l&#8217;Union europ\u00e9enne, le 10 juillet 2025, n\u00b0C-783\/23","author":"Kohen","date":"2025\u5e7412\u670830\u65e5","format":false,"excerpt":"La Cour de justice de l\u2019Union europ\u00e9enne a rendu u\u2026","rel":"","context":"\u5728\u201cCour de justice de l'Union europeenne\u201d\u4e2d","block_context":{"text":"Cour de justice de l'Union europeenne","link":"https:\/\/kohenavocats.com\/category\/cour-de-justice-de-lunion-europeenne\/"},"img":{"alt_text":"","src":"https:\/\/i0.wp.com\/kohenavocats.com\/wp-content\/uploads\/2024\/06\/pexels-pavel-danilyuk-8112201.jpg?resize=350%2C200&ssl=1","width":350,"height":200,"srcset":"https:\/\/i0.wp.com\/kohenavocats.com\/wp-content\/uploads\/2024\/06\/pexels-pavel-danilyuk-8112201.jpg?resize=350%2C200&ssl=1 1x, https:\/\/i0.wp.com\/kohenavocats.com\/wp-content\/uploads\/2024\/06\/pexels-pavel-danilyuk-8112201.jpg?resize=525%2C300&ssl=1 1.5x, https:\/\/i0.wp.com\/kohenavocats.com\/wp-content\/uploads\/2024\/06\/pexels-pavel-danilyuk-8112201.jpg?resize=700%2C400&ssl=1 2x, https:\/\/i0.wp.com\/kohenavocats.com\/wp-content\/uploads\/2024\/06\/pexels-pavel-danilyuk-8112201.jpg?resize=1050%2C600&ssl=1 3x, https:\/\/i0.wp.com\/kohenavocats.com\/wp-content\/uploads\/2024\/06\/pexels-pavel-danilyuk-8112201.jpg?resize=1400%2C800&ssl=1 4x"},"classes":[]}],"jetpack_sharing_enabled":true,"_links":{"self":[{"href":"https:\/\/kohenavocats.com\/zh-hans\/wp-json\/wp\/v2\/posts\/666650","targetHints":{"allow":["GET"]}}],"collection":[{"href":"https:\/\/kohenavocats.com\/zh-hans\/wp-json\/wp\/v2\/posts"}],"about":[{"href":"https:\/\/kohenavocats.com\/zh-hans\/wp-json\/wp\/v2\/types\/post"}],"author":[{"embeddable":true,"href":"https:\/\/kohenavocats.com\/zh-hans\/wp-json\/wp\/v2\/users\/232070755"}],"replies":[{"embeddable":true,"href":"https:\/\/kohenavocats.com\/zh-hans\/wp-json\/wp\/v2\/comments?post=666650"}],"version-history":[{"count":0,"href":"https:\/\/kohenavocats.com\/zh-hans\/wp-json\/wp\/v2\/posts\/666650\/revisions"}],"wp:featuredmedia":[{"embeddable":true,"href":"https:\/\/kohenavocats.com\/zh-hans\/wp-json\/wp\/v2\/media\/9531"}],"wp:attachment":[{"href":"https:\/\/kohenavocats.com\/zh-hans\/wp-json\/wp\/v2\/media?parent=666650"}],"wp:term":[{"taxonomy":"category","embeddable":true,"href":"https:\/\/kohenavocats.com\/zh-hans\/wp-json\/wp\/v2\/categories?post=666650"},{"taxonomy":"post_tag","embeddable":true,"href":"https:\/\/kohenavocats.com\/zh-hans\/wp-json\/wp\/v2\/tags?post=666650"}],"curies":[{"name":"wp","href":"https:\/\/api.w.org\/{rel}","templated":true}]}}