{"id":666723,"date":"2026-04-24T02:05:43","date_gmt":"2026-04-24T00:05:43","guid":{"rendered":"https:\/\/kohenavocats.com\/tribunal-judiciaire-de-dijon-le-3-juin-2025-n25-01033\/"},"modified":"2026-04-24T02:05:43","modified_gmt":"2026-04-24T00:05:43","slug":"tribunal-judiciaire-de-dijon-le-3-juin-2025-n25-01033","status":"publish","type":"post","link":"https:\/\/kohenavocats.com\/zh-hans\/tribunal-judiciaire-de-dijon-le-3-juin-2025-n25-01033\/","title":{"rendered":"Tribunal judiciaire de Dijon, le 3 juin 2025, n\u00b025\/01033"},"content":{"rendered":"<div class=\"article-content\">\n<p>Le juge de l\u2019ex\u00e9cution, statuant le 3 juin 2025, examine une demande de d\u00e9lais d\u2019expulsion. L\u2019occupante, convoqu\u00e9e r\u00e9guli\u00e8rement, ne compara\u00eet pas \u00e0 l\u2019audience. Le juge rejette sa demande et la condamne aux d\u00e9pens ainsi qu\u2019\u00e0 une somme au titre de l\u2019article 700 du code de proc\u00e9dure civile. La d\u00e9cision b\u00e9n\u00e9ficie de l\u2019ex\u00e9cution provisoire de droit.<\/p>\n<p>Le rejet de la demande pour d\u00e9faut de comparution<\/p>\n<p>La sanction proc\u00e9durale du d\u00e9faut de comparution<br \/>\nLe juge applique strictement les r\u00e8gles de la proc\u00e9dure civile en cas d\u2019absence. Le d\u00e9faut de comparution du demandeur, sans motif l\u00e9gitime, entra\u00eene la facult\u00e9 pour le d\u00e9fendeur d\u2019obtenir un jugement sur le fond. &#8220;si, sans motif l\u00e9gitime, le demandeur ne compara\u00eet pas, le d\u00e9fendeur peut requ\u00e9rir un jugement sur le fond qui sera contradictoire, sauf la facult\u00e9 du juge de renvoyer l&#8217;affaire \u00e0 une audience ult\u00e9rieure&#8221; (article 468 du Code de proc\u00e9dure civile). Cette solution rappelle que la comparution personnelle reste essentielle pour soutenir une demande. La jurisprudence confirme cette approche stricte de l\u2019obligation de compara\u00eetre. &#8220;Aux termes du premier alin\u00e9a de l&#8217;article 468 du code de proc\u00e9dure civile, si, sans motif l\u00e9gitime, le demandeur ne compara\u00eet pas, le d\u00e9fendeur peut requ\u00e9rir un jugement sur le fond qui sera contradictoire, sauf la facult\u00e9 du juge de renvoyer l&#8217;affaire \u00e0 une audience ult\u00e9rieure&#8221; (Cour d&#8217;appel de Versailles, le 25 janvier 2024, n\u00b022\/03623). Le juge use ici de son pouvoir pour statuer imm\u00e9diatement sans renvoi.<\/p>\n<p>L\u2019impossibilit\u00e9 d\u2019examiner le fond de la demande<br \/>\nEn l\u2019absence de la requ\u00e9rante, le juge ne peut examiner le bien-fond\u00e9 de sa demande sur le fond. La demande de d\u00e9lais d\u2019expulsion n\u00e9cessite une appr\u00e9ciation concr\u00e8te de la situation du demandeur. &#8220;le juge peut accorder des d\u00e9lais renouvelables aux occupants de locaux d&#8217;habitation ou \u00e0 usage professionnel, dont l&#8217;expulsion a \u00e9t\u00e9 ordonn\u00e9e judiciairement, chaque fois que le relogement des int\u00e9ress\u00e9s ne peut avoir lieu dans des conditions normales&#8221; (article L. 412-3 du Code des proc\u00e9dures civiles d&#8217;ex\u00e9cution). Sans pr\u00e9sence pour exposer les difficult\u00e9s de relogement, la demande est irrecevable. Cette jurisprudence souligne le caract\u00e8re subsidiaire de l\u2019examen des pi\u00e8ces sans d\u00e9bat contradictoire. Le rejet est donc une cons\u00e9quence logique et n\u00e9cessaire du d\u00e9faut proc\u00e9dural.<\/p>\n<p>Les cons\u00e9quences financi\u00e8res de l\u2019\u00e9chec de la demande<\/p>\n<p>La condamnation aux d\u00e9pens et aux frais irr\u00e9p\u00e9tibles<br \/>\nLa partie succombante supporte naturellement les d\u00e9pens de l\u2019instance. Le juge va au-del\u00e0 en allouant une somme au titre de l\u2019article 700 du code de proc\u00e9dure civile. Cette condamnation vise \u00e0 indemniser partiellement le d\u00e9fendeur de ses frais non compris dans les d\u00e9pens. Le juge estime in\u00e9quitable de laisser l\u2019int\u00e9gralit\u00e9 de cette charge \u00e0 la partie victorieuse. Cette d\u00e9cision est justifi\u00e9e par l\u2019absence de justification de la requ\u00e9rante pour son d\u00e9faut de comparution. Elle sanctionne ainsi un comportement proc\u00e9dural fautif et compense le pr\u00e9judice subi.<\/p>\n<p>Le rappel du principe de l\u2019ex\u00e9cution provisoire<br \/>\nLa d\u00e9cision b\u00e9n\u00e9ficie de l\u2019ex\u00e9cution provisoire de droit en vertu de l\u2019article R. 121-21. Ce rappel est syst\u00e9matique mais crucial dans le contentieux de l\u2019ex\u00e9cution. Il permet au cr\u00e9ancier de proc\u00e9der sans d\u00e9lai \u00e0 l\u2019expulsion malgr\u00e9 un \u00e9ventuel appel. Cela garantit l\u2019effectivit\u00e9 de la d\u00e9cision judiciaire et pr\u00e9vient les man\u0153uvres dilatoires. La rapidit\u00e9 d\u2019ex\u00e9cution est ainsi pr\u00e9serv\u00e9e dans un domaine o\u00f9 la c\u00e9l\u00e9rit\u00e9 est souvent essentielle.<\/p>\n<\/div>\n","protected":false},"excerpt":{"rendered":"<p>Le juge de l\u2019ex\u00e9cution, statuant le 3 juin 2025, examine une demande de d\u00e9lais d\u2019expulsion. L\u2019occupante, convoqu\u00e9e r\u00e9guli\u00e8rement, ne compara\u00eet pas \u00e0 l\u2019audien&#8230;<\/p>\n","protected":false},"author":232070755,"featured_media":9543,"comment_status":"open","ping_status":"open","sticky":false,"template":"","format":"standard","meta":{"_crdt_document":"","_jetpack_newsletter_access":"","_jetpack_dont_email_post_to_subs":false,"_jetpack_newsletter_tier_id":0,"_jetpack_memberships_contains_paywalled_content":false,"_kj_source_type":"","_kj_official_id":"","_kj_official_url":"","_kj_judilibre_id":"","_kj_jur":"","_kj_lieu":"","_kj_chambre":"","_kj_rg":"","_kj_date":"","_jetpack_memberships_contains_paid_content":false,"footnotes":"","jetpack_post_was_ever_published":false},"categories":[7597],"tags":[],"class_list":["post-666723","post","type-post","status-publish","format-standard","has-post-thumbnail","hentry","category-jurisprudence"],"yoast_head":"<!-- This site is optimized with the Yoast SEO Premium plugin v27.4 (Yoast SEO v27.4) - https:\/\/yoast.com\/product\/yoast-seo-premium-wordpress\/ -->\n<title>Tribunal judiciaire de Dijon, le 3 juin 2025, n\u00b025\/01033 - Ma\u00eetre Hassan Kohen, avocat en droit p\u00e9nal \u00e0 Paris<\/title>\n<meta name=\"description\" content=\"Le juge de l\u2019ex\u00e9cution, statuant le 3 juin 2025, examine une demande de d\u00e9lais d\u2019expulsion. L\u2019occupante, convoqu\u00e9e r\u00e9guli\u00e8rement, ne compara\u00eet pas \u00e0 l\u2019audien...\" \/>\n<meta name=\"robots\" content=\"index, follow, max-snippet:-1, max-image-preview:large, max-video-preview:-1\" \/>\n<link rel=\"canonical\" href=\"https:\/\/kohenavocats.com\/zh-hans\/tribunal-judiciaire-de-dijon-le-3-juin-2025-n25-01033\/\" \/>\n<meta property=\"og:locale\" content=\"zh_CN\" \/>\n<meta property=\"og:type\" content=\"article\" \/>\n<meta property=\"og:title\" content=\"Tribunal judiciaire de Dijon, le 3 juin 2025, n\u00b025\/01033\" \/>\n<meta property=\"og:description\" content=\"Le juge de l\u2019ex\u00e9cution, statuant le 3 juin 2025, examine une demande de d\u00e9lais d\u2019expulsion. L\u2019occupante, convoqu\u00e9e r\u00e9guli\u00e8rement, ne compara\u00eet pas \u00e0 l\u2019audien...\" \/>\n<meta property=\"og:url\" content=\"https:\/\/kohenavocats.com\/zh-hans\/tribunal-judiciaire-de-dijon-le-3-juin-2025-n25-01033\/\" \/>\n<meta property=\"og:site_name\" content=\"Ma\u00eetre Hassan Kohen, avocat en droit p\u00e9nal \u00e0 Paris\" \/>\n<meta property=\"article:published_time\" content=\"2026-04-24T00:05:43+00:00\" \/>\n<meta property=\"og:image\" content=\"https:\/\/kohenavocats.com\/wp-content\/uploads\/2024\/11\/getty-images-23s86SIERuk-unsplash.webp\" \/>\n\t<meta property=\"og:image:width\" content=\"4800\" \/>\n\t<meta property=\"og:image:height\" content=\"2700\" \/>\n\t<meta property=\"og:image:type\" content=\"image\/webp\" \/>\n<meta name=\"author\" content=\"Kohen\" \/>\n<meta name=\"twitter:card\" content=\"summary_large_image\" \/>\n<meta name=\"twitter:label1\" content=\"\u4f5c\u8005\" \/>\n\t<meta name=\"twitter:data1\" content=\"Kohen\" \/>\n\t<meta name=\"twitter:label2\" content=\"\u9884\u8ba1\u9605\u8bfb\u65f6\u95f4\" \/>\n\t<meta name=\"twitter:data2\" content=\"3 \u5206\" \/>\n<script type=\"application\/ld+json\" class=\"yoast-schema-graph\">{\"@context\":\"https:\\\/\\\/schema.org\",\"@graph\":[{\"@type\":\"Article\",\"@id\":\"https:\\\/\\\/kohenavocats.com\\\/zh-hans\\\/tribunal-judiciaire-de-dijon-le-3-juin-2025-n25-01033\\\/#article\",\"isPartOf\":{\"@id\":\"https:\\\/\\\/kohenavocats.com\\\/zh-hans\\\/tribunal-judiciaire-de-dijon-le-3-juin-2025-n25-01033\\\/\"},\"author\":{\"name\":\"Kohen\",\"@id\":\"https:\\\/\\\/kohenavocats.com\\\/zh-hans\\\/#\\\/schema\\\/person\\\/761c9ba54fa1ca84d405cef0831ff751\"},\"headline\":\"Tribunal judiciaire de Dijon, le 3 juin 2025, n\u00b025\\\/01033\",\"datePublished\":\"2026-04-24T00:05:43+00:00\",\"mainEntityOfPage\":{\"@id\":\"https:\\\/\\\/kohenavocats.com\\\/zh-hans\\\/tribunal-judiciaire-de-dijon-le-3-juin-2025-n25-01033\\\/\"},\"wordCount\":647,\"commentCount\":0,\"publisher\":{\"@id\":\"https:\\\/\\\/kohenavocats.com\\\/zh-hans\\\/#organization\"},\"image\":{\"@id\":\"https:\\\/\\\/kohenavocats.com\\\/zh-hans\\\/tribunal-judiciaire-de-dijon-le-3-juin-2025-n25-01033\\\/#primaryimage\"},\"thumbnailUrl\":\"https:\\\/\\\/kohenavocats.com\\\/wp-content\\\/uploads\\\/2024\\\/11\\\/getty-images-23s86SIERuk-unsplash.webp\",\"articleSection\":[\"Jurisprudence\"],\"inLanguage\":\"zh-Hans\",\"potentialAction\":[{\"@type\":\"CommentAction\",\"name\":\"Comment\",\"target\":[\"https:\\\/\\\/kohenavocats.com\\\/zh-hans\\\/tribunal-judiciaire-de-dijon-le-3-juin-2025-n25-01033\\\/#respond\"]}],\"citation\":\"Tribunal judiciaire de Dijon, le 3 juin 2025, n\u00b025\\\/01033\",\"about\":[{\"@type\":\"Thing\",\"name\":\"Jurisprudence\"}],\"dateModified\":\"2026-04-24T00:05:43+00:00\",\"speakable\":{\"@type\":\"SpeakableSpecification\",\"cssSelector\":[\".article-content > p:first-of-type\"]}},{\"@type\":\"WebPage\",\"@id\":\"https:\\\/\\\/kohenavocats.com\\\/zh-hans\\\/tribunal-judiciaire-de-dijon-le-3-juin-2025-n25-01033\\\/\",\"url\":\"https:\\\/\\\/kohenavocats.com\\\/zh-hans\\\/tribunal-judiciaire-de-dijon-le-3-juin-2025-n25-01033\\\/\",\"name\":\"Tribunal judiciaire de Dijon, le 3 juin 2025, n\u00b025\\\/01033 - Ma\u00eetre Hassan Kohen, avocat en droit p\u00e9nal \u00e0 Paris\",\"isPartOf\":{\"@id\":\"https:\\\/\\\/kohenavocats.com\\\/zh-hans\\\/#website\"},\"primaryImageOfPage\":{\"@id\":\"https:\\\/\\\/kohenavocats.com\\\/zh-hans\\\/tribunal-judiciaire-de-dijon-le-3-juin-2025-n25-01033\\\/#primaryimage\"},\"image\":{\"@id\":\"https:\\\/\\\/kohenavocats.com\\\/zh-hans\\\/tribunal-judiciaire-de-dijon-le-3-juin-2025-n25-01033\\\/#primaryimage\"},\"thumbnailUrl\":\"https:\\\/\\\/kohenavocats.com\\\/wp-content\\\/uploads\\\/2024\\\/11\\\/getty-images-23s86SIERuk-unsplash.webp\",\"datePublished\":\"2026-04-24T00:05:43+00:00\",\"description\":\"Le juge de l\u2019ex\u00e9cution, statuant le 3 juin 2025, examine une demande de d\u00e9lais d\u2019expulsion. L\u2019occupante, convoqu\u00e9e r\u00e9guli\u00e8rement, ne compara\u00eet pas \u00e0 l\u2019audien...\",\"breadcrumb\":{\"@id\":\"https:\\\/\\\/kohenavocats.com\\\/zh-hans\\\/tribunal-judiciaire-de-dijon-le-3-juin-2025-n25-01033\\\/#breadcrumb\"},\"inLanguage\":\"zh-Hans\",\"potentialAction\":[{\"@type\":\"ReadAction\",\"target\":[\"https:\\\/\\\/kohenavocats.com\\\/zh-hans\\\/tribunal-judiciaire-de-dijon-le-3-juin-2025-n25-01033\\\/\"]}]},{\"@type\":\"ImageObject\",\"inLanguage\":\"zh-Hans\",\"@id\":\"https:\\\/\\\/kohenavocats.com\\\/zh-hans\\\/tribunal-judiciaire-de-dijon-le-3-juin-2025-n25-01033\\\/#primaryimage\",\"url\":\"https:\\\/\\\/kohenavocats.com\\\/wp-content\\\/uploads\\\/2024\\\/11\\\/getty-images-23s86SIERuk-unsplash.webp\",\"contentUrl\":\"https:\\\/\\\/kohenavocats.com\\\/wp-content\\\/uploads\\\/2024\\\/11\\\/getty-images-23s86SIERuk-unsplash.webp\",\"width\":4800,\"height\":2700},{\"@type\":\"BreadcrumbList\",\"@id\":\"https:\\\/\\\/kohenavocats.com\\\/zh-hans\\\/tribunal-judiciaire-de-dijon-le-3-juin-2025-n25-01033\\\/#breadcrumb\",\"itemListElement\":[{\"@type\":\"ListItem\",\"position\":1,\"name\":\"Home\",\"item\":\"https:\\\/\\\/kohenavocats.com\\\/zh-hans\\\/\"},{\"@type\":\"ListItem\",\"position\":2,\"name\":\"Tribunal judiciaire de Dijon, le 3 juin 2025, n\u00b025\\\/01033\"}]},{\"@type\":\"WebSite\",\"@id\":\"https:\\\/\\\/kohenavocats.com\\\/zh-hans\\\/#website\",\"url\":\"https:\\\/\\\/kohenavocats.com\\\/zh-hans\\\/\",\"name\":\"Kohen Avocats\",\"description\":\"Ma\u00eetre Hassan Kohen, avocat p\u00e9naliste \u00e0 Paris, intervient exclusivement en droit p\u00e9nal pour la d\u00e9fense des particuliers, notamment en mati\u00e8re d\u2019accusations de viol. Il assure un accompagnement rigoureux d\u00e8s la garde \u00e0 vue jusqu\u2019\u00e0 la Cour d\u2019assises, veillant au strict respect des garanties proc\u00e9durales.\",\"publisher\":{\"@id\":\"https:\\\/\\\/kohenavocats.com\\\/zh-hans\\\/#organization\"},\"potentialAction\":[{\"@type\":\"SearchAction\",\"target\":{\"@type\":\"EntryPoint\",\"urlTemplate\":\"https:\\\/\\\/kohenavocats.com\\\/zh-hans\\\/?s={search_term_string}\"},\"query-input\":{\"@type\":\"PropertyValueSpecification\",\"valueRequired\":true,\"valueName\":\"search_term_string\"}}],\"inLanguage\":\"zh-Hans\"},{\"@type\":\"Organization\",\"@id\":\"https:\\\/\\\/kohenavocats.com\\\/zh-hans\\\/#organization\",\"name\":\"Kohen Avocats\",\"url\":\"https:\\\/\\\/kohenavocats.com\\\/zh-hans\\\/\",\"logo\":{\"@type\":\"ImageObject\",\"inLanguage\":\"zh-Hans\",\"@id\":\"https:\\\/\\\/kohenavocats.com\\\/zh-hans\\\/#\\\/schema\\\/logo\\\/image\\\/\",\"url\":\"https:\\\/\\\/kohenavocats.com\\\/wp-content\\\/uploads\\\/2026\\\/01\\\/Logo-2-1.webp\",\"contentUrl\":\"https:\\\/\\\/kohenavocats.com\\\/wp-content\\\/uploads\\\/2026\\\/01\\\/Logo-2-1.webp\",\"width\":2114,\"height\":1253,\"caption\":\"Kohen Avocats\"},\"image\":{\"@id\":\"https:\\\/\\\/kohenavocats.com\\\/zh-hans\\\/#\\\/schema\\\/logo\\\/image\\\/\"}},{\"@type\":\"Person\",\"@id\":\"https:\\\/\\\/kohenavocats.com\\\/zh-hans\\\/#\\\/schema\\\/person\\\/761c9ba54fa1ca84d405cef0831ff751\",\"name\":\"Kohen\",\"image\":{\"@type\":\"ImageObject\",\"inLanguage\":\"zh-Hans\",\"@id\":\"https:\\\/\\\/secure.gravatar.com\\\/avatar\\\/1c5e76ef76bbbfdd2b4da984e2bf2fa4056fd51a27d25ce2c332047f1dfd6e00?s=96&d=identicon&r=g\",\"url\":\"https:\\\/\\\/secure.gravatar.com\\\/avatar\\\/1c5e76ef76bbbfdd2b4da984e2bf2fa4056fd51a27d25ce2c332047f1dfd6e00?s=96&d=identicon&r=g\",\"contentUrl\":\"https:\\\/\\\/secure.gravatar.com\\\/avatar\\\/1c5e76ef76bbbfdd2b4da984e2bf2fa4056fd51a27d25ce2c332047f1dfd6e00?s=96&d=identicon&r=g\",\"caption\":\"Kohen\"},\"sameAs\":[\"https:\\\/\\\/www.linkedin.com\\\/in\\\/hassan-kohen-448548192\\\/\",\"https:\\\/\\\/www.youtube.com\\\/@Kohen-Avocats\"],\"url\":\"https:\\\/\\\/kohenavocats.com\\\/zh-hans\\\/author\\\/kohenmlk\\\/\"}]}<\/script>\n<!-- \/ Yoast SEO Premium plugin. -->","yoast_head_json":{"title":"Tribunal judiciaire de Dijon, le 3 juin 2025, n\u00b025\/01033 - Ma\u00eetre Hassan Kohen, avocat en droit p\u00e9nal \u00e0 Paris","description":"Le juge de l\u2019ex\u00e9cution, statuant le 3 juin 2025, examine une demande de d\u00e9lais d\u2019expulsion. L\u2019occupante, convoqu\u00e9e r\u00e9guli\u00e8rement, ne compara\u00eet pas \u00e0 l\u2019audien...","robots":{"index":"index","follow":"follow","max-snippet":"max-snippet:-1","max-image-preview":"max-image-preview:large","max-video-preview":"max-video-preview:-1"},"canonical":"https:\/\/kohenavocats.com\/zh-hans\/tribunal-judiciaire-de-dijon-le-3-juin-2025-n25-01033\/","og_locale":"zh_CN","og_type":"article","og_title":"Tribunal judiciaire de Dijon, le 3 juin 2025, n\u00b025\/01033","og_description":"Le juge de l\u2019ex\u00e9cution, statuant le 3 juin 2025, examine une demande de d\u00e9lais d\u2019expulsion. L\u2019occupante, convoqu\u00e9e r\u00e9guli\u00e8rement, ne compara\u00eet pas \u00e0 l\u2019audien...","og_url":"https:\/\/kohenavocats.com\/zh-hans\/tribunal-judiciaire-de-dijon-le-3-juin-2025-n25-01033\/","og_site_name":"Ma\u00eetre Hassan Kohen, avocat en droit p\u00e9nal \u00e0 Paris","article_published_time":"2026-04-24T00:05:43+00:00","og_image":[{"width":4800,"height":2700,"url":"https:\/\/kohenavocats.com\/wp-content\/uploads\/2024\/11\/getty-images-23s86SIERuk-unsplash.webp","type":"image\/webp"}],"author":"Kohen","twitter_card":"summary_large_image","twitter_misc":{"\u4f5c\u8005":"Kohen","\u9884\u8ba1\u9605\u8bfb\u65f6\u95f4":"3 \u5206"},"schema":{"@context":"https:\/\/schema.org","@graph":[{"@type":"Article","@id":"https:\/\/kohenavocats.com\/zh-hans\/tribunal-judiciaire-de-dijon-le-3-juin-2025-n25-01033\/#article","isPartOf":{"@id":"https:\/\/kohenavocats.com\/zh-hans\/tribunal-judiciaire-de-dijon-le-3-juin-2025-n25-01033\/"},"author":{"name":"Kohen","@id":"https:\/\/kohenavocats.com\/zh-hans\/#\/schema\/person\/761c9ba54fa1ca84d405cef0831ff751"},"headline":"Tribunal judiciaire de Dijon, le 3 juin 2025, n\u00b025\/01033","datePublished":"2026-04-24T00:05:43+00:00","mainEntityOfPage":{"@id":"https:\/\/kohenavocats.com\/zh-hans\/tribunal-judiciaire-de-dijon-le-3-juin-2025-n25-01033\/"},"wordCount":647,"commentCount":0,"publisher":{"@id":"https:\/\/kohenavocats.com\/zh-hans\/#organization"},"image":{"@id":"https:\/\/kohenavocats.com\/zh-hans\/tribunal-judiciaire-de-dijon-le-3-juin-2025-n25-01033\/#primaryimage"},"thumbnailUrl":"https:\/\/kohenavocats.com\/wp-content\/uploads\/2024\/11\/getty-images-23s86SIERuk-unsplash.webp","articleSection":["Jurisprudence"],"inLanguage":"zh-Hans","potentialAction":[{"@type":"CommentAction","name":"Comment","target":["https:\/\/kohenavocats.com\/zh-hans\/tribunal-judiciaire-de-dijon-le-3-juin-2025-n25-01033\/#respond"]}],"citation":"Tribunal judiciaire de Dijon, le 3 juin 2025, n\u00b025\/01033","about":[{"@type":"Thing","name":"Jurisprudence"}],"dateModified":"2026-04-24T00:05:43+00:00","speakable":{"@type":"SpeakableSpecification","cssSelector":[".article-content > p:first-of-type"]}},{"@type":"WebPage","@id":"https:\/\/kohenavocats.com\/zh-hans\/tribunal-judiciaire-de-dijon-le-3-juin-2025-n25-01033\/","url":"https:\/\/kohenavocats.com\/zh-hans\/tribunal-judiciaire-de-dijon-le-3-juin-2025-n25-01033\/","name":"Tribunal judiciaire de Dijon, le 3 juin 2025, n\u00b025\/01033 - Ma\u00eetre Hassan Kohen, avocat en droit p\u00e9nal \u00e0 Paris","isPartOf":{"@id":"https:\/\/kohenavocats.com\/zh-hans\/#website"},"primaryImageOfPage":{"@id":"https:\/\/kohenavocats.com\/zh-hans\/tribunal-judiciaire-de-dijon-le-3-juin-2025-n25-01033\/#primaryimage"},"image":{"@id":"https:\/\/kohenavocats.com\/zh-hans\/tribunal-judiciaire-de-dijon-le-3-juin-2025-n25-01033\/#primaryimage"},"thumbnailUrl":"https:\/\/kohenavocats.com\/wp-content\/uploads\/2024\/11\/getty-images-23s86SIERuk-unsplash.webp","datePublished":"2026-04-24T00:05:43+00:00","description":"Le juge de l\u2019ex\u00e9cution, statuant le 3 juin 2025, examine une demande de d\u00e9lais d\u2019expulsion. L\u2019occupante, convoqu\u00e9e r\u00e9guli\u00e8rement, ne compara\u00eet pas \u00e0 l\u2019audien...","breadcrumb":{"@id":"https:\/\/kohenavocats.com\/zh-hans\/tribunal-judiciaire-de-dijon-le-3-juin-2025-n25-01033\/#breadcrumb"},"inLanguage":"zh-Hans","potentialAction":[{"@type":"ReadAction","target":["https:\/\/kohenavocats.com\/zh-hans\/tribunal-judiciaire-de-dijon-le-3-juin-2025-n25-01033\/"]}]},{"@type":"ImageObject","inLanguage":"zh-Hans","@id":"https:\/\/kohenavocats.com\/zh-hans\/tribunal-judiciaire-de-dijon-le-3-juin-2025-n25-01033\/#primaryimage","url":"https:\/\/kohenavocats.com\/wp-content\/uploads\/2024\/11\/getty-images-23s86SIERuk-unsplash.webp","contentUrl":"https:\/\/kohenavocats.com\/wp-content\/uploads\/2024\/11\/getty-images-23s86SIERuk-unsplash.webp","width":4800,"height":2700},{"@type":"BreadcrumbList","@id":"https:\/\/kohenavocats.com\/zh-hans\/tribunal-judiciaire-de-dijon-le-3-juin-2025-n25-01033\/#breadcrumb","itemListElement":[{"@type":"ListItem","position":1,"name":"Home","item":"https:\/\/kohenavocats.com\/zh-hans\/"},{"@type":"ListItem","position":2,"name":"Tribunal judiciaire de Dijon, le 3 juin 2025, n\u00b025\/01033"}]},{"@type":"WebSite","@id":"https:\/\/kohenavocats.com\/zh-hans\/#website","url":"https:\/\/kohenavocats.com\/zh-hans\/","name":"Kohen Avocats","description":"Ma\u00eetre Hassan Kohen, avocat p\u00e9naliste \u00e0 Paris, intervient exclusivement en droit p\u00e9nal pour la d\u00e9fense des particuliers, notamment en mati\u00e8re d\u2019accusations de viol. Il assure un accompagnement rigoureux d\u00e8s la garde \u00e0 vue jusqu\u2019\u00e0 la Cour d\u2019assises, veillant au strict respect des garanties proc\u00e9durales.","publisher":{"@id":"https:\/\/kohenavocats.com\/zh-hans\/#organization"},"potentialAction":[{"@type":"SearchAction","target":{"@type":"EntryPoint","urlTemplate":"https:\/\/kohenavocats.com\/zh-hans\/?s={search_term_string}"},"query-input":{"@type":"PropertyValueSpecification","valueRequired":true,"valueName":"search_term_string"}}],"inLanguage":"zh-Hans"},{"@type":"Organization","@id":"https:\/\/kohenavocats.com\/zh-hans\/#organization","name":"Kohen Avocats","url":"https:\/\/kohenavocats.com\/zh-hans\/","logo":{"@type":"ImageObject","inLanguage":"zh-Hans","@id":"https:\/\/kohenavocats.com\/zh-hans\/#\/schema\/logo\/image\/","url":"https:\/\/kohenavocats.com\/wp-content\/uploads\/2026\/01\/Logo-2-1.webp","contentUrl":"https:\/\/kohenavocats.com\/wp-content\/uploads\/2026\/01\/Logo-2-1.webp","width":2114,"height":1253,"caption":"Kohen Avocats"},"image":{"@id":"https:\/\/kohenavocats.com\/zh-hans\/#\/schema\/logo\/image\/"}},{"@type":"Person","@id":"https:\/\/kohenavocats.com\/zh-hans\/#\/schema\/person\/761c9ba54fa1ca84d405cef0831ff751","name":"Kohen","image":{"@type":"ImageObject","inLanguage":"zh-Hans","@id":"https:\/\/secure.gravatar.com\/avatar\/1c5e76ef76bbbfdd2b4da984e2bf2fa4056fd51a27d25ce2c332047f1dfd6e00?s=96&d=identicon&r=g","url":"https:\/\/secure.gravatar.com\/avatar\/1c5e76ef76bbbfdd2b4da984e2bf2fa4056fd51a27d25ce2c332047f1dfd6e00?s=96&d=identicon&r=g","contentUrl":"https:\/\/secure.gravatar.com\/avatar\/1c5e76ef76bbbfdd2b4da984e2bf2fa4056fd51a27d25ce2c332047f1dfd6e00?s=96&d=identicon&r=g","caption":"Kohen"},"sameAs":["https:\/\/www.linkedin.com\/in\/hassan-kohen-448548192\/","https:\/\/www.youtube.com\/@Kohen-Avocats"],"url":"https:\/\/kohenavocats.com\/zh-hans\/author\/kohenmlk\/"}]}},"jetpack_featured_media_url":"https:\/\/kohenavocats.com\/wp-content\/uploads\/2024\/11\/getty-images-23s86SIERuk-unsplash.webp","jetpack_likes_enabled":false,"jetpack_shortlink":"https:\/\/wp.me\/peCrII-2NrB","jetpack-related-posts":[{"id":87530,"url":"https:\/\/kohenavocats.com\/zh-hans\/tribunal-judiciaire-de-valenciennes-le-17-juin-2025-n25-01204\/","url_meta":{"origin":666723,"position":0},"title":"Tribunal judiciaire de Valenciennes, le 17 juin 2025, n\u00b025\/01204","author":"Kohen","date":"2025\u5e7411\u670810\u65e5","format":false,"excerpt":"Par une d\u00e9cision du juge de l'ex\u00e9cution du tribuna\u2026","rel":"","context":"\u5728\u201cTravaux Parlementaires\u201d\u4e2d","block_context":{"text":"Travaux Parlementaires","link":"https:\/\/kohenavocats.com\/category\/travaux-parlementaires\/"},"img":{"alt_text":"","src":"https:\/\/i0.wp.com\/kohenavocats.com\/wp-content\/uploads\/2024\/11\/pawel-czerwinski-ZJk8NX0aR8s-unsplash.webp?resize=350%2C200&ssl=1","width":350,"height":200,"srcset":"https:\/\/i0.wp.com\/kohenavocats.com\/wp-content\/uploads\/2024\/11\/pawel-czerwinski-ZJk8NX0aR8s-unsplash.webp?resize=350%2C200&ssl=1 1x, https:\/\/i0.wp.com\/kohenavocats.com\/wp-content\/uploads\/2024\/11\/pawel-czerwinski-ZJk8NX0aR8s-unsplash.webp?resize=525%2C300&ssl=1 1.5x, https:\/\/i0.wp.com\/kohenavocats.com\/wp-content\/uploads\/2024\/11\/pawel-czerwinski-ZJk8NX0aR8s-unsplash.webp?resize=700%2C400&ssl=1 2x, https:\/\/i0.wp.com\/kohenavocats.com\/wp-content\/uploads\/2024\/11\/pawel-czerwinski-ZJk8NX0aR8s-unsplash.webp?resize=1050%2C600&ssl=1 3x, https:\/\/i0.wp.com\/kohenavocats.com\/wp-content\/uploads\/2024\/11\/pawel-czerwinski-ZJk8NX0aR8s-unsplash.webp?resize=1400%2C800&ssl=1 4x"},"classes":[]},{"id":236861,"url":"https:\/\/kohenavocats.com\/zh-hans\/tribunal-judiciaire-de-versailles-le-20-juin-2025-n25-00484\/","url_meta":{"origin":666723,"position":1},"title":"Tribunal judiciaire de Versailles, le 20 juin 2025, n\u00b025\/00484","author":"Kohen","date":"2025\u5e7412\u670829\u65e5","format":false,"excerpt":"L'article 468 du Code de proc\u00e9dure civile permet a\u2026","rel":"","context":"\u5728\u201cD\u00e9cisions juridiques\u201d\u4e2d","block_context":{"text":"D\u00e9cisions juridiques","link":"https:\/\/kohenavocats.com\/category\/decisions-juridiques\/"},"img":{"alt_text":"","src":"https:\/\/i0.wp.com\/kohenavocats.com\/wp-content\/uploads\/2024\/08\/eddie-junior-foXddRnxfc-unsplash.webp?resize=350%2C200&ssl=1","width":350,"height":200,"srcset":"https:\/\/i0.wp.com\/kohenavocats.com\/wp-content\/uploads\/2024\/08\/eddie-junior-foXddRnxfc-unsplash.webp?resize=350%2C200&ssl=1 1x, https:\/\/i0.wp.com\/kohenavocats.com\/wp-content\/uploads\/2024\/08\/eddie-junior-foXddRnxfc-unsplash.webp?resize=525%2C300&ssl=1 1.5x, https:\/\/i0.wp.com\/kohenavocats.com\/wp-content\/uploads\/2024\/08\/eddie-junior-foXddRnxfc-unsplash.webp?resize=700%2C400&ssl=1 2x, https:\/\/i0.wp.com\/kohenavocats.com\/wp-content\/uploads\/2024\/08\/eddie-junior-foXddRnxfc-unsplash.webp?resize=1050%2C600&ssl=1 3x, https:\/\/i0.wp.com\/kohenavocats.com\/wp-content\/uploads\/2024\/08\/eddie-junior-foXddRnxfc-unsplash.webp?resize=1400%2C800&ssl=1 4x"},"classes":[]},{"id":224121,"url":"https:\/\/kohenavocats.com\/zh-hans\/tribunal-judiciaire-de-bobigny-le-17-juin-2025-n25-04705\/","url_meta":{"origin":666723,"position":2},"title":"Tribunal judiciaire de Bobigny, le 17 juin 2025, n\u00b025\/04705","author":"Kohen","date":"2025\u5e7412\u670826\u65e5","format":false,"excerpt":"Le juge de l'ex\u00e9cution du tribunal judiciaire de B\u2026","rel":"","context":"\u5728\u201cD\u00e9cisions juridiques\u201d\u4e2d","block_context":{"text":"D\u00e9cisions juridiques","link":"https:\/\/kohenavocats.com\/category\/decisions-juridiques\/"},"img":{"alt_text":"","src":"https:\/\/i0.wp.com\/kohenavocats.com\/wp-content\/uploads\/2024\/07\/louis-velazquez-XWW746i6WoM-unsplash.webp?resize=350%2C200&ssl=1","width":350,"height":200,"srcset":"https:\/\/i0.wp.com\/kohenavocats.com\/wp-content\/uploads\/2024\/07\/louis-velazquez-XWW746i6WoM-unsplash.webp?resize=350%2C200&ssl=1 1x, https:\/\/i0.wp.com\/kohenavocats.com\/wp-content\/uploads\/2024\/07\/louis-velazquez-XWW746i6WoM-unsplash.webp?resize=525%2C300&ssl=1 1.5x, https:\/\/i0.wp.com\/kohenavocats.com\/wp-content\/uploads\/2024\/07\/louis-velazquez-XWW746i6WoM-unsplash.webp?resize=700%2C400&ssl=1 2x, https:\/\/i0.wp.com\/kohenavocats.com\/wp-content\/uploads\/2024\/07\/louis-velazquez-XWW746i6WoM-unsplash.webp?resize=1050%2C600&ssl=1 3x, https:\/\/i0.wp.com\/kohenavocats.com\/wp-content\/uploads\/2024\/07\/louis-velazquez-XWW746i6WoM-unsplash.webp?resize=1400%2C800&ssl=1 4x"},"classes":[]},{"id":236397,"url":"https:\/\/kohenavocats.com\/zh-hans\/tribunal-judiciaire-de-paris-le-20-juin-2025-n25-05300\/","url_meta":{"origin":666723,"position":3},"title":"Tribunal judiciaire de Paris, le 20 juin 2025, n\u00b025\/05300","author":"Kohen","date":"2025\u5e7412\u670829\u65e5","format":false,"excerpt":"La caducit\u00e9 de l'acte introductif d'instance pour \u2026","rel":"","context":"\u5728\u201cD\u00e9cisions juridiques\u201d\u4e2d","block_context":{"text":"D\u00e9cisions juridiques","link":"https:\/\/kohenavocats.com\/category\/decisions-juridiques\/"},"img":{"alt_text":"","src":"https:\/\/i0.wp.com\/kohenavocats.com\/wp-content\/uploads\/2024\/07\/zach-plank-o-cpCRdEgxs-unsplash.webp?resize=350%2C200&ssl=1","width":350,"height":200,"srcset":"https:\/\/i0.wp.com\/kohenavocats.com\/wp-content\/uploads\/2024\/07\/zach-plank-o-cpCRdEgxs-unsplash.webp?resize=350%2C200&ssl=1 1x, https:\/\/i0.wp.com\/kohenavocats.com\/wp-content\/uploads\/2024\/07\/zach-plank-o-cpCRdEgxs-unsplash.webp?resize=525%2C300&ssl=1 1.5x, https:\/\/i0.wp.com\/kohenavocats.com\/wp-content\/uploads\/2024\/07\/zach-plank-o-cpCRdEgxs-unsplash.webp?resize=700%2C400&ssl=1 2x, https:\/\/i0.wp.com\/kohenavocats.com\/wp-content\/uploads\/2024\/07\/zach-plank-o-cpCRdEgxs-unsplash.webp?resize=1050%2C600&ssl=1 3x, https:\/\/i0.wp.com\/kohenavocats.com\/wp-content\/uploads\/2024\/07\/zach-plank-o-cpCRdEgxs-unsplash.webp?resize=1400%2C800&ssl=1 4x"},"classes":[]},{"id":241939,"url":"https:\/\/kohenavocats.com\/zh-hans\/tribunal-judiciaire-de-bobigny-le-23-juin-2025-n25-04499\/","url_meta":{"origin":666723,"position":4},"title":"Tribunal judiciaire de Bobigny, le 23 juin 2025, n\u00b025\/04499","author":"Kohen","date":"2026\u5e741\u67083\u65e5","format":false,"excerpt":"Rendue par le tribunal judiciaire de Bobigny, juge\u2026","rel":"","context":"\u5728\u201cD\u00e9cisions juridiques\u201d\u4e2d","block_context":{"text":"D\u00e9cisions juridiques","link":"https:\/\/kohenavocats.com\/category\/decisions-juridiques\/"},"img":{"alt_text":"","src":"https:\/\/i0.wp.com\/kohenavocats.com\/wp-content\/uploads\/2024\/11\/planet-volumes-ONz69eiMEV8-unsplash.webp?resize=350%2C200&ssl=1","width":350,"height":200,"srcset":"https:\/\/i0.wp.com\/kohenavocats.com\/wp-content\/uploads\/2024\/11\/planet-volumes-ONz69eiMEV8-unsplash.webp?resize=350%2C200&ssl=1 1x, https:\/\/i0.wp.com\/kohenavocats.com\/wp-content\/uploads\/2024\/11\/planet-volumes-ONz69eiMEV8-unsplash.webp?resize=525%2C300&ssl=1 1.5x, https:\/\/i0.wp.com\/kohenavocats.com\/wp-content\/uploads\/2024\/11\/planet-volumes-ONz69eiMEV8-unsplash.webp?resize=700%2C400&ssl=1 2x, https:\/\/i0.wp.com\/kohenavocats.com\/wp-content\/uploads\/2024\/11\/planet-volumes-ONz69eiMEV8-unsplash.webp?resize=1050%2C600&ssl=1 3x, https:\/\/i0.wp.com\/kohenavocats.com\/wp-content\/uploads\/2024\/11\/planet-volumes-ONz69eiMEV8-unsplash.webp?resize=1400%2C800&ssl=1 4x"},"classes":[]},{"id":684743,"url":"https:\/\/kohenavocats.com\/zh-hans\/cour-dappel-le-16-juin-2025-n25-00609\/","url_meta":{"origin":666723,"position":5},"title":"Cour d&#8217;appel, le 16 juin 2025, n\u00b025\/00609","author":"Kohen","date":"2026\u5e744\u670825\u65e5","format":false,"excerpt":"Par ordonnance de r\u00e9f\u00e9r\u00e9 du 16 juin 2025, la Cour \u2026","rel":"","context":"\u5728\u201cJurisprudence\u201d\u4e2d","block_context":{"text":"Jurisprudence","link":"https:\/\/kohenavocats.com\/category\/jurisprudence\/"},"img":{"alt_text":"","src":"https:\/\/i0.wp.com\/kohenavocats.com\/wp-content\/uploads\/2024\/08\/chelms-varthoumlien-4lTf2N6pHZw-unsplash.webp?resize=350%2C200&ssl=1","width":350,"height":200,"srcset":"https:\/\/i0.wp.com\/kohenavocats.com\/wp-content\/uploads\/2024\/08\/chelms-varthoumlien-4lTf2N6pHZw-unsplash.webp?resize=350%2C200&ssl=1 1x, https:\/\/i0.wp.com\/kohenavocats.com\/wp-content\/uploads\/2024\/08\/chelms-varthoumlien-4lTf2N6pHZw-unsplash.webp?resize=525%2C300&ssl=1 1.5x, https:\/\/i0.wp.com\/kohenavocats.com\/wp-content\/uploads\/2024\/08\/chelms-varthoumlien-4lTf2N6pHZw-unsplash.webp?resize=700%2C400&ssl=1 2x, https:\/\/i0.wp.com\/kohenavocats.com\/wp-content\/uploads\/2024\/08\/chelms-varthoumlien-4lTf2N6pHZw-unsplash.webp?resize=1050%2C600&ssl=1 3x, https:\/\/i0.wp.com\/kohenavocats.com\/wp-content\/uploads\/2024\/08\/chelms-varthoumlien-4lTf2N6pHZw-unsplash.webp?resize=1400%2C800&ssl=1 4x"},"classes":[]}],"jetpack_sharing_enabled":true,"_links":{"self":[{"href":"https:\/\/kohenavocats.com\/zh-hans\/wp-json\/wp\/v2\/posts\/666723","targetHints":{"allow":["GET"]}}],"collection":[{"href":"https:\/\/kohenavocats.com\/zh-hans\/wp-json\/wp\/v2\/posts"}],"about":[{"href":"https:\/\/kohenavocats.com\/zh-hans\/wp-json\/wp\/v2\/types\/post"}],"author":[{"embeddable":true,"href":"https:\/\/kohenavocats.com\/zh-hans\/wp-json\/wp\/v2\/users\/232070755"}],"replies":[{"embeddable":true,"href":"https:\/\/kohenavocats.com\/zh-hans\/wp-json\/wp\/v2\/comments?post=666723"}],"version-history":[{"count":0,"href":"https:\/\/kohenavocats.com\/zh-hans\/wp-json\/wp\/v2\/posts\/666723\/revisions"}],"wp:featuredmedia":[{"embeddable":true,"href":"https:\/\/kohenavocats.com\/zh-hans\/wp-json\/wp\/v2\/media\/9543"}],"wp:attachment":[{"href":"https:\/\/kohenavocats.com\/zh-hans\/wp-json\/wp\/v2\/media?parent=666723"}],"wp:term":[{"taxonomy":"category","embeddable":true,"href":"https:\/\/kohenavocats.com\/zh-hans\/wp-json\/wp\/v2\/categories?post=666723"},{"taxonomy":"post_tag","embeddable":true,"href":"https:\/\/kohenavocats.com\/zh-hans\/wp-json\/wp\/v2\/tags?post=666723"}],"curies":[{"name":"wp","href":"https:\/\/api.w.org\/{rel}","templated":true}]}}