{"id":666784,"date":"2026-04-24T02:08:54","date_gmt":"2026-04-24T00:08:54","guid":{"rendered":"https:\/\/kohenavocats.com\/tribunal-judiciaire-de-caen-le-3-avril-2024-n23-03766\/"},"modified":"2026-04-26T19:37:01","modified_gmt":"2026-04-26T17:37:01","slug":"tribunal-judiciaire-de-caen-le-3-avril-2024-n23-03766","status":"publish","type":"post","link":"https:\/\/kohenavocats.com\/zh-hans\/tribunal-judiciaire-de-caen-le-3-avril-2024-n23-03766\/","title":{"rendered":"Tribunal judiciaire de Caen, le 3 avril 2024, n\u00b023\/03766"},"content":{"rendered":"<div class=\"article-content\">\n<p>Tribunal judiciaire de Caen, le 3 avril 2024. Des consommateurs ont command\u00e9 la construction d\u2019une piscine puis d\u2019une margelle \u00e0 un pisciniste. Une d\u00e9coloration partielle de la margelle est apparue. Les consommateurs ont engag\u00e9 une action en responsabilit\u00e9 contractuelle. Le tribunal a d\u00fb d\u00e9terminer la nature du contrat et les obligations du professionnel. Il a retenu la responsabilit\u00e9 du pisciniste pour d\u00e9faut d\u2019information et a indemnis\u00e9 les consommateurs sous forme de perte de chance.<\/p>\n<p>L\u2019obligation d\u2019information et de conseil du professionnel<\/p>\n<p>Le devoir d\u2019information pr\u00e9contractuelle et son \u00e9tendue temporelle<\/p>\n<p>Le tribunal rappelle le principe g\u00e9n\u00e9ral de l\u2019obligation d\u2019information pr\u00e9contractuelle. Il l\u2019\u00e9tend aux besoins futurs et pr\u00e9visibles du consommateur. Le professionnel doit anticiper les commandes compl\u00e9mentaires li\u00e9es au projet initial. &#8220;Il peut \u00eatre consid\u00e9r\u00e9 que le pisciniste, en sa qualit\u00e9 de professionnel, devait, au moment de la signature du premier contrat, s\u2019enqu\u00e9rir des besoins futurs&#8221; (Motifs). Cette solution \u00e9largit la port\u00e9e de l\u2019obligation d\u2019information. Elle l\u2019ancre dans une relation contractuelle globale et \u00e9volutive. Le professionnel ne peut ignorer les cons\u00e9quences techniques d\u2019une prestation future.<\/p>\n<p>Le contenu de l\u2019information sur les risques connus<\/p>\n<p>L\u2019obligation porte sur les risques affectant les caract\u00e9ristiques essentielles du bien. La conservation de l\u2019aspect esth\u00e9tique entre dans ce champ. Le professionnel doit informer d\u2019un risque de d\u00e9coloration li\u00e9 \u00e0 un \u00e9quipement inadapt\u00e9. &#8220;Le professionnel avait l\u2019obligation de les informer du risque de d\u00e9coloration de la partie non couverte&#8221; (Motifs). Cette exigence vise \u00e0 garantir un consentement pleinement \u00e9clair\u00e9. Elle rejoint la jurisprudence sur les informations indispensables \u00e0 l\u2019usage normal. La charge de la preuve de l\u2019ex\u00e9cution de cette obligation p\u00e8se sur le professionnel.<\/p>\n<p>La qualification contractuelle et le r\u00e9gime de responsabilit\u00e9<\/p>\n<p>La distinction entre contrat d\u2019entreprise et vente<\/p>\n<p>Le tribunal op\u00e8re une qualification pr\u00e9cise du contrat litigieux. Il \u00e9carte l\u2019application de la garantie l\u00e9gale de conformit\u00e9. Le crit\u00e8re retenu est la r\u00e9alisation d\u2019un travail sp\u00e9cifique r\u00e9pondant \u00e0 des besoins particuliers. &#8220;Les parties ont conclu un contrat de louage d\u2019ouvrage et non de vente&#8221; (Motifs). Cette qualification est d\u00e9cisive pour le r\u00e9gime applicable. Elle renvoie \u00e0 la responsabilit\u00e9 contractuelle de droit commun. La solution est conforme \u00e0 la jurisprudence constante sur les contrats d\u2019entreprise. Elle rappelle que la <a href=\"https:\/\/kohenavocats.fr\/elementor-60\/avocats-droit-immobilier-paris\/avocat-garantie-decennale-paris\/\" target=\"_blank\" title=\"garantie d\u00e9cennale\">garantie d\u00e9cennale<\/a> ne couvre pas les simples d\u00e9fauts d\u2019esth\u00e9tique.<\/p>\n<p>La r\u00e9paration du pr\u00e9judice sous forme de perte de chance<\/p>\n<p>Le pr\u00e9judice est analys\u00e9 comme une perte de chance de contracter en connaissance de cause. Sa r\u00e9paration est mesur\u00e9e \u00e0 la probabilit\u00e9 de l\u2019\u00e9v\u00e9nement favorable. Le tribunal \u00e9value cette chance perdue \u00e0 soixante-dix pour cent. &#8220;Il y a lieu de fixer \u00e0 70% la probabilit\u00e9 que les \u00e9poux [L] se soient tourn\u00e9s vers une b\u00e2che aux dimensions conformes&#8221; (Motifs). Cette m\u00e9thode permet une indemnisation \u00e9quitable et proportionn\u00e9e. Elle \u00e9vite une r\u00e9paration int\u00e9grale qui serait excessive. Le juge use ainsi souverainement de son pouvoir d\u2019appr\u00e9ciation pour chiffrer le pr\u00e9judice.<\/p>\n<\/div>\n","protected":false},"excerpt":{"rendered":"<p>Tribunal judiciaire de Caen, le 3 avril 2024. Des consommateurs ont command\u00e9 la construction d\u2019une piscine puis d\u2019une margelle \u00e0 un pisciniste. Une d\u00e9colorat&#8230;<\/p>\n","protected":false},"author":232070755,"featured_media":9573,"comment_status":"open","ping_status":"open","sticky":false,"template":"","format":"standard","meta":{"_crdt_document":"","_jetpack_newsletter_access":"","_jetpack_dont_email_post_to_subs":false,"_jetpack_newsletter_tier_id":0,"_jetpack_memberships_contains_paywalled_content":false,"_kj_source_type":"judilibre","_kj_official_id":"68d452b76a4025c174c52157","_kj_official_url":"https:\/\/www.courdecassation.fr\/decision\/68d452b76a4025c174c52157","_kj_judilibre_id":"68d452b76a4025c174c52157","_kj_jur":"Tribunal judiciaire","_kj_lieu":"Tribunal judiciaire de Caen","_kj_chambre":"3\u00e8me chambre civile","_kj_rg":"23\/03766","_kj_date":"2025-09-23","_jetpack_memberships_contains_paid_content":false,"footnotes":"","jetpack_post_was_ever_published":false},"categories":[7096,35583,7597],"tags":[],"class_list":["post-666784","post","type-post","status-publish","format-standard","has-post-thumbnail","hentry","category-code-des-assurances","category-immobilier","category-jurisprudence"],"yoast_head":"<!-- This site is optimized with the Yoast SEO Premium plugin v27.5 (Yoast SEO v27.5) - https:\/\/yoast.com\/product\/yoast-seo-premium-wordpress\/ -->\n<title>Tribunal judiciaire de Caen, le 3 avril 2024, n\u00b023\/03766 - Ma\u00eetre Hassan Kohen, avocat en droit p\u00e9nal \u00e0 Paris<\/title>\n<meta name=\"description\" content=\"Tribunal judiciaire de Caen, le 3 avril 2024. Des consommateurs ont command\u00e9 la construction d\u2019une piscine puis d\u2019une margelle \u00e0 un pisciniste. Une d\u00e9colorat...\" \/>\n<meta name=\"robots\" content=\"index, follow, max-snippet:-1, max-image-preview:large, max-video-preview:-1\" \/>\n<link rel=\"canonical\" href=\"https:\/\/kohenavocats.com\/zh-hans\/tribunal-judiciaire-de-caen-le-3-avril-2024-n23-03766\/\" \/>\n<meta property=\"og:locale\" content=\"zh_CN\" \/>\n<meta property=\"og:type\" content=\"article\" \/>\n<meta property=\"og:title\" content=\"Tribunal judiciaire de Caen, le 3 avril 2024, n\u00b023\/03766\" \/>\n<meta property=\"og:description\" content=\"Tribunal judiciaire de Caen, le 3 avril 2024. Des consommateurs ont command\u00e9 la construction d\u2019une piscine puis d\u2019une margelle \u00e0 un pisciniste. Une d\u00e9colorat...\" \/>\n<meta property=\"og:url\" content=\"https:\/\/kohenavocats.com\/zh-hans\/tribunal-judiciaire-de-caen-le-3-avril-2024-n23-03766\/\" \/>\n<meta property=\"og:site_name\" content=\"Ma\u00eetre Hassan Kohen, avocat en droit p\u00e9nal \u00e0 Paris\" \/>\n<meta property=\"article:published_time\" content=\"2026-04-24T00:08:54+00:00\" \/>\n<meta property=\"article:modified_time\" content=\"2026-04-26T17:37:01+00:00\" \/>\n<meta property=\"og:image\" content=\"https:\/\/kohenavocats.com\/wp-content\/uploads\/2024\/11\/ave-calvar-4fJHeKyHyX8-unsplash.webp\" \/>\n\t<meta property=\"og:image:width\" content=\"6351\" \/>\n\t<meta property=\"og:image:height\" content=\"2915\" \/>\n\t<meta property=\"og:image:type\" content=\"image\/webp\" \/>\n<meta name=\"author\" content=\"Kohen\" \/>\n<meta name=\"twitter:card\" content=\"summary_large_image\" \/>\n<meta name=\"twitter:label1\" content=\"\u4f5c\u8005\" \/>\n\t<meta name=\"twitter:data1\" content=\"Kohen\" \/>\n\t<meta name=\"twitter:label2\" content=\"\u9884\u8ba1\u9605\u8bfb\u65f6\u95f4\" \/>\n\t<meta name=\"twitter:data2\" content=\"3 \u5206\" \/>\n<script type=\"application\/ld+json\" class=\"yoast-schema-graph\">{\"@context\":\"https:\\\/\\\/schema.org\",\"@graph\":[{\"@type\":\"Article\",\"@id\":\"https:\\\/\\\/kohenavocats.com\\\/zh-hans\\\/tribunal-judiciaire-de-caen-le-3-avril-2024-n23-03766\\\/#article\",\"isPartOf\":{\"@id\":\"https:\\\/\\\/kohenavocats.com\\\/zh-hans\\\/tribunal-judiciaire-de-caen-le-3-avril-2024-n23-03766\\\/\"},\"author\":{\"name\":\"Kohen\",\"@id\":\"https:\\\/\\\/kohenavocats.com\\\/zh-hans\\\/#\\\/schema\\\/person\\\/761c9ba54fa1ca84d405cef0831ff751\"},\"headline\":\"Tribunal judiciaire de Caen, le 3 avril 2024, n\u00b023\\\/03766\",\"datePublished\":\"2026-04-24T00:08:54+00:00\",\"dateModified\":\"2026-04-26T17:37:01+00:00\",\"mainEntityOfPage\":{\"@id\":\"https:\\\/\\\/kohenavocats.com\\\/zh-hans\\\/tribunal-judiciaire-de-caen-le-3-avril-2024-n23-03766\\\/\"},\"wordCount\":536,\"commentCount\":0,\"publisher\":{\"@id\":\"https:\\\/\\\/kohenavocats.com\\\/zh-hans\\\/#organization\"},\"image\":{\"@id\":\"https:\\\/\\\/kohenavocats.com\\\/zh-hans\\\/tribunal-judiciaire-de-caen-le-3-avril-2024-n23-03766\\\/#primaryimage\"},\"thumbnailUrl\":\"https:\\\/\\\/kohenavocats.com\\\/wp-content\\\/uploads\\\/2024\\\/11\\\/ave-calvar-4fJHeKyHyX8-unsplash.webp\",\"articleSection\":[\"Code des assurances\",\"Immobilier\",\"Jurisprudence\"],\"inLanguage\":\"zh-Hans\",\"potentialAction\":[{\"@type\":\"CommentAction\",\"name\":\"Comment\",\"target\":[\"https:\\\/\\\/kohenavocats.com\\\/zh-hans\\\/tribunal-judiciaire-de-caen-le-3-avril-2024-n23-03766\\\/#respond\"]}],\"citation\":\"Tribunal judiciaire de Caen, le 3 avril 2024, n\u00b023\\\/03766\",\"about\":[{\"@type\":\"Thing\",\"name\":\"Code des assurances\"},{\"@type\":\"Thing\",\"name\":\"Immobilier\"},{\"@type\":\"Thing\",\"name\":\"Jurisprudence\"}],\"speakable\":{\"@type\":\"SpeakableSpecification\",\"cssSelector\":[\".article-content > p:first-of-type\"]}},{\"@type\":\"WebPage\",\"@id\":\"https:\\\/\\\/kohenavocats.com\\\/zh-hans\\\/tribunal-judiciaire-de-caen-le-3-avril-2024-n23-03766\\\/\",\"url\":\"https:\\\/\\\/kohenavocats.com\\\/zh-hans\\\/tribunal-judiciaire-de-caen-le-3-avril-2024-n23-03766\\\/\",\"name\":\"Tribunal judiciaire de Caen, le 3 avril 2024, n\u00b023\\\/03766 - Ma\u00eetre Hassan Kohen, avocat en droit p\u00e9nal \u00e0 Paris\",\"isPartOf\":{\"@id\":\"https:\\\/\\\/kohenavocats.com\\\/zh-hans\\\/#website\"},\"primaryImageOfPage\":{\"@id\":\"https:\\\/\\\/kohenavocats.com\\\/zh-hans\\\/tribunal-judiciaire-de-caen-le-3-avril-2024-n23-03766\\\/#primaryimage\"},\"image\":{\"@id\":\"https:\\\/\\\/kohenavocats.com\\\/zh-hans\\\/tribunal-judiciaire-de-caen-le-3-avril-2024-n23-03766\\\/#primaryimage\"},\"thumbnailUrl\":\"https:\\\/\\\/kohenavocats.com\\\/wp-content\\\/uploads\\\/2024\\\/11\\\/ave-calvar-4fJHeKyHyX8-unsplash.webp\",\"datePublished\":\"2026-04-24T00:08:54+00:00\",\"dateModified\":\"2026-04-26T17:37:01+00:00\",\"description\":\"Tribunal judiciaire de Caen, le 3 avril 2024. Des consommateurs ont command\u00e9 la construction d\u2019une piscine puis d\u2019une margelle \u00e0 un pisciniste. Une d\u00e9colorat...\",\"breadcrumb\":{\"@id\":\"https:\\\/\\\/kohenavocats.com\\\/zh-hans\\\/tribunal-judiciaire-de-caen-le-3-avril-2024-n23-03766\\\/#breadcrumb\"},\"inLanguage\":\"zh-Hans\",\"potentialAction\":[{\"@type\":\"ReadAction\",\"target\":[\"https:\\\/\\\/kohenavocats.com\\\/zh-hans\\\/tribunal-judiciaire-de-caen-le-3-avril-2024-n23-03766\\\/\"]}]},{\"@type\":\"ImageObject\",\"inLanguage\":\"zh-Hans\",\"@id\":\"https:\\\/\\\/kohenavocats.com\\\/zh-hans\\\/tribunal-judiciaire-de-caen-le-3-avril-2024-n23-03766\\\/#primaryimage\",\"url\":\"https:\\\/\\\/kohenavocats.com\\\/wp-content\\\/uploads\\\/2024\\\/11\\\/ave-calvar-4fJHeKyHyX8-unsplash.webp\",\"contentUrl\":\"https:\\\/\\\/kohenavocats.com\\\/wp-content\\\/uploads\\\/2024\\\/11\\\/ave-calvar-4fJHeKyHyX8-unsplash.webp\",\"width\":6351,\"height\":2915},{\"@type\":\"BreadcrumbList\",\"@id\":\"https:\\\/\\\/kohenavocats.com\\\/zh-hans\\\/tribunal-judiciaire-de-caen-le-3-avril-2024-n23-03766\\\/#breadcrumb\",\"itemListElement\":[{\"@type\":\"ListItem\",\"position\":1,\"name\":\"Home\",\"item\":\"https:\\\/\\\/kohenavocats.com\\\/zh-hans\\\/\"},{\"@type\":\"ListItem\",\"position\":2,\"name\":\"Tribunal judiciaire de Caen, le 3 avril 2024, n\u00b023\\\/03766\"}]},{\"@type\":\"WebSite\",\"@id\":\"https:\\\/\\\/kohenavocats.com\\\/zh-hans\\\/#website\",\"url\":\"https:\\\/\\\/kohenavocats.com\\\/zh-hans\\\/\",\"name\":\"Kohen Avocats\",\"description\":\"Ma\u00eetre Hassan Kohen, avocat p\u00e9naliste \u00e0 Paris, intervient exclusivement en droit p\u00e9nal pour la d\u00e9fense des particuliers, notamment en mati\u00e8re d\u2019accusations de viol. Il assure un accompagnement rigoureux d\u00e8s la garde \u00e0 vue jusqu\u2019\u00e0 la Cour d\u2019assises, veillant au strict respect des garanties proc\u00e9durales.\",\"publisher\":{\"@id\":\"https:\\\/\\\/kohenavocats.com\\\/zh-hans\\\/#organization\"},\"potentialAction\":[{\"@type\":\"SearchAction\",\"target\":{\"@type\":\"EntryPoint\",\"urlTemplate\":\"https:\\\/\\\/kohenavocats.com\\\/zh-hans\\\/?s={search_term_string}\"},\"query-input\":{\"@type\":\"PropertyValueSpecification\",\"valueRequired\":true,\"valueName\":\"search_term_string\"}}],\"inLanguage\":\"zh-Hans\"},{\"@type\":\"Organization\",\"@id\":\"https:\\\/\\\/kohenavocats.com\\\/zh-hans\\\/#organization\",\"name\":\"Kohen Avocats\",\"url\":\"https:\\\/\\\/kohenavocats.com\\\/zh-hans\\\/\",\"logo\":{\"@type\":\"ImageObject\",\"inLanguage\":\"zh-Hans\",\"@id\":\"https:\\\/\\\/kohenavocats.com\\\/zh-hans\\\/#\\\/schema\\\/logo\\\/image\\\/\",\"url\":\"https:\\\/\\\/kohenavocats.com\\\/wp-content\\\/uploads\\\/2026\\\/01\\\/Logo-2-1.webp\",\"contentUrl\":\"https:\\\/\\\/kohenavocats.com\\\/wp-content\\\/uploads\\\/2026\\\/01\\\/Logo-2-1.webp\",\"width\":2114,\"height\":1253,\"caption\":\"Kohen Avocats\"},\"image\":{\"@id\":\"https:\\\/\\\/kohenavocats.com\\\/zh-hans\\\/#\\\/schema\\\/logo\\\/image\\\/\"}},{\"@type\":\"Person\",\"@id\":\"https:\\\/\\\/kohenavocats.com\\\/zh-hans\\\/#\\\/schema\\\/person\\\/761c9ba54fa1ca84d405cef0831ff751\",\"name\":\"Kohen\",\"image\":{\"@type\":\"ImageObject\",\"inLanguage\":\"zh-Hans\",\"@id\":\"https:\\\/\\\/secure.gravatar.com\\\/avatar\\\/1c5e76ef76bbbfdd2b4da984e2bf2fa4056fd51a27d25ce2c332047f1dfd6e00?s=96&d=identicon&r=g\",\"url\":\"https:\\\/\\\/secure.gravatar.com\\\/avatar\\\/1c5e76ef76bbbfdd2b4da984e2bf2fa4056fd51a27d25ce2c332047f1dfd6e00?s=96&d=identicon&r=g\",\"contentUrl\":\"https:\\\/\\\/secure.gravatar.com\\\/avatar\\\/1c5e76ef76bbbfdd2b4da984e2bf2fa4056fd51a27d25ce2c332047f1dfd6e00?s=96&d=identicon&r=g\",\"caption\":\"Kohen\"},\"sameAs\":[\"https:\\\/\\\/www.linkedin.com\\\/in\\\/hassan-kohen-448548192\\\/\",\"https:\\\/\\\/www.youtube.com\\\/@Kohen-Avocats\"],\"url\":\"https:\\\/\\\/kohenavocats.com\\\/zh-hans\\\/author\\\/kohenmlk\\\/\"}]}<\/script>\n<!-- \/ Yoast SEO Premium plugin. -->","yoast_head_json":{"title":"Tribunal judiciaire de Caen, le 3 avril 2024, n\u00b023\/03766 - Ma\u00eetre Hassan Kohen, avocat en droit p\u00e9nal \u00e0 Paris","description":"Tribunal judiciaire de Caen, le 3 avril 2024. Des consommateurs ont command\u00e9 la construction d\u2019une piscine puis d\u2019une margelle \u00e0 un pisciniste. Une d\u00e9colorat...","robots":{"index":"index","follow":"follow","max-snippet":"max-snippet:-1","max-image-preview":"max-image-preview:large","max-video-preview":"max-video-preview:-1"},"canonical":"https:\/\/kohenavocats.com\/zh-hans\/tribunal-judiciaire-de-caen-le-3-avril-2024-n23-03766\/","og_locale":"zh_CN","og_type":"article","og_title":"Tribunal judiciaire de Caen, le 3 avril 2024, n\u00b023\/03766","og_description":"Tribunal judiciaire de Caen, le 3 avril 2024. Des consommateurs ont command\u00e9 la construction d\u2019une piscine puis d\u2019une margelle \u00e0 un pisciniste. Une d\u00e9colorat...","og_url":"https:\/\/kohenavocats.com\/zh-hans\/tribunal-judiciaire-de-caen-le-3-avril-2024-n23-03766\/","og_site_name":"Ma\u00eetre Hassan Kohen, avocat en droit p\u00e9nal \u00e0 Paris","article_published_time":"2026-04-24T00:08:54+00:00","article_modified_time":"2026-04-26T17:37:01+00:00","og_image":[{"width":6351,"height":2915,"url":"https:\/\/kohenavocats.com\/wp-content\/uploads\/2024\/11\/ave-calvar-4fJHeKyHyX8-unsplash.webp","type":"image\/webp"}],"author":"Kohen","twitter_card":"summary_large_image","twitter_misc":{"\u4f5c\u8005":"Kohen","\u9884\u8ba1\u9605\u8bfb\u65f6\u95f4":"3 \u5206"},"schema":{"@context":"https:\/\/schema.org","@graph":[{"@type":"Article","@id":"https:\/\/kohenavocats.com\/zh-hans\/tribunal-judiciaire-de-caen-le-3-avril-2024-n23-03766\/#article","isPartOf":{"@id":"https:\/\/kohenavocats.com\/zh-hans\/tribunal-judiciaire-de-caen-le-3-avril-2024-n23-03766\/"},"author":{"name":"Kohen","@id":"https:\/\/kohenavocats.com\/zh-hans\/#\/schema\/person\/761c9ba54fa1ca84d405cef0831ff751"},"headline":"Tribunal judiciaire de Caen, le 3 avril 2024, n\u00b023\/03766","datePublished":"2026-04-24T00:08:54+00:00","dateModified":"2026-04-26T17:37:01+00:00","mainEntityOfPage":{"@id":"https:\/\/kohenavocats.com\/zh-hans\/tribunal-judiciaire-de-caen-le-3-avril-2024-n23-03766\/"},"wordCount":536,"commentCount":0,"publisher":{"@id":"https:\/\/kohenavocats.com\/zh-hans\/#organization"},"image":{"@id":"https:\/\/kohenavocats.com\/zh-hans\/tribunal-judiciaire-de-caen-le-3-avril-2024-n23-03766\/#primaryimage"},"thumbnailUrl":"https:\/\/kohenavocats.com\/wp-content\/uploads\/2024\/11\/ave-calvar-4fJHeKyHyX8-unsplash.webp","articleSection":["Code des assurances","Immobilier","Jurisprudence"],"inLanguage":"zh-Hans","potentialAction":[{"@type":"CommentAction","name":"Comment","target":["https:\/\/kohenavocats.com\/zh-hans\/tribunal-judiciaire-de-caen-le-3-avril-2024-n23-03766\/#respond"]}],"citation":"Tribunal judiciaire de Caen, le 3 avril 2024, n\u00b023\/03766","about":[{"@type":"Thing","name":"Code des assurances"},{"@type":"Thing","name":"Immobilier"},{"@type":"Thing","name":"Jurisprudence"}],"speakable":{"@type":"SpeakableSpecification","cssSelector":[".article-content > p:first-of-type"]}},{"@type":"WebPage","@id":"https:\/\/kohenavocats.com\/zh-hans\/tribunal-judiciaire-de-caen-le-3-avril-2024-n23-03766\/","url":"https:\/\/kohenavocats.com\/zh-hans\/tribunal-judiciaire-de-caen-le-3-avril-2024-n23-03766\/","name":"Tribunal judiciaire de Caen, le 3 avril 2024, n\u00b023\/03766 - Ma\u00eetre Hassan Kohen, avocat en droit p\u00e9nal \u00e0 Paris","isPartOf":{"@id":"https:\/\/kohenavocats.com\/zh-hans\/#website"},"primaryImageOfPage":{"@id":"https:\/\/kohenavocats.com\/zh-hans\/tribunal-judiciaire-de-caen-le-3-avril-2024-n23-03766\/#primaryimage"},"image":{"@id":"https:\/\/kohenavocats.com\/zh-hans\/tribunal-judiciaire-de-caen-le-3-avril-2024-n23-03766\/#primaryimage"},"thumbnailUrl":"https:\/\/kohenavocats.com\/wp-content\/uploads\/2024\/11\/ave-calvar-4fJHeKyHyX8-unsplash.webp","datePublished":"2026-04-24T00:08:54+00:00","dateModified":"2026-04-26T17:37:01+00:00","description":"Tribunal judiciaire de Caen, le 3 avril 2024. Des consommateurs ont command\u00e9 la construction d\u2019une piscine puis d\u2019une margelle \u00e0 un pisciniste. Une d\u00e9colorat...","breadcrumb":{"@id":"https:\/\/kohenavocats.com\/zh-hans\/tribunal-judiciaire-de-caen-le-3-avril-2024-n23-03766\/#breadcrumb"},"inLanguage":"zh-Hans","potentialAction":[{"@type":"ReadAction","target":["https:\/\/kohenavocats.com\/zh-hans\/tribunal-judiciaire-de-caen-le-3-avril-2024-n23-03766\/"]}]},{"@type":"ImageObject","inLanguage":"zh-Hans","@id":"https:\/\/kohenavocats.com\/zh-hans\/tribunal-judiciaire-de-caen-le-3-avril-2024-n23-03766\/#primaryimage","url":"https:\/\/kohenavocats.com\/wp-content\/uploads\/2024\/11\/ave-calvar-4fJHeKyHyX8-unsplash.webp","contentUrl":"https:\/\/kohenavocats.com\/wp-content\/uploads\/2024\/11\/ave-calvar-4fJHeKyHyX8-unsplash.webp","width":6351,"height":2915},{"@type":"BreadcrumbList","@id":"https:\/\/kohenavocats.com\/zh-hans\/tribunal-judiciaire-de-caen-le-3-avril-2024-n23-03766\/#breadcrumb","itemListElement":[{"@type":"ListItem","position":1,"name":"Home","item":"https:\/\/kohenavocats.com\/zh-hans\/"},{"@type":"ListItem","position":2,"name":"Tribunal judiciaire de Caen, le 3 avril 2024, n\u00b023\/03766"}]},{"@type":"WebSite","@id":"https:\/\/kohenavocats.com\/zh-hans\/#website","url":"https:\/\/kohenavocats.com\/zh-hans\/","name":"Kohen Avocats","description":"Ma\u00eetre Hassan Kohen, avocat p\u00e9naliste \u00e0 Paris, intervient exclusivement en droit p\u00e9nal pour la d\u00e9fense des particuliers, notamment en mati\u00e8re d\u2019accusations de viol. Il assure un accompagnement rigoureux d\u00e8s la garde \u00e0 vue jusqu\u2019\u00e0 la Cour d\u2019assises, veillant au strict respect des garanties proc\u00e9durales.","publisher":{"@id":"https:\/\/kohenavocats.com\/zh-hans\/#organization"},"potentialAction":[{"@type":"SearchAction","target":{"@type":"EntryPoint","urlTemplate":"https:\/\/kohenavocats.com\/zh-hans\/?s={search_term_string}"},"query-input":{"@type":"PropertyValueSpecification","valueRequired":true,"valueName":"search_term_string"}}],"inLanguage":"zh-Hans"},{"@type":"Organization","@id":"https:\/\/kohenavocats.com\/zh-hans\/#organization","name":"Kohen Avocats","url":"https:\/\/kohenavocats.com\/zh-hans\/","logo":{"@type":"ImageObject","inLanguage":"zh-Hans","@id":"https:\/\/kohenavocats.com\/zh-hans\/#\/schema\/logo\/image\/","url":"https:\/\/kohenavocats.com\/wp-content\/uploads\/2026\/01\/Logo-2-1.webp","contentUrl":"https:\/\/kohenavocats.com\/wp-content\/uploads\/2026\/01\/Logo-2-1.webp","width":2114,"height":1253,"caption":"Kohen Avocats"},"image":{"@id":"https:\/\/kohenavocats.com\/zh-hans\/#\/schema\/logo\/image\/"}},{"@type":"Person","@id":"https:\/\/kohenavocats.com\/zh-hans\/#\/schema\/person\/761c9ba54fa1ca84d405cef0831ff751","name":"Kohen","image":{"@type":"ImageObject","inLanguage":"zh-Hans","@id":"https:\/\/secure.gravatar.com\/avatar\/1c5e76ef76bbbfdd2b4da984e2bf2fa4056fd51a27d25ce2c332047f1dfd6e00?s=96&d=identicon&r=g","url":"https:\/\/secure.gravatar.com\/avatar\/1c5e76ef76bbbfdd2b4da984e2bf2fa4056fd51a27d25ce2c332047f1dfd6e00?s=96&d=identicon&r=g","contentUrl":"https:\/\/secure.gravatar.com\/avatar\/1c5e76ef76bbbfdd2b4da984e2bf2fa4056fd51a27d25ce2c332047f1dfd6e00?s=96&d=identicon&r=g","caption":"Kohen"},"sameAs":["https:\/\/www.linkedin.com\/in\/hassan-kohen-448548192\/","https:\/\/www.youtube.com\/@Kohen-Avocats"],"url":"https:\/\/kohenavocats.com\/zh-hans\/author\/kohenmlk\/"}]}},"jetpack_featured_media_url":"https:\/\/kohenavocats.com\/wp-content\/uploads\/2024\/11\/ave-calvar-4fJHeKyHyX8-unsplash.webp","jetpack_likes_enabled":false,"jetpack_shortlink":"https:\/\/wp.me\/peCrII-2NsA","jetpack-related-posts":[{"id":488341,"url":"https:\/\/kohenavocats.com\/zh-hans\/tribunal-judiciaire-de-aix-en-provence-le-24-novembre-2025-n23-03130\/","url_meta":{"origin":666784,"position":0},"title":"Tribunal judiciaire de Aix-en-Provence, le 24 novembre 2025, n\u00b023\/03130","author":"Kohen","date":"2026\u5e744\u67088\u65e5","format":false,"excerpt":"Le tribunal judiciaire d\u2019Aix-en-Provence, le 24 no\u2026","rel":"","context":"\u5728\u201cJurisprudence\u201d\u4e2d","block_context":{"text":"Jurisprudence","link":"https:\/\/kohenavocats.com\/category\/jurisprudence\/"},"img":{"alt_text":"","src":"https:\/\/i0.wp.com\/kohenavocats.com\/wp-content\/uploads\/2024\/08\/jan-zinnbauer-XoiUrDgtB-g-unsplash.webp?resize=350%2C200&ssl=1","width":350,"height":200,"srcset":"https:\/\/i0.wp.com\/kohenavocats.com\/wp-content\/uploads\/2024\/08\/jan-zinnbauer-XoiUrDgtB-g-unsplash.webp?resize=350%2C200&ssl=1 1x, https:\/\/i0.wp.com\/kohenavocats.com\/wp-content\/uploads\/2024\/08\/jan-zinnbauer-XoiUrDgtB-g-unsplash.webp?resize=525%2C300&ssl=1 1.5x, https:\/\/i0.wp.com\/kohenavocats.com\/wp-content\/uploads\/2024\/08\/jan-zinnbauer-XoiUrDgtB-g-unsplash.webp?resize=700%2C400&ssl=1 2x, https:\/\/i0.wp.com\/kohenavocats.com\/wp-content\/uploads\/2024\/08\/jan-zinnbauer-XoiUrDgtB-g-unsplash.webp?resize=1050%2C600&ssl=1 3x, https:\/\/i0.wp.com\/kohenavocats.com\/wp-content\/uploads\/2024\/08\/jan-zinnbauer-XoiUrDgtB-g-unsplash.webp?resize=1400%2C800&ssl=1 4x"},"classes":[]},{"id":490903,"url":"https:\/\/kohenavocats.com\/zh-hans\/tribunal-judiciaire-de-lille-le-12-fevrier-2025-n24-04632\/","url_meta":{"origin":666784,"position":1},"title":"Tribunal judiciaire de Lille, le 12 f\u00e9vrier 2025, n\u00b024\/04632","author":"Kohen","date":"2026\u5e744\u67088\u65e5","format":false,"excerpt":"Le tribunal judiciaire de Lille, par jugement du 1\u2026","rel":"","context":"\u5728\u201cJurisprudence\u201d\u4e2d","block_context":{"text":"Jurisprudence","link":"https:\/\/kohenavocats.com\/category\/jurisprudence\/"},"img":{"alt_text":"","src":"https:\/\/i0.wp.com\/kohenavocats.com\/wp-content\/uploads\/2024\/11\/mohamed-nohassi-kF7auA4ZbMM-unsplash.webp?resize=350%2C200&ssl=1","width":350,"height":200,"srcset":"https:\/\/i0.wp.com\/kohenavocats.com\/wp-content\/uploads\/2024\/11\/mohamed-nohassi-kF7auA4ZbMM-unsplash.webp?resize=350%2C200&ssl=1 1x, https:\/\/i0.wp.com\/kohenavocats.com\/wp-content\/uploads\/2024\/11\/mohamed-nohassi-kF7auA4ZbMM-unsplash.webp?resize=525%2C300&ssl=1 1.5x, https:\/\/i0.wp.com\/kohenavocats.com\/wp-content\/uploads\/2024\/11\/mohamed-nohassi-kF7auA4ZbMM-unsplash.webp?resize=700%2C400&ssl=1 2x, https:\/\/i0.wp.com\/kohenavocats.com\/wp-content\/uploads\/2024\/11\/mohamed-nohassi-kF7auA4ZbMM-unsplash.webp?resize=1050%2C600&ssl=1 3x, https:\/\/i0.wp.com\/kohenavocats.com\/wp-content\/uploads\/2024\/11\/mohamed-nohassi-kF7auA4ZbMM-unsplash.webp?resize=1400%2C800&ssl=1 4x"},"classes":[]},{"id":530020,"url":"https:\/\/kohenavocats.com\/zh-hans\/cour-dappel-de-paris-le-27-mars-2025-n25-06113\/","url_meta":{"origin":666784,"position":2},"title":"Cour d&#8217;appel de Paris, le 27 mars 2025, n\u00b025\/06113","author":"Kohen","date":"2026\u5e744\u67089\u65e5","format":false,"excerpt":"La Cour d'appel de Paris, le 27 mars 2025, a statu\u2026","rel":"","context":"\u5728\u201cJurisprudence\u201d\u4e2d","block_context":{"text":"Jurisprudence","link":"https:\/\/kohenavocats.com\/category\/jurisprudence\/"},"img":{"alt_text":"","src":"https:\/\/i0.wp.com\/kohenavocats.com\/wp-content\/uploads\/2024\/11\/getty-images-dWqNBrbg25A-unsplash.webp?resize=350%2C200&ssl=1","width":350,"height":200,"srcset":"https:\/\/i0.wp.com\/kohenavocats.com\/wp-content\/uploads\/2024\/11\/getty-images-dWqNBrbg25A-unsplash.webp?resize=350%2C200&ssl=1 1x, https:\/\/i0.wp.com\/kohenavocats.com\/wp-content\/uploads\/2024\/11\/getty-images-dWqNBrbg25A-unsplash.webp?resize=525%2C300&ssl=1 1.5x, https:\/\/i0.wp.com\/kohenavocats.com\/wp-content\/uploads\/2024\/11\/getty-images-dWqNBrbg25A-unsplash.webp?resize=700%2C400&ssl=1 2x, https:\/\/i0.wp.com\/kohenavocats.com\/wp-content\/uploads\/2024\/11\/getty-images-dWqNBrbg25A-unsplash.webp?resize=1050%2C600&ssl=1 3x, https:\/\/i0.wp.com\/kohenavocats.com\/wp-content\/uploads\/2024\/11\/getty-images-dWqNBrbg25A-unsplash.webp?resize=1400%2C800&ssl=1 4x"},"classes":[]},{"id":440957,"url":"https:\/\/kohenavocats.com\/zh-hans\/cour-dappel-le-13-novembre-2025-n25-06113\/","url_meta":{"origin":666784,"position":3},"title":"Cour d&#8217;appel, le 13 novembre 2025, n\u00b025\/06113","author":"","date":"2026\u5e744\u67084\u65e5","format":false,"excerpt":"La Cour d\u2019appel d\u2019Aix-en-Provence, dans un arr\u00eat d\u2026","rel":"","context":"\u5728\u201cCour d'appel\u201d\u4e2d","block_context":{"text":"Cour d'appel","link":"https:\/\/kohenavocats.com\/category\/cour-dappel\/"},"img":{"alt_text":"","src":"https:\/\/i0.wp.com\/kohenavocats.com\/wp-content\/uploads\/2024\/11\/getty-images-ya49u1qljBI-unsplash.webp?resize=350%2C200&ssl=1","width":350,"height":200,"srcset":"https:\/\/i0.wp.com\/kohenavocats.com\/wp-content\/uploads\/2024\/11\/getty-images-ya49u1qljBI-unsplash.webp?resize=350%2C200&ssl=1 1x, https:\/\/i0.wp.com\/kohenavocats.com\/wp-content\/uploads\/2024\/11\/getty-images-ya49u1qljBI-unsplash.webp?resize=525%2C300&ssl=1 1.5x, https:\/\/i0.wp.com\/kohenavocats.com\/wp-content\/uploads\/2024\/11\/getty-images-ya49u1qljBI-unsplash.webp?resize=700%2C400&ssl=1 2x, https:\/\/i0.wp.com\/kohenavocats.com\/wp-content\/uploads\/2024\/11\/getty-images-ya49u1qljBI-unsplash.webp?resize=1050%2C600&ssl=1 3x, https:\/\/i0.wp.com\/kohenavocats.com\/wp-content\/uploads\/2024\/11\/getty-images-ya49u1qljBI-unsplash.webp?resize=1400%2C800&ssl=1 4x"},"classes":[]},{"id":481352,"url":"https:\/\/kohenavocats.com\/zh-hans\/tribunal-judiciaire-de-colmar-le-5-fevrier-2025-n24-06196\/","url_meta":{"origin":666784,"position":4},"title":"Tribunal judiciaire de Colmar, le 5 f\u00e9vrier 2025, n\u00b024\/06196","author":"Kohen","date":"2026\u5e744\u67087\u65e5","format":false,"excerpt":"Le tribunal judiciaire de Colmar, statuant le 5 f\u00e9\u2026","rel":"","context":"\u5728\u201cJurisprudence\u201d\u4e2d","block_context":{"text":"Jurisprudence","link":"https:\/\/kohenavocats.com\/category\/jurisprudence\/"},"img":{"alt_text":"","src":"https:\/\/i0.wp.com\/kohenavocats.com\/wp-content\/uploads\/2024\/11\/mohamed-nohassi-kF7auA4ZbMM-unsplash.webp?resize=350%2C200&ssl=1","width":350,"height":200,"srcset":"https:\/\/i0.wp.com\/kohenavocats.com\/wp-content\/uploads\/2024\/11\/mohamed-nohassi-kF7auA4ZbMM-unsplash.webp?resize=350%2C200&ssl=1 1x, https:\/\/i0.wp.com\/kohenavocats.com\/wp-content\/uploads\/2024\/11\/mohamed-nohassi-kF7auA4ZbMM-unsplash.webp?resize=525%2C300&ssl=1 1.5x, https:\/\/i0.wp.com\/kohenavocats.com\/wp-content\/uploads\/2024\/11\/mohamed-nohassi-kF7auA4ZbMM-unsplash.webp?resize=700%2C400&ssl=1 2x, https:\/\/i0.wp.com\/kohenavocats.com\/wp-content\/uploads\/2024\/11\/mohamed-nohassi-kF7auA4ZbMM-unsplash.webp?resize=1050%2C600&ssl=1 3x, https:\/\/i0.wp.com\/kohenavocats.com\/wp-content\/uploads\/2024\/11\/mohamed-nohassi-kF7auA4ZbMM-unsplash.webp?resize=1400%2C800&ssl=1 4x"},"classes":[]},{"id":476596,"url":"https:\/\/kohenavocats.com\/zh-hans\/caa-caa-de-paris-07-02-2025-n-23pa03283\/","url_meta":{"origin":666784,"position":5},"title":"CAA \u2013 CAA de PARIS \u2013 07\/02\/2025 \u2013 n\u00b0 23PA03283","author":"Kohen","date":"2026\u5e744\u67087\u65e5","format":false,"excerpt":"Par un arr\u00eat en date du 7 f\u00e9vrier 2025, une cour a\u2026","rel":"","context":"\u5728\u201cJuridictions administratives\u201d\u4e2d","block_context":{"text":"Juridictions administratives","link":"https:\/\/kohenavocats.com\/category\/juridictions-administratives\/"},"img":{"alt_text":"","src":"https:\/\/i0.wp.com\/kohenavocats.com\/wp-content\/uploads\/2024\/08\/real_-jansen-vGG8w7zDoMw-unsplash.webp?resize=350%2C200&ssl=1","width":350,"height":200,"srcset":"https:\/\/i0.wp.com\/kohenavocats.com\/wp-content\/uploads\/2024\/08\/real_-jansen-vGG8w7zDoMw-unsplash.webp?resize=350%2C200&ssl=1 1x, https:\/\/i0.wp.com\/kohenavocats.com\/wp-content\/uploads\/2024\/08\/real_-jansen-vGG8w7zDoMw-unsplash.webp?resize=525%2C300&ssl=1 1.5x, https:\/\/i0.wp.com\/kohenavocats.com\/wp-content\/uploads\/2024\/08\/real_-jansen-vGG8w7zDoMw-unsplash.webp?resize=700%2C400&ssl=1 2x, https:\/\/i0.wp.com\/kohenavocats.com\/wp-content\/uploads\/2024\/08\/real_-jansen-vGG8w7zDoMw-unsplash.webp?resize=1050%2C600&ssl=1 3x, https:\/\/i0.wp.com\/kohenavocats.com\/wp-content\/uploads\/2024\/08\/real_-jansen-vGG8w7zDoMw-unsplash.webp?resize=1400%2C800&ssl=1 4x"},"classes":[]}],"jetpack_sharing_enabled":true,"_links":{"self":[{"href":"https:\/\/kohenavocats.com\/zh-hans\/wp-json\/wp\/v2\/posts\/666784","targetHints":{"allow":["GET"]}}],"collection":[{"href":"https:\/\/kohenavocats.com\/zh-hans\/wp-json\/wp\/v2\/posts"}],"about":[{"href":"https:\/\/kohenavocats.com\/zh-hans\/wp-json\/wp\/v2\/types\/post"}],"author":[{"embeddable":true,"href":"https:\/\/kohenavocats.com\/zh-hans\/wp-json\/wp\/v2\/users\/232070755"}],"replies":[{"embeddable":true,"href":"https:\/\/kohenavocats.com\/zh-hans\/wp-json\/wp\/v2\/comments?post=666784"}],"version-history":[{"count":1,"href":"https:\/\/kohenavocats.com\/zh-hans\/wp-json\/wp\/v2\/posts\/666784\/revisions"}],"predecessor-version":[{"id":696614,"href":"https:\/\/kohenavocats.com\/zh-hans\/wp-json\/wp\/v2\/posts\/666784\/revisions\/696614"}],"wp:featuredmedia":[{"embeddable":true,"href":"https:\/\/kohenavocats.com\/zh-hans\/wp-json\/wp\/v2\/media\/9573"}],"wp:attachment":[{"href":"https:\/\/kohenavocats.com\/zh-hans\/wp-json\/wp\/v2\/media?parent=666784"}],"wp:term":[{"taxonomy":"category","embeddable":true,"href":"https:\/\/kohenavocats.com\/zh-hans\/wp-json\/wp\/v2\/categories?post=666784"},{"taxonomy":"post_tag","embeddable":true,"href":"https:\/\/kohenavocats.com\/zh-hans\/wp-json\/wp\/v2\/tags?post=666784"}],"curies":[{"name":"wp","href":"https:\/\/api.w.org\/{rel}","templated":true}]}}