{"id":666859,"date":"2026-04-24T02:19:00","date_gmt":"2026-04-24T00:19:00","guid":{"rendered":"https:\/\/kohenavocats.com\/tribunal-judiciaire-de-boulogne-sur-mer-le-24-avril-2025-n23-05886\/"},"modified":"2026-04-26T19:38:04","modified_gmt":"2026-04-26T17:38:04","slug":"tribunal-judiciaire-de-boulogne-sur-mer-le-24-avril-2025-n23-05886","status":"publish","type":"post","link":"https:\/\/kohenavocats.com\/zh-hans\/tribunal-judiciaire-de-boulogne-sur-mer-le-24-avril-2025-n23-05886\/","title":{"rendered":"Tribunal judiciaire de Boulogne-sur-Mer, le 24 avril 2025, n\u00b023\/05886"},"content":{"rendered":"<div class=\"article-content\">\n<p>Le Tribunal judiciaire de Boulogne-sur-Mer, par jugement du 24 avril 2025, statue sur un litige n\u00e9 de la r\u00e9siliation d\u2019un contrat de t\u00e9l\u00e9phonie professionnelle. Un prestataire de services r\u00e9clame le paiement d\u2019une indemnit\u00e9 contractuelle de r\u00e9siliation anticip\u00e9e. Les d\u00e9fenderesses, un office notarial et son pr\u00e9d\u00e9cesseur, contestent le caract\u00e8re ex\u00e9cutoire de cette clause et sollicitent la r\u00e9solution judiciaire du contrat pour inex\u00e9cution. Le tribunal d\u00e9clare recevable l\u2019intervention volontaire du successeur, constate l\u2019interd\u00e9pendance des contrats de location et de service, et rejette la demande de r\u00e9siliation judiciaire. Il condamne finalement le client au paiement d\u2019une indemnit\u00e9 recalcul\u00e9e et \u00e0 la restitution du mat\u00e9riel.<\/p>\n<p>L\u2019analyse de l\u2019interd\u00e9pendance contractuelle et de la r\u00e9solution<\/p>\n<p>Le tribunal \u00e9tablit d\u2019abord le caract\u00e8re interd\u00e9pendant des conventions liant les parties. Il rappelle que l\u2019article 1186 du code civil pr\u00e9voit la caducit\u00e9 des contrats dont l\u2019ex\u00e9cution est n\u00e9cessaire \u00e0 une m\u00eame op\u00e9ration si l\u2019un d\u2019eux dispara\u00eet. Le juge constate que les contrats de location de mat\u00e9riel et de prestation de services, conclus concomitamment et figurant dans un m\u00eame document, \u201cdoivent donc \u00eatre consid\u00e9r\u00e9s comme \u00e9tant interd\u00e9pendants\u201d (Sur la situation contractuelle et l\u2019interd\u00e9pendance des contrats). Cette qualification a pour cons\u00e9quence directe que la r\u00e9siliation de l\u2019un entra\u00eene la caducit\u00e9 de l\u2019autre, unifiant ainsi le sort des deux engagements distincts.<\/p>\n<p>Le tribunal examine ensuite les conditions d\u2019une r\u00e9solution judiciaire pour inex\u00e9cution suffisamment grave. Il rel\u00e8ve l\u2019absence de mise en demeure pr\u00e9alable et l\u2019insuffisance probatoire des dysfonctionnements all\u00e9gu\u00e9s. Le juge estime que les incidents, principalement concentr\u00e9s sur le premier trimestre 2022 et non d\u00e9nonc\u00e9s par la suite, ne constituent pas une inex\u00e9cution grave. Il conclut ainsi que \u201cles inex\u00e9cutions de la soci\u00e9t\u00e9 DB Telecom dans ses prestations au cours du premier trimestre 2022 ne constituent pas une inex\u00e9cution suffisamment grave au sens de l\u2019article 1224 du code civil\u201d (Sur la r\u00e9solution). La demande de r\u00e9siliation judiciaire est donc rejet\u00e9e, laissant jouer le m\u00e9canisme conventionnel de rupture unilat\u00e9rale par le client.<\/p>\n<p>Le contr\u00f4le de la <a href=\"https:\/\/kohenavocats.fr\/elementor-60\/avocats-droit-immobilier-paris\/avocat-compromis-vente-immobilier-paris\/\" target=\"_blank\" title=\"clause p\u00e9nale\">clause p\u00e9nale<\/a> et la quantification de l\u2019indemnit\u00e9<\/p>\n<p>Le tribunal proc\u00e8de ensuite au contr\u00f4le de la clause d\u2019indemnit\u00e9 forfaitaire de r\u00e9siliation anticip\u00e9e. Il \u00e9carte l\u2019application du droit de la consommation, le contrat \u00e9tant professionnel, mais applique l\u2019article 1171 du code civil sur les clauses abusives dans les contrats d\u2019adh\u00e9sion. Le juge rappelle que \u201cl\u2019appr\u00e9ciation du d\u00e9s\u00e9quilibre significatif ne porte ni sur l\u2019objet principal du contrat ni sur l\u2019ad\u00e9quation du prix \u00e0 la prestation\u201d (Sur l\u2019indemnit\u00e9 de r\u00e9siliation), reprenant la formulation de la jurisprudence. Il estime que la clause, qui permet une r\u00e9siliation sans motif contre indemnit\u00e9, ne cr\u00e9e pas de d\u00e9s\u00e9quilibre significatif au regard de la nature du contrat \u00e0 dur\u00e9e d\u00e9termin\u00e9e.<\/p>\n<p>La port\u00e9e de cette clause est toutefois strictement d\u00e9limit\u00e9e par le tribunal. Il observe qu\u2019elle ne figure que dans les conditions g\u00e9n\u00e9rales annex\u00e9es au contrat de services, et non \u00e0 celui de location. Cons\u00e9quence de l\u2019interd\u00e9pendance \u00e9tablie pr\u00e9c\u00e9demment, l\u2019indemnit\u00e9 ne sera due qu\u2019au titre du contrat de services, la r\u00e9siliation de celui-ci emportant caducit\u00e9 du contrat de location. Le juge proc\u00e8de alors \u00e0 un recalcule pr\u00e9cis de l\u2019indemnit\u00e9, \u00e9cartant la facturation initiale du prestataire jug\u00e9e inexacte. Il fixe le montant \u00e0 6 468 euros, d\u00e9montrant ainsi le pouvoir souverain des juges du fond pour interpr\u00e9ter et appliquer les stipulations contractuelles.<\/p>\n<p>Ce jugement illustre la rigueur proc\u00e9durale et probatoire exig\u00e9e pour obtenir une r\u00e9solution judiciaire. Il souligne \u00e9galement l\u2019extension du contr\u00f4le des clauses abusives aux relations entre professionnels, tout en en fixant les limites. La d\u00e9cision consacre enfin la m\u00e9thode d\u2019interpr\u00e9tation globale des ensembles contractuels, assurant une coh\u00e9rence dans le sort de conventions juridiquement li\u00e9es.<\/p>\n<\/div>\n","protected":false},"excerpt":{"rendered":"<p>Le Tribunal judiciaire de Boulogne-sur-Mer, par jugement du 24 avril 2025, statue sur un litige n\u00e9 de la r\u00e9siliation d\u2019un contrat de t\u00e9l\u00e9phonie professionnel&#8230;<\/p>\n","protected":false},"author":232070755,"featured_media":9546,"comment_status":"open","ping_status":"open","sticky":false,"template":"","format":"standard","meta":{"_crdt_document":"","_jetpack_newsletter_access":"","_jetpack_dont_email_post_to_subs":false,"_jetpack_newsletter_tier_id":0,"_jetpack_memberships_contains_paywalled_content":false,"_kj_source_type":"judilibre","_kj_official_id":"68dd8752548223b2c7ac6c6b","_kj_official_url":"https:\/\/www.courdecassation.fr\/decision\/68dd8752548223b2c7ac6c6b","_kj_judilibre_id":"68dd8752548223b2c7ac6c6b","_kj_jur":"Tribunal judiciaire","_kj_lieu":"Tribunal judiciaire de Boulogne-sur-Mer","_kj_chambre":"Contentieux G\u00e9n\u00e9ral","_kj_rg":"23\/05886","_kj_date":"2025-09-23","_jetpack_memberships_contains_paid_content":false,"footnotes":"","jetpack_post_was_ever_published":false},"categories":[7597],"tags":[],"class_list":["post-666859","post","type-post","status-publish","format-standard","has-post-thumbnail","hentry","category-jurisprudence"],"yoast_head":"<!-- This site is optimized with the Yoast SEO Premium plugin v27.5 (Yoast SEO v27.5) - https:\/\/yoast.com\/product\/yoast-seo-premium-wordpress\/ -->\n<title>Tribunal judiciaire de Boulogne-sur-Mer, le 24 avril 2025, n\u00b023\/05886 - Ma\u00eetre Hassan Kohen, avocat en droit p\u00e9nal \u00e0 Paris<\/title>\n<meta name=\"description\" content=\"Le Tribunal judiciaire de Boulogne-sur-Mer, par jugement du 24 avril 2025, statue sur un litige n\u00e9 de la r\u00e9siliation d\u2019un contrat de t\u00e9l\u00e9phonie professionnel...\" \/>\n<meta name=\"robots\" content=\"index, follow, max-snippet:-1, max-image-preview:large, max-video-preview:-1\" \/>\n<link rel=\"canonical\" href=\"https:\/\/kohenavocats.com\/zh-hans\/tribunal-judiciaire-de-boulogne-sur-mer-le-24-avril-2025-n23-05886\/\" \/>\n<meta property=\"og:locale\" content=\"zh_CN\" \/>\n<meta property=\"og:type\" content=\"article\" \/>\n<meta property=\"og:title\" content=\"Tribunal judiciaire de Boulogne-sur-Mer, le 24 avril 2025, n\u00b023\/05886\" \/>\n<meta property=\"og:description\" content=\"Le Tribunal judiciaire de Boulogne-sur-Mer, par jugement du 24 avril 2025, statue sur un litige n\u00e9 de la r\u00e9siliation d\u2019un contrat de t\u00e9l\u00e9phonie professionnel...\" \/>\n<meta property=\"og:url\" content=\"https:\/\/kohenavocats.com\/zh-hans\/tribunal-judiciaire-de-boulogne-sur-mer-le-24-avril-2025-n23-05886\/\" \/>\n<meta property=\"og:site_name\" content=\"Ma\u00eetre Hassan Kohen, avocat en droit p\u00e9nal \u00e0 Paris\" \/>\n<meta property=\"article:published_time\" content=\"2026-04-24T00:19:00+00:00\" \/>\n<meta property=\"article:modified_time\" content=\"2026-04-26T17:38:04+00:00\" \/>\n<meta property=\"og:image\" content=\"https:\/\/kohenavocats.com\/wp-content\/uploads\/2024\/11\/laura-adai-abjOwJNokkQ-unsplash.webp\" \/>\n\t<meta property=\"og:image:width\" content=\"4724\" \/>\n\t<meta property=\"og:image:height\" content=\"7086\" \/>\n\t<meta property=\"og:image:type\" content=\"image\/webp\" \/>\n<meta name=\"author\" content=\"Kohen\" \/>\n<meta name=\"twitter:card\" content=\"summary_large_image\" \/>\n<meta name=\"twitter:label1\" content=\"\u4f5c\u8005\" \/>\n\t<meta name=\"twitter:data1\" content=\"Kohen\" \/>\n\t<meta name=\"twitter:label2\" content=\"\u9884\u8ba1\u9605\u8bfb\u65f6\u95f4\" \/>\n\t<meta name=\"twitter:data2\" content=\"4 \u5206\" \/>\n<script type=\"application\/ld+json\" class=\"yoast-schema-graph\">{\"@context\":\"https:\\\/\\\/schema.org\",\"@graph\":[{\"@type\":\"Article\",\"@id\":\"https:\\\/\\\/kohenavocats.com\\\/zh-hans\\\/tribunal-judiciaire-de-boulogne-sur-mer-le-24-avril-2025-n23-05886\\\/#article\",\"isPartOf\":{\"@id\":\"https:\\\/\\\/kohenavocats.com\\\/zh-hans\\\/tribunal-judiciaire-de-boulogne-sur-mer-le-24-avril-2025-n23-05886\\\/\"},\"author\":{\"name\":\"Kohen\",\"@id\":\"https:\\\/\\\/kohenavocats.com\\\/zh-hans\\\/#\\\/schema\\\/person\\\/761c9ba54fa1ca84d405cef0831ff751\"},\"headline\":\"Tribunal judiciaire de Boulogne-sur-Mer, le 24 avril 2025, n\u00b023\\\/05886\",\"datePublished\":\"2026-04-24T00:19:00+00:00\",\"dateModified\":\"2026-04-26T17:38:04+00:00\",\"mainEntityOfPage\":{\"@id\":\"https:\\\/\\\/kohenavocats.com\\\/zh-hans\\\/tribunal-judiciaire-de-boulogne-sur-mer-le-24-avril-2025-n23-05886\\\/\"},\"wordCount\":711,\"commentCount\":0,\"publisher\":{\"@id\":\"https:\\\/\\\/kohenavocats.com\\\/zh-hans\\\/#organization\"},\"image\":{\"@id\":\"https:\\\/\\\/kohenavocats.com\\\/zh-hans\\\/tribunal-judiciaire-de-boulogne-sur-mer-le-24-avril-2025-n23-05886\\\/#primaryimage\"},\"thumbnailUrl\":\"https:\\\/\\\/kohenavocats.com\\\/wp-content\\\/uploads\\\/2024\\\/11\\\/laura-adai-abjOwJNokkQ-unsplash.webp\",\"articleSection\":[\"Jurisprudence\"],\"inLanguage\":\"zh-Hans\",\"potentialAction\":[{\"@type\":\"CommentAction\",\"name\":\"Comment\",\"target\":[\"https:\\\/\\\/kohenavocats.com\\\/zh-hans\\\/tribunal-judiciaire-de-boulogne-sur-mer-le-24-avril-2025-n23-05886\\\/#respond\"]}],\"citation\":\"Tribunal judiciaire de Boulogne-sur-Mer, le 24 avril 2025, n\u00b023\\\/05886\",\"about\":[{\"@type\":\"Thing\",\"name\":\"Jurisprudence\"}],\"speakable\":{\"@type\":\"SpeakableSpecification\",\"cssSelector\":[\".article-content > p:first-of-type\"]}},{\"@type\":\"WebPage\",\"@id\":\"https:\\\/\\\/kohenavocats.com\\\/zh-hans\\\/tribunal-judiciaire-de-boulogne-sur-mer-le-24-avril-2025-n23-05886\\\/\",\"url\":\"https:\\\/\\\/kohenavocats.com\\\/zh-hans\\\/tribunal-judiciaire-de-boulogne-sur-mer-le-24-avril-2025-n23-05886\\\/\",\"name\":\"Tribunal judiciaire de Boulogne-sur-Mer, le 24 avril 2025, n\u00b023\\\/05886 - Ma\u00eetre Hassan Kohen, avocat en droit p\u00e9nal \u00e0 Paris\",\"isPartOf\":{\"@id\":\"https:\\\/\\\/kohenavocats.com\\\/zh-hans\\\/#website\"},\"primaryImageOfPage\":{\"@id\":\"https:\\\/\\\/kohenavocats.com\\\/zh-hans\\\/tribunal-judiciaire-de-boulogne-sur-mer-le-24-avril-2025-n23-05886\\\/#primaryimage\"},\"image\":{\"@id\":\"https:\\\/\\\/kohenavocats.com\\\/zh-hans\\\/tribunal-judiciaire-de-boulogne-sur-mer-le-24-avril-2025-n23-05886\\\/#primaryimage\"},\"thumbnailUrl\":\"https:\\\/\\\/kohenavocats.com\\\/wp-content\\\/uploads\\\/2024\\\/11\\\/laura-adai-abjOwJNokkQ-unsplash.webp\",\"datePublished\":\"2026-04-24T00:19:00+00:00\",\"dateModified\":\"2026-04-26T17:38:04+00:00\",\"description\":\"Le Tribunal judiciaire de Boulogne-sur-Mer, par jugement du 24 avril 2025, statue sur un litige n\u00e9 de la r\u00e9siliation d\u2019un contrat de t\u00e9l\u00e9phonie professionnel...\",\"breadcrumb\":{\"@id\":\"https:\\\/\\\/kohenavocats.com\\\/zh-hans\\\/tribunal-judiciaire-de-boulogne-sur-mer-le-24-avril-2025-n23-05886\\\/#breadcrumb\"},\"inLanguage\":\"zh-Hans\",\"potentialAction\":[{\"@type\":\"ReadAction\",\"target\":[\"https:\\\/\\\/kohenavocats.com\\\/zh-hans\\\/tribunal-judiciaire-de-boulogne-sur-mer-le-24-avril-2025-n23-05886\\\/\"]}]},{\"@type\":\"ImageObject\",\"inLanguage\":\"zh-Hans\",\"@id\":\"https:\\\/\\\/kohenavocats.com\\\/zh-hans\\\/tribunal-judiciaire-de-boulogne-sur-mer-le-24-avril-2025-n23-05886\\\/#primaryimage\",\"url\":\"https:\\\/\\\/kohenavocats.com\\\/wp-content\\\/uploads\\\/2024\\\/11\\\/laura-adai-abjOwJNokkQ-unsplash.webp\",\"contentUrl\":\"https:\\\/\\\/kohenavocats.com\\\/wp-content\\\/uploads\\\/2024\\\/11\\\/laura-adai-abjOwJNokkQ-unsplash.webp\",\"width\":4724,\"height\":7086},{\"@type\":\"BreadcrumbList\",\"@id\":\"https:\\\/\\\/kohenavocats.com\\\/zh-hans\\\/tribunal-judiciaire-de-boulogne-sur-mer-le-24-avril-2025-n23-05886\\\/#breadcrumb\",\"itemListElement\":[{\"@type\":\"ListItem\",\"position\":1,\"name\":\"Home\",\"item\":\"https:\\\/\\\/kohenavocats.com\\\/zh-hans\\\/\"},{\"@type\":\"ListItem\",\"position\":2,\"name\":\"Tribunal judiciaire de Boulogne-sur-Mer, le 24 avril 2025, n\u00b023\\\/05886\"}]},{\"@type\":\"WebSite\",\"@id\":\"https:\\\/\\\/kohenavocats.com\\\/zh-hans\\\/#website\",\"url\":\"https:\\\/\\\/kohenavocats.com\\\/zh-hans\\\/\",\"name\":\"Kohen Avocats\",\"description\":\"Ma\u00eetre Hassan Kohen, avocat p\u00e9naliste \u00e0 Paris, intervient exclusivement en droit p\u00e9nal pour la d\u00e9fense des particuliers, notamment en mati\u00e8re d\u2019accusations de viol. Il assure un accompagnement rigoureux d\u00e8s la garde \u00e0 vue jusqu\u2019\u00e0 la Cour d\u2019assises, veillant au strict respect des garanties proc\u00e9durales.\",\"publisher\":{\"@id\":\"https:\\\/\\\/kohenavocats.com\\\/zh-hans\\\/#organization\"},\"potentialAction\":[{\"@type\":\"SearchAction\",\"target\":{\"@type\":\"EntryPoint\",\"urlTemplate\":\"https:\\\/\\\/kohenavocats.com\\\/zh-hans\\\/?s={search_term_string}\"},\"query-input\":{\"@type\":\"PropertyValueSpecification\",\"valueRequired\":true,\"valueName\":\"search_term_string\"}}],\"inLanguage\":\"zh-Hans\"},{\"@type\":\"Organization\",\"@id\":\"https:\\\/\\\/kohenavocats.com\\\/zh-hans\\\/#organization\",\"name\":\"Kohen Avocats\",\"url\":\"https:\\\/\\\/kohenavocats.com\\\/zh-hans\\\/\",\"logo\":{\"@type\":\"ImageObject\",\"inLanguage\":\"zh-Hans\",\"@id\":\"https:\\\/\\\/kohenavocats.com\\\/zh-hans\\\/#\\\/schema\\\/logo\\\/image\\\/\",\"url\":\"https:\\\/\\\/kohenavocats.com\\\/wp-content\\\/uploads\\\/2026\\\/01\\\/Logo-2-1.webp\",\"contentUrl\":\"https:\\\/\\\/kohenavocats.com\\\/wp-content\\\/uploads\\\/2026\\\/01\\\/Logo-2-1.webp\",\"width\":2114,\"height\":1253,\"caption\":\"Kohen Avocats\"},\"image\":{\"@id\":\"https:\\\/\\\/kohenavocats.com\\\/zh-hans\\\/#\\\/schema\\\/logo\\\/image\\\/\"}},{\"@type\":\"Person\",\"@id\":\"https:\\\/\\\/kohenavocats.com\\\/zh-hans\\\/#\\\/schema\\\/person\\\/761c9ba54fa1ca84d405cef0831ff751\",\"name\":\"Kohen\",\"image\":{\"@type\":\"ImageObject\",\"inLanguage\":\"zh-Hans\",\"@id\":\"https:\\\/\\\/secure.gravatar.com\\\/avatar\\\/1c5e76ef76bbbfdd2b4da984e2bf2fa4056fd51a27d25ce2c332047f1dfd6e00?s=96&d=identicon&r=g\",\"url\":\"https:\\\/\\\/secure.gravatar.com\\\/avatar\\\/1c5e76ef76bbbfdd2b4da984e2bf2fa4056fd51a27d25ce2c332047f1dfd6e00?s=96&d=identicon&r=g\",\"contentUrl\":\"https:\\\/\\\/secure.gravatar.com\\\/avatar\\\/1c5e76ef76bbbfdd2b4da984e2bf2fa4056fd51a27d25ce2c332047f1dfd6e00?s=96&d=identicon&r=g\",\"caption\":\"Kohen\"},\"sameAs\":[\"https:\\\/\\\/www.linkedin.com\\\/in\\\/hassan-kohen-448548192\\\/\",\"https:\\\/\\\/www.youtube.com\\\/@Kohen-Avocats\"],\"url\":\"https:\\\/\\\/kohenavocats.com\\\/zh-hans\\\/author\\\/kohenmlk\\\/\"}]}<\/script>\n<!-- \/ Yoast SEO Premium plugin. -->","yoast_head_json":{"title":"Tribunal judiciaire de Boulogne-sur-Mer, le 24 avril 2025, n\u00b023\/05886 - Ma\u00eetre Hassan Kohen, avocat en droit p\u00e9nal \u00e0 Paris","description":"Le Tribunal judiciaire de Boulogne-sur-Mer, par jugement du 24 avril 2025, statue sur un litige n\u00e9 de la r\u00e9siliation d\u2019un contrat de t\u00e9l\u00e9phonie professionnel...","robots":{"index":"index","follow":"follow","max-snippet":"max-snippet:-1","max-image-preview":"max-image-preview:large","max-video-preview":"max-video-preview:-1"},"canonical":"https:\/\/kohenavocats.com\/zh-hans\/tribunal-judiciaire-de-boulogne-sur-mer-le-24-avril-2025-n23-05886\/","og_locale":"zh_CN","og_type":"article","og_title":"Tribunal judiciaire de Boulogne-sur-Mer, le 24 avril 2025, n\u00b023\/05886","og_description":"Le Tribunal judiciaire de Boulogne-sur-Mer, par jugement du 24 avril 2025, statue sur un litige n\u00e9 de la r\u00e9siliation d\u2019un contrat de t\u00e9l\u00e9phonie professionnel...","og_url":"https:\/\/kohenavocats.com\/zh-hans\/tribunal-judiciaire-de-boulogne-sur-mer-le-24-avril-2025-n23-05886\/","og_site_name":"Ma\u00eetre Hassan Kohen, avocat en droit p\u00e9nal \u00e0 Paris","article_published_time":"2026-04-24T00:19:00+00:00","article_modified_time":"2026-04-26T17:38:04+00:00","og_image":[{"width":4724,"height":7086,"url":"https:\/\/kohenavocats.com\/wp-content\/uploads\/2024\/11\/laura-adai-abjOwJNokkQ-unsplash.webp","type":"image\/webp"}],"author":"Kohen","twitter_card":"summary_large_image","twitter_misc":{"\u4f5c\u8005":"Kohen","\u9884\u8ba1\u9605\u8bfb\u65f6\u95f4":"4 \u5206"},"schema":{"@context":"https:\/\/schema.org","@graph":[{"@type":"Article","@id":"https:\/\/kohenavocats.com\/zh-hans\/tribunal-judiciaire-de-boulogne-sur-mer-le-24-avril-2025-n23-05886\/#article","isPartOf":{"@id":"https:\/\/kohenavocats.com\/zh-hans\/tribunal-judiciaire-de-boulogne-sur-mer-le-24-avril-2025-n23-05886\/"},"author":{"name":"Kohen","@id":"https:\/\/kohenavocats.com\/zh-hans\/#\/schema\/person\/761c9ba54fa1ca84d405cef0831ff751"},"headline":"Tribunal judiciaire de Boulogne-sur-Mer, le 24 avril 2025, n\u00b023\/05886","datePublished":"2026-04-24T00:19:00+00:00","dateModified":"2026-04-26T17:38:04+00:00","mainEntityOfPage":{"@id":"https:\/\/kohenavocats.com\/zh-hans\/tribunal-judiciaire-de-boulogne-sur-mer-le-24-avril-2025-n23-05886\/"},"wordCount":711,"commentCount":0,"publisher":{"@id":"https:\/\/kohenavocats.com\/zh-hans\/#organization"},"image":{"@id":"https:\/\/kohenavocats.com\/zh-hans\/tribunal-judiciaire-de-boulogne-sur-mer-le-24-avril-2025-n23-05886\/#primaryimage"},"thumbnailUrl":"https:\/\/kohenavocats.com\/wp-content\/uploads\/2024\/11\/laura-adai-abjOwJNokkQ-unsplash.webp","articleSection":["Jurisprudence"],"inLanguage":"zh-Hans","potentialAction":[{"@type":"CommentAction","name":"Comment","target":["https:\/\/kohenavocats.com\/zh-hans\/tribunal-judiciaire-de-boulogne-sur-mer-le-24-avril-2025-n23-05886\/#respond"]}],"citation":"Tribunal judiciaire de Boulogne-sur-Mer, le 24 avril 2025, n\u00b023\/05886","about":[{"@type":"Thing","name":"Jurisprudence"}],"speakable":{"@type":"SpeakableSpecification","cssSelector":[".article-content > p:first-of-type"]}},{"@type":"WebPage","@id":"https:\/\/kohenavocats.com\/zh-hans\/tribunal-judiciaire-de-boulogne-sur-mer-le-24-avril-2025-n23-05886\/","url":"https:\/\/kohenavocats.com\/zh-hans\/tribunal-judiciaire-de-boulogne-sur-mer-le-24-avril-2025-n23-05886\/","name":"Tribunal judiciaire de Boulogne-sur-Mer, le 24 avril 2025, n\u00b023\/05886 - Ma\u00eetre Hassan Kohen, avocat en droit p\u00e9nal \u00e0 Paris","isPartOf":{"@id":"https:\/\/kohenavocats.com\/zh-hans\/#website"},"primaryImageOfPage":{"@id":"https:\/\/kohenavocats.com\/zh-hans\/tribunal-judiciaire-de-boulogne-sur-mer-le-24-avril-2025-n23-05886\/#primaryimage"},"image":{"@id":"https:\/\/kohenavocats.com\/zh-hans\/tribunal-judiciaire-de-boulogne-sur-mer-le-24-avril-2025-n23-05886\/#primaryimage"},"thumbnailUrl":"https:\/\/kohenavocats.com\/wp-content\/uploads\/2024\/11\/laura-adai-abjOwJNokkQ-unsplash.webp","datePublished":"2026-04-24T00:19:00+00:00","dateModified":"2026-04-26T17:38:04+00:00","description":"Le Tribunal judiciaire de Boulogne-sur-Mer, par jugement du 24 avril 2025, statue sur un litige n\u00e9 de la r\u00e9siliation d\u2019un contrat de t\u00e9l\u00e9phonie professionnel...","breadcrumb":{"@id":"https:\/\/kohenavocats.com\/zh-hans\/tribunal-judiciaire-de-boulogne-sur-mer-le-24-avril-2025-n23-05886\/#breadcrumb"},"inLanguage":"zh-Hans","potentialAction":[{"@type":"ReadAction","target":["https:\/\/kohenavocats.com\/zh-hans\/tribunal-judiciaire-de-boulogne-sur-mer-le-24-avril-2025-n23-05886\/"]}]},{"@type":"ImageObject","inLanguage":"zh-Hans","@id":"https:\/\/kohenavocats.com\/zh-hans\/tribunal-judiciaire-de-boulogne-sur-mer-le-24-avril-2025-n23-05886\/#primaryimage","url":"https:\/\/kohenavocats.com\/wp-content\/uploads\/2024\/11\/laura-adai-abjOwJNokkQ-unsplash.webp","contentUrl":"https:\/\/kohenavocats.com\/wp-content\/uploads\/2024\/11\/laura-adai-abjOwJNokkQ-unsplash.webp","width":4724,"height":7086},{"@type":"BreadcrumbList","@id":"https:\/\/kohenavocats.com\/zh-hans\/tribunal-judiciaire-de-boulogne-sur-mer-le-24-avril-2025-n23-05886\/#breadcrumb","itemListElement":[{"@type":"ListItem","position":1,"name":"Home","item":"https:\/\/kohenavocats.com\/zh-hans\/"},{"@type":"ListItem","position":2,"name":"Tribunal judiciaire de Boulogne-sur-Mer, le 24 avril 2025, n\u00b023\/05886"}]},{"@type":"WebSite","@id":"https:\/\/kohenavocats.com\/zh-hans\/#website","url":"https:\/\/kohenavocats.com\/zh-hans\/","name":"Kohen Avocats","description":"Ma\u00eetre Hassan Kohen, avocat p\u00e9naliste \u00e0 Paris, intervient exclusivement en droit p\u00e9nal pour la d\u00e9fense des particuliers, notamment en mati\u00e8re d\u2019accusations de viol. Il assure un accompagnement rigoureux d\u00e8s la garde \u00e0 vue jusqu\u2019\u00e0 la Cour d\u2019assises, veillant au strict respect des garanties proc\u00e9durales.","publisher":{"@id":"https:\/\/kohenavocats.com\/zh-hans\/#organization"},"potentialAction":[{"@type":"SearchAction","target":{"@type":"EntryPoint","urlTemplate":"https:\/\/kohenavocats.com\/zh-hans\/?s={search_term_string}"},"query-input":{"@type":"PropertyValueSpecification","valueRequired":true,"valueName":"search_term_string"}}],"inLanguage":"zh-Hans"},{"@type":"Organization","@id":"https:\/\/kohenavocats.com\/zh-hans\/#organization","name":"Kohen Avocats","url":"https:\/\/kohenavocats.com\/zh-hans\/","logo":{"@type":"ImageObject","inLanguage":"zh-Hans","@id":"https:\/\/kohenavocats.com\/zh-hans\/#\/schema\/logo\/image\/","url":"https:\/\/kohenavocats.com\/wp-content\/uploads\/2026\/01\/Logo-2-1.webp","contentUrl":"https:\/\/kohenavocats.com\/wp-content\/uploads\/2026\/01\/Logo-2-1.webp","width":2114,"height":1253,"caption":"Kohen Avocats"},"image":{"@id":"https:\/\/kohenavocats.com\/zh-hans\/#\/schema\/logo\/image\/"}},{"@type":"Person","@id":"https:\/\/kohenavocats.com\/zh-hans\/#\/schema\/person\/761c9ba54fa1ca84d405cef0831ff751","name":"Kohen","image":{"@type":"ImageObject","inLanguage":"zh-Hans","@id":"https:\/\/secure.gravatar.com\/avatar\/1c5e76ef76bbbfdd2b4da984e2bf2fa4056fd51a27d25ce2c332047f1dfd6e00?s=96&d=identicon&r=g","url":"https:\/\/secure.gravatar.com\/avatar\/1c5e76ef76bbbfdd2b4da984e2bf2fa4056fd51a27d25ce2c332047f1dfd6e00?s=96&d=identicon&r=g","contentUrl":"https:\/\/secure.gravatar.com\/avatar\/1c5e76ef76bbbfdd2b4da984e2bf2fa4056fd51a27d25ce2c332047f1dfd6e00?s=96&d=identicon&r=g","caption":"Kohen"},"sameAs":["https:\/\/www.linkedin.com\/in\/hassan-kohen-448548192\/","https:\/\/www.youtube.com\/@Kohen-Avocats"],"url":"https:\/\/kohenavocats.com\/zh-hans\/author\/kohenmlk\/"}]}},"jetpack_featured_media_url":"https:\/\/kohenavocats.com\/wp-content\/uploads\/2024\/11\/laura-adai-abjOwJNokkQ-unsplash.webp","jetpack_likes_enabled":false,"jetpack_shortlink":"https:\/\/wp.me\/peCrII-2NtN","jetpack-related-posts":[{"id":686318,"url":"https:\/\/kohenavocats.com\/zh-hans\/cour-dappel-de-douai-le-4-septembre-2025-n19-05832\/","url_meta":{"origin":666859,"position":0},"title":"Cour d&#8217;appel de Douai, le 4 septembre 2025, n\u00b019\/05832","author":"Kohen","date":"2026\u5e744\u670825\u65e5","format":false,"excerpt":"La cour d'appel de Douai, 4 septembre 2025, tranch\u2026","rel":"","context":"\u5728\u201cJurisprudence\u201d\u4e2d","block_context":{"text":"Jurisprudence","link":"https:\/\/kohenavocats.com\/category\/jurisprudence\/"},"img":{"alt_text":"","src":"https:\/\/i0.wp.com\/kohenavocats.com\/wp-content\/uploads\/2024\/11\/ave-calvar-ffCZpxDJSo-unsplash.webp?resize=350%2C200&ssl=1","width":350,"height":200,"srcset":"https:\/\/i0.wp.com\/kohenavocats.com\/wp-content\/uploads\/2024\/11\/ave-calvar-ffCZpxDJSo-unsplash.webp?resize=350%2C200&ssl=1 1x, https:\/\/i0.wp.com\/kohenavocats.com\/wp-content\/uploads\/2024\/11\/ave-calvar-ffCZpxDJSo-unsplash.webp?resize=525%2C300&ssl=1 1.5x, https:\/\/i0.wp.com\/kohenavocats.com\/wp-content\/uploads\/2024\/11\/ave-calvar-ffCZpxDJSo-unsplash.webp?resize=700%2C400&ssl=1 2x, https:\/\/i0.wp.com\/kohenavocats.com\/wp-content\/uploads\/2024\/11\/ave-calvar-ffCZpxDJSo-unsplash.webp?resize=1050%2C600&ssl=1 3x, https:\/\/i0.wp.com\/kohenavocats.com\/wp-content\/uploads\/2024\/11\/ave-calvar-ffCZpxDJSo-unsplash.webp?resize=1400%2C800&ssl=1 4x"},"classes":[]},{"id":470918,"url":"https:\/\/kohenavocats.com\/zh-hans\/tribunal-judiciaire-de-boulogne-sur-mer-le-9-octobre-2025-n25-00336\/","url_meta":{"origin":666859,"position":1},"title":"Tribunal judiciaire de Boulogne-sur-Mer, le 9 octobre 2025, n\u00b025\/00336","author":"Kohen","date":"2026\u5e744\u67087\u65e5","format":false,"excerpt":"Le juge des contentieux de la protection, statuant\u2026","rel":"","context":"\u5728\u201cJurisprudence\u201d\u4e2d","block_context":{"text":"Jurisprudence","link":"https:\/\/kohenavocats.com\/category\/jurisprudence\/"},"img":{"alt_text":"","src":"https:\/\/i0.wp.com\/kohenavocats.com\/wp-content\/uploads\/2024\/08\/vlad-kutepov-utAMCFc1-SY-unsplash.webp?resize=350%2C200&ssl=1","width":350,"height":200,"srcset":"https:\/\/i0.wp.com\/kohenavocats.com\/wp-content\/uploads\/2024\/08\/vlad-kutepov-utAMCFc1-SY-unsplash.webp?resize=350%2C200&ssl=1 1x, https:\/\/i0.wp.com\/kohenavocats.com\/wp-content\/uploads\/2024\/08\/vlad-kutepov-utAMCFc1-SY-unsplash.webp?resize=525%2C300&ssl=1 1.5x, https:\/\/i0.wp.com\/kohenavocats.com\/wp-content\/uploads\/2024\/08\/vlad-kutepov-utAMCFc1-SY-unsplash.webp?resize=700%2C400&ssl=1 2x, https:\/\/i0.wp.com\/kohenavocats.com\/wp-content\/uploads\/2024\/08\/vlad-kutepov-utAMCFc1-SY-unsplash.webp?resize=1050%2C600&ssl=1 3x, https:\/\/i0.wp.com\/kohenavocats.com\/wp-content\/uploads\/2024\/08\/vlad-kutepov-utAMCFc1-SY-unsplash.webp?resize=1400%2C800&ssl=1 4x"},"classes":[]},{"id":489559,"url":"https:\/\/kohenavocats.com\/zh-hans\/tribunal-judiciaire-de-boulogne-sur-mer-le-20-novembre-2025-n25-01122\/","url_meta":{"origin":666859,"position":2},"title":"Tribunal judiciaire de Boulogne-sur-Mer, le 20 novembre 2025, n\u00b025\/01122","author":"Kohen","date":"2026\u5e744\u67088\u65e5","format":false,"excerpt":"Le juge des contentieux de la protection, statuant\u2026","rel":"","context":"\u5728\u201cJurisprudence\u201d\u4e2d","block_context":{"text":"Jurisprudence","link":"https:\/\/kohenavocats.com\/category\/jurisprudence\/"},"img":{"alt_text":"","src":"https:\/\/i0.wp.com\/kohenavocats.com\/wp-content\/uploads\/2024\/11\/ave-calvar-KfxfnO7EWX4-unsplash.webp?resize=350%2C200&ssl=1","width":350,"height":200,"srcset":"https:\/\/i0.wp.com\/kohenavocats.com\/wp-content\/uploads\/2024\/11\/ave-calvar-KfxfnO7EWX4-unsplash.webp?resize=350%2C200&ssl=1 1x, https:\/\/i0.wp.com\/kohenavocats.com\/wp-content\/uploads\/2024\/11\/ave-calvar-KfxfnO7EWX4-unsplash.webp?resize=525%2C300&ssl=1 1.5x, https:\/\/i0.wp.com\/kohenavocats.com\/wp-content\/uploads\/2024\/11\/ave-calvar-KfxfnO7EWX4-unsplash.webp?resize=700%2C400&ssl=1 2x, https:\/\/i0.wp.com\/kohenavocats.com\/wp-content\/uploads\/2024\/11\/ave-calvar-KfxfnO7EWX4-unsplash.webp?resize=1050%2C600&ssl=1 3x, https:\/\/i0.wp.com\/kohenavocats.com\/wp-content\/uploads\/2024\/11\/ave-calvar-KfxfnO7EWX4-unsplash.webp?resize=1400%2C800&ssl=1 4x"},"classes":[]},{"id":624077,"url":"https:\/\/kohenavocats.com\/zh-hans\/tribunal-judiciaire-de-boulogne-sur-mer-le-16-octobre-2025-n25-00707\/","url_meta":{"origin":666859,"position":3},"title":"Tribunal judiciaire de Boulogne-sur-Mer, le 16 octobre 2025, n\u00b025\/00707","author":"Kohen","date":"2026\u5e744\u670820\u65e5","format":false,"excerpt":"Le juge des contentieux de la protection, statuant\u2026","rel":"","context":"\u5728\u201cJurisprudence\u201d\u4e2d","block_context":{"text":"Jurisprudence","link":"https:\/\/kohenavocats.com\/category\/jurisprudence\/"},"img":{"alt_text":"","src":"https:\/\/i0.wp.com\/kohenavocats.com\/wp-content\/uploads\/2024\/11\/allison-saeng-D22VPXUIm0o-unsplash.webp?resize=350%2C200&ssl=1","width":350,"height":200,"srcset":"https:\/\/i0.wp.com\/kohenavocats.com\/wp-content\/uploads\/2024\/11\/allison-saeng-D22VPXUIm0o-unsplash.webp?resize=350%2C200&ssl=1 1x, https:\/\/i0.wp.com\/kohenavocats.com\/wp-content\/uploads\/2024\/11\/allison-saeng-D22VPXUIm0o-unsplash.webp?resize=525%2C300&ssl=1 1.5x, https:\/\/i0.wp.com\/kohenavocats.com\/wp-content\/uploads\/2024\/11\/allison-saeng-D22VPXUIm0o-unsplash.webp?resize=700%2C400&ssl=1 2x, https:\/\/i0.wp.com\/kohenavocats.com\/wp-content\/uploads\/2024\/11\/allison-saeng-D22VPXUIm0o-unsplash.webp?resize=1050%2C600&ssl=1 3x, https:\/\/i0.wp.com\/kohenavocats.com\/wp-content\/uploads\/2024\/11\/allison-saeng-D22VPXUIm0o-unsplash.webp?resize=1400%2C800&ssl=1 4x"},"classes":[]},{"id":477658,"url":"https:\/\/kohenavocats.com\/zh-hans\/tribunal-judiciaire-de-boulogne-sur-mer-le-4-decembre-2025-n25-00821\/","url_meta":{"origin":666859,"position":4},"title":"Tribunal judiciaire de Boulogne-sur-Mer, le 4 d\u00e9cembre 2025, n\u00b025\/00821","author":"Kohen","date":"2026\u5e744\u67087\u65e5","format":false,"excerpt":"Le juge des contentieux de la protection, statuant\u2026","rel":"","context":"\u5728\u201cJurisprudence\u201d\u4e2d","block_context":{"text":"Jurisprudence","link":"https:\/\/kohenavocats.com\/category\/jurisprudence\/"},"img":{"alt_text":"","src":"https:\/\/i0.wp.com\/kohenavocats.com\/wp-content\/uploads\/2024\/11\/planet-volumes-2RKetzja9-4-unsplash.webp?resize=350%2C200&ssl=1","width":350,"height":200,"srcset":"https:\/\/i0.wp.com\/kohenavocats.com\/wp-content\/uploads\/2024\/11\/planet-volumes-2RKetzja9-4-unsplash.webp?resize=350%2C200&ssl=1 1x, https:\/\/i0.wp.com\/kohenavocats.com\/wp-content\/uploads\/2024\/11\/planet-volumes-2RKetzja9-4-unsplash.webp?resize=525%2C300&ssl=1 1.5x, https:\/\/i0.wp.com\/kohenavocats.com\/wp-content\/uploads\/2024\/11\/planet-volumes-2RKetzja9-4-unsplash.webp?resize=700%2C400&ssl=1 2x, https:\/\/i0.wp.com\/kohenavocats.com\/wp-content\/uploads\/2024\/11\/planet-volumes-2RKetzja9-4-unsplash.webp?resize=1050%2C600&ssl=1 3x, https:\/\/i0.wp.com\/kohenavocats.com\/wp-content\/uploads\/2024\/11\/planet-volumes-2RKetzja9-4-unsplash.webp?resize=1400%2C800&ssl=1 4x"},"classes":[]},{"id":544508,"url":"https:\/\/kohenavocats.com\/zh-hans\/tribunal-judiciaire-de-boulogne-sur-mer-le-23-septembre-2025-n23-05886\/","url_meta":{"origin":666859,"position":5},"title":"Tribunal judiciaire de Boulogne-sur-Mer, le 23 septembre 2025, n\u00b023\/05886","author":"Kohen","date":"2026\u5e744\u67089\u65e5","format":false,"excerpt":"Le Tribunal judiciaire de Boulogne-sur-Mer, par ju\u2026","rel":"","context":"\u5728\u201cD\u00e9cisions juridiques\u201d\u4e2d","block_context":{"text":"D\u00e9cisions juridiques","link":"https:\/\/kohenavocats.com\/category\/decisions-juridiques\/"},"img":{"alt_text":"","src":"https:\/\/i0.wp.com\/kohenavocats.com\/wp-content\/uploads\/2024\/08\/42-north-fhO8zmW5Mpk-unsplash.webp?resize=350%2C200&ssl=1","width":350,"height":200,"srcset":"https:\/\/i0.wp.com\/kohenavocats.com\/wp-content\/uploads\/2024\/08\/42-north-fhO8zmW5Mpk-unsplash.webp?resize=350%2C200&ssl=1 1x, https:\/\/i0.wp.com\/kohenavocats.com\/wp-content\/uploads\/2024\/08\/42-north-fhO8zmW5Mpk-unsplash.webp?resize=525%2C300&ssl=1 1.5x, https:\/\/i0.wp.com\/kohenavocats.com\/wp-content\/uploads\/2024\/08\/42-north-fhO8zmW5Mpk-unsplash.webp?resize=700%2C400&ssl=1 2x, https:\/\/i0.wp.com\/kohenavocats.com\/wp-content\/uploads\/2024\/08\/42-north-fhO8zmW5Mpk-unsplash.webp?resize=1050%2C600&ssl=1 3x, https:\/\/i0.wp.com\/kohenavocats.com\/wp-content\/uploads\/2024\/08\/42-north-fhO8zmW5Mpk-unsplash.webp?resize=1400%2C800&ssl=1 4x"},"classes":[]}],"jetpack_sharing_enabled":true,"_links":{"self":[{"href":"https:\/\/kohenavocats.com\/zh-hans\/wp-json\/wp\/v2\/posts\/666859","targetHints":{"allow":["GET"]}}],"collection":[{"href":"https:\/\/kohenavocats.com\/zh-hans\/wp-json\/wp\/v2\/posts"}],"about":[{"href":"https:\/\/kohenavocats.com\/zh-hans\/wp-json\/wp\/v2\/types\/post"}],"author":[{"embeddable":true,"href":"https:\/\/kohenavocats.com\/zh-hans\/wp-json\/wp\/v2\/users\/232070755"}],"replies":[{"embeddable":true,"href":"https:\/\/kohenavocats.com\/zh-hans\/wp-json\/wp\/v2\/comments?post=666859"}],"version-history":[{"count":1,"href":"https:\/\/kohenavocats.com\/zh-hans\/wp-json\/wp\/v2\/posts\/666859\/revisions"}],"predecessor-version":[{"id":696653,"href":"https:\/\/kohenavocats.com\/zh-hans\/wp-json\/wp\/v2\/posts\/666859\/revisions\/696653"}],"wp:featuredmedia":[{"embeddable":true,"href":"https:\/\/kohenavocats.com\/zh-hans\/wp-json\/wp\/v2\/media\/9546"}],"wp:attachment":[{"href":"https:\/\/kohenavocats.com\/zh-hans\/wp-json\/wp\/v2\/media?parent=666859"}],"wp:term":[{"taxonomy":"category","embeddable":true,"href":"https:\/\/kohenavocats.com\/zh-hans\/wp-json\/wp\/v2\/categories?post=666859"},{"taxonomy":"post_tag","embeddable":true,"href":"https:\/\/kohenavocats.com\/zh-hans\/wp-json\/wp\/v2\/tags?post=666859"}],"curies":[{"name":"wp","href":"https:\/\/api.w.org\/{rel}","templated":true}]}}