{"id":666961,"date":"2026-04-24T02:31:47","date_gmt":"2026-04-24T00:31:47","guid":{"rendered":"https:\/\/kohenavocats.com\/cour-dappel-de-aix-en-provence-le-23-septembre-2025-n25-02522\/"},"modified":"2026-04-26T19:38:36","modified_gmt":"2026-04-26T17:38:36","slug":"cour-dappel-de-aix-en-provence-le-23-septembre-2025-n25-02522","status":"publish","type":"post","link":"https:\/\/kohenavocats.com\/zh-hans\/cour-dappel-de-aix-en-provence-le-23-septembre-2025-n25-02522\/","title":{"rendered":"Cour d&#8217;appel de Aix-en-Provence, le 23 septembre 2025, n\u00b025\/02522"},"content":{"rendered":"<div class=\"article-content\">\n<p>La cour d\u2019appel d\u2019Aix-en-Provence, statuant en tant que tribunal judiciaire de Nice, a rendu un jugement le 23 septembre 2025. Un d\u00e9biteur, dont la situation a \u00e9t\u00e9 d\u00e9clar\u00e9e recevable par la commission de surendettement, a contest\u00e9 le montant de deux cr\u00e9ances. Apr\u00e8s une proc\u00e9dure \u00e9crite, le juge des contentieux de la protection a fix\u00e9 le montant des cr\u00e9ances pour les besoins de la <a href=\"https:\/\/kohenavocats.fr\/elementor-60\/avocats-droit-affaires-paris\/avocat-procedures-collectives-paris\/\" target=\"_blank\" title=\"proc\u00e9dure collective\">proc\u00e9dure collective<\/a>.<\/p>\n<p>La recevabilit\u00e9 de la contestation des cr\u00e9ances<\/p>\n<p>La v\u00e9rification formelle de la demande. Le juge examine d\u2019abord le respect des conditions de recevabilit\u00e9 de la demande de v\u00e9rification. Le d\u00e9lai de vingt jours pour saisir le juge apr\u00e8s notification de l\u2019\u00e9tat du passif est imp\u00e9ratif. En l\u2019esp\u00e8ce, ce d\u00e9lai a \u00e9t\u00e9 scrupuleusement observ\u00e9 par le d\u00e9biteur. &#8220;La demande de v\u00e9rification de cr\u00e9ance a \u00e9t\u00e9 form\u00e9e par courrier recommand\u00e9 avec accus\u00e9 de r\u00e9ception adress\u00e9 \u00e0 la Banque de France post\u00e9 le 4 avril 2025, soit dans le d\u00e9lai de vingt jours apr\u00e8s notification de l\u2019\u00e9tat du passif&#8221; (Motifs). Cette solution confirme une jurisprudence constante sur le point de d\u00e9part du d\u00e9lai. Elle s\u00e9curise la proc\u00e9dure pour le d\u00e9biteur qui agit dans les temps.<\/p>\n<p>Le strict respect du principe du contradictoire. Le juge rappelle avec fermet\u00e9 les exigences proc\u00e9durales de l\u2019instance \u00e9crite. Les observations des parties doivent \u00eatre communiqu\u00e9es entre elles sous peine d\u2019irrecevabilit\u00e9. &#8220;Le principe du contradictoire impose qu\u2019il ne puisse \u00eatre tenu compte que des observations dont la preuve est rapport\u00e9e qu\u2019elles ont \u00e9t\u00e9 adress\u00e9es par lettre recommand\u00e9e avec accus\u00e9 de r\u00e9ception aux autres parties&#8221; (Motifs). Cette rigueur proc\u00e9durale garantit l\u2019\u00e9galit\u00e9 des armes dans un contentieux o\u00f9 les parties ne sont pas pr\u00e9sentes. Elle \u00e9vite toute surprise et fonde la d\u00e9cision sur un d\u00e9bat loyal.<\/p>\n<p>La fixation du montant des cr\u00e9ances contest\u00e9es<\/p>\n<p>L\u2019inopposabilit\u00e9 aux cr\u00e9anciers des accords entre cod\u00e9biteurs. Le premier point concerne un pr\u00eat immobilier souscrit en commun. Le d\u00e9biteur invoquait un accord de s\u00e9paration pour ne devoir que la moiti\u00e9 de la dette. Le juge \u00e9carte cet argument au regard du droit des obligations. &#8220;Cette d\u00e9cision ne vaut qu\u2019entre les \u00e9poux, et n\u2019est pas opposable aux cr\u00e9anciers qui conservent deux d\u00e9biteurs&#8221; (Motifs). La solution rappelle le principe de l\u2019inopposabilit\u00e9 des conventions aux tiers et la force du lien de solidarit\u00e9. Elle prot\u00e8ge les droits du cr\u00e9ancier, qui peut r\u00e9clamer la totalit\u00e9 de la dette \u00e0 l\u2019un ou l\u2019autre des cod\u00e9biteurs.<\/p>\n<p>La prise en compte des \u00e9l\u00e9ments produits par les parties. Pour chaque cr\u00e9ance, le juge proc\u00e8de \u00e0 une v\u00e9rification concr\u00e8te sur la base des justificatifs. Concernant le pr\u00eat, il retient le montant actualis\u00e9 communiqu\u00e9 par l\u2019\u00e9tablissement pr\u00eateur. &#8220;En tout \u00e9tat de cause, la cr\u00e9ance de la Caisse d&#8217;Epargne C\u00f4te d&#8217;Azur sera fix\u00e9e \u00e0 la somme de 225532,14 euros&#8221; (Motifs). Pour la seconde cr\u00e9ance, le d\u00e9biteur ayant prouv\u00e9 le paiement, elle est fix\u00e9e \u00e0 z\u00e9ro. Cette approche pragmatique permet d\u2019\u00e9tablir un passif certain pour la suite de la proc\u00e9dure. Elle illustre le pouvoir du juge de v\u00e9rifier et de fixer le montant des cr\u00e9ances contest\u00e9es.<\/p>\n<\/div>\n","protected":false},"excerpt":{"rendered":"<p>La cour d\u2019appel d\u2019Aix-en-Provence, statuant en tant que tribunal judiciaire de Nice, a rendu un jugement le 23 septembre 2025. Un d\u00e9biteur, dont la situation&#8230;<\/p>\n","protected":false},"author":232070755,"featured_media":9606,"comment_status":"open","ping_status":"open","sticky":false,"template":"","format":"standard","meta":{"_crdt_document":"","_jetpack_newsletter_access":"","_jetpack_dont_email_post_to_subs":false,"_jetpack_newsletter_tier_id":0,"_jetpack_memberships_contains_paywalled_content":false,"_kj_source_type":"judilibre","_kj_official_id":"68d447eb6a4025c174c466d4","_kj_official_url":"https:\/\/www.courdecassation.fr\/decision\/68d447eb6a4025c174c466d4","_kj_judilibre_id":"68d447eb6a4025c174c466d4","_kj_jur":"Tribunal judiciaire","_kj_lieu":"Tribunal judiciaire de Nice","_kj_chambre":"Service de proximit\u00e9","_kj_rg":"25\/02522","_kj_date":"2025-09-23","_jetpack_memberships_contains_paid_content":false,"footnotes":"","jetpack_post_was_ever_published":false},"categories":[6708,7597,6364,6991],"tags":[],"class_list":["post-666961","post","type-post","status-publish","format-standard","has-post-thumbnail","hentry","category-droit-penal","category-jurisprudence","category-penal","category-penal-2"],"yoast_head":"<!-- This site is optimized with the Yoast SEO Premium plugin v27.5 (Yoast SEO v27.5) - https:\/\/yoast.com\/product\/yoast-seo-premium-wordpress\/ -->\n<title>Cour d&#039;appel de Aix-en-Provence, le 23 septembre 2025, n\u00b025\/02522 - Ma\u00eetre Hassan Kohen, avocat en droit p\u00e9nal \u00e0 Paris<\/title>\n<meta name=\"description\" content=\"La cour d\u2019appel d\u2019Aix-en-Provence, statuant en tant que tribunal judiciaire de Nice, a rendu un jugement le 23 septembre 2025. Un d\u00e9biteur, dont la situation...\" \/>\n<meta name=\"robots\" content=\"index, follow, max-snippet:-1, max-image-preview:large, max-video-preview:-1\" \/>\n<link rel=\"canonical\" href=\"https:\/\/kohenavocats.com\/zh-hans\/cour-dappel-de-aix-en-provence-le-23-septembre-2025-n25-02522\/\" \/>\n<meta property=\"og:locale\" content=\"zh_CN\" \/>\n<meta property=\"og:type\" content=\"article\" \/>\n<meta property=\"og:title\" content=\"Cour d&#039;appel de Aix-en-Provence, le 23 septembre 2025, n\u00b025\/02522\" \/>\n<meta property=\"og:description\" content=\"La cour d\u2019appel d\u2019Aix-en-Provence, statuant en tant que tribunal judiciaire de Nice, a rendu un jugement le 23 septembre 2025. Un d\u00e9biteur, dont la situation...\" \/>\n<meta property=\"og:url\" content=\"https:\/\/kohenavocats.com\/zh-hans\/cour-dappel-de-aix-en-provence-le-23-septembre-2025-n25-02522\/\" \/>\n<meta property=\"og:site_name\" content=\"Ma\u00eetre Hassan Kohen, avocat en droit p\u00e9nal \u00e0 Paris\" \/>\n<meta property=\"article:published_time\" content=\"2026-04-24T00:31:47+00:00\" \/>\n<meta property=\"article:modified_time\" content=\"2026-04-26T17:38:36+00:00\" \/>\n<meta property=\"og:image\" content=\"https:\/\/kohenavocats.com\/wp-content\/uploads\/2024\/11\/mohamed-nohassi-MOSPzdLFYyU-unsplash.webp\" \/>\n\t<meta property=\"og:image:width\" content=\"4000\" \/>\n\t<meta property=\"og:image:height\" content=\"6427\" \/>\n\t<meta property=\"og:image:type\" content=\"image\/webp\" \/>\n<meta name=\"author\" content=\"Kohen\" \/>\n<meta name=\"twitter:card\" content=\"summary_large_image\" \/>\n<meta name=\"twitter:label1\" content=\"\u4f5c\u8005\" \/>\n\t<meta name=\"twitter:data1\" content=\"Kohen\" \/>\n\t<meta name=\"twitter:label2\" content=\"\u9884\u8ba1\u9605\u8bfb\u65f6\u95f4\" \/>\n\t<meta name=\"twitter:data2\" content=\"3 \u5206\" \/>\n<script type=\"application\/ld+json\" class=\"yoast-schema-graph\">{\"@context\":\"https:\\\/\\\/schema.org\",\"@graph\":[{\"@type\":\"Article\",\"@id\":\"https:\\\/\\\/kohenavocats.com\\\/zh-hans\\\/cour-dappel-de-aix-en-provence-le-23-septembre-2025-n25-02522\\\/#article\",\"isPartOf\":{\"@id\":\"https:\\\/\\\/kohenavocats.com\\\/zh-hans\\\/cour-dappel-de-aix-en-provence-le-23-septembre-2025-n25-02522\\\/\"},\"author\":{\"name\":\"Kohen\",\"@id\":\"https:\\\/\\\/kohenavocats.com\\\/zh-hans\\\/#\\\/schema\\\/person\\\/761c9ba54fa1ca84d405cef0831ff751\"},\"headline\":\"Cour d&#8217;appel de Aix-en-Provence, le 23 septembre 2025, n\u00b025\\\/02522\",\"datePublished\":\"2026-04-24T00:31:47+00:00\",\"dateModified\":\"2026-04-26T17:38:36+00:00\",\"mainEntityOfPage\":{\"@id\":\"https:\\\/\\\/kohenavocats.com\\\/zh-hans\\\/cour-dappel-de-aix-en-provence-le-23-septembre-2025-n25-02522\\\/\"},\"wordCount\":580,\"commentCount\":0,\"publisher\":{\"@id\":\"https:\\\/\\\/kohenavocats.com\\\/zh-hans\\\/#organization\"},\"image\":{\"@id\":\"https:\\\/\\\/kohenavocats.com\\\/zh-hans\\\/cour-dappel-de-aix-en-provence-le-23-septembre-2025-n25-02522\\\/#primaryimage\"},\"thumbnailUrl\":\"https:\\\/\\\/kohenavocats.com\\\/wp-content\\\/uploads\\\/2024\\\/11\\\/mohamed-nohassi-MOSPzdLFYyU-unsplash.webp\",\"articleSection\":[\"Droit P\u00e9nal\",\"Jurisprudence\",\"P\u00e9nal\",\"Penal\"],\"inLanguage\":\"zh-Hans\",\"potentialAction\":[{\"@type\":\"CommentAction\",\"name\":\"Comment\",\"target\":[\"https:\\\/\\\/kohenavocats.com\\\/zh-hans\\\/cour-dappel-de-aix-en-provence-le-23-septembre-2025-n25-02522\\\/#respond\"]}],\"citation\":\"Cour d&#8217;appel de Aix-en-Provence, le 23 septembre 2025, n\u00b025\\\/02522\",\"about\":[{\"@type\":\"Thing\",\"name\":\"Droit P\u00e9nal\"},{\"@type\":\"Thing\",\"name\":\"Jurisprudence\"},{\"@type\":\"Thing\",\"name\":\"P\u00e9nal\"},{\"@type\":\"Thing\",\"name\":\"Penal\"}],\"speakable\":{\"@type\":\"SpeakableSpecification\",\"cssSelector\":[\".article-content > p:first-of-type\"]}},{\"@type\":\"WebPage\",\"@id\":\"https:\\\/\\\/kohenavocats.com\\\/zh-hans\\\/cour-dappel-de-aix-en-provence-le-23-septembre-2025-n25-02522\\\/\",\"url\":\"https:\\\/\\\/kohenavocats.com\\\/zh-hans\\\/cour-dappel-de-aix-en-provence-le-23-septembre-2025-n25-02522\\\/\",\"name\":\"Cour d'appel de Aix-en-Provence, le 23 septembre 2025, n\u00b025\\\/02522 - Ma\u00eetre Hassan Kohen, avocat en droit p\u00e9nal \u00e0 Paris\",\"isPartOf\":{\"@id\":\"https:\\\/\\\/kohenavocats.com\\\/zh-hans\\\/#website\"},\"primaryImageOfPage\":{\"@id\":\"https:\\\/\\\/kohenavocats.com\\\/zh-hans\\\/cour-dappel-de-aix-en-provence-le-23-septembre-2025-n25-02522\\\/#primaryimage\"},\"image\":{\"@id\":\"https:\\\/\\\/kohenavocats.com\\\/zh-hans\\\/cour-dappel-de-aix-en-provence-le-23-septembre-2025-n25-02522\\\/#primaryimage\"},\"thumbnailUrl\":\"https:\\\/\\\/kohenavocats.com\\\/wp-content\\\/uploads\\\/2024\\\/11\\\/mohamed-nohassi-MOSPzdLFYyU-unsplash.webp\",\"datePublished\":\"2026-04-24T00:31:47+00:00\",\"dateModified\":\"2026-04-26T17:38:36+00:00\",\"description\":\"La cour d\u2019appel d\u2019Aix-en-Provence, statuant en tant que tribunal judiciaire de Nice, a rendu un jugement le 23 septembre 2025. Un d\u00e9biteur, dont la situation...\",\"breadcrumb\":{\"@id\":\"https:\\\/\\\/kohenavocats.com\\\/zh-hans\\\/cour-dappel-de-aix-en-provence-le-23-septembre-2025-n25-02522\\\/#breadcrumb\"},\"inLanguage\":\"zh-Hans\",\"potentialAction\":[{\"@type\":\"ReadAction\",\"target\":[\"https:\\\/\\\/kohenavocats.com\\\/zh-hans\\\/cour-dappel-de-aix-en-provence-le-23-septembre-2025-n25-02522\\\/\"]}]},{\"@type\":\"ImageObject\",\"inLanguage\":\"zh-Hans\",\"@id\":\"https:\\\/\\\/kohenavocats.com\\\/zh-hans\\\/cour-dappel-de-aix-en-provence-le-23-septembre-2025-n25-02522\\\/#primaryimage\",\"url\":\"https:\\\/\\\/kohenavocats.com\\\/wp-content\\\/uploads\\\/2024\\\/11\\\/mohamed-nohassi-MOSPzdLFYyU-unsplash.webp\",\"contentUrl\":\"https:\\\/\\\/kohenavocats.com\\\/wp-content\\\/uploads\\\/2024\\\/11\\\/mohamed-nohassi-MOSPzdLFYyU-unsplash.webp\",\"width\":4000,\"height\":6427},{\"@type\":\"BreadcrumbList\",\"@id\":\"https:\\\/\\\/kohenavocats.com\\\/zh-hans\\\/cour-dappel-de-aix-en-provence-le-23-septembre-2025-n25-02522\\\/#breadcrumb\",\"itemListElement\":[{\"@type\":\"ListItem\",\"position\":1,\"name\":\"Home\",\"item\":\"https:\\\/\\\/kohenavocats.com\\\/zh-hans\\\/\"},{\"@type\":\"ListItem\",\"position\":2,\"name\":\"Cour d&rsquo;appel de Aix-en-Provence, le 23 septembre 2025, n\u00b025\\\/02522\"}]},{\"@type\":\"WebSite\",\"@id\":\"https:\\\/\\\/kohenavocats.com\\\/zh-hans\\\/#website\",\"url\":\"https:\\\/\\\/kohenavocats.com\\\/zh-hans\\\/\",\"name\":\"Kohen Avocats\",\"description\":\"Ma\u00eetre Hassan Kohen, avocat p\u00e9naliste \u00e0 Paris, intervient exclusivement en droit p\u00e9nal pour la d\u00e9fense des particuliers, notamment en mati\u00e8re d\u2019accusations de viol. Il assure un accompagnement rigoureux d\u00e8s la garde \u00e0 vue jusqu\u2019\u00e0 la Cour d\u2019assises, veillant au strict respect des garanties proc\u00e9durales.\",\"publisher\":{\"@id\":\"https:\\\/\\\/kohenavocats.com\\\/zh-hans\\\/#organization\"},\"potentialAction\":[{\"@type\":\"SearchAction\",\"target\":{\"@type\":\"EntryPoint\",\"urlTemplate\":\"https:\\\/\\\/kohenavocats.com\\\/zh-hans\\\/?s={search_term_string}\"},\"query-input\":{\"@type\":\"PropertyValueSpecification\",\"valueRequired\":true,\"valueName\":\"search_term_string\"}}],\"inLanguage\":\"zh-Hans\"},{\"@type\":\"Organization\",\"@id\":\"https:\\\/\\\/kohenavocats.com\\\/zh-hans\\\/#organization\",\"name\":\"Kohen Avocats\",\"url\":\"https:\\\/\\\/kohenavocats.com\\\/zh-hans\\\/\",\"logo\":{\"@type\":\"ImageObject\",\"inLanguage\":\"zh-Hans\",\"@id\":\"https:\\\/\\\/kohenavocats.com\\\/zh-hans\\\/#\\\/schema\\\/logo\\\/image\\\/\",\"url\":\"https:\\\/\\\/kohenavocats.com\\\/wp-content\\\/uploads\\\/2026\\\/01\\\/Logo-2-1.webp\",\"contentUrl\":\"https:\\\/\\\/kohenavocats.com\\\/wp-content\\\/uploads\\\/2026\\\/01\\\/Logo-2-1.webp\",\"width\":2114,\"height\":1253,\"caption\":\"Kohen Avocats\"},\"image\":{\"@id\":\"https:\\\/\\\/kohenavocats.com\\\/zh-hans\\\/#\\\/schema\\\/logo\\\/image\\\/\"}},{\"@type\":\"Person\",\"@id\":\"https:\\\/\\\/kohenavocats.com\\\/zh-hans\\\/#\\\/schema\\\/person\\\/761c9ba54fa1ca84d405cef0831ff751\",\"name\":\"Kohen\",\"image\":{\"@type\":\"ImageObject\",\"inLanguage\":\"zh-Hans\",\"@id\":\"https:\\\/\\\/secure.gravatar.com\\\/avatar\\\/1c5e76ef76bbbfdd2b4da984e2bf2fa4056fd51a27d25ce2c332047f1dfd6e00?s=96&d=identicon&r=g\",\"url\":\"https:\\\/\\\/secure.gravatar.com\\\/avatar\\\/1c5e76ef76bbbfdd2b4da984e2bf2fa4056fd51a27d25ce2c332047f1dfd6e00?s=96&d=identicon&r=g\",\"contentUrl\":\"https:\\\/\\\/secure.gravatar.com\\\/avatar\\\/1c5e76ef76bbbfdd2b4da984e2bf2fa4056fd51a27d25ce2c332047f1dfd6e00?s=96&d=identicon&r=g\",\"caption\":\"Kohen\"},\"sameAs\":[\"https:\\\/\\\/www.linkedin.com\\\/in\\\/hassan-kohen-448548192\\\/\",\"https:\\\/\\\/www.youtube.com\\\/@Kohen-Avocats\"],\"url\":\"https:\\\/\\\/kohenavocats.com\\\/zh-hans\\\/author\\\/kohenmlk\\\/\"}]}<\/script>\n<!-- \/ Yoast SEO Premium plugin. -->","yoast_head_json":{"title":"Cour d'appel de Aix-en-Provence, le 23 septembre 2025, n\u00b025\/02522 - Ma\u00eetre Hassan Kohen, avocat en droit p\u00e9nal \u00e0 Paris","description":"La cour d\u2019appel d\u2019Aix-en-Provence, statuant en tant que tribunal judiciaire de Nice, a rendu un jugement le 23 septembre 2025. Un d\u00e9biteur, dont la situation...","robots":{"index":"index","follow":"follow","max-snippet":"max-snippet:-1","max-image-preview":"max-image-preview:large","max-video-preview":"max-video-preview:-1"},"canonical":"https:\/\/kohenavocats.com\/zh-hans\/cour-dappel-de-aix-en-provence-le-23-septembre-2025-n25-02522\/","og_locale":"zh_CN","og_type":"article","og_title":"Cour d'appel de Aix-en-Provence, le 23 septembre 2025, n\u00b025\/02522","og_description":"La cour d\u2019appel d\u2019Aix-en-Provence, statuant en tant que tribunal judiciaire de Nice, a rendu un jugement le 23 septembre 2025. Un d\u00e9biteur, dont la situation...","og_url":"https:\/\/kohenavocats.com\/zh-hans\/cour-dappel-de-aix-en-provence-le-23-septembre-2025-n25-02522\/","og_site_name":"Ma\u00eetre Hassan Kohen, avocat en droit p\u00e9nal \u00e0 Paris","article_published_time":"2026-04-24T00:31:47+00:00","article_modified_time":"2026-04-26T17:38:36+00:00","og_image":[{"width":4000,"height":6427,"url":"https:\/\/kohenavocats.com\/wp-content\/uploads\/2024\/11\/mohamed-nohassi-MOSPzdLFYyU-unsplash.webp","type":"image\/webp"}],"author":"Kohen","twitter_card":"summary_large_image","twitter_misc":{"\u4f5c\u8005":"Kohen","\u9884\u8ba1\u9605\u8bfb\u65f6\u95f4":"3 \u5206"},"schema":{"@context":"https:\/\/schema.org","@graph":[{"@type":"Article","@id":"https:\/\/kohenavocats.com\/zh-hans\/cour-dappel-de-aix-en-provence-le-23-septembre-2025-n25-02522\/#article","isPartOf":{"@id":"https:\/\/kohenavocats.com\/zh-hans\/cour-dappel-de-aix-en-provence-le-23-septembre-2025-n25-02522\/"},"author":{"name":"Kohen","@id":"https:\/\/kohenavocats.com\/zh-hans\/#\/schema\/person\/761c9ba54fa1ca84d405cef0831ff751"},"headline":"Cour d&#8217;appel de Aix-en-Provence, le 23 septembre 2025, n\u00b025\/02522","datePublished":"2026-04-24T00:31:47+00:00","dateModified":"2026-04-26T17:38:36+00:00","mainEntityOfPage":{"@id":"https:\/\/kohenavocats.com\/zh-hans\/cour-dappel-de-aix-en-provence-le-23-septembre-2025-n25-02522\/"},"wordCount":580,"commentCount":0,"publisher":{"@id":"https:\/\/kohenavocats.com\/zh-hans\/#organization"},"image":{"@id":"https:\/\/kohenavocats.com\/zh-hans\/cour-dappel-de-aix-en-provence-le-23-septembre-2025-n25-02522\/#primaryimage"},"thumbnailUrl":"https:\/\/kohenavocats.com\/wp-content\/uploads\/2024\/11\/mohamed-nohassi-MOSPzdLFYyU-unsplash.webp","articleSection":["Droit P\u00e9nal","Jurisprudence","P\u00e9nal","Penal"],"inLanguage":"zh-Hans","potentialAction":[{"@type":"CommentAction","name":"Comment","target":["https:\/\/kohenavocats.com\/zh-hans\/cour-dappel-de-aix-en-provence-le-23-septembre-2025-n25-02522\/#respond"]}],"citation":"Cour d&#8217;appel de Aix-en-Provence, le 23 septembre 2025, n\u00b025\/02522","about":[{"@type":"Thing","name":"Droit P\u00e9nal"},{"@type":"Thing","name":"Jurisprudence"},{"@type":"Thing","name":"P\u00e9nal"},{"@type":"Thing","name":"Penal"}],"speakable":{"@type":"SpeakableSpecification","cssSelector":[".article-content > p:first-of-type"]}},{"@type":"WebPage","@id":"https:\/\/kohenavocats.com\/zh-hans\/cour-dappel-de-aix-en-provence-le-23-septembre-2025-n25-02522\/","url":"https:\/\/kohenavocats.com\/zh-hans\/cour-dappel-de-aix-en-provence-le-23-septembre-2025-n25-02522\/","name":"Cour d'appel de Aix-en-Provence, le 23 septembre 2025, n\u00b025\/02522 - Ma\u00eetre Hassan Kohen, avocat en droit p\u00e9nal \u00e0 Paris","isPartOf":{"@id":"https:\/\/kohenavocats.com\/zh-hans\/#website"},"primaryImageOfPage":{"@id":"https:\/\/kohenavocats.com\/zh-hans\/cour-dappel-de-aix-en-provence-le-23-septembre-2025-n25-02522\/#primaryimage"},"image":{"@id":"https:\/\/kohenavocats.com\/zh-hans\/cour-dappel-de-aix-en-provence-le-23-septembre-2025-n25-02522\/#primaryimage"},"thumbnailUrl":"https:\/\/kohenavocats.com\/wp-content\/uploads\/2024\/11\/mohamed-nohassi-MOSPzdLFYyU-unsplash.webp","datePublished":"2026-04-24T00:31:47+00:00","dateModified":"2026-04-26T17:38:36+00:00","description":"La cour d\u2019appel d\u2019Aix-en-Provence, statuant en tant que tribunal judiciaire de Nice, a rendu un jugement le 23 septembre 2025. Un d\u00e9biteur, dont la situation...","breadcrumb":{"@id":"https:\/\/kohenavocats.com\/zh-hans\/cour-dappel-de-aix-en-provence-le-23-septembre-2025-n25-02522\/#breadcrumb"},"inLanguage":"zh-Hans","potentialAction":[{"@type":"ReadAction","target":["https:\/\/kohenavocats.com\/zh-hans\/cour-dappel-de-aix-en-provence-le-23-septembre-2025-n25-02522\/"]}]},{"@type":"ImageObject","inLanguage":"zh-Hans","@id":"https:\/\/kohenavocats.com\/zh-hans\/cour-dappel-de-aix-en-provence-le-23-septembre-2025-n25-02522\/#primaryimage","url":"https:\/\/kohenavocats.com\/wp-content\/uploads\/2024\/11\/mohamed-nohassi-MOSPzdLFYyU-unsplash.webp","contentUrl":"https:\/\/kohenavocats.com\/wp-content\/uploads\/2024\/11\/mohamed-nohassi-MOSPzdLFYyU-unsplash.webp","width":4000,"height":6427},{"@type":"BreadcrumbList","@id":"https:\/\/kohenavocats.com\/zh-hans\/cour-dappel-de-aix-en-provence-le-23-septembre-2025-n25-02522\/#breadcrumb","itemListElement":[{"@type":"ListItem","position":1,"name":"Home","item":"https:\/\/kohenavocats.com\/zh-hans\/"},{"@type":"ListItem","position":2,"name":"Cour d&rsquo;appel de Aix-en-Provence, le 23 septembre 2025, n\u00b025\/02522"}]},{"@type":"WebSite","@id":"https:\/\/kohenavocats.com\/zh-hans\/#website","url":"https:\/\/kohenavocats.com\/zh-hans\/","name":"Kohen Avocats","description":"Ma\u00eetre Hassan Kohen, avocat p\u00e9naliste \u00e0 Paris, intervient exclusivement en droit p\u00e9nal pour la d\u00e9fense des particuliers, notamment en mati\u00e8re d\u2019accusations de viol. Il assure un accompagnement rigoureux d\u00e8s la garde \u00e0 vue jusqu\u2019\u00e0 la Cour d\u2019assises, veillant au strict respect des garanties proc\u00e9durales.","publisher":{"@id":"https:\/\/kohenavocats.com\/zh-hans\/#organization"},"potentialAction":[{"@type":"SearchAction","target":{"@type":"EntryPoint","urlTemplate":"https:\/\/kohenavocats.com\/zh-hans\/?s={search_term_string}"},"query-input":{"@type":"PropertyValueSpecification","valueRequired":true,"valueName":"search_term_string"}}],"inLanguage":"zh-Hans"},{"@type":"Organization","@id":"https:\/\/kohenavocats.com\/zh-hans\/#organization","name":"Kohen Avocats","url":"https:\/\/kohenavocats.com\/zh-hans\/","logo":{"@type":"ImageObject","inLanguage":"zh-Hans","@id":"https:\/\/kohenavocats.com\/zh-hans\/#\/schema\/logo\/image\/","url":"https:\/\/kohenavocats.com\/wp-content\/uploads\/2026\/01\/Logo-2-1.webp","contentUrl":"https:\/\/kohenavocats.com\/wp-content\/uploads\/2026\/01\/Logo-2-1.webp","width":2114,"height":1253,"caption":"Kohen Avocats"},"image":{"@id":"https:\/\/kohenavocats.com\/zh-hans\/#\/schema\/logo\/image\/"}},{"@type":"Person","@id":"https:\/\/kohenavocats.com\/zh-hans\/#\/schema\/person\/761c9ba54fa1ca84d405cef0831ff751","name":"Kohen","image":{"@type":"ImageObject","inLanguage":"zh-Hans","@id":"https:\/\/secure.gravatar.com\/avatar\/1c5e76ef76bbbfdd2b4da984e2bf2fa4056fd51a27d25ce2c332047f1dfd6e00?s=96&d=identicon&r=g","url":"https:\/\/secure.gravatar.com\/avatar\/1c5e76ef76bbbfdd2b4da984e2bf2fa4056fd51a27d25ce2c332047f1dfd6e00?s=96&d=identicon&r=g","contentUrl":"https:\/\/secure.gravatar.com\/avatar\/1c5e76ef76bbbfdd2b4da984e2bf2fa4056fd51a27d25ce2c332047f1dfd6e00?s=96&d=identicon&r=g","caption":"Kohen"},"sameAs":["https:\/\/www.linkedin.com\/in\/hassan-kohen-448548192\/","https:\/\/www.youtube.com\/@Kohen-Avocats"],"url":"https:\/\/kohenavocats.com\/zh-hans\/author\/kohenmlk\/"}]}},"jetpack_featured_media_url":"https:\/\/kohenavocats.com\/wp-content\/uploads\/2024\/11\/mohamed-nohassi-MOSPzdLFYyU-unsplash.webp","jetpack_likes_enabled":false,"jetpack_shortlink":"https:\/\/wp.me\/peCrII-2Nvr","jetpack-related-posts":[{"id":667209,"url":"https:\/\/kohenavocats.com\/zh-hans\/cour-dappel-de-aix-en-provence-le-23-septembre-2025-n25-00502\/","url_meta":{"origin":666961,"position":0},"title":"Cour d&#8217;appel de Aix-en-Provence, le 23 septembre 2025, n\u00b025\/00502","author":"Kohen","date":"2026\u5e744\u670824\u65e5","format":false,"excerpt":"La cour d\u2019appel d\u2019Aix-en-Provence, statuant en jug\u2026","rel":"","context":"\u5728\u201cImmobilier\u201d\u4e2d","block_context":{"text":"Immobilier","link":"https:\/\/kohenavocats.com\/category\/immobilier\/"},"img":{"alt_text":"","src":"https:\/\/i0.wp.com\/kohenavocats.com\/wp-content\/uploads\/2024\/11\/pawel-czerwinski-CON_Cr7rdMg-unsplash.webp?resize=350%2C200&ssl=1","width":350,"height":200,"srcset":"https:\/\/i0.wp.com\/kohenavocats.com\/wp-content\/uploads\/2024\/11\/pawel-czerwinski-CON_Cr7rdMg-unsplash.webp?resize=350%2C200&ssl=1 1x, https:\/\/i0.wp.com\/kohenavocats.com\/wp-content\/uploads\/2024\/11\/pawel-czerwinski-CON_Cr7rdMg-unsplash.webp?resize=525%2C300&ssl=1 1.5x, https:\/\/i0.wp.com\/kohenavocats.com\/wp-content\/uploads\/2024\/11\/pawel-czerwinski-CON_Cr7rdMg-unsplash.webp?resize=700%2C400&ssl=1 2x, https:\/\/i0.wp.com\/kohenavocats.com\/wp-content\/uploads\/2024\/11\/pawel-czerwinski-CON_Cr7rdMg-unsplash.webp?resize=1050%2C600&ssl=1 3x, https:\/\/i0.wp.com\/kohenavocats.com\/wp-content\/uploads\/2024\/11\/pawel-czerwinski-CON_Cr7rdMg-unsplash.webp?resize=1400%2C800&ssl=1 4x"},"classes":[]},{"id":656145,"url":"https:\/\/kohenavocats.com\/zh-hans\/cour-dappel-de-aix-en-provence-le-30-septembre-2025-n25-00816\/","url_meta":{"origin":666961,"position":1},"title":"Cour d&#8217;appel de Aix-en-Provence, le 30 septembre 2025, n\u00b025\/00816","author":"Kohen","date":"2026\u5e744\u670823\u65e5","format":false,"excerpt":"La cour d\u2019appel d\u2019Aix-en-Provence, statuant en for\u2026","rel":"","context":"\u5728\u201cJurisprudence\u201d\u4e2d","block_context":{"text":"Jurisprudence","link":"https:\/\/kohenavocats.com\/category\/jurisprudence\/"},"img":{"alt_text":"","src":"https:\/\/i0.wp.com\/kohenavocats.com\/wp-content\/uploads\/2024\/08\/jacob-diehl-P_iWOHWnawg-unsplash.webp?resize=350%2C200&ssl=1","width":350,"height":200,"srcset":"https:\/\/i0.wp.com\/kohenavocats.com\/wp-content\/uploads\/2024\/08\/jacob-diehl-P_iWOHWnawg-unsplash.webp?resize=350%2C200&ssl=1 1x, https:\/\/i0.wp.com\/kohenavocats.com\/wp-content\/uploads\/2024\/08\/jacob-diehl-P_iWOHWnawg-unsplash.webp?resize=525%2C300&ssl=1 1.5x, https:\/\/i0.wp.com\/kohenavocats.com\/wp-content\/uploads\/2024\/08\/jacob-diehl-P_iWOHWnawg-unsplash.webp?resize=700%2C400&ssl=1 2x, https:\/\/i0.wp.com\/kohenavocats.com\/wp-content\/uploads\/2024\/08\/jacob-diehl-P_iWOHWnawg-unsplash.webp?resize=1050%2C600&ssl=1 3x, https:\/\/i0.wp.com\/kohenavocats.com\/wp-content\/uploads\/2024\/08\/jacob-diehl-P_iWOHWnawg-unsplash.webp?resize=1400%2C800&ssl=1 4x"},"classes":[]},{"id":51059,"url":"https:\/\/kohenavocats.com\/zh-hans\/cour-dappel-de-aix-en-provence-le-9-septembre-2025-n24-06508\/","url_meta":{"origin":666961,"position":2},"title":"Cour d&#8217;appel de Aix-en-Provence, le 9 septembre 2025, n\u00b024\/06508","author":"Kohen","date":"2025\u5e7411\u67088\u65e5","format":false,"excerpt":"Rendue par la Cour d\u2019appel d\u2019Aix-en-Provence le 9 \u2026","rel":"","context":"\u5728\u201c6917\u201d\u4e2d","block_context":{"text":"6917","link":"https:\/\/kohenavocats.com\/category\/6917\/"},"img":{"alt_text":"","src":"https:\/\/i0.wp.com\/kohenavocats.com\/wp-content\/uploads\/2024\/06\/giammarco-boscaro-OPzWvgL-upY-unsplash.jpg?resize=350%2C200&ssl=1","width":350,"height":200,"srcset":"https:\/\/i0.wp.com\/kohenavocats.com\/wp-content\/uploads\/2024\/06\/giammarco-boscaro-OPzWvgL-upY-unsplash.jpg?resize=350%2C200&ssl=1 1x, https:\/\/i0.wp.com\/kohenavocats.com\/wp-content\/uploads\/2024\/06\/giammarco-boscaro-OPzWvgL-upY-unsplash.jpg?resize=525%2C300&ssl=1 1.5x, https:\/\/i0.wp.com\/kohenavocats.com\/wp-content\/uploads\/2024\/06\/giammarco-boscaro-OPzWvgL-upY-unsplash.jpg?resize=700%2C400&ssl=1 2x, https:\/\/i0.wp.com\/kohenavocats.com\/wp-content\/uploads\/2024\/06\/giammarco-boscaro-OPzWvgL-upY-unsplash.jpg?resize=1050%2C600&ssl=1 3x, https:\/\/i0.wp.com\/kohenavocats.com\/wp-content\/uploads\/2024\/06\/giammarco-boscaro-OPzWvgL-upY-unsplash.jpg?resize=1400%2C800&ssl=1 4x"},"classes":[]},{"id":74793,"url":"https:\/\/kohenavocats.com\/zh-hans\/tribunal-judiciaire-de-toulon-le-13-juin-2025-n25-01657\/","url_meta":{"origin":666961,"position":3},"title":"Tribunal judiciaire de Toulon, le 13 juin 2025, n\u00b025\/01657","author":"Kohen","date":"2025\u5e7411\u67089\u65e5","format":false,"excerpt":"Le Tribunal judiciaire de Toulon, 13 juin 2025, st\u2026","rel":"","context":"\u5728\u201cD\u00e9cisions juridiques\u201d\u4e2d","block_context":{"text":"D\u00e9cisions juridiques","link":"https:\/\/kohenavocats.com\/category\/decisions-juridiques\/"},"img":{"alt_text":"","src":"https:\/\/i0.wp.com\/kohenavocats.com\/wp-content\/uploads\/2024\/11\/getty-images-_oX4l6NGtI-unsplash.webp?resize=350%2C200&ssl=1","width":350,"height":200,"srcset":"https:\/\/i0.wp.com\/kohenavocats.com\/wp-content\/uploads\/2024\/11\/getty-images-_oX4l6NGtI-unsplash.webp?resize=350%2C200&ssl=1 1x, https:\/\/i0.wp.com\/kohenavocats.com\/wp-content\/uploads\/2024\/11\/getty-images-_oX4l6NGtI-unsplash.webp?resize=525%2C300&ssl=1 1.5x, https:\/\/i0.wp.com\/kohenavocats.com\/wp-content\/uploads\/2024\/11\/getty-images-_oX4l6NGtI-unsplash.webp?resize=700%2C400&ssl=1 2x, https:\/\/i0.wp.com\/kohenavocats.com\/wp-content\/uploads\/2024\/11\/getty-images-_oX4l6NGtI-unsplash.webp?resize=1050%2C600&ssl=1 3x, https:\/\/i0.wp.com\/kohenavocats.com\/wp-content\/uploads\/2024\/11\/getty-images-_oX4l6NGtI-unsplash.webp?resize=1400%2C800&ssl=1 4x"},"classes":[]},{"id":682792,"url":"https:\/\/kohenavocats.com\/zh-hans\/cour-dappel-de-aix-en-provence-le-18-septembre-2025-n24-12084\/","url_meta":{"origin":666961,"position":4},"title":"Cour d&#8217;appel de Aix-en-Provence, le 18 septembre 2025, n\u00b024\/12084","author":"Kohen","date":"2026\u5e744\u670825\u65e5","format":false,"excerpt":"La Cour d'appel d'Aix-en-Provence, le 18 septembre\u2026","rel":"","context":"\u5728\u201cJurisprudence\u201d\u4e2d","block_context":{"text":"Jurisprudence","link":"https:\/\/kohenavocats.com\/category\/jurisprudence\/"},"img":{"alt_text":"","src":"https:\/\/i0.wp.com\/kohenavocats.com\/wp-content\/uploads\/2024\/11\/mourad-saadi-tgP7H6LH4OU-unsplash.webp?resize=350%2C200&ssl=1","width":350,"height":200,"srcset":"https:\/\/i0.wp.com\/kohenavocats.com\/wp-content\/uploads\/2024\/11\/mourad-saadi-tgP7H6LH4OU-unsplash.webp?resize=350%2C200&ssl=1 1x, https:\/\/i0.wp.com\/kohenavocats.com\/wp-content\/uploads\/2024\/11\/mourad-saadi-tgP7H6LH4OU-unsplash.webp?resize=525%2C300&ssl=1 1.5x, https:\/\/i0.wp.com\/kohenavocats.com\/wp-content\/uploads\/2024\/11\/mourad-saadi-tgP7H6LH4OU-unsplash.webp?resize=700%2C400&ssl=1 2x, https:\/\/i0.wp.com\/kohenavocats.com\/wp-content\/uploads\/2024\/11\/mourad-saadi-tgP7H6LH4OU-unsplash.webp?resize=1050%2C600&ssl=1 3x, https:\/\/i0.wp.com\/kohenavocats.com\/wp-content\/uploads\/2024\/11\/mourad-saadi-tgP7H6LH4OU-unsplash.webp?resize=1400%2C800&ssl=1 4x"},"classes":[]},{"id":235962,"url":"https:\/\/kohenavocats.com\/zh-hans\/cour-dappel-de-aix-en-provence-le-26-juin-2025-n24-09396\/","url_meta":{"origin":666961,"position":5},"title":"Cour d&#8217;appel de Aix-en-Provence, le 26 juin 2025, n\u00b024\/09396","author":"Kohen","date":"2025\u5e7412\u670829\u65e5","format":false,"excerpt":"La saisie-attribution constitue une mesure d'ex\u00e9cu\u2026","rel":"","context":"\u5728\u201cCour d'appel\u201d\u4e2d","block_context":{"text":"Cour d'appel","link":"https:\/\/kohenavocats.com\/category\/cour-dappel\/"},"img":{"alt_text":"","src":"https:\/\/i0.wp.com\/kohenavocats.com\/wp-content\/uploads\/2024\/11\/85gb-photo-DKP0bwBFP9I-unsplash.webp?resize=350%2C200&ssl=1","width":350,"height":200,"srcset":"https:\/\/i0.wp.com\/kohenavocats.com\/wp-content\/uploads\/2024\/11\/85gb-photo-DKP0bwBFP9I-unsplash.webp?resize=350%2C200&ssl=1 1x, https:\/\/i0.wp.com\/kohenavocats.com\/wp-content\/uploads\/2024\/11\/85gb-photo-DKP0bwBFP9I-unsplash.webp?resize=525%2C300&ssl=1 1.5x, https:\/\/i0.wp.com\/kohenavocats.com\/wp-content\/uploads\/2024\/11\/85gb-photo-DKP0bwBFP9I-unsplash.webp?resize=700%2C400&ssl=1 2x, https:\/\/i0.wp.com\/kohenavocats.com\/wp-content\/uploads\/2024\/11\/85gb-photo-DKP0bwBFP9I-unsplash.webp?resize=1050%2C600&ssl=1 3x, https:\/\/i0.wp.com\/kohenavocats.com\/wp-content\/uploads\/2024\/11\/85gb-photo-DKP0bwBFP9I-unsplash.webp?resize=1400%2C800&ssl=1 4x"},"classes":[]}],"jetpack_sharing_enabled":true,"_links":{"self":[{"href":"https:\/\/kohenavocats.com\/zh-hans\/wp-json\/wp\/v2\/posts\/666961","targetHints":{"allow":["GET"]}}],"collection":[{"href":"https:\/\/kohenavocats.com\/zh-hans\/wp-json\/wp\/v2\/posts"}],"about":[{"href":"https:\/\/kohenavocats.com\/zh-hans\/wp-json\/wp\/v2\/types\/post"}],"author":[{"embeddable":true,"href":"https:\/\/kohenavocats.com\/zh-hans\/wp-json\/wp\/v2\/users\/232070755"}],"replies":[{"embeddable":true,"href":"https:\/\/kohenavocats.com\/zh-hans\/wp-json\/wp\/v2\/comments?post=666961"}],"version-history":[{"count":1,"href":"https:\/\/kohenavocats.com\/zh-hans\/wp-json\/wp\/v2\/posts\/666961\/revisions"}],"predecessor-version":[{"id":696673,"href":"https:\/\/kohenavocats.com\/zh-hans\/wp-json\/wp\/v2\/posts\/666961\/revisions\/696673"}],"wp:featuredmedia":[{"embeddable":true,"href":"https:\/\/kohenavocats.com\/zh-hans\/wp-json\/wp\/v2\/media\/9606"}],"wp:attachment":[{"href":"https:\/\/kohenavocats.com\/zh-hans\/wp-json\/wp\/v2\/media?parent=666961"}],"wp:term":[{"taxonomy":"category","embeddable":true,"href":"https:\/\/kohenavocats.com\/zh-hans\/wp-json\/wp\/v2\/categories?post=666961"},{"taxonomy":"post_tag","embeddable":true,"href":"https:\/\/kohenavocats.com\/zh-hans\/wp-json\/wp\/v2\/tags?post=666961"}],"curies":[{"name":"wp","href":"https:\/\/api.w.org\/{rel}","templated":true}]}}