{"id":667319,"date":"2026-04-24T03:08:19","date_gmt":"2026-04-24T01:08:19","guid":{"rendered":"https:\/\/kohenavocats.com\/tribunal-judiciaire-de-paris-le-4-septembre-2025-n23-02456\/"},"modified":"2026-04-24T03:08:19","modified_gmt":"2026-04-24T01:08:19","slug":"tribunal-judiciaire-de-paris-le-4-septembre-2025-n23-02456","status":"publish","type":"post","link":"https:\/\/kohenavocats.com\/zh-hans\/tribunal-judiciaire-de-paris-le-4-septembre-2025-n23-02456\/","title":{"rendered":"Tribunal judiciaire de Paris, le 4 septembre 2025, n\u00b023\/02456"},"content":{"rendered":"<div class=\"article-content\">\n<p>Le Tribunal judiciaire de Paris, le 4 septembre 2025, rejette une action en responsabilit\u00e9 contre un avocat. Des bailleurs reprochaient \u00e0 leur conseil une notification irr\u00e9guli\u00e8re d\u2019un m\u00e9moire pr\u00e9alable dans un litige de baux commerciaux. La juridiction estime que l\u2019acte de proc\u00e9dure n\u2019\u00e9tait pas entach\u00e9 d\u2019une faute professionnelle. Elle d\u00e9boute donc les demandeurs et les condamne aux d\u00e9pens.<\/p>\n<p>La d\u00e9limitation de l&#8217;obligation de validit\u00e9<br \/>\nL\u2019arr\u00eat rappelle le cadre g\u00e9n\u00e9ral de la responsabilit\u00e9 contractuelle de l\u2019avocat r\u00e9dacteur d\u2019actes. Le professionnel doit assurer la validit\u00e9 et l\u2019efficacit\u00e9 des actes qu\u2019il produit pour le compte de son client. Sa faute est caract\u00e9ris\u00e9e si l\u2019acte est entach\u00e9 d\u2019un vice susceptible d\u2019en entra\u00eener la nullit\u00e9. Cette obligation fondamentale guide l\u2019appr\u00e9ciation de son comportement dans l\u2019ex\u00e9cution de son mandat. La d\u00e9cision en pr\u00e9cise ainsi les contours et les limites objectives.<\/p>\n<p>L\u2019absence de violation d\u2019une r\u00e8gle imp\u00e9rative<br \/>\nLe tribunal examine la notification contest\u00e9e au regard des textes applicables. Les articles R 145-23 et suivants du Code de commerce d\u00e9taillent une proc\u00e9dure d\u2019ordre public. L\u2019article R 145-26 dispose que les m\u00e9moires sont notifi\u00e9s &#8220;par lettre recommand\u00e9e avec demande d\u2019avis de r\u00e9ception&#8221;. La juridiction constate que l\u2019obligation d\u2019une notification distincte \u00e0 chaque cotitulaire &#8220;ne ressort pas express\u00e9ment de l\u2019article pr\u00e9cit\u00e9&#8221;. Elle en d\u00e9duit que le moyen soulev\u00e9 rel\u00e8ve d\u2019une simple interpr\u00e9tation. L\u2019acte r\u00e9alis\u00e9 ne contrevient donc pas \u00e0 la lettre de la r\u00e8gle de proc\u00e9dure. Cette analyse stricte \u00e9carte l\u2019existence d\u2019une faute professionnelle engageant la responsabilit\u00e9.<\/p>\n<p>La n\u00e9cessaire causalit\u00e9 directe du pr\u00e9judice<br \/>\nLa solution insiste sur le lien de causalit\u00e9 entre la faute all\u00e9gu\u00e9e et le pr\u00e9judice subi. La responsabilit\u00e9 civile contractuelle de l\u2019avocat n\u2019est engag\u00e9e que si le pr\u00e9judice est la cons\u00e9quence directe de sa faute. En l\u2019esp\u00e8ce, le tribunal rel\u00e8ve que les demandeurs n\u2019ont pas interjet\u00e9 appel de la d\u00e9cision initiale du juge des loyers commerciaux. Ils ont attendu pr\u00e8s de cinq ans pour agir sans fournir certains \u00e9l\u00e9ments cl\u00e9s. Ces circonstances permettent de douter du lien causal entre la notification et le pr\u00e9tendu dommage. La faute n\u2019\u00e9tant pas \u00e9tablie, la question de la r\u00e9paration ne se pose m\u00eame pas.<\/p>\n<p>Le rejet des demandes et la condamnation aux d\u00e9pens<br \/>\nLa d\u00e9cision op\u00e8re un partage \u00e9quitable des cons\u00e9quences proc\u00e9durales de l\u2019action. Le tribunal d\u00e9boute int\u00e9gralement les consorts de leurs demandes en responsabilit\u00e9. Il les condamne in fine \u00e0 payer \u00e0 leur ancien avocat la somme de 1.500 euros sur le fondement de l\u2019article 700 du Code de proc\u00e9dure civile. Les d\u00e9pens sont \u00e9galement laiss\u00e9s \u00e0 leur charge. Cette condamnation sanctionne l\u2019\u00e9chec d\u2019une action jug\u00e9e infond\u00e9e et tardive. Elle rappelle les risques financiers li\u00e9s \u00e0 l\u2019exercice d\u2019une action en responsabilit\u00e9 professionnelle mal \u00e9tay\u00e9e.<\/p>\n<\/div>\n","protected":false},"excerpt":{"rendered":"<p>Le Tribunal judiciaire de Paris, le 4 septembre 2025, rejette une action en responsabilit\u00e9 contre un avocat. Des bailleurs reprochaient \u00e0 leur conseil une no&#8230;<\/p>\n","protected":false},"author":232070755,"featured_media":9566,"comment_status":"open","ping_status":"open","sticky":false,"template":"","format":"standard","meta":{"_crdt_document":"","_jetpack_newsletter_access":"","_jetpack_dont_email_post_to_subs":false,"_jetpack_newsletter_tier_id":0,"_jetpack_memberships_contains_paywalled_content":false,"_kj_source_type":"","_kj_official_id":"","_kj_official_url":"","_kj_judilibre_id":"","_kj_jur":"","_kj_lieu":"","_kj_chambre":"","_kj_rg":"","_kj_date":"","_jetpack_memberships_contains_paid_content":false,"footnotes":"","jetpack_post_was_ever_published":false},"categories":[7597],"tags":[],"class_list":["post-667319","post","type-post","status-publish","format-standard","has-post-thumbnail","hentry","category-jurisprudence"],"yoast_head":"<!-- This site is optimized with the Yoast SEO Premium plugin v27.5 (Yoast SEO v27.5) - https:\/\/yoast.com\/product\/yoast-seo-premium-wordpress\/ -->\n<title>Tribunal judiciaire de Paris, le 4 septembre 2025, n\u00b023\/02456 - Ma\u00eetre Hassan Kohen, avocat en droit p\u00e9nal \u00e0 Paris<\/title>\n<meta name=\"description\" content=\"Le Tribunal judiciaire de Paris, le 4 septembre 2025, rejette une action en responsabilit\u00e9 contre un avocat. Des bailleurs reprochaient \u00e0 leur conseil une no...\" \/>\n<meta name=\"robots\" content=\"index, follow, max-snippet:-1, max-image-preview:large, max-video-preview:-1\" \/>\n<link rel=\"canonical\" href=\"https:\/\/kohenavocats.com\/zh-hans\/tribunal-judiciaire-de-paris-le-4-septembre-2025-n23-02456\/\" \/>\n<meta property=\"og:locale\" content=\"zh_CN\" \/>\n<meta property=\"og:type\" content=\"article\" \/>\n<meta property=\"og:title\" content=\"Tribunal judiciaire de Paris, le 4 septembre 2025, n\u00b023\/02456\" \/>\n<meta property=\"og:description\" content=\"Le Tribunal judiciaire de Paris, le 4 septembre 2025, rejette une action en responsabilit\u00e9 contre un avocat. Des bailleurs reprochaient \u00e0 leur conseil une no...\" \/>\n<meta property=\"og:url\" content=\"https:\/\/kohenavocats.com\/zh-hans\/tribunal-judiciaire-de-paris-le-4-septembre-2025-n23-02456\/\" \/>\n<meta property=\"og:site_name\" content=\"Ma\u00eetre Hassan Kohen, avocat en droit p\u00e9nal \u00e0 Paris\" \/>\n<meta property=\"article:published_time\" content=\"2026-04-24T01:08:19+00:00\" \/>\n<meta property=\"og:image\" content=\"https:\/\/kohenavocats.com\/wp-content\/uploads\/2024\/11\/victor-V67qmAIxyvI-unsplash.webp\" \/>\n\t<meta property=\"og:image:width\" content=\"3078\" \/>\n\t<meta property=\"og:image:height\" content=\"3847\" \/>\n\t<meta property=\"og:image:type\" content=\"image\/webp\" \/>\n<meta name=\"author\" content=\"Kohen\" \/>\n<meta name=\"twitter:card\" content=\"summary_large_image\" \/>\n<meta name=\"twitter:label1\" content=\"\u4f5c\u8005\" \/>\n\t<meta name=\"twitter:data1\" content=\"Kohen\" \/>\n\t<meta name=\"twitter:label2\" content=\"\u9884\u8ba1\u9605\u8bfb\u65f6\u95f4\" \/>\n\t<meta name=\"twitter:data2\" content=\"3 \u5206\" \/>\n<script type=\"application\/ld+json\" class=\"yoast-schema-graph\">{\"@context\":\"https:\\\/\\\/schema.org\",\"@graph\":[{\"@type\":\"Article\",\"@id\":\"https:\\\/\\\/kohenavocats.com\\\/zh-hans\\\/tribunal-judiciaire-de-paris-le-4-septembre-2025-n23-02456\\\/#article\",\"isPartOf\":{\"@id\":\"https:\\\/\\\/kohenavocats.com\\\/zh-hans\\\/tribunal-judiciaire-de-paris-le-4-septembre-2025-n23-02456\\\/\"},\"author\":{\"name\":\"Kohen\",\"@id\":\"https:\\\/\\\/kohenavocats.com\\\/zh-hans\\\/#\\\/schema\\\/person\\\/761c9ba54fa1ca84d405cef0831ff751\"},\"headline\":\"Tribunal judiciaire de Paris, le 4 septembre 2025, n\u00b023\\\/02456\",\"datePublished\":\"2026-04-24T01:08:19+00:00\",\"mainEntityOfPage\":{\"@id\":\"https:\\\/\\\/kohenavocats.com\\\/zh-hans\\\/tribunal-judiciaire-de-paris-le-4-septembre-2025-n23-02456\\\/\"},\"wordCount\":535,\"commentCount\":0,\"publisher\":{\"@id\":\"https:\\\/\\\/kohenavocats.com\\\/zh-hans\\\/#organization\"},\"image\":{\"@id\":\"https:\\\/\\\/kohenavocats.com\\\/zh-hans\\\/tribunal-judiciaire-de-paris-le-4-septembre-2025-n23-02456\\\/#primaryimage\"},\"thumbnailUrl\":\"https:\\\/\\\/kohenavocats.com\\\/wp-content\\\/uploads\\\/2024\\\/11\\\/victor-V67qmAIxyvI-unsplash.webp\",\"articleSection\":[\"Jurisprudence\"],\"inLanguage\":\"zh-Hans\",\"potentialAction\":[{\"@type\":\"CommentAction\",\"name\":\"Comment\",\"target\":[\"https:\\\/\\\/kohenavocats.com\\\/zh-hans\\\/tribunal-judiciaire-de-paris-le-4-septembre-2025-n23-02456\\\/#respond\"]}],\"citation\":\"Tribunal judiciaire de Paris, le 4 septembre 2025, n\u00b023\\\/02456\",\"about\":[{\"@type\":\"Thing\",\"name\":\"Jurisprudence\"}],\"dateModified\":\"2026-04-24T01:08:19+00:00\",\"speakable\":{\"@type\":\"SpeakableSpecification\",\"cssSelector\":[\".article-content > p:first-of-type\"]}},{\"@type\":\"WebPage\",\"@id\":\"https:\\\/\\\/kohenavocats.com\\\/zh-hans\\\/tribunal-judiciaire-de-paris-le-4-septembre-2025-n23-02456\\\/\",\"url\":\"https:\\\/\\\/kohenavocats.com\\\/zh-hans\\\/tribunal-judiciaire-de-paris-le-4-septembre-2025-n23-02456\\\/\",\"name\":\"Tribunal judiciaire de Paris, le 4 septembre 2025, n\u00b023\\\/02456 - Ma\u00eetre Hassan Kohen, avocat en droit p\u00e9nal \u00e0 Paris\",\"isPartOf\":{\"@id\":\"https:\\\/\\\/kohenavocats.com\\\/zh-hans\\\/#website\"},\"primaryImageOfPage\":{\"@id\":\"https:\\\/\\\/kohenavocats.com\\\/zh-hans\\\/tribunal-judiciaire-de-paris-le-4-septembre-2025-n23-02456\\\/#primaryimage\"},\"image\":{\"@id\":\"https:\\\/\\\/kohenavocats.com\\\/zh-hans\\\/tribunal-judiciaire-de-paris-le-4-septembre-2025-n23-02456\\\/#primaryimage\"},\"thumbnailUrl\":\"https:\\\/\\\/kohenavocats.com\\\/wp-content\\\/uploads\\\/2024\\\/11\\\/victor-V67qmAIxyvI-unsplash.webp\",\"datePublished\":\"2026-04-24T01:08:19+00:00\",\"description\":\"Le Tribunal judiciaire de Paris, le 4 septembre 2025, rejette une action en responsabilit\u00e9 contre un avocat. Des bailleurs reprochaient \u00e0 leur conseil une no...\",\"breadcrumb\":{\"@id\":\"https:\\\/\\\/kohenavocats.com\\\/zh-hans\\\/tribunal-judiciaire-de-paris-le-4-septembre-2025-n23-02456\\\/#breadcrumb\"},\"inLanguage\":\"zh-Hans\",\"potentialAction\":[{\"@type\":\"ReadAction\",\"target\":[\"https:\\\/\\\/kohenavocats.com\\\/zh-hans\\\/tribunal-judiciaire-de-paris-le-4-septembre-2025-n23-02456\\\/\"]}]},{\"@type\":\"ImageObject\",\"inLanguage\":\"zh-Hans\",\"@id\":\"https:\\\/\\\/kohenavocats.com\\\/zh-hans\\\/tribunal-judiciaire-de-paris-le-4-septembre-2025-n23-02456\\\/#primaryimage\",\"url\":\"https:\\\/\\\/kohenavocats.com\\\/wp-content\\\/uploads\\\/2024\\\/11\\\/victor-V67qmAIxyvI-unsplash.webp\",\"contentUrl\":\"https:\\\/\\\/kohenavocats.com\\\/wp-content\\\/uploads\\\/2024\\\/11\\\/victor-V67qmAIxyvI-unsplash.webp\",\"width\":3078,\"height\":3847},{\"@type\":\"BreadcrumbList\",\"@id\":\"https:\\\/\\\/kohenavocats.com\\\/zh-hans\\\/tribunal-judiciaire-de-paris-le-4-septembre-2025-n23-02456\\\/#breadcrumb\",\"itemListElement\":[{\"@type\":\"ListItem\",\"position\":1,\"name\":\"Home\",\"item\":\"https:\\\/\\\/kohenavocats.com\\\/zh-hans\\\/\"},{\"@type\":\"ListItem\",\"position\":2,\"name\":\"Tribunal judiciaire de Paris, le 4 septembre 2025, n\u00b023\\\/02456\"}]},{\"@type\":\"WebSite\",\"@id\":\"https:\\\/\\\/kohenavocats.com\\\/zh-hans\\\/#website\",\"url\":\"https:\\\/\\\/kohenavocats.com\\\/zh-hans\\\/\",\"name\":\"Kohen Avocats\",\"description\":\"Ma\u00eetre Hassan Kohen, avocat p\u00e9naliste \u00e0 Paris, intervient exclusivement en droit p\u00e9nal pour la d\u00e9fense des particuliers, notamment en mati\u00e8re d\u2019accusations de viol. Il assure un accompagnement rigoureux d\u00e8s la garde \u00e0 vue jusqu\u2019\u00e0 la Cour d\u2019assises, veillant au strict respect des garanties proc\u00e9durales.\",\"publisher\":{\"@id\":\"https:\\\/\\\/kohenavocats.com\\\/zh-hans\\\/#organization\"},\"potentialAction\":[{\"@type\":\"SearchAction\",\"target\":{\"@type\":\"EntryPoint\",\"urlTemplate\":\"https:\\\/\\\/kohenavocats.com\\\/zh-hans\\\/?s={search_term_string}\"},\"query-input\":{\"@type\":\"PropertyValueSpecification\",\"valueRequired\":true,\"valueName\":\"search_term_string\"}}],\"inLanguage\":\"zh-Hans\"},{\"@type\":\"Organization\",\"@id\":\"https:\\\/\\\/kohenavocats.com\\\/zh-hans\\\/#organization\",\"name\":\"Kohen Avocats\",\"url\":\"https:\\\/\\\/kohenavocats.com\\\/zh-hans\\\/\",\"logo\":{\"@type\":\"ImageObject\",\"inLanguage\":\"zh-Hans\",\"@id\":\"https:\\\/\\\/kohenavocats.com\\\/zh-hans\\\/#\\\/schema\\\/logo\\\/image\\\/\",\"url\":\"https:\\\/\\\/kohenavocats.com\\\/wp-content\\\/uploads\\\/2026\\\/01\\\/Logo-2-1.webp\",\"contentUrl\":\"https:\\\/\\\/kohenavocats.com\\\/wp-content\\\/uploads\\\/2026\\\/01\\\/Logo-2-1.webp\",\"width\":2114,\"height\":1253,\"caption\":\"Kohen Avocats\"},\"image\":{\"@id\":\"https:\\\/\\\/kohenavocats.com\\\/zh-hans\\\/#\\\/schema\\\/logo\\\/image\\\/\"}},{\"@type\":\"Person\",\"@id\":\"https:\\\/\\\/kohenavocats.com\\\/zh-hans\\\/#\\\/schema\\\/person\\\/761c9ba54fa1ca84d405cef0831ff751\",\"name\":\"Kohen\",\"image\":{\"@type\":\"ImageObject\",\"inLanguage\":\"zh-Hans\",\"@id\":\"https:\\\/\\\/secure.gravatar.com\\\/avatar\\\/1c5e76ef76bbbfdd2b4da984e2bf2fa4056fd51a27d25ce2c332047f1dfd6e00?s=96&d=identicon&r=g\",\"url\":\"https:\\\/\\\/secure.gravatar.com\\\/avatar\\\/1c5e76ef76bbbfdd2b4da984e2bf2fa4056fd51a27d25ce2c332047f1dfd6e00?s=96&d=identicon&r=g\",\"contentUrl\":\"https:\\\/\\\/secure.gravatar.com\\\/avatar\\\/1c5e76ef76bbbfdd2b4da984e2bf2fa4056fd51a27d25ce2c332047f1dfd6e00?s=96&d=identicon&r=g\",\"caption\":\"Kohen\"},\"sameAs\":[\"https:\\\/\\\/www.linkedin.com\\\/in\\\/hassan-kohen-448548192\\\/\",\"https:\\\/\\\/www.youtube.com\\\/@Kohen-Avocats\"],\"url\":\"https:\\\/\\\/kohenavocats.com\\\/zh-hans\\\/author\\\/kohenmlk\\\/\"}]}<\/script>\n<!-- \/ Yoast SEO Premium plugin. -->","yoast_head_json":{"title":"Tribunal judiciaire de Paris, le 4 septembre 2025, n\u00b023\/02456 - Ma\u00eetre Hassan Kohen, avocat en droit p\u00e9nal \u00e0 Paris","description":"Le Tribunal judiciaire de Paris, le 4 septembre 2025, rejette une action en responsabilit\u00e9 contre un avocat. Des bailleurs reprochaient \u00e0 leur conseil une no...","robots":{"index":"index","follow":"follow","max-snippet":"max-snippet:-1","max-image-preview":"max-image-preview:large","max-video-preview":"max-video-preview:-1"},"canonical":"https:\/\/kohenavocats.com\/zh-hans\/tribunal-judiciaire-de-paris-le-4-septembre-2025-n23-02456\/","og_locale":"zh_CN","og_type":"article","og_title":"Tribunal judiciaire de Paris, le 4 septembre 2025, n\u00b023\/02456","og_description":"Le Tribunal judiciaire de Paris, le 4 septembre 2025, rejette une action en responsabilit\u00e9 contre un avocat. Des bailleurs reprochaient \u00e0 leur conseil une no...","og_url":"https:\/\/kohenavocats.com\/zh-hans\/tribunal-judiciaire-de-paris-le-4-septembre-2025-n23-02456\/","og_site_name":"Ma\u00eetre Hassan Kohen, avocat en droit p\u00e9nal \u00e0 Paris","article_published_time":"2026-04-24T01:08:19+00:00","og_image":[{"width":3078,"height":3847,"url":"https:\/\/kohenavocats.com\/wp-content\/uploads\/2024\/11\/victor-V67qmAIxyvI-unsplash.webp","type":"image\/webp"}],"author":"Kohen","twitter_card":"summary_large_image","twitter_misc":{"\u4f5c\u8005":"Kohen","\u9884\u8ba1\u9605\u8bfb\u65f6\u95f4":"3 \u5206"},"schema":{"@context":"https:\/\/schema.org","@graph":[{"@type":"Article","@id":"https:\/\/kohenavocats.com\/zh-hans\/tribunal-judiciaire-de-paris-le-4-septembre-2025-n23-02456\/#article","isPartOf":{"@id":"https:\/\/kohenavocats.com\/zh-hans\/tribunal-judiciaire-de-paris-le-4-septembre-2025-n23-02456\/"},"author":{"name":"Kohen","@id":"https:\/\/kohenavocats.com\/zh-hans\/#\/schema\/person\/761c9ba54fa1ca84d405cef0831ff751"},"headline":"Tribunal judiciaire de Paris, le 4 septembre 2025, n\u00b023\/02456","datePublished":"2026-04-24T01:08:19+00:00","mainEntityOfPage":{"@id":"https:\/\/kohenavocats.com\/zh-hans\/tribunal-judiciaire-de-paris-le-4-septembre-2025-n23-02456\/"},"wordCount":535,"commentCount":0,"publisher":{"@id":"https:\/\/kohenavocats.com\/zh-hans\/#organization"},"image":{"@id":"https:\/\/kohenavocats.com\/zh-hans\/tribunal-judiciaire-de-paris-le-4-septembre-2025-n23-02456\/#primaryimage"},"thumbnailUrl":"https:\/\/kohenavocats.com\/wp-content\/uploads\/2024\/11\/victor-V67qmAIxyvI-unsplash.webp","articleSection":["Jurisprudence"],"inLanguage":"zh-Hans","potentialAction":[{"@type":"CommentAction","name":"Comment","target":["https:\/\/kohenavocats.com\/zh-hans\/tribunal-judiciaire-de-paris-le-4-septembre-2025-n23-02456\/#respond"]}],"citation":"Tribunal judiciaire de Paris, le 4 septembre 2025, n\u00b023\/02456","about":[{"@type":"Thing","name":"Jurisprudence"}],"dateModified":"2026-04-24T01:08:19+00:00","speakable":{"@type":"SpeakableSpecification","cssSelector":[".article-content > p:first-of-type"]}},{"@type":"WebPage","@id":"https:\/\/kohenavocats.com\/zh-hans\/tribunal-judiciaire-de-paris-le-4-septembre-2025-n23-02456\/","url":"https:\/\/kohenavocats.com\/zh-hans\/tribunal-judiciaire-de-paris-le-4-septembre-2025-n23-02456\/","name":"Tribunal judiciaire de Paris, le 4 septembre 2025, n\u00b023\/02456 - Ma\u00eetre Hassan Kohen, avocat en droit p\u00e9nal \u00e0 Paris","isPartOf":{"@id":"https:\/\/kohenavocats.com\/zh-hans\/#website"},"primaryImageOfPage":{"@id":"https:\/\/kohenavocats.com\/zh-hans\/tribunal-judiciaire-de-paris-le-4-septembre-2025-n23-02456\/#primaryimage"},"image":{"@id":"https:\/\/kohenavocats.com\/zh-hans\/tribunal-judiciaire-de-paris-le-4-septembre-2025-n23-02456\/#primaryimage"},"thumbnailUrl":"https:\/\/kohenavocats.com\/wp-content\/uploads\/2024\/11\/victor-V67qmAIxyvI-unsplash.webp","datePublished":"2026-04-24T01:08:19+00:00","description":"Le Tribunal judiciaire de Paris, le 4 septembre 2025, rejette une action en responsabilit\u00e9 contre un avocat. Des bailleurs reprochaient \u00e0 leur conseil une no...","breadcrumb":{"@id":"https:\/\/kohenavocats.com\/zh-hans\/tribunal-judiciaire-de-paris-le-4-septembre-2025-n23-02456\/#breadcrumb"},"inLanguage":"zh-Hans","potentialAction":[{"@type":"ReadAction","target":["https:\/\/kohenavocats.com\/zh-hans\/tribunal-judiciaire-de-paris-le-4-septembre-2025-n23-02456\/"]}]},{"@type":"ImageObject","inLanguage":"zh-Hans","@id":"https:\/\/kohenavocats.com\/zh-hans\/tribunal-judiciaire-de-paris-le-4-septembre-2025-n23-02456\/#primaryimage","url":"https:\/\/kohenavocats.com\/wp-content\/uploads\/2024\/11\/victor-V67qmAIxyvI-unsplash.webp","contentUrl":"https:\/\/kohenavocats.com\/wp-content\/uploads\/2024\/11\/victor-V67qmAIxyvI-unsplash.webp","width":3078,"height":3847},{"@type":"BreadcrumbList","@id":"https:\/\/kohenavocats.com\/zh-hans\/tribunal-judiciaire-de-paris-le-4-septembre-2025-n23-02456\/#breadcrumb","itemListElement":[{"@type":"ListItem","position":1,"name":"Home","item":"https:\/\/kohenavocats.com\/zh-hans\/"},{"@type":"ListItem","position":2,"name":"Tribunal judiciaire de Paris, le 4 septembre 2025, n\u00b023\/02456"}]},{"@type":"WebSite","@id":"https:\/\/kohenavocats.com\/zh-hans\/#website","url":"https:\/\/kohenavocats.com\/zh-hans\/","name":"Kohen Avocats","description":"Ma\u00eetre Hassan Kohen, avocat p\u00e9naliste \u00e0 Paris, intervient exclusivement en droit p\u00e9nal pour la d\u00e9fense des particuliers, notamment en mati\u00e8re d\u2019accusations de viol. Il assure un accompagnement rigoureux d\u00e8s la garde \u00e0 vue jusqu\u2019\u00e0 la Cour d\u2019assises, veillant au strict respect des garanties proc\u00e9durales.","publisher":{"@id":"https:\/\/kohenavocats.com\/zh-hans\/#organization"},"potentialAction":[{"@type":"SearchAction","target":{"@type":"EntryPoint","urlTemplate":"https:\/\/kohenavocats.com\/zh-hans\/?s={search_term_string}"},"query-input":{"@type":"PropertyValueSpecification","valueRequired":true,"valueName":"search_term_string"}}],"inLanguage":"zh-Hans"},{"@type":"Organization","@id":"https:\/\/kohenavocats.com\/zh-hans\/#organization","name":"Kohen Avocats","url":"https:\/\/kohenavocats.com\/zh-hans\/","logo":{"@type":"ImageObject","inLanguage":"zh-Hans","@id":"https:\/\/kohenavocats.com\/zh-hans\/#\/schema\/logo\/image\/","url":"https:\/\/kohenavocats.com\/wp-content\/uploads\/2026\/01\/Logo-2-1.webp","contentUrl":"https:\/\/kohenavocats.com\/wp-content\/uploads\/2026\/01\/Logo-2-1.webp","width":2114,"height":1253,"caption":"Kohen Avocats"},"image":{"@id":"https:\/\/kohenavocats.com\/zh-hans\/#\/schema\/logo\/image\/"}},{"@type":"Person","@id":"https:\/\/kohenavocats.com\/zh-hans\/#\/schema\/person\/761c9ba54fa1ca84d405cef0831ff751","name":"Kohen","image":{"@type":"ImageObject","inLanguage":"zh-Hans","@id":"https:\/\/secure.gravatar.com\/avatar\/1c5e76ef76bbbfdd2b4da984e2bf2fa4056fd51a27d25ce2c332047f1dfd6e00?s=96&d=identicon&r=g","url":"https:\/\/secure.gravatar.com\/avatar\/1c5e76ef76bbbfdd2b4da984e2bf2fa4056fd51a27d25ce2c332047f1dfd6e00?s=96&d=identicon&r=g","contentUrl":"https:\/\/secure.gravatar.com\/avatar\/1c5e76ef76bbbfdd2b4da984e2bf2fa4056fd51a27d25ce2c332047f1dfd6e00?s=96&d=identicon&r=g","caption":"Kohen"},"sameAs":["https:\/\/www.linkedin.com\/in\/hassan-kohen-448548192\/","https:\/\/www.youtube.com\/@Kohen-Avocats"],"url":"https:\/\/kohenavocats.com\/zh-hans\/author\/kohenmlk\/"}]}},"jetpack_featured_media_url":"https:\/\/kohenavocats.com\/wp-content\/uploads\/2024\/11\/victor-V67qmAIxyvI-unsplash.webp","jetpack_likes_enabled":false,"jetpack_shortlink":"https:\/\/wp.me\/peCrII-2NBd","jetpack-related-posts":[{"id":202852,"url":"https:\/\/kohenavocats.com\/zh-hans\/cour-dappel-de-paris-le-11-septembre-2025-n21-15490\/","url_meta":{"origin":667319,"position":0},"title":"Cour d&#8217;appel de Paris, le 11 septembre 2025, n\u00b021\/15490","author":"Kohen","date":"2025\u5e7412\u670821\u65e5","format":false,"excerpt":"Cour d'appel de Paris, 11 septembre 2025. L'arr\u00eat \u2026","rel":"","context":"\u5728\u201c6917\u201d\u4e2d","block_context":{"text":"6917","link":"https:\/\/kohenavocats.com\/category\/6917\/"},"img":{"alt_text":"","src":"https:\/\/i0.wp.com\/kohenavocats.com\/wp-content\/uploads\/2024\/06\/pexels-pavel-danilyuk-8112201.jpg?resize=350%2C200&ssl=1","width":350,"height":200,"srcset":"https:\/\/i0.wp.com\/kohenavocats.com\/wp-content\/uploads\/2024\/06\/pexels-pavel-danilyuk-8112201.jpg?resize=350%2C200&ssl=1 1x, https:\/\/i0.wp.com\/kohenavocats.com\/wp-content\/uploads\/2024\/06\/pexels-pavel-danilyuk-8112201.jpg?resize=525%2C300&ssl=1 1.5x, https:\/\/i0.wp.com\/kohenavocats.com\/wp-content\/uploads\/2024\/06\/pexels-pavel-danilyuk-8112201.jpg?resize=700%2C400&ssl=1 2x, https:\/\/i0.wp.com\/kohenavocats.com\/wp-content\/uploads\/2024\/06\/pexels-pavel-danilyuk-8112201.jpg?resize=1050%2C600&ssl=1 3x, https:\/\/i0.wp.com\/kohenavocats.com\/wp-content\/uploads\/2024\/06\/pexels-pavel-danilyuk-8112201.jpg?resize=1400%2C800&ssl=1 4x"},"classes":[]},{"id":667751,"url":"https:\/\/kohenavocats.com\/zh-hans\/cour-dappel-de-aix-en-provence-le-23-septembre-2025-n21-08371\/","url_meta":{"origin":667319,"position":1},"title":"Cour d&#8217;appel de Aix-en-Provence, le 23 septembre 2025, n\u00b021\/08371","author":"Kohen","date":"2026\u5e744\u670824\u65e5","format":false,"excerpt":"La Cour d'appel d'Aix-en-Provence, statuant en der\u2026","rel":"","context":"\u5728\u201cCode des assurances\u201d\u4e2d","block_context":{"text":"Code des assurances","link":"https:\/\/kohenavocats.com\/category\/code-des-assurances\/"},"img":{"alt_text":"","src":"https:\/\/i0.wp.com\/kohenavocats.com\/wp-content\/uploads\/2024\/08\/cristina-gottardi-GeKoZualPmA-unsplash-1.webp?resize=350%2C200&ssl=1","width":350,"height":200,"srcset":"https:\/\/i0.wp.com\/kohenavocats.com\/wp-content\/uploads\/2024\/08\/cristina-gottardi-GeKoZualPmA-unsplash-1.webp?resize=350%2C200&ssl=1 1x, https:\/\/i0.wp.com\/kohenavocats.com\/wp-content\/uploads\/2024\/08\/cristina-gottardi-GeKoZualPmA-unsplash-1.webp?resize=525%2C300&ssl=1 1.5x, https:\/\/i0.wp.com\/kohenavocats.com\/wp-content\/uploads\/2024\/08\/cristina-gottardi-GeKoZualPmA-unsplash-1.webp?resize=700%2C400&ssl=1 2x, https:\/\/i0.wp.com\/kohenavocats.com\/wp-content\/uploads\/2024\/08\/cristina-gottardi-GeKoZualPmA-unsplash-1.webp?resize=1050%2C600&ssl=1 3x, https:\/\/i0.wp.com\/kohenavocats.com\/wp-content\/uploads\/2024\/08\/cristina-gottardi-GeKoZualPmA-unsplash-1.webp?resize=1400%2C800&ssl=1 4x"},"classes":[]},{"id":432109,"url":"https:\/\/kohenavocats.com\/zh-hans\/cour-dappel-de-paris-le-5-avril-2011-n10-01218\/","url_meta":{"origin":667319,"position":2},"title":"Cour d&#8217;appel de Paris, le 5 avril 2011, n\u00b010\/01218","author":"Kohen","date":"2026\u5e743\u670824\u65e5","format":false,"excerpt":"La Cour d\u2019appel de Paris, dans un arr\u00eat du 5 avril\u2026","rel":"","context":"\u5728\u201cCour d'appel\u201d\u4e2d","block_context":{"text":"Cour d'appel","link":"https:\/\/kohenavocats.com\/category\/cour-dappel\/"},"img":{"alt_text":"","src":"https:\/\/i0.wp.com\/kohenavocats.com\/wp-content\/uploads\/2024\/11\/alexander-mils-JveCFfribI8-unsplash.webp?resize=350%2C200&ssl=1","width":350,"height":200,"srcset":"https:\/\/i0.wp.com\/kohenavocats.com\/wp-content\/uploads\/2024\/11\/alexander-mils-JveCFfribI8-unsplash.webp?resize=350%2C200&ssl=1 1x, https:\/\/i0.wp.com\/kohenavocats.com\/wp-content\/uploads\/2024\/11\/alexander-mils-JveCFfribI8-unsplash.webp?resize=525%2C300&ssl=1 1.5x, https:\/\/i0.wp.com\/kohenavocats.com\/wp-content\/uploads\/2024\/11\/alexander-mils-JveCFfribI8-unsplash.webp?resize=700%2C400&ssl=1 2x, https:\/\/i0.wp.com\/kohenavocats.com\/wp-content\/uploads\/2024\/11\/alexander-mils-JveCFfribI8-unsplash.webp?resize=1050%2C600&ssl=1 3x, https:\/\/i0.wp.com\/kohenavocats.com\/wp-content\/uploads\/2024\/11\/alexander-mils-JveCFfribI8-unsplash.webp?resize=1400%2C800&ssl=1 4x"},"classes":[]},{"id":458344,"url":"https:\/\/kohenavocats.com\/zh-hans\/caa-caa-de-paris-18-12-2025-n-24pa00973\/","url_meta":{"origin":667319,"position":3},"title":"CAA \u2013 CAA de PARIS \u2013 18\/12\/2025 \u2013 n\u00b0 24PA00973","author":"Kohen","date":"2026\u5e744\u67087\u65e5","format":false,"excerpt":"Par un arr\u00eat rendu le 18 d\u00e9cembre 2025, la Cour ad\u2026","rel":"","context":"\u5728\u201cJuridictions administratives\u201d\u4e2d","block_context":{"text":"Juridictions administratives","link":"https:\/\/kohenavocats.com\/category\/juridictions-administratives\/"},"img":{"alt_text":"","src":"https:\/\/i0.wp.com\/kohenavocats.com\/wp-content\/uploads\/2024\/11\/laura-adai-jnFyVBtmWtI-unsplash.webp?resize=350%2C200&ssl=1","width":350,"height":200,"srcset":"https:\/\/i0.wp.com\/kohenavocats.com\/wp-content\/uploads\/2024\/11\/laura-adai-jnFyVBtmWtI-unsplash.webp?resize=350%2C200&ssl=1 1x, https:\/\/i0.wp.com\/kohenavocats.com\/wp-content\/uploads\/2024\/11\/laura-adai-jnFyVBtmWtI-unsplash.webp?resize=525%2C300&ssl=1 1.5x, https:\/\/i0.wp.com\/kohenavocats.com\/wp-content\/uploads\/2024\/11\/laura-adai-jnFyVBtmWtI-unsplash.webp?resize=700%2C400&ssl=1 2x, https:\/\/i0.wp.com\/kohenavocats.com\/wp-content\/uploads\/2024\/11\/laura-adai-jnFyVBtmWtI-unsplash.webp?resize=1050%2C600&ssl=1 3x, https:\/\/i0.wp.com\/kohenavocats.com\/wp-content\/uploads\/2024\/11\/laura-adai-jnFyVBtmWtI-unsplash.webp?resize=1400%2C800&ssl=1 4x"},"classes":[]},{"id":420762,"url":"https:\/\/kohenavocats.com\/zh-hans\/cour-dappel-de-paris-le-24-janvier-2012-n10-12111\/","url_meta":{"origin":667319,"position":4},"title":"Cour d&#8217;appel de Paris, le 24 janvier 2012, n\u00b010\/12111","author":"Kohen","date":"2026\u5e743\u670822\u65e5","format":false,"excerpt":"La Cour d\u2019appel de Paris, dans un arr\u00eat du 24 janv\u2026","rel":"","context":"\u5728\u201cCour d'appel\u201d\u4e2d","block_context":{"text":"Cour d'appel","link":"https:\/\/kohenavocats.com\/category\/cour-dappel\/"},"img":{"alt_text":"","src":"https:\/\/i0.wp.com\/kohenavocats.com\/wp-content\/uploads\/2024\/08\/nicole-herrero-ykxJs2HEb_w-unsplash.webp?resize=350%2C200&ssl=1","width":350,"height":200,"srcset":"https:\/\/i0.wp.com\/kohenavocats.com\/wp-content\/uploads\/2024\/08\/nicole-herrero-ykxJs2HEb_w-unsplash.webp?resize=350%2C200&ssl=1 1x, https:\/\/i0.wp.com\/kohenavocats.com\/wp-content\/uploads\/2024\/08\/nicole-herrero-ykxJs2HEb_w-unsplash.webp?resize=525%2C300&ssl=1 1.5x, https:\/\/i0.wp.com\/kohenavocats.com\/wp-content\/uploads\/2024\/08\/nicole-herrero-ykxJs2HEb_w-unsplash.webp?resize=700%2C400&ssl=1 2x, https:\/\/i0.wp.com\/kohenavocats.com\/wp-content\/uploads\/2024\/08\/nicole-herrero-ykxJs2HEb_w-unsplash.webp?resize=1050%2C600&ssl=1 3x, https:\/\/i0.wp.com\/kohenavocats.com\/wp-content\/uploads\/2024\/08\/nicole-herrero-ykxJs2HEb_w-unsplash.webp?resize=1400%2C800&ssl=1 4x"},"classes":[]},{"id":420527,"url":"https:\/\/kohenavocats.com\/zh-hans\/cour-dappel-de-paris-le-17-janvier-2012-n10-17563\/","url_meta":{"origin":667319,"position":5},"title":"Cour d&#8217;appel de Paris, le 17 janvier 2012, n\u00b010\/17563","author":"Kohen","date":"2026\u5e743\u670822\u65e5","format":false,"excerpt":"La Cour d'appel de Paris, dans un arr\u00eat du 17 janv\u2026","rel":"","context":"\u5728\u201cCour d'appel\u201d\u4e2d","block_context":{"text":"Cour d'appel","link":"https:\/\/kohenavocats.com\/category\/cour-dappel\/"},"img":{"alt_text":"","src":"https:\/\/i0.wp.com\/kohenavocats.com\/wp-content\/uploads\/2024\/11\/luke-jones-DaS7IxmJGfw-unsplash.webp?resize=350%2C200&ssl=1","width":350,"height":200,"srcset":"https:\/\/i0.wp.com\/kohenavocats.com\/wp-content\/uploads\/2024\/11\/luke-jones-DaS7IxmJGfw-unsplash.webp?resize=350%2C200&ssl=1 1x, https:\/\/i0.wp.com\/kohenavocats.com\/wp-content\/uploads\/2024\/11\/luke-jones-DaS7IxmJGfw-unsplash.webp?resize=525%2C300&ssl=1 1.5x, https:\/\/i0.wp.com\/kohenavocats.com\/wp-content\/uploads\/2024\/11\/luke-jones-DaS7IxmJGfw-unsplash.webp?resize=700%2C400&ssl=1 2x, https:\/\/i0.wp.com\/kohenavocats.com\/wp-content\/uploads\/2024\/11\/luke-jones-DaS7IxmJGfw-unsplash.webp?resize=1050%2C600&ssl=1 3x, https:\/\/i0.wp.com\/kohenavocats.com\/wp-content\/uploads\/2024\/11\/luke-jones-DaS7IxmJGfw-unsplash.webp?resize=1400%2C800&ssl=1 4x"},"classes":[]}],"jetpack_sharing_enabled":true,"_links":{"self":[{"href":"https:\/\/kohenavocats.com\/zh-hans\/wp-json\/wp\/v2\/posts\/667319","targetHints":{"allow":["GET"]}}],"collection":[{"href":"https:\/\/kohenavocats.com\/zh-hans\/wp-json\/wp\/v2\/posts"}],"about":[{"href":"https:\/\/kohenavocats.com\/zh-hans\/wp-json\/wp\/v2\/types\/post"}],"author":[{"embeddable":true,"href":"https:\/\/kohenavocats.com\/zh-hans\/wp-json\/wp\/v2\/users\/232070755"}],"replies":[{"embeddable":true,"href":"https:\/\/kohenavocats.com\/zh-hans\/wp-json\/wp\/v2\/comments?post=667319"}],"version-history":[{"count":0,"href":"https:\/\/kohenavocats.com\/zh-hans\/wp-json\/wp\/v2\/posts\/667319\/revisions"}],"wp:featuredmedia":[{"embeddable":true,"href":"https:\/\/kohenavocats.com\/zh-hans\/wp-json\/wp\/v2\/media\/9566"}],"wp:attachment":[{"href":"https:\/\/kohenavocats.com\/zh-hans\/wp-json\/wp\/v2\/media?parent=667319"}],"wp:term":[{"taxonomy":"category","embeddable":true,"href":"https:\/\/kohenavocats.com\/zh-hans\/wp-json\/wp\/v2\/categories?post=667319"},{"taxonomy":"post_tag","embeddable":true,"href":"https:\/\/kohenavocats.com\/zh-hans\/wp-json\/wp\/v2\/tags?post=667319"}],"curies":[{"name":"wp","href":"https:\/\/api.w.org\/{rel}","templated":true}]}}