{"id":667321,"date":"2026-04-24T03:08:58","date_gmt":"2026-04-24T01:08:58","guid":{"rendered":"https:\/\/kohenavocats.com\/tribunal-judiciaire-de-toulon-le-17-janvier-2025-n25-01700\/"},"modified":"2026-04-26T20:20:08","modified_gmt":"2026-04-26T18:20:08","slug":"tribunal-judiciaire-de-toulon-le-17-janvier-2025-n25-01700","status":"publish","type":"post","link":"https:\/\/kohenavocats.com\/zh-hans\/tribunal-judiciaire-de-toulon-le-17-janvier-2025-n25-01700\/","title":{"rendered":"Tribunal judiciaire de Toulon, le 17 janvier 2025, n\u00b025\/01700"},"content":{"rendered":"<div class=\"article-content\">\n<p>Le tribunal judiciaire statuant en r\u00e9f\u00e9r\u00e9 \u00e0 Toulon a rendu une ordonnance le 17 janvier 2025. Le bailleur d&#8217;un fonds de commerce a sollicit\u00e9 l&#8217;expulsion des preneurs pour inex\u00e9cution de leurs obligations contractuelles. Il a \u00e9galement demand\u00e9 le paiement provisionnel des <a href=\"https:\/\/kohenavocats.fr\/avocat-recouvrement-loyers-paris\/\" target=\"_blank\" title=\"loyers impay\u00e9s\">loyers impay\u00e9s<\/a> et une indemnit\u00e9 d&#8217;occupation. Le juge des r\u00e9f\u00e9r\u00e9s a accueilli l&#8217;int\u00e9gralit\u00e9 des demandes du bailleur. Il a ordonn\u00e9 l&#8217;expulsion des locataires et les a condamn\u00e9s au paiement de diverses sommes.<\/p>\n<p>La mise en \u0153uvre rigoureuse de la <a href=\"https:\/\/kohenavocats.fr\/avocat-resiliation-bail-paris\/\" target=\"_blank\" title=\"clause r\u00e9solutoire\">clause r\u00e9solutoire<\/a><\/p>\n<p>Le juge constate la r\u00e9siliation de plein droit du <a href=\"https:\/\/kohenavocats.fr\/avocats-en-droit-immobilier-et-droit-des-affaires-a-paris-kohen-avocats\/avocats-droit-immobilier-paris\/avocats-baux-commerciaux-paris\/\" target=\"_blank\" title=\"bail commercial\">bail commercial<\/a>. Il rappelle le formalisme imp\u00e9ratif attach\u00e9 \u00e0 l&#8217;activation d&#8217;une telle clause. La d\u00e9cision souligne que la clause contractuelle pr\u00e9voyait la r\u00e9siliation pour tout manquement. Le bailleur a diligent\u00e9 un commandement notifi\u00e9 par acte de commissaire de justice. Cet acte enjoignait aux preneurs de se conformer \u00e0 leurs obligations dans un d\u00e9lai d&#8217;un mois. &#8220;Le commandement doit, \u00e0 peine de nullit\u00e9, mentionner ce d\u00e9lai&#8221; (Tribunal judiciaire de Toulon, le 17 janvier 2025). Les preneurs n&#8217;ayant pas obtemp\u00e9r\u00e9, la <a href=\"https:\/\/kohenavocats.fr\/elementor-60\/avocats-droit-immobilier-paris\/avocat-compromis-vente-immobilier-paris\/\" target=\"_blank\" title=\"condition suspensive\">condition suspensive<\/a> fut r\u00e9alis\u00e9e. Le contrat fut donc r\u00e9solu de plein droit \u00e0 l&#8217;expiration du d\u00e9lai imparti. Cette application stricte prot\u00e8ge le bailleur contre un trouble manifestement illicite. Elle consacre \u00e9galement la force obligatoire des conventions l\u00e9galement form\u00e9es. La solution affirme la s\u00e9curit\u00e9 juridique des proc\u00e9dures contractuelles de r\u00e9siliation. Elle rappelle la n\u00e9cessit\u00e9 d&#8217;un commandement pr\u00e9alable formel pour les baux commerciaux. &#8220;toute clause ins\u00e9r\u00e9e dans un bail pr\u00e9voyant la r\u00e9siliation de plein droit ne produit effet qu\u2019un mois apr\u00e8s un commandement demeur\u00e9 infructueux&#8221; (Tribunal judiciaire de Toulon, le 17 janvier 2025). La port\u00e9e de ce point est essentielle pour la validit\u00e9 des r\u00e9siliations.<\/p>\n<p>L&#8217;occupation sans titre constitue un trouble illicite justifiant l&#8217;expulsion. D\u00e8s le lendemain de la r\u00e9solution, les preneurs deviennent des occupants sans droit. Le juge qualifie cette situation de trouble manifestement illicite au sens de l&#8217;article 835. Il use ainsi de son pouvoir pour ordonner une mesure de remise en \u00e9tat. L&#8217;expulsion est prononc\u00e9e avec le concours de la force publique si n\u00e9cessaire. Cette d\u00e9cision pr\u00e9ventive vise \u00e0 faire cesser une situation irr\u00e9guli\u00e8re. Elle illustre l&#8217;efficacit\u00e9 du r\u00e9f\u00e9r\u00e9 pour prot\u00e9ger les droits patrimoniaux. La valeur de cette mesure est de garantir l&#8217;effectivit\u00e9 de la r\u00e9solution contractuelle. Elle emp\u00eache la perp\u00e9tuation d&#8217;une occupation ill\u00e9gitime au d\u00e9triment du propri\u00e9taire.<\/p>\n<p>Les pouvoirs du juge des r\u00e9f\u00e9r\u00e9s pour accorder des provisions<\/p>\n<p>Le juge accorde une provision au titre des loyers et charges \u00e9chus impay\u00e9s. Il fonde sa d\u00e9cision sur l&#8217;article 835 alin\u00e9a 2 du code de proc\u00e9dure civile. Le demandeur doit \u00e9tablir le principe et le montant de l&#8217;obligation. En l&#8217;esp\u00e8ce, le bailleur a produit le bail, le commandement et un d\u00e9compte actualis\u00e9. Ces \u00e9l\u00e9ments justifient la cr\u00e9ance de loyers arr\u00eat\u00e9e \u00e0 une date certaine. Les preneurs n&#8217;ont apport\u00e9 aucune preuve de paiement ou d&#8217;extinction de la dette. Le juge en d\u00e9duit que l&#8217;obligation de payer n&#8217;est pas s\u00e9rieusement contestable. &#8220;l\u2019obligation des preneurs de payer la somme de 10.685,66 \u20ac [&#8230;] n\u2019est pas s\u00e9rieusement contestable&#8221; (Tribunal judiciaire de Toulon, le 17 janvier 2025). Cette approche est conforme \u00e0 la jurisprudence existante sur le sujet. &#8220;L&#8217;obligation du locataire de payer la somme de 17 949 euros [&#8230;] n\u2019est pas s\u00e9rieusement contestable&#8221; (Tribunal judiciaire de Marseille, le 28 f\u00e9vrier 2025, n\u00b024\/03087). La provision couvre les loyers \u00e9chus jusqu&#8217;au premier trimestre 2025 inclus. Elle est assortie d&#8217;int\u00e9r\u00eats au taux l\u00e9gal \u00e0 compter du jugement.<\/p>\n<p>Le juge ordonne \u00e9galement le paiement d&#8217;une indemnit\u00e9 d&#8217;occupation provisionnelle. Celle-ci court \u00e0 compter de la r\u00e9siliation du bail jusqu&#8217;\u00e0 la lib\u00e9ration des lieux. Son montant est fix\u00e9 \u00e0 hauteur du dernier loyer augment\u00e9 des charges. Cette indemnit\u00e9 a une double finalit\u00e9 compensatrice et indemnitaire. Elle compense la perte de loyer subie par le bailleur du fait de l&#8217;occupation. Elle indemnise aussi le pr\u00e9judice li\u00e9 \u00e0 l&#8217;indisponibilit\u00e9 du local. Cette condamnation est logique dans le prolongement de la r\u00e9siliation constat\u00e9e. Elle \u00e9vite que les occupants sans titre ne profitent gratuitement des lieux. La d\u00e9cision assure ainsi une protection p\u00e9cuniaire compl\u00e8te au cr\u00e9ancier. Elle illustre la facult\u00e9 du juge des r\u00e9f\u00e9r\u00e9s \u00e0 ordonner des mesures utiles.<\/p>\n<\/div>\n","protected":false},"excerpt":{"rendered":"<p>Le tribunal judiciaire statuant en r\u00e9f\u00e9r\u00e9 \u00e0 Toulon a rendu une ordonnance le 17 janvier 2025. Le bailleur d&#8217;un fonds de commerce a sollicit\u00e9 l&#8217;expulsion des &#8230;<\/p>\n","protected":false},"author":232070755,"featured_media":9554,"comment_status":"open","ping_status":"open","sticky":false,"template":"","format":"standard","meta":{"_crdt_document":"","_jetpack_newsletter_access":"","_jetpack_dont_email_post_to_subs":false,"_jetpack_newsletter_tier_id":0,"_jetpack_memberships_contains_paywalled_content":false,"_kj_source_type":"judilibre","_kj_official_id":"68d3030f69293f91fcc87cf3","_kj_official_url":"https:\/\/www.courdecassation.fr\/decision\/68d3030f69293f91fcc87cf3","_kj_judilibre_id":"68d3030f69293f91fcc87cf3","_kj_jur":"Tribunal judiciaire","_kj_lieu":"Tribunal judiciaire de Toulon","_kj_chambre":"REFERES","_kj_rg":"25\/01700","_kj_date":"2025-09-23","_jetpack_memberships_contains_paid_content":false,"footnotes":"","jetpack_post_was_ever_published":false},"categories":[7096,35583,7597],"tags":[],"class_list":["post-667321","post","type-post","status-publish","format-standard","has-post-thumbnail","hentry","category-code-des-assurances","category-immobilier","category-jurisprudence"],"yoast_head":"<!-- This site is optimized with the Yoast SEO Premium plugin v27.5 (Yoast SEO v27.5) - https:\/\/yoast.com\/product\/yoast-seo-premium-wordpress\/ -->\n<title>Tribunal judiciaire de Toulon, le 17 janvier 2025, n\u00b025\/01700 - Ma\u00eetre Hassan Kohen, avocat en droit p\u00e9nal \u00e0 Paris<\/title>\n<meta name=\"description\" content=\"Le tribunal judiciaire statuant en r\u00e9f\u00e9r\u00e9 \u00e0 Toulon a rendu une ordonnance le 17 janvier 2025. Le bailleur d&#039;un fonds de commerce a sollicit\u00e9 l&#039;expulsion des ...\" \/>\n<meta name=\"robots\" content=\"index, follow, max-snippet:-1, max-image-preview:large, max-video-preview:-1\" \/>\n<link rel=\"canonical\" href=\"https:\/\/kohenavocats.com\/zh-hans\/tribunal-judiciaire-de-toulon-le-17-janvier-2025-n25-01700\/\" \/>\n<meta property=\"og:locale\" content=\"zh_CN\" \/>\n<meta property=\"og:type\" content=\"article\" \/>\n<meta property=\"og:title\" content=\"Tribunal judiciaire de Toulon, le 17 janvier 2025, n\u00b025\/01700\" \/>\n<meta property=\"og:description\" content=\"Le tribunal judiciaire statuant en r\u00e9f\u00e9r\u00e9 \u00e0 Toulon a rendu une ordonnance le 17 janvier 2025. Le bailleur d&#039;un fonds de commerce a sollicit\u00e9 l&#039;expulsion des ...\" \/>\n<meta property=\"og:url\" content=\"https:\/\/kohenavocats.com\/zh-hans\/tribunal-judiciaire-de-toulon-le-17-janvier-2025-n25-01700\/\" \/>\n<meta property=\"og:site_name\" content=\"Ma\u00eetre Hassan Kohen, avocat en droit p\u00e9nal \u00e0 Paris\" \/>\n<meta property=\"article:published_time\" content=\"2026-04-24T01:08:58+00:00\" \/>\n<meta property=\"article:modified_time\" content=\"2026-04-26T18:20:08+00:00\" \/>\n<meta property=\"og:image\" content=\"https:\/\/kohenavocats.com\/wp-content\/uploads\/2024\/11\/pawel-czerwinski-ibx3hNM2eMc-unsplash.webp\" \/>\n\t<meta property=\"og:image:width\" content=\"7500\" \/>\n\t<meta property=\"og:image:height\" content=\"5000\" \/>\n\t<meta property=\"og:image:type\" content=\"image\/webp\" \/>\n<meta name=\"author\" content=\"Kohen\" \/>\n<meta name=\"twitter:card\" content=\"summary_large_image\" \/>\n<meta name=\"twitter:label1\" content=\"\u4f5c\u8005\" \/>\n\t<meta name=\"twitter:data1\" content=\"Kohen\" \/>\n\t<meta name=\"twitter:label2\" content=\"\u9884\u8ba1\u9605\u8bfb\u65f6\u95f4\" \/>\n\t<meta name=\"twitter:data2\" content=\"4 \u5206\" \/>\n<script type=\"application\/ld+json\" class=\"yoast-schema-graph\">{\"@context\":\"https:\\\/\\\/schema.org\",\"@graph\":[{\"@type\":\"Article\",\"@id\":\"https:\\\/\\\/kohenavocats.com\\\/zh-hans\\\/tribunal-judiciaire-de-toulon-le-17-janvier-2025-n25-01700\\\/#article\",\"isPartOf\":{\"@id\":\"https:\\\/\\\/kohenavocats.com\\\/zh-hans\\\/tribunal-judiciaire-de-toulon-le-17-janvier-2025-n25-01700\\\/\"},\"author\":{\"name\":\"Kohen\",\"@id\":\"https:\\\/\\\/kohenavocats.com\\\/zh-hans\\\/#\\\/schema\\\/person\\\/761c9ba54fa1ca84d405cef0831ff751\"},\"headline\":\"Tribunal judiciaire de Toulon, le 17 janvier 2025, n\u00b025\\\/01700\",\"datePublished\":\"2026-04-24T01:08:58+00:00\",\"dateModified\":\"2026-04-26T18:20:08+00:00\",\"mainEntityOfPage\":{\"@id\":\"https:\\\/\\\/kohenavocats.com\\\/zh-hans\\\/tribunal-judiciaire-de-toulon-le-17-janvier-2025-n25-01700\\\/\"},\"wordCount\":771,\"commentCount\":0,\"publisher\":{\"@id\":\"https:\\\/\\\/kohenavocats.com\\\/zh-hans\\\/#organization\"},\"image\":{\"@id\":\"https:\\\/\\\/kohenavocats.com\\\/zh-hans\\\/tribunal-judiciaire-de-toulon-le-17-janvier-2025-n25-01700\\\/#primaryimage\"},\"thumbnailUrl\":\"https:\\\/\\\/kohenavocats.com\\\/wp-content\\\/uploads\\\/2024\\\/11\\\/pawel-czerwinski-ibx3hNM2eMc-unsplash.webp\",\"articleSection\":[\"Code des assurances\",\"Immobilier\",\"Jurisprudence\"],\"inLanguage\":\"zh-Hans\",\"potentialAction\":[{\"@type\":\"CommentAction\",\"name\":\"Comment\",\"target\":[\"https:\\\/\\\/kohenavocats.com\\\/zh-hans\\\/tribunal-judiciaire-de-toulon-le-17-janvier-2025-n25-01700\\\/#respond\"]}],\"citation\":\"Tribunal judiciaire de Toulon, le 17 janvier 2025, n\u00b025\\\/01700\",\"about\":[{\"@type\":\"Thing\",\"name\":\"Code des assurances\"},{\"@type\":\"Thing\",\"name\":\"Immobilier\"},{\"@type\":\"Thing\",\"name\":\"Jurisprudence\"}],\"speakable\":{\"@type\":\"SpeakableSpecification\",\"cssSelector\":[\".article-content > p:first-of-type\"]}},{\"@type\":\"WebPage\",\"@id\":\"https:\\\/\\\/kohenavocats.com\\\/zh-hans\\\/tribunal-judiciaire-de-toulon-le-17-janvier-2025-n25-01700\\\/\",\"url\":\"https:\\\/\\\/kohenavocats.com\\\/zh-hans\\\/tribunal-judiciaire-de-toulon-le-17-janvier-2025-n25-01700\\\/\",\"name\":\"Tribunal judiciaire de Toulon, le 17 janvier 2025, n\u00b025\\\/01700 - Ma\u00eetre Hassan Kohen, avocat en droit p\u00e9nal \u00e0 Paris\",\"isPartOf\":{\"@id\":\"https:\\\/\\\/kohenavocats.com\\\/zh-hans\\\/#website\"},\"primaryImageOfPage\":{\"@id\":\"https:\\\/\\\/kohenavocats.com\\\/zh-hans\\\/tribunal-judiciaire-de-toulon-le-17-janvier-2025-n25-01700\\\/#primaryimage\"},\"image\":{\"@id\":\"https:\\\/\\\/kohenavocats.com\\\/zh-hans\\\/tribunal-judiciaire-de-toulon-le-17-janvier-2025-n25-01700\\\/#primaryimage\"},\"thumbnailUrl\":\"https:\\\/\\\/kohenavocats.com\\\/wp-content\\\/uploads\\\/2024\\\/11\\\/pawel-czerwinski-ibx3hNM2eMc-unsplash.webp\",\"datePublished\":\"2026-04-24T01:08:58+00:00\",\"dateModified\":\"2026-04-26T18:20:08+00:00\",\"description\":\"Le tribunal judiciaire statuant en r\u00e9f\u00e9r\u00e9 \u00e0 Toulon a rendu une ordonnance le 17 janvier 2025. Le bailleur d'un fonds de commerce a sollicit\u00e9 l'expulsion des ...\",\"breadcrumb\":{\"@id\":\"https:\\\/\\\/kohenavocats.com\\\/zh-hans\\\/tribunal-judiciaire-de-toulon-le-17-janvier-2025-n25-01700\\\/#breadcrumb\"},\"inLanguage\":\"zh-Hans\",\"potentialAction\":[{\"@type\":\"ReadAction\",\"target\":[\"https:\\\/\\\/kohenavocats.com\\\/zh-hans\\\/tribunal-judiciaire-de-toulon-le-17-janvier-2025-n25-01700\\\/\"]}]},{\"@type\":\"ImageObject\",\"inLanguage\":\"zh-Hans\",\"@id\":\"https:\\\/\\\/kohenavocats.com\\\/zh-hans\\\/tribunal-judiciaire-de-toulon-le-17-janvier-2025-n25-01700\\\/#primaryimage\",\"url\":\"https:\\\/\\\/kohenavocats.com\\\/wp-content\\\/uploads\\\/2024\\\/11\\\/pawel-czerwinski-ibx3hNM2eMc-unsplash.webp\",\"contentUrl\":\"https:\\\/\\\/kohenavocats.com\\\/wp-content\\\/uploads\\\/2024\\\/11\\\/pawel-czerwinski-ibx3hNM2eMc-unsplash.webp\",\"width\":7500,\"height\":5000},{\"@type\":\"BreadcrumbList\",\"@id\":\"https:\\\/\\\/kohenavocats.com\\\/zh-hans\\\/tribunal-judiciaire-de-toulon-le-17-janvier-2025-n25-01700\\\/#breadcrumb\",\"itemListElement\":[{\"@type\":\"ListItem\",\"position\":1,\"name\":\"Home\",\"item\":\"https:\\\/\\\/kohenavocats.com\\\/zh-hans\\\/\"},{\"@type\":\"ListItem\",\"position\":2,\"name\":\"Tribunal judiciaire de Toulon, le 17 janvier 2025, n\u00b025\\\/01700\"}]},{\"@type\":\"WebSite\",\"@id\":\"https:\\\/\\\/kohenavocats.com\\\/zh-hans\\\/#website\",\"url\":\"https:\\\/\\\/kohenavocats.com\\\/zh-hans\\\/\",\"name\":\"Kohen Avocats\",\"description\":\"Ma\u00eetre Hassan Kohen, avocat p\u00e9naliste \u00e0 Paris, intervient exclusivement en droit p\u00e9nal pour la d\u00e9fense des particuliers, notamment en mati\u00e8re d\u2019accusations de viol. Il assure un accompagnement rigoureux d\u00e8s la garde \u00e0 vue jusqu\u2019\u00e0 la Cour d\u2019assises, veillant au strict respect des garanties proc\u00e9durales.\",\"publisher\":{\"@id\":\"https:\\\/\\\/kohenavocats.com\\\/zh-hans\\\/#organization\"},\"potentialAction\":[{\"@type\":\"SearchAction\",\"target\":{\"@type\":\"EntryPoint\",\"urlTemplate\":\"https:\\\/\\\/kohenavocats.com\\\/zh-hans\\\/?s={search_term_string}\"},\"query-input\":{\"@type\":\"PropertyValueSpecification\",\"valueRequired\":true,\"valueName\":\"search_term_string\"}}],\"inLanguage\":\"zh-Hans\"},{\"@type\":\"Organization\",\"@id\":\"https:\\\/\\\/kohenavocats.com\\\/zh-hans\\\/#organization\",\"name\":\"Kohen Avocats\",\"url\":\"https:\\\/\\\/kohenavocats.com\\\/zh-hans\\\/\",\"logo\":{\"@type\":\"ImageObject\",\"inLanguage\":\"zh-Hans\",\"@id\":\"https:\\\/\\\/kohenavocats.com\\\/zh-hans\\\/#\\\/schema\\\/logo\\\/image\\\/\",\"url\":\"https:\\\/\\\/kohenavocats.com\\\/wp-content\\\/uploads\\\/2026\\\/01\\\/Logo-2-1.webp\",\"contentUrl\":\"https:\\\/\\\/kohenavocats.com\\\/wp-content\\\/uploads\\\/2026\\\/01\\\/Logo-2-1.webp\",\"width\":2114,\"height\":1253,\"caption\":\"Kohen Avocats\"},\"image\":{\"@id\":\"https:\\\/\\\/kohenavocats.com\\\/zh-hans\\\/#\\\/schema\\\/logo\\\/image\\\/\"}},{\"@type\":\"Person\",\"@id\":\"https:\\\/\\\/kohenavocats.com\\\/zh-hans\\\/#\\\/schema\\\/person\\\/761c9ba54fa1ca84d405cef0831ff751\",\"name\":\"Kohen\",\"image\":{\"@type\":\"ImageObject\",\"inLanguage\":\"zh-Hans\",\"@id\":\"https:\\\/\\\/secure.gravatar.com\\\/avatar\\\/1c5e76ef76bbbfdd2b4da984e2bf2fa4056fd51a27d25ce2c332047f1dfd6e00?s=96&d=identicon&r=g\",\"url\":\"https:\\\/\\\/secure.gravatar.com\\\/avatar\\\/1c5e76ef76bbbfdd2b4da984e2bf2fa4056fd51a27d25ce2c332047f1dfd6e00?s=96&d=identicon&r=g\",\"contentUrl\":\"https:\\\/\\\/secure.gravatar.com\\\/avatar\\\/1c5e76ef76bbbfdd2b4da984e2bf2fa4056fd51a27d25ce2c332047f1dfd6e00?s=96&d=identicon&r=g\",\"caption\":\"Kohen\"},\"sameAs\":[\"https:\\\/\\\/www.linkedin.com\\\/in\\\/hassan-kohen-448548192\\\/\",\"https:\\\/\\\/www.youtube.com\\\/@Kohen-Avocats\"],\"url\":\"https:\\\/\\\/kohenavocats.com\\\/zh-hans\\\/author\\\/kohenmlk\\\/\"}]}<\/script>\n<!-- \/ Yoast SEO Premium plugin. -->","yoast_head_json":{"title":"Tribunal judiciaire de Toulon, le 17 janvier 2025, n\u00b025\/01700 - Ma\u00eetre Hassan Kohen, avocat en droit p\u00e9nal \u00e0 Paris","description":"Le tribunal judiciaire statuant en r\u00e9f\u00e9r\u00e9 \u00e0 Toulon a rendu une ordonnance le 17 janvier 2025. Le bailleur d'un fonds de commerce a sollicit\u00e9 l'expulsion des ...","robots":{"index":"index","follow":"follow","max-snippet":"max-snippet:-1","max-image-preview":"max-image-preview:large","max-video-preview":"max-video-preview:-1"},"canonical":"https:\/\/kohenavocats.com\/zh-hans\/tribunal-judiciaire-de-toulon-le-17-janvier-2025-n25-01700\/","og_locale":"zh_CN","og_type":"article","og_title":"Tribunal judiciaire de Toulon, le 17 janvier 2025, n\u00b025\/01700","og_description":"Le tribunal judiciaire statuant en r\u00e9f\u00e9r\u00e9 \u00e0 Toulon a rendu une ordonnance le 17 janvier 2025. Le bailleur d'un fonds de commerce a sollicit\u00e9 l'expulsion des ...","og_url":"https:\/\/kohenavocats.com\/zh-hans\/tribunal-judiciaire-de-toulon-le-17-janvier-2025-n25-01700\/","og_site_name":"Ma\u00eetre Hassan Kohen, avocat en droit p\u00e9nal \u00e0 Paris","article_published_time":"2026-04-24T01:08:58+00:00","article_modified_time":"2026-04-26T18:20:08+00:00","og_image":[{"width":7500,"height":5000,"url":"https:\/\/kohenavocats.com\/wp-content\/uploads\/2024\/11\/pawel-czerwinski-ibx3hNM2eMc-unsplash.webp","type":"image\/webp"}],"author":"Kohen","twitter_card":"summary_large_image","twitter_misc":{"\u4f5c\u8005":"Kohen","\u9884\u8ba1\u9605\u8bfb\u65f6\u95f4":"4 \u5206"},"schema":{"@context":"https:\/\/schema.org","@graph":[{"@type":"Article","@id":"https:\/\/kohenavocats.com\/zh-hans\/tribunal-judiciaire-de-toulon-le-17-janvier-2025-n25-01700\/#article","isPartOf":{"@id":"https:\/\/kohenavocats.com\/zh-hans\/tribunal-judiciaire-de-toulon-le-17-janvier-2025-n25-01700\/"},"author":{"name":"Kohen","@id":"https:\/\/kohenavocats.com\/zh-hans\/#\/schema\/person\/761c9ba54fa1ca84d405cef0831ff751"},"headline":"Tribunal judiciaire de Toulon, le 17 janvier 2025, n\u00b025\/01700","datePublished":"2026-04-24T01:08:58+00:00","dateModified":"2026-04-26T18:20:08+00:00","mainEntityOfPage":{"@id":"https:\/\/kohenavocats.com\/zh-hans\/tribunal-judiciaire-de-toulon-le-17-janvier-2025-n25-01700\/"},"wordCount":771,"commentCount":0,"publisher":{"@id":"https:\/\/kohenavocats.com\/zh-hans\/#organization"},"image":{"@id":"https:\/\/kohenavocats.com\/zh-hans\/tribunal-judiciaire-de-toulon-le-17-janvier-2025-n25-01700\/#primaryimage"},"thumbnailUrl":"https:\/\/kohenavocats.com\/wp-content\/uploads\/2024\/11\/pawel-czerwinski-ibx3hNM2eMc-unsplash.webp","articleSection":["Code des assurances","Immobilier","Jurisprudence"],"inLanguage":"zh-Hans","potentialAction":[{"@type":"CommentAction","name":"Comment","target":["https:\/\/kohenavocats.com\/zh-hans\/tribunal-judiciaire-de-toulon-le-17-janvier-2025-n25-01700\/#respond"]}],"citation":"Tribunal judiciaire de Toulon, le 17 janvier 2025, n\u00b025\/01700","about":[{"@type":"Thing","name":"Code des assurances"},{"@type":"Thing","name":"Immobilier"},{"@type":"Thing","name":"Jurisprudence"}],"speakable":{"@type":"SpeakableSpecification","cssSelector":[".article-content > p:first-of-type"]}},{"@type":"WebPage","@id":"https:\/\/kohenavocats.com\/zh-hans\/tribunal-judiciaire-de-toulon-le-17-janvier-2025-n25-01700\/","url":"https:\/\/kohenavocats.com\/zh-hans\/tribunal-judiciaire-de-toulon-le-17-janvier-2025-n25-01700\/","name":"Tribunal judiciaire de Toulon, le 17 janvier 2025, n\u00b025\/01700 - Ma\u00eetre Hassan Kohen, avocat en droit p\u00e9nal \u00e0 Paris","isPartOf":{"@id":"https:\/\/kohenavocats.com\/zh-hans\/#website"},"primaryImageOfPage":{"@id":"https:\/\/kohenavocats.com\/zh-hans\/tribunal-judiciaire-de-toulon-le-17-janvier-2025-n25-01700\/#primaryimage"},"image":{"@id":"https:\/\/kohenavocats.com\/zh-hans\/tribunal-judiciaire-de-toulon-le-17-janvier-2025-n25-01700\/#primaryimage"},"thumbnailUrl":"https:\/\/kohenavocats.com\/wp-content\/uploads\/2024\/11\/pawel-czerwinski-ibx3hNM2eMc-unsplash.webp","datePublished":"2026-04-24T01:08:58+00:00","dateModified":"2026-04-26T18:20:08+00:00","description":"Le tribunal judiciaire statuant en r\u00e9f\u00e9r\u00e9 \u00e0 Toulon a rendu une ordonnance le 17 janvier 2025. Le bailleur d'un fonds de commerce a sollicit\u00e9 l'expulsion des ...","breadcrumb":{"@id":"https:\/\/kohenavocats.com\/zh-hans\/tribunal-judiciaire-de-toulon-le-17-janvier-2025-n25-01700\/#breadcrumb"},"inLanguage":"zh-Hans","potentialAction":[{"@type":"ReadAction","target":["https:\/\/kohenavocats.com\/zh-hans\/tribunal-judiciaire-de-toulon-le-17-janvier-2025-n25-01700\/"]}]},{"@type":"ImageObject","inLanguage":"zh-Hans","@id":"https:\/\/kohenavocats.com\/zh-hans\/tribunal-judiciaire-de-toulon-le-17-janvier-2025-n25-01700\/#primaryimage","url":"https:\/\/kohenavocats.com\/wp-content\/uploads\/2024\/11\/pawel-czerwinski-ibx3hNM2eMc-unsplash.webp","contentUrl":"https:\/\/kohenavocats.com\/wp-content\/uploads\/2024\/11\/pawel-czerwinski-ibx3hNM2eMc-unsplash.webp","width":7500,"height":5000},{"@type":"BreadcrumbList","@id":"https:\/\/kohenavocats.com\/zh-hans\/tribunal-judiciaire-de-toulon-le-17-janvier-2025-n25-01700\/#breadcrumb","itemListElement":[{"@type":"ListItem","position":1,"name":"Home","item":"https:\/\/kohenavocats.com\/zh-hans\/"},{"@type":"ListItem","position":2,"name":"Tribunal judiciaire de Toulon, le 17 janvier 2025, n\u00b025\/01700"}]},{"@type":"WebSite","@id":"https:\/\/kohenavocats.com\/zh-hans\/#website","url":"https:\/\/kohenavocats.com\/zh-hans\/","name":"Kohen Avocats","description":"Ma\u00eetre Hassan Kohen, avocat p\u00e9naliste \u00e0 Paris, intervient exclusivement en droit p\u00e9nal pour la d\u00e9fense des particuliers, notamment en mati\u00e8re d\u2019accusations de viol. Il assure un accompagnement rigoureux d\u00e8s la garde \u00e0 vue jusqu\u2019\u00e0 la Cour d\u2019assises, veillant au strict respect des garanties proc\u00e9durales.","publisher":{"@id":"https:\/\/kohenavocats.com\/zh-hans\/#organization"},"potentialAction":[{"@type":"SearchAction","target":{"@type":"EntryPoint","urlTemplate":"https:\/\/kohenavocats.com\/zh-hans\/?s={search_term_string}"},"query-input":{"@type":"PropertyValueSpecification","valueRequired":true,"valueName":"search_term_string"}}],"inLanguage":"zh-Hans"},{"@type":"Organization","@id":"https:\/\/kohenavocats.com\/zh-hans\/#organization","name":"Kohen Avocats","url":"https:\/\/kohenavocats.com\/zh-hans\/","logo":{"@type":"ImageObject","inLanguage":"zh-Hans","@id":"https:\/\/kohenavocats.com\/zh-hans\/#\/schema\/logo\/image\/","url":"https:\/\/kohenavocats.com\/wp-content\/uploads\/2026\/01\/Logo-2-1.webp","contentUrl":"https:\/\/kohenavocats.com\/wp-content\/uploads\/2026\/01\/Logo-2-1.webp","width":2114,"height":1253,"caption":"Kohen Avocats"},"image":{"@id":"https:\/\/kohenavocats.com\/zh-hans\/#\/schema\/logo\/image\/"}},{"@type":"Person","@id":"https:\/\/kohenavocats.com\/zh-hans\/#\/schema\/person\/761c9ba54fa1ca84d405cef0831ff751","name":"Kohen","image":{"@type":"ImageObject","inLanguage":"zh-Hans","@id":"https:\/\/secure.gravatar.com\/avatar\/1c5e76ef76bbbfdd2b4da984e2bf2fa4056fd51a27d25ce2c332047f1dfd6e00?s=96&d=identicon&r=g","url":"https:\/\/secure.gravatar.com\/avatar\/1c5e76ef76bbbfdd2b4da984e2bf2fa4056fd51a27d25ce2c332047f1dfd6e00?s=96&d=identicon&r=g","contentUrl":"https:\/\/secure.gravatar.com\/avatar\/1c5e76ef76bbbfdd2b4da984e2bf2fa4056fd51a27d25ce2c332047f1dfd6e00?s=96&d=identicon&r=g","caption":"Kohen"},"sameAs":["https:\/\/www.linkedin.com\/in\/hassan-kohen-448548192\/","https:\/\/www.youtube.com\/@Kohen-Avocats"],"url":"https:\/\/kohenavocats.com\/zh-hans\/author\/kohenmlk\/"}]}},"jetpack_featured_media_url":"https:\/\/kohenavocats.com\/wp-content\/uploads\/2024\/11\/pawel-czerwinski-ibx3hNM2eMc-unsplash.webp","jetpack_likes_enabled":false,"jetpack_shortlink":"https:\/\/wp.me\/peCrII-2NBf","jetpack-related-posts":[{"id":632113,"url":"https:\/\/kohenavocats.com\/zh-hans\/tribunal-judiciaire-de-toulon-le-10-octobre-2025-n25-01363\/","url_meta":{"origin":667321,"position":0},"title":"Tribunal judiciaire de Toulon, le 10 octobre 2025, n\u00b025\/01363","author":"Kohen","date":"2026\u5e744\u670821\u65e5","format":false,"excerpt":"Le tribunal judiciaire de Toulon, statuant en r\u00e9f\u00e9\u2026","rel":"","context":"\u5728\u201cJurisprudence\u201d\u4e2d","block_context":{"text":"Jurisprudence","link":"https:\/\/kohenavocats.com\/category\/jurisprudence\/"},"img":{"alt_text":"","src":"https:\/\/i0.wp.com\/kohenavocats.com\/wp-content\/uploads\/2024\/11\/laura-adai-jnFyVBtmWtI-unsplash.webp?resize=350%2C200&ssl=1","width":350,"height":200,"srcset":"https:\/\/i0.wp.com\/kohenavocats.com\/wp-content\/uploads\/2024\/11\/laura-adai-jnFyVBtmWtI-unsplash.webp?resize=350%2C200&ssl=1 1x, https:\/\/i0.wp.com\/kohenavocats.com\/wp-content\/uploads\/2024\/11\/laura-adai-jnFyVBtmWtI-unsplash.webp?resize=525%2C300&ssl=1 1.5x, https:\/\/i0.wp.com\/kohenavocats.com\/wp-content\/uploads\/2024\/11\/laura-adai-jnFyVBtmWtI-unsplash.webp?resize=700%2C400&ssl=1 2x, https:\/\/i0.wp.com\/kohenavocats.com\/wp-content\/uploads\/2024\/11\/laura-adai-jnFyVBtmWtI-unsplash.webp?resize=1050%2C600&ssl=1 3x, https:\/\/i0.wp.com\/kohenavocats.com\/wp-content\/uploads\/2024\/11\/laura-adai-jnFyVBtmWtI-unsplash.webp?resize=1400%2C800&ssl=1 4x"},"classes":[]},{"id":632119,"url":"https:\/\/kohenavocats.com\/zh-hans\/tribunal-judiciaire-de-toulon-le-16-avril-2025-n25-01617\/","url_meta":{"origin":667321,"position":1},"title":"Tribunal judiciaire de Toulon, le 16 avril 2025, n\u00b025\/01617","author":"Kohen","date":"2026\u5e744\u670821\u65e5","format":false,"excerpt":"Le tribunal judiciaire de Toulon, statuant en r\u00e9f\u00e9\u2026","rel":"","context":"\u5728\u201cJurisprudence\u201d\u4e2d","block_context":{"text":"Jurisprudence","link":"https:\/\/kohenavocats.com\/category\/jurisprudence\/"},"img":{"alt_text":"","src":"https:\/\/i0.wp.com\/kohenavocats.com\/wp-content\/uploads\/2024\/11\/umpholphat-dangam-le9eON7OAXo-unsplash.webp?resize=350%2C200&ssl=1","width":350,"height":200,"srcset":"https:\/\/i0.wp.com\/kohenavocats.com\/wp-content\/uploads\/2024\/11\/umpholphat-dangam-le9eON7OAXo-unsplash.webp?resize=350%2C200&ssl=1 1x, https:\/\/i0.wp.com\/kohenavocats.com\/wp-content\/uploads\/2024\/11\/umpholphat-dangam-le9eON7OAXo-unsplash.webp?resize=525%2C300&ssl=1 1.5x, https:\/\/i0.wp.com\/kohenavocats.com\/wp-content\/uploads\/2024\/11\/umpholphat-dangam-le9eON7OAXo-unsplash.webp?resize=700%2C400&ssl=1 2x, https:\/\/i0.wp.com\/kohenavocats.com\/wp-content\/uploads\/2024\/11\/umpholphat-dangam-le9eON7OAXo-unsplash.webp?resize=1050%2C600&ssl=1 3x, https:\/\/i0.wp.com\/kohenavocats.com\/wp-content\/uploads\/2024\/11\/umpholphat-dangam-le9eON7OAXo-unsplash.webp?resize=1400%2C800&ssl=1 4x"},"classes":[]},{"id":238283,"url":"https:\/\/kohenavocats.com\/zh-hans\/tribunal-judiciaire-de-toulon-le-17-juin-2025-n25-01206\/","url_meta":{"origin":667321,"position":2},"title":"Tribunal judiciaire de Toulon, le 17 juin 2025, n\u00b025\/01206","author":"Kohen","date":"2025\u5e7412\u670831\u65e5","format":false,"excerpt":"Le contentieux des impay\u00e9s locatifs dans le parc s\u2026","rel":"","context":"\u5728\u201cD\u00e9cisions juridiques\u201d\u4e2d","block_context":{"text":"D\u00e9cisions juridiques","link":"https:\/\/kohenavocats.com\/category\/decisions-juridiques\/"},"img":{"alt_text":"","src":"https:\/\/i0.wp.com\/kohenavocats.com\/wp-content\/uploads\/2024\/11\/planet-volumes-QaegYrPWWD4-unsplash.webp?resize=350%2C200&ssl=1","width":350,"height":200,"srcset":"https:\/\/i0.wp.com\/kohenavocats.com\/wp-content\/uploads\/2024\/11\/planet-volumes-QaegYrPWWD4-unsplash.webp?resize=350%2C200&ssl=1 1x, https:\/\/i0.wp.com\/kohenavocats.com\/wp-content\/uploads\/2024\/11\/planet-volumes-QaegYrPWWD4-unsplash.webp?resize=525%2C300&ssl=1 1.5x, https:\/\/i0.wp.com\/kohenavocats.com\/wp-content\/uploads\/2024\/11\/planet-volumes-QaegYrPWWD4-unsplash.webp?resize=700%2C400&ssl=1 2x, https:\/\/i0.wp.com\/kohenavocats.com\/wp-content\/uploads\/2024\/11\/planet-volumes-QaegYrPWWD4-unsplash.webp?resize=1050%2C600&ssl=1 3x, https:\/\/i0.wp.com\/kohenavocats.com\/wp-content\/uploads\/2024\/11\/planet-volumes-QaegYrPWWD4-unsplash.webp?resize=1400%2C800&ssl=1 4x"},"classes":[]},{"id":486005,"url":"https:\/\/kohenavocats.com\/zh-hans\/tribunal-judiciaire-de-toulon-le-2-decembre-2025-n25-02144\/","url_meta":{"origin":667321,"position":3},"title":"Tribunal judiciaire de Toulon, le 2 d\u00e9cembre 2025, n\u00b025\/02144","author":"Kohen","date":"2026\u5e744\u67088\u65e5","format":false,"excerpt":"Le juge des r\u00e9f\u00e9r\u00e9s, statuant par ordonnance, exam\u2026","rel":"","context":"\u5728\u201cJurisprudence\u201d\u4e2d","block_context":{"text":"Jurisprudence","link":"https:\/\/kohenavocats.com\/category\/jurisprudence\/"},"img":{"alt_text":"","src":"https:\/\/i0.wp.com\/kohenavocats.com\/wp-content\/uploads\/2024\/11\/getty-images-3YlszAwDqLI-unsplash.webp?resize=350%2C200&ssl=1","width":350,"height":200,"srcset":"https:\/\/i0.wp.com\/kohenavocats.com\/wp-content\/uploads\/2024\/11\/getty-images-3YlszAwDqLI-unsplash.webp?resize=350%2C200&ssl=1 1x, https:\/\/i0.wp.com\/kohenavocats.com\/wp-content\/uploads\/2024\/11\/getty-images-3YlszAwDqLI-unsplash.webp?resize=525%2C300&ssl=1 1.5x, https:\/\/i0.wp.com\/kohenavocats.com\/wp-content\/uploads\/2024\/11\/getty-images-3YlszAwDqLI-unsplash.webp?resize=700%2C400&ssl=1 2x, https:\/\/i0.wp.com\/kohenavocats.com\/wp-content\/uploads\/2024\/11\/getty-images-3YlszAwDqLI-unsplash.webp?resize=1050%2C600&ssl=1 3x, https:\/\/i0.wp.com\/kohenavocats.com\/wp-content\/uploads\/2024\/11\/getty-images-3YlszAwDqLI-unsplash.webp?resize=1400%2C800&ssl=1 4x"},"classes":[]},{"id":493072,"url":"https:\/\/kohenavocats.com\/zh-hans\/tribunal-judiciaire-de-toulon-le-17-septembre-2025-n25-02101\/","url_meta":{"origin":667321,"position":4},"title":"Tribunal judiciaire de Toulon, le 17 septembre 2025, n\u00b025\/02101","author":"Kohen","date":"2026\u5e744\u67088\u65e5","format":false,"excerpt":"Le tribunal judiciaire de Toulon, statuant en r\u00e9f\u00e9\u2026","rel":"","context":"\u5728\u201cJurisprudence\u201d\u4e2d","block_context":{"text":"Jurisprudence","link":"https:\/\/kohenavocats.com\/category\/jurisprudence\/"},"img":{"alt_text":"","src":"https:\/\/i0.wp.com\/kohenavocats.com\/wp-content\/uploads\/2024\/11\/xhiliana-CfCB8S-7RM4-unsplash.webp?resize=350%2C200&ssl=1","width":350,"height":200,"srcset":"https:\/\/i0.wp.com\/kohenavocats.com\/wp-content\/uploads\/2024\/11\/xhiliana-CfCB8S-7RM4-unsplash.webp?resize=350%2C200&ssl=1 1x, https:\/\/i0.wp.com\/kohenavocats.com\/wp-content\/uploads\/2024\/11\/xhiliana-CfCB8S-7RM4-unsplash.webp?resize=525%2C300&ssl=1 1.5x, https:\/\/i0.wp.com\/kohenavocats.com\/wp-content\/uploads\/2024\/11\/xhiliana-CfCB8S-7RM4-unsplash.webp?resize=700%2C400&ssl=1 2x, https:\/\/i0.wp.com\/kohenavocats.com\/wp-content\/uploads\/2024\/11\/xhiliana-CfCB8S-7RM4-unsplash.webp?resize=1050%2C600&ssl=1 3x, https:\/\/i0.wp.com\/kohenavocats.com\/wp-content\/uploads\/2024\/11\/xhiliana-CfCB8S-7RM4-unsplash.webp?resize=1400%2C800&ssl=1 4x"},"classes":[]},{"id":633295,"url":"https:\/\/kohenavocats.com\/zh-hans\/tribunal-judiciaire-de-toulon-le-19-septembre-2025-n25-01897\/","url_meta":{"origin":667321,"position":5},"title":"Tribunal judiciaire de Toulon, le 19 septembre 2025, n\u00b025\/01897","author":"Kohen","date":"2026\u5e744\u670821\u65e5","format":false,"excerpt":"Le tribunal judiciaire de Toulon, statuant par ord\u2026","rel":"","context":"\u5728\u201cJurisprudence\u201d\u4e2d","block_context":{"text":"Jurisprudence","link":"https:\/\/kohenavocats.com\/category\/jurisprudence\/"},"img":{"alt_text":"","src":"https:\/\/i0.wp.com\/kohenavocats.com\/wp-content\/uploads\/2024\/11\/mohamed-nohassi-6QR1fxoLiDQ-unsplash.webp?resize=350%2C200&ssl=1","width":350,"height":200,"srcset":"https:\/\/i0.wp.com\/kohenavocats.com\/wp-content\/uploads\/2024\/11\/mohamed-nohassi-6QR1fxoLiDQ-unsplash.webp?resize=350%2C200&ssl=1 1x, https:\/\/i0.wp.com\/kohenavocats.com\/wp-content\/uploads\/2024\/11\/mohamed-nohassi-6QR1fxoLiDQ-unsplash.webp?resize=525%2C300&ssl=1 1.5x, https:\/\/i0.wp.com\/kohenavocats.com\/wp-content\/uploads\/2024\/11\/mohamed-nohassi-6QR1fxoLiDQ-unsplash.webp?resize=700%2C400&ssl=1 2x, https:\/\/i0.wp.com\/kohenavocats.com\/wp-content\/uploads\/2024\/11\/mohamed-nohassi-6QR1fxoLiDQ-unsplash.webp?resize=1050%2C600&ssl=1 3x, https:\/\/i0.wp.com\/kohenavocats.com\/wp-content\/uploads\/2024\/11\/mohamed-nohassi-6QR1fxoLiDQ-unsplash.webp?resize=1400%2C800&ssl=1 4x"},"classes":[]}],"jetpack_sharing_enabled":true,"_links":{"self":[{"href":"https:\/\/kohenavocats.com\/zh-hans\/wp-json\/wp\/v2\/posts\/667321","targetHints":{"allow":["GET"]}}],"collection":[{"href":"https:\/\/kohenavocats.com\/zh-hans\/wp-json\/wp\/v2\/posts"}],"about":[{"href":"https:\/\/kohenavocats.com\/zh-hans\/wp-json\/wp\/v2\/types\/post"}],"author":[{"embeddable":true,"href":"https:\/\/kohenavocats.com\/zh-hans\/wp-json\/wp\/v2\/users\/232070755"}],"replies":[{"embeddable":true,"href":"https:\/\/kohenavocats.com\/zh-hans\/wp-json\/wp\/v2\/comments?post=667321"}],"version-history":[{"count":1,"href":"https:\/\/kohenavocats.com\/zh-hans\/wp-json\/wp\/v2\/posts\/667321\/revisions"}],"predecessor-version":[{"id":697015,"href":"https:\/\/kohenavocats.com\/zh-hans\/wp-json\/wp\/v2\/posts\/667321\/revisions\/697015"}],"wp:featuredmedia":[{"embeddable":true,"href":"https:\/\/kohenavocats.com\/zh-hans\/wp-json\/wp\/v2\/media\/9554"}],"wp:attachment":[{"href":"https:\/\/kohenavocats.com\/zh-hans\/wp-json\/wp\/v2\/media?parent=667321"}],"wp:term":[{"taxonomy":"category","embeddable":true,"href":"https:\/\/kohenavocats.com\/zh-hans\/wp-json\/wp\/v2\/categories?post=667321"},{"taxonomy":"post_tag","embeddable":true,"href":"https:\/\/kohenavocats.com\/zh-hans\/wp-json\/wp\/v2\/tags?post=667321"}],"curies":[{"name":"wp","href":"https:\/\/api.w.org\/{rel}","templated":true}]}}