{"id":667750,"date":"2026-04-24T03:48:54","date_gmt":"2026-04-24T01:48:54","guid":{"rendered":"https:\/\/kohenavocats.com\/cour-dappel-de-paris-le-12-juillet-2024-n22-06904\/"},"modified":"2026-04-26T18:52:09","modified_gmt":"2026-04-26T16:52:09","slug":"cour-dappel-de-paris-le-12-juillet-2024-n22-06904","status":"publish","type":"post","link":"https:\/\/kohenavocats.com\/zh-hans\/cour-dappel-de-paris-le-12-juillet-2024-n22-06904\/","title":{"rendered":"Cour d&#8217;appel de Paris, le 12 juillet 2024, n\u00b022\/06904"},"content":{"rendered":"<div class=\"article-content\">\n<p>La Cour d&#8217;appel de Paris, le 12 juillet 2024, a examin\u00e9 un litige n\u00e9 d&#8217;une prise d&#8217;acte. Un salari\u00e9 a rompu son contrat en invoquant plusieurs manquements de son employeur. La juridiction du fond avait qualifi\u00e9 cette rupture de d\u00e9mission. La cour d&#8217;appel devait d\u00e9terminer si les griefs \u00e9taient \u00e9tablis et suffisamment graves. Elle confirme le jugement et requalifie la prise d&#8217;acte en d\u00e9mission.<\/p>\n<p>La qualification juridique de la prise d&#8217;acte<\/p>\n<p>Le cadre l\u00e9gal et la r\u00e9partition de la charge de la preuve<\/p>\n<p>La cour rappelle le r\u00e9gime juridique de la prise d&#8217;acte issue du code du travail. Elle souligne la nature alternative des effets de cette rupture unilat\u00e9rale. &#8220;En cas de prise d&#8217;acte de la rupture du contrat de travail par le salari\u00e9, cette rupture produit, soit les effets d&#8217;un licenciement sans cause r\u00e9elle et s\u00e9rieuse, si les faits invoqu\u00e9s la justifiaient, soit, dans le cas contraire, d&#8217;une d\u00e9mission.&#8221; (Motifs) La charge de la preuve p\u00e8se int\u00e9gralement sur le salari\u00e9 qui all\u00e8gue les manquements. Ce dernier doit \u00e9tablir des faits graves rendant la relation de travail impossible. Cette solution est conforme \u00e0 la jurisprudence constante sur le sujet. &#8220;Pour que la prise d&#8217;acte produise les effets d&#8217;un licenciement sans cause r\u00e9elle et s\u00e9rieuse, les manquements invoqu\u00e9s par le salari\u00e9 doivent non seulement \u00eatre \u00e9tablis, mais ils doivent de surcro\u00eet \u00eatre suffisamment graves pour rendre impossible la poursuite du contrat de travail.&#8221; (Cour d&#8217;appel de Rennes, le 3 avril 2025, n\u00b021\/06970) La cour pr\u00e9cise \u00e9galement l&#8217;\u00e9tendue du litige. L&#8217;\u00e9crit de prise d&#8217;acte ne limite pas les griefs que le juge peut examiner. Cette r\u00e8gle \u00e9vite une formalisation excessive au d\u00e9triment du salari\u00e9.<\/p>\n<p>L&#8217;examen exhaustif et concret des griefs all\u00e9gu\u00e9s<\/p>\n<p>La cour proc\u00e8de \u00e0 une analyse m\u00e9ticuleuse de chaque manquement reproch\u00e9 par le salari\u00e9. Elle confronte les all\u00e9gations aux \u00e9l\u00e9ments probatoires vers\u00e9s aux d\u00e9bats. Concernant l&#8217;absence de fixation d&#8217;objectifs, elle rel\u00e8ve des circonstances att\u00e9nuantes. La reprise effective du travail a \u00e9t\u00e9 tardive en raison de cong\u00e9s et d&#8217;arr\u00eats maladie. La cour note que la r\u00e9mun\u00e9ration variable a \u00e9t\u00e9 int\u00e9gralement vers\u00e9e. Elle en d\u00e9duit l&#8217;absence de pr\u00e9judice et rejette ce grief. S&#8217;agissant de l&#8217;obligation de s\u00e9curit\u00e9, la cour exige un lien de causalit\u00e9. &#8220;Il n&#8217;est aucunement \u00e9tabli que la soci\u00e9t\u00e9 [&#8230;] ait manqu\u00e9 \u00e0 l&#8217;une quelconque de ses obligations de s\u00e9curit\u00e9, ni que ces arr\u00eats maladie soient en lien avec les conditions de travail&#8221; (Motifs) Le refus d&#8217;une <a href=\"https:\/\/kohenavocats.com\/avocats-droit-social-paris\/avocats-rupture-conventionnelle-paris\/\" target=\"_blank\" title=\"rupture conventionnelle\">rupture conventionnelle<\/a> ne constitue pas en soi un manquement. L&#8217;examen est ainsi strict et exigeant pour le salari\u00e9 demandeur.<\/p>\n<p>Le rejet des manquements et les cons\u00e9quences de la qualification<\/p>\n<p>L&#8217;absence de preuve des violations contractuelles all\u00e9gu\u00e9es<\/p>\n<p>La cour poursuit son analyse en rejetant les autres griefs pour d\u00e9faut de preuve. Sur l&#8217;obligation de formation, elle constate l&#8217;absence de demande sp\u00e9cifique et refuse. Le b\u00e9n\u00e9fice d&#8217;un long cong\u00e9 de transition professionnelle est pris en compte. Concernant l&#8217;ex\u00e9cution d\u00e9loyale, la salari\u00e9e n&#8217;apporte pas d&#8217;\u00e9l\u00e9ment concret. Elle ne prouve pas le retrait de ses missions ou un changement de fonctions. La cour rel\u00e8ve m\u00eame des d\u00e9clarations du salari\u00e9 allant \u00e0 l&#8217;encontre de sa th\u00e8se. Enfin, le grief d&#8217;in\u00e9galit\u00e9 de traitement sur les cong\u00e9s est \u00e9cart\u00e9. L&#8217;employeur justifie ses refus par le non-respect d&#8217;une r\u00e8gle interne connue. La cour valide l&#8217;application uniforme de cette r\u00e8gle de pr\u00e9venance. L&#8217;ensemble des all\u00e9gations est donc rejet\u00e9 faute de preuves suffisantes.<\/p>\n<p>Les effets pratiques de la requalification en d\u00e9mission<\/p>\n<p>Puisque les manquements graves ne sont pas \u00e9tablis, la prise d&#8217;acte produit les effets d&#8217;une d\u00e9mission. Cette qualification entra\u00eene des cons\u00e9quences financi\u00e8res significatives pour le salari\u00e9. La cour condamne ce dernier au paiement d&#8217;une indemnit\u00e9 compensatrice de pr\u00e9avis. Le montant de 4 883,84 euros est ainsi mis \u00e0 sa charge. La d\u00e9cision illustre les risques juridiques et p\u00e9cuniaires de la prise d&#8217;acte. Elle rappelle que cette proc\u00e9dure n&#8217;est pas une alternative sans cons\u00e9quence \u00e0 la d\u00e9mission. La rigueur de l&#8217;examen probatoire prot\u00e8ge l&#8217;employeur contre des all\u00e9gations infond\u00e9es. Cette solution incite \u00e0 la prudence et encourage le recours aux voies de rupture n\u00e9goci\u00e9es.<\/p>\n<\/div>\n","protected":false},"excerpt":{"rendered":"<p>La Cour d&#8217;appel de Paris, le 12 juillet 2024, a examin\u00e9 un litige n\u00e9 d&#8217;une prise d&#8217;acte. Un salari\u00e9 a rompu son contrat en invoquant plusieurs manquements de&#8230;<\/p>\n","protected":false},"author":232070755,"featured_media":4678,"comment_status":"open","ping_status":"open","sticky":false,"template":"","format":"standard","meta":{"_crdt_document":"","_jetpack_newsletter_access":"","_jetpack_dont_email_post_to_subs":false,"_jetpack_newsletter_tier_id":0,"_jetpack_memberships_contains_paywalled_content":false,"_kj_source_type":"judilibre","_kj_official_id":"68d37c538502ba1fdff90bbd","_kj_official_url":"https:\/\/www.courdecassation.fr\/decision\/68d37c538502ba1fdff90bbd","_kj_judilibre_id":"68d37c538502ba1fdff90bbd","_kj_jur":"Cour d'appel","_kj_lieu":"Cour d'appel de Paris","_kj_chambre":"P\u00f4le 6 - Chambre 11","_kj_rg":"22\/06904","_kj_date":"2025-09-23","_jetpack_memberships_contains_paid_content":false,"footnotes":"","jetpack_post_was_ever_published":false},"categories":[7096,7123,6580,7597,6718,6992],"tags":[],"class_list":["post-667750","post","type-post","status-publish","format-standard","has-post-thumbnail","hentry","category-code-des-assurances","category-droit-du-travail","category-droit-social","category-jurisprudence","category-social","category-travail"],"yoast_head":"<!-- This site is optimized with the Yoast SEO Premium plugin v27.5 (Yoast SEO v27.5) - https:\/\/yoast.com\/product\/yoast-seo-premium-wordpress\/ -->\n<title>Cour d&#039;appel de Paris, le 12 juillet 2024, n\u00b022\/06904 - Ma\u00eetre Hassan Kohen, avocat en droit p\u00e9nal \u00e0 Paris<\/title>\n<meta name=\"description\" content=\"La Cour d&#039;appel de Paris, le 12 juillet 2024, a examin\u00e9 un litige n\u00e9 d&#039;une prise d&#039;acte. Un salari\u00e9 a rompu son contrat en invoquant plusieurs manquements de...\" \/>\n<meta name=\"robots\" content=\"index, follow, max-snippet:-1, max-image-preview:large, max-video-preview:-1\" \/>\n<link rel=\"canonical\" href=\"https:\/\/kohenavocats.com\/zh-hans\/cour-dappel-de-paris-le-12-juillet-2024-n22-06904\/\" \/>\n<meta property=\"og:locale\" content=\"zh_CN\" \/>\n<meta property=\"og:type\" content=\"article\" \/>\n<meta property=\"og:title\" content=\"Cour d&#039;appel de Paris, le 12 juillet 2024, n\u00b022\/06904\" \/>\n<meta property=\"og:description\" content=\"La Cour d&#039;appel de Paris, le 12 juillet 2024, a examin\u00e9 un litige n\u00e9 d&#039;une prise d&#039;acte. Un salari\u00e9 a rompu son contrat en invoquant plusieurs manquements de...\" \/>\n<meta property=\"og:url\" content=\"https:\/\/kohenavocats.com\/zh-hans\/cour-dappel-de-paris-le-12-juillet-2024-n22-06904\/\" \/>\n<meta property=\"og:site_name\" content=\"Ma\u00eetre Hassan Kohen, avocat en droit p\u00e9nal \u00e0 Paris\" \/>\n<meta property=\"article:published_time\" content=\"2026-04-24T01:48:54+00:00\" \/>\n<meta property=\"article:modified_time\" content=\"2026-04-26T16:52:09+00:00\" \/>\n<meta property=\"og:image\" content=\"https:\/\/kohenavocats.com\/wp-content\/uploads\/2024\/08\/mana5280-BxTlFRk-FPg-unsplash.webp\" \/>\n\t<meta property=\"og:image:width\" content=\"7339\" \/>\n\t<meta property=\"og:image:height\" content=\"3922\" \/>\n\t<meta property=\"og:image:type\" content=\"image\/webp\" \/>\n<meta name=\"author\" content=\"Kohen\" \/>\n<meta name=\"twitter:card\" content=\"summary_large_image\" \/>\n<meta name=\"twitter:label1\" content=\"\u4f5c\u8005\" \/>\n\t<meta name=\"twitter:data1\" content=\"Kohen\" \/>\n\t<meta name=\"twitter:label2\" content=\"\u9884\u8ba1\u9605\u8bfb\u65f6\u95f4\" \/>\n\t<meta name=\"twitter:data2\" content=\"4 \u5206\" \/>\n<script type=\"application\/ld+json\" class=\"yoast-schema-graph\">{\"@context\":\"https:\\\/\\\/schema.org\",\"@graph\":[{\"@type\":\"Article\",\"@id\":\"https:\\\/\\\/kohenavocats.com\\\/zh-hans\\\/cour-dappel-de-paris-le-12-juillet-2024-n22-06904\\\/#article\",\"isPartOf\":{\"@id\":\"https:\\\/\\\/kohenavocats.com\\\/zh-hans\\\/cour-dappel-de-paris-le-12-juillet-2024-n22-06904\\\/\"},\"author\":{\"name\":\"Kohen\",\"@id\":\"https:\\\/\\\/kohenavocats.com\\\/zh-hans\\\/#\\\/schema\\\/person\\\/761c9ba54fa1ca84d405cef0831ff751\"},\"headline\":\"Cour d&#8217;appel de Paris, le 12 juillet 2024, n\u00b022\\\/06904\",\"datePublished\":\"2026-04-24T01:48:54+00:00\",\"dateModified\":\"2026-04-26T16:52:09+00:00\",\"mainEntityOfPage\":{\"@id\":\"https:\\\/\\\/kohenavocats.com\\\/zh-hans\\\/cour-dappel-de-paris-le-12-juillet-2024-n22-06904\\\/\"},\"wordCount\":780,\"commentCount\":0,\"publisher\":{\"@id\":\"https:\\\/\\\/kohenavocats.com\\\/zh-hans\\\/#organization\"},\"image\":{\"@id\":\"https:\\\/\\\/kohenavocats.com\\\/zh-hans\\\/cour-dappel-de-paris-le-12-juillet-2024-n22-06904\\\/#primaryimage\"},\"thumbnailUrl\":\"https:\\\/\\\/kohenavocats.com\\\/wp-content\\\/uploads\\\/2024\\\/08\\\/mana5280-BxTlFRk-FPg-unsplash.webp\",\"articleSection\":[\"Code des assurances\",\"Droit du travail\",\"Droit Social\",\"Jurisprudence\",\"Social\",\"Travail\"],\"inLanguage\":\"zh-Hans\",\"potentialAction\":[{\"@type\":\"CommentAction\",\"name\":\"Comment\",\"target\":[\"https:\\\/\\\/kohenavocats.com\\\/zh-hans\\\/cour-dappel-de-paris-le-12-juillet-2024-n22-06904\\\/#respond\"]}],\"citation\":\"Cour d&#8217;appel de Paris, le 12 juillet 2024, n\u00b022\\\/06904\",\"about\":[{\"@type\":\"Thing\",\"name\":\"Code des assurances\"},{\"@type\":\"Thing\",\"name\":\"Droit du travail\"},{\"@type\":\"Thing\",\"name\":\"Droit Social\"},{\"@type\":\"Thing\",\"name\":\"Jurisprudence\"},{\"@type\":\"Thing\",\"name\":\"Social\"},{\"@type\":\"Thing\",\"name\":\"Travail\"}],\"speakable\":{\"@type\":\"SpeakableSpecification\",\"cssSelector\":[\".article-content > p:first-of-type\"]}},{\"@type\":\"WebPage\",\"@id\":\"https:\\\/\\\/kohenavocats.com\\\/zh-hans\\\/cour-dappel-de-paris-le-12-juillet-2024-n22-06904\\\/\",\"url\":\"https:\\\/\\\/kohenavocats.com\\\/zh-hans\\\/cour-dappel-de-paris-le-12-juillet-2024-n22-06904\\\/\",\"name\":\"Cour d'appel de Paris, le 12 juillet 2024, n\u00b022\\\/06904 - Ma\u00eetre Hassan Kohen, avocat en droit p\u00e9nal \u00e0 Paris\",\"isPartOf\":{\"@id\":\"https:\\\/\\\/kohenavocats.com\\\/zh-hans\\\/#website\"},\"primaryImageOfPage\":{\"@id\":\"https:\\\/\\\/kohenavocats.com\\\/zh-hans\\\/cour-dappel-de-paris-le-12-juillet-2024-n22-06904\\\/#primaryimage\"},\"image\":{\"@id\":\"https:\\\/\\\/kohenavocats.com\\\/zh-hans\\\/cour-dappel-de-paris-le-12-juillet-2024-n22-06904\\\/#primaryimage\"},\"thumbnailUrl\":\"https:\\\/\\\/kohenavocats.com\\\/wp-content\\\/uploads\\\/2024\\\/08\\\/mana5280-BxTlFRk-FPg-unsplash.webp\",\"datePublished\":\"2026-04-24T01:48:54+00:00\",\"dateModified\":\"2026-04-26T16:52:09+00:00\",\"description\":\"La Cour d'appel de Paris, le 12 juillet 2024, a examin\u00e9 un litige n\u00e9 d'une prise d'acte. Un salari\u00e9 a rompu son contrat en invoquant plusieurs manquements de...\",\"breadcrumb\":{\"@id\":\"https:\\\/\\\/kohenavocats.com\\\/zh-hans\\\/cour-dappel-de-paris-le-12-juillet-2024-n22-06904\\\/#breadcrumb\"},\"inLanguage\":\"zh-Hans\",\"potentialAction\":[{\"@type\":\"ReadAction\",\"target\":[\"https:\\\/\\\/kohenavocats.com\\\/zh-hans\\\/cour-dappel-de-paris-le-12-juillet-2024-n22-06904\\\/\"]}]},{\"@type\":\"ImageObject\",\"inLanguage\":\"zh-Hans\",\"@id\":\"https:\\\/\\\/kohenavocats.com\\\/zh-hans\\\/cour-dappel-de-paris-le-12-juillet-2024-n22-06904\\\/#primaryimage\",\"url\":\"https:\\\/\\\/kohenavocats.com\\\/wp-content\\\/uploads\\\/2024\\\/08\\\/mana5280-BxTlFRk-FPg-unsplash.webp\",\"contentUrl\":\"https:\\\/\\\/kohenavocats.com\\\/wp-content\\\/uploads\\\/2024\\\/08\\\/mana5280-BxTlFRk-FPg-unsplash.webp\",\"width\":7339,\"height\":3922},{\"@type\":\"BreadcrumbList\",\"@id\":\"https:\\\/\\\/kohenavocats.com\\\/zh-hans\\\/cour-dappel-de-paris-le-12-juillet-2024-n22-06904\\\/#breadcrumb\",\"itemListElement\":[{\"@type\":\"ListItem\",\"position\":1,\"name\":\"Home\",\"item\":\"https:\\\/\\\/kohenavocats.com\\\/zh-hans\\\/\"},{\"@type\":\"ListItem\",\"position\":2,\"name\":\"Cour d&rsquo;appel de Paris, le 12 juillet 2024, n\u00b022\\\/06904\"}]},{\"@type\":\"WebSite\",\"@id\":\"https:\\\/\\\/kohenavocats.com\\\/zh-hans\\\/#website\",\"url\":\"https:\\\/\\\/kohenavocats.com\\\/zh-hans\\\/\",\"name\":\"Kohen Avocats\",\"description\":\"Ma\u00eetre Hassan Kohen, avocat p\u00e9naliste \u00e0 Paris, intervient exclusivement en droit p\u00e9nal pour la d\u00e9fense des particuliers, notamment en mati\u00e8re d\u2019accusations de viol. Il assure un accompagnement rigoureux d\u00e8s la garde \u00e0 vue jusqu\u2019\u00e0 la Cour d\u2019assises, veillant au strict respect des garanties proc\u00e9durales.\",\"publisher\":{\"@id\":\"https:\\\/\\\/kohenavocats.com\\\/zh-hans\\\/#organization\"},\"potentialAction\":[{\"@type\":\"SearchAction\",\"target\":{\"@type\":\"EntryPoint\",\"urlTemplate\":\"https:\\\/\\\/kohenavocats.com\\\/zh-hans\\\/?s={search_term_string}\"},\"query-input\":{\"@type\":\"PropertyValueSpecification\",\"valueRequired\":true,\"valueName\":\"search_term_string\"}}],\"inLanguage\":\"zh-Hans\"},{\"@type\":\"Organization\",\"@id\":\"https:\\\/\\\/kohenavocats.com\\\/zh-hans\\\/#organization\",\"name\":\"Kohen Avocats\",\"url\":\"https:\\\/\\\/kohenavocats.com\\\/zh-hans\\\/\",\"logo\":{\"@type\":\"ImageObject\",\"inLanguage\":\"zh-Hans\",\"@id\":\"https:\\\/\\\/kohenavocats.com\\\/zh-hans\\\/#\\\/schema\\\/logo\\\/image\\\/\",\"url\":\"https:\\\/\\\/kohenavocats.com\\\/wp-content\\\/uploads\\\/2026\\\/01\\\/Logo-2-1.webp\",\"contentUrl\":\"https:\\\/\\\/kohenavocats.com\\\/wp-content\\\/uploads\\\/2026\\\/01\\\/Logo-2-1.webp\",\"width\":2114,\"height\":1253,\"caption\":\"Kohen Avocats\"},\"image\":{\"@id\":\"https:\\\/\\\/kohenavocats.com\\\/zh-hans\\\/#\\\/schema\\\/logo\\\/image\\\/\"}},{\"@type\":\"Person\",\"@id\":\"https:\\\/\\\/kohenavocats.com\\\/zh-hans\\\/#\\\/schema\\\/person\\\/761c9ba54fa1ca84d405cef0831ff751\",\"name\":\"Kohen\",\"image\":{\"@type\":\"ImageObject\",\"inLanguage\":\"zh-Hans\",\"@id\":\"https:\\\/\\\/secure.gravatar.com\\\/avatar\\\/1c5e76ef76bbbfdd2b4da984e2bf2fa4056fd51a27d25ce2c332047f1dfd6e00?s=96&d=identicon&r=g\",\"url\":\"https:\\\/\\\/secure.gravatar.com\\\/avatar\\\/1c5e76ef76bbbfdd2b4da984e2bf2fa4056fd51a27d25ce2c332047f1dfd6e00?s=96&d=identicon&r=g\",\"contentUrl\":\"https:\\\/\\\/secure.gravatar.com\\\/avatar\\\/1c5e76ef76bbbfdd2b4da984e2bf2fa4056fd51a27d25ce2c332047f1dfd6e00?s=96&d=identicon&r=g\",\"caption\":\"Kohen\"},\"sameAs\":[\"https:\\\/\\\/www.linkedin.com\\\/in\\\/hassan-kohen-448548192\\\/\",\"https:\\\/\\\/www.youtube.com\\\/@Kohen-Avocats\"],\"url\":\"https:\\\/\\\/kohenavocats.com\\\/zh-hans\\\/author\\\/kohenmlk\\\/\"}]}<\/script>\n<!-- \/ Yoast SEO Premium plugin. -->","yoast_head_json":{"title":"Cour d'appel de Paris, le 12 juillet 2024, n\u00b022\/06904 - Ma\u00eetre Hassan Kohen, avocat en droit p\u00e9nal \u00e0 Paris","description":"La Cour d'appel de Paris, le 12 juillet 2024, a examin\u00e9 un litige n\u00e9 d'une prise d'acte. Un salari\u00e9 a rompu son contrat en invoquant plusieurs manquements de...","robots":{"index":"index","follow":"follow","max-snippet":"max-snippet:-1","max-image-preview":"max-image-preview:large","max-video-preview":"max-video-preview:-1"},"canonical":"https:\/\/kohenavocats.com\/zh-hans\/cour-dappel-de-paris-le-12-juillet-2024-n22-06904\/","og_locale":"zh_CN","og_type":"article","og_title":"Cour d'appel de Paris, le 12 juillet 2024, n\u00b022\/06904","og_description":"La Cour d'appel de Paris, le 12 juillet 2024, a examin\u00e9 un litige n\u00e9 d'une prise d'acte. Un salari\u00e9 a rompu son contrat en invoquant plusieurs manquements de...","og_url":"https:\/\/kohenavocats.com\/zh-hans\/cour-dappel-de-paris-le-12-juillet-2024-n22-06904\/","og_site_name":"Ma\u00eetre Hassan Kohen, avocat en droit p\u00e9nal \u00e0 Paris","article_published_time":"2026-04-24T01:48:54+00:00","article_modified_time":"2026-04-26T16:52:09+00:00","og_image":[{"width":7339,"height":3922,"url":"https:\/\/kohenavocats.com\/wp-content\/uploads\/2024\/08\/mana5280-BxTlFRk-FPg-unsplash.webp","type":"image\/webp"}],"author":"Kohen","twitter_card":"summary_large_image","twitter_misc":{"\u4f5c\u8005":"Kohen","\u9884\u8ba1\u9605\u8bfb\u65f6\u95f4":"4 \u5206"},"schema":{"@context":"https:\/\/schema.org","@graph":[{"@type":"Article","@id":"https:\/\/kohenavocats.com\/zh-hans\/cour-dappel-de-paris-le-12-juillet-2024-n22-06904\/#article","isPartOf":{"@id":"https:\/\/kohenavocats.com\/zh-hans\/cour-dappel-de-paris-le-12-juillet-2024-n22-06904\/"},"author":{"name":"Kohen","@id":"https:\/\/kohenavocats.com\/zh-hans\/#\/schema\/person\/761c9ba54fa1ca84d405cef0831ff751"},"headline":"Cour d&#8217;appel de Paris, le 12 juillet 2024, n\u00b022\/06904","datePublished":"2026-04-24T01:48:54+00:00","dateModified":"2026-04-26T16:52:09+00:00","mainEntityOfPage":{"@id":"https:\/\/kohenavocats.com\/zh-hans\/cour-dappel-de-paris-le-12-juillet-2024-n22-06904\/"},"wordCount":780,"commentCount":0,"publisher":{"@id":"https:\/\/kohenavocats.com\/zh-hans\/#organization"},"image":{"@id":"https:\/\/kohenavocats.com\/zh-hans\/cour-dappel-de-paris-le-12-juillet-2024-n22-06904\/#primaryimage"},"thumbnailUrl":"https:\/\/kohenavocats.com\/wp-content\/uploads\/2024\/08\/mana5280-BxTlFRk-FPg-unsplash.webp","articleSection":["Code des assurances","Droit du travail","Droit Social","Jurisprudence","Social","Travail"],"inLanguage":"zh-Hans","potentialAction":[{"@type":"CommentAction","name":"Comment","target":["https:\/\/kohenavocats.com\/zh-hans\/cour-dappel-de-paris-le-12-juillet-2024-n22-06904\/#respond"]}],"citation":"Cour d&#8217;appel de Paris, le 12 juillet 2024, n\u00b022\/06904","about":[{"@type":"Thing","name":"Code des assurances"},{"@type":"Thing","name":"Droit du travail"},{"@type":"Thing","name":"Droit Social"},{"@type":"Thing","name":"Jurisprudence"},{"@type":"Thing","name":"Social"},{"@type":"Thing","name":"Travail"}],"speakable":{"@type":"SpeakableSpecification","cssSelector":[".article-content > p:first-of-type"]}},{"@type":"WebPage","@id":"https:\/\/kohenavocats.com\/zh-hans\/cour-dappel-de-paris-le-12-juillet-2024-n22-06904\/","url":"https:\/\/kohenavocats.com\/zh-hans\/cour-dappel-de-paris-le-12-juillet-2024-n22-06904\/","name":"Cour d'appel de Paris, le 12 juillet 2024, n\u00b022\/06904 - Ma\u00eetre Hassan Kohen, avocat en droit p\u00e9nal \u00e0 Paris","isPartOf":{"@id":"https:\/\/kohenavocats.com\/zh-hans\/#website"},"primaryImageOfPage":{"@id":"https:\/\/kohenavocats.com\/zh-hans\/cour-dappel-de-paris-le-12-juillet-2024-n22-06904\/#primaryimage"},"image":{"@id":"https:\/\/kohenavocats.com\/zh-hans\/cour-dappel-de-paris-le-12-juillet-2024-n22-06904\/#primaryimage"},"thumbnailUrl":"https:\/\/kohenavocats.com\/wp-content\/uploads\/2024\/08\/mana5280-BxTlFRk-FPg-unsplash.webp","datePublished":"2026-04-24T01:48:54+00:00","dateModified":"2026-04-26T16:52:09+00:00","description":"La Cour d'appel de Paris, le 12 juillet 2024, a examin\u00e9 un litige n\u00e9 d'une prise d'acte. Un salari\u00e9 a rompu son contrat en invoquant plusieurs manquements de...","breadcrumb":{"@id":"https:\/\/kohenavocats.com\/zh-hans\/cour-dappel-de-paris-le-12-juillet-2024-n22-06904\/#breadcrumb"},"inLanguage":"zh-Hans","potentialAction":[{"@type":"ReadAction","target":["https:\/\/kohenavocats.com\/zh-hans\/cour-dappel-de-paris-le-12-juillet-2024-n22-06904\/"]}]},{"@type":"ImageObject","inLanguage":"zh-Hans","@id":"https:\/\/kohenavocats.com\/zh-hans\/cour-dappel-de-paris-le-12-juillet-2024-n22-06904\/#primaryimage","url":"https:\/\/kohenavocats.com\/wp-content\/uploads\/2024\/08\/mana5280-BxTlFRk-FPg-unsplash.webp","contentUrl":"https:\/\/kohenavocats.com\/wp-content\/uploads\/2024\/08\/mana5280-BxTlFRk-FPg-unsplash.webp","width":7339,"height":3922},{"@type":"BreadcrumbList","@id":"https:\/\/kohenavocats.com\/zh-hans\/cour-dappel-de-paris-le-12-juillet-2024-n22-06904\/#breadcrumb","itemListElement":[{"@type":"ListItem","position":1,"name":"Home","item":"https:\/\/kohenavocats.com\/zh-hans\/"},{"@type":"ListItem","position":2,"name":"Cour d&rsquo;appel de Paris, le 12 juillet 2024, n\u00b022\/06904"}]},{"@type":"WebSite","@id":"https:\/\/kohenavocats.com\/zh-hans\/#website","url":"https:\/\/kohenavocats.com\/zh-hans\/","name":"Kohen Avocats","description":"Ma\u00eetre Hassan Kohen, avocat p\u00e9naliste \u00e0 Paris, intervient exclusivement en droit p\u00e9nal pour la d\u00e9fense des particuliers, notamment en mati\u00e8re d\u2019accusations de viol. Il assure un accompagnement rigoureux d\u00e8s la garde \u00e0 vue jusqu\u2019\u00e0 la Cour d\u2019assises, veillant au strict respect des garanties proc\u00e9durales.","publisher":{"@id":"https:\/\/kohenavocats.com\/zh-hans\/#organization"},"potentialAction":[{"@type":"SearchAction","target":{"@type":"EntryPoint","urlTemplate":"https:\/\/kohenavocats.com\/zh-hans\/?s={search_term_string}"},"query-input":{"@type":"PropertyValueSpecification","valueRequired":true,"valueName":"search_term_string"}}],"inLanguage":"zh-Hans"},{"@type":"Organization","@id":"https:\/\/kohenavocats.com\/zh-hans\/#organization","name":"Kohen Avocats","url":"https:\/\/kohenavocats.com\/zh-hans\/","logo":{"@type":"ImageObject","inLanguage":"zh-Hans","@id":"https:\/\/kohenavocats.com\/zh-hans\/#\/schema\/logo\/image\/","url":"https:\/\/kohenavocats.com\/wp-content\/uploads\/2026\/01\/Logo-2-1.webp","contentUrl":"https:\/\/kohenavocats.com\/wp-content\/uploads\/2026\/01\/Logo-2-1.webp","width":2114,"height":1253,"caption":"Kohen Avocats"},"image":{"@id":"https:\/\/kohenavocats.com\/zh-hans\/#\/schema\/logo\/image\/"}},{"@type":"Person","@id":"https:\/\/kohenavocats.com\/zh-hans\/#\/schema\/person\/761c9ba54fa1ca84d405cef0831ff751","name":"Kohen","image":{"@type":"ImageObject","inLanguage":"zh-Hans","@id":"https:\/\/secure.gravatar.com\/avatar\/1c5e76ef76bbbfdd2b4da984e2bf2fa4056fd51a27d25ce2c332047f1dfd6e00?s=96&d=identicon&r=g","url":"https:\/\/secure.gravatar.com\/avatar\/1c5e76ef76bbbfdd2b4da984e2bf2fa4056fd51a27d25ce2c332047f1dfd6e00?s=96&d=identicon&r=g","contentUrl":"https:\/\/secure.gravatar.com\/avatar\/1c5e76ef76bbbfdd2b4da984e2bf2fa4056fd51a27d25ce2c332047f1dfd6e00?s=96&d=identicon&r=g","caption":"Kohen"},"sameAs":["https:\/\/www.linkedin.com\/in\/hassan-kohen-448548192\/","https:\/\/www.youtube.com\/@Kohen-Avocats"],"url":"https:\/\/kohenavocats.com\/zh-hans\/author\/kohenmlk\/"}]}},"jetpack_featured_media_url":"https:\/\/kohenavocats.com\/wp-content\/uploads\/2024\/08\/mana5280-BxTlFRk-FPg-unsplash.webp","jetpack_likes_enabled":false,"jetpack_shortlink":"https:\/\/wp.me\/peCrII-2NIa","jetpack-related-posts":[{"id":226551,"url":"https:\/\/kohenavocats.com\/zh-hans\/cour-dappel-de-rouen-le-8-juillet-2025-n23-03205\/","url_meta":{"origin":667750,"position":0},"title":"Cour d&#8217;appel de Rouen, le 8 juillet 2025, n\u00b023\/03205","author":"Kohen","date":"2025\u5e7412\u670826\u65e5","format":false,"excerpt":"Un salari\u00e9, engag\u00e9 en qualit\u00e9 de couvreur par cont\u2026","rel":"","context":"\u5728\u201cCour d'appel\u201d\u4e2d","block_context":{"text":"Cour d'appel","link":"https:\/\/kohenavocats.com\/category\/cour-dappel\/"},"img":{"alt_text":"","src":"https:\/\/i0.wp.com\/kohenavocats.com\/wp-content\/uploads\/2024\/11\/planet-volumes-AgybDvthqAY-unsplash.webp?resize=350%2C200&ssl=1","width":350,"height":200,"srcset":"https:\/\/i0.wp.com\/kohenavocats.com\/wp-content\/uploads\/2024\/11\/planet-volumes-AgybDvthqAY-unsplash.webp?resize=350%2C200&ssl=1 1x, https:\/\/i0.wp.com\/kohenavocats.com\/wp-content\/uploads\/2024\/11\/planet-volumes-AgybDvthqAY-unsplash.webp?resize=525%2C300&ssl=1 1.5x, https:\/\/i0.wp.com\/kohenavocats.com\/wp-content\/uploads\/2024\/11\/planet-volumes-AgybDvthqAY-unsplash.webp?resize=700%2C400&ssl=1 2x, https:\/\/i0.wp.com\/kohenavocats.com\/wp-content\/uploads\/2024\/11\/planet-volumes-AgybDvthqAY-unsplash.webp?resize=1050%2C600&ssl=1 3x, https:\/\/i0.wp.com\/kohenavocats.com\/wp-content\/uploads\/2024\/11\/planet-volumes-AgybDvthqAY-unsplash.webp?resize=1400%2C800&ssl=1 4x"},"classes":[]},{"id":669875,"url":"https:\/\/kohenavocats.com\/zh-hans\/cour-dappel-de-paris-le-12-avril-2024-n17-08400\/","url_meta":{"origin":667750,"position":1},"title":"Cour d&#8217;appel de Paris, le 12 avril 2024, n\u00b017\/08400","author":"Kohen","date":"2026\u5e744\u670824\u65e5","format":false,"excerpt":"La Cour d'appel de Paris, dans un arr\u00eat du 12 avri\u2026","rel":"","context":"\u5728\u201cDroit du travail\u201d\u4e2d","block_context":{"text":"Droit du travail","link":"https:\/\/kohenavocats.com\/category\/droit-du-travail\/"},"img":{"alt_text":"","src":"https:\/\/i0.wp.com\/kohenavocats.com\/wp-content\/uploads\/2024\/08\/tobias-keller-2ecH5Lw3zSk-unsplash.webp?resize=350%2C200&ssl=1","width":350,"height":200,"srcset":"https:\/\/i0.wp.com\/kohenavocats.com\/wp-content\/uploads\/2024\/08\/tobias-keller-2ecH5Lw3zSk-unsplash.webp?resize=350%2C200&ssl=1 1x, https:\/\/i0.wp.com\/kohenavocats.com\/wp-content\/uploads\/2024\/08\/tobias-keller-2ecH5Lw3zSk-unsplash.webp?resize=525%2C300&ssl=1 1.5x, https:\/\/i0.wp.com\/kohenavocats.com\/wp-content\/uploads\/2024\/08\/tobias-keller-2ecH5Lw3zSk-unsplash.webp?resize=700%2C400&ssl=1 2x, https:\/\/i0.wp.com\/kohenavocats.com\/wp-content\/uploads\/2024\/08\/tobias-keller-2ecH5Lw3zSk-unsplash.webp?resize=1050%2C600&ssl=1 3x, https:\/\/i0.wp.com\/kohenavocats.com\/wp-content\/uploads\/2024\/08\/tobias-keller-2ecH5Lw3zSk-unsplash.webp?resize=1400%2C800&ssl=1 4x"},"classes":[]},{"id":433571,"url":"https:\/\/kohenavocats.com\/zh-hans\/cour-dappel-de-paris-le-10-mars-2011-n08-09799\/","url_meta":{"origin":667750,"position":2},"title":"Cour d&#8217;appel de Paris, le 10 mars 2011, n\u00b008\/09799","author":"Kohen","date":"2026\u5e743\u670824\u65e5","format":false,"excerpt":"Un salari\u00e9 avait \u00e9t\u00e9 engag\u00e9 en qualit\u00e9 de directeu\u2026","rel":"","context":"\u5728\u201cCour d'appel\u201d\u4e2d","block_context":{"text":"Cour d'appel","link":"https:\/\/kohenavocats.com\/category\/cour-dappel\/"},"img":{"alt_text":"","src":"https:\/\/i0.wp.com\/kohenavocats.com\/wp-content\/uploads\/2024\/08\/milica-spasojevic-m3AU71mq7tc-unsplash.webp?resize=350%2C200&ssl=1","width":350,"height":200,"srcset":"https:\/\/i0.wp.com\/kohenavocats.com\/wp-content\/uploads\/2024\/08\/milica-spasojevic-m3AU71mq7tc-unsplash.webp?resize=350%2C200&ssl=1 1x, https:\/\/i0.wp.com\/kohenavocats.com\/wp-content\/uploads\/2024\/08\/milica-spasojevic-m3AU71mq7tc-unsplash.webp?resize=525%2C300&ssl=1 1.5x, https:\/\/i0.wp.com\/kohenavocats.com\/wp-content\/uploads\/2024\/08\/milica-spasojevic-m3AU71mq7tc-unsplash.webp?resize=700%2C400&ssl=1 2x, https:\/\/i0.wp.com\/kohenavocats.com\/wp-content\/uploads\/2024\/08\/milica-spasojevic-m3AU71mq7tc-unsplash.webp?resize=1050%2C600&ssl=1 3x, https:\/\/i0.wp.com\/kohenavocats.com\/wp-content\/uploads\/2024\/08\/milica-spasojevic-m3AU71mq7tc-unsplash.webp?resize=1400%2C800&ssl=1 4x"},"classes":[]},{"id":666334,"url":"https:\/\/kohenavocats.com\/zh-hans\/cour-dappel-de-montpellier-le-12-juillet-2024-n23-03781\/","url_meta":{"origin":667750,"position":3},"title":"Cour d&#8217;appel de Montpellier, le 12 juillet 2024, n\u00b023\/03781","author":"Kohen","date":"2026\u5e744\u670824\u65e5","format":false,"excerpt":"La cour d'appel de Montpellier, le 12 juillet 2024\u2026","rel":"","context":"\u5728\u201cJurisprudence\u201d\u4e2d","block_context":{"text":"Jurisprudence","link":"https:\/\/kohenavocats.com\/category\/jurisprudence\/"},"img":{"alt_text":"","src":"https:\/\/i0.wp.com\/kohenavocats.com\/wp-content\/uploads\/2024\/08\/mika-ruusunen-ypVM8PnygUo-unsplash.webp?resize=350%2C200&ssl=1","width":350,"height":200,"srcset":"https:\/\/i0.wp.com\/kohenavocats.com\/wp-content\/uploads\/2024\/08\/mika-ruusunen-ypVM8PnygUo-unsplash.webp?resize=350%2C200&ssl=1 1x, https:\/\/i0.wp.com\/kohenavocats.com\/wp-content\/uploads\/2024\/08\/mika-ruusunen-ypVM8PnygUo-unsplash.webp?resize=525%2C300&ssl=1 1.5x, https:\/\/i0.wp.com\/kohenavocats.com\/wp-content\/uploads\/2024\/08\/mika-ruusunen-ypVM8PnygUo-unsplash.webp?resize=700%2C400&ssl=1 2x, https:\/\/i0.wp.com\/kohenavocats.com\/wp-content\/uploads\/2024\/08\/mika-ruusunen-ypVM8PnygUo-unsplash.webp?resize=1050%2C600&ssl=1 3x, https:\/\/i0.wp.com\/kohenavocats.com\/wp-content\/uploads\/2024\/08\/mika-ruusunen-ypVM8PnygUo-unsplash.webp?resize=1400%2C800&ssl=1 4x"},"classes":[]},{"id":417257,"url":"https:\/\/kohenavocats.com\/zh-hans\/cour-dappel-de-paris-le-14-mars-2012-n10-05349\/","url_meta":{"origin":667750,"position":4},"title":"Cour d&#8217;appel de Paris, le 14 mars 2012, n\u00b010\/05349","author":"Kohen","date":"2026\u5e743\u670822\u65e5","format":false,"excerpt":"La Cour d\u2019appel de Paris, dans un arr\u00eat du 14 mars\u2026","rel":"","context":"\u5728\u201cCour d'appel\u201d\u4e2d","block_context":{"text":"Cour d'appel","link":"https:\/\/kohenavocats.com\/category\/cour-dappel\/"},"img":{"alt_text":"","src":"https:\/\/i0.wp.com\/kohenavocats.com\/wp-content\/uploads\/2024\/07\/andreas-MKGu9ihH46k-unsplash-1.webp?resize=350%2C200&ssl=1","width":350,"height":200,"srcset":"https:\/\/i0.wp.com\/kohenavocats.com\/wp-content\/uploads\/2024\/07\/andreas-MKGu9ihH46k-unsplash-1.webp?resize=350%2C200&ssl=1 1x, https:\/\/i0.wp.com\/kohenavocats.com\/wp-content\/uploads\/2024\/07\/andreas-MKGu9ihH46k-unsplash-1.webp?resize=525%2C300&ssl=1 1.5x, https:\/\/i0.wp.com\/kohenavocats.com\/wp-content\/uploads\/2024\/07\/andreas-MKGu9ihH46k-unsplash-1.webp?resize=700%2C400&ssl=1 2x, https:\/\/i0.wp.com\/kohenavocats.com\/wp-content\/uploads\/2024\/07\/andreas-MKGu9ihH46k-unsplash-1.webp?resize=1050%2C600&ssl=1 3x, https:\/\/i0.wp.com\/kohenavocats.com\/wp-content\/uploads\/2024\/07\/andreas-MKGu9ihH46k-unsplash-1.webp?resize=1400%2C800&ssl=1 4x"},"classes":[]},{"id":438034,"url":"https:\/\/kohenavocats.com\/zh-hans\/cour-dappel-de-paris-le-30-juin-2010-n08-00254\/","url_meta":{"origin":667750,"position":5},"title":"Cour d&#8217;appel de Paris, le 30 juin 2010, n\u00b008\/00254","author":"Kohen","date":"2026\u5e743\u670825\u65e5","format":false,"excerpt":"Un salari\u00e9 engag\u00e9 comme chauffeur routier avait sa\u2026","rel":"","context":"\u5728\u201cCour d'appel\u201d\u4e2d","block_context":{"text":"Cour d'appel","link":"https:\/\/kohenavocats.com\/category\/cour-dappel\/"},"img":{"alt_text":"","src":"https:\/\/i0.wp.com\/kohenavocats.com\/wp-content\/uploads\/2024\/08\/dmitrii-eliuseev-VJCxWJ3XZCM-unsplash.webp?resize=350%2C200&ssl=1","width":350,"height":200,"srcset":"https:\/\/i0.wp.com\/kohenavocats.com\/wp-content\/uploads\/2024\/08\/dmitrii-eliuseev-VJCxWJ3XZCM-unsplash.webp?resize=350%2C200&ssl=1 1x, https:\/\/i0.wp.com\/kohenavocats.com\/wp-content\/uploads\/2024\/08\/dmitrii-eliuseev-VJCxWJ3XZCM-unsplash.webp?resize=525%2C300&ssl=1 1.5x, https:\/\/i0.wp.com\/kohenavocats.com\/wp-content\/uploads\/2024\/08\/dmitrii-eliuseev-VJCxWJ3XZCM-unsplash.webp?resize=700%2C400&ssl=1 2x, https:\/\/i0.wp.com\/kohenavocats.com\/wp-content\/uploads\/2024\/08\/dmitrii-eliuseev-VJCxWJ3XZCM-unsplash.webp?resize=1050%2C600&ssl=1 3x, https:\/\/i0.wp.com\/kohenavocats.com\/wp-content\/uploads\/2024\/08\/dmitrii-eliuseev-VJCxWJ3XZCM-unsplash.webp?resize=1400%2C800&ssl=1 4x"},"classes":[]}],"jetpack_sharing_enabled":true,"_links":{"self":[{"href":"https:\/\/kohenavocats.com\/zh-hans\/wp-json\/wp\/v2\/posts\/667750","targetHints":{"allow":["GET"]}}],"collection":[{"href":"https:\/\/kohenavocats.com\/zh-hans\/wp-json\/wp\/v2\/posts"}],"about":[{"href":"https:\/\/kohenavocats.com\/zh-hans\/wp-json\/wp\/v2\/types\/post"}],"author":[{"embeddable":true,"href":"https:\/\/kohenavocats.com\/zh-hans\/wp-json\/wp\/v2\/users\/232070755"}],"replies":[{"embeddable":true,"href":"https:\/\/kohenavocats.com\/zh-hans\/wp-json\/wp\/v2\/comments?post=667750"}],"version-history":[{"count":1,"href":"https:\/\/kohenavocats.com\/zh-hans\/wp-json\/wp\/v2\/posts\/667750\/revisions"}],"predecessor-version":[{"id":696133,"href":"https:\/\/kohenavocats.com\/zh-hans\/wp-json\/wp\/v2\/posts\/667750\/revisions\/696133"}],"wp:featuredmedia":[{"embeddable":true,"href":"https:\/\/kohenavocats.com\/zh-hans\/wp-json\/wp\/v2\/media\/4678"}],"wp:attachment":[{"href":"https:\/\/kohenavocats.com\/zh-hans\/wp-json\/wp\/v2\/media?parent=667750"}],"wp:term":[{"taxonomy":"category","embeddable":true,"href":"https:\/\/kohenavocats.com\/zh-hans\/wp-json\/wp\/v2\/categories?post=667750"},{"taxonomy":"post_tag","embeddable":true,"href":"https:\/\/kohenavocats.com\/zh-hans\/wp-json\/wp\/v2\/tags?post=667750"}],"curies":[{"name":"wp","href":"https:\/\/api.w.org\/{rel}","templated":true}]}}