{"id":667753,"date":"2026-04-24T03:49:08","date_gmt":"2026-04-24T01:49:08","guid":{"rendered":"https:\/\/kohenavocats.com\/cour-dappel-le-24-avril-2025-n22-07927\/"},"modified":"2026-04-26T18:52:16","modified_gmt":"2026-04-26T16:52:16","slug":"cour-dappel-le-24-avril-2025-n22-07927","status":"publish","type":"post","link":"https:\/\/kohenavocats.com\/zh-hans\/cour-dappel-le-24-avril-2025-n22-07927\/","title":{"rendered":"Cour d&#8217;appel, le 24 avril 2025, n\u00b022\/07927"},"content":{"rendered":"<div class=\"article-content\">\n<p>La Cour d&#8217;appel, statuant le 24 avril 2025, a examin\u00e9 un litige n\u00e9 du licenciement pour inaptitude d&#8217;un salari\u00e9. L&#8217;employeur, n&#8217;ayant pas mis en place de comit\u00e9 social et \u00e9conomique, ne l&#8217;avait pas consult\u00e9 sur les possibilit\u00e9s de reclassement. La juridiction devait d\u00e9terminer si cette omission entachait la cause du licenciement. Elle a jug\u00e9 le licenciement d\u00e9pourvu de cause r\u00e9elle et s\u00e9rieuse et a accord\u00e9 des dommages-int\u00e9r\u00eats au salari\u00e9.<\/p>\n<p>L&#8217;exigence substantielle de consultation pr\u00e9alable<\/p>\n<p>Le caract\u00e8re obligatoire de la consultation du <a href=\"https:\/\/kohenavocats.com\/avocats-droit-social-paris\/avocats-cse-elections-professionnelles-paris\/\" target=\"_blank\" title=\"CSE\">CSE<\/a><\/p>\n<p>Le code du travail impose \u00e0 l&#8217;employeur de proposer un emploi de reclassement en tenant compte, apr\u00e8s avis du comit\u00e9 social et \u00e9conomique lorsqu&#8217;il existe, des conclusions du m\u00e9decin du travail. &#8220;Cette proposition prend en compte, apr\u00e8s avis du comit\u00e9 social et \u00e9conomique lorsqu&#8217;il existe, les conclusions \u00e9crites du m\u00e9decin du travail&#8221; (article L1226-2 du code du travail). Cette formalit\u00e9 n&#8217;est pas une simple option proc\u00e9durale mais une condition substantielle. Elle participe \u00e0 la recherche loyale d&#8217;une solution de reclassement en associant les repr\u00e9sentants du personnel. La jurisprudence en fait une condition de validit\u00e9 du licenciement pour inaptitude, sauf exceptions strictes.<\/p>\n<p>La port\u00e9e de cette obligation est absolue et son inobservation est sanctionn\u00e9e. La cour rappelle la r\u00e8gle constante selon laquelle le d\u00e9faut de consultation rend le licenciement irr\u00e9gulier. Seules des circonstances exceptionnelles, comme un avis m\u00e9dical contraire au reclassement ou un proc\u00e8s-verbal de carence, peuvent exon\u00e9rer l&#8217;employeur. En l&#8217;esp\u00e8ce, l&#8217;employeur invoquait des difficult\u00e9s organisationnelles, mais la cour a estim\u00e9 qu&#8217;elles ne justifiaient pas l&#8217;absence d&#8217;institution repr\u00e9sentative. Cette solution renforce le caract\u00e8re imp\u00e9ratif de la consultation comme garantie collective du droit au reclassement.<\/p>\n<p>Les cons\u00e9quences juridiques de l&#8217;irr\u00e9gularit\u00e9<\/p>\n<p>L&#8217;absence de pr\u00e9judice \u00e0 d\u00e9montrer<\/p>\n<p>Une particularit\u00e9 notable de cette d\u00e9cision r\u00e9side dans la neutralisation de l&#8217;argument du pr\u00e9judice. L&#8217;employeur soutenait que l&#8217;absence de consultation n&#8217;avait caus\u00e9 aucun pr\u00e9judice au salari\u00e9. La cour \u00e9carte cet argument en affirmant que le licenciement est d\u00e9pourvu de cause r\u00e9elle et s\u00e9rieuse &#8220;sans que le salari\u00e9 n&#8217;ait \u00e0 justifier que l&#8217;absence de CSE lui ait caus\u00e9 un pr\u00e9judice&#8221;. Cette position est essentielle. Elle consacre le caract\u00e8re d&#8217;ordre public de la proc\u00e9dure de reclassement et de la consultation du CSE. La r\u00e9gularit\u00e9 formelle est ainsi indissociable de la cause r\u00e9elle et s\u00e9rieuse, prot\u00e9geant le salari\u00e9 d&#8217;une analyse au cas par cas de l&#8217;utilit\u00e9 concr\u00e8te de la consultation.<\/p>\n<p>La sanction p\u00e9cuniaire et ses modalit\u00e9s<\/p>\n<p>La cons\u00e9quence directe de l&#8217;irr\u00e9gularit\u00e9 est l&#8217;allocation de dommages-int\u00e9r\u00eats pour licenciement sans cause r\u00e9elle et s\u00e9rieuse. La cour \u00e9value le pr\u00e9judice au regard de crit\u00e8res classiques comme l&#8217;anciennet\u00e9, l&#8217;\u00e2ge et la situation professionnelle post\u00e9rieure. Elle condamne l&#8217;employeur au paiement d&#8217;une indemnit\u00e9 forfaitaire. Par ailleurs, la d\u00e9cision ordonne le remboursement \u00e0 France Travail des allocations ch\u00f4mage vers\u00e9es, dans la limite de six mois. Cette mesure, pr\u00e9vue par l&#8217;article L1235-4 du code du travail, \u00e9tend la sanction financi\u00e8re de l&#8217;employeur au-del\u00e0 du seul pr\u00e9judice du salari\u00e9, en pr\u00e9servant les int\u00e9r\u00eats de l&#8217;assurance ch\u00f4mage.<\/p>\n<\/div>\n","protected":false},"excerpt":{"rendered":"<p>La Cour d&#8217;appel, statuant le 24 avril 2025, a examin\u00e9 un litige n\u00e9 du licenciement pour inaptitude d&#8217;un salari\u00e9. L&#8217;employeur, n&#8217;ayant pas mis en place de com&#8230;<\/p>\n","protected":false},"author":232070755,"featured_media":9533,"comment_status":"open","ping_status":"open","sticky":false,"template":"","format":"standard","meta":{"_crdt_document":"","_jetpack_newsletter_access":"","_jetpack_dont_email_post_to_subs":false,"_jetpack_newsletter_tier_id":0,"_jetpack_memberships_contains_paywalled_content":false,"_kj_source_type":"judilibre","_kj_official_id":"68d37c538502ba1fdff90bb3","_kj_official_url":"https:\/\/www.courdecassation.fr\/decision\/68d37c538502ba1fdff90bb3","_kj_judilibre_id":"68d37c538502ba1fdff90bb3","_kj_jur":"Cour d'appel","_kj_lieu":"Cour d'appel de Paris","_kj_chambre":"P\u00f4le 6 - Chambre 11","_kj_rg":"22\/07927","_kj_date":"2025-09-23","_jetpack_memberships_contains_paid_content":false,"footnotes":"","jetpack_post_was_ever_published":false},"categories":[7096,7123,6580,7597,6718,6992],"tags":[],"class_list":["post-667753","post","type-post","status-publish","format-standard","has-post-thumbnail","hentry","category-code-des-assurances","category-droit-du-travail","category-droit-social","category-jurisprudence","category-social","category-travail"],"yoast_head":"<!-- This site is optimized with the Yoast SEO Premium plugin v27.5 (Yoast SEO v27.5) - https:\/\/yoast.com\/product\/yoast-seo-premium-wordpress\/ -->\n<title>Cour d&#039;appel, le 24 avril 2025, n\u00b022\/07927 - Ma\u00eetre Hassan Kohen, avocat en droit p\u00e9nal \u00e0 Paris<\/title>\n<meta name=\"description\" content=\"La Cour d&#039;appel, statuant le 24 avril 2025, a examin\u00e9 un litige n\u00e9 du licenciement pour inaptitude d&#039;un salari\u00e9. L&#039;employeur, n&#039;ayant pas mis en place de com...\" \/>\n<meta name=\"robots\" content=\"index, follow, max-snippet:-1, max-image-preview:large, max-video-preview:-1\" \/>\n<link rel=\"canonical\" href=\"https:\/\/kohenavocats.com\/zh-hans\/cour-dappel-le-24-avril-2025-n22-07927\/\" \/>\n<meta property=\"og:locale\" content=\"zh_CN\" \/>\n<meta property=\"og:type\" content=\"article\" \/>\n<meta property=\"og:title\" content=\"Cour d&#039;appel, le 24 avril 2025, n\u00b022\/07927\" \/>\n<meta property=\"og:description\" content=\"La Cour d&#039;appel, statuant le 24 avril 2025, a examin\u00e9 un litige n\u00e9 du licenciement pour inaptitude d&#039;un salari\u00e9. L&#039;employeur, n&#039;ayant pas mis en place de com...\" \/>\n<meta property=\"og:url\" content=\"https:\/\/kohenavocats.com\/zh-hans\/cour-dappel-le-24-avril-2025-n22-07927\/\" \/>\n<meta property=\"og:site_name\" content=\"Ma\u00eetre Hassan Kohen, avocat en droit p\u00e9nal \u00e0 Paris\" \/>\n<meta property=\"article:published_time\" content=\"2026-04-24T01:49:08+00:00\" \/>\n<meta property=\"article:modified_time\" content=\"2026-04-26T16:52:16+00:00\" \/>\n<meta property=\"og:image\" content=\"https:\/\/kohenavocats.com\/wp-content\/uploads\/2024\/11\/getty-images-uXScU4WS2YM-unsplash.webp\" \/>\n\t<meta property=\"og:image:width\" content=\"7360\" \/>\n\t<meta property=\"og:image:height\" content=\"4912\" \/>\n\t<meta property=\"og:image:type\" content=\"image\/webp\" \/>\n<meta name=\"author\" content=\"Kohen\" \/>\n<meta name=\"twitter:card\" content=\"summary_large_image\" \/>\n<meta name=\"twitter:label1\" content=\"\u4f5c\u8005\" \/>\n\t<meta name=\"twitter:data1\" content=\"Kohen\" \/>\n\t<meta name=\"twitter:label2\" content=\"\u9884\u8ba1\u9605\u8bfb\u65f6\u95f4\" \/>\n\t<meta name=\"twitter:data2\" content=\"3 \u5206\" \/>\n<script type=\"application\/ld+json\" class=\"yoast-schema-graph\">{\"@context\":\"https:\\\/\\\/schema.org\",\"@graph\":[{\"@type\":\"Article\",\"@id\":\"https:\\\/\\\/kohenavocats.com\\\/zh-hans\\\/cour-dappel-le-24-avril-2025-n22-07927\\\/#article\",\"isPartOf\":{\"@id\":\"https:\\\/\\\/kohenavocats.com\\\/zh-hans\\\/cour-dappel-le-24-avril-2025-n22-07927\\\/\"},\"author\":{\"name\":\"Kohen\",\"@id\":\"https:\\\/\\\/kohenavocats.com\\\/zh-hans\\\/#\\\/schema\\\/person\\\/761c9ba54fa1ca84d405cef0831ff751\"},\"headline\":\"Cour d&#8217;appel, le 24 avril 2025, n\u00b022\\\/07927\",\"datePublished\":\"2026-04-24T01:49:08+00:00\",\"dateModified\":\"2026-04-26T16:52:16+00:00\",\"mainEntityOfPage\":{\"@id\":\"https:\\\/\\\/kohenavocats.com\\\/zh-hans\\\/cour-dappel-le-24-avril-2025-n22-07927\\\/\"},\"wordCount\":585,\"commentCount\":0,\"publisher\":{\"@id\":\"https:\\\/\\\/kohenavocats.com\\\/zh-hans\\\/#organization\"},\"image\":{\"@id\":\"https:\\\/\\\/kohenavocats.com\\\/zh-hans\\\/cour-dappel-le-24-avril-2025-n22-07927\\\/#primaryimage\"},\"thumbnailUrl\":\"https:\\\/\\\/kohenavocats.com\\\/wp-content\\\/uploads\\\/2024\\\/11\\\/getty-images-uXScU4WS2YM-unsplash.webp\",\"articleSection\":[\"Code des assurances\",\"Droit du travail\",\"Droit Social\",\"Jurisprudence\",\"Social\",\"Travail\"],\"inLanguage\":\"zh-Hans\",\"potentialAction\":[{\"@type\":\"CommentAction\",\"name\":\"Comment\",\"target\":[\"https:\\\/\\\/kohenavocats.com\\\/zh-hans\\\/cour-dappel-le-24-avril-2025-n22-07927\\\/#respond\"]}],\"citation\":\"Cour d&#8217;appel, le 24 avril 2025, n\u00b022\\\/07927\",\"about\":[{\"@type\":\"Thing\",\"name\":\"Code des assurances\"},{\"@type\":\"Thing\",\"name\":\"Droit du travail\"},{\"@type\":\"Thing\",\"name\":\"Droit Social\"},{\"@type\":\"Thing\",\"name\":\"Jurisprudence\"},{\"@type\":\"Thing\",\"name\":\"Social\"},{\"@type\":\"Thing\",\"name\":\"Travail\"}],\"speakable\":{\"@type\":\"SpeakableSpecification\",\"cssSelector\":[\".article-content > p:first-of-type\"]}},{\"@type\":\"WebPage\",\"@id\":\"https:\\\/\\\/kohenavocats.com\\\/zh-hans\\\/cour-dappel-le-24-avril-2025-n22-07927\\\/\",\"url\":\"https:\\\/\\\/kohenavocats.com\\\/zh-hans\\\/cour-dappel-le-24-avril-2025-n22-07927\\\/\",\"name\":\"Cour d'appel, le 24 avril 2025, n\u00b022\\\/07927 - Ma\u00eetre Hassan Kohen, avocat en droit p\u00e9nal \u00e0 Paris\",\"isPartOf\":{\"@id\":\"https:\\\/\\\/kohenavocats.com\\\/zh-hans\\\/#website\"},\"primaryImageOfPage\":{\"@id\":\"https:\\\/\\\/kohenavocats.com\\\/zh-hans\\\/cour-dappel-le-24-avril-2025-n22-07927\\\/#primaryimage\"},\"image\":{\"@id\":\"https:\\\/\\\/kohenavocats.com\\\/zh-hans\\\/cour-dappel-le-24-avril-2025-n22-07927\\\/#primaryimage\"},\"thumbnailUrl\":\"https:\\\/\\\/kohenavocats.com\\\/wp-content\\\/uploads\\\/2024\\\/11\\\/getty-images-uXScU4WS2YM-unsplash.webp\",\"datePublished\":\"2026-04-24T01:49:08+00:00\",\"dateModified\":\"2026-04-26T16:52:16+00:00\",\"description\":\"La Cour d'appel, statuant le 24 avril 2025, a examin\u00e9 un litige n\u00e9 du licenciement pour inaptitude d'un salari\u00e9. L'employeur, n'ayant pas mis en place de com...\",\"breadcrumb\":{\"@id\":\"https:\\\/\\\/kohenavocats.com\\\/zh-hans\\\/cour-dappel-le-24-avril-2025-n22-07927\\\/#breadcrumb\"},\"inLanguage\":\"zh-Hans\",\"potentialAction\":[{\"@type\":\"ReadAction\",\"target\":[\"https:\\\/\\\/kohenavocats.com\\\/zh-hans\\\/cour-dappel-le-24-avril-2025-n22-07927\\\/\"]}]},{\"@type\":\"ImageObject\",\"inLanguage\":\"zh-Hans\",\"@id\":\"https:\\\/\\\/kohenavocats.com\\\/zh-hans\\\/cour-dappel-le-24-avril-2025-n22-07927\\\/#primaryimage\",\"url\":\"https:\\\/\\\/kohenavocats.com\\\/wp-content\\\/uploads\\\/2024\\\/11\\\/getty-images-uXScU4WS2YM-unsplash.webp\",\"contentUrl\":\"https:\\\/\\\/kohenavocats.com\\\/wp-content\\\/uploads\\\/2024\\\/11\\\/getty-images-uXScU4WS2YM-unsplash.webp\",\"width\":7360,\"height\":4912},{\"@type\":\"BreadcrumbList\",\"@id\":\"https:\\\/\\\/kohenavocats.com\\\/zh-hans\\\/cour-dappel-le-24-avril-2025-n22-07927\\\/#breadcrumb\",\"itemListElement\":[{\"@type\":\"ListItem\",\"position\":1,\"name\":\"Home\",\"item\":\"https:\\\/\\\/kohenavocats.com\\\/zh-hans\\\/\"},{\"@type\":\"ListItem\",\"position\":2,\"name\":\"Cour d&rsquo;appel, le 24 avril 2025, n\u00b022\\\/07927\"}]},{\"@type\":\"WebSite\",\"@id\":\"https:\\\/\\\/kohenavocats.com\\\/zh-hans\\\/#website\",\"url\":\"https:\\\/\\\/kohenavocats.com\\\/zh-hans\\\/\",\"name\":\"Kohen Avocats\",\"description\":\"Ma\u00eetre Hassan Kohen, avocat p\u00e9naliste \u00e0 Paris, intervient exclusivement en droit p\u00e9nal pour la d\u00e9fense des particuliers, notamment en mati\u00e8re d\u2019accusations de viol. Il assure un accompagnement rigoureux d\u00e8s la garde \u00e0 vue jusqu\u2019\u00e0 la Cour d\u2019assises, veillant au strict respect des garanties proc\u00e9durales.\",\"publisher\":{\"@id\":\"https:\\\/\\\/kohenavocats.com\\\/zh-hans\\\/#organization\"},\"potentialAction\":[{\"@type\":\"SearchAction\",\"target\":{\"@type\":\"EntryPoint\",\"urlTemplate\":\"https:\\\/\\\/kohenavocats.com\\\/zh-hans\\\/?s={search_term_string}\"},\"query-input\":{\"@type\":\"PropertyValueSpecification\",\"valueRequired\":true,\"valueName\":\"search_term_string\"}}],\"inLanguage\":\"zh-Hans\"},{\"@type\":\"Organization\",\"@id\":\"https:\\\/\\\/kohenavocats.com\\\/zh-hans\\\/#organization\",\"name\":\"Kohen Avocats\",\"url\":\"https:\\\/\\\/kohenavocats.com\\\/zh-hans\\\/\",\"logo\":{\"@type\":\"ImageObject\",\"inLanguage\":\"zh-Hans\",\"@id\":\"https:\\\/\\\/kohenavocats.com\\\/zh-hans\\\/#\\\/schema\\\/logo\\\/image\\\/\",\"url\":\"https:\\\/\\\/kohenavocats.com\\\/wp-content\\\/uploads\\\/2026\\\/01\\\/Logo-2-1.webp\",\"contentUrl\":\"https:\\\/\\\/kohenavocats.com\\\/wp-content\\\/uploads\\\/2026\\\/01\\\/Logo-2-1.webp\",\"width\":2114,\"height\":1253,\"caption\":\"Kohen Avocats\"},\"image\":{\"@id\":\"https:\\\/\\\/kohenavocats.com\\\/zh-hans\\\/#\\\/schema\\\/logo\\\/image\\\/\"}},{\"@type\":\"Person\",\"@id\":\"https:\\\/\\\/kohenavocats.com\\\/zh-hans\\\/#\\\/schema\\\/person\\\/761c9ba54fa1ca84d405cef0831ff751\",\"name\":\"Kohen\",\"image\":{\"@type\":\"ImageObject\",\"inLanguage\":\"zh-Hans\",\"@id\":\"https:\\\/\\\/secure.gravatar.com\\\/avatar\\\/1c5e76ef76bbbfdd2b4da984e2bf2fa4056fd51a27d25ce2c332047f1dfd6e00?s=96&d=identicon&r=g\",\"url\":\"https:\\\/\\\/secure.gravatar.com\\\/avatar\\\/1c5e76ef76bbbfdd2b4da984e2bf2fa4056fd51a27d25ce2c332047f1dfd6e00?s=96&d=identicon&r=g\",\"contentUrl\":\"https:\\\/\\\/secure.gravatar.com\\\/avatar\\\/1c5e76ef76bbbfdd2b4da984e2bf2fa4056fd51a27d25ce2c332047f1dfd6e00?s=96&d=identicon&r=g\",\"caption\":\"Kohen\"},\"sameAs\":[\"https:\\\/\\\/www.linkedin.com\\\/in\\\/hassan-kohen-448548192\\\/\",\"https:\\\/\\\/www.youtube.com\\\/@Kohen-Avocats\"],\"url\":\"https:\\\/\\\/kohenavocats.com\\\/zh-hans\\\/author\\\/kohenmlk\\\/\"}]}<\/script>\n<!-- \/ Yoast SEO Premium plugin. -->","yoast_head_json":{"title":"Cour d'appel, le 24 avril 2025, n\u00b022\/07927 - Ma\u00eetre Hassan Kohen, avocat en droit p\u00e9nal \u00e0 Paris","description":"La Cour d'appel, statuant le 24 avril 2025, a examin\u00e9 un litige n\u00e9 du licenciement pour inaptitude d'un salari\u00e9. L'employeur, n'ayant pas mis en place de com...","robots":{"index":"index","follow":"follow","max-snippet":"max-snippet:-1","max-image-preview":"max-image-preview:large","max-video-preview":"max-video-preview:-1"},"canonical":"https:\/\/kohenavocats.com\/zh-hans\/cour-dappel-le-24-avril-2025-n22-07927\/","og_locale":"zh_CN","og_type":"article","og_title":"Cour d'appel, le 24 avril 2025, n\u00b022\/07927","og_description":"La Cour d'appel, statuant le 24 avril 2025, a examin\u00e9 un litige n\u00e9 du licenciement pour inaptitude d'un salari\u00e9. L'employeur, n'ayant pas mis en place de com...","og_url":"https:\/\/kohenavocats.com\/zh-hans\/cour-dappel-le-24-avril-2025-n22-07927\/","og_site_name":"Ma\u00eetre Hassan Kohen, avocat en droit p\u00e9nal \u00e0 Paris","article_published_time":"2026-04-24T01:49:08+00:00","article_modified_time":"2026-04-26T16:52:16+00:00","og_image":[{"width":7360,"height":4912,"url":"https:\/\/kohenavocats.com\/wp-content\/uploads\/2024\/11\/getty-images-uXScU4WS2YM-unsplash.webp","type":"image\/webp"}],"author":"Kohen","twitter_card":"summary_large_image","twitter_misc":{"\u4f5c\u8005":"Kohen","\u9884\u8ba1\u9605\u8bfb\u65f6\u95f4":"3 \u5206"},"schema":{"@context":"https:\/\/schema.org","@graph":[{"@type":"Article","@id":"https:\/\/kohenavocats.com\/zh-hans\/cour-dappel-le-24-avril-2025-n22-07927\/#article","isPartOf":{"@id":"https:\/\/kohenavocats.com\/zh-hans\/cour-dappel-le-24-avril-2025-n22-07927\/"},"author":{"name":"Kohen","@id":"https:\/\/kohenavocats.com\/zh-hans\/#\/schema\/person\/761c9ba54fa1ca84d405cef0831ff751"},"headline":"Cour d&#8217;appel, le 24 avril 2025, n\u00b022\/07927","datePublished":"2026-04-24T01:49:08+00:00","dateModified":"2026-04-26T16:52:16+00:00","mainEntityOfPage":{"@id":"https:\/\/kohenavocats.com\/zh-hans\/cour-dappel-le-24-avril-2025-n22-07927\/"},"wordCount":585,"commentCount":0,"publisher":{"@id":"https:\/\/kohenavocats.com\/zh-hans\/#organization"},"image":{"@id":"https:\/\/kohenavocats.com\/zh-hans\/cour-dappel-le-24-avril-2025-n22-07927\/#primaryimage"},"thumbnailUrl":"https:\/\/kohenavocats.com\/wp-content\/uploads\/2024\/11\/getty-images-uXScU4WS2YM-unsplash.webp","articleSection":["Code des assurances","Droit du travail","Droit Social","Jurisprudence","Social","Travail"],"inLanguage":"zh-Hans","potentialAction":[{"@type":"CommentAction","name":"Comment","target":["https:\/\/kohenavocats.com\/zh-hans\/cour-dappel-le-24-avril-2025-n22-07927\/#respond"]}],"citation":"Cour d&#8217;appel, le 24 avril 2025, n\u00b022\/07927","about":[{"@type":"Thing","name":"Code des assurances"},{"@type":"Thing","name":"Droit du travail"},{"@type":"Thing","name":"Droit Social"},{"@type":"Thing","name":"Jurisprudence"},{"@type":"Thing","name":"Social"},{"@type":"Thing","name":"Travail"}],"speakable":{"@type":"SpeakableSpecification","cssSelector":[".article-content > p:first-of-type"]}},{"@type":"WebPage","@id":"https:\/\/kohenavocats.com\/zh-hans\/cour-dappel-le-24-avril-2025-n22-07927\/","url":"https:\/\/kohenavocats.com\/zh-hans\/cour-dappel-le-24-avril-2025-n22-07927\/","name":"Cour d'appel, le 24 avril 2025, n\u00b022\/07927 - Ma\u00eetre Hassan Kohen, avocat en droit p\u00e9nal \u00e0 Paris","isPartOf":{"@id":"https:\/\/kohenavocats.com\/zh-hans\/#website"},"primaryImageOfPage":{"@id":"https:\/\/kohenavocats.com\/zh-hans\/cour-dappel-le-24-avril-2025-n22-07927\/#primaryimage"},"image":{"@id":"https:\/\/kohenavocats.com\/zh-hans\/cour-dappel-le-24-avril-2025-n22-07927\/#primaryimage"},"thumbnailUrl":"https:\/\/kohenavocats.com\/wp-content\/uploads\/2024\/11\/getty-images-uXScU4WS2YM-unsplash.webp","datePublished":"2026-04-24T01:49:08+00:00","dateModified":"2026-04-26T16:52:16+00:00","description":"La Cour d'appel, statuant le 24 avril 2025, a examin\u00e9 un litige n\u00e9 du licenciement pour inaptitude d'un salari\u00e9. L'employeur, n'ayant pas mis en place de com...","breadcrumb":{"@id":"https:\/\/kohenavocats.com\/zh-hans\/cour-dappel-le-24-avril-2025-n22-07927\/#breadcrumb"},"inLanguage":"zh-Hans","potentialAction":[{"@type":"ReadAction","target":["https:\/\/kohenavocats.com\/zh-hans\/cour-dappel-le-24-avril-2025-n22-07927\/"]}]},{"@type":"ImageObject","inLanguage":"zh-Hans","@id":"https:\/\/kohenavocats.com\/zh-hans\/cour-dappel-le-24-avril-2025-n22-07927\/#primaryimage","url":"https:\/\/kohenavocats.com\/wp-content\/uploads\/2024\/11\/getty-images-uXScU4WS2YM-unsplash.webp","contentUrl":"https:\/\/kohenavocats.com\/wp-content\/uploads\/2024\/11\/getty-images-uXScU4WS2YM-unsplash.webp","width":7360,"height":4912},{"@type":"BreadcrumbList","@id":"https:\/\/kohenavocats.com\/zh-hans\/cour-dappel-le-24-avril-2025-n22-07927\/#breadcrumb","itemListElement":[{"@type":"ListItem","position":1,"name":"Home","item":"https:\/\/kohenavocats.com\/zh-hans\/"},{"@type":"ListItem","position":2,"name":"Cour d&rsquo;appel, le 24 avril 2025, n\u00b022\/07927"}]},{"@type":"WebSite","@id":"https:\/\/kohenavocats.com\/zh-hans\/#website","url":"https:\/\/kohenavocats.com\/zh-hans\/","name":"Kohen Avocats","description":"Ma\u00eetre Hassan Kohen, avocat p\u00e9naliste \u00e0 Paris, intervient exclusivement en droit p\u00e9nal pour la d\u00e9fense des particuliers, notamment en mati\u00e8re d\u2019accusations de viol. Il assure un accompagnement rigoureux d\u00e8s la garde \u00e0 vue jusqu\u2019\u00e0 la Cour d\u2019assises, veillant au strict respect des garanties proc\u00e9durales.","publisher":{"@id":"https:\/\/kohenavocats.com\/zh-hans\/#organization"},"potentialAction":[{"@type":"SearchAction","target":{"@type":"EntryPoint","urlTemplate":"https:\/\/kohenavocats.com\/zh-hans\/?s={search_term_string}"},"query-input":{"@type":"PropertyValueSpecification","valueRequired":true,"valueName":"search_term_string"}}],"inLanguage":"zh-Hans"},{"@type":"Organization","@id":"https:\/\/kohenavocats.com\/zh-hans\/#organization","name":"Kohen Avocats","url":"https:\/\/kohenavocats.com\/zh-hans\/","logo":{"@type":"ImageObject","inLanguage":"zh-Hans","@id":"https:\/\/kohenavocats.com\/zh-hans\/#\/schema\/logo\/image\/","url":"https:\/\/kohenavocats.com\/wp-content\/uploads\/2026\/01\/Logo-2-1.webp","contentUrl":"https:\/\/kohenavocats.com\/wp-content\/uploads\/2026\/01\/Logo-2-1.webp","width":2114,"height":1253,"caption":"Kohen Avocats"},"image":{"@id":"https:\/\/kohenavocats.com\/zh-hans\/#\/schema\/logo\/image\/"}},{"@type":"Person","@id":"https:\/\/kohenavocats.com\/zh-hans\/#\/schema\/person\/761c9ba54fa1ca84d405cef0831ff751","name":"Kohen","image":{"@type":"ImageObject","inLanguage":"zh-Hans","@id":"https:\/\/secure.gravatar.com\/avatar\/1c5e76ef76bbbfdd2b4da984e2bf2fa4056fd51a27d25ce2c332047f1dfd6e00?s=96&d=identicon&r=g","url":"https:\/\/secure.gravatar.com\/avatar\/1c5e76ef76bbbfdd2b4da984e2bf2fa4056fd51a27d25ce2c332047f1dfd6e00?s=96&d=identicon&r=g","contentUrl":"https:\/\/secure.gravatar.com\/avatar\/1c5e76ef76bbbfdd2b4da984e2bf2fa4056fd51a27d25ce2c332047f1dfd6e00?s=96&d=identicon&r=g","caption":"Kohen"},"sameAs":["https:\/\/www.linkedin.com\/in\/hassan-kohen-448548192\/","https:\/\/www.youtube.com\/@Kohen-Avocats"],"url":"https:\/\/kohenavocats.com\/zh-hans\/author\/kohenmlk\/"}]}},"jetpack_featured_media_url":"https:\/\/kohenavocats.com\/wp-content\/uploads\/2024\/11\/getty-images-uXScU4WS2YM-unsplash.webp","jetpack_likes_enabled":false,"jetpack_shortlink":"https:\/\/wp.me\/peCrII-2NId","jetpack-related-posts":[{"id":414583,"url":"https:\/\/kohenavocats.com\/zh-hans\/cour-dappel-de-toulouse-le-12-fevrier-2026-n24-00372\/","url_meta":{"origin":667753,"position":0},"title":"Cour d&#8217;appel de Toulouse, le 12 f\u00e9vrier 2026, n\u00b024\/00372","author":"Kohen","date":"2026\u5e743\u670821\u65e5","format":false,"excerpt":"Un salari\u00e9, d\u00e9clar\u00e9 inapte avec possibilit\u00e9 de rec\u2026","rel":"","context":"\u5728\u201cCour d'appel\u201d\u4e2d","block_context":{"text":"Cour d'appel","link":"https:\/\/kohenavocats.com\/category\/cour-dappel\/"},"img":{"alt_text":"","src":"https:\/\/i0.wp.com\/kohenavocats.com\/wp-content\/uploads\/2024\/08\/dmitrii-eliuseev-VJCxWJ3XZCM-unsplash.webp?resize=350%2C200&ssl=1","width":350,"height":200,"srcset":"https:\/\/i0.wp.com\/kohenavocats.com\/wp-content\/uploads\/2024\/08\/dmitrii-eliuseev-VJCxWJ3XZCM-unsplash.webp?resize=350%2C200&ssl=1 1x, https:\/\/i0.wp.com\/kohenavocats.com\/wp-content\/uploads\/2024\/08\/dmitrii-eliuseev-VJCxWJ3XZCM-unsplash.webp?resize=525%2C300&ssl=1 1.5x, https:\/\/i0.wp.com\/kohenavocats.com\/wp-content\/uploads\/2024\/08\/dmitrii-eliuseev-VJCxWJ3XZCM-unsplash.webp?resize=700%2C400&ssl=1 2x, https:\/\/i0.wp.com\/kohenavocats.com\/wp-content\/uploads\/2024\/08\/dmitrii-eliuseev-VJCxWJ3XZCM-unsplash.webp?resize=1050%2C600&ssl=1 3x, https:\/\/i0.wp.com\/kohenavocats.com\/wp-content\/uploads\/2024\/08\/dmitrii-eliuseev-VJCxWJ3XZCM-unsplash.webp?resize=1400%2C800&ssl=1 4x"},"classes":[]},{"id":82478,"url":"https:\/\/kohenavocats.com\/zh-hans\/cour-dappel-de-paris-le-3-juillet-2025-n22-01380\/","url_meta":{"origin":667753,"position":1},"title":"Cour d&#8217;appel de Paris, le 3 juillet 2025, n\u00b022\/01380","author":"Kohen","date":"2025\u5e7411\u670810\u65e5","format":false,"excerpt":"Par un arr\u00eat du 3 juillet 2025, la Cour d\u2019appel de\u2026","rel":"","context":"\u5728\u201cChambre sociale\u201d\u4e2d","block_context":{"text":"Chambre sociale","link":"https:\/\/kohenavocats.com\/category\/jurisprudence-sociale\/"},"img":{"alt_text":"","src":"https:\/\/i0.wp.com\/kohenavocats.com\/wp-content\/uploads\/2024\/11\/gabriella-clare-marino-cSNzKJN-LNI-unsplash.webp?resize=350%2C200&ssl=1","width":350,"height":200,"srcset":"https:\/\/i0.wp.com\/kohenavocats.com\/wp-content\/uploads\/2024\/11\/gabriella-clare-marino-cSNzKJN-LNI-unsplash.webp?resize=350%2C200&ssl=1 1x, https:\/\/i0.wp.com\/kohenavocats.com\/wp-content\/uploads\/2024\/11\/gabriella-clare-marino-cSNzKJN-LNI-unsplash.webp?resize=525%2C300&ssl=1 1.5x, https:\/\/i0.wp.com\/kohenavocats.com\/wp-content\/uploads\/2024\/11\/gabriella-clare-marino-cSNzKJN-LNI-unsplash.webp?resize=700%2C400&ssl=1 2x, https:\/\/i0.wp.com\/kohenavocats.com\/wp-content\/uploads\/2024\/11\/gabriella-clare-marino-cSNzKJN-LNI-unsplash.webp?resize=1050%2C600&ssl=1 3x, https:\/\/i0.wp.com\/kohenavocats.com\/wp-content\/uploads\/2024\/11\/gabriella-clare-marino-cSNzKJN-LNI-unsplash.webp?resize=1400%2C800&ssl=1 4x"},"classes":[]},{"id":669648,"url":"https:\/\/kohenavocats.com\/zh-hans\/cour-dappel-de-rouen-le-13-mai-2025-n21-12394\/","url_meta":{"origin":667753,"position":2},"title":"Cour d&#8217;appel de Rouen, le 13 mai 2025, n\u00b021\/12394","author":"Kohen","date":"2026\u5e744\u670824\u65e5","format":false,"excerpt":"La Cour d\u2019appel de Rouen, statuant le 13 mai 2025,\u2026","rel":"","context":"\u5728\u201cDroit du travail\u201d\u4e2d","block_context":{"text":"Droit du travail","link":"https:\/\/kohenavocats.com\/category\/droit-du-travail\/"},"img":{"alt_text":"","src":"https:\/\/i0.wp.com\/kohenavocats.com\/wp-content\/uploads\/2024\/08\/peter-bucks-cDueGDswXy8-unsplash.webp?resize=350%2C200&ssl=1","width":350,"height":200,"srcset":"https:\/\/i0.wp.com\/kohenavocats.com\/wp-content\/uploads\/2024\/08\/peter-bucks-cDueGDswXy8-unsplash.webp?resize=350%2C200&ssl=1 1x, https:\/\/i0.wp.com\/kohenavocats.com\/wp-content\/uploads\/2024\/08\/peter-bucks-cDueGDswXy8-unsplash.webp?resize=525%2C300&ssl=1 1.5x, https:\/\/i0.wp.com\/kohenavocats.com\/wp-content\/uploads\/2024\/08\/peter-bucks-cDueGDswXy8-unsplash.webp?resize=700%2C400&ssl=1 2x, https:\/\/i0.wp.com\/kohenavocats.com\/wp-content\/uploads\/2024\/08\/peter-bucks-cDueGDswXy8-unsplash.webp?resize=1050%2C600&ssl=1 3x, https:\/\/i0.wp.com\/kohenavocats.com\/wp-content\/uploads\/2024\/08\/peter-bucks-cDueGDswXy8-unsplash.webp?resize=1400%2C800&ssl=1 4x"},"classes":[]},{"id":412195,"url":"https:\/\/kohenavocats.com\/zh-hans\/cour-dappel-de-montpellier-le-11-fevrier-2026-n22-06186\/","url_meta":{"origin":667753,"position":3},"title":"Cour d&#8217;appel de Montpellier, le 11 f\u00e9vrier 2026, n\u00b022\/06186","author":"Kohen","date":"2026\u5e743\u670821\u65e5","format":false,"excerpt":"La Cour d\u2019appel de Montpellier, dans un arr\u00eat du 1\u2026","rel":"","context":"\u5728\u201cCour d'appel\u201d\u4e2d","block_context":{"text":"Cour d'appel","link":"https:\/\/kohenavocats.com\/category\/cour-dappel\/"},"img":{"alt_text":"","src":"https:\/\/i0.wp.com\/kohenavocats.com\/wp-content\/uploads\/2024\/07\/pierre-bamin-SnQnWFVPp-4-unsplash.webp?resize=350%2C200&ssl=1","width":350,"height":200,"srcset":"https:\/\/i0.wp.com\/kohenavocats.com\/wp-content\/uploads\/2024\/07\/pierre-bamin-SnQnWFVPp-4-unsplash.webp?resize=350%2C200&ssl=1 1x, https:\/\/i0.wp.com\/kohenavocats.com\/wp-content\/uploads\/2024\/07\/pierre-bamin-SnQnWFVPp-4-unsplash.webp?resize=525%2C300&ssl=1 1.5x, https:\/\/i0.wp.com\/kohenavocats.com\/wp-content\/uploads\/2024\/07\/pierre-bamin-SnQnWFVPp-4-unsplash.webp?resize=700%2C400&ssl=1 2x, https:\/\/i0.wp.com\/kohenavocats.com\/wp-content\/uploads\/2024\/07\/pierre-bamin-SnQnWFVPp-4-unsplash.webp?resize=1050%2C600&ssl=1 3x, https:\/\/i0.wp.com\/kohenavocats.com\/wp-content\/uploads\/2024\/07\/pierre-bamin-SnQnWFVPp-4-unsplash.webp?resize=1400%2C800&ssl=1 4x"},"classes":[]},{"id":76161,"url":"https:\/\/kohenavocats.com\/zh-hans\/cour-dappel-de-rouen-le-4-septembre-2025-n24-03076\/","url_meta":{"origin":667753,"position":4},"title":"Cour d&#8217;appel de Rouen, le 4 septembre 2025, n\u00b024\/03076","author":"Kohen","date":"2025\u5e7411\u67089\u65e5","format":false,"excerpt":"Par un arr\u00eat du 4 septembre 2025, la Cour d\u2019\u2026","rel":"","context":"\u5728\u201cCour d'appel\u201d\u4e2d","block_context":{"text":"Cour d'appel","link":"https:\/\/kohenavocats.com\/category\/cour-dappel\/"},"img":{"alt_text":"","src":"https:\/\/i0.wp.com\/kohenavocats.com\/wp-content\/uploads\/2024\/11\/zyanya-citlalli-MB_Pu3bOkQg-unsplash.webp?resize=350%2C200&ssl=1","width":350,"height":200,"srcset":"https:\/\/i0.wp.com\/kohenavocats.com\/wp-content\/uploads\/2024\/11\/zyanya-citlalli-MB_Pu3bOkQg-unsplash.webp?resize=350%2C200&ssl=1 1x, https:\/\/i0.wp.com\/kohenavocats.com\/wp-content\/uploads\/2024\/11\/zyanya-citlalli-MB_Pu3bOkQg-unsplash.webp?resize=525%2C300&ssl=1 1.5x, https:\/\/i0.wp.com\/kohenavocats.com\/wp-content\/uploads\/2024\/11\/zyanya-citlalli-MB_Pu3bOkQg-unsplash.webp?resize=700%2C400&ssl=1 2x, https:\/\/i0.wp.com\/kohenavocats.com\/wp-content\/uploads\/2024\/11\/zyanya-citlalli-MB_Pu3bOkQg-unsplash.webp?resize=1050%2C600&ssl=1 3x, https:\/\/i0.wp.com\/kohenavocats.com\/wp-content\/uploads\/2024\/11\/zyanya-citlalli-MB_Pu3bOkQg-unsplash.webp?resize=1400%2C800&ssl=1 4x"},"classes":[]},{"id":462342,"url":"https:\/\/kohenavocats.com\/zh-hans\/caa-caa-de-lyon-02-10-2025-n-24ly01700\/","url_meta":{"origin":667753,"position":5},"title":"CAA \u2013 CAA de LYON \u2013 02\/10\/2025 \u2013 n\u00b0 24LY01700","author":"Kohen","date":"2026\u5e744\u67087\u65e5","format":false,"excerpt":"La cour administrative d\u2019appel de Lyon, par un arr\u2026","rel":"","context":"\u5728\u201cJuridictions administratives\u201d\u4e2d","block_context":{"text":"Juridictions administratives","link":"https:\/\/kohenavocats.com\/category\/juridictions-administratives\/"},"img":{"alt_text":"","src":"https:\/\/i0.wp.com\/kohenavocats.com\/wp-content\/uploads\/2024\/11\/andrej-lisakov-KkjNOCBD6HQ-unsplash.webp?resize=350%2C200&ssl=1","width":350,"height":200,"srcset":"https:\/\/i0.wp.com\/kohenavocats.com\/wp-content\/uploads\/2024\/11\/andrej-lisakov-KkjNOCBD6HQ-unsplash.webp?resize=350%2C200&ssl=1 1x, https:\/\/i0.wp.com\/kohenavocats.com\/wp-content\/uploads\/2024\/11\/andrej-lisakov-KkjNOCBD6HQ-unsplash.webp?resize=525%2C300&ssl=1 1.5x, https:\/\/i0.wp.com\/kohenavocats.com\/wp-content\/uploads\/2024\/11\/andrej-lisakov-KkjNOCBD6HQ-unsplash.webp?resize=700%2C400&ssl=1 2x, https:\/\/i0.wp.com\/kohenavocats.com\/wp-content\/uploads\/2024\/11\/andrej-lisakov-KkjNOCBD6HQ-unsplash.webp?resize=1050%2C600&ssl=1 3x, https:\/\/i0.wp.com\/kohenavocats.com\/wp-content\/uploads\/2024\/11\/andrej-lisakov-KkjNOCBD6HQ-unsplash.webp?resize=1400%2C800&ssl=1 4x"},"classes":[]}],"jetpack_sharing_enabled":true,"_links":{"self":[{"href":"https:\/\/kohenavocats.com\/zh-hans\/wp-json\/wp\/v2\/posts\/667753","targetHints":{"allow":["GET"]}}],"collection":[{"href":"https:\/\/kohenavocats.com\/zh-hans\/wp-json\/wp\/v2\/posts"}],"about":[{"href":"https:\/\/kohenavocats.com\/zh-hans\/wp-json\/wp\/v2\/types\/post"}],"author":[{"embeddable":true,"href":"https:\/\/kohenavocats.com\/zh-hans\/wp-json\/wp\/v2\/users\/232070755"}],"replies":[{"embeddable":true,"href":"https:\/\/kohenavocats.com\/zh-hans\/wp-json\/wp\/v2\/comments?post=667753"}],"version-history":[{"count":1,"href":"https:\/\/kohenavocats.com\/zh-hans\/wp-json\/wp\/v2\/posts\/667753\/revisions"}],"predecessor-version":[{"id":696136,"href":"https:\/\/kohenavocats.com\/zh-hans\/wp-json\/wp\/v2\/posts\/667753\/revisions\/696136"}],"wp:featuredmedia":[{"embeddable":true,"href":"https:\/\/kohenavocats.com\/zh-hans\/wp-json\/wp\/v2\/media\/9533"}],"wp:attachment":[{"href":"https:\/\/kohenavocats.com\/zh-hans\/wp-json\/wp\/v2\/media?parent=667753"}],"wp:term":[{"taxonomy":"category","embeddable":true,"href":"https:\/\/kohenavocats.com\/zh-hans\/wp-json\/wp\/v2\/categories?post=667753"},{"taxonomy":"post_tag","embeddable":true,"href":"https:\/\/kohenavocats.com\/zh-hans\/wp-json\/wp\/v2\/tags?post=667753"}],"curies":[{"name":"wp","href":"https:\/\/api.w.org\/{rel}","templated":true}]}}