{"id":667819,"date":"2026-04-24T03:52:41","date_gmt":"2026-04-24T01:52:41","guid":{"rendered":"https:\/\/kohenavocats.com\/cour-dappel-de-saint-denis-de-la-reunion-le-30-mai-2025-n24-10424\/"},"modified":"2026-04-24T03:52:41","modified_gmt":"2026-04-24T01:52:41","slug":"cour-dappel-de-saint-denis-de-la-reunion-le-30-mai-2025-n24-10424","status":"publish","type":"post","link":"https:\/\/kohenavocats.com\/zh-hans\/cour-dappel-de-saint-denis-de-la-reunion-le-30-mai-2025-n24-10424\/","title":{"rendered":"Cour d&#8217;appel de Saint-Denis de la R\u00e9union, le 30 mai 2025, n\u00b024\/10424"},"content":{"rendered":"<div class=\"article-content\">\n<p>La Cour d&#8217;appel de Saint-Denis de la R\u00e9union, statuant le 30 mai 2025, a examin\u00e9 un recours contre un jugement ayant reconnu la nationalit\u00e9 fran\u00e7aise. La juridiction a d\u00fb d\u00e9terminer si l&#8217;int\u00e9ress\u00e9, n\u00e9 \u00e0 l&#8217;\u00e9tranger, justifiait d&#8217;une filiation l\u00e9gale avec un parent fran\u00e7ais au moyen d&#8217;actes probants. La cour a infirm\u00e9 la d\u00e9cision premi\u00e8re et a d\u00e9clar\u00e9 que le requ\u00e9rant n&#8217;\u00e9tait pas fran\u00e7ais.<\/p>\n<p>La v\u00e9rification judiciaire des actes d&#8217;\u00e9tat civil \u00e9trangers<\/p>\n<p>Le juge exerce un contr\u00f4le autonome sur la force probante des documents produits. Il lui revient d&#8217;appr\u00e9cier la r\u00e9gularit\u00e9 formelle et la sinc\u00e9rit\u00e9 des actes d&#8217;\u00e9tat civil \u00e9trangers, ind\u00e9pendamment de toute transcription. La transcription sur les registres fran\u00e7ais ne purge pas les vices potentiels de l&#8217;acte original. Cette solution rappelle que &#8220;la valeur probante de cette transcription est subordonn\u00e9e \u00e0 celle de l&#8217;acte \u00e9tranger \u00e0 partir duquel la transcription a \u00e9t\u00e9 effectu\u00e9e&#8221; (Motifs). Le juge national conserve ainsi un pouvoir souverain d&#8217;appr\u00e9ciation sur des pi\u00e8ces \u00e9tablies \u00e0 l&#8217;\u00e9tranger. Cette jurisprudence confirme une approche exigeante, align\u00e9e sur les principes d\u00e9gag\u00e9s par la Cour de cassation. Elle rappelle que &#8220;Le juge est tenu de v\u00e9rifier la r\u00e9gularit\u00e9, au regard des dispositions de l&#8217;article 47 du code civil, des actes de l&#8217;\u00e9tat civil \u00e9trangers&#8221; (Cass. Premi\u00e8re chambre civile, le 8 juillet 2020, n\u00b019-15.088). La port\u00e9e est essentielle pour la s\u00e9curit\u00e9 juridique des proc\u00e9dures de nationalit\u00e9.<\/p>\n<p>L&#8217;exigence d&#8217;actes probants et la charge de la preuve<\/p>\n<p>Le demandeur supporte l&#8217;int\u00e9gralit\u00e9 de la charge de prouver sa nationalit\u00e9 et sa filiation. La production d&#8217;actes contradictoires ou irr\u00e9guliers entra\u00eene l&#8217;\u00e9chec de sa demande. En l&#8217;esp\u00e8ce, la divergence entre plusieurs copies d&#8217;un m\u00eame acte de naissance s\u00e9n\u00e9galais a \u00e9t\u00e9 fatale. La cour a constat\u00e9 que &#8220;la production de copies divergentes d&#8217;un m\u00eame acte de naissance [&#8230;] prive ledit acte de toute force probante&#8221; (Motifs). L&#8217;exigence de coh\u00e9rence et de conformit\u00e9 aux lois locales est donc absolue. Cette rigueur s&#8217;applique m\u00eame face \u00e0 des jugements \u00e9trangers ayant annul\u00e9 et remplac\u00e9 un acte initialement frauduleux. La solution souligne que la preuve de la nationalit\u00e9 repose enti\u00e8rement sur le requ\u00e9rant. Elle confirme que &#8220;Il lui revient par cons\u00e9quent de rapporter la preuve de la qualit\u00e9 de fran\u00e7ais qu&#8217;elle revendique&#8221; (Cour d&#8217;appel de Saint-Denis de la R\u00e9union, le 30 mai 2025, n\u00b023\/00743). La valeur de cette d\u00e9cision est de pr\u00e9venir toute reconnaissance fond\u00e9e sur des documents douteux.<\/p>\n<p>La condition d&#8217;une identit\u00e9 certaine et ses implications<\/p>\n<p>La nationalit\u00e9 fran\u00e7aise ne peut \u00eatre reconnue sans une identit\u00e9 parfaitement \u00e9tablie. L&#8217;article 47 du code civil impose que les actes \u00e9trangers fassent foi sauf preuve de leur irr\u00e9gularit\u00e9. Ici, l&#8217;omission d&#8217;une mention substantielle requise par le droit local a \u00e9t\u00e9 retenue. La cour a jug\u00e9 que l&#8217;heure d&#8217;\u00e9tablissement, manquante sur une copie, \u00e9tait une &#8220;mention substantielle permettant de v\u00e9rifier la bonne tenue des registres&#8221; (Motifs). Cette irr\u00e9gularit\u00e9 formelle, en droit s\u00e9n\u00e9galais, a suffi \u00e0 an\u00e9antir la force probante de l&#8217;ensemble. La d\u00e9cision montre que le juge v\u00e9rifie scrupuleusement le respect des formalit\u00e9s de l&#8217;\u00c9tat d&#8217;origine. La port\u00e9e est significative pour les demandes fond\u00e9es sur des actes issus de syst\u00e8mes juridiques vari\u00e9s. Elle renforce le principe selon lequel la fiabilit\u00e9 des documents constitue le fondement de tout \u00e9tat civil.<\/p>\n<p>Les limites de la r\u00e9gularisation a posteriori des actes d\u00e9fectueux<\/p>\n<p>Une r\u00e9gularisation judiciaire \u00e9trang\u00e8re peut \u00eatre insuffisante si les nouveaux actes p\u00e8chent encore. La proc\u00e9dure engag\u00e9e au S\u00e9n\u00e9gal, bien que conduisant \u00e0 un nouvel acte, n&#8217;a pas produit un document fiable. Les incoh\u00e9rences entre les diff\u00e9rentes copies d\u00e9livr\u00e9es ont persist\u00e9 apr\u00e8s les jugements de r\u00e9gularisation. La cour en d\u00e9duit que &#8220;l&#8217;acte de naissance n\u00b0308 \u00e9tant d\u00e9pourvu de force probante au sens de l&#8217;article 47 du code civil&#8221; (Motifs). Ainsi, l&#8217;annulation d&#8217;un acte frauduleux et son remplacement ne garantissent pas automatiquement la recevabilit\u00e9 des pi\u00e8ces. Le juge fran\u00e7ais proc\u00e8de \u00e0 une appr\u00e9ciation concr\u00e8te et finale de la valeur probante. Cette solution a pour sens de prot\u00e9ger l&#8217;int\u00e9grit\u00e9 des registres de l&#8217;\u00e9tat civil fran\u00e7ais. Elle \u00e9vite qu&#8217;une nationalit\u00e9 soit accord\u00e9e sur la base d&#8217;une identit\u00e9 incertaine, malgr\u00e9 des efforts de r\u00e9gularisation.<\/p>\n<\/div>\n","protected":false},"excerpt":{"rendered":"<p>La Cour d&#8217;appel de Saint-Denis de la R\u00e9union, statuant le 30 mai 2025, a examin\u00e9 un recours contre un jugement ayant reconnu la nationalit\u00e9 fran\u00e7aise. La jur&#8230;<\/p>\n","protected":false},"author":232070755,"featured_media":3554,"comment_status":"open","ping_status":"open","sticky":false,"template":"","format":"standard","meta":{"_crdt_document":"","_jetpack_newsletter_access":"","_jetpack_dont_email_post_to_subs":false,"_jetpack_newsletter_tier_id":0,"_jetpack_memberships_contains_paywalled_content":false,"_kj_source_type":"","_kj_official_id":"","_kj_official_url":"","_kj_judilibre_id":"","_kj_jur":"","_kj_lieu":"","_kj_chambre":"","_kj_rg":"","_kj_date":"","_jetpack_memberships_contains_paid_content":false,"footnotes":"","jetpack_post_was_ever_published":false},"categories":[7597],"tags":[],"class_list":["post-667819","post","type-post","status-publish","format-standard","has-post-thumbnail","hentry","category-jurisprudence"],"yoast_head":"<!-- This site is optimized with the Yoast SEO Premium plugin v27.5 (Yoast SEO v27.5) - https:\/\/yoast.com\/product\/yoast-seo-premium-wordpress\/ -->\n<title>Cour d&#039;appel de Saint-Denis de la R\u00e9union, le 30 mai 2025, n\u00b024\/10424 - Ma\u00eetre Hassan Kohen, avocat en droit p\u00e9nal \u00e0 Paris<\/title>\n<meta name=\"description\" content=\"La Cour d&#039;appel de Saint-Denis de la R\u00e9union, statuant le 30 mai 2025, a examin\u00e9 un recours contre un jugement ayant reconnu la nationalit\u00e9 fran\u00e7aise. La jur...\" \/>\n<meta name=\"robots\" content=\"index, follow, max-snippet:-1, max-image-preview:large, max-video-preview:-1\" \/>\n<link rel=\"canonical\" href=\"https:\/\/kohenavocats.com\/zh-hans\/cour-dappel-de-saint-denis-de-la-reunion-le-30-mai-2025-n24-10424\/\" \/>\n<meta property=\"og:locale\" content=\"zh_CN\" \/>\n<meta property=\"og:type\" content=\"article\" \/>\n<meta property=\"og:title\" content=\"Cour d&#039;appel de Saint-Denis de la R\u00e9union, le 30 mai 2025, n\u00b024\/10424\" \/>\n<meta property=\"og:description\" content=\"La Cour d&#039;appel de Saint-Denis de la R\u00e9union, statuant le 30 mai 2025, a examin\u00e9 un recours contre un jugement ayant reconnu la nationalit\u00e9 fran\u00e7aise. La jur...\" \/>\n<meta property=\"og:url\" content=\"https:\/\/kohenavocats.com\/zh-hans\/cour-dappel-de-saint-denis-de-la-reunion-le-30-mai-2025-n24-10424\/\" \/>\n<meta property=\"og:site_name\" content=\"Ma\u00eetre Hassan Kohen, avocat en droit p\u00e9nal \u00e0 Paris\" \/>\n<meta property=\"article:published_time\" content=\"2026-04-24T01:52:41+00:00\" \/>\n<meta property=\"og:image\" content=\"https:\/\/kohenavocats.com\/wp-content\/uploads\/2024\/06\/alex-block-PdDBTrkGYLo-unsplash-1024x680.jpg\" \/>\n\t<meta property=\"og:image:width\" content=\"1024\" \/>\n\t<meta property=\"og:image:height\" content=\"680\" \/>\n\t<meta property=\"og:image:type\" content=\"image\/jpeg\" \/>\n<meta name=\"author\" content=\"Kohen\" \/>\n<meta name=\"twitter:card\" content=\"summary_large_image\" \/>\n<meta name=\"twitter:label1\" content=\"\u4f5c\u8005\" \/>\n\t<meta name=\"twitter:data1\" content=\"Kohen\" \/>\n\t<meta name=\"twitter:label2\" content=\"\u9884\u8ba1\u9605\u8bfb\u65f6\u95f4\" \/>\n\t<meta name=\"twitter:data2\" content=\"4 \u5206\" \/>\n<script type=\"application\/ld+json\" class=\"yoast-schema-graph\">{\"@context\":\"https:\\\/\\\/schema.org\",\"@graph\":[{\"@type\":\"Article\",\"@id\":\"https:\\\/\\\/kohenavocats.com\\\/zh-hans\\\/cour-dappel-de-saint-denis-de-la-reunion-le-30-mai-2025-n24-10424\\\/#article\",\"isPartOf\":{\"@id\":\"https:\\\/\\\/kohenavocats.com\\\/zh-hans\\\/cour-dappel-de-saint-denis-de-la-reunion-le-30-mai-2025-n24-10424\\\/\"},\"author\":{\"name\":\"Kohen\",\"@id\":\"https:\\\/\\\/kohenavocats.com\\\/zh-hans\\\/#\\\/schema\\\/person\\\/761c9ba54fa1ca84d405cef0831ff751\"},\"headline\":\"Cour d&#8217;appel de Saint-Denis de la R\u00e9union, le 30 mai 2025, n\u00b024\\\/10424\",\"datePublished\":\"2026-04-24T01:52:41+00:00\",\"mainEntityOfPage\":{\"@id\":\"https:\\\/\\\/kohenavocats.com\\\/zh-hans\\\/cour-dappel-de-saint-denis-de-la-reunion-le-30-mai-2025-n24-10424\\\/\"},\"wordCount\":792,\"commentCount\":0,\"publisher\":{\"@id\":\"https:\\\/\\\/kohenavocats.com\\\/zh-hans\\\/#organization\"},\"image\":{\"@id\":\"https:\\\/\\\/kohenavocats.com\\\/zh-hans\\\/cour-dappel-de-saint-denis-de-la-reunion-le-30-mai-2025-n24-10424\\\/#primaryimage\"},\"thumbnailUrl\":\"https:\\\/\\\/kohenavocats.com\\\/wp-content\\\/uploads\\\/2024\\\/06\\\/alex-block-PdDBTrkGYLo-unsplash.jpg\",\"articleSection\":[\"Jurisprudence\"],\"inLanguage\":\"zh-Hans\",\"potentialAction\":[{\"@type\":\"CommentAction\",\"name\":\"Comment\",\"target\":[\"https:\\\/\\\/kohenavocats.com\\\/zh-hans\\\/cour-dappel-de-saint-denis-de-la-reunion-le-30-mai-2025-n24-10424\\\/#respond\"]}],\"citation\":\"Cour d&#8217;appel de Saint-Denis de la R\u00e9union, le 30 mai 2025, n\u00b024\\\/10424\",\"about\":[{\"@type\":\"Thing\",\"name\":\"Jurisprudence\"}],\"dateModified\":\"2026-04-24T01:52:41+00:00\",\"speakable\":{\"@type\":\"SpeakableSpecification\",\"cssSelector\":[\".article-content > p:first-of-type\"]}},{\"@type\":\"WebPage\",\"@id\":\"https:\\\/\\\/kohenavocats.com\\\/zh-hans\\\/cour-dappel-de-saint-denis-de-la-reunion-le-30-mai-2025-n24-10424\\\/\",\"url\":\"https:\\\/\\\/kohenavocats.com\\\/zh-hans\\\/cour-dappel-de-saint-denis-de-la-reunion-le-30-mai-2025-n24-10424\\\/\",\"name\":\"Cour d'appel de Saint-Denis de la R\u00e9union, le 30 mai 2025, n\u00b024\\\/10424 - Ma\u00eetre Hassan Kohen, avocat en droit p\u00e9nal \u00e0 Paris\",\"isPartOf\":{\"@id\":\"https:\\\/\\\/kohenavocats.com\\\/zh-hans\\\/#website\"},\"primaryImageOfPage\":{\"@id\":\"https:\\\/\\\/kohenavocats.com\\\/zh-hans\\\/cour-dappel-de-saint-denis-de-la-reunion-le-30-mai-2025-n24-10424\\\/#primaryimage\"},\"image\":{\"@id\":\"https:\\\/\\\/kohenavocats.com\\\/zh-hans\\\/cour-dappel-de-saint-denis-de-la-reunion-le-30-mai-2025-n24-10424\\\/#primaryimage\"},\"thumbnailUrl\":\"https:\\\/\\\/kohenavocats.com\\\/wp-content\\\/uploads\\\/2024\\\/06\\\/alex-block-PdDBTrkGYLo-unsplash.jpg\",\"datePublished\":\"2026-04-24T01:52:41+00:00\",\"description\":\"La Cour d'appel de Saint-Denis de la R\u00e9union, statuant le 30 mai 2025, a examin\u00e9 un recours contre un jugement ayant reconnu la nationalit\u00e9 fran\u00e7aise. La jur...\",\"breadcrumb\":{\"@id\":\"https:\\\/\\\/kohenavocats.com\\\/zh-hans\\\/cour-dappel-de-saint-denis-de-la-reunion-le-30-mai-2025-n24-10424\\\/#breadcrumb\"},\"inLanguage\":\"zh-Hans\",\"potentialAction\":[{\"@type\":\"ReadAction\",\"target\":[\"https:\\\/\\\/kohenavocats.com\\\/zh-hans\\\/cour-dappel-de-saint-denis-de-la-reunion-le-30-mai-2025-n24-10424\\\/\"]}]},{\"@type\":\"ImageObject\",\"inLanguage\":\"zh-Hans\",\"@id\":\"https:\\\/\\\/kohenavocats.com\\\/zh-hans\\\/cour-dappel-de-saint-denis-de-la-reunion-le-30-mai-2025-n24-10424\\\/#primaryimage\",\"url\":\"https:\\\/\\\/kohenavocats.com\\\/wp-content\\\/uploads\\\/2024\\\/06\\\/alex-block-PdDBTrkGYLo-unsplash.jpg\",\"contentUrl\":\"https:\\\/\\\/kohenavocats.com\\\/wp-content\\\/uploads\\\/2024\\\/06\\\/alex-block-PdDBTrkGYLo-unsplash.jpg\",\"width\":4288,\"height\":2848},{\"@type\":\"BreadcrumbList\",\"@id\":\"https:\\\/\\\/kohenavocats.com\\\/zh-hans\\\/cour-dappel-de-saint-denis-de-la-reunion-le-30-mai-2025-n24-10424\\\/#breadcrumb\",\"itemListElement\":[{\"@type\":\"ListItem\",\"position\":1,\"name\":\"Home\",\"item\":\"https:\\\/\\\/kohenavocats.com\\\/zh-hans\\\/\"},{\"@type\":\"ListItem\",\"position\":2,\"name\":\"Cour d&rsquo;appel de Saint-Denis de la R\u00e9union, le 30 mai 2025, n\u00b024\\\/10424\"}]},{\"@type\":\"WebSite\",\"@id\":\"https:\\\/\\\/kohenavocats.com\\\/zh-hans\\\/#website\",\"url\":\"https:\\\/\\\/kohenavocats.com\\\/zh-hans\\\/\",\"name\":\"Kohen Avocats\",\"description\":\"Ma\u00eetre Hassan Kohen, avocat p\u00e9naliste \u00e0 Paris, intervient exclusivement en droit p\u00e9nal pour la d\u00e9fense des particuliers, notamment en mati\u00e8re d\u2019accusations de viol. Il assure un accompagnement rigoureux d\u00e8s la garde \u00e0 vue jusqu\u2019\u00e0 la Cour d\u2019assises, veillant au strict respect des garanties proc\u00e9durales.\",\"publisher\":{\"@id\":\"https:\\\/\\\/kohenavocats.com\\\/zh-hans\\\/#organization\"},\"potentialAction\":[{\"@type\":\"SearchAction\",\"target\":{\"@type\":\"EntryPoint\",\"urlTemplate\":\"https:\\\/\\\/kohenavocats.com\\\/zh-hans\\\/?s={search_term_string}\"},\"query-input\":{\"@type\":\"PropertyValueSpecification\",\"valueRequired\":true,\"valueName\":\"search_term_string\"}}],\"inLanguage\":\"zh-Hans\"},{\"@type\":\"Organization\",\"@id\":\"https:\\\/\\\/kohenavocats.com\\\/zh-hans\\\/#organization\",\"name\":\"Kohen Avocats\",\"url\":\"https:\\\/\\\/kohenavocats.com\\\/zh-hans\\\/\",\"logo\":{\"@type\":\"ImageObject\",\"inLanguage\":\"zh-Hans\",\"@id\":\"https:\\\/\\\/kohenavocats.com\\\/zh-hans\\\/#\\\/schema\\\/logo\\\/image\\\/\",\"url\":\"https:\\\/\\\/kohenavocats.com\\\/wp-content\\\/uploads\\\/2026\\\/01\\\/Logo-2-1.webp\",\"contentUrl\":\"https:\\\/\\\/kohenavocats.com\\\/wp-content\\\/uploads\\\/2026\\\/01\\\/Logo-2-1.webp\",\"width\":2114,\"height\":1253,\"caption\":\"Kohen Avocats\"},\"image\":{\"@id\":\"https:\\\/\\\/kohenavocats.com\\\/zh-hans\\\/#\\\/schema\\\/logo\\\/image\\\/\"}},{\"@type\":\"Person\",\"@id\":\"https:\\\/\\\/kohenavocats.com\\\/zh-hans\\\/#\\\/schema\\\/person\\\/761c9ba54fa1ca84d405cef0831ff751\",\"name\":\"Kohen\",\"image\":{\"@type\":\"ImageObject\",\"inLanguage\":\"zh-Hans\",\"@id\":\"https:\\\/\\\/secure.gravatar.com\\\/avatar\\\/1c5e76ef76bbbfdd2b4da984e2bf2fa4056fd51a27d25ce2c332047f1dfd6e00?s=96&d=identicon&r=g\",\"url\":\"https:\\\/\\\/secure.gravatar.com\\\/avatar\\\/1c5e76ef76bbbfdd2b4da984e2bf2fa4056fd51a27d25ce2c332047f1dfd6e00?s=96&d=identicon&r=g\",\"contentUrl\":\"https:\\\/\\\/secure.gravatar.com\\\/avatar\\\/1c5e76ef76bbbfdd2b4da984e2bf2fa4056fd51a27d25ce2c332047f1dfd6e00?s=96&d=identicon&r=g\",\"caption\":\"Kohen\"},\"sameAs\":[\"https:\\\/\\\/www.linkedin.com\\\/in\\\/hassan-kohen-448548192\\\/\",\"https:\\\/\\\/www.youtube.com\\\/@Kohen-Avocats\"],\"url\":\"https:\\\/\\\/kohenavocats.com\\\/zh-hans\\\/author\\\/kohenmlk\\\/\"}]}<\/script>\n<!-- \/ Yoast SEO Premium plugin. -->","yoast_head_json":{"title":"Cour d'appel de Saint-Denis de la R\u00e9union, le 30 mai 2025, n\u00b024\/10424 - Ma\u00eetre Hassan Kohen, avocat en droit p\u00e9nal \u00e0 Paris","description":"La Cour d'appel de Saint-Denis de la R\u00e9union, statuant le 30 mai 2025, a examin\u00e9 un recours contre un jugement ayant reconnu la nationalit\u00e9 fran\u00e7aise. La jur...","robots":{"index":"index","follow":"follow","max-snippet":"max-snippet:-1","max-image-preview":"max-image-preview:large","max-video-preview":"max-video-preview:-1"},"canonical":"https:\/\/kohenavocats.com\/zh-hans\/cour-dappel-de-saint-denis-de-la-reunion-le-30-mai-2025-n24-10424\/","og_locale":"zh_CN","og_type":"article","og_title":"Cour d'appel de Saint-Denis de la R\u00e9union, le 30 mai 2025, n\u00b024\/10424","og_description":"La Cour d'appel de Saint-Denis de la R\u00e9union, statuant le 30 mai 2025, a examin\u00e9 un recours contre un jugement ayant reconnu la nationalit\u00e9 fran\u00e7aise. La jur...","og_url":"https:\/\/kohenavocats.com\/zh-hans\/cour-dappel-de-saint-denis-de-la-reunion-le-30-mai-2025-n24-10424\/","og_site_name":"Ma\u00eetre Hassan Kohen, avocat en droit p\u00e9nal \u00e0 Paris","article_published_time":"2026-04-24T01:52:41+00:00","og_image":[{"width":1024,"height":680,"url":"https:\/\/kohenavocats.com\/wp-content\/uploads\/2024\/06\/alex-block-PdDBTrkGYLo-unsplash-1024x680.jpg","type":"image\/jpeg"}],"author":"Kohen","twitter_card":"summary_large_image","twitter_misc":{"\u4f5c\u8005":"Kohen","\u9884\u8ba1\u9605\u8bfb\u65f6\u95f4":"4 \u5206"},"schema":{"@context":"https:\/\/schema.org","@graph":[{"@type":"Article","@id":"https:\/\/kohenavocats.com\/zh-hans\/cour-dappel-de-saint-denis-de-la-reunion-le-30-mai-2025-n24-10424\/#article","isPartOf":{"@id":"https:\/\/kohenavocats.com\/zh-hans\/cour-dappel-de-saint-denis-de-la-reunion-le-30-mai-2025-n24-10424\/"},"author":{"name":"Kohen","@id":"https:\/\/kohenavocats.com\/zh-hans\/#\/schema\/person\/761c9ba54fa1ca84d405cef0831ff751"},"headline":"Cour d&#8217;appel de Saint-Denis de la R\u00e9union, le 30 mai 2025, n\u00b024\/10424","datePublished":"2026-04-24T01:52:41+00:00","mainEntityOfPage":{"@id":"https:\/\/kohenavocats.com\/zh-hans\/cour-dappel-de-saint-denis-de-la-reunion-le-30-mai-2025-n24-10424\/"},"wordCount":792,"commentCount":0,"publisher":{"@id":"https:\/\/kohenavocats.com\/zh-hans\/#organization"},"image":{"@id":"https:\/\/kohenavocats.com\/zh-hans\/cour-dappel-de-saint-denis-de-la-reunion-le-30-mai-2025-n24-10424\/#primaryimage"},"thumbnailUrl":"https:\/\/kohenavocats.com\/wp-content\/uploads\/2024\/06\/alex-block-PdDBTrkGYLo-unsplash.jpg","articleSection":["Jurisprudence"],"inLanguage":"zh-Hans","potentialAction":[{"@type":"CommentAction","name":"Comment","target":["https:\/\/kohenavocats.com\/zh-hans\/cour-dappel-de-saint-denis-de-la-reunion-le-30-mai-2025-n24-10424\/#respond"]}],"citation":"Cour d&#8217;appel de Saint-Denis de la R\u00e9union, le 30 mai 2025, n\u00b024\/10424","about":[{"@type":"Thing","name":"Jurisprudence"}],"dateModified":"2026-04-24T01:52:41+00:00","speakable":{"@type":"SpeakableSpecification","cssSelector":[".article-content > p:first-of-type"]}},{"@type":"WebPage","@id":"https:\/\/kohenavocats.com\/zh-hans\/cour-dappel-de-saint-denis-de-la-reunion-le-30-mai-2025-n24-10424\/","url":"https:\/\/kohenavocats.com\/zh-hans\/cour-dappel-de-saint-denis-de-la-reunion-le-30-mai-2025-n24-10424\/","name":"Cour d'appel de Saint-Denis de la R\u00e9union, le 30 mai 2025, n\u00b024\/10424 - Ma\u00eetre Hassan Kohen, avocat en droit p\u00e9nal \u00e0 Paris","isPartOf":{"@id":"https:\/\/kohenavocats.com\/zh-hans\/#website"},"primaryImageOfPage":{"@id":"https:\/\/kohenavocats.com\/zh-hans\/cour-dappel-de-saint-denis-de-la-reunion-le-30-mai-2025-n24-10424\/#primaryimage"},"image":{"@id":"https:\/\/kohenavocats.com\/zh-hans\/cour-dappel-de-saint-denis-de-la-reunion-le-30-mai-2025-n24-10424\/#primaryimage"},"thumbnailUrl":"https:\/\/kohenavocats.com\/wp-content\/uploads\/2024\/06\/alex-block-PdDBTrkGYLo-unsplash.jpg","datePublished":"2026-04-24T01:52:41+00:00","description":"La Cour d'appel de Saint-Denis de la R\u00e9union, statuant le 30 mai 2025, a examin\u00e9 un recours contre un jugement ayant reconnu la nationalit\u00e9 fran\u00e7aise. La jur...","breadcrumb":{"@id":"https:\/\/kohenavocats.com\/zh-hans\/cour-dappel-de-saint-denis-de-la-reunion-le-30-mai-2025-n24-10424\/#breadcrumb"},"inLanguage":"zh-Hans","potentialAction":[{"@type":"ReadAction","target":["https:\/\/kohenavocats.com\/zh-hans\/cour-dappel-de-saint-denis-de-la-reunion-le-30-mai-2025-n24-10424\/"]}]},{"@type":"ImageObject","inLanguage":"zh-Hans","@id":"https:\/\/kohenavocats.com\/zh-hans\/cour-dappel-de-saint-denis-de-la-reunion-le-30-mai-2025-n24-10424\/#primaryimage","url":"https:\/\/kohenavocats.com\/wp-content\/uploads\/2024\/06\/alex-block-PdDBTrkGYLo-unsplash.jpg","contentUrl":"https:\/\/kohenavocats.com\/wp-content\/uploads\/2024\/06\/alex-block-PdDBTrkGYLo-unsplash.jpg","width":4288,"height":2848},{"@type":"BreadcrumbList","@id":"https:\/\/kohenavocats.com\/zh-hans\/cour-dappel-de-saint-denis-de-la-reunion-le-30-mai-2025-n24-10424\/#breadcrumb","itemListElement":[{"@type":"ListItem","position":1,"name":"Home","item":"https:\/\/kohenavocats.com\/zh-hans\/"},{"@type":"ListItem","position":2,"name":"Cour d&rsquo;appel de Saint-Denis de la R\u00e9union, le 30 mai 2025, n\u00b024\/10424"}]},{"@type":"WebSite","@id":"https:\/\/kohenavocats.com\/zh-hans\/#website","url":"https:\/\/kohenavocats.com\/zh-hans\/","name":"Kohen Avocats","description":"Ma\u00eetre Hassan Kohen, avocat p\u00e9naliste \u00e0 Paris, intervient exclusivement en droit p\u00e9nal pour la d\u00e9fense des particuliers, notamment en mati\u00e8re d\u2019accusations de viol. Il assure un accompagnement rigoureux d\u00e8s la garde \u00e0 vue jusqu\u2019\u00e0 la Cour d\u2019assises, veillant au strict respect des garanties proc\u00e9durales.","publisher":{"@id":"https:\/\/kohenavocats.com\/zh-hans\/#organization"},"potentialAction":[{"@type":"SearchAction","target":{"@type":"EntryPoint","urlTemplate":"https:\/\/kohenavocats.com\/zh-hans\/?s={search_term_string}"},"query-input":{"@type":"PropertyValueSpecification","valueRequired":true,"valueName":"search_term_string"}}],"inLanguage":"zh-Hans"},{"@type":"Organization","@id":"https:\/\/kohenavocats.com\/zh-hans\/#organization","name":"Kohen Avocats","url":"https:\/\/kohenavocats.com\/zh-hans\/","logo":{"@type":"ImageObject","inLanguage":"zh-Hans","@id":"https:\/\/kohenavocats.com\/zh-hans\/#\/schema\/logo\/image\/","url":"https:\/\/kohenavocats.com\/wp-content\/uploads\/2026\/01\/Logo-2-1.webp","contentUrl":"https:\/\/kohenavocats.com\/wp-content\/uploads\/2026\/01\/Logo-2-1.webp","width":2114,"height":1253,"caption":"Kohen Avocats"},"image":{"@id":"https:\/\/kohenavocats.com\/zh-hans\/#\/schema\/logo\/image\/"}},{"@type":"Person","@id":"https:\/\/kohenavocats.com\/zh-hans\/#\/schema\/person\/761c9ba54fa1ca84d405cef0831ff751","name":"Kohen","image":{"@type":"ImageObject","inLanguage":"zh-Hans","@id":"https:\/\/secure.gravatar.com\/avatar\/1c5e76ef76bbbfdd2b4da984e2bf2fa4056fd51a27d25ce2c332047f1dfd6e00?s=96&d=identicon&r=g","url":"https:\/\/secure.gravatar.com\/avatar\/1c5e76ef76bbbfdd2b4da984e2bf2fa4056fd51a27d25ce2c332047f1dfd6e00?s=96&d=identicon&r=g","contentUrl":"https:\/\/secure.gravatar.com\/avatar\/1c5e76ef76bbbfdd2b4da984e2bf2fa4056fd51a27d25ce2c332047f1dfd6e00?s=96&d=identicon&r=g","caption":"Kohen"},"sameAs":["https:\/\/www.linkedin.com\/in\/hassan-kohen-448548192\/","https:\/\/www.youtube.com\/@Kohen-Avocats"],"url":"https:\/\/kohenavocats.com\/zh-hans\/author\/kohenmlk\/"}]}},"jetpack_featured_media_url":"https:\/\/kohenavocats.com\/wp-content\/uploads\/2024\/06\/alex-block-PdDBTrkGYLo-unsplash.jpg","jetpack_likes_enabled":false,"jetpack_shortlink":"https:\/\/wp.me\/peCrII-2NJh","jetpack-related-posts":[{"id":660628,"url":"https:\/\/kohenavocats.com\/zh-hans\/cour-dappel-de-saint-denis-de-la-reunion-le-17-septembre-2024-n23-01325\/","url_meta":{"origin":667819,"position":0},"title":"Cour d&#8217;appel de Saint-Denis de La R\u00e9union, le 17 septembre 2024, n\u00b023\/01325","author":"Kohen","date":"2026\u5e744\u670823\u65e5","format":false,"excerpt":"La cour d\u2019appel de Saint-Denis de La R\u00e9union, stat\u2026","rel":"","context":"\u5728\u201cJurisprudence\u201d\u4e2d","block_context":{"text":"Jurisprudence","link":"https:\/\/kohenavocats.com\/category\/jurisprudence\/"},"img":{"alt_text":"","src":"https:\/\/i0.wp.com\/kohenavocats.com\/wp-content\/uploads\/2024\/08\/rosilaine-alves-674oH-T1wNo-unsplash.webp?resize=350%2C200&ssl=1","width":350,"height":200,"srcset":"https:\/\/i0.wp.com\/kohenavocats.com\/wp-content\/uploads\/2024\/08\/rosilaine-alves-674oH-T1wNo-unsplash.webp?resize=350%2C200&ssl=1 1x, https:\/\/i0.wp.com\/kohenavocats.com\/wp-content\/uploads\/2024\/08\/rosilaine-alves-674oH-T1wNo-unsplash.webp?resize=525%2C300&ssl=1 1.5x, https:\/\/i0.wp.com\/kohenavocats.com\/wp-content\/uploads\/2024\/08\/rosilaine-alves-674oH-T1wNo-unsplash.webp?resize=700%2C400&ssl=1 2x, https:\/\/i0.wp.com\/kohenavocats.com\/wp-content\/uploads\/2024\/08\/rosilaine-alves-674oH-T1wNo-unsplash.webp?resize=1050%2C600&ssl=1 3x, https:\/\/i0.wp.com\/kohenavocats.com\/wp-content\/uploads\/2024\/08\/rosilaine-alves-674oH-T1wNo-unsplash.webp?resize=1400%2C800&ssl=1 4x"},"classes":[]},{"id":611655,"url":"https:\/\/kohenavocats.com\/zh-hans\/tribunal-judiciaire-de-saint-nazaire-le-30-octobre-2025-n23-09040\/","url_meta":{"origin":667819,"position":1},"title":"Tribunal judiciaire de Saint-Nazaire, le 30 octobre 2025, n\u00b023\/09040","author":"Kohen","date":"2026\u5e744\u670819\u65e5","format":false,"excerpt":"Le tribunal judiciaire de Saint-Nazaire, statuant \u2026","rel":"","context":"\u5728\u201cJurisprudence\u201d\u4e2d","block_context":{"text":"Jurisprudence","link":"https:\/\/kohenavocats.com\/category\/jurisprudence\/"},"img":{"alt_text":"","src":"https:\/\/i0.wp.com\/kohenavocats.com\/wp-content\/uploads\/2024\/08\/sarah-donisi-yf0ndtS1k-U-unsplash.webp?resize=350%2C200&ssl=1","width":350,"height":200,"srcset":"https:\/\/i0.wp.com\/kohenavocats.com\/wp-content\/uploads\/2024\/08\/sarah-donisi-yf0ndtS1k-U-unsplash.webp?resize=350%2C200&ssl=1 1x, https:\/\/i0.wp.com\/kohenavocats.com\/wp-content\/uploads\/2024\/08\/sarah-donisi-yf0ndtS1k-U-unsplash.webp?resize=525%2C300&ssl=1 1.5x, https:\/\/i0.wp.com\/kohenavocats.com\/wp-content\/uploads\/2024\/08\/sarah-donisi-yf0ndtS1k-U-unsplash.webp?resize=700%2C400&ssl=1 2x, https:\/\/i0.wp.com\/kohenavocats.com\/wp-content\/uploads\/2024\/08\/sarah-donisi-yf0ndtS1k-U-unsplash.webp?resize=1050%2C600&ssl=1 3x, https:\/\/i0.wp.com\/kohenavocats.com\/wp-content\/uploads\/2024\/08\/sarah-donisi-yf0ndtS1k-U-unsplash.webp?resize=1400%2C800&ssl=1 4x"},"classes":[]},{"id":82667,"url":"https:\/\/kohenavocats.com\/zh-hans\/cour-dappel-de-saint-denis-le-27-juin-2025-n22-01434\/","url_meta":{"origin":667819,"position":2},"title":"Cour d&#8217;appel de Saint &#8211; Denis, le 27 juin 2025, n\u00b022\/01434","author":"Kohen","date":"2025\u5e7411\u670810\u65e5","format":false,"excerpt":"Par un arr\u00eat de la Cour d'appel de Saint\u2011Denis du \u2026","rel":"","context":"\u5728\u201cTravaux Parlementaires\u201d\u4e2d","block_context":{"text":"Travaux Parlementaires","link":"https:\/\/kohenavocats.com\/category\/travaux-parlementaires\/"},"img":{"alt_text":"","src":"https:\/\/i0.wp.com\/kohenavocats.com\/wp-content\/uploads\/2024\/11\/mohamed-nohassi-eDW8N5peT58-unsplash.webp?resize=350%2C200&ssl=1","width":350,"height":200,"srcset":"https:\/\/i0.wp.com\/kohenavocats.com\/wp-content\/uploads\/2024\/11\/mohamed-nohassi-eDW8N5peT58-unsplash.webp?resize=350%2C200&ssl=1 1x, https:\/\/i0.wp.com\/kohenavocats.com\/wp-content\/uploads\/2024\/11\/mohamed-nohassi-eDW8N5peT58-unsplash.webp?resize=525%2C300&ssl=1 1.5x, https:\/\/i0.wp.com\/kohenavocats.com\/wp-content\/uploads\/2024\/11\/mohamed-nohassi-eDW8N5peT58-unsplash.webp?resize=700%2C400&ssl=1 2x, https:\/\/i0.wp.com\/kohenavocats.com\/wp-content\/uploads\/2024\/11\/mohamed-nohassi-eDW8N5peT58-unsplash.webp?resize=1050%2C600&ssl=1 3x, https:\/\/i0.wp.com\/kohenavocats.com\/wp-content\/uploads\/2024\/11\/mohamed-nohassi-eDW8N5peT58-unsplash.webp?resize=1400%2C800&ssl=1 4x"},"classes":[]},{"id":238892,"url":"https:\/\/kohenavocats.com\/zh-hans\/cour-dappel-de-paris-le-17-juin-2025-n24-12932\/","url_meta":{"origin":667819,"position":3},"title":"Cour d&#8217;appel de Paris, le 17 juin 2025, n\u00b024\/12932","author":"Kohen","date":"2025\u5e7412\u670831\u65e5","format":false,"excerpt":"L'acquisition de la nationalit\u00e9 fran\u00e7aise par d\u00e9cl\u2026","rel":"","context":"\u5728\u201cCour d'appel\u201d\u4e2d","block_context":{"text":"Cour d'appel","link":"https:\/\/kohenavocats.com\/category\/cour-dappel\/"},"img":{"alt_text":"","src":"https:\/\/i0.wp.com\/kohenavocats.com\/wp-content\/uploads\/2024\/08\/simone-hutsch-xOLhD-qfoRI-unsplash.webp?resize=350%2C200&ssl=1","width":350,"height":200,"srcset":"https:\/\/i0.wp.com\/kohenavocats.com\/wp-content\/uploads\/2024\/08\/simone-hutsch-xOLhD-qfoRI-unsplash.webp?resize=350%2C200&ssl=1 1x, https:\/\/i0.wp.com\/kohenavocats.com\/wp-content\/uploads\/2024\/08\/simone-hutsch-xOLhD-qfoRI-unsplash.webp?resize=525%2C300&ssl=1 1.5x, https:\/\/i0.wp.com\/kohenavocats.com\/wp-content\/uploads\/2024\/08\/simone-hutsch-xOLhD-qfoRI-unsplash.webp?resize=700%2C400&ssl=1 2x, https:\/\/i0.wp.com\/kohenavocats.com\/wp-content\/uploads\/2024\/08\/simone-hutsch-xOLhD-qfoRI-unsplash.webp?resize=1050%2C600&ssl=1 3x, https:\/\/i0.wp.com\/kohenavocats.com\/wp-content\/uploads\/2024\/08\/simone-hutsch-xOLhD-qfoRI-unsplash.webp?resize=1400%2C800&ssl=1 4x"},"classes":[]},{"id":467979,"url":"https:\/\/kohenavocats.com\/zh-hans\/caa-caa-de-paris-15-05-2025-n-24pa03860\/","url_meta":{"origin":667819,"position":4},"title":"CAA \u2013 CAA de PARIS \u2013 15\/05\/2025 \u2013 n\u00b0 24PA03860","author":"Kohen","date":"2026\u5e744\u67087\u65e5","format":false,"excerpt":"Une d\u00e9cision de la cour administrative d\u2019appel de \u2026","rel":"","context":"\u5728\u201cJuridictions administratives\u201d\u4e2d","block_context":{"text":"Juridictions administratives","link":"https:\/\/kohenavocats.com\/category\/juridictions-administratives\/"},"img":{"alt_text":"","src":"https:\/\/i0.wp.com\/kohenavocats.com\/wp-content\/uploads\/2024\/11\/declan-sun-JYXbjhOGTCs-unsplash.webp?resize=350%2C200&ssl=1","width":350,"height":200,"srcset":"https:\/\/i0.wp.com\/kohenavocats.com\/wp-content\/uploads\/2024\/11\/declan-sun-JYXbjhOGTCs-unsplash.webp?resize=350%2C200&ssl=1 1x, https:\/\/i0.wp.com\/kohenavocats.com\/wp-content\/uploads\/2024\/11\/declan-sun-JYXbjhOGTCs-unsplash.webp?resize=525%2C300&ssl=1 1.5x, https:\/\/i0.wp.com\/kohenavocats.com\/wp-content\/uploads\/2024\/11\/declan-sun-JYXbjhOGTCs-unsplash.webp?resize=700%2C400&ssl=1 2x, https:\/\/i0.wp.com\/kohenavocats.com\/wp-content\/uploads\/2024\/11\/declan-sun-JYXbjhOGTCs-unsplash.webp?resize=1050%2C600&ssl=1 3x, https:\/\/i0.wp.com\/kohenavocats.com\/wp-content\/uploads\/2024\/11\/declan-sun-JYXbjhOGTCs-unsplash.webp?resize=1400%2C800&ssl=1 4x"},"classes":[]},{"id":496239,"url":"https:\/\/kohenavocats.com\/zh-hans\/cour-dappel-de-la-reunion-le-2-decembre-2025-n24-00059\/","url_meta":{"origin":667819,"position":5},"title":"Cour d&#8217;appel de la R\u00e9union, le 2 d\u00e9cembre 2025, n\u00b024\/00059","author":"Kohen","date":"2026\u5e744\u67088\u65e5","format":false,"excerpt":"La chambre civile de la cour d'appel de Saint-Deni\u2026","rel":"","context":"\u5728\u201cCour d'appel\u201d\u4e2d","block_context":{"text":"Cour d'appel","link":"https:\/\/kohenavocats.com\/category\/cour-dappel\/"},"img":{"alt_text":"","src":"https:\/\/i0.wp.com\/kohenavocats.com\/wp-content\/uploads\/2024\/08\/philippe-oursel-qtRnYktkhxw-unsplash.webp?resize=350%2C200&ssl=1","width":350,"height":200,"srcset":"https:\/\/i0.wp.com\/kohenavocats.com\/wp-content\/uploads\/2024\/08\/philippe-oursel-qtRnYktkhxw-unsplash.webp?resize=350%2C200&ssl=1 1x, https:\/\/i0.wp.com\/kohenavocats.com\/wp-content\/uploads\/2024\/08\/philippe-oursel-qtRnYktkhxw-unsplash.webp?resize=525%2C300&ssl=1 1.5x, https:\/\/i0.wp.com\/kohenavocats.com\/wp-content\/uploads\/2024\/08\/philippe-oursel-qtRnYktkhxw-unsplash.webp?resize=700%2C400&ssl=1 2x, https:\/\/i0.wp.com\/kohenavocats.com\/wp-content\/uploads\/2024\/08\/philippe-oursel-qtRnYktkhxw-unsplash.webp?resize=1050%2C600&ssl=1 3x, https:\/\/i0.wp.com\/kohenavocats.com\/wp-content\/uploads\/2024\/08\/philippe-oursel-qtRnYktkhxw-unsplash.webp?resize=1400%2C800&ssl=1 4x"},"classes":[]}],"jetpack_sharing_enabled":true,"_links":{"self":[{"href":"https:\/\/kohenavocats.com\/zh-hans\/wp-json\/wp\/v2\/posts\/667819","targetHints":{"allow":["GET"]}}],"collection":[{"href":"https:\/\/kohenavocats.com\/zh-hans\/wp-json\/wp\/v2\/posts"}],"about":[{"href":"https:\/\/kohenavocats.com\/zh-hans\/wp-json\/wp\/v2\/types\/post"}],"author":[{"embeddable":true,"href":"https:\/\/kohenavocats.com\/zh-hans\/wp-json\/wp\/v2\/users\/232070755"}],"replies":[{"embeddable":true,"href":"https:\/\/kohenavocats.com\/zh-hans\/wp-json\/wp\/v2\/comments?post=667819"}],"version-history":[{"count":0,"href":"https:\/\/kohenavocats.com\/zh-hans\/wp-json\/wp\/v2\/posts\/667819\/revisions"}],"wp:featuredmedia":[{"embeddable":true,"href":"https:\/\/kohenavocats.com\/zh-hans\/wp-json\/wp\/v2\/media\/3554"}],"wp:attachment":[{"href":"https:\/\/kohenavocats.com\/zh-hans\/wp-json\/wp\/v2\/media?parent=667819"}],"wp:term":[{"taxonomy":"category","embeddable":true,"href":"https:\/\/kohenavocats.com\/zh-hans\/wp-json\/wp\/v2\/categories?post=667819"},{"taxonomy":"post_tag","embeddable":true,"href":"https:\/\/kohenavocats.com\/zh-hans\/wp-json\/wp\/v2\/tags?post=667819"}],"curies":[{"name":"wp","href":"https:\/\/api.w.org\/{rel}","templated":true}]}}