{"id":667874,"date":"2026-04-24T03:56:21","date_gmt":"2026-04-24T01:56:21","guid":{"rendered":"https:\/\/kohenavocats.com\/cour-dappel-de-lyon-le-15-septembre-2025-n22-06444\/"},"modified":"2026-04-24T03:56:21","modified_gmt":"2026-04-24T01:56:21","slug":"cour-dappel-de-lyon-le-15-septembre-2025-n22-06444","status":"publish","type":"post","link":"https:\/\/kohenavocats.com\/zh-hans\/cour-dappel-de-lyon-le-15-septembre-2025-n22-06444\/","title":{"rendered":"Cour d&#8217;appel de Lyon, le 15 septembre 2025, n\u00b022\/06444"},"content":{"rendered":"<div class=\"article-content\">\n<p>La cour d&#8217;appel de Lyon, chambre sociale, le 15 septembre 2025, confirme un jugement ayant reconnu la faute inexcusable d&#8217;un employeur. Un salari\u00e9 avait subi une agression verbale sur son lieu de travail, occasionnant un trouble anxieux aigu. L&#8217;employeur contestait le caract\u00e8re professionnel de l&#8217;accident et invoquait la prescription de l&#8217;action. La cour \u00e9carte ces moyens et retient la faute inexcusable, ordonnant une expertise pour \u00e9valuer l&#8217;ensemble des pr\u00e9judices de la victime et la majoration de sa rente.<\/p>\n<p>La prescription de l&#8217;action en reconnaissance de la faute inexcusable<\/p>\n<p>Le point de d\u00e9part du d\u00e9lai de prescription biennale est d\u00e9termin\u00e9 par l&#8217;\u00e9v\u00e9nement le plus r\u00e9cent. L&#8217;article L. 431-2 du code de la s\u00e9curit\u00e9 sociale pr\u00e9voit que l&#8217;action se prescrit par deux ans \u00e0 compter du jour de l&#8217;accident ou de la cl\u00f4ture de l&#8217;enqu\u00eate de la caisse. La jurisprudence pr\u00e9cise que &#8220;seule la plus r\u00e9cente des dates est retenue entre celles de ces diff\u00e9rents \u00e9v\u00e9nements&#8221; (Soc, 12 d\u00e9cembre 2002, n\u00ba0103243). En l&#8217;esp\u00e8ce, la prise en charge par la caisse le 19 octobre 2016 fait courir un nouveau d\u00e9lai.<\/p>\n<p>Ce d\u00e9lai peut \u00eatre interrompu par divers actes, dont une demande en justice. La cour rappelle que &#8220;l&#8217;initiative de la victime saisissant la [caisse] d&#8217;une requ\u00eate tendant \u00e0 la reconnaissance amiable d&#8217;une faute inexcusable \u00e9quivaut \u00e0 la demande en justice vis\u00e9e \u00e0 l&#8217;article 2241 du code civil&#8221; (Civ. 2e, 3 mars 2011). La saisine du tribunal avant l&#8217;expiration du d\u00e9lai issu de la d\u00e9cision de la caisse rend donc l&#8217;action recevable. Cette solution s\u00e9curise la position de la victime en multipliant les causes d&#8217;interruption.<\/p>\n<p>La caract\u00e9risation de la faute inexcusable de l&#8217;employeur<\/p>\n<p>La faute inexcusable suppose un manquement \u00e0 l&#8217;obligation de s\u00e9curit\u00e9 de r\u00e9sultat. La cour rappelle les conditions l\u00e9gales : &#8220;le manquement \u00e0 l&#8217;obligation l\u00e9gale de s\u00e9curit\u00e9 et de protection de la sant\u00e9 \u00e0 laquelle l&#8217;employeur est tenu envers le travailleur a le caract\u00e8re d&#8217;une faute inexcusable lorsque l&#8217;employeur avait ou aurait d\u00fb avoir conscience du danger auquel \u00e9tait soumis l&#8217;int\u00e9ress\u00e9 et qu&#8217;il n&#8217;a pas pris les mesures n\u00e9cessaires pour l&#8217;en pr\u00e9server&#8221;. Cette d\u00e9finition est conforme \u00e0 la jurisprudence constante sur l&#8217;obligation de l&#8217;employeur.<\/p>\n<p>La conscience du danger s&#8217;appr\u00e9cie de mani\u00e8re objective, sans n\u00e9cessiter une connaissance effective. La cour souligne que &#8220;cette conscience s&#8217;appr\u00e9cie au moment ou pendant la p\u00e9riode de l&#8217;exposition au risque&#8221;. En l&#8217;esp\u00e8ce, l&#8217;employeur, inform\u00e9 des tensions, n&#8217;a pris aucune mesure pr\u00e9ventive. Le manquement est \u00e9tabli sans que la faute de la victime, si elle existait, ne puisse exon\u00e9rer l&#8217;employeur. La d\u00e9cision renforce ainsi le caract\u00e8re imp\u00e9ratif de l&#8217;obligation de s\u00e9curit\u00e9.<\/p>\n<p>La port\u00e9e de la d\u00e9cision en mati\u00e8re de r\u00e9paration<\/p>\n<p>La reconnaissance de la faute inexcusable entra\u00eene des cons\u00e9quences indemnitaires sp\u00e9cifiques. La cour ordonne &#8220;la majoration de la rente au maximum, dans les conditions \u00e9nonc\u00e9es \u00e0 l&#8217;article L. 452-2 du code de la s\u00e9curit\u00e9 sociale&#8221;. Cette majoration, pr\u00e9vue par la loi, vise \u00e0 r\u00e9parer l&#8217;aggravation du pr\u00e9judice due \u00e0 la faute de l&#8217;employeur. Elle s&#8217;ajoute \u00e0 la r\u00e9paration int\u00e9grale des pr\u00e9judices de la victime, conform\u00e9ment \u00e0 l&#8217;article L. 452-3.<\/p>\n<p>Une expertise est ordonn\u00e9e pour \u00e9valuer l&#8217;ensemble des pr\u00e9judices, y compris ceux non couverts par la l\u00e9gislation sur les accidents du travail. La cour pr\u00e9cise que l&#8217;expert devra notamment \u00e9valuer &#8220;le d\u00e9ficit fonctionnel permanent&#8221; et &#8220;le pr\u00e9judice d&#8217;\u00e9tablissement&#8221;. Cette mesure permet une indemnisation compl\u00e8te, au-del\u00e0 du forfait l\u00e9gal, assurant une r\u00e9paration v\u00e9ritablement personnalis\u00e9e du pr\u00e9judice corporel et de ses cons\u00e9quences sur la vie de la victime.<\/p>\n<\/div>\n","protected":false},"excerpt":{"rendered":"<p>La cour d&#8217;appel de Lyon, chambre sociale, le 15 septembre 2025, confirme un jugement ayant reconnu la faute inexcusable d&#8217;un employeur. Un salari\u00e9 avait subi&#8230;<\/p>\n","protected":false},"author":232070755,"featured_media":9738,"comment_status":"open","ping_status":"open","sticky":false,"template":"","format":"standard","meta":{"_crdt_document":"","_jetpack_newsletter_access":"","_jetpack_dont_email_post_to_subs":false,"_jetpack_newsletter_tier_id":0,"_jetpack_memberships_contains_paywalled_content":false,"_jetpack_memberships_contains_paid_content":false,"footnotes":"","jetpack_post_was_ever_published":false},"categories":[7597],"tags":[],"class_list":["post-667874","post","type-post","status-publish","format-standard","has-post-thumbnail","hentry","category-jurisprudence"],"yoast_head":"<!-- This site is optimized with the Yoast SEO Premium plugin v27.4 (Yoast SEO v27.4) - https:\/\/yoast.com\/product\/yoast-seo-premium-wordpress\/ -->\n<title>Cour d&#039;appel de Lyon, le 15 septembre 2025, n\u00b022\/06444 - Ma\u00eetre Hassan Kohen, avocat en droit p\u00e9nal \u00e0 Paris<\/title>\n<meta name=\"description\" content=\"La cour d&#039;appel de Lyon, chambre sociale, le 15 septembre 2025, confirme un jugement ayant reconnu la faute inexcusable d&#039;un employeur. Un salari\u00e9 avait subi...\" \/>\n<meta name=\"robots\" content=\"index, follow, max-snippet:-1, max-image-preview:large, max-video-preview:-1\" \/>\n<link rel=\"canonical\" href=\"https:\/\/kohenavocats.com\/zh-hans\/cour-dappel-de-lyon-le-15-septembre-2025-n22-06444\/\" \/>\n<meta property=\"og:locale\" content=\"zh_CN\" \/>\n<meta property=\"og:type\" content=\"article\" \/>\n<meta property=\"og:title\" content=\"Cour d&#039;appel de Lyon, le 15 septembre 2025, n\u00b022\/06444\" \/>\n<meta property=\"og:description\" content=\"La cour d&#039;appel de Lyon, chambre sociale, le 15 septembre 2025, confirme un jugement ayant reconnu la faute inexcusable d&#039;un employeur. Un salari\u00e9 avait subi...\" \/>\n<meta property=\"og:url\" content=\"https:\/\/kohenavocats.com\/zh-hans\/cour-dappel-de-lyon-le-15-septembre-2025-n22-06444\/\" \/>\n<meta property=\"og:site_name\" content=\"Ma\u00eetre Hassan Kohen, avocat en droit p\u00e9nal \u00e0 Paris\" \/>\n<meta property=\"article:published_time\" content=\"2026-04-24T01:56:21+00:00\" \/>\n<meta property=\"og:image\" content=\"https:\/\/kohenavocats.com\/wp-content\/uploads\/2024\/11\/cash-macanaya-nv3Z-1Nsd3g-unsplash.webp\" \/>\n\t<meta property=\"og:image:width\" content=\"2160\" \/>\n\t<meta property=\"og:image:height\" content=\"2700\" \/>\n\t<meta property=\"og:image:type\" content=\"image\/webp\" \/>\n<meta name=\"author\" content=\"Kohen\" \/>\n<meta name=\"twitter:card\" content=\"summary_large_image\" \/>\n<meta name=\"twitter:label1\" content=\"\u4f5c\u8005\" \/>\n\t<meta name=\"twitter:data1\" content=\"Kohen\" \/>\n\t<meta name=\"twitter:label2\" content=\"\u9884\u8ba1\u9605\u8bfb\u65f6\u95f4\" \/>\n\t<meta name=\"twitter:data2\" content=\"3 \u5206\" \/>\n<script type=\"application\/ld+json\" class=\"yoast-schema-graph\">{\"@context\":\"https:\\\/\\\/schema.org\",\"@graph\":[{\"@type\":\"Article\",\"@id\":\"https:\\\/\\\/kohenavocats.com\\\/zh-hans\\\/cour-dappel-de-lyon-le-15-septembre-2025-n22-06444\\\/#article\",\"isPartOf\":{\"@id\":\"https:\\\/\\\/kohenavocats.com\\\/zh-hans\\\/cour-dappel-de-lyon-le-15-septembre-2025-n22-06444\\\/\"},\"author\":{\"name\":\"Kohen\",\"@id\":\"https:\\\/\\\/kohenavocats.com\\\/zh-hans\\\/#\\\/schema\\\/person\\\/761c9ba54fa1ca84d405cef0831ff751\"},\"headline\":\"Cour d&#8217;appel de Lyon, le 15 septembre 2025, n\u00b022\\\/06444\",\"datePublished\":\"2026-04-24T01:56:21+00:00\",\"mainEntityOfPage\":{\"@id\":\"https:\\\/\\\/kohenavocats.com\\\/zh-hans\\\/cour-dappel-de-lyon-le-15-septembre-2025-n22-06444\\\/\"},\"wordCount\":675,\"commentCount\":0,\"publisher\":{\"@id\":\"https:\\\/\\\/kohenavocats.com\\\/zh-hans\\\/#organization\"},\"image\":{\"@id\":\"https:\\\/\\\/kohenavocats.com\\\/zh-hans\\\/cour-dappel-de-lyon-le-15-septembre-2025-n22-06444\\\/#primaryimage\"},\"thumbnailUrl\":\"https:\\\/\\\/kohenavocats.com\\\/wp-content\\\/uploads\\\/2024\\\/11\\\/cash-macanaya-nv3Z-1Nsd3g-unsplash.webp\",\"articleSection\":[\"Jurisprudence\"],\"inLanguage\":\"zh-Hans\",\"potentialAction\":[{\"@type\":\"CommentAction\",\"name\":\"Comment\",\"target\":[\"https:\\\/\\\/kohenavocats.com\\\/zh-hans\\\/cour-dappel-de-lyon-le-15-septembre-2025-n22-06444\\\/#respond\"]}],\"citation\":\"Cour d&#8217;appel de Lyon, le 15 septembre 2025, n\u00b022\\\/06444\",\"about\":[{\"@type\":\"Thing\",\"name\":\"Jurisprudence\"}],\"dateModified\":\"2026-04-24T01:56:21+00:00\",\"speakable\":{\"@type\":\"SpeakableSpecification\",\"cssSelector\":[\".article-content > p:first-of-type\"]}},{\"@type\":\"WebPage\",\"@id\":\"https:\\\/\\\/kohenavocats.com\\\/zh-hans\\\/cour-dappel-de-lyon-le-15-septembre-2025-n22-06444\\\/\",\"url\":\"https:\\\/\\\/kohenavocats.com\\\/zh-hans\\\/cour-dappel-de-lyon-le-15-septembre-2025-n22-06444\\\/\",\"name\":\"Cour d'appel de Lyon, le 15 septembre 2025, n\u00b022\\\/06444 - Ma\u00eetre Hassan Kohen, avocat en droit p\u00e9nal \u00e0 Paris\",\"isPartOf\":{\"@id\":\"https:\\\/\\\/kohenavocats.com\\\/zh-hans\\\/#website\"},\"primaryImageOfPage\":{\"@id\":\"https:\\\/\\\/kohenavocats.com\\\/zh-hans\\\/cour-dappel-de-lyon-le-15-septembre-2025-n22-06444\\\/#primaryimage\"},\"image\":{\"@id\":\"https:\\\/\\\/kohenavocats.com\\\/zh-hans\\\/cour-dappel-de-lyon-le-15-septembre-2025-n22-06444\\\/#primaryimage\"},\"thumbnailUrl\":\"https:\\\/\\\/kohenavocats.com\\\/wp-content\\\/uploads\\\/2024\\\/11\\\/cash-macanaya-nv3Z-1Nsd3g-unsplash.webp\",\"datePublished\":\"2026-04-24T01:56:21+00:00\",\"description\":\"La cour d'appel de Lyon, chambre sociale, le 15 septembre 2025, confirme un jugement ayant reconnu la faute inexcusable d'un employeur. Un salari\u00e9 avait subi...\",\"breadcrumb\":{\"@id\":\"https:\\\/\\\/kohenavocats.com\\\/zh-hans\\\/cour-dappel-de-lyon-le-15-septembre-2025-n22-06444\\\/#breadcrumb\"},\"inLanguage\":\"zh-Hans\",\"potentialAction\":[{\"@type\":\"ReadAction\",\"target\":[\"https:\\\/\\\/kohenavocats.com\\\/zh-hans\\\/cour-dappel-de-lyon-le-15-septembre-2025-n22-06444\\\/\"]}]},{\"@type\":\"ImageObject\",\"inLanguage\":\"zh-Hans\",\"@id\":\"https:\\\/\\\/kohenavocats.com\\\/zh-hans\\\/cour-dappel-de-lyon-le-15-septembre-2025-n22-06444\\\/#primaryimage\",\"url\":\"https:\\\/\\\/kohenavocats.com\\\/wp-content\\\/uploads\\\/2024\\\/11\\\/cash-macanaya-nv3Z-1Nsd3g-unsplash.webp\",\"contentUrl\":\"https:\\\/\\\/kohenavocats.com\\\/wp-content\\\/uploads\\\/2024\\\/11\\\/cash-macanaya-nv3Z-1Nsd3g-unsplash.webp\",\"width\":2160,\"height\":2700},{\"@type\":\"BreadcrumbList\",\"@id\":\"https:\\\/\\\/kohenavocats.com\\\/zh-hans\\\/cour-dappel-de-lyon-le-15-septembre-2025-n22-06444\\\/#breadcrumb\",\"itemListElement\":[{\"@type\":\"ListItem\",\"position\":1,\"name\":\"Home\",\"item\":\"https:\\\/\\\/kohenavocats.com\\\/zh-hans\\\/\"},{\"@type\":\"ListItem\",\"position\":2,\"name\":\"Cour d&rsquo;appel de Lyon, le 15 septembre 2025, n\u00b022\\\/06444\"}]},{\"@type\":\"WebSite\",\"@id\":\"https:\\\/\\\/kohenavocats.com\\\/zh-hans\\\/#website\",\"url\":\"https:\\\/\\\/kohenavocats.com\\\/zh-hans\\\/\",\"name\":\"Kohen Avocats\",\"description\":\"Ma\u00eetre Hassan Kohen, avocat p\u00e9naliste \u00e0 Paris, intervient exclusivement en droit p\u00e9nal pour la d\u00e9fense des particuliers, notamment en mati\u00e8re d\u2019accusations de viol. Il assure un accompagnement rigoureux d\u00e8s la garde \u00e0 vue jusqu\u2019\u00e0 la Cour d\u2019assises, veillant au strict respect des garanties proc\u00e9durales.\",\"publisher\":{\"@id\":\"https:\\\/\\\/kohenavocats.com\\\/zh-hans\\\/#organization\"},\"potentialAction\":[{\"@type\":\"SearchAction\",\"target\":{\"@type\":\"EntryPoint\",\"urlTemplate\":\"https:\\\/\\\/kohenavocats.com\\\/zh-hans\\\/?s={search_term_string}\"},\"query-input\":{\"@type\":\"PropertyValueSpecification\",\"valueRequired\":true,\"valueName\":\"search_term_string\"}}],\"inLanguage\":\"zh-Hans\"},{\"@type\":\"Organization\",\"@id\":\"https:\\\/\\\/kohenavocats.com\\\/zh-hans\\\/#organization\",\"name\":\"Kohen Avocats\",\"url\":\"https:\\\/\\\/kohenavocats.com\\\/zh-hans\\\/\",\"logo\":{\"@type\":\"ImageObject\",\"inLanguage\":\"zh-Hans\",\"@id\":\"https:\\\/\\\/kohenavocats.com\\\/zh-hans\\\/#\\\/schema\\\/logo\\\/image\\\/\",\"url\":\"https:\\\/\\\/kohenavocats.com\\\/wp-content\\\/uploads\\\/2026\\\/01\\\/Logo-2-1.webp\",\"contentUrl\":\"https:\\\/\\\/kohenavocats.com\\\/wp-content\\\/uploads\\\/2026\\\/01\\\/Logo-2-1.webp\",\"width\":2114,\"height\":1253,\"caption\":\"Kohen Avocats\"},\"image\":{\"@id\":\"https:\\\/\\\/kohenavocats.com\\\/zh-hans\\\/#\\\/schema\\\/logo\\\/image\\\/\"}},{\"@type\":\"Person\",\"@id\":\"https:\\\/\\\/kohenavocats.com\\\/zh-hans\\\/#\\\/schema\\\/person\\\/761c9ba54fa1ca84d405cef0831ff751\",\"name\":\"Kohen\",\"image\":{\"@type\":\"ImageObject\",\"inLanguage\":\"zh-Hans\",\"@id\":\"https:\\\/\\\/secure.gravatar.com\\\/avatar\\\/1c5e76ef76bbbfdd2b4da984e2bf2fa4056fd51a27d25ce2c332047f1dfd6e00?s=96&d=identicon&r=g\",\"url\":\"https:\\\/\\\/secure.gravatar.com\\\/avatar\\\/1c5e76ef76bbbfdd2b4da984e2bf2fa4056fd51a27d25ce2c332047f1dfd6e00?s=96&d=identicon&r=g\",\"contentUrl\":\"https:\\\/\\\/secure.gravatar.com\\\/avatar\\\/1c5e76ef76bbbfdd2b4da984e2bf2fa4056fd51a27d25ce2c332047f1dfd6e00?s=96&d=identicon&r=g\",\"caption\":\"Kohen\"},\"sameAs\":[\"https:\\\/\\\/www.linkedin.com\\\/in\\\/hassan-kohen-448548192\\\/\",\"https:\\\/\\\/www.youtube.com\\\/@Kohen-Avocats\"],\"url\":\"https:\\\/\\\/kohenavocats.com\\\/zh-hans\\\/author\\\/kohenmlk\\\/\"}]}<\/script>\n<!-- \/ Yoast SEO Premium plugin. -->","yoast_head_json":{"title":"Cour d'appel de Lyon, le 15 septembre 2025, n\u00b022\/06444 - Ma\u00eetre Hassan Kohen, avocat en droit p\u00e9nal \u00e0 Paris","description":"La cour d'appel de Lyon, chambre sociale, le 15 septembre 2025, confirme un jugement ayant reconnu la faute inexcusable d'un employeur. Un salari\u00e9 avait subi...","robots":{"index":"index","follow":"follow","max-snippet":"max-snippet:-1","max-image-preview":"max-image-preview:large","max-video-preview":"max-video-preview:-1"},"canonical":"https:\/\/kohenavocats.com\/zh-hans\/cour-dappel-de-lyon-le-15-septembre-2025-n22-06444\/","og_locale":"zh_CN","og_type":"article","og_title":"Cour d'appel de Lyon, le 15 septembre 2025, n\u00b022\/06444","og_description":"La cour d'appel de Lyon, chambre sociale, le 15 septembre 2025, confirme un jugement ayant reconnu la faute inexcusable d'un employeur. Un salari\u00e9 avait subi...","og_url":"https:\/\/kohenavocats.com\/zh-hans\/cour-dappel-de-lyon-le-15-septembre-2025-n22-06444\/","og_site_name":"Ma\u00eetre Hassan Kohen, avocat en droit p\u00e9nal \u00e0 Paris","article_published_time":"2026-04-24T01:56:21+00:00","og_image":[{"width":2160,"height":2700,"url":"https:\/\/kohenavocats.com\/wp-content\/uploads\/2024\/11\/cash-macanaya-nv3Z-1Nsd3g-unsplash.webp","type":"image\/webp"}],"author":"Kohen","twitter_card":"summary_large_image","twitter_misc":{"\u4f5c\u8005":"Kohen","\u9884\u8ba1\u9605\u8bfb\u65f6\u95f4":"3 \u5206"},"schema":{"@context":"https:\/\/schema.org","@graph":[{"@type":"Article","@id":"https:\/\/kohenavocats.com\/zh-hans\/cour-dappel-de-lyon-le-15-septembre-2025-n22-06444\/#article","isPartOf":{"@id":"https:\/\/kohenavocats.com\/zh-hans\/cour-dappel-de-lyon-le-15-septembre-2025-n22-06444\/"},"author":{"name":"Kohen","@id":"https:\/\/kohenavocats.com\/zh-hans\/#\/schema\/person\/761c9ba54fa1ca84d405cef0831ff751"},"headline":"Cour d&#8217;appel de Lyon, le 15 septembre 2025, n\u00b022\/06444","datePublished":"2026-04-24T01:56:21+00:00","mainEntityOfPage":{"@id":"https:\/\/kohenavocats.com\/zh-hans\/cour-dappel-de-lyon-le-15-septembre-2025-n22-06444\/"},"wordCount":675,"commentCount":0,"publisher":{"@id":"https:\/\/kohenavocats.com\/zh-hans\/#organization"},"image":{"@id":"https:\/\/kohenavocats.com\/zh-hans\/cour-dappel-de-lyon-le-15-septembre-2025-n22-06444\/#primaryimage"},"thumbnailUrl":"https:\/\/kohenavocats.com\/wp-content\/uploads\/2024\/11\/cash-macanaya-nv3Z-1Nsd3g-unsplash.webp","articleSection":["Jurisprudence"],"inLanguage":"zh-Hans","potentialAction":[{"@type":"CommentAction","name":"Comment","target":["https:\/\/kohenavocats.com\/zh-hans\/cour-dappel-de-lyon-le-15-septembre-2025-n22-06444\/#respond"]}],"citation":"Cour d&#8217;appel de Lyon, le 15 septembre 2025, n\u00b022\/06444","about":[{"@type":"Thing","name":"Jurisprudence"}],"dateModified":"2026-04-24T01:56:21+00:00","speakable":{"@type":"SpeakableSpecification","cssSelector":[".article-content > p:first-of-type"]}},{"@type":"WebPage","@id":"https:\/\/kohenavocats.com\/zh-hans\/cour-dappel-de-lyon-le-15-septembre-2025-n22-06444\/","url":"https:\/\/kohenavocats.com\/zh-hans\/cour-dappel-de-lyon-le-15-septembre-2025-n22-06444\/","name":"Cour d'appel de Lyon, le 15 septembre 2025, n\u00b022\/06444 - Ma\u00eetre Hassan Kohen, avocat en droit p\u00e9nal \u00e0 Paris","isPartOf":{"@id":"https:\/\/kohenavocats.com\/zh-hans\/#website"},"primaryImageOfPage":{"@id":"https:\/\/kohenavocats.com\/zh-hans\/cour-dappel-de-lyon-le-15-septembre-2025-n22-06444\/#primaryimage"},"image":{"@id":"https:\/\/kohenavocats.com\/zh-hans\/cour-dappel-de-lyon-le-15-septembre-2025-n22-06444\/#primaryimage"},"thumbnailUrl":"https:\/\/kohenavocats.com\/wp-content\/uploads\/2024\/11\/cash-macanaya-nv3Z-1Nsd3g-unsplash.webp","datePublished":"2026-04-24T01:56:21+00:00","description":"La cour d'appel de Lyon, chambre sociale, le 15 septembre 2025, confirme un jugement ayant reconnu la faute inexcusable d'un employeur. Un salari\u00e9 avait subi...","breadcrumb":{"@id":"https:\/\/kohenavocats.com\/zh-hans\/cour-dappel-de-lyon-le-15-septembre-2025-n22-06444\/#breadcrumb"},"inLanguage":"zh-Hans","potentialAction":[{"@type":"ReadAction","target":["https:\/\/kohenavocats.com\/zh-hans\/cour-dappel-de-lyon-le-15-septembre-2025-n22-06444\/"]}]},{"@type":"ImageObject","inLanguage":"zh-Hans","@id":"https:\/\/kohenavocats.com\/zh-hans\/cour-dappel-de-lyon-le-15-septembre-2025-n22-06444\/#primaryimage","url":"https:\/\/kohenavocats.com\/wp-content\/uploads\/2024\/11\/cash-macanaya-nv3Z-1Nsd3g-unsplash.webp","contentUrl":"https:\/\/kohenavocats.com\/wp-content\/uploads\/2024\/11\/cash-macanaya-nv3Z-1Nsd3g-unsplash.webp","width":2160,"height":2700},{"@type":"BreadcrumbList","@id":"https:\/\/kohenavocats.com\/zh-hans\/cour-dappel-de-lyon-le-15-septembre-2025-n22-06444\/#breadcrumb","itemListElement":[{"@type":"ListItem","position":1,"name":"Home","item":"https:\/\/kohenavocats.com\/zh-hans\/"},{"@type":"ListItem","position":2,"name":"Cour d&rsquo;appel de Lyon, le 15 septembre 2025, n\u00b022\/06444"}]},{"@type":"WebSite","@id":"https:\/\/kohenavocats.com\/zh-hans\/#website","url":"https:\/\/kohenavocats.com\/zh-hans\/","name":"Kohen Avocats","description":"Ma\u00eetre Hassan Kohen, avocat p\u00e9naliste \u00e0 Paris, intervient exclusivement en droit p\u00e9nal pour la d\u00e9fense des particuliers, notamment en mati\u00e8re d\u2019accusations de viol. Il assure un accompagnement rigoureux d\u00e8s la garde \u00e0 vue jusqu\u2019\u00e0 la Cour d\u2019assises, veillant au strict respect des garanties proc\u00e9durales.","publisher":{"@id":"https:\/\/kohenavocats.com\/zh-hans\/#organization"},"potentialAction":[{"@type":"SearchAction","target":{"@type":"EntryPoint","urlTemplate":"https:\/\/kohenavocats.com\/zh-hans\/?s={search_term_string}"},"query-input":{"@type":"PropertyValueSpecification","valueRequired":true,"valueName":"search_term_string"}}],"inLanguage":"zh-Hans"},{"@type":"Organization","@id":"https:\/\/kohenavocats.com\/zh-hans\/#organization","name":"Kohen Avocats","url":"https:\/\/kohenavocats.com\/zh-hans\/","logo":{"@type":"ImageObject","inLanguage":"zh-Hans","@id":"https:\/\/kohenavocats.com\/zh-hans\/#\/schema\/logo\/image\/","url":"https:\/\/kohenavocats.com\/wp-content\/uploads\/2026\/01\/Logo-2-1.webp","contentUrl":"https:\/\/kohenavocats.com\/wp-content\/uploads\/2026\/01\/Logo-2-1.webp","width":2114,"height":1253,"caption":"Kohen Avocats"},"image":{"@id":"https:\/\/kohenavocats.com\/zh-hans\/#\/schema\/logo\/image\/"}},{"@type":"Person","@id":"https:\/\/kohenavocats.com\/zh-hans\/#\/schema\/person\/761c9ba54fa1ca84d405cef0831ff751","name":"Kohen","image":{"@type":"ImageObject","inLanguage":"zh-Hans","@id":"https:\/\/secure.gravatar.com\/avatar\/1c5e76ef76bbbfdd2b4da984e2bf2fa4056fd51a27d25ce2c332047f1dfd6e00?s=96&d=identicon&r=g","url":"https:\/\/secure.gravatar.com\/avatar\/1c5e76ef76bbbfdd2b4da984e2bf2fa4056fd51a27d25ce2c332047f1dfd6e00?s=96&d=identicon&r=g","contentUrl":"https:\/\/secure.gravatar.com\/avatar\/1c5e76ef76bbbfdd2b4da984e2bf2fa4056fd51a27d25ce2c332047f1dfd6e00?s=96&d=identicon&r=g","caption":"Kohen"},"sameAs":["https:\/\/www.linkedin.com\/in\/hassan-kohen-448548192\/","https:\/\/www.youtube.com\/@Kohen-Avocats"],"url":"https:\/\/kohenavocats.com\/zh-hans\/author\/kohenmlk\/"}]}},"jetpack_featured_media_url":"https:\/\/kohenavocats.com\/wp-content\/uploads\/2024\/11\/cash-macanaya-nv3Z-1Nsd3g-unsplash.webp","jetpack_likes_enabled":false,"jetpack_shortlink":"https:\/\/wp.me\/peCrII-2NKa","jetpack-related-posts":[{"id":597760,"url":"https:\/\/kohenavocats.com\/zh-hans\/tribunal-judiciaire-de-nimes-le-4-decembre-2025-n23-00597\/","url_meta":{"origin":667874,"position":0},"title":"Tribunal judiciaire de N\u00eemes, le 4 d\u00e9cembre 2025, n\u00b023\/00597","author":"Kohen","date":"2026\u5e744\u670818\u65e5","format":false,"excerpt":"Le tribunal judiciaire de N\u00eemes, statuant en mati\u00e8\u2026","rel":"","context":"\u5728\u201cJurisprudence\u201d\u4e2d","block_context":{"text":"Jurisprudence","link":"https:\/\/kohenavocats.com\/category\/jurisprudence\/"},"img":{"alt_text":"","src":"https:\/\/i0.wp.com\/kohenavocats.com\/wp-content\/uploads\/2024\/08\/robert-ruggiero-cIGWrsKV_1I-unsplash.webp?resize=350%2C200&ssl=1","width":350,"height":200,"srcset":"https:\/\/i0.wp.com\/kohenavocats.com\/wp-content\/uploads\/2024\/08\/robert-ruggiero-cIGWrsKV_1I-unsplash.webp?resize=350%2C200&ssl=1 1x, https:\/\/i0.wp.com\/kohenavocats.com\/wp-content\/uploads\/2024\/08\/robert-ruggiero-cIGWrsKV_1I-unsplash.webp?resize=525%2C300&ssl=1 1.5x, https:\/\/i0.wp.com\/kohenavocats.com\/wp-content\/uploads\/2024\/08\/robert-ruggiero-cIGWrsKV_1I-unsplash.webp?resize=700%2C400&ssl=1 2x, https:\/\/i0.wp.com\/kohenavocats.com\/wp-content\/uploads\/2024\/08\/robert-ruggiero-cIGWrsKV_1I-unsplash.webp?resize=1050%2C600&ssl=1 3x, https:\/\/i0.wp.com\/kohenavocats.com\/wp-content\/uploads\/2024\/08\/robert-ruggiero-cIGWrsKV_1I-unsplash.webp?resize=1400%2C800&ssl=1 4x"},"classes":[]},{"id":597822,"url":"https:\/\/kohenavocats.com\/zh-hans\/cour-dappel-de-saint-denis-le-5-decembre-2025-n24-00537\/","url_meta":{"origin":667874,"position":1},"title":"Cour d&#8217;appel de Saint-Denis, le 5 d\u00e9cembre 2025, n\u00b024\/00537","author":"Kohen","date":"2026\u5e744\u670818\u65e5","format":false,"excerpt":"La cour d'appel de Saint-Denis, dans un arr\u00eat du 5\u2026","rel":"","context":"\u5728\u201cJurisprudence\u201d\u4e2d","block_context":{"text":"Jurisprudence","link":"https:\/\/kohenavocats.com\/category\/jurisprudence\/"},"img":{"alt_text":"","src":"https:\/\/i0.wp.com\/kohenavocats.com\/wp-content\/uploads\/2024\/11\/getty-images-sMJ3mY9amdU-unsplash.webp?resize=350%2C200&ssl=1","width":350,"height":200,"srcset":"https:\/\/i0.wp.com\/kohenavocats.com\/wp-content\/uploads\/2024\/11\/getty-images-sMJ3mY9amdU-unsplash.webp?resize=350%2C200&ssl=1 1x, https:\/\/i0.wp.com\/kohenavocats.com\/wp-content\/uploads\/2024\/11\/getty-images-sMJ3mY9amdU-unsplash.webp?resize=525%2C300&ssl=1 1.5x, https:\/\/i0.wp.com\/kohenavocats.com\/wp-content\/uploads\/2024\/11\/getty-images-sMJ3mY9amdU-unsplash.webp?resize=700%2C400&ssl=1 2x, https:\/\/i0.wp.com\/kohenavocats.com\/wp-content\/uploads\/2024\/11\/getty-images-sMJ3mY9amdU-unsplash.webp?resize=1050%2C600&ssl=1 3x, https:\/\/i0.wp.com\/kohenavocats.com\/wp-content\/uploads\/2024\/11\/getty-images-sMJ3mY9amdU-unsplash.webp?resize=1400%2C800&ssl=1 4x"},"classes":[]},{"id":597820,"url":"https:\/\/kohenavocats.com\/zh-hans\/cour-dappel-de-paris-le-7-juin-2023-n22-07903\/","url_meta":{"origin":667874,"position":2},"title":"Cour d&#8217;appel de Paris, le 7 juin 2023, n\u00b022\/07903","author":"Kohen","date":"2026\u5e744\u670818\u65e5","format":false,"excerpt":"La Cour d'appel de Paris, dans un arr\u00eat du 7 juin \u2026","rel":"","context":"\u5728\u201cJurisprudence\u201d\u4e2d","block_context":{"text":"Jurisprudence","link":"https:\/\/kohenavocats.com\/category\/jurisprudence\/"},"img":{"alt_text":"","src":"https:\/\/i0.wp.com\/kohenavocats.com\/wp-content\/uploads\/2024\/11\/planet-volumes-69z5zredkrw-unsplash.webp?resize=350%2C200&ssl=1","width":350,"height":200,"srcset":"https:\/\/i0.wp.com\/kohenavocats.com\/wp-content\/uploads\/2024\/11\/planet-volumes-69z5zredkrw-unsplash.webp?resize=350%2C200&ssl=1 1x, https:\/\/i0.wp.com\/kohenavocats.com\/wp-content\/uploads\/2024\/11\/planet-volumes-69z5zredkrw-unsplash.webp?resize=525%2C300&ssl=1 1.5x, https:\/\/i0.wp.com\/kohenavocats.com\/wp-content\/uploads\/2024\/11\/planet-volumes-69z5zredkrw-unsplash.webp?resize=700%2C400&ssl=1 2x, https:\/\/i0.wp.com\/kohenavocats.com\/wp-content\/uploads\/2024\/11\/planet-volumes-69z5zredkrw-unsplash.webp?resize=1050%2C600&ssl=1 3x, https:\/\/i0.wp.com\/kohenavocats.com\/wp-content\/uploads\/2024\/11\/planet-volumes-69z5zredkrw-unsplash.webp?resize=1400%2C800&ssl=1 4x"},"classes":[]},{"id":597789,"url":"https:\/\/kohenavocats.com\/zh-hans\/tribunal-judiciaire-de-privas-le-4-decembre-2025-n25-00985\/","url_meta":{"origin":667874,"position":3},"title":"Tribunal judiciaire de Privas, le 4 d\u00e9cembre 2025, n\u00b025\/00985","author":"Kohen","date":"2026\u5e744\u670818\u65e5","format":false,"excerpt":"Le juge de l'ex\u00e9cution, statuant le 4 d\u00e9cembre 202\u2026","rel":"","context":"\u5728\u201cJurisprudence\u201d\u4e2d","block_context":{"text":"Jurisprudence","link":"https:\/\/kohenavocats.com\/category\/jurisprudence\/"},"img":{"alt_text":"","src":"https:\/\/i0.wp.com\/kohenavocats.com\/wp-content\/uploads\/2024\/07\/alex-block-PdDBTrkGYLo-unsplash-1-1.webp?resize=350%2C200&ssl=1","width":350,"height":200,"srcset":"https:\/\/i0.wp.com\/kohenavocats.com\/wp-content\/uploads\/2024\/07\/alex-block-PdDBTrkGYLo-unsplash-1-1.webp?resize=350%2C200&ssl=1 1x, https:\/\/i0.wp.com\/kohenavocats.com\/wp-content\/uploads\/2024\/07\/alex-block-PdDBTrkGYLo-unsplash-1-1.webp?resize=525%2C300&ssl=1 1.5x, https:\/\/i0.wp.com\/kohenavocats.com\/wp-content\/uploads\/2024\/07\/alex-block-PdDBTrkGYLo-unsplash-1-1.webp?resize=700%2C400&ssl=1 2x, https:\/\/i0.wp.com\/kohenavocats.com\/wp-content\/uploads\/2024\/07\/alex-block-PdDBTrkGYLo-unsplash-1-1.webp?resize=1050%2C600&ssl=1 3x, https:\/\/i0.wp.com\/kohenavocats.com\/wp-content\/uploads\/2024\/07\/alex-block-PdDBTrkGYLo-unsplash-1-1.webp?resize=1400%2C800&ssl=1 4x"},"classes":[]},{"id":597768,"url":"https:\/\/kohenavocats.com\/zh-hans\/cour-dappel-de-paris-le-4-decembre-2025-n25-01248\/","url_meta":{"origin":667874,"position":4},"title":"Cour d&#8217;appel de Paris, le 4 d\u00e9cembre 2025, n\u00b025\/01248","author":"Kohen","date":"2026\u5e744\u670818\u65e5","format":false,"excerpt":"La cour d\u2019appel de Paris, statuant en r\u00e9f\u00e9r\u00e9 le 4 \u2026","rel":"","context":"\u5728\u201cJurisprudence\u201d\u4e2d","block_context":{"text":"Jurisprudence","link":"https:\/\/kohenavocats.com\/category\/jurisprudence\/"},"img":{"alt_text":"","src":"https:\/\/i0.wp.com\/kohenavocats.com\/wp-content\/uploads\/2024\/11\/laura-adai-aOfktR2DUFI-unsplash.webp?resize=350%2C200&ssl=1","width":350,"height":200,"srcset":"https:\/\/i0.wp.com\/kohenavocats.com\/wp-content\/uploads\/2024\/11\/laura-adai-aOfktR2DUFI-unsplash.webp?resize=350%2C200&ssl=1 1x, https:\/\/i0.wp.com\/kohenavocats.com\/wp-content\/uploads\/2024\/11\/laura-adai-aOfktR2DUFI-unsplash.webp?resize=525%2C300&ssl=1 1.5x, https:\/\/i0.wp.com\/kohenavocats.com\/wp-content\/uploads\/2024\/11\/laura-adai-aOfktR2DUFI-unsplash.webp?resize=700%2C400&ssl=1 2x, https:\/\/i0.wp.com\/kohenavocats.com\/wp-content\/uploads\/2024\/11\/laura-adai-aOfktR2DUFI-unsplash.webp?resize=1050%2C600&ssl=1 3x, https:\/\/i0.wp.com\/kohenavocats.com\/wp-content\/uploads\/2024\/11\/laura-adai-aOfktR2DUFI-unsplash.webp?resize=1400%2C800&ssl=1 4x"},"classes":[]},{"id":597818,"url":"https:\/\/kohenavocats.com\/zh-hans\/cour-dappel-de-paris-le-10-juillet-2024-n22-03047\/","url_meta":{"origin":667874,"position":5},"title":"Cour d&#8217;appel de Paris, le 10 juillet 2024, n\u00b022\/03047","author":"Kohen","date":"2026\u5e744\u670818\u65e5","format":false,"excerpt":"La cour d'appel de Paris, statuant le 10 juillet 2\u2026","rel":"","context":"\u5728\u201cJurisprudence\u201d\u4e2d","block_context":{"text":"Jurisprudence","link":"https:\/\/kohenavocats.com\/category\/jurisprudence\/"},"img":{"alt_text":"","src":"https:\/\/i0.wp.com\/kohenavocats.com\/wp-content\/uploads\/2024\/11\/kristijan-arsov-A2a12i_diJs-unsplash.webp?resize=350%2C200&ssl=1","width":350,"height":200,"srcset":"https:\/\/i0.wp.com\/kohenavocats.com\/wp-content\/uploads\/2024\/11\/kristijan-arsov-A2a12i_diJs-unsplash.webp?resize=350%2C200&ssl=1 1x, https:\/\/i0.wp.com\/kohenavocats.com\/wp-content\/uploads\/2024\/11\/kristijan-arsov-A2a12i_diJs-unsplash.webp?resize=525%2C300&ssl=1 1.5x, https:\/\/i0.wp.com\/kohenavocats.com\/wp-content\/uploads\/2024\/11\/kristijan-arsov-A2a12i_diJs-unsplash.webp?resize=700%2C400&ssl=1 2x, https:\/\/i0.wp.com\/kohenavocats.com\/wp-content\/uploads\/2024\/11\/kristijan-arsov-A2a12i_diJs-unsplash.webp?resize=1050%2C600&ssl=1 3x, https:\/\/i0.wp.com\/kohenavocats.com\/wp-content\/uploads\/2024\/11\/kristijan-arsov-A2a12i_diJs-unsplash.webp?resize=1400%2C800&ssl=1 4x"},"classes":[]}],"jetpack_sharing_enabled":true,"_links":{"self":[{"href":"https:\/\/kohenavocats.com\/zh-hans\/wp-json\/wp\/v2\/posts\/667874","targetHints":{"allow":["GET"]}}],"collection":[{"href":"https:\/\/kohenavocats.com\/zh-hans\/wp-json\/wp\/v2\/posts"}],"about":[{"href":"https:\/\/kohenavocats.com\/zh-hans\/wp-json\/wp\/v2\/types\/post"}],"author":[{"embeddable":true,"href":"https:\/\/kohenavocats.com\/zh-hans\/wp-json\/wp\/v2\/users\/232070755"}],"replies":[{"embeddable":true,"href":"https:\/\/kohenavocats.com\/zh-hans\/wp-json\/wp\/v2\/comments?post=667874"}],"version-history":[{"count":0,"href":"https:\/\/kohenavocats.com\/zh-hans\/wp-json\/wp\/v2\/posts\/667874\/revisions"}],"wp:featuredmedia":[{"embeddable":true,"href":"https:\/\/kohenavocats.com\/zh-hans\/wp-json\/wp\/v2\/media\/9738"}],"wp:attachment":[{"href":"https:\/\/kohenavocats.com\/zh-hans\/wp-json\/wp\/v2\/media?parent=667874"}],"wp:term":[{"taxonomy":"category","embeddable":true,"href":"https:\/\/kohenavocats.com\/zh-hans\/wp-json\/wp\/v2\/categories?post=667874"},{"taxonomy":"post_tag","embeddable":true,"href":"https:\/\/kohenavocats.com\/zh-hans\/wp-json\/wp\/v2\/tags?post=667874"}],"curies":[{"name":"wp","href":"https:\/\/api.w.org\/{rel}","templated":true}]}}