{"id":667876,"date":"2026-04-24T03:56:27","date_gmt":"2026-04-24T01:56:27","guid":{"rendered":"https:\/\/kohenavocats.com\/cour-dappel-de-paris-le-16-juin-2023-n23-06391\/"},"modified":"2026-04-26T18:53:09","modified_gmt":"2026-04-26T16:53:09","slug":"cour-dappel-de-paris-le-16-juin-2023-n23-06391","status":"publish","type":"post","link":"https:\/\/kohenavocats.com\/zh-hans\/cour-dappel-de-paris-le-16-juin-2023-n23-06391\/","title":{"rendered":"Cour d&#8217;appel de Paris, le 16 juin 2023, n\u00b023\/06391"},"content":{"rendered":"<div class=\"article-content\">\n<p>La Cour d&#8217;appel de Paris, le 16 juin 2023, a statu\u00e9 sur un litige opposant un salari\u00e9 int\u00e9rimaire \u00e0 son employeur et \u00e0 une entreprise utilisatrice. Le salari\u00e9 demandait la reconnaissance d&#8217;un <a href=\"https:\/\/kohenavocats.com\/avocats-droit-social-paris\/avocats-accident-travail-paris\/\" target=\"_blank\" title=\"accident du travail\">accident du travail<\/a> survenu le 14 juin 2019 et la faute inexcusable de l&#8217;employeur. La cour a confirm\u00e9 la d\u00e9cision de premi\u00e8re instance reconnaissant l&#8217;accident du travail et la faute inexcusable de l&#8217;entreprise utilisatrice.<\/p>\n<p>La reconnaissance du caract\u00e8re professionnel de l&#8217;accident<\/p>\n<p>La preuve de la survenance de l&#8217;\u00e9v\u00e9nement au temps et au lieu du travail<\/p>\n<p>La cour rappelle la d\u00e9finition l\u00e9gale de l&#8217;accident du travail et le principe de pr\u00e9somption d&#8217;imputabilit\u00e9. &#8220;Constitue un accident du travail un \u00e9v\u00e9nement ou une s\u00e9rie d&#8217;\u00e9v\u00e9nements survenus \u00e0 des dates certaines par le fait ou \u00e0 l&#8217;occasion du travail, dont il est r\u00e9sult\u00e9 une l\u00e9sion corporelle.&#8221; (Motifs) Le salari\u00e9 doit \u00e9tablir les circonstances et le caract\u00e8re professionnel par des \u00e9l\u00e9ments objectifs. La cour constate que la d\u00e9claration d&#8217;accident, le certificat m\u00e9dical et les premi\u00e8res d\u00e9clarations du t\u00e9moin forment un ensemble concordant. Elle rel\u00e8ve des incoh\u00e9rences dans les d\u00e9clarations ult\u00e9rieures du t\u00e9moin et dans la version de l&#8217;employeur. La preuve d&#8217;un accident survenu au temps et au lieu du travail est ainsi rapport\u00e9e, activant la pr\u00e9somption l\u00e9gale.<\/p>\n<p>La confirmation de la pr\u00e9somption d&#8217;imputabilit\u00e9 face aux contestations<\/p>\n<p>L&#8217;employeur, pour \u00e9carter la pr\u00e9somption, devait prouver une cause \u00e9trang\u00e8re au travail. Les arguments avanc\u00e9s, comme la poursuite du travail ou le d\u00e9lai de d\u00e9claration, sont jug\u00e9s insuffisants. La cour estime que les l\u00e9sions constat\u00e9es sont compatibles avec l&#8217;activit\u00e9 d\u00e9crite. &#8220;Au regard de cette connaissance imm\u00e9diate des faits par l&#8217;employeur et des premi\u00e8res d\u00e9clarations du t\u00e9moin&#8230; la preuve est rapport\u00e9e d&#8217;un accident survenu le 14 juin 2019, aux temps et lieu de travail.&#8221; (Motifs) L&#8217;employeur n&#8217;ayant pas rapport\u00e9 la preuve d&#8217;une cause \u00e9trang\u00e8re, la pr\u00e9somption d&#8217;imputabilit\u00e9 s&#8217;applique et le caract\u00e8re professionnel est confirm\u00e9.<\/p>\n<p>La caract\u00e9risation de la faute inexcusable de l&#8217;employeur<\/p>\n<p>Les crit\u00e8res du manquement \u00e0 l&#8217;obligation de s\u00e9curit\u00e9<\/p>\n<p>La faute inexcusable de l&#8217;employeur est d\u00e9finie par un double crit\u00e8re de conscience du danger et d&#8217;absence de mesures pr\u00e9ventives. &#8220;Le manquement \u00e0 cette obligation a le caract\u00e8re d&#8217;une faute inexcusable&#8230; lorsque l&#8217;employeur avait ou aurait d\u00fb avoir conscience du danger auquel \u00e9tait expos\u00e9 le salari\u00e9 et qu&#8217;il n&#8217;a pas pris les mesures n\u00e9cessaires pour l&#8217;en pr\u00e9server.&#8221; (Motifs) Il suffit que cette faute soit une cause n\u00e9cessaire de l&#8217;accident, sans qu&#8217;elle doive \u00eatre d\u00e9terminante ou exclusive. La charge de la preuve incombe au salari\u00e9, sauf dans des cas exceptionnels qui ne sont pas applicables en l&#8217;esp\u00e8ce.<\/p>\n<p>L&#8217;appr\u00e9ciation concr\u00e8te du d\u00e9faut de pr\u00e9vention des risques<\/p>\n<p>La cour examine les moyens de pr\u00e9vention invoqu\u00e9s par l&#8217;entreprise utilisatrice. Elle rel\u00e8ve que les documents produits, comme la fiche d&#8217;\u00e9tablissement, sont post\u00e9rieurs \u00e0 l&#8217;accident. &#8220;Il s&#8217;en d\u00e9duit qu&#8217;il n&#8217;est pas \u00e9tabli la mise en place&#8230; de mesures de pr\u00e9vention d&#8217;un risque dont la soci\u00e9t\u00e9 utilisatrice avait pourtant connaissance.&#8221; (Motifs) L&#8217;activit\u00e9 de manutention manuelle de charges lourdes \u00e9tait connue et pr\u00e9vue au contrat de mission. L&#8217;absence de formation adapt\u00e9e et d&#8217;organisation du travail pour pr\u00e9venir ce risque sp\u00e9cifique caract\u00e9rise la faute inexcusable. L&#8217;employeur juridique est exon\u00e9r\u00e9, la faute \u00e9tant imput\u00e9e \u00e0 l&#8217;entreprise utilisatrice qui en supporte les cons\u00e9quences financi\u00e8res.<\/p>\n<p>Cette d\u00e9cision illustre rigoureusement la distinction entre la proc\u00e9dure de reconnaissance de l&#8217;accident et l&#8217;action en faute inexcusable. Elle rappelle que la pr\u00e9somption d&#8217;imputabilit\u00e9, une fois activ\u00e9e par des \u00e9l\u00e9ments objectifs, est robuste. Sur la faute inexcusable, elle applique strictement le crit\u00e8re de la conscience du danger et sanctionne l&#8217;absence de mesures concr\u00e8tes de pr\u00e9vention, m\u00eame en pr\u00e9sence de documents g\u00e9n\u00e9riques. Elle pr\u00e9cise enfin le partage des responsabilit\u00e9s entre employeur de droit et entreprise utilisatrice dans le cadre du travail int\u00e9rimaire.<\/p>\n<\/div>\n","protected":false},"excerpt":{"rendered":"<p>La Cour d&#8217;appel de Paris, le 16 juin 2023, a statu\u00e9 sur un litige opposant un salari\u00e9 int\u00e9rimaire \u00e0 son employeur et \u00e0 une entreprise utilisatrice. Le salari&#8230;<\/p>\n","protected":false},"author":232070755,"featured_media":9523,"comment_status":"open","ping_status":"open","sticky":false,"template":"","format":"standard","meta":{"_crdt_document":"","_jetpack_newsletter_access":"","_jetpack_dont_email_post_to_subs":false,"_jetpack_newsletter_tier_id":0,"_jetpack_memberships_contains_paywalled_content":false,"_kj_source_type":"judilibre","_kj_official_id":"68d37d7b2e40a40d5ce9962c","_kj_official_url":"https:\/\/www.courdecassation.fr\/decision\/68d37d7b2e40a40d5ce9962c","_kj_judilibre_id":"68d37d7b2e40a40d5ce9962c","_kj_jur":"Cour d'appel","_kj_lieu":"Cour d'appel de Lyon","_kj_chambre":"CHAMBRE SOCIALE D (PS)","_kj_rg":"23\/06391","_kj_date":"2025-09-23","_jetpack_memberships_contains_paid_content":false,"footnotes":"","jetpack_post_was_ever_published":false},"categories":[7123,6580,7597,6718,6992],"tags":[],"class_list":["post-667876","post","type-post","status-publish","format-standard","has-post-thumbnail","hentry","category-droit-du-travail","category-droit-social","category-jurisprudence","category-social","category-travail"],"yoast_head":"<!-- This site is optimized with the Yoast SEO Premium plugin v27.5 (Yoast SEO v27.5) - https:\/\/yoast.com\/product\/yoast-seo-premium-wordpress\/ -->\n<title>Cour d&#039;appel de Paris, le 16 juin 2023, n\u00b023\/06391 - Ma\u00eetre Hassan Kohen, avocat en droit p\u00e9nal \u00e0 Paris<\/title>\n<meta name=\"description\" content=\"La Cour d&#039;appel de Paris, le 16 juin 2023, a statu\u00e9 sur un litige opposant un salari\u00e9 int\u00e9rimaire \u00e0 son employeur et \u00e0 une entreprise utilisatrice. Le salari...\" \/>\n<meta name=\"robots\" content=\"index, follow, max-snippet:-1, max-image-preview:large, max-video-preview:-1\" \/>\n<link rel=\"canonical\" href=\"https:\/\/kohenavocats.com\/zh-hans\/cour-dappel-de-paris-le-16-juin-2023-n23-06391\/\" \/>\n<meta property=\"og:locale\" content=\"zh_CN\" \/>\n<meta property=\"og:type\" content=\"article\" \/>\n<meta property=\"og:title\" content=\"Cour d&#039;appel de Paris, le 16 juin 2023, n\u00b023\/06391\" \/>\n<meta property=\"og:description\" content=\"La Cour d&#039;appel de Paris, le 16 juin 2023, a statu\u00e9 sur un litige opposant un salari\u00e9 int\u00e9rimaire \u00e0 son employeur et \u00e0 une entreprise utilisatrice. Le salari...\" \/>\n<meta property=\"og:url\" content=\"https:\/\/kohenavocats.com\/zh-hans\/cour-dappel-de-paris-le-16-juin-2023-n23-06391\/\" \/>\n<meta property=\"og:site_name\" content=\"Ma\u00eetre Hassan Kohen, avocat en droit p\u00e9nal \u00e0 Paris\" \/>\n<meta property=\"article:published_time\" content=\"2026-04-24T01:56:27+00:00\" \/>\n<meta property=\"article:modified_time\" content=\"2026-04-26T16:53:09+00:00\" \/>\n<meta property=\"og:image\" content=\"https:\/\/kohenavocats.com\/wp-content\/uploads\/2024\/11\/getty-images-sVQF3gE-ySg-unsplash.webp\" \/>\n\t<meta property=\"og:image:width\" content=\"5413\" \/>\n\t<meta property=\"og:image:height\" content=\"3609\" \/>\n\t<meta property=\"og:image:type\" content=\"image\/webp\" \/>\n<meta name=\"author\" content=\"Kohen\" \/>\n<meta name=\"twitter:card\" content=\"summary_large_image\" \/>\n<meta name=\"twitter:label1\" content=\"\u4f5c\u8005\" \/>\n\t<meta name=\"twitter:data1\" content=\"Kohen\" \/>\n\t<meta name=\"twitter:label2\" content=\"\u9884\u8ba1\u9605\u8bfb\u65f6\u95f4\" \/>\n\t<meta name=\"twitter:data2\" content=\"3 \u5206\" \/>\n<script type=\"application\/ld+json\" class=\"yoast-schema-graph\">{\"@context\":\"https:\\\/\\\/schema.org\",\"@graph\":[{\"@type\":\"Article\",\"@id\":\"https:\\\/\\\/kohenavocats.com\\\/zh-hans\\\/cour-dappel-de-paris-le-16-juin-2023-n23-06391\\\/#article\",\"isPartOf\":{\"@id\":\"https:\\\/\\\/kohenavocats.com\\\/zh-hans\\\/cour-dappel-de-paris-le-16-juin-2023-n23-06391\\\/\"},\"author\":{\"name\":\"Kohen\",\"@id\":\"https:\\\/\\\/kohenavocats.com\\\/zh-hans\\\/#\\\/schema\\\/person\\\/761c9ba54fa1ca84d405cef0831ff751\"},\"headline\":\"Cour d&#8217;appel de Paris, le 16 juin 2023, n\u00b023\\\/06391\",\"datePublished\":\"2026-04-24T01:56:27+00:00\",\"dateModified\":\"2026-04-26T16:53:09+00:00\",\"mainEntityOfPage\":{\"@id\":\"https:\\\/\\\/kohenavocats.com\\\/zh-hans\\\/cour-dappel-de-paris-le-16-juin-2023-n23-06391\\\/\"},\"wordCount\":746,\"commentCount\":0,\"publisher\":{\"@id\":\"https:\\\/\\\/kohenavocats.com\\\/zh-hans\\\/#organization\"},\"image\":{\"@id\":\"https:\\\/\\\/kohenavocats.com\\\/zh-hans\\\/cour-dappel-de-paris-le-16-juin-2023-n23-06391\\\/#primaryimage\"},\"thumbnailUrl\":\"https:\\\/\\\/kohenavocats.com\\\/wp-content\\\/uploads\\\/2024\\\/11\\\/getty-images-sVQF3gE-ySg-unsplash.webp\",\"articleSection\":[\"Droit du travail\",\"Droit Social\",\"Jurisprudence\",\"Social\",\"Travail\"],\"inLanguage\":\"zh-Hans\",\"potentialAction\":[{\"@type\":\"CommentAction\",\"name\":\"Comment\",\"target\":[\"https:\\\/\\\/kohenavocats.com\\\/zh-hans\\\/cour-dappel-de-paris-le-16-juin-2023-n23-06391\\\/#respond\"]}],\"citation\":\"Cour d&#8217;appel de Paris, le 16 juin 2023, n\u00b023\\\/06391\",\"about\":[{\"@type\":\"Thing\",\"name\":\"Droit du travail\"},{\"@type\":\"Thing\",\"name\":\"Droit Social\"},{\"@type\":\"Thing\",\"name\":\"Jurisprudence\"},{\"@type\":\"Thing\",\"name\":\"Social\"},{\"@type\":\"Thing\",\"name\":\"Travail\"}],\"speakable\":{\"@type\":\"SpeakableSpecification\",\"cssSelector\":[\".article-content > p:first-of-type\"]}},{\"@type\":\"WebPage\",\"@id\":\"https:\\\/\\\/kohenavocats.com\\\/zh-hans\\\/cour-dappel-de-paris-le-16-juin-2023-n23-06391\\\/\",\"url\":\"https:\\\/\\\/kohenavocats.com\\\/zh-hans\\\/cour-dappel-de-paris-le-16-juin-2023-n23-06391\\\/\",\"name\":\"Cour d'appel de Paris, le 16 juin 2023, n\u00b023\\\/06391 - Ma\u00eetre Hassan Kohen, avocat en droit p\u00e9nal \u00e0 Paris\",\"isPartOf\":{\"@id\":\"https:\\\/\\\/kohenavocats.com\\\/zh-hans\\\/#website\"},\"primaryImageOfPage\":{\"@id\":\"https:\\\/\\\/kohenavocats.com\\\/zh-hans\\\/cour-dappel-de-paris-le-16-juin-2023-n23-06391\\\/#primaryimage\"},\"image\":{\"@id\":\"https:\\\/\\\/kohenavocats.com\\\/zh-hans\\\/cour-dappel-de-paris-le-16-juin-2023-n23-06391\\\/#primaryimage\"},\"thumbnailUrl\":\"https:\\\/\\\/kohenavocats.com\\\/wp-content\\\/uploads\\\/2024\\\/11\\\/getty-images-sVQF3gE-ySg-unsplash.webp\",\"datePublished\":\"2026-04-24T01:56:27+00:00\",\"dateModified\":\"2026-04-26T16:53:09+00:00\",\"description\":\"La Cour d'appel de Paris, le 16 juin 2023, a statu\u00e9 sur un litige opposant un salari\u00e9 int\u00e9rimaire \u00e0 son employeur et \u00e0 une entreprise utilisatrice. Le salari...\",\"breadcrumb\":{\"@id\":\"https:\\\/\\\/kohenavocats.com\\\/zh-hans\\\/cour-dappel-de-paris-le-16-juin-2023-n23-06391\\\/#breadcrumb\"},\"inLanguage\":\"zh-Hans\",\"potentialAction\":[{\"@type\":\"ReadAction\",\"target\":[\"https:\\\/\\\/kohenavocats.com\\\/zh-hans\\\/cour-dappel-de-paris-le-16-juin-2023-n23-06391\\\/\"]}]},{\"@type\":\"ImageObject\",\"inLanguage\":\"zh-Hans\",\"@id\":\"https:\\\/\\\/kohenavocats.com\\\/zh-hans\\\/cour-dappel-de-paris-le-16-juin-2023-n23-06391\\\/#primaryimage\",\"url\":\"https:\\\/\\\/kohenavocats.com\\\/wp-content\\\/uploads\\\/2024\\\/11\\\/getty-images-sVQF3gE-ySg-unsplash.webp\",\"contentUrl\":\"https:\\\/\\\/kohenavocats.com\\\/wp-content\\\/uploads\\\/2024\\\/11\\\/getty-images-sVQF3gE-ySg-unsplash.webp\",\"width\":5413,\"height\":3609},{\"@type\":\"BreadcrumbList\",\"@id\":\"https:\\\/\\\/kohenavocats.com\\\/zh-hans\\\/cour-dappel-de-paris-le-16-juin-2023-n23-06391\\\/#breadcrumb\",\"itemListElement\":[{\"@type\":\"ListItem\",\"position\":1,\"name\":\"Home\",\"item\":\"https:\\\/\\\/kohenavocats.com\\\/zh-hans\\\/\"},{\"@type\":\"ListItem\",\"position\":2,\"name\":\"Cour d&rsquo;appel de Paris, le 16 juin 2023, n\u00b023\\\/06391\"}]},{\"@type\":\"WebSite\",\"@id\":\"https:\\\/\\\/kohenavocats.com\\\/zh-hans\\\/#website\",\"url\":\"https:\\\/\\\/kohenavocats.com\\\/zh-hans\\\/\",\"name\":\"Kohen Avocats\",\"description\":\"Ma\u00eetre Hassan Kohen, avocat p\u00e9naliste \u00e0 Paris, intervient exclusivement en droit p\u00e9nal pour la d\u00e9fense des particuliers, notamment en mati\u00e8re d\u2019accusations de viol. Il assure un accompagnement rigoureux d\u00e8s la garde \u00e0 vue jusqu\u2019\u00e0 la Cour d\u2019assises, veillant au strict respect des garanties proc\u00e9durales.\",\"publisher\":{\"@id\":\"https:\\\/\\\/kohenavocats.com\\\/zh-hans\\\/#organization\"},\"potentialAction\":[{\"@type\":\"SearchAction\",\"target\":{\"@type\":\"EntryPoint\",\"urlTemplate\":\"https:\\\/\\\/kohenavocats.com\\\/zh-hans\\\/?s={search_term_string}\"},\"query-input\":{\"@type\":\"PropertyValueSpecification\",\"valueRequired\":true,\"valueName\":\"search_term_string\"}}],\"inLanguage\":\"zh-Hans\"},{\"@type\":\"Organization\",\"@id\":\"https:\\\/\\\/kohenavocats.com\\\/zh-hans\\\/#organization\",\"name\":\"Kohen Avocats\",\"url\":\"https:\\\/\\\/kohenavocats.com\\\/zh-hans\\\/\",\"logo\":{\"@type\":\"ImageObject\",\"inLanguage\":\"zh-Hans\",\"@id\":\"https:\\\/\\\/kohenavocats.com\\\/zh-hans\\\/#\\\/schema\\\/logo\\\/image\\\/\",\"url\":\"https:\\\/\\\/kohenavocats.com\\\/wp-content\\\/uploads\\\/2026\\\/01\\\/Logo-2-1.webp\",\"contentUrl\":\"https:\\\/\\\/kohenavocats.com\\\/wp-content\\\/uploads\\\/2026\\\/01\\\/Logo-2-1.webp\",\"width\":2114,\"height\":1253,\"caption\":\"Kohen Avocats\"},\"image\":{\"@id\":\"https:\\\/\\\/kohenavocats.com\\\/zh-hans\\\/#\\\/schema\\\/logo\\\/image\\\/\"}},{\"@type\":\"Person\",\"@id\":\"https:\\\/\\\/kohenavocats.com\\\/zh-hans\\\/#\\\/schema\\\/person\\\/761c9ba54fa1ca84d405cef0831ff751\",\"name\":\"Kohen\",\"image\":{\"@type\":\"ImageObject\",\"inLanguage\":\"zh-Hans\",\"@id\":\"https:\\\/\\\/secure.gravatar.com\\\/avatar\\\/1c5e76ef76bbbfdd2b4da984e2bf2fa4056fd51a27d25ce2c332047f1dfd6e00?s=96&d=identicon&r=g\",\"url\":\"https:\\\/\\\/secure.gravatar.com\\\/avatar\\\/1c5e76ef76bbbfdd2b4da984e2bf2fa4056fd51a27d25ce2c332047f1dfd6e00?s=96&d=identicon&r=g\",\"contentUrl\":\"https:\\\/\\\/secure.gravatar.com\\\/avatar\\\/1c5e76ef76bbbfdd2b4da984e2bf2fa4056fd51a27d25ce2c332047f1dfd6e00?s=96&d=identicon&r=g\",\"caption\":\"Kohen\"},\"sameAs\":[\"https:\\\/\\\/www.linkedin.com\\\/in\\\/hassan-kohen-448548192\\\/\",\"https:\\\/\\\/www.youtube.com\\\/@Kohen-Avocats\"],\"url\":\"https:\\\/\\\/kohenavocats.com\\\/zh-hans\\\/author\\\/kohenmlk\\\/\"}]}<\/script>\n<!-- \/ Yoast SEO Premium plugin. -->","yoast_head_json":{"title":"Cour d'appel de Paris, le 16 juin 2023, n\u00b023\/06391 - Ma\u00eetre Hassan Kohen, avocat en droit p\u00e9nal \u00e0 Paris","description":"La Cour d'appel de Paris, le 16 juin 2023, a statu\u00e9 sur un litige opposant un salari\u00e9 int\u00e9rimaire \u00e0 son employeur et \u00e0 une entreprise utilisatrice. Le salari...","robots":{"index":"index","follow":"follow","max-snippet":"max-snippet:-1","max-image-preview":"max-image-preview:large","max-video-preview":"max-video-preview:-1"},"canonical":"https:\/\/kohenavocats.com\/zh-hans\/cour-dappel-de-paris-le-16-juin-2023-n23-06391\/","og_locale":"zh_CN","og_type":"article","og_title":"Cour d'appel de Paris, le 16 juin 2023, n\u00b023\/06391","og_description":"La Cour d'appel de Paris, le 16 juin 2023, a statu\u00e9 sur un litige opposant un salari\u00e9 int\u00e9rimaire \u00e0 son employeur et \u00e0 une entreprise utilisatrice. Le salari...","og_url":"https:\/\/kohenavocats.com\/zh-hans\/cour-dappel-de-paris-le-16-juin-2023-n23-06391\/","og_site_name":"Ma\u00eetre Hassan Kohen, avocat en droit p\u00e9nal \u00e0 Paris","article_published_time":"2026-04-24T01:56:27+00:00","article_modified_time":"2026-04-26T16:53:09+00:00","og_image":[{"width":5413,"height":3609,"url":"https:\/\/kohenavocats.com\/wp-content\/uploads\/2024\/11\/getty-images-sVQF3gE-ySg-unsplash.webp","type":"image\/webp"}],"author":"Kohen","twitter_card":"summary_large_image","twitter_misc":{"\u4f5c\u8005":"Kohen","\u9884\u8ba1\u9605\u8bfb\u65f6\u95f4":"3 \u5206"},"schema":{"@context":"https:\/\/schema.org","@graph":[{"@type":"Article","@id":"https:\/\/kohenavocats.com\/zh-hans\/cour-dappel-de-paris-le-16-juin-2023-n23-06391\/#article","isPartOf":{"@id":"https:\/\/kohenavocats.com\/zh-hans\/cour-dappel-de-paris-le-16-juin-2023-n23-06391\/"},"author":{"name":"Kohen","@id":"https:\/\/kohenavocats.com\/zh-hans\/#\/schema\/person\/761c9ba54fa1ca84d405cef0831ff751"},"headline":"Cour d&#8217;appel de Paris, le 16 juin 2023, n\u00b023\/06391","datePublished":"2026-04-24T01:56:27+00:00","dateModified":"2026-04-26T16:53:09+00:00","mainEntityOfPage":{"@id":"https:\/\/kohenavocats.com\/zh-hans\/cour-dappel-de-paris-le-16-juin-2023-n23-06391\/"},"wordCount":746,"commentCount":0,"publisher":{"@id":"https:\/\/kohenavocats.com\/zh-hans\/#organization"},"image":{"@id":"https:\/\/kohenavocats.com\/zh-hans\/cour-dappel-de-paris-le-16-juin-2023-n23-06391\/#primaryimage"},"thumbnailUrl":"https:\/\/kohenavocats.com\/wp-content\/uploads\/2024\/11\/getty-images-sVQF3gE-ySg-unsplash.webp","articleSection":["Droit du travail","Droit Social","Jurisprudence","Social","Travail"],"inLanguage":"zh-Hans","potentialAction":[{"@type":"CommentAction","name":"Comment","target":["https:\/\/kohenavocats.com\/zh-hans\/cour-dappel-de-paris-le-16-juin-2023-n23-06391\/#respond"]}],"citation":"Cour d&#8217;appel de Paris, le 16 juin 2023, n\u00b023\/06391","about":[{"@type":"Thing","name":"Droit du travail"},{"@type":"Thing","name":"Droit Social"},{"@type":"Thing","name":"Jurisprudence"},{"@type":"Thing","name":"Social"},{"@type":"Thing","name":"Travail"}],"speakable":{"@type":"SpeakableSpecification","cssSelector":[".article-content > p:first-of-type"]}},{"@type":"WebPage","@id":"https:\/\/kohenavocats.com\/zh-hans\/cour-dappel-de-paris-le-16-juin-2023-n23-06391\/","url":"https:\/\/kohenavocats.com\/zh-hans\/cour-dappel-de-paris-le-16-juin-2023-n23-06391\/","name":"Cour d'appel de Paris, le 16 juin 2023, n\u00b023\/06391 - Ma\u00eetre Hassan Kohen, avocat en droit p\u00e9nal \u00e0 Paris","isPartOf":{"@id":"https:\/\/kohenavocats.com\/zh-hans\/#website"},"primaryImageOfPage":{"@id":"https:\/\/kohenavocats.com\/zh-hans\/cour-dappel-de-paris-le-16-juin-2023-n23-06391\/#primaryimage"},"image":{"@id":"https:\/\/kohenavocats.com\/zh-hans\/cour-dappel-de-paris-le-16-juin-2023-n23-06391\/#primaryimage"},"thumbnailUrl":"https:\/\/kohenavocats.com\/wp-content\/uploads\/2024\/11\/getty-images-sVQF3gE-ySg-unsplash.webp","datePublished":"2026-04-24T01:56:27+00:00","dateModified":"2026-04-26T16:53:09+00:00","description":"La Cour d'appel de Paris, le 16 juin 2023, a statu\u00e9 sur un litige opposant un salari\u00e9 int\u00e9rimaire \u00e0 son employeur et \u00e0 une entreprise utilisatrice. Le salari...","breadcrumb":{"@id":"https:\/\/kohenavocats.com\/zh-hans\/cour-dappel-de-paris-le-16-juin-2023-n23-06391\/#breadcrumb"},"inLanguage":"zh-Hans","potentialAction":[{"@type":"ReadAction","target":["https:\/\/kohenavocats.com\/zh-hans\/cour-dappel-de-paris-le-16-juin-2023-n23-06391\/"]}]},{"@type":"ImageObject","inLanguage":"zh-Hans","@id":"https:\/\/kohenavocats.com\/zh-hans\/cour-dappel-de-paris-le-16-juin-2023-n23-06391\/#primaryimage","url":"https:\/\/kohenavocats.com\/wp-content\/uploads\/2024\/11\/getty-images-sVQF3gE-ySg-unsplash.webp","contentUrl":"https:\/\/kohenavocats.com\/wp-content\/uploads\/2024\/11\/getty-images-sVQF3gE-ySg-unsplash.webp","width":5413,"height":3609},{"@type":"BreadcrumbList","@id":"https:\/\/kohenavocats.com\/zh-hans\/cour-dappel-de-paris-le-16-juin-2023-n23-06391\/#breadcrumb","itemListElement":[{"@type":"ListItem","position":1,"name":"Home","item":"https:\/\/kohenavocats.com\/zh-hans\/"},{"@type":"ListItem","position":2,"name":"Cour d&rsquo;appel de Paris, le 16 juin 2023, n\u00b023\/06391"}]},{"@type":"WebSite","@id":"https:\/\/kohenavocats.com\/zh-hans\/#website","url":"https:\/\/kohenavocats.com\/zh-hans\/","name":"Kohen Avocats","description":"Ma\u00eetre Hassan Kohen, avocat p\u00e9naliste \u00e0 Paris, intervient exclusivement en droit p\u00e9nal pour la d\u00e9fense des particuliers, notamment en mati\u00e8re d\u2019accusations de viol. Il assure un accompagnement rigoureux d\u00e8s la garde \u00e0 vue jusqu\u2019\u00e0 la Cour d\u2019assises, veillant au strict respect des garanties proc\u00e9durales.","publisher":{"@id":"https:\/\/kohenavocats.com\/zh-hans\/#organization"},"potentialAction":[{"@type":"SearchAction","target":{"@type":"EntryPoint","urlTemplate":"https:\/\/kohenavocats.com\/zh-hans\/?s={search_term_string}"},"query-input":{"@type":"PropertyValueSpecification","valueRequired":true,"valueName":"search_term_string"}}],"inLanguage":"zh-Hans"},{"@type":"Organization","@id":"https:\/\/kohenavocats.com\/zh-hans\/#organization","name":"Kohen Avocats","url":"https:\/\/kohenavocats.com\/zh-hans\/","logo":{"@type":"ImageObject","inLanguage":"zh-Hans","@id":"https:\/\/kohenavocats.com\/zh-hans\/#\/schema\/logo\/image\/","url":"https:\/\/kohenavocats.com\/wp-content\/uploads\/2026\/01\/Logo-2-1.webp","contentUrl":"https:\/\/kohenavocats.com\/wp-content\/uploads\/2026\/01\/Logo-2-1.webp","width":2114,"height":1253,"caption":"Kohen Avocats"},"image":{"@id":"https:\/\/kohenavocats.com\/zh-hans\/#\/schema\/logo\/image\/"}},{"@type":"Person","@id":"https:\/\/kohenavocats.com\/zh-hans\/#\/schema\/person\/761c9ba54fa1ca84d405cef0831ff751","name":"Kohen","image":{"@type":"ImageObject","inLanguage":"zh-Hans","@id":"https:\/\/secure.gravatar.com\/avatar\/1c5e76ef76bbbfdd2b4da984e2bf2fa4056fd51a27d25ce2c332047f1dfd6e00?s=96&d=identicon&r=g","url":"https:\/\/secure.gravatar.com\/avatar\/1c5e76ef76bbbfdd2b4da984e2bf2fa4056fd51a27d25ce2c332047f1dfd6e00?s=96&d=identicon&r=g","contentUrl":"https:\/\/secure.gravatar.com\/avatar\/1c5e76ef76bbbfdd2b4da984e2bf2fa4056fd51a27d25ce2c332047f1dfd6e00?s=96&d=identicon&r=g","caption":"Kohen"},"sameAs":["https:\/\/www.linkedin.com\/in\/hassan-kohen-448548192\/","https:\/\/www.youtube.com\/@Kohen-Avocats"],"url":"https:\/\/kohenavocats.com\/zh-hans\/author\/kohenmlk\/"}]}},"jetpack_featured_media_url":"https:\/\/kohenavocats.com\/wp-content\/uploads\/2024\/11\/getty-images-sVQF3gE-ySg-unsplash.webp","jetpack_likes_enabled":false,"jetpack_shortlink":"https:\/\/wp.me\/peCrII-2NKc","jetpack-related-posts":[{"id":233615,"url":"https:\/\/kohenavocats.com\/zh-hans\/cour-dappel-de-grenoble-le-5-septembre-2025-n24-00662\/","url_meta":{"origin":667876,"position":0},"title":"Cour d&#8217;appel de Grenoble, le 5 septembre 2025, n\u00b024\/00662","author":"Kohen","date":"2025\u5e7412\u670828\u65e5","format":false,"excerpt":"La reconnaissance d\u2019un accident du travail c\u2026","rel":"","context":"\u5728\u201cCour d'appel\u201d\u4e2d","block_context":{"text":"Cour d'appel","link":"https:\/\/kohenavocats.com\/category\/cour-dappel\/"},"img":{"alt_text":"","src":"https:\/\/i0.wp.com\/kohenavocats.com\/wp-content\/uploads\/2024\/08\/jonathan-velasquez-eUSpDPSFdKU-unsplash-1.webp?resize=350%2C200&ssl=1","width":350,"height":200,"srcset":"https:\/\/i0.wp.com\/kohenavocats.com\/wp-content\/uploads\/2024\/08\/jonathan-velasquez-eUSpDPSFdKU-unsplash-1.webp?resize=350%2C200&ssl=1 1x, https:\/\/i0.wp.com\/kohenavocats.com\/wp-content\/uploads\/2024\/08\/jonathan-velasquez-eUSpDPSFdKU-unsplash-1.webp?resize=525%2C300&ssl=1 1.5x, https:\/\/i0.wp.com\/kohenavocats.com\/wp-content\/uploads\/2024\/08\/jonathan-velasquez-eUSpDPSFdKU-unsplash-1.webp?resize=700%2C400&ssl=1 2x, https:\/\/i0.wp.com\/kohenavocats.com\/wp-content\/uploads\/2024\/08\/jonathan-velasquez-eUSpDPSFdKU-unsplash-1.webp?resize=1050%2C600&ssl=1 3x, https:\/\/i0.wp.com\/kohenavocats.com\/wp-content\/uploads\/2024\/08\/jonathan-velasquez-eUSpDPSFdKU-unsplash-1.webp?resize=1400%2C800&ssl=1 4x"},"classes":[]},{"id":414384,"url":"https:\/\/kohenavocats.com\/zh-hans\/cour-dappel-de-montpellier-le-19-fevrier-2026-n22-01550\/","url_meta":{"origin":667876,"position":1},"title":"Cour d&#8217;appel de Montpellier, le 19 f\u00e9vrier 2026, n\u00b022\/01550","author":"Kohen","date":"2026\u5e743\u670821\u65e5","format":false,"excerpt":"La Cour d\u2019appel de Montpellier, dans un arr\u00eat du 1\u2026","rel":"","context":"\u5728\u201cCour d'appel\u201d\u4e2d","block_context":{"text":"Cour d'appel","link":"https:\/\/kohenavocats.com\/category\/cour-dappel\/"},"img":{"alt_text":"","src":"https:\/\/i0.wp.com\/kohenavocats.com\/wp-content\/uploads\/2024\/11\/mohamed-nohassi-So7ZoSSPf-4-unsplash.webp?resize=350%2C200&ssl=1","width":350,"height":200,"srcset":"https:\/\/i0.wp.com\/kohenavocats.com\/wp-content\/uploads\/2024\/11\/mohamed-nohassi-So7ZoSSPf-4-unsplash.webp?resize=350%2C200&ssl=1 1x, https:\/\/i0.wp.com\/kohenavocats.com\/wp-content\/uploads\/2024\/11\/mohamed-nohassi-So7ZoSSPf-4-unsplash.webp?resize=525%2C300&ssl=1 1.5x, https:\/\/i0.wp.com\/kohenavocats.com\/wp-content\/uploads\/2024\/11\/mohamed-nohassi-So7ZoSSPf-4-unsplash.webp?resize=700%2C400&ssl=1 2x, https:\/\/i0.wp.com\/kohenavocats.com\/wp-content\/uploads\/2024\/11\/mohamed-nohassi-So7ZoSSPf-4-unsplash.webp?resize=1050%2C600&ssl=1 3x, https:\/\/i0.wp.com\/kohenavocats.com\/wp-content\/uploads\/2024\/11\/mohamed-nohassi-So7ZoSSPf-4-unsplash.webp?resize=1400%2C800&ssl=1 4x"},"classes":[]},{"id":202922,"url":"https:\/\/kohenavocats.com\/zh-hans\/tribunal-judiciaire-de-lille-le-19-juin-2025-n22-00738\/","url_meta":{"origin":667876,"position":2},"title":"Tribunal judiciaire de Lille, le 19 juin 2025, n\u00b022\/00738","author":"Kohen","date":"2025\u5e7412\u670821\u65e5","format":false,"excerpt":"Par un jugement du 19 juin 2025, le p\u00f4le social du\u2026","rel":"","context":"\u5728\u201cD\u00e9cisions juridiques\u201d\u4e2d","block_context":{"text":"D\u00e9cisions juridiques","link":"https:\/\/kohenavocats.com\/category\/decisions-juridiques\/"},"img":{"alt_text":"","src":"https:\/\/i0.wp.com\/kohenavocats.com\/wp-content\/uploads\/2024\/11\/alexander-mils-LH6ZMdmq_9Y-unsplash.webp?resize=350%2C200&ssl=1","width":350,"height":200,"srcset":"https:\/\/i0.wp.com\/kohenavocats.com\/wp-content\/uploads\/2024\/11\/alexander-mils-LH6ZMdmq_9Y-unsplash.webp?resize=350%2C200&ssl=1 1x, https:\/\/i0.wp.com\/kohenavocats.com\/wp-content\/uploads\/2024\/11\/alexander-mils-LH6ZMdmq_9Y-unsplash.webp?resize=525%2C300&ssl=1 1.5x, https:\/\/i0.wp.com\/kohenavocats.com\/wp-content\/uploads\/2024\/11\/alexander-mils-LH6ZMdmq_9Y-unsplash.webp?resize=700%2C400&ssl=1 2x, https:\/\/i0.wp.com\/kohenavocats.com\/wp-content\/uploads\/2024\/11\/alexander-mils-LH6ZMdmq_9Y-unsplash.webp?resize=1050%2C600&ssl=1 3x, https:\/\/i0.wp.com\/kohenavocats.com\/wp-content\/uploads\/2024\/11\/alexander-mils-LH6ZMdmq_9Y-unsplash.webp?resize=1400%2C800&ssl=1 4x"},"classes":[]},{"id":440821,"url":"https:\/\/kohenavocats.com\/zh-hans\/cour-dappel-le-13-novembre-2025-n24-01327\/","url_meta":{"origin":667876,"position":3},"title":"Cour d&#8217;appel, le 13 novembre 2025, n\u00b024\/01327","author":"","date":"2026\u5e744\u67084\u65e5","format":false,"excerpt":"La Cour d\u2019appel de Toulouse, dans un arr\u00eat du 13 n\u2026","rel":"","context":"\u5728\u201cCour d'appel\u201d\u4e2d","block_context":{"text":"Cour d'appel","link":"https:\/\/kohenavocats.com\/category\/cour-dappel\/"},"img":{"alt_text":"","src":"https:\/\/i0.wp.com\/kohenavocats.com\/wp-content\/uploads\/2024\/11\/laura-adai-jnFyVBtmWtI-unsplash.webp?resize=350%2C200&ssl=1","width":350,"height":200,"srcset":"https:\/\/i0.wp.com\/kohenavocats.com\/wp-content\/uploads\/2024\/11\/laura-adai-jnFyVBtmWtI-unsplash.webp?resize=350%2C200&ssl=1 1x, https:\/\/i0.wp.com\/kohenavocats.com\/wp-content\/uploads\/2024\/11\/laura-adai-jnFyVBtmWtI-unsplash.webp?resize=525%2C300&ssl=1 1.5x, https:\/\/i0.wp.com\/kohenavocats.com\/wp-content\/uploads\/2024\/11\/laura-adai-jnFyVBtmWtI-unsplash.webp?resize=700%2C400&ssl=1 2x, https:\/\/i0.wp.com\/kohenavocats.com\/wp-content\/uploads\/2024\/11\/laura-adai-jnFyVBtmWtI-unsplash.webp?resize=1050%2C600&ssl=1 3x, https:\/\/i0.wp.com\/kohenavocats.com\/wp-content\/uploads\/2024\/11\/laura-adai-jnFyVBtmWtI-unsplash.webp?resize=1400%2C800&ssl=1 4x"},"classes":[]},{"id":53951,"url":"https:\/\/kohenavocats.com\/zh-hans\/cour-dappel-de-versailles-le-19-juin-2025-n23-01136\/","url_meta":{"origin":667876,"position":4},"title":"Cour d&#8217;appel de Versailles, le 19 juin 2025, n\u00b023\/01136","author":"Kohen","date":"2025\u5e7411\u67088\u65e5","format":false,"excerpt":"La Cour d'appel de Versailles, 19 juin 2025, statu\u2026","rel":"","context":"\u5728\u201cCour d'appel\u201d\u4e2d","block_context":{"text":"Cour d'appel","link":"https:\/\/kohenavocats.com\/category\/cour-dappel\/"},"img":{"alt_text":"","src":"https:\/\/i0.wp.com\/kohenavocats.com\/wp-content\/uploads\/2024\/08\/lisa-IfngoxB5ORA-unsplash.webp?resize=350%2C200&ssl=1","width":350,"height":200,"srcset":"https:\/\/i0.wp.com\/kohenavocats.com\/wp-content\/uploads\/2024\/08\/lisa-IfngoxB5ORA-unsplash.webp?resize=350%2C200&ssl=1 1x, https:\/\/i0.wp.com\/kohenavocats.com\/wp-content\/uploads\/2024\/08\/lisa-IfngoxB5ORA-unsplash.webp?resize=525%2C300&ssl=1 1.5x, https:\/\/i0.wp.com\/kohenavocats.com\/wp-content\/uploads\/2024\/08\/lisa-IfngoxB5ORA-unsplash.webp?resize=700%2C400&ssl=1 2x, https:\/\/i0.wp.com\/kohenavocats.com\/wp-content\/uploads\/2024\/08\/lisa-IfngoxB5ORA-unsplash.webp?resize=1050%2C600&ssl=1 3x, https:\/\/i0.wp.com\/kohenavocats.com\/wp-content\/uploads\/2024\/08\/lisa-IfngoxB5ORA-unsplash.webp?resize=1400%2C800&ssl=1 4x"},"classes":[]},{"id":483508,"url":"https:\/\/kohenavocats.com\/zh-hans\/cour-dappel-de-grenoble-le-5-fevrier-2025-n24-01547\/","url_meta":{"origin":667876,"position":5},"title":"Cour d&#8217;appel de Grenoble, le 5 f\u00e9vrier 2025, n\u00b024\/01547","author":"Kohen","date":"2026\u5e744\u67088\u65e5","format":false,"excerpt":"La cour d'appel de Grenoble, le 5 f\u00e9vrier 2025, st\u2026","rel":"","context":"\u5728\u201cJurisprudence\u201d\u4e2d","block_context":{"text":"Jurisprudence","link":"https:\/\/kohenavocats.com\/category\/jurisprudence\/"},"img":{"alt_text":"","src":"https:\/\/i0.wp.com\/kohenavocats.com\/wp-content\/uploads\/2024\/08\/pierre-blache-uMKBGyH8hCk-unsplash.webp?resize=350%2C200&ssl=1","width":350,"height":200,"srcset":"https:\/\/i0.wp.com\/kohenavocats.com\/wp-content\/uploads\/2024\/08\/pierre-blache-uMKBGyH8hCk-unsplash.webp?resize=350%2C200&ssl=1 1x, https:\/\/i0.wp.com\/kohenavocats.com\/wp-content\/uploads\/2024\/08\/pierre-blache-uMKBGyH8hCk-unsplash.webp?resize=525%2C300&ssl=1 1.5x, https:\/\/i0.wp.com\/kohenavocats.com\/wp-content\/uploads\/2024\/08\/pierre-blache-uMKBGyH8hCk-unsplash.webp?resize=700%2C400&ssl=1 2x, https:\/\/i0.wp.com\/kohenavocats.com\/wp-content\/uploads\/2024\/08\/pierre-blache-uMKBGyH8hCk-unsplash.webp?resize=1050%2C600&ssl=1 3x, https:\/\/i0.wp.com\/kohenavocats.com\/wp-content\/uploads\/2024\/08\/pierre-blache-uMKBGyH8hCk-unsplash.webp?resize=1400%2C800&ssl=1 4x"},"classes":[]}],"jetpack_sharing_enabled":true,"_links":{"self":[{"href":"https:\/\/kohenavocats.com\/zh-hans\/wp-json\/wp\/v2\/posts\/667876","targetHints":{"allow":["GET"]}}],"collection":[{"href":"https:\/\/kohenavocats.com\/zh-hans\/wp-json\/wp\/v2\/posts"}],"about":[{"href":"https:\/\/kohenavocats.com\/zh-hans\/wp-json\/wp\/v2\/types\/post"}],"author":[{"embeddable":true,"href":"https:\/\/kohenavocats.com\/zh-hans\/wp-json\/wp\/v2\/users\/232070755"}],"replies":[{"embeddable":true,"href":"https:\/\/kohenavocats.com\/zh-hans\/wp-json\/wp\/v2\/comments?post=667876"}],"version-history":[{"count":1,"href":"https:\/\/kohenavocats.com\/zh-hans\/wp-json\/wp\/v2\/posts\/667876\/revisions"}],"predecessor-version":[{"id":696182,"href":"https:\/\/kohenavocats.com\/zh-hans\/wp-json\/wp\/v2\/posts\/667876\/revisions\/696182"}],"wp:featuredmedia":[{"embeddable":true,"href":"https:\/\/kohenavocats.com\/zh-hans\/wp-json\/wp\/v2\/media\/9523"}],"wp:attachment":[{"href":"https:\/\/kohenavocats.com\/zh-hans\/wp-json\/wp\/v2\/media?parent=667876"}],"wp:term":[{"taxonomy":"category","embeddable":true,"href":"https:\/\/kohenavocats.com\/zh-hans\/wp-json\/wp\/v2\/categories?post=667876"},{"taxonomy":"post_tag","embeddable":true,"href":"https:\/\/kohenavocats.com\/zh-hans\/wp-json\/wp\/v2\/tags?post=667876"}],"curies":[{"name":"wp","href":"https:\/\/api.w.org\/{rel}","templated":true}]}}