{"id":667878,"date":"2026-04-24T03:56:35","date_gmt":"2026-04-24T01:56:35","guid":{"rendered":"https:\/\/kohenavocats.com\/cour-dappel-de-versailles-le-23-novembre-2023-n24-06270\/"},"modified":"2026-04-26T18:53:15","modified_gmt":"2026-04-26T16:53:15","slug":"cour-dappel-de-versailles-le-23-novembre-2023-n24-06270","status":"publish","type":"post","link":"https:\/\/kohenavocats.com\/zh-hans\/cour-dappel-de-versailles-le-23-novembre-2023-n24-06270\/","title":{"rendered":"Cour d&#8217;appel de Versailles, le 23 novembre 2023, n\u00b024\/06270"},"content":{"rendered":"<div class=\"article-content\">\n<p>La Cour d&#8217;appel de Versailles, le 23 novembre 2023, a statu\u00e9 sur un litige relatif \u00e0 la reconnaissance d&#8217;une <a href=\"https:\/\/kohenavocats.com\/avocats-droit-social-paris\/avocats-maladie-professionnelle-paris\/\" target=\"_blank\" title=\"maladie professionnelle\">maladie professionnelle<\/a> et d&#8217;une faute inexcusable de l&#8217;employeur. Un salari\u00e9 administratif est d\u00e9c\u00e9d\u00e9 d&#8217;un m\u00e9soth\u00e9liome, maladie inscrite au tableau 30 D. Ses ayants droit invoquaient une exposition environnementale \u00e0 l&#8217;amiante dans les locaux de l&#8217;entreprise, notamment apr\u00e8s un incendie. La cour a confirm\u00e9 le jugement rejetant la qualification de maladie professionnelle. Elle a ainsi \u00e9cart\u00e9 la faute inexcusable sans l&#8217;examiner, les conditions du tableau n&#8217;\u00e9tant pas remplies.<\/p>\n<p>La pr\u00e9somption d&#8217;origine professionnelle et ses conditions d&#8217;application<\/p>\n<p>Le cadre l\u00e9gal de la pr\u00e9somption. Le droit de la s\u00e9curit\u00e9 sociale \u00e9tablit une pr\u00e9somption d&#8217;origine professionnelle pour les maladies d\u00e9sign\u00e9es dans un tableau. &#8220;Est pr\u00e9sum\u00e9e d&#8217;origine professionnelle toute maladie d\u00e9sign\u00e9e dans un tableau de maladies professionnelles et contract\u00e9e dans les conditions mentionn\u00e9es \u00e0 ce tableau.&#8221; (Motifs) Cette pr\u00e9somption dispense la victime de prouver le lien de causalit\u00e9 entre son affection et son travail. Elle s&#8217;applique d\u00e8s lors que le salari\u00e9 a \u00e9t\u00e9 expos\u00e9 de fa\u00e7on habituelle \u00e0 l&#8217;agent nocif. La charge de la preuve incombe alors \u00e0 l&#8217;employeur qui conteste ce caract\u00e8re. Il doit apporter des \u00e9l\u00e9ments probants pour renverser la pr\u00e9somption l\u00e9gale.<\/p>\n<p>L&#8217;exigence d&#8217;une exposition habituelle au risque. Pour b\u00e9n\u00e9ficier de la pr\u00e9somption, l&#8217;exposition au risque doit \u00eatre caract\u00e9ris\u00e9e. &#8220;Sont pr\u00e9sum\u00e9es maladies professionnelles [&#8230;] d\u00e8s lors qu&#8217;il a \u00e9t\u00e9 \u00e9tabli que le salari\u00e9 qui en est atteint a \u00e9t\u00e9 expos\u00e9 de fa\u00e7on habituelle au cours de son activit\u00e9 professionnelle, \u00e0 l&#8217;action d&#8217;agents nocifs.&#8221; (Motifs) La jurisprudence admet une exposition environnementale indirecte. &#8220;Dans le cadre d&#8217;une exposition \u00e0 l&#8217;amiante, il suffit, pour qu&#8217;une faute inexcusable puisse \u00eatre reconnue, que l&#8217;exposition du salari\u00e9 au risque ait \u00e9t\u00e9 habituelle, peu important le fait que le salari\u00e9 n&#8217;ait pas particip\u00e9 directement \u00e0 l&#8217;emploi ou \u00e0 la manipulation d&#8217;amiante.&#8221; (Motifs) La simple pr\u00e9sence d&#8217;amiante dans les b\u00e2timents ne suffit pas \u00e0 d\u00e9montrer une exposition habituelle des occupants. Il faut \u00e9tablir que les mat\u00e9riaux \u00e9taient d\u00e9grad\u00e9s et lib\u00e9raient des fibres.<\/p>\n<p>L&#8217;appr\u00e9ciation stricte des conditions de la pr\u00e9somption en l&#8217;esp\u00e8ce<\/p>\n<p>L&#8217;absence de preuve d&#8217;une exposition environnementale. La cour a proc\u00e9d\u00e9 \u00e0 un examen rigoureux des \u00e9l\u00e9ments de preuve produits. Elle a constat\u00e9 la pr\u00e9sence d&#8217;amiante dans certains locaux mais a relev\u00e9 l&#8217;absence d&#8217;\u00e9tat de d\u00e9gradation. &#8220;Cette seule pr\u00e9sence d&#8217;amiante dans certaines parties des immeubles b\u00e2tis \u00e9tant insuffisante \u00e0 d\u00e9montrer la r\u00e9alit\u00e9 d&#8217;une exposition environnementale des salari\u00e9s.&#8221; (Motifs) Les rapports techniques indiquaient que les mat\u00e9riaux \u00e9taient en bon \u00e9tat. Les mesures de qualit\u00e9 de l&#8217;air effectu\u00e9es apr\u00e8s l&#8217;incendie se sont r\u00e9v\u00e9l\u00e9es n\u00e9gatives. La cour en a d\u00e9duit que l&#8217;exposition habituelle au risque n&#8217;\u00e9tait pas \u00e9tablie. Les all\u00e9gations des ayants droit restaient hypoth\u00e9tiques et non suffisamment \u00e9tay\u00e9es.<\/p>\n<p>Le rejet des \u00e9l\u00e9ments invoqu\u00e9s par les ayants droit. La d\u00e9cision de prise en charge par la caisse d&#8217;assurance maladie n&#8217;a pas \u00e9t\u00e9 jug\u00e9e d\u00e9terminante. La cour a not\u00e9 que le rapport d&#8217;enqu\u00eate administrative se contentait de reprendre les d\u00e9clarations de la salari\u00e9e. Il ne fournissait pas d&#8217;explication probante sur l&#8217;exposition au risque. La cour a \u00e9galement \u00e9cart\u00e9 l&#8217;argument tir\u00e9 de travaux de r\u00e9am\u00e9nagement. &#8220;La r\u00e9f\u00e9rence \u00e0 une &#8216;possible&#8217; lib\u00e9ration d&#8217;amiante qui ne constitue qu&#8217;une hypoth\u00e8se, sans aucun fondement av\u00e9r\u00e9, n&#8217;est pas suffisante.&#8221; (Motifs) En l&#8217;absence de preuve d&#8217;une exposition professionnelle, la pr\u00e9somption du tableau 30 D ne pouvait jouer. La cour a ainsi confirm\u00e9 la solution du premier juge sans ordonner d&#8217;expertise compl\u00e9mentaire.<\/p>\n<p>Cette d\u00e9cision rappelle avec rigueur les conditions d&#8217;application du syst\u00e8me des tableaux de maladies professionnelles. Elle souligne que la pr\u00e9somption l\u00e9gale, bien que favorable aux victimes, n&#8217;est pas automatique. La preuve d&#8217;une exposition habituelle au risque reste un pr\u00e9alable essentiel. La cour op\u00e8re un contr\u00f4le strict des \u00e9l\u00e9ments apport\u00e9s, refusant de se fonder sur de simples pr\u00e9somptions ou des hypoth\u00e8ses. Cette approche restrictive peut sembler protectrice des employeurs. Elle place une charge probatoire importante sur les ayants droit dans les cas d&#8217;exposition environnementale indirecte. La port\u00e9e de l&#8217;arr\u00eat est donc significative pour les pathologies li\u00e9es \u00e0 l&#8217;amiante dans les secteurs non directement expos\u00e9s.<\/p>\n<\/div>\n","protected":false},"excerpt":{"rendered":"<p>La Cour d&#8217;appel de Versailles, le 23 novembre 2023, a statu\u00e9 sur un litige relatif \u00e0 la reconnaissance d&#8217;une maladie professionnelle et d&#8217;une faute inexcusab&#8230;<\/p>\n","protected":false},"author":232070755,"featured_media":4885,"comment_status":"open","ping_status":"open","sticky":false,"template":"","format":"standard","meta":{"_crdt_document":"","_jetpack_newsletter_access":"","_jetpack_dont_email_post_to_subs":false,"_jetpack_newsletter_tier_id":0,"_jetpack_memberships_contains_paywalled_content":false,"_kj_source_type":"judilibre","_kj_official_id":"68d37d7a2e40a40d5ce99612","_kj_official_url":"https:\/\/www.courdecassation.fr\/decision\/68d37d7a2e40a40d5ce99612","_kj_judilibre_id":"68d37d7a2e40a40d5ce99612","_kj_jur":"Cour d'appel","_kj_lieu":"Cour d'appel de Lyon","_kj_chambre":"CHAMBRE SOCIALE D (PS)","_kj_rg":"24\/06270","_kj_date":"2025-09-23","_jetpack_memberships_contains_paid_content":false,"footnotes":"","jetpack_post_was_ever_published":false},"categories":[7123,6580,7597,6718,6992],"tags":[],"class_list":["post-667878","post","type-post","status-publish","format-standard","has-post-thumbnail","hentry","category-droit-du-travail","category-droit-social","category-jurisprudence","category-social","category-travail"],"yoast_head":"<!-- This site is optimized with the Yoast SEO Premium plugin v27.5 (Yoast SEO v27.5) - https:\/\/yoast.com\/product\/yoast-seo-premium-wordpress\/ -->\n<title>Cour d&#039;appel de Versailles, le 23 novembre 2023, n\u00b024\/06270 - Ma\u00eetre Hassan Kohen, avocat en droit p\u00e9nal \u00e0 Paris<\/title>\n<meta name=\"description\" content=\"La Cour d&#039;appel de Versailles, le 23 novembre 2023, a statu\u00e9 sur un litige relatif \u00e0 la reconnaissance d&#039;une maladie professionnelle et d&#039;une faute inexcusab...\" \/>\n<meta name=\"robots\" content=\"index, follow, max-snippet:-1, max-image-preview:large, max-video-preview:-1\" \/>\n<link rel=\"canonical\" href=\"https:\/\/kohenavocats.com\/zh-hans\/cour-dappel-de-versailles-le-23-novembre-2023-n24-06270\/\" \/>\n<meta property=\"og:locale\" content=\"zh_CN\" \/>\n<meta property=\"og:type\" content=\"article\" \/>\n<meta property=\"og:title\" content=\"Cour d&#039;appel de Versailles, le 23 novembre 2023, n\u00b024\/06270\" \/>\n<meta property=\"og:description\" content=\"La Cour d&#039;appel de Versailles, le 23 novembre 2023, a statu\u00e9 sur un litige relatif \u00e0 la reconnaissance d&#039;une maladie professionnelle et d&#039;une faute inexcusab...\" \/>\n<meta property=\"og:url\" content=\"https:\/\/kohenavocats.com\/zh-hans\/cour-dappel-de-versailles-le-23-novembre-2023-n24-06270\/\" \/>\n<meta property=\"og:site_name\" content=\"Ma\u00eetre Hassan Kohen, avocat en droit p\u00e9nal \u00e0 Paris\" \/>\n<meta property=\"article:published_time\" content=\"2026-04-24T01:56:35+00:00\" \/>\n<meta property=\"article:modified_time\" content=\"2026-04-26T16:53:15+00:00\" \/>\n<meta property=\"og:image\" content=\"https:\/\/kohenavocats.com\/wp-content\/uploads\/2024\/08\/katie-moum-o0kbc907i20-unsplash.webp\" \/>\n\t<meta property=\"og:image:width\" content=\"5760\" \/>\n\t<meta property=\"og:image:height\" content=\"3840\" \/>\n\t<meta property=\"og:image:type\" content=\"image\/webp\" \/>\n<meta name=\"author\" content=\"Kohen\" \/>\n<meta name=\"twitter:card\" content=\"summary_large_image\" \/>\n<meta name=\"twitter:label1\" content=\"\u4f5c\u8005\" \/>\n\t<meta name=\"twitter:data1\" content=\"Kohen\" \/>\n\t<meta name=\"twitter:label2\" content=\"\u9884\u8ba1\u9605\u8bfb\u65f6\u95f4\" \/>\n\t<meta name=\"twitter:data2\" content=\"4 \u5206\" \/>\n<script type=\"application\/ld+json\" class=\"yoast-schema-graph\">{\"@context\":\"https:\\\/\\\/schema.org\",\"@graph\":[{\"@type\":\"Article\",\"@id\":\"https:\\\/\\\/kohenavocats.com\\\/zh-hans\\\/cour-dappel-de-versailles-le-23-novembre-2023-n24-06270\\\/#article\",\"isPartOf\":{\"@id\":\"https:\\\/\\\/kohenavocats.com\\\/zh-hans\\\/cour-dappel-de-versailles-le-23-novembre-2023-n24-06270\\\/\"},\"author\":{\"name\":\"Kohen\",\"@id\":\"https:\\\/\\\/kohenavocats.com\\\/zh-hans\\\/#\\\/schema\\\/person\\\/761c9ba54fa1ca84d405cef0831ff751\"},\"headline\":\"Cour d&#8217;appel de Versailles, le 23 novembre 2023, n\u00b024\\\/06270\",\"datePublished\":\"2026-04-24T01:56:35+00:00\",\"dateModified\":\"2026-04-26T16:53:15+00:00\",\"mainEntityOfPage\":{\"@id\":\"https:\\\/\\\/kohenavocats.com\\\/zh-hans\\\/cour-dappel-de-versailles-le-23-novembre-2023-n24-06270\\\/\"},\"wordCount\":807,\"commentCount\":0,\"publisher\":{\"@id\":\"https:\\\/\\\/kohenavocats.com\\\/zh-hans\\\/#organization\"},\"image\":{\"@id\":\"https:\\\/\\\/kohenavocats.com\\\/zh-hans\\\/cour-dappel-de-versailles-le-23-novembre-2023-n24-06270\\\/#primaryimage\"},\"thumbnailUrl\":\"https:\\\/\\\/kohenavocats.com\\\/wp-content\\\/uploads\\\/2024\\\/08\\\/katie-moum-o0kbc907i20-unsplash.webp\",\"articleSection\":[\"Droit du travail\",\"Droit Social\",\"Jurisprudence\",\"Social\",\"Travail\"],\"inLanguage\":\"zh-Hans\",\"potentialAction\":[{\"@type\":\"CommentAction\",\"name\":\"Comment\",\"target\":[\"https:\\\/\\\/kohenavocats.com\\\/zh-hans\\\/cour-dappel-de-versailles-le-23-novembre-2023-n24-06270\\\/#respond\"]}],\"citation\":\"Cour d&#8217;appel de Versailles, le 23 novembre 2023, n\u00b024\\\/06270\",\"about\":[{\"@type\":\"Thing\",\"name\":\"Droit du travail\"},{\"@type\":\"Thing\",\"name\":\"Droit Social\"},{\"@type\":\"Thing\",\"name\":\"Jurisprudence\"},{\"@type\":\"Thing\",\"name\":\"Social\"},{\"@type\":\"Thing\",\"name\":\"Travail\"}],\"speakable\":{\"@type\":\"SpeakableSpecification\",\"cssSelector\":[\".article-content > p:first-of-type\"]}},{\"@type\":\"WebPage\",\"@id\":\"https:\\\/\\\/kohenavocats.com\\\/zh-hans\\\/cour-dappel-de-versailles-le-23-novembre-2023-n24-06270\\\/\",\"url\":\"https:\\\/\\\/kohenavocats.com\\\/zh-hans\\\/cour-dappel-de-versailles-le-23-novembre-2023-n24-06270\\\/\",\"name\":\"Cour d'appel de Versailles, le 23 novembre 2023, n\u00b024\\\/06270 - Ma\u00eetre Hassan Kohen, avocat en droit p\u00e9nal \u00e0 Paris\",\"isPartOf\":{\"@id\":\"https:\\\/\\\/kohenavocats.com\\\/zh-hans\\\/#website\"},\"primaryImageOfPage\":{\"@id\":\"https:\\\/\\\/kohenavocats.com\\\/zh-hans\\\/cour-dappel-de-versailles-le-23-novembre-2023-n24-06270\\\/#primaryimage\"},\"image\":{\"@id\":\"https:\\\/\\\/kohenavocats.com\\\/zh-hans\\\/cour-dappel-de-versailles-le-23-novembre-2023-n24-06270\\\/#primaryimage\"},\"thumbnailUrl\":\"https:\\\/\\\/kohenavocats.com\\\/wp-content\\\/uploads\\\/2024\\\/08\\\/katie-moum-o0kbc907i20-unsplash.webp\",\"datePublished\":\"2026-04-24T01:56:35+00:00\",\"dateModified\":\"2026-04-26T16:53:15+00:00\",\"description\":\"La Cour d'appel de Versailles, le 23 novembre 2023, a statu\u00e9 sur un litige relatif \u00e0 la reconnaissance d'une maladie professionnelle et d'une faute inexcusab...\",\"breadcrumb\":{\"@id\":\"https:\\\/\\\/kohenavocats.com\\\/zh-hans\\\/cour-dappel-de-versailles-le-23-novembre-2023-n24-06270\\\/#breadcrumb\"},\"inLanguage\":\"zh-Hans\",\"potentialAction\":[{\"@type\":\"ReadAction\",\"target\":[\"https:\\\/\\\/kohenavocats.com\\\/zh-hans\\\/cour-dappel-de-versailles-le-23-novembre-2023-n24-06270\\\/\"]}]},{\"@type\":\"ImageObject\",\"inLanguage\":\"zh-Hans\",\"@id\":\"https:\\\/\\\/kohenavocats.com\\\/zh-hans\\\/cour-dappel-de-versailles-le-23-novembre-2023-n24-06270\\\/#primaryimage\",\"url\":\"https:\\\/\\\/kohenavocats.com\\\/wp-content\\\/uploads\\\/2024\\\/08\\\/katie-moum-o0kbc907i20-unsplash.webp\",\"contentUrl\":\"https:\\\/\\\/kohenavocats.com\\\/wp-content\\\/uploads\\\/2024\\\/08\\\/katie-moum-o0kbc907i20-unsplash.webp\",\"width\":5760,\"height\":3840},{\"@type\":\"BreadcrumbList\",\"@id\":\"https:\\\/\\\/kohenavocats.com\\\/zh-hans\\\/cour-dappel-de-versailles-le-23-novembre-2023-n24-06270\\\/#breadcrumb\",\"itemListElement\":[{\"@type\":\"ListItem\",\"position\":1,\"name\":\"Home\",\"item\":\"https:\\\/\\\/kohenavocats.com\\\/zh-hans\\\/\"},{\"@type\":\"ListItem\",\"position\":2,\"name\":\"Cour d&rsquo;appel de Versailles, le 23 novembre 2023, n\u00b024\\\/06270\"}]},{\"@type\":\"WebSite\",\"@id\":\"https:\\\/\\\/kohenavocats.com\\\/zh-hans\\\/#website\",\"url\":\"https:\\\/\\\/kohenavocats.com\\\/zh-hans\\\/\",\"name\":\"Kohen Avocats\",\"description\":\"Ma\u00eetre Hassan Kohen, avocat p\u00e9naliste \u00e0 Paris, intervient exclusivement en droit p\u00e9nal pour la d\u00e9fense des particuliers, notamment en mati\u00e8re d\u2019accusations de viol. Il assure un accompagnement rigoureux d\u00e8s la garde \u00e0 vue jusqu\u2019\u00e0 la Cour d\u2019assises, veillant au strict respect des garanties proc\u00e9durales.\",\"publisher\":{\"@id\":\"https:\\\/\\\/kohenavocats.com\\\/zh-hans\\\/#organization\"},\"potentialAction\":[{\"@type\":\"SearchAction\",\"target\":{\"@type\":\"EntryPoint\",\"urlTemplate\":\"https:\\\/\\\/kohenavocats.com\\\/zh-hans\\\/?s={search_term_string}\"},\"query-input\":{\"@type\":\"PropertyValueSpecification\",\"valueRequired\":true,\"valueName\":\"search_term_string\"}}],\"inLanguage\":\"zh-Hans\"},{\"@type\":\"Organization\",\"@id\":\"https:\\\/\\\/kohenavocats.com\\\/zh-hans\\\/#organization\",\"name\":\"Kohen Avocats\",\"url\":\"https:\\\/\\\/kohenavocats.com\\\/zh-hans\\\/\",\"logo\":{\"@type\":\"ImageObject\",\"inLanguage\":\"zh-Hans\",\"@id\":\"https:\\\/\\\/kohenavocats.com\\\/zh-hans\\\/#\\\/schema\\\/logo\\\/image\\\/\",\"url\":\"https:\\\/\\\/kohenavocats.com\\\/wp-content\\\/uploads\\\/2026\\\/01\\\/Logo-2-1.webp\",\"contentUrl\":\"https:\\\/\\\/kohenavocats.com\\\/wp-content\\\/uploads\\\/2026\\\/01\\\/Logo-2-1.webp\",\"width\":2114,\"height\":1253,\"caption\":\"Kohen Avocats\"},\"image\":{\"@id\":\"https:\\\/\\\/kohenavocats.com\\\/zh-hans\\\/#\\\/schema\\\/logo\\\/image\\\/\"}},{\"@type\":\"Person\",\"@id\":\"https:\\\/\\\/kohenavocats.com\\\/zh-hans\\\/#\\\/schema\\\/person\\\/761c9ba54fa1ca84d405cef0831ff751\",\"name\":\"Kohen\",\"image\":{\"@type\":\"ImageObject\",\"inLanguage\":\"zh-Hans\",\"@id\":\"https:\\\/\\\/secure.gravatar.com\\\/avatar\\\/1c5e76ef76bbbfdd2b4da984e2bf2fa4056fd51a27d25ce2c332047f1dfd6e00?s=96&d=identicon&r=g\",\"url\":\"https:\\\/\\\/secure.gravatar.com\\\/avatar\\\/1c5e76ef76bbbfdd2b4da984e2bf2fa4056fd51a27d25ce2c332047f1dfd6e00?s=96&d=identicon&r=g\",\"contentUrl\":\"https:\\\/\\\/secure.gravatar.com\\\/avatar\\\/1c5e76ef76bbbfdd2b4da984e2bf2fa4056fd51a27d25ce2c332047f1dfd6e00?s=96&d=identicon&r=g\",\"caption\":\"Kohen\"},\"sameAs\":[\"https:\\\/\\\/www.linkedin.com\\\/in\\\/hassan-kohen-448548192\\\/\",\"https:\\\/\\\/www.youtube.com\\\/@Kohen-Avocats\"],\"url\":\"https:\\\/\\\/kohenavocats.com\\\/zh-hans\\\/author\\\/kohenmlk\\\/\"}]}<\/script>\n<!-- \/ Yoast SEO Premium plugin. -->","yoast_head_json":{"title":"Cour d'appel de Versailles, le 23 novembre 2023, n\u00b024\/06270 - Ma\u00eetre Hassan Kohen, avocat en droit p\u00e9nal \u00e0 Paris","description":"La Cour d'appel de Versailles, le 23 novembre 2023, a statu\u00e9 sur un litige relatif \u00e0 la reconnaissance d'une maladie professionnelle et d'une faute inexcusab...","robots":{"index":"index","follow":"follow","max-snippet":"max-snippet:-1","max-image-preview":"max-image-preview:large","max-video-preview":"max-video-preview:-1"},"canonical":"https:\/\/kohenavocats.com\/zh-hans\/cour-dappel-de-versailles-le-23-novembre-2023-n24-06270\/","og_locale":"zh_CN","og_type":"article","og_title":"Cour d'appel de Versailles, le 23 novembre 2023, n\u00b024\/06270","og_description":"La Cour d'appel de Versailles, le 23 novembre 2023, a statu\u00e9 sur un litige relatif \u00e0 la reconnaissance d'une maladie professionnelle et d'une faute inexcusab...","og_url":"https:\/\/kohenavocats.com\/zh-hans\/cour-dappel-de-versailles-le-23-novembre-2023-n24-06270\/","og_site_name":"Ma\u00eetre Hassan Kohen, avocat en droit p\u00e9nal \u00e0 Paris","article_published_time":"2026-04-24T01:56:35+00:00","article_modified_time":"2026-04-26T16:53:15+00:00","og_image":[{"width":5760,"height":3840,"url":"https:\/\/kohenavocats.com\/wp-content\/uploads\/2024\/08\/katie-moum-o0kbc907i20-unsplash.webp","type":"image\/webp"}],"author":"Kohen","twitter_card":"summary_large_image","twitter_misc":{"\u4f5c\u8005":"Kohen","\u9884\u8ba1\u9605\u8bfb\u65f6\u95f4":"4 \u5206"},"schema":{"@context":"https:\/\/schema.org","@graph":[{"@type":"Article","@id":"https:\/\/kohenavocats.com\/zh-hans\/cour-dappel-de-versailles-le-23-novembre-2023-n24-06270\/#article","isPartOf":{"@id":"https:\/\/kohenavocats.com\/zh-hans\/cour-dappel-de-versailles-le-23-novembre-2023-n24-06270\/"},"author":{"name":"Kohen","@id":"https:\/\/kohenavocats.com\/zh-hans\/#\/schema\/person\/761c9ba54fa1ca84d405cef0831ff751"},"headline":"Cour d&#8217;appel de Versailles, le 23 novembre 2023, n\u00b024\/06270","datePublished":"2026-04-24T01:56:35+00:00","dateModified":"2026-04-26T16:53:15+00:00","mainEntityOfPage":{"@id":"https:\/\/kohenavocats.com\/zh-hans\/cour-dappel-de-versailles-le-23-novembre-2023-n24-06270\/"},"wordCount":807,"commentCount":0,"publisher":{"@id":"https:\/\/kohenavocats.com\/zh-hans\/#organization"},"image":{"@id":"https:\/\/kohenavocats.com\/zh-hans\/cour-dappel-de-versailles-le-23-novembre-2023-n24-06270\/#primaryimage"},"thumbnailUrl":"https:\/\/kohenavocats.com\/wp-content\/uploads\/2024\/08\/katie-moum-o0kbc907i20-unsplash.webp","articleSection":["Droit du travail","Droit Social","Jurisprudence","Social","Travail"],"inLanguage":"zh-Hans","potentialAction":[{"@type":"CommentAction","name":"Comment","target":["https:\/\/kohenavocats.com\/zh-hans\/cour-dappel-de-versailles-le-23-novembre-2023-n24-06270\/#respond"]}],"citation":"Cour d&#8217;appel de Versailles, le 23 novembre 2023, n\u00b024\/06270","about":[{"@type":"Thing","name":"Droit du travail"},{"@type":"Thing","name":"Droit Social"},{"@type":"Thing","name":"Jurisprudence"},{"@type":"Thing","name":"Social"},{"@type":"Thing","name":"Travail"}],"speakable":{"@type":"SpeakableSpecification","cssSelector":[".article-content > p:first-of-type"]}},{"@type":"WebPage","@id":"https:\/\/kohenavocats.com\/zh-hans\/cour-dappel-de-versailles-le-23-novembre-2023-n24-06270\/","url":"https:\/\/kohenavocats.com\/zh-hans\/cour-dappel-de-versailles-le-23-novembre-2023-n24-06270\/","name":"Cour d'appel de Versailles, le 23 novembre 2023, n\u00b024\/06270 - Ma\u00eetre Hassan Kohen, avocat en droit p\u00e9nal \u00e0 Paris","isPartOf":{"@id":"https:\/\/kohenavocats.com\/zh-hans\/#website"},"primaryImageOfPage":{"@id":"https:\/\/kohenavocats.com\/zh-hans\/cour-dappel-de-versailles-le-23-novembre-2023-n24-06270\/#primaryimage"},"image":{"@id":"https:\/\/kohenavocats.com\/zh-hans\/cour-dappel-de-versailles-le-23-novembre-2023-n24-06270\/#primaryimage"},"thumbnailUrl":"https:\/\/kohenavocats.com\/wp-content\/uploads\/2024\/08\/katie-moum-o0kbc907i20-unsplash.webp","datePublished":"2026-04-24T01:56:35+00:00","dateModified":"2026-04-26T16:53:15+00:00","description":"La Cour d'appel de Versailles, le 23 novembre 2023, a statu\u00e9 sur un litige relatif \u00e0 la reconnaissance d'une maladie professionnelle et d'une faute inexcusab...","breadcrumb":{"@id":"https:\/\/kohenavocats.com\/zh-hans\/cour-dappel-de-versailles-le-23-novembre-2023-n24-06270\/#breadcrumb"},"inLanguage":"zh-Hans","potentialAction":[{"@type":"ReadAction","target":["https:\/\/kohenavocats.com\/zh-hans\/cour-dappel-de-versailles-le-23-novembre-2023-n24-06270\/"]}]},{"@type":"ImageObject","inLanguage":"zh-Hans","@id":"https:\/\/kohenavocats.com\/zh-hans\/cour-dappel-de-versailles-le-23-novembre-2023-n24-06270\/#primaryimage","url":"https:\/\/kohenavocats.com\/wp-content\/uploads\/2024\/08\/katie-moum-o0kbc907i20-unsplash.webp","contentUrl":"https:\/\/kohenavocats.com\/wp-content\/uploads\/2024\/08\/katie-moum-o0kbc907i20-unsplash.webp","width":5760,"height":3840},{"@type":"BreadcrumbList","@id":"https:\/\/kohenavocats.com\/zh-hans\/cour-dappel-de-versailles-le-23-novembre-2023-n24-06270\/#breadcrumb","itemListElement":[{"@type":"ListItem","position":1,"name":"Home","item":"https:\/\/kohenavocats.com\/zh-hans\/"},{"@type":"ListItem","position":2,"name":"Cour d&rsquo;appel de Versailles, le 23 novembre 2023, n\u00b024\/06270"}]},{"@type":"WebSite","@id":"https:\/\/kohenavocats.com\/zh-hans\/#website","url":"https:\/\/kohenavocats.com\/zh-hans\/","name":"Kohen Avocats","description":"Ma\u00eetre Hassan Kohen, avocat p\u00e9naliste \u00e0 Paris, intervient exclusivement en droit p\u00e9nal pour la d\u00e9fense des particuliers, notamment en mati\u00e8re d\u2019accusations de viol. Il assure un accompagnement rigoureux d\u00e8s la garde \u00e0 vue jusqu\u2019\u00e0 la Cour d\u2019assises, veillant au strict respect des garanties proc\u00e9durales.","publisher":{"@id":"https:\/\/kohenavocats.com\/zh-hans\/#organization"},"potentialAction":[{"@type":"SearchAction","target":{"@type":"EntryPoint","urlTemplate":"https:\/\/kohenavocats.com\/zh-hans\/?s={search_term_string}"},"query-input":{"@type":"PropertyValueSpecification","valueRequired":true,"valueName":"search_term_string"}}],"inLanguage":"zh-Hans"},{"@type":"Organization","@id":"https:\/\/kohenavocats.com\/zh-hans\/#organization","name":"Kohen Avocats","url":"https:\/\/kohenavocats.com\/zh-hans\/","logo":{"@type":"ImageObject","inLanguage":"zh-Hans","@id":"https:\/\/kohenavocats.com\/zh-hans\/#\/schema\/logo\/image\/","url":"https:\/\/kohenavocats.com\/wp-content\/uploads\/2026\/01\/Logo-2-1.webp","contentUrl":"https:\/\/kohenavocats.com\/wp-content\/uploads\/2026\/01\/Logo-2-1.webp","width":2114,"height":1253,"caption":"Kohen Avocats"},"image":{"@id":"https:\/\/kohenavocats.com\/zh-hans\/#\/schema\/logo\/image\/"}},{"@type":"Person","@id":"https:\/\/kohenavocats.com\/zh-hans\/#\/schema\/person\/761c9ba54fa1ca84d405cef0831ff751","name":"Kohen","image":{"@type":"ImageObject","inLanguage":"zh-Hans","@id":"https:\/\/secure.gravatar.com\/avatar\/1c5e76ef76bbbfdd2b4da984e2bf2fa4056fd51a27d25ce2c332047f1dfd6e00?s=96&d=identicon&r=g","url":"https:\/\/secure.gravatar.com\/avatar\/1c5e76ef76bbbfdd2b4da984e2bf2fa4056fd51a27d25ce2c332047f1dfd6e00?s=96&d=identicon&r=g","contentUrl":"https:\/\/secure.gravatar.com\/avatar\/1c5e76ef76bbbfdd2b4da984e2bf2fa4056fd51a27d25ce2c332047f1dfd6e00?s=96&d=identicon&r=g","caption":"Kohen"},"sameAs":["https:\/\/www.linkedin.com\/in\/hassan-kohen-448548192\/","https:\/\/www.youtube.com\/@Kohen-Avocats"],"url":"https:\/\/kohenavocats.com\/zh-hans\/author\/kohenmlk\/"}]}},"jetpack_featured_media_url":"https:\/\/kohenavocats.com\/wp-content\/uploads\/2024\/08\/katie-moum-o0kbc907i20-unsplash.webp","jetpack_likes_enabled":false,"jetpack_shortlink":"https:\/\/wp.me\/peCrII-2NKe","jetpack-related-posts":[{"id":235887,"url":"https:\/\/kohenavocats.com\/zh-hans\/cour-dappel-de-versailles-le-3-juillet-2025-n23-00529\/","url_meta":{"origin":667878,"position":0},"title":"Cour d&#8217;appel de Versailles, le 3 juillet 2025, n\u00b023\/00529","author":"Kohen","date":"2025\u5e7412\u670829\u65e5","format":false,"excerpt":"L'arr\u00eat rendu par la Cour d'appel de Versailles le\u2026","rel":"","context":"\u5728\u201cCour d'appel\u201d\u4e2d","block_context":{"text":"Cour d'appel","link":"https:\/\/kohenavocats.com\/category\/cour-dappel\/"},"img":{"alt_text":"","src":"https:\/\/i0.wp.com\/kohenavocats.com\/wp-content\/uploads\/2024\/11\/allison-saeng-KddQtnCcZ68-unsplash.webp?resize=350%2C200&ssl=1","width":350,"height":200,"srcset":"https:\/\/i0.wp.com\/kohenavocats.com\/wp-content\/uploads\/2024\/11\/allison-saeng-KddQtnCcZ68-unsplash.webp?resize=350%2C200&ssl=1 1x, https:\/\/i0.wp.com\/kohenavocats.com\/wp-content\/uploads\/2024\/11\/allison-saeng-KddQtnCcZ68-unsplash.webp?resize=525%2C300&ssl=1 1.5x, https:\/\/i0.wp.com\/kohenavocats.com\/wp-content\/uploads\/2024\/11\/allison-saeng-KddQtnCcZ68-unsplash.webp?resize=700%2C400&ssl=1 2x, https:\/\/i0.wp.com\/kohenavocats.com\/wp-content\/uploads\/2024\/11\/allison-saeng-KddQtnCcZ68-unsplash.webp?resize=1050%2C600&ssl=1 3x, https:\/\/i0.wp.com\/kohenavocats.com\/wp-content\/uploads\/2024\/11\/allison-saeng-KddQtnCcZ68-unsplash.webp?resize=1400%2C800&ssl=1 4x"},"classes":[]},{"id":443098,"url":"https:\/\/kohenavocats.com\/zh-hans\/cour-dappel-le-23-octobre-2025-n23-00359\/","url_meta":{"origin":667878,"position":1},"title":"Cour d&#8217;appel, le 23 octobre 2025, n\u00b023\/00359","author":"","date":"2026\u5e744\u67084\u65e5","format":false,"excerpt":"La Cour d\u2019appel de Dijon, dans un arr\u00eat du 23 octo\u2026","rel":"","context":"\u5728\u201cCour d'appel\u201d\u4e2d","block_context":{"text":"Cour d'appel","link":"https:\/\/kohenavocats.com\/category\/cour-dappel\/"},"img":{"alt_text":"","src":"https:\/\/i0.wp.com\/kohenavocats.com\/wp-content\/uploads\/2024\/08\/irina-nakonechnaya-7Dkxd1b9uyE-unsplash.webp?resize=350%2C200&ssl=1","width":350,"height":200,"srcset":"https:\/\/i0.wp.com\/kohenavocats.com\/wp-content\/uploads\/2024\/08\/irina-nakonechnaya-7Dkxd1b9uyE-unsplash.webp?resize=350%2C200&ssl=1 1x, https:\/\/i0.wp.com\/kohenavocats.com\/wp-content\/uploads\/2024\/08\/irina-nakonechnaya-7Dkxd1b9uyE-unsplash.webp?resize=525%2C300&ssl=1 1.5x, https:\/\/i0.wp.com\/kohenavocats.com\/wp-content\/uploads\/2024\/08\/irina-nakonechnaya-7Dkxd1b9uyE-unsplash.webp?resize=700%2C400&ssl=1 2x, https:\/\/i0.wp.com\/kohenavocats.com\/wp-content\/uploads\/2024\/08\/irina-nakonechnaya-7Dkxd1b9uyE-unsplash.webp?resize=1050%2C600&ssl=1 3x, https:\/\/i0.wp.com\/kohenavocats.com\/wp-content\/uploads\/2024\/08\/irina-nakonechnaya-7Dkxd1b9uyE-unsplash.webp?resize=1400%2C800&ssl=1 4x"},"classes":[]},{"id":239173,"url":"https:\/\/kohenavocats.com\/zh-hans\/cour-dappel-de-metz-le-23-juin-2025-n22-02274\/","url_meta":{"origin":667878,"position":2},"title":"Cour d&#8217;appel de Metz, le 23 juin 2025, n\u00b022\/02274","author":"Kohen","date":"2025\u5e7412\u670831\u65e5","format":false,"excerpt":"Par un arr\u00eat du 23 juin 2025, la Cour d'appel de M\u2026","rel":"","context":"\u5728\u201cCour d'appel\u201d\u4e2d","block_context":{"text":"Cour d'appel","link":"https:\/\/kohenavocats.com\/category\/cour-dappel\/"},"img":{"alt_text":"","src":"https:\/\/i0.wp.com\/kohenavocats.com\/wp-content\/uploads\/2024\/11\/ave-calvar-34SzSSXv2Qk-unsplash.webp?resize=350%2C200&ssl=1","width":350,"height":200,"srcset":"https:\/\/i0.wp.com\/kohenavocats.com\/wp-content\/uploads\/2024\/11\/ave-calvar-34SzSSXv2Qk-unsplash.webp?resize=350%2C200&ssl=1 1x, https:\/\/i0.wp.com\/kohenavocats.com\/wp-content\/uploads\/2024\/11\/ave-calvar-34SzSSXv2Qk-unsplash.webp?resize=525%2C300&ssl=1 1.5x, https:\/\/i0.wp.com\/kohenavocats.com\/wp-content\/uploads\/2024\/11\/ave-calvar-34SzSSXv2Qk-unsplash.webp?resize=700%2C400&ssl=1 2x, https:\/\/i0.wp.com\/kohenavocats.com\/wp-content\/uploads\/2024\/11\/ave-calvar-34SzSSXv2Qk-unsplash.webp?resize=1050%2C600&ssl=1 3x, https:\/\/i0.wp.com\/kohenavocats.com\/wp-content\/uploads\/2024\/11\/ave-calvar-34SzSSXv2Qk-unsplash.webp?resize=1400%2C800&ssl=1 4x"},"classes":[]},{"id":433993,"url":"https:\/\/kohenavocats.com\/zh-hans\/cour-dappel-de-versailles-le-12-fevrier-2026-n23-03341\/","url_meta":{"origin":667878,"position":3},"title":"Cour d&#8217;appel de Versailles, le 12 f\u00e9vrier 2026, n\u00b023\/03341","author":"Kohen","date":"2026\u5e743\u670824\u65e5","format":false,"excerpt":"La Cour d\u2019appel de Versailles, le 12 f\u00e9vrier 2026,\u2026","rel":"","context":"\u5728\u201cCour d'appel\u201d\u4e2d","block_context":{"text":"Cour d'appel","link":"https:\/\/kohenavocats.com\/category\/cour-dappel\/"},"img":{"alt_text":"","src":"https:\/\/i0.wp.com\/kohenavocats.com\/wp-content\/uploads\/2024\/08\/asa-rodger-QTbiwll3e68-unsplash.webp?resize=350%2C200&ssl=1","width":350,"height":200,"srcset":"https:\/\/i0.wp.com\/kohenavocats.com\/wp-content\/uploads\/2024\/08\/asa-rodger-QTbiwll3e68-unsplash.webp?resize=350%2C200&ssl=1 1x, https:\/\/i0.wp.com\/kohenavocats.com\/wp-content\/uploads\/2024\/08\/asa-rodger-QTbiwll3e68-unsplash.webp?resize=525%2C300&ssl=1 1.5x, https:\/\/i0.wp.com\/kohenavocats.com\/wp-content\/uploads\/2024\/08\/asa-rodger-QTbiwll3e68-unsplash.webp?resize=700%2C400&ssl=1 2x, https:\/\/i0.wp.com\/kohenavocats.com\/wp-content\/uploads\/2024\/08\/asa-rodger-QTbiwll3e68-unsplash.webp?resize=1050%2C600&ssl=1 3x, https:\/\/i0.wp.com\/kohenavocats.com\/wp-content\/uploads\/2024\/08\/asa-rodger-QTbiwll3e68-unsplash.webp?resize=1400%2C800&ssl=1 4x"},"classes":[]},{"id":50899,"url":"https:\/\/kohenavocats.com\/zh-hans\/cour-dappel-de-nancy-le-18-juin-2025-n23-02549\/","url_meta":{"origin":667878,"position":4},"title":"Cour d&#8217;appel de Nancy, le 18 juin 2025, n\u00b023\/02549","author":"Kohen","date":"2025\u5e7411\u67088\u65e5","format":false,"excerpt":"Rendue par la Cour d\u2019appel de Nancy le 18 ju\u2026","rel":"","context":"\u5728\u201cCour d'appel\u201d\u4e2d","block_context":{"text":"Cour d'appel","link":"https:\/\/kohenavocats.com\/category\/cour-dappel\/"},"img":{"alt_text":"","src":"https:\/\/i0.wp.com\/kohenavocats.com\/wp-content\/uploads\/2024\/11\/chris-barbalis-axkgSXdeD98-unsplash-1.webp?resize=350%2C200&ssl=1","width":350,"height":200,"srcset":"https:\/\/i0.wp.com\/kohenavocats.com\/wp-content\/uploads\/2024\/11\/chris-barbalis-axkgSXdeD98-unsplash-1.webp?resize=350%2C200&ssl=1 1x, https:\/\/i0.wp.com\/kohenavocats.com\/wp-content\/uploads\/2024\/11\/chris-barbalis-axkgSXdeD98-unsplash-1.webp?resize=525%2C300&ssl=1 1.5x, https:\/\/i0.wp.com\/kohenavocats.com\/wp-content\/uploads\/2024\/11\/chris-barbalis-axkgSXdeD98-unsplash-1.webp?resize=700%2C400&ssl=1 2x, https:\/\/i0.wp.com\/kohenavocats.com\/wp-content\/uploads\/2024\/11\/chris-barbalis-axkgSXdeD98-unsplash-1.webp?resize=1050%2C600&ssl=1 3x, https:\/\/i0.wp.com\/kohenavocats.com\/wp-content\/uploads\/2024\/11\/chris-barbalis-axkgSXdeD98-unsplash-1.webp?resize=1400%2C800&ssl=1 4x"},"classes":[]},{"id":235469,"url":"https:\/\/kohenavocats.com\/zh-hans\/cour-dappel-de-caen-le-3-juillet-2025-n22-00713\/","url_meta":{"origin":667878,"position":5},"title":"Cour d&#8217;appel de Caen, le 3 juillet 2025, n\u00b022\/00713","author":"Kohen","date":"2025\u5e7412\u670828\u65e5","format":false,"excerpt":"La reconnaissance d'une maladie professionnelle ho\u2026","rel":"","context":"\u5728\u201cCour d'appel\u201d\u4e2d","block_context":{"text":"Cour d'appel","link":"https:\/\/kohenavocats.com\/category\/cour-dappel\/"},"img":{"alt_text":"","src":"https:\/\/i0.wp.com\/kohenavocats.com\/wp-content\/uploads\/2024\/11\/manuela-martinez-G7KXRXyFDwQ-unsplash.webp?resize=350%2C200&ssl=1","width":350,"height":200,"srcset":"https:\/\/i0.wp.com\/kohenavocats.com\/wp-content\/uploads\/2024\/11\/manuela-martinez-G7KXRXyFDwQ-unsplash.webp?resize=350%2C200&ssl=1 1x, https:\/\/i0.wp.com\/kohenavocats.com\/wp-content\/uploads\/2024\/11\/manuela-martinez-G7KXRXyFDwQ-unsplash.webp?resize=525%2C300&ssl=1 1.5x, https:\/\/i0.wp.com\/kohenavocats.com\/wp-content\/uploads\/2024\/11\/manuela-martinez-G7KXRXyFDwQ-unsplash.webp?resize=700%2C400&ssl=1 2x, https:\/\/i0.wp.com\/kohenavocats.com\/wp-content\/uploads\/2024\/11\/manuela-martinez-G7KXRXyFDwQ-unsplash.webp?resize=1050%2C600&ssl=1 3x, https:\/\/i0.wp.com\/kohenavocats.com\/wp-content\/uploads\/2024\/11\/manuela-martinez-G7KXRXyFDwQ-unsplash.webp?resize=1400%2C800&ssl=1 4x"},"classes":[]}],"jetpack_sharing_enabled":true,"_links":{"self":[{"href":"https:\/\/kohenavocats.com\/zh-hans\/wp-json\/wp\/v2\/posts\/667878","targetHints":{"allow":["GET"]}}],"collection":[{"href":"https:\/\/kohenavocats.com\/zh-hans\/wp-json\/wp\/v2\/posts"}],"about":[{"href":"https:\/\/kohenavocats.com\/zh-hans\/wp-json\/wp\/v2\/types\/post"}],"author":[{"embeddable":true,"href":"https:\/\/kohenavocats.com\/zh-hans\/wp-json\/wp\/v2\/users\/232070755"}],"replies":[{"embeddable":true,"href":"https:\/\/kohenavocats.com\/zh-hans\/wp-json\/wp\/v2\/comments?post=667878"}],"version-history":[{"count":1,"href":"https:\/\/kohenavocats.com\/zh-hans\/wp-json\/wp\/v2\/posts\/667878\/revisions"}],"predecessor-version":[{"id":696184,"href":"https:\/\/kohenavocats.com\/zh-hans\/wp-json\/wp\/v2\/posts\/667878\/revisions\/696184"}],"wp:featuredmedia":[{"embeddable":true,"href":"https:\/\/kohenavocats.com\/zh-hans\/wp-json\/wp\/v2\/media\/4885"}],"wp:attachment":[{"href":"https:\/\/kohenavocats.com\/zh-hans\/wp-json\/wp\/v2\/media?parent=667878"}],"wp:term":[{"taxonomy":"category","embeddable":true,"href":"https:\/\/kohenavocats.com\/zh-hans\/wp-json\/wp\/v2\/categories?post=667878"},{"taxonomy":"post_tag","embeddable":true,"href":"https:\/\/kohenavocats.com\/zh-hans\/wp-json\/wp\/v2\/tags?post=667878"}],"curies":[{"name":"wp","href":"https:\/\/api.w.org\/{rel}","templated":true}]}}