{"id":667914,"date":"2026-04-24T04:02:09","date_gmt":"2026-04-24T02:02:09","guid":{"rendered":"https:\/\/kohenavocats.com\/cour-dappel-de-paris-le-17-juin-2025-n23-01541\/"},"modified":"2026-04-24T04:02:09","modified_gmt":"2026-04-24T02:02:09","slug":"cour-dappel-de-paris-le-17-juin-2025-n23-01541","status":"publish","type":"post","link":"https:\/\/kohenavocats.com\/zh-hans\/cour-dappel-de-paris-le-17-juin-2025-n23-01541\/","title":{"rendered":"Cour d&#8217;appel de Paris, le 17 juin 2025, n\u00b023\/01541"},"content":{"rendered":"<div class=\"article-content\">\n<p>La Cour d&#8217;appel de Paris, statuant le 17 juin 2025, examine les suites d&#8217;un retrait notifi\u00e9 au sein d&#8217;une soci\u00e9t\u00e9 civile de moyens. L&#8217;associ\u00e9 retrayant invoque une dissolution de plein droit et la nullit\u00e9 de l&#8217;instance engag\u00e9e ult\u00e9rieurement. La cour \u00e9carte ces moyens et statue sur les obligations financi\u00e8res r\u00e9ciproques des parties, confirmant partiellement le jugement de premi\u00e8re instance.<\/p>\n<p>La port\u00e9e limit\u00e9e des clauses statutaires de dissolution<\/p>\n<p>L&#8217;interpr\u00e9tation restrictive des causes de dissolution anticip\u00e9e. La cour interpr\u00e8te une clause statutaire \u00e9num\u00e9rant les causes possibles de dissolution. Elle rel\u00e8ve que l&#8217;emploi du verbe &#8220;pouvoir&#8221; n&#8217;implique pas un effet automatique. &#8220;Il ne pr\u00e9voit pas, pour autant, la dissolution automatique de la soci\u00e9t\u00e9 en cas de survenance de l&#8217;un des \u00e9v\u00e9nements qu&#8217;il \u00e9num\u00e8re, mais \u00e9nonce des causes possibles de dissolution ainsi que le confirme l&#8217;emploi du verbe &#8216;pouvoir'&#8221; (Motifs). La dissolution n\u00e9cessite donc une manifestation de volont\u00e9 suppl\u00e9mentaire des associ\u00e9s, excluant tout m\u00e9canisme de plein droit.<\/p>\n<p>La distinction fondamentale entre retrait et dissolution. La d\u00e9cision op\u00e8re une s\u00e9paration nette entre la notification d&#8217;un retrait et la dissolution de la soci\u00e9t\u00e9. Elle constate que la volont\u00e9 exprim\u00e9e par l&#8217;associ\u00e9 retrayant \u00e9tait le rachat de ses parts. &#8220;Mon retrait de la soci\u00e9t\u00e9 doit intervenir par le rachat de mes parts sociales&#8221; (Motifs). Cette volont\u00e9 de cession s&#8217;oppose \u00e0 l&#8217;id\u00e9e d&#8217;une dissolution, laquelle entra\u00eenerait une liquidation. La soci\u00e9t\u00e9 conserve donc sa personnalit\u00e9 morale et ses organes de repr\u00e9sentation.<\/p>\n<p>Les cons\u00e9quences proc\u00e9durales et substantielles du maintien de la soci\u00e9t\u00e9<\/p>\n<p>L&#8217;inopposabilit\u00e9 de la nullit\u00e9 pour d\u00e9faut de repr\u00e9sentation. Cons\u00e9quence du maintien de la soci\u00e9t\u00e9, la demande en nullit\u00e9 de l&#8217;assignation est rejet\u00e9e. La cour estime que la g\u00e9rante disposait toujours de ses pouvoirs \u00e0 la date de l&#8217;acte introductif. &#8220;\u00c0 la date de d\u00e9livrance de l&#8217;acte introductif d&#8217;instance saisissant le premier juge le 9 mars 2021, la SCM n&#8217;\u00e9tait ni dissoute ni liquid\u00e9e&#8221; (Motifs). Cette analyse assure la s\u00e9curit\u00e9 des proc\u00e9dures judiciaires et pr\u00e9vient les man\u0153uvres dilatoires.<\/p>\n<p>Le r\u00e9gime des obligations financi\u00e8res pendant la p\u00e9riode de transition. La cour rappelle le principe selon lequel l&#8217;associ\u00e9 retrayant conserve sa qualit\u00e9 jusqu&#8217;au remboursement de ses droits sociaux. Elle applique ce principe aux charges sociales. &#8220;L&#8217;associ\u00e9 qui se retire conserve sa qualit\u00e9 jusqu&#8217;au remboursement de ses droits sociaux&#8221; (Motifs). L&#8217;associ\u00e9 retrayant reste donc tenu de sa quote-part de charges jusqu&#8217;\u00e0 la compl\u00e8te ex\u00e9cution de la cession, malgr\u00e9 l&#8217;arr\u00eat de son activit\u00e9 professionnelle.<\/p>\n<p>La mise en \u0153uvre du rachat des parts et le rejet des demandes indemnitaires<\/p>\n<p>L&#8217;ex\u00e9cution forc\u00e9e de la cession sur la base de l&#8217;expertise judiciaire. La cour ordonne la signature de l&#8217;acte de cession au prix fix\u00e9 par l&#8217;expert d\u00e9sign\u00e9. Elle se fonde sur l&#8217;\u00e9volution du litige post\u00e9rieure au premier jugement. &#8220;Vu l&#8217;\u00e9volution du litige et le d\u00e9p\u00f4t du rapport de l&#8217;expert d\u00e9sign\u00e9 selon les modalit\u00e9s de l&#8217;article 1844-3 du code civil&#8221; (Motifs). Cette solution permet de mettre un terme d\u00e9finitif \u00e0 la situation en contraignant l&#8217;associ\u00e9 r\u00e9calcitrant \u00e0 finaliser le retrait.<\/p>\n<p>Le refus de sanctionner l&#8217;inertie dans la gestion du conflit. La cour rejette la demande en dommages-int\u00e9r\u00eats de l&#8217;associ\u00e9 retrayant. Elle rel\u00e8ve un comportement partag\u00e9 dans les retards \u00e0 r\u00e9gulariser la situation. &#8220;Cette derni\u00e8re, pour sa part, avait tard\u00e9 \u00e0 notifier officiellement son retrait&#8221; (Motifs). Chaque partie supporte donc les cons\u00e9quences financi\u00e8res de sa propre inertie, aucun pr\u00e9judice r\u00e9parable n&#8217;\u00e9tant caract\u00e9ris\u00e9 en l&#8217;absence de faute exclusive.<\/p>\n<\/div>\n","protected":false},"excerpt":{"rendered":"<p>La Cour d&#8217;appel de Paris, statuant le 17 juin 2025, examine les suites d&#8217;un retrait notifi\u00e9 au sein d&#8217;une soci\u00e9t\u00e9 civile de moyens. L&#8217;associ\u00e9 retrayant invoq&#8230;<\/p>\n","protected":false},"author":232070755,"featured_media":9591,"comment_status":"open","ping_status":"open","sticky":false,"template":"","format":"standard","meta":{"_crdt_document":"","_jetpack_newsletter_access":"","_jetpack_dont_email_post_to_subs":false,"_jetpack_newsletter_tier_id":0,"_jetpack_memberships_contains_paywalled_content":false,"_kj_source_type":"","_kj_official_id":"","_kj_official_url":"","_kj_judilibre_id":"","_kj_jur":"","_kj_lieu":"","_kj_chambre":"","_kj_rg":"","_kj_date":"","_jetpack_memberships_contains_paid_content":false,"footnotes":"","jetpack_post_was_ever_published":false},"categories":[7597],"tags":[],"class_list":["post-667914","post","type-post","status-publish","format-standard","has-post-thumbnail","hentry","category-jurisprudence"],"yoast_head":"<!-- This site is optimized with the Yoast SEO Premium plugin v27.4 (Yoast SEO v27.4) - https:\/\/yoast.com\/product\/yoast-seo-premium-wordpress\/ -->\n<title>Cour d&#039;appel de Paris, le 17 juin 2025, n\u00b023\/01541 - Ma\u00eetre Hassan Kohen, avocat en droit p\u00e9nal \u00e0 Paris<\/title>\n<meta name=\"description\" content=\"La Cour d&#039;appel de Paris, statuant le 17 juin 2025, examine les suites d&#039;un retrait notifi\u00e9 au sein d&#039;une soci\u00e9t\u00e9 civile de moyens. L&#039;associ\u00e9 retrayant invoq...\" \/>\n<meta name=\"robots\" content=\"index, follow, max-snippet:-1, max-image-preview:large, max-video-preview:-1\" \/>\n<link rel=\"canonical\" href=\"https:\/\/kohenavocats.com\/zh-hans\/cour-dappel-de-paris-le-17-juin-2025-n23-01541\/\" \/>\n<meta property=\"og:locale\" content=\"zh_CN\" \/>\n<meta property=\"og:type\" content=\"article\" \/>\n<meta property=\"og:title\" content=\"Cour d&#039;appel de Paris, le 17 juin 2025, n\u00b023\/01541\" \/>\n<meta property=\"og:description\" content=\"La Cour d&#039;appel de Paris, statuant le 17 juin 2025, examine les suites d&#039;un retrait notifi\u00e9 au sein d&#039;une soci\u00e9t\u00e9 civile de moyens. L&#039;associ\u00e9 retrayant invoq...\" \/>\n<meta property=\"og:url\" content=\"https:\/\/kohenavocats.com\/zh-hans\/cour-dappel-de-paris-le-17-juin-2025-n23-01541\/\" \/>\n<meta property=\"og:site_name\" content=\"Ma\u00eetre Hassan Kohen, avocat en droit p\u00e9nal \u00e0 Paris\" \/>\n<meta property=\"article:published_time\" content=\"2026-04-24T02:02:09+00:00\" \/>\n<meta property=\"og:image\" content=\"https:\/\/kohenavocats.com\/wp-content\/uploads\/2024\/11\/mohamed-nohassi-vGTXy8FS7b0-unsplash.webp\" \/>\n\t<meta property=\"og:image:width\" content=\"3000\" \/>\n\t<meta property=\"og:image:height\" content=\"4108\" \/>\n\t<meta property=\"og:image:type\" content=\"image\/webp\" \/>\n<meta name=\"author\" content=\"Kohen\" \/>\n<meta name=\"twitter:card\" content=\"summary_large_image\" \/>\n<meta name=\"twitter:label1\" content=\"\u4f5c\u8005\" \/>\n\t<meta name=\"twitter:data1\" content=\"Kohen\" \/>\n\t<meta name=\"twitter:label2\" content=\"\u9884\u8ba1\u9605\u8bfb\u65f6\u95f4\" \/>\n\t<meta name=\"twitter:data2\" content=\"3 \u5206\" \/>\n<script type=\"application\/ld+json\" class=\"yoast-schema-graph\">{\"@context\":\"https:\\\/\\\/schema.org\",\"@graph\":[{\"@type\":\"Article\",\"@id\":\"https:\\\/\\\/kohenavocats.com\\\/zh-hans\\\/cour-dappel-de-paris-le-17-juin-2025-n23-01541\\\/#article\",\"isPartOf\":{\"@id\":\"https:\\\/\\\/kohenavocats.com\\\/zh-hans\\\/cour-dappel-de-paris-le-17-juin-2025-n23-01541\\\/\"},\"author\":{\"name\":\"Kohen\",\"@id\":\"https:\\\/\\\/kohenavocats.com\\\/zh-hans\\\/#\\\/schema\\\/person\\\/761c9ba54fa1ca84d405cef0831ff751\"},\"headline\":\"Cour d&#8217;appel de Paris, le 17 juin 2025, n\u00b023\\\/01541\",\"datePublished\":\"2026-04-24T02:02:09+00:00\",\"mainEntityOfPage\":{\"@id\":\"https:\\\/\\\/kohenavocats.com\\\/zh-hans\\\/cour-dappel-de-paris-le-17-juin-2025-n23-01541\\\/\"},\"wordCount\":659,\"commentCount\":0,\"publisher\":{\"@id\":\"https:\\\/\\\/kohenavocats.com\\\/zh-hans\\\/#organization\"},\"image\":{\"@id\":\"https:\\\/\\\/kohenavocats.com\\\/zh-hans\\\/cour-dappel-de-paris-le-17-juin-2025-n23-01541\\\/#primaryimage\"},\"thumbnailUrl\":\"https:\\\/\\\/kohenavocats.com\\\/wp-content\\\/uploads\\\/2024\\\/11\\\/mohamed-nohassi-vGTXy8FS7b0-unsplash.webp\",\"articleSection\":[\"Jurisprudence\"],\"inLanguage\":\"zh-Hans\",\"potentialAction\":[{\"@type\":\"CommentAction\",\"name\":\"Comment\",\"target\":[\"https:\\\/\\\/kohenavocats.com\\\/zh-hans\\\/cour-dappel-de-paris-le-17-juin-2025-n23-01541\\\/#respond\"]}],\"citation\":\"Cour d&#8217;appel de Paris, le 17 juin 2025, n\u00b023\\\/01541\",\"about\":[{\"@type\":\"Thing\",\"name\":\"Jurisprudence\"}],\"dateModified\":\"2026-04-24T02:02:09+00:00\",\"speakable\":{\"@type\":\"SpeakableSpecification\",\"cssSelector\":[\".article-content > p:first-of-type\"]}},{\"@type\":\"WebPage\",\"@id\":\"https:\\\/\\\/kohenavocats.com\\\/zh-hans\\\/cour-dappel-de-paris-le-17-juin-2025-n23-01541\\\/\",\"url\":\"https:\\\/\\\/kohenavocats.com\\\/zh-hans\\\/cour-dappel-de-paris-le-17-juin-2025-n23-01541\\\/\",\"name\":\"Cour d'appel de Paris, le 17 juin 2025, n\u00b023\\\/01541 - Ma\u00eetre Hassan Kohen, avocat en droit p\u00e9nal \u00e0 Paris\",\"isPartOf\":{\"@id\":\"https:\\\/\\\/kohenavocats.com\\\/zh-hans\\\/#website\"},\"primaryImageOfPage\":{\"@id\":\"https:\\\/\\\/kohenavocats.com\\\/zh-hans\\\/cour-dappel-de-paris-le-17-juin-2025-n23-01541\\\/#primaryimage\"},\"image\":{\"@id\":\"https:\\\/\\\/kohenavocats.com\\\/zh-hans\\\/cour-dappel-de-paris-le-17-juin-2025-n23-01541\\\/#primaryimage\"},\"thumbnailUrl\":\"https:\\\/\\\/kohenavocats.com\\\/wp-content\\\/uploads\\\/2024\\\/11\\\/mohamed-nohassi-vGTXy8FS7b0-unsplash.webp\",\"datePublished\":\"2026-04-24T02:02:09+00:00\",\"description\":\"La Cour d'appel de Paris, statuant le 17 juin 2025, examine les suites d'un retrait notifi\u00e9 au sein d'une soci\u00e9t\u00e9 civile de moyens. L'associ\u00e9 retrayant invoq...\",\"breadcrumb\":{\"@id\":\"https:\\\/\\\/kohenavocats.com\\\/zh-hans\\\/cour-dappel-de-paris-le-17-juin-2025-n23-01541\\\/#breadcrumb\"},\"inLanguage\":\"zh-Hans\",\"potentialAction\":[{\"@type\":\"ReadAction\",\"target\":[\"https:\\\/\\\/kohenavocats.com\\\/zh-hans\\\/cour-dappel-de-paris-le-17-juin-2025-n23-01541\\\/\"]}]},{\"@type\":\"ImageObject\",\"inLanguage\":\"zh-Hans\",\"@id\":\"https:\\\/\\\/kohenavocats.com\\\/zh-hans\\\/cour-dappel-de-paris-le-17-juin-2025-n23-01541\\\/#primaryimage\",\"url\":\"https:\\\/\\\/kohenavocats.com\\\/wp-content\\\/uploads\\\/2024\\\/11\\\/mohamed-nohassi-vGTXy8FS7b0-unsplash.webp\",\"contentUrl\":\"https:\\\/\\\/kohenavocats.com\\\/wp-content\\\/uploads\\\/2024\\\/11\\\/mohamed-nohassi-vGTXy8FS7b0-unsplash.webp\",\"width\":3000,\"height\":4108},{\"@type\":\"BreadcrumbList\",\"@id\":\"https:\\\/\\\/kohenavocats.com\\\/zh-hans\\\/cour-dappel-de-paris-le-17-juin-2025-n23-01541\\\/#breadcrumb\",\"itemListElement\":[{\"@type\":\"ListItem\",\"position\":1,\"name\":\"Home\",\"item\":\"https:\\\/\\\/kohenavocats.com\\\/zh-hans\\\/\"},{\"@type\":\"ListItem\",\"position\":2,\"name\":\"Cour d&rsquo;appel de Paris, le 17 juin 2025, n\u00b023\\\/01541\"}]},{\"@type\":\"WebSite\",\"@id\":\"https:\\\/\\\/kohenavocats.com\\\/zh-hans\\\/#website\",\"url\":\"https:\\\/\\\/kohenavocats.com\\\/zh-hans\\\/\",\"name\":\"Kohen Avocats\",\"description\":\"Ma\u00eetre Hassan Kohen, avocat p\u00e9naliste \u00e0 Paris, intervient exclusivement en droit p\u00e9nal pour la d\u00e9fense des particuliers, notamment en mati\u00e8re d\u2019accusations de viol. Il assure un accompagnement rigoureux d\u00e8s la garde \u00e0 vue jusqu\u2019\u00e0 la Cour d\u2019assises, veillant au strict respect des garanties proc\u00e9durales.\",\"publisher\":{\"@id\":\"https:\\\/\\\/kohenavocats.com\\\/zh-hans\\\/#organization\"},\"potentialAction\":[{\"@type\":\"SearchAction\",\"target\":{\"@type\":\"EntryPoint\",\"urlTemplate\":\"https:\\\/\\\/kohenavocats.com\\\/zh-hans\\\/?s={search_term_string}\"},\"query-input\":{\"@type\":\"PropertyValueSpecification\",\"valueRequired\":true,\"valueName\":\"search_term_string\"}}],\"inLanguage\":\"zh-Hans\"},{\"@type\":\"Organization\",\"@id\":\"https:\\\/\\\/kohenavocats.com\\\/zh-hans\\\/#organization\",\"name\":\"Kohen Avocats\",\"url\":\"https:\\\/\\\/kohenavocats.com\\\/zh-hans\\\/\",\"logo\":{\"@type\":\"ImageObject\",\"inLanguage\":\"zh-Hans\",\"@id\":\"https:\\\/\\\/kohenavocats.com\\\/zh-hans\\\/#\\\/schema\\\/logo\\\/image\\\/\",\"url\":\"https:\\\/\\\/kohenavocats.com\\\/wp-content\\\/uploads\\\/2026\\\/01\\\/Logo-2-1.webp\",\"contentUrl\":\"https:\\\/\\\/kohenavocats.com\\\/wp-content\\\/uploads\\\/2026\\\/01\\\/Logo-2-1.webp\",\"width\":2114,\"height\":1253,\"caption\":\"Kohen Avocats\"},\"image\":{\"@id\":\"https:\\\/\\\/kohenavocats.com\\\/zh-hans\\\/#\\\/schema\\\/logo\\\/image\\\/\"}},{\"@type\":\"Person\",\"@id\":\"https:\\\/\\\/kohenavocats.com\\\/zh-hans\\\/#\\\/schema\\\/person\\\/761c9ba54fa1ca84d405cef0831ff751\",\"name\":\"Kohen\",\"image\":{\"@type\":\"ImageObject\",\"inLanguage\":\"zh-Hans\",\"@id\":\"https:\\\/\\\/secure.gravatar.com\\\/avatar\\\/1c5e76ef76bbbfdd2b4da984e2bf2fa4056fd51a27d25ce2c332047f1dfd6e00?s=96&d=identicon&r=g\",\"url\":\"https:\\\/\\\/secure.gravatar.com\\\/avatar\\\/1c5e76ef76bbbfdd2b4da984e2bf2fa4056fd51a27d25ce2c332047f1dfd6e00?s=96&d=identicon&r=g\",\"contentUrl\":\"https:\\\/\\\/secure.gravatar.com\\\/avatar\\\/1c5e76ef76bbbfdd2b4da984e2bf2fa4056fd51a27d25ce2c332047f1dfd6e00?s=96&d=identicon&r=g\",\"caption\":\"Kohen\"},\"sameAs\":[\"https:\\\/\\\/www.linkedin.com\\\/in\\\/hassan-kohen-448548192\\\/\",\"https:\\\/\\\/www.youtube.com\\\/@Kohen-Avocats\"],\"url\":\"https:\\\/\\\/kohenavocats.com\\\/zh-hans\\\/author\\\/kohenmlk\\\/\"}]}<\/script>\n<!-- \/ Yoast SEO Premium plugin. -->","yoast_head_json":{"title":"Cour d'appel de Paris, le 17 juin 2025, n\u00b023\/01541 - Ma\u00eetre Hassan Kohen, avocat en droit p\u00e9nal \u00e0 Paris","description":"La Cour d'appel de Paris, statuant le 17 juin 2025, examine les suites d'un retrait notifi\u00e9 au sein d'une soci\u00e9t\u00e9 civile de moyens. L'associ\u00e9 retrayant invoq...","robots":{"index":"index","follow":"follow","max-snippet":"max-snippet:-1","max-image-preview":"max-image-preview:large","max-video-preview":"max-video-preview:-1"},"canonical":"https:\/\/kohenavocats.com\/zh-hans\/cour-dappel-de-paris-le-17-juin-2025-n23-01541\/","og_locale":"zh_CN","og_type":"article","og_title":"Cour d'appel de Paris, le 17 juin 2025, n\u00b023\/01541","og_description":"La Cour d'appel de Paris, statuant le 17 juin 2025, examine les suites d'un retrait notifi\u00e9 au sein d'une soci\u00e9t\u00e9 civile de moyens. L'associ\u00e9 retrayant invoq...","og_url":"https:\/\/kohenavocats.com\/zh-hans\/cour-dappel-de-paris-le-17-juin-2025-n23-01541\/","og_site_name":"Ma\u00eetre Hassan Kohen, avocat en droit p\u00e9nal \u00e0 Paris","article_published_time":"2026-04-24T02:02:09+00:00","og_image":[{"width":3000,"height":4108,"url":"https:\/\/kohenavocats.com\/wp-content\/uploads\/2024\/11\/mohamed-nohassi-vGTXy8FS7b0-unsplash.webp","type":"image\/webp"}],"author":"Kohen","twitter_card":"summary_large_image","twitter_misc":{"\u4f5c\u8005":"Kohen","\u9884\u8ba1\u9605\u8bfb\u65f6\u95f4":"3 \u5206"},"schema":{"@context":"https:\/\/schema.org","@graph":[{"@type":"Article","@id":"https:\/\/kohenavocats.com\/zh-hans\/cour-dappel-de-paris-le-17-juin-2025-n23-01541\/#article","isPartOf":{"@id":"https:\/\/kohenavocats.com\/zh-hans\/cour-dappel-de-paris-le-17-juin-2025-n23-01541\/"},"author":{"name":"Kohen","@id":"https:\/\/kohenavocats.com\/zh-hans\/#\/schema\/person\/761c9ba54fa1ca84d405cef0831ff751"},"headline":"Cour d&#8217;appel de Paris, le 17 juin 2025, n\u00b023\/01541","datePublished":"2026-04-24T02:02:09+00:00","mainEntityOfPage":{"@id":"https:\/\/kohenavocats.com\/zh-hans\/cour-dappel-de-paris-le-17-juin-2025-n23-01541\/"},"wordCount":659,"commentCount":0,"publisher":{"@id":"https:\/\/kohenavocats.com\/zh-hans\/#organization"},"image":{"@id":"https:\/\/kohenavocats.com\/zh-hans\/cour-dappel-de-paris-le-17-juin-2025-n23-01541\/#primaryimage"},"thumbnailUrl":"https:\/\/kohenavocats.com\/wp-content\/uploads\/2024\/11\/mohamed-nohassi-vGTXy8FS7b0-unsplash.webp","articleSection":["Jurisprudence"],"inLanguage":"zh-Hans","potentialAction":[{"@type":"CommentAction","name":"Comment","target":["https:\/\/kohenavocats.com\/zh-hans\/cour-dappel-de-paris-le-17-juin-2025-n23-01541\/#respond"]}],"citation":"Cour d&#8217;appel de Paris, le 17 juin 2025, n\u00b023\/01541","about":[{"@type":"Thing","name":"Jurisprudence"}],"dateModified":"2026-04-24T02:02:09+00:00","speakable":{"@type":"SpeakableSpecification","cssSelector":[".article-content > p:first-of-type"]}},{"@type":"WebPage","@id":"https:\/\/kohenavocats.com\/zh-hans\/cour-dappel-de-paris-le-17-juin-2025-n23-01541\/","url":"https:\/\/kohenavocats.com\/zh-hans\/cour-dappel-de-paris-le-17-juin-2025-n23-01541\/","name":"Cour d'appel de Paris, le 17 juin 2025, n\u00b023\/01541 - Ma\u00eetre Hassan Kohen, avocat en droit p\u00e9nal \u00e0 Paris","isPartOf":{"@id":"https:\/\/kohenavocats.com\/zh-hans\/#website"},"primaryImageOfPage":{"@id":"https:\/\/kohenavocats.com\/zh-hans\/cour-dappel-de-paris-le-17-juin-2025-n23-01541\/#primaryimage"},"image":{"@id":"https:\/\/kohenavocats.com\/zh-hans\/cour-dappel-de-paris-le-17-juin-2025-n23-01541\/#primaryimage"},"thumbnailUrl":"https:\/\/kohenavocats.com\/wp-content\/uploads\/2024\/11\/mohamed-nohassi-vGTXy8FS7b0-unsplash.webp","datePublished":"2026-04-24T02:02:09+00:00","description":"La Cour d'appel de Paris, statuant le 17 juin 2025, examine les suites d'un retrait notifi\u00e9 au sein d'une soci\u00e9t\u00e9 civile de moyens. L'associ\u00e9 retrayant invoq...","breadcrumb":{"@id":"https:\/\/kohenavocats.com\/zh-hans\/cour-dappel-de-paris-le-17-juin-2025-n23-01541\/#breadcrumb"},"inLanguage":"zh-Hans","potentialAction":[{"@type":"ReadAction","target":["https:\/\/kohenavocats.com\/zh-hans\/cour-dappel-de-paris-le-17-juin-2025-n23-01541\/"]}]},{"@type":"ImageObject","inLanguage":"zh-Hans","@id":"https:\/\/kohenavocats.com\/zh-hans\/cour-dappel-de-paris-le-17-juin-2025-n23-01541\/#primaryimage","url":"https:\/\/kohenavocats.com\/wp-content\/uploads\/2024\/11\/mohamed-nohassi-vGTXy8FS7b0-unsplash.webp","contentUrl":"https:\/\/kohenavocats.com\/wp-content\/uploads\/2024\/11\/mohamed-nohassi-vGTXy8FS7b0-unsplash.webp","width":3000,"height":4108},{"@type":"BreadcrumbList","@id":"https:\/\/kohenavocats.com\/zh-hans\/cour-dappel-de-paris-le-17-juin-2025-n23-01541\/#breadcrumb","itemListElement":[{"@type":"ListItem","position":1,"name":"Home","item":"https:\/\/kohenavocats.com\/zh-hans\/"},{"@type":"ListItem","position":2,"name":"Cour d&rsquo;appel de Paris, le 17 juin 2025, n\u00b023\/01541"}]},{"@type":"WebSite","@id":"https:\/\/kohenavocats.com\/zh-hans\/#website","url":"https:\/\/kohenavocats.com\/zh-hans\/","name":"Kohen Avocats","description":"Ma\u00eetre Hassan Kohen, avocat p\u00e9naliste \u00e0 Paris, intervient exclusivement en droit p\u00e9nal pour la d\u00e9fense des particuliers, notamment en mati\u00e8re d\u2019accusations de viol. Il assure un accompagnement rigoureux d\u00e8s la garde \u00e0 vue jusqu\u2019\u00e0 la Cour d\u2019assises, veillant au strict respect des garanties proc\u00e9durales.","publisher":{"@id":"https:\/\/kohenavocats.com\/zh-hans\/#organization"},"potentialAction":[{"@type":"SearchAction","target":{"@type":"EntryPoint","urlTemplate":"https:\/\/kohenavocats.com\/zh-hans\/?s={search_term_string}"},"query-input":{"@type":"PropertyValueSpecification","valueRequired":true,"valueName":"search_term_string"}}],"inLanguage":"zh-Hans"},{"@type":"Organization","@id":"https:\/\/kohenavocats.com\/zh-hans\/#organization","name":"Kohen Avocats","url":"https:\/\/kohenavocats.com\/zh-hans\/","logo":{"@type":"ImageObject","inLanguage":"zh-Hans","@id":"https:\/\/kohenavocats.com\/zh-hans\/#\/schema\/logo\/image\/","url":"https:\/\/kohenavocats.com\/wp-content\/uploads\/2026\/01\/Logo-2-1.webp","contentUrl":"https:\/\/kohenavocats.com\/wp-content\/uploads\/2026\/01\/Logo-2-1.webp","width":2114,"height":1253,"caption":"Kohen Avocats"},"image":{"@id":"https:\/\/kohenavocats.com\/zh-hans\/#\/schema\/logo\/image\/"}},{"@type":"Person","@id":"https:\/\/kohenavocats.com\/zh-hans\/#\/schema\/person\/761c9ba54fa1ca84d405cef0831ff751","name":"Kohen","image":{"@type":"ImageObject","inLanguage":"zh-Hans","@id":"https:\/\/secure.gravatar.com\/avatar\/1c5e76ef76bbbfdd2b4da984e2bf2fa4056fd51a27d25ce2c332047f1dfd6e00?s=96&d=identicon&r=g","url":"https:\/\/secure.gravatar.com\/avatar\/1c5e76ef76bbbfdd2b4da984e2bf2fa4056fd51a27d25ce2c332047f1dfd6e00?s=96&d=identicon&r=g","contentUrl":"https:\/\/secure.gravatar.com\/avatar\/1c5e76ef76bbbfdd2b4da984e2bf2fa4056fd51a27d25ce2c332047f1dfd6e00?s=96&d=identicon&r=g","caption":"Kohen"},"sameAs":["https:\/\/www.linkedin.com\/in\/hassan-kohen-448548192\/","https:\/\/www.youtube.com\/@Kohen-Avocats"],"url":"https:\/\/kohenavocats.com\/zh-hans\/author\/kohenmlk\/"}]}},"jetpack_featured_media_url":"https:\/\/kohenavocats.com\/wp-content\/uploads\/2024\/11\/mohamed-nohassi-vGTXy8FS7b0-unsplash.webp","jetpack_likes_enabled":false,"jetpack_shortlink":"https:\/\/wp.me\/peCrII-2NKO","jetpack-related-posts":[{"id":684668,"url":"https:\/\/kohenavocats.com\/zh-hans\/tribunal-judiciaire-le-16-juin-2025-n23-00925\/","url_meta":{"origin":667914,"position":0},"title":"Tribunal judiciaire, le 16 juin 2025, n\u00b023\/00925","author":"Kohen","date":"2026\u5e744\u670825\u65e5","format":false,"excerpt":"Le juge de la mise en \u00e9tat du tribunal judiciaire \u2026","rel":"","context":"\u5728\u201cJurisprudence\u201d\u4e2d","block_context":{"text":"Jurisprudence","link":"https:\/\/kohenavocats.com\/category\/jurisprudence\/"},"img":{"alt_text":"","src":"https:\/\/i0.wp.com\/kohenavocats.com\/wp-content\/uploads\/2024\/11\/dario-bronnimann-QRj9c38HgHg-unsplash.webp?resize=350%2C200&ssl=1","width":350,"height":200,"srcset":"https:\/\/i0.wp.com\/kohenavocats.com\/wp-content\/uploads\/2024\/11\/dario-bronnimann-QRj9c38HgHg-unsplash.webp?resize=350%2C200&ssl=1 1x, https:\/\/i0.wp.com\/kohenavocats.com\/wp-content\/uploads\/2024\/11\/dario-bronnimann-QRj9c38HgHg-unsplash.webp?resize=525%2C300&ssl=1 1.5x, https:\/\/i0.wp.com\/kohenavocats.com\/wp-content\/uploads\/2024\/11\/dario-bronnimann-QRj9c38HgHg-unsplash.webp?resize=700%2C400&ssl=1 2x, https:\/\/i0.wp.com\/kohenavocats.com\/wp-content\/uploads\/2024\/11\/dario-bronnimann-QRj9c38HgHg-unsplash.webp?resize=1050%2C600&ssl=1 3x, https:\/\/i0.wp.com\/kohenavocats.com\/wp-content\/uploads\/2024\/11\/dario-bronnimann-QRj9c38HgHg-unsplash.webp?resize=1400%2C800&ssl=1 4x"},"classes":[]},{"id":428732,"url":"https:\/\/kohenavocats.com\/zh-hans\/cour-dappel-de-douai-le-28-juin-2011-n10-05409\/","url_meta":{"origin":667914,"position":1},"title":"Cour d&#8217;appel de Douai, le 28 juin 2011, n\u00b010\/05409","author":"Kohen","date":"2026\u5e743\u670823\u65e5","format":false,"excerpt":"L\u2019arr\u00eat rendu par la Cour d\u2019appel de Douai le 28 j\u2026","rel":"","context":"\u5728\u201cCour d'appel\u201d\u4e2d","block_context":{"text":"Cour d'appel","link":"https:\/\/kohenavocats.com\/category\/cour-dappel\/"},"img":{"alt_text":"","src":"https:\/\/i0.wp.com\/kohenavocats.com\/wp-content\/uploads\/2024\/11\/allison-saeng-fcfjIHK9fbY-unsplash.webp?resize=350%2C200&ssl=1","width":350,"height":200,"srcset":"https:\/\/i0.wp.com\/kohenavocats.com\/wp-content\/uploads\/2024\/11\/allison-saeng-fcfjIHK9fbY-unsplash.webp?resize=350%2C200&ssl=1 1x, https:\/\/i0.wp.com\/kohenavocats.com\/wp-content\/uploads\/2024\/11\/allison-saeng-fcfjIHK9fbY-unsplash.webp?resize=525%2C300&ssl=1 1.5x, https:\/\/i0.wp.com\/kohenavocats.com\/wp-content\/uploads\/2024\/11\/allison-saeng-fcfjIHK9fbY-unsplash.webp?resize=700%2C400&ssl=1 2x, https:\/\/i0.wp.com\/kohenavocats.com\/wp-content\/uploads\/2024\/11\/allison-saeng-fcfjIHK9fbY-unsplash.webp?resize=1050%2C600&ssl=1 3x, https:\/\/i0.wp.com\/kohenavocats.com\/wp-content\/uploads\/2024\/11\/allison-saeng-fcfjIHK9fbY-unsplash.webp?resize=1400%2C800&ssl=1 4x"},"classes":[]},{"id":684781,"url":"https:\/\/kohenavocats.com\/zh-hans\/tribunal-judiciaire-de-lille-le-20-juin-2025-n24-04949\/","url_meta":{"origin":667914,"position":2},"title":"Tribunal judiciaire de Lille, le 20 juin 2025, n\u00b024\/04949","author":"Kohen","date":"2026\u5e744\u670825\u65e5","format":false,"excerpt":"Par un jugement du Tribunal judiciaire de Lille du\u2026","rel":"","context":"\u5728\u201cJurisprudence\u201d\u4e2d","block_context":{"text":"Jurisprudence","link":"https:\/\/kohenavocats.com\/category\/jurisprudence\/"},"img":{"alt_text":"","src":"https:\/\/i0.wp.com\/kohenavocats.com\/wp-content\/uploads\/2024\/07\/louis-velazquez-XWW746i6WoM-unsplash.webp?resize=350%2C200&ssl=1","width":350,"height":200,"srcset":"https:\/\/i0.wp.com\/kohenavocats.com\/wp-content\/uploads\/2024\/07\/louis-velazquez-XWW746i6WoM-unsplash.webp?resize=350%2C200&ssl=1 1x, https:\/\/i0.wp.com\/kohenavocats.com\/wp-content\/uploads\/2024\/07\/louis-velazquez-XWW746i6WoM-unsplash.webp?resize=525%2C300&ssl=1 1.5x, https:\/\/i0.wp.com\/kohenavocats.com\/wp-content\/uploads\/2024\/07\/louis-velazquez-XWW746i6WoM-unsplash.webp?resize=700%2C400&ssl=1 2x, https:\/\/i0.wp.com\/kohenavocats.com\/wp-content\/uploads\/2024\/07\/louis-velazquez-XWW746i6WoM-unsplash.webp?resize=1050%2C600&ssl=1 3x, https:\/\/i0.wp.com\/kohenavocats.com\/wp-content\/uploads\/2024\/07\/louis-velazquez-XWW746i6WoM-unsplash.webp?resize=1400%2C800&ssl=1 4x"},"classes":[]},{"id":480115,"url":"https:\/\/kohenavocats.com\/zh-hans\/tribunal-judiciaire-de-avignon-le-3-juillet-2025-n24-00783\/","url_meta":{"origin":667914,"position":3},"title":"Tribunal judiciaire de Avignon, le 3 juillet 2025, n\u00b024\/00783","author":"Kohen","date":"2026\u5e744\u67087\u65e5","format":false,"excerpt":"Le tribunal judiciaire d\u2019Avignon, statuant le 3 ju\u2026","rel":"","context":"\u5728\u201cJurisprudence\u201d\u4e2d","block_context":{"text":"Jurisprudence","link":"https:\/\/kohenavocats.com\/category\/jurisprudence\/"},"img":{"alt_text":"","src":"https:\/\/i0.wp.com\/kohenavocats.com\/wp-content\/uploads\/2024\/11\/zyanya-citlalli-6tRLEZ6yZ7M-unsplash.webp?resize=350%2C200&ssl=1","width":350,"height":200,"srcset":"https:\/\/i0.wp.com\/kohenavocats.com\/wp-content\/uploads\/2024\/11\/zyanya-citlalli-6tRLEZ6yZ7M-unsplash.webp?resize=350%2C200&ssl=1 1x, https:\/\/i0.wp.com\/kohenavocats.com\/wp-content\/uploads\/2024\/11\/zyanya-citlalli-6tRLEZ6yZ7M-unsplash.webp?resize=525%2C300&ssl=1 1.5x, https:\/\/i0.wp.com\/kohenavocats.com\/wp-content\/uploads\/2024\/11\/zyanya-citlalli-6tRLEZ6yZ7M-unsplash.webp?resize=700%2C400&ssl=1 2x, https:\/\/i0.wp.com\/kohenavocats.com\/wp-content\/uploads\/2024\/11\/zyanya-citlalli-6tRLEZ6yZ7M-unsplash.webp?resize=1050%2C600&ssl=1 3x, https:\/\/i0.wp.com\/kohenavocats.com\/wp-content\/uploads\/2024\/11\/zyanya-citlalli-6tRLEZ6yZ7M-unsplash.webp?resize=1400%2C800&ssl=1 4x"},"classes":[]},{"id":430349,"url":"https:\/\/kohenavocats.com\/zh-hans\/tribunal-de-commerce-de-grenoble-le-10-janvier-2025-n2023j00389\/","url_meta":{"origin":667914,"position":4},"title":"Tribunal de commerce de Grenoble, le 10 janvier 2025, n\u00b02023J00389","author":"Kohen","date":"2026\u5e743\u670824\u65e5","format":false,"excerpt":"Le tribunal de commerce de Grenoble, dans un jugem\u2026","rel":"","context":"\u5728\u201cD\u00e9cisions juridiques\u201d\u4e2d","block_context":{"text":"D\u00e9cisions juridiques","link":"https:\/\/kohenavocats.com\/category\/decisions-juridiques\/"},"img":{"alt_text":"","src":"https:\/\/i0.wp.com\/kohenavocats.com\/wp-content\/uploads\/2024\/11\/allison-saeng-GK_4vvR4SNU-unsplash.webp?resize=350%2C200&ssl=1","width":350,"height":200,"srcset":"https:\/\/i0.wp.com\/kohenavocats.com\/wp-content\/uploads\/2024\/11\/allison-saeng-GK_4vvR4SNU-unsplash.webp?resize=350%2C200&ssl=1 1x, https:\/\/i0.wp.com\/kohenavocats.com\/wp-content\/uploads\/2024\/11\/allison-saeng-GK_4vvR4SNU-unsplash.webp?resize=525%2C300&ssl=1 1.5x, https:\/\/i0.wp.com\/kohenavocats.com\/wp-content\/uploads\/2024\/11\/allison-saeng-GK_4vvR4SNU-unsplash.webp?resize=700%2C400&ssl=1 2x, https:\/\/i0.wp.com\/kohenavocats.com\/wp-content\/uploads\/2024\/11\/allison-saeng-GK_4vvR4SNU-unsplash.webp?resize=1050%2C600&ssl=1 3x, https:\/\/i0.wp.com\/kohenavocats.com\/wp-content\/uploads\/2024\/11\/allison-saeng-GK_4vvR4SNU-unsplash.webp?resize=1400%2C800&ssl=1 4x"},"classes":[]},{"id":645515,"url":"https:\/\/kohenavocats.com\/zh-hans\/cour-dappel-de-rennes-le-17-juin-2025-n22-07497\/","url_meta":{"origin":667914,"position":5},"title":"Cour d&#8217;appel de Rennes, le 17 juin 2025, n\u00b022\/07497","author":"Kohen","date":"2026\u5e744\u670822\u65e5","format":false,"excerpt":"La cour d'appel de Rennes, statuant le 17 juin 202\u2026","rel":"","context":"\u5728\u201cJurisprudence\u201d\u4e2d","block_context":{"text":"Jurisprudence","link":"https:\/\/kohenavocats.com\/category\/jurisprudence\/"},"img":{"alt_text":"","src":"https:\/\/i0.wp.com\/kohenavocats.com\/wp-content\/uploads\/2024\/06\/chesss.webp?resize=350%2C200&ssl=1","width":350,"height":200,"srcset":"https:\/\/i0.wp.com\/kohenavocats.com\/wp-content\/uploads\/2024\/06\/chesss.webp?resize=350%2C200&ssl=1 1x, https:\/\/i0.wp.com\/kohenavocats.com\/wp-content\/uploads\/2024\/06\/chesss.webp?resize=525%2C300&ssl=1 1.5x, https:\/\/i0.wp.com\/kohenavocats.com\/wp-content\/uploads\/2024\/06\/chesss.webp?resize=700%2C400&ssl=1 2x, https:\/\/i0.wp.com\/kohenavocats.com\/wp-content\/uploads\/2024\/06\/chesss.webp?resize=1050%2C600&ssl=1 3x, https:\/\/i0.wp.com\/kohenavocats.com\/wp-content\/uploads\/2024\/06\/chesss.webp?resize=1400%2C800&ssl=1 4x"},"classes":[]}],"jetpack_sharing_enabled":true,"_links":{"self":[{"href":"https:\/\/kohenavocats.com\/zh-hans\/wp-json\/wp\/v2\/posts\/667914","targetHints":{"allow":["GET"]}}],"collection":[{"href":"https:\/\/kohenavocats.com\/zh-hans\/wp-json\/wp\/v2\/posts"}],"about":[{"href":"https:\/\/kohenavocats.com\/zh-hans\/wp-json\/wp\/v2\/types\/post"}],"author":[{"embeddable":true,"href":"https:\/\/kohenavocats.com\/zh-hans\/wp-json\/wp\/v2\/users\/232070755"}],"replies":[{"embeddable":true,"href":"https:\/\/kohenavocats.com\/zh-hans\/wp-json\/wp\/v2\/comments?post=667914"}],"version-history":[{"count":0,"href":"https:\/\/kohenavocats.com\/zh-hans\/wp-json\/wp\/v2\/posts\/667914\/revisions"}],"wp:featuredmedia":[{"embeddable":true,"href":"https:\/\/kohenavocats.com\/zh-hans\/wp-json\/wp\/v2\/media\/9591"}],"wp:attachment":[{"href":"https:\/\/kohenavocats.com\/zh-hans\/wp-json\/wp\/v2\/media?parent=667914"}],"wp:term":[{"taxonomy":"category","embeddable":true,"href":"https:\/\/kohenavocats.com\/zh-hans\/wp-json\/wp\/v2\/categories?post=667914"},{"taxonomy":"post_tag","embeddable":true,"href":"https:\/\/kohenavocats.com\/zh-hans\/wp-json\/wp\/v2\/tags?post=667914"}],"curies":[{"name":"wp","href":"https:\/\/api.w.org\/{rel}","templated":true}]}}