{"id":667919,"date":"2026-04-24T04:02:30","date_gmt":"2026-04-24T02:02:30","guid":{"rendered":"https:\/\/kohenavocats.com\/cour-dappel-de-grenoble-le-23-septembre-2025-n24-00928\/"},"modified":"2026-04-26T18:53:54","modified_gmt":"2026-04-26T16:53:54","slug":"cour-dappel-de-grenoble-le-23-septembre-2025-n24-00928","status":"publish","type":"post","link":"https:\/\/kohenavocats.com\/zh-hans\/cour-dappel-de-grenoble-le-23-septembre-2025-n24-00928\/","title":{"rendered":"Cour d&#8217;appel de Grenoble, le 23 septembre 2025, n\u00b024\/00928"},"content":{"rendered":"<div class=\"article-content\">\n<p>La Cour d&#8217;appel de Grenoble, chambre civile section A, le 23 septembre 2025, statue sur l&#8217;appel d&#8217;un \u00e9tablissement financier. L&#8217;affaire concerne l&#8217;annulation d&#8217;un contrat de vente de panneaux photovolta\u00efques et du cr\u00e9dit affect\u00e9 consenti pour son financement. La juridiction d&#8217;appel confirme le jugement de premi\u00e8re instance qui avait prononc\u00e9 ces nullit\u00e9s. Elle pr\u00e9cise les cons\u00e9quences de ces annulations et rejette les demandes indemnitaires des diff\u00e9rentes parties.<\/p>\n<p>L&#8217;effet automatique de l&#8217;interd\u00e9pendance des contrats<\/p>\n<p>Le principe de l&#8217;annulation de plein droit du cr\u00e9dit affect\u00e9. La cour rappelle le m\u00e9canisme l\u00e9gal de l&#8217;interd\u00e9pendance entre un contrat principal et un cr\u00e9dit le finan\u00e7ant. Elle constate que &#8220;les contrats de vente et de cr\u00e9dit \u00e9tant interd\u00e9pendants et le pr\u00eateur \u00e9tant \u00e0 la proc\u00e9dure, l&#8217;annulation du contrat principal entra\u00eene l&#8217;annulation du contrat de pr\u00eat subs\u00e9quent&#8221; (Motifs). Cette solution applique strictement les dispositions imp\u00e9ratives du code de la consommation. Elle rejoint la jurisprudence constante qui affirme le caract\u00e8re automatique de cet effet. &#8220;Le contrat de vente \u00e9tant annul\u00e9, le contrat de cr\u00e9dit affect\u00e9 l&#8217;est \u00e9galement de plein droit avec toutes cons\u00e9quences de droit&#8221; (Cour d&#8217;appel de N\u00eemes, le 24 avril 2025, n\u00b023\/03601). La port\u00e9e est protectrice pour l&#8217;emprunteur consommateur.<\/p>\n<p>La confirmation des cons\u00e9quences patrimoniales de la nullit\u00e9. L&#8217;annulation conjointe des contrats entra\u00eene des restitutions r\u00e9ciproques. La cour ordonne ainsi la restitution du mat\u00e9riel par les acqu\u00e9reurs et la remise en \u00e9tat de leur toiture par le liquidateur du vendeur. Concernant le cr\u00e9dit, elle confirme l&#8217;obligation pour le pr\u00eateur de rembourser les sommes d\u00e9j\u00e0 vers\u00e9es par les emprunteurs. Cette solution assure une remise compl\u00e8te des parties dans l&#8217;\u00e9tat ant\u00e9rieur. Elle garantit l&#8217;effectivit\u00e9 de la protection du consommateur en le lib\u00e9rant de toute obligation financi\u00e8re. La valeur de cette d\u00e9cision r\u00e9side dans son ex\u00e9cution concr\u00e8te et int\u00e9grale des effets de la nullit\u00e9.<\/p>\n<p>La sanction des manquements du pr\u00eateur lors du d\u00e9blocage des fonds<\/p>\n<p>La caract\u00e9risation de fautes successives dans le contr\u00f4le de l&#8217;op\u00e9ration. La cour examine le comportement du pr\u00eateur et rel\u00e8ve plusieurs manquements. Elle estime d&#8217;abord que le d\u00e9blocage des fonds est intervenu trop rapidement. &#8220;Les fonds ont \u00e9t\u00e9 d\u00e9bloqu\u00e9s suite \u00e0 une demande de financement du 25 juin 2018, cette derni\u00e8re intervenue seulement cinq semaines apr\u00e8s la conclusion du contrat, dur\u00e9e insuffisante pour l&#8217;ex\u00e9cution des formalit\u00e9s administratives et de mise en service de l&#8217;installation&#8221; (Motifs). Elle reproche ensuite \u00e0 l&#8217;\u00e9tablissement de cr\u00e9dit son absence de v\u00e9rifications. La banque aurait d\u00fb constater &#8220;la m\u00e9connaissance des dispositions du code de la consommation sur la vente hors \u00e9tablissement&#8221; (Motifs). Le sens est d&#8217;imposer au pr\u00eateur un devoir de vigilance actif.<\/p>\n<p>Le lien de causalit\u00e9 entre les fautes et le pr\u00e9judice de l&#8217;emprunteur. La privation du droit \u00e0 restitution du capital par le pr\u00eateur est subordonn\u00e9e \u00e0 la d\u00e9monstration d&#8217;un pr\u00e9judice. La cour retient que &#8220;l&#8217;impossibilit\u00e9 de restitution du prix de vente du fait du prononc\u00e9 de la <a href=\"https:\/\/kohenavocats.fr\/elementor-60\/avocats-droit-affaires-paris\/avocat-procedures-collectives-paris\/\" target=\"_blank\" title=\"liquidation judiciaire\">liquidation judiciaire<\/a> de la soci\u00e9t\u00e9 Prestige Eco Habitat prive M. et Mme [U], emprunteurs, de la contrepartie de la restitution du bien vendu, ce qui constitue un pr\u00e9judice en lien de causalit\u00e9 avec les fautes susvis\u00e9es de la banque&#8221; (Motifs). Ainsi, le pr\u00e9judice r\u00e9side dans la perte financi\u00e8re caus\u00e9e par l&#8217;insolvabilit\u00e9 du vendeur. La port\u00e9e est majeure car elle conditionne la sanction du pr\u00eateur \u00e0 un pr\u00e9judice effectif. La valeur de l&#8217;arr\u00eat est de pr\u00e9ciser les conditions de la d\u00e9ch\u00e9ance du pr\u00eateur.<\/p>\n<\/div>\n","protected":false},"excerpt":{"rendered":"<p>La Cour d&#8217;appel de Grenoble, chambre civile section A, le 23 septembre 2025, statue sur l&#8217;appel d&#8217;un \u00e9tablissement financier. L&#8217;affaire concerne l&#8217;annulation&#8230;<\/p>\n","protected":false},"author":232070755,"featured_media":4874,"comment_status":"open","ping_status":"open","sticky":false,"template":"","format":"standard","meta":{"_crdt_document":"","_jetpack_newsletter_access":"","_jetpack_dont_email_post_to_subs":false,"_jetpack_newsletter_tier_id":0,"_jetpack_memberships_contains_paywalled_content":false,"_kj_source_type":"judilibre","_kj_official_id":"68d62520f345149cf84d2b17","_kj_official_url":"https:\/\/www.courdecassation.fr\/decision\/68d62520f345149cf84d2b17","_kj_judilibre_id":"68d62520f345149cf84d2b17","_kj_jur":"Cour d'appel","_kj_lieu":"Cour d'appel de Grenoble","_kj_chambre":"Chambre civile section A","_kj_rg":"24\/00928","_kj_date":"2025-09-23","_jetpack_memberships_contains_paid_content":false,"footnotes":"","jetpack_post_was_ever_published":false},"categories":[7096,35581,7597],"tags":[],"class_list":["post-667919","post","type-post","status-publish","format-standard","has-post-thumbnail","hentry","category-code-des-assurances","category-droit-des-affaires","category-jurisprudence"],"yoast_head":"<!-- This site is optimized with the Yoast SEO Premium plugin v27.5 (Yoast SEO v27.5) - https:\/\/yoast.com\/product\/yoast-seo-premium-wordpress\/ -->\n<title>Cour d&#039;appel de Grenoble, le 23 septembre 2025, n\u00b024\/00928 - Ma\u00eetre Hassan Kohen, avocat en droit p\u00e9nal \u00e0 Paris<\/title>\n<meta name=\"description\" content=\"La Cour d&#039;appel de Grenoble, chambre civile section A, le 23 septembre 2025, statue sur l&#039;appel d&#039;un \u00e9tablissement financier. L&#039;affaire concerne l&#039;annulation...\" \/>\n<meta name=\"robots\" content=\"index, follow, max-snippet:-1, max-image-preview:large, max-video-preview:-1\" \/>\n<link rel=\"canonical\" href=\"https:\/\/kohenavocats.com\/zh-hans\/cour-dappel-de-grenoble-le-23-septembre-2025-n24-00928\/\" \/>\n<meta property=\"og:locale\" content=\"zh_CN\" \/>\n<meta property=\"og:type\" content=\"article\" \/>\n<meta property=\"og:title\" content=\"Cour d&#039;appel de Grenoble, le 23 septembre 2025, n\u00b024\/00928\" \/>\n<meta property=\"og:description\" content=\"La Cour d&#039;appel de Grenoble, chambre civile section A, le 23 septembre 2025, statue sur l&#039;appel d&#039;un \u00e9tablissement financier. L&#039;affaire concerne l&#039;annulation...\" \/>\n<meta property=\"og:url\" content=\"https:\/\/kohenavocats.com\/zh-hans\/cour-dappel-de-grenoble-le-23-septembre-2025-n24-00928\/\" \/>\n<meta property=\"og:site_name\" content=\"Ma\u00eetre Hassan Kohen, avocat en droit p\u00e9nal \u00e0 Paris\" \/>\n<meta property=\"article:published_time\" content=\"2026-04-24T02:02:30+00:00\" \/>\n<meta property=\"article:modified_time\" content=\"2026-04-26T16:53:54+00:00\" \/>\n<meta property=\"og:image\" content=\"https:\/\/kohenavocats.com\/wp-content\/uploads\/2024\/08\/asa-rodger-QTbiwll3e68-unsplash.webp\" \/>\n\t<meta property=\"og:image:width\" content=\"5172\" \/>\n\t<meta property=\"og:image:height\" content=\"3448\" \/>\n\t<meta property=\"og:image:type\" content=\"image\/webp\" \/>\n<meta name=\"author\" content=\"Kohen\" \/>\n<meta name=\"twitter:card\" content=\"summary_large_image\" \/>\n<meta name=\"twitter:label1\" content=\"\u4f5c\u8005\" \/>\n\t<meta name=\"twitter:data1\" content=\"Kohen\" \/>\n\t<meta name=\"twitter:label2\" content=\"\u9884\u8ba1\u9605\u8bfb\u65f6\u95f4\" \/>\n\t<meta name=\"twitter:data2\" content=\"3 \u5206\" \/>\n<script type=\"application\/ld+json\" class=\"yoast-schema-graph\">{\"@context\":\"https:\\\/\\\/schema.org\",\"@graph\":[{\"@type\":\"Article\",\"@id\":\"https:\\\/\\\/kohenavocats.com\\\/zh-hans\\\/cour-dappel-de-grenoble-le-23-septembre-2025-n24-00928\\\/#article\",\"isPartOf\":{\"@id\":\"https:\\\/\\\/kohenavocats.com\\\/zh-hans\\\/cour-dappel-de-grenoble-le-23-septembre-2025-n24-00928\\\/\"},\"author\":{\"name\":\"Kohen\",\"@id\":\"https:\\\/\\\/kohenavocats.com\\\/zh-hans\\\/#\\\/schema\\\/person\\\/761c9ba54fa1ca84d405cef0831ff751\"},\"headline\":\"Cour d&#8217;appel de Grenoble, le 23 septembre 2025, n\u00b024\\\/00928\",\"datePublished\":\"2026-04-24T02:02:30+00:00\",\"dateModified\":\"2026-04-26T16:53:54+00:00\",\"mainEntityOfPage\":{\"@id\":\"https:\\\/\\\/kohenavocats.com\\\/zh-hans\\\/cour-dappel-de-grenoble-le-23-septembre-2025-n24-00928\\\/\"},\"wordCount\":660,\"commentCount\":0,\"publisher\":{\"@id\":\"https:\\\/\\\/kohenavocats.com\\\/zh-hans\\\/#organization\"},\"image\":{\"@id\":\"https:\\\/\\\/kohenavocats.com\\\/zh-hans\\\/cour-dappel-de-grenoble-le-23-septembre-2025-n24-00928\\\/#primaryimage\"},\"thumbnailUrl\":\"https:\\\/\\\/kohenavocats.com\\\/wp-content\\\/uploads\\\/2024\\\/08\\\/asa-rodger-QTbiwll3e68-unsplash.webp\",\"articleSection\":[\"Code des assurances\",\"Droit des affaires\",\"Jurisprudence\"],\"inLanguage\":\"zh-Hans\",\"potentialAction\":[{\"@type\":\"CommentAction\",\"name\":\"Comment\",\"target\":[\"https:\\\/\\\/kohenavocats.com\\\/zh-hans\\\/cour-dappel-de-grenoble-le-23-septembre-2025-n24-00928\\\/#respond\"]}],\"citation\":\"Cour d&#8217;appel de Grenoble, le 23 septembre 2025, n\u00b024\\\/00928\",\"about\":[{\"@type\":\"Thing\",\"name\":\"Code des assurances\"},{\"@type\":\"Thing\",\"name\":\"Droit des affaires\"},{\"@type\":\"Thing\",\"name\":\"Jurisprudence\"}],\"speakable\":{\"@type\":\"SpeakableSpecification\",\"cssSelector\":[\".article-content > p:first-of-type\"]}},{\"@type\":\"WebPage\",\"@id\":\"https:\\\/\\\/kohenavocats.com\\\/zh-hans\\\/cour-dappel-de-grenoble-le-23-septembre-2025-n24-00928\\\/\",\"url\":\"https:\\\/\\\/kohenavocats.com\\\/zh-hans\\\/cour-dappel-de-grenoble-le-23-septembre-2025-n24-00928\\\/\",\"name\":\"Cour d'appel de Grenoble, le 23 septembre 2025, n\u00b024\\\/00928 - Ma\u00eetre Hassan Kohen, avocat en droit p\u00e9nal \u00e0 Paris\",\"isPartOf\":{\"@id\":\"https:\\\/\\\/kohenavocats.com\\\/zh-hans\\\/#website\"},\"primaryImageOfPage\":{\"@id\":\"https:\\\/\\\/kohenavocats.com\\\/zh-hans\\\/cour-dappel-de-grenoble-le-23-septembre-2025-n24-00928\\\/#primaryimage\"},\"image\":{\"@id\":\"https:\\\/\\\/kohenavocats.com\\\/zh-hans\\\/cour-dappel-de-grenoble-le-23-septembre-2025-n24-00928\\\/#primaryimage\"},\"thumbnailUrl\":\"https:\\\/\\\/kohenavocats.com\\\/wp-content\\\/uploads\\\/2024\\\/08\\\/asa-rodger-QTbiwll3e68-unsplash.webp\",\"datePublished\":\"2026-04-24T02:02:30+00:00\",\"dateModified\":\"2026-04-26T16:53:54+00:00\",\"description\":\"La Cour d'appel de Grenoble, chambre civile section A, le 23 septembre 2025, statue sur l'appel d'un \u00e9tablissement financier. L'affaire concerne l'annulation...\",\"breadcrumb\":{\"@id\":\"https:\\\/\\\/kohenavocats.com\\\/zh-hans\\\/cour-dappel-de-grenoble-le-23-septembre-2025-n24-00928\\\/#breadcrumb\"},\"inLanguage\":\"zh-Hans\",\"potentialAction\":[{\"@type\":\"ReadAction\",\"target\":[\"https:\\\/\\\/kohenavocats.com\\\/zh-hans\\\/cour-dappel-de-grenoble-le-23-septembre-2025-n24-00928\\\/\"]}]},{\"@type\":\"ImageObject\",\"inLanguage\":\"zh-Hans\",\"@id\":\"https:\\\/\\\/kohenavocats.com\\\/zh-hans\\\/cour-dappel-de-grenoble-le-23-septembre-2025-n24-00928\\\/#primaryimage\",\"url\":\"https:\\\/\\\/kohenavocats.com\\\/wp-content\\\/uploads\\\/2024\\\/08\\\/asa-rodger-QTbiwll3e68-unsplash.webp\",\"contentUrl\":\"https:\\\/\\\/kohenavocats.com\\\/wp-content\\\/uploads\\\/2024\\\/08\\\/asa-rodger-QTbiwll3e68-unsplash.webp\",\"width\":5172,\"height\":3448},{\"@type\":\"BreadcrumbList\",\"@id\":\"https:\\\/\\\/kohenavocats.com\\\/zh-hans\\\/cour-dappel-de-grenoble-le-23-septembre-2025-n24-00928\\\/#breadcrumb\",\"itemListElement\":[{\"@type\":\"ListItem\",\"position\":1,\"name\":\"Home\",\"item\":\"https:\\\/\\\/kohenavocats.com\\\/zh-hans\\\/\"},{\"@type\":\"ListItem\",\"position\":2,\"name\":\"Cour d&rsquo;appel de Grenoble, le 23 septembre 2025, n\u00b024\\\/00928\"}]},{\"@type\":\"WebSite\",\"@id\":\"https:\\\/\\\/kohenavocats.com\\\/zh-hans\\\/#website\",\"url\":\"https:\\\/\\\/kohenavocats.com\\\/zh-hans\\\/\",\"name\":\"Kohen Avocats\",\"description\":\"Ma\u00eetre Hassan Kohen, avocat p\u00e9naliste \u00e0 Paris, intervient exclusivement en droit p\u00e9nal pour la d\u00e9fense des particuliers, notamment en mati\u00e8re d\u2019accusations de viol. Il assure un accompagnement rigoureux d\u00e8s la garde \u00e0 vue jusqu\u2019\u00e0 la Cour d\u2019assises, veillant au strict respect des garanties proc\u00e9durales.\",\"publisher\":{\"@id\":\"https:\\\/\\\/kohenavocats.com\\\/zh-hans\\\/#organization\"},\"potentialAction\":[{\"@type\":\"SearchAction\",\"target\":{\"@type\":\"EntryPoint\",\"urlTemplate\":\"https:\\\/\\\/kohenavocats.com\\\/zh-hans\\\/?s={search_term_string}\"},\"query-input\":{\"@type\":\"PropertyValueSpecification\",\"valueRequired\":true,\"valueName\":\"search_term_string\"}}],\"inLanguage\":\"zh-Hans\"},{\"@type\":\"Organization\",\"@id\":\"https:\\\/\\\/kohenavocats.com\\\/zh-hans\\\/#organization\",\"name\":\"Kohen Avocats\",\"url\":\"https:\\\/\\\/kohenavocats.com\\\/zh-hans\\\/\",\"logo\":{\"@type\":\"ImageObject\",\"inLanguage\":\"zh-Hans\",\"@id\":\"https:\\\/\\\/kohenavocats.com\\\/zh-hans\\\/#\\\/schema\\\/logo\\\/image\\\/\",\"url\":\"https:\\\/\\\/kohenavocats.com\\\/wp-content\\\/uploads\\\/2026\\\/01\\\/Logo-2-1.webp\",\"contentUrl\":\"https:\\\/\\\/kohenavocats.com\\\/wp-content\\\/uploads\\\/2026\\\/01\\\/Logo-2-1.webp\",\"width\":2114,\"height\":1253,\"caption\":\"Kohen Avocats\"},\"image\":{\"@id\":\"https:\\\/\\\/kohenavocats.com\\\/zh-hans\\\/#\\\/schema\\\/logo\\\/image\\\/\"}},{\"@type\":\"Person\",\"@id\":\"https:\\\/\\\/kohenavocats.com\\\/zh-hans\\\/#\\\/schema\\\/person\\\/761c9ba54fa1ca84d405cef0831ff751\",\"name\":\"Kohen\",\"image\":{\"@type\":\"ImageObject\",\"inLanguage\":\"zh-Hans\",\"@id\":\"https:\\\/\\\/secure.gravatar.com\\\/avatar\\\/1c5e76ef76bbbfdd2b4da984e2bf2fa4056fd51a27d25ce2c332047f1dfd6e00?s=96&d=identicon&r=g\",\"url\":\"https:\\\/\\\/secure.gravatar.com\\\/avatar\\\/1c5e76ef76bbbfdd2b4da984e2bf2fa4056fd51a27d25ce2c332047f1dfd6e00?s=96&d=identicon&r=g\",\"contentUrl\":\"https:\\\/\\\/secure.gravatar.com\\\/avatar\\\/1c5e76ef76bbbfdd2b4da984e2bf2fa4056fd51a27d25ce2c332047f1dfd6e00?s=96&d=identicon&r=g\",\"caption\":\"Kohen\"},\"sameAs\":[\"https:\\\/\\\/www.linkedin.com\\\/in\\\/hassan-kohen-448548192\\\/\",\"https:\\\/\\\/www.youtube.com\\\/@Kohen-Avocats\"],\"url\":\"https:\\\/\\\/kohenavocats.com\\\/zh-hans\\\/author\\\/kohenmlk\\\/\"}]}<\/script>\n<!-- \/ Yoast SEO Premium plugin. -->","yoast_head_json":{"title":"Cour d'appel de Grenoble, le 23 septembre 2025, n\u00b024\/00928 - Ma\u00eetre Hassan Kohen, avocat en droit p\u00e9nal \u00e0 Paris","description":"La Cour d'appel de Grenoble, chambre civile section A, le 23 septembre 2025, statue sur l'appel d'un \u00e9tablissement financier. L'affaire concerne l'annulation...","robots":{"index":"index","follow":"follow","max-snippet":"max-snippet:-1","max-image-preview":"max-image-preview:large","max-video-preview":"max-video-preview:-1"},"canonical":"https:\/\/kohenavocats.com\/zh-hans\/cour-dappel-de-grenoble-le-23-septembre-2025-n24-00928\/","og_locale":"zh_CN","og_type":"article","og_title":"Cour d'appel de Grenoble, le 23 septembre 2025, n\u00b024\/00928","og_description":"La Cour d'appel de Grenoble, chambre civile section A, le 23 septembre 2025, statue sur l'appel d'un \u00e9tablissement financier. L'affaire concerne l'annulation...","og_url":"https:\/\/kohenavocats.com\/zh-hans\/cour-dappel-de-grenoble-le-23-septembre-2025-n24-00928\/","og_site_name":"Ma\u00eetre Hassan Kohen, avocat en droit p\u00e9nal \u00e0 Paris","article_published_time":"2026-04-24T02:02:30+00:00","article_modified_time":"2026-04-26T16:53:54+00:00","og_image":[{"width":5172,"height":3448,"url":"https:\/\/kohenavocats.com\/wp-content\/uploads\/2024\/08\/asa-rodger-QTbiwll3e68-unsplash.webp","type":"image\/webp"}],"author":"Kohen","twitter_card":"summary_large_image","twitter_misc":{"\u4f5c\u8005":"Kohen","\u9884\u8ba1\u9605\u8bfb\u65f6\u95f4":"3 \u5206"},"schema":{"@context":"https:\/\/schema.org","@graph":[{"@type":"Article","@id":"https:\/\/kohenavocats.com\/zh-hans\/cour-dappel-de-grenoble-le-23-septembre-2025-n24-00928\/#article","isPartOf":{"@id":"https:\/\/kohenavocats.com\/zh-hans\/cour-dappel-de-grenoble-le-23-septembre-2025-n24-00928\/"},"author":{"name":"Kohen","@id":"https:\/\/kohenavocats.com\/zh-hans\/#\/schema\/person\/761c9ba54fa1ca84d405cef0831ff751"},"headline":"Cour d&#8217;appel de Grenoble, le 23 septembre 2025, n\u00b024\/00928","datePublished":"2026-04-24T02:02:30+00:00","dateModified":"2026-04-26T16:53:54+00:00","mainEntityOfPage":{"@id":"https:\/\/kohenavocats.com\/zh-hans\/cour-dappel-de-grenoble-le-23-septembre-2025-n24-00928\/"},"wordCount":660,"commentCount":0,"publisher":{"@id":"https:\/\/kohenavocats.com\/zh-hans\/#organization"},"image":{"@id":"https:\/\/kohenavocats.com\/zh-hans\/cour-dappel-de-grenoble-le-23-septembre-2025-n24-00928\/#primaryimage"},"thumbnailUrl":"https:\/\/kohenavocats.com\/wp-content\/uploads\/2024\/08\/asa-rodger-QTbiwll3e68-unsplash.webp","articleSection":["Code des assurances","Droit des affaires","Jurisprudence"],"inLanguage":"zh-Hans","potentialAction":[{"@type":"CommentAction","name":"Comment","target":["https:\/\/kohenavocats.com\/zh-hans\/cour-dappel-de-grenoble-le-23-septembre-2025-n24-00928\/#respond"]}],"citation":"Cour d&#8217;appel de Grenoble, le 23 septembre 2025, n\u00b024\/00928","about":[{"@type":"Thing","name":"Code des assurances"},{"@type":"Thing","name":"Droit des affaires"},{"@type":"Thing","name":"Jurisprudence"}],"speakable":{"@type":"SpeakableSpecification","cssSelector":[".article-content > p:first-of-type"]}},{"@type":"WebPage","@id":"https:\/\/kohenavocats.com\/zh-hans\/cour-dappel-de-grenoble-le-23-septembre-2025-n24-00928\/","url":"https:\/\/kohenavocats.com\/zh-hans\/cour-dappel-de-grenoble-le-23-septembre-2025-n24-00928\/","name":"Cour d'appel de Grenoble, le 23 septembre 2025, n\u00b024\/00928 - Ma\u00eetre Hassan Kohen, avocat en droit p\u00e9nal \u00e0 Paris","isPartOf":{"@id":"https:\/\/kohenavocats.com\/zh-hans\/#website"},"primaryImageOfPage":{"@id":"https:\/\/kohenavocats.com\/zh-hans\/cour-dappel-de-grenoble-le-23-septembre-2025-n24-00928\/#primaryimage"},"image":{"@id":"https:\/\/kohenavocats.com\/zh-hans\/cour-dappel-de-grenoble-le-23-septembre-2025-n24-00928\/#primaryimage"},"thumbnailUrl":"https:\/\/kohenavocats.com\/wp-content\/uploads\/2024\/08\/asa-rodger-QTbiwll3e68-unsplash.webp","datePublished":"2026-04-24T02:02:30+00:00","dateModified":"2026-04-26T16:53:54+00:00","description":"La Cour d'appel de Grenoble, chambre civile section A, le 23 septembre 2025, statue sur l'appel d'un \u00e9tablissement financier. L'affaire concerne l'annulation...","breadcrumb":{"@id":"https:\/\/kohenavocats.com\/zh-hans\/cour-dappel-de-grenoble-le-23-septembre-2025-n24-00928\/#breadcrumb"},"inLanguage":"zh-Hans","potentialAction":[{"@type":"ReadAction","target":["https:\/\/kohenavocats.com\/zh-hans\/cour-dappel-de-grenoble-le-23-septembre-2025-n24-00928\/"]}]},{"@type":"ImageObject","inLanguage":"zh-Hans","@id":"https:\/\/kohenavocats.com\/zh-hans\/cour-dappel-de-grenoble-le-23-septembre-2025-n24-00928\/#primaryimage","url":"https:\/\/kohenavocats.com\/wp-content\/uploads\/2024\/08\/asa-rodger-QTbiwll3e68-unsplash.webp","contentUrl":"https:\/\/kohenavocats.com\/wp-content\/uploads\/2024\/08\/asa-rodger-QTbiwll3e68-unsplash.webp","width":5172,"height":3448},{"@type":"BreadcrumbList","@id":"https:\/\/kohenavocats.com\/zh-hans\/cour-dappel-de-grenoble-le-23-septembre-2025-n24-00928\/#breadcrumb","itemListElement":[{"@type":"ListItem","position":1,"name":"Home","item":"https:\/\/kohenavocats.com\/zh-hans\/"},{"@type":"ListItem","position":2,"name":"Cour d&rsquo;appel de Grenoble, le 23 septembre 2025, n\u00b024\/00928"}]},{"@type":"WebSite","@id":"https:\/\/kohenavocats.com\/zh-hans\/#website","url":"https:\/\/kohenavocats.com\/zh-hans\/","name":"Kohen Avocats","description":"Ma\u00eetre Hassan Kohen, avocat p\u00e9naliste \u00e0 Paris, intervient exclusivement en droit p\u00e9nal pour la d\u00e9fense des particuliers, notamment en mati\u00e8re d\u2019accusations de viol. Il assure un accompagnement rigoureux d\u00e8s la garde \u00e0 vue jusqu\u2019\u00e0 la Cour d\u2019assises, veillant au strict respect des garanties proc\u00e9durales.","publisher":{"@id":"https:\/\/kohenavocats.com\/zh-hans\/#organization"},"potentialAction":[{"@type":"SearchAction","target":{"@type":"EntryPoint","urlTemplate":"https:\/\/kohenavocats.com\/zh-hans\/?s={search_term_string}"},"query-input":{"@type":"PropertyValueSpecification","valueRequired":true,"valueName":"search_term_string"}}],"inLanguage":"zh-Hans"},{"@type":"Organization","@id":"https:\/\/kohenavocats.com\/zh-hans\/#organization","name":"Kohen Avocats","url":"https:\/\/kohenavocats.com\/zh-hans\/","logo":{"@type":"ImageObject","inLanguage":"zh-Hans","@id":"https:\/\/kohenavocats.com\/zh-hans\/#\/schema\/logo\/image\/","url":"https:\/\/kohenavocats.com\/wp-content\/uploads\/2026\/01\/Logo-2-1.webp","contentUrl":"https:\/\/kohenavocats.com\/wp-content\/uploads\/2026\/01\/Logo-2-1.webp","width":2114,"height":1253,"caption":"Kohen Avocats"},"image":{"@id":"https:\/\/kohenavocats.com\/zh-hans\/#\/schema\/logo\/image\/"}},{"@type":"Person","@id":"https:\/\/kohenavocats.com\/zh-hans\/#\/schema\/person\/761c9ba54fa1ca84d405cef0831ff751","name":"Kohen","image":{"@type":"ImageObject","inLanguage":"zh-Hans","@id":"https:\/\/secure.gravatar.com\/avatar\/1c5e76ef76bbbfdd2b4da984e2bf2fa4056fd51a27d25ce2c332047f1dfd6e00?s=96&d=identicon&r=g","url":"https:\/\/secure.gravatar.com\/avatar\/1c5e76ef76bbbfdd2b4da984e2bf2fa4056fd51a27d25ce2c332047f1dfd6e00?s=96&d=identicon&r=g","contentUrl":"https:\/\/secure.gravatar.com\/avatar\/1c5e76ef76bbbfdd2b4da984e2bf2fa4056fd51a27d25ce2c332047f1dfd6e00?s=96&d=identicon&r=g","caption":"Kohen"},"sameAs":["https:\/\/www.linkedin.com\/in\/hassan-kohen-448548192\/","https:\/\/www.youtube.com\/@Kohen-Avocats"],"url":"https:\/\/kohenavocats.com\/zh-hans\/author\/kohenmlk\/"}]}},"jetpack_featured_media_url":"https:\/\/kohenavocats.com\/wp-content\/uploads\/2024\/08\/asa-rodger-QTbiwll3e68-unsplash.webp","jetpack_likes_enabled":false,"jetpack_shortlink":"https:\/\/wp.me\/peCrII-2NKT","jetpack-related-posts":[{"id":71953,"url":"https:\/\/kohenavocats.com\/zh-hans\/cour-dappel-de-rennes-le-9-septembre-2025-n21-07829\/","url_meta":{"origin":667919,"position":0},"title":"Cour d&#8217;appel de Rennes, le 9 septembre 2025, n\u00b021\/07829","author":"Kohen","date":"2025\u5e7411\u67089\u65e5","format":false,"excerpt":"Cour d\u2019appel de Rennes, 9 septembre 2025, 2e\u2026","rel":"","context":"\u5728\u201cCour d'appel\u201d\u4e2d","block_context":{"text":"Cour d'appel","link":"https:\/\/kohenavocats.com\/category\/cour-dappel\/"},"img":{"alt_text":"","src":"https:\/\/i0.wp.com\/kohenavocats.com\/wp-content\/uploads\/2024\/11\/aakash-dhage-qZlPncXgGno-unsplash.webp?resize=350%2C200&ssl=1","width":350,"height":200,"srcset":"https:\/\/i0.wp.com\/kohenavocats.com\/wp-content\/uploads\/2024\/11\/aakash-dhage-qZlPncXgGno-unsplash.webp?resize=350%2C200&ssl=1 1x, https:\/\/i0.wp.com\/kohenavocats.com\/wp-content\/uploads\/2024\/11\/aakash-dhage-qZlPncXgGno-unsplash.webp?resize=525%2C300&ssl=1 1.5x, https:\/\/i0.wp.com\/kohenavocats.com\/wp-content\/uploads\/2024\/11\/aakash-dhage-qZlPncXgGno-unsplash.webp?resize=700%2C400&ssl=1 2x, https:\/\/i0.wp.com\/kohenavocats.com\/wp-content\/uploads\/2024\/11\/aakash-dhage-qZlPncXgGno-unsplash.webp?resize=1050%2C600&ssl=1 3x, https:\/\/i0.wp.com\/kohenavocats.com\/wp-content\/uploads\/2024\/11\/aakash-dhage-qZlPncXgGno-unsplash.webp?resize=1400%2C800&ssl=1 4x"},"classes":[]},{"id":79226,"url":"https:\/\/kohenavocats.com\/zh-hans\/cour-dappel-de-rennes-le-9-septembre-2025-n23-00171\/","url_meta":{"origin":667919,"position":1},"title":"Cour d&#8217;appel de Rennes, le 9 septembre 2025, n\u00b023\/00171","author":"Kohen","date":"2025\u5e7411\u670810\u65e5","format":false,"excerpt":"Par un arr\u00eat de la Cour d\u2019appel de Rennes du 9 sep\u2026","rel":"","context":"\u5728\u201cCour d'appel\u201d\u4e2d","block_context":{"text":"Cour d'appel","link":"https:\/\/kohenavocats.com\/category\/cour-dappel\/"},"img":{"alt_text":"","src":"https:\/\/i0.wp.com\/kohenavocats.com\/wp-content\/uploads\/2024\/11\/laura-adai-uVe-JpiFDmE-unsplash.webp?resize=350%2C200&ssl=1","width":350,"height":200,"srcset":"https:\/\/i0.wp.com\/kohenavocats.com\/wp-content\/uploads\/2024\/11\/laura-adai-uVe-JpiFDmE-unsplash.webp?resize=350%2C200&ssl=1 1x, https:\/\/i0.wp.com\/kohenavocats.com\/wp-content\/uploads\/2024\/11\/laura-adai-uVe-JpiFDmE-unsplash.webp?resize=525%2C300&ssl=1 1.5x, https:\/\/i0.wp.com\/kohenavocats.com\/wp-content\/uploads\/2024\/11\/laura-adai-uVe-JpiFDmE-unsplash.webp?resize=700%2C400&ssl=1 2x, https:\/\/i0.wp.com\/kohenavocats.com\/wp-content\/uploads\/2024\/11\/laura-adai-uVe-JpiFDmE-unsplash.webp?resize=1050%2C600&ssl=1 3x, https:\/\/i0.wp.com\/kohenavocats.com\/wp-content\/uploads\/2024\/11\/laura-adai-uVe-JpiFDmE-unsplash.webp?resize=1400%2C800&ssl=1 4x"},"classes":[]},{"id":479006,"url":"https:\/\/kohenavocats.com\/zh-hans\/cour-dappel-le-9-juillet-2025-n23-05701\/","url_meta":{"origin":667919,"position":2},"title":"Cour d&#8217;appel, le 9 juillet 2025, n\u00b023\/05701","author":"Kohen","date":"2026\u5e744\u67087\u65e5","format":false,"excerpt":"Cour d\u2019appel de Rennes, le 9 juillet 2025. Un cons\u2026","rel":"","context":"\u5728\u201cJurisprudence\u201d\u4e2d","block_context":{"text":"Jurisprudence","link":"https:\/\/kohenavocats.com\/category\/jurisprudence\/"},"img":{"alt_text":"","src":"https:\/\/i0.wp.com\/kohenavocats.com\/wp-content\/uploads\/2024\/06\/giammarco-boscaro-eWpBNXRHfTI-unsplash.jpg?resize=350%2C200&ssl=1","width":350,"height":200,"srcset":"https:\/\/i0.wp.com\/kohenavocats.com\/wp-content\/uploads\/2024\/06\/giammarco-boscaro-eWpBNXRHfTI-unsplash.jpg?resize=350%2C200&ssl=1 1x, https:\/\/i0.wp.com\/kohenavocats.com\/wp-content\/uploads\/2024\/06\/giammarco-boscaro-eWpBNXRHfTI-unsplash.jpg?resize=525%2C300&ssl=1 1.5x, https:\/\/i0.wp.com\/kohenavocats.com\/wp-content\/uploads\/2024\/06\/giammarco-boscaro-eWpBNXRHfTI-unsplash.jpg?resize=700%2C400&ssl=1 2x, https:\/\/i0.wp.com\/kohenavocats.com\/wp-content\/uploads\/2024\/06\/giammarco-boscaro-eWpBNXRHfTI-unsplash.jpg?resize=1050%2C600&ssl=1 3x, https:\/\/i0.wp.com\/kohenavocats.com\/wp-content\/uploads\/2024\/06\/giammarco-boscaro-eWpBNXRHfTI-unsplash.jpg?resize=1400%2C800&ssl=1 4x"},"classes":[]},{"id":490249,"url":"https:\/\/kohenavocats.com\/zh-hans\/tribunal-judiciaire-de-nice-le-20-novembre-2025-n24-03413\/","url_meta":{"origin":667919,"position":3},"title":"Tribunal judiciaire de Nice, le 20 novembre 2025, n\u00b024\/03413","author":"Kohen","date":"2026\u5e744\u67088\u65e5","format":false,"excerpt":"Le juge des contentieux de la protection, statuant\u2026","rel":"","context":"\u5728\u201cJurisprudence\u201d\u4e2d","block_context":{"text":"Jurisprudence","link":"https:\/\/kohenavocats.com\/category\/jurisprudence\/"},"img":{"alt_text":"","src":"https:\/\/i0.wp.com\/kohenavocats.com\/wp-content\/uploads\/2024\/08\/irina-nakonechnaya-7Dkxd1b9uyE-unsplash.webp?resize=350%2C200&ssl=1","width":350,"height":200,"srcset":"https:\/\/i0.wp.com\/kohenavocats.com\/wp-content\/uploads\/2024\/08\/irina-nakonechnaya-7Dkxd1b9uyE-unsplash.webp?resize=350%2C200&ssl=1 1x, https:\/\/i0.wp.com\/kohenavocats.com\/wp-content\/uploads\/2024\/08\/irina-nakonechnaya-7Dkxd1b9uyE-unsplash.webp?resize=525%2C300&ssl=1 1.5x, https:\/\/i0.wp.com\/kohenavocats.com\/wp-content\/uploads\/2024\/08\/irina-nakonechnaya-7Dkxd1b9uyE-unsplash.webp?resize=700%2C400&ssl=1 2x, https:\/\/i0.wp.com\/kohenavocats.com\/wp-content\/uploads\/2024\/08\/irina-nakonechnaya-7Dkxd1b9uyE-unsplash.webp?resize=1050%2C600&ssl=1 3x, https:\/\/i0.wp.com\/kohenavocats.com\/wp-content\/uploads\/2024\/08\/irina-nakonechnaya-7Dkxd1b9uyE-unsplash.webp?resize=1400%2C800&ssl=1 4x"},"classes":[]},{"id":202708,"url":"https:\/\/kohenavocats.com\/zh-hans\/premiere-chambre-civile-de-la-cour-de-cassation-le-18-juin-2025-n23-18-486\/","url_meta":{"origin":667919,"position":4},"title":"Premi\u00e8re chambre civile de la Cour de cassation, le 18 juin 2025, n\u00b023-18.486","author":"Kohen","date":"2025\u5e7412\u670821\u65e5","format":false,"excerpt":"La Cour de cassation, premi\u00e8re chambre civile, 18 \u2026","rel":"","context":"\u5728\u201cCour de cassation\u201d\u4e2d","block_context":{"text":"Cour de cassation","link":"https:\/\/kohenavocats.com\/category\/cour-de-cassation\/"},"img":{"alt_text":"","src":"https:\/\/i0.wp.com\/kohenavocats.com\/wp-content\/uploads\/2024\/08\/kreshen-iMSeWtfaDmM-unsplash.webp?resize=350%2C200&ssl=1","width":350,"height":200,"srcset":"https:\/\/i0.wp.com\/kohenavocats.com\/wp-content\/uploads\/2024\/08\/kreshen-iMSeWtfaDmM-unsplash.webp?resize=350%2C200&ssl=1 1x, https:\/\/i0.wp.com\/kohenavocats.com\/wp-content\/uploads\/2024\/08\/kreshen-iMSeWtfaDmM-unsplash.webp?resize=525%2C300&ssl=1 1.5x, https:\/\/i0.wp.com\/kohenavocats.com\/wp-content\/uploads\/2024\/08\/kreshen-iMSeWtfaDmM-unsplash.webp?resize=700%2C400&ssl=1 2x, https:\/\/i0.wp.com\/kohenavocats.com\/wp-content\/uploads\/2024\/08\/kreshen-iMSeWtfaDmM-unsplash.webp?resize=1050%2C600&ssl=1 3x, https:\/\/i0.wp.com\/kohenavocats.com\/wp-content\/uploads\/2024\/08\/kreshen-iMSeWtfaDmM-unsplash.webp?resize=1400%2C800&ssl=1 4x"},"classes":[]},{"id":477836,"url":"https:\/\/kohenavocats.com\/zh-hans\/tribunal-judiciaire-de-grenoble-le-4-decembre-2025-n21-02587\/","url_meta":{"origin":667919,"position":5},"title":"Tribunal judiciaire de Grenoble, le 4 d\u00e9cembre 2025, n\u00b021\/02587","author":"Kohen","date":"2026\u5e744\u67087\u65e5","format":false,"excerpt":"Le juge des contentieux de la protection, statuant\u2026","rel":"","context":"\u5728\u201cJurisprudence\u201d\u4e2d","block_context":{"text":"Jurisprudence","link":"https:\/\/kohenavocats.com\/category\/jurisprudence\/"},"img":{"alt_text":"","src":"https:\/\/i0.wp.com\/kohenavocats.com\/wp-content\/uploads\/2024\/08\/zoltan-tasi-Fdt2aSbdRig-unsplash.webp?resize=350%2C200&ssl=1","width":350,"height":200,"srcset":"https:\/\/i0.wp.com\/kohenavocats.com\/wp-content\/uploads\/2024\/08\/zoltan-tasi-Fdt2aSbdRig-unsplash.webp?resize=350%2C200&ssl=1 1x, https:\/\/i0.wp.com\/kohenavocats.com\/wp-content\/uploads\/2024\/08\/zoltan-tasi-Fdt2aSbdRig-unsplash.webp?resize=525%2C300&ssl=1 1.5x, https:\/\/i0.wp.com\/kohenavocats.com\/wp-content\/uploads\/2024\/08\/zoltan-tasi-Fdt2aSbdRig-unsplash.webp?resize=700%2C400&ssl=1 2x, https:\/\/i0.wp.com\/kohenavocats.com\/wp-content\/uploads\/2024\/08\/zoltan-tasi-Fdt2aSbdRig-unsplash.webp?resize=1050%2C600&ssl=1 3x, https:\/\/i0.wp.com\/kohenavocats.com\/wp-content\/uploads\/2024\/08\/zoltan-tasi-Fdt2aSbdRig-unsplash.webp?resize=1400%2C800&ssl=1 4x"},"classes":[]}],"jetpack_sharing_enabled":true,"_links":{"self":[{"href":"https:\/\/kohenavocats.com\/zh-hans\/wp-json\/wp\/v2\/posts\/667919","targetHints":{"allow":["GET"]}}],"collection":[{"href":"https:\/\/kohenavocats.com\/zh-hans\/wp-json\/wp\/v2\/posts"}],"about":[{"href":"https:\/\/kohenavocats.com\/zh-hans\/wp-json\/wp\/v2\/types\/post"}],"author":[{"embeddable":true,"href":"https:\/\/kohenavocats.com\/zh-hans\/wp-json\/wp\/v2\/users\/232070755"}],"replies":[{"embeddable":true,"href":"https:\/\/kohenavocats.com\/zh-hans\/wp-json\/wp\/v2\/comments?post=667919"}],"version-history":[{"count":1,"href":"https:\/\/kohenavocats.com\/zh-hans\/wp-json\/wp\/v2\/posts\/667919\/revisions"}],"predecessor-version":[{"id":696211,"href":"https:\/\/kohenavocats.com\/zh-hans\/wp-json\/wp\/v2\/posts\/667919\/revisions\/696211"}],"wp:featuredmedia":[{"embeddable":true,"href":"https:\/\/kohenavocats.com\/zh-hans\/wp-json\/wp\/v2\/media\/4874"}],"wp:attachment":[{"href":"https:\/\/kohenavocats.com\/zh-hans\/wp-json\/wp\/v2\/media?parent=667919"}],"wp:term":[{"taxonomy":"category","embeddable":true,"href":"https:\/\/kohenavocats.com\/zh-hans\/wp-json\/wp\/v2\/categories?post=667919"},{"taxonomy":"post_tag","embeddable":true,"href":"https:\/\/kohenavocats.com\/zh-hans\/wp-json\/wp\/v2\/tags?post=667919"}],"curies":[{"name":"wp","href":"https:\/\/api.w.org\/{rel}","templated":true}]}}