{"id":668052,"date":"2026-04-24T04:20:10","date_gmt":"2026-04-24T02:20:10","guid":{"rendered":"https:\/\/kohenavocats.com\/tribunal-judiciaire-de-strasbourg-le-12-mars-2025-n24-05294\/"},"modified":"2026-04-26T18:54:38","modified_gmt":"2026-04-26T16:54:38","slug":"tribunal-judiciaire-de-strasbourg-le-12-mars-2025-n24-05294","status":"publish","type":"post","link":"https:\/\/kohenavocats.com\/zh-hans\/tribunal-judiciaire-de-strasbourg-le-12-mars-2025-n24-05294\/","title":{"rendered":"Tribunal judiciaire de Strasbourg, le 12 mars 2025, n\u00b024\/05294"},"content":{"rendered":"<div class=\"article-content\">\n<p>Le juge des contentieux de la protection, statuant en premier ressort, a rendu une d\u00e9cision le 12 mars 2025. Cette d\u00e9cision concerne un litige locatif opposant un bailleur \u00e0 sa locataire. Le bailleur avait d\u00e9livr\u00e9 un <a href=\"https:\/\/kohenavocats.fr\/avocat-recouvrement-loyers-paris\/\" target=\"_blank\" title=\"commandement de payer\">commandement de payer<\/a> puis demand\u00e9 la constatation de la r\u00e9siliation du bail pour d\u00e9faut de paiement. La locataire contestait la validit\u00e9 du commandement et le bien-fond\u00e9 des sommes r\u00e9clam\u00e9es. La juridiction a rejet\u00e9 l&#8217;exception de nullit\u00e9 du commandement mais a constat\u00e9 la r\u00e9siliation du bail pour une partie seulement de la dette initialement r\u00e9clam\u00e9e.<\/p>\n<p>La validit\u00e9 substantielle du commandement de payer<\/p>\n<p>Les conditions de forme du commandement et leur contr\u00f4le. L&#8217;article 24-I de la loi du 6 juillet 1989 impose des mentions obligatoires sous peine de nullit\u00e9. Le commandement doit contenir &#8220;le montant mensuel du loyer et des charges&#8221; et &#8220;le d\u00e9compte de la dette&#8221;. La nullit\u00e9 encourue est une nullit\u00e9 de forme soumise \u00e0 la preuve d&#8217;un grief. En l&#8217;esp\u00e8ce, le commandement mentionnait les montants actuels et annexait un d\u00e9compte d\u00e9taill\u00e9. La juridiction a estim\u00e9 que &#8220;le d\u00e9compte d\u00e9taille pr\u00e9cis\u00e9ment la dette r\u00e9clam\u00e9e, en pr\u00e9cisant ce qui est r\u00e9clam\u00e9 au titre des loyers et au titre des charges&#8221;. Cette pr\u00e9cision permet \u00e0 la locataire de v\u00e9rifier le bien-fond\u00e9 de la cr\u00e9ance. La solution rappelle que l&#8217;absence de grief emp\u00eache la prononciation de la nullit\u00e9 malgr\u00e9 une irr\u00e9gularit\u00e9 formelle. La port\u00e9e de cette analyse est de distinguer clairement la contestation sur la forme de l&#8217;acte de celle sur le fond de la dette. Elle limite les nullit\u00e9s de pure forme au profit d&#8217;un examen au fond des cr\u00e9ances r\u00e9clam\u00e9es.<\/p>\n<p>La distinction entre la validit\u00e9 de l&#8217;acte et le bien-fond\u00e9 de la cr\u00e9ance. La d\u00e9cision op\u00e8re une s\u00e9paration nette entre l&#8217;examen de la r\u00e9gularit\u00e9 du commandement et celui de l&#8217;obligation au paiement. Elle rel\u00e8ve que c&#8217;est &#8220;en r\u00e9alit\u00e9 le bien-fond\u00e9 de la cr\u00e9ance r\u00e9clam\u00e9e que conteste&#8221; la locataire. Cette question doit \u00eatre examin\u00e9e s\u00e9par\u00e9ment pour appr\u00e9cier l&#8217;acquisition de la <a href=\"https:\/\/kohenavocats.fr\/avocat-resiliation-bail-paris\/\" target=\"_blank\" title=\"clause r\u00e9solutoire\">clause r\u00e9solutoire<\/a>. Cette approche est conforme \u00e0 l&#8217;article 114 du code de proc\u00e9dure civile. Elle \u00e9vite qu&#8217;une irr\u00e9gularit\u00e9 mineure de forme ne fasse obstacle \u00e0 l&#8217;ex\u00e9cution forc\u00e9e du contrat. La valeur de cette distinction est de recentrer le d\u00e9bat sur l&#8217;existence r\u00e9elle de la dette. Elle garantit la s\u00e9curit\u00e9 juridique des proc\u00e9dures d&#8217;expulsion tout en prot\u00e9geant le d\u00e9biteur contre les demandes infond\u00e9es.<\/p>\n<p>L&#8217;appr\u00e9ciation du bien-fond\u00e9 de la cr\u00e9ance et ses cons\u00e9quences<\/p>\n<p>La preuve requise pour les charges locatives r\u00e9clam\u00e9es. Le juge applique strictement les articles 23 et 24 de la loi du 6 juillet 1989. Il appartient au bailleur de justifier les sommes r\u00e9clam\u00e9es au titre de la r\u00e9gularisation annuelle. &#8220;La production d&#8217;un d\u00e9compte ne pouvant tenir lieu de justificatif&#8221;. En l&#8217;esp\u00e8ce, le bailleur n&#8217;a pas produit les pi\u00e8ces justificatives des factures. Les montants du d\u00e9compte diff\u00e9raient de ceux d&#8217;un tableau r\u00e9capitulatif ult\u00e9rieur. De plus, &#8220;les factures et taxes \u00e9num\u00e9r\u00e9es au tableau ne sont pas produites&#8221;. Le bailleur n&#8217;a pas non plus produit &#8220;une note d&#8217;information sur les modalit\u00e9s de calcul des charges de chauffage&#8221;. Concernant la r\u00e9partition, il n&#8217;est &#8220;pas indiqu\u00e9 le mode de r\u00e9partition entre les diff\u00e9rents locataires&#8221;. En cons\u00e9quence, le juge estime que le bailleur n&#8217;a pas rapport\u00e9 la preuve de l&#8217;obligation au paiement. Cette solution renforce l&#8217;obligation de transparence du bailleur. Elle fait \u00e9cho \u00e0 une jurisprudence constante sur la justification des charges. &#8220;qu&#8217;un mois avant cette r\u00e9gularisation, le bailleur doit communiquer au locataire un d\u00e9compte par nature de charges, ainsi que le mode de r\u00e9partition entre les locataires dans les immeubles collectifs ; que durant six mois \u00e0 compter de l&#8217;envoi de ce d\u00e9compte, les pi\u00e8ces justificatives sont tenues \u00e0 la disposition du locataire&#8221; (Cour d&#8217;appel de Paris, le 20 f\u00e9vrier 2024, n\u00b021\/17664). La port\u00e9e est exigeante pour le bailleur, qui doit conserver et produire une documentation compl\u00e8te.<\/p>\n<p>Les effets sur l&#8217;acquisition de la clause r\u00e9solutoire. Seules les sommes certainement dues \u00e0 la date du commandement sont prises en compte. Le juge recalcule la dette en \u00e9cartant les charges non justifi\u00e9es et les rattrapages r\u00e9troactifs injustifi\u00e9s. Il retient finalement une somme de 2 296,05 euros due au lieu des 7 117,60 euros initialement r\u00e9clam\u00e9s. Les paiements partiels effectu\u00e9s dans le d\u00e9lai de deux mois \u00e9tant inf\u00e9rieurs \u00e0 cette somme, la clause r\u00e9solutoire est acquise. &#8220;Il convient de constater l\u2019acquisition de la clause r\u00e9solutoire \u00e0 la date du 20 avril 2024&#8221;. Cette solution applique le principe selon lequel un commandement d\u00e9livr\u00e9 pour une somme sup\u00e9rieure reste valable pour la partie non contestable. La valeur de cette analyse est de prot\u00e9ger le locataire contre les commandements abusifs tout en permettant l&#8217;expulsion pour les impay\u00e9s certains. Elle assure une application proportionn\u00e9e de la clause r\u00e9solutoire en fonction de la dette r\u00e9ellement \u00e9tablie.<\/p>\n<\/div>\n","protected":false},"excerpt":{"rendered":"<p>Le juge des contentieux de la protection, statuant en premier ressort, a rendu une d\u00e9cision le 12 mars 2025. Cette d\u00e9cision concerne un litige locatif opposa&#8230;<\/p>\n","protected":false},"author":232070755,"featured_media":9444,"comment_status":"open","ping_status":"open","sticky":false,"template":"","format":"standard","meta":{"_crdt_document":"","_jetpack_newsletter_access":"","_jetpack_dont_email_post_to_subs":false,"_jetpack_newsletter_tier_id":0,"_jetpack_memberships_contains_paywalled_content":false,"_kj_source_type":"judilibre","_kj_official_id":"68d3119a69293f91fcc97f45","_kj_official_url":"https:\/\/www.courdecassation.fr\/decision\/68d3119a69293f91fcc97f45","_kj_judilibre_id":"68d3119a69293f91fcc97f45","_kj_jur":"Tribunal judiciaire","_kj_lieu":"Tribunal judiciaire de Strasbourg","_kj_chambre":"11\u00e8me civ. S4","_kj_rg":"24\/05294","_kj_date":"2025-09-22","_jetpack_memberships_contains_paid_content":false,"footnotes":"","jetpack_post_was_ever_published":false},"categories":[7606,7594,7595,35583,7597],"tags":[],"class_list":["post-668052","post","type-post","status-publish","format-standard","has-post-thumbnail","hentry","category-cedh","category-cjue","category-droit-europeen","category-immobilier","category-jurisprudence"],"yoast_head":"<!-- This site is optimized with the Yoast SEO Premium plugin v27.5 (Yoast SEO v27.5) - https:\/\/yoast.com\/product\/yoast-seo-premium-wordpress\/ -->\n<title>Tribunal judiciaire de Strasbourg, le 12 mars 2025, n\u00b024\/05294 - Ma\u00eetre Hassan Kohen, avocat en droit p\u00e9nal \u00e0 Paris<\/title>\n<meta name=\"description\" content=\"Le juge des contentieux de la protection, statuant en premier ressort, a rendu une d\u00e9cision le 12 mars 2025. Cette d\u00e9cision concerne un litige locatif opposa...\" \/>\n<meta name=\"robots\" content=\"index, follow, max-snippet:-1, max-image-preview:large, max-video-preview:-1\" \/>\n<link rel=\"canonical\" href=\"https:\/\/kohenavocats.com\/zh-hans\/tribunal-judiciaire-de-strasbourg-le-12-mars-2025-n24-05294\/\" \/>\n<meta property=\"og:locale\" content=\"zh_CN\" \/>\n<meta property=\"og:type\" content=\"article\" \/>\n<meta property=\"og:title\" content=\"Tribunal judiciaire de Strasbourg, le 12 mars 2025, n\u00b024\/05294\" \/>\n<meta property=\"og:description\" content=\"Le juge des contentieux de la protection, statuant en premier ressort, a rendu une d\u00e9cision le 12 mars 2025. Cette d\u00e9cision concerne un litige locatif opposa...\" \/>\n<meta property=\"og:url\" content=\"https:\/\/kohenavocats.com\/zh-hans\/tribunal-judiciaire-de-strasbourg-le-12-mars-2025-n24-05294\/\" \/>\n<meta property=\"og:site_name\" content=\"Ma\u00eetre Hassan Kohen, avocat en droit p\u00e9nal \u00e0 Paris\" \/>\n<meta property=\"article:published_time\" content=\"2026-04-24T02:20:10+00:00\" \/>\n<meta property=\"article:modified_time\" content=\"2026-04-26T16:54:38+00:00\" \/>\n<meta property=\"og:image\" content=\"https:\/\/kohenavocats.com\/wp-content\/uploads\/2024\/11\/curated-lifestyle-qCnkmrhcitk-unsplash.webp\" \/>\n\t<meta property=\"og:image:width\" content=\"7000\" \/>\n\t<meta property=\"og:image:height\" content=\"4672\" \/>\n\t<meta property=\"og:image:type\" content=\"image\/webp\" \/>\n<meta name=\"author\" content=\"Kohen\" \/>\n<meta name=\"twitter:card\" content=\"summary_large_image\" \/>\n<meta name=\"twitter:label1\" content=\"\u4f5c\u8005\" \/>\n\t<meta name=\"twitter:data1\" content=\"Kohen\" \/>\n\t<meta name=\"twitter:label2\" content=\"\u9884\u8ba1\u9605\u8bfb\u65f6\u95f4\" \/>\n\t<meta name=\"twitter:data2\" content=\"4 \u5206\" \/>\n<script type=\"application\/ld+json\" class=\"yoast-schema-graph\">{\"@context\":\"https:\\\/\\\/schema.org\",\"@graph\":[{\"@type\":\"Article\",\"@id\":\"https:\\\/\\\/kohenavocats.com\\\/zh-hans\\\/tribunal-judiciaire-de-strasbourg-le-12-mars-2025-n24-05294\\\/#article\",\"isPartOf\":{\"@id\":\"https:\\\/\\\/kohenavocats.com\\\/zh-hans\\\/tribunal-judiciaire-de-strasbourg-le-12-mars-2025-n24-05294\\\/\"},\"author\":{\"name\":\"Kohen\",\"@id\":\"https:\\\/\\\/kohenavocats.com\\\/zh-hans\\\/#\\\/schema\\\/person\\\/761c9ba54fa1ca84d405cef0831ff751\"},\"headline\":\"Tribunal judiciaire de Strasbourg, le 12 mars 2025, n\u00b024\\\/05294\",\"datePublished\":\"2026-04-24T02:20:10+00:00\",\"dateModified\":\"2026-04-26T16:54:38+00:00\",\"mainEntityOfPage\":{\"@id\":\"https:\\\/\\\/kohenavocats.com\\\/zh-hans\\\/tribunal-judiciaire-de-strasbourg-le-12-mars-2025-n24-05294\\\/\"},\"wordCount\":897,\"commentCount\":0,\"publisher\":{\"@id\":\"https:\\\/\\\/kohenavocats.com\\\/zh-hans\\\/#organization\"},\"image\":{\"@id\":\"https:\\\/\\\/kohenavocats.com\\\/zh-hans\\\/tribunal-judiciaire-de-strasbourg-le-12-mars-2025-n24-05294\\\/#primaryimage\"},\"thumbnailUrl\":\"https:\\\/\\\/kohenavocats.com\\\/wp-content\\\/uploads\\\/2024\\\/11\\\/curated-lifestyle-qCnkmrhcitk-unsplash.webp\",\"articleSection\":[\"CEDH\",\"CJUE\",\"Droit europ\u00e9en\",\"Immobilier\",\"Jurisprudence\"],\"inLanguage\":\"zh-Hans\",\"potentialAction\":[{\"@type\":\"CommentAction\",\"name\":\"Comment\",\"target\":[\"https:\\\/\\\/kohenavocats.com\\\/zh-hans\\\/tribunal-judiciaire-de-strasbourg-le-12-mars-2025-n24-05294\\\/#respond\"]}],\"citation\":\"Tribunal judiciaire de Strasbourg, le 12 mars 2025, n\u00b024\\\/05294\",\"about\":[{\"@type\":\"Thing\",\"name\":\"CEDH\"},{\"@type\":\"Thing\",\"name\":\"CJUE\"},{\"@type\":\"Thing\",\"name\":\"Droit europ\u00e9en\"},{\"@type\":\"Thing\",\"name\":\"Immobilier\"},{\"@type\":\"Thing\",\"name\":\"Jurisprudence\"}],\"speakable\":{\"@type\":\"SpeakableSpecification\",\"cssSelector\":[\".article-content > p:first-of-type\"]}},{\"@type\":\"WebPage\",\"@id\":\"https:\\\/\\\/kohenavocats.com\\\/zh-hans\\\/tribunal-judiciaire-de-strasbourg-le-12-mars-2025-n24-05294\\\/\",\"url\":\"https:\\\/\\\/kohenavocats.com\\\/zh-hans\\\/tribunal-judiciaire-de-strasbourg-le-12-mars-2025-n24-05294\\\/\",\"name\":\"Tribunal judiciaire de Strasbourg, le 12 mars 2025, n\u00b024\\\/05294 - Ma\u00eetre Hassan Kohen, avocat en droit p\u00e9nal \u00e0 Paris\",\"isPartOf\":{\"@id\":\"https:\\\/\\\/kohenavocats.com\\\/zh-hans\\\/#website\"},\"primaryImageOfPage\":{\"@id\":\"https:\\\/\\\/kohenavocats.com\\\/zh-hans\\\/tribunal-judiciaire-de-strasbourg-le-12-mars-2025-n24-05294\\\/#primaryimage\"},\"image\":{\"@id\":\"https:\\\/\\\/kohenavocats.com\\\/zh-hans\\\/tribunal-judiciaire-de-strasbourg-le-12-mars-2025-n24-05294\\\/#primaryimage\"},\"thumbnailUrl\":\"https:\\\/\\\/kohenavocats.com\\\/wp-content\\\/uploads\\\/2024\\\/11\\\/curated-lifestyle-qCnkmrhcitk-unsplash.webp\",\"datePublished\":\"2026-04-24T02:20:10+00:00\",\"dateModified\":\"2026-04-26T16:54:38+00:00\",\"description\":\"Le juge des contentieux de la protection, statuant en premier ressort, a rendu une d\u00e9cision le 12 mars 2025. Cette d\u00e9cision concerne un litige locatif opposa...\",\"breadcrumb\":{\"@id\":\"https:\\\/\\\/kohenavocats.com\\\/zh-hans\\\/tribunal-judiciaire-de-strasbourg-le-12-mars-2025-n24-05294\\\/#breadcrumb\"},\"inLanguage\":\"zh-Hans\",\"potentialAction\":[{\"@type\":\"ReadAction\",\"target\":[\"https:\\\/\\\/kohenavocats.com\\\/zh-hans\\\/tribunal-judiciaire-de-strasbourg-le-12-mars-2025-n24-05294\\\/\"]}]},{\"@type\":\"ImageObject\",\"inLanguage\":\"zh-Hans\",\"@id\":\"https:\\\/\\\/kohenavocats.com\\\/zh-hans\\\/tribunal-judiciaire-de-strasbourg-le-12-mars-2025-n24-05294\\\/#primaryimage\",\"url\":\"https:\\\/\\\/kohenavocats.com\\\/wp-content\\\/uploads\\\/2024\\\/11\\\/curated-lifestyle-qCnkmrhcitk-unsplash.webp\",\"contentUrl\":\"https:\\\/\\\/kohenavocats.com\\\/wp-content\\\/uploads\\\/2024\\\/11\\\/curated-lifestyle-qCnkmrhcitk-unsplash.webp\",\"width\":7000,\"height\":4672},{\"@type\":\"BreadcrumbList\",\"@id\":\"https:\\\/\\\/kohenavocats.com\\\/zh-hans\\\/tribunal-judiciaire-de-strasbourg-le-12-mars-2025-n24-05294\\\/#breadcrumb\",\"itemListElement\":[{\"@type\":\"ListItem\",\"position\":1,\"name\":\"Home\",\"item\":\"https:\\\/\\\/kohenavocats.com\\\/zh-hans\\\/\"},{\"@type\":\"ListItem\",\"position\":2,\"name\":\"Tribunal judiciaire de Strasbourg, le 12 mars 2025, n\u00b024\\\/05294\"}]},{\"@type\":\"WebSite\",\"@id\":\"https:\\\/\\\/kohenavocats.com\\\/zh-hans\\\/#website\",\"url\":\"https:\\\/\\\/kohenavocats.com\\\/zh-hans\\\/\",\"name\":\"Kohen Avocats\",\"description\":\"Ma\u00eetre Hassan Kohen, avocat p\u00e9naliste \u00e0 Paris, intervient exclusivement en droit p\u00e9nal pour la d\u00e9fense des particuliers, notamment en mati\u00e8re d\u2019accusations de viol. Il assure un accompagnement rigoureux d\u00e8s la garde \u00e0 vue jusqu\u2019\u00e0 la Cour d\u2019assises, veillant au strict respect des garanties proc\u00e9durales.\",\"publisher\":{\"@id\":\"https:\\\/\\\/kohenavocats.com\\\/zh-hans\\\/#organization\"},\"potentialAction\":[{\"@type\":\"SearchAction\",\"target\":{\"@type\":\"EntryPoint\",\"urlTemplate\":\"https:\\\/\\\/kohenavocats.com\\\/zh-hans\\\/?s={search_term_string}\"},\"query-input\":{\"@type\":\"PropertyValueSpecification\",\"valueRequired\":true,\"valueName\":\"search_term_string\"}}],\"inLanguage\":\"zh-Hans\"},{\"@type\":\"Organization\",\"@id\":\"https:\\\/\\\/kohenavocats.com\\\/zh-hans\\\/#organization\",\"name\":\"Kohen Avocats\",\"url\":\"https:\\\/\\\/kohenavocats.com\\\/zh-hans\\\/\",\"logo\":{\"@type\":\"ImageObject\",\"inLanguage\":\"zh-Hans\",\"@id\":\"https:\\\/\\\/kohenavocats.com\\\/zh-hans\\\/#\\\/schema\\\/logo\\\/image\\\/\",\"url\":\"https:\\\/\\\/kohenavocats.com\\\/wp-content\\\/uploads\\\/2026\\\/01\\\/Logo-2-1.webp\",\"contentUrl\":\"https:\\\/\\\/kohenavocats.com\\\/wp-content\\\/uploads\\\/2026\\\/01\\\/Logo-2-1.webp\",\"width\":2114,\"height\":1253,\"caption\":\"Kohen Avocats\"},\"image\":{\"@id\":\"https:\\\/\\\/kohenavocats.com\\\/zh-hans\\\/#\\\/schema\\\/logo\\\/image\\\/\"}},{\"@type\":\"Person\",\"@id\":\"https:\\\/\\\/kohenavocats.com\\\/zh-hans\\\/#\\\/schema\\\/person\\\/761c9ba54fa1ca84d405cef0831ff751\",\"name\":\"Kohen\",\"image\":{\"@type\":\"ImageObject\",\"inLanguage\":\"zh-Hans\",\"@id\":\"https:\\\/\\\/secure.gravatar.com\\\/avatar\\\/1c5e76ef76bbbfdd2b4da984e2bf2fa4056fd51a27d25ce2c332047f1dfd6e00?s=96&d=identicon&r=g\",\"url\":\"https:\\\/\\\/secure.gravatar.com\\\/avatar\\\/1c5e76ef76bbbfdd2b4da984e2bf2fa4056fd51a27d25ce2c332047f1dfd6e00?s=96&d=identicon&r=g\",\"contentUrl\":\"https:\\\/\\\/secure.gravatar.com\\\/avatar\\\/1c5e76ef76bbbfdd2b4da984e2bf2fa4056fd51a27d25ce2c332047f1dfd6e00?s=96&d=identicon&r=g\",\"caption\":\"Kohen\"},\"sameAs\":[\"https:\\\/\\\/www.linkedin.com\\\/in\\\/hassan-kohen-448548192\\\/\",\"https:\\\/\\\/www.youtube.com\\\/@Kohen-Avocats\"],\"url\":\"https:\\\/\\\/kohenavocats.com\\\/zh-hans\\\/author\\\/kohenmlk\\\/\"}]}<\/script>\n<!-- \/ Yoast SEO Premium plugin. -->","yoast_head_json":{"title":"Tribunal judiciaire de Strasbourg, le 12 mars 2025, n\u00b024\/05294 - Ma\u00eetre Hassan Kohen, avocat en droit p\u00e9nal \u00e0 Paris","description":"Le juge des contentieux de la protection, statuant en premier ressort, a rendu une d\u00e9cision le 12 mars 2025. Cette d\u00e9cision concerne un litige locatif opposa...","robots":{"index":"index","follow":"follow","max-snippet":"max-snippet:-1","max-image-preview":"max-image-preview:large","max-video-preview":"max-video-preview:-1"},"canonical":"https:\/\/kohenavocats.com\/zh-hans\/tribunal-judiciaire-de-strasbourg-le-12-mars-2025-n24-05294\/","og_locale":"zh_CN","og_type":"article","og_title":"Tribunal judiciaire de Strasbourg, le 12 mars 2025, n\u00b024\/05294","og_description":"Le juge des contentieux de la protection, statuant en premier ressort, a rendu une d\u00e9cision le 12 mars 2025. Cette d\u00e9cision concerne un litige locatif opposa...","og_url":"https:\/\/kohenavocats.com\/zh-hans\/tribunal-judiciaire-de-strasbourg-le-12-mars-2025-n24-05294\/","og_site_name":"Ma\u00eetre Hassan Kohen, avocat en droit p\u00e9nal \u00e0 Paris","article_published_time":"2026-04-24T02:20:10+00:00","article_modified_time":"2026-04-26T16:54:38+00:00","og_image":[{"width":7000,"height":4672,"url":"https:\/\/kohenavocats.com\/wp-content\/uploads\/2024\/11\/curated-lifestyle-qCnkmrhcitk-unsplash.webp","type":"image\/webp"}],"author":"Kohen","twitter_card":"summary_large_image","twitter_misc":{"\u4f5c\u8005":"Kohen","\u9884\u8ba1\u9605\u8bfb\u65f6\u95f4":"4 \u5206"},"schema":{"@context":"https:\/\/schema.org","@graph":[{"@type":"Article","@id":"https:\/\/kohenavocats.com\/zh-hans\/tribunal-judiciaire-de-strasbourg-le-12-mars-2025-n24-05294\/#article","isPartOf":{"@id":"https:\/\/kohenavocats.com\/zh-hans\/tribunal-judiciaire-de-strasbourg-le-12-mars-2025-n24-05294\/"},"author":{"name":"Kohen","@id":"https:\/\/kohenavocats.com\/zh-hans\/#\/schema\/person\/761c9ba54fa1ca84d405cef0831ff751"},"headline":"Tribunal judiciaire de Strasbourg, le 12 mars 2025, n\u00b024\/05294","datePublished":"2026-04-24T02:20:10+00:00","dateModified":"2026-04-26T16:54:38+00:00","mainEntityOfPage":{"@id":"https:\/\/kohenavocats.com\/zh-hans\/tribunal-judiciaire-de-strasbourg-le-12-mars-2025-n24-05294\/"},"wordCount":897,"commentCount":0,"publisher":{"@id":"https:\/\/kohenavocats.com\/zh-hans\/#organization"},"image":{"@id":"https:\/\/kohenavocats.com\/zh-hans\/tribunal-judiciaire-de-strasbourg-le-12-mars-2025-n24-05294\/#primaryimage"},"thumbnailUrl":"https:\/\/kohenavocats.com\/wp-content\/uploads\/2024\/11\/curated-lifestyle-qCnkmrhcitk-unsplash.webp","articleSection":["CEDH","CJUE","Droit europ\u00e9en","Immobilier","Jurisprudence"],"inLanguage":"zh-Hans","potentialAction":[{"@type":"CommentAction","name":"Comment","target":["https:\/\/kohenavocats.com\/zh-hans\/tribunal-judiciaire-de-strasbourg-le-12-mars-2025-n24-05294\/#respond"]}],"citation":"Tribunal judiciaire de Strasbourg, le 12 mars 2025, n\u00b024\/05294","about":[{"@type":"Thing","name":"CEDH"},{"@type":"Thing","name":"CJUE"},{"@type":"Thing","name":"Droit europ\u00e9en"},{"@type":"Thing","name":"Immobilier"},{"@type":"Thing","name":"Jurisprudence"}],"speakable":{"@type":"SpeakableSpecification","cssSelector":[".article-content > p:first-of-type"]}},{"@type":"WebPage","@id":"https:\/\/kohenavocats.com\/zh-hans\/tribunal-judiciaire-de-strasbourg-le-12-mars-2025-n24-05294\/","url":"https:\/\/kohenavocats.com\/zh-hans\/tribunal-judiciaire-de-strasbourg-le-12-mars-2025-n24-05294\/","name":"Tribunal judiciaire de Strasbourg, le 12 mars 2025, n\u00b024\/05294 - Ma\u00eetre Hassan Kohen, avocat en droit p\u00e9nal \u00e0 Paris","isPartOf":{"@id":"https:\/\/kohenavocats.com\/zh-hans\/#website"},"primaryImageOfPage":{"@id":"https:\/\/kohenavocats.com\/zh-hans\/tribunal-judiciaire-de-strasbourg-le-12-mars-2025-n24-05294\/#primaryimage"},"image":{"@id":"https:\/\/kohenavocats.com\/zh-hans\/tribunal-judiciaire-de-strasbourg-le-12-mars-2025-n24-05294\/#primaryimage"},"thumbnailUrl":"https:\/\/kohenavocats.com\/wp-content\/uploads\/2024\/11\/curated-lifestyle-qCnkmrhcitk-unsplash.webp","datePublished":"2026-04-24T02:20:10+00:00","dateModified":"2026-04-26T16:54:38+00:00","description":"Le juge des contentieux de la protection, statuant en premier ressort, a rendu une d\u00e9cision le 12 mars 2025. Cette d\u00e9cision concerne un litige locatif opposa...","breadcrumb":{"@id":"https:\/\/kohenavocats.com\/zh-hans\/tribunal-judiciaire-de-strasbourg-le-12-mars-2025-n24-05294\/#breadcrumb"},"inLanguage":"zh-Hans","potentialAction":[{"@type":"ReadAction","target":["https:\/\/kohenavocats.com\/zh-hans\/tribunal-judiciaire-de-strasbourg-le-12-mars-2025-n24-05294\/"]}]},{"@type":"ImageObject","inLanguage":"zh-Hans","@id":"https:\/\/kohenavocats.com\/zh-hans\/tribunal-judiciaire-de-strasbourg-le-12-mars-2025-n24-05294\/#primaryimage","url":"https:\/\/kohenavocats.com\/wp-content\/uploads\/2024\/11\/curated-lifestyle-qCnkmrhcitk-unsplash.webp","contentUrl":"https:\/\/kohenavocats.com\/wp-content\/uploads\/2024\/11\/curated-lifestyle-qCnkmrhcitk-unsplash.webp","width":7000,"height":4672},{"@type":"BreadcrumbList","@id":"https:\/\/kohenavocats.com\/zh-hans\/tribunal-judiciaire-de-strasbourg-le-12-mars-2025-n24-05294\/#breadcrumb","itemListElement":[{"@type":"ListItem","position":1,"name":"Home","item":"https:\/\/kohenavocats.com\/zh-hans\/"},{"@type":"ListItem","position":2,"name":"Tribunal judiciaire de Strasbourg, le 12 mars 2025, n\u00b024\/05294"}]},{"@type":"WebSite","@id":"https:\/\/kohenavocats.com\/zh-hans\/#website","url":"https:\/\/kohenavocats.com\/zh-hans\/","name":"Kohen Avocats","description":"Ma\u00eetre Hassan Kohen, avocat p\u00e9naliste \u00e0 Paris, intervient exclusivement en droit p\u00e9nal pour la d\u00e9fense des particuliers, notamment en mati\u00e8re d\u2019accusations de viol. Il assure un accompagnement rigoureux d\u00e8s la garde \u00e0 vue jusqu\u2019\u00e0 la Cour d\u2019assises, veillant au strict respect des garanties proc\u00e9durales.","publisher":{"@id":"https:\/\/kohenavocats.com\/zh-hans\/#organization"},"potentialAction":[{"@type":"SearchAction","target":{"@type":"EntryPoint","urlTemplate":"https:\/\/kohenavocats.com\/zh-hans\/?s={search_term_string}"},"query-input":{"@type":"PropertyValueSpecification","valueRequired":true,"valueName":"search_term_string"}}],"inLanguage":"zh-Hans"},{"@type":"Organization","@id":"https:\/\/kohenavocats.com\/zh-hans\/#organization","name":"Kohen Avocats","url":"https:\/\/kohenavocats.com\/zh-hans\/","logo":{"@type":"ImageObject","inLanguage":"zh-Hans","@id":"https:\/\/kohenavocats.com\/zh-hans\/#\/schema\/logo\/image\/","url":"https:\/\/kohenavocats.com\/wp-content\/uploads\/2026\/01\/Logo-2-1.webp","contentUrl":"https:\/\/kohenavocats.com\/wp-content\/uploads\/2026\/01\/Logo-2-1.webp","width":2114,"height":1253,"caption":"Kohen Avocats"},"image":{"@id":"https:\/\/kohenavocats.com\/zh-hans\/#\/schema\/logo\/image\/"}},{"@type":"Person","@id":"https:\/\/kohenavocats.com\/zh-hans\/#\/schema\/person\/761c9ba54fa1ca84d405cef0831ff751","name":"Kohen","image":{"@type":"ImageObject","inLanguage":"zh-Hans","@id":"https:\/\/secure.gravatar.com\/avatar\/1c5e76ef76bbbfdd2b4da984e2bf2fa4056fd51a27d25ce2c332047f1dfd6e00?s=96&d=identicon&r=g","url":"https:\/\/secure.gravatar.com\/avatar\/1c5e76ef76bbbfdd2b4da984e2bf2fa4056fd51a27d25ce2c332047f1dfd6e00?s=96&d=identicon&r=g","contentUrl":"https:\/\/secure.gravatar.com\/avatar\/1c5e76ef76bbbfdd2b4da984e2bf2fa4056fd51a27d25ce2c332047f1dfd6e00?s=96&d=identicon&r=g","caption":"Kohen"},"sameAs":["https:\/\/www.linkedin.com\/in\/hassan-kohen-448548192\/","https:\/\/www.youtube.com\/@Kohen-Avocats"],"url":"https:\/\/kohenavocats.com\/zh-hans\/author\/kohenmlk\/"}]}},"jetpack_featured_media_url":"https:\/\/kohenavocats.com\/wp-content\/uploads\/2024\/11\/curated-lifestyle-qCnkmrhcitk-unsplash.webp","jetpack_likes_enabled":false,"jetpack_shortlink":"https:\/\/wp.me\/peCrII-2NN2","jetpack-related-posts":[{"id":487158,"url":"https:\/\/kohenavocats.com\/zh-hans\/tribunal-judiciaire-de-caen-le-13-mars-2025-n25-01477\/","url_meta":{"origin":668052,"position":0},"title":"Tribunal judiciaire de Caen, le 13 mars 2025, n\u00b025\/01477","author":"Kohen","date":"2026\u5e744\u67088\u65e5","format":false,"excerpt":"Le juge des contentieux de la protection du tribun\u2026","rel":"","context":"\u5728\u201cJurisprudence\u201d\u4e2d","block_context":{"text":"Jurisprudence","link":"https:\/\/kohenavocats.com\/category\/jurisprudence\/"},"img":{"alt_text":"","src":"https:\/\/i0.wp.com\/kohenavocats.com\/wp-content\/uploads\/2024\/08\/zdenek-machacek-lmZtT6q8tt0-unsplash.webp?resize=350%2C200&ssl=1","width":350,"height":200,"srcset":"https:\/\/i0.wp.com\/kohenavocats.com\/wp-content\/uploads\/2024\/08\/zdenek-machacek-lmZtT6q8tt0-unsplash.webp?resize=350%2C200&ssl=1 1x, https:\/\/i0.wp.com\/kohenavocats.com\/wp-content\/uploads\/2024\/08\/zdenek-machacek-lmZtT6q8tt0-unsplash.webp?resize=525%2C300&ssl=1 1.5x, https:\/\/i0.wp.com\/kohenavocats.com\/wp-content\/uploads\/2024\/08\/zdenek-machacek-lmZtT6q8tt0-unsplash.webp?resize=700%2C400&ssl=1 2x, https:\/\/i0.wp.com\/kohenavocats.com\/wp-content\/uploads\/2024\/08\/zdenek-machacek-lmZtT6q8tt0-unsplash.webp?resize=1050%2C600&ssl=1 3x, https:\/\/i0.wp.com\/kohenavocats.com\/wp-content\/uploads\/2024\/08\/zdenek-machacek-lmZtT6q8tt0-unsplash.webp?resize=1400%2C800&ssl=1 4x"},"classes":[]},{"id":492577,"url":"https:\/\/kohenavocats.com\/zh-hans\/tribunal-judiciaire-de-tours-le-17-novembre-2025-n24-04522\/","url_meta":{"origin":668052,"position":1},"title":"Tribunal judiciaire de Tours, le 17 novembre 2025, n\u00b024\/04522","author":"Kohen","date":"2026\u5e744\u67088\u65e5","format":false,"excerpt":"Le tribunal judiciaire de Tours, statuant en mati\u00e8\u2026","rel":"","context":"\u5728\u201cJurisprudence\u201d\u4e2d","block_context":{"text":"Jurisprudence","link":"https:\/\/kohenavocats.com\/category\/jurisprudence\/"},"img":{"alt_text":"","src":"https:\/\/i0.wp.com\/kohenavocats.com\/wp-content\/uploads\/2024\/07\/nathan-cima-UMK1mwunTZ8-unsplash.webp?resize=350%2C200&ssl=1","width":350,"height":200,"srcset":"https:\/\/i0.wp.com\/kohenavocats.com\/wp-content\/uploads\/2024\/07\/nathan-cima-UMK1mwunTZ8-unsplash.webp?resize=350%2C200&ssl=1 1x, https:\/\/i0.wp.com\/kohenavocats.com\/wp-content\/uploads\/2024\/07\/nathan-cima-UMK1mwunTZ8-unsplash.webp?resize=525%2C300&ssl=1 1.5x, https:\/\/i0.wp.com\/kohenavocats.com\/wp-content\/uploads\/2024\/07\/nathan-cima-UMK1mwunTZ8-unsplash.webp?resize=700%2C400&ssl=1 2x, https:\/\/i0.wp.com\/kohenavocats.com\/wp-content\/uploads\/2024\/07\/nathan-cima-UMK1mwunTZ8-unsplash.webp?resize=1050%2C600&ssl=1 3x, https:\/\/i0.wp.com\/kohenavocats.com\/wp-content\/uploads\/2024\/07\/nathan-cima-UMK1mwunTZ8-unsplash.webp?resize=1400%2C800&ssl=1 4x"},"classes":[]},{"id":492546,"url":"https:\/\/kohenavocats.com\/zh-hans\/tribunal-judiciaire-de-bobigny-le-16-septembre-2025-n24-11928\/","url_meta":{"origin":668052,"position":2},"title":"Tribunal judiciaire de Bobigny, le 16 septembre 2025, n\u00b024\/11928","author":"Kohen","date":"2026\u5e744\u67088\u65e5","format":false,"excerpt":"Le juge des contentieux de la protection, statuant\u2026","rel":"","context":"\u5728\u201cJurisprudence\u201d\u4e2d","block_context":{"text":"Jurisprudence","link":"https:\/\/kohenavocats.com\/category\/jurisprudence\/"},"img":{"alt_text":"","src":"https:\/\/i0.wp.com\/kohenavocats.com\/wp-content\/uploads\/2024\/11\/getty-images-aGTPv7ghZYc-unsplash.webp?resize=350%2C200&ssl=1","width":350,"height":200,"srcset":"https:\/\/i0.wp.com\/kohenavocats.com\/wp-content\/uploads\/2024\/11\/getty-images-aGTPv7ghZYc-unsplash.webp?resize=350%2C200&ssl=1 1x, https:\/\/i0.wp.com\/kohenavocats.com\/wp-content\/uploads\/2024\/11\/getty-images-aGTPv7ghZYc-unsplash.webp?resize=525%2C300&ssl=1 1.5x, https:\/\/i0.wp.com\/kohenavocats.com\/wp-content\/uploads\/2024\/11\/getty-images-aGTPv7ghZYc-unsplash.webp?resize=700%2C400&ssl=1 2x, https:\/\/i0.wp.com\/kohenavocats.com\/wp-content\/uploads\/2024\/11\/getty-images-aGTPv7ghZYc-unsplash.webp?resize=1050%2C600&ssl=1 3x, https:\/\/i0.wp.com\/kohenavocats.com\/wp-content\/uploads\/2024\/11\/getty-images-aGTPv7ghZYc-unsplash.webp?resize=1400%2C800&ssl=1 4x"},"classes":[]},{"id":492988,"url":"https:\/\/kohenavocats.com\/zh-hans\/tribunal-judiciaire-de-bordeaux-le-16-septembre-2025-n25-01323\/","url_meta":{"origin":668052,"position":3},"title":"Tribunal judiciaire de Bordeaux, le 16 septembre 2025, n\u00b025\/01323","author":"Kohen","date":"2026\u5e744\u67088\u65e5","format":false,"excerpt":"Le juge des contentieux de la protection, statuant\u2026","rel":"","context":"\u5728\u201cJurisprudence\u201d\u4e2d","block_context":{"text":"Jurisprudence","link":"https:\/\/kohenavocats.com\/category\/jurisprudence\/"},"img":{"alt_text":"","src":"https:\/\/i0.wp.com\/kohenavocats.com\/wp-content\/uploads\/2024\/11\/mohamed-nohassi-LQw7fIchK-o-unsplash.webp?resize=350%2C200&ssl=1","width":350,"height":200,"srcset":"https:\/\/i0.wp.com\/kohenavocats.com\/wp-content\/uploads\/2024\/11\/mohamed-nohassi-LQw7fIchK-o-unsplash.webp?resize=350%2C200&ssl=1 1x, https:\/\/i0.wp.com\/kohenavocats.com\/wp-content\/uploads\/2024\/11\/mohamed-nohassi-LQw7fIchK-o-unsplash.webp?resize=525%2C300&ssl=1 1.5x, https:\/\/i0.wp.com\/kohenavocats.com\/wp-content\/uploads\/2024\/11\/mohamed-nohassi-LQw7fIchK-o-unsplash.webp?resize=700%2C400&ssl=1 2x, https:\/\/i0.wp.com\/kohenavocats.com\/wp-content\/uploads\/2024\/11\/mohamed-nohassi-LQw7fIchK-o-unsplash.webp?resize=1050%2C600&ssl=1 3x, https:\/\/i0.wp.com\/kohenavocats.com\/wp-content\/uploads\/2024\/11\/mohamed-nohassi-LQw7fIchK-o-unsplash.webp?resize=1400%2C800&ssl=1 4x"},"classes":[]},{"id":486073,"url":"https:\/\/kohenavocats.com\/zh-hans\/tribunal-judiciaire-de-aix-en-provence-le-22-juillet-2025-n24-04892\/","url_meta":{"origin":668052,"position":4},"title":"Tribunal judiciaire de Aix-en-Provence, le 22 juillet 2025, n\u00b024\/04892","author":"Kohen","date":"2026\u5e744\u67088\u65e5","format":false,"excerpt":"Le tribunal judiciaire d\u2019Aix-en-Provence, statuant\u2026","rel":"","context":"\u5728\u201cJurisprudence\u201d\u4e2d","block_context":{"text":"Jurisprudence","link":"https:\/\/kohenavocats.com\/category\/jurisprudence\/"},"img":{"alt_text":"","src":"https:\/\/i0.wp.com\/kohenavocats.com\/wp-content\/uploads\/2024\/11\/shubham-dhage-ICCn56-jyuw-unsplash.webp?resize=350%2C200&ssl=1","width":350,"height":200,"srcset":"https:\/\/i0.wp.com\/kohenavocats.com\/wp-content\/uploads\/2024\/11\/shubham-dhage-ICCn56-jyuw-unsplash.webp?resize=350%2C200&ssl=1 1x, https:\/\/i0.wp.com\/kohenavocats.com\/wp-content\/uploads\/2024\/11\/shubham-dhage-ICCn56-jyuw-unsplash.webp?resize=525%2C300&ssl=1 1.5x, https:\/\/i0.wp.com\/kohenavocats.com\/wp-content\/uploads\/2024\/11\/shubham-dhage-ICCn56-jyuw-unsplash.webp?resize=700%2C400&ssl=1 2x, https:\/\/i0.wp.com\/kohenavocats.com\/wp-content\/uploads\/2024\/11\/shubham-dhage-ICCn56-jyuw-unsplash.webp?resize=1050%2C600&ssl=1 3x, https:\/\/i0.wp.com\/kohenavocats.com\/wp-content\/uploads\/2024\/11\/shubham-dhage-ICCn56-jyuw-unsplash.webp?resize=1400%2C800&ssl=1 4x"},"classes":[]},{"id":490176,"url":"https:\/\/kohenavocats.com\/zh-hans\/tribunal-judiciaire-de-la-reunion-le-20-novembre-2025-n25-00375\/","url_meta":{"origin":668052,"position":5},"title":"Tribunal judiciaire de La R\u00e9union, le 20 novembre 2025, n\u00b025\/00375","author":"Kohen","date":"2026\u5e744\u67088\u65e5","format":false,"excerpt":"Le tribunal judiciaire de Paris, statuant en r\u00e9f\u00e9r\u2026","rel":"","context":"\u5728\u201cD\u00e9cisions juridiques\u201d\u4e2d","block_context":{"text":"D\u00e9cisions juridiques","link":"https:\/\/kohenavocats.com\/category\/decisions-juridiques\/"},"img":{"alt_text":"","src":"https:\/\/i0.wp.com\/kohenavocats.com\/wp-content\/uploads\/2024\/11\/allison-saeng-MrtYdShGeQY-unsplash.webp?resize=350%2C200&ssl=1","width":350,"height":200,"srcset":"https:\/\/i0.wp.com\/kohenavocats.com\/wp-content\/uploads\/2024\/11\/allison-saeng-MrtYdShGeQY-unsplash.webp?resize=350%2C200&ssl=1 1x, https:\/\/i0.wp.com\/kohenavocats.com\/wp-content\/uploads\/2024\/11\/allison-saeng-MrtYdShGeQY-unsplash.webp?resize=525%2C300&ssl=1 1.5x, https:\/\/i0.wp.com\/kohenavocats.com\/wp-content\/uploads\/2024\/11\/allison-saeng-MrtYdShGeQY-unsplash.webp?resize=700%2C400&ssl=1 2x, https:\/\/i0.wp.com\/kohenavocats.com\/wp-content\/uploads\/2024\/11\/allison-saeng-MrtYdShGeQY-unsplash.webp?resize=1050%2C600&ssl=1 3x, https:\/\/i0.wp.com\/kohenavocats.com\/wp-content\/uploads\/2024\/11\/allison-saeng-MrtYdShGeQY-unsplash.webp?resize=1400%2C800&ssl=1 4x"},"classes":[]}],"jetpack_sharing_enabled":true,"_links":{"self":[{"href":"https:\/\/kohenavocats.com\/zh-hans\/wp-json\/wp\/v2\/posts\/668052","targetHints":{"allow":["GET"]}}],"collection":[{"href":"https:\/\/kohenavocats.com\/zh-hans\/wp-json\/wp\/v2\/posts"}],"about":[{"href":"https:\/\/kohenavocats.com\/zh-hans\/wp-json\/wp\/v2\/types\/post"}],"author":[{"embeddable":true,"href":"https:\/\/kohenavocats.com\/zh-hans\/wp-json\/wp\/v2\/users\/232070755"}],"replies":[{"embeddable":true,"href":"https:\/\/kohenavocats.com\/zh-hans\/wp-json\/wp\/v2\/comments?post=668052"}],"version-history":[{"count":1,"href":"https:\/\/kohenavocats.com\/zh-hans\/wp-json\/wp\/v2\/posts\/668052\/revisions"}],"predecessor-version":[{"id":696240,"href":"https:\/\/kohenavocats.com\/zh-hans\/wp-json\/wp\/v2\/posts\/668052\/revisions\/696240"}],"wp:featuredmedia":[{"embeddable":true,"href":"https:\/\/kohenavocats.com\/zh-hans\/wp-json\/wp\/v2\/media\/9444"}],"wp:attachment":[{"href":"https:\/\/kohenavocats.com\/zh-hans\/wp-json\/wp\/v2\/media?parent=668052"}],"wp:term":[{"taxonomy":"category","embeddable":true,"href":"https:\/\/kohenavocats.com\/zh-hans\/wp-json\/wp\/v2\/categories?post=668052"},{"taxonomy":"post_tag","embeddable":true,"href":"https:\/\/kohenavocats.com\/zh-hans\/wp-json\/wp\/v2\/tags?post=668052"}],"curies":[{"name":"wp","href":"https:\/\/api.w.org\/{rel}","templated":true}]}}