{"id":668374,"date":"2026-04-24T04:43:38","date_gmt":"2026-04-24T02:43:38","guid":{"rendered":"https:\/\/kohenavocats.com\/tribunal-judiciaire-de-bobigny-le-17-juin-2025-n25-04305\/"},"modified":"2026-04-26T19:34:14","modified_gmt":"2026-04-26T17:34:14","slug":"tribunal-judiciaire-de-bobigny-le-17-juin-2025-n25-04305","status":"publish","type":"post","link":"https:\/\/kohenavocats.com\/zh-hans\/tribunal-judiciaire-de-bobigny-le-17-juin-2025-n25-04305\/","title":{"rendered":"Tribunal judiciaire de Bobigny, le 17 juin 2025, n\u00b025\/04305"},"content":{"rendered":"<div class=\"article-content\">\n<p>Le juge des contentieux de la protection, statuant en premier ressort, a rendu sa d\u00e9cision le 17 juin 2025. Le litige opposait un bailleur social \u00e0 son locataire pour impay\u00e9s de loyers. Le bailleur demandait la r\u00e9siliation du bail et l&#8217;expulsion, invoquant une <a href=\"https:\/\/kohenavocats.fr\/avocat-resiliation-bail-paris\/\" target=\"_blank\" title=\"clause r\u00e9solutoire\">clause r\u00e9solutoire<\/a> contractuelle. La question principale concernait l&#8217;application de la loi nouvelle au bail en cours. Le juge a appliqu\u00e9 le d\u00e9lai contractuel de deux mois et a accord\u00e9 des d\u00e9lais de paiement au locataire.<\/p>\n<p>La primaut\u00e9 de la volont\u00e9 contractuelle sur la loi nouvelle<\/p>\n<p>Le juge a d&#8217;abord d\u00e9termin\u00e9 la loi applicable au litige. La loi du 27 juillet 2023 a modifi\u00e9 l&#8217;article 24 de la loi de 1989 en r\u00e9duisant le d\u00e9lai minimal pour solder les impay\u00e9s. Le <a href=\"https:\/\/kohenavocats.fr\/avocat-recouvrement-loyers-paris\/\" target=\"_blank\" title=\"commandement de payer\">commandement de payer<\/a> \u00e9tant intervenu apr\u00e8s l&#8217;entr\u00e9e en vigueur de cette loi, son application imm\u00e9diate \u00e9tait envisageable. Toutefois, le juge a rappel\u00e9 les principes cardinaux de s\u00e9curit\u00e9 juridique et de libert\u00e9 contractuelle. Il a ainsi estim\u00e9 que &#8220;les effets des contrats conclus ant\u00e9rieurement \u00e0 la loi nouvelle demeurent r\u00e9gis par les dispositions sous l&#8217;empire desquelles ils ont \u00e9t\u00e9 pass\u00e9s&#8221; (Motifs, Sur la loi applicable). La clause r\u00e9solutoire, librement n\u00e9goci\u00e9e, constitue une disposition contractuelle et non un effet l\u00e9gal du contrat. Son application rel\u00e8ve donc de la volont\u00e9 des parties, prot\u00e9g\u00e9e par l&#8217;article 2 du Code civil.<\/p>\n<p>La nature de l&#8217;ordre public en droit des baux d&#8217;habitation<\/p>\n<p>Le juge a ensuite examin\u00e9 si l&#8217;ordre public justifiait une application imm\u00e9diate de la loi nouvelle. Il a relev\u00e9 l&#8217;absence de dispositions transitoires dans la loi de 2023. Surtout, il a caract\u00e9ris\u00e9 l&#8217;ordre public en mati\u00e8re locative comme un ordre public de protection du locataire. Un d\u00e9lai contractuel de deux mois est plus favorable qu&#8217;un d\u00e9lai l\u00e9gal de six semaines. &#8220;R\u00e9duire ce d\u00e9lai m\u00e8ne ainsi \u00e0 judiciariser des situations d&#8217;impay\u00e9s qui auraient pu se r\u00e9soudre \u00e0 l&#8217;amiable&#8221; (Motifs, Sur la loi applicable). L&#8217;application r\u00e9troactive de la loi nouvelle serait donc contraire \u00e0 l&#8217;objectif de protection. Cette analyse rejoint la position de la Cour de cassation, dont l&#8217;avis du 13 juin 2024 est cit\u00e9 \u00e0 l&#8217;appui. La solution consacre la stabilit\u00e9 des conventions face \u00e0 une r\u00e9forme l\u00e9gislative.<\/p>\n<p>L&#8217;am\u00e9nagement judiciaire des cons\u00e9quences de la r\u00e9siliation<\/p>\n<p>Le juge a constat\u00e9 l&#8217;acquisition de la clause r\u00e9solutoire au terme du d\u00e9lai contractuel de deux mois. La r\u00e9siliation de plein droit du bail est donc intervenue. Cependant, le juge a utilis\u00e9 le pouvoir que lui conf\u00e8re la loi pour am\u00e9nager les effets de cette r\u00e9siliation. Constatant que le locataire avait repris le paiement du loyer courant et propos\u00e9 un \u00e9ch\u00e9ancier, il a accord\u00e9 des d\u00e9lais de paiement. Il a ainsi suspendu les effets de la clause r\u00e9solutoire pendant le cours de ces d\u00e9lais. Cette suspension est conditionnelle : tout nouvel impay\u00e9 entra\u00eenera la d\u00e9ch\u00e9ance du b\u00e9n\u00e9fice des d\u00e9lais. Le juge op\u00e8re ainsi une conciliation entre le droit du bailleur au recouvrement et la protection du locataire contre l&#8217;expulsion.<\/p>\n<p>La port\u00e9e p\u00e9dagogique et pratique de la d\u00e9cision<\/p>\n<p>Cette d\u00e9cision d\u00e9limite clairement le champ d&#8217;application de la r\u00e9forme de 2023. Elle prot\u00e8ge la s\u00e9curit\u00e9 des transactions en maintenant les d\u00e9lais contractuels pour les baux ant\u00e9rieurs. Elle rappelle \u00e9galement aux bailleurs la n\u00e9cessit\u00e9 de coh\u00e9rence dans leurs actes. Un commandement mentionnant un d\u00e9lai contractuel de deux mois mais visant le nouveau d\u00e9lai l\u00e9gal serait &#8220;de nature \u00e0 induire le locataire en erreur&#8221; (Motifs, Sur la loi applicable). Enfin, elle illustre le r\u00f4le actif du juge des contentieux de la protection. Celui-ci ne se borne pas \u00e0 constater la r\u00e9siliation mais use de ses pouvoirs pour tenter de maintenir dans les lieux un locataire de bonne foi. La d\u00e9cision \u00e9quilibre ainsi les int\u00e9r\u00eats en pr\u00e9sence dans le respect du droit au logement.<\/p>\n<\/div>\n","protected":false},"excerpt":{"rendered":"<p>Le juge des contentieux de la protection, statuant en premier ressort, a rendu sa d\u00e9cision le 17 juin 2025. Le litige opposait un bailleur social \u00e0 son locat&#8230;<\/p>\n","protected":false},"author":232070755,"featured_media":4819,"comment_status":"open","ping_status":"open","sticky":false,"template":"","format":"standard","meta":{"_crdt_document":"","_jetpack_newsletter_access":"","_jetpack_dont_email_post_to_subs":false,"_jetpack_newsletter_tier_id":0,"_jetpack_memberships_contains_paywalled_content":false,"_kj_source_type":"judilibre","_kj_official_id":"68d5836d876d446c8f481d96","_kj_official_url":"https:\/\/www.courdecassation.fr\/decision\/68d5836d876d446c8f481d96","_kj_judilibre_id":"68d5836d876d446c8f481d96","_kj_jur":"Tribunal judiciaire","_kj_lieu":"Tribunal judiciaire de Bobigny","_kj_chambre":"Chambre 26 \/ Proxi fond","_kj_rg":"25\/04305","_kj_date":"2025-09-22","_jetpack_memberships_contains_paid_content":false,"footnotes":"","jetpack_post_was_ever_published":false},"categories":[35583,7597],"tags":[],"class_list":["post-668374","post","type-post","status-publish","format-standard","has-post-thumbnail","hentry","category-immobilier","category-jurisprudence"],"yoast_head":"<!-- This site is optimized with the Yoast SEO Premium plugin v27.5 (Yoast SEO v27.5) - https:\/\/yoast.com\/product\/yoast-seo-premium-wordpress\/ -->\n<title>Tribunal judiciaire de Bobigny, le 17 juin 2025, n\u00b025\/04305 - Ma\u00eetre Hassan Kohen, avocat en droit p\u00e9nal \u00e0 Paris<\/title>\n<meta name=\"description\" content=\"Le juge des contentieux de la protection, statuant en premier ressort, a rendu sa d\u00e9cision le 17 juin 2025. Le litige opposait un bailleur social \u00e0 son locat...\" \/>\n<meta name=\"robots\" content=\"index, follow, max-snippet:-1, max-image-preview:large, max-video-preview:-1\" \/>\n<link rel=\"canonical\" href=\"https:\/\/kohenavocats.com\/zh-hans\/tribunal-judiciaire-de-bobigny-le-17-juin-2025-n25-04305\/\" \/>\n<meta property=\"og:locale\" content=\"zh_CN\" \/>\n<meta property=\"og:type\" content=\"article\" \/>\n<meta property=\"og:title\" content=\"Tribunal judiciaire de Bobigny, le 17 juin 2025, n\u00b025\/04305\" \/>\n<meta property=\"og:description\" content=\"Le juge des contentieux de la protection, statuant en premier ressort, a rendu sa d\u00e9cision le 17 juin 2025. Le litige opposait un bailleur social \u00e0 son locat...\" \/>\n<meta property=\"og:url\" content=\"https:\/\/kohenavocats.com\/zh-hans\/tribunal-judiciaire-de-bobigny-le-17-juin-2025-n25-04305\/\" \/>\n<meta property=\"og:site_name\" content=\"Ma\u00eetre Hassan Kohen, avocat en droit p\u00e9nal \u00e0 Paris\" \/>\n<meta property=\"article:published_time\" content=\"2026-04-24T02:43:38+00:00\" \/>\n<meta property=\"article:modified_time\" content=\"2026-04-26T17:34:14+00:00\" \/>\n<meta property=\"og:image\" content=\"https:\/\/kohenavocats.com\/wp-content\/uploads\/2024\/08\/chelms-varthoumlien-4lTf2N6pHZw-unsplash.webp\" \/>\n\t<meta property=\"og:image:width\" content=\"6000\" \/>\n\t<meta property=\"og:image:height\" content=\"4000\" \/>\n\t<meta property=\"og:image:type\" content=\"image\/webp\" \/>\n<meta name=\"author\" content=\"Kohen\" \/>\n<meta name=\"twitter:card\" content=\"summary_large_image\" \/>\n<meta name=\"twitter:label1\" content=\"\u4f5c\u8005\" \/>\n\t<meta name=\"twitter:data1\" content=\"Kohen\" \/>\n\t<meta name=\"twitter:label2\" content=\"\u9884\u8ba1\u9605\u8bfb\u65f6\u95f4\" \/>\n\t<meta name=\"twitter:data2\" content=\"3 \u5206\" \/>\n<script type=\"application\/ld+json\" class=\"yoast-schema-graph\">{\"@context\":\"https:\\\/\\\/schema.org\",\"@graph\":[{\"@type\":\"Article\",\"@id\":\"https:\\\/\\\/kohenavocats.com\\\/zh-hans\\\/tribunal-judiciaire-de-bobigny-le-17-juin-2025-n25-04305\\\/#article\",\"isPartOf\":{\"@id\":\"https:\\\/\\\/kohenavocats.com\\\/zh-hans\\\/tribunal-judiciaire-de-bobigny-le-17-juin-2025-n25-04305\\\/\"},\"author\":{\"name\":\"Kohen\",\"@id\":\"https:\\\/\\\/kohenavocats.com\\\/zh-hans\\\/#\\\/schema\\\/person\\\/761c9ba54fa1ca84d405cef0831ff751\"},\"headline\":\"Tribunal judiciaire de Bobigny, le 17 juin 2025, n\u00b025\\\/04305\",\"datePublished\":\"2026-04-24T02:43:38+00:00\",\"dateModified\":\"2026-04-26T17:34:14+00:00\",\"mainEntityOfPage\":{\"@id\":\"https:\\\/\\\/kohenavocats.com\\\/zh-hans\\\/tribunal-judiciaire-de-bobigny-le-17-juin-2025-n25-04305\\\/\"},\"wordCount\":700,\"commentCount\":0,\"publisher\":{\"@id\":\"https:\\\/\\\/kohenavocats.com\\\/zh-hans\\\/#organization\"},\"image\":{\"@id\":\"https:\\\/\\\/kohenavocats.com\\\/zh-hans\\\/tribunal-judiciaire-de-bobigny-le-17-juin-2025-n25-04305\\\/#primaryimage\"},\"thumbnailUrl\":\"https:\\\/\\\/kohenavocats.com\\\/wp-content\\\/uploads\\\/2024\\\/08\\\/chelms-varthoumlien-4lTf2N6pHZw-unsplash.webp\",\"articleSection\":[\"Immobilier\",\"Jurisprudence\"],\"inLanguage\":\"zh-Hans\",\"potentialAction\":[{\"@type\":\"CommentAction\",\"name\":\"Comment\",\"target\":[\"https:\\\/\\\/kohenavocats.com\\\/zh-hans\\\/tribunal-judiciaire-de-bobigny-le-17-juin-2025-n25-04305\\\/#respond\"]}],\"citation\":\"Tribunal judiciaire de Bobigny, le 17 juin 2025, n\u00b025\\\/04305\",\"about\":[{\"@type\":\"Thing\",\"name\":\"Immobilier\"},{\"@type\":\"Thing\",\"name\":\"Jurisprudence\"}],\"speakable\":{\"@type\":\"SpeakableSpecification\",\"cssSelector\":[\".article-content > p:first-of-type\"]}},{\"@type\":\"WebPage\",\"@id\":\"https:\\\/\\\/kohenavocats.com\\\/zh-hans\\\/tribunal-judiciaire-de-bobigny-le-17-juin-2025-n25-04305\\\/\",\"url\":\"https:\\\/\\\/kohenavocats.com\\\/zh-hans\\\/tribunal-judiciaire-de-bobigny-le-17-juin-2025-n25-04305\\\/\",\"name\":\"Tribunal judiciaire de Bobigny, le 17 juin 2025, n\u00b025\\\/04305 - Ma\u00eetre Hassan Kohen, avocat en droit p\u00e9nal \u00e0 Paris\",\"isPartOf\":{\"@id\":\"https:\\\/\\\/kohenavocats.com\\\/zh-hans\\\/#website\"},\"primaryImageOfPage\":{\"@id\":\"https:\\\/\\\/kohenavocats.com\\\/zh-hans\\\/tribunal-judiciaire-de-bobigny-le-17-juin-2025-n25-04305\\\/#primaryimage\"},\"image\":{\"@id\":\"https:\\\/\\\/kohenavocats.com\\\/zh-hans\\\/tribunal-judiciaire-de-bobigny-le-17-juin-2025-n25-04305\\\/#primaryimage\"},\"thumbnailUrl\":\"https:\\\/\\\/kohenavocats.com\\\/wp-content\\\/uploads\\\/2024\\\/08\\\/chelms-varthoumlien-4lTf2N6pHZw-unsplash.webp\",\"datePublished\":\"2026-04-24T02:43:38+00:00\",\"dateModified\":\"2026-04-26T17:34:14+00:00\",\"description\":\"Le juge des contentieux de la protection, statuant en premier ressort, a rendu sa d\u00e9cision le 17 juin 2025. Le litige opposait un bailleur social \u00e0 son locat...\",\"breadcrumb\":{\"@id\":\"https:\\\/\\\/kohenavocats.com\\\/zh-hans\\\/tribunal-judiciaire-de-bobigny-le-17-juin-2025-n25-04305\\\/#breadcrumb\"},\"inLanguage\":\"zh-Hans\",\"potentialAction\":[{\"@type\":\"ReadAction\",\"target\":[\"https:\\\/\\\/kohenavocats.com\\\/zh-hans\\\/tribunal-judiciaire-de-bobigny-le-17-juin-2025-n25-04305\\\/\"]}]},{\"@type\":\"ImageObject\",\"inLanguage\":\"zh-Hans\",\"@id\":\"https:\\\/\\\/kohenavocats.com\\\/zh-hans\\\/tribunal-judiciaire-de-bobigny-le-17-juin-2025-n25-04305\\\/#primaryimage\",\"url\":\"https:\\\/\\\/kohenavocats.com\\\/wp-content\\\/uploads\\\/2024\\\/08\\\/chelms-varthoumlien-4lTf2N6pHZw-unsplash.webp\",\"contentUrl\":\"https:\\\/\\\/kohenavocats.com\\\/wp-content\\\/uploads\\\/2024\\\/08\\\/chelms-varthoumlien-4lTf2N6pHZw-unsplash.webp\",\"width\":6000,\"height\":4000},{\"@type\":\"BreadcrumbList\",\"@id\":\"https:\\\/\\\/kohenavocats.com\\\/zh-hans\\\/tribunal-judiciaire-de-bobigny-le-17-juin-2025-n25-04305\\\/#breadcrumb\",\"itemListElement\":[{\"@type\":\"ListItem\",\"position\":1,\"name\":\"Home\",\"item\":\"https:\\\/\\\/kohenavocats.com\\\/zh-hans\\\/\"},{\"@type\":\"ListItem\",\"position\":2,\"name\":\"Tribunal judiciaire de Bobigny, le 17 juin 2025, n\u00b025\\\/04305\"}]},{\"@type\":\"WebSite\",\"@id\":\"https:\\\/\\\/kohenavocats.com\\\/zh-hans\\\/#website\",\"url\":\"https:\\\/\\\/kohenavocats.com\\\/zh-hans\\\/\",\"name\":\"Kohen Avocats\",\"description\":\"Ma\u00eetre Hassan Kohen, avocat p\u00e9naliste \u00e0 Paris, intervient exclusivement en droit p\u00e9nal pour la d\u00e9fense des particuliers, notamment en mati\u00e8re d\u2019accusations de viol. Il assure un accompagnement rigoureux d\u00e8s la garde \u00e0 vue jusqu\u2019\u00e0 la Cour d\u2019assises, veillant au strict respect des garanties proc\u00e9durales.\",\"publisher\":{\"@id\":\"https:\\\/\\\/kohenavocats.com\\\/zh-hans\\\/#organization\"},\"potentialAction\":[{\"@type\":\"SearchAction\",\"target\":{\"@type\":\"EntryPoint\",\"urlTemplate\":\"https:\\\/\\\/kohenavocats.com\\\/zh-hans\\\/?s={search_term_string}\"},\"query-input\":{\"@type\":\"PropertyValueSpecification\",\"valueRequired\":true,\"valueName\":\"search_term_string\"}}],\"inLanguage\":\"zh-Hans\"},{\"@type\":\"Organization\",\"@id\":\"https:\\\/\\\/kohenavocats.com\\\/zh-hans\\\/#organization\",\"name\":\"Kohen Avocats\",\"url\":\"https:\\\/\\\/kohenavocats.com\\\/zh-hans\\\/\",\"logo\":{\"@type\":\"ImageObject\",\"inLanguage\":\"zh-Hans\",\"@id\":\"https:\\\/\\\/kohenavocats.com\\\/zh-hans\\\/#\\\/schema\\\/logo\\\/image\\\/\",\"url\":\"https:\\\/\\\/kohenavocats.com\\\/wp-content\\\/uploads\\\/2026\\\/01\\\/Logo-2-1.webp\",\"contentUrl\":\"https:\\\/\\\/kohenavocats.com\\\/wp-content\\\/uploads\\\/2026\\\/01\\\/Logo-2-1.webp\",\"width\":2114,\"height\":1253,\"caption\":\"Kohen Avocats\"},\"image\":{\"@id\":\"https:\\\/\\\/kohenavocats.com\\\/zh-hans\\\/#\\\/schema\\\/logo\\\/image\\\/\"}},{\"@type\":\"Person\",\"@id\":\"https:\\\/\\\/kohenavocats.com\\\/zh-hans\\\/#\\\/schema\\\/person\\\/761c9ba54fa1ca84d405cef0831ff751\",\"name\":\"Kohen\",\"image\":{\"@type\":\"ImageObject\",\"inLanguage\":\"zh-Hans\",\"@id\":\"https:\\\/\\\/secure.gravatar.com\\\/avatar\\\/1c5e76ef76bbbfdd2b4da984e2bf2fa4056fd51a27d25ce2c332047f1dfd6e00?s=96&d=identicon&r=g\",\"url\":\"https:\\\/\\\/secure.gravatar.com\\\/avatar\\\/1c5e76ef76bbbfdd2b4da984e2bf2fa4056fd51a27d25ce2c332047f1dfd6e00?s=96&d=identicon&r=g\",\"contentUrl\":\"https:\\\/\\\/secure.gravatar.com\\\/avatar\\\/1c5e76ef76bbbfdd2b4da984e2bf2fa4056fd51a27d25ce2c332047f1dfd6e00?s=96&d=identicon&r=g\",\"caption\":\"Kohen\"},\"sameAs\":[\"https:\\\/\\\/www.linkedin.com\\\/in\\\/hassan-kohen-448548192\\\/\",\"https:\\\/\\\/www.youtube.com\\\/@Kohen-Avocats\"],\"url\":\"https:\\\/\\\/kohenavocats.com\\\/zh-hans\\\/author\\\/kohenmlk\\\/\"}]}<\/script>\n<!-- \/ Yoast SEO Premium plugin. -->","yoast_head_json":{"title":"Tribunal judiciaire de Bobigny, le 17 juin 2025, n\u00b025\/04305 - Ma\u00eetre Hassan Kohen, avocat en droit p\u00e9nal \u00e0 Paris","description":"Le juge des contentieux de la protection, statuant en premier ressort, a rendu sa d\u00e9cision le 17 juin 2025. Le litige opposait un bailleur social \u00e0 son locat...","robots":{"index":"index","follow":"follow","max-snippet":"max-snippet:-1","max-image-preview":"max-image-preview:large","max-video-preview":"max-video-preview:-1"},"canonical":"https:\/\/kohenavocats.com\/zh-hans\/tribunal-judiciaire-de-bobigny-le-17-juin-2025-n25-04305\/","og_locale":"zh_CN","og_type":"article","og_title":"Tribunal judiciaire de Bobigny, le 17 juin 2025, n\u00b025\/04305","og_description":"Le juge des contentieux de la protection, statuant en premier ressort, a rendu sa d\u00e9cision le 17 juin 2025. Le litige opposait un bailleur social \u00e0 son locat...","og_url":"https:\/\/kohenavocats.com\/zh-hans\/tribunal-judiciaire-de-bobigny-le-17-juin-2025-n25-04305\/","og_site_name":"Ma\u00eetre Hassan Kohen, avocat en droit p\u00e9nal \u00e0 Paris","article_published_time":"2026-04-24T02:43:38+00:00","article_modified_time":"2026-04-26T17:34:14+00:00","og_image":[{"width":6000,"height":4000,"url":"https:\/\/kohenavocats.com\/wp-content\/uploads\/2024\/08\/chelms-varthoumlien-4lTf2N6pHZw-unsplash.webp","type":"image\/webp"}],"author":"Kohen","twitter_card":"summary_large_image","twitter_misc":{"\u4f5c\u8005":"Kohen","\u9884\u8ba1\u9605\u8bfb\u65f6\u95f4":"3 \u5206"},"schema":{"@context":"https:\/\/schema.org","@graph":[{"@type":"Article","@id":"https:\/\/kohenavocats.com\/zh-hans\/tribunal-judiciaire-de-bobigny-le-17-juin-2025-n25-04305\/#article","isPartOf":{"@id":"https:\/\/kohenavocats.com\/zh-hans\/tribunal-judiciaire-de-bobigny-le-17-juin-2025-n25-04305\/"},"author":{"name":"Kohen","@id":"https:\/\/kohenavocats.com\/zh-hans\/#\/schema\/person\/761c9ba54fa1ca84d405cef0831ff751"},"headline":"Tribunal judiciaire de Bobigny, le 17 juin 2025, n\u00b025\/04305","datePublished":"2026-04-24T02:43:38+00:00","dateModified":"2026-04-26T17:34:14+00:00","mainEntityOfPage":{"@id":"https:\/\/kohenavocats.com\/zh-hans\/tribunal-judiciaire-de-bobigny-le-17-juin-2025-n25-04305\/"},"wordCount":700,"commentCount":0,"publisher":{"@id":"https:\/\/kohenavocats.com\/zh-hans\/#organization"},"image":{"@id":"https:\/\/kohenavocats.com\/zh-hans\/tribunal-judiciaire-de-bobigny-le-17-juin-2025-n25-04305\/#primaryimage"},"thumbnailUrl":"https:\/\/kohenavocats.com\/wp-content\/uploads\/2024\/08\/chelms-varthoumlien-4lTf2N6pHZw-unsplash.webp","articleSection":["Immobilier","Jurisprudence"],"inLanguage":"zh-Hans","potentialAction":[{"@type":"CommentAction","name":"Comment","target":["https:\/\/kohenavocats.com\/zh-hans\/tribunal-judiciaire-de-bobigny-le-17-juin-2025-n25-04305\/#respond"]}],"citation":"Tribunal judiciaire de Bobigny, le 17 juin 2025, n\u00b025\/04305","about":[{"@type":"Thing","name":"Immobilier"},{"@type":"Thing","name":"Jurisprudence"}],"speakable":{"@type":"SpeakableSpecification","cssSelector":[".article-content > p:first-of-type"]}},{"@type":"WebPage","@id":"https:\/\/kohenavocats.com\/zh-hans\/tribunal-judiciaire-de-bobigny-le-17-juin-2025-n25-04305\/","url":"https:\/\/kohenavocats.com\/zh-hans\/tribunal-judiciaire-de-bobigny-le-17-juin-2025-n25-04305\/","name":"Tribunal judiciaire de Bobigny, le 17 juin 2025, n\u00b025\/04305 - Ma\u00eetre Hassan Kohen, avocat en droit p\u00e9nal \u00e0 Paris","isPartOf":{"@id":"https:\/\/kohenavocats.com\/zh-hans\/#website"},"primaryImageOfPage":{"@id":"https:\/\/kohenavocats.com\/zh-hans\/tribunal-judiciaire-de-bobigny-le-17-juin-2025-n25-04305\/#primaryimage"},"image":{"@id":"https:\/\/kohenavocats.com\/zh-hans\/tribunal-judiciaire-de-bobigny-le-17-juin-2025-n25-04305\/#primaryimage"},"thumbnailUrl":"https:\/\/kohenavocats.com\/wp-content\/uploads\/2024\/08\/chelms-varthoumlien-4lTf2N6pHZw-unsplash.webp","datePublished":"2026-04-24T02:43:38+00:00","dateModified":"2026-04-26T17:34:14+00:00","description":"Le juge des contentieux de la protection, statuant en premier ressort, a rendu sa d\u00e9cision le 17 juin 2025. Le litige opposait un bailleur social \u00e0 son locat...","breadcrumb":{"@id":"https:\/\/kohenavocats.com\/zh-hans\/tribunal-judiciaire-de-bobigny-le-17-juin-2025-n25-04305\/#breadcrumb"},"inLanguage":"zh-Hans","potentialAction":[{"@type":"ReadAction","target":["https:\/\/kohenavocats.com\/zh-hans\/tribunal-judiciaire-de-bobigny-le-17-juin-2025-n25-04305\/"]}]},{"@type":"ImageObject","inLanguage":"zh-Hans","@id":"https:\/\/kohenavocats.com\/zh-hans\/tribunal-judiciaire-de-bobigny-le-17-juin-2025-n25-04305\/#primaryimage","url":"https:\/\/kohenavocats.com\/wp-content\/uploads\/2024\/08\/chelms-varthoumlien-4lTf2N6pHZw-unsplash.webp","contentUrl":"https:\/\/kohenavocats.com\/wp-content\/uploads\/2024\/08\/chelms-varthoumlien-4lTf2N6pHZw-unsplash.webp","width":6000,"height":4000},{"@type":"BreadcrumbList","@id":"https:\/\/kohenavocats.com\/zh-hans\/tribunal-judiciaire-de-bobigny-le-17-juin-2025-n25-04305\/#breadcrumb","itemListElement":[{"@type":"ListItem","position":1,"name":"Home","item":"https:\/\/kohenavocats.com\/zh-hans\/"},{"@type":"ListItem","position":2,"name":"Tribunal judiciaire de Bobigny, le 17 juin 2025, n\u00b025\/04305"}]},{"@type":"WebSite","@id":"https:\/\/kohenavocats.com\/zh-hans\/#website","url":"https:\/\/kohenavocats.com\/zh-hans\/","name":"Kohen Avocats","description":"Ma\u00eetre Hassan Kohen, avocat p\u00e9naliste \u00e0 Paris, intervient exclusivement en droit p\u00e9nal pour la d\u00e9fense des particuliers, notamment en mati\u00e8re d\u2019accusations de viol. Il assure un accompagnement rigoureux d\u00e8s la garde \u00e0 vue jusqu\u2019\u00e0 la Cour d\u2019assises, veillant au strict respect des garanties proc\u00e9durales.","publisher":{"@id":"https:\/\/kohenavocats.com\/zh-hans\/#organization"},"potentialAction":[{"@type":"SearchAction","target":{"@type":"EntryPoint","urlTemplate":"https:\/\/kohenavocats.com\/zh-hans\/?s={search_term_string}"},"query-input":{"@type":"PropertyValueSpecification","valueRequired":true,"valueName":"search_term_string"}}],"inLanguage":"zh-Hans"},{"@type":"Organization","@id":"https:\/\/kohenavocats.com\/zh-hans\/#organization","name":"Kohen Avocats","url":"https:\/\/kohenavocats.com\/zh-hans\/","logo":{"@type":"ImageObject","inLanguage":"zh-Hans","@id":"https:\/\/kohenavocats.com\/zh-hans\/#\/schema\/logo\/image\/","url":"https:\/\/kohenavocats.com\/wp-content\/uploads\/2026\/01\/Logo-2-1.webp","contentUrl":"https:\/\/kohenavocats.com\/wp-content\/uploads\/2026\/01\/Logo-2-1.webp","width":2114,"height":1253,"caption":"Kohen Avocats"},"image":{"@id":"https:\/\/kohenavocats.com\/zh-hans\/#\/schema\/logo\/image\/"}},{"@type":"Person","@id":"https:\/\/kohenavocats.com\/zh-hans\/#\/schema\/person\/761c9ba54fa1ca84d405cef0831ff751","name":"Kohen","image":{"@type":"ImageObject","inLanguage":"zh-Hans","@id":"https:\/\/secure.gravatar.com\/avatar\/1c5e76ef76bbbfdd2b4da984e2bf2fa4056fd51a27d25ce2c332047f1dfd6e00?s=96&d=identicon&r=g","url":"https:\/\/secure.gravatar.com\/avatar\/1c5e76ef76bbbfdd2b4da984e2bf2fa4056fd51a27d25ce2c332047f1dfd6e00?s=96&d=identicon&r=g","contentUrl":"https:\/\/secure.gravatar.com\/avatar\/1c5e76ef76bbbfdd2b4da984e2bf2fa4056fd51a27d25ce2c332047f1dfd6e00?s=96&d=identicon&r=g","caption":"Kohen"},"sameAs":["https:\/\/www.linkedin.com\/in\/hassan-kohen-448548192\/","https:\/\/www.youtube.com\/@Kohen-Avocats"],"url":"https:\/\/kohenavocats.com\/zh-hans\/author\/kohenmlk\/"}]}},"jetpack_featured_media_url":"https:\/\/kohenavocats.com\/wp-content\/uploads\/2024\/08\/chelms-varthoumlien-4lTf2N6pHZw-unsplash.webp","jetpack_likes_enabled":false,"jetpack_shortlink":"https:\/\/wp.me\/peCrII-2NSe","jetpack-related-posts":[{"id":668343,"url":"https:\/\/kohenavocats.com\/zh-hans\/tribunal-judiciaire-de-bobigny-le-17-juin-2025-n25-04318\/","url_meta":{"origin":668374,"position":0},"title":"Tribunal judiciaire de Bobigny, le 17 juin 2025, n\u00b025\/04318","author":"Kohen","date":"2026\u5e744\u670824\u65e5","format":false,"excerpt":"Le tribunal judiciaire, statuant en mati\u00e8re de con\u2026","rel":"","context":"\u5728\u201cCode des assurances\u201d\u4e2d","block_context":{"text":"Code des assurances","link":"https:\/\/kohenavocats.com\/category\/code-des-assurances\/"},"img":{"alt_text":"","src":"https:\/\/i0.wp.com\/kohenavocats.com\/wp-content\/uploads\/2024\/11\/planet-volumes-C4bN-gxQQig-unsplash.webp?resize=350%2C200&ssl=1","width":350,"height":200,"srcset":"https:\/\/i0.wp.com\/kohenavocats.com\/wp-content\/uploads\/2024\/11\/planet-volumes-C4bN-gxQQig-unsplash.webp?resize=350%2C200&ssl=1 1x, https:\/\/i0.wp.com\/kohenavocats.com\/wp-content\/uploads\/2024\/11\/planet-volumes-C4bN-gxQQig-unsplash.webp?resize=525%2C300&ssl=1 1.5x, https:\/\/i0.wp.com\/kohenavocats.com\/wp-content\/uploads\/2024\/11\/planet-volumes-C4bN-gxQQig-unsplash.webp?resize=700%2C400&ssl=1 2x, https:\/\/i0.wp.com\/kohenavocats.com\/wp-content\/uploads\/2024\/11\/planet-volumes-C4bN-gxQQig-unsplash.webp?resize=1050%2C600&ssl=1 3x, https:\/\/i0.wp.com\/kohenavocats.com\/wp-content\/uploads\/2024\/11\/planet-volumes-C4bN-gxQQig-unsplash.webp?resize=1400%2C800&ssl=1 4x"},"classes":[]},{"id":668193,"url":"https:\/\/kohenavocats.com\/zh-hans\/tribunal-judiciaire-de-bobigny-le-17-juin-2025-n25-04315\/","url_meta":{"origin":668374,"position":1},"title":"Tribunal judiciaire de Bobigny, le 17 juin 2025, n\u00b025\/04315","author":"Kohen","date":"2026\u5e744\u670824\u65e5","format":false,"excerpt":"Le juge des contentieux de la protection, statuant\u2026","rel":"","context":"\u5728\u201cCode des assurances\u201d\u4e2d","block_context":{"text":"Code des assurances","link":"https:\/\/kohenavocats.com\/category\/code-des-assurances\/"},"img":{"alt_text":"","src":"https:\/\/i0.wp.com\/kohenavocats.com\/wp-content\/uploads\/2024\/11\/andrej-lisakov-kuemAVWEwXU-unsplash.webp?resize=350%2C200&ssl=1","width":350,"height":200,"srcset":"https:\/\/i0.wp.com\/kohenavocats.com\/wp-content\/uploads\/2024\/11\/andrej-lisakov-kuemAVWEwXU-unsplash.webp?resize=350%2C200&ssl=1 1x, https:\/\/i0.wp.com\/kohenavocats.com\/wp-content\/uploads\/2024\/11\/andrej-lisakov-kuemAVWEwXU-unsplash.webp?resize=525%2C300&ssl=1 1.5x, https:\/\/i0.wp.com\/kohenavocats.com\/wp-content\/uploads\/2024\/11\/andrej-lisakov-kuemAVWEwXU-unsplash.webp?resize=700%2C400&ssl=1 2x, https:\/\/i0.wp.com\/kohenavocats.com\/wp-content\/uploads\/2024\/11\/andrej-lisakov-kuemAVWEwXU-unsplash.webp?resize=1050%2C600&ssl=1 3x, https:\/\/i0.wp.com\/kohenavocats.com\/wp-content\/uploads\/2024\/11\/andrej-lisakov-kuemAVWEwXU-unsplash.webp?resize=1400%2C800&ssl=1 4x"},"classes":[]},{"id":668202,"url":"https:\/\/kohenavocats.com\/zh-hans\/tribunal-judiciaire-de-bobigny-le-17-juin-2025-n25-04297\/","url_meta":{"origin":668374,"position":2},"title":"Tribunal judiciaire de Bobigny, le 17 juin 2025, n\u00b025\/04297","author":"Kohen","date":"2026\u5e744\u670824\u65e5","format":false,"excerpt":"Le tribunal judiciaire, statuant en mati\u00e8re de con\u2026","rel":"","context":"\u5728\u201cCode des assurances\u201d\u4e2d","block_context":{"text":"Code des assurances","link":"https:\/\/kohenavocats.com\/category\/code-des-assurances\/"},"img":{"alt_text":"","src":"https:\/\/i0.wp.com\/kohenavocats.com\/wp-content\/uploads\/2024\/08\/simone-hutsch-xOLhD-qfoRI-unsplash.webp?resize=350%2C200&ssl=1","width":350,"height":200,"srcset":"https:\/\/i0.wp.com\/kohenavocats.com\/wp-content\/uploads\/2024\/08\/simone-hutsch-xOLhD-qfoRI-unsplash.webp?resize=350%2C200&ssl=1 1x, https:\/\/i0.wp.com\/kohenavocats.com\/wp-content\/uploads\/2024\/08\/simone-hutsch-xOLhD-qfoRI-unsplash.webp?resize=525%2C300&ssl=1 1.5x, https:\/\/i0.wp.com\/kohenavocats.com\/wp-content\/uploads\/2024\/08\/simone-hutsch-xOLhD-qfoRI-unsplash.webp?resize=700%2C400&ssl=1 2x, https:\/\/i0.wp.com\/kohenavocats.com\/wp-content\/uploads\/2024\/08\/simone-hutsch-xOLhD-qfoRI-unsplash.webp?resize=1050%2C600&ssl=1 3x, https:\/\/i0.wp.com\/kohenavocats.com\/wp-content\/uploads\/2024\/08\/simone-hutsch-xOLhD-qfoRI-unsplash.webp?resize=1400%2C800&ssl=1 4x"},"classes":[]},{"id":660074,"url":"https:\/\/kohenavocats.com\/zh-hans\/tribunal-judiciaire-de-bethune-le-26-septembre-2025-n24-00741\/","url_meta":{"origin":668374,"position":3},"title":"Tribunal judiciaire de B\u00e9thune, le 26 septembre 2025, n\u00b024\/00741","author":"Kohen","date":"2026\u5e744\u670823\u65e5","format":false,"excerpt":"Le juge des contentieux de la protection de B\u00e9thun\u2026","rel":"","context":"\u5728\u201cJurisprudence\u201d\u4e2d","block_context":{"text":"Jurisprudence","link":"https:\/\/kohenavocats.com\/category\/jurisprudence\/"},"img":{"alt_text":"","src":"https:\/\/i0.wp.com\/kohenavocats.com\/wp-content\/uploads\/2024\/08\/nelson-ricardo-7L4Yr-xfHE0-unsplash.webp?resize=350%2C200&ssl=1","width":350,"height":200,"srcset":"https:\/\/i0.wp.com\/kohenavocats.com\/wp-content\/uploads\/2024\/08\/nelson-ricardo-7L4Yr-xfHE0-unsplash.webp?resize=350%2C200&ssl=1 1x, https:\/\/i0.wp.com\/kohenavocats.com\/wp-content\/uploads\/2024\/08\/nelson-ricardo-7L4Yr-xfHE0-unsplash.webp?resize=525%2C300&ssl=1 1.5x, https:\/\/i0.wp.com\/kohenavocats.com\/wp-content\/uploads\/2024\/08\/nelson-ricardo-7L4Yr-xfHE0-unsplash.webp?resize=700%2C400&ssl=1 2x, https:\/\/i0.wp.com\/kohenavocats.com\/wp-content\/uploads\/2024\/08\/nelson-ricardo-7L4Yr-xfHE0-unsplash.webp?resize=1050%2C600&ssl=1 3x, https:\/\/i0.wp.com\/kohenavocats.com\/wp-content\/uploads\/2024\/08\/nelson-ricardo-7L4Yr-xfHE0-unsplash.webp?resize=1400%2C800&ssl=1 4x"},"classes":[]},{"id":658608,"url":"https:\/\/kohenavocats.com\/zh-hans\/tribunal-judiciaire-de-bobigny-le-8-janvier-2026-n25-02916\/","url_meta":{"origin":668374,"position":4},"title":"Tribunal judiciaire de Bobigny, le 8 janvier 2026, n\u00b025\/02916","author":"Kohen","date":"2026\u5e744\u670823\u65e5","format":false,"excerpt":"Le tribunal judiciaire de Bobigny, statuant le 8 j\u2026","rel":"","context":"\u5728\u201cJurisprudence\u201d\u4e2d","block_context":{"text":"Jurisprudence","link":"https:\/\/kohenavocats.com\/category\/jurisprudence\/"},"img":{"alt_text":"","src":"https:\/\/i0.wp.com\/kohenavocats.com\/wp-content\/uploads\/2024\/11\/aakash-dhage-mpt624SvwS4-unsplash.webp?resize=350%2C200&ssl=1","width":350,"height":200,"srcset":"https:\/\/i0.wp.com\/kohenavocats.com\/wp-content\/uploads\/2024\/11\/aakash-dhage-mpt624SvwS4-unsplash.webp?resize=350%2C200&ssl=1 1x, https:\/\/i0.wp.com\/kohenavocats.com\/wp-content\/uploads\/2024\/11\/aakash-dhage-mpt624SvwS4-unsplash.webp?resize=525%2C300&ssl=1 1.5x, https:\/\/i0.wp.com\/kohenavocats.com\/wp-content\/uploads\/2024\/11\/aakash-dhage-mpt624SvwS4-unsplash.webp?resize=700%2C400&ssl=1 2x, https:\/\/i0.wp.com\/kohenavocats.com\/wp-content\/uploads\/2024\/11\/aakash-dhage-mpt624SvwS4-unsplash.webp?resize=1050%2C600&ssl=1 3x, https:\/\/i0.wp.com\/kohenavocats.com\/wp-content\/uploads\/2024\/11\/aakash-dhage-mpt624SvwS4-unsplash.webp?resize=1400%2C800&ssl=1 4x"},"classes":[]},{"id":658780,"url":"https:\/\/kohenavocats.com\/zh-hans\/tribunal-judiciaire-de-bobigny-le-30-juin-2025-n24-11742\/","url_meta":{"origin":668374,"position":5},"title":"Tribunal judiciaire de Bobigny, le 30 juin 2025, n\u00b024\/11742","author":"Kohen","date":"2026\u5e744\u670823\u65e5","format":false,"excerpt":"Le juge des contentieux de la protection a rendu u\u2026","rel":"","context":"\u5728\u201cJurisprudence\u201d\u4e2d","block_context":{"text":"Jurisprudence","link":"https:\/\/kohenavocats.com\/category\/jurisprudence\/"},"img":{"alt_text":"","src":"https:\/\/i0.wp.com\/kohenavocats.com\/wp-content\/uploads\/2024\/08\/mana5280-BxTlFRk-FPg-unsplash.webp?resize=350%2C200&ssl=1","width":350,"height":200,"srcset":"https:\/\/i0.wp.com\/kohenavocats.com\/wp-content\/uploads\/2024\/08\/mana5280-BxTlFRk-FPg-unsplash.webp?resize=350%2C200&ssl=1 1x, https:\/\/i0.wp.com\/kohenavocats.com\/wp-content\/uploads\/2024\/08\/mana5280-BxTlFRk-FPg-unsplash.webp?resize=525%2C300&ssl=1 1.5x, https:\/\/i0.wp.com\/kohenavocats.com\/wp-content\/uploads\/2024\/08\/mana5280-BxTlFRk-FPg-unsplash.webp?resize=700%2C400&ssl=1 2x, https:\/\/i0.wp.com\/kohenavocats.com\/wp-content\/uploads\/2024\/08\/mana5280-BxTlFRk-FPg-unsplash.webp?resize=1050%2C600&ssl=1 3x, https:\/\/i0.wp.com\/kohenavocats.com\/wp-content\/uploads\/2024\/08\/mana5280-BxTlFRk-FPg-unsplash.webp?resize=1400%2C800&ssl=1 4x"},"classes":[]}],"jetpack_sharing_enabled":true,"_links":{"self":[{"href":"https:\/\/kohenavocats.com\/zh-hans\/wp-json\/wp\/v2\/posts\/668374","targetHints":{"allow":["GET"]}}],"collection":[{"href":"https:\/\/kohenavocats.com\/zh-hans\/wp-json\/wp\/v2\/posts"}],"about":[{"href":"https:\/\/kohenavocats.com\/zh-hans\/wp-json\/wp\/v2\/types\/post"}],"author":[{"embeddable":true,"href":"https:\/\/kohenavocats.com\/zh-hans\/wp-json\/wp\/v2\/users\/232070755"}],"replies":[{"embeddable":true,"href":"https:\/\/kohenavocats.com\/zh-hans\/wp-json\/wp\/v2\/comments?post=668374"}],"version-history":[{"count":1,"href":"https:\/\/kohenavocats.com\/zh-hans\/wp-json\/wp\/v2\/posts\/668374\/revisions"}],"predecessor-version":[{"id":696508,"href":"https:\/\/kohenavocats.com\/zh-hans\/wp-json\/wp\/v2\/posts\/668374\/revisions\/696508"}],"wp:featuredmedia":[{"embeddable":true,"href":"https:\/\/kohenavocats.com\/zh-hans\/wp-json\/wp\/v2\/media\/4819"}],"wp:attachment":[{"href":"https:\/\/kohenavocats.com\/zh-hans\/wp-json\/wp\/v2\/media?parent=668374"}],"wp:term":[{"taxonomy":"category","embeddable":true,"href":"https:\/\/kohenavocats.com\/zh-hans\/wp-json\/wp\/v2\/categories?post=668374"},{"taxonomy":"post_tag","embeddable":true,"href":"https:\/\/kohenavocats.com\/zh-hans\/wp-json\/wp\/v2\/tags?post=668374"}],"curies":[{"name":"wp","href":"https:\/\/api.w.org\/{rel}","templated":true}]}}