{"id":668376,"date":"2026-04-24T04:43:47","date_gmt":"2026-04-24T02:43:47","guid":{"rendered":"https:\/\/kohenavocats.com\/tribunal-judiciaire-de-paris-le-14-fevrier-2024-n23-01473\/"},"modified":"2026-04-26T19:34:14","modified_gmt":"2026-04-26T17:34:14","slug":"tribunal-judiciaire-de-paris-le-14-fevrier-2024-n23-01473","status":"publish","type":"post","link":"https:\/\/kohenavocats.com\/zh-hans\/tribunal-judiciaire-de-paris-le-14-fevrier-2024-n23-01473\/","title":{"rendered":"Tribunal judiciaire de Paris, le 14 f\u00e9vrier 2024, n\u00b023\/01473"},"content":{"rendered":"<div class=\"article-content\">\n<p>Le Tribunal judiciaire de Paris, statuant le 14 f\u00e9vrier 2024, a \u00e9t\u00e9 saisi par une soci\u00e9t\u00e9 titulaire d\u2019une marque renomm\u00e9e dans le conseil en informatique. Cette derni\u00e8re reprochait \u00e0 une soci\u00e9t\u00e9 concurrente d\u2019utiliser des signes similaires \u00e0 sa marque pour des services identiques. Le tribunal a d\u00fb examiner les risques de confusion et de <a href=\"https:\/\/kohenavocats.fr\/elementor-60\/avocats-droit-affaires-paris\/avocat-concurrence-deloyale-parasitisme-paris\/\" target=\"_blank\" title=\"concurrence d\u00e9loyale\">concurrence d\u00e9loyale<\/a>. Il a retenu la contrefa\u00e7on de marque et la concurrence d\u00e9loyale, accordant diverses r\u00e9parations aux demanderesses.<\/p>\n<p>L\u2019appr\u00e9ciation globale du risque de confusion en contrefa\u00e7on de marque<\/p>\n<p>Le tribunal a d\u2019abord proc\u00e9d\u00e9 \u00e0 une comparaison minutieuse des signes litigieux. Il a relev\u00e9 que le signe concurrent int\u00e9grait l\u2019\u00e9l\u00e9ment dominant de la marque ant\u00e9rieure. &#8220;Les termes en cause pr\u00e9sentent en cons\u00e9quence une ressemblance visuelle certaine&#8221; sur le plan visuel. Sur le plan phon\u00e9tique, &#8220;Les termes en cause produisent ainsi une impression auditive tr\u00e8s similaire&#8221;. Conceptuellement, ils proc\u00e8dent d\u2019une &#8220;r\u00e9f\u00e9rence conceptuelle identique&#8221;. Cette analyse d\u00e9montre que la similitude ne requiert pas l\u2019identit\u00e9 parfaite des signes. L\u2019\u00e9l\u00e9ment distinctif et dominant, reproduit int\u00e9gralement, suffit \u00e0 cr\u00e9er une forte similarit\u00e9 d\u2019ensemble.<\/p>\n<p>Le tribunal a ensuite \u00e9valu\u00e9 la similitude des produits et services offerts par les parties. Il a constat\u00e9 que la soci\u00e9t\u00e9 d\u00e9fenderesse proposait des prestations de conseil en syst\u00e8mes d\u2019information. Ces services sont &#8220;identiques ou \u00e0 tout le moins similaires aux services couverts par la marque&#8221; ant\u00e9rieure. Cette identit\u00e9 fonctionnelle renforce consid\u00e9rablement le risque d\u2019association dans l\u2019esprit du public. La d\u00e9cision rappelle ainsi que l\u2019appr\u00e9ciation est globale et cumulative. La notori\u00e9t\u00e9 de la marque ant\u00e9rieure et la distinctivit\u00e9 du terme repris sont des facteurs d\u00e9cisifs.<\/p>\n<p>La coexistence des actions en contrefa\u00e7on et en concurrence d\u00e9loyale<\/p>\n<p>La d\u00e9cision valide le cumul des bases juridiques pour prot\u00e9ger des int\u00e9r\u00eats distincts. La titulaire de la marque a vu son action en contrefa\u00e7on accueillie. Sa filiale, non titulaire de droit privatif, a pu agir s\u00e9par\u00e9ment sur le fondement de la concurrence d\u00e9loyale. Le tribunal a jug\u00e9 que &#8220;la soci\u00e9t\u00e9 Capgemini Consulting est admise \u00e0 invoquer, au soutien de son action en concurrence d\u00e9loyale, des faits identiques&#8221;. Cela confirme l\u2019autonomie de l\u2019action en concurrence d\u00e9loyale. Elle prot\u00e8ge un patrimoine commercial distinct de l\u2019atteinte au droit de propri\u00e9t\u00e9 intellectuelle.<\/p>\n<p>Pour caract\u00e9riser la faute, le tribunal a retenu la cr\u00e9ation d\u2019un risque de confusion. Il a not\u00e9 une &#8220;forte ressemblance&#8221; entre les d\u00e9nominations sociales et les noms de domaine. Les soci\u00e9t\u00e9s exercent dans &#8220;des secteurs d\u2019activit\u00e9 tr\u00e8s proches, voire identiques&#8221;. Le public vis\u00e9 est donc le m\u00eame, ce qui \u00e9tablit le risque de d\u00e9tournement de client\u00e8le. L\u2019argument d\u2019un syst\u00e8me de r\u00e9f\u00e9rencement neutralisant ce risque a \u00e9t\u00e9 \u00e9cart\u00e9. La d\u00e9fenderesse ne justifiait pas de son existence g\u00e9n\u00e9ralis\u00e9e ni de son efficacit\u00e9 absolue.<\/p>\n<p>La port\u00e9e des mesures de r\u00e9paration ordonn\u00e9es par le juge<\/p>\n<p>Le tribunal a prononc\u00e9 des injonctions comportementales assorties d\u2019astreintes. Il a interdit l\u2019usage des signes contrefaisants et du nom de domaine litigieux. Il a aussi ordonn\u00e9 le changement de la d\u00e9nomination sociale et du nom commercial. Ces mesures visent \u00e0 faire cesser le trouble et \u00e0 pr\u00e9venir sa r\u00e9it\u00e9ration. L\u2019astreinte garantit l\u2019ex\u00e9cution effective de ces obligations dans des d\u00e9lais stricts. Le juge use ainsi pleinement de ses pouvoirs pour assurer l\u2019efficacit\u00e9 pratique de sa d\u00e9cision.<\/p>\n<p>Concernant l\u2019indemnisation, le tribunal a accord\u00e9 une provision sur pr\u00e9judice. Il a aussi ordonn\u00e9 la communication d\u2019informations comptables pr\u00e9cises. &#8220;Aussi, convient-il, afin de permettre aux soci\u00e9t\u00e9s demanderesses d\u2019\u00e9valuer plus pr\u00e9cis\u00e9ment le montant de la r\u00e9paration des pr\u00e9judices qu\u2019elles ont subis, d\u2019accueillir la demande d\u2019information pr\u00e9sent\u00e9e&#8221;. Cette mesure permet une indemnisation future plus juste et proportionn\u00e9e. Elle illustre l\u2019articulation entre l\u2019urgence \u00e0 r\u00e9parer et la n\u00e9cessit\u00e9 d\u2019une \u00e9valuation pr\u00e9cise. Le juge encourage finalement une r\u00e9solution amiable du quantum indemnitaire.<\/p>\n<\/div>\n","protected":false},"excerpt":{"rendered":"<p>Le Tribunal judiciaire de Paris, statuant le 14 f\u00e9vrier 2024, a \u00e9t\u00e9 saisi par une soci\u00e9t\u00e9 titulaire d\u2019une marque renomm\u00e9e dans le conseil en informatique. Ce&#8230;<\/p>\n","protected":false},"author":232070755,"featured_media":4921,"comment_status":"open","ping_status":"open","sticky":false,"template":"","format":"standard","meta":{"_crdt_document":"","_jetpack_newsletter_access":"","_jetpack_dont_email_post_to_subs":false,"_jetpack_newsletter_tier_id":0,"_jetpack_memberships_contains_paywalled_content":false,"_kj_source_type":"judilibre","_kj_official_id":"68d59ad1876d446c8f497f00","_kj_official_url":"https:\/\/www.courdecassation.fr\/decision\/68d59ad1876d446c8f497f00","_kj_judilibre_id":"68d59ad1876d446c8f497f00","_kj_jur":"Tribunal judiciaire","_kj_lieu":"Tribunal judiciaire de Nanterre","_kj_chambre":"1\u00e8re Chambre","_kj_rg":"23\/01473","_kj_date":"2025-09-22","_jetpack_memberships_contains_paid_content":false,"footnotes":"","jetpack_post_was_ever_published":false},"categories":[7096,35581,7597],"tags":[],"class_list":["post-668376","post","type-post","status-publish","format-standard","has-post-thumbnail","hentry","category-code-des-assurances","category-droit-des-affaires","category-jurisprudence"],"yoast_head":"<!-- This site is optimized with the Yoast SEO Premium plugin v27.5 (Yoast SEO v27.5) - https:\/\/yoast.com\/product\/yoast-seo-premium-wordpress\/ -->\n<title>Tribunal judiciaire de Paris, le 14 f\u00e9vrier 2024, n\u00b023\/01473 - Ma\u00eetre Hassan Kohen, avocat en droit p\u00e9nal \u00e0 Paris<\/title>\n<meta name=\"description\" content=\"Le Tribunal judiciaire de Paris, statuant le 14 f\u00e9vrier 2024, a \u00e9t\u00e9 saisi par une soci\u00e9t\u00e9 titulaire d\u2019une marque renomm\u00e9e dans le conseil en informatique. Ce...\" \/>\n<meta name=\"robots\" content=\"index, follow, max-snippet:-1, max-image-preview:large, max-video-preview:-1\" \/>\n<link rel=\"canonical\" href=\"https:\/\/kohenavocats.com\/zh-hans\/tribunal-judiciaire-de-paris-le-14-fevrier-2024-n23-01473\/\" \/>\n<meta property=\"og:locale\" content=\"zh_CN\" \/>\n<meta property=\"og:type\" content=\"article\" \/>\n<meta property=\"og:title\" content=\"Tribunal judiciaire de Paris, le 14 f\u00e9vrier 2024, n\u00b023\/01473\" \/>\n<meta property=\"og:description\" content=\"Le Tribunal judiciaire de Paris, statuant le 14 f\u00e9vrier 2024, a \u00e9t\u00e9 saisi par une soci\u00e9t\u00e9 titulaire d\u2019une marque renomm\u00e9e dans le conseil en informatique. Ce...\" \/>\n<meta property=\"og:url\" content=\"https:\/\/kohenavocats.com\/zh-hans\/tribunal-judiciaire-de-paris-le-14-fevrier-2024-n23-01473\/\" \/>\n<meta property=\"og:site_name\" content=\"Ma\u00eetre Hassan Kohen, avocat en droit p\u00e9nal \u00e0 Paris\" \/>\n<meta property=\"article:published_time\" content=\"2026-04-24T02:43:47+00:00\" \/>\n<meta property=\"article:modified_time\" content=\"2026-04-26T17:34:14+00:00\" \/>\n<meta property=\"og:image\" content=\"https:\/\/kohenavocats.com\/wp-content\/uploads\/2024\/08\/silvio-kundt-Fixg8KipOg8-unsplash.webp\" \/>\n\t<meta property=\"og:image:width\" content=\"4272\" \/>\n\t<meta property=\"og:image:height\" content=\"2848\" \/>\n\t<meta property=\"og:image:type\" content=\"image\/webp\" \/>\n<meta name=\"author\" content=\"Kohen\" \/>\n<meta name=\"twitter:card\" content=\"summary_large_image\" \/>\n<meta name=\"twitter:label1\" content=\"\u4f5c\u8005\" \/>\n\t<meta name=\"twitter:data1\" content=\"Kohen\" \/>\n\t<meta name=\"twitter:label2\" content=\"\u9884\u8ba1\u9605\u8bfb\u65f6\u95f4\" \/>\n\t<meta name=\"twitter:data2\" content=\"4 \u5206\" \/>\n<script type=\"application\/ld+json\" class=\"yoast-schema-graph\">{\"@context\":\"https:\\\/\\\/schema.org\",\"@graph\":[{\"@type\":\"Article\",\"@id\":\"https:\\\/\\\/kohenavocats.com\\\/zh-hans\\\/tribunal-judiciaire-de-paris-le-14-fevrier-2024-n23-01473\\\/#article\",\"isPartOf\":{\"@id\":\"https:\\\/\\\/kohenavocats.com\\\/zh-hans\\\/tribunal-judiciaire-de-paris-le-14-fevrier-2024-n23-01473\\\/\"},\"author\":{\"name\":\"Kohen\",\"@id\":\"https:\\\/\\\/kohenavocats.com\\\/zh-hans\\\/#\\\/schema\\\/person\\\/761c9ba54fa1ca84d405cef0831ff751\"},\"headline\":\"Tribunal judiciaire de Paris, le 14 f\u00e9vrier 2024, n\u00b023\\\/01473\",\"datePublished\":\"2026-04-24T02:43:47+00:00\",\"dateModified\":\"2026-04-26T17:34:14+00:00\",\"mainEntityOfPage\":{\"@id\":\"https:\\\/\\\/kohenavocats.com\\\/zh-hans\\\/tribunal-judiciaire-de-paris-le-14-fevrier-2024-n23-01473\\\/\"},\"wordCount\":721,\"commentCount\":0,\"publisher\":{\"@id\":\"https:\\\/\\\/kohenavocats.com\\\/zh-hans\\\/#organization\"},\"image\":{\"@id\":\"https:\\\/\\\/kohenavocats.com\\\/zh-hans\\\/tribunal-judiciaire-de-paris-le-14-fevrier-2024-n23-01473\\\/#primaryimage\"},\"thumbnailUrl\":\"https:\\\/\\\/kohenavocats.com\\\/wp-content\\\/uploads\\\/2024\\\/08\\\/silvio-kundt-Fixg8KipOg8-unsplash.webp\",\"articleSection\":[\"Code des assurances\",\"Droit des affaires\",\"Jurisprudence\"],\"inLanguage\":\"zh-Hans\",\"potentialAction\":[{\"@type\":\"CommentAction\",\"name\":\"Comment\",\"target\":[\"https:\\\/\\\/kohenavocats.com\\\/zh-hans\\\/tribunal-judiciaire-de-paris-le-14-fevrier-2024-n23-01473\\\/#respond\"]}],\"citation\":\"Tribunal judiciaire de Paris, le 14 f\u00e9vrier 2024, n\u00b023\\\/01473\",\"about\":[{\"@type\":\"Thing\",\"name\":\"Code des assurances\"},{\"@type\":\"Thing\",\"name\":\"Droit des affaires\"},{\"@type\":\"Thing\",\"name\":\"Jurisprudence\"}],\"speakable\":{\"@type\":\"SpeakableSpecification\",\"cssSelector\":[\".article-content > p:first-of-type\"]}},{\"@type\":\"WebPage\",\"@id\":\"https:\\\/\\\/kohenavocats.com\\\/zh-hans\\\/tribunal-judiciaire-de-paris-le-14-fevrier-2024-n23-01473\\\/\",\"url\":\"https:\\\/\\\/kohenavocats.com\\\/zh-hans\\\/tribunal-judiciaire-de-paris-le-14-fevrier-2024-n23-01473\\\/\",\"name\":\"Tribunal judiciaire de Paris, le 14 f\u00e9vrier 2024, n\u00b023\\\/01473 - Ma\u00eetre Hassan Kohen, avocat en droit p\u00e9nal \u00e0 Paris\",\"isPartOf\":{\"@id\":\"https:\\\/\\\/kohenavocats.com\\\/zh-hans\\\/#website\"},\"primaryImageOfPage\":{\"@id\":\"https:\\\/\\\/kohenavocats.com\\\/zh-hans\\\/tribunal-judiciaire-de-paris-le-14-fevrier-2024-n23-01473\\\/#primaryimage\"},\"image\":{\"@id\":\"https:\\\/\\\/kohenavocats.com\\\/zh-hans\\\/tribunal-judiciaire-de-paris-le-14-fevrier-2024-n23-01473\\\/#primaryimage\"},\"thumbnailUrl\":\"https:\\\/\\\/kohenavocats.com\\\/wp-content\\\/uploads\\\/2024\\\/08\\\/silvio-kundt-Fixg8KipOg8-unsplash.webp\",\"datePublished\":\"2026-04-24T02:43:47+00:00\",\"dateModified\":\"2026-04-26T17:34:14+00:00\",\"description\":\"Le Tribunal judiciaire de Paris, statuant le 14 f\u00e9vrier 2024, a \u00e9t\u00e9 saisi par une soci\u00e9t\u00e9 titulaire d\u2019une marque renomm\u00e9e dans le conseil en informatique. Ce...\",\"breadcrumb\":{\"@id\":\"https:\\\/\\\/kohenavocats.com\\\/zh-hans\\\/tribunal-judiciaire-de-paris-le-14-fevrier-2024-n23-01473\\\/#breadcrumb\"},\"inLanguage\":\"zh-Hans\",\"potentialAction\":[{\"@type\":\"ReadAction\",\"target\":[\"https:\\\/\\\/kohenavocats.com\\\/zh-hans\\\/tribunal-judiciaire-de-paris-le-14-fevrier-2024-n23-01473\\\/\"]}]},{\"@type\":\"ImageObject\",\"inLanguage\":\"zh-Hans\",\"@id\":\"https:\\\/\\\/kohenavocats.com\\\/zh-hans\\\/tribunal-judiciaire-de-paris-le-14-fevrier-2024-n23-01473\\\/#primaryimage\",\"url\":\"https:\\\/\\\/kohenavocats.com\\\/wp-content\\\/uploads\\\/2024\\\/08\\\/silvio-kundt-Fixg8KipOg8-unsplash.webp\",\"contentUrl\":\"https:\\\/\\\/kohenavocats.com\\\/wp-content\\\/uploads\\\/2024\\\/08\\\/silvio-kundt-Fixg8KipOg8-unsplash.webp\",\"width\":4272,\"height\":2848},{\"@type\":\"BreadcrumbList\",\"@id\":\"https:\\\/\\\/kohenavocats.com\\\/zh-hans\\\/tribunal-judiciaire-de-paris-le-14-fevrier-2024-n23-01473\\\/#breadcrumb\",\"itemListElement\":[{\"@type\":\"ListItem\",\"position\":1,\"name\":\"Home\",\"item\":\"https:\\\/\\\/kohenavocats.com\\\/zh-hans\\\/\"},{\"@type\":\"ListItem\",\"position\":2,\"name\":\"Tribunal judiciaire de Paris, le 14 f\u00e9vrier 2024, n\u00b023\\\/01473\"}]},{\"@type\":\"WebSite\",\"@id\":\"https:\\\/\\\/kohenavocats.com\\\/zh-hans\\\/#website\",\"url\":\"https:\\\/\\\/kohenavocats.com\\\/zh-hans\\\/\",\"name\":\"Kohen Avocats\",\"description\":\"Ma\u00eetre Hassan Kohen, avocat p\u00e9naliste \u00e0 Paris, intervient exclusivement en droit p\u00e9nal pour la d\u00e9fense des particuliers, notamment en mati\u00e8re d\u2019accusations de viol. Il assure un accompagnement rigoureux d\u00e8s la garde \u00e0 vue jusqu\u2019\u00e0 la Cour d\u2019assises, veillant au strict respect des garanties proc\u00e9durales.\",\"publisher\":{\"@id\":\"https:\\\/\\\/kohenavocats.com\\\/zh-hans\\\/#organization\"},\"potentialAction\":[{\"@type\":\"SearchAction\",\"target\":{\"@type\":\"EntryPoint\",\"urlTemplate\":\"https:\\\/\\\/kohenavocats.com\\\/zh-hans\\\/?s={search_term_string}\"},\"query-input\":{\"@type\":\"PropertyValueSpecification\",\"valueRequired\":true,\"valueName\":\"search_term_string\"}}],\"inLanguage\":\"zh-Hans\"},{\"@type\":\"Organization\",\"@id\":\"https:\\\/\\\/kohenavocats.com\\\/zh-hans\\\/#organization\",\"name\":\"Kohen Avocats\",\"url\":\"https:\\\/\\\/kohenavocats.com\\\/zh-hans\\\/\",\"logo\":{\"@type\":\"ImageObject\",\"inLanguage\":\"zh-Hans\",\"@id\":\"https:\\\/\\\/kohenavocats.com\\\/zh-hans\\\/#\\\/schema\\\/logo\\\/image\\\/\",\"url\":\"https:\\\/\\\/kohenavocats.com\\\/wp-content\\\/uploads\\\/2026\\\/01\\\/Logo-2-1.webp\",\"contentUrl\":\"https:\\\/\\\/kohenavocats.com\\\/wp-content\\\/uploads\\\/2026\\\/01\\\/Logo-2-1.webp\",\"width\":2114,\"height\":1253,\"caption\":\"Kohen Avocats\"},\"image\":{\"@id\":\"https:\\\/\\\/kohenavocats.com\\\/zh-hans\\\/#\\\/schema\\\/logo\\\/image\\\/\"}},{\"@type\":\"Person\",\"@id\":\"https:\\\/\\\/kohenavocats.com\\\/zh-hans\\\/#\\\/schema\\\/person\\\/761c9ba54fa1ca84d405cef0831ff751\",\"name\":\"Kohen\",\"image\":{\"@type\":\"ImageObject\",\"inLanguage\":\"zh-Hans\",\"@id\":\"https:\\\/\\\/secure.gravatar.com\\\/avatar\\\/1c5e76ef76bbbfdd2b4da984e2bf2fa4056fd51a27d25ce2c332047f1dfd6e00?s=96&d=identicon&r=g\",\"url\":\"https:\\\/\\\/secure.gravatar.com\\\/avatar\\\/1c5e76ef76bbbfdd2b4da984e2bf2fa4056fd51a27d25ce2c332047f1dfd6e00?s=96&d=identicon&r=g\",\"contentUrl\":\"https:\\\/\\\/secure.gravatar.com\\\/avatar\\\/1c5e76ef76bbbfdd2b4da984e2bf2fa4056fd51a27d25ce2c332047f1dfd6e00?s=96&d=identicon&r=g\",\"caption\":\"Kohen\"},\"sameAs\":[\"https:\\\/\\\/www.linkedin.com\\\/in\\\/hassan-kohen-448548192\\\/\",\"https:\\\/\\\/www.youtube.com\\\/@Kohen-Avocats\"],\"url\":\"https:\\\/\\\/kohenavocats.com\\\/zh-hans\\\/author\\\/kohenmlk\\\/\"}]}<\/script>\n<!-- \/ Yoast SEO Premium plugin. -->","yoast_head_json":{"title":"Tribunal judiciaire de Paris, le 14 f\u00e9vrier 2024, n\u00b023\/01473 - Ma\u00eetre Hassan Kohen, avocat en droit p\u00e9nal \u00e0 Paris","description":"Le Tribunal judiciaire de Paris, statuant le 14 f\u00e9vrier 2024, a \u00e9t\u00e9 saisi par une soci\u00e9t\u00e9 titulaire d\u2019une marque renomm\u00e9e dans le conseil en informatique. Ce...","robots":{"index":"index","follow":"follow","max-snippet":"max-snippet:-1","max-image-preview":"max-image-preview:large","max-video-preview":"max-video-preview:-1"},"canonical":"https:\/\/kohenavocats.com\/zh-hans\/tribunal-judiciaire-de-paris-le-14-fevrier-2024-n23-01473\/","og_locale":"zh_CN","og_type":"article","og_title":"Tribunal judiciaire de Paris, le 14 f\u00e9vrier 2024, n\u00b023\/01473","og_description":"Le Tribunal judiciaire de Paris, statuant le 14 f\u00e9vrier 2024, a \u00e9t\u00e9 saisi par une soci\u00e9t\u00e9 titulaire d\u2019une marque renomm\u00e9e dans le conseil en informatique. Ce...","og_url":"https:\/\/kohenavocats.com\/zh-hans\/tribunal-judiciaire-de-paris-le-14-fevrier-2024-n23-01473\/","og_site_name":"Ma\u00eetre Hassan Kohen, avocat en droit p\u00e9nal \u00e0 Paris","article_published_time":"2026-04-24T02:43:47+00:00","article_modified_time":"2026-04-26T17:34:14+00:00","og_image":[{"width":4272,"height":2848,"url":"https:\/\/kohenavocats.com\/wp-content\/uploads\/2024\/08\/silvio-kundt-Fixg8KipOg8-unsplash.webp","type":"image\/webp"}],"author":"Kohen","twitter_card":"summary_large_image","twitter_misc":{"\u4f5c\u8005":"Kohen","\u9884\u8ba1\u9605\u8bfb\u65f6\u95f4":"4 \u5206"},"schema":{"@context":"https:\/\/schema.org","@graph":[{"@type":"Article","@id":"https:\/\/kohenavocats.com\/zh-hans\/tribunal-judiciaire-de-paris-le-14-fevrier-2024-n23-01473\/#article","isPartOf":{"@id":"https:\/\/kohenavocats.com\/zh-hans\/tribunal-judiciaire-de-paris-le-14-fevrier-2024-n23-01473\/"},"author":{"name":"Kohen","@id":"https:\/\/kohenavocats.com\/zh-hans\/#\/schema\/person\/761c9ba54fa1ca84d405cef0831ff751"},"headline":"Tribunal judiciaire de Paris, le 14 f\u00e9vrier 2024, n\u00b023\/01473","datePublished":"2026-04-24T02:43:47+00:00","dateModified":"2026-04-26T17:34:14+00:00","mainEntityOfPage":{"@id":"https:\/\/kohenavocats.com\/zh-hans\/tribunal-judiciaire-de-paris-le-14-fevrier-2024-n23-01473\/"},"wordCount":721,"commentCount":0,"publisher":{"@id":"https:\/\/kohenavocats.com\/zh-hans\/#organization"},"image":{"@id":"https:\/\/kohenavocats.com\/zh-hans\/tribunal-judiciaire-de-paris-le-14-fevrier-2024-n23-01473\/#primaryimage"},"thumbnailUrl":"https:\/\/kohenavocats.com\/wp-content\/uploads\/2024\/08\/silvio-kundt-Fixg8KipOg8-unsplash.webp","articleSection":["Code des assurances","Droit des affaires","Jurisprudence"],"inLanguage":"zh-Hans","potentialAction":[{"@type":"CommentAction","name":"Comment","target":["https:\/\/kohenavocats.com\/zh-hans\/tribunal-judiciaire-de-paris-le-14-fevrier-2024-n23-01473\/#respond"]}],"citation":"Tribunal judiciaire de Paris, le 14 f\u00e9vrier 2024, n\u00b023\/01473","about":[{"@type":"Thing","name":"Code des assurances"},{"@type":"Thing","name":"Droit des affaires"},{"@type":"Thing","name":"Jurisprudence"}],"speakable":{"@type":"SpeakableSpecification","cssSelector":[".article-content > p:first-of-type"]}},{"@type":"WebPage","@id":"https:\/\/kohenavocats.com\/zh-hans\/tribunal-judiciaire-de-paris-le-14-fevrier-2024-n23-01473\/","url":"https:\/\/kohenavocats.com\/zh-hans\/tribunal-judiciaire-de-paris-le-14-fevrier-2024-n23-01473\/","name":"Tribunal judiciaire de Paris, le 14 f\u00e9vrier 2024, n\u00b023\/01473 - Ma\u00eetre Hassan Kohen, avocat en droit p\u00e9nal \u00e0 Paris","isPartOf":{"@id":"https:\/\/kohenavocats.com\/zh-hans\/#website"},"primaryImageOfPage":{"@id":"https:\/\/kohenavocats.com\/zh-hans\/tribunal-judiciaire-de-paris-le-14-fevrier-2024-n23-01473\/#primaryimage"},"image":{"@id":"https:\/\/kohenavocats.com\/zh-hans\/tribunal-judiciaire-de-paris-le-14-fevrier-2024-n23-01473\/#primaryimage"},"thumbnailUrl":"https:\/\/kohenavocats.com\/wp-content\/uploads\/2024\/08\/silvio-kundt-Fixg8KipOg8-unsplash.webp","datePublished":"2026-04-24T02:43:47+00:00","dateModified":"2026-04-26T17:34:14+00:00","description":"Le Tribunal judiciaire de Paris, statuant le 14 f\u00e9vrier 2024, a \u00e9t\u00e9 saisi par une soci\u00e9t\u00e9 titulaire d\u2019une marque renomm\u00e9e dans le conseil en informatique. Ce...","breadcrumb":{"@id":"https:\/\/kohenavocats.com\/zh-hans\/tribunal-judiciaire-de-paris-le-14-fevrier-2024-n23-01473\/#breadcrumb"},"inLanguage":"zh-Hans","potentialAction":[{"@type":"ReadAction","target":["https:\/\/kohenavocats.com\/zh-hans\/tribunal-judiciaire-de-paris-le-14-fevrier-2024-n23-01473\/"]}]},{"@type":"ImageObject","inLanguage":"zh-Hans","@id":"https:\/\/kohenavocats.com\/zh-hans\/tribunal-judiciaire-de-paris-le-14-fevrier-2024-n23-01473\/#primaryimage","url":"https:\/\/kohenavocats.com\/wp-content\/uploads\/2024\/08\/silvio-kundt-Fixg8KipOg8-unsplash.webp","contentUrl":"https:\/\/kohenavocats.com\/wp-content\/uploads\/2024\/08\/silvio-kundt-Fixg8KipOg8-unsplash.webp","width":4272,"height":2848},{"@type":"BreadcrumbList","@id":"https:\/\/kohenavocats.com\/zh-hans\/tribunal-judiciaire-de-paris-le-14-fevrier-2024-n23-01473\/#breadcrumb","itemListElement":[{"@type":"ListItem","position":1,"name":"Home","item":"https:\/\/kohenavocats.com\/zh-hans\/"},{"@type":"ListItem","position":2,"name":"Tribunal judiciaire de Paris, le 14 f\u00e9vrier 2024, n\u00b023\/01473"}]},{"@type":"WebSite","@id":"https:\/\/kohenavocats.com\/zh-hans\/#website","url":"https:\/\/kohenavocats.com\/zh-hans\/","name":"Kohen Avocats","description":"Ma\u00eetre Hassan Kohen, avocat p\u00e9naliste \u00e0 Paris, intervient exclusivement en droit p\u00e9nal pour la d\u00e9fense des particuliers, notamment en mati\u00e8re d\u2019accusations de viol. Il assure un accompagnement rigoureux d\u00e8s la garde \u00e0 vue jusqu\u2019\u00e0 la Cour d\u2019assises, veillant au strict respect des garanties proc\u00e9durales.","publisher":{"@id":"https:\/\/kohenavocats.com\/zh-hans\/#organization"},"potentialAction":[{"@type":"SearchAction","target":{"@type":"EntryPoint","urlTemplate":"https:\/\/kohenavocats.com\/zh-hans\/?s={search_term_string}"},"query-input":{"@type":"PropertyValueSpecification","valueRequired":true,"valueName":"search_term_string"}}],"inLanguage":"zh-Hans"},{"@type":"Organization","@id":"https:\/\/kohenavocats.com\/zh-hans\/#organization","name":"Kohen Avocats","url":"https:\/\/kohenavocats.com\/zh-hans\/","logo":{"@type":"ImageObject","inLanguage":"zh-Hans","@id":"https:\/\/kohenavocats.com\/zh-hans\/#\/schema\/logo\/image\/","url":"https:\/\/kohenavocats.com\/wp-content\/uploads\/2026\/01\/Logo-2-1.webp","contentUrl":"https:\/\/kohenavocats.com\/wp-content\/uploads\/2026\/01\/Logo-2-1.webp","width":2114,"height":1253,"caption":"Kohen Avocats"},"image":{"@id":"https:\/\/kohenavocats.com\/zh-hans\/#\/schema\/logo\/image\/"}},{"@type":"Person","@id":"https:\/\/kohenavocats.com\/zh-hans\/#\/schema\/person\/761c9ba54fa1ca84d405cef0831ff751","name":"Kohen","image":{"@type":"ImageObject","inLanguage":"zh-Hans","@id":"https:\/\/secure.gravatar.com\/avatar\/1c5e76ef76bbbfdd2b4da984e2bf2fa4056fd51a27d25ce2c332047f1dfd6e00?s=96&d=identicon&r=g","url":"https:\/\/secure.gravatar.com\/avatar\/1c5e76ef76bbbfdd2b4da984e2bf2fa4056fd51a27d25ce2c332047f1dfd6e00?s=96&d=identicon&r=g","contentUrl":"https:\/\/secure.gravatar.com\/avatar\/1c5e76ef76bbbfdd2b4da984e2bf2fa4056fd51a27d25ce2c332047f1dfd6e00?s=96&d=identicon&r=g","caption":"Kohen"},"sameAs":["https:\/\/www.linkedin.com\/in\/hassan-kohen-448548192\/","https:\/\/www.youtube.com\/@Kohen-Avocats"],"url":"https:\/\/kohenavocats.com\/zh-hans\/author\/kohenmlk\/"}]}},"jetpack_featured_media_url":"https:\/\/kohenavocats.com\/wp-content\/uploads\/2024\/08\/silvio-kundt-Fixg8KipOg8-unsplash.webp","jetpack_likes_enabled":false,"jetpack_shortlink":"https:\/\/wp.me\/peCrII-2NSg","jetpack-related-posts":[{"id":478351,"url":"https:\/\/kohenavocats.com\/zh-hans\/cour-dappel-de-paris-le-4-avril-2025-n23-17581\/","url_meta":{"origin":668376,"position":0},"title":"Cour d&#8217;appel de Paris, le 4 avril 2025, n\u00b023\/17581","author":"Kohen","date":"2026\u5e744\u67087\u65e5","format":false,"excerpt":"La cour d'appel de Paris, dans un arr\u00eat du 4 avril\u2026","rel":"","context":"\u5728\u201cJurisprudence\u201d\u4e2d","block_context":{"text":"Jurisprudence","link":"https:\/\/kohenavocats.com\/category\/jurisprudence\/"},"img":{"alt_text":"","src":"https:\/\/i0.wp.com\/kohenavocats.com\/wp-content\/uploads\/2024\/11\/getty-images-UzSgkFUhmVc-unsplash.webp?resize=350%2C200&ssl=1","width":350,"height":200,"srcset":"https:\/\/i0.wp.com\/kohenavocats.com\/wp-content\/uploads\/2024\/11\/getty-images-UzSgkFUhmVc-unsplash.webp?resize=350%2C200&ssl=1 1x, https:\/\/i0.wp.com\/kohenavocats.com\/wp-content\/uploads\/2024\/11\/getty-images-UzSgkFUhmVc-unsplash.webp?resize=525%2C300&ssl=1 1.5x, https:\/\/i0.wp.com\/kohenavocats.com\/wp-content\/uploads\/2024\/11\/getty-images-UzSgkFUhmVc-unsplash.webp?resize=700%2C400&ssl=1 2x, https:\/\/i0.wp.com\/kohenavocats.com\/wp-content\/uploads\/2024\/11\/getty-images-UzSgkFUhmVc-unsplash.webp?resize=1050%2C600&ssl=1 3x, https:\/\/i0.wp.com\/kohenavocats.com\/wp-content\/uploads\/2024\/11\/getty-images-UzSgkFUhmVc-unsplash.webp?resize=1400%2C800&ssl=1 4x"},"classes":[]},{"id":440096,"url":"https:\/\/kohenavocats.com\/zh-hans\/cour-dappel-de-paris-le-20-mai-2011-n10-08597\/","url_meta":{"origin":668376,"position":1},"title":"Cour d&#8217;appel de Paris, le 20 mai 2011, n\u00b010\/08597","author":"Kohen","date":"2026\u5e743\u670827\u65e5","format":false,"excerpt":"La Cour d\u2019appel de Paris, dans un arr\u00eat du 20 mai \u2026","rel":"","context":"\u5728\u201cCour d'appel\u201d\u4e2d","block_context":{"text":"Cour d'appel","link":"https:\/\/kohenavocats.com\/category\/cour-dappel\/"},"img":{"alt_text":"","src":"https:\/\/i0.wp.com\/kohenavocats.com\/wp-content\/uploads\/2024\/08\/yohan-marion-UYA82FGMzFE-unsplash.webp?resize=350%2C200&ssl=1","width":350,"height":200,"srcset":"https:\/\/i0.wp.com\/kohenavocats.com\/wp-content\/uploads\/2024\/08\/yohan-marion-UYA82FGMzFE-unsplash.webp?resize=350%2C200&ssl=1 1x, https:\/\/i0.wp.com\/kohenavocats.com\/wp-content\/uploads\/2024\/08\/yohan-marion-UYA82FGMzFE-unsplash.webp?resize=525%2C300&ssl=1 1.5x, https:\/\/i0.wp.com\/kohenavocats.com\/wp-content\/uploads\/2024\/08\/yohan-marion-UYA82FGMzFE-unsplash.webp?resize=700%2C400&ssl=1 2x, https:\/\/i0.wp.com\/kohenavocats.com\/wp-content\/uploads\/2024\/08\/yohan-marion-UYA82FGMzFE-unsplash.webp?resize=1050%2C600&ssl=1 3x, https:\/\/i0.wp.com\/kohenavocats.com\/wp-content\/uploads\/2024\/08\/yohan-marion-UYA82FGMzFE-unsplash.webp?resize=1400%2C800&ssl=1 4x"},"classes":[]},{"id":442275,"url":"https:\/\/kohenavocats.com\/zh-hans\/cour-dappel-le-7-novembre-2025-n24-15096\/","url_meta":{"origin":668376,"position":2},"title":"Cour d&#8217;appel, le 7 novembre 2025, n\u00b024\/15096","author":"","date":"2026\u5e744\u67084\u65e5","format":false,"excerpt":"La soci\u00e9t\u00e9 titulaire de plusieurs marques verbales\u2026","rel":"","context":"\u5728\u201cCour d'appel\u201d\u4e2d","block_context":{"text":"Cour d'appel","link":"https:\/\/kohenavocats.com\/category\/cour-dappel\/"},"img":{"alt_text":"","src":"https:\/\/i0.wp.com\/kohenavocats.com\/wp-content\/uploads\/2024\/08\/leonhard-niederwimmer-GOqi8yEDEsE-unsplash.webp?resize=350%2C200&ssl=1","width":350,"height":200,"srcset":"https:\/\/i0.wp.com\/kohenavocats.com\/wp-content\/uploads\/2024\/08\/leonhard-niederwimmer-GOqi8yEDEsE-unsplash.webp?resize=350%2C200&ssl=1 1x, https:\/\/i0.wp.com\/kohenavocats.com\/wp-content\/uploads\/2024\/08\/leonhard-niederwimmer-GOqi8yEDEsE-unsplash.webp?resize=525%2C300&ssl=1 1.5x, https:\/\/i0.wp.com\/kohenavocats.com\/wp-content\/uploads\/2024\/08\/leonhard-niederwimmer-GOqi8yEDEsE-unsplash.webp?resize=700%2C400&ssl=1 2x, https:\/\/i0.wp.com\/kohenavocats.com\/wp-content\/uploads\/2024\/08\/leonhard-niederwimmer-GOqi8yEDEsE-unsplash.webp?resize=1050%2C600&ssl=1 3x, https:\/\/i0.wp.com\/kohenavocats.com\/wp-content\/uploads\/2024\/08\/leonhard-niederwimmer-GOqi8yEDEsE-unsplash.webp?resize=1400%2C800&ssl=1 4x"},"classes":[]},{"id":420267,"url":"https:\/\/kohenavocats.com\/zh-hans\/cour-dappel-de-lyon-le-19-janvier-2012-n09-07831\/","url_meta":{"origin":668376,"position":3},"title":"Cour d&#8217;appel de Lyon, le 19 janvier 2012, n\u00b009\/07831","author":"Kohen","date":"2026\u5e743\u670822\u65e5","format":false,"excerpt":"La Cour d\u2019appel de Lyon, dans un arr\u00eat du 19 janvi\u2026","rel":"","context":"\u5728\u201cCour d'appel\u201d\u4e2d","block_context":{"text":"Cour d'appel","link":"https:\/\/kohenavocats.com\/category\/cour-dappel\/"},"img":{"alt_text":"","src":"https:\/\/i0.wp.com\/kohenavocats.com\/wp-content\/uploads\/2024\/08\/anthony-mcgee-iOZOydyIw3M-unsplash.webp?resize=350%2C200&ssl=1","width":350,"height":200,"srcset":"https:\/\/i0.wp.com\/kohenavocats.com\/wp-content\/uploads\/2024\/08\/anthony-mcgee-iOZOydyIw3M-unsplash.webp?resize=350%2C200&ssl=1 1x, https:\/\/i0.wp.com\/kohenavocats.com\/wp-content\/uploads\/2024\/08\/anthony-mcgee-iOZOydyIw3M-unsplash.webp?resize=525%2C300&ssl=1 1.5x, https:\/\/i0.wp.com\/kohenavocats.com\/wp-content\/uploads\/2024\/08\/anthony-mcgee-iOZOydyIw3M-unsplash.webp?resize=700%2C400&ssl=1 2x, https:\/\/i0.wp.com\/kohenavocats.com\/wp-content\/uploads\/2024\/08\/anthony-mcgee-iOZOydyIw3M-unsplash.webp?resize=1050%2C600&ssl=1 3x, https:\/\/i0.wp.com\/kohenavocats.com\/wp-content\/uploads\/2024\/08\/anthony-mcgee-iOZOydyIw3M-unsplash.webp?resize=1400%2C800&ssl=1 4x"},"classes":[]},{"id":490599,"url":"https:\/\/kohenavocats.com\/zh-hans\/tribunal-judiciaire-de-paris-le-19-novembre-2025-n23-14006\/","url_meta":{"origin":668376,"position":4},"title":"Tribunal judiciaire de Paris, le 19 novembre 2025, n\u00b023\/14006","author":"Kohen","date":"2026\u5e744\u67088\u65e5","format":false,"excerpt":"Le Tribunal judiciaire de Paris, statuant le 19 no\u2026","rel":"","context":"\u5728\u201cD\u00e9cisions juridiques\u201d\u4e2d","block_context":{"text":"D\u00e9cisions juridiques","link":"https:\/\/kohenavocats.com\/category\/decisions-juridiques\/"},"img":{"alt_text":"","src":"https:\/\/i0.wp.com\/kohenavocats.com\/wp-content\/uploads\/2024\/07\/alex-block-PdDBTrkGYLo-unsplash-2.webp?resize=350%2C200&ssl=1","width":350,"height":200,"srcset":"https:\/\/i0.wp.com\/kohenavocats.com\/wp-content\/uploads\/2024\/07\/alex-block-PdDBTrkGYLo-unsplash-2.webp?resize=350%2C200&ssl=1 1x, https:\/\/i0.wp.com\/kohenavocats.com\/wp-content\/uploads\/2024\/07\/alex-block-PdDBTrkGYLo-unsplash-2.webp?resize=525%2C300&ssl=1 1.5x, https:\/\/i0.wp.com\/kohenavocats.com\/wp-content\/uploads\/2024\/07\/alex-block-PdDBTrkGYLo-unsplash-2.webp?resize=700%2C400&ssl=1 2x, https:\/\/i0.wp.com\/kohenavocats.com\/wp-content\/uploads\/2024\/07\/alex-block-PdDBTrkGYLo-unsplash-2.webp?resize=1050%2C600&ssl=1 3x, https:\/\/i0.wp.com\/kohenavocats.com\/wp-content\/uploads\/2024\/07\/alex-block-PdDBTrkGYLo-unsplash-2.webp?resize=1400%2C800&ssl=1 4x"},"classes":[]},{"id":412298,"url":"https:\/\/kohenavocats.com\/zh-hans\/cour-dappel-de-paris-le-18-janvier-2013-n11-20286\/","url_meta":{"origin":668376,"position":5},"title":"Cour d&#8217;appel de Paris, le 18 janvier 2013, n\u00b011\/20286","author":"Kohen","date":"2026\u5e743\u670821\u65e5","format":false,"excerpt":"La Cour d\u2019appel de Paris, dans un arr\u00eat du 18 janv\u2026","rel":"","context":"\u5728\u201cCour d'appel\u201d\u4e2d","block_context":{"text":"Cour d'appel","link":"https:\/\/kohenavocats.com\/category\/cour-dappel\/"},"img":{"alt_text":"","src":"https:\/\/i0.wp.com\/kohenavocats.com\/wp-content\/uploads\/2024\/08\/judith-ekedi-jangwa-FVA1CH1_LSk-unsplash.webp?resize=350%2C200&ssl=1","width":350,"height":200,"srcset":"https:\/\/i0.wp.com\/kohenavocats.com\/wp-content\/uploads\/2024\/08\/judith-ekedi-jangwa-FVA1CH1_LSk-unsplash.webp?resize=350%2C200&ssl=1 1x, https:\/\/i0.wp.com\/kohenavocats.com\/wp-content\/uploads\/2024\/08\/judith-ekedi-jangwa-FVA1CH1_LSk-unsplash.webp?resize=525%2C300&ssl=1 1.5x, https:\/\/i0.wp.com\/kohenavocats.com\/wp-content\/uploads\/2024\/08\/judith-ekedi-jangwa-FVA1CH1_LSk-unsplash.webp?resize=700%2C400&ssl=1 2x, https:\/\/i0.wp.com\/kohenavocats.com\/wp-content\/uploads\/2024\/08\/judith-ekedi-jangwa-FVA1CH1_LSk-unsplash.webp?resize=1050%2C600&ssl=1 3x, https:\/\/i0.wp.com\/kohenavocats.com\/wp-content\/uploads\/2024\/08\/judith-ekedi-jangwa-FVA1CH1_LSk-unsplash.webp?resize=1400%2C800&ssl=1 4x"},"classes":[]}],"jetpack_sharing_enabled":true,"_links":{"self":[{"href":"https:\/\/kohenavocats.com\/zh-hans\/wp-json\/wp\/v2\/posts\/668376","targetHints":{"allow":["GET"]}}],"collection":[{"href":"https:\/\/kohenavocats.com\/zh-hans\/wp-json\/wp\/v2\/posts"}],"about":[{"href":"https:\/\/kohenavocats.com\/zh-hans\/wp-json\/wp\/v2\/types\/post"}],"author":[{"embeddable":true,"href":"https:\/\/kohenavocats.com\/zh-hans\/wp-json\/wp\/v2\/users\/232070755"}],"replies":[{"embeddable":true,"href":"https:\/\/kohenavocats.com\/zh-hans\/wp-json\/wp\/v2\/comments?post=668376"}],"version-history":[{"count":1,"href":"https:\/\/kohenavocats.com\/zh-hans\/wp-json\/wp\/v2\/posts\/668376\/revisions"}],"predecessor-version":[{"id":696509,"href":"https:\/\/kohenavocats.com\/zh-hans\/wp-json\/wp\/v2\/posts\/668376\/revisions\/696509"}],"wp:featuredmedia":[{"embeddable":true,"href":"https:\/\/kohenavocats.com\/zh-hans\/wp-json\/wp\/v2\/media\/4921"}],"wp:attachment":[{"href":"https:\/\/kohenavocats.com\/zh-hans\/wp-json\/wp\/v2\/media?parent=668376"}],"wp:term":[{"taxonomy":"category","embeddable":true,"href":"https:\/\/kohenavocats.com\/zh-hans\/wp-json\/wp\/v2\/categories?post=668376"},{"taxonomy":"post_tag","embeddable":true,"href":"https:\/\/kohenavocats.com\/zh-hans\/wp-json\/wp\/v2\/tags?post=668376"}],"curies":[{"name":"wp","href":"https:\/\/api.w.org\/{rel}","templated":true}]}}