{"id":668454,"date":"2026-04-24T04:52:21","date_gmt":"2026-04-24T02:52:21","guid":{"rendered":"https:\/\/kohenavocats.com\/cour-dappel-le-22-septembre-2025-n25-00666\/"},"modified":"2026-04-24T04:52:21","modified_gmt":"2026-04-24T02:52:21","slug":"cour-dappel-le-22-septembre-2025-n25-00666","status":"publish","type":"post","link":"https:\/\/kohenavocats.com\/zh-hans\/cour-dappel-le-22-septembre-2025-n25-00666\/","title":{"rendered":"Cour d&#8217;appel, le 22 septembre 2025, n\u00b025\/00666"},"content":{"rendered":"<div class=\"article-content\">\n<p>La cour d&#8217;appel, statuant par ordonance du 22 septembre 2025, examine une contestation de taux d&#8217;incapacit\u00e9 permanente. Le tribunal judiciaire avait radi\u00e9 l&#8217;affaire avant de la r\u00e9tablir \u00e0 la demande du requ\u00e9rant. La juridiction ordonne une mesure d&#8217;instruction m\u00e9dicale avant de statuer au fond. Elle d\u00e9signe un m\u00e9decin consultant et pr\u00e9cise les modalit\u00e9s de sa mission ainsi que la prise en charge des frais.<\/p>\n<p>Le pouvoir d&#8217;ordonner des mesures d&#8217;instruction<\/p>\n<p>Le cadre l\u00e9gal de la consultation m\u00e9dicale. Le juge fonde sa d\u00e9cision sur l&#8217;article R. 142-16 du code de la s\u00e9curit\u00e9 sociale. Ce texte lui conf\u00e8re un pouvoir discr\u00e9tionnaire pour ordonner toute mesure d&#8217;instruction utile. &#8220;la juridiction peut ordonner toute mesure d&#8217;instruction, qui peut prendre la forme d&#8217;une consultation clinique ou sur pi\u00e8ces&#8221; (article R. 142-16). La nature m\u00e9dicale du litige justifie pleinement le recours \u00e0 cette proc\u00e9dure. Cette ordonnance illustre l&#8217;adaptation de l&#8217;instruction aux besoins techniques du contentieux social.<\/p>\n<p>La mission pr\u00e9cise confi\u00e9e au m\u00e9decin expert. Le juge d\u00e9finit avec rigueur le cadre de l&#8217;expertise pour \u00e9clairer sa d\u00e9cision future. La mission inclut l&#8217;examen de la personne, l&#8217;analyse des s\u00e9quelles et l&#8217;avis sur le taux d&#8217;IPP contest\u00e9. Elle demande aussi de se prononcer sur l&#8217;existence \u00e9ventuelle d&#8217;un taux professionnel distinct. Cette d\u00e9finition exhaustive guide le consultant et assure la pertinence de ses conclusions pour le jugement.<\/p>\n<p>Les modalit\u00e9s pratiques et financi\u00e8res de l&#8217;expertise<\/p>\n<p>La transmission obligatoire des \u00e9l\u00e9ments m\u00e9dicaux. L&#8217;efficacit\u00e9 de la consultation repose sur la communication compl\u00e8te du dossier m\u00e9dical. Le juge rappelle les obligations de transmission pesant sur l&#8217;organisme de s\u00e9curit\u00e9 sociale. &#8220;il appartient au service m\u00e9dical de la [9] de transmettre au m\u00e9decin consultant [&#8230;] l&#8217;int\u00e9gralit\u00e9 du rapport m\u00e9dical&#8221; (Motifs de l&#8217;ordonnance). Ce dispositif garantit au consultant un acc\u00e8s \u00e0 toutes les pi\u00e8ces n\u00e9cessaires. Il assure ainsi l&#8217;\u00e9galit\u00e9 des armes et la qualit\u00e9 de l&#8217;avis rendu.<\/p>\n<p>La prise en charge des frais par l&#8217;organisme d\u00e9biteur. La d\u00e9cision r\u00e8gle la question financi\u00e8re en application d&#8217;une disposition l\u00e9gale pr\u00e9cise. Elle rappelle que les frais de consultation sont support\u00e9s par la caisse de s\u00e9curit\u00e9 sociale concern\u00e9e. Ce point est conforme \u00e0 l&#8217;article L. 142-11 du code de la s\u00e9curit\u00e9 sociale. Cette solution all\u00e8ge la proc\u00e9dure pour le requ\u00e9rant et facilite l&#8217;acc\u00e8s \u00e0 l&#8217;expertise. Elle r\u00e9partit les co\u00fbts selon le principe de la prise en charge par l&#8217;organisme gestionnaire du risque.<\/p>\n<\/div>\n","protected":false},"excerpt":{"rendered":"<p>La cour d&#8217;appel, statuant par ordonance du 22 septembre 2025, examine une contestation de taux d&#8217;incapacit\u00e9 permanente. Le tribunal judiciaire avait radi\u00e9 l&#8217;&#8230;<\/p>\n","protected":false},"author":232070755,"featured_media":9461,"comment_status":"open","ping_status":"open","sticky":false,"template":"","format":"standard","meta":{"_crdt_document":"","_jetpack_newsletter_access":"","_jetpack_dont_email_post_to_subs":false,"_jetpack_newsletter_tier_id":0,"_jetpack_memberships_contains_paywalled_content":false,"_kj_source_type":"judilibre","_kj_official_id":"68e00f6974e929a9d8f9ba36","_kj_official_url":"https:\/\/www.courdecassation.fr\/decision\/68e00f6974e929a9d8f9ba36","_kj_judilibre_id":"68e00f6974e929a9d8f9ba36","_kj_jur":"Tribunal judiciaire","_kj_lieu":"Tribunal judiciaire de Bobigny","_kj_chambre":"Serv. contentieux social","_kj_rg":"25\/00666","_kj_date":"2025-09-22","_jetpack_memberships_contains_paid_content":false,"footnotes":"","jetpack_post_was_ever_published":false},"categories":[7597],"tags":[],"class_list":["post-668454","post","type-post","status-publish","format-standard","has-post-thumbnail","hentry","category-jurisprudence"],"yoast_head":"<!-- This site is optimized with the Yoast SEO Premium plugin v27.5 (Yoast SEO v27.5) - https:\/\/yoast.com\/product\/yoast-seo-premium-wordpress\/ -->\n<title>Cour d&#039;appel, le 22 septembre 2025, n\u00b025\/00666 - Ma\u00eetre Hassan Kohen, avocat en droit p\u00e9nal \u00e0 Paris<\/title>\n<meta name=\"description\" content=\"La cour d&#039;appel, statuant par ordonance du 22 septembre 2025, examine une contestation de taux d&#039;incapacit\u00e9 permanente. Le tribunal judiciaire avait radi\u00e9 l&#039;...\" \/>\n<meta name=\"robots\" content=\"index, follow, max-snippet:-1, max-image-preview:large, max-video-preview:-1\" \/>\n<link rel=\"canonical\" href=\"https:\/\/kohenavocats.com\/zh-hans\/cour-dappel-le-22-septembre-2025-n25-00666\/\" \/>\n<meta property=\"og:locale\" content=\"zh_CN\" \/>\n<meta property=\"og:type\" content=\"article\" \/>\n<meta property=\"og:title\" content=\"Cour d&#039;appel, le 22 septembre 2025, n\u00b025\/00666\" \/>\n<meta property=\"og:description\" content=\"La cour d&#039;appel, statuant par ordonance du 22 septembre 2025, examine une contestation de taux d&#039;incapacit\u00e9 permanente. Le tribunal judiciaire avait radi\u00e9 l&#039;...\" \/>\n<meta property=\"og:url\" content=\"https:\/\/kohenavocats.com\/zh-hans\/cour-dappel-le-22-septembre-2025-n25-00666\/\" \/>\n<meta property=\"og:site_name\" content=\"Ma\u00eetre Hassan Kohen, avocat en droit p\u00e9nal \u00e0 Paris\" \/>\n<meta property=\"article:published_time\" content=\"2026-04-24T02:52:21+00:00\" \/>\n<meta property=\"og:image\" content=\"https:\/\/kohenavocats.com\/wp-content\/uploads\/2024\/11\/zyanya-citlalli-gy0ATtkEcZs-unsplash.webp\" \/>\n\t<meta property=\"og:image:width\" content=\"3840\" \/>\n\t<meta property=\"og:image:height\" content=\"2160\" \/>\n\t<meta property=\"og:image:type\" content=\"image\/webp\" \/>\n<meta name=\"author\" content=\"Kohen\" \/>\n<meta name=\"twitter:card\" content=\"summary_large_image\" \/>\n<meta name=\"twitter:label1\" content=\"\u4f5c\u8005\" \/>\n\t<meta name=\"twitter:data1\" content=\"Kohen\" \/>\n\t<meta name=\"twitter:label2\" content=\"\u9884\u8ba1\u9605\u8bfb\u65f6\u95f4\" \/>\n\t<meta name=\"twitter:data2\" content=\"2 \u5206\" \/>\n<script type=\"application\/ld+json\" class=\"yoast-schema-graph\">{\"@context\":\"https:\\\/\\\/schema.org\",\"@graph\":[{\"@type\":\"Article\",\"@id\":\"https:\\\/\\\/kohenavocats.com\\\/zh-hans\\\/cour-dappel-le-22-septembre-2025-n25-00666\\\/#article\",\"isPartOf\":{\"@id\":\"https:\\\/\\\/kohenavocats.com\\\/zh-hans\\\/cour-dappel-le-22-septembre-2025-n25-00666\\\/\"},\"author\":{\"name\":\"Kohen\",\"@id\":\"https:\\\/\\\/kohenavocats.com\\\/zh-hans\\\/#\\\/schema\\\/person\\\/761c9ba54fa1ca84d405cef0831ff751\"},\"headline\":\"Cour d&#8217;appel, le 22 septembre 2025, n\u00b025\\\/00666\",\"datePublished\":\"2026-04-24T02:52:21+00:00\",\"mainEntityOfPage\":{\"@id\":\"https:\\\/\\\/kohenavocats.com\\\/zh-hans\\\/cour-dappel-le-22-septembre-2025-n25-00666\\\/\"},\"wordCount\":463,\"commentCount\":0,\"publisher\":{\"@id\":\"https:\\\/\\\/kohenavocats.com\\\/zh-hans\\\/#organization\"},\"image\":{\"@id\":\"https:\\\/\\\/kohenavocats.com\\\/zh-hans\\\/cour-dappel-le-22-septembre-2025-n25-00666\\\/#primaryimage\"},\"thumbnailUrl\":\"https:\\\/\\\/kohenavocats.com\\\/wp-content\\\/uploads\\\/2024\\\/11\\\/zyanya-citlalli-gy0ATtkEcZs-unsplash.webp\",\"articleSection\":[\"Jurisprudence\"],\"inLanguage\":\"zh-Hans\",\"potentialAction\":[{\"@type\":\"CommentAction\",\"name\":\"Comment\",\"target\":[\"https:\\\/\\\/kohenavocats.com\\\/zh-hans\\\/cour-dappel-le-22-septembre-2025-n25-00666\\\/#respond\"]}],\"citation\":\"Cour d&#8217;appel, le 22 septembre 2025, n\u00b025\\\/00666\",\"about\":[{\"@type\":\"Thing\",\"name\":\"Jurisprudence\"}],\"dateModified\":\"2026-04-24T02:52:21+00:00\",\"speakable\":{\"@type\":\"SpeakableSpecification\",\"cssSelector\":[\".article-content > p:first-of-type\"]}},{\"@type\":\"WebPage\",\"@id\":\"https:\\\/\\\/kohenavocats.com\\\/zh-hans\\\/cour-dappel-le-22-septembre-2025-n25-00666\\\/\",\"url\":\"https:\\\/\\\/kohenavocats.com\\\/zh-hans\\\/cour-dappel-le-22-septembre-2025-n25-00666\\\/\",\"name\":\"Cour d'appel, le 22 septembre 2025, n\u00b025\\\/00666 - Ma\u00eetre Hassan Kohen, avocat en droit p\u00e9nal \u00e0 Paris\",\"isPartOf\":{\"@id\":\"https:\\\/\\\/kohenavocats.com\\\/zh-hans\\\/#website\"},\"primaryImageOfPage\":{\"@id\":\"https:\\\/\\\/kohenavocats.com\\\/zh-hans\\\/cour-dappel-le-22-septembre-2025-n25-00666\\\/#primaryimage\"},\"image\":{\"@id\":\"https:\\\/\\\/kohenavocats.com\\\/zh-hans\\\/cour-dappel-le-22-septembre-2025-n25-00666\\\/#primaryimage\"},\"thumbnailUrl\":\"https:\\\/\\\/kohenavocats.com\\\/wp-content\\\/uploads\\\/2024\\\/11\\\/zyanya-citlalli-gy0ATtkEcZs-unsplash.webp\",\"datePublished\":\"2026-04-24T02:52:21+00:00\",\"description\":\"La cour d'appel, statuant par ordonance du 22 septembre 2025, examine une contestation de taux d'incapacit\u00e9 permanente. Le tribunal judiciaire avait radi\u00e9 l'...\",\"breadcrumb\":{\"@id\":\"https:\\\/\\\/kohenavocats.com\\\/zh-hans\\\/cour-dappel-le-22-septembre-2025-n25-00666\\\/#breadcrumb\"},\"inLanguage\":\"zh-Hans\",\"potentialAction\":[{\"@type\":\"ReadAction\",\"target\":[\"https:\\\/\\\/kohenavocats.com\\\/zh-hans\\\/cour-dappel-le-22-septembre-2025-n25-00666\\\/\"]}]},{\"@type\":\"ImageObject\",\"inLanguage\":\"zh-Hans\",\"@id\":\"https:\\\/\\\/kohenavocats.com\\\/zh-hans\\\/cour-dappel-le-22-septembre-2025-n25-00666\\\/#primaryimage\",\"url\":\"https:\\\/\\\/kohenavocats.com\\\/wp-content\\\/uploads\\\/2024\\\/11\\\/zyanya-citlalli-gy0ATtkEcZs-unsplash.webp\",\"contentUrl\":\"https:\\\/\\\/kohenavocats.com\\\/wp-content\\\/uploads\\\/2024\\\/11\\\/zyanya-citlalli-gy0ATtkEcZs-unsplash.webp\",\"width\":3840,\"height\":2160},{\"@type\":\"BreadcrumbList\",\"@id\":\"https:\\\/\\\/kohenavocats.com\\\/zh-hans\\\/cour-dappel-le-22-septembre-2025-n25-00666\\\/#breadcrumb\",\"itemListElement\":[{\"@type\":\"ListItem\",\"position\":1,\"name\":\"Home\",\"item\":\"https:\\\/\\\/kohenavocats.com\\\/zh-hans\\\/\"},{\"@type\":\"ListItem\",\"position\":2,\"name\":\"Cour d&rsquo;appel, le 22 septembre 2025, n\u00b025\\\/00666\"}]},{\"@type\":\"WebSite\",\"@id\":\"https:\\\/\\\/kohenavocats.com\\\/zh-hans\\\/#website\",\"url\":\"https:\\\/\\\/kohenavocats.com\\\/zh-hans\\\/\",\"name\":\"Kohen Avocats\",\"description\":\"Ma\u00eetre Hassan Kohen, avocat p\u00e9naliste \u00e0 Paris, intervient exclusivement en droit p\u00e9nal pour la d\u00e9fense des particuliers, notamment en mati\u00e8re d\u2019accusations de viol. Il assure un accompagnement rigoureux d\u00e8s la garde \u00e0 vue jusqu\u2019\u00e0 la Cour d\u2019assises, veillant au strict respect des garanties proc\u00e9durales.\",\"publisher\":{\"@id\":\"https:\\\/\\\/kohenavocats.com\\\/zh-hans\\\/#organization\"},\"potentialAction\":[{\"@type\":\"SearchAction\",\"target\":{\"@type\":\"EntryPoint\",\"urlTemplate\":\"https:\\\/\\\/kohenavocats.com\\\/zh-hans\\\/?s={search_term_string}\"},\"query-input\":{\"@type\":\"PropertyValueSpecification\",\"valueRequired\":true,\"valueName\":\"search_term_string\"}}],\"inLanguage\":\"zh-Hans\"},{\"@type\":\"Organization\",\"@id\":\"https:\\\/\\\/kohenavocats.com\\\/zh-hans\\\/#organization\",\"name\":\"Kohen Avocats\",\"url\":\"https:\\\/\\\/kohenavocats.com\\\/zh-hans\\\/\",\"logo\":{\"@type\":\"ImageObject\",\"inLanguage\":\"zh-Hans\",\"@id\":\"https:\\\/\\\/kohenavocats.com\\\/zh-hans\\\/#\\\/schema\\\/logo\\\/image\\\/\",\"url\":\"https:\\\/\\\/kohenavocats.com\\\/wp-content\\\/uploads\\\/2026\\\/01\\\/Logo-2-1.webp\",\"contentUrl\":\"https:\\\/\\\/kohenavocats.com\\\/wp-content\\\/uploads\\\/2026\\\/01\\\/Logo-2-1.webp\",\"width\":2114,\"height\":1253,\"caption\":\"Kohen Avocats\"},\"image\":{\"@id\":\"https:\\\/\\\/kohenavocats.com\\\/zh-hans\\\/#\\\/schema\\\/logo\\\/image\\\/\"}},{\"@type\":\"Person\",\"@id\":\"https:\\\/\\\/kohenavocats.com\\\/zh-hans\\\/#\\\/schema\\\/person\\\/761c9ba54fa1ca84d405cef0831ff751\",\"name\":\"Kohen\",\"image\":{\"@type\":\"ImageObject\",\"inLanguage\":\"zh-Hans\",\"@id\":\"https:\\\/\\\/secure.gravatar.com\\\/avatar\\\/1c5e76ef76bbbfdd2b4da984e2bf2fa4056fd51a27d25ce2c332047f1dfd6e00?s=96&d=identicon&r=g\",\"url\":\"https:\\\/\\\/secure.gravatar.com\\\/avatar\\\/1c5e76ef76bbbfdd2b4da984e2bf2fa4056fd51a27d25ce2c332047f1dfd6e00?s=96&d=identicon&r=g\",\"contentUrl\":\"https:\\\/\\\/secure.gravatar.com\\\/avatar\\\/1c5e76ef76bbbfdd2b4da984e2bf2fa4056fd51a27d25ce2c332047f1dfd6e00?s=96&d=identicon&r=g\",\"caption\":\"Kohen\"},\"sameAs\":[\"https:\\\/\\\/www.linkedin.com\\\/in\\\/hassan-kohen-448548192\\\/\",\"https:\\\/\\\/www.youtube.com\\\/@Kohen-Avocats\"],\"url\":\"https:\\\/\\\/kohenavocats.com\\\/zh-hans\\\/author\\\/kohenmlk\\\/\"}]}<\/script>\n<!-- \/ Yoast SEO Premium plugin. -->","yoast_head_json":{"title":"Cour d'appel, le 22 septembre 2025, n\u00b025\/00666 - Ma\u00eetre Hassan Kohen, avocat en droit p\u00e9nal \u00e0 Paris","description":"La cour d'appel, statuant par ordonance du 22 septembre 2025, examine une contestation de taux d'incapacit\u00e9 permanente. Le tribunal judiciaire avait radi\u00e9 l'...","robots":{"index":"index","follow":"follow","max-snippet":"max-snippet:-1","max-image-preview":"max-image-preview:large","max-video-preview":"max-video-preview:-1"},"canonical":"https:\/\/kohenavocats.com\/zh-hans\/cour-dappel-le-22-septembre-2025-n25-00666\/","og_locale":"zh_CN","og_type":"article","og_title":"Cour d'appel, le 22 septembre 2025, n\u00b025\/00666","og_description":"La cour d'appel, statuant par ordonance du 22 septembre 2025, examine une contestation de taux d'incapacit\u00e9 permanente. Le tribunal judiciaire avait radi\u00e9 l'...","og_url":"https:\/\/kohenavocats.com\/zh-hans\/cour-dappel-le-22-septembre-2025-n25-00666\/","og_site_name":"Ma\u00eetre Hassan Kohen, avocat en droit p\u00e9nal \u00e0 Paris","article_published_time":"2026-04-24T02:52:21+00:00","og_image":[{"width":3840,"height":2160,"url":"https:\/\/kohenavocats.com\/wp-content\/uploads\/2024\/11\/zyanya-citlalli-gy0ATtkEcZs-unsplash.webp","type":"image\/webp"}],"author":"Kohen","twitter_card":"summary_large_image","twitter_misc":{"\u4f5c\u8005":"Kohen","\u9884\u8ba1\u9605\u8bfb\u65f6\u95f4":"2 \u5206"},"schema":{"@context":"https:\/\/schema.org","@graph":[{"@type":"Article","@id":"https:\/\/kohenavocats.com\/zh-hans\/cour-dappel-le-22-septembre-2025-n25-00666\/#article","isPartOf":{"@id":"https:\/\/kohenavocats.com\/zh-hans\/cour-dappel-le-22-septembre-2025-n25-00666\/"},"author":{"name":"Kohen","@id":"https:\/\/kohenavocats.com\/zh-hans\/#\/schema\/person\/761c9ba54fa1ca84d405cef0831ff751"},"headline":"Cour d&#8217;appel, le 22 septembre 2025, n\u00b025\/00666","datePublished":"2026-04-24T02:52:21+00:00","mainEntityOfPage":{"@id":"https:\/\/kohenavocats.com\/zh-hans\/cour-dappel-le-22-septembre-2025-n25-00666\/"},"wordCount":463,"commentCount":0,"publisher":{"@id":"https:\/\/kohenavocats.com\/zh-hans\/#organization"},"image":{"@id":"https:\/\/kohenavocats.com\/zh-hans\/cour-dappel-le-22-septembre-2025-n25-00666\/#primaryimage"},"thumbnailUrl":"https:\/\/kohenavocats.com\/wp-content\/uploads\/2024\/11\/zyanya-citlalli-gy0ATtkEcZs-unsplash.webp","articleSection":["Jurisprudence"],"inLanguage":"zh-Hans","potentialAction":[{"@type":"CommentAction","name":"Comment","target":["https:\/\/kohenavocats.com\/zh-hans\/cour-dappel-le-22-septembre-2025-n25-00666\/#respond"]}],"citation":"Cour d&#8217;appel, le 22 septembre 2025, n\u00b025\/00666","about":[{"@type":"Thing","name":"Jurisprudence"}],"dateModified":"2026-04-24T02:52:21+00:00","speakable":{"@type":"SpeakableSpecification","cssSelector":[".article-content > p:first-of-type"]}},{"@type":"WebPage","@id":"https:\/\/kohenavocats.com\/zh-hans\/cour-dappel-le-22-septembre-2025-n25-00666\/","url":"https:\/\/kohenavocats.com\/zh-hans\/cour-dappel-le-22-septembre-2025-n25-00666\/","name":"Cour d'appel, le 22 septembre 2025, n\u00b025\/00666 - Ma\u00eetre Hassan Kohen, avocat en droit p\u00e9nal \u00e0 Paris","isPartOf":{"@id":"https:\/\/kohenavocats.com\/zh-hans\/#website"},"primaryImageOfPage":{"@id":"https:\/\/kohenavocats.com\/zh-hans\/cour-dappel-le-22-septembre-2025-n25-00666\/#primaryimage"},"image":{"@id":"https:\/\/kohenavocats.com\/zh-hans\/cour-dappel-le-22-septembre-2025-n25-00666\/#primaryimage"},"thumbnailUrl":"https:\/\/kohenavocats.com\/wp-content\/uploads\/2024\/11\/zyanya-citlalli-gy0ATtkEcZs-unsplash.webp","datePublished":"2026-04-24T02:52:21+00:00","description":"La cour d'appel, statuant par ordonance du 22 septembre 2025, examine une contestation de taux d'incapacit\u00e9 permanente. Le tribunal judiciaire avait radi\u00e9 l'...","breadcrumb":{"@id":"https:\/\/kohenavocats.com\/zh-hans\/cour-dappel-le-22-septembre-2025-n25-00666\/#breadcrumb"},"inLanguage":"zh-Hans","potentialAction":[{"@type":"ReadAction","target":["https:\/\/kohenavocats.com\/zh-hans\/cour-dappel-le-22-septembre-2025-n25-00666\/"]}]},{"@type":"ImageObject","inLanguage":"zh-Hans","@id":"https:\/\/kohenavocats.com\/zh-hans\/cour-dappel-le-22-septembre-2025-n25-00666\/#primaryimage","url":"https:\/\/kohenavocats.com\/wp-content\/uploads\/2024\/11\/zyanya-citlalli-gy0ATtkEcZs-unsplash.webp","contentUrl":"https:\/\/kohenavocats.com\/wp-content\/uploads\/2024\/11\/zyanya-citlalli-gy0ATtkEcZs-unsplash.webp","width":3840,"height":2160},{"@type":"BreadcrumbList","@id":"https:\/\/kohenavocats.com\/zh-hans\/cour-dappel-le-22-septembre-2025-n25-00666\/#breadcrumb","itemListElement":[{"@type":"ListItem","position":1,"name":"Home","item":"https:\/\/kohenavocats.com\/zh-hans\/"},{"@type":"ListItem","position":2,"name":"Cour d&rsquo;appel, le 22 septembre 2025, n\u00b025\/00666"}]},{"@type":"WebSite","@id":"https:\/\/kohenavocats.com\/zh-hans\/#website","url":"https:\/\/kohenavocats.com\/zh-hans\/","name":"Kohen Avocats","description":"Ma\u00eetre Hassan Kohen, avocat p\u00e9naliste \u00e0 Paris, intervient exclusivement en droit p\u00e9nal pour la d\u00e9fense des particuliers, notamment en mati\u00e8re d\u2019accusations de viol. Il assure un accompagnement rigoureux d\u00e8s la garde \u00e0 vue jusqu\u2019\u00e0 la Cour d\u2019assises, veillant au strict respect des garanties proc\u00e9durales.","publisher":{"@id":"https:\/\/kohenavocats.com\/zh-hans\/#organization"},"potentialAction":[{"@type":"SearchAction","target":{"@type":"EntryPoint","urlTemplate":"https:\/\/kohenavocats.com\/zh-hans\/?s={search_term_string}"},"query-input":{"@type":"PropertyValueSpecification","valueRequired":true,"valueName":"search_term_string"}}],"inLanguage":"zh-Hans"},{"@type":"Organization","@id":"https:\/\/kohenavocats.com\/zh-hans\/#organization","name":"Kohen Avocats","url":"https:\/\/kohenavocats.com\/zh-hans\/","logo":{"@type":"ImageObject","inLanguage":"zh-Hans","@id":"https:\/\/kohenavocats.com\/zh-hans\/#\/schema\/logo\/image\/","url":"https:\/\/kohenavocats.com\/wp-content\/uploads\/2026\/01\/Logo-2-1.webp","contentUrl":"https:\/\/kohenavocats.com\/wp-content\/uploads\/2026\/01\/Logo-2-1.webp","width":2114,"height":1253,"caption":"Kohen Avocats"},"image":{"@id":"https:\/\/kohenavocats.com\/zh-hans\/#\/schema\/logo\/image\/"}},{"@type":"Person","@id":"https:\/\/kohenavocats.com\/zh-hans\/#\/schema\/person\/761c9ba54fa1ca84d405cef0831ff751","name":"Kohen","image":{"@type":"ImageObject","inLanguage":"zh-Hans","@id":"https:\/\/secure.gravatar.com\/avatar\/1c5e76ef76bbbfdd2b4da984e2bf2fa4056fd51a27d25ce2c332047f1dfd6e00?s=96&d=identicon&r=g","url":"https:\/\/secure.gravatar.com\/avatar\/1c5e76ef76bbbfdd2b4da984e2bf2fa4056fd51a27d25ce2c332047f1dfd6e00?s=96&d=identicon&r=g","contentUrl":"https:\/\/secure.gravatar.com\/avatar\/1c5e76ef76bbbfdd2b4da984e2bf2fa4056fd51a27d25ce2c332047f1dfd6e00?s=96&d=identicon&r=g","caption":"Kohen"},"sameAs":["https:\/\/www.linkedin.com\/in\/hassan-kohen-448548192\/","https:\/\/www.youtube.com\/@Kohen-Avocats"],"url":"https:\/\/kohenavocats.com\/zh-hans\/author\/kohenmlk\/"}]}},"jetpack_featured_media_url":"https:\/\/kohenavocats.com\/wp-content\/uploads\/2024\/11\/zyanya-citlalli-gy0ATtkEcZs-unsplash.webp","jetpack_likes_enabled":false,"jetpack_shortlink":"https:\/\/wp.me\/peCrII-2NTw","jetpack-related-posts":[{"id":668684,"url":"https:\/\/kohenavocats.com\/zh-hans\/cour-dappel-le-22-septembre-2025-n25-00803\/","url_meta":{"origin":668454,"position":0},"title":"Cour d&#8217;appel, le 22 septembre 2025, n\u00b025\/00803","author":"Kohen","date":"2026\u5e744\u670824\u65e5","format":false,"excerpt":"La cour d'appel, statuant par ordonnance de mise e\u2026","rel":"","context":"\u5728\u201cDroit du travail\u201d\u4e2d","block_context":{"text":"Droit du travail","link":"https:\/\/kohenavocats.com\/category\/droit-du-travail\/"},"img":{"alt_text":"","src":"https:\/\/i0.wp.com\/kohenavocats.com\/wp-content\/uploads\/2024\/11\/haut-risque-JoyJpFZM-ZE-unsplash.webp?resize=350%2C200&ssl=1","width":350,"height":200,"srcset":"https:\/\/i0.wp.com\/kohenavocats.com\/wp-content\/uploads\/2024\/11\/haut-risque-JoyJpFZM-ZE-unsplash.webp?resize=350%2C200&ssl=1 1x, https:\/\/i0.wp.com\/kohenavocats.com\/wp-content\/uploads\/2024\/11\/haut-risque-JoyJpFZM-ZE-unsplash.webp?resize=525%2C300&ssl=1 1.5x, https:\/\/i0.wp.com\/kohenavocats.com\/wp-content\/uploads\/2024\/11\/haut-risque-JoyJpFZM-ZE-unsplash.webp?resize=700%2C400&ssl=1 2x, https:\/\/i0.wp.com\/kohenavocats.com\/wp-content\/uploads\/2024\/11\/haut-risque-JoyJpFZM-ZE-unsplash.webp?resize=1050%2C600&ssl=1 3x, https:\/\/i0.wp.com\/kohenavocats.com\/wp-content\/uploads\/2024\/11\/haut-risque-JoyJpFZM-ZE-unsplash.webp?resize=1400%2C800&ssl=1 4x"},"classes":[]},{"id":668272,"url":"https:\/\/kohenavocats.com\/zh-hans\/cour-dappel-le-22-septembre-2025-n25-00764\/","url_meta":{"origin":668454,"position":1},"title":"Cour d&#8217;appel, le 22 septembre 2025, n\u00b025\/00764","author":"Kohen","date":"2026\u5e744\u670824\u65e5","format":false,"excerpt":"La cour d'appel, statuant par ordonance du tribuna\u2026","rel":"","context":"\u5728\u201cDroit du travail\u201d\u4e2d","block_context":{"text":"Droit du travail","link":"https:\/\/kohenavocats.com\/category\/droit-du-travail\/"},"img":{"alt_text":"","src":"https:\/\/i0.wp.com\/kohenavocats.com\/wp-content\/uploads\/2024\/11\/alex-shuper-xfwU5HPZmGw-unsplash.webp?resize=350%2C200&ssl=1","width":350,"height":200,"srcset":"https:\/\/i0.wp.com\/kohenavocats.com\/wp-content\/uploads\/2024\/11\/alex-shuper-xfwU5HPZmGw-unsplash.webp?resize=350%2C200&ssl=1 1x, https:\/\/i0.wp.com\/kohenavocats.com\/wp-content\/uploads\/2024\/11\/alex-shuper-xfwU5HPZmGw-unsplash.webp?resize=525%2C300&ssl=1 1.5x, https:\/\/i0.wp.com\/kohenavocats.com\/wp-content\/uploads\/2024\/11\/alex-shuper-xfwU5HPZmGw-unsplash.webp?resize=700%2C400&ssl=1 2x, https:\/\/i0.wp.com\/kohenavocats.com\/wp-content\/uploads\/2024\/11\/alex-shuper-xfwU5HPZmGw-unsplash.webp?resize=1050%2C600&ssl=1 3x, https:\/\/i0.wp.com\/kohenavocats.com\/wp-content\/uploads\/2024\/11\/alex-shuper-xfwU5HPZmGw-unsplash.webp?resize=1400%2C800&ssl=1 4x"},"classes":[]},{"id":668226,"url":"https:\/\/kohenavocats.com\/zh-hans\/cour-dappel-le-22-septembre-2025-n25-00727\/","url_meta":{"origin":668454,"position":2},"title":"Cour d&#8217;appel, le 22 septembre 2025, n\u00b025\/00727","author":"Kohen","date":"2026\u5e744\u670824\u65e5","format":false,"excerpt":"La cour d'appel, statuant par ordonance du tribuna\u2026","rel":"","context":"\u5728\u201cJurisprudence\u201d\u4e2d","block_context":{"text":"Jurisprudence","link":"https:\/\/kohenavocats.com\/category\/jurisprudence\/"},"img":{"alt_text":"","src":"https:\/\/i0.wp.com\/kohenavocats.com\/wp-content\/uploads\/2024\/08\/robert-ruggiero-cIGWrsKV_1I-unsplash.webp?resize=350%2C200&ssl=1","width":350,"height":200,"srcset":"https:\/\/i0.wp.com\/kohenavocats.com\/wp-content\/uploads\/2024\/08\/robert-ruggiero-cIGWrsKV_1I-unsplash.webp?resize=350%2C200&ssl=1 1x, https:\/\/i0.wp.com\/kohenavocats.com\/wp-content\/uploads\/2024\/08\/robert-ruggiero-cIGWrsKV_1I-unsplash.webp?resize=525%2C300&ssl=1 1.5x, https:\/\/i0.wp.com\/kohenavocats.com\/wp-content\/uploads\/2024\/08\/robert-ruggiero-cIGWrsKV_1I-unsplash.webp?resize=700%2C400&ssl=1 2x, https:\/\/i0.wp.com\/kohenavocats.com\/wp-content\/uploads\/2024\/08\/robert-ruggiero-cIGWrsKV_1I-unsplash.webp?resize=1050%2C600&ssl=1 3x, https:\/\/i0.wp.com\/kohenavocats.com\/wp-content\/uploads\/2024\/08\/robert-ruggiero-cIGWrsKV_1I-unsplash.webp?resize=1400%2C800&ssl=1 4x"},"classes":[]},{"id":668694,"url":"https:\/\/kohenavocats.com\/zh-hans\/cour-dappel-de-bobigny-le-22-septembre-2025-n25-00741\/","url_meta":{"origin":668454,"position":3},"title":"Cour d&#8217;appel de Bobigny, le 22 septembre 2025, n\u00b025\/00741","author":"Kohen","date":"2026\u5e744\u670824\u65e5","format":false,"excerpt":"La cour d'appel de Bobigny, statuant en formation \u2026","rel":"","context":"\u5728\u201cDroit du travail\u201d\u4e2d","block_context":{"text":"Droit du travail","link":"https:\/\/kohenavocats.com\/category\/droit-du-travail\/"},"img":{"alt_text":"","src":"https:\/\/i0.wp.com\/kohenavocats.com\/wp-content\/uploads\/2024\/08\/nathan-cima-bfSlMwZNBtY-unsplash.webp?resize=350%2C200&ssl=1","width":350,"height":200,"srcset":"https:\/\/i0.wp.com\/kohenavocats.com\/wp-content\/uploads\/2024\/08\/nathan-cima-bfSlMwZNBtY-unsplash.webp?resize=350%2C200&ssl=1 1x, https:\/\/i0.wp.com\/kohenavocats.com\/wp-content\/uploads\/2024\/08\/nathan-cima-bfSlMwZNBtY-unsplash.webp?resize=525%2C300&ssl=1 1.5x, https:\/\/i0.wp.com\/kohenavocats.com\/wp-content\/uploads\/2024\/08\/nathan-cima-bfSlMwZNBtY-unsplash.webp?resize=700%2C400&ssl=1 2x, https:\/\/i0.wp.com\/kohenavocats.com\/wp-content\/uploads\/2024\/08\/nathan-cima-bfSlMwZNBtY-unsplash.webp?resize=1050%2C600&ssl=1 3x, https:\/\/i0.wp.com\/kohenavocats.com\/wp-content\/uploads\/2024\/08\/nathan-cima-bfSlMwZNBtY-unsplash.webp?resize=1400%2C800&ssl=1 4x"},"classes":[]},{"id":668479,"url":"https:\/\/kohenavocats.com\/zh-hans\/cour-dappel-le-22-septembre-2025-n25-00802\/","url_meta":{"origin":668454,"position":4},"title":"Cour d&#8217;appel, le 22 septembre 2025, n\u00b025\/00802","author":"Kohen","date":"2026\u5e744\u670824\u65e5","format":false,"excerpt":"La cour d'appel, statuant par ordonnnance du 22 se\u2026","rel":"","context":"\u5728\u201cCode des assurances\u201d\u4e2d","block_context":{"text":"Code des assurances","link":"https:\/\/kohenavocats.com\/category\/code-des-assurances\/"},"img":{"alt_text":"","src":"https:\/\/i0.wp.com\/kohenavocats.com\/wp-content\/uploads\/2024\/08\/daniel-bustos-KfhRfj6ZQPY-unsplash.webp?resize=350%2C200&ssl=1","width":350,"height":200,"srcset":"https:\/\/i0.wp.com\/kohenavocats.com\/wp-content\/uploads\/2024\/08\/daniel-bustos-KfhRfj6ZQPY-unsplash.webp?resize=350%2C200&ssl=1 1x, https:\/\/i0.wp.com\/kohenavocats.com\/wp-content\/uploads\/2024\/08\/daniel-bustos-KfhRfj6ZQPY-unsplash.webp?resize=525%2C300&ssl=1 1.5x, https:\/\/i0.wp.com\/kohenavocats.com\/wp-content\/uploads\/2024\/08\/daniel-bustos-KfhRfj6ZQPY-unsplash.webp?resize=700%2C400&ssl=1 2x, https:\/\/i0.wp.com\/kohenavocats.com\/wp-content\/uploads\/2024\/08\/daniel-bustos-KfhRfj6ZQPY-unsplash.webp?resize=1050%2C600&ssl=1 3x, https:\/\/i0.wp.com\/kohenavocats.com\/wp-content\/uploads\/2024\/08\/daniel-bustos-KfhRfj6ZQPY-unsplash.webp?resize=1400%2C800&ssl=1 4x"},"classes":[]},{"id":668676,"url":"https:\/\/kohenavocats.com\/zh-hans\/cour-dappel-le-22-septembre-2025-n25-00801\/","url_meta":{"origin":668454,"position":5},"title":"Cour d&#8217;appel, le 22 septembre 2025, n\u00b025\/00801","author":"Kohen","date":"2026\u5e744\u670824\u65e5","format":false,"excerpt":"La cour d'appel, statuant par ordonnance de mise e\u2026","rel":"","context":"\u5728\u201cDroit du travail\u201d\u4e2d","block_context":{"text":"Droit du travail","link":"https:\/\/kohenavocats.com\/category\/droit-du-travail\/"},"img":{"alt_text":"","src":"https:\/\/i0.wp.com\/kohenavocats.com\/wp-content\/uploads\/2024\/11\/steve-johnson-Zc8yTDRagWY-unsplash.webp?resize=350%2C200&ssl=1","width":350,"height":200,"srcset":"https:\/\/i0.wp.com\/kohenavocats.com\/wp-content\/uploads\/2024\/11\/steve-johnson-Zc8yTDRagWY-unsplash.webp?resize=350%2C200&ssl=1 1x, https:\/\/i0.wp.com\/kohenavocats.com\/wp-content\/uploads\/2024\/11\/steve-johnson-Zc8yTDRagWY-unsplash.webp?resize=525%2C300&ssl=1 1.5x, https:\/\/i0.wp.com\/kohenavocats.com\/wp-content\/uploads\/2024\/11\/steve-johnson-Zc8yTDRagWY-unsplash.webp?resize=700%2C400&ssl=1 2x, https:\/\/i0.wp.com\/kohenavocats.com\/wp-content\/uploads\/2024\/11\/steve-johnson-Zc8yTDRagWY-unsplash.webp?resize=1050%2C600&ssl=1 3x, https:\/\/i0.wp.com\/kohenavocats.com\/wp-content\/uploads\/2024\/11\/steve-johnson-Zc8yTDRagWY-unsplash.webp?resize=1400%2C800&ssl=1 4x"},"classes":[]}],"jetpack_sharing_enabled":true,"_links":{"self":[{"href":"https:\/\/kohenavocats.com\/zh-hans\/wp-json\/wp\/v2\/posts\/668454","targetHints":{"allow":["GET"]}}],"collection":[{"href":"https:\/\/kohenavocats.com\/zh-hans\/wp-json\/wp\/v2\/posts"}],"about":[{"href":"https:\/\/kohenavocats.com\/zh-hans\/wp-json\/wp\/v2\/types\/post"}],"author":[{"embeddable":true,"href":"https:\/\/kohenavocats.com\/zh-hans\/wp-json\/wp\/v2\/users\/232070755"}],"replies":[{"embeddable":true,"href":"https:\/\/kohenavocats.com\/zh-hans\/wp-json\/wp\/v2\/comments?post=668454"}],"version-history":[{"count":0,"href":"https:\/\/kohenavocats.com\/zh-hans\/wp-json\/wp\/v2\/posts\/668454\/revisions"}],"wp:featuredmedia":[{"embeddable":true,"href":"https:\/\/kohenavocats.com\/zh-hans\/wp-json\/wp\/v2\/media\/9461"}],"wp:attachment":[{"href":"https:\/\/kohenavocats.com\/zh-hans\/wp-json\/wp\/v2\/media?parent=668454"}],"wp:term":[{"taxonomy":"category","embeddable":true,"href":"https:\/\/kohenavocats.com\/zh-hans\/wp-json\/wp\/v2\/categories?post=668454"},{"taxonomy":"post_tag","embeddable":true,"href":"https:\/\/kohenavocats.com\/zh-hans\/wp-json\/wp\/v2\/tags?post=668454"}],"curies":[{"name":"wp","href":"https:\/\/api.w.org\/{rel}","templated":true}]}}