{"id":668543,"date":"2026-04-24T05:00:25","date_gmt":"2026-04-24T03:00:25","guid":{"rendered":"https:\/\/kohenavocats.com\/tribunal-judiciaire-de-vannes-le-16-mai-2024-n25-00188\/"},"modified":"2026-04-24T05:00:25","modified_gmt":"2026-04-24T03:00:25","slug":"tribunal-judiciaire-de-vannes-le-16-mai-2024-n25-00188","status":"publish","type":"post","link":"https:\/\/kohenavocats.com\/zh-hans\/tribunal-judiciaire-de-vannes-le-16-mai-2024-n25-00188\/","title":{"rendered":"Tribunal judiciaire de Vannes, le 16 mai 2024, n\u00b025\/00188"},"content":{"rendered":"<div class=\"article-content\">\n<p>Le p\u00f4le social du tribunal judiciaire de Vannes, statuant sans audience, a rendu un jugement le 16 mai 2024. Il s\u2019agissait d\u2019une opposition \u00e0 une contrainte \u00e9mise par un organisme de s\u00e9curit\u00e9 sociale pour recouvrer une allocation de logement sociale. La juridiction a d\u00e9clar\u00e9 l\u2019opposition recevable puis a examin\u00e9 le fond du litige. Elle a finalement annul\u00e9 la contrainte et condamn\u00e9 l\u2019organisme cr\u00e9ancier aux d\u00e9pens ainsi qu\u2019\u00e0 une somme au titre de l\u2019article 700 du code de proc\u00e9dure civile.<\/p>\n<p>La recevabilit\u00e9 de l\u2019opposition \u00e0 contrainte<\/p>\n<p>Le respect des d\u00e9lais stricts de proc\u00e9dure<\/p>\n<p>L\u2019article R.133-3 du code de la s\u00e9curit\u00e9 sociale impose un d\u00e9lai de quinze jours. Ce d\u00e9lai court \u00e0 compter de la notification de la contrainte et est prescrit sous peine d\u2019irrecevabilit\u00e9. En l\u2019esp\u00e8ce, la contrainte avait \u00e9t\u00e9 signifi\u00e9e le 4 septembre 2018. L\u2019opposition a \u00e9t\u00e9 form\u00e9e le 17 septembre 2018 par inscription au greffe. Le tribunal constate ainsi le respect du d\u00e9lai l\u00e9gal et d\u00e9clare l\u2019opposition recevable. Cette \u00e9tape pr\u00e9alable est essentielle pour un examen au fond.<\/p>\n<p>La validation d\u2019une proc\u00e9dure \u00e9crite simplifi\u00e9e<\/p>\n<p>Le tribunal a statu\u00e9 sans audience conform\u00e9ment \u00e0 l\u2019article 828 du code de proc\u00e9dure civile. Les parties avaient donn\u00e9 leur accord pour cette proc\u00e9dure. Les \u00e9changes et les pr\u00e9tentions ont donc \u00e9t\u00e9 formul\u00e9s par \u00e9crit entre elles. Le juge a fix\u00e9 les d\u00e9lais pour la communication des pi\u00e8ces avant de rendre sa d\u00e9cision. Cette modalit\u00e9 permet une c\u00e9l\u00e9rit\u00e9 certaine dans le traitement des litiges. Elle demeure toutefois soumise au pouvoir d\u2019appr\u00e9ciation du juge.<\/p>\n<p>Le fond du litige et l\u2019annulation de la contrainte<\/p>\n<p>L\u2019incomp\u00e9tence de l\u2019organisme pour le recouvrement par contrainte<\/p>\n<p>Le texte fondateur est l\u2019article L. 161-1-5 du code de la s\u00e9curit\u00e9 sociale. Il autorise le recouvrement d\u2019un indu par voie de contrainte pour certaines prestations. Toutefois, la Cour de cassation a apport\u00e9 une restriction importante \u00e0 ce dispositif. Elle a pr\u00e9cis\u00e9 que &#8220;l&#8217;allocation de logement sociale [&#8230;] n&#8217;est pas au nombre des prestations susceptibles de donner lieu au recouvrement d&#8217;un indu par voie de contrainte&#8221; (Cass. civ. 2, 23 septembre 2021, n\u00b0 20-10.532). Le tribunal applique strictement cette jurisprudence.<\/p>\n<p>La cons\u00e9quence directe : l\u2019annulation de l\u2019acte<\/p>\n<p>La contrainte avait \u00e9t\u00e9 \u00e9mise le 30 ao\u00fbt 2018 au titre d\u2019un indu d\u2019allocation de logement sociale. D\u00e8s lors, l\u2019organisme cr\u00e9ancier n\u2019\u00e9tait pas fond\u00e9 \u00e0 utiliser cette proc\u00e9dure acc\u00e9l\u00e9r\u00e9e. Le tribunal en d\u00e9duit n\u00e9cessairement l\u2019ill\u00e9galit\u00e9 de l\u2019acte de recouvrement. Il prononce donc l\u2019annulation pure et simple de la contrainte contest\u00e9e. Cette solution prot\u00e8ge le d\u00e9biteur contre un mode de recouvrement interdit par la loi. Elle rappelle le caract\u00e8re d\u00e9rogatoire de la contrainte.<\/p>\n<p>Les cons\u00e9quences p\u00e9cuniaires de la proc\u00e9dure<\/p>\n<p>La condamnation aux d\u00e9pens et \u00e0 l\u2019article 700 du CPC<\/p>\n<p>L\u2019article 696 du code de proc\u00e9dure civile pr\u00e9voit que la partie perdante supporte les d\u00e9pens. En l\u2019esp\u00e8ce, l\u2019organisme cr\u00e9ancier, dont la contrainte est annul\u00e9e, est la partie perdante. Il est donc condamn\u00e9 aux d\u00e9pens de l\u2019instance. Par ailleurs, le tribunal fait application de l\u2019article 700 du m\u00eame code. Il tient compte de l\u2019\u00e9quit\u00e9 et de la situation \u00e9conomique des parties. Il condamne l\u2019organisme \u00e0 verser une somme de 1 500 euros \u00e0 la partie adverse.<\/p>\n<p>La port\u00e9e de la d\u00e9cision et son ex\u00e9cution<\/p>\n<p>Le jugement est rendu en dernier ressort et est imm\u00e9diatement ex\u00e9cutoire. Les parties conservent la possibilit\u00e9 de se pourvoir en cassation dans un d\u00e9lai de deux mois. Cette d\u00e9cision renforce la s\u00e9curit\u00e9 juridique des allocataires concern\u00e9s par l\u2019aide au logement. Elle interdit d\u00e9finitivement le recouvrement par contrainte pour cette prestation sp\u00e9cifique. Elle illustre le contr\u00f4le du juge judiciaire sur les actes des organismes de s\u00e9curit\u00e9 sociale.<\/p>\n<\/div>\n","protected":false},"excerpt":{"rendered":"<p>Le p\u00f4le social du tribunal judiciaire de Vannes, statuant sans audience, a rendu un jugement le 16 mai 2024. Il s\u2019agissait d\u2019une opposition \u00e0 une contrainte &#8230;<\/p>\n","protected":false},"author":232070755,"featured_media":9563,"comment_status":"open","ping_status":"open","sticky":false,"template":"","format":"standard","meta":{"_crdt_document":"","_jetpack_newsletter_access":"","_jetpack_dont_email_post_to_subs":false,"_jetpack_newsletter_tier_id":0,"_jetpack_memberships_contains_paywalled_content":false,"_kj_source_type":"judilibre","_kj_official_id":"68d455b86a4025c174c55651","_kj_official_url":"https:\/\/www.courdecassation.fr\/decision\/68d455b86a4025c174c55651","_kj_judilibre_id":"68d455b86a4025c174c55651","_kj_jur":"Tribunal judiciaire","_kj_lieu":"Tribunal judiciaire de Vannes","_kj_chambre":"CTX PROTECTION SOCIALE","_kj_rg":"25\/00188","_kj_date":"2025-09-22","_jetpack_memberships_contains_paid_content":false,"footnotes":"","jetpack_post_was_ever_published":false},"categories":[7597],"tags":[],"class_list":["post-668543","post","type-post","status-publish","format-standard","has-post-thumbnail","hentry","category-jurisprudence"],"yoast_head":"<!-- This site is optimized with the Yoast SEO Premium plugin v27.5 (Yoast SEO v27.5) - https:\/\/yoast.com\/product\/yoast-seo-premium-wordpress\/ -->\n<title>Tribunal judiciaire de Vannes, le 16 mai 2024, n\u00b025\/00188 - Ma\u00eetre Hassan Kohen, avocat en droit p\u00e9nal \u00e0 Paris<\/title>\n<meta name=\"description\" content=\"Le p\u00f4le social du tribunal judiciaire de Vannes, statuant sans audience, a rendu un jugement le 16 mai 2024. Il s\u2019agissait d\u2019une opposition \u00e0 une contrainte ...\" \/>\n<meta name=\"robots\" content=\"index, follow, max-snippet:-1, max-image-preview:large, max-video-preview:-1\" \/>\n<link rel=\"canonical\" href=\"https:\/\/kohenavocats.com\/zh-hans\/tribunal-judiciaire-de-vannes-le-16-mai-2024-n25-00188\/\" \/>\n<meta property=\"og:locale\" content=\"zh_CN\" \/>\n<meta property=\"og:type\" content=\"article\" \/>\n<meta property=\"og:title\" content=\"Tribunal judiciaire de Vannes, le 16 mai 2024, n\u00b025\/00188\" \/>\n<meta property=\"og:description\" content=\"Le p\u00f4le social du tribunal judiciaire de Vannes, statuant sans audience, a rendu un jugement le 16 mai 2024. Il s\u2019agissait d\u2019une opposition \u00e0 une contrainte ...\" \/>\n<meta property=\"og:url\" content=\"https:\/\/kohenavocats.com\/zh-hans\/tribunal-judiciaire-de-vannes-le-16-mai-2024-n25-00188\/\" \/>\n<meta property=\"og:site_name\" content=\"Ma\u00eetre Hassan Kohen, avocat en droit p\u00e9nal \u00e0 Paris\" \/>\n<meta property=\"article:published_time\" content=\"2026-04-24T03:00:25+00:00\" \/>\n<meta property=\"og:image\" content=\"https:\/\/kohenavocats.com\/wp-content\/uploads\/2024\/11\/luke-jones-DaS7IxmJGfw-unsplash.webp\" \/>\n\t<meta property=\"og:image:width\" content=\"3840\" \/>\n\t<meta property=\"og:image:height\" content=\"2160\" \/>\n\t<meta property=\"og:image:type\" content=\"image\/webp\" \/>\n<meta name=\"author\" content=\"Kohen\" \/>\n<meta name=\"twitter:card\" content=\"summary_large_image\" \/>\n<meta name=\"twitter:label1\" content=\"\u4f5c\u8005\" \/>\n\t<meta name=\"twitter:data1\" content=\"Kohen\" \/>\n\t<meta name=\"twitter:label2\" content=\"\u9884\u8ba1\u9605\u8bfb\u65f6\u95f4\" \/>\n\t<meta name=\"twitter:data2\" content=\"3 \u5206\" \/>\n<script type=\"application\/ld+json\" class=\"yoast-schema-graph\">{\"@context\":\"https:\\\/\\\/schema.org\",\"@graph\":[{\"@type\":\"Article\",\"@id\":\"https:\\\/\\\/kohenavocats.com\\\/zh-hans\\\/tribunal-judiciaire-de-vannes-le-16-mai-2024-n25-00188\\\/#article\",\"isPartOf\":{\"@id\":\"https:\\\/\\\/kohenavocats.com\\\/zh-hans\\\/tribunal-judiciaire-de-vannes-le-16-mai-2024-n25-00188\\\/\"},\"author\":{\"name\":\"Kohen\",\"@id\":\"https:\\\/\\\/kohenavocats.com\\\/zh-hans\\\/#\\\/schema\\\/person\\\/761c9ba54fa1ca84d405cef0831ff751\"},\"headline\":\"Tribunal judiciaire de Vannes, le 16 mai 2024, n\u00b025\\\/00188\",\"datePublished\":\"2026-04-24T03:00:25+00:00\",\"mainEntityOfPage\":{\"@id\":\"https:\\\/\\\/kohenavocats.com\\\/zh-hans\\\/tribunal-judiciaire-de-vannes-le-16-mai-2024-n25-00188\\\/\"},\"wordCount\":684,\"commentCount\":0,\"publisher\":{\"@id\":\"https:\\\/\\\/kohenavocats.com\\\/zh-hans\\\/#organization\"},\"image\":{\"@id\":\"https:\\\/\\\/kohenavocats.com\\\/zh-hans\\\/tribunal-judiciaire-de-vannes-le-16-mai-2024-n25-00188\\\/#primaryimage\"},\"thumbnailUrl\":\"https:\\\/\\\/kohenavocats.com\\\/wp-content\\\/uploads\\\/2024\\\/11\\\/luke-jones-DaS7IxmJGfw-unsplash.webp\",\"articleSection\":[\"Jurisprudence\"],\"inLanguage\":\"zh-Hans\",\"potentialAction\":[{\"@type\":\"CommentAction\",\"name\":\"Comment\",\"target\":[\"https:\\\/\\\/kohenavocats.com\\\/zh-hans\\\/tribunal-judiciaire-de-vannes-le-16-mai-2024-n25-00188\\\/#respond\"]}],\"citation\":\"Tribunal judiciaire de Vannes, le 16 mai 2024, n\u00b025\\\/00188\",\"about\":[{\"@type\":\"Thing\",\"name\":\"Jurisprudence\"}],\"dateModified\":\"2026-04-24T03:00:25+00:00\",\"speakable\":{\"@type\":\"SpeakableSpecification\",\"cssSelector\":[\".article-content > p:first-of-type\"]}},{\"@type\":\"WebPage\",\"@id\":\"https:\\\/\\\/kohenavocats.com\\\/zh-hans\\\/tribunal-judiciaire-de-vannes-le-16-mai-2024-n25-00188\\\/\",\"url\":\"https:\\\/\\\/kohenavocats.com\\\/zh-hans\\\/tribunal-judiciaire-de-vannes-le-16-mai-2024-n25-00188\\\/\",\"name\":\"Tribunal judiciaire de Vannes, le 16 mai 2024, n\u00b025\\\/00188 - Ma\u00eetre Hassan Kohen, avocat en droit p\u00e9nal \u00e0 Paris\",\"isPartOf\":{\"@id\":\"https:\\\/\\\/kohenavocats.com\\\/zh-hans\\\/#website\"},\"primaryImageOfPage\":{\"@id\":\"https:\\\/\\\/kohenavocats.com\\\/zh-hans\\\/tribunal-judiciaire-de-vannes-le-16-mai-2024-n25-00188\\\/#primaryimage\"},\"image\":{\"@id\":\"https:\\\/\\\/kohenavocats.com\\\/zh-hans\\\/tribunal-judiciaire-de-vannes-le-16-mai-2024-n25-00188\\\/#primaryimage\"},\"thumbnailUrl\":\"https:\\\/\\\/kohenavocats.com\\\/wp-content\\\/uploads\\\/2024\\\/11\\\/luke-jones-DaS7IxmJGfw-unsplash.webp\",\"datePublished\":\"2026-04-24T03:00:25+00:00\",\"description\":\"Le p\u00f4le social du tribunal judiciaire de Vannes, statuant sans audience, a rendu un jugement le 16 mai 2024. Il s\u2019agissait d\u2019une opposition \u00e0 une contrainte ...\",\"breadcrumb\":{\"@id\":\"https:\\\/\\\/kohenavocats.com\\\/zh-hans\\\/tribunal-judiciaire-de-vannes-le-16-mai-2024-n25-00188\\\/#breadcrumb\"},\"inLanguage\":\"zh-Hans\",\"potentialAction\":[{\"@type\":\"ReadAction\",\"target\":[\"https:\\\/\\\/kohenavocats.com\\\/zh-hans\\\/tribunal-judiciaire-de-vannes-le-16-mai-2024-n25-00188\\\/\"]}]},{\"@type\":\"ImageObject\",\"inLanguage\":\"zh-Hans\",\"@id\":\"https:\\\/\\\/kohenavocats.com\\\/zh-hans\\\/tribunal-judiciaire-de-vannes-le-16-mai-2024-n25-00188\\\/#primaryimage\",\"url\":\"https:\\\/\\\/kohenavocats.com\\\/wp-content\\\/uploads\\\/2024\\\/11\\\/luke-jones-DaS7IxmJGfw-unsplash.webp\",\"contentUrl\":\"https:\\\/\\\/kohenavocats.com\\\/wp-content\\\/uploads\\\/2024\\\/11\\\/luke-jones-DaS7IxmJGfw-unsplash.webp\",\"width\":3840,\"height\":2160},{\"@type\":\"BreadcrumbList\",\"@id\":\"https:\\\/\\\/kohenavocats.com\\\/zh-hans\\\/tribunal-judiciaire-de-vannes-le-16-mai-2024-n25-00188\\\/#breadcrumb\",\"itemListElement\":[{\"@type\":\"ListItem\",\"position\":1,\"name\":\"Home\",\"item\":\"https:\\\/\\\/kohenavocats.com\\\/zh-hans\\\/\"},{\"@type\":\"ListItem\",\"position\":2,\"name\":\"Tribunal judiciaire de Vannes, le 16 mai 2024, n\u00b025\\\/00188\"}]},{\"@type\":\"WebSite\",\"@id\":\"https:\\\/\\\/kohenavocats.com\\\/zh-hans\\\/#website\",\"url\":\"https:\\\/\\\/kohenavocats.com\\\/zh-hans\\\/\",\"name\":\"Kohen Avocats\",\"description\":\"Ma\u00eetre Hassan Kohen, avocat p\u00e9naliste \u00e0 Paris, intervient exclusivement en droit p\u00e9nal pour la d\u00e9fense des particuliers, notamment en mati\u00e8re d\u2019accusations de viol. Il assure un accompagnement rigoureux d\u00e8s la garde \u00e0 vue jusqu\u2019\u00e0 la Cour d\u2019assises, veillant au strict respect des garanties proc\u00e9durales.\",\"publisher\":{\"@id\":\"https:\\\/\\\/kohenavocats.com\\\/zh-hans\\\/#organization\"},\"potentialAction\":[{\"@type\":\"SearchAction\",\"target\":{\"@type\":\"EntryPoint\",\"urlTemplate\":\"https:\\\/\\\/kohenavocats.com\\\/zh-hans\\\/?s={search_term_string}\"},\"query-input\":{\"@type\":\"PropertyValueSpecification\",\"valueRequired\":true,\"valueName\":\"search_term_string\"}}],\"inLanguage\":\"zh-Hans\"},{\"@type\":\"Organization\",\"@id\":\"https:\\\/\\\/kohenavocats.com\\\/zh-hans\\\/#organization\",\"name\":\"Kohen Avocats\",\"url\":\"https:\\\/\\\/kohenavocats.com\\\/zh-hans\\\/\",\"logo\":{\"@type\":\"ImageObject\",\"inLanguage\":\"zh-Hans\",\"@id\":\"https:\\\/\\\/kohenavocats.com\\\/zh-hans\\\/#\\\/schema\\\/logo\\\/image\\\/\",\"url\":\"https:\\\/\\\/kohenavocats.com\\\/wp-content\\\/uploads\\\/2026\\\/01\\\/Logo-2-1.webp\",\"contentUrl\":\"https:\\\/\\\/kohenavocats.com\\\/wp-content\\\/uploads\\\/2026\\\/01\\\/Logo-2-1.webp\",\"width\":2114,\"height\":1253,\"caption\":\"Kohen Avocats\"},\"image\":{\"@id\":\"https:\\\/\\\/kohenavocats.com\\\/zh-hans\\\/#\\\/schema\\\/logo\\\/image\\\/\"}},{\"@type\":\"Person\",\"@id\":\"https:\\\/\\\/kohenavocats.com\\\/zh-hans\\\/#\\\/schema\\\/person\\\/761c9ba54fa1ca84d405cef0831ff751\",\"name\":\"Kohen\",\"image\":{\"@type\":\"ImageObject\",\"inLanguage\":\"zh-Hans\",\"@id\":\"https:\\\/\\\/secure.gravatar.com\\\/avatar\\\/1c5e76ef76bbbfdd2b4da984e2bf2fa4056fd51a27d25ce2c332047f1dfd6e00?s=96&d=identicon&r=g\",\"url\":\"https:\\\/\\\/secure.gravatar.com\\\/avatar\\\/1c5e76ef76bbbfdd2b4da984e2bf2fa4056fd51a27d25ce2c332047f1dfd6e00?s=96&d=identicon&r=g\",\"contentUrl\":\"https:\\\/\\\/secure.gravatar.com\\\/avatar\\\/1c5e76ef76bbbfdd2b4da984e2bf2fa4056fd51a27d25ce2c332047f1dfd6e00?s=96&d=identicon&r=g\",\"caption\":\"Kohen\"},\"sameAs\":[\"https:\\\/\\\/www.linkedin.com\\\/in\\\/hassan-kohen-448548192\\\/\",\"https:\\\/\\\/www.youtube.com\\\/@Kohen-Avocats\"],\"url\":\"https:\\\/\\\/kohenavocats.com\\\/zh-hans\\\/author\\\/kohenmlk\\\/\"}]}<\/script>\n<!-- \/ Yoast SEO Premium plugin. -->","yoast_head_json":{"title":"Tribunal judiciaire de Vannes, le 16 mai 2024, n\u00b025\/00188 - Ma\u00eetre Hassan Kohen, avocat en droit p\u00e9nal \u00e0 Paris","description":"Le p\u00f4le social du tribunal judiciaire de Vannes, statuant sans audience, a rendu un jugement le 16 mai 2024. Il s\u2019agissait d\u2019une opposition \u00e0 une contrainte ...","robots":{"index":"index","follow":"follow","max-snippet":"max-snippet:-1","max-image-preview":"max-image-preview:large","max-video-preview":"max-video-preview:-1"},"canonical":"https:\/\/kohenavocats.com\/zh-hans\/tribunal-judiciaire-de-vannes-le-16-mai-2024-n25-00188\/","og_locale":"zh_CN","og_type":"article","og_title":"Tribunal judiciaire de Vannes, le 16 mai 2024, n\u00b025\/00188","og_description":"Le p\u00f4le social du tribunal judiciaire de Vannes, statuant sans audience, a rendu un jugement le 16 mai 2024. Il s\u2019agissait d\u2019une opposition \u00e0 une contrainte ...","og_url":"https:\/\/kohenavocats.com\/zh-hans\/tribunal-judiciaire-de-vannes-le-16-mai-2024-n25-00188\/","og_site_name":"Ma\u00eetre Hassan Kohen, avocat en droit p\u00e9nal \u00e0 Paris","article_published_time":"2026-04-24T03:00:25+00:00","og_image":[{"width":3840,"height":2160,"url":"https:\/\/kohenavocats.com\/wp-content\/uploads\/2024\/11\/luke-jones-DaS7IxmJGfw-unsplash.webp","type":"image\/webp"}],"author":"Kohen","twitter_card":"summary_large_image","twitter_misc":{"\u4f5c\u8005":"Kohen","\u9884\u8ba1\u9605\u8bfb\u65f6\u95f4":"3 \u5206"},"schema":{"@context":"https:\/\/schema.org","@graph":[{"@type":"Article","@id":"https:\/\/kohenavocats.com\/zh-hans\/tribunal-judiciaire-de-vannes-le-16-mai-2024-n25-00188\/#article","isPartOf":{"@id":"https:\/\/kohenavocats.com\/zh-hans\/tribunal-judiciaire-de-vannes-le-16-mai-2024-n25-00188\/"},"author":{"name":"Kohen","@id":"https:\/\/kohenavocats.com\/zh-hans\/#\/schema\/person\/761c9ba54fa1ca84d405cef0831ff751"},"headline":"Tribunal judiciaire de Vannes, le 16 mai 2024, n\u00b025\/00188","datePublished":"2026-04-24T03:00:25+00:00","mainEntityOfPage":{"@id":"https:\/\/kohenavocats.com\/zh-hans\/tribunal-judiciaire-de-vannes-le-16-mai-2024-n25-00188\/"},"wordCount":684,"commentCount":0,"publisher":{"@id":"https:\/\/kohenavocats.com\/zh-hans\/#organization"},"image":{"@id":"https:\/\/kohenavocats.com\/zh-hans\/tribunal-judiciaire-de-vannes-le-16-mai-2024-n25-00188\/#primaryimage"},"thumbnailUrl":"https:\/\/kohenavocats.com\/wp-content\/uploads\/2024\/11\/luke-jones-DaS7IxmJGfw-unsplash.webp","articleSection":["Jurisprudence"],"inLanguage":"zh-Hans","potentialAction":[{"@type":"CommentAction","name":"Comment","target":["https:\/\/kohenavocats.com\/zh-hans\/tribunal-judiciaire-de-vannes-le-16-mai-2024-n25-00188\/#respond"]}],"citation":"Tribunal judiciaire de Vannes, le 16 mai 2024, n\u00b025\/00188","about":[{"@type":"Thing","name":"Jurisprudence"}],"dateModified":"2026-04-24T03:00:25+00:00","speakable":{"@type":"SpeakableSpecification","cssSelector":[".article-content > p:first-of-type"]}},{"@type":"WebPage","@id":"https:\/\/kohenavocats.com\/zh-hans\/tribunal-judiciaire-de-vannes-le-16-mai-2024-n25-00188\/","url":"https:\/\/kohenavocats.com\/zh-hans\/tribunal-judiciaire-de-vannes-le-16-mai-2024-n25-00188\/","name":"Tribunal judiciaire de Vannes, le 16 mai 2024, n\u00b025\/00188 - Ma\u00eetre Hassan Kohen, avocat en droit p\u00e9nal \u00e0 Paris","isPartOf":{"@id":"https:\/\/kohenavocats.com\/zh-hans\/#website"},"primaryImageOfPage":{"@id":"https:\/\/kohenavocats.com\/zh-hans\/tribunal-judiciaire-de-vannes-le-16-mai-2024-n25-00188\/#primaryimage"},"image":{"@id":"https:\/\/kohenavocats.com\/zh-hans\/tribunal-judiciaire-de-vannes-le-16-mai-2024-n25-00188\/#primaryimage"},"thumbnailUrl":"https:\/\/kohenavocats.com\/wp-content\/uploads\/2024\/11\/luke-jones-DaS7IxmJGfw-unsplash.webp","datePublished":"2026-04-24T03:00:25+00:00","description":"Le p\u00f4le social du tribunal judiciaire de Vannes, statuant sans audience, a rendu un jugement le 16 mai 2024. Il s\u2019agissait d\u2019une opposition \u00e0 une contrainte ...","breadcrumb":{"@id":"https:\/\/kohenavocats.com\/zh-hans\/tribunal-judiciaire-de-vannes-le-16-mai-2024-n25-00188\/#breadcrumb"},"inLanguage":"zh-Hans","potentialAction":[{"@type":"ReadAction","target":["https:\/\/kohenavocats.com\/zh-hans\/tribunal-judiciaire-de-vannes-le-16-mai-2024-n25-00188\/"]}]},{"@type":"ImageObject","inLanguage":"zh-Hans","@id":"https:\/\/kohenavocats.com\/zh-hans\/tribunal-judiciaire-de-vannes-le-16-mai-2024-n25-00188\/#primaryimage","url":"https:\/\/kohenavocats.com\/wp-content\/uploads\/2024\/11\/luke-jones-DaS7IxmJGfw-unsplash.webp","contentUrl":"https:\/\/kohenavocats.com\/wp-content\/uploads\/2024\/11\/luke-jones-DaS7IxmJGfw-unsplash.webp","width":3840,"height":2160},{"@type":"BreadcrumbList","@id":"https:\/\/kohenavocats.com\/zh-hans\/tribunal-judiciaire-de-vannes-le-16-mai-2024-n25-00188\/#breadcrumb","itemListElement":[{"@type":"ListItem","position":1,"name":"Home","item":"https:\/\/kohenavocats.com\/zh-hans\/"},{"@type":"ListItem","position":2,"name":"Tribunal judiciaire de Vannes, le 16 mai 2024, n\u00b025\/00188"}]},{"@type":"WebSite","@id":"https:\/\/kohenavocats.com\/zh-hans\/#website","url":"https:\/\/kohenavocats.com\/zh-hans\/","name":"Kohen Avocats","description":"Ma\u00eetre Hassan Kohen, avocat p\u00e9naliste \u00e0 Paris, intervient exclusivement en droit p\u00e9nal pour la d\u00e9fense des particuliers, notamment en mati\u00e8re d\u2019accusations de viol. Il assure un accompagnement rigoureux d\u00e8s la garde \u00e0 vue jusqu\u2019\u00e0 la Cour d\u2019assises, veillant au strict respect des garanties proc\u00e9durales.","publisher":{"@id":"https:\/\/kohenavocats.com\/zh-hans\/#organization"},"potentialAction":[{"@type":"SearchAction","target":{"@type":"EntryPoint","urlTemplate":"https:\/\/kohenavocats.com\/zh-hans\/?s={search_term_string}"},"query-input":{"@type":"PropertyValueSpecification","valueRequired":true,"valueName":"search_term_string"}}],"inLanguage":"zh-Hans"},{"@type":"Organization","@id":"https:\/\/kohenavocats.com\/zh-hans\/#organization","name":"Kohen Avocats","url":"https:\/\/kohenavocats.com\/zh-hans\/","logo":{"@type":"ImageObject","inLanguage":"zh-Hans","@id":"https:\/\/kohenavocats.com\/zh-hans\/#\/schema\/logo\/image\/","url":"https:\/\/kohenavocats.com\/wp-content\/uploads\/2026\/01\/Logo-2-1.webp","contentUrl":"https:\/\/kohenavocats.com\/wp-content\/uploads\/2026\/01\/Logo-2-1.webp","width":2114,"height":1253,"caption":"Kohen Avocats"},"image":{"@id":"https:\/\/kohenavocats.com\/zh-hans\/#\/schema\/logo\/image\/"}},{"@type":"Person","@id":"https:\/\/kohenavocats.com\/zh-hans\/#\/schema\/person\/761c9ba54fa1ca84d405cef0831ff751","name":"Kohen","image":{"@type":"ImageObject","inLanguage":"zh-Hans","@id":"https:\/\/secure.gravatar.com\/avatar\/1c5e76ef76bbbfdd2b4da984e2bf2fa4056fd51a27d25ce2c332047f1dfd6e00?s=96&d=identicon&r=g","url":"https:\/\/secure.gravatar.com\/avatar\/1c5e76ef76bbbfdd2b4da984e2bf2fa4056fd51a27d25ce2c332047f1dfd6e00?s=96&d=identicon&r=g","contentUrl":"https:\/\/secure.gravatar.com\/avatar\/1c5e76ef76bbbfdd2b4da984e2bf2fa4056fd51a27d25ce2c332047f1dfd6e00?s=96&d=identicon&r=g","caption":"Kohen"},"sameAs":["https:\/\/www.linkedin.com\/in\/hassan-kohen-448548192\/","https:\/\/www.youtube.com\/@Kohen-Avocats"],"url":"https:\/\/kohenavocats.com\/zh-hans\/author\/kohenmlk\/"}]}},"jetpack_featured_media_url":"https:\/\/kohenavocats.com\/wp-content\/uploads\/2024\/11\/luke-jones-DaS7IxmJGfw-unsplash.webp","jetpack_likes_enabled":false,"jetpack_shortlink":"https:\/\/wp.me\/peCrII-2NUX","jetpack-related-posts":[{"id":646351,"url":"https:\/\/kohenavocats.com\/zh-hans\/tribunal-judiciaire-de-vannes-le-25-mars-2025-n25-00002\/","url_meta":{"origin":668543,"position":0},"title":"Tribunal judiciaire de Vannes, le 25 mars 2025, n\u00b025\/00002","author":"Kohen","date":"2026\u5e744\u670822\u65e5","format":false,"excerpt":"Le p\u00f4le social du tribunal judiciaire de Vannes st\u2026","rel":"","context":"\u5728\u201cJurisprudence\u201d\u4e2d","block_context":{"text":"Jurisprudence","link":"https:\/\/kohenavocats.com\/category\/jurisprudence\/"},"img":{"alt_text":"","src":"https:\/\/i0.wp.com\/kohenavocats.com\/wp-content\/uploads\/2024\/11\/getty-images-btf-2n_Kcgw-unsplash.webp?resize=350%2C200&ssl=1","width":350,"height":200,"srcset":"https:\/\/i0.wp.com\/kohenavocats.com\/wp-content\/uploads\/2024\/11\/getty-images-btf-2n_Kcgw-unsplash.webp?resize=350%2C200&ssl=1 1x, https:\/\/i0.wp.com\/kohenavocats.com\/wp-content\/uploads\/2024\/11\/getty-images-btf-2n_Kcgw-unsplash.webp?resize=525%2C300&ssl=1 1.5x, https:\/\/i0.wp.com\/kohenavocats.com\/wp-content\/uploads\/2024\/11\/getty-images-btf-2n_Kcgw-unsplash.webp?resize=700%2C400&ssl=1 2x, https:\/\/i0.wp.com\/kohenavocats.com\/wp-content\/uploads\/2024\/11\/getty-images-btf-2n_Kcgw-unsplash.webp?resize=1050%2C600&ssl=1 3x, https:\/\/i0.wp.com\/kohenavocats.com\/wp-content\/uploads\/2024\/11\/getty-images-btf-2n_Kcgw-unsplash.webp?resize=1400%2C800&ssl=1 4x"},"classes":[]},{"id":668656,"url":"https:\/\/kohenavocats.com\/zh-hans\/tribunal-judiciaire-de-vannes-le-27-mars-2025-n24-00467\/","url_meta":{"origin":668543,"position":1},"title":"Tribunal judiciaire de Vannes, le 27 mars 2025, n\u00b024\/00467","author":"Kohen","date":"2026\u5e744\u670824\u65e5","format":false,"excerpt":"Le p\u00f4le social du tribunal judiciaire de Vannes, p\u2026","rel":"","context":"\u5728\u201cJurisprudence\u201d\u4e2d","block_context":{"text":"Jurisprudence","link":"https:\/\/kohenavocats.com\/category\/jurisprudence\/"},"img":{"alt_text":"","src":"https:\/\/i0.wp.com\/kohenavocats.com\/wp-content\/uploads\/2024\/08\/valeria-m-zgvMPH83znI-unsplash.webp?resize=350%2C200&ssl=1","width":350,"height":200,"srcset":"https:\/\/i0.wp.com\/kohenavocats.com\/wp-content\/uploads\/2024\/08\/valeria-m-zgvMPH83znI-unsplash.webp?resize=350%2C200&ssl=1 1x, https:\/\/i0.wp.com\/kohenavocats.com\/wp-content\/uploads\/2024\/08\/valeria-m-zgvMPH83znI-unsplash.webp?resize=525%2C300&ssl=1 1.5x, https:\/\/i0.wp.com\/kohenavocats.com\/wp-content\/uploads\/2024\/08\/valeria-m-zgvMPH83znI-unsplash.webp?resize=700%2C400&ssl=1 2x, https:\/\/i0.wp.com\/kohenavocats.com\/wp-content\/uploads\/2024\/08\/valeria-m-zgvMPH83znI-unsplash.webp?resize=1050%2C600&ssl=1 3x, https:\/\/i0.wp.com\/kohenavocats.com\/wp-content\/uploads\/2024\/08\/valeria-m-zgvMPH83znI-unsplash.webp?resize=1400%2C800&ssl=1 4x"},"classes":[]},{"id":646985,"url":"https:\/\/kohenavocats.com\/zh-hans\/tribunal-judiciaire-de-vannes-le-27-mars-2024-n24-00174\/","url_meta":{"origin":668543,"position":2},"title":"Tribunal judiciaire de Vannes, le 27 mars 2024, n\u00b024\/00174","author":"Kohen","date":"2026\u5e744\u670822\u65e5","format":false,"excerpt":"Le p\u00f4le social du Tribunal judiciaire de Vannes, p\u2026","rel":"","context":"\u5728\u201cJurisprudence\u201d\u4e2d","block_context":{"text":"Jurisprudence","link":"https:\/\/kohenavocats.com\/category\/jurisprudence\/"},"img":{"alt_text":"","src":"https:\/\/i0.wp.com\/kohenavocats.com\/wp-content\/uploads\/2024\/08\/lisa-IfngoxB5ORA-unsplash.webp?resize=350%2C200&ssl=1","width":350,"height":200,"srcset":"https:\/\/i0.wp.com\/kohenavocats.com\/wp-content\/uploads\/2024\/08\/lisa-IfngoxB5ORA-unsplash.webp?resize=350%2C200&ssl=1 1x, https:\/\/i0.wp.com\/kohenavocats.com\/wp-content\/uploads\/2024\/08\/lisa-IfngoxB5ORA-unsplash.webp?resize=525%2C300&ssl=1 1.5x, https:\/\/i0.wp.com\/kohenavocats.com\/wp-content\/uploads\/2024\/08\/lisa-IfngoxB5ORA-unsplash.webp?resize=700%2C400&ssl=1 2x, https:\/\/i0.wp.com\/kohenavocats.com\/wp-content\/uploads\/2024\/08\/lisa-IfngoxB5ORA-unsplash.webp?resize=1050%2C600&ssl=1 3x, https:\/\/i0.wp.com\/kohenavocats.com\/wp-content\/uploads\/2024\/08\/lisa-IfngoxB5ORA-unsplash.webp?resize=1400%2C800&ssl=1 4x"},"classes":[]},{"id":646986,"url":"https:\/\/kohenavocats.com\/zh-hans\/tribunal-judiciaire-de-vannes-le-27-mars-2024-n24-00175\/","url_meta":{"origin":668543,"position":3},"title":"Tribunal judiciaire de Vannes, le 27 mars 2024, n\u00b024\/00175","author":"Kohen","date":"2026\u5e744\u670822\u65e5","format":false,"excerpt":"Le p\u00f4le social du Tribunal judiciaire de Vannes, p\u2026","rel":"","context":"\u5728\u201cJurisprudence\u201d\u4e2d","block_context":{"text":"Jurisprudence","link":"https:\/\/kohenavocats.com\/category\/jurisprudence\/"},"img":{"alt_text":"","src":"https:\/\/i0.wp.com\/kohenavocats.com\/wp-content\/uploads\/2024\/07\/prateek-katyal-_YzGQvASeMk-unsplash.webp?resize=350%2C200&ssl=1","width":350,"height":200,"srcset":"https:\/\/i0.wp.com\/kohenavocats.com\/wp-content\/uploads\/2024\/07\/prateek-katyal-_YzGQvASeMk-unsplash.webp?resize=350%2C200&ssl=1 1x, https:\/\/i0.wp.com\/kohenavocats.com\/wp-content\/uploads\/2024\/07\/prateek-katyal-_YzGQvASeMk-unsplash.webp?resize=525%2C300&ssl=1 1.5x, https:\/\/i0.wp.com\/kohenavocats.com\/wp-content\/uploads\/2024\/07\/prateek-katyal-_YzGQvASeMk-unsplash.webp?resize=700%2C400&ssl=1 2x, https:\/\/i0.wp.com\/kohenavocats.com\/wp-content\/uploads\/2024\/07\/prateek-katyal-_YzGQvASeMk-unsplash.webp?resize=1050%2C600&ssl=1 3x, https:\/\/i0.wp.com\/kohenavocats.com\/wp-content\/uploads\/2024\/07\/prateek-katyal-_YzGQvASeMk-unsplash.webp?resize=1400%2C800&ssl=1 4x"},"classes":[]},{"id":610025,"url":"https:\/\/kohenavocats.com\/zh-hans\/tribunal-judiciaire-de-vannes-le-10-juillet-2024-n24-00757\/","url_meta":{"origin":668543,"position":4},"title":"Tribunal judiciaire de Vannes, le 10 juillet 2024, n\u00b024\/00757","author":"Kohen","date":"2026\u5e744\u670819\u65e5","format":false,"excerpt":"Le p\u00f4le social du tribunal judiciaire de Vannes a \u2026","rel":"","context":"\u5728\u201cJurisprudence\u201d\u4e2d","block_context":{"text":"Jurisprudence","link":"https:\/\/kohenavocats.com\/category\/jurisprudence\/"},"img":{"alt_text":"","src":"https:\/\/i0.wp.com\/kohenavocats.com\/wp-content\/uploads\/2024\/11\/allison-saeng-6ptTfZWrRSw-unsplash.webp?resize=350%2C200&ssl=1","width":350,"height":200,"srcset":"https:\/\/i0.wp.com\/kohenavocats.com\/wp-content\/uploads\/2024\/11\/allison-saeng-6ptTfZWrRSw-unsplash.webp?resize=350%2C200&ssl=1 1x, https:\/\/i0.wp.com\/kohenavocats.com\/wp-content\/uploads\/2024\/11\/allison-saeng-6ptTfZWrRSw-unsplash.webp?resize=525%2C300&ssl=1 1.5x, https:\/\/i0.wp.com\/kohenavocats.com\/wp-content\/uploads\/2024\/11\/allison-saeng-6ptTfZWrRSw-unsplash.webp?resize=700%2C400&ssl=1 2x, https:\/\/i0.wp.com\/kohenavocats.com\/wp-content\/uploads\/2024\/11\/allison-saeng-6ptTfZWrRSw-unsplash.webp?resize=1050%2C600&ssl=1 3x, https:\/\/i0.wp.com\/kohenavocats.com\/wp-content\/uploads\/2024\/11\/allison-saeng-6ptTfZWrRSw-unsplash.webp?resize=1400%2C800&ssl=1 4x"},"classes":[]},{"id":668200,"url":"https:\/\/kohenavocats.com\/zh-hans\/tribunal-judiciaire-de-vannes-le-25-mars-2025-n24-00692\/","url_meta":{"origin":668543,"position":5},"title":"Tribunal judiciaire de Vannes, le 25 mars 2025, n\u00b024\/00692","author":"Kohen","date":"2026\u5e744\u670824\u65e5","format":false,"excerpt":"Le p\u00f4le social du tribunal judiciaire de Vannes st\u2026","rel":"","context":"\u5728\u201cJurisprudence\u201d\u4e2d","block_context":{"text":"Jurisprudence","link":"https:\/\/kohenavocats.com\/category\/jurisprudence\/"},"img":{"alt_text":"","src":"https:\/\/i0.wp.com\/kohenavocats.com\/wp-content\/uploads\/2024\/11\/mohamed-nohassi-Qi-Qyp5vc3o-unsplash.webp?resize=350%2C200&ssl=1","width":350,"height":200,"srcset":"https:\/\/i0.wp.com\/kohenavocats.com\/wp-content\/uploads\/2024\/11\/mohamed-nohassi-Qi-Qyp5vc3o-unsplash.webp?resize=350%2C200&ssl=1 1x, https:\/\/i0.wp.com\/kohenavocats.com\/wp-content\/uploads\/2024\/11\/mohamed-nohassi-Qi-Qyp5vc3o-unsplash.webp?resize=525%2C300&ssl=1 1.5x, https:\/\/i0.wp.com\/kohenavocats.com\/wp-content\/uploads\/2024\/11\/mohamed-nohassi-Qi-Qyp5vc3o-unsplash.webp?resize=700%2C400&ssl=1 2x, https:\/\/i0.wp.com\/kohenavocats.com\/wp-content\/uploads\/2024\/11\/mohamed-nohassi-Qi-Qyp5vc3o-unsplash.webp?resize=1050%2C600&ssl=1 3x, https:\/\/i0.wp.com\/kohenavocats.com\/wp-content\/uploads\/2024\/11\/mohamed-nohassi-Qi-Qyp5vc3o-unsplash.webp?resize=1400%2C800&ssl=1 4x"},"classes":[]}],"jetpack_sharing_enabled":true,"_links":{"self":[{"href":"https:\/\/kohenavocats.com\/zh-hans\/wp-json\/wp\/v2\/posts\/668543","targetHints":{"allow":["GET"]}}],"collection":[{"href":"https:\/\/kohenavocats.com\/zh-hans\/wp-json\/wp\/v2\/posts"}],"about":[{"href":"https:\/\/kohenavocats.com\/zh-hans\/wp-json\/wp\/v2\/types\/post"}],"author":[{"embeddable":true,"href":"https:\/\/kohenavocats.com\/zh-hans\/wp-json\/wp\/v2\/users\/232070755"}],"replies":[{"embeddable":true,"href":"https:\/\/kohenavocats.com\/zh-hans\/wp-json\/wp\/v2\/comments?post=668543"}],"version-history":[{"count":0,"href":"https:\/\/kohenavocats.com\/zh-hans\/wp-json\/wp\/v2\/posts\/668543\/revisions"}],"wp:featuredmedia":[{"embeddable":true,"href":"https:\/\/kohenavocats.com\/zh-hans\/wp-json\/wp\/v2\/media\/9563"}],"wp:attachment":[{"href":"https:\/\/kohenavocats.com\/zh-hans\/wp-json\/wp\/v2\/media?parent=668543"}],"wp:term":[{"taxonomy":"category","embeddable":true,"href":"https:\/\/kohenavocats.com\/zh-hans\/wp-json\/wp\/v2\/categories?post=668543"},{"taxonomy":"post_tag","embeddable":true,"href":"https:\/\/kohenavocats.com\/zh-hans\/wp-json\/wp\/v2\/tags?post=668543"}],"curies":[{"name":"wp","href":"https:\/\/api.w.org\/{rel}","templated":true}]}}