{"id":668855,"date":"2026-04-24T05:24:54","date_gmt":"2026-04-24T03:24:54","guid":{"rendered":"https:\/\/kohenavocats.com\/tribunal-judiciaire-de-mesnil-amelot-le-20-septembre-2025-n25-03734\/"},"modified":"2026-04-26T18:11:11","modified_gmt":"2026-04-26T16:11:11","slug":"tribunal-judiciaire-de-mesnil-amelot-le-20-septembre-2025-n25-03734","status":"publish","type":"post","link":"https:\/\/kohenavocats.com\/zh-hans\/tribunal-judiciaire-de-mesnil-amelot-le-20-septembre-2025-n25-03734\/","title":{"rendered":"Tribunal judiciaire de Mesnil-Amelot, le 20 septembre 2025, n\u00b025\/03734"},"content":{"rendered":"<div class=\"article-content\">\n<p>Le tribunal judiciaire du Mesnil-Amelot, statuant le 20 septembre 2025, examine une requ\u00eate en prolongation de r\u00e9tention administrative. La d\u00e9fense soul\u00e8ve l&#8217;irr\u00e9gularit\u00e9 de la proc\u00e9dure concernant l&#8217;interpr\u00e9tariat et le d\u00e9lai de transfert. Le juge rejette ces moyens et ordonne finalement la prolongation de la r\u00e9tention pour vingt-six jours.<\/p>\n<p>Le contr\u00f4le strict des garanties proc\u00e9durales<\/p>\n<p>La v\u00e9rification des conditions de l&#8217;interpr\u00e9tariat effectif.<\/p>\n<p>Le juge \u00e9carte le grief tir\u00e9 du d\u00e9faut d&#8217;interpr\u00e9tariat en se fondant sur des \u00e9l\u00e9ments concrets. Il rel\u00e8ve que l&#8217;int\u00e9ress\u00e9 a sign\u00e9 les proc\u00e8s-verbaux de <a href=\"https:\/\/kohenavocats.com\/avocats-en-droit-penal-a-paris-conseil-et-defense-strategique\/avocats-garde-a-vue-paris\/\" target=\"_blank\" title=\"garde \u00e0 vue\">garde \u00e0 vue<\/a> et a r\u00e9pondu de mani\u00e8re circonstanci\u00e9e. &#8220;qu&#8217;il a en outre r\u00e9pondu de mani\u00e8re tr\u00e8s circonstanci\u00e9e aux questions pos\u00e9es en langue ourdou&#8221; (Dossier N\u00b0 RG 25\/03734). Cette approche pragmatique privil\u00e9gie la r\u00e9alit\u00e9 de la compr\u00e9hension sur le formalisme. Elle s&#8217;\u00e9carte d&#8217;une jurisprudence exigeant une compr\u00e9hension parfaite des droits pour \u00e9viter tout grief. &#8220;L&#8217;absence d&#8217;interpr\u00e8te lui cause un grief d\u00e8s lors qu&#8217;il n&#8217;a pas \u00e9t\u00e9 en mesure de comprendre parfaitement et int\u00e9gralement les droits \u00e9tant les siens&#8221; (Cour d&#8217;appel de Paris, le 5 avril 2025, n\u00b025\/01828). La d\u00e9cision restreint ainsi le champ des irr\u00e9gularit\u00e9s substantielles en mati\u00e8re d&#8217;interpr\u00e9tation.<\/p>\n<p>L&#8217;appr\u00e9ciation souveraine de la dur\u00e9e du transfert.<\/p>\n<p>Le second moyen proc\u00e9dural concerne le d\u00e9lai entre la lev\u00e9e de la garde \u00e0 vue et l&#8217;arriv\u00e9e au centre. Le juge constate un intervalle d&#8217;environ deux heures et quarante-cinq minutes. Il estime que ce laps de temps n&#8217;est pas excessif compte tenu des conditions de circulation. &#8220;que ce d\u00e9lai n\u2019appara\u00eet pas excessif eu \u00e9gard aux conditions habituelles de circulation sur ce cr\u00e9neau horaire en Ile-de-France&#8221; (Dossier N\u00b0 RG 25\/03734). Cette appr\u00e9ciation in concreto des circonstances mat\u00e9rielles rejoint une analyse jurisprudentielle similaire. &#8220;que ce d\u00e9lai de 3h00 ne para\u00eet pas excessif compte tenu de la distance, des contraintes mat\u00e9rielles n\u00e9cessaires au transferement&#8221; (Tribunal judiciaire de Marseille, le 3 mars 2025, n\u00b025\/00384). Le juge administratif dispose donc d&#8217;un large pouvoir d&#8217;appr\u00e9ciation pour qualifier la normalit\u00e9 des d\u00e9lais op\u00e9rationnels.<\/p>\n<p>Les conditions substantielles de la prolongation<\/p>\n<p>L&#8217;exigence de diligences actives de l&#8217;administration.<\/p>\n<p>Le juge v\u00e9rifie ensuite le respect du principe de n\u00e9cessit\u00e9 de la r\u00e9tention. Il constate que la mesure d&#8217;\u00e9loignement n&#8217;a pu \u00eatre ex\u00e9cut\u00e9e dans le d\u00e9lai initial. Il note surtout l&#8217;absence de critique sur les diligences d\u00e9j\u00e0 accomplies par l&#8217;administration. &#8220;qu\u2019il n\u2019est \u00e9mis aucune critique sur les diligences accomplies jusqu\u2019\u00e0 pr\u00e9sent par l\u2019Administration&#8221; (Dossier N\u00b0 RG 25\/03734). Cette formulation place la charge de la preuve sur le retenu pour d\u00e9montrer la carence administrative. La prolongation est ainsi subordonn\u00e9e \u00e0 une absence de faute imputable \u00e0 l&#8217;autorit\u00e9 publique. Cela renforce l&#8217;obligation de moyens pesant sur l&#8217;administration pour organiser l&#8217;\u00e9loignement.<\/p>\n<p>Le rejet alternatif de l&#8217;assignation \u00e0 r\u00e9sidence.<\/p>\n<p>Le juge examine enfin la possibilit\u00e9 d&#8217;une mesure moins coercitive que la r\u00e9tention. Il rel\u00e8ve que l&#8217;int\u00e9ress\u00e9 a remis un passeport en cours de validit\u00e9. Mais il estime que les garanties de repr\u00e9sentation ne sont pas suffisantes. Il justifie ce refus par l&#8217;absence de domicile fixe et le non-respect de pr\u00e9c\u00e9dentes obligations de quitter le territoire. &#8220;\u00e0 d\u00e9faut de justifier d\u2019un domicile fixe et certain sur le territoire fran\u00e7ais ou de s\u2019\u00eatre conform\u00e9e \u00e0 de pr\u00e9c\u00e9dentes invitations&#8221; (Dossier N\u00b0 RG 25\/03734). L&#8217;analyse combine ainsi des crit\u00e8res objectifs et comportementaux pour appr\u00e9cier le risque de fuite. Cette interpr\u00e9tation restrictive des conditions de l&#8217;assignation \u00e0 r\u00e9sidence facilite le maintien en r\u00e9tention. Elle consacre une pr\u00e9somption de d\u00e9faut de garanties en l&#8217;absence d&#8217;ancrage territorial stable.<\/p>\n<\/div>\n","protected":false},"excerpt":{"rendered":"<p>Le tribunal judiciaire du Mesnil-Amelot, statuant le 20 septembre 2025, examine une requ\u00eate en prolongation de r\u00e9tention administrative. La d\u00e9fense soul\u00e8ve l&#8230;<\/p>\n","protected":false},"author":232070755,"featured_media":4691,"comment_status":"open","ping_status":"open","sticky":false,"template":"","format":"standard","meta":{"_crdt_document":"","_jetpack_newsletter_access":"","_jetpack_dont_email_post_to_subs":false,"_jetpack_newsletter_tier_id":0,"_jetpack_memberships_contains_paywalled_content":false,"_kj_source_type":"judilibre","_kj_official_id":"68d1a34bad61014a2085156c","_kj_official_url":"https:\/\/www.courdecassation.fr\/decision\/68d1a34bad61014a2085156c","_kj_judilibre_id":"68d1a34bad61014a2085156c","_kj_jur":"Tribunal judiciaire","_kj_lieu":"Tribunal judiciaire de Meaux","_kj_chambre":"JLD","_kj_rg":"25\/03734","_kj_date":"2025-09-20","_jetpack_memberships_contains_paid_content":false,"footnotes":"","jetpack_post_was_ever_published":false},"categories":[7597],"tags":[],"class_list":["post-668855","post","type-post","status-publish","format-standard","has-post-thumbnail","hentry","category-jurisprudence"],"yoast_head":"<!-- This site is optimized with the Yoast SEO Premium plugin v27.5 (Yoast SEO v27.5) - https:\/\/yoast.com\/product\/yoast-seo-premium-wordpress\/ -->\n<title>Tribunal judiciaire de Mesnil-Amelot, le 20 septembre 2025, n\u00b025\/03734 - Ma\u00eetre Hassan Kohen, avocat en droit p\u00e9nal \u00e0 Paris<\/title>\n<meta name=\"description\" content=\"Le tribunal judiciaire du Mesnil-Amelot, statuant le 20 septembre 2025, examine une requ\u00eate en prolongation de r\u00e9tention administrative. La d\u00e9fense soul\u00e8ve l...\" \/>\n<meta name=\"robots\" content=\"index, follow, max-snippet:-1, max-image-preview:large, max-video-preview:-1\" \/>\n<link rel=\"canonical\" href=\"https:\/\/kohenavocats.com\/zh-hans\/tribunal-judiciaire-de-mesnil-amelot-le-20-septembre-2025-n25-03734\/\" \/>\n<meta property=\"og:locale\" content=\"zh_CN\" \/>\n<meta property=\"og:type\" content=\"article\" \/>\n<meta property=\"og:title\" content=\"Tribunal judiciaire de Mesnil-Amelot, le 20 septembre 2025, n\u00b025\/03734\" \/>\n<meta property=\"og:description\" content=\"Le tribunal judiciaire du Mesnil-Amelot, statuant le 20 septembre 2025, examine une requ\u00eate en prolongation de r\u00e9tention administrative. La d\u00e9fense soul\u00e8ve l...\" \/>\n<meta property=\"og:url\" content=\"https:\/\/kohenavocats.com\/zh-hans\/tribunal-judiciaire-de-mesnil-amelot-le-20-septembre-2025-n25-03734\/\" \/>\n<meta property=\"og:site_name\" content=\"Ma\u00eetre Hassan Kohen, avocat en droit p\u00e9nal \u00e0 Paris\" \/>\n<meta property=\"article:published_time\" content=\"2026-04-24T03:24:54+00:00\" \/>\n<meta property=\"article:modified_time\" content=\"2026-04-26T16:11:11+00:00\" \/>\n<meta property=\"og:image\" content=\"https:\/\/kohenavocats.com\/wp-content\/uploads\/2024\/08\/roman-kraft-X1exjxxBho4-unsplash.webp\" \/>\n\t<meta property=\"og:image:width\" content=\"2048\" \/>\n\t<meta property=\"og:image:height\" content=\"1536\" \/>\n\t<meta property=\"og:image:type\" content=\"image\/webp\" \/>\n<meta name=\"author\" content=\"Kohen\" \/>\n<meta name=\"twitter:card\" content=\"summary_large_image\" \/>\n<meta name=\"twitter:label1\" content=\"\u4f5c\u8005\" \/>\n\t<meta name=\"twitter:data1\" content=\"Kohen\" \/>\n\t<meta name=\"twitter:label2\" content=\"\u9884\u8ba1\u9605\u8bfb\u65f6\u95f4\" \/>\n\t<meta name=\"twitter:data2\" content=\"3 \u5206\" \/>\n<script type=\"application\/ld+json\" class=\"yoast-schema-graph\">{\"@context\":\"https:\\\/\\\/schema.org\",\"@graph\":[{\"@type\":\"Article\",\"@id\":\"https:\\\/\\\/kohenavocats.com\\\/zh-hans\\\/tribunal-judiciaire-de-mesnil-amelot-le-20-septembre-2025-n25-03734\\\/#article\",\"isPartOf\":{\"@id\":\"https:\\\/\\\/kohenavocats.com\\\/zh-hans\\\/tribunal-judiciaire-de-mesnil-amelot-le-20-septembre-2025-n25-03734\\\/\"},\"author\":{\"name\":\"Kohen\",\"@id\":\"https:\\\/\\\/kohenavocats.com\\\/zh-hans\\\/#\\\/schema\\\/person\\\/761c9ba54fa1ca84d405cef0831ff751\"},\"headline\":\"Tribunal judiciaire de Mesnil-Amelot, le 20 septembre 2025, n\u00b025\\\/03734\",\"datePublished\":\"2026-04-24T03:24:54+00:00\",\"dateModified\":\"2026-04-26T16:11:11+00:00\",\"mainEntityOfPage\":{\"@id\":\"https:\\\/\\\/kohenavocats.com\\\/zh-hans\\\/tribunal-judiciaire-de-mesnil-amelot-le-20-septembre-2025-n25-03734\\\/\"},\"wordCount\":676,\"commentCount\":0,\"publisher\":{\"@id\":\"https:\\\/\\\/kohenavocats.com\\\/zh-hans\\\/#organization\"},\"image\":{\"@id\":\"https:\\\/\\\/kohenavocats.com\\\/zh-hans\\\/tribunal-judiciaire-de-mesnil-amelot-le-20-septembre-2025-n25-03734\\\/#primaryimage\"},\"thumbnailUrl\":\"https:\\\/\\\/kohenavocats.com\\\/wp-content\\\/uploads\\\/2024\\\/08\\\/roman-kraft-X1exjxxBho4-unsplash.webp\",\"articleSection\":[\"Jurisprudence\"],\"inLanguage\":\"zh-Hans\",\"potentialAction\":[{\"@type\":\"CommentAction\",\"name\":\"Comment\",\"target\":[\"https:\\\/\\\/kohenavocats.com\\\/zh-hans\\\/tribunal-judiciaire-de-mesnil-amelot-le-20-septembre-2025-n25-03734\\\/#respond\"]}],\"citation\":\"Tribunal judiciaire de Mesnil-Amelot, le 20 septembre 2025, n\u00b025\\\/03734\",\"about\":[{\"@type\":\"Thing\",\"name\":\"Jurisprudence\"}],\"speakable\":{\"@type\":\"SpeakableSpecification\",\"cssSelector\":[\".article-content > p:first-of-type\"]}},{\"@type\":\"WebPage\",\"@id\":\"https:\\\/\\\/kohenavocats.com\\\/zh-hans\\\/tribunal-judiciaire-de-mesnil-amelot-le-20-septembre-2025-n25-03734\\\/\",\"url\":\"https:\\\/\\\/kohenavocats.com\\\/zh-hans\\\/tribunal-judiciaire-de-mesnil-amelot-le-20-septembre-2025-n25-03734\\\/\",\"name\":\"Tribunal judiciaire de Mesnil-Amelot, le 20 septembre 2025, n\u00b025\\\/03734 - Ma\u00eetre Hassan Kohen, avocat en droit p\u00e9nal \u00e0 Paris\",\"isPartOf\":{\"@id\":\"https:\\\/\\\/kohenavocats.com\\\/zh-hans\\\/#website\"},\"primaryImageOfPage\":{\"@id\":\"https:\\\/\\\/kohenavocats.com\\\/zh-hans\\\/tribunal-judiciaire-de-mesnil-amelot-le-20-septembre-2025-n25-03734\\\/#primaryimage\"},\"image\":{\"@id\":\"https:\\\/\\\/kohenavocats.com\\\/zh-hans\\\/tribunal-judiciaire-de-mesnil-amelot-le-20-septembre-2025-n25-03734\\\/#primaryimage\"},\"thumbnailUrl\":\"https:\\\/\\\/kohenavocats.com\\\/wp-content\\\/uploads\\\/2024\\\/08\\\/roman-kraft-X1exjxxBho4-unsplash.webp\",\"datePublished\":\"2026-04-24T03:24:54+00:00\",\"dateModified\":\"2026-04-26T16:11:11+00:00\",\"description\":\"Le tribunal judiciaire du Mesnil-Amelot, statuant le 20 septembre 2025, examine une requ\u00eate en prolongation de r\u00e9tention administrative. La d\u00e9fense soul\u00e8ve l...\",\"breadcrumb\":{\"@id\":\"https:\\\/\\\/kohenavocats.com\\\/zh-hans\\\/tribunal-judiciaire-de-mesnil-amelot-le-20-septembre-2025-n25-03734\\\/#breadcrumb\"},\"inLanguage\":\"zh-Hans\",\"potentialAction\":[{\"@type\":\"ReadAction\",\"target\":[\"https:\\\/\\\/kohenavocats.com\\\/zh-hans\\\/tribunal-judiciaire-de-mesnil-amelot-le-20-septembre-2025-n25-03734\\\/\"]}]},{\"@type\":\"ImageObject\",\"inLanguage\":\"zh-Hans\",\"@id\":\"https:\\\/\\\/kohenavocats.com\\\/zh-hans\\\/tribunal-judiciaire-de-mesnil-amelot-le-20-septembre-2025-n25-03734\\\/#primaryimage\",\"url\":\"https:\\\/\\\/kohenavocats.com\\\/wp-content\\\/uploads\\\/2024\\\/08\\\/roman-kraft-X1exjxxBho4-unsplash.webp\",\"contentUrl\":\"https:\\\/\\\/kohenavocats.com\\\/wp-content\\\/uploads\\\/2024\\\/08\\\/roman-kraft-X1exjxxBho4-unsplash.webp\",\"width\":2048,\"height\":1536},{\"@type\":\"BreadcrumbList\",\"@id\":\"https:\\\/\\\/kohenavocats.com\\\/zh-hans\\\/tribunal-judiciaire-de-mesnil-amelot-le-20-septembre-2025-n25-03734\\\/#breadcrumb\",\"itemListElement\":[{\"@type\":\"ListItem\",\"position\":1,\"name\":\"Home\",\"item\":\"https:\\\/\\\/kohenavocats.com\\\/zh-hans\\\/\"},{\"@type\":\"ListItem\",\"position\":2,\"name\":\"Tribunal judiciaire de Mesnil-Amelot, le 20 septembre 2025, n\u00b025\\\/03734\"}]},{\"@type\":\"WebSite\",\"@id\":\"https:\\\/\\\/kohenavocats.com\\\/zh-hans\\\/#website\",\"url\":\"https:\\\/\\\/kohenavocats.com\\\/zh-hans\\\/\",\"name\":\"Kohen Avocats\",\"description\":\"Ma\u00eetre Hassan Kohen, avocat p\u00e9naliste \u00e0 Paris, intervient exclusivement en droit p\u00e9nal pour la d\u00e9fense des particuliers, notamment en mati\u00e8re d\u2019accusations de viol. Il assure un accompagnement rigoureux d\u00e8s la garde \u00e0 vue jusqu\u2019\u00e0 la Cour d\u2019assises, veillant au strict respect des garanties proc\u00e9durales.\",\"publisher\":{\"@id\":\"https:\\\/\\\/kohenavocats.com\\\/zh-hans\\\/#organization\"},\"potentialAction\":[{\"@type\":\"SearchAction\",\"target\":{\"@type\":\"EntryPoint\",\"urlTemplate\":\"https:\\\/\\\/kohenavocats.com\\\/zh-hans\\\/?s={search_term_string}\"},\"query-input\":{\"@type\":\"PropertyValueSpecification\",\"valueRequired\":true,\"valueName\":\"search_term_string\"}}],\"inLanguage\":\"zh-Hans\"},{\"@type\":\"Organization\",\"@id\":\"https:\\\/\\\/kohenavocats.com\\\/zh-hans\\\/#organization\",\"name\":\"Kohen Avocats\",\"url\":\"https:\\\/\\\/kohenavocats.com\\\/zh-hans\\\/\",\"logo\":{\"@type\":\"ImageObject\",\"inLanguage\":\"zh-Hans\",\"@id\":\"https:\\\/\\\/kohenavocats.com\\\/zh-hans\\\/#\\\/schema\\\/logo\\\/image\\\/\",\"url\":\"https:\\\/\\\/kohenavocats.com\\\/wp-content\\\/uploads\\\/2026\\\/01\\\/Logo-2-1.webp\",\"contentUrl\":\"https:\\\/\\\/kohenavocats.com\\\/wp-content\\\/uploads\\\/2026\\\/01\\\/Logo-2-1.webp\",\"width\":2114,\"height\":1253,\"caption\":\"Kohen Avocats\"},\"image\":{\"@id\":\"https:\\\/\\\/kohenavocats.com\\\/zh-hans\\\/#\\\/schema\\\/logo\\\/image\\\/\"}},{\"@type\":\"Person\",\"@id\":\"https:\\\/\\\/kohenavocats.com\\\/zh-hans\\\/#\\\/schema\\\/person\\\/761c9ba54fa1ca84d405cef0831ff751\",\"name\":\"Kohen\",\"image\":{\"@type\":\"ImageObject\",\"inLanguage\":\"zh-Hans\",\"@id\":\"https:\\\/\\\/secure.gravatar.com\\\/avatar\\\/1c5e76ef76bbbfdd2b4da984e2bf2fa4056fd51a27d25ce2c332047f1dfd6e00?s=96&d=identicon&r=g\",\"url\":\"https:\\\/\\\/secure.gravatar.com\\\/avatar\\\/1c5e76ef76bbbfdd2b4da984e2bf2fa4056fd51a27d25ce2c332047f1dfd6e00?s=96&d=identicon&r=g\",\"contentUrl\":\"https:\\\/\\\/secure.gravatar.com\\\/avatar\\\/1c5e76ef76bbbfdd2b4da984e2bf2fa4056fd51a27d25ce2c332047f1dfd6e00?s=96&d=identicon&r=g\",\"caption\":\"Kohen\"},\"sameAs\":[\"https:\\\/\\\/www.linkedin.com\\\/in\\\/hassan-kohen-448548192\\\/\",\"https:\\\/\\\/www.youtube.com\\\/@Kohen-Avocats\"],\"url\":\"https:\\\/\\\/kohenavocats.com\\\/zh-hans\\\/author\\\/kohenmlk\\\/\"}]}<\/script>\n<!-- \/ Yoast SEO Premium plugin. -->","yoast_head_json":{"title":"Tribunal judiciaire de Mesnil-Amelot, le 20 septembre 2025, n\u00b025\/03734 - Ma\u00eetre Hassan Kohen, avocat en droit p\u00e9nal \u00e0 Paris","description":"Le tribunal judiciaire du Mesnil-Amelot, statuant le 20 septembre 2025, examine une requ\u00eate en prolongation de r\u00e9tention administrative. La d\u00e9fense soul\u00e8ve l...","robots":{"index":"index","follow":"follow","max-snippet":"max-snippet:-1","max-image-preview":"max-image-preview:large","max-video-preview":"max-video-preview:-1"},"canonical":"https:\/\/kohenavocats.com\/zh-hans\/tribunal-judiciaire-de-mesnil-amelot-le-20-septembre-2025-n25-03734\/","og_locale":"zh_CN","og_type":"article","og_title":"Tribunal judiciaire de Mesnil-Amelot, le 20 septembre 2025, n\u00b025\/03734","og_description":"Le tribunal judiciaire du Mesnil-Amelot, statuant le 20 septembre 2025, examine une requ\u00eate en prolongation de r\u00e9tention administrative. La d\u00e9fense soul\u00e8ve l...","og_url":"https:\/\/kohenavocats.com\/zh-hans\/tribunal-judiciaire-de-mesnil-amelot-le-20-septembre-2025-n25-03734\/","og_site_name":"Ma\u00eetre Hassan Kohen, avocat en droit p\u00e9nal \u00e0 Paris","article_published_time":"2026-04-24T03:24:54+00:00","article_modified_time":"2026-04-26T16:11:11+00:00","og_image":[{"width":2048,"height":1536,"url":"https:\/\/kohenavocats.com\/wp-content\/uploads\/2024\/08\/roman-kraft-X1exjxxBho4-unsplash.webp","type":"image\/webp"}],"author":"Kohen","twitter_card":"summary_large_image","twitter_misc":{"\u4f5c\u8005":"Kohen","\u9884\u8ba1\u9605\u8bfb\u65f6\u95f4":"3 \u5206"},"schema":{"@context":"https:\/\/schema.org","@graph":[{"@type":"Article","@id":"https:\/\/kohenavocats.com\/zh-hans\/tribunal-judiciaire-de-mesnil-amelot-le-20-septembre-2025-n25-03734\/#article","isPartOf":{"@id":"https:\/\/kohenavocats.com\/zh-hans\/tribunal-judiciaire-de-mesnil-amelot-le-20-septembre-2025-n25-03734\/"},"author":{"name":"Kohen","@id":"https:\/\/kohenavocats.com\/zh-hans\/#\/schema\/person\/761c9ba54fa1ca84d405cef0831ff751"},"headline":"Tribunal judiciaire de Mesnil-Amelot, le 20 septembre 2025, n\u00b025\/03734","datePublished":"2026-04-24T03:24:54+00:00","dateModified":"2026-04-26T16:11:11+00:00","mainEntityOfPage":{"@id":"https:\/\/kohenavocats.com\/zh-hans\/tribunal-judiciaire-de-mesnil-amelot-le-20-septembre-2025-n25-03734\/"},"wordCount":676,"commentCount":0,"publisher":{"@id":"https:\/\/kohenavocats.com\/zh-hans\/#organization"},"image":{"@id":"https:\/\/kohenavocats.com\/zh-hans\/tribunal-judiciaire-de-mesnil-amelot-le-20-septembre-2025-n25-03734\/#primaryimage"},"thumbnailUrl":"https:\/\/kohenavocats.com\/wp-content\/uploads\/2024\/08\/roman-kraft-X1exjxxBho4-unsplash.webp","articleSection":["Jurisprudence"],"inLanguage":"zh-Hans","potentialAction":[{"@type":"CommentAction","name":"Comment","target":["https:\/\/kohenavocats.com\/zh-hans\/tribunal-judiciaire-de-mesnil-amelot-le-20-septembre-2025-n25-03734\/#respond"]}],"citation":"Tribunal judiciaire de Mesnil-Amelot, le 20 septembre 2025, n\u00b025\/03734","about":[{"@type":"Thing","name":"Jurisprudence"}],"speakable":{"@type":"SpeakableSpecification","cssSelector":[".article-content > p:first-of-type"]}},{"@type":"WebPage","@id":"https:\/\/kohenavocats.com\/zh-hans\/tribunal-judiciaire-de-mesnil-amelot-le-20-septembre-2025-n25-03734\/","url":"https:\/\/kohenavocats.com\/zh-hans\/tribunal-judiciaire-de-mesnil-amelot-le-20-septembre-2025-n25-03734\/","name":"Tribunal judiciaire de Mesnil-Amelot, le 20 septembre 2025, n\u00b025\/03734 - Ma\u00eetre Hassan Kohen, avocat en droit p\u00e9nal \u00e0 Paris","isPartOf":{"@id":"https:\/\/kohenavocats.com\/zh-hans\/#website"},"primaryImageOfPage":{"@id":"https:\/\/kohenavocats.com\/zh-hans\/tribunal-judiciaire-de-mesnil-amelot-le-20-septembre-2025-n25-03734\/#primaryimage"},"image":{"@id":"https:\/\/kohenavocats.com\/zh-hans\/tribunal-judiciaire-de-mesnil-amelot-le-20-septembre-2025-n25-03734\/#primaryimage"},"thumbnailUrl":"https:\/\/kohenavocats.com\/wp-content\/uploads\/2024\/08\/roman-kraft-X1exjxxBho4-unsplash.webp","datePublished":"2026-04-24T03:24:54+00:00","dateModified":"2026-04-26T16:11:11+00:00","description":"Le tribunal judiciaire du Mesnil-Amelot, statuant le 20 septembre 2025, examine une requ\u00eate en prolongation de r\u00e9tention administrative. La d\u00e9fense soul\u00e8ve l...","breadcrumb":{"@id":"https:\/\/kohenavocats.com\/zh-hans\/tribunal-judiciaire-de-mesnil-amelot-le-20-septembre-2025-n25-03734\/#breadcrumb"},"inLanguage":"zh-Hans","potentialAction":[{"@type":"ReadAction","target":["https:\/\/kohenavocats.com\/zh-hans\/tribunal-judiciaire-de-mesnil-amelot-le-20-septembre-2025-n25-03734\/"]}]},{"@type":"ImageObject","inLanguage":"zh-Hans","@id":"https:\/\/kohenavocats.com\/zh-hans\/tribunal-judiciaire-de-mesnil-amelot-le-20-septembre-2025-n25-03734\/#primaryimage","url":"https:\/\/kohenavocats.com\/wp-content\/uploads\/2024\/08\/roman-kraft-X1exjxxBho4-unsplash.webp","contentUrl":"https:\/\/kohenavocats.com\/wp-content\/uploads\/2024\/08\/roman-kraft-X1exjxxBho4-unsplash.webp","width":2048,"height":1536},{"@type":"BreadcrumbList","@id":"https:\/\/kohenavocats.com\/zh-hans\/tribunal-judiciaire-de-mesnil-amelot-le-20-septembre-2025-n25-03734\/#breadcrumb","itemListElement":[{"@type":"ListItem","position":1,"name":"Home","item":"https:\/\/kohenavocats.com\/zh-hans\/"},{"@type":"ListItem","position":2,"name":"Tribunal judiciaire de Mesnil-Amelot, le 20 septembre 2025, n\u00b025\/03734"}]},{"@type":"WebSite","@id":"https:\/\/kohenavocats.com\/zh-hans\/#website","url":"https:\/\/kohenavocats.com\/zh-hans\/","name":"Kohen Avocats","description":"Ma\u00eetre Hassan Kohen, avocat p\u00e9naliste \u00e0 Paris, intervient exclusivement en droit p\u00e9nal pour la d\u00e9fense des particuliers, notamment en mati\u00e8re d\u2019accusations de viol. Il assure un accompagnement rigoureux d\u00e8s la garde \u00e0 vue jusqu\u2019\u00e0 la Cour d\u2019assises, veillant au strict respect des garanties proc\u00e9durales.","publisher":{"@id":"https:\/\/kohenavocats.com\/zh-hans\/#organization"},"potentialAction":[{"@type":"SearchAction","target":{"@type":"EntryPoint","urlTemplate":"https:\/\/kohenavocats.com\/zh-hans\/?s={search_term_string}"},"query-input":{"@type":"PropertyValueSpecification","valueRequired":true,"valueName":"search_term_string"}}],"inLanguage":"zh-Hans"},{"@type":"Organization","@id":"https:\/\/kohenavocats.com\/zh-hans\/#organization","name":"Kohen Avocats","url":"https:\/\/kohenavocats.com\/zh-hans\/","logo":{"@type":"ImageObject","inLanguage":"zh-Hans","@id":"https:\/\/kohenavocats.com\/zh-hans\/#\/schema\/logo\/image\/","url":"https:\/\/kohenavocats.com\/wp-content\/uploads\/2026\/01\/Logo-2-1.webp","contentUrl":"https:\/\/kohenavocats.com\/wp-content\/uploads\/2026\/01\/Logo-2-1.webp","width":2114,"height":1253,"caption":"Kohen Avocats"},"image":{"@id":"https:\/\/kohenavocats.com\/zh-hans\/#\/schema\/logo\/image\/"}},{"@type":"Person","@id":"https:\/\/kohenavocats.com\/zh-hans\/#\/schema\/person\/761c9ba54fa1ca84d405cef0831ff751","name":"Kohen","image":{"@type":"ImageObject","inLanguage":"zh-Hans","@id":"https:\/\/secure.gravatar.com\/avatar\/1c5e76ef76bbbfdd2b4da984e2bf2fa4056fd51a27d25ce2c332047f1dfd6e00?s=96&d=identicon&r=g","url":"https:\/\/secure.gravatar.com\/avatar\/1c5e76ef76bbbfdd2b4da984e2bf2fa4056fd51a27d25ce2c332047f1dfd6e00?s=96&d=identicon&r=g","contentUrl":"https:\/\/secure.gravatar.com\/avatar\/1c5e76ef76bbbfdd2b4da984e2bf2fa4056fd51a27d25ce2c332047f1dfd6e00?s=96&d=identicon&r=g","caption":"Kohen"},"sameAs":["https:\/\/www.linkedin.com\/in\/hassan-kohen-448548192\/","https:\/\/www.youtube.com\/@Kohen-Avocats"],"url":"https:\/\/kohenavocats.com\/zh-hans\/author\/kohenmlk\/"}]}},"jetpack_featured_media_url":"https:\/\/kohenavocats.com\/wp-content\/uploads\/2024\/08\/roman-kraft-X1exjxxBho4-unsplash.webp","jetpack_likes_enabled":false,"jetpack_shortlink":"https:\/\/wp.me\/peCrII-2NZZ","jetpack-related-posts":[{"id":647449,"url":"https:\/\/kohenavocats.com\/zh-hans\/tribunal-judiciaire-de-mesnil-amelot-le-4-octobre-2025-n25-03943\/","url_meta":{"origin":668855,"position":0},"title":"Tribunal judiciaire de Mesnil-Amelot, le 4 octobre 2025, n\u00b025\/03943","author":"Kohen","date":"2026\u5e744\u670822\u65e5","format":false,"excerpt":"Le tribunal judiciaire du Mesnil-Amelot, statuant \u2026","rel":"","context":"\u5728\u201cJurisprudence\u201d\u4e2d","block_context":{"text":"Jurisprudence","link":"https:\/\/kohenavocats.com\/category\/jurisprudence\/"},"img":{"alt_text":"","src":"https:\/\/i0.wp.com\/kohenavocats.com\/wp-content\/uploads\/2024\/11\/getty-images-UdHwfvSivWU-unsplash.webp?resize=350%2C200&ssl=1","width":350,"height":200,"srcset":"https:\/\/i0.wp.com\/kohenavocats.com\/wp-content\/uploads\/2024\/11\/getty-images-UdHwfvSivWU-unsplash.webp?resize=350%2C200&ssl=1 1x, https:\/\/i0.wp.com\/kohenavocats.com\/wp-content\/uploads\/2024\/11\/getty-images-UdHwfvSivWU-unsplash.webp?resize=525%2C300&ssl=1 1.5x, https:\/\/i0.wp.com\/kohenavocats.com\/wp-content\/uploads\/2024\/11\/getty-images-UdHwfvSivWU-unsplash.webp?resize=700%2C400&ssl=1 2x, https:\/\/i0.wp.com\/kohenavocats.com\/wp-content\/uploads\/2024\/11\/getty-images-UdHwfvSivWU-unsplash.webp?resize=1050%2C600&ssl=1 3x, https:\/\/i0.wp.com\/kohenavocats.com\/wp-content\/uploads\/2024\/11\/getty-images-UdHwfvSivWU-unsplash.webp?resize=1400%2C800&ssl=1 4x"},"classes":[]},{"id":647435,"url":"https:\/\/kohenavocats.com\/zh-hans\/tribunal-judiciaire-de-mesnil-amelot-le-4-octobre-2025-n25-03915\/","url_meta":{"origin":668855,"position":1},"title":"Tribunal judiciaire de Mesnil-Amelot, le 4 octobre 2025, n\u00b025\/03915","author":"Kohen","date":"2026\u5e744\u670822\u65e5","format":false,"excerpt":"Le tribunal judiciaire du Mesnil-Amelot, statuant \u2026","rel":"","context":"\u5728\u201cJurisprudence\u201d\u4e2d","block_context":{"text":"Jurisprudence","link":"https:\/\/kohenavocats.com\/category\/jurisprudence\/"},"img":{"alt_text":"","src":"https:\/\/i0.wp.com\/kohenavocats.com\/wp-content\/uploads\/2024\/11\/pawel-czerwinski-plv4_0R9-dc-unsplash.webp?resize=350%2C200&ssl=1","width":350,"height":200,"srcset":"https:\/\/i0.wp.com\/kohenavocats.com\/wp-content\/uploads\/2024\/11\/pawel-czerwinski-plv4_0R9-dc-unsplash.webp?resize=350%2C200&ssl=1 1x, https:\/\/i0.wp.com\/kohenavocats.com\/wp-content\/uploads\/2024\/11\/pawel-czerwinski-plv4_0R9-dc-unsplash.webp?resize=525%2C300&ssl=1 1.5x, https:\/\/i0.wp.com\/kohenavocats.com\/wp-content\/uploads\/2024\/11\/pawel-czerwinski-plv4_0R9-dc-unsplash.webp?resize=700%2C400&ssl=1 2x, https:\/\/i0.wp.com\/kohenavocats.com\/wp-content\/uploads\/2024\/11\/pawel-czerwinski-plv4_0R9-dc-unsplash.webp?resize=1050%2C600&ssl=1 3x, https:\/\/i0.wp.com\/kohenavocats.com\/wp-content\/uploads\/2024\/11\/pawel-czerwinski-plv4_0R9-dc-unsplash.webp?resize=1400%2C800&ssl=1 4x"},"classes":[]},{"id":635113,"url":"https:\/\/kohenavocats.com\/zh-hans\/tribunal-judiciaire-de-mesnil-amelot-le-12-octobre-2025-n25-04069\/","url_meta":{"origin":668855,"position":2},"title":"Tribunal judiciaire de Mesnil-Amelot, le 12 octobre 2025, n\u00b025\/04069","author":"Kohen","date":"2026\u5e744\u670821\u65e5","format":false,"excerpt":"Le tribunal judiciaire du Mesnil-Amelot, statuant \u2026","rel":"","context":"\u5728\u201cJurisprudence\u201d\u4e2d","block_context":{"text":"Jurisprudence","link":"https:\/\/kohenavocats.com\/category\/jurisprudence\/"},"img":{"alt_text":"","src":"https:\/\/i0.wp.com\/kohenavocats.com\/wp-content\/uploads\/2024\/11\/allison-saeng-kwkyNij4b64-unsplash.webp?resize=350%2C200&ssl=1","width":350,"height":200,"srcset":"https:\/\/i0.wp.com\/kohenavocats.com\/wp-content\/uploads\/2024\/11\/allison-saeng-kwkyNij4b64-unsplash.webp?resize=350%2C200&ssl=1 1x, https:\/\/i0.wp.com\/kohenavocats.com\/wp-content\/uploads\/2024\/11\/allison-saeng-kwkyNij4b64-unsplash.webp?resize=525%2C300&ssl=1 1.5x, https:\/\/i0.wp.com\/kohenavocats.com\/wp-content\/uploads\/2024\/11\/allison-saeng-kwkyNij4b64-unsplash.webp?resize=700%2C400&ssl=1 2x, https:\/\/i0.wp.com\/kohenavocats.com\/wp-content\/uploads\/2024\/11\/allison-saeng-kwkyNij4b64-unsplash.webp?resize=1050%2C600&ssl=1 3x, https:\/\/i0.wp.com\/kohenavocats.com\/wp-content\/uploads\/2024\/11\/allison-saeng-kwkyNij4b64-unsplash.webp?resize=1400%2C800&ssl=1 4x"},"classes":[]},{"id":488158,"url":"https:\/\/kohenavocats.com\/zh-hans\/tribunal-judiciaire-de-meaux-le-25-novembre-2025-n25-04798\/","url_meta":{"origin":668855,"position":3},"title":"Tribunal judiciaire de Meaux, le 25 novembre 2025, n\u00b025\/04798","author":"Kohen","date":"2026\u5e744\u67088\u65e5","format":false,"excerpt":"Le tribunal administratif du Mesnil-Amelot, statua\u2026","rel":"","context":"\u5728\u201cJurisprudence\u201d\u4e2d","block_context":{"text":"Jurisprudence","link":"https:\/\/kohenavocats.com\/category\/jurisprudence\/"},"img":{"alt_text":"","src":"https:\/\/i0.wp.com\/kohenavocats.com\/wp-content\/uploads\/2024\/11\/laura-adai-AUtGEImMB-8-unsplash.webp?resize=350%2C200&ssl=1","width":350,"height":200,"srcset":"https:\/\/i0.wp.com\/kohenavocats.com\/wp-content\/uploads\/2024\/11\/laura-adai-AUtGEImMB-8-unsplash.webp?resize=350%2C200&ssl=1 1x, https:\/\/i0.wp.com\/kohenavocats.com\/wp-content\/uploads\/2024\/11\/laura-adai-AUtGEImMB-8-unsplash.webp?resize=525%2C300&ssl=1 1.5x, https:\/\/i0.wp.com\/kohenavocats.com\/wp-content\/uploads\/2024\/11\/laura-adai-AUtGEImMB-8-unsplash.webp?resize=700%2C400&ssl=1 2x, https:\/\/i0.wp.com\/kohenavocats.com\/wp-content\/uploads\/2024\/11\/laura-adai-AUtGEImMB-8-unsplash.webp?resize=1050%2C600&ssl=1 3x, https:\/\/i0.wp.com\/kohenavocats.com\/wp-content\/uploads\/2024\/11\/laura-adai-AUtGEImMB-8-unsplash.webp?resize=1400%2C800&ssl=1 4x"},"classes":[]},{"id":647437,"url":"https:\/\/kohenavocats.com\/zh-hans\/tribunal-judiciaire-de-mesnil-amelot-le-5-octobre-2025-n25-03923\/","url_meta":{"origin":668855,"position":4},"title":"Tribunal judiciaire de Mesnil-Amelot, le 5 octobre 2025, n\u00b025\/03923","author":"Kohen","date":"2026\u5e744\u670822\u65e5","format":false,"excerpt":"Le tribunal judiciaire du Mesnil-Amelot, statuant \u2026","rel":"","context":"\u5728\u201cJurisprudence\u201d\u4e2d","block_context":{"text":"Jurisprudence","link":"https:\/\/kohenavocats.com\/category\/jurisprudence\/"},"img":{"alt_text":"","src":"https:\/\/i0.wp.com\/kohenavocats.com\/wp-content\/uploads\/2024\/08\/roman-kraft-X1exjxxBho4-unsplash.webp?resize=350%2C200&ssl=1","width":350,"height":200,"srcset":"https:\/\/i0.wp.com\/kohenavocats.com\/wp-content\/uploads\/2024\/08\/roman-kraft-X1exjxxBho4-unsplash.webp?resize=350%2C200&ssl=1 1x, https:\/\/i0.wp.com\/kohenavocats.com\/wp-content\/uploads\/2024\/08\/roman-kraft-X1exjxxBho4-unsplash.webp?resize=525%2C300&ssl=1 1.5x, https:\/\/i0.wp.com\/kohenavocats.com\/wp-content\/uploads\/2024\/08\/roman-kraft-X1exjxxBho4-unsplash.webp?resize=700%2C400&ssl=1 2x, https:\/\/i0.wp.com\/kohenavocats.com\/wp-content\/uploads\/2024\/08\/roman-kraft-X1exjxxBho4-unsplash.webp?resize=1050%2C600&ssl=1 3x, https:\/\/i0.wp.com\/kohenavocats.com\/wp-content\/uploads\/2024\/08\/roman-kraft-X1exjxxBho4-unsplash.webp?resize=1400%2C800&ssl=1 4x"},"classes":[]},{"id":498714,"url":"https:\/\/kohenavocats.com\/zh-hans\/tribunal-judiciaire-de-meaux-le-27-novembre-2025-n25-04833\/","url_meta":{"origin":668855,"position":5},"title":"Tribunal judiciaire de Meaux, le 27 novembre 2025, n\u00b025\/04833","author":"Kohen","date":"2026\u5e744\u67088\u65e5","format":false,"excerpt":"Le tribunal administratif du Mesnil-Amelot, statua\u2026","rel":"","context":"\u5728\u201cD\u00e9cisions juridiques\u201d\u4e2d","block_context":{"text":"D\u00e9cisions juridiques","link":"https:\/\/kohenavocats.com\/category\/decisions-juridiques\/"},"img":{"alt_text":"","src":"https:\/\/i0.wp.com\/kohenavocats.com\/wp-content\/uploads\/2024\/08\/chelms-varthoumlien-4lTf2N6pHZw-unsplash.webp?resize=350%2C200&ssl=1","width":350,"height":200,"srcset":"https:\/\/i0.wp.com\/kohenavocats.com\/wp-content\/uploads\/2024\/08\/chelms-varthoumlien-4lTf2N6pHZw-unsplash.webp?resize=350%2C200&ssl=1 1x, https:\/\/i0.wp.com\/kohenavocats.com\/wp-content\/uploads\/2024\/08\/chelms-varthoumlien-4lTf2N6pHZw-unsplash.webp?resize=525%2C300&ssl=1 1.5x, https:\/\/i0.wp.com\/kohenavocats.com\/wp-content\/uploads\/2024\/08\/chelms-varthoumlien-4lTf2N6pHZw-unsplash.webp?resize=700%2C400&ssl=1 2x, https:\/\/i0.wp.com\/kohenavocats.com\/wp-content\/uploads\/2024\/08\/chelms-varthoumlien-4lTf2N6pHZw-unsplash.webp?resize=1050%2C600&ssl=1 3x, https:\/\/i0.wp.com\/kohenavocats.com\/wp-content\/uploads\/2024\/08\/chelms-varthoumlien-4lTf2N6pHZw-unsplash.webp?resize=1400%2C800&ssl=1 4x"},"classes":[]}],"jetpack_sharing_enabled":true,"_links":{"self":[{"href":"https:\/\/kohenavocats.com\/zh-hans\/wp-json\/wp\/v2\/posts\/668855","targetHints":{"allow":["GET"]}}],"collection":[{"href":"https:\/\/kohenavocats.com\/zh-hans\/wp-json\/wp\/v2\/posts"}],"about":[{"href":"https:\/\/kohenavocats.com\/zh-hans\/wp-json\/wp\/v2\/types\/post"}],"author":[{"embeddable":true,"href":"https:\/\/kohenavocats.com\/zh-hans\/wp-json\/wp\/v2\/users\/232070755"}],"replies":[{"embeddable":true,"href":"https:\/\/kohenavocats.com\/zh-hans\/wp-json\/wp\/v2\/comments?post=668855"}],"version-history":[{"count":1,"href":"https:\/\/kohenavocats.com\/zh-hans\/wp-json\/wp\/v2\/posts\/668855\/revisions"}],"predecessor-version":[{"id":695599,"href":"https:\/\/kohenavocats.com\/zh-hans\/wp-json\/wp\/v2\/posts\/668855\/revisions\/695599"}],"wp:featuredmedia":[{"embeddable":true,"href":"https:\/\/kohenavocats.com\/zh-hans\/wp-json\/wp\/v2\/media\/4691"}],"wp:attachment":[{"href":"https:\/\/kohenavocats.com\/zh-hans\/wp-json\/wp\/v2\/media?parent=668855"}],"wp:term":[{"taxonomy":"category","embeddable":true,"href":"https:\/\/kohenavocats.com\/zh-hans\/wp-json\/wp\/v2\/categories?post=668855"},{"taxonomy":"post_tag","embeddable":true,"href":"https:\/\/kohenavocats.com\/zh-hans\/wp-json\/wp\/v2\/tags?post=668855"}],"curies":[{"name":"wp","href":"https:\/\/api.w.org\/{rel}","templated":true}]}}