{"id":668875,"date":"2026-04-24T05:31:04","date_gmt":"2026-04-24T03:31:04","guid":{"rendered":"https:\/\/kohenavocats.com\/tribunal-judiciaire-de-poitiers-le-19-septembre-2025-n24-00846\/"},"modified":"2026-04-24T05:31:04","modified_gmt":"2026-04-24T03:31:04","slug":"tribunal-judiciaire-de-poitiers-le-19-septembre-2025-n24-00846","status":"publish","type":"post","link":"https:\/\/kohenavocats.com\/zh-hans\/tribunal-judiciaire-de-poitiers-le-19-septembre-2025-n24-00846\/","title":{"rendered":"Tribunal judiciaire de Poitiers, le 19 septembre 2025, n\u00b024\/00846"},"content":{"rendered":"<div class=\"article-content\">\n<p>Le juge des contentieux de la protection, statuant par jugement r\u00e9put\u00e9 contradictoire, a examin\u00e9 une action en paiement relative \u00e0 un cr\u00e9dit \u00e0 la consommation. L&#8217;organisme pr\u00eateur sollicitait le remboursement du capital restant d\u00fb apr\u00e8s d\u00e9faut de paiement de l&#8217;emprunteur. Le juge a d&#8217;abord v\u00e9rifi\u00e9 la recevabilit\u00e9 de l&#8217;action au regard du d\u00e9lai de forclusion, avant de statuer sur le fond de la demande. La solution retenue prononce la d\u00e9ch\u00e9ance du droit aux int\u00e9r\u00eats conventionnels pour le cr\u00e9ancier et limite la condamnation au seul capital.<\/p>\n<p>La sanction du d\u00e9faut de consultation du FICP<\/p>\n<p>L&#8217;exigence probatoire et la rigueur de son contr\u00f4le<\/p>\n<p>Le juge a soulev\u00e9 d&#8217;office l&#8217;absence de preuve du respect d&#8217;une obligation pr\u00e9contractuelle essentielle. Il rel\u00e8ve que &#8220;la preuve du respect de l&#8217;article L312-16 du code de la consommation n&#8217;est pas rapport\u00e9e en ce que le demandeur ne produit pas le relev\u00e9 de consultation du Fichier national des incidents de remboursement des cr\u00e9dits aux particuliers&#8221; (Sur la demande en paiement). Cette exigence formelle est syst\u00e9matiquement appliqu\u00e9e par les juridictions pour prot\u00e9ger l&#8217;emprunteur. Une jurisprudence constante confirme cette approche, comme l&#8217;illustre une d\u00e9cision notant qu'&#8221;en l&#8217;esp\u00e8ce, la SA FRANFINANCE ne produit pas le justificatif de la consultation du FICP pour chacun des d\u00e9biteurs pr\u00e9alablement \u00e0 la conclusion du contrat de cr\u00e9dit, alors qu&#8217;il s&#8217;agit d&#8217;une obligation essentielle de l&#8217;organisme financier&#8221; (Tribunal judiciaire de Versailles, le 15 avril 2025, n\u00b024\/00561). Le contr\u00f4le est donc strict et la charge de la preuve incombe enti\u00e8rement au pr\u00eateur.<\/p>\n<p>La port\u00e9e r\u00e9troactive de la d\u00e9ch\u00e9ance prononc\u00e9e<\/p>\n<p>La sanction affecte les conditions de formation du contrat, justifiant son effet r\u00e9troactif. Le juge pr\u00e9cise que &#8220;la d\u00e9ch\u00e9ance du droit aux int\u00e9r\u00eats s&#8217;applique \u00e0 compter de la conclusion du contrat, l&#8217;irr\u00e9gularit\u00e9 sanctionn\u00e9e affectant les conditions de sa formation&#8221; (Sur la demande en paiement). Cette r\u00e9troactivit\u00e9 an\u00e9antit pour le pass\u00e9 tout droit du cr\u00e9ancier \u00e0 percevoir des int\u00e9r\u00eats conventionnels. Elle renforce le caract\u00e8re dissuasif de la sanction en privant le pr\u00eateur de la contrepartie financi\u00e8re principale de son engagement. Cette solution est coh\u00e9rente avec l&#8217;objectif de protection du consommateur, en le lib\u00e9rant du poids d&#8217;int\u00e9r\u00eats per\u00e7us sur un contrat irr\u00e9guli\u00e8rement form\u00e9.<\/p>\n<p>Les modalit\u00e9s d&#8217;ex\u00e9cution de la d\u00e9cision<\/p>\n<p>La liquidation de la cr\u00e9ance et la neutralisation des int\u00e9r\u00eats<\/p>\n<p>La condamnation est strictement limit\u00e9e au capital restant d\u00fb, recalcul\u00e9 apr\u00e8s d\u00e9duction des sommes vers\u00e9es. Le juge en d\u00e9duit que &#8220;le d\u00e9biteur n&#8217;est tenu qu&#8217;au remboursement du seul capital restant d\u00fb, apr\u00e8s d\u00e9duction de tous les paiements r\u00e9alis\u00e9s \u00e0 quelque titre que ce soit&#8221; (Sur la demande en paiement). Les int\u00e9r\u00eats conventionnels sont exclus, et les int\u00e9r\u00eats l\u00e9gaux de retard sont am\u00e9nag\u00e9s. Le juge temp\u00e8re leur r\u00e9gime &#8220;afin d&#8217;assurer l&#8217;effectivit\u00e9 et le caract\u00e8re dissuasif de la sanction&#8221;, en les plafonnant et en les rendant non majorables (Sur la demande en paiement). Cet am\u00e9nagement vise \u00e0 \u00e9viter que le cr\u00e9ancier ne retrouve, par le biais d&#8217;int\u00e9r\u00eats l\u00e9gaux \u00e9lev\u00e9s, un avantage \u00e9quivalent \u00e0 celui dont il a \u00e9t\u00e9 d\u00e9chu.<\/p>\n<p>La gestion proc\u00e9durale des demandes accessoires<\/p>\n<p>Le juge op\u00e8re une r\u00e9partition \u00e9quilibr\u00e9e des frais et d\u00e9pens de l&#8217;instance. La partie perdante est condamn\u00e9e aux d\u00e9pens, conform\u00e9ment au principe g\u00e9n\u00e9ral. En revanche, il est fait une application mesur\u00e9e de l&#8217;article 700 du code de proc\u00e9dure civile. Le juge estime que &#8220;la situation \u00e9conomique respective des parties justifie de ne pas faire application&#8221; de cette disposition (Sur les demandes accessoires). Cette d\u00e9cision \u00e9vite d&#8217;alourdir la charge financi\u00e8re de l&#8217;emprunteur, d\u00e9j\u00e0 condamn\u00e9 au remboursement du capital. Elle t\u00e9moigne d&#8217;une appr\u00e9ciation in concreto des cons\u00e9quences de la d\u00e9cision, dans le souci d&#8217;une \u00e9quit\u00e9 pratique.<\/p>\n<\/div>\n","protected":false},"excerpt":{"rendered":"<p>Le juge des contentieux de la protection, statuant par jugement r\u00e9put\u00e9 contradictoire, a examin\u00e9 une action en paiement relative \u00e0 un cr\u00e9dit \u00e0 la consommatio&#8230;<\/p>\n","protected":false},"author":232070755,"featured_media":9492,"comment_status":"open","ping_status":"open","sticky":false,"template":"","format":"standard","meta":{"_crdt_document":"","_jetpack_newsletter_access":"","_jetpack_dont_email_post_to_subs":false,"_jetpack_newsletter_tier_id":0,"_jetpack_memberships_contains_paywalled_content":false,"_jetpack_memberships_contains_paid_content":false,"footnotes":"","jetpack_post_was_ever_published":false},"categories":[7597],"tags":[],"class_list":["post-668875","post","type-post","status-publish","format-standard","has-post-thumbnail","hentry","category-jurisprudence"],"yoast_head":"<!-- This site is optimized with the Yoast SEO Premium plugin v27.4 (Yoast SEO v27.4) - https:\/\/yoast.com\/product\/yoast-seo-premium-wordpress\/ -->\n<title>Tribunal judiciaire de Poitiers, le 19 septembre 2025, n\u00b024\/00846 - Ma\u00eetre Hassan Kohen, avocat en droit p\u00e9nal \u00e0 Paris<\/title>\n<meta name=\"description\" content=\"Le juge des contentieux de la protection, statuant par jugement r\u00e9put\u00e9 contradictoire, a examin\u00e9 une action en paiement relative \u00e0 un cr\u00e9dit \u00e0 la consommatio...\" \/>\n<meta name=\"robots\" content=\"index, follow, max-snippet:-1, max-image-preview:large, max-video-preview:-1\" \/>\n<link rel=\"canonical\" href=\"https:\/\/kohenavocats.com\/zh-hans\/tribunal-judiciaire-de-poitiers-le-19-septembre-2025-n24-00846\/\" \/>\n<meta property=\"og:locale\" content=\"zh_CN\" \/>\n<meta property=\"og:type\" content=\"article\" \/>\n<meta property=\"og:title\" content=\"Tribunal judiciaire de Poitiers, le 19 septembre 2025, n\u00b024\/00846\" \/>\n<meta property=\"og:description\" content=\"Le juge des contentieux de la protection, statuant par jugement r\u00e9put\u00e9 contradictoire, a examin\u00e9 une action en paiement relative \u00e0 un cr\u00e9dit \u00e0 la consommatio...\" \/>\n<meta property=\"og:url\" content=\"https:\/\/kohenavocats.com\/zh-hans\/tribunal-judiciaire-de-poitiers-le-19-septembre-2025-n24-00846\/\" \/>\n<meta property=\"og:site_name\" content=\"Ma\u00eetre Hassan Kohen, avocat en droit p\u00e9nal \u00e0 Paris\" \/>\n<meta property=\"article:published_time\" content=\"2026-04-24T03:31:04+00:00\" \/>\n<meta property=\"og:image\" content=\"https:\/\/kohenavocats.com\/wp-content\/uploads\/2024\/11\/planet-volumes-3eXgkMpE-pQ-unsplash.webp\" \/>\n\t<meta property=\"og:image:width\" content=\"2200\" \/>\n\t<meta property=\"og:image:height\" content=\"3500\" \/>\n\t<meta property=\"og:image:type\" content=\"image\/webp\" \/>\n<meta name=\"author\" content=\"Kohen\" \/>\n<meta name=\"twitter:card\" content=\"summary_large_image\" \/>\n<meta name=\"twitter:label1\" content=\"\u4f5c\u8005\" \/>\n\t<meta name=\"twitter:data1\" content=\"Kohen\" \/>\n\t<meta name=\"twitter:label2\" content=\"\u9884\u8ba1\u9605\u8bfb\u65f6\u95f4\" \/>\n\t<meta name=\"twitter:data2\" content=\"3 \u5206\" \/>\n<script type=\"application\/ld+json\" class=\"yoast-schema-graph\">{\"@context\":\"https:\\\/\\\/schema.org\",\"@graph\":[{\"@type\":\"Article\",\"@id\":\"https:\\\/\\\/kohenavocats.com\\\/zh-hans\\\/tribunal-judiciaire-de-poitiers-le-19-septembre-2025-n24-00846\\\/#article\",\"isPartOf\":{\"@id\":\"https:\\\/\\\/kohenavocats.com\\\/zh-hans\\\/tribunal-judiciaire-de-poitiers-le-19-septembre-2025-n24-00846\\\/\"},\"author\":{\"name\":\"Kohen\",\"@id\":\"https:\\\/\\\/kohenavocats.com\\\/zh-hans\\\/#\\\/schema\\\/person\\\/761c9ba54fa1ca84d405cef0831ff751\"},\"headline\":\"Tribunal judiciaire de Poitiers, le 19 septembre 2025, n\u00b024\\\/00846\",\"datePublished\":\"2026-04-24T03:31:04+00:00\",\"mainEntityOfPage\":{\"@id\":\"https:\\\/\\\/kohenavocats.com\\\/zh-hans\\\/tribunal-judiciaire-de-poitiers-le-19-septembre-2025-n24-00846\\\/\"},\"wordCount\":725,\"commentCount\":0,\"publisher\":{\"@id\":\"https:\\\/\\\/kohenavocats.com\\\/zh-hans\\\/#organization\"},\"image\":{\"@id\":\"https:\\\/\\\/kohenavocats.com\\\/zh-hans\\\/tribunal-judiciaire-de-poitiers-le-19-septembre-2025-n24-00846\\\/#primaryimage\"},\"thumbnailUrl\":\"https:\\\/\\\/kohenavocats.com\\\/wp-content\\\/uploads\\\/2024\\\/11\\\/planet-volumes-3eXgkMpE-pQ-unsplash.webp\",\"articleSection\":[\"Jurisprudence\"],\"inLanguage\":\"zh-Hans\",\"potentialAction\":[{\"@type\":\"CommentAction\",\"name\":\"Comment\",\"target\":[\"https:\\\/\\\/kohenavocats.com\\\/zh-hans\\\/tribunal-judiciaire-de-poitiers-le-19-septembre-2025-n24-00846\\\/#respond\"]}],\"citation\":\"Tribunal judiciaire de Poitiers, le 19 septembre 2025, n\u00b024\\\/00846\",\"about\":[{\"@type\":\"Thing\",\"name\":\"Jurisprudence\"}],\"dateModified\":\"2026-04-24T03:31:04+00:00\",\"speakable\":{\"@type\":\"SpeakableSpecification\",\"cssSelector\":[\".article-content > p:first-of-type\"]}},{\"@type\":\"WebPage\",\"@id\":\"https:\\\/\\\/kohenavocats.com\\\/zh-hans\\\/tribunal-judiciaire-de-poitiers-le-19-septembre-2025-n24-00846\\\/\",\"url\":\"https:\\\/\\\/kohenavocats.com\\\/zh-hans\\\/tribunal-judiciaire-de-poitiers-le-19-septembre-2025-n24-00846\\\/\",\"name\":\"Tribunal judiciaire de Poitiers, le 19 septembre 2025, n\u00b024\\\/00846 - Ma\u00eetre Hassan Kohen, avocat en droit p\u00e9nal \u00e0 Paris\",\"isPartOf\":{\"@id\":\"https:\\\/\\\/kohenavocats.com\\\/zh-hans\\\/#website\"},\"primaryImageOfPage\":{\"@id\":\"https:\\\/\\\/kohenavocats.com\\\/zh-hans\\\/tribunal-judiciaire-de-poitiers-le-19-septembre-2025-n24-00846\\\/#primaryimage\"},\"image\":{\"@id\":\"https:\\\/\\\/kohenavocats.com\\\/zh-hans\\\/tribunal-judiciaire-de-poitiers-le-19-septembre-2025-n24-00846\\\/#primaryimage\"},\"thumbnailUrl\":\"https:\\\/\\\/kohenavocats.com\\\/wp-content\\\/uploads\\\/2024\\\/11\\\/planet-volumes-3eXgkMpE-pQ-unsplash.webp\",\"datePublished\":\"2026-04-24T03:31:04+00:00\",\"description\":\"Le juge des contentieux de la protection, statuant par jugement r\u00e9put\u00e9 contradictoire, a examin\u00e9 une action en paiement relative \u00e0 un cr\u00e9dit \u00e0 la consommatio...\",\"breadcrumb\":{\"@id\":\"https:\\\/\\\/kohenavocats.com\\\/zh-hans\\\/tribunal-judiciaire-de-poitiers-le-19-septembre-2025-n24-00846\\\/#breadcrumb\"},\"inLanguage\":\"zh-Hans\",\"potentialAction\":[{\"@type\":\"ReadAction\",\"target\":[\"https:\\\/\\\/kohenavocats.com\\\/zh-hans\\\/tribunal-judiciaire-de-poitiers-le-19-septembre-2025-n24-00846\\\/\"]}]},{\"@type\":\"ImageObject\",\"inLanguage\":\"zh-Hans\",\"@id\":\"https:\\\/\\\/kohenavocats.com\\\/zh-hans\\\/tribunal-judiciaire-de-poitiers-le-19-septembre-2025-n24-00846\\\/#primaryimage\",\"url\":\"https:\\\/\\\/kohenavocats.com\\\/wp-content\\\/uploads\\\/2024\\\/11\\\/planet-volumes-3eXgkMpE-pQ-unsplash.webp\",\"contentUrl\":\"https:\\\/\\\/kohenavocats.com\\\/wp-content\\\/uploads\\\/2024\\\/11\\\/planet-volumes-3eXgkMpE-pQ-unsplash.webp\",\"width\":2200,\"height\":3500},{\"@type\":\"BreadcrumbList\",\"@id\":\"https:\\\/\\\/kohenavocats.com\\\/zh-hans\\\/tribunal-judiciaire-de-poitiers-le-19-septembre-2025-n24-00846\\\/#breadcrumb\",\"itemListElement\":[{\"@type\":\"ListItem\",\"position\":1,\"name\":\"Home\",\"item\":\"https:\\\/\\\/kohenavocats.com\\\/zh-hans\\\/\"},{\"@type\":\"ListItem\",\"position\":2,\"name\":\"Tribunal judiciaire de Poitiers, le 19 septembre 2025, n\u00b024\\\/00846\"}]},{\"@type\":\"WebSite\",\"@id\":\"https:\\\/\\\/kohenavocats.com\\\/zh-hans\\\/#website\",\"url\":\"https:\\\/\\\/kohenavocats.com\\\/zh-hans\\\/\",\"name\":\"Kohen Avocats\",\"description\":\"Ma\u00eetre Hassan Kohen, avocat p\u00e9naliste \u00e0 Paris, intervient exclusivement en droit p\u00e9nal pour la d\u00e9fense des particuliers, notamment en mati\u00e8re d\u2019accusations de viol. Il assure un accompagnement rigoureux d\u00e8s la garde \u00e0 vue jusqu\u2019\u00e0 la Cour d\u2019assises, veillant au strict respect des garanties proc\u00e9durales.\",\"publisher\":{\"@id\":\"https:\\\/\\\/kohenavocats.com\\\/zh-hans\\\/#organization\"},\"potentialAction\":[{\"@type\":\"SearchAction\",\"target\":{\"@type\":\"EntryPoint\",\"urlTemplate\":\"https:\\\/\\\/kohenavocats.com\\\/zh-hans\\\/?s={search_term_string}\"},\"query-input\":{\"@type\":\"PropertyValueSpecification\",\"valueRequired\":true,\"valueName\":\"search_term_string\"}}],\"inLanguage\":\"zh-Hans\"},{\"@type\":\"Organization\",\"@id\":\"https:\\\/\\\/kohenavocats.com\\\/zh-hans\\\/#organization\",\"name\":\"Kohen Avocats\",\"url\":\"https:\\\/\\\/kohenavocats.com\\\/zh-hans\\\/\",\"logo\":{\"@type\":\"ImageObject\",\"inLanguage\":\"zh-Hans\",\"@id\":\"https:\\\/\\\/kohenavocats.com\\\/zh-hans\\\/#\\\/schema\\\/logo\\\/image\\\/\",\"url\":\"https:\\\/\\\/kohenavocats.com\\\/wp-content\\\/uploads\\\/2026\\\/01\\\/Logo-2-1.webp\",\"contentUrl\":\"https:\\\/\\\/kohenavocats.com\\\/wp-content\\\/uploads\\\/2026\\\/01\\\/Logo-2-1.webp\",\"width\":2114,\"height\":1253,\"caption\":\"Kohen Avocats\"},\"image\":{\"@id\":\"https:\\\/\\\/kohenavocats.com\\\/zh-hans\\\/#\\\/schema\\\/logo\\\/image\\\/\"}},{\"@type\":\"Person\",\"@id\":\"https:\\\/\\\/kohenavocats.com\\\/zh-hans\\\/#\\\/schema\\\/person\\\/761c9ba54fa1ca84d405cef0831ff751\",\"name\":\"Kohen\",\"image\":{\"@type\":\"ImageObject\",\"inLanguage\":\"zh-Hans\",\"@id\":\"https:\\\/\\\/secure.gravatar.com\\\/avatar\\\/1c5e76ef76bbbfdd2b4da984e2bf2fa4056fd51a27d25ce2c332047f1dfd6e00?s=96&d=identicon&r=g\",\"url\":\"https:\\\/\\\/secure.gravatar.com\\\/avatar\\\/1c5e76ef76bbbfdd2b4da984e2bf2fa4056fd51a27d25ce2c332047f1dfd6e00?s=96&d=identicon&r=g\",\"contentUrl\":\"https:\\\/\\\/secure.gravatar.com\\\/avatar\\\/1c5e76ef76bbbfdd2b4da984e2bf2fa4056fd51a27d25ce2c332047f1dfd6e00?s=96&d=identicon&r=g\",\"caption\":\"Kohen\"},\"sameAs\":[\"https:\\\/\\\/www.linkedin.com\\\/in\\\/hassan-kohen-448548192\\\/\",\"https:\\\/\\\/www.youtube.com\\\/@Kohen-Avocats\"],\"url\":\"https:\\\/\\\/kohenavocats.com\\\/zh-hans\\\/author\\\/kohenmlk\\\/\"}]}<\/script>\n<!-- \/ Yoast SEO Premium plugin. -->","yoast_head_json":{"title":"Tribunal judiciaire de Poitiers, le 19 septembre 2025, n\u00b024\/00846 - Ma\u00eetre Hassan Kohen, avocat en droit p\u00e9nal \u00e0 Paris","description":"Le juge des contentieux de la protection, statuant par jugement r\u00e9put\u00e9 contradictoire, a examin\u00e9 une action en paiement relative \u00e0 un cr\u00e9dit \u00e0 la consommatio...","robots":{"index":"index","follow":"follow","max-snippet":"max-snippet:-1","max-image-preview":"max-image-preview:large","max-video-preview":"max-video-preview:-1"},"canonical":"https:\/\/kohenavocats.com\/zh-hans\/tribunal-judiciaire-de-poitiers-le-19-septembre-2025-n24-00846\/","og_locale":"zh_CN","og_type":"article","og_title":"Tribunal judiciaire de Poitiers, le 19 septembre 2025, n\u00b024\/00846","og_description":"Le juge des contentieux de la protection, statuant par jugement r\u00e9put\u00e9 contradictoire, a examin\u00e9 une action en paiement relative \u00e0 un cr\u00e9dit \u00e0 la consommatio...","og_url":"https:\/\/kohenavocats.com\/zh-hans\/tribunal-judiciaire-de-poitiers-le-19-septembre-2025-n24-00846\/","og_site_name":"Ma\u00eetre Hassan Kohen, avocat en droit p\u00e9nal \u00e0 Paris","article_published_time":"2026-04-24T03:31:04+00:00","og_image":[{"width":2200,"height":3500,"url":"https:\/\/kohenavocats.com\/wp-content\/uploads\/2024\/11\/planet-volumes-3eXgkMpE-pQ-unsplash.webp","type":"image\/webp"}],"author":"Kohen","twitter_card":"summary_large_image","twitter_misc":{"\u4f5c\u8005":"Kohen","\u9884\u8ba1\u9605\u8bfb\u65f6\u95f4":"3 \u5206"},"schema":{"@context":"https:\/\/schema.org","@graph":[{"@type":"Article","@id":"https:\/\/kohenavocats.com\/zh-hans\/tribunal-judiciaire-de-poitiers-le-19-septembre-2025-n24-00846\/#article","isPartOf":{"@id":"https:\/\/kohenavocats.com\/zh-hans\/tribunal-judiciaire-de-poitiers-le-19-septembre-2025-n24-00846\/"},"author":{"name":"Kohen","@id":"https:\/\/kohenavocats.com\/zh-hans\/#\/schema\/person\/761c9ba54fa1ca84d405cef0831ff751"},"headline":"Tribunal judiciaire de Poitiers, le 19 septembre 2025, n\u00b024\/00846","datePublished":"2026-04-24T03:31:04+00:00","mainEntityOfPage":{"@id":"https:\/\/kohenavocats.com\/zh-hans\/tribunal-judiciaire-de-poitiers-le-19-septembre-2025-n24-00846\/"},"wordCount":725,"commentCount":0,"publisher":{"@id":"https:\/\/kohenavocats.com\/zh-hans\/#organization"},"image":{"@id":"https:\/\/kohenavocats.com\/zh-hans\/tribunal-judiciaire-de-poitiers-le-19-septembre-2025-n24-00846\/#primaryimage"},"thumbnailUrl":"https:\/\/kohenavocats.com\/wp-content\/uploads\/2024\/11\/planet-volumes-3eXgkMpE-pQ-unsplash.webp","articleSection":["Jurisprudence"],"inLanguage":"zh-Hans","potentialAction":[{"@type":"CommentAction","name":"Comment","target":["https:\/\/kohenavocats.com\/zh-hans\/tribunal-judiciaire-de-poitiers-le-19-septembre-2025-n24-00846\/#respond"]}],"citation":"Tribunal judiciaire de Poitiers, le 19 septembre 2025, n\u00b024\/00846","about":[{"@type":"Thing","name":"Jurisprudence"}],"dateModified":"2026-04-24T03:31:04+00:00","speakable":{"@type":"SpeakableSpecification","cssSelector":[".article-content > p:first-of-type"]}},{"@type":"WebPage","@id":"https:\/\/kohenavocats.com\/zh-hans\/tribunal-judiciaire-de-poitiers-le-19-septembre-2025-n24-00846\/","url":"https:\/\/kohenavocats.com\/zh-hans\/tribunal-judiciaire-de-poitiers-le-19-septembre-2025-n24-00846\/","name":"Tribunal judiciaire de Poitiers, le 19 septembre 2025, n\u00b024\/00846 - Ma\u00eetre Hassan Kohen, avocat en droit p\u00e9nal \u00e0 Paris","isPartOf":{"@id":"https:\/\/kohenavocats.com\/zh-hans\/#website"},"primaryImageOfPage":{"@id":"https:\/\/kohenavocats.com\/zh-hans\/tribunal-judiciaire-de-poitiers-le-19-septembre-2025-n24-00846\/#primaryimage"},"image":{"@id":"https:\/\/kohenavocats.com\/zh-hans\/tribunal-judiciaire-de-poitiers-le-19-septembre-2025-n24-00846\/#primaryimage"},"thumbnailUrl":"https:\/\/kohenavocats.com\/wp-content\/uploads\/2024\/11\/planet-volumes-3eXgkMpE-pQ-unsplash.webp","datePublished":"2026-04-24T03:31:04+00:00","description":"Le juge des contentieux de la protection, statuant par jugement r\u00e9put\u00e9 contradictoire, a examin\u00e9 une action en paiement relative \u00e0 un cr\u00e9dit \u00e0 la consommatio...","breadcrumb":{"@id":"https:\/\/kohenavocats.com\/zh-hans\/tribunal-judiciaire-de-poitiers-le-19-septembre-2025-n24-00846\/#breadcrumb"},"inLanguage":"zh-Hans","potentialAction":[{"@type":"ReadAction","target":["https:\/\/kohenavocats.com\/zh-hans\/tribunal-judiciaire-de-poitiers-le-19-septembre-2025-n24-00846\/"]}]},{"@type":"ImageObject","inLanguage":"zh-Hans","@id":"https:\/\/kohenavocats.com\/zh-hans\/tribunal-judiciaire-de-poitiers-le-19-septembre-2025-n24-00846\/#primaryimage","url":"https:\/\/kohenavocats.com\/wp-content\/uploads\/2024\/11\/planet-volumes-3eXgkMpE-pQ-unsplash.webp","contentUrl":"https:\/\/kohenavocats.com\/wp-content\/uploads\/2024\/11\/planet-volumes-3eXgkMpE-pQ-unsplash.webp","width":2200,"height":3500},{"@type":"BreadcrumbList","@id":"https:\/\/kohenavocats.com\/zh-hans\/tribunal-judiciaire-de-poitiers-le-19-septembre-2025-n24-00846\/#breadcrumb","itemListElement":[{"@type":"ListItem","position":1,"name":"Home","item":"https:\/\/kohenavocats.com\/zh-hans\/"},{"@type":"ListItem","position":2,"name":"Tribunal judiciaire de Poitiers, le 19 septembre 2025, n\u00b024\/00846"}]},{"@type":"WebSite","@id":"https:\/\/kohenavocats.com\/zh-hans\/#website","url":"https:\/\/kohenavocats.com\/zh-hans\/","name":"Kohen Avocats","description":"Ma\u00eetre Hassan Kohen, avocat p\u00e9naliste \u00e0 Paris, intervient exclusivement en droit p\u00e9nal pour la d\u00e9fense des particuliers, notamment en mati\u00e8re d\u2019accusations de viol. Il assure un accompagnement rigoureux d\u00e8s la garde \u00e0 vue jusqu\u2019\u00e0 la Cour d\u2019assises, veillant au strict respect des garanties proc\u00e9durales.","publisher":{"@id":"https:\/\/kohenavocats.com\/zh-hans\/#organization"},"potentialAction":[{"@type":"SearchAction","target":{"@type":"EntryPoint","urlTemplate":"https:\/\/kohenavocats.com\/zh-hans\/?s={search_term_string}"},"query-input":{"@type":"PropertyValueSpecification","valueRequired":true,"valueName":"search_term_string"}}],"inLanguage":"zh-Hans"},{"@type":"Organization","@id":"https:\/\/kohenavocats.com\/zh-hans\/#organization","name":"Kohen Avocats","url":"https:\/\/kohenavocats.com\/zh-hans\/","logo":{"@type":"ImageObject","inLanguage":"zh-Hans","@id":"https:\/\/kohenavocats.com\/zh-hans\/#\/schema\/logo\/image\/","url":"https:\/\/kohenavocats.com\/wp-content\/uploads\/2026\/01\/Logo-2-1.webp","contentUrl":"https:\/\/kohenavocats.com\/wp-content\/uploads\/2026\/01\/Logo-2-1.webp","width":2114,"height":1253,"caption":"Kohen Avocats"},"image":{"@id":"https:\/\/kohenavocats.com\/zh-hans\/#\/schema\/logo\/image\/"}},{"@type":"Person","@id":"https:\/\/kohenavocats.com\/zh-hans\/#\/schema\/person\/761c9ba54fa1ca84d405cef0831ff751","name":"Kohen","image":{"@type":"ImageObject","inLanguage":"zh-Hans","@id":"https:\/\/secure.gravatar.com\/avatar\/1c5e76ef76bbbfdd2b4da984e2bf2fa4056fd51a27d25ce2c332047f1dfd6e00?s=96&d=identicon&r=g","url":"https:\/\/secure.gravatar.com\/avatar\/1c5e76ef76bbbfdd2b4da984e2bf2fa4056fd51a27d25ce2c332047f1dfd6e00?s=96&d=identicon&r=g","contentUrl":"https:\/\/secure.gravatar.com\/avatar\/1c5e76ef76bbbfdd2b4da984e2bf2fa4056fd51a27d25ce2c332047f1dfd6e00?s=96&d=identicon&r=g","caption":"Kohen"},"sameAs":["https:\/\/www.linkedin.com\/in\/hassan-kohen-448548192\/","https:\/\/www.youtube.com\/@Kohen-Avocats"],"url":"https:\/\/kohenavocats.com\/zh-hans\/author\/kohenmlk\/"}]}},"jetpack_featured_media_url":"https:\/\/kohenavocats.com\/wp-content\/uploads\/2024\/11\/planet-volumes-3eXgkMpE-pQ-unsplash.webp","jetpack_likes_enabled":false,"jetpack_shortlink":"https:\/\/wp.me\/peCrII-2O0j","jetpack-related-posts":[{"id":597783,"url":"https:\/\/kohenavocats.com\/zh-hans\/tribunal-judiciaire-de-saint-omer-le-4-decembre-2025-n25-00993\/","url_meta":{"origin":668875,"position":0},"title":"Tribunal judiciaire de Saint-Omer, le 4 d\u00e9cembre 2025, n\u00b025\/00993","author":"Kohen","date":"2026\u5e744\u670818\u65e5","format":false,"excerpt":"Le tribunal judiciaire de Saint-Omer, statuant en \u2026","rel":"","context":"\u5728\u201cJurisprudence\u201d\u4e2d","block_context":{"text":"Jurisprudence","link":"https:\/\/kohenavocats.com\/category\/jurisprudence\/"},"img":{"alt_text":"","src":"https:\/\/i0.wp.com\/kohenavocats.com\/wp-content\/uploads\/2024\/08\/louis-paulin-SYJrwRyI51E-unsplash.webp?resize=350%2C200&ssl=1","width":350,"height":200,"srcset":"https:\/\/i0.wp.com\/kohenavocats.com\/wp-content\/uploads\/2024\/08\/louis-paulin-SYJrwRyI51E-unsplash.webp?resize=350%2C200&ssl=1 1x, https:\/\/i0.wp.com\/kohenavocats.com\/wp-content\/uploads\/2024\/08\/louis-paulin-SYJrwRyI51E-unsplash.webp?resize=525%2C300&ssl=1 1.5x, https:\/\/i0.wp.com\/kohenavocats.com\/wp-content\/uploads\/2024\/08\/louis-paulin-SYJrwRyI51E-unsplash.webp?resize=700%2C400&ssl=1 2x, https:\/\/i0.wp.com\/kohenavocats.com\/wp-content\/uploads\/2024\/08\/louis-paulin-SYJrwRyI51E-unsplash.webp?resize=1050%2C600&ssl=1 3x, https:\/\/i0.wp.com\/kohenavocats.com\/wp-content\/uploads\/2024\/08\/louis-paulin-SYJrwRyI51E-unsplash.webp?resize=1400%2C800&ssl=1 4x"},"classes":[]},{"id":597784,"url":"https:\/\/kohenavocats.com\/zh-hans\/tribunal-judiciaire-de-boulogne-sur-mer-le-4-decembre-2025-n25-01428\/","url_meta":{"origin":668875,"position":1},"title":"Tribunal judiciaire de Boulogne-sur-Mer, le 4 d\u00e9cembre 2025, n\u00b025\/01428","author":"Kohen","date":"2026\u5e744\u670818\u65e5","format":false,"excerpt":"Le tribunal judiciaire, statuant en mati\u00e8re de con\u2026","rel":"","context":"\u5728\u201cJurisprudence\u201d\u4e2d","block_context":{"text":"Jurisprudence","link":"https:\/\/kohenavocats.com\/category\/jurisprudence\/"},"img":{"alt_text":"","src":"https:\/\/i0.wp.com\/kohenavocats.com\/wp-content\/uploads\/2024\/11\/kateryna-hliznitsova-cSf0iO7Txkw-unsplash.webp?resize=350%2C200&ssl=1","width":350,"height":200,"srcset":"https:\/\/i0.wp.com\/kohenavocats.com\/wp-content\/uploads\/2024\/11\/kateryna-hliznitsova-cSf0iO7Txkw-unsplash.webp?resize=350%2C200&ssl=1 1x, https:\/\/i0.wp.com\/kohenavocats.com\/wp-content\/uploads\/2024\/11\/kateryna-hliznitsova-cSf0iO7Txkw-unsplash.webp?resize=525%2C300&ssl=1 1.5x, https:\/\/i0.wp.com\/kohenavocats.com\/wp-content\/uploads\/2024\/11\/kateryna-hliznitsova-cSf0iO7Txkw-unsplash.webp?resize=700%2C400&ssl=1 2x, https:\/\/i0.wp.com\/kohenavocats.com\/wp-content\/uploads\/2024\/11\/kateryna-hliznitsova-cSf0iO7Txkw-unsplash.webp?resize=1050%2C600&ssl=1 3x, https:\/\/i0.wp.com\/kohenavocats.com\/wp-content\/uploads\/2024\/11\/kateryna-hliznitsova-cSf0iO7Txkw-unsplash.webp?resize=1400%2C800&ssl=1 4x"},"classes":[]},{"id":597791,"url":"https:\/\/kohenavocats.com\/zh-hans\/tribunal-judiciaire-de-libourne-le-4-decembre-2025-n24-01177\/","url_meta":{"origin":668875,"position":2},"title":"Tribunal judiciaire de Libourne, le 4 d\u00e9cembre 2025, n\u00b024\/01177","author":"Kohen","date":"2026\u5e744\u670818\u65e5","format":false,"excerpt":"Le tribunal judiciaire de Libourne, statuant le 4 \u2026","rel":"","context":"\u5728\u201cJurisprudence\u201d\u4e2d","block_context":{"text":"Jurisprudence","link":"https:\/\/kohenavocats.com\/category\/jurisprudence\/"},"img":{"alt_text":"","src":"https:\/\/i0.wp.com\/kohenavocats.com\/wp-content\/uploads\/2024\/07\/nathan-cima-L89SN03SJK8-unsplash.webp?resize=350%2C200&ssl=1","width":350,"height":200,"srcset":"https:\/\/i0.wp.com\/kohenavocats.com\/wp-content\/uploads\/2024\/07\/nathan-cima-L89SN03SJK8-unsplash.webp?resize=350%2C200&ssl=1 1x, https:\/\/i0.wp.com\/kohenavocats.com\/wp-content\/uploads\/2024\/07\/nathan-cima-L89SN03SJK8-unsplash.webp?resize=525%2C300&ssl=1 1.5x, https:\/\/i0.wp.com\/kohenavocats.com\/wp-content\/uploads\/2024\/07\/nathan-cima-L89SN03SJK8-unsplash.webp?resize=700%2C400&ssl=1 2x, https:\/\/i0.wp.com\/kohenavocats.com\/wp-content\/uploads\/2024\/07\/nathan-cima-L89SN03SJK8-unsplash.webp?resize=1050%2C600&ssl=1 3x, https:\/\/i0.wp.com\/kohenavocats.com\/wp-content\/uploads\/2024\/07\/nathan-cima-L89SN03SJK8-unsplash.webp?resize=1400%2C800&ssl=1 4x"},"classes":[]},{"id":597797,"url":"https:\/\/kohenavocats.com\/zh-hans\/tribunal-judiciaire-de-saint-denis-de-la-reunion-le-4-decembre-2025-n25-00491\/","url_meta":{"origin":668875,"position":3},"title":"Tribunal judiciaire de Saint-Denis de La R\u00e9union, le 4 d\u00e9cembre 2025, n\u00b025\/00491","author":"Kohen","date":"2026\u5e744\u670818\u65e5","format":false,"excerpt":"Le juge des contentieux de la protection, par juge\u2026","rel":"","context":"\u5728\u201cJurisprudence\u201d\u4e2d","block_context":{"text":"Jurisprudence","link":"https:\/\/kohenavocats.com\/category\/jurisprudence\/"},"img":{"alt_text":"","src":"https:\/\/i0.wp.com\/kohenavocats.com\/wp-content\/uploads\/2024\/11\/viktor-forgacs-DcHqAJ9o6pc-unsplash.webp?resize=350%2C200&ssl=1","width":350,"height":200,"srcset":"https:\/\/i0.wp.com\/kohenavocats.com\/wp-content\/uploads\/2024\/11\/viktor-forgacs-DcHqAJ9o6pc-unsplash.webp?resize=350%2C200&ssl=1 1x, https:\/\/i0.wp.com\/kohenavocats.com\/wp-content\/uploads\/2024\/11\/viktor-forgacs-DcHqAJ9o6pc-unsplash.webp?resize=525%2C300&ssl=1 1.5x, https:\/\/i0.wp.com\/kohenavocats.com\/wp-content\/uploads\/2024\/11\/viktor-forgacs-DcHqAJ9o6pc-unsplash.webp?resize=700%2C400&ssl=1 2x, https:\/\/i0.wp.com\/kohenavocats.com\/wp-content\/uploads\/2024\/11\/viktor-forgacs-DcHqAJ9o6pc-unsplash.webp?resize=1050%2C600&ssl=1 3x, https:\/\/i0.wp.com\/kohenavocats.com\/wp-content\/uploads\/2024\/11\/viktor-forgacs-DcHqAJ9o6pc-unsplash.webp?resize=1400%2C800&ssl=1 4x"},"classes":[]},{"id":597792,"url":"https:\/\/kohenavocats.com\/zh-hans\/tribunal-judiciaire-de-marseille-le-16-octobre-2025-n25-03799\/","url_meta":{"origin":668875,"position":4},"title":"Tribunal judiciaire de Marseille, le 16 octobre 2025, n\u00b025\/03799","author":"Kohen","date":"2026\u5e744\u670818\u65e5","format":false,"excerpt":"Le juge des contentieux de la protection, statuant\u2026","rel":"","context":"\u5728\u201cJurisprudence\u201d\u4e2d","block_context":{"text":"Jurisprudence","link":"https:\/\/kohenavocats.com\/category\/jurisprudence\/"},"img":{"alt_text":"","src":"https:\/\/i0.wp.com\/kohenavocats.com\/wp-content\/uploads\/2024\/08\/karla-caloca-2uGxst615P4-unsplash.webp?resize=350%2C200&ssl=1","width":350,"height":200,"srcset":"https:\/\/i0.wp.com\/kohenavocats.com\/wp-content\/uploads\/2024\/08\/karla-caloca-2uGxst615P4-unsplash.webp?resize=350%2C200&ssl=1 1x, https:\/\/i0.wp.com\/kohenavocats.com\/wp-content\/uploads\/2024\/08\/karla-caloca-2uGxst615P4-unsplash.webp?resize=525%2C300&ssl=1 1.5x, https:\/\/i0.wp.com\/kohenavocats.com\/wp-content\/uploads\/2024\/08\/karla-caloca-2uGxst615P4-unsplash.webp?resize=700%2C400&ssl=1 2x, https:\/\/i0.wp.com\/kohenavocats.com\/wp-content\/uploads\/2024\/08\/karla-caloca-2uGxst615P4-unsplash.webp?resize=1050%2C600&ssl=1 3x, https:\/\/i0.wp.com\/kohenavocats.com\/wp-content\/uploads\/2024\/08\/karla-caloca-2uGxst615P4-unsplash.webp?resize=1400%2C800&ssl=1 4x"},"classes":[]},{"id":597799,"url":"https:\/\/kohenavocats.com\/zh-hans\/tribunal-judiciaire-de-grenoble-le-4-decembre-2025-n25-01163\/","url_meta":{"origin":668875,"position":5},"title":"Tribunal judiciaire de Grenoble, le 4 d\u00e9cembre 2025, n\u00b025\/01163","author":"Kohen","date":"2026\u5e744\u670818\u65e5","format":false,"excerpt":"Le juge du contentieux de la protection, statuant \u2026","rel":"","context":"\u5728\u201cJurisprudence\u201d\u4e2d","block_context":{"text":"Jurisprudence","link":"https:\/\/kohenavocats.com\/category\/jurisprudence\/"},"img":{"alt_text":"","src":"https:\/\/i0.wp.com\/kohenavocats.com\/wp-content\/uploads\/2024\/11\/allison-saeng-nuZlzGsQ01M-unsplash.webp?resize=350%2C200&ssl=1","width":350,"height":200,"srcset":"https:\/\/i0.wp.com\/kohenavocats.com\/wp-content\/uploads\/2024\/11\/allison-saeng-nuZlzGsQ01M-unsplash.webp?resize=350%2C200&ssl=1 1x, https:\/\/i0.wp.com\/kohenavocats.com\/wp-content\/uploads\/2024\/11\/allison-saeng-nuZlzGsQ01M-unsplash.webp?resize=525%2C300&ssl=1 1.5x, https:\/\/i0.wp.com\/kohenavocats.com\/wp-content\/uploads\/2024\/11\/allison-saeng-nuZlzGsQ01M-unsplash.webp?resize=700%2C400&ssl=1 2x, https:\/\/i0.wp.com\/kohenavocats.com\/wp-content\/uploads\/2024\/11\/allison-saeng-nuZlzGsQ01M-unsplash.webp?resize=1050%2C600&ssl=1 3x, https:\/\/i0.wp.com\/kohenavocats.com\/wp-content\/uploads\/2024\/11\/allison-saeng-nuZlzGsQ01M-unsplash.webp?resize=1400%2C800&ssl=1 4x"},"classes":[]}],"jetpack_sharing_enabled":true,"_links":{"self":[{"href":"https:\/\/kohenavocats.com\/zh-hans\/wp-json\/wp\/v2\/posts\/668875","targetHints":{"allow":["GET"]}}],"collection":[{"href":"https:\/\/kohenavocats.com\/zh-hans\/wp-json\/wp\/v2\/posts"}],"about":[{"href":"https:\/\/kohenavocats.com\/zh-hans\/wp-json\/wp\/v2\/types\/post"}],"author":[{"embeddable":true,"href":"https:\/\/kohenavocats.com\/zh-hans\/wp-json\/wp\/v2\/users\/232070755"}],"replies":[{"embeddable":true,"href":"https:\/\/kohenavocats.com\/zh-hans\/wp-json\/wp\/v2\/comments?post=668875"}],"version-history":[{"count":0,"href":"https:\/\/kohenavocats.com\/zh-hans\/wp-json\/wp\/v2\/posts\/668875\/revisions"}],"wp:featuredmedia":[{"embeddable":true,"href":"https:\/\/kohenavocats.com\/zh-hans\/wp-json\/wp\/v2\/media\/9492"}],"wp:attachment":[{"href":"https:\/\/kohenavocats.com\/zh-hans\/wp-json\/wp\/v2\/media?parent=668875"}],"wp:term":[{"taxonomy":"category","embeddable":true,"href":"https:\/\/kohenavocats.com\/zh-hans\/wp-json\/wp\/v2\/categories?post=668875"},{"taxonomy":"post_tag","embeddable":true,"href":"https:\/\/kohenavocats.com\/zh-hans\/wp-json\/wp\/v2\/tags?post=668875"}],"curies":[{"name":"wp","href":"https:\/\/api.w.org\/{rel}","templated":true}]}}