{"id":668880,"date":"2026-04-24T05:31:44","date_gmt":"2026-04-24T03:31:44","guid":{"rendered":"https:\/\/kohenavocats.com\/tribunal-judiciaire-de-saint-denis-de-la-reunion-le-19-septembre-2025-n25-00774\/"},"modified":"2026-04-24T05:31:44","modified_gmt":"2026-04-24T03:31:44","slug":"tribunal-judiciaire-de-saint-denis-de-la-reunion-le-19-septembre-2025-n25-00774","status":"publish","type":"post","link":"https:\/\/kohenavocats.com\/zh-hans\/tribunal-judiciaire-de-saint-denis-de-la-reunion-le-19-septembre-2025-n25-00774\/","title":{"rendered":"Tribunal judiciaire de Saint-Denis de La R\u00e9union, le 19 septembre 2025, n\u00b025\/00774"},"content":{"rendered":"<div class=\"article-content\">\n<p>Le Tribunal judiciaire de Saint-Denis de La R\u00e9union, par ordonnance du juge de la mise en \u00e9tat en date du 19 septembre 2025, statue sur une demande d&#8217;expertise m\u00e9dicale. Les requ\u00e9rants contestent la d\u00e9cision d&#8217;une commission attribuant \u00e0 leur enfant un compl\u00e9ment d&#8217;allocation d&#8217;\u00e9ducation de l&#8217;enfant handicap\u00e9 de deuxi\u00e8me cat\u00e9gorie. Le juge ordonne une expertise afin d&#8217;\u00e9clairer les conditions d&#8217;octroi d&#8217;un compl\u00e9ment, conform\u00e9ment aux articles L. 541-1 et R. 541-1 du code de la s\u00e9curit\u00e9 sociale.<\/p>\n<p>L&#8217;encadrement proc\u00e9dural de l&#8217;expertise en mati\u00e8re sociale<\/p>\n<p>Le juge de la mise en \u00e9tat organise une mesure d&#8217;instruction diligent\u00e9e \u00e0 la demande des parties. Il d\u00e9finit pr\u00e9cis\u00e9ment la mission de l&#8217;expert conform\u00e9ment aux articles 263 et suivants du code de proc\u00e9dure civile. La mission est cadr\u00e9e temporellement, l&#8217;expert devant se placer \u00e0 la date de la demande initiale. Le juge impose \u00e9galement un dialogue contradictoire entre l&#8217;expert et les parties avant le rapport d\u00e9finitif. Cette proc\u00e9dure garantit le respect des droits de la d\u00e9fense et le principe du contradictoire. Elle assure une instruction compl\u00e8te et \u00e9quilibr\u00e9e avant le jugement au fond.<\/p>\n<p>La charge financi\u00e8re de l&#8217;expertise est support\u00e9e par l&#8217;organisme d\u00e9fendeur. Cette r\u00e8gle d\u00e9coule de l&#8217;article L. 142-11 du code de la s\u00e9curit\u00e9 sociale. Elle a pour effet de ne pas cr\u00e9er d&#8217;obstacle financier \u00e0 l&#8217;exercice du recours par les familles. Cette prise en charge syst\u00e9matique facilite l&#8217;acc\u00e8s au juge pour contester les d\u00e9cisions des commissions. Elle constitue une garantie essentielle pour un recours effectif en mati\u00e8re de prestations sociales.<\/p>\n<p>La recentration de l&#8217;expertise sur les crit\u00e8res l\u00e9gaux du compl\u00e9ment<\/p>\n<p>La mission de l&#8217;expert est strictement orient\u00e9e vers les conditions l\u00e9gales d&#8217;attribution. Le juge rappelle que le droit \u00e0 l&#8217;allocation de base est acquis du fait d&#8217;un taux d&#8217;incapacit\u00e9 suffisant. L&#8217;expert doit donc appr\u00e9cier si le handicap exige &#8220;des d\u00e9penses particuli\u00e8rement co\u00fbteuses&#8221;. Il doit aussi \u00e9valuer si celui-ci &#8220;induit une r\u00e9duction d&#8217;activit\u00e9 d&#8217;un de ses parents par rapport \u00e0 une activit\u00e9 \u00e0 temps plein ou le recours \u00e0 une tierce personne r\u00e9mun\u00e9r\u00e9e&#8221;. Cette formulation reprend et pr\u00e9cise les exigences l\u00e9gales pos\u00e9es par l&#8217;article L. 541-1.<\/p>\n<p>L&#8217;expert doit ainsi proc\u00e9der \u00e0 une double appr\u00e9ciation m\u00e9dico-\u00e9conomique et m\u00e9dico-sociale. Il doit identifier et quantifier les d\u00e9penses sp\u00e9cifiques engendr\u00e9es par le handicap. Parall\u00e8lement, il doit \u00e9valuer l&#8217;impact sur l&#8217;activit\u00e9 professionnelle des parents ou le besoin en aide humaine. Cette mission op\u00e9rationnalise le texte selon lequel &#8220;son montant varie suivant l&#8217;importance des d\u00e9penses suppl\u00e9mentaires engag\u00e9es ou la permanence de l&#8217;aide n\u00e9cessaire&#8221; (Cour d&#8217;appel de Pau, le 10 f\u00e9vrier 2026, n\u00b022\/03029). L&#8217;expertise vise \u00e0 objectiver ces \u00e9l\u00e9ments pour le juge du fond.<\/p>\n<p>Cette ordonnance illustre le r\u00f4le actif du juge dans l&#8217;instruction des litiges sociaux. Elle garantit une expertise cibl\u00e9e sur les seuls crit\u00e8res l\u00e9gaux contest\u00e9s. La proc\u00e9dure encadr\u00e9e assure l&#8217;\u00e9galit\u00e9 des armes entre la famille et l&#8217;administration. Enfin, elle confirme que la d\u00e9termination du compl\u00e9ment rel\u00e8ve d&#8217;une appr\u00e9ciation concr\u00e8te des cons\u00e9quences du handicap. Le futur rapport d&#8217;expert sera d\u00e9cisif pour le reclassement \u00e9ventuel de l&#8217;enfant dans une cat\u00e9gorie sup\u00e9rieure.<\/p>\n<\/div>\n","protected":false},"excerpt":{"rendered":"<p>Le Tribunal judiciaire de Saint-Denis de La R\u00e9union, par ordonnance du juge de la mise en \u00e9tat en date du 19 septembre 2025, statue sur une demande d&#8217;experti&#8230;<\/p>\n","protected":false},"author":232070755,"featured_media":9579,"comment_status":"open","ping_status":"open","sticky":false,"template":"","format":"standard","meta":{"_crdt_document":"","_jetpack_newsletter_access":"","_jetpack_dont_email_post_to_subs":false,"_jetpack_newsletter_tier_id":0,"_jetpack_memberships_contains_paywalled_content":false,"_kj_source_type":"judilibre","_kj_official_id":"68dd599d548223b2c7a72cad","_kj_official_url":"https:\/\/www.courdecassation.fr\/decision\/68dd599d548223b2c7a72cad","_kj_judilibre_id":"68dd599d548223b2c7a72cad","_kj_jur":"Tribunal judiciaire","_kj_lieu":"Tribunal judiciaire de Saint-Denis de La R\u00e9union","_kj_chambre":"CTX PROTECTION SOCIALE","_kj_rg":"25\/00774","_kj_date":"2025-09-19","_jetpack_memberships_contains_paid_content":false,"footnotes":"","jetpack_post_was_ever_published":false},"categories":[7597],"tags":[],"class_list":["post-668880","post","type-post","status-publish","format-standard","has-post-thumbnail","hentry","category-jurisprudence"],"yoast_head":"<!-- This site is optimized with the Yoast SEO Premium plugin v27.5 (Yoast SEO v27.5) - https:\/\/yoast.com\/product\/yoast-seo-premium-wordpress\/ -->\n<title>Tribunal judiciaire de Saint-Denis de La R\u00e9union, le 19 septembre 2025, n\u00b025\/00774 - Ma\u00eetre Hassan Kohen, avocat en droit p\u00e9nal \u00e0 Paris<\/title>\n<meta name=\"description\" content=\"Le Tribunal judiciaire de Saint-Denis de La R\u00e9union, par ordonnance du juge de la mise en \u00e9tat en date du 19 septembre 2025, statue sur une demande d&#039;experti...\" \/>\n<meta name=\"robots\" content=\"index, follow, max-snippet:-1, max-image-preview:large, max-video-preview:-1\" \/>\n<link rel=\"canonical\" href=\"https:\/\/kohenavocats.com\/zh-hans\/tribunal-judiciaire-de-saint-denis-de-la-reunion-le-19-septembre-2025-n25-00774\/\" \/>\n<meta property=\"og:locale\" content=\"zh_CN\" \/>\n<meta property=\"og:type\" content=\"article\" \/>\n<meta property=\"og:title\" content=\"Tribunal judiciaire de Saint-Denis de La R\u00e9union, le 19 septembre 2025, n\u00b025\/00774\" \/>\n<meta property=\"og:description\" content=\"Le Tribunal judiciaire de Saint-Denis de La R\u00e9union, par ordonnance du juge de la mise en \u00e9tat en date du 19 septembre 2025, statue sur une demande d&#039;experti...\" \/>\n<meta property=\"og:url\" content=\"https:\/\/kohenavocats.com\/zh-hans\/tribunal-judiciaire-de-saint-denis-de-la-reunion-le-19-septembre-2025-n25-00774\/\" \/>\n<meta property=\"og:site_name\" content=\"Ma\u00eetre Hassan Kohen, avocat en droit p\u00e9nal \u00e0 Paris\" \/>\n<meta property=\"article:published_time\" content=\"2026-04-24T03:31:44+00:00\" \/>\n<meta property=\"og:image\" content=\"https:\/\/kohenavocats.com\/wp-content\/uploads\/2024\/11\/getty-images-cjyN6d8hqio-unsplash.webp\" \/>\n\t<meta property=\"og:image:width\" content=\"4000\" \/>\n\t<meta property=\"og:image:height\" content=\"3000\" \/>\n\t<meta property=\"og:image:type\" content=\"image\/webp\" \/>\n<meta name=\"author\" content=\"Kohen\" \/>\n<meta name=\"twitter:card\" content=\"summary_large_image\" \/>\n<meta name=\"twitter:label1\" content=\"\u4f5c\u8005\" \/>\n\t<meta name=\"twitter:data1\" content=\"Kohen\" \/>\n\t<meta name=\"twitter:label2\" content=\"\u9884\u8ba1\u9605\u8bfb\u65f6\u95f4\" \/>\n\t<meta name=\"twitter:data2\" content=\"3 \u5206\" \/>\n<script type=\"application\/ld+json\" class=\"yoast-schema-graph\">{\"@context\":\"https:\\\/\\\/schema.org\",\"@graph\":[{\"@type\":\"Article\",\"@id\":\"https:\\\/\\\/kohenavocats.com\\\/zh-hans\\\/tribunal-judiciaire-de-saint-denis-de-la-reunion-le-19-septembre-2025-n25-00774\\\/#article\",\"isPartOf\":{\"@id\":\"https:\\\/\\\/kohenavocats.com\\\/zh-hans\\\/tribunal-judiciaire-de-saint-denis-de-la-reunion-le-19-septembre-2025-n25-00774\\\/\"},\"author\":{\"name\":\"Kohen\",\"@id\":\"https:\\\/\\\/kohenavocats.com\\\/zh-hans\\\/#\\\/schema\\\/person\\\/761c9ba54fa1ca84d405cef0831ff751\"},\"headline\":\"Tribunal judiciaire de Saint-Denis de La R\u00e9union, le 19 septembre 2025, n\u00b025\\\/00774\",\"datePublished\":\"2026-04-24T03:31:44+00:00\",\"mainEntityOfPage\":{\"@id\":\"https:\\\/\\\/kohenavocats.com\\\/zh-hans\\\/tribunal-judiciaire-de-saint-denis-de-la-reunion-le-19-septembre-2025-n25-00774\\\/\"},\"wordCount\":612,\"commentCount\":0,\"publisher\":{\"@id\":\"https:\\\/\\\/kohenavocats.com\\\/zh-hans\\\/#organization\"},\"image\":{\"@id\":\"https:\\\/\\\/kohenavocats.com\\\/zh-hans\\\/tribunal-judiciaire-de-saint-denis-de-la-reunion-le-19-septembre-2025-n25-00774\\\/#primaryimage\"},\"thumbnailUrl\":\"https:\\\/\\\/kohenavocats.com\\\/wp-content\\\/uploads\\\/2024\\\/11\\\/getty-images-cjyN6d8hqio-unsplash.webp\",\"articleSection\":[\"Jurisprudence\"],\"inLanguage\":\"zh-Hans\",\"potentialAction\":[{\"@type\":\"CommentAction\",\"name\":\"Comment\",\"target\":[\"https:\\\/\\\/kohenavocats.com\\\/zh-hans\\\/tribunal-judiciaire-de-saint-denis-de-la-reunion-le-19-septembre-2025-n25-00774\\\/#respond\"]}],\"citation\":\"Tribunal judiciaire de Saint-Denis de La R\u00e9union, le 19 septembre 2025, n\u00b025\\\/00774\",\"about\":[{\"@type\":\"Thing\",\"name\":\"Jurisprudence\"}],\"dateModified\":\"2026-04-24T03:31:44+00:00\",\"speakable\":{\"@type\":\"SpeakableSpecification\",\"cssSelector\":[\".article-content > p:first-of-type\"]}},{\"@type\":\"WebPage\",\"@id\":\"https:\\\/\\\/kohenavocats.com\\\/zh-hans\\\/tribunal-judiciaire-de-saint-denis-de-la-reunion-le-19-septembre-2025-n25-00774\\\/\",\"url\":\"https:\\\/\\\/kohenavocats.com\\\/zh-hans\\\/tribunal-judiciaire-de-saint-denis-de-la-reunion-le-19-septembre-2025-n25-00774\\\/\",\"name\":\"Tribunal judiciaire de Saint-Denis de La R\u00e9union, le 19 septembre 2025, n\u00b025\\\/00774 - Ma\u00eetre Hassan Kohen, avocat en droit p\u00e9nal \u00e0 Paris\",\"isPartOf\":{\"@id\":\"https:\\\/\\\/kohenavocats.com\\\/zh-hans\\\/#website\"},\"primaryImageOfPage\":{\"@id\":\"https:\\\/\\\/kohenavocats.com\\\/zh-hans\\\/tribunal-judiciaire-de-saint-denis-de-la-reunion-le-19-septembre-2025-n25-00774\\\/#primaryimage\"},\"image\":{\"@id\":\"https:\\\/\\\/kohenavocats.com\\\/zh-hans\\\/tribunal-judiciaire-de-saint-denis-de-la-reunion-le-19-septembre-2025-n25-00774\\\/#primaryimage\"},\"thumbnailUrl\":\"https:\\\/\\\/kohenavocats.com\\\/wp-content\\\/uploads\\\/2024\\\/11\\\/getty-images-cjyN6d8hqio-unsplash.webp\",\"datePublished\":\"2026-04-24T03:31:44+00:00\",\"description\":\"Le Tribunal judiciaire de Saint-Denis de La R\u00e9union, par ordonnance du juge de la mise en \u00e9tat en date du 19 septembre 2025, statue sur une demande d'experti...\",\"breadcrumb\":{\"@id\":\"https:\\\/\\\/kohenavocats.com\\\/zh-hans\\\/tribunal-judiciaire-de-saint-denis-de-la-reunion-le-19-septembre-2025-n25-00774\\\/#breadcrumb\"},\"inLanguage\":\"zh-Hans\",\"potentialAction\":[{\"@type\":\"ReadAction\",\"target\":[\"https:\\\/\\\/kohenavocats.com\\\/zh-hans\\\/tribunal-judiciaire-de-saint-denis-de-la-reunion-le-19-septembre-2025-n25-00774\\\/\"]}]},{\"@type\":\"ImageObject\",\"inLanguage\":\"zh-Hans\",\"@id\":\"https:\\\/\\\/kohenavocats.com\\\/zh-hans\\\/tribunal-judiciaire-de-saint-denis-de-la-reunion-le-19-septembre-2025-n25-00774\\\/#primaryimage\",\"url\":\"https:\\\/\\\/kohenavocats.com\\\/wp-content\\\/uploads\\\/2024\\\/11\\\/getty-images-cjyN6d8hqio-unsplash.webp\",\"contentUrl\":\"https:\\\/\\\/kohenavocats.com\\\/wp-content\\\/uploads\\\/2024\\\/11\\\/getty-images-cjyN6d8hqio-unsplash.webp\",\"width\":4000,\"height\":3000},{\"@type\":\"BreadcrumbList\",\"@id\":\"https:\\\/\\\/kohenavocats.com\\\/zh-hans\\\/tribunal-judiciaire-de-saint-denis-de-la-reunion-le-19-septembre-2025-n25-00774\\\/#breadcrumb\",\"itemListElement\":[{\"@type\":\"ListItem\",\"position\":1,\"name\":\"Home\",\"item\":\"https:\\\/\\\/kohenavocats.com\\\/zh-hans\\\/\"},{\"@type\":\"ListItem\",\"position\":2,\"name\":\"Tribunal judiciaire de Saint-Denis de La R\u00e9union, le 19 septembre 2025, n\u00b025\\\/00774\"}]},{\"@type\":\"WebSite\",\"@id\":\"https:\\\/\\\/kohenavocats.com\\\/zh-hans\\\/#website\",\"url\":\"https:\\\/\\\/kohenavocats.com\\\/zh-hans\\\/\",\"name\":\"Kohen Avocats\",\"description\":\"Ma\u00eetre Hassan Kohen, avocat p\u00e9naliste \u00e0 Paris, intervient exclusivement en droit p\u00e9nal pour la d\u00e9fense des particuliers, notamment en mati\u00e8re d\u2019accusations de viol. Il assure un accompagnement rigoureux d\u00e8s la garde \u00e0 vue jusqu\u2019\u00e0 la Cour d\u2019assises, veillant au strict respect des garanties proc\u00e9durales.\",\"publisher\":{\"@id\":\"https:\\\/\\\/kohenavocats.com\\\/zh-hans\\\/#organization\"},\"potentialAction\":[{\"@type\":\"SearchAction\",\"target\":{\"@type\":\"EntryPoint\",\"urlTemplate\":\"https:\\\/\\\/kohenavocats.com\\\/zh-hans\\\/?s={search_term_string}\"},\"query-input\":{\"@type\":\"PropertyValueSpecification\",\"valueRequired\":true,\"valueName\":\"search_term_string\"}}],\"inLanguage\":\"zh-Hans\"},{\"@type\":\"Organization\",\"@id\":\"https:\\\/\\\/kohenavocats.com\\\/zh-hans\\\/#organization\",\"name\":\"Kohen Avocats\",\"url\":\"https:\\\/\\\/kohenavocats.com\\\/zh-hans\\\/\",\"logo\":{\"@type\":\"ImageObject\",\"inLanguage\":\"zh-Hans\",\"@id\":\"https:\\\/\\\/kohenavocats.com\\\/zh-hans\\\/#\\\/schema\\\/logo\\\/image\\\/\",\"url\":\"https:\\\/\\\/kohenavocats.com\\\/wp-content\\\/uploads\\\/2026\\\/01\\\/Logo-2-1.webp\",\"contentUrl\":\"https:\\\/\\\/kohenavocats.com\\\/wp-content\\\/uploads\\\/2026\\\/01\\\/Logo-2-1.webp\",\"width\":2114,\"height\":1253,\"caption\":\"Kohen Avocats\"},\"image\":{\"@id\":\"https:\\\/\\\/kohenavocats.com\\\/zh-hans\\\/#\\\/schema\\\/logo\\\/image\\\/\"}},{\"@type\":\"Person\",\"@id\":\"https:\\\/\\\/kohenavocats.com\\\/zh-hans\\\/#\\\/schema\\\/person\\\/761c9ba54fa1ca84d405cef0831ff751\",\"name\":\"Kohen\",\"image\":{\"@type\":\"ImageObject\",\"inLanguage\":\"zh-Hans\",\"@id\":\"https:\\\/\\\/secure.gravatar.com\\\/avatar\\\/1c5e76ef76bbbfdd2b4da984e2bf2fa4056fd51a27d25ce2c332047f1dfd6e00?s=96&d=identicon&r=g\",\"url\":\"https:\\\/\\\/secure.gravatar.com\\\/avatar\\\/1c5e76ef76bbbfdd2b4da984e2bf2fa4056fd51a27d25ce2c332047f1dfd6e00?s=96&d=identicon&r=g\",\"contentUrl\":\"https:\\\/\\\/secure.gravatar.com\\\/avatar\\\/1c5e76ef76bbbfdd2b4da984e2bf2fa4056fd51a27d25ce2c332047f1dfd6e00?s=96&d=identicon&r=g\",\"caption\":\"Kohen\"},\"sameAs\":[\"https:\\\/\\\/www.linkedin.com\\\/in\\\/hassan-kohen-448548192\\\/\",\"https:\\\/\\\/www.youtube.com\\\/@Kohen-Avocats\"],\"url\":\"https:\\\/\\\/kohenavocats.com\\\/zh-hans\\\/author\\\/kohenmlk\\\/\"}]}<\/script>\n<!-- \/ Yoast SEO Premium plugin. -->","yoast_head_json":{"title":"Tribunal judiciaire de Saint-Denis de La R\u00e9union, le 19 septembre 2025, n\u00b025\/00774 - Ma\u00eetre Hassan Kohen, avocat en droit p\u00e9nal \u00e0 Paris","description":"Le Tribunal judiciaire de Saint-Denis de La R\u00e9union, par ordonnance du juge de la mise en \u00e9tat en date du 19 septembre 2025, statue sur une demande d'experti...","robots":{"index":"index","follow":"follow","max-snippet":"max-snippet:-1","max-image-preview":"max-image-preview:large","max-video-preview":"max-video-preview:-1"},"canonical":"https:\/\/kohenavocats.com\/zh-hans\/tribunal-judiciaire-de-saint-denis-de-la-reunion-le-19-septembre-2025-n25-00774\/","og_locale":"zh_CN","og_type":"article","og_title":"Tribunal judiciaire de Saint-Denis de La R\u00e9union, le 19 septembre 2025, n\u00b025\/00774","og_description":"Le Tribunal judiciaire de Saint-Denis de La R\u00e9union, par ordonnance du juge de la mise en \u00e9tat en date du 19 septembre 2025, statue sur une demande d'experti...","og_url":"https:\/\/kohenavocats.com\/zh-hans\/tribunal-judiciaire-de-saint-denis-de-la-reunion-le-19-septembre-2025-n25-00774\/","og_site_name":"Ma\u00eetre Hassan Kohen, avocat en droit p\u00e9nal \u00e0 Paris","article_published_time":"2026-04-24T03:31:44+00:00","og_image":[{"width":4000,"height":3000,"url":"https:\/\/kohenavocats.com\/wp-content\/uploads\/2024\/11\/getty-images-cjyN6d8hqio-unsplash.webp","type":"image\/webp"}],"author":"Kohen","twitter_card":"summary_large_image","twitter_misc":{"\u4f5c\u8005":"Kohen","\u9884\u8ba1\u9605\u8bfb\u65f6\u95f4":"3 \u5206"},"schema":{"@context":"https:\/\/schema.org","@graph":[{"@type":"Article","@id":"https:\/\/kohenavocats.com\/zh-hans\/tribunal-judiciaire-de-saint-denis-de-la-reunion-le-19-septembre-2025-n25-00774\/#article","isPartOf":{"@id":"https:\/\/kohenavocats.com\/zh-hans\/tribunal-judiciaire-de-saint-denis-de-la-reunion-le-19-septembre-2025-n25-00774\/"},"author":{"name":"Kohen","@id":"https:\/\/kohenavocats.com\/zh-hans\/#\/schema\/person\/761c9ba54fa1ca84d405cef0831ff751"},"headline":"Tribunal judiciaire de Saint-Denis de La R\u00e9union, le 19 septembre 2025, n\u00b025\/00774","datePublished":"2026-04-24T03:31:44+00:00","mainEntityOfPage":{"@id":"https:\/\/kohenavocats.com\/zh-hans\/tribunal-judiciaire-de-saint-denis-de-la-reunion-le-19-septembre-2025-n25-00774\/"},"wordCount":612,"commentCount":0,"publisher":{"@id":"https:\/\/kohenavocats.com\/zh-hans\/#organization"},"image":{"@id":"https:\/\/kohenavocats.com\/zh-hans\/tribunal-judiciaire-de-saint-denis-de-la-reunion-le-19-septembre-2025-n25-00774\/#primaryimage"},"thumbnailUrl":"https:\/\/kohenavocats.com\/wp-content\/uploads\/2024\/11\/getty-images-cjyN6d8hqio-unsplash.webp","articleSection":["Jurisprudence"],"inLanguage":"zh-Hans","potentialAction":[{"@type":"CommentAction","name":"Comment","target":["https:\/\/kohenavocats.com\/zh-hans\/tribunal-judiciaire-de-saint-denis-de-la-reunion-le-19-septembre-2025-n25-00774\/#respond"]}],"citation":"Tribunal judiciaire de Saint-Denis de La R\u00e9union, le 19 septembre 2025, n\u00b025\/00774","about":[{"@type":"Thing","name":"Jurisprudence"}],"dateModified":"2026-04-24T03:31:44+00:00","speakable":{"@type":"SpeakableSpecification","cssSelector":[".article-content > p:first-of-type"]}},{"@type":"WebPage","@id":"https:\/\/kohenavocats.com\/zh-hans\/tribunal-judiciaire-de-saint-denis-de-la-reunion-le-19-septembre-2025-n25-00774\/","url":"https:\/\/kohenavocats.com\/zh-hans\/tribunal-judiciaire-de-saint-denis-de-la-reunion-le-19-septembre-2025-n25-00774\/","name":"Tribunal judiciaire de Saint-Denis de La R\u00e9union, le 19 septembre 2025, n\u00b025\/00774 - Ma\u00eetre Hassan Kohen, avocat en droit p\u00e9nal \u00e0 Paris","isPartOf":{"@id":"https:\/\/kohenavocats.com\/zh-hans\/#website"},"primaryImageOfPage":{"@id":"https:\/\/kohenavocats.com\/zh-hans\/tribunal-judiciaire-de-saint-denis-de-la-reunion-le-19-septembre-2025-n25-00774\/#primaryimage"},"image":{"@id":"https:\/\/kohenavocats.com\/zh-hans\/tribunal-judiciaire-de-saint-denis-de-la-reunion-le-19-septembre-2025-n25-00774\/#primaryimage"},"thumbnailUrl":"https:\/\/kohenavocats.com\/wp-content\/uploads\/2024\/11\/getty-images-cjyN6d8hqio-unsplash.webp","datePublished":"2026-04-24T03:31:44+00:00","description":"Le Tribunal judiciaire de Saint-Denis de La R\u00e9union, par ordonnance du juge de la mise en \u00e9tat en date du 19 septembre 2025, statue sur une demande d'experti...","breadcrumb":{"@id":"https:\/\/kohenavocats.com\/zh-hans\/tribunal-judiciaire-de-saint-denis-de-la-reunion-le-19-septembre-2025-n25-00774\/#breadcrumb"},"inLanguage":"zh-Hans","potentialAction":[{"@type":"ReadAction","target":["https:\/\/kohenavocats.com\/zh-hans\/tribunal-judiciaire-de-saint-denis-de-la-reunion-le-19-septembre-2025-n25-00774\/"]}]},{"@type":"ImageObject","inLanguage":"zh-Hans","@id":"https:\/\/kohenavocats.com\/zh-hans\/tribunal-judiciaire-de-saint-denis-de-la-reunion-le-19-septembre-2025-n25-00774\/#primaryimage","url":"https:\/\/kohenavocats.com\/wp-content\/uploads\/2024\/11\/getty-images-cjyN6d8hqio-unsplash.webp","contentUrl":"https:\/\/kohenavocats.com\/wp-content\/uploads\/2024\/11\/getty-images-cjyN6d8hqio-unsplash.webp","width":4000,"height":3000},{"@type":"BreadcrumbList","@id":"https:\/\/kohenavocats.com\/zh-hans\/tribunal-judiciaire-de-saint-denis-de-la-reunion-le-19-septembre-2025-n25-00774\/#breadcrumb","itemListElement":[{"@type":"ListItem","position":1,"name":"Home","item":"https:\/\/kohenavocats.com\/zh-hans\/"},{"@type":"ListItem","position":2,"name":"Tribunal judiciaire de Saint-Denis de La R\u00e9union, le 19 septembre 2025, n\u00b025\/00774"}]},{"@type":"WebSite","@id":"https:\/\/kohenavocats.com\/zh-hans\/#website","url":"https:\/\/kohenavocats.com\/zh-hans\/","name":"Kohen Avocats","description":"Ma\u00eetre Hassan Kohen, avocat p\u00e9naliste \u00e0 Paris, intervient exclusivement en droit p\u00e9nal pour la d\u00e9fense des particuliers, notamment en mati\u00e8re d\u2019accusations de viol. Il assure un accompagnement rigoureux d\u00e8s la garde \u00e0 vue jusqu\u2019\u00e0 la Cour d\u2019assises, veillant au strict respect des garanties proc\u00e9durales.","publisher":{"@id":"https:\/\/kohenavocats.com\/zh-hans\/#organization"},"potentialAction":[{"@type":"SearchAction","target":{"@type":"EntryPoint","urlTemplate":"https:\/\/kohenavocats.com\/zh-hans\/?s={search_term_string}"},"query-input":{"@type":"PropertyValueSpecification","valueRequired":true,"valueName":"search_term_string"}}],"inLanguage":"zh-Hans"},{"@type":"Organization","@id":"https:\/\/kohenavocats.com\/zh-hans\/#organization","name":"Kohen Avocats","url":"https:\/\/kohenavocats.com\/zh-hans\/","logo":{"@type":"ImageObject","inLanguage":"zh-Hans","@id":"https:\/\/kohenavocats.com\/zh-hans\/#\/schema\/logo\/image\/","url":"https:\/\/kohenavocats.com\/wp-content\/uploads\/2026\/01\/Logo-2-1.webp","contentUrl":"https:\/\/kohenavocats.com\/wp-content\/uploads\/2026\/01\/Logo-2-1.webp","width":2114,"height":1253,"caption":"Kohen Avocats"},"image":{"@id":"https:\/\/kohenavocats.com\/zh-hans\/#\/schema\/logo\/image\/"}},{"@type":"Person","@id":"https:\/\/kohenavocats.com\/zh-hans\/#\/schema\/person\/761c9ba54fa1ca84d405cef0831ff751","name":"Kohen","image":{"@type":"ImageObject","inLanguage":"zh-Hans","@id":"https:\/\/secure.gravatar.com\/avatar\/1c5e76ef76bbbfdd2b4da984e2bf2fa4056fd51a27d25ce2c332047f1dfd6e00?s=96&d=identicon&r=g","url":"https:\/\/secure.gravatar.com\/avatar\/1c5e76ef76bbbfdd2b4da984e2bf2fa4056fd51a27d25ce2c332047f1dfd6e00?s=96&d=identicon&r=g","contentUrl":"https:\/\/secure.gravatar.com\/avatar\/1c5e76ef76bbbfdd2b4da984e2bf2fa4056fd51a27d25ce2c332047f1dfd6e00?s=96&d=identicon&r=g","caption":"Kohen"},"sameAs":["https:\/\/www.linkedin.com\/in\/hassan-kohen-448548192\/","https:\/\/www.youtube.com\/@Kohen-Avocats"],"url":"https:\/\/kohenavocats.com\/zh-hans\/author\/kohenmlk\/"}]}},"jetpack_featured_media_url":"https:\/\/kohenavocats.com\/wp-content\/uploads\/2024\/11\/getty-images-cjyN6d8hqio-unsplash.webp","jetpack_likes_enabled":false,"jetpack_shortlink":"https:\/\/wp.me\/peCrII-2O0o","jetpack-related-posts":[{"id":669330,"url":"https:\/\/kohenavocats.com\/zh-hans\/tribunal-judiciaire-de-saint-denis-de-la-reunion-le-19-septembre-2025-n25-00260\/","url_meta":{"origin":668880,"position":0},"title":"Tribunal judiciaire de Saint-Denis de La R\u00e9union, le 19 septembre 2025, n\u00b025\/00260","author":"Kohen","date":"2026\u5e744\u670824\u65e5","format":false,"excerpt":"Le tribunal judiciaire de Saint-Denis de La R\u00e9unio\u2026","rel":"","context":"\u5728\u201cJurisprudence\u201d\u4e2d","block_context":{"text":"Jurisprudence","link":"https:\/\/kohenavocats.com\/category\/jurisprudence\/"},"img":{"alt_text":"","src":"https:\/\/i0.wp.com\/kohenavocats.com\/wp-content\/uploads\/2024\/11\/getty-images-IixEkPUt3kU-unsplash.webp?resize=350%2C200&ssl=1","width":350,"height":200,"srcset":"https:\/\/i0.wp.com\/kohenavocats.com\/wp-content\/uploads\/2024\/11\/getty-images-IixEkPUt3kU-unsplash.webp?resize=350%2C200&ssl=1 1x, https:\/\/i0.wp.com\/kohenavocats.com\/wp-content\/uploads\/2024\/11\/getty-images-IixEkPUt3kU-unsplash.webp?resize=525%2C300&ssl=1 1.5x, https:\/\/i0.wp.com\/kohenavocats.com\/wp-content\/uploads\/2024\/11\/getty-images-IixEkPUt3kU-unsplash.webp?resize=700%2C400&ssl=1 2x, https:\/\/i0.wp.com\/kohenavocats.com\/wp-content\/uploads\/2024\/11\/getty-images-IixEkPUt3kU-unsplash.webp?resize=1050%2C600&ssl=1 3x, https:\/\/i0.wp.com\/kohenavocats.com\/wp-content\/uploads\/2024\/11\/getty-images-IixEkPUt3kU-unsplash.webp?resize=1400%2C800&ssl=1 4x"},"classes":[]},{"id":669566,"url":"https:\/\/kohenavocats.com\/zh-hans\/tribunal-judiciaire-de-saint-denis-de-la-reunion-le-19-septembre-2025-n25-00164\/","url_meta":{"origin":668880,"position":1},"title":"Tribunal judiciaire de Saint-Denis de La R\u00e9union, le 19 septembre 2025, n\u00b025\/00164","author":"Kohen","date":"2026\u5e744\u670824\u65e5","format":false,"excerpt":"Le tribunal judiciaire de Saint-Denis de La R\u00e9unio\u2026","rel":"","context":"\u5728\u201cDroit du travail\u201d\u4e2d","block_context":{"text":"Droit du travail","link":"https:\/\/kohenavocats.com\/category\/droit-du-travail\/"},"img":{"alt_text":"","src":"https:\/\/i0.wp.com\/kohenavocats.com\/wp-content\/uploads\/2024\/08\/nathan-cima-y5aFdoCjB5U-unsplash.webp?resize=350%2C200&ssl=1","width":350,"height":200,"srcset":"https:\/\/i0.wp.com\/kohenavocats.com\/wp-content\/uploads\/2024\/08\/nathan-cima-y5aFdoCjB5U-unsplash.webp?resize=350%2C200&ssl=1 1x, https:\/\/i0.wp.com\/kohenavocats.com\/wp-content\/uploads\/2024\/08\/nathan-cima-y5aFdoCjB5U-unsplash.webp?resize=525%2C300&ssl=1 1.5x, https:\/\/i0.wp.com\/kohenavocats.com\/wp-content\/uploads\/2024\/08\/nathan-cima-y5aFdoCjB5U-unsplash.webp?resize=700%2C400&ssl=1 2x, https:\/\/i0.wp.com\/kohenavocats.com\/wp-content\/uploads\/2024\/08\/nathan-cima-y5aFdoCjB5U-unsplash.webp?resize=1050%2C600&ssl=1 3x, https:\/\/i0.wp.com\/kohenavocats.com\/wp-content\/uploads\/2024\/08\/nathan-cima-y5aFdoCjB5U-unsplash.webp?resize=1400%2C800&ssl=1 4x"},"classes":[]},{"id":490873,"url":"https:\/\/kohenavocats.com\/zh-hans\/tribunal-judiciaire-de-saint-denis-de-la-reunion-le-19-novembre-2025-n25-00176\/","url_meta":{"origin":668880,"position":2},"title":"Tribunal judiciaire de Saint-Denis de La R\u00e9union, le 19 novembre 2025, n\u00b025\/00176","author":"Kohen","date":"2026\u5e744\u67088\u65e5","format":false,"excerpt":"Le tribunal judiciaire de Saint-Denis de La R\u00e9unio\u2026","rel":"","context":"\u5728\u201cJurisprudence\u201d\u4e2d","block_context":{"text":"Jurisprudence","link":"https:\/\/kohenavocats.com\/category\/jurisprudence\/"},"img":{"alt_text":"","src":"https:\/\/i0.wp.com\/kohenavocats.com\/wp-content\/uploads\/2024\/11\/laura-adai-QMJsqsUvCmA-unsplash.webp?resize=350%2C200&ssl=1","width":350,"height":200,"srcset":"https:\/\/i0.wp.com\/kohenavocats.com\/wp-content\/uploads\/2024\/11\/laura-adai-QMJsqsUvCmA-unsplash.webp?resize=350%2C200&ssl=1 1x, https:\/\/i0.wp.com\/kohenavocats.com\/wp-content\/uploads\/2024\/11\/laura-adai-QMJsqsUvCmA-unsplash.webp?resize=525%2C300&ssl=1 1.5x, https:\/\/i0.wp.com\/kohenavocats.com\/wp-content\/uploads\/2024\/11\/laura-adai-QMJsqsUvCmA-unsplash.webp?resize=700%2C400&ssl=1 2x, https:\/\/i0.wp.com\/kohenavocats.com\/wp-content\/uploads\/2024\/11\/laura-adai-QMJsqsUvCmA-unsplash.webp?resize=1050%2C600&ssl=1 3x, https:\/\/i0.wp.com\/kohenavocats.com\/wp-content\/uploads\/2024\/11\/laura-adai-QMJsqsUvCmA-unsplash.webp?resize=1400%2C800&ssl=1 4x"},"classes":[]},{"id":491038,"url":"https:\/\/kohenavocats.com\/zh-hans\/tribunal-judiciaire-de-saint-denis-de-la-reunion-le-19-novembre-2025-n25-00160\/","url_meta":{"origin":668880,"position":3},"title":"Tribunal judiciaire de Saint-Denis de La R\u00e9union, le 19 novembre 2025, n\u00b025\/00160","author":"Kohen","date":"2026\u5e744\u67088\u65e5","format":false,"excerpt":"Le tribunal judiciaire de Saint-Denis de La R\u00e9unio\u2026","rel":"","context":"\u5728\u201cJurisprudence\u201d\u4e2d","block_context":{"text":"Jurisprudence","link":"https:\/\/kohenavocats.com\/category\/jurisprudence\/"},"img":{"alt_text":"","src":"https:\/\/i0.wp.com\/kohenavocats.com\/wp-content\/uploads\/2024\/11\/anita-austvika-c3a-Tr6CM1Q-unsplash-1.webp?resize=350%2C200&ssl=1","width":350,"height":200,"srcset":"https:\/\/i0.wp.com\/kohenavocats.com\/wp-content\/uploads\/2024\/11\/anita-austvika-c3a-Tr6CM1Q-unsplash-1.webp?resize=350%2C200&ssl=1 1x, https:\/\/i0.wp.com\/kohenavocats.com\/wp-content\/uploads\/2024\/11\/anita-austvika-c3a-Tr6CM1Q-unsplash-1.webp?resize=525%2C300&ssl=1 1.5x, https:\/\/i0.wp.com\/kohenavocats.com\/wp-content\/uploads\/2024\/11\/anita-austvika-c3a-Tr6CM1Q-unsplash-1.webp?resize=700%2C400&ssl=1 2x, https:\/\/i0.wp.com\/kohenavocats.com\/wp-content\/uploads\/2024\/11\/anita-austvika-c3a-Tr6CM1Q-unsplash-1.webp?resize=1050%2C600&ssl=1 3x, https:\/\/i0.wp.com\/kohenavocats.com\/wp-content\/uploads\/2024\/11\/anita-austvika-c3a-Tr6CM1Q-unsplash-1.webp?resize=1400%2C800&ssl=1 4x"},"classes":[]},{"id":670357,"url":"https:\/\/kohenavocats.com\/zh-hans\/tribunal-judiciaire-de-saint-denis-de-la-reunion-le-18-septembre-2025-n25-00223\/","url_meta":{"origin":668880,"position":4},"title":"Tribunal judiciaire de Saint-Denis de La R\u00e9union, le 18 septembre 2025, n\u00b025\/00223","author":"Kohen","date":"2026\u5e744\u670824\u65e5","format":false,"excerpt":"Le pr\u00e9sident du tribunal judiciaire statuant selon\u2026","rel":"","context":"\u5728\u201cImmobilier\u201d\u4e2d","block_context":{"text":"Immobilier","link":"https:\/\/kohenavocats.com\/category\/immobilier\/"},"img":{"alt_text":"","src":"https:\/\/i0.wp.com\/kohenavocats.com\/wp-content\/uploads\/2024\/11\/zyanya-citlalli-ypy0AuAozUo-unsplash.webp?resize=350%2C200&ssl=1","width":350,"height":200,"srcset":"https:\/\/i0.wp.com\/kohenavocats.com\/wp-content\/uploads\/2024\/11\/zyanya-citlalli-ypy0AuAozUo-unsplash.webp?resize=350%2C200&ssl=1 1x, https:\/\/i0.wp.com\/kohenavocats.com\/wp-content\/uploads\/2024\/11\/zyanya-citlalli-ypy0AuAozUo-unsplash.webp?resize=525%2C300&ssl=1 1.5x, https:\/\/i0.wp.com\/kohenavocats.com\/wp-content\/uploads\/2024\/11\/zyanya-citlalli-ypy0AuAozUo-unsplash.webp?resize=700%2C400&ssl=1 2x, https:\/\/i0.wp.com\/kohenavocats.com\/wp-content\/uploads\/2024\/11\/zyanya-citlalli-ypy0AuAozUo-unsplash.webp?resize=1050%2C600&ssl=1 3x, https:\/\/i0.wp.com\/kohenavocats.com\/wp-content\/uploads\/2024\/11\/zyanya-citlalli-ypy0AuAozUo-unsplash.webp?resize=1400%2C800&ssl=1 4x"},"classes":[]},{"id":491088,"url":"https:\/\/kohenavocats.com\/zh-hans\/tribunal-judiciaire-de-saint-denis-de-la-reunion-le-19-novembre-2025-n23-01027\/","url_meta":{"origin":668880,"position":5},"title":"Tribunal judiciaire de Saint-Denis de La R\u00e9union, le 19 novembre 2025, n\u00b023\/01027","author":"Kohen","date":"2026\u5e744\u67088\u65e5","format":false,"excerpt":"Le tribunal judiciaire de Saint-Denis de La R\u00e9unio\u2026","rel":"","context":"\u5728\u201cJurisprudence\u201d\u4e2d","block_context":{"text":"Jurisprudence","link":"https:\/\/kohenavocats.com\/category\/jurisprudence\/"},"img":{"alt_text":"","src":"https:\/\/i0.wp.com\/kohenavocats.com\/wp-content\/uploads\/2024\/11\/getty-images-F5R9DuVUaPU-unsplash.webp?resize=350%2C200&ssl=1","width":350,"height":200,"srcset":"https:\/\/i0.wp.com\/kohenavocats.com\/wp-content\/uploads\/2024\/11\/getty-images-F5R9DuVUaPU-unsplash.webp?resize=350%2C200&ssl=1 1x, https:\/\/i0.wp.com\/kohenavocats.com\/wp-content\/uploads\/2024\/11\/getty-images-F5R9DuVUaPU-unsplash.webp?resize=525%2C300&ssl=1 1.5x, https:\/\/i0.wp.com\/kohenavocats.com\/wp-content\/uploads\/2024\/11\/getty-images-F5R9DuVUaPU-unsplash.webp?resize=700%2C400&ssl=1 2x, https:\/\/i0.wp.com\/kohenavocats.com\/wp-content\/uploads\/2024\/11\/getty-images-F5R9DuVUaPU-unsplash.webp?resize=1050%2C600&ssl=1 3x, https:\/\/i0.wp.com\/kohenavocats.com\/wp-content\/uploads\/2024\/11\/getty-images-F5R9DuVUaPU-unsplash.webp?resize=1400%2C800&ssl=1 4x"},"classes":[]}],"jetpack_sharing_enabled":true,"_links":{"self":[{"href":"https:\/\/kohenavocats.com\/zh-hans\/wp-json\/wp\/v2\/posts\/668880","targetHints":{"allow":["GET"]}}],"collection":[{"href":"https:\/\/kohenavocats.com\/zh-hans\/wp-json\/wp\/v2\/posts"}],"about":[{"href":"https:\/\/kohenavocats.com\/zh-hans\/wp-json\/wp\/v2\/types\/post"}],"author":[{"embeddable":true,"href":"https:\/\/kohenavocats.com\/zh-hans\/wp-json\/wp\/v2\/users\/232070755"}],"replies":[{"embeddable":true,"href":"https:\/\/kohenavocats.com\/zh-hans\/wp-json\/wp\/v2\/comments?post=668880"}],"version-history":[{"count":0,"href":"https:\/\/kohenavocats.com\/zh-hans\/wp-json\/wp\/v2\/posts\/668880\/revisions"}],"wp:featuredmedia":[{"embeddable":true,"href":"https:\/\/kohenavocats.com\/zh-hans\/wp-json\/wp\/v2\/media\/9579"}],"wp:attachment":[{"href":"https:\/\/kohenavocats.com\/zh-hans\/wp-json\/wp\/v2\/media?parent=668880"}],"wp:term":[{"taxonomy":"category","embeddable":true,"href":"https:\/\/kohenavocats.com\/zh-hans\/wp-json\/wp\/v2\/categories?post=668880"},{"taxonomy":"post_tag","embeddable":true,"href":"https:\/\/kohenavocats.com\/zh-hans\/wp-json\/wp\/v2\/tags?post=668880"}],"curies":[{"name":"wp","href":"https:\/\/api.w.org\/{rel}","templated":true}]}}