{"id":669328,"date":"2026-04-24T06:09:14","date_gmt":"2026-04-24T04:09:14","guid":{"rendered":"https:\/\/kohenavocats.com\/tribunal-judiciaire-de-dijon-le-19-septembre-2025-n25-00148\/"},"modified":"2026-04-24T06:09:14","modified_gmt":"2026-04-24T04:09:14","slug":"tribunal-judiciaire-de-dijon-le-19-septembre-2025-n25-00148","status":"publish","type":"post","link":"https:\/\/kohenavocats.com\/zh-hans\/tribunal-judiciaire-de-dijon-le-19-septembre-2025-n25-00148\/","title":{"rendered":"Tribunal judiciaire de Dijon, le 19 septembre 2025, n\u00b025\/00148"},"content":{"rendered":"<div class=\"article-content\">\n<p>Le tribunal judiciaire, statuant le 19 septembre 2025, a examin\u00e9 une demande en restitution de v\u00e9hicule formul\u00e9e par un \u00e9tablissement de cr\u00e9dit. L\u2019emprunteuse, locataire du bien, n\u2019ayant pas honor\u00e9 ses engagements, l\u2019organisme a invoqu\u00e9 la clause contractuelle de restitution. La juridiction a ordonn\u00e9 la restitution imm\u00e9diate assortie d\u2019une astreinte, rejetant la demande de d\u00e9lai de la d\u00e9fenderesse et condamnant celle-ci aux d\u00e9pens et \u00e0 une indemnit\u00e9 sur le fondement de l\u2019article 700 du code de proc\u00e9dure civile.<\/p>\n<p>La force obligatoire du contrat justifiant la restitution<\/p>\n<p>Le principe de l\u2019autorit\u00e9 contractuelle constitue le fondement premier de la d\u00e9cision. Le juge rappelle que &#8220;Les contrats l\u00e9galement form\u00e9s tiennent lieu de loi \u00e0 ceux qui les ont faits&#8221; (article 1103 du code civil). Cette application stricte consacre la force obligatoire de la convention, qui lie les parties aussi efficacement qu\u2019une loi. La port\u00e9e de ce rappel est essentielle en mati\u00e8re de cr\u00e9dit-bail, o\u00f9 les clauses pr\u00e9vues par le contrat s\u2019imposent pleinement. La solution affirme ainsi la primaut\u00e9 de la volont\u00e9 des parties et la s\u00e9curit\u00e9 juridique des op\u00e9rations de financement.<\/p>\n<p>L\u2019inex\u00e9cution des obligations par l\u2019emprunteuse entra\u00eene logiquement la mise en \u0153uvre des sanctions contractuelles. Le contrat pr\u00e9voyait express\u00e9ment une restitution en fin de p\u00e9riode ou lors d\u2019une r\u00e9siliation pour impay\u00e9s. La d\u00e9fenderesse &#8220;n&#8217;a pas contest\u00e9 avoir omis de restituer le v\u00e9hicule&#8221;. D\u00e8s lors, la restitution est ordonn\u00e9e car &#8220;le v\u00e9hicule appartient \u00e0 la soci\u00e9t\u00e9 de financement&#8221;. Ce raisonnement applique directement les stipulations du contrat, notamment la clause de r\u00e9serve de propri\u00e9t\u00e9. La valeur de cette analyse r\u00e9side dans sa rigueur, refusant de remettre en cause les effets d\u2019une clause claire et licite.<\/p>\n<p>Les modalit\u00e9s d\u2019ex\u00e9cution forc\u00e9e de la d\u00e9cision<\/p>\n<p>Le prononc\u00e9 d\u2019une astreinte provisoire vise \u00e0 garantir l\u2019effectivit\u00e9 de la condamnation \u00e0 restituer. Le tribunal estime que &#8220;Le prononc\u00e9 d\u2019une astreinte appara\u00eet n\u00e9cessaire&#8221;. Il fixe son montant \u00e0 cinquante euros par jour de retard, pour une dur\u00e9e maximale de cent quatre-vingts jours. Cette mesure s\u2019inscrit dans le cadre l\u00e9gal d\u00e9fini par le code des proc\u00e9dures civiles d\u2019ex\u00e9cution, rappelant que &#8220;l&#8217;astreinte est provisoire ou d\u00e9finitive&#8221; (Tribunal judiciaire, le 4 avril 2025, n\u00b024\/00286). La port\u00e9e de cette astreinte est pr\u00e9ventive et coercitive, visant \u00e0 obtenir une ex\u00e9cution spontan\u00e9e et rapide de la d\u00e9cision.<\/p>\n<p>Le rejet de la demande de d\u00e9lai et l\u2019octroi de mesures accessoires compl\u00e8tent le dispositif. La d\u00e9fenderesse invoquait sa situation personnelle et professionnelle pour solliciter un report. Le juge rel\u00e8ve qu\u2019elle &#8220;n&#8217;apporte pas d&#8217;\u00e9l\u00e9ments de preuve au soutien de sa demande&#8221;. Par ailleurs, il consid\u00e8re que &#8220;l&#8217;organisme de cr\u00e9dit est en droit de r\u00e9clamer la restitution imm\u00e9diate&#8221;. Ce refus prot\u00e8ge les int\u00e9r\u00eats du cr\u00e9ancier, lui permettant de &#8220;pouvoir le remettre en vente&#8221;. La d\u00e9cision condamne enfin la partie perdante aux d\u00e9pens et \u00e0 une indemnit\u00e9 de six cents euros, &#8220;compte tenu de l\u2019\u00e9quit\u00e9&#8221;. La solution assure ainsi une ex\u00e9cution compl\u00e8te et effective du jugement, sans d\u00e9lai injustifi\u00e9.<\/p>\n<\/div>\n","protected":false},"excerpt":{"rendered":"<p>Le tribunal judiciaire, statuant le 19 septembre 2025, a examin\u00e9 une demande en restitution de v\u00e9hicule formul\u00e9e par un \u00e9tablissement de cr\u00e9dit. L\u2019emprunteus&#8230;<\/p>\n","protected":false},"author":232070755,"featured_media":3572,"comment_status":"open","ping_status":"open","sticky":false,"template":"","format":"standard","meta":{"_crdt_document":"","_jetpack_newsletter_access":"","_jetpack_dont_email_post_to_subs":false,"_jetpack_newsletter_tier_id":0,"_jetpack_memberships_contains_paywalled_content":false,"_kj_source_type":"","_kj_official_id":"","_kj_official_url":"","_kj_judilibre_id":"","_kj_jur":"","_kj_lieu":"","_kj_chambre":"","_kj_rg":"","_kj_date":"","_jetpack_memberships_contains_paid_content":false,"footnotes":"","jetpack_post_was_ever_published":false},"categories":[7597],"tags":[],"class_list":["post-669328","post","type-post","status-publish","format-standard","has-post-thumbnail","hentry","category-jurisprudence"],"yoast_head":"<!-- This site is optimized with the Yoast SEO Premium plugin v27.4 (Yoast SEO v27.4) - https:\/\/yoast.com\/product\/yoast-seo-premium-wordpress\/ -->\n<title>Tribunal judiciaire de Dijon, le 19 septembre 2025, n\u00b025\/00148 - Ma\u00eetre Hassan Kohen, avocat en droit p\u00e9nal \u00e0 Paris<\/title>\n<meta name=\"description\" content=\"Le tribunal judiciaire, statuant le 19 septembre 2025, a examin\u00e9 une demande en restitution de v\u00e9hicule formul\u00e9e par un \u00e9tablissement de cr\u00e9dit. L\u2019emprunteus...\" \/>\n<meta name=\"robots\" content=\"index, follow, max-snippet:-1, max-image-preview:large, max-video-preview:-1\" \/>\n<link rel=\"canonical\" href=\"https:\/\/kohenavocats.com\/zh-hans\/tribunal-judiciaire-de-dijon-le-19-septembre-2025-n25-00148\/\" \/>\n<meta property=\"og:locale\" content=\"zh_CN\" \/>\n<meta property=\"og:type\" content=\"article\" \/>\n<meta property=\"og:title\" content=\"Tribunal judiciaire de Dijon, le 19 septembre 2025, n\u00b025\/00148\" \/>\n<meta property=\"og:description\" content=\"Le tribunal judiciaire, statuant le 19 septembre 2025, a examin\u00e9 une demande en restitution de v\u00e9hicule formul\u00e9e par un \u00e9tablissement de cr\u00e9dit. L\u2019emprunteus...\" \/>\n<meta property=\"og:url\" content=\"https:\/\/kohenavocats.com\/zh-hans\/tribunal-judiciaire-de-dijon-le-19-septembre-2025-n25-00148\/\" \/>\n<meta property=\"og:site_name\" content=\"Ma\u00eetre Hassan Kohen, avocat en droit p\u00e9nal \u00e0 Paris\" \/>\n<meta property=\"article:published_time\" content=\"2026-04-24T04:09:14+00:00\" \/>\n<meta property=\"og:image\" content=\"https:\/\/kohenavocats.com\/wp-content\/uploads\/2024\/06\/tingey-injury-law-firm-yCdPU73kGSc-unsplash-1024x683.jpg\" \/>\n\t<meta property=\"og:image:width\" content=\"1024\" \/>\n\t<meta property=\"og:image:height\" content=\"683\" \/>\n\t<meta property=\"og:image:type\" content=\"image\/jpeg\" \/>\n<meta name=\"author\" content=\"Kohen\" \/>\n<meta name=\"twitter:card\" content=\"summary_large_image\" \/>\n<meta name=\"twitter:label1\" content=\"\u4f5c\u8005\" \/>\n\t<meta name=\"twitter:data1\" content=\"Kohen\" \/>\n\t<meta name=\"twitter:label2\" content=\"\u9884\u8ba1\u9605\u8bfb\u65f6\u95f4\" \/>\n\t<meta name=\"twitter:data2\" content=\"3 \u5206\" \/>\n<script type=\"application\/ld+json\" class=\"yoast-schema-graph\">{\"@context\":\"https:\\\/\\\/schema.org\",\"@graph\":[{\"@type\":\"Article\",\"@id\":\"https:\\\/\\\/kohenavocats.com\\\/zh-hans\\\/tribunal-judiciaire-de-dijon-le-19-septembre-2025-n25-00148\\\/#article\",\"isPartOf\":{\"@id\":\"https:\\\/\\\/kohenavocats.com\\\/zh-hans\\\/tribunal-judiciaire-de-dijon-le-19-septembre-2025-n25-00148\\\/\"},\"author\":{\"name\":\"Kohen\",\"@id\":\"https:\\\/\\\/kohenavocats.com\\\/zh-hans\\\/#\\\/schema\\\/person\\\/761c9ba54fa1ca84d405cef0831ff751\"},\"headline\":\"Tribunal judiciaire de Dijon, le 19 septembre 2025, n\u00b025\\\/00148\",\"datePublished\":\"2026-04-24T04:09:14+00:00\",\"mainEntityOfPage\":{\"@id\":\"https:\\\/\\\/kohenavocats.com\\\/zh-hans\\\/tribunal-judiciaire-de-dijon-le-19-septembre-2025-n25-00148\\\/\"},\"wordCount\":562,\"commentCount\":0,\"publisher\":{\"@id\":\"https:\\\/\\\/kohenavocats.com\\\/zh-hans\\\/#organization\"},\"image\":{\"@id\":\"https:\\\/\\\/kohenavocats.com\\\/zh-hans\\\/tribunal-judiciaire-de-dijon-le-19-septembre-2025-n25-00148\\\/#primaryimage\"},\"thumbnailUrl\":\"https:\\\/\\\/kohenavocats.com\\\/wp-content\\\/uploads\\\/2024\\\/06\\\/tingey-injury-law-firm-yCdPU73kGSc-unsplash.jpg\",\"articleSection\":[\"Jurisprudence\"],\"inLanguage\":\"zh-Hans\",\"potentialAction\":[{\"@type\":\"CommentAction\",\"name\":\"Comment\",\"target\":[\"https:\\\/\\\/kohenavocats.com\\\/zh-hans\\\/tribunal-judiciaire-de-dijon-le-19-septembre-2025-n25-00148\\\/#respond\"]}],\"citation\":\"Tribunal judiciaire de Dijon, le 19 septembre 2025, n\u00b025\\\/00148\",\"about\":[{\"@type\":\"Thing\",\"name\":\"Jurisprudence\"}],\"dateModified\":\"2026-04-24T04:09:14+00:00\",\"speakable\":{\"@type\":\"SpeakableSpecification\",\"cssSelector\":[\".article-content > p:first-of-type\"]}},{\"@type\":\"WebPage\",\"@id\":\"https:\\\/\\\/kohenavocats.com\\\/zh-hans\\\/tribunal-judiciaire-de-dijon-le-19-septembre-2025-n25-00148\\\/\",\"url\":\"https:\\\/\\\/kohenavocats.com\\\/zh-hans\\\/tribunal-judiciaire-de-dijon-le-19-septembre-2025-n25-00148\\\/\",\"name\":\"Tribunal judiciaire de Dijon, le 19 septembre 2025, n\u00b025\\\/00148 - Ma\u00eetre Hassan Kohen, avocat en droit p\u00e9nal \u00e0 Paris\",\"isPartOf\":{\"@id\":\"https:\\\/\\\/kohenavocats.com\\\/zh-hans\\\/#website\"},\"primaryImageOfPage\":{\"@id\":\"https:\\\/\\\/kohenavocats.com\\\/zh-hans\\\/tribunal-judiciaire-de-dijon-le-19-septembre-2025-n25-00148\\\/#primaryimage\"},\"image\":{\"@id\":\"https:\\\/\\\/kohenavocats.com\\\/zh-hans\\\/tribunal-judiciaire-de-dijon-le-19-septembre-2025-n25-00148\\\/#primaryimage\"},\"thumbnailUrl\":\"https:\\\/\\\/kohenavocats.com\\\/wp-content\\\/uploads\\\/2024\\\/06\\\/tingey-injury-law-firm-yCdPU73kGSc-unsplash.jpg\",\"datePublished\":\"2026-04-24T04:09:14+00:00\",\"description\":\"Le tribunal judiciaire, statuant le 19 septembre 2025, a examin\u00e9 une demande en restitution de v\u00e9hicule formul\u00e9e par un \u00e9tablissement de cr\u00e9dit. L\u2019emprunteus...\",\"breadcrumb\":{\"@id\":\"https:\\\/\\\/kohenavocats.com\\\/zh-hans\\\/tribunal-judiciaire-de-dijon-le-19-septembre-2025-n25-00148\\\/#breadcrumb\"},\"inLanguage\":\"zh-Hans\",\"potentialAction\":[{\"@type\":\"ReadAction\",\"target\":[\"https:\\\/\\\/kohenavocats.com\\\/zh-hans\\\/tribunal-judiciaire-de-dijon-le-19-septembre-2025-n25-00148\\\/\"]}]},{\"@type\":\"ImageObject\",\"inLanguage\":\"zh-Hans\",\"@id\":\"https:\\\/\\\/kohenavocats.com\\\/zh-hans\\\/tribunal-judiciaire-de-dijon-le-19-septembre-2025-n25-00148\\\/#primaryimage\",\"url\":\"https:\\\/\\\/kohenavocats.com\\\/wp-content\\\/uploads\\\/2024\\\/06\\\/tingey-injury-law-firm-yCdPU73kGSc-unsplash.jpg\",\"contentUrl\":\"https:\\\/\\\/kohenavocats.com\\\/wp-content\\\/uploads\\\/2024\\\/06\\\/tingey-injury-law-firm-yCdPU73kGSc-unsplash.jpg\",\"width\":5892,\"height\":3928},{\"@type\":\"BreadcrumbList\",\"@id\":\"https:\\\/\\\/kohenavocats.com\\\/zh-hans\\\/tribunal-judiciaire-de-dijon-le-19-septembre-2025-n25-00148\\\/#breadcrumb\",\"itemListElement\":[{\"@type\":\"ListItem\",\"position\":1,\"name\":\"Home\",\"item\":\"https:\\\/\\\/kohenavocats.com\\\/zh-hans\\\/\"},{\"@type\":\"ListItem\",\"position\":2,\"name\":\"Tribunal judiciaire de Dijon, le 19 septembre 2025, n\u00b025\\\/00148\"}]},{\"@type\":\"WebSite\",\"@id\":\"https:\\\/\\\/kohenavocats.com\\\/zh-hans\\\/#website\",\"url\":\"https:\\\/\\\/kohenavocats.com\\\/zh-hans\\\/\",\"name\":\"Kohen Avocats\",\"description\":\"Ma\u00eetre Hassan Kohen, avocat p\u00e9naliste \u00e0 Paris, intervient exclusivement en droit p\u00e9nal pour la d\u00e9fense des particuliers, notamment en mati\u00e8re d\u2019accusations de viol. Il assure un accompagnement rigoureux d\u00e8s la garde \u00e0 vue jusqu\u2019\u00e0 la Cour d\u2019assises, veillant au strict respect des garanties proc\u00e9durales.\",\"publisher\":{\"@id\":\"https:\\\/\\\/kohenavocats.com\\\/zh-hans\\\/#organization\"},\"potentialAction\":[{\"@type\":\"SearchAction\",\"target\":{\"@type\":\"EntryPoint\",\"urlTemplate\":\"https:\\\/\\\/kohenavocats.com\\\/zh-hans\\\/?s={search_term_string}\"},\"query-input\":{\"@type\":\"PropertyValueSpecification\",\"valueRequired\":true,\"valueName\":\"search_term_string\"}}],\"inLanguage\":\"zh-Hans\"},{\"@type\":\"Organization\",\"@id\":\"https:\\\/\\\/kohenavocats.com\\\/zh-hans\\\/#organization\",\"name\":\"Kohen Avocats\",\"url\":\"https:\\\/\\\/kohenavocats.com\\\/zh-hans\\\/\",\"logo\":{\"@type\":\"ImageObject\",\"inLanguage\":\"zh-Hans\",\"@id\":\"https:\\\/\\\/kohenavocats.com\\\/zh-hans\\\/#\\\/schema\\\/logo\\\/image\\\/\",\"url\":\"https:\\\/\\\/kohenavocats.com\\\/wp-content\\\/uploads\\\/2026\\\/01\\\/Logo-2-1.webp\",\"contentUrl\":\"https:\\\/\\\/kohenavocats.com\\\/wp-content\\\/uploads\\\/2026\\\/01\\\/Logo-2-1.webp\",\"width\":2114,\"height\":1253,\"caption\":\"Kohen Avocats\"},\"image\":{\"@id\":\"https:\\\/\\\/kohenavocats.com\\\/zh-hans\\\/#\\\/schema\\\/logo\\\/image\\\/\"}},{\"@type\":\"Person\",\"@id\":\"https:\\\/\\\/kohenavocats.com\\\/zh-hans\\\/#\\\/schema\\\/person\\\/761c9ba54fa1ca84d405cef0831ff751\",\"name\":\"Kohen\",\"image\":{\"@type\":\"ImageObject\",\"inLanguage\":\"zh-Hans\",\"@id\":\"https:\\\/\\\/secure.gravatar.com\\\/avatar\\\/1c5e76ef76bbbfdd2b4da984e2bf2fa4056fd51a27d25ce2c332047f1dfd6e00?s=96&d=identicon&r=g\",\"url\":\"https:\\\/\\\/secure.gravatar.com\\\/avatar\\\/1c5e76ef76bbbfdd2b4da984e2bf2fa4056fd51a27d25ce2c332047f1dfd6e00?s=96&d=identicon&r=g\",\"contentUrl\":\"https:\\\/\\\/secure.gravatar.com\\\/avatar\\\/1c5e76ef76bbbfdd2b4da984e2bf2fa4056fd51a27d25ce2c332047f1dfd6e00?s=96&d=identicon&r=g\",\"caption\":\"Kohen\"},\"sameAs\":[\"https:\\\/\\\/www.linkedin.com\\\/in\\\/hassan-kohen-448548192\\\/\",\"https:\\\/\\\/www.youtube.com\\\/@Kohen-Avocats\"],\"url\":\"https:\\\/\\\/kohenavocats.com\\\/zh-hans\\\/author\\\/kohenmlk\\\/\"}]}<\/script>\n<!-- \/ Yoast SEO Premium plugin. -->","yoast_head_json":{"title":"Tribunal judiciaire de Dijon, le 19 septembre 2025, n\u00b025\/00148 - Ma\u00eetre Hassan Kohen, avocat en droit p\u00e9nal \u00e0 Paris","description":"Le tribunal judiciaire, statuant le 19 septembre 2025, a examin\u00e9 une demande en restitution de v\u00e9hicule formul\u00e9e par un \u00e9tablissement de cr\u00e9dit. L\u2019emprunteus...","robots":{"index":"index","follow":"follow","max-snippet":"max-snippet:-1","max-image-preview":"max-image-preview:large","max-video-preview":"max-video-preview:-1"},"canonical":"https:\/\/kohenavocats.com\/zh-hans\/tribunal-judiciaire-de-dijon-le-19-septembre-2025-n25-00148\/","og_locale":"zh_CN","og_type":"article","og_title":"Tribunal judiciaire de Dijon, le 19 septembre 2025, n\u00b025\/00148","og_description":"Le tribunal judiciaire, statuant le 19 septembre 2025, a examin\u00e9 une demande en restitution de v\u00e9hicule formul\u00e9e par un \u00e9tablissement de cr\u00e9dit. L\u2019emprunteus...","og_url":"https:\/\/kohenavocats.com\/zh-hans\/tribunal-judiciaire-de-dijon-le-19-septembre-2025-n25-00148\/","og_site_name":"Ma\u00eetre Hassan Kohen, avocat en droit p\u00e9nal \u00e0 Paris","article_published_time":"2026-04-24T04:09:14+00:00","og_image":[{"width":1024,"height":683,"url":"https:\/\/kohenavocats.com\/wp-content\/uploads\/2024\/06\/tingey-injury-law-firm-yCdPU73kGSc-unsplash-1024x683.jpg","type":"image\/jpeg"}],"author":"Kohen","twitter_card":"summary_large_image","twitter_misc":{"\u4f5c\u8005":"Kohen","\u9884\u8ba1\u9605\u8bfb\u65f6\u95f4":"3 \u5206"},"schema":{"@context":"https:\/\/schema.org","@graph":[{"@type":"Article","@id":"https:\/\/kohenavocats.com\/zh-hans\/tribunal-judiciaire-de-dijon-le-19-septembre-2025-n25-00148\/#article","isPartOf":{"@id":"https:\/\/kohenavocats.com\/zh-hans\/tribunal-judiciaire-de-dijon-le-19-septembre-2025-n25-00148\/"},"author":{"name":"Kohen","@id":"https:\/\/kohenavocats.com\/zh-hans\/#\/schema\/person\/761c9ba54fa1ca84d405cef0831ff751"},"headline":"Tribunal judiciaire de Dijon, le 19 septembre 2025, n\u00b025\/00148","datePublished":"2026-04-24T04:09:14+00:00","mainEntityOfPage":{"@id":"https:\/\/kohenavocats.com\/zh-hans\/tribunal-judiciaire-de-dijon-le-19-septembre-2025-n25-00148\/"},"wordCount":562,"commentCount":0,"publisher":{"@id":"https:\/\/kohenavocats.com\/zh-hans\/#organization"},"image":{"@id":"https:\/\/kohenavocats.com\/zh-hans\/tribunal-judiciaire-de-dijon-le-19-septembre-2025-n25-00148\/#primaryimage"},"thumbnailUrl":"https:\/\/kohenavocats.com\/wp-content\/uploads\/2024\/06\/tingey-injury-law-firm-yCdPU73kGSc-unsplash.jpg","articleSection":["Jurisprudence"],"inLanguage":"zh-Hans","potentialAction":[{"@type":"CommentAction","name":"Comment","target":["https:\/\/kohenavocats.com\/zh-hans\/tribunal-judiciaire-de-dijon-le-19-septembre-2025-n25-00148\/#respond"]}],"citation":"Tribunal judiciaire de Dijon, le 19 septembre 2025, n\u00b025\/00148","about":[{"@type":"Thing","name":"Jurisprudence"}],"dateModified":"2026-04-24T04:09:14+00:00","speakable":{"@type":"SpeakableSpecification","cssSelector":[".article-content > p:first-of-type"]}},{"@type":"WebPage","@id":"https:\/\/kohenavocats.com\/zh-hans\/tribunal-judiciaire-de-dijon-le-19-septembre-2025-n25-00148\/","url":"https:\/\/kohenavocats.com\/zh-hans\/tribunal-judiciaire-de-dijon-le-19-septembre-2025-n25-00148\/","name":"Tribunal judiciaire de Dijon, le 19 septembre 2025, n\u00b025\/00148 - Ma\u00eetre Hassan Kohen, avocat en droit p\u00e9nal \u00e0 Paris","isPartOf":{"@id":"https:\/\/kohenavocats.com\/zh-hans\/#website"},"primaryImageOfPage":{"@id":"https:\/\/kohenavocats.com\/zh-hans\/tribunal-judiciaire-de-dijon-le-19-septembre-2025-n25-00148\/#primaryimage"},"image":{"@id":"https:\/\/kohenavocats.com\/zh-hans\/tribunal-judiciaire-de-dijon-le-19-septembre-2025-n25-00148\/#primaryimage"},"thumbnailUrl":"https:\/\/kohenavocats.com\/wp-content\/uploads\/2024\/06\/tingey-injury-law-firm-yCdPU73kGSc-unsplash.jpg","datePublished":"2026-04-24T04:09:14+00:00","description":"Le tribunal judiciaire, statuant le 19 septembre 2025, a examin\u00e9 une demande en restitution de v\u00e9hicule formul\u00e9e par un \u00e9tablissement de cr\u00e9dit. L\u2019emprunteus...","breadcrumb":{"@id":"https:\/\/kohenavocats.com\/zh-hans\/tribunal-judiciaire-de-dijon-le-19-septembre-2025-n25-00148\/#breadcrumb"},"inLanguage":"zh-Hans","potentialAction":[{"@type":"ReadAction","target":["https:\/\/kohenavocats.com\/zh-hans\/tribunal-judiciaire-de-dijon-le-19-septembre-2025-n25-00148\/"]}]},{"@type":"ImageObject","inLanguage":"zh-Hans","@id":"https:\/\/kohenavocats.com\/zh-hans\/tribunal-judiciaire-de-dijon-le-19-septembre-2025-n25-00148\/#primaryimage","url":"https:\/\/kohenavocats.com\/wp-content\/uploads\/2024\/06\/tingey-injury-law-firm-yCdPU73kGSc-unsplash.jpg","contentUrl":"https:\/\/kohenavocats.com\/wp-content\/uploads\/2024\/06\/tingey-injury-law-firm-yCdPU73kGSc-unsplash.jpg","width":5892,"height":3928},{"@type":"BreadcrumbList","@id":"https:\/\/kohenavocats.com\/zh-hans\/tribunal-judiciaire-de-dijon-le-19-septembre-2025-n25-00148\/#breadcrumb","itemListElement":[{"@type":"ListItem","position":1,"name":"Home","item":"https:\/\/kohenavocats.com\/zh-hans\/"},{"@type":"ListItem","position":2,"name":"Tribunal judiciaire de Dijon, le 19 septembre 2025, n\u00b025\/00148"}]},{"@type":"WebSite","@id":"https:\/\/kohenavocats.com\/zh-hans\/#website","url":"https:\/\/kohenavocats.com\/zh-hans\/","name":"Kohen Avocats","description":"Ma\u00eetre Hassan Kohen, avocat p\u00e9naliste \u00e0 Paris, intervient exclusivement en droit p\u00e9nal pour la d\u00e9fense des particuliers, notamment en mati\u00e8re d\u2019accusations de viol. Il assure un accompagnement rigoureux d\u00e8s la garde \u00e0 vue jusqu\u2019\u00e0 la Cour d\u2019assises, veillant au strict respect des garanties proc\u00e9durales.","publisher":{"@id":"https:\/\/kohenavocats.com\/zh-hans\/#organization"},"potentialAction":[{"@type":"SearchAction","target":{"@type":"EntryPoint","urlTemplate":"https:\/\/kohenavocats.com\/zh-hans\/?s={search_term_string}"},"query-input":{"@type":"PropertyValueSpecification","valueRequired":true,"valueName":"search_term_string"}}],"inLanguage":"zh-Hans"},{"@type":"Organization","@id":"https:\/\/kohenavocats.com\/zh-hans\/#organization","name":"Kohen Avocats","url":"https:\/\/kohenavocats.com\/zh-hans\/","logo":{"@type":"ImageObject","inLanguage":"zh-Hans","@id":"https:\/\/kohenavocats.com\/zh-hans\/#\/schema\/logo\/image\/","url":"https:\/\/kohenavocats.com\/wp-content\/uploads\/2026\/01\/Logo-2-1.webp","contentUrl":"https:\/\/kohenavocats.com\/wp-content\/uploads\/2026\/01\/Logo-2-1.webp","width":2114,"height":1253,"caption":"Kohen Avocats"},"image":{"@id":"https:\/\/kohenavocats.com\/zh-hans\/#\/schema\/logo\/image\/"}},{"@type":"Person","@id":"https:\/\/kohenavocats.com\/zh-hans\/#\/schema\/person\/761c9ba54fa1ca84d405cef0831ff751","name":"Kohen","image":{"@type":"ImageObject","inLanguage":"zh-Hans","@id":"https:\/\/secure.gravatar.com\/avatar\/1c5e76ef76bbbfdd2b4da984e2bf2fa4056fd51a27d25ce2c332047f1dfd6e00?s=96&d=identicon&r=g","url":"https:\/\/secure.gravatar.com\/avatar\/1c5e76ef76bbbfdd2b4da984e2bf2fa4056fd51a27d25ce2c332047f1dfd6e00?s=96&d=identicon&r=g","contentUrl":"https:\/\/secure.gravatar.com\/avatar\/1c5e76ef76bbbfdd2b4da984e2bf2fa4056fd51a27d25ce2c332047f1dfd6e00?s=96&d=identicon&r=g","caption":"Kohen"},"sameAs":["https:\/\/www.linkedin.com\/in\/hassan-kohen-448548192\/","https:\/\/www.youtube.com\/@Kohen-Avocats"],"url":"https:\/\/kohenavocats.com\/zh-hans\/author\/kohenmlk\/"}]}},"jetpack_featured_media_url":"https:\/\/kohenavocats.com\/wp-content\/uploads\/2024\/06\/tingey-injury-law-firm-yCdPU73kGSc-unsplash.jpg","jetpack_likes_enabled":false,"jetpack_shortlink":"https:\/\/wp.me\/peCrII-2O7C","jetpack-related-posts":[{"id":686318,"url":"https:\/\/kohenavocats.com\/zh-hans\/cour-dappel-de-douai-le-4-septembre-2025-n19-05832\/","url_meta":{"origin":669328,"position":0},"title":"Cour d&#8217;appel de Douai, le 4 septembre 2025, n\u00b019\/05832","author":"Kohen","date":"2026\u5e744\u670825\u65e5","format":false,"excerpt":"La cour d'appel de Douai, 4 septembre 2025, tranch\u2026","rel":"","context":"\u5728\u201cJurisprudence\u201d\u4e2d","block_context":{"text":"Jurisprudence","link":"https:\/\/kohenavocats.com\/category\/jurisprudence\/"},"img":{"alt_text":"","src":"https:\/\/i0.wp.com\/kohenavocats.com\/wp-content\/uploads\/2024\/11\/ave-calvar-ffCZpxDJSo-unsplash.webp?resize=350%2C200&ssl=1","width":350,"height":200,"srcset":"https:\/\/i0.wp.com\/kohenavocats.com\/wp-content\/uploads\/2024\/11\/ave-calvar-ffCZpxDJSo-unsplash.webp?resize=350%2C200&ssl=1 1x, https:\/\/i0.wp.com\/kohenavocats.com\/wp-content\/uploads\/2024\/11\/ave-calvar-ffCZpxDJSo-unsplash.webp?resize=525%2C300&ssl=1 1.5x, https:\/\/i0.wp.com\/kohenavocats.com\/wp-content\/uploads\/2024\/11\/ave-calvar-ffCZpxDJSo-unsplash.webp?resize=700%2C400&ssl=1 2x, https:\/\/i0.wp.com\/kohenavocats.com\/wp-content\/uploads\/2024\/11\/ave-calvar-ffCZpxDJSo-unsplash.webp?resize=1050%2C600&ssl=1 3x, https:\/\/i0.wp.com\/kohenavocats.com\/wp-content\/uploads\/2024\/11\/ave-calvar-ffCZpxDJSo-unsplash.webp?resize=1400%2C800&ssl=1 4x"},"classes":[]},{"id":669074,"url":"https:\/\/kohenavocats.com\/zh-hans\/tribunal-judiciaire-de-havre-le-19-septembre-2025-n24-00848\/","url_meta":{"origin":669328,"position":1},"title":"Tribunal judiciaire de Havre, le 19 septembre 2025, n\u00b024\/00848","author":"Kohen","date":"2026\u5e744\u670824\u65e5","format":false,"excerpt":"Le tribunal judiciaire, statuant le 19 septembre 2\u2026","rel":"","context":"\u5728\u201cCode des assurances\u201d\u4e2d","block_context":{"text":"Code des assurances","link":"https:\/\/kohenavocats.com\/category\/code-des-assurances\/"},"img":{"alt_text":"","src":"https:\/\/i0.wp.com\/kohenavocats.com\/wp-content\/uploads\/2024\/11\/philip-oroni-7cSSg-1365U-unsplash.webp?resize=350%2C200&ssl=1","width":350,"height":200,"srcset":"https:\/\/i0.wp.com\/kohenavocats.com\/wp-content\/uploads\/2024\/11\/philip-oroni-7cSSg-1365U-unsplash.webp?resize=350%2C200&ssl=1 1x, https:\/\/i0.wp.com\/kohenavocats.com\/wp-content\/uploads\/2024\/11\/philip-oroni-7cSSg-1365U-unsplash.webp?resize=525%2C300&ssl=1 1.5x, https:\/\/i0.wp.com\/kohenavocats.com\/wp-content\/uploads\/2024\/11\/philip-oroni-7cSSg-1365U-unsplash.webp?resize=700%2C400&ssl=1 2x, https:\/\/i0.wp.com\/kohenavocats.com\/wp-content\/uploads\/2024\/11\/philip-oroni-7cSSg-1365U-unsplash.webp?resize=1050%2C600&ssl=1 3x, https:\/\/i0.wp.com\/kohenavocats.com\/wp-content\/uploads\/2024\/11\/philip-oroni-7cSSg-1365U-unsplash.webp?resize=1400%2C800&ssl=1 4x"},"classes":[]},{"id":434567,"url":"https:\/\/kohenavocats.com\/zh-hans\/cour-dappel-de-paris-le-19-fevrier-2026-n23-17885\/","url_meta":{"origin":669328,"position":2},"title":"Cour d&#8217;appel de Paris, le 19 f\u00e9vrier 2026, n\u00b023\/17885","author":"Kohen","date":"2026\u5e743\u670824\u65e5","format":false,"excerpt":"La Cour d\u2019appel de Paris, dans un arr\u00eat du 19 f\u00e9vr\u2026","rel":"","context":"\u5728\u201cCour d'appel\u201d\u4e2d","block_context":{"text":"Cour d'appel","link":"https:\/\/kohenavocats.com\/category\/cour-dappel\/"},"img":{"alt_text":"","src":"https:\/\/i0.wp.com\/kohenavocats.com\/wp-content\/uploads\/2024\/11\/virginia-marinova-xqo5V5aU09g-unsplash.webp?resize=350%2C200&ssl=1","width":350,"height":200,"srcset":"https:\/\/i0.wp.com\/kohenavocats.com\/wp-content\/uploads\/2024\/11\/virginia-marinova-xqo5V5aU09g-unsplash.webp?resize=350%2C200&ssl=1 1x, https:\/\/i0.wp.com\/kohenavocats.com\/wp-content\/uploads\/2024\/11\/virginia-marinova-xqo5V5aU09g-unsplash.webp?resize=525%2C300&ssl=1 1.5x, https:\/\/i0.wp.com\/kohenavocats.com\/wp-content\/uploads\/2024\/11\/virginia-marinova-xqo5V5aU09g-unsplash.webp?resize=700%2C400&ssl=1 2x, https:\/\/i0.wp.com\/kohenavocats.com\/wp-content\/uploads\/2024\/11\/virginia-marinova-xqo5V5aU09g-unsplash.webp?resize=1050%2C600&ssl=1 3x, https:\/\/i0.wp.com\/kohenavocats.com\/wp-content\/uploads\/2024\/11\/virginia-marinova-xqo5V5aU09g-unsplash.webp?resize=1400%2C800&ssl=1 4x"},"classes":[]},{"id":74013,"url":"https:\/\/kohenavocats.com\/zh-hans\/cour-dappel-de-versailles-le-9-septembre-2025-n24-04920\/","url_meta":{"origin":669328,"position":3},"title":"Cour d&#8217;appel de Versailles, le 9 septembre 2025, n\u00b024\/04920","author":"Kohen","date":"2025\u5e7411\u67089\u65e5","format":false,"excerpt":"Cour d\u2019appel de Versailles, 9 septembre 2025\u2026","rel":"","context":"\u5728\u201cCour d'appel\u201d\u4e2d","block_context":{"text":"Cour d'appel","link":"https:\/\/kohenavocats.com\/category\/cour-dappel\/"},"img":{"alt_text":"","src":"https:\/\/i0.wp.com\/kohenavocats.com\/wp-content\/uploads\/2024\/08\/jungxon-uuHZylr_9GY-unsplash.webp?resize=350%2C200&ssl=1","width":350,"height":200,"srcset":"https:\/\/i0.wp.com\/kohenavocats.com\/wp-content\/uploads\/2024\/08\/jungxon-uuHZylr_9GY-unsplash.webp?resize=350%2C200&ssl=1 1x, https:\/\/i0.wp.com\/kohenavocats.com\/wp-content\/uploads\/2024\/08\/jungxon-uuHZylr_9GY-unsplash.webp?resize=525%2C300&ssl=1 1.5x, https:\/\/i0.wp.com\/kohenavocats.com\/wp-content\/uploads\/2024\/08\/jungxon-uuHZylr_9GY-unsplash.webp?resize=700%2C400&ssl=1 2x, https:\/\/i0.wp.com\/kohenavocats.com\/wp-content\/uploads\/2024\/08\/jungxon-uuHZylr_9GY-unsplash.webp?resize=1050%2C600&ssl=1 3x, https:\/\/i0.wp.com\/kohenavocats.com\/wp-content\/uploads\/2024\/08\/jungxon-uuHZylr_9GY-unsplash.webp?resize=1400%2C800&ssl=1 4x"},"classes":[]},{"id":663981,"url":"https:\/\/kohenavocats.com\/zh-hans\/cour-dappel-de-versailles-le-19-septembre-2023-n24-09465\/","url_meta":{"origin":669328,"position":4},"title":"Cour d&#8217;appel de Versailles, le 19 septembre 2023, n\u00b024\/09465","author":"Kohen","date":"2026\u5e744\u670823\u65e5","format":false,"excerpt":"La Cour d'appel de Versailles, statuant en formati\u2026","rel":"","context":"\u5728\u201cCode des assurances\u201d\u4e2d","block_context":{"text":"Code des assurances","link":"https:\/\/kohenavocats.com\/category\/code-des-assurances\/"},"img":{"alt_text":"","src":"https:\/\/i0.wp.com\/kohenavocats.com\/wp-content\/uploads\/2024\/11\/zyanya-citlalli-UacA8X7HWwg-unsplash-1.webp?resize=350%2C200&ssl=1","width":350,"height":200,"srcset":"https:\/\/i0.wp.com\/kohenavocats.com\/wp-content\/uploads\/2024\/11\/zyanya-citlalli-UacA8X7HWwg-unsplash-1.webp?resize=350%2C200&ssl=1 1x, https:\/\/i0.wp.com\/kohenavocats.com\/wp-content\/uploads\/2024\/11\/zyanya-citlalli-UacA8X7HWwg-unsplash-1.webp?resize=525%2C300&ssl=1 1.5x, https:\/\/i0.wp.com\/kohenavocats.com\/wp-content\/uploads\/2024\/11\/zyanya-citlalli-UacA8X7HWwg-unsplash-1.webp?resize=700%2C400&ssl=1 2x, https:\/\/i0.wp.com\/kohenavocats.com\/wp-content\/uploads\/2024\/11\/zyanya-citlalli-UacA8X7HWwg-unsplash-1.webp?resize=1050%2C600&ssl=1 3x, https:\/\/i0.wp.com\/kohenavocats.com\/wp-content\/uploads\/2024\/11\/zyanya-citlalli-UacA8X7HWwg-unsplash-1.webp?resize=1400%2C800&ssl=1 4x"},"classes":[]},{"id":666550,"url":"https:\/\/kohenavocats.com\/zh-hans\/tribunal-judiciaire-de-paris-le-23-septembre-2025-n24-01979\/","url_meta":{"origin":669328,"position":5},"title":"Tribunal judiciaire de Paris, le 23 septembre 2025, n\u00b024\/01979","author":"Kohen","date":"2026\u5e744\u670824\u65e5","format":false,"excerpt":"Le tribunal judiciaire de Paris, le 23 septembre 2\u2026","rel":"","context":"\u5728\u201cJurisprudence\u201d\u4e2d","block_context":{"text":"Jurisprudence","link":"https:\/\/kohenavocats.com\/category\/jurisprudence\/"},"img":{"alt_text":"","src":"https:\/\/i0.wp.com\/kohenavocats.com\/wp-content\/uploads\/2024\/11\/mohamed-nohassi-IriAhed60QU-unsplash.webp?resize=350%2C200&ssl=1","width":350,"height":200,"srcset":"https:\/\/i0.wp.com\/kohenavocats.com\/wp-content\/uploads\/2024\/11\/mohamed-nohassi-IriAhed60QU-unsplash.webp?resize=350%2C200&ssl=1 1x, https:\/\/i0.wp.com\/kohenavocats.com\/wp-content\/uploads\/2024\/11\/mohamed-nohassi-IriAhed60QU-unsplash.webp?resize=525%2C300&ssl=1 1.5x, https:\/\/i0.wp.com\/kohenavocats.com\/wp-content\/uploads\/2024\/11\/mohamed-nohassi-IriAhed60QU-unsplash.webp?resize=700%2C400&ssl=1 2x, https:\/\/i0.wp.com\/kohenavocats.com\/wp-content\/uploads\/2024\/11\/mohamed-nohassi-IriAhed60QU-unsplash.webp?resize=1050%2C600&ssl=1 3x, https:\/\/i0.wp.com\/kohenavocats.com\/wp-content\/uploads\/2024\/11\/mohamed-nohassi-IriAhed60QU-unsplash.webp?resize=1400%2C800&ssl=1 4x"},"classes":[]}],"jetpack_sharing_enabled":true,"_links":{"self":[{"href":"https:\/\/kohenavocats.com\/zh-hans\/wp-json\/wp\/v2\/posts\/669328","targetHints":{"allow":["GET"]}}],"collection":[{"href":"https:\/\/kohenavocats.com\/zh-hans\/wp-json\/wp\/v2\/posts"}],"about":[{"href":"https:\/\/kohenavocats.com\/zh-hans\/wp-json\/wp\/v2\/types\/post"}],"author":[{"embeddable":true,"href":"https:\/\/kohenavocats.com\/zh-hans\/wp-json\/wp\/v2\/users\/232070755"}],"replies":[{"embeddable":true,"href":"https:\/\/kohenavocats.com\/zh-hans\/wp-json\/wp\/v2\/comments?post=669328"}],"version-history":[{"count":0,"href":"https:\/\/kohenavocats.com\/zh-hans\/wp-json\/wp\/v2\/posts\/669328\/revisions"}],"wp:featuredmedia":[{"embeddable":true,"href":"https:\/\/kohenavocats.com\/zh-hans\/wp-json\/wp\/v2\/media\/3572"}],"wp:attachment":[{"href":"https:\/\/kohenavocats.com\/zh-hans\/wp-json\/wp\/v2\/media?parent=669328"}],"wp:term":[{"taxonomy":"category","embeddable":true,"href":"https:\/\/kohenavocats.com\/zh-hans\/wp-json\/wp\/v2\/categories?post=669328"},{"taxonomy":"post_tag","embeddable":true,"href":"https:\/\/kohenavocats.com\/zh-hans\/wp-json\/wp\/v2\/tags?post=669328"}],"curies":[{"name":"wp","href":"https:\/\/api.w.org\/{rel}","templated":true}]}}