{"id":669332,"date":"2026-04-24T06:09:22","date_gmt":"2026-04-24T04:09:22","guid":{"rendered":"https:\/\/kohenavocats.com\/tribunal-judiciaire-de-rouen-le-19-septembre-2025-n24-00371\/"},"modified":"2026-04-24T06:09:22","modified_gmt":"2026-04-24T04:09:22","slug":"tribunal-judiciaire-de-rouen-le-19-septembre-2025-n24-00371","status":"publish","type":"post","link":"https:\/\/kohenavocats.com\/zh-hans\/tribunal-judiciaire-de-rouen-le-19-septembre-2025-n24-00371\/","title":{"rendered":"Tribunal judiciaire de Rouen, le 19 septembre 2025, n\u00b024\/00371"},"content":{"rendered":"<div class=\"article-content\">\n<p>Le tribunal judiciaire de Rouen, le 19 septembre 2025, statue sur une demande en indemnisation suite \u00e0 un accident de la circulation. La victime, cycliste percut\u00e9 par un v\u00e9hicule en fuite, assigne le fonds de garantie et la caisse primaire d&#8217;assurance maladie. Le juge, avant de statuer au fond, ordonne la r\u00e9ouverture des d\u00e9bats en raison d&#8217;un d\u00e9faut de communication des pi\u00e8ces. La solution retenue est un sursis \u00e0 statuer et une invitation \u00e0 r\u00e9gulariser la production documentaire.<\/p>\n<p>L&#8217;exigence d&#8217;une communication probatoire rigoureuse<\/p>\n<p>La motivation du jugement repose sur un strict contr\u00f4le de la production des pi\u00e8ces. Le juge constate une discordance entre les pi\u00e8ces annonc\u00e9es et celles effectivement vers\u00e9es aux d\u00e9bats. &#8220;La juridiction constate cependant dans le dossier de plaidoirie remis que ces pi\u00e8ces ne sont pas produites et que certaines communiqu\u00e9es ne correspondent \u00e0 la num\u00e9rotation figurant sur le bordereau&#8221; (Motifs). Cette observation justifie la mesure de r\u00e9ouverture des d\u00e9bats ordonn\u00e9e.<\/p>\n<p>Cette exigence proc\u00e9durale souligne l&#8217;importance du respect des formes dans l&#8217;administration de la preuve. La d\u00e9cision rappelle que la loyaut\u00e9 des d\u00e9bats impose une communication claire et compl\u00e8te. La port\u00e9e est pratique, elle vise \u00e0 garantir l&#8217;\u00e9galit\u00e9 des armes et la s\u00e9curit\u00e9 juridique du processus contradictoire. La valeur est disciplinaire, elle conditionne l&#8217;examen au fond des pr\u00e9tentions des parties.<\/p>\n<p>Les cons\u00e9quences proc\u00e9durales d&#8217;un d\u00e9faut de r\u00e9gularisation<\/p>\n<p>La d\u00e9cision entra\u00eene des modifications significatives du calendrier processuel. Le juge ordonne la r\u00e9ouverture des d\u00e9bats et r\u00e9v\u00e8le l&#8217;ordonnance de cl\u00f4ture ant\u00e9rieure. Il invite express\u00e9ment la partie demanderesse \u00e0 &#8220;communiquer les pi\u00e8ces qu&#8217;il vise dans ses derni\u00e8res conclusions, num\u00e9rot\u00e9es conform\u00e9ment aux dispositions de l\u2019article 753 du Code de proc\u00e9dure civile&#8221; (Dispositif). Le sursis \u00e0 statuer est la cons\u00e9quence directe de cette insuffisance.<\/p>\n<p>Le sens de cette mesure est de permettre une instruction compl\u00e8te et loyale avant tout jugement au fond. La port\u00e9e est imm\u00e9diate, elle reporte la r\u00e9solution du litige et renvoie l&#8217;affaire \u00e0 une audience ult\u00e9rieure. La valeur est p\u00e9dagogique, elle rappelle aux parties et \u00e0 leurs conseils les obligations fondamentales de la proc\u00e9dure civile contradictoire. Elle \u00e9vite ainsi une d\u00e9cision fond\u00e9e sur un dossier incomplet.<\/p>\n<\/div>\n","protected":false},"excerpt":{"rendered":"<p>Le tribunal judiciaire de Rouen, le 19 septembre 2025, statue sur une demande en indemnisation suite \u00e0 un accident de la circulation. La victime, cycliste pe&#8230;<\/p>\n","protected":false},"author":232070755,"featured_media":9696,"comment_status":"open","ping_status":"open","sticky":false,"template":"","format":"standard","meta":{"_crdt_document":"","_jetpack_newsletter_access":"","_jetpack_dont_email_post_to_subs":false,"_jetpack_newsletter_tier_id":0,"_jetpack_memberships_contains_paywalled_content":false,"_kj_source_type":"","_kj_official_id":"","_kj_official_url":"","_kj_judilibre_id":"","_kj_jur":"","_kj_lieu":"","_kj_chambre":"","_kj_rg":"","_kj_date":"","_jetpack_memberships_contains_paid_content":false,"footnotes":"","jetpack_post_was_ever_published":false},"categories":[7597],"tags":[],"class_list":["post-669332","post","type-post","status-publish","format-standard","has-post-thumbnail","hentry","category-jurisprudence"],"yoast_head":"<!-- This site is optimized with the Yoast SEO Premium plugin v27.5 (Yoast SEO v27.5) - https:\/\/yoast.com\/product\/yoast-seo-premium-wordpress\/ -->\n<title>Tribunal judiciaire de Rouen, le 19 septembre 2025, n\u00b024\/00371 - Ma\u00eetre Hassan Kohen, avocat en droit p\u00e9nal \u00e0 Paris<\/title>\n<meta name=\"description\" content=\"Le tribunal judiciaire de Rouen, le 19 septembre 2025, statue sur une demande en indemnisation suite \u00e0 un accident de la circulation. La victime, cycliste pe...\" \/>\n<meta name=\"robots\" content=\"index, follow, max-snippet:-1, max-image-preview:large, max-video-preview:-1\" \/>\n<link rel=\"canonical\" href=\"https:\/\/kohenavocats.com\/zh-hans\/tribunal-judiciaire-de-rouen-le-19-septembre-2025-n24-00371\/\" \/>\n<meta property=\"og:locale\" content=\"zh_CN\" \/>\n<meta property=\"og:type\" content=\"article\" \/>\n<meta property=\"og:title\" content=\"Tribunal judiciaire de Rouen, le 19 septembre 2025, n\u00b024\/00371\" \/>\n<meta property=\"og:description\" content=\"Le tribunal judiciaire de Rouen, le 19 septembre 2025, statue sur une demande en indemnisation suite \u00e0 un accident de la circulation. La victime, cycliste pe...\" \/>\n<meta property=\"og:url\" content=\"https:\/\/kohenavocats.com\/zh-hans\/tribunal-judiciaire-de-rouen-le-19-septembre-2025-n24-00371\/\" \/>\n<meta property=\"og:site_name\" content=\"Ma\u00eetre Hassan Kohen, avocat en droit p\u00e9nal \u00e0 Paris\" \/>\n<meta property=\"article:published_time\" content=\"2026-04-24T04:09:22+00:00\" \/>\n<meta property=\"og:image\" content=\"https:\/\/kohenavocats.com\/wp-content\/uploads\/2024\/11\/jsb-co-sz1m9nwdXKw-unsplash.webp\" \/>\n\t<meta property=\"og:image:width\" content=\"5000\" \/>\n\t<meta property=\"og:image:height\" content=\"3333\" \/>\n\t<meta property=\"og:image:type\" content=\"image\/webp\" \/>\n<meta name=\"author\" content=\"Kohen\" \/>\n<meta name=\"twitter:card\" content=\"summary_large_image\" \/>\n<meta name=\"twitter:label1\" content=\"\u4f5c\u8005\" \/>\n\t<meta name=\"twitter:data1\" content=\"Kohen\" \/>\n\t<meta name=\"twitter:label2\" content=\"\u9884\u8ba1\u9605\u8bfb\u65f6\u95f4\" \/>\n\t<meta name=\"twitter:data2\" content=\"2 \u5206\" \/>\n<script type=\"application\/ld+json\" class=\"yoast-schema-graph\">{\"@context\":\"https:\\\/\\\/schema.org\",\"@graph\":[{\"@type\":\"Article\",\"@id\":\"https:\\\/\\\/kohenavocats.com\\\/zh-hans\\\/tribunal-judiciaire-de-rouen-le-19-septembre-2025-n24-00371\\\/#article\",\"isPartOf\":{\"@id\":\"https:\\\/\\\/kohenavocats.com\\\/zh-hans\\\/tribunal-judiciaire-de-rouen-le-19-septembre-2025-n24-00371\\\/\"},\"author\":{\"name\":\"Kohen\",\"@id\":\"https:\\\/\\\/kohenavocats.com\\\/zh-hans\\\/#\\\/schema\\\/person\\\/761c9ba54fa1ca84d405cef0831ff751\"},\"headline\":\"Tribunal judiciaire de Rouen, le 19 septembre 2025, n\u00b024\\\/00371\",\"datePublished\":\"2026-04-24T04:09:22+00:00\",\"mainEntityOfPage\":{\"@id\":\"https:\\\/\\\/kohenavocats.com\\\/zh-hans\\\/tribunal-judiciaire-de-rouen-le-19-septembre-2025-n24-00371\\\/\"},\"wordCount\":408,\"commentCount\":0,\"publisher\":{\"@id\":\"https:\\\/\\\/kohenavocats.com\\\/zh-hans\\\/#organization\"},\"image\":{\"@id\":\"https:\\\/\\\/kohenavocats.com\\\/zh-hans\\\/tribunal-judiciaire-de-rouen-le-19-septembre-2025-n24-00371\\\/#primaryimage\"},\"thumbnailUrl\":\"https:\\\/\\\/kohenavocats.com\\\/wp-content\\\/uploads\\\/2024\\\/11\\\/jsb-co-sz1m9nwdXKw-unsplash.webp\",\"articleSection\":[\"Jurisprudence\"],\"inLanguage\":\"zh-Hans\",\"potentialAction\":[{\"@type\":\"CommentAction\",\"name\":\"Comment\",\"target\":[\"https:\\\/\\\/kohenavocats.com\\\/zh-hans\\\/tribunal-judiciaire-de-rouen-le-19-septembre-2025-n24-00371\\\/#respond\"]}],\"citation\":\"Tribunal judiciaire de Rouen, le 19 septembre 2025, n\u00b024\\\/00371\",\"about\":[{\"@type\":\"Thing\",\"name\":\"Jurisprudence\"}],\"dateModified\":\"2026-04-24T04:09:22+00:00\",\"speakable\":{\"@type\":\"SpeakableSpecification\",\"cssSelector\":[\".article-content > p:first-of-type\"]}},{\"@type\":\"WebPage\",\"@id\":\"https:\\\/\\\/kohenavocats.com\\\/zh-hans\\\/tribunal-judiciaire-de-rouen-le-19-septembre-2025-n24-00371\\\/\",\"url\":\"https:\\\/\\\/kohenavocats.com\\\/zh-hans\\\/tribunal-judiciaire-de-rouen-le-19-septembre-2025-n24-00371\\\/\",\"name\":\"Tribunal judiciaire de Rouen, le 19 septembre 2025, n\u00b024\\\/00371 - Ma\u00eetre Hassan Kohen, avocat en droit p\u00e9nal \u00e0 Paris\",\"isPartOf\":{\"@id\":\"https:\\\/\\\/kohenavocats.com\\\/zh-hans\\\/#website\"},\"primaryImageOfPage\":{\"@id\":\"https:\\\/\\\/kohenavocats.com\\\/zh-hans\\\/tribunal-judiciaire-de-rouen-le-19-septembre-2025-n24-00371\\\/#primaryimage\"},\"image\":{\"@id\":\"https:\\\/\\\/kohenavocats.com\\\/zh-hans\\\/tribunal-judiciaire-de-rouen-le-19-septembre-2025-n24-00371\\\/#primaryimage\"},\"thumbnailUrl\":\"https:\\\/\\\/kohenavocats.com\\\/wp-content\\\/uploads\\\/2024\\\/11\\\/jsb-co-sz1m9nwdXKw-unsplash.webp\",\"datePublished\":\"2026-04-24T04:09:22+00:00\",\"description\":\"Le tribunal judiciaire de Rouen, le 19 septembre 2025, statue sur une demande en indemnisation suite \u00e0 un accident de la circulation. La victime, cycliste pe...\",\"breadcrumb\":{\"@id\":\"https:\\\/\\\/kohenavocats.com\\\/zh-hans\\\/tribunal-judiciaire-de-rouen-le-19-septembre-2025-n24-00371\\\/#breadcrumb\"},\"inLanguage\":\"zh-Hans\",\"potentialAction\":[{\"@type\":\"ReadAction\",\"target\":[\"https:\\\/\\\/kohenavocats.com\\\/zh-hans\\\/tribunal-judiciaire-de-rouen-le-19-septembre-2025-n24-00371\\\/\"]}]},{\"@type\":\"ImageObject\",\"inLanguage\":\"zh-Hans\",\"@id\":\"https:\\\/\\\/kohenavocats.com\\\/zh-hans\\\/tribunal-judiciaire-de-rouen-le-19-septembre-2025-n24-00371\\\/#primaryimage\",\"url\":\"https:\\\/\\\/kohenavocats.com\\\/wp-content\\\/uploads\\\/2024\\\/11\\\/jsb-co-sz1m9nwdXKw-unsplash.webp\",\"contentUrl\":\"https:\\\/\\\/kohenavocats.com\\\/wp-content\\\/uploads\\\/2024\\\/11\\\/jsb-co-sz1m9nwdXKw-unsplash.webp\",\"width\":5000,\"height\":3333},{\"@type\":\"BreadcrumbList\",\"@id\":\"https:\\\/\\\/kohenavocats.com\\\/zh-hans\\\/tribunal-judiciaire-de-rouen-le-19-septembre-2025-n24-00371\\\/#breadcrumb\",\"itemListElement\":[{\"@type\":\"ListItem\",\"position\":1,\"name\":\"Home\",\"item\":\"https:\\\/\\\/kohenavocats.com\\\/zh-hans\\\/\"},{\"@type\":\"ListItem\",\"position\":2,\"name\":\"Tribunal judiciaire de Rouen, le 19 septembre 2025, n\u00b024\\\/00371\"}]},{\"@type\":\"WebSite\",\"@id\":\"https:\\\/\\\/kohenavocats.com\\\/zh-hans\\\/#website\",\"url\":\"https:\\\/\\\/kohenavocats.com\\\/zh-hans\\\/\",\"name\":\"Kohen Avocats\",\"description\":\"Ma\u00eetre Hassan Kohen, avocat p\u00e9naliste \u00e0 Paris, intervient exclusivement en droit p\u00e9nal pour la d\u00e9fense des particuliers, notamment en mati\u00e8re d\u2019accusations de viol. Il assure un accompagnement rigoureux d\u00e8s la garde \u00e0 vue jusqu\u2019\u00e0 la Cour d\u2019assises, veillant au strict respect des garanties proc\u00e9durales.\",\"publisher\":{\"@id\":\"https:\\\/\\\/kohenavocats.com\\\/zh-hans\\\/#organization\"},\"potentialAction\":[{\"@type\":\"SearchAction\",\"target\":{\"@type\":\"EntryPoint\",\"urlTemplate\":\"https:\\\/\\\/kohenavocats.com\\\/zh-hans\\\/?s={search_term_string}\"},\"query-input\":{\"@type\":\"PropertyValueSpecification\",\"valueRequired\":true,\"valueName\":\"search_term_string\"}}],\"inLanguage\":\"zh-Hans\"},{\"@type\":\"Organization\",\"@id\":\"https:\\\/\\\/kohenavocats.com\\\/zh-hans\\\/#organization\",\"name\":\"Kohen Avocats\",\"url\":\"https:\\\/\\\/kohenavocats.com\\\/zh-hans\\\/\",\"logo\":{\"@type\":\"ImageObject\",\"inLanguage\":\"zh-Hans\",\"@id\":\"https:\\\/\\\/kohenavocats.com\\\/zh-hans\\\/#\\\/schema\\\/logo\\\/image\\\/\",\"url\":\"https:\\\/\\\/kohenavocats.com\\\/wp-content\\\/uploads\\\/2026\\\/01\\\/Logo-2-1.webp\",\"contentUrl\":\"https:\\\/\\\/kohenavocats.com\\\/wp-content\\\/uploads\\\/2026\\\/01\\\/Logo-2-1.webp\",\"width\":2114,\"height\":1253,\"caption\":\"Kohen Avocats\"},\"image\":{\"@id\":\"https:\\\/\\\/kohenavocats.com\\\/zh-hans\\\/#\\\/schema\\\/logo\\\/image\\\/\"}},{\"@type\":\"Person\",\"@id\":\"https:\\\/\\\/kohenavocats.com\\\/zh-hans\\\/#\\\/schema\\\/person\\\/761c9ba54fa1ca84d405cef0831ff751\",\"name\":\"Kohen\",\"image\":{\"@type\":\"ImageObject\",\"inLanguage\":\"zh-Hans\",\"@id\":\"https:\\\/\\\/secure.gravatar.com\\\/avatar\\\/1c5e76ef76bbbfdd2b4da984e2bf2fa4056fd51a27d25ce2c332047f1dfd6e00?s=96&d=identicon&r=g\",\"url\":\"https:\\\/\\\/secure.gravatar.com\\\/avatar\\\/1c5e76ef76bbbfdd2b4da984e2bf2fa4056fd51a27d25ce2c332047f1dfd6e00?s=96&d=identicon&r=g\",\"contentUrl\":\"https:\\\/\\\/secure.gravatar.com\\\/avatar\\\/1c5e76ef76bbbfdd2b4da984e2bf2fa4056fd51a27d25ce2c332047f1dfd6e00?s=96&d=identicon&r=g\",\"caption\":\"Kohen\"},\"sameAs\":[\"https:\\\/\\\/www.linkedin.com\\\/in\\\/hassan-kohen-448548192\\\/\",\"https:\\\/\\\/www.youtube.com\\\/@Kohen-Avocats\"],\"url\":\"https:\\\/\\\/kohenavocats.com\\\/zh-hans\\\/author\\\/kohenmlk\\\/\"}]}<\/script>\n<!-- \/ Yoast SEO Premium plugin. -->","yoast_head_json":{"title":"Tribunal judiciaire de Rouen, le 19 septembre 2025, n\u00b024\/00371 - Ma\u00eetre Hassan Kohen, avocat en droit p\u00e9nal \u00e0 Paris","description":"Le tribunal judiciaire de Rouen, le 19 septembre 2025, statue sur une demande en indemnisation suite \u00e0 un accident de la circulation. La victime, cycliste pe...","robots":{"index":"index","follow":"follow","max-snippet":"max-snippet:-1","max-image-preview":"max-image-preview:large","max-video-preview":"max-video-preview:-1"},"canonical":"https:\/\/kohenavocats.com\/zh-hans\/tribunal-judiciaire-de-rouen-le-19-septembre-2025-n24-00371\/","og_locale":"zh_CN","og_type":"article","og_title":"Tribunal judiciaire de Rouen, le 19 septembre 2025, n\u00b024\/00371","og_description":"Le tribunal judiciaire de Rouen, le 19 septembre 2025, statue sur une demande en indemnisation suite \u00e0 un accident de la circulation. La victime, cycliste pe...","og_url":"https:\/\/kohenavocats.com\/zh-hans\/tribunal-judiciaire-de-rouen-le-19-septembre-2025-n24-00371\/","og_site_name":"Ma\u00eetre Hassan Kohen, avocat en droit p\u00e9nal \u00e0 Paris","article_published_time":"2026-04-24T04:09:22+00:00","og_image":[{"width":5000,"height":3333,"url":"https:\/\/kohenavocats.com\/wp-content\/uploads\/2024\/11\/jsb-co-sz1m9nwdXKw-unsplash.webp","type":"image\/webp"}],"author":"Kohen","twitter_card":"summary_large_image","twitter_misc":{"\u4f5c\u8005":"Kohen","\u9884\u8ba1\u9605\u8bfb\u65f6\u95f4":"2 \u5206"},"schema":{"@context":"https:\/\/schema.org","@graph":[{"@type":"Article","@id":"https:\/\/kohenavocats.com\/zh-hans\/tribunal-judiciaire-de-rouen-le-19-septembre-2025-n24-00371\/#article","isPartOf":{"@id":"https:\/\/kohenavocats.com\/zh-hans\/tribunal-judiciaire-de-rouen-le-19-septembre-2025-n24-00371\/"},"author":{"name":"Kohen","@id":"https:\/\/kohenavocats.com\/zh-hans\/#\/schema\/person\/761c9ba54fa1ca84d405cef0831ff751"},"headline":"Tribunal judiciaire de Rouen, le 19 septembre 2025, n\u00b024\/00371","datePublished":"2026-04-24T04:09:22+00:00","mainEntityOfPage":{"@id":"https:\/\/kohenavocats.com\/zh-hans\/tribunal-judiciaire-de-rouen-le-19-septembre-2025-n24-00371\/"},"wordCount":408,"commentCount":0,"publisher":{"@id":"https:\/\/kohenavocats.com\/zh-hans\/#organization"},"image":{"@id":"https:\/\/kohenavocats.com\/zh-hans\/tribunal-judiciaire-de-rouen-le-19-septembre-2025-n24-00371\/#primaryimage"},"thumbnailUrl":"https:\/\/kohenavocats.com\/wp-content\/uploads\/2024\/11\/jsb-co-sz1m9nwdXKw-unsplash.webp","articleSection":["Jurisprudence"],"inLanguage":"zh-Hans","potentialAction":[{"@type":"CommentAction","name":"Comment","target":["https:\/\/kohenavocats.com\/zh-hans\/tribunal-judiciaire-de-rouen-le-19-septembre-2025-n24-00371\/#respond"]}],"citation":"Tribunal judiciaire de Rouen, le 19 septembre 2025, n\u00b024\/00371","about":[{"@type":"Thing","name":"Jurisprudence"}],"dateModified":"2026-04-24T04:09:22+00:00","speakable":{"@type":"SpeakableSpecification","cssSelector":[".article-content > p:first-of-type"]}},{"@type":"WebPage","@id":"https:\/\/kohenavocats.com\/zh-hans\/tribunal-judiciaire-de-rouen-le-19-septembre-2025-n24-00371\/","url":"https:\/\/kohenavocats.com\/zh-hans\/tribunal-judiciaire-de-rouen-le-19-septembre-2025-n24-00371\/","name":"Tribunal judiciaire de Rouen, le 19 septembre 2025, n\u00b024\/00371 - Ma\u00eetre Hassan Kohen, avocat en droit p\u00e9nal \u00e0 Paris","isPartOf":{"@id":"https:\/\/kohenavocats.com\/zh-hans\/#website"},"primaryImageOfPage":{"@id":"https:\/\/kohenavocats.com\/zh-hans\/tribunal-judiciaire-de-rouen-le-19-septembre-2025-n24-00371\/#primaryimage"},"image":{"@id":"https:\/\/kohenavocats.com\/zh-hans\/tribunal-judiciaire-de-rouen-le-19-septembre-2025-n24-00371\/#primaryimage"},"thumbnailUrl":"https:\/\/kohenavocats.com\/wp-content\/uploads\/2024\/11\/jsb-co-sz1m9nwdXKw-unsplash.webp","datePublished":"2026-04-24T04:09:22+00:00","description":"Le tribunal judiciaire de Rouen, le 19 septembre 2025, statue sur une demande en indemnisation suite \u00e0 un accident de la circulation. La victime, cycliste pe...","breadcrumb":{"@id":"https:\/\/kohenavocats.com\/zh-hans\/tribunal-judiciaire-de-rouen-le-19-septembre-2025-n24-00371\/#breadcrumb"},"inLanguage":"zh-Hans","potentialAction":[{"@type":"ReadAction","target":["https:\/\/kohenavocats.com\/zh-hans\/tribunal-judiciaire-de-rouen-le-19-septembre-2025-n24-00371\/"]}]},{"@type":"ImageObject","inLanguage":"zh-Hans","@id":"https:\/\/kohenavocats.com\/zh-hans\/tribunal-judiciaire-de-rouen-le-19-septembre-2025-n24-00371\/#primaryimage","url":"https:\/\/kohenavocats.com\/wp-content\/uploads\/2024\/11\/jsb-co-sz1m9nwdXKw-unsplash.webp","contentUrl":"https:\/\/kohenavocats.com\/wp-content\/uploads\/2024\/11\/jsb-co-sz1m9nwdXKw-unsplash.webp","width":5000,"height":3333},{"@type":"BreadcrumbList","@id":"https:\/\/kohenavocats.com\/zh-hans\/tribunal-judiciaire-de-rouen-le-19-septembre-2025-n24-00371\/#breadcrumb","itemListElement":[{"@type":"ListItem","position":1,"name":"Home","item":"https:\/\/kohenavocats.com\/zh-hans\/"},{"@type":"ListItem","position":2,"name":"Tribunal judiciaire de Rouen, le 19 septembre 2025, n\u00b024\/00371"}]},{"@type":"WebSite","@id":"https:\/\/kohenavocats.com\/zh-hans\/#website","url":"https:\/\/kohenavocats.com\/zh-hans\/","name":"Kohen Avocats","description":"Ma\u00eetre Hassan Kohen, avocat p\u00e9naliste \u00e0 Paris, intervient exclusivement en droit p\u00e9nal pour la d\u00e9fense des particuliers, notamment en mati\u00e8re d\u2019accusations de viol. Il assure un accompagnement rigoureux d\u00e8s la garde \u00e0 vue jusqu\u2019\u00e0 la Cour d\u2019assises, veillant au strict respect des garanties proc\u00e9durales.","publisher":{"@id":"https:\/\/kohenavocats.com\/zh-hans\/#organization"},"potentialAction":[{"@type":"SearchAction","target":{"@type":"EntryPoint","urlTemplate":"https:\/\/kohenavocats.com\/zh-hans\/?s={search_term_string}"},"query-input":{"@type":"PropertyValueSpecification","valueRequired":true,"valueName":"search_term_string"}}],"inLanguage":"zh-Hans"},{"@type":"Organization","@id":"https:\/\/kohenavocats.com\/zh-hans\/#organization","name":"Kohen Avocats","url":"https:\/\/kohenavocats.com\/zh-hans\/","logo":{"@type":"ImageObject","inLanguage":"zh-Hans","@id":"https:\/\/kohenavocats.com\/zh-hans\/#\/schema\/logo\/image\/","url":"https:\/\/kohenavocats.com\/wp-content\/uploads\/2026\/01\/Logo-2-1.webp","contentUrl":"https:\/\/kohenavocats.com\/wp-content\/uploads\/2026\/01\/Logo-2-1.webp","width":2114,"height":1253,"caption":"Kohen Avocats"},"image":{"@id":"https:\/\/kohenavocats.com\/zh-hans\/#\/schema\/logo\/image\/"}},{"@type":"Person","@id":"https:\/\/kohenavocats.com\/zh-hans\/#\/schema\/person\/761c9ba54fa1ca84d405cef0831ff751","name":"Kohen","image":{"@type":"ImageObject","inLanguage":"zh-Hans","@id":"https:\/\/secure.gravatar.com\/avatar\/1c5e76ef76bbbfdd2b4da984e2bf2fa4056fd51a27d25ce2c332047f1dfd6e00?s=96&d=identicon&r=g","url":"https:\/\/secure.gravatar.com\/avatar\/1c5e76ef76bbbfdd2b4da984e2bf2fa4056fd51a27d25ce2c332047f1dfd6e00?s=96&d=identicon&r=g","contentUrl":"https:\/\/secure.gravatar.com\/avatar\/1c5e76ef76bbbfdd2b4da984e2bf2fa4056fd51a27d25ce2c332047f1dfd6e00?s=96&d=identicon&r=g","caption":"Kohen"},"sameAs":["https:\/\/www.linkedin.com\/in\/hassan-kohen-448548192\/","https:\/\/www.youtube.com\/@Kohen-Avocats"],"url":"https:\/\/kohenavocats.com\/zh-hans\/author\/kohenmlk\/"}]}},"jetpack_featured_media_url":"https:\/\/kohenavocats.com\/wp-content\/uploads\/2024\/11\/jsb-co-sz1m9nwdXKw-unsplash.webp","jetpack_likes_enabled":false,"jetpack_shortlink":"https:\/\/wp.me\/peCrII-2O7G","jetpack-related-posts":[{"id":654693,"url":"https:\/\/kohenavocats.com\/zh-hans\/cour-dappel-de-rouen-le-1-octobre-2025-n24-02467\/","url_meta":{"origin":669332,"position":0},"title":"Cour d&#8217;appel de Rouen, le 1 octobre 2025, n\u00b024\/02467","author":"Kohen","date":"2026\u5e744\u670823\u65e5","format":false,"excerpt":"La premi\u00e8re chambre civile de la cour d'appel de R\u2026","rel":"","context":"\u5728\u201cJurisprudence\u201d\u4e2d","block_context":{"text":"Jurisprudence","link":"https:\/\/kohenavocats.com\/category\/jurisprudence\/"},"img":{"alt_text":"","src":"https:\/\/i0.wp.com\/kohenavocats.com\/wp-content\/uploads\/2024\/11\/allison-saeng-Xp2cnkaRwlw-unsplash.webp?resize=350%2C200&ssl=1","width":350,"height":200,"srcset":"https:\/\/i0.wp.com\/kohenavocats.com\/wp-content\/uploads\/2024\/11\/allison-saeng-Xp2cnkaRwlw-unsplash.webp?resize=350%2C200&ssl=1 1x, https:\/\/i0.wp.com\/kohenavocats.com\/wp-content\/uploads\/2024\/11\/allison-saeng-Xp2cnkaRwlw-unsplash.webp?resize=525%2C300&ssl=1 1.5x, https:\/\/i0.wp.com\/kohenavocats.com\/wp-content\/uploads\/2024\/11\/allison-saeng-Xp2cnkaRwlw-unsplash.webp?resize=700%2C400&ssl=1 2x, https:\/\/i0.wp.com\/kohenavocats.com\/wp-content\/uploads\/2024\/11\/allison-saeng-Xp2cnkaRwlw-unsplash.webp?resize=1050%2C600&ssl=1 3x, https:\/\/i0.wp.com\/kohenavocats.com\/wp-content\/uploads\/2024\/11\/allison-saeng-Xp2cnkaRwlw-unsplash.webp?resize=1400%2C800&ssl=1 4x"},"classes":[]},{"id":81096,"url":"https:\/\/kohenavocats.com\/zh-hans\/cour-dappel-de-rouen-le-11-juillet-2025-n22-03227\/","url_meta":{"origin":669332,"position":1},"title":"Cour d&#8217;appel de Rouen, le 11 juillet 2025, n\u00b022\/03227","author":"Kohen","date":"2025\u5e7411\u670810\u65e5","format":false,"excerpt":"Rendue par la Cour d'appel de Rouen le 11 juillet \u2026","rel":"","context":"\u5728\u201cCour d'appel\u201d\u4e2d","block_context":{"text":"Cour d'appel","link":"https:\/\/kohenavocats.com\/category\/cour-dappel\/"},"img":{"alt_text":"","src":"https:\/\/i0.wp.com\/kohenavocats.com\/wp-content\/uploads\/2024\/11\/ave-calvar-clKiaVaiROM-unsplash.webp?resize=350%2C200&ssl=1","width":350,"height":200,"srcset":"https:\/\/i0.wp.com\/kohenavocats.com\/wp-content\/uploads\/2024\/11\/ave-calvar-clKiaVaiROM-unsplash.webp?resize=350%2C200&ssl=1 1x, https:\/\/i0.wp.com\/kohenavocats.com\/wp-content\/uploads\/2024\/11\/ave-calvar-clKiaVaiROM-unsplash.webp?resize=525%2C300&ssl=1 1.5x, https:\/\/i0.wp.com\/kohenavocats.com\/wp-content\/uploads\/2024\/11\/ave-calvar-clKiaVaiROM-unsplash.webp?resize=700%2C400&ssl=1 2x, https:\/\/i0.wp.com\/kohenavocats.com\/wp-content\/uploads\/2024\/11\/ave-calvar-clKiaVaiROM-unsplash.webp?resize=1050%2C600&ssl=1 3x, https:\/\/i0.wp.com\/kohenavocats.com\/wp-content\/uploads\/2024\/11\/ave-calvar-clKiaVaiROM-unsplash.webp?resize=1400%2C800&ssl=1 4x"},"classes":[]},{"id":242012,"url":"https:\/\/kohenavocats.com\/zh-hans\/cour-dappel-de-rouen-le-4-septembre-2025-n23-02618\/","url_meta":{"origin":669332,"position":2},"title":"Cour d&#8217;appel de Rouen, le 4 septembre 2025, n\u00b023\/02618","author":"Kohen","date":"2026\u5e741\u67083\u65e5","format":false,"excerpt":"Rendue par la Cour d\u2019appel de Rouen le 4 sep\u2026","rel":"","context":"\u5728\u201cCour d'appel\u201d\u4e2d","block_context":{"text":"Cour d'appel","link":"https:\/\/kohenavocats.com\/category\/cour-dappel\/"},"img":{"alt_text":"","src":"https:\/\/i0.wp.com\/kohenavocats.com\/wp-content\/uploads\/2024\/11\/kevin-delval-JCjXLkyk6Kw-unsplash.webp?resize=350%2C200&ssl=1","width":350,"height":200,"srcset":"https:\/\/i0.wp.com\/kohenavocats.com\/wp-content\/uploads\/2024\/11\/kevin-delval-JCjXLkyk6Kw-unsplash.webp?resize=350%2C200&ssl=1 1x, https:\/\/i0.wp.com\/kohenavocats.com\/wp-content\/uploads\/2024\/11\/kevin-delval-JCjXLkyk6Kw-unsplash.webp?resize=525%2C300&ssl=1 1.5x, https:\/\/i0.wp.com\/kohenavocats.com\/wp-content\/uploads\/2024\/11\/kevin-delval-JCjXLkyk6Kw-unsplash.webp?resize=700%2C400&ssl=1 2x, https:\/\/i0.wp.com\/kohenavocats.com\/wp-content\/uploads\/2024\/11\/kevin-delval-JCjXLkyk6Kw-unsplash.webp?resize=1050%2C600&ssl=1 3x, https:\/\/i0.wp.com\/kohenavocats.com\/wp-content\/uploads\/2024\/11\/kevin-delval-JCjXLkyk6Kw-unsplash.webp?resize=1400%2C800&ssl=1 4x"},"classes":[]},{"id":627015,"url":"https:\/\/kohenavocats.com\/zh-hans\/tribunal-judiciaire-de-rouen-le-10-mars-2026-n25-01011\/","url_meta":{"origin":669332,"position":3},"title":"Tribunal judiciaire de Rouen, le 10 mars 2026, n\u00b025\/01011","author":"Kohen","date":"2026\u5e744\u670820\u65e5","format":false,"excerpt":"Le tribunal judiciaire de Rouen, statuant en r\u00e9f\u00e9r\u2026","rel":"","context":"\u5728\u201cJurisprudence\u201d\u4e2d","block_context":{"text":"Jurisprudence","link":"https:\/\/kohenavocats.com\/category\/jurisprudence\/"},"img":{"alt_text":"","src":"https:\/\/i0.wp.com\/kohenavocats.com\/wp-content\/uploads\/2024\/11\/arnaud-mariat-ilqys8HnQak-unsplash.webp?resize=350%2C200&ssl=1","width":350,"height":200,"srcset":"https:\/\/i0.wp.com\/kohenavocats.com\/wp-content\/uploads\/2024\/11\/arnaud-mariat-ilqys8HnQak-unsplash.webp?resize=350%2C200&ssl=1 1x, https:\/\/i0.wp.com\/kohenavocats.com\/wp-content\/uploads\/2024\/11\/arnaud-mariat-ilqys8HnQak-unsplash.webp?resize=525%2C300&ssl=1 1.5x, https:\/\/i0.wp.com\/kohenavocats.com\/wp-content\/uploads\/2024\/11\/arnaud-mariat-ilqys8HnQak-unsplash.webp?resize=700%2C400&ssl=1 2x, https:\/\/i0.wp.com\/kohenavocats.com\/wp-content\/uploads\/2024\/11\/arnaud-mariat-ilqys8HnQak-unsplash.webp?resize=1050%2C600&ssl=1 3x, https:\/\/i0.wp.com\/kohenavocats.com\/wp-content\/uploads\/2024\/11\/arnaud-mariat-ilqys8HnQak-unsplash.webp?resize=1400%2C800&ssl=1 4x"},"classes":[]},{"id":38696,"url":"https:\/\/kohenavocats.com\/zh-hans\/cour-dappel-de-rouen-le-12-septembre-2025-n24-02129\/","url_meta":{"origin":669332,"position":4},"title":"Cour d&#8217;appel de Rouen, le 12 septembre 2025, n\u00b024\/02129","author":"Kohen","date":"2025\u5e7411\u67086\u65e5","format":false,"excerpt":"La Cour d'appel de Rouen, 12 septembre 2025, se pr\u2026","rel":"","context":"\u5728\u201cCour d'appel\u201d\u4e2d","block_context":{"text":"Cour d'appel","link":"https:\/\/kohenavocats.com\/category\/cour-dappel\/"},"img":{"alt_text":"","src":"https:\/\/i0.wp.com\/kohenavocats.com\/wp-content\/uploads\/2024\/11\/laura-adai-483rEMrcau8-unsplash.webp?resize=350%2C200&ssl=1","width":350,"height":200,"srcset":"https:\/\/i0.wp.com\/kohenavocats.com\/wp-content\/uploads\/2024\/11\/laura-adai-483rEMrcau8-unsplash.webp?resize=350%2C200&ssl=1 1x, https:\/\/i0.wp.com\/kohenavocats.com\/wp-content\/uploads\/2024\/11\/laura-adai-483rEMrcau8-unsplash.webp?resize=525%2C300&ssl=1 1.5x, https:\/\/i0.wp.com\/kohenavocats.com\/wp-content\/uploads\/2024\/11\/laura-adai-483rEMrcau8-unsplash.webp?resize=700%2C400&ssl=1 2x, https:\/\/i0.wp.com\/kohenavocats.com\/wp-content\/uploads\/2024\/11\/laura-adai-483rEMrcau8-unsplash.webp?resize=1050%2C600&ssl=1 3x, https:\/\/i0.wp.com\/kohenavocats.com\/wp-content\/uploads\/2024\/11\/laura-adai-483rEMrcau8-unsplash.webp?resize=1400%2C800&ssl=1 4x"},"classes":[]},{"id":685197,"url":"https:\/\/kohenavocats.com\/zh-hans\/cour-dappel-de-rouen-le-19-juin-2025-n24-02534\/","url_meta":{"origin":669332,"position":5},"title":"Cour d&#8217;appel de Rouen, le 19 juin 2025, n\u00b024\/02534","author":"Kohen","date":"2026\u5e744\u670825\u65e5","format":false,"excerpt":"Par un arr\u00eat de la Cour d'appel de Rouen du 19 jui\u2026","rel":"","context":"\u5728\u201cJurisprudence\u201d\u4e2d","block_context":{"text":"Jurisprudence","link":"https:\/\/kohenavocats.com\/category\/jurisprudence\/"},"img":{"alt_text":"","src":"https:\/\/i0.wp.com\/kohenavocats.com\/wp-content\/uploads\/2024\/08\/anthony-delanoix-fVm02RclkKc-unsplash.webp?resize=350%2C200&ssl=1","width":350,"height":200,"srcset":"https:\/\/i0.wp.com\/kohenavocats.com\/wp-content\/uploads\/2024\/08\/anthony-delanoix-fVm02RclkKc-unsplash.webp?resize=350%2C200&ssl=1 1x, https:\/\/i0.wp.com\/kohenavocats.com\/wp-content\/uploads\/2024\/08\/anthony-delanoix-fVm02RclkKc-unsplash.webp?resize=525%2C300&ssl=1 1.5x, https:\/\/i0.wp.com\/kohenavocats.com\/wp-content\/uploads\/2024\/08\/anthony-delanoix-fVm02RclkKc-unsplash.webp?resize=700%2C400&ssl=1 2x, https:\/\/i0.wp.com\/kohenavocats.com\/wp-content\/uploads\/2024\/08\/anthony-delanoix-fVm02RclkKc-unsplash.webp?resize=1050%2C600&ssl=1 3x, https:\/\/i0.wp.com\/kohenavocats.com\/wp-content\/uploads\/2024\/08\/anthony-delanoix-fVm02RclkKc-unsplash.webp?resize=1400%2C800&ssl=1 4x"},"classes":[]}],"jetpack_sharing_enabled":true,"_links":{"self":[{"href":"https:\/\/kohenavocats.com\/zh-hans\/wp-json\/wp\/v2\/posts\/669332","targetHints":{"allow":["GET"]}}],"collection":[{"href":"https:\/\/kohenavocats.com\/zh-hans\/wp-json\/wp\/v2\/posts"}],"about":[{"href":"https:\/\/kohenavocats.com\/zh-hans\/wp-json\/wp\/v2\/types\/post"}],"author":[{"embeddable":true,"href":"https:\/\/kohenavocats.com\/zh-hans\/wp-json\/wp\/v2\/users\/232070755"}],"replies":[{"embeddable":true,"href":"https:\/\/kohenavocats.com\/zh-hans\/wp-json\/wp\/v2\/comments?post=669332"}],"version-history":[{"count":0,"href":"https:\/\/kohenavocats.com\/zh-hans\/wp-json\/wp\/v2\/posts\/669332\/revisions"}],"wp:featuredmedia":[{"embeddable":true,"href":"https:\/\/kohenavocats.com\/zh-hans\/wp-json\/wp\/v2\/media\/9696"}],"wp:attachment":[{"href":"https:\/\/kohenavocats.com\/zh-hans\/wp-json\/wp\/v2\/media?parent=669332"}],"wp:term":[{"taxonomy":"category","embeddable":true,"href":"https:\/\/kohenavocats.com\/zh-hans\/wp-json\/wp\/v2\/categories?post=669332"},{"taxonomy":"post_tag","embeddable":true,"href":"https:\/\/kohenavocats.com\/zh-hans\/wp-json\/wp\/v2\/tags?post=669332"}],"curies":[{"name":"wp","href":"https:\/\/api.w.org\/{rel}","templated":true}]}}