{"id":670124,"date":"2026-04-24T07:21:23","date_gmt":"2026-04-24T05:21:23","guid":{"rendered":"https:\/\/kohenavocats.com\/tribunal-judiciaire-de-chartres-le-19-mai-2025-n23-03316\/"},"modified":"2026-04-24T07:21:23","modified_gmt":"2026-04-24T05:21:23","slug":"tribunal-judiciaire-de-chartres-le-19-mai-2025-n23-03316","status":"publish","type":"post","link":"https:\/\/kohenavocats.com\/zh-hans\/tribunal-judiciaire-de-chartres-le-19-mai-2025-n23-03316\/","title":{"rendered":"Tribunal judiciaire de Chartres, le 19 mai 2025, n\u00b023\/03316"},"content":{"rendered":"<div class=\"article-content\">\n<p>Le Tribunal judiciaire de Chartres, statuant par ordonnance de son juge de la mise en \u00e9tat le 19 mai 2025, a \u00e9t\u00e9 saisi d\u2019un litige patrimonial entre d\u2019anciens concubins. Une exception d\u2019incomp\u00e9tence d\u2019attribution a \u00e9t\u00e9 soulev\u00e9e par l\u2019une des parties. Le juge devait d\u00e9terminer la juridiction comp\u00e9tente pour cette liquidation. Il a fait droit \u00e0 l\u2019exception et a renvoy\u00e9 l\u2019affaire devant la chambre civile comp\u00e9tente.<\/p>\n<p>La comp\u00e9tence exclusive du juge de la mise en \u00e9tat<\/p>\n<p>Le juge de la mise en \u00e9tat dispose d\u2019une comp\u00e9tence fonctionnelle \u00e9tendue avant son dessaisissement. L\u2019ordonnance rappelle que ce magistrat est &#8220;seul comp\u00e9tent, \u00e0 l\u2019exclusion de toute autre formation du tribunal&#8221; pour statuer sur plusieurs demandes (article 789 du code de proc\u00e9dure civile). Cette attribution vise \u00e0 garantir une instruction efficace et \u00e0 pr\u00e9venir les man\u0153uvres dilatoires. Elle confirme une jurisprudence constante sur la r\u00e9partition des r\u00f4les au sein du tribunal.<\/p>\n<p>Parmi ses pr\u00e9rogatives figure le pouvoir de statuer sur les exceptions de proc\u00e9dure. Le texte pr\u00e9cise que &#8220;les parties ne sont plus recevables \u00e0 soulever ces exceptions et incidents ult\u00e9rieurement&#8221; (article 789 du code de proc\u00e9dure civile). Cette r\u00e8gle de l\u2019irrecevabilit\u00e9 ult\u00e9rieure assure la c\u00e9l\u00e9rit\u00e9 de la proc\u00e9dure. Elle oblige les parties \u00e0 concentrer leurs moyens proc\u00e9duraux avant l\u2019audience de jugement.<\/p>\n<p>La d\u00e9termination de la juridiction comp\u00e9tente au fond<\/p>\n<p>L\u2019exception soulev\u00e9e concernait l\u2019incomp\u00e9tence d\u2019attribution du tribunal saisi. Le litige portait sur &#8220;la liquidation et le partage des int\u00e9r\u00eats patrimoniaux de deux ex-concubins&#8221;. Le juge a examin\u00e9 cette question pr\u00e9alable en application de ses pouvoirs. Il a constat\u00e9 que cette mati\u00e8re relevait manifestement d\u2019une autre chambre du tribunal.<\/p>\n<p>Le juge a fond\u00e9 sa d\u00e9cision sur une analyse des textes relatifs \u00e0 l\u2019organisation judiciaire. Il a rappel\u00e9 que &#8220;le juge aux affaires familiales conna\u00eet (\u2026) de la liquidation et du partage des int\u00e9r\u00eats patrimoniaux (\u2026) entre concubins&#8221; (article L 213-3 du code de l\u2019organisation judiciaire). Cette comp\u00e9tence sp\u00e9cialis\u00e9e est d\u2019ordre public et s\u2019impose au juge. Elle a \u00e9t\u00e9 r\u00e9affirm\u00e9e par une jurisprudence r\u00e9cente sur ce point pr\u00e9cis.<\/p>\n<p>Une d\u00e9cision conforme confirme que &#8220;le juge comp\u00e9tent pour statuer sur toute demande de liquidation et de partage des int\u00e9r\u00eats patrimoniaux des concubins est le juge aux affaires familiales&#8221; (Tribunal judiciaire de Charleville-M\u00e9zi\u00e8res, le 11 juillet 2025, n\u00b024\/00713). L\u2019ordonnance comment\u00e9e applique strictement ce principe. Elle en d\u00e9duit que la chambre civile initialement saisie \u00e9tait incomp\u00e9tente.<\/p>\n<p>La port\u00e9e pratique de la d\u00e9cision<\/p>\n<p>Cette ordonnance illustre le contr\u00f4le exerc\u00e9 par le juge de la mise en \u00e9tat sur les conditions de l\u2019instance. En statuant sur l\u2019exception, il \u00e9vite un jugement au fond par une juridiction incomp\u00e9tente. Son pouvoir de renvoi vers la formation ad\u00e9quate est une mesure d\u2019administration judiciaire. Elle garantit le respect des r\u00e8gles de comp\u00e9tence d\u2019attribution.<\/p>\n<p>La solution retenue renforce la sp\u00e9cialisation du juge aux affaires familiales en mati\u00e8re patrimoniale. Elle \u00e9carte toute interpr\u00e9tation extensive de la comp\u00e9tence des chambres civiles. Les litiges entre concubins suivent ainsi une voie proc\u00e9durale claire et unifi\u00e9e. Cette d\u00e9cision contribue \u00e0 la s\u00e9curit\u00e9 juridique des justiciables.<\/p>\n<\/div>\n","protected":false},"excerpt":{"rendered":"<p>Le Tribunal judiciaire de Chartres, statuant par ordonnance de son juge de la mise en \u00e9tat le 19 mai 2025, a \u00e9t\u00e9 saisi d\u2019un litige patrimonial entre d\u2019ancien&#8230;<\/p>\n","protected":false},"author":232070755,"featured_media":4826,"comment_status":"open","ping_status":"open","sticky":false,"template":"","format":"standard","meta":{"_crdt_document":"","_jetpack_newsletter_access":"","_jetpack_dont_email_post_to_subs":false,"_jetpack_newsletter_tier_id":0,"_jetpack_memberships_contains_paywalled_content":false,"_kj_source_type":"","_kj_official_id":"","_kj_official_url":"","_kj_judilibre_id":"","_kj_jur":"","_kj_lieu":"","_kj_chambre":"","_kj_rg":"","_kj_date":"","_jetpack_memberships_contains_paid_content":false,"footnotes":"","jetpack_post_was_ever_published":false},"categories":[6581,6719,7597],"tags":[],"class_list":["post-670124","post","type-post","status-publish","format-standard","has-post-thumbnail","hentry","category-droit-de-la-famille","category-famille","category-jurisprudence"],"yoast_head":"<!-- This site is optimized with the Yoast SEO Premium plugin v27.4 (Yoast SEO v27.4) - https:\/\/yoast.com\/product\/yoast-seo-premium-wordpress\/ -->\n<title>Tribunal judiciaire de Chartres, le 19 mai 2025, n\u00b023\/03316 - Ma\u00eetre Hassan Kohen, avocat en droit p\u00e9nal \u00e0 Paris<\/title>\n<meta name=\"description\" content=\"Le Tribunal judiciaire de Chartres, statuant par ordonnance de son juge de la mise en \u00e9tat le 19 mai 2025, a \u00e9t\u00e9 saisi d\u2019un litige patrimonial entre d\u2019ancien...\" \/>\n<meta name=\"robots\" content=\"index, follow, max-snippet:-1, max-image-preview:large, max-video-preview:-1\" \/>\n<link rel=\"canonical\" href=\"https:\/\/kohenavocats.com\/zh-hans\/tribunal-judiciaire-de-chartres-le-19-mai-2025-n23-03316\/\" \/>\n<meta property=\"og:locale\" content=\"zh_CN\" \/>\n<meta property=\"og:type\" content=\"article\" \/>\n<meta property=\"og:title\" content=\"Tribunal judiciaire de Chartres, le 19 mai 2025, n\u00b023\/03316\" \/>\n<meta property=\"og:description\" content=\"Le Tribunal judiciaire de Chartres, statuant par ordonnance de son juge de la mise en \u00e9tat le 19 mai 2025, a \u00e9t\u00e9 saisi d\u2019un litige patrimonial entre d\u2019ancien...\" \/>\n<meta property=\"og:url\" content=\"https:\/\/kohenavocats.com\/zh-hans\/tribunal-judiciaire-de-chartres-le-19-mai-2025-n23-03316\/\" \/>\n<meta property=\"og:site_name\" content=\"Ma\u00eetre Hassan Kohen, avocat en droit p\u00e9nal \u00e0 Paris\" \/>\n<meta property=\"article:published_time\" content=\"2026-04-24T05:21:23+00:00\" \/>\n<meta property=\"og:image\" content=\"https:\/\/kohenavocats.com\/wp-content\/uploads\/2024\/08\/andrew-adams-f6xlGzsRC_o-unsplash.webp\" \/>\n\t<meta property=\"og:image:width\" content=\"5743\" \/>\n\t<meta property=\"og:image:height\" content=\"3828\" \/>\n\t<meta property=\"og:image:type\" content=\"image\/webp\" \/>\n<meta name=\"author\" content=\"Kohen\" \/>\n<meta name=\"twitter:card\" content=\"summary_large_image\" \/>\n<meta name=\"twitter:label1\" content=\"\u4f5c\u8005\" \/>\n\t<meta name=\"twitter:data1\" content=\"Kohen\" \/>\n\t<meta name=\"twitter:label2\" content=\"\u9884\u8ba1\u9605\u8bfb\u65f6\u95f4\" \/>\n\t<meta name=\"twitter:data2\" content=\"3 \u5206\" \/>\n<script type=\"application\/ld+json\" class=\"yoast-schema-graph\">{\"@context\":\"https:\\\/\\\/schema.org\",\"@graph\":[{\"@type\":\"Article\",\"@id\":\"https:\\\/\\\/kohenavocats.com\\\/zh-hans\\\/tribunal-judiciaire-de-chartres-le-19-mai-2025-n23-03316\\\/#article\",\"isPartOf\":{\"@id\":\"https:\\\/\\\/kohenavocats.com\\\/zh-hans\\\/tribunal-judiciaire-de-chartres-le-19-mai-2025-n23-03316\\\/\"},\"author\":{\"name\":\"Kohen\",\"@id\":\"https:\\\/\\\/kohenavocats.com\\\/zh-hans\\\/#\\\/schema\\\/person\\\/761c9ba54fa1ca84d405cef0831ff751\"},\"headline\":\"Tribunal judiciaire de Chartres, le 19 mai 2025, n\u00b023\\\/03316\",\"datePublished\":\"2026-04-24T05:21:23+00:00\",\"mainEntityOfPage\":{\"@id\":\"https:\\\/\\\/kohenavocats.com\\\/zh-hans\\\/tribunal-judiciaire-de-chartres-le-19-mai-2025-n23-03316\\\/\"},\"wordCount\":576,\"commentCount\":0,\"publisher\":{\"@id\":\"https:\\\/\\\/kohenavocats.com\\\/zh-hans\\\/#organization\"},\"image\":{\"@id\":\"https:\\\/\\\/kohenavocats.com\\\/zh-hans\\\/tribunal-judiciaire-de-chartres-le-19-mai-2025-n23-03316\\\/#primaryimage\"},\"thumbnailUrl\":\"https:\\\/\\\/kohenavocats.com\\\/wp-content\\\/uploads\\\/2024\\\/08\\\/andrew-adams-f6xlGzsRC_o-unsplash.webp\",\"articleSection\":[\"Droit de la Famille\",\"Famille\",\"Jurisprudence\"],\"inLanguage\":\"zh-Hans\",\"potentialAction\":[{\"@type\":\"CommentAction\",\"name\":\"Comment\",\"target\":[\"https:\\\/\\\/kohenavocats.com\\\/zh-hans\\\/tribunal-judiciaire-de-chartres-le-19-mai-2025-n23-03316\\\/#respond\"]}],\"citation\":\"Tribunal judiciaire de Chartres, le 19 mai 2025, n\u00b023\\\/03316\",\"about\":[{\"@type\":\"Thing\",\"name\":\"Droit de la Famille\"},{\"@type\":\"Thing\",\"name\":\"Famille\"},{\"@type\":\"Thing\",\"name\":\"Jurisprudence\"}],\"dateModified\":\"2026-04-24T05:21:23+00:00\",\"speakable\":{\"@type\":\"SpeakableSpecification\",\"cssSelector\":[\".article-content > p:first-of-type\"]}},{\"@type\":\"WebPage\",\"@id\":\"https:\\\/\\\/kohenavocats.com\\\/zh-hans\\\/tribunal-judiciaire-de-chartres-le-19-mai-2025-n23-03316\\\/\",\"url\":\"https:\\\/\\\/kohenavocats.com\\\/zh-hans\\\/tribunal-judiciaire-de-chartres-le-19-mai-2025-n23-03316\\\/\",\"name\":\"Tribunal judiciaire de Chartres, le 19 mai 2025, n\u00b023\\\/03316 - Ma\u00eetre Hassan Kohen, avocat en droit p\u00e9nal \u00e0 Paris\",\"isPartOf\":{\"@id\":\"https:\\\/\\\/kohenavocats.com\\\/zh-hans\\\/#website\"},\"primaryImageOfPage\":{\"@id\":\"https:\\\/\\\/kohenavocats.com\\\/zh-hans\\\/tribunal-judiciaire-de-chartres-le-19-mai-2025-n23-03316\\\/#primaryimage\"},\"image\":{\"@id\":\"https:\\\/\\\/kohenavocats.com\\\/zh-hans\\\/tribunal-judiciaire-de-chartres-le-19-mai-2025-n23-03316\\\/#primaryimage\"},\"thumbnailUrl\":\"https:\\\/\\\/kohenavocats.com\\\/wp-content\\\/uploads\\\/2024\\\/08\\\/andrew-adams-f6xlGzsRC_o-unsplash.webp\",\"datePublished\":\"2026-04-24T05:21:23+00:00\",\"description\":\"Le Tribunal judiciaire de Chartres, statuant par ordonnance de son juge de la mise en \u00e9tat le 19 mai 2025, a \u00e9t\u00e9 saisi d\u2019un litige patrimonial entre d\u2019ancien...\",\"breadcrumb\":{\"@id\":\"https:\\\/\\\/kohenavocats.com\\\/zh-hans\\\/tribunal-judiciaire-de-chartres-le-19-mai-2025-n23-03316\\\/#breadcrumb\"},\"inLanguage\":\"zh-Hans\",\"potentialAction\":[{\"@type\":\"ReadAction\",\"target\":[\"https:\\\/\\\/kohenavocats.com\\\/zh-hans\\\/tribunal-judiciaire-de-chartres-le-19-mai-2025-n23-03316\\\/\"]}]},{\"@type\":\"ImageObject\",\"inLanguage\":\"zh-Hans\",\"@id\":\"https:\\\/\\\/kohenavocats.com\\\/zh-hans\\\/tribunal-judiciaire-de-chartres-le-19-mai-2025-n23-03316\\\/#primaryimage\",\"url\":\"https:\\\/\\\/kohenavocats.com\\\/wp-content\\\/uploads\\\/2024\\\/08\\\/andrew-adams-f6xlGzsRC_o-unsplash.webp\",\"contentUrl\":\"https:\\\/\\\/kohenavocats.com\\\/wp-content\\\/uploads\\\/2024\\\/08\\\/andrew-adams-f6xlGzsRC_o-unsplash.webp\",\"width\":5743,\"height\":3828},{\"@type\":\"BreadcrumbList\",\"@id\":\"https:\\\/\\\/kohenavocats.com\\\/zh-hans\\\/tribunal-judiciaire-de-chartres-le-19-mai-2025-n23-03316\\\/#breadcrumb\",\"itemListElement\":[{\"@type\":\"ListItem\",\"position\":1,\"name\":\"Home\",\"item\":\"https:\\\/\\\/kohenavocats.com\\\/zh-hans\\\/\"},{\"@type\":\"ListItem\",\"position\":2,\"name\":\"Tribunal judiciaire de Chartres, le 19 mai 2025, n\u00b023\\\/03316\"}]},{\"@type\":\"WebSite\",\"@id\":\"https:\\\/\\\/kohenavocats.com\\\/zh-hans\\\/#website\",\"url\":\"https:\\\/\\\/kohenavocats.com\\\/zh-hans\\\/\",\"name\":\"Kohen Avocats\",\"description\":\"Ma\u00eetre Hassan Kohen, avocat p\u00e9naliste \u00e0 Paris, intervient exclusivement en droit p\u00e9nal pour la d\u00e9fense des particuliers, notamment en mati\u00e8re d\u2019accusations de viol. Il assure un accompagnement rigoureux d\u00e8s la garde \u00e0 vue jusqu\u2019\u00e0 la Cour d\u2019assises, veillant au strict respect des garanties proc\u00e9durales.\",\"publisher\":{\"@id\":\"https:\\\/\\\/kohenavocats.com\\\/zh-hans\\\/#organization\"},\"potentialAction\":[{\"@type\":\"SearchAction\",\"target\":{\"@type\":\"EntryPoint\",\"urlTemplate\":\"https:\\\/\\\/kohenavocats.com\\\/zh-hans\\\/?s={search_term_string}\"},\"query-input\":{\"@type\":\"PropertyValueSpecification\",\"valueRequired\":true,\"valueName\":\"search_term_string\"}}],\"inLanguage\":\"zh-Hans\"},{\"@type\":\"Organization\",\"@id\":\"https:\\\/\\\/kohenavocats.com\\\/zh-hans\\\/#organization\",\"name\":\"Kohen Avocats\",\"url\":\"https:\\\/\\\/kohenavocats.com\\\/zh-hans\\\/\",\"logo\":{\"@type\":\"ImageObject\",\"inLanguage\":\"zh-Hans\",\"@id\":\"https:\\\/\\\/kohenavocats.com\\\/zh-hans\\\/#\\\/schema\\\/logo\\\/image\\\/\",\"url\":\"https:\\\/\\\/kohenavocats.com\\\/wp-content\\\/uploads\\\/2026\\\/01\\\/Logo-2-1.webp\",\"contentUrl\":\"https:\\\/\\\/kohenavocats.com\\\/wp-content\\\/uploads\\\/2026\\\/01\\\/Logo-2-1.webp\",\"width\":2114,\"height\":1253,\"caption\":\"Kohen Avocats\"},\"image\":{\"@id\":\"https:\\\/\\\/kohenavocats.com\\\/zh-hans\\\/#\\\/schema\\\/logo\\\/image\\\/\"}},{\"@type\":\"Person\",\"@id\":\"https:\\\/\\\/kohenavocats.com\\\/zh-hans\\\/#\\\/schema\\\/person\\\/761c9ba54fa1ca84d405cef0831ff751\",\"name\":\"Kohen\",\"image\":{\"@type\":\"ImageObject\",\"inLanguage\":\"zh-Hans\",\"@id\":\"https:\\\/\\\/secure.gravatar.com\\\/avatar\\\/1c5e76ef76bbbfdd2b4da984e2bf2fa4056fd51a27d25ce2c332047f1dfd6e00?s=96&d=identicon&r=g\",\"url\":\"https:\\\/\\\/secure.gravatar.com\\\/avatar\\\/1c5e76ef76bbbfdd2b4da984e2bf2fa4056fd51a27d25ce2c332047f1dfd6e00?s=96&d=identicon&r=g\",\"contentUrl\":\"https:\\\/\\\/secure.gravatar.com\\\/avatar\\\/1c5e76ef76bbbfdd2b4da984e2bf2fa4056fd51a27d25ce2c332047f1dfd6e00?s=96&d=identicon&r=g\",\"caption\":\"Kohen\"},\"sameAs\":[\"https:\\\/\\\/www.linkedin.com\\\/in\\\/hassan-kohen-448548192\\\/\",\"https:\\\/\\\/www.youtube.com\\\/@Kohen-Avocats\"],\"url\":\"https:\\\/\\\/kohenavocats.com\\\/zh-hans\\\/author\\\/kohenmlk\\\/\"}]}<\/script>\n<!-- \/ Yoast SEO Premium plugin. -->","yoast_head_json":{"title":"Tribunal judiciaire de Chartres, le 19 mai 2025, n\u00b023\/03316 - Ma\u00eetre Hassan Kohen, avocat en droit p\u00e9nal \u00e0 Paris","description":"Le Tribunal judiciaire de Chartres, statuant par ordonnance de son juge de la mise en \u00e9tat le 19 mai 2025, a \u00e9t\u00e9 saisi d\u2019un litige patrimonial entre d\u2019ancien...","robots":{"index":"index","follow":"follow","max-snippet":"max-snippet:-1","max-image-preview":"max-image-preview:large","max-video-preview":"max-video-preview:-1"},"canonical":"https:\/\/kohenavocats.com\/zh-hans\/tribunal-judiciaire-de-chartres-le-19-mai-2025-n23-03316\/","og_locale":"zh_CN","og_type":"article","og_title":"Tribunal judiciaire de Chartres, le 19 mai 2025, n\u00b023\/03316","og_description":"Le Tribunal judiciaire de Chartres, statuant par ordonnance de son juge de la mise en \u00e9tat le 19 mai 2025, a \u00e9t\u00e9 saisi d\u2019un litige patrimonial entre d\u2019ancien...","og_url":"https:\/\/kohenavocats.com\/zh-hans\/tribunal-judiciaire-de-chartres-le-19-mai-2025-n23-03316\/","og_site_name":"Ma\u00eetre Hassan Kohen, avocat en droit p\u00e9nal \u00e0 Paris","article_published_time":"2026-04-24T05:21:23+00:00","og_image":[{"width":5743,"height":3828,"url":"https:\/\/kohenavocats.com\/wp-content\/uploads\/2024\/08\/andrew-adams-f6xlGzsRC_o-unsplash.webp","type":"image\/webp"}],"author":"Kohen","twitter_card":"summary_large_image","twitter_misc":{"\u4f5c\u8005":"Kohen","\u9884\u8ba1\u9605\u8bfb\u65f6\u95f4":"3 \u5206"},"schema":{"@context":"https:\/\/schema.org","@graph":[{"@type":"Article","@id":"https:\/\/kohenavocats.com\/zh-hans\/tribunal-judiciaire-de-chartres-le-19-mai-2025-n23-03316\/#article","isPartOf":{"@id":"https:\/\/kohenavocats.com\/zh-hans\/tribunal-judiciaire-de-chartres-le-19-mai-2025-n23-03316\/"},"author":{"name":"Kohen","@id":"https:\/\/kohenavocats.com\/zh-hans\/#\/schema\/person\/761c9ba54fa1ca84d405cef0831ff751"},"headline":"Tribunal judiciaire de Chartres, le 19 mai 2025, n\u00b023\/03316","datePublished":"2026-04-24T05:21:23+00:00","mainEntityOfPage":{"@id":"https:\/\/kohenavocats.com\/zh-hans\/tribunal-judiciaire-de-chartres-le-19-mai-2025-n23-03316\/"},"wordCount":576,"commentCount":0,"publisher":{"@id":"https:\/\/kohenavocats.com\/zh-hans\/#organization"},"image":{"@id":"https:\/\/kohenavocats.com\/zh-hans\/tribunal-judiciaire-de-chartres-le-19-mai-2025-n23-03316\/#primaryimage"},"thumbnailUrl":"https:\/\/kohenavocats.com\/wp-content\/uploads\/2024\/08\/andrew-adams-f6xlGzsRC_o-unsplash.webp","articleSection":["Droit de la Famille","Famille","Jurisprudence"],"inLanguage":"zh-Hans","potentialAction":[{"@type":"CommentAction","name":"Comment","target":["https:\/\/kohenavocats.com\/zh-hans\/tribunal-judiciaire-de-chartres-le-19-mai-2025-n23-03316\/#respond"]}],"citation":"Tribunal judiciaire de Chartres, le 19 mai 2025, n\u00b023\/03316","about":[{"@type":"Thing","name":"Droit de la Famille"},{"@type":"Thing","name":"Famille"},{"@type":"Thing","name":"Jurisprudence"}],"dateModified":"2026-04-24T05:21:23+00:00","speakable":{"@type":"SpeakableSpecification","cssSelector":[".article-content > p:first-of-type"]}},{"@type":"WebPage","@id":"https:\/\/kohenavocats.com\/zh-hans\/tribunal-judiciaire-de-chartres-le-19-mai-2025-n23-03316\/","url":"https:\/\/kohenavocats.com\/zh-hans\/tribunal-judiciaire-de-chartres-le-19-mai-2025-n23-03316\/","name":"Tribunal judiciaire de Chartres, le 19 mai 2025, n\u00b023\/03316 - Ma\u00eetre Hassan Kohen, avocat en droit p\u00e9nal \u00e0 Paris","isPartOf":{"@id":"https:\/\/kohenavocats.com\/zh-hans\/#website"},"primaryImageOfPage":{"@id":"https:\/\/kohenavocats.com\/zh-hans\/tribunal-judiciaire-de-chartres-le-19-mai-2025-n23-03316\/#primaryimage"},"image":{"@id":"https:\/\/kohenavocats.com\/zh-hans\/tribunal-judiciaire-de-chartres-le-19-mai-2025-n23-03316\/#primaryimage"},"thumbnailUrl":"https:\/\/kohenavocats.com\/wp-content\/uploads\/2024\/08\/andrew-adams-f6xlGzsRC_o-unsplash.webp","datePublished":"2026-04-24T05:21:23+00:00","description":"Le Tribunal judiciaire de Chartres, statuant par ordonnance de son juge de la mise en \u00e9tat le 19 mai 2025, a \u00e9t\u00e9 saisi d\u2019un litige patrimonial entre d\u2019ancien...","breadcrumb":{"@id":"https:\/\/kohenavocats.com\/zh-hans\/tribunal-judiciaire-de-chartres-le-19-mai-2025-n23-03316\/#breadcrumb"},"inLanguage":"zh-Hans","potentialAction":[{"@type":"ReadAction","target":["https:\/\/kohenavocats.com\/zh-hans\/tribunal-judiciaire-de-chartres-le-19-mai-2025-n23-03316\/"]}]},{"@type":"ImageObject","inLanguage":"zh-Hans","@id":"https:\/\/kohenavocats.com\/zh-hans\/tribunal-judiciaire-de-chartres-le-19-mai-2025-n23-03316\/#primaryimage","url":"https:\/\/kohenavocats.com\/wp-content\/uploads\/2024\/08\/andrew-adams-f6xlGzsRC_o-unsplash.webp","contentUrl":"https:\/\/kohenavocats.com\/wp-content\/uploads\/2024\/08\/andrew-adams-f6xlGzsRC_o-unsplash.webp","width":5743,"height":3828},{"@type":"BreadcrumbList","@id":"https:\/\/kohenavocats.com\/zh-hans\/tribunal-judiciaire-de-chartres-le-19-mai-2025-n23-03316\/#breadcrumb","itemListElement":[{"@type":"ListItem","position":1,"name":"Home","item":"https:\/\/kohenavocats.com\/zh-hans\/"},{"@type":"ListItem","position":2,"name":"Tribunal judiciaire de Chartres, le 19 mai 2025, n\u00b023\/03316"}]},{"@type":"WebSite","@id":"https:\/\/kohenavocats.com\/zh-hans\/#website","url":"https:\/\/kohenavocats.com\/zh-hans\/","name":"Kohen Avocats","description":"Ma\u00eetre Hassan Kohen, avocat p\u00e9naliste \u00e0 Paris, intervient exclusivement en droit p\u00e9nal pour la d\u00e9fense des particuliers, notamment en mati\u00e8re d\u2019accusations de viol. Il assure un accompagnement rigoureux d\u00e8s la garde \u00e0 vue jusqu\u2019\u00e0 la Cour d\u2019assises, veillant au strict respect des garanties proc\u00e9durales.","publisher":{"@id":"https:\/\/kohenavocats.com\/zh-hans\/#organization"},"potentialAction":[{"@type":"SearchAction","target":{"@type":"EntryPoint","urlTemplate":"https:\/\/kohenavocats.com\/zh-hans\/?s={search_term_string}"},"query-input":{"@type":"PropertyValueSpecification","valueRequired":true,"valueName":"search_term_string"}}],"inLanguage":"zh-Hans"},{"@type":"Organization","@id":"https:\/\/kohenavocats.com\/zh-hans\/#organization","name":"Kohen Avocats","url":"https:\/\/kohenavocats.com\/zh-hans\/","logo":{"@type":"ImageObject","inLanguage":"zh-Hans","@id":"https:\/\/kohenavocats.com\/zh-hans\/#\/schema\/logo\/image\/","url":"https:\/\/kohenavocats.com\/wp-content\/uploads\/2026\/01\/Logo-2-1.webp","contentUrl":"https:\/\/kohenavocats.com\/wp-content\/uploads\/2026\/01\/Logo-2-1.webp","width":2114,"height":1253,"caption":"Kohen Avocats"},"image":{"@id":"https:\/\/kohenavocats.com\/zh-hans\/#\/schema\/logo\/image\/"}},{"@type":"Person","@id":"https:\/\/kohenavocats.com\/zh-hans\/#\/schema\/person\/761c9ba54fa1ca84d405cef0831ff751","name":"Kohen","image":{"@type":"ImageObject","inLanguage":"zh-Hans","@id":"https:\/\/secure.gravatar.com\/avatar\/1c5e76ef76bbbfdd2b4da984e2bf2fa4056fd51a27d25ce2c332047f1dfd6e00?s=96&d=identicon&r=g","url":"https:\/\/secure.gravatar.com\/avatar\/1c5e76ef76bbbfdd2b4da984e2bf2fa4056fd51a27d25ce2c332047f1dfd6e00?s=96&d=identicon&r=g","contentUrl":"https:\/\/secure.gravatar.com\/avatar\/1c5e76ef76bbbfdd2b4da984e2bf2fa4056fd51a27d25ce2c332047f1dfd6e00?s=96&d=identicon&r=g","caption":"Kohen"},"sameAs":["https:\/\/www.linkedin.com\/in\/hassan-kohen-448548192\/","https:\/\/www.youtube.com\/@Kohen-Avocats"],"url":"https:\/\/kohenavocats.com\/zh-hans\/author\/kohenmlk\/"}]}},"jetpack_featured_media_url":"https:\/\/kohenavocats.com\/wp-content\/uploads\/2024\/08\/andrew-adams-f6xlGzsRC_o-unsplash.webp","jetpack_likes_enabled":false,"jetpack_shortlink":"https:\/\/wp.me\/peCrII-2Oks","jetpack-related-posts":[{"id":236887,"url":"https:\/\/kohenavocats.com\/zh-hans\/tribunal-judiciaire-de-rennes-le-19-juin-2025-n25-00674\/","url_meta":{"origin":670124,"position":0},"title":"Tribunal judiciaire de Rennes, le 19 juin 2025, n\u00b025\/00674","author":"Kohen","date":"2025\u5e7412\u670829\u65e5","format":false,"excerpt":"Le r\u00e8glement de comp\u00e9tence territoriale occupe une\u2026","rel":"","context":"\u5728\u201cD\u00e9cisions juridiques\u201d\u4e2d","block_context":{"text":"D\u00e9cisions juridiques","link":"https:\/\/kohenavocats.com\/category\/decisions-juridiques\/"},"img":{"alt_text":"","src":"https:\/\/i0.wp.com\/kohenavocats.com\/wp-content\/uploads\/2024\/11\/getty-images-lG4kfeF1q-I-unsplash.webp?resize=350%2C200&ssl=1","width":350,"height":200,"srcset":"https:\/\/i0.wp.com\/kohenavocats.com\/wp-content\/uploads\/2024\/11\/getty-images-lG4kfeF1q-I-unsplash.webp?resize=350%2C200&ssl=1 1x, https:\/\/i0.wp.com\/kohenavocats.com\/wp-content\/uploads\/2024\/11\/getty-images-lG4kfeF1q-I-unsplash.webp?resize=525%2C300&ssl=1 1.5x, https:\/\/i0.wp.com\/kohenavocats.com\/wp-content\/uploads\/2024\/11\/getty-images-lG4kfeF1q-I-unsplash.webp?resize=700%2C400&ssl=1 2x, https:\/\/i0.wp.com\/kohenavocats.com\/wp-content\/uploads\/2024\/11\/getty-images-lG4kfeF1q-I-unsplash.webp?resize=1050%2C600&ssl=1 3x, https:\/\/i0.wp.com\/kohenavocats.com\/wp-content\/uploads\/2024\/11\/getty-images-lG4kfeF1q-I-unsplash.webp?resize=1400%2C800&ssl=1 4x"},"classes":[]},{"id":55013,"url":"https:\/\/kohenavocats.com\/zh-hans\/tribunal-judiciaire-de-chartres-le-19-juin-2025-n24-02420\/","url_meta":{"origin":670124,"position":1},"title":"Tribunal judiciaire de Chartres, le 19 juin 2025, n\u00b024\/02420","author":"Kohen","date":"2025\u5e7411\u67088\u65e5","format":false,"excerpt":"Rendue par le Tribunal judiciaire de Chartres le 1\u2026","rel":"","context":"\u5728\u201cD\u00e9cisions juridiques\u201d\u4e2d","block_context":{"text":"D\u00e9cisions juridiques","link":"https:\/\/kohenavocats.com\/category\/decisions-juridiques\/"},"img":{"alt_text":"","src":"https:\/\/i0.wp.com\/kohenavocats.com\/wp-content\/uploads\/2024\/07\/alex-block-PdDBTrkGYLo-unsplash-1-1.webp?resize=350%2C200&ssl=1","width":350,"height":200,"srcset":"https:\/\/i0.wp.com\/kohenavocats.com\/wp-content\/uploads\/2024\/07\/alex-block-PdDBTrkGYLo-unsplash-1-1.webp?resize=350%2C200&ssl=1 1x, https:\/\/i0.wp.com\/kohenavocats.com\/wp-content\/uploads\/2024\/07\/alex-block-PdDBTrkGYLo-unsplash-1-1.webp?resize=525%2C300&ssl=1 1.5x, https:\/\/i0.wp.com\/kohenavocats.com\/wp-content\/uploads\/2024\/07\/alex-block-PdDBTrkGYLo-unsplash-1-1.webp?resize=700%2C400&ssl=1 2x, https:\/\/i0.wp.com\/kohenavocats.com\/wp-content\/uploads\/2024\/07\/alex-block-PdDBTrkGYLo-unsplash-1-1.webp?resize=1050%2C600&ssl=1 3x, https:\/\/i0.wp.com\/kohenavocats.com\/wp-content\/uploads\/2024\/07\/alex-block-PdDBTrkGYLo-unsplash-1-1.webp?resize=1400%2C800&ssl=1 4x"},"classes":[]},{"id":614099,"url":"https:\/\/kohenavocats.com\/zh-hans\/tribunal-judiciaire-de-chartres-le-13-mars-2025-n24-03657\/","url_meta":{"origin":670124,"position":2},"title":"Tribunal judiciaire de Chartres, le 13 mars 2025, n\u00b024\/03657","author":"Kohen","date":"2026\u5e744\u670820\u65e5","format":false,"excerpt":"Le juge de l'ex\u00e9cution du tribunal judiciaire de C\u2026","rel":"","context":"\u5728\u201cJurisprudence\u201d\u4e2d","block_context":{"text":"Jurisprudence","link":"https:\/\/kohenavocats.com\/category\/jurisprudence\/"},"img":{"alt_text":"","src":"https:\/\/i0.wp.com\/kohenavocats.com\/wp-content\/uploads\/2024\/11\/getty-images-UdHwfvSivWU-unsplash.webp?resize=350%2C200&ssl=1","width":350,"height":200,"srcset":"https:\/\/i0.wp.com\/kohenavocats.com\/wp-content\/uploads\/2024\/11\/getty-images-UdHwfvSivWU-unsplash.webp?resize=350%2C200&ssl=1 1x, https:\/\/i0.wp.com\/kohenavocats.com\/wp-content\/uploads\/2024\/11\/getty-images-UdHwfvSivWU-unsplash.webp?resize=525%2C300&ssl=1 1.5x, https:\/\/i0.wp.com\/kohenavocats.com\/wp-content\/uploads\/2024\/11\/getty-images-UdHwfvSivWU-unsplash.webp?resize=700%2C400&ssl=1 2x, https:\/\/i0.wp.com\/kohenavocats.com\/wp-content\/uploads\/2024\/11\/getty-images-UdHwfvSivWU-unsplash.webp?resize=1050%2C600&ssl=1 3x, https:\/\/i0.wp.com\/kohenavocats.com\/wp-content\/uploads\/2024\/11\/getty-images-UdHwfvSivWU-unsplash.webp?resize=1400%2C800&ssl=1 4x"},"classes":[]},{"id":412251,"url":"https:\/\/kohenavocats.com\/zh-hans\/tribunal-de-commerce-de-chartres-le-19-fevrier-2025-n2024j00193\/","url_meta":{"origin":670124,"position":3},"title":"Tribunal de commerce de Chartres, le 19 f\u00e9vrier 2025, n\u00b02024J00193","author":"Kohen","date":"2026\u5e743\u670821\u65e5","format":false,"excerpt":"Le Tribunal de commerce de Chartres, par jugement \u2026","rel":"","context":"\u5728\u201cD\u00e9cisions juridiques\u201d\u4e2d","block_context":{"text":"D\u00e9cisions juridiques","link":"https:\/\/kohenavocats.com\/category\/decisions-juridiques\/"},"img":{"alt_text":"","src":"https:\/\/i0.wp.com\/kohenavocats.com\/wp-content\/uploads\/2024\/11\/sarah-penney-kSEP9ouxNp4-unsplash.webp?resize=350%2C200&ssl=1","width":350,"height":200,"srcset":"https:\/\/i0.wp.com\/kohenavocats.com\/wp-content\/uploads\/2024\/11\/sarah-penney-kSEP9ouxNp4-unsplash.webp?resize=350%2C200&ssl=1 1x, https:\/\/i0.wp.com\/kohenavocats.com\/wp-content\/uploads\/2024\/11\/sarah-penney-kSEP9ouxNp4-unsplash.webp?resize=525%2C300&ssl=1 1.5x, https:\/\/i0.wp.com\/kohenavocats.com\/wp-content\/uploads\/2024\/11\/sarah-penney-kSEP9ouxNp4-unsplash.webp?resize=700%2C400&ssl=1 2x, https:\/\/i0.wp.com\/kohenavocats.com\/wp-content\/uploads\/2024\/11\/sarah-penney-kSEP9ouxNp4-unsplash.webp?resize=1050%2C600&ssl=1 3x, https:\/\/i0.wp.com\/kohenavocats.com\/wp-content\/uploads\/2024\/11\/sarah-penney-kSEP9ouxNp4-unsplash.webp?resize=1400%2C800&ssl=1 4x"},"classes":[]},{"id":613925,"url":"https:\/\/kohenavocats.com\/zh-hans\/tribunal-judiciaire-de-chartres-le-27-juin-2025-n24-03656\/","url_meta":{"origin":670124,"position":4},"title":"Tribunal judiciaire de Chartres, le 27 juin 2025, n\u00b024\/03656","author":"Kohen","date":"2026\u5e744\u670820\u65e5","format":false,"excerpt":"Le juge de l'ex\u00e9cution du tribunal judiciaire de C\u2026","rel":"","context":"\u5728\u201cJurisprudence\u201d\u4e2d","block_context":{"text":"Jurisprudence","link":"https:\/\/kohenavocats.com\/category\/jurisprudence\/"},"img":{"alt_text":"","src":"https:\/\/i0.wp.com\/kohenavocats.com\/wp-content\/uploads\/2024\/11\/alex-shuper-m4kXI_iQmsE-unsplash.webp?resize=350%2C200&ssl=1","width":350,"height":200,"srcset":"https:\/\/i0.wp.com\/kohenavocats.com\/wp-content\/uploads\/2024\/11\/alex-shuper-m4kXI_iQmsE-unsplash.webp?resize=350%2C200&ssl=1 1x, https:\/\/i0.wp.com\/kohenavocats.com\/wp-content\/uploads\/2024\/11\/alex-shuper-m4kXI_iQmsE-unsplash.webp?resize=525%2C300&ssl=1 1.5x, https:\/\/i0.wp.com\/kohenavocats.com\/wp-content\/uploads\/2024\/11\/alex-shuper-m4kXI_iQmsE-unsplash.webp?resize=700%2C400&ssl=1 2x, https:\/\/i0.wp.com\/kohenavocats.com\/wp-content\/uploads\/2024\/11\/alex-shuper-m4kXI_iQmsE-unsplash.webp?resize=1050%2C600&ssl=1 3x, https:\/\/i0.wp.com\/kohenavocats.com\/wp-content\/uploads\/2024\/11\/alex-shuper-m4kXI_iQmsE-unsplash.webp?resize=1400%2C800&ssl=1 4x"},"classes":[]},{"id":627159,"url":"https:\/\/kohenavocats.com\/zh-hans\/tribunal-judiciaire-de-chartres-le-19-janvier-2023-n24-01691\/","url_meta":{"origin":670124,"position":5},"title":"Tribunal judiciaire de Chartres, le 19 janvier 2023, n\u00b024\/01691","author":"Kohen","date":"2026\u5e744\u670820\u65e5","format":false,"excerpt":"Le Tribunal judiciaire de Chartres, statuant en la\u2026","rel":"","context":"\u5728\u201cJurisprudence\u201d\u4e2d","block_context":{"text":"Jurisprudence","link":"https:\/\/kohenavocats.com\/category\/jurisprudence\/"},"img":{"alt_text":"","src":"https:\/\/i0.wp.com\/kohenavocats.com\/wp-content\/uploads\/2024\/06\/alex-block-PdDBTrkGYLo-unsplash.jpg?resize=350%2C200&ssl=1","width":350,"height":200,"srcset":"https:\/\/i0.wp.com\/kohenavocats.com\/wp-content\/uploads\/2024\/06\/alex-block-PdDBTrkGYLo-unsplash.jpg?resize=350%2C200&ssl=1 1x, https:\/\/i0.wp.com\/kohenavocats.com\/wp-content\/uploads\/2024\/06\/alex-block-PdDBTrkGYLo-unsplash.jpg?resize=525%2C300&ssl=1 1.5x, https:\/\/i0.wp.com\/kohenavocats.com\/wp-content\/uploads\/2024\/06\/alex-block-PdDBTrkGYLo-unsplash.jpg?resize=700%2C400&ssl=1 2x, https:\/\/i0.wp.com\/kohenavocats.com\/wp-content\/uploads\/2024\/06\/alex-block-PdDBTrkGYLo-unsplash.jpg?resize=1050%2C600&ssl=1 3x, https:\/\/i0.wp.com\/kohenavocats.com\/wp-content\/uploads\/2024\/06\/alex-block-PdDBTrkGYLo-unsplash.jpg?resize=1400%2C800&ssl=1 4x"},"classes":[]}],"jetpack_sharing_enabled":true,"_links":{"self":[{"href":"https:\/\/kohenavocats.com\/zh-hans\/wp-json\/wp\/v2\/posts\/670124","targetHints":{"allow":["GET"]}}],"collection":[{"href":"https:\/\/kohenavocats.com\/zh-hans\/wp-json\/wp\/v2\/posts"}],"about":[{"href":"https:\/\/kohenavocats.com\/zh-hans\/wp-json\/wp\/v2\/types\/post"}],"author":[{"embeddable":true,"href":"https:\/\/kohenavocats.com\/zh-hans\/wp-json\/wp\/v2\/users\/232070755"}],"replies":[{"embeddable":true,"href":"https:\/\/kohenavocats.com\/zh-hans\/wp-json\/wp\/v2\/comments?post=670124"}],"version-history":[{"count":0,"href":"https:\/\/kohenavocats.com\/zh-hans\/wp-json\/wp\/v2\/posts\/670124\/revisions"}],"wp:featuredmedia":[{"embeddable":true,"href":"https:\/\/kohenavocats.com\/zh-hans\/wp-json\/wp\/v2\/media\/4826"}],"wp:attachment":[{"href":"https:\/\/kohenavocats.com\/zh-hans\/wp-json\/wp\/v2\/media?parent=670124"}],"wp:term":[{"taxonomy":"category","embeddable":true,"href":"https:\/\/kohenavocats.com\/zh-hans\/wp-json\/wp\/v2\/categories?post=670124"},{"taxonomy":"post_tag","embeddable":true,"href":"https:\/\/kohenavocats.com\/zh-hans\/wp-json\/wp\/v2\/tags?post=670124"}],"curies":[{"name":"wp","href":"https:\/\/api.w.org\/{rel}","templated":true}]}}