{"id":670276,"date":"2026-04-24T07:35:31","date_gmt":"2026-04-24T05:35:31","guid":{"rendered":"https:\/\/kohenavocats.com\/tribunal-judiciaire-de-paris-le-18-septembre-2025-n22-06178\/"},"modified":"2026-04-24T07:35:31","modified_gmt":"2026-04-24T05:35:31","slug":"tribunal-judiciaire-de-paris-le-18-septembre-2025-n22-06178","status":"publish","type":"post","link":"https:\/\/kohenavocats.com\/zh-hans\/tribunal-judiciaire-de-paris-le-18-septembre-2025-n22-06178\/","title":{"rendered":"Tribunal judiciaire de Paris, le 18 septembre 2025, n\u00b022\/06178"},"content":{"rendered":"<div class=\"article-content\">\n<p>Le tribunal judiciaire, statuant le 18 septembre 2025, a examin\u00e9 un litige relatif \u00e0 la vente d&#8217;un appareil laser m\u00e9dical professionnel. L&#8217;acqu\u00e9reur, un m\u00e9decin, invoquait successivement la garantie des vices cach\u00e9s et la garantie l\u00e9gale de conformit\u00e9 face \u00e0 des dysfonctionnements r\u00e9p\u00e9t\u00e9s. Le vendeur contestait l&#8217;existence d&#8217;un vice cach\u00e9 et l&#8217;application du droit de la consommation. La juridiction a d\u00e9bout\u00e9 l&#8217;acheteuse de l&#8217;ensemble de ses demandes, retenant l&#8217;absence de preuve des conditions des garanties invoqu\u00e9es et la qualit\u00e9 non consommatrice de l&#8217;acqu\u00e9reur.<\/p>\n<p>La preuve insuffisante du vice cach\u00e9<\/p>\n<p>L&#8217;exigence probatoire pesant sur l&#8217;acheteur. L&#8217;article 1641 du code civil impose \u00e0 l&#8217;acheteur de rapporter la preuve d&#8217;un d\u00e9faut grave, inh\u00e9rent et ant\u00e9rieur \u00e0 la vente. Le tribunal rappelle cette charge probatoire lorsque ces \u00e9l\u00e9ments sont contest\u00e9s. En l&#8217;absence d&#8217;expertise, la demanderesse ne peut \u00e9tablir l&#8217;origine intrins\u00e8que et ant\u00e9rieure des dysfonctionnements. La d\u00e9cision souligne ainsi la rigueur n\u00e9cessaire dans la d\u00e9monstration des caract\u00e8res du vice cach\u00e9.<\/p>\n<p>L&#8217;absence de d\u00e9monstration du caract\u00e8re grave du d\u00e9faut. La gravit\u00e9 du vice, qui doit rendre la chose impropre \u00e0 son usage, n&#8217;est pas \u00e9tablie. Le tribunal rel\u00e8ve un usage intensif et continu de l&#8217;appareil sur deux ann\u00e9es. &#8220;La preuve n\u2019est donc pas rapport\u00e9e que les d\u00e9fauts ont rendu l\u2019appareil impropre \u00e0 sa destination&#8221; (Motifs). L&#8217;acheteuse ne produit qu&#8217;une seule attestation de report de s\u00e9ance, insuffisante pour caract\u00e9riser une impropri\u00e9t\u00e9. Ce raisonnement montre que l&#8217;utilisation effective du bien peut neutraliser l&#8217;apparence de gravit\u00e9 des anomalies signal\u00e9es.<\/p>\n<p>L&#8217;inapplicabilit\u00e9 de la garantie l\u00e9gale de conformit\u00e9<\/p>\n<p>La d\u00e9finition restrictive de la qualit\u00e9 de consommateur. Le tribunal \u00e9carte l&#8217;application des articles L.217-1 et suivants du code de la consommation. Il se fonde sur la d\u00e9finition l\u00e9gale du consommateur. &#8220;On entend par consommateur toute personne physique qui agit \u00e0 des fins qui n&#8217;entrent pas dans le cadre de son activit\u00e9 commerciale, industrielle, artisanale, lib\u00e9rale ou agricole&#8221; (Motifs, citant l&#8217;article liminaire du code de la consommation). L&#8217;acheteuse, m\u00e9decin lib\u00e9ral, a acquis l&#8217;appareil pour son activit\u00e9 professionnelle. Cette qualification stricte r\u00e9serve la protection du code de la consommation aux seuls non-professionnels.<\/p>\n<p>La port\u00e9e limit\u00e9e des garanties dans les relations entre professionnels. En constatant que l&#8217;appareil a \u00e9t\u00e9 acquis &#8220;dans le cadre de sa profession de m\u00e9decin lib\u00e9ral&#8221;, le tribunal d\u00e9nie \u00e0 l&#8217;acheteuse la qualit\u00e9 de consommateur. Par cons\u00e9quent, le r\u00e9gime protecteur de la conformit\u00e9 n&#8217;est pas applicable. Cette solution rappelle que les relations entre professionnels rel\u00e8vent du droit commun des contrats. Elle renforce la fronti\u00e8re entre le droit de la consommation et le droit civil commercial, prot\u00e9geant l&#8217;application sp\u00e9ciale de la premi\u00e8re branche.<\/p>\n<p>La d\u00e9cision illustre la s\u00e9paration nette entre le r\u00e9gime civil des vices cach\u00e9s et le r\u00e9gime consum\u00e9riste de la conformit\u00e9. Elle rappelle la charge de preuve exigeante pesant sur l&#8217;acheteur professionnel et la d\u00e9finition stricte du consommateur. Son apport r\u00e9side dans l&#8217;analyse concr\u00e8te de la gravit\u00e9 du vice au regard de l&#8217;usage effectif du bien. Cette jurisprudence incite les acheteurs professionnels \u00e0 diligenter rapidement une expertise en cas de litige sur la qualit\u00e9 de la chose vendue.<\/p>\n<\/div>\n","protected":false},"excerpt":{"rendered":"<p>Le tribunal judiciaire, statuant le 18 septembre 2025, a examin\u00e9 un litige relatif \u00e0 la vente d&#8217;un appareil laser m\u00e9dical professionnel. L&#8217;acqu\u00e9reur, un m\u00e9de&#8230;<\/p>\n","protected":false},"author":232070755,"featured_media":4813,"comment_status":"open","ping_status":"open","sticky":false,"template":"","format":"standard","meta":{"_crdt_document":"","_jetpack_newsletter_access":"","_jetpack_dont_email_post_to_subs":false,"_jetpack_newsletter_tier_id":0,"_jetpack_memberships_contains_paywalled_content":false,"_jetpack_memberships_contains_paid_content":false,"footnotes":"","jetpack_post_was_ever_published":false},"categories":[35583,7597],"tags":[],"class_list":["post-670276","post","type-post","status-publish","format-standard","has-post-thumbnail","hentry","category-immobilier","category-jurisprudence"],"yoast_head":"<!-- This site is optimized with the Yoast SEO Premium plugin v27.4 (Yoast SEO v27.4) - https:\/\/yoast.com\/product\/yoast-seo-premium-wordpress\/ -->\n<title>Tribunal judiciaire de Paris, le 18 septembre 2025, n\u00b022\/06178 - Ma\u00eetre Hassan Kohen, avocat en droit p\u00e9nal \u00e0 Paris<\/title>\n<meta name=\"description\" content=\"Le tribunal judiciaire, statuant le 18 septembre 2025, a examin\u00e9 un litige relatif \u00e0 la vente d&#039;un appareil laser m\u00e9dical professionnel. L&#039;acqu\u00e9reur, un m\u00e9de...\" \/>\n<meta name=\"robots\" content=\"index, follow, max-snippet:-1, max-image-preview:large, max-video-preview:-1\" \/>\n<link rel=\"canonical\" href=\"https:\/\/kohenavocats.com\/zh-hans\/tribunal-judiciaire-de-paris-le-18-septembre-2025-n22-06178\/\" \/>\n<meta property=\"og:locale\" content=\"zh_CN\" \/>\n<meta property=\"og:type\" content=\"article\" \/>\n<meta property=\"og:title\" content=\"Tribunal judiciaire de Paris, le 18 septembre 2025, n\u00b022\/06178\" \/>\n<meta property=\"og:description\" content=\"Le tribunal judiciaire, statuant le 18 septembre 2025, a examin\u00e9 un litige relatif \u00e0 la vente d&#039;un appareil laser m\u00e9dical professionnel. L&#039;acqu\u00e9reur, un m\u00e9de...\" \/>\n<meta property=\"og:url\" content=\"https:\/\/kohenavocats.com\/zh-hans\/tribunal-judiciaire-de-paris-le-18-septembre-2025-n22-06178\/\" \/>\n<meta property=\"og:site_name\" content=\"Ma\u00eetre Hassan Kohen, avocat en droit p\u00e9nal \u00e0 Paris\" \/>\n<meta property=\"article:published_time\" content=\"2026-04-24T05:35:31+00:00\" \/>\n<meta property=\"og:image\" content=\"https:\/\/kohenavocats.com\/wp-content\/uploads\/2024\/08\/yohan-marion-UYA82FGMzFE-unsplash.webp\" \/>\n\t<meta property=\"og:image:width\" content=\"8640\" \/>\n\t<meta property=\"og:image:height\" content=\"5760\" \/>\n\t<meta property=\"og:image:type\" content=\"image\/webp\" \/>\n<meta name=\"author\" content=\"Kohen\" \/>\n<meta name=\"twitter:card\" content=\"summary_large_image\" \/>\n<meta name=\"twitter:label1\" content=\"\u4f5c\u8005\" \/>\n\t<meta name=\"twitter:data1\" content=\"Kohen\" \/>\n\t<meta name=\"twitter:label2\" content=\"\u9884\u8ba1\u9605\u8bfb\u65f6\u95f4\" \/>\n\t<meta name=\"twitter:data2\" content=\"3 \u5206\" \/>\n<script type=\"application\/ld+json\" class=\"yoast-schema-graph\">{\"@context\":\"https:\\\/\\\/schema.org\",\"@graph\":[{\"@type\":\"Article\",\"@id\":\"https:\\\/\\\/kohenavocats.com\\\/zh-hans\\\/tribunal-judiciaire-de-paris-le-18-septembre-2025-n22-06178\\\/#article\",\"isPartOf\":{\"@id\":\"https:\\\/\\\/kohenavocats.com\\\/zh-hans\\\/tribunal-judiciaire-de-paris-le-18-septembre-2025-n22-06178\\\/\"},\"author\":{\"name\":\"Kohen\",\"@id\":\"https:\\\/\\\/kohenavocats.com\\\/zh-hans\\\/#\\\/schema\\\/person\\\/761c9ba54fa1ca84d405cef0831ff751\"},\"headline\":\"Tribunal judiciaire de Paris, le 18 septembre 2025, n\u00b022\\\/06178\",\"datePublished\":\"2026-04-24T05:35:31+00:00\",\"mainEntityOfPage\":{\"@id\":\"https:\\\/\\\/kohenavocats.com\\\/zh-hans\\\/tribunal-judiciaire-de-paris-le-18-septembre-2025-n22-06178\\\/\"},\"wordCount\":593,\"commentCount\":0,\"publisher\":{\"@id\":\"https:\\\/\\\/kohenavocats.com\\\/zh-hans\\\/#organization\"},\"image\":{\"@id\":\"https:\\\/\\\/kohenavocats.com\\\/zh-hans\\\/tribunal-judiciaire-de-paris-le-18-septembre-2025-n22-06178\\\/#primaryimage\"},\"thumbnailUrl\":\"https:\\\/\\\/kohenavocats.com\\\/wp-content\\\/uploads\\\/2024\\\/08\\\/yohan-marion-UYA82FGMzFE-unsplash.webp\",\"articleSection\":[\"Immobilier\",\"Jurisprudence\"],\"inLanguage\":\"zh-Hans\",\"potentialAction\":[{\"@type\":\"CommentAction\",\"name\":\"Comment\",\"target\":[\"https:\\\/\\\/kohenavocats.com\\\/zh-hans\\\/tribunal-judiciaire-de-paris-le-18-septembre-2025-n22-06178\\\/#respond\"]}],\"citation\":\"Tribunal judiciaire de Paris, le 18 septembre 2025, n\u00b022\\\/06178\",\"about\":[{\"@type\":\"Thing\",\"name\":\"Immobilier\"},{\"@type\":\"Thing\",\"name\":\"Jurisprudence\"}],\"dateModified\":\"2026-04-24T05:35:31+00:00\",\"speakable\":{\"@type\":\"SpeakableSpecification\",\"cssSelector\":[\".article-content > p:first-of-type\"]}},{\"@type\":\"WebPage\",\"@id\":\"https:\\\/\\\/kohenavocats.com\\\/zh-hans\\\/tribunal-judiciaire-de-paris-le-18-septembre-2025-n22-06178\\\/\",\"url\":\"https:\\\/\\\/kohenavocats.com\\\/zh-hans\\\/tribunal-judiciaire-de-paris-le-18-septembre-2025-n22-06178\\\/\",\"name\":\"Tribunal judiciaire de Paris, le 18 septembre 2025, n\u00b022\\\/06178 - Ma\u00eetre Hassan Kohen, avocat en droit p\u00e9nal \u00e0 Paris\",\"isPartOf\":{\"@id\":\"https:\\\/\\\/kohenavocats.com\\\/zh-hans\\\/#website\"},\"primaryImageOfPage\":{\"@id\":\"https:\\\/\\\/kohenavocats.com\\\/zh-hans\\\/tribunal-judiciaire-de-paris-le-18-septembre-2025-n22-06178\\\/#primaryimage\"},\"image\":{\"@id\":\"https:\\\/\\\/kohenavocats.com\\\/zh-hans\\\/tribunal-judiciaire-de-paris-le-18-septembre-2025-n22-06178\\\/#primaryimage\"},\"thumbnailUrl\":\"https:\\\/\\\/kohenavocats.com\\\/wp-content\\\/uploads\\\/2024\\\/08\\\/yohan-marion-UYA82FGMzFE-unsplash.webp\",\"datePublished\":\"2026-04-24T05:35:31+00:00\",\"description\":\"Le tribunal judiciaire, statuant le 18 septembre 2025, a examin\u00e9 un litige relatif \u00e0 la vente d'un appareil laser m\u00e9dical professionnel. L'acqu\u00e9reur, un m\u00e9de...\",\"breadcrumb\":{\"@id\":\"https:\\\/\\\/kohenavocats.com\\\/zh-hans\\\/tribunal-judiciaire-de-paris-le-18-septembre-2025-n22-06178\\\/#breadcrumb\"},\"inLanguage\":\"zh-Hans\",\"potentialAction\":[{\"@type\":\"ReadAction\",\"target\":[\"https:\\\/\\\/kohenavocats.com\\\/zh-hans\\\/tribunal-judiciaire-de-paris-le-18-septembre-2025-n22-06178\\\/\"]}]},{\"@type\":\"ImageObject\",\"inLanguage\":\"zh-Hans\",\"@id\":\"https:\\\/\\\/kohenavocats.com\\\/zh-hans\\\/tribunal-judiciaire-de-paris-le-18-septembre-2025-n22-06178\\\/#primaryimage\",\"url\":\"https:\\\/\\\/kohenavocats.com\\\/wp-content\\\/uploads\\\/2024\\\/08\\\/yohan-marion-UYA82FGMzFE-unsplash.webp\",\"contentUrl\":\"https:\\\/\\\/kohenavocats.com\\\/wp-content\\\/uploads\\\/2024\\\/08\\\/yohan-marion-UYA82FGMzFE-unsplash.webp\",\"width\":8640,\"height\":5760},{\"@type\":\"BreadcrumbList\",\"@id\":\"https:\\\/\\\/kohenavocats.com\\\/zh-hans\\\/tribunal-judiciaire-de-paris-le-18-septembre-2025-n22-06178\\\/#breadcrumb\",\"itemListElement\":[{\"@type\":\"ListItem\",\"position\":1,\"name\":\"Home\",\"item\":\"https:\\\/\\\/kohenavocats.com\\\/zh-hans\\\/\"},{\"@type\":\"ListItem\",\"position\":2,\"name\":\"Tribunal judiciaire de Paris, le 18 septembre 2025, n\u00b022\\\/06178\"}]},{\"@type\":\"WebSite\",\"@id\":\"https:\\\/\\\/kohenavocats.com\\\/zh-hans\\\/#website\",\"url\":\"https:\\\/\\\/kohenavocats.com\\\/zh-hans\\\/\",\"name\":\"Kohen Avocats\",\"description\":\"Ma\u00eetre Hassan Kohen, avocat p\u00e9naliste \u00e0 Paris, intervient exclusivement en droit p\u00e9nal pour la d\u00e9fense des particuliers, notamment en mati\u00e8re d\u2019accusations de viol. Il assure un accompagnement rigoureux d\u00e8s la garde \u00e0 vue jusqu\u2019\u00e0 la Cour d\u2019assises, veillant au strict respect des garanties proc\u00e9durales.\",\"publisher\":{\"@id\":\"https:\\\/\\\/kohenavocats.com\\\/zh-hans\\\/#organization\"},\"potentialAction\":[{\"@type\":\"SearchAction\",\"target\":{\"@type\":\"EntryPoint\",\"urlTemplate\":\"https:\\\/\\\/kohenavocats.com\\\/zh-hans\\\/?s={search_term_string}\"},\"query-input\":{\"@type\":\"PropertyValueSpecification\",\"valueRequired\":true,\"valueName\":\"search_term_string\"}}],\"inLanguage\":\"zh-Hans\"},{\"@type\":\"Organization\",\"@id\":\"https:\\\/\\\/kohenavocats.com\\\/zh-hans\\\/#organization\",\"name\":\"Kohen Avocats\",\"url\":\"https:\\\/\\\/kohenavocats.com\\\/zh-hans\\\/\",\"logo\":{\"@type\":\"ImageObject\",\"inLanguage\":\"zh-Hans\",\"@id\":\"https:\\\/\\\/kohenavocats.com\\\/zh-hans\\\/#\\\/schema\\\/logo\\\/image\\\/\",\"url\":\"https:\\\/\\\/kohenavocats.com\\\/wp-content\\\/uploads\\\/2026\\\/01\\\/Logo-2-1.webp\",\"contentUrl\":\"https:\\\/\\\/kohenavocats.com\\\/wp-content\\\/uploads\\\/2026\\\/01\\\/Logo-2-1.webp\",\"width\":2114,\"height\":1253,\"caption\":\"Kohen Avocats\"},\"image\":{\"@id\":\"https:\\\/\\\/kohenavocats.com\\\/zh-hans\\\/#\\\/schema\\\/logo\\\/image\\\/\"}},{\"@type\":\"Person\",\"@id\":\"https:\\\/\\\/kohenavocats.com\\\/zh-hans\\\/#\\\/schema\\\/person\\\/761c9ba54fa1ca84d405cef0831ff751\",\"name\":\"Kohen\",\"image\":{\"@type\":\"ImageObject\",\"inLanguage\":\"zh-Hans\",\"@id\":\"https:\\\/\\\/secure.gravatar.com\\\/avatar\\\/1c5e76ef76bbbfdd2b4da984e2bf2fa4056fd51a27d25ce2c332047f1dfd6e00?s=96&d=identicon&r=g\",\"url\":\"https:\\\/\\\/secure.gravatar.com\\\/avatar\\\/1c5e76ef76bbbfdd2b4da984e2bf2fa4056fd51a27d25ce2c332047f1dfd6e00?s=96&d=identicon&r=g\",\"contentUrl\":\"https:\\\/\\\/secure.gravatar.com\\\/avatar\\\/1c5e76ef76bbbfdd2b4da984e2bf2fa4056fd51a27d25ce2c332047f1dfd6e00?s=96&d=identicon&r=g\",\"caption\":\"Kohen\"},\"sameAs\":[\"https:\\\/\\\/www.linkedin.com\\\/in\\\/hassan-kohen-448548192\\\/\",\"https:\\\/\\\/www.youtube.com\\\/@Kohen-Avocats\"],\"url\":\"https:\\\/\\\/kohenavocats.com\\\/zh-hans\\\/author\\\/kohenmlk\\\/\"}]}<\/script>\n<!-- \/ Yoast SEO Premium plugin. -->","yoast_head_json":{"title":"Tribunal judiciaire de Paris, le 18 septembre 2025, n\u00b022\/06178 - Ma\u00eetre Hassan Kohen, avocat en droit p\u00e9nal \u00e0 Paris","description":"Le tribunal judiciaire, statuant le 18 septembre 2025, a examin\u00e9 un litige relatif \u00e0 la vente d'un appareil laser m\u00e9dical professionnel. L'acqu\u00e9reur, un m\u00e9de...","robots":{"index":"index","follow":"follow","max-snippet":"max-snippet:-1","max-image-preview":"max-image-preview:large","max-video-preview":"max-video-preview:-1"},"canonical":"https:\/\/kohenavocats.com\/zh-hans\/tribunal-judiciaire-de-paris-le-18-septembre-2025-n22-06178\/","og_locale":"zh_CN","og_type":"article","og_title":"Tribunal judiciaire de Paris, le 18 septembre 2025, n\u00b022\/06178","og_description":"Le tribunal judiciaire, statuant le 18 septembre 2025, a examin\u00e9 un litige relatif \u00e0 la vente d'un appareil laser m\u00e9dical professionnel. L'acqu\u00e9reur, un m\u00e9de...","og_url":"https:\/\/kohenavocats.com\/zh-hans\/tribunal-judiciaire-de-paris-le-18-septembre-2025-n22-06178\/","og_site_name":"Ma\u00eetre Hassan Kohen, avocat en droit p\u00e9nal \u00e0 Paris","article_published_time":"2026-04-24T05:35:31+00:00","og_image":[{"width":8640,"height":5760,"url":"https:\/\/kohenavocats.com\/wp-content\/uploads\/2024\/08\/yohan-marion-UYA82FGMzFE-unsplash.webp","type":"image\/webp"}],"author":"Kohen","twitter_card":"summary_large_image","twitter_misc":{"\u4f5c\u8005":"Kohen","\u9884\u8ba1\u9605\u8bfb\u65f6\u95f4":"3 \u5206"},"schema":{"@context":"https:\/\/schema.org","@graph":[{"@type":"Article","@id":"https:\/\/kohenavocats.com\/zh-hans\/tribunal-judiciaire-de-paris-le-18-septembre-2025-n22-06178\/#article","isPartOf":{"@id":"https:\/\/kohenavocats.com\/zh-hans\/tribunal-judiciaire-de-paris-le-18-septembre-2025-n22-06178\/"},"author":{"name":"Kohen","@id":"https:\/\/kohenavocats.com\/zh-hans\/#\/schema\/person\/761c9ba54fa1ca84d405cef0831ff751"},"headline":"Tribunal judiciaire de Paris, le 18 septembre 2025, n\u00b022\/06178","datePublished":"2026-04-24T05:35:31+00:00","mainEntityOfPage":{"@id":"https:\/\/kohenavocats.com\/zh-hans\/tribunal-judiciaire-de-paris-le-18-septembre-2025-n22-06178\/"},"wordCount":593,"commentCount":0,"publisher":{"@id":"https:\/\/kohenavocats.com\/zh-hans\/#organization"},"image":{"@id":"https:\/\/kohenavocats.com\/zh-hans\/tribunal-judiciaire-de-paris-le-18-septembre-2025-n22-06178\/#primaryimage"},"thumbnailUrl":"https:\/\/kohenavocats.com\/wp-content\/uploads\/2024\/08\/yohan-marion-UYA82FGMzFE-unsplash.webp","articleSection":["Immobilier","Jurisprudence"],"inLanguage":"zh-Hans","potentialAction":[{"@type":"CommentAction","name":"Comment","target":["https:\/\/kohenavocats.com\/zh-hans\/tribunal-judiciaire-de-paris-le-18-septembre-2025-n22-06178\/#respond"]}],"citation":"Tribunal judiciaire de Paris, le 18 septembre 2025, n\u00b022\/06178","about":[{"@type":"Thing","name":"Immobilier"},{"@type":"Thing","name":"Jurisprudence"}],"dateModified":"2026-04-24T05:35:31+00:00","speakable":{"@type":"SpeakableSpecification","cssSelector":[".article-content > p:first-of-type"]}},{"@type":"WebPage","@id":"https:\/\/kohenavocats.com\/zh-hans\/tribunal-judiciaire-de-paris-le-18-septembre-2025-n22-06178\/","url":"https:\/\/kohenavocats.com\/zh-hans\/tribunal-judiciaire-de-paris-le-18-septembre-2025-n22-06178\/","name":"Tribunal judiciaire de Paris, le 18 septembre 2025, n\u00b022\/06178 - Ma\u00eetre Hassan Kohen, avocat en droit p\u00e9nal \u00e0 Paris","isPartOf":{"@id":"https:\/\/kohenavocats.com\/zh-hans\/#website"},"primaryImageOfPage":{"@id":"https:\/\/kohenavocats.com\/zh-hans\/tribunal-judiciaire-de-paris-le-18-septembre-2025-n22-06178\/#primaryimage"},"image":{"@id":"https:\/\/kohenavocats.com\/zh-hans\/tribunal-judiciaire-de-paris-le-18-septembre-2025-n22-06178\/#primaryimage"},"thumbnailUrl":"https:\/\/kohenavocats.com\/wp-content\/uploads\/2024\/08\/yohan-marion-UYA82FGMzFE-unsplash.webp","datePublished":"2026-04-24T05:35:31+00:00","description":"Le tribunal judiciaire, statuant le 18 septembre 2025, a examin\u00e9 un litige relatif \u00e0 la vente d'un appareil laser m\u00e9dical professionnel. L'acqu\u00e9reur, un m\u00e9de...","breadcrumb":{"@id":"https:\/\/kohenavocats.com\/zh-hans\/tribunal-judiciaire-de-paris-le-18-septembre-2025-n22-06178\/#breadcrumb"},"inLanguage":"zh-Hans","potentialAction":[{"@type":"ReadAction","target":["https:\/\/kohenavocats.com\/zh-hans\/tribunal-judiciaire-de-paris-le-18-septembre-2025-n22-06178\/"]}]},{"@type":"ImageObject","inLanguage":"zh-Hans","@id":"https:\/\/kohenavocats.com\/zh-hans\/tribunal-judiciaire-de-paris-le-18-septembre-2025-n22-06178\/#primaryimage","url":"https:\/\/kohenavocats.com\/wp-content\/uploads\/2024\/08\/yohan-marion-UYA82FGMzFE-unsplash.webp","contentUrl":"https:\/\/kohenavocats.com\/wp-content\/uploads\/2024\/08\/yohan-marion-UYA82FGMzFE-unsplash.webp","width":8640,"height":5760},{"@type":"BreadcrumbList","@id":"https:\/\/kohenavocats.com\/zh-hans\/tribunal-judiciaire-de-paris-le-18-septembre-2025-n22-06178\/#breadcrumb","itemListElement":[{"@type":"ListItem","position":1,"name":"Home","item":"https:\/\/kohenavocats.com\/zh-hans\/"},{"@type":"ListItem","position":2,"name":"Tribunal judiciaire de Paris, le 18 septembre 2025, n\u00b022\/06178"}]},{"@type":"WebSite","@id":"https:\/\/kohenavocats.com\/zh-hans\/#website","url":"https:\/\/kohenavocats.com\/zh-hans\/","name":"Kohen Avocats","description":"Ma\u00eetre Hassan Kohen, avocat p\u00e9naliste \u00e0 Paris, intervient exclusivement en droit p\u00e9nal pour la d\u00e9fense des particuliers, notamment en mati\u00e8re d\u2019accusations de viol. Il assure un accompagnement rigoureux d\u00e8s la garde \u00e0 vue jusqu\u2019\u00e0 la Cour d\u2019assises, veillant au strict respect des garanties proc\u00e9durales.","publisher":{"@id":"https:\/\/kohenavocats.com\/zh-hans\/#organization"},"potentialAction":[{"@type":"SearchAction","target":{"@type":"EntryPoint","urlTemplate":"https:\/\/kohenavocats.com\/zh-hans\/?s={search_term_string}"},"query-input":{"@type":"PropertyValueSpecification","valueRequired":true,"valueName":"search_term_string"}}],"inLanguage":"zh-Hans"},{"@type":"Organization","@id":"https:\/\/kohenavocats.com\/zh-hans\/#organization","name":"Kohen Avocats","url":"https:\/\/kohenavocats.com\/zh-hans\/","logo":{"@type":"ImageObject","inLanguage":"zh-Hans","@id":"https:\/\/kohenavocats.com\/zh-hans\/#\/schema\/logo\/image\/","url":"https:\/\/kohenavocats.com\/wp-content\/uploads\/2026\/01\/Logo-2-1.webp","contentUrl":"https:\/\/kohenavocats.com\/wp-content\/uploads\/2026\/01\/Logo-2-1.webp","width":2114,"height":1253,"caption":"Kohen Avocats"},"image":{"@id":"https:\/\/kohenavocats.com\/zh-hans\/#\/schema\/logo\/image\/"}},{"@type":"Person","@id":"https:\/\/kohenavocats.com\/zh-hans\/#\/schema\/person\/761c9ba54fa1ca84d405cef0831ff751","name":"Kohen","image":{"@type":"ImageObject","inLanguage":"zh-Hans","@id":"https:\/\/secure.gravatar.com\/avatar\/1c5e76ef76bbbfdd2b4da984e2bf2fa4056fd51a27d25ce2c332047f1dfd6e00?s=96&d=identicon&r=g","url":"https:\/\/secure.gravatar.com\/avatar\/1c5e76ef76bbbfdd2b4da984e2bf2fa4056fd51a27d25ce2c332047f1dfd6e00?s=96&d=identicon&r=g","contentUrl":"https:\/\/secure.gravatar.com\/avatar\/1c5e76ef76bbbfdd2b4da984e2bf2fa4056fd51a27d25ce2c332047f1dfd6e00?s=96&d=identicon&r=g","caption":"Kohen"},"sameAs":["https:\/\/www.linkedin.com\/in\/hassan-kohen-448548192\/","https:\/\/www.youtube.com\/@Kohen-Avocats"],"url":"https:\/\/kohenavocats.com\/zh-hans\/author\/kohenmlk\/"}]}},"jetpack_featured_media_url":"https:\/\/kohenavocats.com\/wp-content\/uploads\/2024\/08\/yohan-marion-UYA82FGMzFE-unsplash.webp","jetpack_likes_enabled":false,"jetpack_shortlink":"https:\/\/wp.me\/peCrII-2OmU","jetpack-related-posts":[{"id":661610,"url":"https:\/\/kohenavocats.com\/zh-hans\/tribunal-judiciaire-de-strasbourg-le-25-septembre-2025-n24-02582\/","url_meta":{"origin":670276,"position":0},"title":"Tribunal judiciaire de Strasbourg, le 25 septembre 2025, n\u00b024\/02582","author":"Kohen","date":"2026\u5e744\u670823\u65e5","format":false,"excerpt":"Le Tribunal judiciaire de Strasbourg, le 25 septem\u2026","rel":"","context":"\u5728\u201cJurisprudence\u201d\u4e2d","block_context":{"text":"Jurisprudence","link":"https:\/\/kohenavocats.com\/category\/jurisprudence\/"},"img":{"alt_text":"","src":"https:\/\/i0.wp.com\/kohenavocats.com\/wp-content\/uploads\/2024\/11\/lala-azizli-IdY1J7h1vwQ-unsplash.webp?resize=350%2C200&ssl=1","width":350,"height":200,"srcset":"https:\/\/i0.wp.com\/kohenavocats.com\/wp-content\/uploads\/2024\/11\/lala-azizli-IdY1J7h1vwQ-unsplash.webp?resize=350%2C200&ssl=1 1x, https:\/\/i0.wp.com\/kohenavocats.com\/wp-content\/uploads\/2024\/11\/lala-azizli-IdY1J7h1vwQ-unsplash.webp?resize=525%2C300&ssl=1 1.5x, https:\/\/i0.wp.com\/kohenavocats.com\/wp-content\/uploads\/2024\/11\/lala-azizli-IdY1J7h1vwQ-unsplash.webp?resize=700%2C400&ssl=1 2x, https:\/\/i0.wp.com\/kohenavocats.com\/wp-content\/uploads\/2024\/11\/lala-azizli-IdY1J7h1vwQ-unsplash.webp?resize=1050%2C600&ssl=1 3x, https:\/\/i0.wp.com\/kohenavocats.com\/wp-content\/uploads\/2024\/11\/lala-azizli-IdY1J7h1vwQ-unsplash.webp?resize=1400%2C800&ssl=1 4x"},"classes":[]},{"id":662270,"url":"https:\/\/kohenavocats.com\/zh-hans\/tribunal-judiciaire-de-toulouse-le-25-septembre-2025-n23-00070\/","url_meta":{"origin":670276,"position":1},"title":"Tribunal judiciaire de Toulouse, le 25 septembre 2025, n\u00b023\/00070","author":"Kohen","date":"2026\u5e744\u670823\u65e5","format":false,"excerpt":"Le tribunal judiciaire de [Localit\u00e9 5], dans un ju\u2026","rel":"","context":"\u5728\u201cJurisprudence\u201d\u4e2d","block_context":{"text":"Jurisprudence","link":"https:\/\/kohenavocats.com\/category\/jurisprudence\/"},"img":{"alt_text":"","src":"https:\/\/i0.wp.com\/kohenavocats.com\/wp-content\/uploads\/2024\/08\/is-chessyca-ms276CveJPY-unsplash.webp?resize=350%2C200&ssl=1","width":350,"height":200,"srcset":"https:\/\/i0.wp.com\/kohenavocats.com\/wp-content\/uploads\/2024\/08\/is-chessyca-ms276CveJPY-unsplash.webp?resize=350%2C200&ssl=1 1x, https:\/\/i0.wp.com\/kohenavocats.com\/wp-content\/uploads\/2024\/08\/is-chessyca-ms276CveJPY-unsplash.webp?resize=525%2C300&ssl=1 1.5x, https:\/\/i0.wp.com\/kohenavocats.com\/wp-content\/uploads\/2024\/08\/is-chessyca-ms276CveJPY-unsplash.webp?resize=700%2C400&ssl=1 2x, https:\/\/i0.wp.com\/kohenavocats.com\/wp-content\/uploads\/2024\/08\/is-chessyca-ms276CveJPY-unsplash.webp?resize=1050%2C600&ssl=1 3x, https:\/\/i0.wp.com\/kohenavocats.com\/wp-content\/uploads\/2024\/08\/is-chessyca-ms276CveJPY-unsplash.webp?resize=1400%2C800&ssl=1 4x"},"classes":[]},{"id":666812,"url":"https:\/\/kohenavocats.com\/zh-hans\/tribunal-judiciaire-de-montpellier-le-23-septembre-2025-n23-00094\/","url_meta":{"origin":670276,"position":2},"title":"Tribunal judiciaire de Montpellier, le 23 septembre 2025, n\u00b023\/00094","author":"Kohen","date":"2026\u5e744\u670824\u65e5","format":false,"excerpt":"Le Tribunal judiciaire de Montpellier, par jugemen\u2026","rel":"","context":"\u5728\u201cJurisprudence\u201d\u4e2d","block_context":{"text":"Jurisprudence","link":"https:\/\/kohenavocats.com\/category\/jurisprudence\/"},"img":{"alt_text":"","src":"https:\/\/i0.wp.com\/kohenavocats.com\/wp-content\/uploads\/2024\/11\/getty-images-Sk9JF1KDz6M-unsplash.webp?resize=350%2C200&ssl=1","width":350,"height":200,"srcset":"https:\/\/i0.wp.com\/kohenavocats.com\/wp-content\/uploads\/2024\/11\/getty-images-Sk9JF1KDz6M-unsplash.webp?resize=350%2C200&ssl=1 1x, https:\/\/i0.wp.com\/kohenavocats.com\/wp-content\/uploads\/2024\/11\/getty-images-Sk9JF1KDz6M-unsplash.webp?resize=525%2C300&ssl=1 1.5x, https:\/\/i0.wp.com\/kohenavocats.com\/wp-content\/uploads\/2024\/11\/getty-images-Sk9JF1KDz6M-unsplash.webp?resize=700%2C400&ssl=1 2x, https:\/\/i0.wp.com\/kohenavocats.com\/wp-content\/uploads\/2024\/11\/getty-images-Sk9JF1KDz6M-unsplash.webp?resize=1050%2C600&ssl=1 3x, https:\/\/i0.wp.com\/kohenavocats.com\/wp-content\/uploads\/2024\/11\/getty-images-Sk9JF1KDz6M-unsplash.webp?resize=1400%2C800&ssl=1 4x"},"classes":[]},{"id":653499,"url":"https:\/\/kohenavocats.com\/zh-hans\/cour-dappel-de-toulouse-le-10-juillet-2024-n23-00504\/","url_meta":{"origin":670276,"position":3},"title":"Cour d&#8217;appel de Toulouse, le 10 juillet 2024, n\u00b023\/00504","author":"Kohen","date":"2026\u5e744\u670823\u65e5","format":false,"excerpt":"La Cour d'appel de Toulouse, statuant le 10 juille\u2026","rel":"","context":"\u5728\u201cJurisprudence\u201d\u4e2d","block_context":{"text":"Jurisprudence","link":"https:\/\/kohenavocats.com\/category\/jurisprudence\/"},"img":{"alt_text":"","src":"https:\/\/i0.wp.com\/kohenavocats.com\/wp-content\/uploads\/2024\/11\/getty-images-wvhLLa5sdtg-unsplash.webp?resize=350%2C200&ssl=1","width":350,"height":200,"srcset":"https:\/\/i0.wp.com\/kohenavocats.com\/wp-content\/uploads\/2024\/11\/getty-images-wvhLLa5sdtg-unsplash.webp?resize=350%2C200&ssl=1 1x, https:\/\/i0.wp.com\/kohenavocats.com\/wp-content\/uploads\/2024\/11\/getty-images-wvhLLa5sdtg-unsplash.webp?resize=525%2C300&ssl=1 1.5x, https:\/\/i0.wp.com\/kohenavocats.com\/wp-content\/uploads\/2024\/11\/getty-images-wvhLLa5sdtg-unsplash.webp?resize=700%2C400&ssl=1 2x, https:\/\/i0.wp.com\/kohenavocats.com\/wp-content\/uploads\/2024\/11\/getty-images-wvhLLa5sdtg-unsplash.webp?resize=1050%2C600&ssl=1 3x, https:\/\/i0.wp.com\/kohenavocats.com\/wp-content\/uploads\/2024\/11\/getty-images-wvhLLa5sdtg-unsplash.webp?resize=1400%2C800&ssl=1 4x"},"classes":[]},{"id":490165,"url":"https:\/\/kohenavocats.com\/zh-hans\/tribunal-judiciaire-de-nantes-le-27-mars-2025-n25-00743\/","url_meta":{"origin":670276,"position":4},"title":"Tribunal judiciaire de Nantes, le 27 mars 2025, n\u00b025\/00743","author":"Kohen","date":"2026\u5e744\u67088\u65e5","format":false,"excerpt":"Le tribunal judiciaire de Nantes, statuant le 27 m\u2026","rel":"","context":"\u5728\u201cJurisprudence\u201d\u4e2d","block_context":{"text":"Jurisprudence","link":"https:\/\/kohenavocats.com\/category\/jurisprudence\/"},"img":{"alt_text":"","src":"https:\/\/i0.wp.com\/kohenavocats.com\/wp-content\/uploads\/2024\/11\/osarugue-igbinoba-GtkcrFqc5hE-unsplash.webp?resize=350%2C200&ssl=1","width":350,"height":200,"srcset":"https:\/\/i0.wp.com\/kohenavocats.com\/wp-content\/uploads\/2024\/11\/osarugue-igbinoba-GtkcrFqc5hE-unsplash.webp?resize=350%2C200&ssl=1 1x, https:\/\/i0.wp.com\/kohenavocats.com\/wp-content\/uploads\/2024\/11\/osarugue-igbinoba-GtkcrFqc5hE-unsplash.webp?resize=525%2C300&ssl=1 1.5x, https:\/\/i0.wp.com\/kohenavocats.com\/wp-content\/uploads\/2024\/11\/osarugue-igbinoba-GtkcrFqc5hE-unsplash.webp?resize=700%2C400&ssl=1 2x, https:\/\/i0.wp.com\/kohenavocats.com\/wp-content\/uploads\/2024\/11\/osarugue-igbinoba-GtkcrFqc5hE-unsplash.webp?resize=1050%2C600&ssl=1 3x, https:\/\/i0.wp.com\/kohenavocats.com\/wp-content\/uploads\/2024\/11\/osarugue-igbinoba-GtkcrFqc5hE-unsplash.webp?resize=1400%2C800&ssl=1 4x"},"classes":[]},{"id":659582,"url":"https:\/\/kohenavocats.com\/zh-hans\/tribunal-judiciaire-de-nice-le-26-septembre-2025-n23-00271\/","url_meta":{"origin":670276,"position":5},"title":"Tribunal judiciaire de Nice, le 26 septembre 2025, n\u00b023\/00271","author":"Kohen","date":"2026\u5e744\u670823\u65e5","format":false,"excerpt":"Le Tribunal judiciaire de Nice, statuant le 26 sep\u2026","rel":"","context":"\u5728\u201cJurisprudence\u201d\u4e2d","block_context":{"text":"Jurisprudence","link":"https:\/\/kohenavocats.com\/category\/jurisprudence\/"},"img":{"alt_text":"","src":"https:\/\/i0.wp.com\/kohenavocats.com\/wp-content\/uploads\/2024\/11\/aakash-dhage-nARm1vWkl1I-unsplash.webp?resize=350%2C200&ssl=1","width":350,"height":200,"srcset":"https:\/\/i0.wp.com\/kohenavocats.com\/wp-content\/uploads\/2024\/11\/aakash-dhage-nARm1vWkl1I-unsplash.webp?resize=350%2C200&ssl=1 1x, https:\/\/i0.wp.com\/kohenavocats.com\/wp-content\/uploads\/2024\/11\/aakash-dhage-nARm1vWkl1I-unsplash.webp?resize=525%2C300&ssl=1 1.5x, https:\/\/i0.wp.com\/kohenavocats.com\/wp-content\/uploads\/2024\/11\/aakash-dhage-nARm1vWkl1I-unsplash.webp?resize=700%2C400&ssl=1 2x, https:\/\/i0.wp.com\/kohenavocats.com\/wp-content\/uploads\/2024\/11\/aakash-dhage-nARm1vWkl1I-unsplash.webp?resize=1050%2C600&ssl=1 3x, https:\/\/i0.wp.com\/kohenavocats.com\/wp-content\/uploads\/2024\/11\/aakash-dhage-nARm1vWkl1I-unsplash.webp?resize=1400%2C800&ssl=1 4x"},"classes":[]}],"jetpack_sharing_enabled":true,"_links":{"self":[{"href":"https:\/\/kohenavocats.com\/zh-hans\/wp-json\/wp\/v2\/posts\/670276","targetHints":{"allow":["GET"]}}],"collection":[{"href":"https:\/\/kohenavocats.com\/zh-hans\/wp-json\/wp\/v2\/posts"}],"about":[{"href":"https:\/\/kohenavocats.com\/zh-hans\/wp-json\/wp\/v2\/types\/post"}],"author":[{"embeddable":true,"href":"https:\/\/kohenavocats.com\/zh-hans\/wp-json\/wp\/v2\/users\/232070755"}],"replies":[{"embeddable":true,"href":"https:\/\/kohenavocats.com\/zh-hans\/wp-json\/wp\/v2\/comments?post=670276"}],"version-history":[{"count":0,"href":"https:\/\/kohenavocats.com\/zh-hans\/wp-json\/wp\/v2\/posts\/670276\/revisions"}],"wp:featuredmedia":[{"embeddable":true,"href":"https:\/\/kohenavocats.com\/zh-hans\/wp-json\/wp\/v2\/media\/4813"}],"wp:attachment":[{"href":"https:\/\/kohenavocats.com\/zh-hans\/wp-json\/wp\/v2\/media?parent=670276"}],"wp:term":[{"taxonomy":"category","embeddable":true,"href":"https:\/\/kohenavocats.com\/zh-hans\/wp-json\/wp\/v2\/categories?post=670276"},{"taxonomy":"post_tag","embeddable":true,"href":"https:\/\/kohenavocats.com\/zh-hans\/wp-json\/wp\/v2\/tags?post=670276"}],"curies":[{"name":"wp","href":"https:\/\/api.w.org\/{rel}","templated":true}]}}