{"id":670315,"date":"2026-04-24T07:38:31","date_gmt":"2026-04-24T05:38:31","guid":{"rendered":"https:\/\/kohenavocats.com\/tribunal-judiciaire-de-rouen-le-18-septembre-2025-n25-00936\/"},"modified":"2026-04-26T16:34:28","modified_gmt":"2026-04-26T14:34:28","slug":"tribunal-judiciaire-de-rouen-le-18-septembre-2025-n25-00936","status":"publish","type":"post","link":"https:\/\/kohenavocats.com\/zh-hans\/tribunal-judiciaire-de-rouen-le-18-septembre-2025-n25-00936\/","title":{"rendered":"Tribunal judiciaire de Rouen, le 18 septembre 2025, n\u00b025\/00936"},"content":{"rendered":"<div class=\"article-content\">\n<p>Le tribunal judiciaire de Rouen, statuant en <a href=\"https:\/\/kohenavocats.com\/avocats-en-droit-penal-a-paris-conseil-et-defense-strategique\/avocats-detention-provisoire-paris\/\" target=\"_blank\" title=\"juge des libert\u00e9s et de la d\u00e9tention\">juge des libert\u00e9s et de la d\u00e9tention<\/a> le 18 septembre 2025, examine la r\u00e9gularit\u00e9 d\u2019une mesure d\u2019hospitalisation compl\u00e8te. Le certificat m\u00e9dical initial pr\u00e9sente des vices de forme et de fond substantiels. Le juge doit donc d\u00e9terminer si ces irr\u00e9gularit\u00e9s entra\u00eenent la mainlev\u00e9e de la mesure. Il ordonne la mainlev\u00e9e mais en diff\u00e8re les effets pour permettre l\u2019\u00e9tablissement d\u2019un programme de soins.<\/p>\n<p>La violation des conditions de forme du certificat m\u00e9dical<\/p>\n<p>L\u2019exigence d\u2019un certificat m\u00e9dical circonstanci\u00e9 et ind\u00e9pendant. Le code exige un certificat circonstanci\u00e9 \u00e9manant d\u2019un psychiatre ext\u00e9rieur \u00e0 l\u2019\u00e9tablissement d\u2019accueil. Cette formalit\u00e9 substantielle prot\u00e8ge la libert\u00e9 individuelle contre tout arbitraire. Le certificat produit n\u2019est ni sign\u00e9 ni circonstanci\u00e9, se bornant \u00e0 mentionner un diagnostic. Il reprend en r\u00e9alit\u00e9 les constatations d\u2019un psychiatre exer\u00e7ant dans l\u2019\u00e9tablissement d\u2019accueil. Cette m\u00e9connaissance porte directement atteinte aux droits de la personne concern\u00e9e.<\/p>\n<p>La port\u00e9e de l\u2019irr\u00e9gularit\u00e9 et son contr\u00f4le juridictionnel. L\u2019irr\u00e9gularit\u00e9 n\u2019entra\u00eene la mainlev\u00e9e que si elle porte atteinte aux droits de la personne. Le juge qualifie ici la violation de l\u2019exigence d\u2019ext\u00e9riorit\u00e9 comme une telle atteinte. Il applique une jurisprudence constante sur la nature protectrice de cette condition. Cette analyse consacre un contr\u00f4le strict des garanties proc\u00e9durales entourant la privation de libert\u00e9. Elle rappelle que le formalisme est une condition essentielle de la validit\u00e9 de l\u2019acte administratif.<\/p>\n<p>L\u2019insuffisance des motifs justifiant la mesure de contrainte<\/p>\n<p>L\u2019absence de qualification des troubles au regard de l\u2019ordre public. Le certificat doit permettre d\u2019appr\u00e9cier en quoi les troubles compromettent la s\u00fbret\u00e9 des personnes. Il doit aussi d\u00e9montrer qu\u2019ils portent atteinte de fa\u00e7on grave \u00e0 l\u2019ordre public. Le document litigieux se contente d\u2019un simple diagnostic sans aucune analyse circonstanci\u00e9e. Il ne comprend aucune indication permettant cette appr\u00e9ciation l\u00e9gale. Le juge se trouve ainsi dans l\u2019impossibilit\u00e9 d\u2019exercer son contr\u00f4le sur ce point essentiel.<\/p>\n<p>Le sens d\u2019un contr\u00f4le juridictionnel effectif sur la l\u00e9galit\u00e9 interne. Cette carence prive l\u2019autorit\u00e9 administrative et le juge d\u2019un \u00e9l\u00e9ment d\u00e9cisif. Elle emp\u00eache toute v\u00e9rification de la proportionnalit\u00e9 de la mesure de privation de libert\u00e9. La solution s\u2019inscrit en coh\u00e9rence avec une jurisprudence ant\u00e9rieure. &#8220;En revanche, les articles L. 3213-1, L. 3213-3 et R. 3213-3 du code de la sant\u00e9 publique n&#8217;exigent pas la mention, dans les certificats m\u00e9dicaux circonstanci\u00e9s que les troubles n\u00e9cessitant des soins &#8220;compromettent la s\u00fbret\u00e9 des personnes ou portent atteinte, de fa\u00e7on grave, \u00e0 l&#8217;ordre public&#8221;, une telle qualification relevant, sous le contr\u00f4le du juge, des seuls pouvoirs du pr\u00e9fet.&#8221; (Cour d&#8217;appel de Paris, le 19 d\u00e9cembre 2023, n\u00b023\/00641) Le juge v\u00e9rifie ainsi que les \u00e9l\u00e9ments factuels du certificat permettent au pr\u00e9fet de qualifier l\u00e9galement la situation.<\/p>\n<p>La conciliation entre la libert\u00e9 individuelle et la n\u00e9cessit\u00e9 des soins<\/p>\n<p>La modulation des effets de la mainlev\u00e9e dans le temps. Le juge prononce la mainlev\u00e9e en raison des irr\u00e9gularit\u00e9s entachant la proc\u00e9dure. Il use cependant du pouvoir offert par l\u2019article L. 3211-12-1 du code de la sant\u00e9 publique. Il d\u00e9cide de diff\u00e9rer de vingt-quatre heures maximum l\u2019effet de cette mainlev\u00e9e. Cet am\u00e9nagement proc\u00e9dural vise \u00e0 \u00e9viter une rupture brutale des soins. Il permet \u00e0 l\u2019\u00e9quipe m\u00e9dicale d\u2019organiser la sortie ou de proposer un programme de soins.<\/p>\n<p>La port\u00e9e pratique d\u2019une d\u00e9cision garantissant la continuit\u00e9 des soins. Cette solution illustre la recherche d\u2019un \u00e9quilibre par le juge des libert\u00e9s. Elle prot\u00e8ge les droits proc\u00e9duraux sans ignorer l\u2019imp\u00e9ratif de sant\u00e9 publique. La d\u00e9cision assure une transition entre l\u2019hospitalisation sous contrainte et des soins libres. Elle confirme le r\u00f4le du juge comme garant \u00e0 la fois des libert\u00e9s et de l\u2019int\u00e9r\u00eat de la personne soign\u00e9e. L\u2019ordonnance trace ainsi une voie m\u00e9diane respectueuse de l\u2019ensemble des principes en jeu.<\/p>\n<\/div>\n","protected":false},"excerpt":{"rendered":"<p>Le tribunal judiciaire de Rouen, statuant en juge des libert\u00e9s et de la d\u00e9tention le 18 septembre 2025, examine la r\u00e9gularit\u00e9 d\u2019une mesure d\u2019hospitalisation &#8230;<\/p>\n","protected":false},"author":232070755,"featured_media":9678,"comment_status":"open","ping_status":"open","sticky":false,"template":"","format":"standard","meta":{"_crdt_document":"","_jetpack_newsletter_access":"","_jetpack_dont_email_post_to_subs":false,"_jetpack_newsletter_tier_id":0,"_jetpack_memberships_contains_paywalled_content":false,"_kj_source_type":"judilibre","_kj_official_id":"68cdbfe654b52e4d6be203ed","_kj_official_url":"https:\/\/www.courdecassation.fr\/decision\/68cdbfe654b52e4d6be203ed","_kj_judilibre_id":"68cdbfe654b52e4d6be203ed","_kj_jur":"Tribunal judiciaire","_kj_lieu":"Tribunal judiciaire du Havre","_kj_chambre":"JLD","_kj_rg":"25\/00936","_kj_date":"2025-09-18","_jetpack_memberships_contains_paid_content":false,"footnotes":"","jetpack_post_was_ever_published":false},"categories":[7597],"tags":[],"class_list":["post-670315","post","type-post","status-publish","format-standard","has-post-thumbnail","hentry","category-jurisprudence"],"yoast_head":"<!-- This site is optimized with the Yoast SEO Premium plugin v27.5 (Yoast SEO v27.5) - https:\/\/yoast.com\/product\/yoast-seo-premium-wordpress\/ -->\n<title>Tribunal judiciaire de Rouen, le 18 septembre 2025, n\u00b025\/00936 - Ma\u00eetre Hassan Kohen, avocat en droit p\u00e9nal \u00e0 Paris<\/title>\n<meta name=\"description\" content=\"Le tribunal judiciaire de Rouen, statuant en juge des libert\u00e9s et de la d\u00e9tention le 18 septembre 2025, examine la r\u00e9gularit\u00e9 d\u2019une mesure d\u2019hospitalisation ...\" \/>\n<meta name=\"robots\" content=\"index, follow, max-snippet:-1, max-image-preview:large, max-video-preview:-1\" \/>\n<link rel=\"canonical\" href=\"https:\/\/kohenavocats.com\/zh-hans\/tribunal-judiciaire-de-rouen-le-18-septembre-2025-n25-00936\/\" \/>\n<meta property=\"og:locale\" content=\"zh_CN\" \/>\n<meta property=\"og:type\" content=\"article\" \/>\n<meta property=\"og:title\" content=\"Tribunal judiciaire de Rouen, le 18 septembre 2025, n\u00b025\/00936\" \/>\n<meta property=\"og:description\" content=\"Le tribunal judiciaire de Rouen, statuant en juge des libert\u00e9s et de la d\u00e9tention le 18 septembre 2025, examine la r\u00e9gularit\u00e9 d\u2019une mesure d\u2019hospitalisation ...\" \/>\n<meta property=\"og:url\" content=\"https:\/\/kohenavocats.com\/zh-hans\/tribunal-judiciaire-de-rouen-le-18-septembre-2025-n25-00936\/\" \/>\n<meta property=\"og:site_name\" content=\"Ma\u00eetre Hassan Kohen, avocat en droit p\u00e9nal \u00e0 Paris\" \/>\n<meta property=\"article:published_time\" content=\"2026-04-24T05:38:31+00:00\" \/>\n<meta property=\"article:modified_time\" content=\"2026-04-26T14:34:28+00:00\" \/>\n<meta property=\"og:image\" content=\"https:\/\/kohenavocats.com\/wp-content\/uploads\/2024\/11\/planet-volumes-C3xYPsybD0U-unsplash.webp\" \/>\n\t<meta property=\"og:image:width\" content=\"3000\" \/>\n\t<meta property=\"og:image:height\" content=\"3889\" \/>\n\t<meta property=\"og:image:type\" content=\"image\/webp\" \/>\n<meta name=\"author\" content=\"Kohen\" \/>\n<meta name=\"twitter:card\" content=\"summary_large_image\" \/>\n<meta name=\"twitter:label1\" content=\"\u4f5c\u8005\" \/>\n\t<meta name=\"twitter:data1\" content=\"Kohen\" \/>\n\t<meta name=\"twitter:label2\" content=\"\u9884\u8ba1\u9605\u8bfb\u65f6\u95f4\" \/>\n\t<meta name=\"twitter:data2\" content=\"4 \u5206\" \/>\n<script type=\"application\/ld+json\" class=\"yoast-schema-graph\">{\"@context\":\"https:\\\/\\\/schema.org\",\"@graph\":[{\"@type\":\"Article\",\"@id\":\"https:\\\/\\\/kohenavocats.com\\\/zh-hans\\\/tribunal-judiciaire-de-rouen-le-18-septembre-2025-n25-00936\\\/#article\",\"isPartOf\":{\"@id\":\"https:\\\/\\\/kohenavocats.com\\\/zh-hans\\\/tribunal-judiciaire-de-rouen-le-18-septembre-2025-n25-00936\\\/\"},\"author\":{\"name\":\"Kohen\",\"@id\":\"https:\\\/\\\/kohenavocats.com\\\/zh-hans\\\/#\\\/schema\\\/person\\\/761c9ba54fa1ca84d405cef0831ff751\"},\"headline\":\"Tribunal judiciaire de Rouen, le 18 septembre 2025, n\u00b025\\\/00936\",\"datePublished\":\"2026-04-24T05:38:31+00:00\",\"dateModified\":\"2026-04-26T14:34:28+00:00\",\"mainEntityOfPage\":{\"@id\":\"https:\\\/\\\/kohenavocats.com\\\/zh-hans\\\/tribunal-judiciaire-de-rouen-le-18-septembre-2025-n25-00936\\\/\"},\"wordCount\":724,\"commentCount\":0,\"publisher\":{\"@id\":\"https:\\\/\\\/kohenavocats.com\\\/zh-hans\\\/#organization\"},\"image\":{\"@id\":\"https:\\\/\\\/kohenavocats.com\\\/zh-hans\\\/tribunal-judiciaire-de-rouen-le-18-septembre-2025-n25-00936\\\/#primaryimage\"},\"thumbnailUrl\":\"https:\\\/\\\/kohenavocats.com\\\/wp-content\\\/uploads\\\/2024\\\/11\\\/planet-volumes-C3xYPsybD0U-unsplash.webp\",\"articleSection\":[\"Jurisprudence\"],\"inLanguage\":\"zh-Hans\",\"potentialAction\":[{\"@type\":\"CommentAction\",\"name\":\"Comment\",\"target\":[\"https:\\\/\\\/kohenavocats.com\\\/zh-hans\\\/tribunal-judiciaire-de-rouen-le-18-septembre-2025-n25-00936\\\/#respond\"]}],\"citation\":\"Tribunal judiciaire de Rouen, le 18 septembre 2025, n\u00b025\\\/00936\",\"about\":[{\"@type\":\"Thing\",\"name\":\"Jurisprudence\"}],\"speakable\":{\"@type\":\"SpeakableSpecification\",\"cssSelector\":[\".article-content > p:first-of-type\"]}},{\"@type\":\"WebPage\",\"@id\":\"https:\\\/\\\/kohenavocats.com\\\/zh-hans\\\/tribunal-judiciaire-de-rouen-le-18-septembre-2025-n25-00936\\\/\",\"url\":\"https:\\\/\\\/kohenavocats.com\\\/zh-hans\\\/tribunal-judiciaire-de-rouen-le-18-septembre-2025-n25-00936\\\/\",\"name\":\"Tribunal judiciaire de Rouen, le 18 septembre 2025, n\u00b025\\\/00936 - Ma\u00eetre Hassan Kohen, avocat en droit p\u00e9nal \u00e0 Paris\",\"isPartOf\":{\"@id\":\"https:\\\/\\\/kohenavocats.com\\\/zh-hans\\\/#website\"},\"primaryImageOfPage\":{\"@id\":\"https:\\\/\\\/kohenavocats.com\\\/zh-hans\\\/tribunal-judiciaire-de-rouen-le-18-septembre-2025-n25-00936\\\/#primaryimage\"},\"image\":{\"@id\":\"https:\\\/\\\/kohenavocats.com\\\/zh-hans\\\/tribunal-judiciaire-de-rouen-le-18-septembre-2025-n25-00936\\\/#primaryimage\"},\"thumbnailUrl\":\"https:\\\/\\\/kohenavocats.com\\\/wp-content\\\/uploads\\\/2024\\\/11\\\/planet-volumes-C3xYPsybD0U-unsplash.webp\",\"datePublished\":\"2026-04-24T05:38:31+00:00\",\"dateModified\":\"2026-04-26T14:34:28+00:00\",\"description\":\"Le tribunal judiciaire de Rouen, statuant en juge des libert\u00e9s et de la d\u00e9tention le 18 septembre 2025, examine la r\u00e9gularit\u00e9 d\u2019une mesure d\u2019hospitalisation ...\",\"breadcrumb\":{\"@id\":\"https:\\\/\\\/kohenavocats.com\\\/zh-hans\\\/tribunal-judiciaire-de-rouen-le-18-septembre-2025-n25-00936\\\/#breadcrumb\"},\"inLanguage\":\"zh-Hans\",\"potentialAction\":[{\"@type\":\"ReadAction\",\"target\":[\"https:\\\/\\\/kohenavocats.com\\\/zh-hans\\\/tribunal-judiciaire-de-rouen-le-18-septembre-2025-n25-00936\\\/\"]}]},{\"@type\":\"ImageObject\",\"inLanguage\":\"zh-Hans\",\"@id\":\"https:\\\/\\\/kohenavocats.com\\\/zh-hans\\\/tribunal-judiciaire-de-rouen-le-18-septembre-2025-n25-00936\\\/#primaryimage\",\"url\":\"https:\\\/\\\/kohenavocats.com\\\/wp-content\\\/uploads\\\/2024\\\/11\\\/planet-volumes-C3xYPsybD0U-unsplash.webp\",\"contentUrl\":\"https:\\\/\\\/kohenavocats.com\\\/wp-content\\\/uploads\\\/2024\\\/11\\\/planet-volumes-C3xYPsybD0U-unsplash.webp\",\"width\":3000,\"height\":3889},{\"@type\":\"BreadcrumbList\",\"@id\":\"https:\\\/\\\/kohenavocats.com\\\/zh-hans\\\/tribunal-judiciaire-de-rouen-le-18-septembre-2025-n25-00936\\\/#breadcrumb\",\"itemListElement\":[{\"@type\":\"ListItem\",\"position\":1,\"name\":\"Home\",\"item\":\"https:\\\/\\\/kohenavocats.com\\\/zh-hans\\\/\"},{\"@type\":\"ListItem\",\"position\":2,\"name\":\"Tribunal judiciaire de Rouen, le 18 septembre 2025, n\u00b025\\\/00936\"}]},{\"@type\":\"WebSite\",\"@id\":\"https:\\\/\\\/kohenavocats.com\\\/zh-hans\\\/#website\",\"url\":\"https:\\\/\\\/kohenavocats.com\\\/zh-hans\\\/\",\"name\":\"Kohen Avocats\",\"description\":\"Ma\u00eetre Hassan Kohen, avocat p\u00e9naliste \u00e0 Paris, intervient exclusivement en droit p\u00e9nal pour la d\u00e9fense des particuliers, notamment en mati\u00e8re d\u2019accusations de viol. Il assure un accompagnement rigoureux d\u00e8s la garde \u00e0 vue jusqu\u2019\u00e0 la Cour d\u2019assises, veillant au strict respect des garanties proc\u00e9durales.\",\"publisher\":{\"@id\":\"https:\\\/\\\/kohenavocats.com\\\/zh-hans\\\/#organization\"},\"potentialAction\":[{\"@type\":\"SearchAction\",\"target\":{\"@type\":\"EntryPoint\",\"urlTemplate\":\"https:\\\/\\\/kohenavocats.com\\\/zh-hans\\\/?s={search_term_string}\"},\"query-input\":{\"@type\":\"PropertyValueSpecification\",\"valueRequired\":true,\"valueName\":\"search_term_string\"}}],\"inLanguage\":\"zh-Hans\"},{\"@type\":\"Organization\",\"@id\":\"https:\\\/\\\/kohenavocats.com\\\/zh-hans\\\/#organization\",\"name\":\"Kohen Avocats\",\"url\":\"https:\\\/\\\/kohenavocats.com\\\/zh-hans\\\/\",\"logo\":{\"@type\":\"ImageObject\",\"inLanguage\":\"zh-Hans\",\"@id\":\"https:\\\/\\\/kohenavocats.com\\\/zh-hans\\\/#\\\/schema\\\/logo\\\/image\\\/\",\"url\":\"https:\\\/\\\/kohenavocats.com\\\/wp-content\\\/uploads\\\/2026\\\/01\\\/Logo-2-1.webp\",\"contentUrl\":\"https:\\\/\\\/kohenavocats.com\\\/wp-content\\\/uploads\\\/2026\\\/01\\\/Logo-2-1.webp\",\"width\":2114,\"height\":1253,\"caption\":\"Kohen Avocats\"},\"image\":{\"@id\":\"https:\\\/\\\/kohenavocats.com\\\/zh-hans\\\/#\\\/schema\\\/logo\\\/image\\\/\"}},{\"@type\":\"Person\",\"@id\":\"https:\\\/\\\/kohenavocats.com\\\/zh-hans\\\/#\\\/schema\\\/person\\\/761c9ba54fa1ca84d405cef0831ff751\",\"name\":\"Kohen\",\"image\":{\"@type\":\"ImageObject\",\"inLanguage\":\"zh-Hans\",\"@id\":\"https:\\\/\\\/secure.gravatar.com\\\/avatar\\\/1c5e76ef76bbbfdd2b4da984e2bf2fa4056fd51a27d25ce2c332047f1dfd6e00?s=96&d=identicon&r=g\",\"url\":\"https:\\\/\\\/secure.gravatar.com\\\/avatar\\\/1c5e76ef76bbbfdd2b4da984e2bf2fa4056fd51a27d25ce2c332047f1dfd6e00?s=96&d=identicon&r=g\",\"contentUrl\":\"https:\\\/\\\/secure.gravatar.com\\\/avatar\\\/1c5e76ef76bbbfdd2b4da984e2bf2fa4056fd51a27d25ce2c332047f1dfd6e00?s=96&d=identicon&r=g\",\"caption\":\"Kohen\"},\"sameAs\":[\"https:\\\/\\\/www.linkedin.com\\\/in\\\/hassan-kohen-448548192\\\/\",\"https:\\\/\\\/www.youtube.com\\\/@Kohen-Avocats\"],\"url\":\"https:\\\/\\\/kohenavocats.com\\\/zh-hans\\\/author\\\/kohenmlk\\\/\"}]}<\/script>\n<!-- \/ Yoast SEO Premium plugin. -->","yoast_head_json":{"title":"Tribunal judiciaire de Rouen, le 18 septembre 2025, n\u00b025\/00936 - Ma\u00eetre Hassan Kohen, avocat en droit p\u00e9nal \u00e0 Paris","description":"Le tribunal judiciaire de Rouen, statuant en juge des libert\u00e9s et de la d\u00e9tention le 18 septembre 2025, examine la r\u00e9gularit\u00e9 d\u2019une mesure d\u2019hospitalisation ...","robots":{"index":"index","follow":"follow","max-snippet":"max-snippet:-1","max-image-preview":"max-image-preview:large","max-video-preview":"max-video-preview:-1"},"canonical":"https:\/\/kohenavocats.com\/zh-hans\/tribunal-judiciaire-de-rouen-le-18-septembre-2025-n25-00936\/","og_locale":"zh_CN","og_type":"article","og_title":"Tribunal judiciaire de Rouen, le 18 septembre 2025, n\u00b025\/00936","og_description":"Le tribunal judiciaire de Rouen, statuant en juge des libert\u00e9s et de la d\u00e9tention le 18 septembre 2025, examine la r\u00e9gularit\u00e9 d\u2019une mesure d\u2019hospitalisation ...","og_url":"https:\/\/kohenavocats.com\/zh-hans\/tribunal-judiciaire-de-rouen-le-18-septembre-2025-n25-00936\/","og_site_name":"Ma\u00eetre Hassan Kohen, avocat en droit p\u00e9nal \u00e0 Paris","article_published_time":"2026-04-24T05:38:31+00:00","article_modified_time":"2026-04-26T14:34:28+00:00","og_image":[{"width":3000,"height":3889,"url":"https:\/\/kohenavocats.com\/wp-content\/uploads\/2024\/11\/planet-volumes-C3xYPsybD0U-unsplash.webp","type":"image\/webp"}],"author":"Kohen","twitter_card":"summary_large_image","twitter_misc":{"\u4f5c\u8005":"Kohen","\u9884\u8ba1\u9605\u8bfb\u65f6\u95f4":"4 \u5206"},"schema":{"@context":"https:\/\/schema.org","@graph":[{"@type":"Article","@id":"https:\/\/kohenavocats.com\/zh-hans\/tribunal-judiciaire-de-rouen-le-18-septembre-2025-n25-00936\/#article","isPartOf":{"@id":"https:\/\/kohenavocats.com\/zh-hans\/tribunal-judiciaire-de-rouen-le-18-septembre-2025-n25-00936\/"},"author":{"name":"Kohen","@id":"https:\/\/kohenavocats.com\/zh-hans\/#\/schema\/person\/761c9ba54fa1ca84d405cef0831ff751"},"headline":"Tribunal judiciaire de Rouen, le 18 septembre 2025, n\u00b025\/00936","datePublished":"2026-04-24T05:38:31+00:00","dateModified":"2026-04-26T14:34:28+00:00","mainEntityOfPage":{"@id":"https:\/\/kohenavocats.com\/zh-hans\/tribunal-judiciaire-de-rouen-le-18-septembre-2025-n25-00936\/"},"wordCount":724,"commentCount":0,"publisher":{"@id":"https:\/\/kohenavocats.com\/zh-hans\/#organization"},"image":{"@id":"https:\/\/kohenavocats.com\/zh-hans\/tribunal-judiciaire-de-rouen-le-18-septembre-2025-n25-00936\/#primaryimage"},"thumbnailUrl":"https:\/\/kohenavocats.com\/wp-content\/uploads\/2024\/11\/planet-volumes-C3xYPsybD0U-unsplash.webp","articleSection":["Jurisprudence"],"inLanguage":"zh-Hans","potentialAction":[{"@type":"CommentAction","name":"Comment","target":["https:\/\/kohenavocats.com\/zh-hans\/tribunal-judiciaire-de-rouen-le-18-septembre-2025-n25-00936\/#respond"]}],"citation":"Tribunal judiciaire de Rouen, le 18 septembre 2025, n\u00b025\/00936","about":[{"@type":"Thing","name":"Jurisprudence"}],"speakable":{"@type":"SpeakableSpecification","cssSelector":[".article-content > p:first-of-type"]}},{"@type":"WebPage","@id":"https:\/\/kohenavocats.com\/zh-hans\/tribunal-judiciaire-de-rouen-le-18-septembre-2025-n25-00936\/","url":"https:\/\/kohenavocats.com\/zh-hans\/tribunal-judiciaire-de-rouen-le-18-septembre-2025-n25-00936\/","name":"Tribunal judiciaire de Rouen, le 18 septembre 2025, n\u00b025\/00936 - Ma\u00eetre Hassan Kohen, avocat en droit p\u00e9nal \u00e0 Paris","isPartOf":{"@id":"https:\/\/kohenavocats.com\/zh-hans\/#website"},"primaryImageOfPage":{"@id":"https:\/\/kohenavocats.com\/zh-hans\/tribunal-judiciaire-de-rouen-le-18-septembre-2025-n25-00936\/#primaryimage"},"image":{"@id":"https:\/\/kohenavocats.com\/zh-hans\/tribunal-judiciaire-de-rouen-le-18-septembre-2025-n25-00936\/#primaryimage"},"thumbnailUrl":"https:\/\/kohenavocats.com\/wp-content\/uploads\/2024\/11\/planet-volumes-C3xYPsybD0U-unsplash.webp","datePublished":"2026-04-24T05:38:31+00:00","dateModified":"2026-04-26T14:34:28+00:00","description":"Le tribunal judiciaire de Rouen, statuant en juge des libert\u00e9s et de la d\u00e9tention le 18 septembre 2025, examine la r\u00e9gularit\u00e9 d\u2019une mesure d\u2019hospitalisation ...","breadcrumb":{"@id":"https:\/\/kohenavocats.com\/zh-hans\/tribunal-judiciaire-de-rouen-le-18-septembre-2025-n25-00936\/#breadcrumb"},"inLanguage":"zh-Hans","potentialAction":[{"@type":"ReadAction","target":["https:\/\/kohenavocats.com\/zh-hans\/tribunal-judiciaire-de-rouen-le-18-septembre-2025-n25-00936\/"]}]},{"@type":"ImageObject","inLanguage":"zh-Hans","@id":"https:\/\/kohenavocats.com\/zh-hans\/tribunal-judiciaire-de-rouen-le-18-septembre-2025-n25-00936\/#primaryimage","url":"https:\/\/kohenavocats.com\/wp-content\/uploads\/2024\/11\/planet-volumes-C3xYPsybD0U-unsplash.webp","contentUrl":"https:\/\/kohenavocats.com\/wp-content\/uploads\/2024\/11\/planet-volumes-C3xYPsybD0U-unsplash.webp","width":3000,"height":3889},{"@type":"BreadcrumbList","@id":"https:\/\/kohenavocats.com\/zh-hans\/tribunal-judiciaire-de-rouen-le-18-septembre-2025-n25-00936\/#breadcrumb","itemListElement":[{"@type":"ListItem","position":1,"name":"Home","item":"https:\/\/kohenavocats.com\/zh-hans\/"},{"@type":"ListItem","position":2,"name":"Tribunal judiciaire de Rouen, le 18 septembre 2025, n\u00b025\/00936"}]},{"@type":"WebSite","@id":"https:\/\/kohenavocats.com\/zh-hans\/#website","url":"https:\/\/kohenavocats.com\/zh-hans\/","name":"Kohen Avocats","description":"Ma\u00eetre Hassan Kohen, avocat p\u00e9naliste \u00e0 Paris, intervient exclusivement en droit p\u00e9nal pour la d\u00e9fense des particuliers, notamment en mati\u00e8re d\u2019accusations de viol. Il assure un accompagnement rigoureux d\u00e8s la garde \u00e0 vue jusqu\u2019\u00e0 la Cour d\u2019assises, veillant au strict respect des garanties proc\u00e9durales.","publisher":{"@id":"https:\/\/kohenavocats.com\/zh-hans\/#organization"},"potentialAction":[{"@type":"SearchAction","target":{"@type":"EntryPoint","urlTemplate":"https:\/\/kohenavocats.com\/zh-hans\/?s={search_term_string}"},"query-input":{"@type":"PropertyValueSpecification","valueRequired":true,"valueName":"search_term_string"}}],"inLanguage":"zh-Hans"},{"@type":"Organization","@id":"https:\/\/kohenavocats.com\/zh-hans\/#organization","name":"Kohen Avocats","url":"https:\/\/kohenavocats.com\/zh-hans\/","logo":{"@type":"ImageObject","inLanguage":"zh-Hans","@id":"https:\/\/kohenavocats.com\/zh-hans\/#\/schema\/logo\/image\/","url":"https:\/\/kohenavocats.com\/wp-content\/uploads\/2026\/01\/Logo-2-1.webp","contentUrl":"https:\/\/kohenavocats.com\/wp-content\/uploads\/2026\/01\/Logo-2-1.webp","width":2114,"height":1253,"caption":"Kohen Avocats"},"image":{"@id":"https:\/\/kohenavocats.com\/zh-hans\/#\/schema\/logo\/image\/"}},{"@type":"Person","@id":"https:\/\/kohenavocats.com\/zh-hans\/#\/schema\/person\/761c9ba54fa1ca84d405cef0831ff751","name":"Kohen","image":{"@type":"ImageObject","inLanguage":"zh-Hans","@id":"https:\/\/secure.gravatar.com\/avatar\/1c5e76ef76bbbfdd2b4da984e2bf2fa4056fd51a27d25ce2c332047f1dfd6e00?s=96&d=identicon&r=g","url":"https:\/\/secure.gravatar.com\/avatar\/1c5e76ef76bbbfdd2b4da984e2bf2fa4056fd51a27d25ce2c332047f1dfd6e00?s=96&d=identicon&r=g","contentUrl":"https:\/\/secure.gravatar.com\/avatar\/1c5e76ef76bbbfdd2b4da984e2bf2fa4056fd51a27d25ce2c332047f1dfd6e00?s=96&d=identicon&r=g","caption":"Kohen"},"sameAs":["https:\/\/www.linkedin.com\/in\/hassan-kohen-448548192\/","https:\/\/www.youtube.com\/@Kohen-Avocats"],"url":"https:\/\/kohenavocats.com\/zh-hans\/author\/kohenmlk\/"}]}},"jetpack_featured_media_url":"https:\/\/kohenavocats.com\/wp-content\/uploads\/2024\/11\/planet-volumes-C3xYPsybD0U-unsplash.webp","jetpack_likes_enabled":false,"jetpack_shortlink":"https:\/\/wp.me\/peCrII-2Onx","jetpack-related-posts":[{"id":621327,"url":"https:\/\/kohenavocats.com\/zh-hans\/cour-dappel-de-rouen-le-19-octobre-2025-n25-01042\/","url_meta":{"origin":670315,"position":0},"title":"Cour d&#8217;appel de Rouen, le 19 octobre 2025, n\u00b025\/01042","author":"Kohen","date":"2026\u5e744\u670820\u65e5","format":false,"excerpt":"La cour d\u2019appel de Rouen, statuant par ordonnance \u2026","rel":"","context":"\u5728\u201cJurisprudence\u201d\u4e2d","block_context":{"text":"Jurisprudence","link":"https:\/\/kohenavocats.com\/category\/jurisprudence\/"},"img":{"alt_text":"","src":"https:\/\/i0.wp.com\/kohenavocats.com\/wp-content\/uploads\/2024\/11\/alesia-kazantceva-RTiVDW3h5s8-unsplash.webp?resize=350%2C200&ssl=1","width":350,"height":200,"srcset":"https:\/\/i0.wp.com\/kohenavocats.com\/wp-content\/uploads\/2024\/11\/alesia-kazantceva-RTiVDW3h5s8-unsplash.webp?resize=350%2C200&ssl=1 1x, https:\/\/i0.wp.com\/kohenavocats.com\/wp-content\/uploads\/2024\/11\/alesia-kazantceva-RTiVDW3h5s8-unsplash.webp?resize=525%2C300&ssl=1 1.5x, https:\/\/i0.wp.com\/kohenavocats.com\/wp-content\/uploads\/2024\/11\/alesia-kazantceva-RTiVDW3h5s8-unsplash.webp?resize=700%2C400&ssl=1 2x, https:\/\/i0.wp.com\/kohenavocats.com\/wp-content\/uploads\/2024\/11\/alesia-kazantceva-RTiVDW3h5s8-unsplash.webp?resize=1050%2C600&ssl=1 3x, https:\/\/i0.wp.com\/kohenavocats.com\/wp-content\/uploads\/2024\/11\/alesia-kazantceva-RTiVDW3h5s8-unsplash.webp?resize=1400%2C800&ssl=1 4x"},"classes":[]},{"id":618838,"url":"https:\/\/kohenavocats.com\/zh-hans\/tribunal-judiciaire-de-clermond-ferrand-le-21-octobre-2025-n25-00973\/","url_meta":{"origin":670315,"position":1},"title":"Tribunal judiciaire de Clermond-Ferrand, le 21 octobre 2025, n\u00b025\/00973","author":"Kohen","date":"2026\u5e744\u670820\u65e5","format":false,"excerpt":"Le tribunal judiciaire de Clermond-Ferrand, statua\u2026","rel":"","context":"\u5728\u201cJurisprudence\u201d\u4e2d","block_context":{"text":"Jurisprudence","link":"https:\/\/kohenavocats.com\/category\/jurisprudence\/"},"img":{"alt_text":"","src":"https:\/\/i0.wp.com\/kohenavocats.com\/wp-content\/uploads\/2024\/08\/leonard-cotte-R5scocnOOdM-unsplash.webp?resize=350%2C200&ssl=1","width":350,"height":200,"srcset":"https:\/\/i0.wp.com\/kohenavocats.com\/wp-content\/uploads\/2024\/08\/leonard-cotte-R5scocnOOdM-unsplash.webp?resize=350%2C200&ssl=1 1x, https:\/\/i0.wp.com\/kohenavocats.com\/wp-content\/uploads\/2024\/08\/leonard-cotte-R5scocnOOdM-unsplash.webp?resize=525%2C300&ssl=1 1.5x, https:\/\/i0.wp.com\/kohenavocats.com\/wp-content\/uploads\/2024\/08\/leonard-cotte-R5scocnOOdM-unsplash.webp?resize=700%2C400&ssl=1 2x, https:\/\/i0.wp.com\/kohenavocats.com\/wp-content\/uploads\/2024\/08\/leonard-cotte-R5scocnOOdM-unsplash.webp?resize=1050%2C600&ssl=1 3x, https:\/\/i0.wp.com\/kohenavocats.com\/wp-content\/uploads\/2024\/08\/leonard-cotte-R5scocnOOdM-unsplash.webp?resize=1400%2C800&ssl=1 4x"},"classes":[]},{"id":668824,"url":"https:\/\/kohenavocats.com\/zh-hans\/tribunal-judiciaire-de-rouen-le-27-fevrier-2025-n25-00949\/","url_meta":{"origin":670315,"position":2},"title":"Tribunal judiciaire de Rouen, le 27 f\u00e9vrier 2025, n\u00b025\/00949","author":"Kohen","date":"2026\u5e744\u670824\u65e5","format":false,"excerpt":"Le tribunal judiciaire de Rouen, statuant en r\u00e9f\u00e9r\u2026","rel":"","context":"\u5728\u201cJurisprudence\u201d\u4e2d","block_context":{"text":"Jurisprudence","link":"https:\/\/kohenavocats.com\/category\/jurisprudence\/"},"img":{"alt_text":"","src":"https:\/\/i0.wp.com\/kohenavocats.com\/wp-content\/uploads\/2024\/11\/andrej-lisakov-KkjNOCBD6HQ-unsplash.webp?resize=350%2C200&ssl=1","width":350,"height":200,"srcset":"https:\/\/i0.wp.com\/kohenavocats.com\/wp-content\/uploads\/2024\/11\/andrej-lisakov-KkjNOCBD6HQ-unsplash.webp?resize=350%2C200&ssl=1 1x, https:\/\/i0.wp.com\/kohenavocats.com\/wp-content\/uploads\/2024\/11\/andrej-lisakov-KkjNOCBD6HQ-unsplash.webp?resize=525%2C300&ssl=1 1.5x, https:\/\/i0.wp.com\/kohenavocats.com\/wp-content\/uploads\/2024\/11\/andrej-lisakov-KkjNOCBD6HQ-unsplash.webp?resize=700%2C400&ssl=1 2x, https:\/\/i0.wp.com\/kohenavocats.com\/wp-content\/uploads\/2024\/11\/andrej-lisakov-KkjNOCBD6HQ-unsplash.webp?resize=1050%2C600&ssl=1 3x, https:\/\/i0.wp.com\/kohenavocats.com\/wp-content\/uploads\/2024\/11\/andrej-lisakov-KkjNOCBD6HQ-unsplash.webp?resize=1400%2C800&ssl=1 4x"},"classes":[]},{"id":423032,"url":"https:\/\/kohenavocats.com\/zh-hans\/cour-dappel-de-rouen-le-18-novembre-2011-n11-02831\/","url_meta":{"origin":670315,"position":3},"title":"Cour d&#8217;appel de Rouen, le 18 novembre 2011, n\u00b011\/02831","author":"Kohen","date":"2026\u5e743\u670823\u65e5","format":false,"excerpt":"La Cour d\u2019appel de Rouen, le 18 novembre 2011, a s\u2026","rel":"","context":"\u5728\u201cCour d'appel\u201d\u4e2d","block_context":{"text":"Cour d'appel","link":"https:\/\/kohenavocats.com\/category\/cour-dappel\/"},"img":{"alt_text":"","src":"https:\/\/i0.wp.com\/kohenavocats.com\/wp-content\/uploads\/2024\/08\/susan-q-yin-YQhhlCS9Hto-unsplash.webp?resize=350%2C200&ssl=1","width":350,"height":200,"srcset":"https:\/\/i0.wp.com\/kohenavocats.com\/wp-content\/uploads\/2024\/08\/susan-q-yin-YQhhlCS9Hto-unsplash.webp?resize=350%2C200&ssl=1 1x, https:\/\/i0.wp.com\/kohenavocats.com\/wp-content\/uploads\/2024\/08\/susan-q-yin-YQhhlCS9Hto-unsplash.webp?resize=525%2C300&ssl=1 1.5x, https:\/\/i0.wp.com\/kohenavocats.com\/wp-content\/uploads\/2024\/08\/susan-q-yin-YQhhlCS9Hto-unsplash.webp?resize=700%2C400&ssl=1 2x, https:\/\/i0.wp.com\/kohenavocats.com\/wp-content\/uploads\/2024\/08\/susan-q-yin-YQhhlCS9Hto-unsplash.webp?resize=1050%2C600&ssl=1 3x, https:\/\/i0.wp.com\/kohenavocats.com\/wp-content\/uploads\/2024\/08\/susan-q-yin-YQhhlCS9Hto-unsplash.webp?resize=1400%2C800&ssl=1 4x"},"classes":[]},{"id":445643,"url":"https:\/\/kohenavocats.com\/zh-hans\/tribunal-judiciaire-le-21-aout-2025-n25-00836\/","url_meta":{"origin":670315,"position":4},"title":"Tribunal judiciaire, le 21 ao\u00fbt 2025, n\u00b025\/00836","author":"","date":"2026\u5e744\u67084\u65e5","format":false,"excerpt":"La Cour d\u2019appel de Rouen, statuant en formation de\u2026","rel":"","context":"\u5728\u201cD\u00e9cisions juridiques\u201d\u4e2d","block_context":{"text":"D\u00e9cisions juridiques","link":"https:\/\/kohenavocats.com\/category\/decisions-juridiques\/"},"img":{"alt_text":"","src":"https:\/\/i0.wp.com\/kohenavocats.com\/wp-content\/uploads\/2024\/11\/samuel-pujades-3y1FUf7mjFw-unsplash.webp?resize=350%2C200&ssl=1","width":350,"height":200,"srcset":"https:\/\/i0.wp.com\/kohenavocats.com\/wp-content\/uploads\/2024\/11\/samuel-pujades-3y1FUf7mjFw-unsplash.webp?resize=350%2C200&ssl=1 1x, https:\/\/i0.wp.com\/kohenavocats.com\/wp-content\/uploads\/2024\/11\/samuel-pujades-3y1FUf7mjFw-unsplash.webp?resize=525%2C300&ssl=1 1.5x, https:\/\/i0.wp.com\/kohenavocats.com\/wp-content\/uploads\/2024\/11\/samuel-pujades-3y1FUf7mjFw-unsplash.webp?resize=700%2C400&ssl=1 2x, https:\/\/i0.wp.com\/kohenavocats.com\/wp-content\/uploads\/2024\/11\/samuel-pujades-3y1FUf7mjFw-unsplash.webp?resize=1050%2C600&ssl=1 3x, https:\/\/i0.wp.com\/kohenavocats.com\/wp-content\/uploads\/2024\/11\/samuel-pujades-3y1FUf7mjFw-unsplash.webp?resize=1400%2C800&ssl=1 4x"},"classes":[]},{"id":486905,"url":"https:\/\/kohenavocats.com\/zh-hans\/tribunal-judiciaire-de-nantes-le-27-novembre-2025-n25-02021\/","url_meta":{"origin":670315,"position":5},"title":"Tribunal judiciaire de Nantes, le 27 novembre 2025, n\u00b025\/02021","author":"Kohen","date":"2026\u5e744\u67088\u65e5","format":false,"excerpt":"Le tribunal judiciaire de Nantes, statuant en r\u00e9f\u00e9\u2026","rel":"","context":"\u5728\u201cJurisprudence\u201d\u4e2d","block_context":{"text":"Jurisprudence","link":"https:\/\/kohenavocats.com\/category\/jurisprudence\/"},"img":{"alt_text":"","src":"https:\/\/i0.wp.com\/kohenavocats.com\/wp-content\/uploads\/2024\/08\/cecile-XeJmFXu_jeU-unsplash.webp?resize=350%2C200&ssl=1","width":350,"height":200,"srcset":"https:\/\/i0.wp.com\/kohenavocats.com\/wp-content\/uploads\/2024\/08\/cecile-XeJmFXu_jeU-unsplash.webp?resize=350%2C200&ssl=1 1x, https:\/\/i0.wp.com\/kohenavocats.com\/wp-content\/uploads\/2024\/08\/cecile-XeJmFXu_jeU-unsplash.webp?resize=525%2C300&ssl=1 1.5x, https:\/\/i0.wp.com\/kohenavocats.com\/wp-content\/uploads\/2024\/08\/cecile-XeJmFXu_jeU-unsplash.webp?resize=700%2C400&ssl=1 2x, https:\/\/i0.wp.com\/kohenavocats.com\/wp-content\/uploads\/2024\/08\/cecile-XeJmFXu_jeU-unsplash.webp?resize=1050%2C600&ssl=1 3x, https:\/\/i0.wp.com\/kohenavocats.com\/wp-content\/uploads\/2024\/08\/cecile-XeJmFXu_jeU-unsplash.webp?resize=1400%2C800&ssl=1 4x"},"classes":[]}],"jetpack_sharing_enabled":true,"_links":{"self":[{"href":"https:\/\/kohenavocats.com\/zh-hans\/wp-json\/wp\/v2\/posts\/670315","targetHints":{"allow":["GET"]}}],"collection":[{"href":"https:\/\/kohenavocats.com\/zh-hans\/wp-json\/wp\/v2\/posts"}],"about":[{"href":"https:\/\/kohenavocats.com\/zh-hans\/wp-json\/wp\/v2\/types\/post"}],"author":[{"embeddable":true,"href":"https:\/\/kohenavocats.com\/zh-hans\/wp-json\/wp\/v2\/users\/232070755"}],"replies":[{"embeddable":true,"href":"https:\/\/kohenavocats.com\/zh-hans\/wp-json\/wp\/v2\/comments?post=670315"}],"version-history":[{"count":1,"href":"https:\/\/kohenavocats.com\/zh-hans\/wp-json\/wp\/v2\/posts\/670315\/revisions"}],"predecessor-version":[{"id":694464,"href":"https:\/\/kohenavocats.com\/zh-hans\/wp-json\/wp\/v2\/posts\/670315\/revisions\/694464"}],"wp:featuredmedia":[{"embeddable":true,"href":"https:\/\/kohenavocats.com\/zh-hans\/wp-json\/wp\/v2\/media\/9678"}],"wp:attachment":[{"href":"https:\/\/kohenavocats.com\/zh-hans\/wp-json\/wp\/v2\/media?parent=670315"}],"wp:term":[{"taxonomy":"category","embeddable":true,"href":"https:\/\/kohenavocats.com\/zh-hans\/wp-json\/wp\/v2\/categories?post=670315"},{"taxonomy":"post_tag","embeddable":true,"href":"https:\/\/kohenavocats.com\/zh-hans\/wp-json\/wp\/v2\/tags?post=670315"}],"curies":[{"name":"wp","href":"https:\/\/api.w.org\/{rel}","templated":true}]}}