{"id":670320,"date":"2026-04-24T07:38:47","date_gmt":"2026-04-24T05:38:47","guid":{"rendered":"https:\/\/kohenavocats.com\/tribunal-judiciaire-de-meaux-le-18-septembre-2025-n23-00521\/"},"modified":"2026-04-24T07:38:47","modified_gmt":"2026-04-24T05:38:47","slug":"tribunal-judiciaire-de-meaux-le-18-septembre-2025-n23-00521","status":"publish","type":"post","link":"https:\/\/kohenavocats.com\/zh-hans\/tribunal-judiciaire-de-meaux-le-18-septembre-2025-n23-00521\/","title":{"rendered":"Tribunal judiciaire de Meaux, le 18 septembre 2025, n\u00b023\/00521"},"content":{"rendered":"<div class=\"article-content\">\n<p>Le tribunal judiciaire de Meaux, le 18 septembre 2025, statue sur un litige relatif \u00e0 la fixation d\u2019un taux d\u2019incapacit\u00e9 permanente partielle. La juridiction infirme la d\u00e9cision d\u2019une commission m\u00e9dicale qui avait retenu un taux de cinq pour cent. Elle retient finalement un taux de dix pour cent \u00e0 la date de consolidation et ordonne l\u2019ex\u00e9cution provisoire de sa d\u00e9cision.<\/p>\n<p>La d\u00e9termination du taux d\u2019incapacit\u00e9 permanente<\/p>\n<p>La fixation du taux ob\u00e9it \u00e0 des crit\u00e8res l\u00e9gaux stricts. Le juge rappelle que le taux est d\u00e9termin\u00e9 &#8220;d&#8217;apr\u00e8s la nature de l&#8217;infirmit\u00e9, l&#8217;\u00e9tat g\u00e9n\u00e9ral, l&#8217;\u00e2ge, les facult\u00e9s physiques et mentales de la victime ainsi que d&#8217;apr\u00e8s ses aptitudes et sa qualification professionnelle, compte tenu d&#8217;un bar\u00e8me indicatif d&#8217;invalidit\u00e9&#8221; (article L434-2 alin\u00e9a 1 du code de la s\u00e9curit\u00e9 sociale). Ce cadre l\u00e9gal impose une appr\u00e9ciation concr\u00e8te et individualis\u00e9e de la situation de la victime.<\/p>\n<p>En l\u2019esp\u00e8ce, le tribunal fonde sa d\u00e9cision sur un rapport m\u00e9dical non contest\u00e9. Il rel\u00e8ve que les conclusions du m\u00e9decin expert sont &#8220;claires, d\u00e9nu\u00e9es de toute ambigu\u00eft\u00e9 et non contest\u00e9es par les parties&#8221; et concluent \u00e0 un taux de dix pour cent. Cette approche consacre l\u2019autorit\u00e9 de l\u2019expertise m\u00e9dicale lorsqu\u2019elle pr\u00e9sente les garanties de clart\u00e9 et de pr\u00e9cision requises.<\/p>\n<p>Les modalit\u00e9s d\u2019ex\u00e9cution de la d\u00e9cision<\/p>\n<p>Le tribunal use de son pouvoir pour ordonner l\u2019ex\u00e9cution provisoire. Il se fonde sur l\u2019article R142-10-6 du code de la s\u00e9curit\u00e9 sociale qui l\u2019y autorise. La motivation retenue est que &#8220;l\u2019ex\u00e9cution provisoire est n\u00e9cessaire au vu de la nature et de l\u2019anciennet\u00e9 du litige&#8221;. Cette formule, bien que laconique, r\u00e9pond aux exigences l\u00e9gales.<\/p>\n<p>La port\u00e9e de cette mesure est de garantir l\u2019effectivit\u00e9 du droit reconnu \u00e0 la victime. Elle permet une liquidation rapide des indemnit\u00e9s sans attendre l\u2019\u00e9puisement des voies de recours. Cette d\u00e9cision s\u2019inscrit dans une logique de protection du cr\u00e9ancier d\u2019une prestation de nature alimentaire.<\/p>\n<\/div>\n","protected":false},"excerpt":{"rendered":"<p>Le tribunal judiciaire de Meaux, le 18 septembre 2025, statue sur un litige relatif \u00e0 la fixation d\u2019un taux d\u2019incapacit\u00e9 permanente partielle. La juridiction&#8230;<\/p>\n","protected":false},"author":232070755,"featured_media":9446,"comment_status":"open","ping_status":"open","sticky":false,"template":"","format":"standard","meta":{"_crdt_document":"","_jetpack_newsletter_access":"","_jetpack_dont_email_post_to_subs":false,"_jetpack_newsletter_tier_id":0,"_jetpack_memberships_contains_paywalled_content":false,"_kj_source_type":"judilibre","_kj_official_id":"68cdc1ff54b52e4d6be226fd","_kj_official_url":"https:\/\/www.courdecassation.fr\/decision\/68cdc1ff54b52e4d6be226fd","_kj_judilibre_id":"68cdc1ff54b52e4d6be226fd","_kj_jur":"Tribunal judiciaire","_kj_lieu":"Tribunal judiciaire de Metz","_kj_chambre":"CTX PROTECTION SOCIALE","_kj_rg":"23\/00521","_kj_date":"2025-09-18","_jetpack_memberships_contains_paid_content":false,"footnotes":"","jetpack_post_was_ever_published":false},"categories":[7123,6580,7597,6718,6992],"tags":[],"class_list":["post-670320","post","type-post","status-publish","format-standard","has-post-thumbnail","hentry","category-droit-du-travail","category-droit-social","category-jurisprudence","category-social","category-travail"],"yoast_head":"<!-- This site is optimized with the Yoast SEO Premium plugin v27.5 (Yoast SEO v27.5) - https:\/\/yoast.com\/product\/yoast-seo-premium-wordpress\/ -->\n<title>Tribunal judiciaire de Meaux, le 18 septembre 2025, n\u00b023\/00521 - Ma\u00eetre Hassan Kohen, avocat en droit p\u00e9nal \u00e0 Paris<\/title>\n<meta name=\"description\" content=\"Le tribunal judiciaire de Meaux, le 18 septembre 2025, statue sur un litige relatif \u00e0 la fixation d\u2019un taux d\u2019incapacit\u00e9 permanente partielle. La juridiction...\" \/>\n<meta name=\"robots\" content=\"index, follow, max-snippet:-1, max-image-preview:large, max-video-preview:-1\" \/>\n<link rel=\"canonical\" href=\"https:\/\/kohenavocats.com\/zh-hans\/tribunal-judiciaire-de-meaux-le-18-septembre-2025-n23-00521\/\" \/>\n<meta property=\"og:locale\" content=\"zh_CN\" \/>\n<meta property=\"og:type\" content=\"article\" \/>\n<meta property=\"og:title\" content=\"Tribunal judiciaire de Meaux, le 18 septembre 2025, n\u00b023\/00521\" \/>\n<meta property=\"og:description\" content=\"Le tribunal judiciaire de Meaux, le 18 septembre 2025, statue sur un litige relatif \u00e0 la fixation d\u2019un taux d\u2019incapacit\u00e9 permanente partielle. La juridiction...\" \/>\n<meta property=\"og:url\" content=\"https:\/\/kohenavocats.com\/zh-hans\/tribunal-judiciaire-de-meaux-le-18-septembre-2025-n23-00521\/\" \/>\n<meta property=\"og:site_name\" content=\"Ma\u00eetre Hassan Kohen, avocat en droit p\u00e9nal \u00e0 Paris\" \/>\n<meta property=\"article:published_time\" content=\"2026-04-24T05:38:47+00:00\" \/>\n<meta property=\"og:image\" content=\"https:\/\/kohenavocats.com\/wp-content\/uploads\/2024\/11\/ave-calvar-KfxfnO7EWX4-unsplash.webp\" \/>\n\t<meta property=\"og:image:width\" content=\"6863\" \/>\n\t<meta property=\"og:image:height\" content=\"3619\" \/>\n\t<meta property=\"og:image:type\" content=\"image\/webp\" \/>\n<meta name=\"author\" content=\"Kohen\" \/>\n<meta name=\"twitter:card\" content=\"summary_large_image\" \/>\n<meta name=\"twitter:label1\" content=\"\u4f5c\u8005\" \/>\n\t<meta name=\"twitter:data1\" content=\"Kohen\" \/>\n\t<meta name=\"twitter:label2\" content=\"\u9884\u8ba1\u9605\u8bfb\u65f6\u95f4\" \/>\n\t<meta name=\"twitter:data2\" content=\"2 \u5206\" \/>\n<script type=\"application\/ld+json\" class=\"yoast-schema-graph\">{\"@context\":\"https:\\\/\\\/schema.org\",\"@graph\":[{\"@type\":\"Article\",\"@id\":\"https:\\\/\\\/kohenavocats.com\\\/zh-hans\\\/tribunal-judiciaire-de-meaux-le-18-septembre-2025-n23-00521\\\/#article\",\"isPartOf\":{\"@id\":\"https:\\\/\\\/kohenavocats.com\\\/zh-hans\\\/tribunal-judiciaire-de-meaux-le-18-septembre-2025-n23-00521\\\/\"},\"author\":{\"name\":\"Kohen\",\"@id\":\"https:\\\/\\\/kohenavocats.com\\\/zh-hans\\\/#\\\/schema\\\/person\\\/761c9ba54fa1ca84d405cef0831ff751\"},\"headline\":\"Tribunal judiciaire de Meaux, le 18 septembre 2025, n\u00b023\\\/00521\",\"datePublished\":\"2026-04-24T05:38:47+00:00\",\"mainEntityOfPage\":{\"@id\":\"https:\\\/\\\/kohenavocats.com\\\/zh-hans\\\/tribunal-judiciaire-de-meaux-le-18-septembre-2025-n23-00521\\\/\"},\"wordCount\":376,\"commentCount\":0,\"publisher\":{\"@id\":\"https:\\\/\\\/kohenavocats.com\\\/zh-hans\\\/#organization\"},\"image\":{\"@id\":\"https:\\\/\\\/kohenavocats.com\\\/zh-hans\\\/tribunal-judiciaire-de-meaux-le-18-septembre-2025-n23-00521\\\/#primaryimage\"},\"thumbnailUrl\":\"https:\\\/\\\/kohenavocats.com\\\/wp-content\\\/uploads\\\/2024\\\/11\\\/ave-calvar-KfxfnO7EWX4-unsplash.webp\",\"articleSection\":[\"Droit du travail\",\"Droit Social\",\"Jurisprudence\",\"Social\",\"Travail\"],\"inLanguage\":\"zh-Hans\",\"potentialAction\":[{\"@type\":\"CommentAction\",\"name\":\"Comment\",\"target\":[\"https:\\\/\\\/kohenavocats.com\\\/zh-hans\\\/tribunal-judiciaire-de-meaux-le-18-septembre-2025-n23-00521\\\/#respond\"]}],\"citation\":\"Tribunal judiciaire de Meaux, le 18 septembre 2025, n\u00b023\\\/00521\",\"about\":[{\"@type\":\"Thing\",\"name\":\"Droit du travail\"},{\"@type\":\"Thing\",\"name\":\"Droit Social\"},{\"@type\":\"Thing\",\"name\":\"Jurisprudence\"},{\"@type\":\"Thing\",\"name\":\"Social\"},{\"@type\":\"Thing\",\"name\":\"Travail\"}],\"dateModified\":\"2026-04-24T05:38:47+00:00\",\"speakable\":{\"@type\":\"SpeakableSpecification\",\"cssSelector\":[\".article-content > p:first-of-type\"]}},{\"@type\":\"WebPage\",\"@id\":\"https:\\\/\\\/kohenavocats.com\\\/zh-hans\\\/tribunal-judiciaire-de-meaux-le-18-septembre-2025-n23-00521\\\/\",\"url\":\"https:\\\/\\\/kohenavocats.com\\\/zh-hans\\\/tribunal-judiciaire-de-meaux-le-18-septembre-2025-n23-00521\\\/\",\"name\":\"Tribunal judiciaire de Meaux, le 18 septembre 2025, n\u00b023\\\/00521 - Ma\u00eetre Hassan Kohen, avocat en droit p\u00e9nal \u00e0 Paris\",\"isPartOf\":{\"@id\":\"https:\\\/\\\/kohenavocats.com\\\/zh-hans\\\/#website\"},\"primaryImageOfPage\":{\"@id\":\"https:\\\/\\\/kohenavocats.com\\\/zh-hans\\\/tribunal-judiciaire-de-meaux-le-18-septembre-2025-n23-00521\\\/#primaryimage\"},\"image\":{\"@id\":\"https:\\\/\\\/kohenavocats.com\\\/zh-hans\\\/tribunal-judiciaire-de-meaux-le-18-septembre-2025-n23-00521\\\/#primaryimage\"},\"thumbnailUrl\":\"https:\\\/\\\/kohenavocats.com\\\/wp-content\\\/uploads\\\/2024\\\/11\\\/ave-calvar-KfxfnO7EWX4-unsplash.webp\",\"datePublished\":\"2026-04-24T05:38:47+00:00\",\"description\":\"Le tribunal judiciaire de Meaux, le 18 septembre 2025, statue sur un litige relatif \u00e0 la fixation d\u2019un taux d\u2019incapacit\u00e9 permanente partielle. La juridiction...\",\"breadcrumb\":{\"@id\":\"https:\\\/\\\/kohenavocats.com\\\/zh-hans\\\/tribunal-judiciaire-de-meaux-le-18-septembre-2025-n23-00521\\\/#breadcrumb\"},\"inLanguage\":\"zh-Hans\",\"potentialAction\":[{\"@type\":\"ReadAction\",\"target\":[\"https:\\\/\\\/kohenavocats.com\\\/zh-hans\\\/tribunal-judiciaire-de-meaux-le-18-septembre-2025-n23-00521\\\/\"]}]},{\"@type\":\"ImageObject\",\"inLanguage\":\"zh-Hans\",\"@id\":\"https:\\\/\\\/kohenavocats.com\\\/zh-hans\\\/tribunal-judiciaire-de-meaux-le-18-septembre-2025-n23-00521\\\/#primaryimage\",\"url\":\"https:\\\/\\\/kohenavocats.com\\\/wp-content\\\/uploads\\\/2024\\\/11\\\/ave-calvar-KfxfnO7EWX4-unsplash.webp\",\"contentUrl\":\"https:\\\/\\\/kohenavocats.com\\\/wp-content\\\/uploads\\\/2024\\\/11\\\/ave-calvar-KfxfnO7EWX4-unsplash.webp\",\"width\":6863,\"height\":3619},{\"@type\":\"BreadcrumbList\",\"@id\":\"https:\\\/\\\/kohenavocats.com\\\/zh-hans\\\/tribunal-judiciaire-de-meaux-le-18-septembre-2025-n23-00521\\\/#breadcrumb\",\"itemListElement\":[{\"@type\":\"ListItem\",\"position\":1,\"name\":\"Home\",\"item\":\"https:\\\/\\\/kohenavocats.com\\\/zh-hans\\\/\"},{\"@type\":\"ListItem\",\"position\":2,\"name\":\"Tribunal judiciaire de Meaux, le 18 septembre 2025, n\u00b023\\\/00521\"}]},{\"@type\":\"WebSite\",\"@id\":\"https:\\\/\\\/kohenavocats.com\\\/zh-hans\\\/#website\",\"url\":\"https:\\\/\\\/kohenavocats.com\\\/zh-hans\\\/\",\"name\":\"Kohen Avocats\",\"description\":\"Ma\u00eetre Hassan Kohen, avocat p\u00e9naliste \u00e0 Paris, intervient exclusivement en droit p\u00e9nal pour la d\u00e9fense des particuliers, notamment en mati\u00e8re d\u2019accusations de viol. Il assure un accompagnement rigoureux d\u00e8s la garde \u00e0 vue jusqu\u2019\u00e0 la Cour d\u2019assises, veillant au strict respect des garanties proc\u00e9durales.\",\"publisher\":{\"@id\":\"https:\\\/\\\/kohenavocats.com\\\/zh-hans\\\/#organization\"},\"potentialAction\":[{\"@type\":\"SearchAction\",\"target\":{\"@type\":\"EntryPoint\",\"urlTemplate\":\"https:\\\/\\\/kohenavocats.com\\\/zh-hans\\\/?s={search_term_string}\"},\"query-input\":{\"@type\":\"PropertyValueSpecification\",\"valueRequired\":true,\"valueName\":\"search_term_string\"}}],\"inLanguage\":\"zh-Hans\"},{\"@type\":\"Organization\",\"@id\":\"https:\\\/\\\/kohenavocats.com\\\/zh-hans\\\/#organization\",\"name\":\"Kohen Avocats\",\"url\":\"https:\\\/\\\/kohenavocats.com\\\/zh-hans\\\/\",\"logo\":{\"@type\":\"ImageObject\",\"inLanguage\":\"zh-Hans\",\"@id\":\"https:\\\/\\\/kohenavocats.com\\\/zh-hans\\\/#\\\/schema\\\/logo\\\/image\\\/\",\"url\":\"https:\\\/\\\/kohenavocats.com\\\/wp-content\\\/uploads\\\/2026\\\/01\\\/Logo-2-1.webp\",\"contentUrl\":\"https:\\\/\\\/kohenavocats.com\\\/wp-content\\\/uploads\\\/2026\\\/01\\\/Logo-2-1.webp\",\"width\":2114,\"height\":1253,\"caption\":\"Kohen Avocats\"},\"image\":{\"@id\":\"https:\\\/\\\/kohenavocats.com\\\/zh-hans\\\/#\\\/schema\\\/logo\\\/image\\\/\"}},{\"@type\":\"Person\",\"@id\":\"https:\\\/\\\/kohenavocats.com\\\/zh-hans\\\/#\\\/schema\\\/person\\\/761c9ba54fa1ca84d405cef0831ff751\",\"name\":\"Kohen\",\"image\":{\"@type\":\"ImageObject\",\"inLanguage\":\"zh-Hans\",\"@id\":\"https:\\\/\\\/secure.gravatar.com\\\/avatar\\\/1c5e76ef76bbbfdd2b4da984e2bf2fa4056fd51a27d25ce2c332047f1dfd6e00?s=96&d=identicon&r=g\",\"url\":\"https:\\\/\\\/secure.gravatar.com\\\/avatar\\\/1c5e76ef76bbbfdd2b4da984e2bf2fa4056fd51a27d25ce2c332047f1dfd6e00?s=96&d=identicon&r=g\",\"contentUrl\":\"https:\\\/\\\/secure.gravatar.com\\\/avatar\\\/1c5e76ef76bbbfdd2b4da984e2bf2fa4056fd51a27d25ce2c332047f1dfd6e00?s=96&d=identicon&r=g\",\"caption\":\"Kohen\"},\"sameAs\":[\"https:\\\/\\\/www.linkedin.com\\\/in\\\/hassan-kohen-448548192\\\/\",\"https:\\\/\\\/www.youtube.com\\\/@Kohen-Avocats\"],\"url\":\"https:\\\/\\\/kohenavocats.com\\\/zh-hans\\\/author\\\/kohenmlk\\\/\"}]}<\/script>\n<!-- \/ Yoast SEO Premium plugin. -->","yoast_head_json":{"title":"Tribunal judiciaire de Meaux, le 18 septembre 2025, n\u00b023\/00521 - Ma\u00eetre Hassan Kohen, avocat en droit p\u00e9nal \u00e0 Paris","description":"Le tribunal judiciaire de Meaux, le 18 septembre 2025, statue sur un litige relatif \u00e0 la fixation d\u2019un taux d\u2019incapacit\u00e9 permanente partielle. La juridiction...","robots":{"index":"index","follow":"follow","max-snippet":"max-snippet:-1","max-image-preview":"max-image-preview:large","max-video-preview":"max-video-preview:-1"},"canonical":"https:\/\/kohenavocats.com\/zh-hans\/tribunal-judiciaire-de-meaux-le-18-septembre-2025-n23-00521\/","og_locale":"zh_CN","og_type":"article","og_title":"Tribunal judiciaire de Meaux, le 18 septembre 2025, n\u00b023\/00521","og_description":"Le tribunal judiciaire de Meaux, le 18 septembre 2025, statue sur un litige relatif \u00e0 la fixation d\u2019un taux d\u2019incapacit\u00e9 permanente partielle. La juridiction...","og_url":"https:\/\/kohenavocats.com\/zh-hans\/tribunal-judiciaire-de-meaux-le-18-septembre-2025-n23-00521\/","og_site_name":"Ma\u00eetre Hassan Kohen, avocat en droit p\u00e9nal \u00e0 Paris","article_published_time":"2026-04-24T05:38:47+00:00","og_image":[{"width":6863,"height":3619,"url":"https:\/\/kohenavocats.com\/wp-content\/uploads\/2024\/11\/ave-calvar-KfxfnO7EWX4-unsplash.webp","type":"image\/webp"}],"author":"Kohen","twitter_card":"summary_large_image","twitter_misc":{"\u4f5c\u8005":"Kohen","\u9884\u8ba1\u9605\u8bfb\u65f6\u95f4":"2 \u5206"},"schema":{"@context":"https:\/\/schema.org","@graph":[{"@type":"Article","@id":"https:\/\/kohenavocats.com\/zh-hans\/tribunal-judiciaire-de-meaux-le-18-septembre-2025-n23-00521\/#article","isPartOf":{"@id":"https:\/\/kohenavocats.com\/zh-hans\/tribunal-judiciaire-de-meaux-le-18-septembre-2025-n23-00521\/"},"author":{"name":"Kohen","@id":"https:\/\/kohenavocats.com\/zh-hans\/#\/schema\/person\/761c9ba54fa1ca84d405cef0831ff751"},"headline":"Tribunal judiciaire de Meaux, le 18 septembre 2025, n\u00b023\/00521","datePublished":"2026-04-24T05:38:47+00:00","mainEntityOfPage":{"@id":"https:\/\/kohenavocats.com\/zh-hans\/tribunal-judiciaire-de-meaux-le-18-septembre-2025-n23-00521\/"},"wordCount":376,"commentCount":0,"publisher":{"@id":"https:\/\/kohenavocats.com\/zh-hans\/#organization"},"image":{"@id":"https:\/\/kohenavocats.com\/zh-hans\/tribunal-judiciaire-de-meaux-le-18-septembre-2025-n23-00521\/#primaryimage"},"thumbnailUrl":"https:\/\/kohenavocats.com\/wp-content\/uploads\/2024\/11\/ave-calvar-KfxfnO7EWX4-unsplash.webp","articleSection":["Droit du travail","Droit Social","Jurisprudence","Social","Travail"],"inLanguage":"zh-Hans","potentialAction":[{"@type":"CommentAction","name":"Comment","target":["https:\/\/kohenavocats.com\/zh-hans\/tribunal-judiciaire-de-meaux-le-18-septembre-2025-n23-00521\/#respond"]}],"citation":"Tribunal judiciaire de Meaux, le 18 septembre 2025, n\u00b023\/00521","about":[{"@type":"Thing","name":"Droit du travail"},{"@type":"Thing","name":"Droit Social"},{"@type":"Thing","name":"Jurisprudence"},{"@type":"Thing","name":"Social"},{"@type":"Thing","name":"Travail"}],"dateModified":"2026-04-24T05:38:47+00:00","speakable":{"@type":"SpeakableSpecification","cssSelector":[".article-content > p:first-of-type"]}},{"@type":"WebPage","@id":"https:\/\/kohenavocats.com\/zh-hans\/tribunal-judiciaire-de-meaux-le-18-septembre-2025-n23-00521\/","url":"https:\/\/kohenavocats.com\/zh-hans\/tribunal-judiciaire-de-meaux-le-18-septembre-2025-n23-00521\/","name":"Tribunal judiciaire de Meaux, le 18 septembre 2025, n\u00b023\/00521 - Ma\u00eetre Hassan Kohen, avocat en droit p\u00e9nal \u00e0 Paris","isPartOf":{"@id":"https:\/\/kohenavocats.com\/zh-hans\/#website"},"primaryImageOfPage":{"@id":"https:\/\/kohenavocats.com\/zh-hans\/tribunal-judiciaire-de-meaux-le-18-septembre-2025-n23-00521\/#primaryimage"},"image":{"@id":"https:\/\/kohenavocats.com\/zh-hans\/tribunal-judiciaire-de-meaux-le-18-septembre-2025-n23-00521\/#primaryimage"},"thumbnailUrl":"https:\/\/kohenavocats.com\/wp-content\/uploads\/2024\/11\/ave-calvar-KfxfnO7EWX4-unsplash.webp","datePublished":"2026-04-24T05:38:47+00:00","description":"Le tribunal judiciaire de Meaux, le 18 septembre 2025, statue sur un litige relatif \u00e0 la fixation d\u2019un taux d\u2019incapacit\u00e9 permanente partielle. La juridiction...","breadcrumb":{"@id":"https:\/\/kohenavocats.com\/zh-hans\/tribunal-judiciaire-de-meaux-le-18-septembre-2025-n23-00521\/#breadcrumb"},"inLanguage":"zh-Hans","potentialAction":[{"@type":"ReadAction","target":["https:\/\/kohenavocats.com\/zh-hans\/tribunal-judiciaire-de-meaux-le-18-septembre-2025-n23-00521\/"]}]},{"@type":"ImageObject","inLanguage":"zh-Hans","@id":"https:\/\/kohenavocats.com\/zh-hans\/tribunal-judiciaire-de-meaux-le-18-septembre-2025-n23-00521\/#primaryimage","url":"https:\/\/kohenavocats.com\/wp-content\/uploads\/2024\/11\/ave-calvar-KfxfnO7EWX4-unsplash.webp","contentUrl":"https:\/\/kohenavocats.com\/wp-content\/uploads\/2024\/11\/ave-calvar-KfxfnO7EWX4-unsplash.webp","width":6863,"height":3619},{"@type":"BreadcrumbList","@id":"https:\/\/kohenavocats.com\/zh-hans\/tribunal-judiciaire-de-meaux-le-18-septembre-2025-n23-00521\/#breadcrumb","itemListElement":[{"@type":"ListItem","position":1,"name":"Home","item":"https:\/\/kohenavocats.com\/zh-hans\/"},{"@type":"ListItem","position":2,"name":"Tribunal judiciaire de Meaux, le 18 septembre 2025, n\u00b023\/00521"}]},{"@type":"WebSite","@id":"https:\/\/kohenavocats.com\/zh-hans\/#website","url":"https:\/\/kohenavocats.com\/zh-hans\/","name":"Kohen Avocats","description":"Ma\u00eetre Hassan Kohen, avocat p\u00e9naliste \u00e0 Paris, intervient exclusivement en droit p\u00e9nal pour la d\u00e9fense des particuliers, notamment en mati\u00e8re d\u2019accusations de viol. Il assure un accompagnement rigoureux d\u00e8s la garde \u00e0 vue jusqu\u2019\u00e0 la Cour d\u2019assises, veillant au strict respect des garanties proc\u00e9durales.","publisher":{"@id":"https:\/\/kohenavocats.com\/zh-hans\/#organization"},"potentialAction":[{"@type":"SearchAction","target":{"@type":"EntryPoint","urlTemplate":"https:\/\/kohenavocats.com\/zh-hans\/?s={search_term_string}"},"query-input":{"@type":"PropertyValueSpecification","valueRequired":true,"valueName":"search_term_string"}}],"inLanguage":"zh-Hans"},{"@type":"Organization","@id":"https:\/\/kohenavocats.com\/zh-hans\/#organization","name":"Kohen Avocats","url":"https:\/\/kohenavocats.com\/zh-hans\/","logo":{"@type":"ImageObject","inLanguage":"zh-Hans","@id":"https:\/\/kohenavocats.com\/zh-hans\/#\/schema\/logo\/image\/","url":"https:\/\/kohenavocats.com\/wp-content\/uploads\/2026\/01\/Logo-2-1.webp","contentUrl":"https:\/\/kohenavocats.com\/wp-content\/uploads\/2026\/01\/Logo-2-1.webp","width":2114,"height":1253,"caption":"Kohen Avocats"},"image":{"@id":"https:\/\/kohenavocats.com\/zh-hans\/#\/schema\/logo\/image\/"}},{"@type":"Person","@id":"https:\/\/kohenavocats.com\/zh-hans\/#\/schema\/person\/761c9ba54fa1ca84d405cef0831ff751","name":"Kohen","image":{"@type":"ImageObject","inLanguage":"zh-Hans","@id":"https:\/\/secure.gravatar.com\/avatar\/1c5e76ef76bbbfdd2b4da984e2bf2fa4056fd51a27d25ce2c332047f1dfd6e00?s=96&d=identicon&r=g","url":"https:\/\/secure.gravatar.com\/avatar\/1c5e76ef76bbbfdd2b4da984e2bf2fa4056fd51a27d25ce2c332047f1dfd6e00?s=96&d=identicon&r=g","contentUrl":"https:\/\/secure.gravatar.com\/avatar\/1c5e76ef76bbbfdd2b4da984e2bf2fa4056fd51a27d25ce2c332047f1dfd6e00?s=96&d=identicon&r=g","caption":"Kohen"},"sameAs":["https:\/\/www.linkedin.com\/in\/hassan-kohen-448548192\/","https:\/\/www.youtube.com\/@Kohen-Avocats"],"url":"https:\/\/kohenavocats.com\/zh-hans\/author\/kohenmlk\/"}]}},"jetpack_featured_media_url":"https:\/\/kohenavocats.com\/wp-content\/uploads\/2024\/11\/ave-calvar-KfxfnO7EWX4-unsplash.webp","jetpack_likes_enabled":false,"jetpack_shortlink":"https:\/\/wp.me\/peCrII-2OnC","jetpack-related-posts":[{"id":488634,"url":"https:\/\/kohenavocats.com\/zh-hans\/tribunal-judiciaire-de-meaux-le-24-novembre-2025-n24-00184\/","url_meta":{"origin":670320,"position":0},"title":"Tribunal judiciaire de Meaux, le 24 novembre 2025, n\u00b024\/00184","author":"Kohen","date":"2026\u5e744\u67088\u65e5","format":false,"excerpt":"Le p\u00f4le social du tribunal judiciaire, par jugemen\u2026","rel":"","context":"\u5728\u201cJurisprudence\u201d\u4e2d","block_context":{"text":"Jurisprudence","link":"https:\/\/kohenavocats.com\/category\/jurisprudence\/"},"img":{"alt_text":"","src":"https:\/\/i0.wp.com\/kohenavocats.com\/wp-content\/uploads\/2024\/06\/giammarco-boscaro-eWpBNXRHfTI-unsplash.jpg?resize=350%2C200&ssl=1","width":350,"height":200,"srcset":"https:\/\/i0.wp.com\/kohenavocats.com\/wp-content\/uploads\/2024\/06\/giammarco-boscaro-eWpBNXRHfTI-unsplash.jpg?resize=350%2C200&ssl=1 1x, https:\/\/i0.wp.com\/kohenavocats.com\/wp-content\/uploads\/2024\/06\/giammarco-boscaro-eWpBNXRHfTI-unsplash.jpg?resize=525%2C300&ssl=1 1.5x, https:\/\/i0.wp.com\/kohenavocats.com\/wp-content\/uploads\/2024\/06\/giammarco-boscaro-eWpBNXRHfTI-unsplash.jpg?resize=700%2C400&ssl=1 2x, https:\/\/i0.wp.com\/kohenavocats.com\/wp-content\/uploads\/2024\/06\/giammarco-boscaro-eWpBNXRHfTI-unsplash.jpg?resize=1050%2C600&ssl=1 3x, https:\/\/i0.wp.com\/kohenavocats.com\/wp-content\/uploads\/2024\/06\/giammarco-boscaro-eWpBNXRHfTI-unsplash.jpg?resize=1400%2C800&ssl=1 4x"},"classes":[]},{"id":662657,"url":"https:\/\/kohenavocats.com\/zh-hans\/tribunal-judiciaire-de-grenoble-le-10-juillet-2024-n23-01561\/","url_meta":{"origin":670320,"position":1},"title":"Tribunal judiciaire de Grenoble, le 10 juillet 2024, n\u00b023\/01561","author":"Kohen","date":"2026\u5e744\u670823\u65e5","format":false,"excerpt":"Le P\u00f4le social du tribunal judiciaire de Grenoble,\u2026","rel":"","context":"\u5728\u201cJurisprudence\u201d\u4e2d","block_context":{"text":"Jurisprudence","link":"https:\/\/kohenavocats.com\/category\/jurisprudence\/"},"img":{"alt_text":"","src":"https:\/\/i0.wp.com\/kohenavocats.com\/wp-content\/uploads\/2024\/11\/allison-saeng-Xp2cnkaRwlw-unsplash.webp?resize=350%2C200&ssl=1","width":350,"height":200,"srcset":"https:\/\/i0.wp.com\/kohenavocats.com\/wp-content\/uploads\/2024\/11\/allison-saeng-Xp2cnkaRwlw-unsplash.webp?resize=350%2C200&ssl=1 1x, https:\/\/i0.wp.com\/kohenavocats.com\/wp-content\/uploads\/2024\/11\/allison-saeng-Xp2cnkaRwlw-unsplash.webp?resize=525%2C300&ssl=1 1.5x, https:\/\/i0.wp.com\/kohenavocats.com\/wp-content\/uploads\/2024\/11\/allison-saeng-Xp2cnkaRwlw-unsplash.webp?resize=700%2C400&ssl=1 2x, https:\/\/i0.wp.com\/kohenavocats.com\/wp-content\/uploads\/2024\/11\/allison-saeng-Xp2cnkaRwlw-unsplash.webp?resize=1050%2C600&ssl=1 3x, https:\/\/i0.wp.com\/kohenavocats.com\/wp-content\/uploads\/2024\/11\/allison-saeng-Xp2cnkaRwlw-unsplash.webp?resize=1400%2C800&ssl=1 4x"},"classes":[]},{"id":467614,"url":"https:\/\/kohenavocats.com\/zh-hans\/tribunal-judiciaire-de-meaux-2025-12-08-n25-00203\/","url_meta":{"origin":670320,"position":2},"title":"Tribunal judiciaire de Meaux &#8211; 2025-12-08 &#8211; n\u00b025\/00203","author":"Kohen","date":"2026\u5e744\u67087\u65e5","format":false,"excerpt":"Le tribunal judiciaire de Meaux, p\u00f4le social, stat\u2026","rel":"","context":"\u5728\u201cJurisprudence\u201d\u4e2d","block_context":{"text":"Jurisprudence","link":"https:\/\/kohenavocats.com\/category\/jurisprudence\/"},"img":{"alt_text":"","src":"https:\/\/i0.wp.com\/kohenavocats.com\/wp-content\/uploads\/2024\/11\/and-machines-6IbHR1pTE0Q-unsplash.webp?resize=350%2C200&ssl=1","width":350,"height":200,"srcset":"https:\/\/i0.wp.com\/kohenavocats.com\/wp-content\/uploads\/2024\/11\/and-machines-6IbHR1pTE0Q-unsplash.webp?resize=350%2C200&ssl=1 1x, https:\/\/i0.wp.com\/kohenavocats.com\/wp-content\/uploads\/2024\/11\/and-machines-6IbHR1pTE0Q-unsplash.webp?resize=525%2C300&ssl=1 1.5x, https:\/\/i0.wp.com\/kohenavocats.com\/wp-content\/uploads\/2024\/11\/and-machines-6IbHR1pTE0Q-unsplash.webp?resize=700%2C400&ssl=1 2x, https:\/\/i0.wp.com\/kohenavocats.com\/wp-content\/uploads\/2024\/11\/and-machines-6IbHR1pTE0Q-unsplash.webp?resize=1050%2C600&ssl=1 3x, https:\/\/i0.wp.com\/kohenavocats.com\/wp-content\/uploads\/2024\/11\/and-machines-6IbHR1pTE0Q-unsplash.webp?resize=1400%2C800&ssl=1 4x"},"classes":[]},{"id":290729,"url":"https:\/\/kohenavocats.com\/zh-hans\/tribunal-judiciaire-de-meaux-le-30-juin-2025-n23-00223\/","url_meta":{"origin":670320,"position":3},"title":"Tribunal judiciaire de Meaux, le 30 juin 2025, n\u00b023\/00223","author":"Kohen","date":"2026\u5e741\u670819\u65e5","format":false,"excerpt":"Le Tribunal judiciaire de Meaux, statuant en mati\u00e8\u2026","rel":"","context":"\u5728\u201cD\u00e9cisions juridiques\u201d\u4e2d","block_context":{"text":"D\u00e9cisions juridiques","link":"https:\/\/kohenavocats.com\/category\/decisions-juridiques\/"},"img":{"alt_text":"","src":"https:\/\/i0.wp.com\/kohenavocats.com\/wp-content\/uploads\/2024\/11\/ave-calvar-clKiaVaiROM-unsplash.webp?resize=350%2C200&ssl=1","width":350,"height":200,"srcset":"https:\/\/i0.wp.com\/kohenavocats.com\/wp-content\/uploads\/2024\/11\/ave-calvar-clKiaVaiROM-unsplash.webp?resize=350%2C200&ssl=1 1x, https:\/\/i0.wp.com\/kohenavocats.com\/wp-content\/uploads\/2024\/11\/ave-calvar-clKiaVaiROM-unsplash.webp?resize=525%2C300&ssl=1 1.5x, https:\/\/i0.wp.com\/kohenavocats.com\/wp-content\/uploads\/2024\/11\/ave-calvar-clKiaVaiROM-unsplash.webp?resize=700%2C400&ssl=1 2x, https:\/\/i0.wp.com\/kohenavocats.com\/wp-content\/uploads\/2024\/11\/ave-calvar-clKiaVaiROM-unsplash.webp?resize=1050%2C600&ssl=1 3x, https:\/\/i0.wp.com\/kohenavocats.com\/wp-content\/uploads\/2024\/11\/ave-calvar-clKiaVaiROM-unsplash.webp?resize=1400%2C800&ssl=1 4x"},"classes":[]},{"id":670310,"url":"https:\/\/kohenavocats.com\/zh-hans\/tribunal-judiciaire-de-paris-le-18-septembre-2025-n24-00678\/","url_meta":{"origin":670320,"position":4},"title":"Tribunal judiciaire de Paris, le 18 septembre 2025, n\u00b024\/00678","author":"Kohen","date":"2026\u5e744\u670824\u65e5","format":false,"excerpt":"Le tribunal judiciaire de Paris, le 18 septembre 2\u2026","rel":"","context":"\u5728\u201cCode des assurances\u201d\u4e2d","block_context":{"text":"Code des assurances","link":"https:\/\/kohenavocats.com\/category\/code-des-assurances\/"},"img":{"alt_text":"","src":"https:\/\/i0.wp.com\/kohenavocats.com\/wp-content\/uploads\/2024\/07\/leo-serrat-jxLd50GtR0c-unsplash.webp?resize=350%2C200&ssl=1","width":350,"height":200,"srcset":"https:\/\/i0.wp.com\/kohenavocats.com\/wp-content\/uploads\/2024\/07\/leo-serrat-jxLd50GtR0c-unsplash.webp?resize=350%2C200&ssl=1 1x, https:\/\/i0.wp.com\/kohenavocats.com\/wp-content\/uploads\/2024\/07\/leo-serrat-jxLd50GtR0c-unsplash.webp?resize=525%2C300&ssl=1 1.5x, https:\/\/i0.wp.com\/kohenavocats.com\/wp-content\/uploads\/2024\/07\/leo-serrat-jxLd50GtR0c-unsplash.webp?resize=700%2C400&ssl=1 2x, https:\/\/i0.wp.com\/kohenavocats.com\/wp-content\/uploads\/2024\/07\/leo-serrat-jxLd50GtR0c-unsplash.webp?resize=1050%2C600&ssl=1 3x, https:\/\/i0.wp.com\/kohenavocats.com\/wp-content\/uploads\/2024\/07\/leo-serrat-jxLd50GtR0c-unsplash.webp?resize=1400%2C800&ssl=1 4x"},"classes":[]},{"id":609176,"url":"https:\/\/kohenavocats.com\/zh-hans\/cour-dappel-le-17-septembre-2024-n23-01746\/","url_meta":{"origin":670320,"position":5},"title":"Cour d&#8217;appel, le 17 septembre 2024, n\u00b023\/01746","author":"Kohen","date":"2026\u5e744\u670819\u65e5","format":false,"excerpt":"Cour d\u2019appel de Chamb\u00e9ry, chambre sociale, arr\u00eat d\u2026","rel":"","context":"\u5728\u201cJurisprudence\u201d\u4e2d","block_context":{"text":"Jurisprudence","link":"https:\/\/kohenavocats.com\/category\/jurisprudence\/"},"img":{"alt_text":"","src":"https:\/\/i0.wp.com\/kohenavocats.com\/wp-content\/uploads\/2024\/08\/sylvia-yang-_ar2ENzmqb0-unsplash.webp?resize=350%2C200&ssl=1","width":350,"height":200,"srcset":"https:\/\/i0.wp.com\/kohenavocats.com\/wp-content\/uploads\/2024\/08\/sylvia-yang-_ar2ENzmqb0-unsplash.webp?resize=350%2C200&ssl=1 1x, https:\/\/i0.wp.com\/kohenavocats.com\/wp-content\/uploads\/2024\/08\/sylvia-yang-_ar2ENzmqb0-unsplash.webp?resize=525%2C300&ssl=1 1.5x, https:\/\/i0.wp.com\/kohenavocats.com\/wp-content\/uploads\/2024\/08\/sylvia-yang-_ar2ENzmqb0-unsplash.webp?resize=700%2C400&ssl=1 2x, https:\/\/i0.wp.com\/kohenavocats.com\/wp-content\/uploads\/2024\/08\/sylvia-yang-_ar2ENzmqb0-unsplash.webp?resize=1050%2C600&ssl=1 3x, https:\/\/i0.wp.com\/kohenavocats.com\/wp-content\/uploads\/2024\/08\/sylvia-yang-_ar2ENzmqb0-unsplash.webp?resize=1400%2C800&ssl=1 4x"},"classes":[]}],"jetpack_sharing_enabled":true,"_links":{"self":[{"href":"https:\/\/kohenavocats.com\/zh-hans\/wp-json\/wp\/v2\/posts\/670320","targetHints":{"allow":["GET"]}}],"collection":[{"href":"https:\/\/kohenavocats.com\/zh-hans\/wp-json\/wp\/v2\/posts"}],"about":[{"href":"https:\/\/kohenavocats.com\/zh-hans\/wp-json\/wp\/v2\/types\/post"}],"author":[{"embeddable":true,"href":"https:\/\/kohenavocats.com\/zh-hans\/wp-json\/wp\/v2\/users\/232070755"}],"replies":[{"embeddable":true,"href":"https:\/\/kohenavocats.com\/zh-hans\/wp-json\/wp\/v2\/comments?post=670320"}],"version-history":[{"count":0,"href":"https:\/\/kohenavocats.com\/zh-hans\/wp-json\/wp\/v2\/posts\/670320\/revisions"}],"wp:featuredmedia":[{"embeddable":true,"href":"https:\/\/kohenavocats.com\/zh-hans\/wp-json\/wp\/v2\/media\/9446"}],"wp:attachment":[{"href":"https:\/\/kohenavocats.com\/zh-hans\/wp-json\/wp\/v2\/media?parent=670320"}],"wp:term":[{"taxonomy":"category","embeddable":true,"href":"https:\/\/kohenavocats.com\/zh-hans\/wp-json\/wp\/v2\/categories?post=670320"},{"taxonomy":"post_tag","embeddable":true,"href":"https:\/\/kohenavocats.com\/zh-hans\/wp-json\/wp\/v2\/tags?post=670320"}],"curies":[{"name":"wp","href":"https:\/\/api.w.org\/{rel}","templated":true}]}}