{"id":670584,"date":"2026-04-24T08:00:09","date_gmt":"2026-04-24T06:00:09","guid":{"rendered":"https:\/\/kohenavocats.com\/tribunal-judiciaire-de-paris-le-10-juillet-2025-n25-00707\/"},"modified":"2026-04-24T08:00:09","modified_gmt":"2026-04-24T06:00:09","slug":"tribunal-judiciaire-de-paris-le-10-juillet-2025-n25-00707","status":"publish","type":"post","link":"https:\/\/kohenavocats.com\/zh-hans\/tribunal-judiciaire-de-paris-le-10-juillet-2025-n25-00707\/","title":{"rendered":"Tribunal judiciaire de Paris, le 10 juillet 2025, n\u00b025\/00707"},"content":{"rendered":"<div class=\"article-content\">\n<p>Le tribunal judiciaire de Paris, statuant en r\u00e9f\u00e9r\u00e9 le 10 juillet 2025, se prononce sur une demande d&#8217;extension d&#8217;une expertise. Un syndicat de copropri\u00e9taires, confront\u00e9 \u00e0 des d\u00e9sordres, a mis en cause une entreprise de travaux et ses assureurs. Ces derniers demandent leur mise hors de cause, invoquant l&#8217;absence d&#8217;avis pr\u00e9alable de l&#8217;expert et l&#8217;absence de garantie. Le juge rejette ces demandes et ordonne l&#8217;extension de l&#8217;expertise aux parties mises en cause, estimant leur intervention l\u00e9gitime pour \u00e9claircir les responsabilit\u00e9s.<\/p>\n<p>La l\u00e9gitimit\u00e9 de la mise en cause des garanties<\/p>\n<p>L&#8217;appel en garantie justifi\u00e9 par un d\u00e9bat s\u00e9rieux sur les faits. Le juge estime que la responsabilit\u00e9 de l&#8217;entreprise intervenante est susceptible d&#8217;\u00eatre recherch\u00e9e au vu des travaux r\u00e9alis\u00e9s. Les garanties de ses assureurs sont donc potentiellement mobilisables, ce qui l\u00e9gitime leur pr\u00e9sence dans l&#8217;instance. Cette appr\u00e9ciation in concreto permet d&#8217;\u00e9viter un d\u00e9ni de justice et assure une instruction compl\u00e8te.<\/p>\n<p>L&#8217;absence d&#8217;avis pr\u00e9alable de l&#8217;expert n&#8217;est pas un obstacle proc\u00e9dural. Le juge pr\u00e9cise les conditions de l&#8217;article 245 du code de proc\u00e9dure civile. &#8220;Cet avis n&#8217;est n\u00e9cessaire aux termes de l&#8217;article 245 du code de proc\u00e9dure civile qu&#8217;en cas de modification de la mission de l&#8217;expert et non pour l&#8217;appel en cause de nouvelles parties.&#8221; Cette interpr\u00e9tation stricte facilite l&#8217;introduction de nouveaux intervenants sans alourdir inutilement la proc\u00e9dure d&#8217;expertise.<\/p>\n<p>La comp\u00e9tence du juge pour appr\u00e9cier le d\u00e9clenchement des garanties<\/p>\n<p>Le d\u00e9bat sur la couverture d&#8217;assurance rel\u00e8ve de l&#8217;appr\u00e9ciation souveraine des juges. La question de savoir si les travaux effectu\u00e9s entrent dans le champ des activit\u00e9s garanties n\u00e9cessite un examen au fond. Ce d\u00e9bat &#8220;suppose la comparaison entre la description des travaux effectivement r\u00e9alis\u00e9s et la nomenclature des activit\u00e9s garanties&#8221;. Le juge renvoie cette appr\u00e9ciation au juge du fond, apr\u00e8s les constatations de l&#8217;expert.<\/p>\n<p>L&#8217;expertise comme moyen de preuve n\u00e9cessaire pour trancher les questions techniques. Le juge souligne l&#8217;utilit\u00e9 de l&#8217;expertise pour \u00e9clairer le d\u00e9bat sur la causalit\u00e9. Le r\u00f4le causal des travaux dans les d\u00e9sordres all\u00e9gu\u00e9s est un &#8220;d\u00e9bat [&#8230;] m\u00e9lang\u00e9 de fait ce qui suppose justement l&#8217;avis de l&#8217;expert&#8221;. L&#8217;extension de la mission est donc ordonn\u00e9e pour permettre une instruction loyale et contradictoire, conditionnant l&#8217;issue du litige principal sur la garantie.<\/p>\n<\/div>\n","protected":false},"excerpt":{"rendered":"<p>Le tribunal judiciaire de Paris, statuant en r\u00e9f\u00e9r\u00e9 le 10 juillet 2025, se prononce sur une demande d&#8217;extension d&#8217;une expertise. Un syndicat de copropri\u00e9tair&#8230;<\/p>\n","protected":false},"author":232070755,"featured_media":3896,"comment_status":"open","ping_status":"open","sticky":false,"template":"","format":"standard","meta":{"_crdt_document":"","_jetpack_newsletter_access":"","_jetpack_dont_email_post_to_subs":false,"_jetpack_newsletter_tier_id":0,"_jetpack_memberships_contains_paywalled_content":false,"_kj_source_type":"judilibre","_kj_official_id":"68cc5df49da368950469b592","_kj_official_url":"https:\/\/www.courdecassation.fr\/decision\/68cc5df49da368950469b592","_kj_judilibre_id":"68cc5df49da368950469b592","_kj_jur":"Tribunal judiciaire","_kj_lieu":"Tribunal judiciaire de Nantes","_kj_chambre":"R\u00e9f\u00e9r\u00e9 pr\u00e9sident","_kj_rg":"25\/00707","_kj_date":"2025-09-18","_jetpack_memberships_contains_paid_content":false,"footnotes":"","jetpack_post_was_ever_published":false},"categories":[7096,7597],"tags":[],"class_list":["post-670584","post","type-post","status-publish","format-standard","has-post-thumbnail","hentry","category-code-des-assurances","category-jurisprudence"],"yoast_head":"<!-- This site is optimized with the Yoast SEO Premium plugin v27.5 (Yoast SEO v27.5) - https:\/\/yoast.com\/product\/yoast-seo-premium-wordpress\/ -->\n<title>Tribunal judiciaire de Paris, le 10 juillet 2025, n\u00b025\/00707 - Ma\u00eetre Hassan Kohen, avocat en droit p\u00e9nal \u00e0 Paris<\/title>\n<meta name=\"description\" content=\"Le tribunal judiciaire de Paris, statuant en r\u00e9f\u00e9r\u00e9 le 10 juillet 2025, se prononce sur une demande d&#039;extension d&#039;une expertise. Un syndicat de copropri\u00e9tair...\" \/>\n<meta name=\"robots\" content=\"index, follow, max-snippet:-1, max-image-preview:large, max-video-preview:-1\" \/>\n<link rel=\"canonical\" href=\"https:\/\/kohenavocats.com\/zh-hans\/tribunal-judiciaire-de-paris-le-10-juillet-2025-n25-00707\/\" \/>\n<meta property=\"og:locale\" content=\"zh_CN\" \/>\n<meta property=\"og:type\" content=\"article\" \/>\n<meta property=\"og:title\" content=\"Tribunal judiciaire de Paris, le 10 juillet 2025, n\u00b025\/00707\" \/>\n<meta property=\"og:description\" content=\"Le tribunal judiciaire de Paris, statuant en r\u00e9f\u00e9r\u00e9 le 10 juillet 2025, se prononce sur une demande d&#039;extension d&#039;une expertise. Un syndicat de copropri\u00e9tair...\" \/>\n<meta property=\"og:url\" content=\"https:\/\/kohenavocats.com\/zh-hans\/tribunal-judiciaire-de-paris-le-10-juillet-2025-n25-00707\/\" \/>\n<meta property=\"og:site_name\" content=\"Ma\u00eetre Hassan Kohen, avocat en droit p\u00e9nal \u00e0 Paris\" \/>\n<meta property=\"article:published_time\" content=\"2026-04-24T06:00:09+00:00\" \/>\n<meta property=\"og:image\" content=\"https:\/\/kohenavocats.com\/wp-content\/uploads\/2024\/07\/claudio-testa-iqeG5xA96M4-unsplash.webp\" \/>\n\t<meta property=\"og:image:width\" content=\"5472\" \/>\n\t<meta property=\"og:image:height\" content=\"3420\" \/>\n\t<meta property=\"og:image:type\" content=\"image\/webp\" \/>\n<meta name=\"author\" content=\"Kohen\" \/>\n<meta name=\"twitter:card\" content=\"summary_large_image\" \/>\n<meta name=\"twitter:label1\" content=\"\u4f5c\u8005\" \/>\n\t<meta name=\"twitter:data1\" content=\"Kohen\" \/>\n\t<meta name=\"twitter:label2\" content=\"\u9884\u8ba1\u9605\u8bfb\u65f6\u95f4\" \/>\n\t<meta name=\"twitter:data2\" content=\"2 \u5206\" \/>\n<script type=\"application\/ld+json\" class=\"yoast-schema-graph\">{\"@context\":\"https:\\\/\\\/schema.org\",\"@graph\":[{\"@type\":\"Article\",\"@id\":\"https:\\\/\\\/kohenavocats.com\\\/zh-hans\\\/tribunal-judiciaire-de-paris-le-10-juillet-2025-n25-00707\\\/#article\",\"isPartOf\":{\"@id\":\"https:\\\/\\\/kohenavocats.com\\\/zh-hans\\\/tribunal-judiciaire-de-paris-le-10-juillet-2025-n25-00707\\\/\"},\"author\":{\"name\":\"Kohen\",\"@id\":\"https:\\\/\\\/kohenavocats.com\\\/zh-hans\\\/#\\\/schema\\\/person\\\/761c9ba54fa1ca84d405cef0831ff751\"},\"headline\":\"Tribunal judiciaire de Paris, le 10 juillet 2025, n\u00b025\\\/00707\",\"datePublished\":\"2026-04-24T06:00:09+00:00\",\"mainEntityOfPage\":{\"@id\":\"https:\\\/\\\/kohenavocats.com\\\/zh-hans\\\/tribunal-judiciaire-de-paris-le-10-juillet-2025-n25-00707\\\/\"},\"wordCount\":447,\"commentCount\":0,\"publisher\":{\"@id\":\"https:\\\/\\\/kohenavocats.com\\\/zh-hans\\\/#organization\"},\"image\":{\"@id\":\"https:\\\/\\\/kohenavocats.com\\\/zh-hans\\\/tribunal-judiciaire-de-paris-le-10-juillet-2025-n25-00707\\\/#primaryimage\"},\"thumbnailUrl\":\"https:\\\/\\\/kohenavocats.com\\\/wp-content\\\/uploads\\\/2024\\\/07\\\/claudio-testa-iqeG5xA96M4-unsplash.webp\",\"articleSection\":[\"Code des assurances\",\"Jurisprudence\"],\"inLanguage\":\"zh-Hans\",\"potentialAction\":[{\"@type\":\"CommentAction\",\"name\":\"Comment\",\"target\":[\"https:\\\/\\\/kohenavocats.com\\\/zh-hans\\\/tribunal-judiciaire-de-paris-le-10-juillet-2025-n25-00707\\\/#respond\"]}],\"citation\":\"Tribunal judiciaire de Paris, le 10 juillet 2025, n\u00b025\\\/00707\",\"about\":[{\"@type\":\"Thing\",\"name\":\"Code des assurances\"},{\"@type\":\"Thing\",\"name\":\"Jurisprudence\"}],\"dateModified\":\"2026-04-24T06:00:09+00:00\",\"speakable\":{\"@type\":\"SpeakableSpecification\",\"cssSelector\":[\".article-content > p:first-of-type\"]}},{\"@type\":\"WebPage\",\"@id\":\"https:\\\/\\\/kohenavocats.com\\\/zh-hans\\\/tribunal-judiciaire-de-paris-le-10-juillet-2025-n25-00707\\\/\",\"url\":\"https:\\\/\\\/kohenavocats.com\\\/zh-hans\\\/tribunal-judiciaire-de-paris-le-10-juillet-2025-n25-00707\\\/\",\"name\":\"Tribunal judiciaire de Paris, le 10 juillet 2025, n\u00b025\\\/00707 - Ma\u00eetre Hassan Kohen, avocat en droit p\u00e9nal \u00e0 Paris\",\"isPartOf\":{\"@id\":\"https:\\\/\\\/kohenavocats.com\\\/zh-hans\\\/#website\"},\"primaryImageOfPage\":{\"@id\":\"https:\\\/\\\/kohenavocats.com\\\/zh-hans\\\/tribunal-judiciaire-de-paris-le-10-juillet-2025-n25-00707\\\/#primaryimage\"},\"image\":{\"@id\":\"https:\\\/\\\/kohenavocats.com\\\/zh-hans\\\/tribunal-judiciaire-de-paris-le-10-juillet-2025-n25-00707\\\/#primaryimage\"},\"thumbnailUrl\":\"https:\\\/\\\/kohenavocats.com\\\/wp-content\\\/uploads\\\/2024\\\/07\\\/claudio-testa-iqeG5xA96M4-unsplash.webp\",\"datePublished\":\"2026-04-24T06:00:09+00:00\",\"description\":\"Le tribunal judiciaire de Paris, statuant en r\u00e9f\u00e9r\u00e9 le 10 juillet 2025, se prononce sur une demande d'extension d'une expertise. Un syndicat de copropri\u00e9tair...\",\"breadcrumb\":{\"@id\":\"https:\\\/\\\/kohenavocats.com\\\/zh-hans\\\/tribunal-judiciaire-de-paris-le-10-juillet-2025-n25-00707\\\/#breadcrumb\"},\"inLanguage\":\"zh-Hans\",\"potentialAction\":[{\"@type\":\"ReadAction\",\"target\":[\"https:\\\/\\\/kohenavocats.com\\\/zh-hans\\\/tribunal-judiciaire-de-paris-le-10-juillet-2025-n25-00707\\\/\"]}]},{\"@type\":\"ImageObject\",\"inLanguage\":\"zh-Hans\",\"@id\":\"https:\\\/\\\/kohenavocats.com\\\/zh-hans\\\/tribunal-judiciaire-de-paris-le-10-juillet-2025-n25-00707\\\/#primaryimage\",\"url\":\"https:\\\/\\\/kohenavocats.com\\\/wp-content\\\/uploads\\\/2024\\\/07\\\/claudio-testa-iqeG5xA96M4-unsplash.webp\",\"contentUrl\":\"https:\\\/\\\/kohenavocats.com\\\/wp-content\\\/uploads\\\/2024\\\/07\\\/claudio-testa-iqeG5xA96M4-unsplash.webp\",\"width\":5472,\"height\":3420},{\"@type\":\"BreadcrumbList\",\"@id\":\"https:\\\/\\\/kohenavocats.com\\\/zh-hans\\\/tribunal-judiciaire-de-paris-le-10-juillet-2025-n25-00707\\\/#breadcrumb\",\"itemListElement\":[{\"@type\":\"ListItem\",\"position\":1,\"name\":\"Home\",\"item\":\"https:\\\/\\\/kohenavocats.com\\\/zh-hans\\\/\"},{\"@type\":\"ListItem\",\"position\":2,\"name\":\"Tribunal judiciaire de Paris, le 10 juillet 2025, n\u00b025\\\/00707\"}]},{\"@type\":\"WebSite\",\"@id\":\"https:\\\/\\\/kohenavocats.com\\\/zh-hans\\\/#website\",\"url\":\"https:\\\/\\\/kohenavocats.com\\\/zh-hans\\\/\",\"name\":\"Kohen Avocats\",\"description\":\"Ma\u00eetre Hassan Kohen, avocat p\u00e9naliste \u00e0 Paris, intervient exclusivement en droit p\u00e9nal pour la d\u00e9fense des particuliers, notamment en mati\u00e8re d\u2019accusations de viol. Il assure un accompagnement rigoureux d\u00e8s la garde \u00e0 vue jusqu\u2019\u00e0 la Cour d\u2019assises, veillant au strict respect des garanties proc\u00e9durales.\",\"publisher\":{\"@id\":\"https:\\\/\\\/kohenavocats.com\\\/zh-hans\\\/#organization\"},\"potentialAction\":[{\"@type\":\"SearchAction\",\"target\":{\"@type\":\"EntryPoint\",\"urlTemplate\":\"https:\\\/\\\/kohenavocats.com\\\/zh-hans\\\/?s={search_term_string}\"},\"query-input\":{\"@type\":\"PropertyValueSpecification\",\"valueRequired\":true,\"valueName\":\"search_term_string\"}}],\"inLanguage\":\"zh-Hans\"},{\"@type\":\"Organization\",\"@id\":\"https:\\\/\\\/kohenavocats.com\\\/zh-hans\\\/#organization\",\"name\":\"Kohen Avocats\",\"url\":\"https:\\\/\\\/kohenavocats.com\\\/zh-hans\\\/\",\"logo\":{\"@type\":\"ImageObject\",\"inLanguage\":\"zh-Hans\",\"@id\":\"https:\\\/\\\/kohenavocats.com\\\/zh-hans\\\/#\\\/schema\\\/logo\\\/image\\\/\",\"url\":\"https:\\\/\\\/kohenavocats.com\\\/wp-content\\\/uploads\\\/2026\\\/01\\\/Logo-2-1.webp\",\"contentUrl\":\"https:\\\/\\\/kohenavocats.com\\\/wp-content\\\/uploads\\\/2026\\\/01\\\/Logo-2-1.webp\",\"width\":2114,\"height\":1253,\"caption\":\"Kohen Avocats\"},\"image\":{\"@id\":\"https:\\\/\\\/kohenavocats.com\\\/zh-hans\\\/#\\\/schema\\\/logo\\\/image\\\/\"}},{\"@type\":\"Person\",\"@id\":\"https:\\\/\\\/kohenavocats.com\\\/zh-hans\\\/#\\\/schema\\\/person\\\/761c9ba54fa1ca84d405cef0831ff751\",\"name\":\"Kohen\",\"image\":{\"@type\":\"ImageObject\",\"inLanguage\":\"zh-Hans\",\"@id\":\"https:\\\/\\\/secure.gravatar.com\\\/avatar\\\/1c5e76ef76bbbfdd2b4da984e2bf2fa4056fd51a27d25ce2c332047f1dfd6e00?s=96&d=identicon&r=g\",\"url\":\"https:\\\/\\\/secure.gravatar.com\\\/avatar\\\/1c5e76ef76bbbfdd2b4da984e2bf2fa4056fd51a27d25ce2c332047f1dfd6e00?s=96&d=identicon&r=g\",\"contentUrl\":\"https:\\\/\\\/secure.gravatar.com\\\/avatar\\\/1c5e76ef76bbbfdd2b4da984e2bf2fa4056fd51a27d25ce2c332047f1dfd6e00?s=96&d=identicon&r=g\",\"caption\":\"Kohen\"},\"sameAs\":[\"https:\\\/\\\/www.linkedin.com\\\/in\\\/hassan-kohen-448548192\\\/\",\"https:\\\/\\\/www.youtube.com\\\/@Kohen-Avocats\"],\"url\":\"https:\\\/\\\/kohenavocats.com\\\/zh-hans\\\/author\\\/kohenmlk\\\/\"}]}<\/script>\n<!-- \/ Yoast SEO Premium plugin. -->","yoast_head_json":{"title":"Tribunal judiciaire de Paris, le 10 juillet 2025, n\u00b025\/00707 - Ma\u00eetre Hassan Kohen, avocat en droit p\u00e9nal \u00e0 Paris","description":"Le tribunal judiciaire de Paris, statuant en r\u00e9f\u00e9r\u00e9 le 10 juillet 2025, se prononce sur une demande d'extension d'une expertise. Un syndicat de copropri\u00e9tair...","robots":{"index":"index","follow":"follow","max-snippet":"max-snippet:-1","max-image-preview":"max-image-preview:large","max-video-preview":"max-video-preview:-1"},"canonical":"https:\/\/kohenavocats.com\/zh-hans\/tribunal-judiciaire-de-paris-le-10-juillet-2025-n25-00707\/","og_locale":"zh_CN","og_type":"article","og_title":"Tribunal judiciaire de Paris, le 10 juillet 2025, n\u00b025\/00707","og_description":"Le tribunal judiciaire de Paris, statuant en r\u00e9f\u00e9r\u00e9 le 10 juillet 2025, se prononce sur une demande d'extension d'une expertise. Un syndicat de copropri\u00e9tair...","og_url":"https:\/\/kohenavocats.com\/zh-hans\/tribunal-judiciaire-de-paris-le-10-juillet-2025-n25-00707\/","og_site_name":"Ma\u00eetre Hassan Kohen, avocat en droit p\u00e9nal \u00e0 Paris","article_published_time":"2026-04-24T06:00:09+00:00","og_image":[{"width":5472,"height":3420,"url":"https:\/\/kohenavocats.com\/wp-content\/uploads\/2024\/07\/claudio-testa-iqeG5xA96M4-unsplash.webp","type":"image\/webp"}],"author":"Kohen","twitter_card":"summary_large_image","twitter_misc":{"\u4f5c\u8005":"Kohen","\u9884\u8ba1\u9605\u8bfb\u65f6\u95f4":"2 \u5206"},"schema":{"@context":"https:\/\/schema.org","@graph":[{"@type":"Article","@id":"https:\/\/kohenavocats.com\/zh-hans\/tribunal-judiciaire-de-paris-le-10-juillet-2025-n25-00707\/#article","isPartOf":{"@id":"https:\/\/kohenavocats.com\/zh-hans\/tribunal-judiciaire-de-paris-le-10-juillet-2025-n25-00707\/"},"author":{"name":"Kohen","@id":"https:\/\/kohenavocats.com\/zh-hans\/#\/schema\/person\/761c9ba54fa1ca84d405cef0831ff751"},"headline":"Tribunal judiciaire de Paris, le 10 juillet 2025, n\u00b025\/00707","datePublished":"2026-04-24T06:00:09+00:00","mainEntityOfPage":{"@id":"https:\/\/kohenavocats.com\/zh-hans\/tribunal-judiciaire-de-paris-le-10-juillet-2025-n25-00707\/"},"wordCount":447,"commentCount":0,"publisher":{"@id":"https:\/\/kohenavocats.com\/zh-hans\/#organization"},"image":{"@id":"https:\/\/kohenavocats.com\/zh-hans\/tribunal-judiciaire-de-paris-le-10-juillet-2025-n25-00707\/#primaryimage"},"thumbnailUrl":"https:\/\/kohenavocats.com\/wp-content\/uploads\/2024\/07\/claudio-testa-iqeG5xA96M4-unsplash.webp","articleSection":["Code des assurances","Jurisprudence"],"inLanguage":"zh-Hans","potentialAction":[{"@type":"CommentAction","name":"Comment","target":["https:\/\/kohenavocats.com\/zh-hans\/tribunal-judiciaire-de-paris-le-10-juillet-2025-n25-00707\/#respond"]}],"citation":"Tribunal judiciaire de Paris, le 10 juillet 2025, n\u00b025\/00707","about":[{"@type":"Thing","name":"Code des assurances"},{"@type":"Thing","name":"Jurisprudence"}],"dateModified":"2026-04-24T06:00:09+00:00","speakable":{"@type":"SpeakableSpecification","cssSelector":[".article-content > p:first-of-type"]}},{"@type":"WebPage","@id":"https:\/\/kohenavocats.com\/zh-hans\/tribunal-judiciaire-de-paris-le-10-juillet-2025-n25-00707\/","url":"https:\/\/kohenavocats.com\/zh-hans\/tribunal-judiciaire-de-paris-le-10-juillet-2025-n25-00707\/","name":"Tribunal judiciaire de Paris, le 10 juillet 2025, n\u00b025\/00707 - Ma\u00eetre Hassan Kohen, avocat en droit p\u00e9nal \u00e0 Paris","isPartOf":{"@id":"https:\/\/kohenavocats.com\/zh-hans\/#website"},"primaryImageOfPage":{"@id":"https:\/\/kohenavocats.com\/zh-hans\/tribunal-judiciaire-de-paris-le-10-juillet-2025-n25-00707\/#primaryimage"},"image":{"@id":"https:\/\/kohenavocats.com\/zh-hans\/tribunal-judiciaire-de-paris-le-10-juillet-2025-n25-00707\/#primaryimage"},"thumbnailUrl":"https:\/\/kohenavocats.com\/wp-content\/uploads\/2024\/07\/claudio-testa-iqeG5xA96M4-unsplash.webp","datePublished":"2026-04-24T06:00:09+00:00","description":"Le tribunal judiciaire de Paris, statuant en r\u00e9f\u00e9r\u00e9 le 10 juillet 2025, se prononce sur une demande d'extension d'une expertise. Un syndicat de copropri\u00e9tair...","breadcrumb":{"@id":"https:\/\/kohenavocats.com\/zh-hans\/tribunal-judiciaire-de-paris-le-10-juillet-2025-n25-00707\/#breadcrumb"},"inLanguage":"zh-Hans","potentialAction":[{"@type":"ReadAction","target":["https:\/\/kohenavocats.com\/zh-hans\/tribunal-judiciaire-de-paris-le-10-juillet-2025-n25-00707\/"]}]},{"@type":"ImageObject","inLanguage":"zh-Hans","@id":"https:\/\/kohenavocats.com\/zh-hans\/tribunal-judiciaire-de-paris-le-10-juillet-2025-n25-00707\/#primaryimage","url":"https:\/\/kohenavocats.com\/wp-content\/uploads\/2024\/07\/claudio-testa-iqeG5xA96M4-unsplash.webp","contentUrl":"https:\/\/kohenavocats.com\/wp-content\/uploads\/2024\/07\/claudio-testa-iqeG5xA96M4-unsplash.webp","width":5472,"height":3420},{"@type":"BreadcrumbList","@id":"https:\/\/kohenavocats.com\/zh-hans\/tribunal-judiciaire-de-paris-le-10-juillet-2025-n25-00707\/#breadcrumb","itemListElement":[{"@type":"ListItem","position":1,"name":"Home","item":"https:\/\/kohenavocats.com\/zh-hans\/"},{"@type":"ListItem","position":2,"name":"Tribunal judiciaire de Paris, le 10 juillet 2025, n\u00b025\/00707"}]},{"@type":"WebSite","@id":"https:\/\/kohenavocats.com\/zh-hans\/#website","url":"https:\/\/kohenavocats.com\/zh-hans\/","name":"Kohen Avocats","description":"Ma\u00eetre Hassan Kohen, avocat p\u00e9naliste \u00e0 Paris, intervient exclusivement en droit p\u00e9nal pour la d\u00e9fense des particuliers, notamment en mati\u00e8re d\u2019accusations de viol. Il assure un accompagnement rigoureux d\u00e8s la garde \u00e0 vue jusqu\u2019\u00e0 la Cour d\u2019assises, veillant au strict respect des garanties proc\u00e9durales.","publisher":{"@id":"https:\/\/kohenavocats.com\/zh-hans\/#organization"},"potentialAction":[{"@type":"SearchAction","target":{"@type":"EntryPoint","urlTemplate":"https:\/\/kohenavocats.com\/zh-hans\/?s={search_term_string}"},"query-input":{"@type":"PropertyValueSpecification","valueRequired":true,"valueName":"search_term_string"}}],"inLanguage":"zh-Hans"},{"@type":"Organization","@id":"https:\/\/kohenavocats.com\/zh-hans\/#organization","name":"Kohen Avocats","url":"https:\/\/kohenavocats.com\/zh-hans\/","logo":{"@type":"ImageObject","inLanguage":"zh-Hans","@id":"https:\/\/kohenavocats.com\/zh-hans\/#\/schema\/logo\/image\/","url":"https:\/\/kohenavocats.com\/wp-content\/uploads\/2026\/01\/Logo-2-1.webp","contentUrl":"https:\/\/kohenavocats.com\/wp-content\/uploads\/2026\/01\/Logo-2-1.webp","width":2114,"height":1253,"caption":"Kohen Avocats"},"image":{"@id":"https:\/\/kohenavocats.com\/zh-hans\/#\/schema\/logo\/image\/"}},{"@type":"Person","@id":"https:\/\/kohenavocats.com\/zh-hans\/#\/schema\/person\/761c9ba54fa1ca84d405cef0831ff751","name":"Kohen","image":{"@type":"ImageObject","inLanguage":"zh-Hans","@id":"https:\/\/secure.gravatar.com\/avatar\/1c5e76ef76bbbfdd2b4da984e2bf2fa4056fd51a27d25ce2c332047f1dfd6e00?s=96&d=identicon&r=g","url":"https:\/\/secure.gravatar.com\/avatar\/1c5e76ef76bbbfdd2b4da984e2bf2fa4056fd51a27d25ce2c332047f1dfd6e00?s=96&d=identicon&r=g","contentUrl":"https:\/\/secure.gravatar.com\/avatar\/1c5e76ef76bbbfdd2b4da984e2bf2fa4056fd51a27d25ce2c332047f1dfd6e00?s=96&d=identicon&r=g","caption":"Kohen"},"sameAs":["https:\/\/www.linkedin.com\/in\/hassan-kohen-448548192\/","https:\/\/www.youtube.com\/@Kohen-Avocats"],"url":"https:\/\/kohenavocats.com\/zh-hans\/author\/kohenmlk\/"}]}},"jetpack_featured_media_url":"https:\/\/kohenavocats.com\/wp-content\/uploads\/2024\/07\/claudio-testa-iqeG5xA96M4-unsplash.webp","jetpack_likes_enabled":false,"jetpack_shortlink":"https:\/\/wp.me\/peCrII-2OrS","jetpack-related-posts":[{"id":291634,"url":"https:\/\/kohenavocats.com\/zh-hans\/tribunal-judiciaire-de-paris-le-2-juillet-2025-n25-53086\/","url_meta":{"origin":670584,"position":0},"title":"Tribunal judiciaire de Paris, le 2 juillet 2025, n\u00b025\/53086","author":"Kohen","date":"2026\u5e741\u670821\u65e5","format":false,"excerpt":"Le Tribunal judiciaire de Paris, statuant en r\u00e9f\u00e9r\u2026","rel":"","context":"\u5728\u201cD\u00e9cisions juridiques\u201d\u4e2d","block_context":{"text":"D\u00e9cisions juridiques","link":"https:\/\/kohenavocats.com\/category\/decisions-juridiques\/"},"img":{"alt_text":"","src":"https:\/\/i0.wp.com\/kohenavocats.com\/wp-content\/uploads\/2024\/08\/peter-bucks-cDueGDswXy8-unsplash.webp?resize=350%2C200&ssl=1","width":350,"height":200,"srcset":"https:\/\/i0.wp.com\/kohenavocats.com\/wp-content\/uploads\/2024\/08\/peter-bucks-cDueGDswXy8-unsplash.webp?resize=350%2C200&ssl=1 1x, https:\/\/i0.wp.com\/kohenavocats.com\/wp-content\/uploads\/2024\/08\/peter-bucks-cDueGDswXy8-unsplash.webp?resize=525%2C300&ssl=1 1.5x, https:\/\/i0.wp.com\/kohenavocats.com\/wp-content\/uploads\/2024\/08\/peter-bucks-cDueGDswXy8-unsplash.webp?resize=700%2C400&ssl=1 2x, https:\/\/i0.wp.com\/kohenavocats.com\/wp-content\/uploads\/2024\/08\/peter-bucks-cDueGDswXy8-unsplash.webp?resize=1050%2C600&ssl=1 3x, https:\/\/i0.wp.com\/kohenavocats.com\/wp-content\/uploads\/2024\/08\/peter-bucks-cDueGDswXy8-unsplash.webp?resize=1400%2C800&ssl=1 4x"},"classes":[]},{"id":413249,"url":"https:\/\/kohenavocats.com\/zh-hans\/cour-dappel-de-paris-le-19-fevrier-2026-n25-14794\/","url_meta":{"origin":670584,"position":1},"title":"Cour d&#8217;appel de Paris, le 19 f\u00e9vrier 2026, n\u00b025\/14794","author":"Kohen","date":"2026\u5e743\u670821\u65e5","format":false,"excerpt":"La Cour d'appel de Paris, dans un arr\u00eat du 19 f\u00e9vr\u2026","rel":"","context":"\u5728\u201cCour d'appel\u201d\u4e2d","block_context":{"text":"Cour d'appel","link":"https:\/\/kohenavocats.com\/category\/cour-dappel\/"},"img":{"alt_text":"","src":"https:\/\/i0.wp.com\/kohenavocats.com\/wp-content\/uploads\/2024\/08\/andrian-rubinskiy-2g3yyKNaMxw-unsplash.webp?resize=350%2C200&ssl=1","width":350,"height":200,"srcset":"https:\/\/i0.wp.com\/kohenavocats.com\/wp-content\/uploads\/2024\/08\/andrian-rubinskiy-2g3yyKNaMxw-unsplash.webp?resize=350%2C200&ssl=1 1x, https:\/\/i0.wp.com\/kohenavocats.com\/wp-content\/uploads\/2024\/08\/andrian-rubinskiy-2g3yyKNaMxw-unsplash.webp?resize=525%2C300&ssl=1 1.5x, https:\/\/i0.wp.com\/kohenavocats.com\/wp-content\/uploads\/2024\/08\/andrian-rubinskiy-2g3yyKNaMxw-unsplash.webp?resize=700%2C400&ssl=1 2x, https:\/\/i0.wp.com\/kohenavocats.com\/wp-content\/uploads\/2024\/08\/andrian-rubinskiy-2g3yyKNaMxw-unsplash.webp?resize=1050%2C600&ssl=1 3x, https:\/\/i0.wp.com\/kohenavocats.com\/wp-content\/uploads\/2024\/08\/andrian-rubinskiy-2g3yyKNaMxw-unsplash.webp?resize=1400%2C800&ssl=1 4x"},"classes":[]},{"id":429766,"url":"https:\/\/kohenavocats.com\/zh-hans\/cour-dappel-de-paris-le-26-fevrier-2026-n25-08890\/","url_meta":{"origin":670584,"position":2},"title":"Cour d&#8217;appel de Paris, le 26 f\u00e9vrier 2026, n\u00b025\/08890","author":"Kohen","date":"2026\u5e743\u670824\u65e5","format":false,"excerpt":"L\u2019arr\u00eat rendu par la Cour d\u2019appel de Paris, le 26 \u2026","rel":"","context":"\u5728\u201cCour d'appel\u201d\u4e2d","block_context":{"text":"Cour d'appel","link":"https:\/\/kohenavocats.com\/category\/cour-dappel\/"},"img":{"alt_text":"","src":"https:\/\/i0.wp.com\/kohenavocats.com\/wp-content\/uploads\/2024\/08\/vlad-kutepov-utAMCFc1-SY-unsplash.webp?resize=350%2C200&ssl=1","width":350,"height":200,"srcset":"https:\/\/i0.wp.com\/kohenavocats.com\/wp-content\/uploads\/2024\/08\/vlad-kutepov-utAMCFc1-SY-unsplash.webp?resize=350%2C200&ssl=1 1x, https:\/\/i0.wp.com\/kohenavocats.com\/wp-content\/uploads\/2024\/08\/vlad-kutepov-utAMCFc1-SY-unsplash.webp?resize=525%2C300&ssl=1 1.5x, https:\/\/i0.wp.com\/kohenavocats.com\/wp-content\/uploads\/2024\/08\/vlad-kutepov-utAMCFc1-SY-unsplash.webp?resize=700%2C400&ssl=1 2x, https:\/\/i0.wp.com\/kohenavocats.com\/wp-content\/uploads\/2024\/08\/vlad-kutepov-utAMCFc1-SY-unsplash.webp?resize=1050%2C600&ssl=1 3x, https:\/\/i0.wp.com\/kohenavocats.com\/wp-content\/uploads\/2024\/08\/vlad-kutepov-utAMCFc1-SY-unsplash.webp?resize=1400%2C800&ssl=1 4x"},"classes":[]},{"id":499319,"url":"https:\/\/kohenavocats.com\/zh-hans\/cour-dappel-de-paris-le-9-avril-2025-n25-01052\/","url_meta":{"origin":670584,"position":3},"title":"Cour d&#8217;appel de Paris, le 9 avril 2025, n\u00b025\/01052","author":"Kohen","date":"2026\u5e744\u67088\u65e5","format":false,"excerpt":"La cour d'appel de Paris, le 9 avril 2025, statue \u2026","rel":"","context":"\u5728\u201cJurisprudence\u201d\u4e2d","block_context":{"text":"Jurisprudence","link":"https:\/\/kohenavocats.com\/category\/jurisprudence\/"},"img":{"alt_text":"","src":"https:\/\/i0.wp.com\/kohenavocats.com\/wp-content\/uploads\/2024\/11\/jerome-maas-qrCOmWOMdbk-unsplash.webp?resize=350%2C200&ssl=1","width":350,"height":200,"srcset":"https:\/\/i0.wp.com\/kohenavocats.com\/wp-content\/uploads\/2024\/11\/jerome-maas-qrCOmWOMdbk-unsplash.webp?resize=350%2C200&ssl=1 1x, https:\/\/i0.wp.com\/kohenavocats.com\/wp-content\/uploads\/2024\/11\/jerome-maas-qrCOmWOMdbk-unsplash.webp?resize=525%2C300&ssl=1 1.5x, https:\/\/i0.wp.com\/kohenavocats.com\/wp-content\/uploads\/2024\/11\/jerome-maas-qrCOmWOMdbk-unsplash.webp?resize=700%2C400&ssl=1 2x, https:\/\/i0.wp.com\/kohenavocats.com\/wp-content\/uploads\/2024\/11\/jerome-maas-qrCOmWOMdbk-unsplash.webp?resize=1050%2C600&ssl=1 3x, https:\/\/i0.wp.com\/kohenavocats.com\/wp-content\/uploads\/2024\/11\/jerome-maas-qrCOmWOMdbk-unsplash.webp?resize=1400%2C800&ssl=1 4x"},"classes":[]},{"id":491971,"url":"https:\/\/kohenavocats.com\/zh-hans\/tribunal-judiciaire-de-paris-le-18-novembre-2025-n25-54882\/","url_meta":{"origin":670584,"position":4},"title":"Tribunal judiciaire de Paris, le 18 novembre 2025, n\u00b025\/54882","author":"Kohen","date":"2026\u5e744\u67088\u65e5","format":false,"excerpt":"Le Tribunal judiciaire de Paris, statuant en r\u00e9f\u00e9r\u2026","rel":"","context":"\u5728\u201cJurisprudence\u201d\u4e2d","block_context":{"text":"Jurisprudence","link":"https:\/\/kohenavocats.com\/category\/jurisprudence\/"},"img":{"alt_text":"","src":"https:\/\/i0.wp.com\/kohenavocats.com\/wp-content\/uploads\/2024\/08\/camille-brodard-tJSToBa5cwc-unsplash.webp?resize=350%2C200&ssl=1","width":350,"height":200,"srcset":"https:\/\/i0.wp.com\/kohenavocats.com\/wp-content\/uploads\/2024\/08\/camille-brodard-tJSToBa5cwc-unsplash.webp?resize=350%2C200&ssl=1 1x, https:\/\/i0.wp.com\/kohenavocats.com\/wp-content\/uploads\/2024\/08\/camille-brodard-tJSToBa5cwc-unsplash.webp?resize=525%2C300&ssl=1 1.5x, https:\/\/i0.wp.com\/kohenavocats.com\/wp-content\/uploads\/2024\/08\/camille-brodard-tJSToBa5cwc-unsplash.webp?resize=700%2C400&ssl=1 2x, https:\/\/i0.wp.com\/kohenavocats.com\/wp-content\/uploads\/2024\/08\/camille-brodard-tJSToBa5cwc-unsplash.webp?resize=1050%2C600&ssl=1 3x, https:\/\/i0.wp.com\/kohenavocats.com\/wp-content\/uploads\/2024\/08\/camille-brodard-tJSToBa5cwc-unsplash.webp?resize=1400%2C800&ssl=1 4x"},"classes":[]},{"id":654217,"url":"https:\/\/kohenavocats.com\/zh-hans\/tribunal-judiciaire-de-charleville-mezieres-le-29-janvier-2025-n25-00186\/","url_meta":{"origin":670584,"position":5},"title":"Tribunal judiciaire de Charleville-M\u00e9zi\u00e8res, le 29 janvier 2025, n\u00b025\/00186","author":"Kohen","date":"2026\u5e744\u670823\u65e5","format":false,"excerpt":"Le tribunal judiciaire de Charleville-M\u00e9zi\u00e8res, st\u2026","rel":"","context":"\u5728\u201cJurisprudence\u201d\u4e2d","block_context":{"text":"Jurisprudence","link":"https:\/\/kohenavocats.com\/category\/jurisprudence\/"},"img":{"alt_text":"","src":"https:\/\/i0.wp.com\/kohenavocats.com\/wp-content\/uploads\/2024\/11\/kateryna-hliznitsova-cSf0iO7Txkw-unsplash.webp?resize=350%2C200&ssl=1","width":350,"height":200,"srcset":"https:\/\/i0.wp.com\/kohenavocats.com\/wp-content\/uploads\/2024\/11\/kateryna-hliznitsova-cSf0iO7Txkw-unsplash.webp?resize=350%2C200&ssl=1 1x, https:\/\/i0.wp.com\/kohenavocats.com\/wp-content\/uploads\/2024\/11\/kateryna-hliznitsova-cSf0iO7Txkw-unsplash.webp?resize=525%2C300&ssl=1 1.5x, https:\/\/i0.wp.com\/kohenavocats.com\/wp-content\/uploads\/2024\/11\/kateryna-hliznitsova-cSf0iO7Txkw-unsplash.webp?resize=700%2C400&ssl=1 2x, https:\/\/i0.wp.com\/kohenavocats.com\/wp-content\/uploads\/2024\/11\/kateryna-hliznitsova-cSf0iO7Txkw-unsplash.webp?resize=1050%2C600&ssl=1 3x, https:\/\/i0.wp.com\/kohenavocats.com\/wp-content\/uploads\/2024\/11\/kateryna-hliznitsova-cSf0iO7Txkw-unsplash.webp?resize=1400%2C800&ssl=1 4x"},"classes":[]}],"jetpack_sharing_enabled":true,"_links":{"self":[{"href":"https:\/\/kohenavocats.com\/zh-hans\/wp-json\/wp\/v2\/posts\/670584","targetHints":{"allow":["GET"]}}],"collection":[{"href":"https:\/\/kohenavocats.com\/zh-hans\/wp-json\/wp\/v2\/posts"}],"about":[{"href":"https:\/\/kohenavocats.com\/zh-hans\/wp-json\/wp\/v2\/types\/post"}],"author":[{"embeddable":true,"href":"https:\/\/kohenavocats.com\/zh-hans\/wp-json\/wp\/v2\/users\/232070755"}],"replies":[{"embeddable":true,"href":"https:\/\/kohenavocats.com\/zh-hans\/wp-json\/wp\/v2\/comments?post=670584"}],"version-history":[{"count":0,"href":"https:\/\/kohenavocats.com\/zh-hans\/wp-json\/wp\/v2\/posts\/670584\/revisions"}],"wp:featuredmedia":[{"embeddable":true,"href":"https:\/\/kohenavocats.com\/zh-hans\/wp-json\/wp\/v2\/media\/3896"}],"wp:attachment":[{"href":"https:\/\/kohenavocats.com\/zh-hans\/wp-json\/wp\/v2\/media?parent=670584"}],"wp:term":[{"taxonomy":"category","embeddable":true,"href":"https:\/\/kohenavocats.com\/zh-hans\/wp-json\/wp\/v2\/categories?post=670584"},{"taxonomy":"post_tag","embeddable":true,"href":"https:\/\/kohenavocats.com\/zh-hans\/wp-json\/wp\/v2\/tags?post=670584"}],"curies":[{"name":"wp","href":"https:\/\/api.w.org\/{rel}","templated":true}]}}