{"id":670586,"date":"2026-04-24T08:00:40","date_gmt":"2026-04-24T06:00:40","guid":{"rendered":"https:\/\/kohenavocats.com\/tribunal-judiciaire-de-toulouse-le-30-juin-2025-n25-01485\/"},"modified":"2026-04-24T08:00:40","modified_gmt":"2026-04-24T06:00:40","slug":"tribunal-judiciaire-de-toulouse-le-30-juin-2025-n25-01485","status":"publish","type":"post","link":"https:\/\/kohenavocats.com\/zh-hans\/tribunal-judiciaire-de-toulouse-le-30-juin-2025-n25-01485\/","title":{"rendered":"Tribunal judiciaire de Toulouse, le 30 juin 2025, n\u00b025\/01485"},"content":{"rendered":"<div class=\"article-content\">\n<p>Le juge des contentieux de la protection, statuant par ordonnance r\u00e9put\u00e9e contradictoire le 30 juin 2025, se prononce sur une demande en r\u00e9siliation de bail pour impay\u00e9s. Apr\u00e8s avoir constat\u00e9 la recevabilit\u00e9 de l&#8217;action, le juge examine l&#8217;acquisition de la clause r\u00e9solutoire et le montant de la cr\u00e9ance. Il accorde finalement des d\u00e9lais de paiement et suspend les effets de la clause r\u00e9solutoire, conditionnant cette suspension au respect strict d&#8217;un plan d&#8217;apurement.<\/p>\n<p>La primaut\u00e9 de la clause contractuelle plus protectrice<\/p>\n<p>Le juge op\u00e8re un contr\u00f4le de la r\u00e9gularit\u00e9 du commandement de payer. Il rel\u00e8ve une discordance entre le d\u00e9lai contractuel et celui mentionn\u00e9 dans l&#8217;acte. Le bail contient une clause r\u00e9solutoire &#8220;reprendre les modalit\u00e9s de cet article, laissant un d\u00e9lai de deux mois pour payer la dette apr\u00e8s d\u00e9livrance du commandement de payer, soit un d\u00e9lai sup\u00e9rieur au d\u00e9lai l\u00e9gal de 6 semaines pr\u00e9vu par la loi applicable&#8221; (Motifs, I.2). Cette disposition contractuelle, plus favorable que la loi, est appliqu\u00e9e. Le juge estime que la partie en position de force &#8220;a renonc\u00e9 au d\u00e9lai plus court pr\u00e9vu par la loi du 27 juillet 2023 de son plein gr\u00e9&#8221; (Motifs, I.2). Le sens de cette analyse est de faire primer la convention des parties lorsqu&#8217;elle renforce la protection du locataire. Sa valeur r\u00e9side dans l&#8217;interpr\u00e9tation protectrice de l&#8217;article 24 de la loi du 6 juillet 1989. La port\u00e9e est significative car elle sanctionne la bailleresse pour l&#8217;erreur contenue dans son commandement et consacre l&#8217;effet utile de la stipulation la plus favorable.<\/p>\n<p>La v\u00e9rification d&#8217;office et la fixation provisionnelle de la cr\u00e9ance<\/p>\n<p>Le juge exerce son pouvoir de v\u00e9rification de la dette locative. Il fonde son contr\u00f4le sur l&#8217;article 24 V de la loi du 6 juillet 1989 qui pr\u00e9voit que &#8220;le juge peut d&#8217;office v\u00e9rifier tout \u00e9l\u00e9ment constitutif de la dette locative&#8221; (Motifs, II). En l&#8217;esp\u00e8ce, il se base sur un d\u00e9compte produit par la demanderesse pour \u00e9tablir le montant de l&#8217;arri\u00e9r\u00e9. Face \u00e0 la d\u00e9fenderesse non comparante, qui &#8220;n\u2019apporte aucun \u00e9l\u00e9ment de nature \u00e0 contester le principe ni le montant de la dette&#8221; (Motifs, II), il condamne \u00e0 titre provisionnel au paiement de la somme r\u00e9clam\u00e9e. Le sens est d&#8217;assurer un d\u00e9bat contradictoire effectif sur la cr\u00e9ance, m\u00eame en l&#8217;absence d&#8217;une partie. La valeur de ce contr\u00f4le d&#8217;office est de prot\u00e9ger le locataire contre des demandes injustifi\u00e9es. Sa port\u00e9e est pratique, car il permet de statuer tout en laissant la possibilit\u00e9 d&#8217;une contestation ult\u00e9rieure sur le montant d\u00e9finitif.<\/p>\n<p>La suspension conditionnelle de la r\u00e9siliation et le dispositif de sanction<\/p>\n<p>Le juge combine cl\u00e9mence et fermet\u00e9 en am\u00e9nageant les effets de sa d\u00e9cision. Il accorde des d\u00e9lais de paiement et suspend la clause r\u00e9solutoire en se fondant sur l&#8217;article 24 V, qui permet cette suspension &#8220;\u00e0 la condition que le locataire soit en situation de r\u00e9gler sa dette locative et qu\u2019il ait repris le versement int\u00e9gral du loyer courant&#8221; (Motifs, III). Cette mesure est motiv\u00e9e par l&#8217;existence d&#8217;un &#8220;plan d\u2019apurement sign\u00e9 par les parties le 28 mai 2025&#8221; (Motifs, III). La d\u00e9cision pr\u00e9cise que &#8220;si les d\u00e9lais accord\u00e9s sont enti\u00e8rement respect\u00e9s, la clause r\u00e9solutoire sera r\u00e9put\u00e9e n\u2019avoir jamais \u00e9t\u00e9 acquise&#8221; (Dispositif). Le sens est de favoriser le maintien dans les lieux tout en garantissant le recouvrement de la cr\u00e9ance. La valeur est d&#8217;incarner la fonction sociale du juge des contentieux de la protection. Sa port\u00e9e est renforc\u00e9e par un dispositif de sanction pr\u00e9cis en cas de nouvel impay\u00e9, incluant l&#8217;exigibilit\u00e9 imm\u00e9diate du solde et le prononc\u00e9 d&#8217;une indemnit\u00e9 d&#8217;occupation.<\/p>\n<p>L&#8217;articulation entre protection du locataire et sanction de l&#8217;inex\u00e9cution<\/p>\n<p>Cette ordonnance illustre l&#8217;\u00e9quilibre recherch\u00e9 par le juge entre sauvegarde du logement et ex\u00e9cution des obligations contractuelles. Elle rappelle que la violation d&#8217;un d\u00e9lai contractuel plus favorable peut \u00eatre fatale \u00e0 la r\u00e9gularit\u00e9 de la proc\u00e9dure. Elle confirme \u00e9galement la rigueur du contr\u00f4le judiciaire sur la dette locative, m\u00eame en l&#8217;absence de contradiction. Enfin, elle d\u00e9montre que la suspension de l&#8217;expulsion est une mesure conditionnelle et r\u00e9versible. Le juge subordonne clairement le maintien dans les lieux au respect scrupuleux d&#8217;un \u00e9ch\u00e9ancier, pr\u00e9voyant des cons\u00e9quences pr\u00e9cises en cas de d\u00e9faillance. Cette d\u00e9cision sert ainsi de cadre contraignant pour une sortie n\u00e9goci\u00e9e du conflit, o\u00f9 la cl\u00e9mence initiale est strictement encadr\u00e9e par la menace de sanctions imm\u00e9diates et effectives.<\/p>\n<\/div>\n","protected":false},"excerpt":{"rendered":"<p>Le juge des contentieux de la protection, statuant par ordonnance r\u00e9put\u00e9e contradictoire le 30 juin 2025, se prononce sur une demande en r\u00e9siliation de bail &#8230;<\/p>\n","protected":false},"author":232070755,"featured_media":3174,"comment_status":"open","ping_status":"open","sticky":false,"template":"","format":"standard","meta":{"_crdt_document":"","_jetpack_newsletter_access":"","_jetpack_dont_email_post_to_subs":false,"_jetpack_newsletter_tier_id":0,"_jetpack_memberships_contains_paywalled_content":false,"_jetpack_memberships_contains_paid_content":false,"footnotes":"","jetpack_post_was_ever_published":false},"categories":[35583,7597],"tags":[],"class_list":["post-670586","post","type-post","status-publish","format-standard","has-post-thumbnail","hentry","category-immobilier","category-jurisprudence"],"yoast_head":"<!-- This site is optimized with the Yoast SEO Premium plugin v27.4 (Yoast SEO v27.4) - https:\/\/yoast.com\/product\/yoast-seo-premium-wordpress\/ -->\n<title>Tribunal judiciaire de Toulouse, le 30 juin 2025, n\u00b025\/01485 - Ma\u00eetre Hassan Kohen, avocat en droit p\u00e9nal \u00e0 Paris<\/title>\n<meta name=\"description\" content=\"Le juge des contentieux de la protection, statuant par ordonnance r\u00e9put\u00e9e contradictoire le 30 juin 2025, se prononce sur une demande en r\u00e9siliation de bail ...\" \/>\n<meta name=\"robots\" content=\"index, follow, max-snippet:-1, max-image-preview:large, max-video-preview:-1\" \/>\n<link rel=\"canonical\" href=\"https:\/\/kohenavocats.com\/zh-hans\/tribunal-judiciaire-de-toulouse-le-30-juin-2025-n25-01485\/\" \/>\n<meta property=\"og:locale\" content=\"zh_CN\" \/>\n<meta property=\"og:type\" content=\"article\" \/>\n<meta property=\"og:title\" content=\"Tribunal judiciaire de Toulouse, le 30 juin 2025, n\u00b025\/01485\" \/>\n<meta property=\"og:description\" content=\"Le juge des contentieux de la protection, statuant par ordonnance r\u00e9put\u00e9e contradictoire le 30 juin 2025, se prononce sur une demande en r\u00e9siliation de bail ...\" \/>\n<meta property=\"og:url\" content=\"https:\/\/kohenavocats.com\/zh-hans\/tribunal-judiciaire-de-toulouse-le-30-juin-2025-n25-01485\/\" \/>\n<meta property=\"og:site_name\" content=\"Ma\u00eetre Hassan Kohen, avocat en droit p\u00e9nal \u00e0 Paris\" \/>\n<meta property=\"article:published_time\" content=\"2026-04-24T06:00:40+00:00\" \/>\n<meta property=\"og:image\" content=\"https:\/\/kohenavocats.com\/wp-content\/uploads\/2024\/06\/the-free-birds-9nGaQJjAAng-unsplash.webp\" \/>\n\t<meta property=\"og:image:width\" content=\"5468\" \/>\n\t<meta property=\"og:image:height\" content=\"3645\" \/>\n\t<meta property=\"og:image:type\" content=\"image\/webp\" \/>\n<meta name=\"author\" content=\"Kohen\" \/>\n<meta name=\"twitter:card\" content=\"summary_large_image\" \/>\n<meta name=\"twitter:label1\" content=\"\u4f5c\u8005\" \/>\n\t<meta name=\"twitter:data1\" content=\"Kohen\" \/>\n\t<meta name=\"twitter:label2\" content=\"\u9884\u8ba1\u9605\u8bfb\u65f6\u95f4\" \/>\n\t<meta name=\"twitter:data2\" content=\"4 \u5206\" \/>\n<script type=\"application\/ld+json\" class=\"yoast-schema-graph\">{\"@context\":\"https:\\\/\\\/schema.org\",\"@graph\":[{\"@type\":\"Article\",\"@id\":\"https:\\\/\\\/kohenavocats.com\\\/zh-hans\\\/tribunal-judiciaire-de-toulouse-le-30-juin-2025-n25-01485\\\/#article\",\"isPartOf\":{\"@id\":\"https:\\\/\\\/kohenavocats.com\\\/zh-hans\\\/tribunal-judiciaire-de-toulouse-le-30-juin-2025-n25-01485\\\/\"},\"author\":{\"name\":\"Kohen\",\"@id\":\"https:\\\/\\\/kohenavocats.com\\\/zh-hans\\\/#\\\/schema\\\/person\\\/761c9ba54fa1ca84d405cef0831ff751\"},\"headline\":\"Tribunal judiciaire de Toulouse, le 30 juin 2025, n\u00b025\\\/01485\",\"datePublished\":\"2026-04-24T06:00:40+00:00\",\"mainEntityOfPage\":{\"@id\":\"https:\\\/\\\/kohenavocats.com\\\/zh-hans\\\/tribunal-judiciaire-de-toulouse-le-30-juin-2025-n25-01485\\\/\"},\"wordCount\":826,\"commentCount\":0,\"publisher\":{\"@id\":\"https:\\\/\\\/kohenavocats.com\\\/zh-hans\\\/#organization\"},\"image\":{\"@id\":\"https:\\\/\\\/kohenavocats.com\\\/zh-hans\\\/tribunal-judiciaire-de-toulouse-le-30-juin-2025-n25-01485\\\/#primaryimage\"},\"thumbnailUrl\":\"https:\\\/\\\/kohenavocats.com\\\/wp-content\\\/uploads\\\/2024\\\/06\\\/the-free-birds-9nGaQJjAAng-unsplash.webp\",\"articleSection\":[\"Immobilier\",\"Jurisprudence\"],\"inLanguage\":\"zh-Hans\",\"potentialAction\":[{\"@type\":\"CommentAction\",\"name\":\"Comment\",\"target\":[\"https:\\\/\\\/kohenavocats.com\\\/zh-hans\\\/tribunal-judiciaire-de-toulouse-le-30-juin-2025-n25-01485\\\/#respond\"]}],\"citation\":\"Tribunal judiciaire de Toulouse, le 30 juin 2025, n\u00b025\\\/01485\",\"about\":[{\"@type\":\"Thing\",\"name\":\"Immobilier\"},{\"@type\":\"Thing\",\"name\":\"Jurisprudence\"}],\"dateModified\":\"2026-04-24T06:00:40+00:00\",\"speakable\":{\"@type\":\"SpeakableSpecification\",\"cssSelector\":[\".article-content > p:first-of-type\"]}},{\"@type\":\"WebPage\",\"@id\":\"https:\\\/\\\/kohenavocats.com\\\/zh-hans\\\/tribunal-judiciaire-de-toulouse-le-30-juin-2025-n25-01485\\\/\",\"url\":\"https:\\\/\\\/kohenavocats.com\\\/zh-hans\\\/tribunal-judiciaire-de-toulouse-le-30-juin-2025-n25-01485\\\/\",\"name\":\"Tribunal judiciaire de Toulouse, le 30 juin 2025, n\u00b025\\\/01485 - Ma\u00eetre Hassan Kohen, avocat en droit p\u00e9nal \u00e0 Paris\",\"isPartOf\":{\"@id\":\"https:\\\/\\\/kohenavocats.com\\\/zh-hans\\\/#website\"},\"primaryImageOfPage\":{\"@id\":\"https:\\\/\\\/kohenavocats.com\\\/zh-hans\\\/tribunal-judiciaire-de-toulouse-le-30-juin-2025-n25-01485\\\/#primaryimage\"},\"image\":{\"@id\":\"https:\\\/\\\/kohenavocats.com\\\/zh-hans\\\/tribunal-judiciaire-de-toulouse-le-30-juin-2025-n25-01485\\\/#primaryimage\"},\"thumbnailUrl\":\"https:\\\/\\\/kohenavocats.com\\\/wp-content\\\/uploads\\\/2024\\\/06\\\/the-free-birds-9nGaQJjAAng-unsplash.webp\",\"datePublished\":\"2026-04-24T06:00:40+00:00\",\"description\":\"Le juge des contentieux de la protection, statuant par ordonnance r\u00e9put\u00e9e contradictoire le 30 juin 2025, se prononce sur une demande en r\u00e9siliation de bail ...\",\"breadcrumb\":{\"@id\":\"https:\\\/\\\/kohenavocats.com\\\/zh-hans\\\/tribunal-judiciaire-de-toulouse-le-30-juin-2025-n25-01485\\\/#breadcrumb\"},\"inLanguage\":\"zh-Hans\",\"potentialAction\":[{\"@type\":\"ReadAction\",\"target\":[\"https:\\\/\\\/kohenavocats.com\\\/zh-hans\\\/tribunal-judiciaire-de-toulouse-le-30-juin-2025-n25-01485\\\/\"]}]},{\"@type\":\"ImageObject\",\"inLanguage\":\"zh-Hans\",\"@id\":\"https:\\\/\\\/kohenavocats.com\\\/zh-hans\\\/tribunal-judiciaire-de-toulouse-le-30-juin-2025-n25-01485\\\/#primaryimage\",\"url\":\"https:\\\/\\\/kohenavocats.com\\\/wp-content\\\/uploads\\\/2024\\\/06\\\/the-free-birds-9nGaQJjAAng-unsplash.webp\",\"contentUrl\":\"https:\\\/\\\/kohenavocats.com\\\/wp-content\\\/uploads\\\/2024\\\/06\\\/the-free-birds-9nGaQJjAAng-unsplash.webp\",\"width\":5468,\"height\":3645},{\"@type\":\"BreadcrumbList\",\"@id\":\"https:\\\/\\\/kohenavocats.com\\\/zh-hans\\\/tribunal-judiciaire-de-toulouse-le-30-juin-2025-n25-01485\\\/#breadcrumb\",\"itemListElement\":[{\"@type\":\"ListItem\",\"position\":1,\"name\":\"Home\",\"item\":\"https:\\\/\\\/kohenavocats.com\\\/zh-hans\\\/\"},{\"@type\":\"ListItem\",\"position\":2,\"name\":\"Tribunal judiciaire de Toulouse, le 30 juin 2025, n\u00b025\\\/01485\"}]},{\"@type\":\"WebSite\",\"@id\":\"https:\\\/\\\/kohenavocats.com\\\/zh-hans\\\/#website\",\"url\":\"https:\\\/\\\/kohenavocats.com\\\/zh-hans\\\/\",\"name\":\"Kohen Avocats\",\"description\":\"Ma\u00eetre Hassan Kohen, avocat p\u00e9naliste \u00e0 Paris, intervient exclusivement en droit p\u00e9nal pour la d\u00e9fense des particuliers, notamment en mati\u00e8re d\u2019accusations de viol. Il assure un accompagnement rigoureux d\u00e8s la garde \u00e0 vue jusqu\u2019\u00e0 la Cour d\u2019assises, veillant au strict respect des garanties proc\u00e9durales.\",\"publisher\":{\"@id\":\"https:\\\/\\\/kohenavocats.com\\\/zh-hans\\\/#organization\"},\"potentialAction\":[{\"@type\":\"SearchAction\",\"target\":{\"@type\":\"EntryPoint\",\"urlTemplate\":\"https:\\\/\\\/kohenavocats.com\\\/zh-hans\\\/?s={search_term_string}\"},\"query-input\":{\"@type\":\"PropertyValueSpecification\",\"valueRequired\":true,\"valueName\":\"search_term_string\"}}],\"inLanguage\":\"zh-Hans\"},{\"@type\":\"Organization\",\"@id\":\"https:\\\/\\\/kohenavocats.com\\\/zh-hans\\\/#organization\",\"name\":\"Kohen Avocats\",\"url\":\"https:\\\/\\\/kohenavocats.com\\\/zh-hans\\\/\",\"logo\":{\"@type\":\"ImageObject\",\"inLanguage\":\"zh-Hans\",\"@id\":\"https:\\\/\\\/kohenavocats.com\\\/zh-hans\\\/#\\\/schema\\\/logo\\\/image\\\/\",\"url\":\"https:\\\/\\\/kohenavocats.com\\\/wp-content\\\/uploads\\\/2026\\\/01\\\/Logo-2-1.webp\",\"contentUrl\":\"https:\\\/\\\/kohenavocats.com\\\/wp-content\\\/uploads\\\/2026\\\/01\\\/Logo-2-1.webp\",\"width\":2114,\"height\":1253,\"caption\":\"Kohen Avocats\"},\"image\":{\"@id\":\"https:\\\/\\\/kohenavocats.com\\\/zh-hans\\\/#\\\/schema\\\/logo\\\/image\\\/\"}},{\"@type\":\"Person\",\"@id\":\"https:\\\/\\\/kohenavocats.com\\\/zh-hans\\\/#\\\/schema\\\/person\\\/761c9ba54fa1ca84d405cef0831ff751\",\"name\":\"Kohen\",\"image\":{\"@type\":\"ImageObject\",\"inLanguage\":\"zh-Hans\",\"@id\":\"https:\\\/\\\/secure.gravatar.com\\\/avatar\\\/1c5e76ef76bbbfdd2b4da984e2bf2fa4056fd51a27d25ce2c332047f1dfd6e00?s=96&d=identicon&r=g\",\"url\":\"https:\\\/\\\/secure.gravatar.com\\\/avatar\\\/1c5e76ef76bbbfdd2b4da984e2bf2fa4056fd51a27d25ce2c332047f1dfd6e00?s=96&d=identicon&r=g\",\"contentUrl\":\"https:\\\/\\\/secure.gravatar.com\\\/avatar\\\/1c5e76ef76bbbfdd2b4da984e2bf2fa4056fd51a27d25ce2c332047f1dfd6e00?s=96&d=identicon&r=g\",\"caption\":\"Kohen\"},\"sameAs\":[\"https:\\\/\\\/www.linkedin.com\\\/in\\\/hassan-kohen-448548192\\\/\",\"https:\\\/\\\/www.youtube.com\\\/@Kohen-Avocats\"],\"url\":\"https:\\\/\\\/kohenavocats.com\\\/zh-hans\\\/author\\\/kohenmlk\\\/\"}]}<\/script>\n<!-- \/ Yoast SEO Premium plugin. -->","yoast_head_json":{"title":"Tribunal judiciaire de Toulouse, le 30 juin 2025, n\u00b025\/01485 - Ma\u00eetre Hassan Kohen, avocat en droit p\u00e9nal \u00e0 Paris","description":"Le juge des contentieux de la protection, statuant par ordonnance r\u00e9put\u00e9e contradictoire le 30 juin 2025, se prononce sur une demande en r\u00e9siliation de bail ...","robots":{"index":"index","follow":"follow","max-snippet":"max-snippet:-1","max-image-preview":"max-image-preview:large","max-video-preview":"max-video-preview:-1"},"canonical":"https:\/\/kohenavocats.com\/zh-hans\/tribunal-judiciaire-de-toulouse-le-30-juin-2025-n25-01485\/","og_locale":"zh_CN","og_type":"article","og_title":"Tribunal judiciaire de Toulouse, le 30 juin 2025, n\u00b025\/01485","og_description":"Le juge des contentieux de la protection, statuant par ordonnance r\u00e9put\u00e9e contradictoire le 30 juin 2025, se prononce sur une demande en r\u00e9siliation de bail ...","og_url":"https:\/\/kohenavocats.com\/zh-hans\/tribunal-judiciaire-de-toulouse-le-30-juin-2025-n25-01485\/","og_site_name":"Ma\u00eetre Hassan Kohen, avocat en droit p\u00e9nal \u00e0 Paris","article_published_time":"2026-04-24T06:00:40+00:00","og_image":[{"width":5468,"height":3645,"url":"https:\/\/kohenavocats.com\/wp-content\/uploads\/2024\/06\/the-free-birds-9nGaQJjAAng-unsplash.webp","type":"image\/webp"}],"author":"Kohen","twitter_card":"summary_large_image","twitter_misc":{"\u4f5c\u8005":"Kohen","\u9884\u8ba1\u9605\u8bfb\u65f6\u95f4":"4 \u5206"},"schema":{"@context":"https:\/\/schema.org","@graph":[{"@type":"Article","@id":"https:\/\/kohenavocats.com\/zh-hans\/tribunal-judiciaire-de-toulouse-le-30-juin-2025-n25-01485\/#article","isPartOf":{"@id":"https:\/\/kohenavocats.com\/zh-hans\/tribunal-judiciaire-de-toulouse-le-30-juin-2025-n25-01485\/"},"author":{"name":"Kohen","@id":"https:\/\/kohenavocats.com\/zh-hans\/#\/schema\/person\/761c9ba54fa1ca84d405cef0831ff751"},"headline":"Tribunal judiciaire de Toulouse, le 30 juin 2025, n\u00b025\/01485","datePublished":"2026-04-24T06:00:40+00:00","mainEntityOfPage":{"@id":"https:\/\/kohenavocats.com\/zh-hans\/tribunal-judiciaire-de-toulouse-le-30-juin-2025-n25-01485\/"},"wordCount":826,"commentCount":0,"publisher":{"@id":"https:\/\/kohenavocats.com\/zh-hans\/#organization"},"image":{"@id":"https:\/\/kohenavocats.com\/zh-hans\/tribunal-judiciaire-de-toulouse-le-30-juin-2025-n25-01485\/#primaryimage"},"thumbnailUrl":"https:\/\/kohenavocats.com\/wp-content\/uploads\/2024\/06\/the-free-birds-9nGaQJjAAng-unsplash.webp","articleSection":["Immobilier","Jurisprudence"],"inLanguage":"zh-Hans","potentialAction":[{"@type":"CommentAction","name":"Comment","target":["https:\/\/kohenavocats.com\/zh-hans\/tribunal-judiciaire-de-toulouse-le-30-juin-2025-n25-01485\/#respond"]}],"citation":"Tribunal judiciaire de Toulouse, le 30 juin 2025, n\u00b025\/01485","about":[{"@type":"Thing","name":"Immobilier"},{"@type":"Thing","name":"Jurisprudence"}],"dateModified":"2026-04-24T06:00:40+00:00","speakable":{"@type":"SpeakableSpecification","cssSelector":[".article-content > p:first-of-type"]}},{"@type":"WebPage","@id":"https:\/\/kohenavocats.com\/zh-hans\/tribunal-judiciaire-de-toulouse-le-30-juin-2025-n25-01485\/","url":"https:\/\/kohenavocats.com\/zh-hans\/tribunal-judiciaire-de-toulouse-le-30-juin-2025-n25-01485\/","name":"Tribunal judiciaire de Toulouse, le 30 juin 2025, n\u00b025\/01485 - Ma\u00eetre Hassan Kohen, avocat en droit p\u00e9nal \u00e0 Paris","isPartOf":{"@id":"https:\/\/kohenavocats.com\/zh-hans\/#website"},"primaryImageOfPage":{"@id":"https:\/\/kohenavocats.com\/zh-hans\/tribunal-judiciaire-de-toulouse-le-30-juin-2025-n25-01485\/#primaryimage"},"image":{"@id":"https:\/\/kohenavocats.com\/zh-hans\/tribunal-judiciaire-de-toulouse-le-30-juin-2025-n25-01485\/#primaryimage"},"thumbnailUrl":"https:\/\/kohenavocats.com\/wp-content\/uploads\/2024\/06\/the-free-birds-9nGaQJjAAng-unsplash.webp","datePublished":"2026-04-24T06:00:40+00:00","description":"Le juge des contentieux de la protection, statuant par ordonnance r\u00e9put\u00e9e contradictoire le 30 juin 2025, se prononce sur une demande en r\u00e9siliation de bail ...","breadcrumb":{"@id":"https:\/\/kohenavocats.com\/zh-hans\/tribunal-judiciaire-de-toulouse-le-30-juin-2025-n25-01485\/#breadcrumb"},"inLanguage":"zh-Hans","potentialAction":[{"@type":"ReadAction","target":["https:\/\/kohenavocats.com\/zh-hans\/tribunal-judiciaire-de-toulouse-le-30-juin-2025-n25-01485\/"]}]},{"@type":"ImageObject","inLanguage":"zh-Hans","@id":"https:\/\/kohenavocats.com\/zh-hans\/tribunal-judiciaire-de-toulouse-le-30-juin-2025-n25-01485\/#primaryimage","url":"https:\/\/kohenavocats.com\/wp-content\/uploads\/2024\/06\/the-free-birds-9nGaQJjAAng-unsplash.webp","contentUrl":"https:\/\/kohenavocats.com\/wp-content\/uploads\/2024\/06\/the-free-birds-9nGaQJjAAng-unsplash.webp","width":5468,"height":3645},{"@type":"BreadcrumbList","@id":"https:\/\/kohenavocats.com\/zh-hans\/tribunal-judiciaire-de-toulouse-le-30-juin-2025-n25-01485\/#breadcrumb","itemListElement":[{"@type":"ListItem","position":1,"name":"Home","item":"https:\/\/kohenavocats.com\/zh-hans\/"},{"@type":"ListItem","position":2,"name":"Tribunal judiciaire de Toulouse, le 30 juin 2025, n\u00b025\/01485"}]},{"@type":"WebSite","@id":"https:\/\/kohenavocats.com\/zh-hans\/#website","url":"https:\/\/kohenavocats.com\/zh-hans\/","name":"Kohen Avocats","description":"Ma\u00eetre Hassan Kohen, avocat p\u00e9naliste \u00e0 Paris, intervient exclusivement en droit p\u00e9nal pour la d\u00e9fense des particuliers, notamment en mati\u00e8re d\u2019accusations de viol. Il assure un accompagnement rigoureux d\u00e8s la garde \u00e0 vue jusqu\u2019\u00e0 la Cour d\u2019assises, veillant au strict respect des garanties proc\u00e9durales.","publisher":{"@id":"https:\/\/kohenavocats.com\/zh-hans\/#organization"},"potentialAction":[{"@type":"SearchAction","target":{"@type":"EntryPoint","urlTemplate":"https:\/\/kohenavocats.com\/zh-hans\/?s={search_term_string}"},"query-input":{"@type":"PropertyValueSpecification","valueRequired":true,"valueName":"search_term_string"}}],"inLanguage":"zh-Hans"},{"@type":"Organization","@id":"https:\/\/kohenavocats.com\/zh-hans\/#organization","name":"Kohen Avocats","url":"https:\/\/kohenavocats.com\/zh-hans\/","logo":{"@type":"ImageObject","inLanguage":"zh-Hans","@id":"https:\/\/kohenavocats.com\/zh-hans\/#\/schema\/logo\/image\/","url":"https:\/\/kohenavocats.com\/wp-content\/uploads\/2026\/01\/Logo-2-1.webp","contentUrl":"https:\/\/kohenavocats.com\/wp-content\/uploads\/2026\/01\/Logo-2-1.webp","width":2114,"height":1253,"caption":"Kohen Avocats"},"image":{"@id":"https:\/\/kohenavocats.com\/zh-hans\/#\/schema\/logo\/image\/"}},{"@type":"Person","@id":"https:\/\/kohenavocats.com\/zh-hans\/#\/schema\/person\/761c9ba54fa1ca84d405cef0831ff751","name":"Kohen","image":{"@type":"ImageObject","inLanguage":"zh-Hans","@id":"https:\/\/secure.gravatar.com\/avatar\/1c5e76ef76bbbfdd2b4da984e2bf2fa4056fd51a27d25ce2c332047f1dfd6e00?s=96&d=identicon&r=g","url":"https:\/\/secure.gravatar.com\/avatar\/1c5e76ef76bbbfdd2b4da984e2bf2fa4056fd51a27d25ce2c332047f1dfd6e00?s=96&d=identicon&r=g","contentUrl":"https:\/\/secure.gravatar.com\/avatar\/1c5e76ef76bbbfdd2b4da984e2bf2fa4056fd51a27d25ce2c332047f1dfd6e00?s=96&d=identicon&r=g","caption":"Kohen"},"sameAs":["https:\/\/www.linkedin.com\/in\/hassan-kohen-448548192\/","https:\/\/www.youtube.com\/@Kohen-Avocats"],"url":"https:\/\/kohenavocats.com\/zh-hans\/author\/kohenmlk\/"}]}},"jetpack_featured_media_url":"https:\/\/kohenavocats.com\/wp-content\/uploads\/2024\/06\/the-free-birds-9nGaQJjAAng-unsplash.webp","jetpack_likes_enabled":false,"jetpack_shortlink":"https:\/\/wp.me\/peCrII-2OrU","jetpack-related-posts":[{"id":685957,"url":"https:\/\/kohenavocats.com\/zh-hans\/tribunal-judiciaire-de-bobigny-le-16-juin-2025-n25-00017\/","url_meta":{"origin":670586,"position":0},"title":"Tribunal judiciaire de Bobigny, le 16 juin 2025, n\u00b025\/00017","author":"Kohen","date":"2026\u5e744\u670825\u65e5","format":false,"excerpt":"Le tribunal judiciaire de Bobigny, par ordonnance \u2026","rel":"","context":"\u5728\u201cJurisprudence\u201d\u4e2d","block_context":{"text":"Jurisprudence","link":"https:\/\/kohenavocats.com\/category\/jurisprudence\/"},"img":{"alt_text":"","src":"https:\/\/i0.wp.com\/kohenavocats.com\/wp-content\/uploads\/2024\/11\/anita-austvika-lFdweM584mQ-unsplash.webp?resize=350%2C200&ssl=1","width":350,"height":200,"srcset":"https:\/\/i0.wp.com\/kohenavocats.com\/wp-content\/uploads\/2024\/11\/anita-austvika-lFdweM584mQ-unsplash.webp?resize=350%2C200&ssl=1 1x, https:\/\/i0.wp.com\/kohenavocats.com\/wp-content\/uploads\/2024\/11\/anita-austvika-lFdweM584mQ-unsplash.webp?resize=525%2C300&ssl=1 1.5x, https:\/\/i0.wp.com\/kohenavocats.com\/wp-content\/uploads\/2024\/11\/anita-austvika-lFdweM584mQ-unsplash.webp?resize=700%2C400&ssl=1 2x, https:\/\/i0.wp.com\/kohenavocats.com\/wp-content\/uploads\/2024\/11\/anita-austvika-lFdweM584mQ-unsplash.webp?resize=1050%2C600&ssl=1 3x, https:\/\/i0.wp.com\/kohenavocats.com\/wp-content\/uploads\/2024\/11\/anita-austvika-lFdweM584mQ-unsplash.webp?resize=1400%2C800&ssl=1 4x"},"classes":[]},{"id":243302,"url":"https:\/\/kohenavocats.com\/zh-hans\/tribunal-judiciaire-de-bobigny-le-30-juin-2025-n25-00053\/","url_meta":{"origin":670586,"position":1},"title":"Tribunal judiciaire de Bobigny, le 30 juin 2025, n\u00b025\/00053","author":"Kohen","date":"2026\u5e741\u67084\u65e5","format":false,"excerpt":"Le tribunal de proximit\u00e9 de Pantin, le 30 juin 202\u2026","rel":"","context":"\u5728\u201cD\u00e9cisions juridiques\u201d\u4e2d","block_context":{"text":"D\u00e9cisions juridiques","link":"https:\/\/kohenavocats.com\/category\/decisions-juridiques\/"},"img":{"alt_text":"","src":"https:\/\/i0.wp.com\/kohenavocats.com\/wp-content\/uploads\/2024\/08\/daniele-d-andreti-ud9u7beav2s-unsplash.webp?resize=350%2C200&ssl=1","width":350,"height":200,"srcset":"https:\/\/i0.wp.com\/kohenavocats.com\/wp-content\/uploads\/2024\/08\/daniele-d-andreti-ud9u7beav2s-unsplash.webp?resize=350%2C200&ssl=1 1x, https:\/\/i0.wp.com\/kohenavocats.com\/wp-content\/uploads\/2024\/08\/daniele-d-andreti-ud9u7beav2s-unsplash.webp?resize=525%2C300&ssl=1 1.5x, https:\/\/i0.wp.com\/kohenavocats.com\/wp-content\/uploads\/2024\/08\/daniele-d-andreti-ud9u7beav2s-unsplash.webp?resize=700%2C400&ssl=1 2x, https:\/\/i0.wp.com\/kohenavocats.com\/wp-content\/uploads\/2024\/08\/daniele-d-andreti-ud9u7beav2s-unsplash.webp?resize=1050%2C600&ssl=1 3x, https:\/\/i0.wp.com\/kohenavocats.com\/wp-content\/uploads\/2024\/08\/daniele-d-andreti-ud9u7beav2s-unsplash.webp?resize=1400%2C800&ssl=1 4x"},"classes":[]},{"id":288114,"url":"https:\/\/kohenavocats.com\/zh-hans\/tribunal-judiciaire-de-saint-denis-le-30-juin-2025-n25-00189\/","url_meta":{"origin":670586,"position":2},"title":"Tribunal judiciaire de Saint-Denis, le 30 juin 2025, n\u00b025\/00189","author":"Kohen","date":"2026\u5e741\u670816\u65e5","format":false,"excerpt":"Le juge des contentieux de la protection de Saint\u2011\u2026","rel":"","context":"\u5728\u201cD\u00e9cisions juridiques\u201d\u4e2d","block_context":{"text":"D\u00e9cisions juridiques","link":"https:\/\/kohenavocats.com\/category\/decisions-juridiques\/"},"img":{"alt_text":"","src":"https:\/\/i0.wp.com\/kohenavocats.com\/wp-content\/uploads\/2024\/11\/mohamed-nohassi-IriAhed60QU-unsplash.webp?resize=350%2C200&ssl=1","width":350,"height":200,"srcset":"https:\/\/i0.wp.com\/kohenavocats.com\/wp-content\/uploads\/2024\/11\/mohamed-nohassi-IriAhed60QU-unsplash.webp?resize=350%2C200&ssl=1 1x, https:\/\/i0.wp.com\/kohenavocats.com\/wp-content\/uploads\/2024\/11\/mohamed-nohassi-IriAhed60QU-unsplash.webp?resize=525%2C300&ssl=1 1.5x, https:\/\/i0.wp.com\/kohenavocats.com\/wp-content\/uploads\/2024\/11\/mohamed-nohassi-IriAhed60QU-unsplash.webp?resize=700%2C400&ssl=1 2x, https:\/\/i0.wp.com\/kohenavocats.com\/wp-content\/uploads\/2024\/11\/mohamed-nohassi-IriAhed60QU-unsplash.webp?resize=1050%2C600&ssl=1 3x, https:\/\/i0.wp.com\/kohenavocats.com\/wp-content\/uploads\/2024\/11\/mohamed-nohassi-IriAhed60QU-unsplash.webp?resize=1400%2C800&ssl=1 4x"},"classes":[]},{"id":267421,"url":"https:\/\/kohenavocats.com\/zh-hans\/tribunal-judiciaire-de-dijon-le-30-juin-2025-n25-00078\/","url_meta":{"origin":670586,"position":3},"title":"Tribunal judiciaire de Dijon, le 30 juin 2025, n\u00b025\/00078","author":"Kohen","date":"2026\u5e741\u670810\u65e5","format":false,"excerpt":"Rendue par le juge des contentieux de la protectio\u2026","rel":"","context":"\u5728\u201cD\u00e9cisions juridiques\u201d\u4e2d","block_context":{"text":"D\u00e9cisions juridiques","link":"https:\/\/kohenavocats.com\/category\/decisions-juridiques\/"},"img":{"alt_text":"","src":"https:\/\/i0.wp.com\/kohenavocats.com\/wp-content\/uploads\/2024\/08\/42-north-fhO8zmW5Mpk-unsplash.webp?resize=350%2C200&ssl=1","width":350,"height":200,"srcset":"https:\/\/i0.wp.com\/kohenavocats.com\/wp-content\/uploads\/2024\/08\/42-north-fhO8zmW5Mpk-unsplash.webp?resize=350%2C200&ssl=1 1x, https:\/\/i0.wp.com\/kohenavocats.com\/wp-content\/uploads\/2024\/08\/42-north-fhO8zmW5Mpk-unsplash.webp?resize=525%2C300&ssl=1 1.5x, https:\/\/i0.wp.com\/kohenavocats.com\/wp-content\/uploads\/2024\/08\/42-north-fhO8zmW5Mpk-unsplash.webp?resize=700%2C400&ssl=1 2x, https:\/\/i0.wp.com\/kohenavocats.com\/wp-content\/uploads\/2024\/08\/42-north-fhO8zmW5Mpk-unsplash.webp?resize=1050%2C600&ssl=1 3x, https:\/\/i0.wp.com\/kohenavocats.com\/wp-content\/uploads\/2024\/08\/42-north-fhO8zmW5Mpk-unsplash.webp?resize=1400%2C800&ssl=1 4x"},"classes":[]},{"id":658637,"url":"https:\/\/kohenavocats.com\/zh-hans\/tribunal-judiciaire-de-lille-le-30-juin-2025-n25-00769\/","url_meta":{"origin":670586,"position":4},"title":"Tribunal judiciaire de Lille, le 30 juin 2025, n\u00b025\/00769","author":"Kohen","date":"2026\u5e744\u670823\u65e5","format":false,"excerpt":"Le tribunal judiciaire de Lille, statuant en r\u00e9f\u00e9r\u2026","rel":"","context":"\u5728\u201cJurisprudence\u201d\u4e2d","block_context":{"text":"Jurisprudence","link":"https:\/\/kohenavocats.com\/category\/jurisprudence\/"},"img":{"alt_text":"","src":"https:\/\/i0.wp.com\/kohenavocats.com\/wp-content\/uploads\/2024\/08\/isaiah-b-pwS850MaFYo-unsplash.webp?resize=350%2C200&ssl=1","width":350,"height":200,"srcset":"https:\/\/i0.wp.com\/kohenavocats.com\/wp-content\/uploads\/2024\/08\/isaiah-b-pwS850MaFYo-unsplash.webp?resize=350%2C200&ssl=1 1x, https:\/\/i0.wp.com\/kohenavocats.com\/wp-content\/uploads\/2024\/08\/isaiah-b-pwS850MaFYo-unsplash.webp?resize=525%2C300&ssl=1 1.5x, https:\/\/i0.wp.com\/kohenavocats.com\/wp-content\/uploads\/2024\/08\/isaiah-b-pwS850MaFYo-unsplash.webp?resize=700%2C400&ssl=1 2x, https:\/\/i0.wp.com\/kohenavocats.com\/wp-content\/uploads\/2024\/08\/isaiah-b-pwS850MaFYo-unsplash.webp?resize=1050%2C600&ssl=1 3x, https:\/\/i0.wp.com\/kohenavocats.com\/wp-content\/uploads\/2024\/08\/isaiah-b-pwS850MaFYo-unsplash.webp?resize=1400%2C800&ssl=1 4x"},"classes":[]},{"id":670940,"url":"https:\/\/kohenavocats.com\/zh-hans\/tribunal-judiciaire-de-toulouse-le-30-juin-2025-n25-01627\/","url_meta":{"origin":670586,"position":5},"title":"Tribunal judiciaire de Toulouse, le 30 juin 2025, n\u00b025\/01627","author":"Kohen","date":"2026\u5e744\u670824\u65e5","format":false,"excerpt":"Le juge des contentieux de la protection, statuant\u2026","rel":"","context":"\u5728\u201cJurisprudence\u201d\u4e2d","block_context":{"text":"Jurisprudence","link":"https:\/\/kohenavocats.com\/category\/jurisprudence\/"},"img":{"alt_text":"","src":"https:\/\/i0.wp.com\/kohenavocats.com\/wp-content\/uploads\/2024\/11\/mohamed-nohassi-kZiOPpjVuEg-unsplash.webp?resize=350%2C200&ssl=1","width":350,"height":200,"srcset":"https:\/\/i0.wp.com\/kohenavocats.com\/wp-content\/uploads\/2024\/11\/mohamed-nohassi-kZiOPpjVuEg-unsplash.webp?resize=350%2C200&ssl=1 1x, https:\/\/i0.wp.com\/kohenavocats.com\/wp-content\/uploads\/2024\/11\/mohamed-nohassi-kZiOPpjVuEg-unsplash.webp?resize=525%2C300&ssl=1 1.5x, https:\/\/i0.wp.com\/kohenavocats.com\/wp-content\/uploads\/2024\/11\/mohamed-nohassi-kZiOPpjVuEg-unsplash.webp?resize=700%2C400&ssl=1 2x, https:\/\/i0.wp.com\/kohenavocats.com\/wp-content\/uploads\/2024\/11\/mohamed-nohassi-kZiOPpjVuEg-unsplash.webp?resize=1050%2C600&ssl=1 3x, https:\/\/i0.wp.com\/kohenavocats.com\/wp-content\/uploads\/2024\/11\/mohamed-nohassi-kZiOPpjVuEg-unsplash.webp?resize=1400%2C800&ssl=1 4x"},"classes":[]}],"jetpack_sharing_enabled":true,"_links":{"self":[{"href":"https:\/\/kohenavocats.com\/zh-hans\/wp-json\/wp\/v2\/posts\/670586","targetHints":{"allow":["GET"]}}],"collection":[{"href":"https:\/\/kohenavocats.com\/zh-hans\/wp-json\/wp\/v2\/posts"}],"about":[{"href":"https:\/\/kohenavocats.com\/zh-hans\/wp-json\/wp\/v2\/types\/post"}],"author":[{"embeddable":true,"href":"https:\/\/kohenavocats.com\/zh-hans\/wp-json\/wp\/v2\/users\/232070755"}],"replies":[{"embeddable":true,"href":"https:\/\/kohenavocats.com\/zh-hans\/wp-json\/wp\/v2\/comments?post=670586"}],"version-history":[{"count":0,"href":"https:\/\/kohenavocats.com\/zh-hans\/wp-json\/wp\/v2\/posts\/670586\/revisions"}],"wp:featuredmedia":[{"embeddable":true,"href":"https:\/\/kohenavocats.com\/zh-hans\/wp-json\/wp\/v2\/media\/3174"}],"wp:attachment":[{"href":"https:\/\/kohenavocats.com\/zh-hans\/wp-json\/wp\/v2\/media?parent=670586"}],"wp:term":[{"taxonomy":"category","embeddable":true,"href":"https:\/\/kohenavocats.com\/zh-hans\/wp-json\/wp\/v2\/categories?post=670586"},{"taxonomy":"post_tag","embeddable":true,"href":"https:\/\/kohenavocats.com\/zh-hans\/wp-json\/wp\/v2\/tags?post=670586"}],"curies":[{"name":"wp","href":"https:\/\/api.w.org\/{rel}","templated":true}]}}