{"id":670941,"date":"2026-04-24T08:32:55","date_gmt":"2026-04-24T06:32:55","guid":{"rendered":"https:\/\/kohenavocats.com\/cour-dappel-de-rennes-le-15-octobre-2025-n25-00898\/"},"modified":"2026-04-24T08:32:55","modified_gmt":"2026-04-24T06:32:55","slug":"cour-dappel-de-rennes-le-15-octobre-2025-n25-00898","status":"publish","type":"post","link":"https:\/\/kohenavocats.com\/zh-hans\/cour-dappel-de-rennes-le-15-octobre-2025-n25-00898\/","title":{"rendered":"Cour d&#8217;appel de Rennes, le 15 octobre 2025, n\u00b025\/00898"},"content":{"rendered":"<div class=\"article-content\">\n<p>La Cour d&#8217;appel de Rennes, le 15 octobre 2025, statue sur une demande d&#8217;extension d&#8217;une mesure d&#8217;instruction. Suite \u00e0 des d\u00e9sordres sur un bateau, une expertise avait \u00e9t\u00e9 ordonn\u00e9e contre son vendeur. La soci\u00e9t\u00e9 ayant proc\u00e9d\u00e9 aux op\u00e9rations de mise \u00e0 sec et de calage demande \u00e0 \u00eatre jointe \u00e0 cette mesure. Le juge des r\u00e9f\u00e9r\u00e9s doit d\u00e9terminer si cette extension est justifi\u00e9e. Il accueille la demande et \u00e9tend l&#8217;expertise \u00e0 cette nouvelle partie.<\/p>\n<p>Les conditions de l&#8217;article 145 du code de proc\u00e9dure civile<\/p>\n<p>Le juge v\u00e9rifie d&#8217;abord l&#8217;existence d&#8217;un motif l\u00e9gitime pour la mesure. La d\u00e9cision constate que les op\u00e9rations techniques r\u00e9alis\u00e9es par la nouvelle partie sont directement li\u00e9es aux d\u00e9sordres all\u00e9gu\u00e9s. &#8220;Il r\u00e9sulte des explications donn\u00e9es et pi\u00e8ces produites que la d\u00e9fenderesse est la soci\u00e9t\u00e9 qui a proc\u00e9d\u00e9 \u00e0 la mise \u00e0 sec du bateau ainsi qu\u2019\u00e0 son calage sur le nez, susceptibles d\u2019\u00eatre \u00e0 l\u2019origine des d\u00e9sordres&#8221; (Motifs de la d\u00e9cision). Ce lien causal potentiel constitue le fondement n\u00e9cessaire pour intervenir avant tout proc\u00e8s sur le fond.<\/p>\n<p>La mesure doit ensuite \u00eatre l\u00e9galement admissible et n\u00e9cessaire. L&#8217;expertise initiale vise \u00e0 \u00e9tablir les causes des d\u00e9sordres et les responsabilit\u00e9s. L&#8217;extension permet d&#8217;int\u00e9grer le point de vue technique de l&#8217;auteur pr\u00e9sum\u00e9 des op\u00e9rations litigieuses. Cette approche garantit l&#8217;\u00e9quit\u00e9 du contradictoire et la compl\u00e9tude de l&#8217;instruction. Elle s&#8217;inscrit dans l&#8217;esprit de l&#8217;article 145, permettant de conserver ou d&#8217;\u00e9tablir une preuve avant un litige.<\/p>\n<p>La port\u00e9e proc\u00e9durale de l&#8217;ordonnance de r\u00e9f\u00e9r\u00e9<\/p>\n<p>La d\u00e9cision illustre le pouvoir d&#8217;adaptation du juge des r\u00e9f\u00e9r\u00e9s. Elle d\u00e9montre que les mesures d&#8217;instruction ne sont pas fig\u00e9es et peuvent \u00e9voluer. Le juge peut ainsi modifier le p\u00e9rim\u00e8tre d&#8217;une expertise pour inclure un nouvel intervenant. Cette facult\u00e9 r\u00e9pond \u00e0 l&#8217;exigence d&#8217;une instruction loyale et compl\u00e8te. Elle \u00e9vite la multiplication d&#8217;expertises parall\u00e8les sur un m\u00eame objet technique.<\/p>\n<p>L&#8217;ordonnance renforce \u00e9galement l&#8217;efficacit\u00e9 de la proc\u00e9dure pr\u00e9paratoire. En \u00e9tendant la mission existante, elle pr\u00e9serve l&#8217;unit\u00e9 de l&#8217;expertise et acc\u00e9l\u00e8re l&#8217;instruction. &#8220;Il est donc l\u00e9gitime d&#8217;\u00e9tendre la mission d&#8217;expertise \u00e0 la d\u00e9fenderesse pour qu\u2019elle soit en mesure de faire valoir son point de vue&#8221; (Motifs de la d\u00e9cision). Cette solution \u00e9conomise du temps et des co\u00fbts pour toutes les parties concern\u00e9es. Elle favorise une vision globale et contradictoire des faits techniques avant un \u00e9ventuel proc\u00e8s au fond.<\/p>\n<p>Cette d\u00e9cision s&#8217;aligne sur une jurisprudence constante concernant l&#8217;article 145. &#8220;La mesure sollicit\u00e9e est conforme au fondement de l\u2019article 145 du code de proc\u00e9dure civile qui dispose que peuvent \u00eatre ordonn\u00e9es en r\u00e9f\u00e9r\u00e9 toutes mesures l\u00e9galement admissibles chaque fois qu\u2019il existe un motif l\u00e9gitime de conserver ou d\u2019\u00e9tablir avant tout proc\u00e8s la preuve des faits dont pourrait d\u00e9pendre la solution d\u2019un litige&#8221; (Tribunal judiciaire de Toulouse, le 16 mai 2025, n\u00b025\/00192). Elle en applique strictement les conditions tout en en affirmant la finalit\u00e9 probatoire.<\/p>\n<p>Elle pr\u00e9cise \u00e9galement le r\u00e9gime de l&#8217;extension d&#8217;une mesure d\u00e9j\u00e0 ordonn\u00e9e. &#8220;Il est rappel\u00e9 que la juridiction des r\u00e9f\u00e9r\u00e9s peut sur le fondement de l&#8217;article 145 du code de proc\u00e9dure civile, d\u00e9clarer commune \u00e0 une autre partie une mesure d&#8217;instruction qu&#8217;elle a pr\u00e9c\u00e9demment ordonn\u00e9e en r\u00e9f\u00e9r\u00e9&#8221; (Tribunal judiciaire, le 6 juin 2025, n\u00b025\/00057). La pr\u00e9sente ordonnance met en \u0153uvre ce principe en l&#8217;appliquant \u00e0 un expert d\u00e9j\u00e0 d\u00e9sign\u00e9. Elle confirme ainsi la souplesse et l&#8217;autorit\u00e9 des d\u00e9cisions du juge des r\u00e9f\u00e9r\u00e9s en mati\u00e8re d&#8217;instruction.<\/p>\n<\/div>\n","protected":false},"excerpt":{"rendered":"<p>La Cour d&#8217;appel de Rennes, le 15 octobre 2025, statue sur une demande d&#8217;extension d&#8217;une mesure d&#8217;instruction. Suite \u00e0 des d\u00e9sordres sur un bateau, une expert&#8230;<\/p>\n","protected":false},"author":232070755,"featured_media":9443,"comment_status":"open","ping_status":"open","sticky":false,"template":"","format":"standard","meta":{"_crdt_document":"","_jetpack_newsletter_access":"","_jetpack_dont_email_post_to_subs":false,"_jetpack_newsletter_tier_id":0,"_jetpack_memberships_contains_paywalled_content":false,"_jetpack_memberships_contains_paid_content":false,"footnotes":"","jetpack_post_was_ever_published":false},"categories":[7597],"tags":[],"class_list":["post-670941","post","type-post","status-publish","format-standard","has-post-thumbnail","hentry","category-jurisprudence"],"yoast_head":"<!-- This site is optimized with the Yoast SEO Premium plugin v27.4 (Yoast SEO v27.4) - https:\/\/yoast.com\/product\/yoast-seo-premium-wordpress\/ -->\n<title>Cour d&#039;appel de Rennes, le 15 octobre 2025, n\u00b025\/00898 - Ma\u00eetre Hassan Kohen, avocat en droit p\u00e9nal \u00e0 Paris<\/title>\n<meta name=\"description\" content=\"La Cour d&#039;appel de Rennes, le 15 octobre 2025, statue sur une demande d&#039;extension d&#039;une mesure d&#039;instruction. Suite \u00e0 des d\u00e9sordres sur un bateau, une expert...\" \/>\n<meta name=\"robots\" content=\"index, follow, max-snippet:-1, max-image-preview:large, max-video-preview:-1\" \/>\n<link rel=\"canonical\" href=\"https:\/\/kohenavocats.com\/zh-hans\/cour-dappel-de-rennes-le-15-octobre-2025-n25-00898\/\" \/>\n<meta property=\"og:locale\" content=\"zh_CN\" \/>\n<meta property=\"og:type\" content=\"article\" \/>\n<meta property=\"og:title\" content=\"Cour d&#039;appel de Rennes, le 15 octobre 2025, n\u00b025\/00898\" \/>\n<meta property=\"og:description\" content=\"La Cour d&#039;appel de Rennes, le 15 octobre 2025, statue sur une demande d&#039;extension d&#039;une mesure d&#039;instruction. Suite \u00e0 des d\u00e9sordres sur un bateau, une expert...\" \/>\n<meta property=\"og:url\" content=\"https:\/\/kohenavocats.com\/zh-hans\/cour-dappel-de-rennes-le-15-octobre-2025-n25-00898\/\" \/>\n<meta property=\"og:site_name\" content=\"Ma\u00eetre Hassan Kohen, avocat en droit p\u00e9nal \u00e0 Paris\" \/>\n<meta property=\"article:published_time\" content=\"2026-04-24T06:32:55+00:00\" \/>\n<meta property=\"og:image\" content=\"https:\/\/kohenavocats.com\/wp-content\/uploads\/2024\/11\/mohamed-nohassi-hj1WiuQsWzY-unsplash.webp\" \/>\n\t<meta property=\"og:image:width\" content=\"6528\" \/>\n\t<meta property=\"og:image:height\" content=\"3780\" \/>\n\t<meta property=\"og:image:type\" content=\"image\/webp\" \/>\n<meta name=\"author\" content=\"Kohen\" \/>\n<meta name=\"twitter:card\" content=\"summary_large_image\" \/>\n<meta name=\"twitter:label1\" content=\"\u4f5c\u8005\" \/>\n\t<meta name=\"twitter:data1\" content=\"Kohen\" \/>\n\t<meta name=\"twitter:label2\" content=\"\u9884\u8ba1\u9605\u8bfb\u65f6\u95f4\" \/>\n\t<meta name=\"twitter:data2\" content=\"3 \u5206\" \/>\n<script type=\"application\/ld+json\" class=\"yoast-schema-graph\">{\"@context\":\"https:\\\/\\\/schema.org\",\"@graph\":[{\"@type\":\"Article\",\"@id\":\"https:\\\/\\\/kohenavocats.com\\\/zh-hans\\\/cour-dappel-de-rennes-le-15-octobre-2025-n25-00898\\\/#article\",\"isPartOf\":{\"@id\":\"https:\\\/\\\/kohenavocats.com\\\/zh-hans\\\/cour-dappel-de-rennes-le-15-octobre-2025-n25-00898\\\/\"},\"author\":{\"name\":\"Kohen\",\"@id\":\"https:\\\/\\\/kohenavocats.com\\\/zh-hans\\\/#\\\/schema\\\/person\\\/761c9ba54fa1ca84d405cef0831ff751\"},\"headline\":\"Cour d&#8217;appel de Rennes, le 15 octobre 2025, n\u00b025\\\/00898\",\"datePublished\":\"2026-04-24T06:32:55+00:00\",\"mainEntityOfPage\":{\"@id\":\"https:\\\/\\\/kohenavocats.com\\\/zh-hans\\\/cour-dappel-de-rennes-le-15-octobre-2025-n25-00898\\\/\"},\"wordCount\":675,\"commentCount\":0,\"publisher\":{\"@id\":\"https:\\\/\\\/kohenavocats.com\\\/zh-hans\\\/#organization\"},\"image\":{\"@id\":\"https:\\\/\\\/kohenavocats.com\\\/zh-hans\\\/cour-dappel-de-rennes-le-15-octobre-2025-n25-00898\\\/#primaryimage\"},\"thumbnailUrl\":\"https:\\\/\\\/kohenavocats.com\\\/wp-content\\\/uploads\\\/2024\\\/11\\\/mohamed-nohassi-hj1WiuQsWzY-unsplash.webp\",\"articleSection\":[\"Jurisprudence\"],\"inLanguage\":\"zh-Hans\",\"potentialAction\":[{\"@type\":\"CommentAction\",\"name\":\"Comment\",\"target\":[\"https:\\\/\\\/kohenavocats.com\\\/zh-hans\\\/cour-dappel-de-rennes-le-15-octobre-2025-n25-00898\\\/#respond\"]}],\"citation\":\"Cour d&#8217;appel de Rennes, le 15 octobre 2025, n\u00b025\\\/00898\",\"about\":[{\"@type\":\"Thing\",\"name\":\"Jurisprudence\"}],\"dateModified\":\"2026-04-24T06:32:55+00:00\",\"speakable\":{\"@type\":\"SpeakableSpecification\",\"cssSelector\":[\".article-content > p:first-of-type\"]}},{\"@type\":\"WebPage\",\"@id\":\"https:\\\/\\\/kohenavocats.com\\\/zh-hans\\\/cour-dappel-de-rennes-le-15-octobre-2025-n25-00898\\\/\",\"url\":\"https:\\\/\\\/kohenavocats.com\\\/zh-hans\\\/cour-dappel-de-rennes-le-15-octobre-2025-n25-00898\\\/\",\"name\":\"Cour d'appel de Rennes, le 15 octobre 2025, n\u00b025\\\/00898 - Ma\u00eetre Hassan Kohen, avocat en droit p\u00e9nal \u00e0 Paris\",\"isPartOf\":{\"@id\":\"https:\\\/\\\/kohenavocats.com\\\/zh-hans\\\/#website\"},\"primaryImageOfPage\":{\"@id\":\"https:\\\/\\\/kohenavocats.com\\\/zh-hans\\\/cour-dappel-de-rennes-le-15-octobre-2025-n25-00898\\\/#primaryimage\"},\"image\":{\"@id\":\"https:\\\/\\\/kohenavocats.com\\\/zh-hans\\\/cour-dappel-de-rennes-le-15-octobre-2025-n25-00898\\\/#primaryimage\"},\"thumbnailUrl\":\"https:\\\/\\\/kohenavocats.com\\\/wp-content\\\/uploads\\\/2024\\\/11\\\/mohamed-nohassi-hj1WiuQsWzY-unsplash.webp\",\"datePublished\":\"2026-04-24T06:32:55+00:00\",\"description\":\"La Cour d'appel de Rennes, le 15 octobre 2025, statue sur une demande d'extension d'une mesure d'instruction. Suite \u00e0 des d\u00e9sordres sur un bateau, une expert...\",\"breadcrumb\":{\"@id\":\"https:\\\/\\\/kohenavocats.com\\\/zh-hans\\\/cour-dappel-de-rennes-le-15-octobre-2025-n25-00898\\\/#breadcrumb\"},\"inLanguage\":\"zh-Hans\",\"potentialAction\":[{\"@type\":\"ReadAction\",\"target\":[\"https:\\\/\\\/kohenavocats.com\\\/zh-hans\\\/cour-dappel-de-rennes-le-15-octobre-2025-n25-00898\\\/\"]}]},{\"@type\":\"ImageObject\",\"inLanguage\":\"zh-Hans\",\"@id\":\"https:\\\/\\\/kohenavocats.com\\\/zh-hans\\\/cour-dappel-de-rennes-le-15-octobre-2025-n25-00898\\\/#primaryimage\",\"url\":\"https:\\\/\\\/kohenavocats.com\\\/wp-content\\\/uploads\\\/2024\\\/11\\\/mohamed-nohassi-hj1WiuQsWzY-unsplash.webp\",\"contentUrl\":\"https:\\\/\\\/kohenavocats.com\\\/wp-content\\\/uploads\\\/2024\\\/11\\\/mohamed-nohassi-hj1WiuQsWzY-unsplash.webp\",\"width\":6528,\"height\":3780},{\"@type\":\"BreadcrumbList\",\"@id\":\"https:\\\/\\\/kohenavocats.com\\\/zh-hans\\\/cour-dappel-de-rennes-le-15-octobre-2025-n25-00898\\\/#breadcrumb\",\"itemListElement\":[{\"@type\":\"ListItem\",\"position\":1,\"name\":\"Home\",\"item\":\"https:\\\/\\\/kohenavocats.com\\\/zh-hans\\\/\"},{\"@type\":\"ListItem\",\"position\":2,\"name\":\"Cour d&rsquo;appel de Rennes, le 15 octobre 2025, n\u00b025\\\/00898\"}]},{\"@type\":\"WebSite\",\"@id\":\"https:\\\/\\\/kohenavocats.com\\\/zh-hans\\\/#website\",\"url\":\"https:\\\/\\\/kohenavocats.com\\\/zh-hans\\\/\",\"name\":\"Kohen Avocats\",\"description\":\"Ma\u00eetre Hassan Kohen, avocat p\u00e9naliste \u00e0 Paris, intervient exclusivement en droit p\u00e9nal pour la d\u00e9fense des particuliers, notamment en mati\u00e8re d\u2019accusations de viol. Il assure un accompagnement rigoureux d\u00e8s la garde \u00e0 vue jusqu\u2019\u00e0 la Cour d\u2019assises, veillant au strict respect des garanties proc\u00e9durales.\",\"publisher\":{\"@id\":\"https:\\\/\\\/kohenavocats.com\\\/zh-hans\\\/#organization\"},\"potentialAction\":[{\"@type\":\"SearchAction\",\"target\":{\"@type\":\"EntryPoint\",\"urlTemplate\":\"https:\\\/\\\/kohenavocats.com\\\/zh-hans\\\/?s={search_term_string}\"},\"query-input\":{\"@type\":\"PropertyValueSpecification\",\"valueRequired\":true,\"valueName\":\"search_term_string\"}}],\"inLanguage\":\"zh-Hans\"},{\"@type\":\"Organization\",\"@id\":\"https:\\\/\\\/kohenavocats.com\\\/zh-hans\\\/#organization\",\"name\":\"Kohen Avocats\",\"url\":\"https:\\\/\\\/kohenavocats.com\\\/zh-hans\\\/\",\"logo\":{\"@type\":\"ImageObject\",\"inLanguage\":\"zh-Hans\",\"@id\":\"https:\\\/\\\/kohenavocats.com\\\/zh-hans\\\/#\\\/schema\\\/logo\\\/image\\\/\",\"url\":\"https:\\\/\\\/kohenavocats.com\\\/wp-content\\\/uploads\\\/2026\\\/01\\\/Logo-2-1.webp\",\"contentUrl\":\"https:\\\/\\\/kohenavocats.com\\\/wp-content\\\/uploads\\\/2026\\\/01\\\/Logo-2-1.webp\",\"width\":2114,\"height\":1253,\"caption\":\"Kohen Avocats\"},\"image\":{\"@id\":\"https:\\\/\\\/kohenavocats.com\\\/zh-hans\\\/#\\\/schema\\\/logo\\\/image\\\/\"}},{\"@type\":\"Person\",\"@id\":\"https:\\\/\\\/kohenavocats.com\\\/zh-hans\\\/#\\\/schema\\\/person\\\/761c9ba54fa1ca84d405cef0831ff751\",\"name\":\"Kohen\",\"image\":{\"@type\":\"ImageObject\",\"inLanguage\":\"zh-Hans\",\"@id\":\"https:\\\/\\\/secure.gravatar.com\\\/avatar\\\/1c5e76ef76bbbfdd2b4da984e2bf2fa4056fd51a27d25ce2c332047f1dfd6e00?s=96&d=identicon&r=g\",\"url\":\"https:\\\/\\\/secure.gravatar.com\\\/avatar\\\/1c5e76ef76bbbfdd2b4da984e2bf2fa4056fd51a27d25ce2c332047f1dfd6e00?s=96&d=identicon&r=g\",\"contentUrl\":\"https:\\\/\\\/secure.gravatar.com\\\/avatar\\\/1c5e76ef76bbbfdd2b4da984e2bf2fa4056fd51a27d25ce2c332047f1dfd6e00?s=96&d=identicon&r=g\",\"caption\":\"Kohen\"},\"sameAs\":[\"https:\\\/\\\/www.linkedin.com\\\/in\\\/hassan-kohen-448548192\\\/\",\"https:\\\/\\\/www.youtube.com\\\/@Kohen-Avocats\"],\"url\":\"https:\\\/\\\/kohenavocats.com\\\/zh-hans\\\/author\\\/kohenmlk\\\/\"}]}<\/script>\n<!-- \/ Yoast SEO Premium plugin. -->","yoast_head_json":{"title":"Cour d'appel de Rennes, le 15 octobre 2025, n\u00b025\/00898 - Ma\u00eetre Hassan Kohen, avocat en droit p\u00e9nal \u00e0 Paris","description":"La Cour d'appel de Rennes, le 15 octobre 2025, statue sur une demande d'extension d'une mesure d'instruction. Suite \u00e0 des d\u00e9sordres sur un bateau, une expert...","robots":{"index":"index","follow":"follow","max-snippet":"max-snippet:-1","max-image-preview":"max-image-preview:large","max-video-preview":"max-video-preview:-1"},"canonical":"https:\/\/kohenavocats.com\/zh-hans\/cour-dappel-de-rennes-le-15-octobre-2025-n25-00898\/","og_locale":"zh_CN","og_type":"article","og_title":"Cour d'appel de Rennes, le 15 octobre 2025, n\u00b025\/00898","og_description":"La Cour d'appel de Rennes, le 15 octobre 2025, statue sur une demande d'extension d'une mesure d'instruction. Suite \u00e0 des d\u00e9sordres sur un bateau, une expert...","og_url":"https:\/\/kohenavocats.com\/zh-hans\/cour-dappel-de-rennes-le-15-octobre-2025-n25-00898\/","og_site_name":"Ma\u00eetre Hassan Kohen, avocat en droit p\u00e9nal \u00e0 Paris","article_published_time":"2026-04-24T06:32:55+00:00","og_image":[{"width":6528,"height":3780,"url":"https:\/\/kohenavocats.com\/wp-content\/uploads\/2024\/11\/mohamed-nohassi-hj1WiuQsWzY-unsplash.webp","type":"image\/webp"}],"author":"Kohen","twitter_card":"summary_large_image","twitter_misc":{"\u4f5c\u8005":"Kohen","\u9884\u8ba1\u9605\u8bfb\u65f6\u95f4":"3 \u5206"},"schema":{"@context":"https:\/\/schema.org","@graph":[{"@type":"Article","@id":"https:\/\/kohenavocats.com\/zh-hans\/cour-dappel-de-rennes-le-15-octobre-2025-n25-00898\/#article","isPartOf":{"@id":"https:\/\/kohenavocats.com\/zh-hans\/cour-dappel-de-rennes-le-15-octobre-2025-n25-00898\/"},"author":{"name":"Kohen","@id":"https:\/\/kohenavocats.com\/zh-hans\/#\/schema\/person\/761c9ba54fa1ca84d405cef0831ff751"},"headline":"Cour d&#8217;appel de Rennes, le 15 octobre 2025, n\u00b025\/00898","datePublished":"2026-04-24T06:32:55+00:00","mainEntityOfPage":{"@id":"https:\/\/kohenavocats.com\/zh-hans\/cour-dappel-de-rennes-le-15-octobre-2025-n25-00898\/"},"wordCount":675,"commentCount":0,"publisher":{"@id":"https:\/\/kohenavocats.com\/zh-hans\/#organization"},"image":{"@id":"https:\/\/kohenavocats.com\/zh-hans\/cour-dappel-de-rennes-le-15-octobre-2025-n25-00898\/#primaryimage"},"thumbnailUrl":"https:\/\/kohenavocats.com\/wp-content\/uploads\/2024\/11\/mohamed-nohassi-hj1WiuQsWzY-unsplash.webp","articleSection":["Jurisprudence"],"inLanguage":"zh-Hans","potentialAction":[{"@type":"CommentAction","name":"Comment","target":["https:\/\/kohenavocats.com\/zh-hans\/cour-dappel-de-rennes-le-15-octobre-2025-n25-00898\/#respond"]}],"citation":"Cour d&#8217;appel de Rennes, le 15 octobre 2025, n\u00b025\/00898","about":[{"@type":"Thing","name":"Jurisprudence"}],"dateModified":"2026-04-24T06:32:55+00:00","speakable":{"@type":"SpeakableSpecification","cssSelector":[".article-content > p:first-of-type"]}},{"@type":"WebPage","@id":"https:\/\/kohenavocats.com\/zh-hans\/cour-dappel-de-rennes-le-15-octobre-2025-n25-00898\/","url":"https:\/\/kohenavocats.com\/zh-hans\/cour-dappel-de-rennes-le-15-octobre-2025-n25-00898\/","name":"Cour d'appel de Rennes, le 15 octobre 2025, n\u00b025\/00898 - Ma\u00eetre Hassan Kohen, avocat en droit p\u00e9nal \u00e0 Paris","isPartOf":{"@id":"https:\/\/kohenavocats.com\/zh-hans\/#website"},"primaryImageOfPage":{"@id":"https:\/\/kohenavocats.com\/zh-hans\/cour-dappel-de-rennes-le-15-octobre-2025-n25-00898\/#primaryimage"},"image":{"@id":"https:\/\/kohenavocats.com\/zh-hans\/cour-dappel-de-rennes-le-15-octobre-2025-n25-00898\/#primaryimage"},"thumbnailUrl":"https:\/\/kohenavocats.com\/wp-content\/uploads\/2024\/11\/mohamed-nohassi-hj1WiuQsWzY-unsplash.webp","datePublished":"2026-04-24T06:32:55+00:00","description":"La Cour d'appel de Rennes, le 15 octobre 2025, statue sur une demande d'extension d'une mesure d'instruction. Suite \u00e0 des d\u00e9sordres sur un bateau, une expert...","breadcrumb":{"@id":"https:\/\/kohenavocats.com\/zh-hans\/cour-dappel-de-rennes-le-15-octobre-2025-n25-00898\/#breadcrumb"},"inLanguage":"zh-Hans","potentialAction":[{"@type":"ReadAction","target":["https:\/\/kohenavocats.com\/zh-hans\/cour-dappel-de-rennes-le-15-octobre-2025-n25-00898\/"]}]},{"@type":"ImageObject","inLanguage":"zh-Hans","@id":"https:\/\/kohenavocats.com\/zh-hans\/cour-dappel-de-rennes-le-15-octobre-2025-n25-00898\/#primaryimage","url":"https:\/\/kohenavocats.com\/wp-content\/uploads\/2024\/11\/mohamed-nohassi-hj1WiuQsWzY-unsplash.webp","contentUrl":"https:\/\/kohenavocats.com\/wp-content\/uploads\/2024\/11\/mohamed-nohassi-hj1WiuQsWzY-unsplash.webp","width":6528,"height":3780},{"@type":"BreadcrumbList","@id":"https:\/\/kohenavocats.com\/zh-hans\/cour-dappel-de-rennes-le-15-octobre-2025-n25-00898\/#breadcrumb","itemListElement":[{"@type":"ListItem","position":1,"name":"Home","item":"https:\/\/kohenavocats.com\/zh-hans\/"},{"@type":"ListItem","position":2,"name":"Cour d&rsquo;appel de Rennes, le 15 octobre 2025, n\u00b025\/00898"}]},{"@type":"WebSite","@id":"https:\/\/kohenavocats.com\/zh-hans\/#website","url":"https:\/\/kohenavocats.com\/zh-hans\/","name":"Kohen Avocats","description":"Ma\u00eetre Hassan Kohen, avocat p\u00e9naliste \u00e0 Paris, intervient exclusivement en droit p\u00e9nal pour la d\u00e9fense des particuliers, notamment en mati\u00e8re d\u2019accusations de viol. Il assure un accompagnement rigoureux d\u00e8s la garde \u00e0 vue jusqu\u2019\u00e0 la Cour d\u2019assises, veillant au strict respect des garanties proc\u00e9durales.","publisher":{"@id":"https:\/\/kohenavocats.com\/zh-hans\/#organization"},"potentialAction":[{"@type":"SearchAction","target":{"@type":"EntryPoint","urlTemplate":"https:\/\/kohenavocats.com\/zh-hans\/?s={search_term_string}"},"query-input":{"@type":"PropertyValueSpecification","valueRequired":true,"valueName":"search_term_string"}}],"inLanguage":"zh-Hans"},{"@type":"Organization","@id":"https:\/\/kohenavocats.com\/zh-hans\/#organization","name":"Kohen Avocats","url":"https:\/\/kohenavocats.com\/zh-hans\/","logo":{"@type":"ImageObject","inLanguage":"zh-Hans","@id":"https:\/\/kohenavocats.com\/zh-hans\/#\/schema\/logo\/image\/","url":"https:\/\/kohenavocats.com\/wp-content\/uploads\/2026\/01\/Logo-2-1.webp","contentUrl":"https:\/\/kohenavocats.com\/wp-content\/uploads\/2026\/01\/Logo-2-1.webp","width":2114,"height":1253,"caption":"Kohen Avocats"},"image":{"@id":"https:\/\/kohenavocats.com\/zh-hans\/#\/schema\/logo\/image\/"}},{"@type":"Person","@id":"https:\/\/kohenavocats.com\/zh-hans\/#\/schema\/person\/761c9ba54fa1ca84d405cef0831ff751","name":"Kohen","image":{"@type":"ImageObject","inLanguage":"zh-Hans","@id":"https:\/\/secure.gravatar.com\/avatar\/1c5e76ef76bbbfdd2b4da984e2bf2fa4056fd51a27d25ce2c332047f1dfd6e00?s=96&d=identicon&r=g","url":"https:\/\/secure.gravatar.com\/avatar\/1c5e76ef76bbbfdd2b4da984e2bf2fa4056fd51a27d25ce2c332047f1dfd6e00?s=96&d=identicon&r=g","contentUrl":"https:\/\/secure.gravatar.com\/avatar\/1c5e76ef76bbbfdd2b4da984e2bf2fa4056fd51a27d25ce2c332047f1dfd6e00?s=96&d=identicon&r=g","caption":"Kohen"},"sameAs":["https:\/\/www.linkedin.com\/in\/hassan-kohen-448548192\/","https:\/\/www.youtube.com\/@Kohen-Avocats"],"url":"https:\/\/kohenavocats.com\/zh-hans\/author\/kohenmlk\/"}]}},"jetpack_featured_media_url":"https:\/\/kohenavocats.com\/wp-content\/uploads\/2024\/11\/mohamed-nohassi-hj1WiuQsWzY-unsplash.webp","jetpack_likes_enabled":false,"jetpack_shortlink":"https:\/\/wp.me\/peCrII-2OxD","jetpack-related-posts":[{"id":239138,"url":"https:\/\/kohenavocats.com\/zh-hans\/cour-dappel-de-rennes-le-17-juillet-2025-n24-06421\/","url_meta":{"origin":670941,"position":0},"title":"Cour d&#8217;appel de Rennes, le 17 juillet 2025, n\u00b024\/06421","author":"Kohen","date":"2025\u5e7412\u670831\u65e5","format":false,"excerpt":"La cour d'appel de Rennes, par un arr\u00eat du 17 juil\u2026","rel":"","context":"\u5728\u201cCour d'appel\u201d\u4e2d","block_context":{"text":"Cour d'appel","link":"https:\/\/kohenavocats.com\/category\/cour-dappel\/"},"img":{"alt_text":"","src":"https:\/\/i0.wp.com\/kohenavocats.com\/wp-content\/uploads\/2024\/08\/xavier-s-7HJR2NQrBWw-unsplash.webp?resize=350%2C200&ssl=1","width":350,"height":200,"srcset":"https:\/\/i0.wp.com\/kohenavocats.com\/wp-content\/uploads\/2024\/08\/xavier-s-7HJR2NQrBWw-unsplash.webp?resize=350%2C200&ssl=1 1x, https:\/\/i0.wp.com\/kohenavocats.com\/wp-content\/uploads\/2024\/08\/xavier-s-7HJR2NQrBWw-unsplash.webp?resize=525%2C300&ssl=1 1.5x, https:\/\/i0.wp.com\/kohenavocats.com\/wp-content\/uploads\/2024\/08\/xavier-s-7HJR2NQrBWw-unsplash.webp?resize=700%2C400&ssl=1 2x, https:\/\/i0.wp.com\/kohenavocats.com\/wp-content\/uploads\/2024\/08\/xavier-s-7HJR2NQrBWw-unsplash.webp?resize=1050%2C600&ssl=1 3x, https:\/\/i0.wp.com\/kohenavocats.com\/wp-content\/uploads\/2024\/08\/xavier-s-7HJR2NQrBWw-unsplash.webp?resize=1400%2C800&ssl=1 4x"},"classes":[]},{"id":664170,"url":"https:\/\/kohenavocats.com\/zh-hans\/cour-dappel-de-rennes-le-25-juin-2025-n25-00515\/","url_meta":{"origin":670941,"position":1},"title":"Cour d&#8217;appel de Rennes, le 25 juin 2025, n\u00b025\/00515","author":"Kohen","date":"2026\u5e744\u670823\u65e5","format":false,"excerpt":"La Cour d'appel de Rennes, statuant en mati\u00e8re civ\u2026","rel":"","context":"\u5728\u201cImmobilier\u201d\u4e2d","block_context":{"text":"Immobilier","link":"https:\/\/kohenavocats.com\/category\/immobilier\/"},"img":{"alt_text":"","src":"https:\/\/i0.wp.com\/kohenavocats.com\/wp-content\/uploads\/2024\/11\/planet-volumes-QaegYrPWWD4-unsplash.webp?resize=350%2C200&ssl=1","width":350,"height":200,"srcset":"https:\/\/i0.wp.com\/kohenavocats.com\/wp-content\/uploads\/2024\/11\/planet-volumes-QaegYrPWWD4-unsplash.webp?resize=350%2C200&ssl=1 1x, https:\/\/i0.wp.com\/kohenavocats.com\/wp-content\/uploads\/2024\/11\/planet-volumes-QaegYrPWWD4-unsplash.webp?resize=525%2C300&ssl=1 1.5x, https:\/\/i0.wp.com\/kohenavocats.com\/wp-content\/uploads\/2024\/11\/planet-volumes-QaegYrPWWD4-unsplash.webp?resize=700%2C400&ssl=1 2x, https:\/\/i0.wp.com\/kohenavocats.com\/wp-content\/uploads\/2024\/11\/planet-volumes-QaegYrPWWD4-unsplash.webp?resize=1050%2C600&ssl=1 3x, https:\/\/i0.wp.com\/kohenavocats.com\/wp-content\/uploads\/2024\/11\/planet-volumes-QaegYrPWWD4-unsplash.webp?resize=1400%2C800&ssl=1 4x"},"classes":[]},{"id":637671,"url":"https:\/\/kohenavocats.com\/zh-hans\/tribunal-judiciaire-de-nantes-le-9-octobre-2025-n25-00975\/","url_meta":{"origin":670941,"position":2},"title":"Tribunal judiciaire de Nantes, le 9 octobre 2025, n\u00b025\/00975","author":"Kohen","date":"2026\u5e744\u670821\u65e5","format":false,"excerpt":"Le tribunal judiciaire de Nantes, statuant en r\u00e9f\u00e9\u2026","rel":"","context":"\u5728\u201cJurisprudence\u201d\u4e2d","block_context":{"text":"Jurisprudence","link":"https:\/\/kohenavocats.com\/category\/jurisprudence\/"},"img":{"alt_text":"","src":"https:\/\/i0.wp.com\/kohenavocats.com\/wp-content\/uploads\/2024\/11\/laura-adai-hNQAWN4t99A-unsplash.webp?resize=350%2C200&ssl=1","width":350,"height":200,"srcset":"https:\/\/i0.wp.com\/kohenavocats.com\/wp-content\/uploads\/2024\/11\/laura-adai-hNQAWN4t99A-unsplash.webp?resize=350%2C200&ssl=1 1x, https:\/\/i0.wp.com\/kohenavocats.com\/wp-content\/uploads\/2024\/11\/laura-adai-hNQAWN4t99A-unsplash.webp?resize=525%2C300&ssl=1 1.5x, https:\/\/i0.wp.com\/kohenavocats.com\/wp-content\/uploads\/2024\/11\/laura-adai-hNQAWN4t99A-unsplash.webp?resize=700%2C400&ssl=1 2x, https:\/\/i0.wp.com\/kohenavocats.com\/wp-content\/uploads\/2024\/11\/laura-adai-hNQAWN4t99A-unsplash.webp?resize=1050%2C600&ssl=1 3x, https:\/\/i0.wp.com\/kohenavocats.com\/wp-content\/uploads\/2024\/11\/laura-adai-hNQAWN4t99A-unsplash.webp?resize=1400%2C800&ssl=1 4x"},"classes":[]},{"id":663128,"url":"https:\/\/kohenavocats.com\/zh-hans\/tribunal-judiciaire-de-rennes-le-22-octobre-2025-n25-00928\/","url_meta":{"origin":670941,"position":3},"title":"Tribunal judiciaire de Rennes, le 22 octobre 2025, n\u00b025\/00928","author":"Kohen","date":"2026\u5e744\u670823\u65e5","format":false,"excerpt":"Le tribunal judiciaire de Rennes, statuant en r\u00e9f\u00e9\u2026","rel":"","context":"\u5728\u201cJurisprudence\u201d\u4e2d","block_context":{"text":"Jurisprudence","link":"https:\/\/kohenavocats.com\/category\/jurisprudence\/"},"img":{"alt_text":"","src":"https:\/\/i0.wp.com\/kohenavocats.com\/wp-content\/uploads\/2024\/11\/getty-images-H1-kEUjMDq4-unsplash.webp?resize=350%2C200&ssl=1","width":350,"height":200,"srcset":"https:\/\/i0.wp.com\/kohenavocats.com\/wp-content\/uploads\/2024\/11\/getty-images-H1-kEUjMDq4-unsplash.webp?resize=350%2C200&ssl=1 1x, https:\/\/i0.wp.com\/kohenavocats.com\/wp-content\/uploads\/2024\/11\/getty-images-H1-kEUjMDq4-unsplash.webp?resize=525%2C300&ssl=1 1.5x, https:\/\/i0.wp.com\/kohenavocats.com\/wp-content\/uploads\/2024\/11\/getty-images-H1-kEUjMDq4-unsplash.webp?resize=700%2C400&ssl=1 2x, https:\/\/i0.wp.com\/kohenavocats.com\/wp-content\/uploads\/2024\/11\/getty-images-H1-kEUjMDq4-unsplash.webp?resize=1050%2C600&ssl=1 3x, https:\/\/i0.wp.com\/kohenavocats.com\/wp-content\/uploads\/2024\/11\/getty-images-H1-kEUjMDq4-unsplash.webp?resize=1400%2C800&ssl=1 4x"},"classes":[]},{"id":648291,"url":"https:\/\/kohenavocats.com\/zh-hans\/tribunal-judiciaire-de-rennes-le-4-septembre-2025-n25-00538\/","url_meta":{"origin":670941,"position":4},"title":"Tribunal judiciaire de Rennes, le 4 septembre 2025, n\u00b025\/00538","author":"Kohen","date":"2026\u5e744\u670822\u65e5","format":false,"excerpt":"Le tribunal judiciaire, statuant en la forme des r\u2026","rel":"","context":"\u5728\u201cJurisprudence\u201d\u4e2d","block_context":{"text":"Jurisprudence","link":"https:\/\/kohenavocats.com\/category\/jurisprudence\/"},"img":{"alt_text":"","src":"https:\/\/i0.wp.com\/kohenavocats.com\/wp-content\/uploads\/2024\/11\/scott-webb-A-7Y4M0-e0M-unsplash.webp?resize=350%2C200&ssl=1","width":350,"height":200,"srcset":"https:\/\/i0.wp.com\/kohenavocats.com\/wp-content\/uploads\/2024\/11\/scott-webb-A-7Y4M0-e0M-unsplash.webp?resize=350%2C200&ssl=1 1x, https:\/\/i0.wp.com\/kohenavocats.com\/wp-content\/uploads\/2024\/11\/scott-webb-A-7Y4M0-e0M-unsplash.webp?resize=525%2C300&ssl=1 1.5x, https:\/\/i0.wp.com\/kohenavocats.com\/wp-content\/uploads\/2024\/11\/scott-webb-A-7Y4M0-e0M-unsplash.webp?resize=700%2C400&ssl=1 2x, https:\/\/i0.wp.com\/kohenavocats.com\/wp-content\/uploads\/2024\/11\/scott-webb-A-7Y4M0-e0M-unsplash.webp?resize=1050%2C600&ssl=1 3x, https:\/\/i0.wp.com\/kohenavocats.com\/wp-content\/uploads\/2024\/11\/scott-webb-A-7Y4M0-e0M-unsplash.webp?resize=1400%2C800&ssl=1 4x"},"classes":[]}],"jetpack_sharing_enabled":true,"_links":{"self":[{"href":"https:\/\/kohenavocats.com\/zh-hans\/wp-json\/wp\/v2\/posts\/670941","targetHints":{"allow":["GET"]}}],"collection":[{"href":"https:\/\/kohenavocats.com\/zh-hans\/wp-json\/wp\/v2\/posts"}],"about":[{"href":"https:\/\/kohenavocats.com\/zh-hans\/wp-json\/wp\/v2\/types\/post"}],"author":[{"embeddable":true,"href":"https:\/\/kohenavocats.com\/zh-hans\/wp-json\/wp\/v2\/users\/232070755"}],"replies":[{"embeddable":true,"href":"https:\/\/kohenavocats.com\/zh-hans\/wp-json\/wp\/v2\/comments?post=670941"}],"version-history":[{"count":0,"href":"https:\/\/kohenavocats.com\/zh-hans\/wp-json\/wp\/v2\/posts\/670941\/revisions"}],"wp:featuredmedia":[{"embeddable":true,"href":"https:\/\/kohenavocats.com\/zh-hans\/wp-json\/wp\/v2\/media\/9443"}],"wp:attachment":[{"href":"https:\/\/kohenavocats.com\/zh-hans\/wp-json\/wp\/v2\/media?parent=670941"}],"wp:term":[{"taxonomy":"category","embeddable":true,"href":"https:\/\/kohenavocats.com\/zh-hans\/wp-json\/wp\/v2\/categories?post=670941"},{"taxonomy":"post_tag","embeddable":true,"href":"https:\/\/kohenavocats.com\/zh-hans\/wp-json\/wp\/v2\/tags?post=670941"}],"curies":[{"name":"wp","href":"https:\/\/api.w.org\/{rel}","templated":true}]}}