{"id":670942,"date":"2026-04-24T08:33:00","date_gmt":"2026-04-24T06:33:00","guid":{"rendered":"https:\/\/kohenavocats.com\/tribunal-judiciaire-de-angers-le-29-mai-2025-n25-00344\/"},"modified":"2026-04-24T08:33:00","modified_gmt":"2026-04-24T06:33:00","slug":"tribunal-judiciaire-de-angers-le-29-mai-2025-n25-00344","status":"publish","type":"post","link":"https:\/\/kohenavocats.com\/zh-hans\/tribunal-judiciaire-de-angers-le-29-mai-2025-n25-00344\/","title":{"rendered":"Tribunal judiciaire de Angers, le 29 mai 2025, n\u00b025\/00344"},"content":{"rendered":"<div class=\"article-content\">\n<p>Le tribunal judiciaire d&#8217;Angers, statuant en r\u00e9f\u00e9r\u00e9 le 29 mai 2025, se prononce sur une demande d&#8217;expulsion et de provisions. Une commune avait consenti une convention d&#8217;occupation temporaire \u00e0 une soci\u00e9t\u00e9 et son g\u00e9rant. Apr\u00e8s notification d&#8217;un cong\u00e9 r\u00e9gulier, les occupants se sont maintenus dans les lieux au-del\u00e0 du terme. Le juge des r\u00e9f\u00e9r\u00e9s ordonne leur expulsion et les condamne au paiement de provisions. Il retient que le maintien sans droit constitue un trouble manifestement illicite justifiant une mesure d&#8217;urgence.<\/p>\n<p>La caract\u00e9risation d&#8217;un trouble manifestement illicite<\/p>\n<p>Le juge des r\u00e9f\u00e9r\u00e9s fonde sa comp\u00e9tence sur l&#8217;existence d&#8217;un trouble \u00e0 faire cesser. Il applique l&#8217;article 835 du code de proc\u00e9dure civile qui permet de prescrire des mesures urgentes. Le trouble illicite r\u00e9sulte ici du maintien dans les lieux apr\u00e8s l&#8217;\u00e9ch\u00e9ance du titre. La d\u00e9cision \u00e9nonce que &#8220;le maintien dans un immeuble, sans droit ni titre du fait de la non reconduction d\u2019une convention d\u2019occupation temporaire, constitue un trouble manifestement illicite.&#8221; (Motifs, I). Cette qualification est imm\u00e9diate d\u00e8s la preuve du cong\u00e9 r\u00e9gulier. La port\u00e9e de cette analyse est de simplifier le contr\u00f4le du juge des r\u00e9f\u00e9r\u00e9s. Il lui suffit de constater l&#8217;absence de titre valable apr\u00e8s le terme pour caract\u00e9riser l&#8217;illic\u00e9it\u00e9. Cette approche rejoint une jurisprudence constante sur la nature du trouble. Ainsi, un tribunal a d\u00e9j\u00e0 jug\u00e9 que &#8220;Le maintien dans un immeuble, sans droit ni titre, constitue un trouble manifestement illicite.&#8221; (Tribunal judiciaire de Cr\u00e9teil, le 2 d\u00e9cembre 2025, n\u00b024\/00286). La valeur de ce point est de conforter une interpr\u00e9tation large et protectrice du propri\u00e9taire.<\/p>\n<p>La r\u00e9gularit\u00e9 de la proc\u00e9dure de cong\u00e9<\/p>\n<p>La recevabilit\u00e9 de la demande d&#8217;expulsion est subordonn\u00e9e \u00e0 un cong\u00e9 r\u00e9gulier. Le juge v\u00e9rifie scrupuleusement le respect des clauses contractuelles et des formalit\u00e9s. La convention pr\u00e9voyait un cong\u00e9 possible \u00e0 tout moment avec un pr\u00e9avis d&#8217;un mois. Il constate que &#8220;la commune a notifi\u00e9 la non reconduction de la convention par courrier recommand\u00e9 avec accus\u00e9 de r\u00e9ception du 18 septembre 2024.&#8221; (Motifs, I). Ce courrier fixait le terme au 1er novembre, respectant ainsi le d\u00e9lai de pr\u00e9avis contractuel. La solution assure une s\u00e9curit\u00e9 juridique aux deux parties en exigeant le strict respect des formes. La port\u00e9e est de faire pr\u00e9valoir la force obligatoire du contrat, rappel\u00e9e par l&#8217;article 1103 du code civil. Le sens de cette rigueur est d&#8217;\u00e9viter tout arbitraire dans la rupture de l&#8217;occupation pr\u00e9caire. Le juge en d\u00e9duit logiquement que les occupants sont sans droit ni titre \u00e0 compter du 2 novembre. Cette analyse justifie pleinement la mesure d&#8217;expulsion prononc\u00e9e en r\u00e9f\u00e9r\u00e9.<\/p>\n<p>Le r\u00e9gime de l&#8217;indemnit\u00e9 d&#8217;occupation apr\u00e8s le terme<\/p>\n<p>Le juge statue \u00e9galement sur la demande de provisions au titre de l&#8217;occupation irr\u00e9guli\u00e8re. Il op\u00e8re une distinction fondamentale entre la redevance contractuelle et l&#8217;indemnit\u00e9 due apr\u00e8s le terme. Il rappelle qu'&#8221;\u00e0 compter du terme de la convention, le locataire n\u2019est plus d\u00e9biteur de redevances, mais d\u2019une indemnit\u00e9 d\u2019occupation.&#8221; (Motifs, II). Cette indemnit\u00e9 r\u00e9pare le pr\u00e9judice de la privation de jouissance. En l&#8217;absence de stipulation contractuelle, le juge fixe son montant \u00e0 celui de l&#8217;ancienne redevance mensuelle. La port\u00e9e de cette solution est de garantir une r\u00e9paration int\u00e9grale et continue du pr\u00e9judice. Elle rejoint la position d&#8217;une cour d&#8217;appel pr\u00e9cisant que l&#8217;indemnit\u00e9 &#8220;doit n\u00e9cessairement comprendre, d\u00e8s lors qu&#8217;il n&#8217;est pas d\u00e9montr\u00e9 que la valeur locative est inf\u00e9rieure au montant du loyer, et afin de r\u00e9parer int\u00e9gralement le pr\u00e9judice [&#8230;] ne saurait, de ce fait, \u00eatre inf\u00e9rieure \u00e0 la somme qui aurait \u00e9t\u00e9 pay\u00e9e en cas de poursuite du bail.&#8221; (Cour d&#8217;appel de Versailles, le 5 septembre 2023, n\u00b022\/01395). La valeur est d&#8217;\u00e9viter tout enrichissement sans cause de l&#8217;occupant.<\/p>\n<p>L&#8217;octroi de provisions sur une obligation non s\u00e9rieusement contestable<\/p>\n<p>Le juge accorde des provisions en application de l&#8217;article 835 alin\u00e9a 2 du code de proc\u00e9dure civile. Il rappelle la r\u00e9partition de la charge de la preuve dans ce cadre. &#8220;Il appartient au demandeur de prouver l\u2019existence de l\u2019obligation, puis au d\u00e9fendeur de d\u00e9montrer qu\u2019il existe une contestation s\u00e9rieuse.&#8221; (Motifs, II). En l&#8217;esp\u00e8ce, la d\u00e9faut de comparution des occupants \u00e9quivaut \u00e0 une absence de contestation. Le juge estime donc l&#8217;obligation de payer l&#8217;indemnit\u00e9 d&#8217;occupation non s\u00e9rieusement contestable. Il condamne ainsi les d\u00e9fendeurs au paiement de provisions mensuelles jusqu&#8217;\u00e0 lib\u00e9ration des lieux. La port\u00e9e de cette d\u00e9cision est d&#8217;assurer une ex\u00e9cution provisoire rapide des cr\u00e9ances certaines. Le sens est de ne pas laisser le propri\u00e9taire supporter seul les cons\u00e9quences financi\u00e8res de l&#8217;occupation illicite. Cette mesure conservatoire est essentielle pour pr\u00e9server les int\u00e9r\u00eats du demandeur pendant l&#8217;instance au fond.<\/p>\n<\/div>\n","protected":false},"excerpt":{"rendered":"<p>Le tribunal judiciaire d&#8217;Angers, statuant en r\u00e9f\u00e9r\u00e9 le 29 mai 2025, se prononce sur une demande d&#8217;expulsion et de provisions. Une commune avait consenti une &#8230;<\/p>\n","protected":false},"author":232070755,"featured_media":9620,"comment_status":"open","ping_status":"open","sticky":false,"template":"","format":"standard","meta":{"_crdt_document":"","_jetpack_newsletter_access":"","_jetpack_dont_email_post_to_subs":false,"_jetpack_newsletter_tier_id":0,"_jetpack_memberships_contains_paywalled_content":false,"_jetpack_memberships_contains_paid_content":false,"footnotes":"","jetpack_post_was_ever_published":false},"categories":[7597],"tags":[],"class_list":["post-670942","post","type-post","status-publish","format-standard","has-post-thumbnail","hentry","category-jurisprudence"],"yoast_head":"<!-- This site is optimized with the Yoast SEO Premium plugin v27.4 (Yoast SEO v27.4) - https:\/\/yoast.com\/product\/yoast-seo-premium-wordpress\/ -->\n<title>Tribunal judiciaire de Angers, le 29 mai 2025, n\u00b025\/00344 - Ma\u00eetre Hassan Kohen, avocat en droit p\u00e9nal \u00e0 Paris<\/title>\n<meta name=\"description\" content=\"Le tribunal judiciaire d&#039;Angers, statuant en r\u00e9f\u00e9r\u00e9 le 29 mai 2025, se prononce sur une demande d&#039;expulsion et de provisions. Une commune avait consenti une ...\" \/>\n<meta name=\"robots\" content=\"index, follow, max-snippet:-1, max-image-preview:large, max-video-preview:-1\" \/>\n<link rel=\"canonical\" href=\"https:\/\/kohenavocats.com\/zh-hans\/tribunal-judiciaire-de-angers-le-29-mai-2025-n25-00344\/\" \/>\n<meta property=\"og:locale\" content=\"zh_CN\" \/>\n<meta property=\"og:type\" content=\"article\" \/>\n<meta property=\"og:title\" content=\"Tribunal judiciaire de Angers, le 29 mai 2025, n\u00b025\/00344\" \/>\n<meta property=\"og:description\" content=\"Le tribunal judiciaire d&#039;Angers, statuant en r\u00e9f\u00e9r\u00e9 le 29 mai 2025, se prononce sur une demande d&#039;expulsion et de provisions. Une commune avait consenti une ...\" \/>\n<meta property=\"og:url\" content=\"https:\/\/kohenavocats.com\/zh-hans\/tribunal-judiciaire-de-angers-le-29-mai-2025-n25-00344\/\" \/>\n<meta property=\"og:site_name\" content=\"Ma\u00eetre Hassan Kohen, avocat en droit p\u00e9nal \u00e0 Paris\" \/>\n<meta property=\"article:published_time\" content=\"2026-04-24T06:33:00+00:00\" \/>\n<meta property=\"og:image\" content=\"https:\/\/kohenavocats.com\/wp-content\/uploads\/2024\/11\/chris-barbalis-r4ytn1RdQas-unsplash.webp\" \/>\n\t<meta property=\"og:image:width\" content=\"2994\" \/>\n\t<meta property=\"og:image:height\" content=\"3919\" \/>\n\t<meta property=\"og:image:type\" content=\"image\/webp\" \/>\n<meta name=\"author\" content=\"Kohen\" \/>\n<meta name=\"twitter:card\" content=\"summary_large_image\" \/>\n<meta name=\"twitter:label1\" content=\"\u4f5c\u8005\" \/>\n\t<meta name=\"twitter:data1\" content=\"Kohen\" \/>\n\t<meta name=\"twitter:label2\" content=\"\u9884\u8ba1\u9605\u8bfb\u65f6\u95f4\" \/>\n\t<meta name=\"twitter:data2\" content=\"4 \u5206\" \/>\n<script type=\"application\/ld+json\" class=\"yoast-schema-graph\">{\"@context\":\"https:\\\/\\\/schema.org\",\"@graph\":[{\"@type\":\"Article\",\"@id\":\"https:\\\/\\\/kohenavocats.com\\\/zh-hans\\\/tribunal-judiciaire-de-angers-le-29-mai-2025-n25-00344\\\/#article\",\"isPartOf\":{\"@id\":\"https:\\\/\\\/kohenavocats.com\\\/zh-hans\\\/tribunal-judiciaire-de-angers-le-29-mai-2025-n25-00344\\\/\"},\"author\":{\"name\":\"Kohen\",\"@id\":\"https:\\\/\\\/kohenavocats.com\\\/zh-hans\\\/#\\\/schema\\\/person\\\/761c9ba54fa1ca84d405cef0831ff751\"},\"headline\":\"Tribunal judiciaire de Angers, le 29 mai 2025, n\u00b025\\\/00344\",\"datePublished\":\"2026-04-24T06:33:00+00:00\",\"mainEntityOfPage\":{\"@id\":\"https:\\\/\\\/kohenavocats.com\\\/zh-hans\\\/tribunal-judiciaire-de-angers-le-29-mai-2025-n25-00344\\\/\"},\"wordCount\":874,\"commentCount\":0,\"publisher\":{\"@id\":\"https:\\\/\\\/kohenavocats.com\\\/zh-hans\\\/#organization\"},\"image\":{\"@id\":\"https:\\\/\\\/kohenavocats.com\\\/zh-hans\\\/tribunal-judiciaire-de-angers-le-29-mai-2025-n25-00344\\\/#primaryimage\"},\"thumbnailUrl\":\"https:\\\/\\\/kohenavocats.com\\\/wp-content\\\/uploads\\\/2024\\\/11\\\/chris-barbalis-r4ytn1RdQas-unsplash.webp\",\"articleSection\":[\"Jurisprudence\"],\"inLanguage\":\"zh-Hans\",\"potentialAction\":[{\"@type\":\"CommentAction\",\"name\":\"Comment\",\"target\":[\"https:\\\/\\\/kohenavocats.com\\\/zh-hans\\\/tribunal-judiciaire-de-angers-le-29-mai-2025-n25-00344\\\/#respond\"]}],\"citation\":\"Tribunal judiciaire de Angers, le 29 mai 2025, n\u00b025\\\/00344\",\"about\":[{\"@type\":\"Thing\",\"name\":\"Jurisprudence\"}],\"dateModified\":\"2026-04-24T06:33:00+00:00\",\"speakable\":{\"@type\":\"SpeakableSpecification\",\"cssSelector\":[\".article-content > p:first-of-type\"]}},{\"@type\":\"WebPage\",\"@id\":\"https:\\\/\\\/kohenavocats.com\\\/zh-hans\\\/tribunal-judiciaire-de-angers-le-29-mai-2025-n25-00344\\\/\",\"url\":\"https:\\\/\\\/kohenavocats.com\\\/zh-hans\\\/tribunal-judiciaire-de-angers-le-29-mai-2025-n25-00344\\\/\",\"name\":\"Tribunal judiciaire de Angers, le 29 mai 2025, n\u00b025\\\/00344 - Ma\u00eetre Hassan Kohen, avocat en droit p\u00e9nal \u00e0 Paris\",\"isPartOf\":{\"@id\":\"https:\\\/\\\/kohenavocats.com\\\/zh-hans\\\/#website\"},\"primaryImageOfPage\":{\"@id\":\"https:\\\/\\\/kohenavocats.com\\\/zh-hans\\\/tribunal-judiciaire-de-angers-le-29-mai-2025-n25-00344\\\/#primaryimage\"},\"image\":{\"@id\":\"https:\\\/\\\/kohenavocats.com\\\/zh-hans\\\/tribunal-judiciaire-de-angers-le-29-mai-2025-n25-00344\\\/#primaryimage\"},\"thumbnailUrl\":\"https:\\\/\\\/kohenavocats.com\\\/wp-content\\\/uploads\\\/2024\\\/11\\\/chris-barbalis-r4ytn1RdQas-unsplash.webp\",\"datePublished\":\"2026-04-24T06:33:00+00:00\",\"description\":\"Le tribunal judiciaire d'Angers, statuant en r\u00e9f\u00e9r\u00e9 le 29 mai 2025, se prononce sur une demande d'expulsion et de provisions. Une commune avait consenti une ...\",\"breadcrumb\":{\"@id\":\"https:\\\/\\\/kohenavocats.com\\\/zh-hans\\\/tribunal-judiciaire-de-angers-le-29-mai-2025-n25-00344\\\/#breadcrumb\"},\"inLanguage\":\"zh-Hans\",\"potentialAction\":[{\"@type\":\"ReadAction\",\"target\":[\"https:\\\/\\\/kohenavocats.com\\\/zh-hans\\\/tribunal-judiciaire-de-angers-le-29-mai-2025-n25-00344\\\/\"]}]},{\"@type\":\"ImageObject\",\"inLanguage\":\"zh-Hans\",\"@id\":\"https:\\\/\\\/kohenavocats.com\\\/zh-hans\\\/tribunal-judiciaire-de-angers-le-29-mai-2025-n25-00344\\\/#primaryimage\",\"url\":\"https:\\\/\\\/kohenavocats.com\\\/wp-content\\\/uploads\\\/2024\\\/11\\\/chris-barbalis-r4ytn1RdQas-unsplash.webp\",\"contentUrl\":\"https:\\\/\\\/kohenavocats.com\\\/wp-content\\\/uploads\\\/2024\\\/11\\\/chris-barbalis-r4ytn1RdQas-unsplash.webp\",\"width\":2994,\"height\":3919},{\"@type\":\"BreadcrumbList\",\"@id\":\"https:\\\/\\\/kohenavocats.com\\\/zh-hans\\\/tribunal-judiciaire-de-angers-le-29-mai-2025-n25-00344\\\/#breadcrumb\",\"itemListElement\":[{\"@type\":\"ListItem\",\"position\":1,\"name\":\"Home\",\"item\":\"https:\\\/\\\/kohenavocats.com\\\/zh-hans\\\/\"},{\"@type\":\"ListItem\",\"position\":2,\"name\":\"Tribunal judiciaire de Angers, le 29 mai 2025, n\u00b025\\\/00344\"}]},{\"@type\":\"WebSite\",\"@id\":\"https:\\\/\\\/kohenavocats.com\\\/zh-hans\\\/#website\",\"url\":\"https:\\\/\\\/kohenavocats.com\\\/zh-hans\\\/\",\"name\":\"Kohen Avocats\",\"description\":\"Ma\u00eetre Hassan Kohen, avocat p\u00e9naliste \u00e0 Paris, intervient exclusivement en droit p\u00e9nal pour la d\u00e9fense des particuliers, notamment en mati\u00e8re d\u2019accusations de viol. Il assure un accompagnement rigoureux d\u00e8s la garde \u00e0 vue jusqu\u2019\u00e0 la Cour d\u2019assises, veillant au strict respect des garanties proc\u00e9durales.\",\"publisher\":{\"@id\":\"https:\\\/\\\/kohenavocats.com\\\/zh-hans\\\/#organization\"},\"potentialAction\":[{\"@type\":\"SearchAction\",\"target\":{\"@type\":\"EntryPoint\",\"urlTemplate\":\"https:\\\/\\\/kohenavocats.com\\\/zh-hans\\\/?s={search_term_string}\"},\"query-input\":{\"@type\":\"PropertyValueSpecification\",\"valueRequired\":true,\"valueName\":\"search_term_string\"}}],\"inLanguage\":\"zh-Hans\"},{\"@type\":\"Organization\",\"@id\":\"https:\\\/\\\/kohenavocats.com\\\/zh-hans\\\/#organization\",\"name\":\"Kohen Avocats\",\"url\":\"https:\\\/\\\/kohenavocats.com\\\/zh-hans\\\/\",\"logo\":{\"@type\":\"ImageObject\",\"inLanguage\":\"zh-Hans\",\"@id\":\"https:\\\/\\\/kohenavocats.com\\\/zh-hans\\\/#\\\/schema\\\/logo\\\/image\\\/\",\"url\":\"https:\\\/\\\/kohenavocats.com\\\/wp-content\\\/uploads\\\/2026\\\/01\\\/Logo-2-1.webp\",\"contentUrl\":\"https:\\\/\\\/kohenavocats.com\\\/wp-content\\\/uploads\\\/2026\\\/01\\\/Logo-2-1.webp\",\"width\":2114,\"height\":1253,\"caption\":\"Kohen Avocats\"},\"image\":{\"@id\":\"https:\\\/\\\/kohenavocats.com\\\/zh-hans\\\/#\\\/schema\\\/logo\\\/image\\\/\"}},{\"@type\":\"Person\",\"@id\":\"https:\\\/\\\/kohenavocats.com\\\/zh-hans\\\/#\\\/schema\\\/person\\\/761c9ba54fa1ca84d405cef0831ff751\",\"name\":\"Kohen\",\"image\":{\"@type\":\"ImageObject\",\"inLanguage\":\"zh-Hans\",\"@id\":\"https:\\\/\\\/secure.gravatar.com\\\/avatar\\\/1c5e76ef76bbbfdd2b4da984e2bf2fa4056fd51a27d25ce2c332047f1dfd6e00?s=96&d=identicon&r=g\",\"url\":\"https:\\\/\\\/secure.gravatar.com\\\/avatar\\\/1c5e76ef76bbbfdd2b4da984e2bf2fa4056fd51a27d25ce2c332047f1dfd6e00?s=96&d=identicon&r=g\",\"contentUrl\":\"https:\\\/\\\/secure.gravatar.com\\\/avatar\\\/1c5e76ef76bbbfdd2b4da984e2bf2fa4056fd51a27d25ce2c332047f1dfd6e00?s=96&d=identicon&r=g\",\"caption\":\"Kohen\"},\"sameAs\":[\"https:\\\/\\\/www.linkedin.com\\\/in\\\/hassan-kohen-448548192\\\/\",\"https:\\\/\\\/www.youtube.com\\\/@Kohen-Avocats\"],\"url\":\"https:\\\/\\\/kohenavocats.com\\\/zh-hans\\\/author\\\/kohenmlk\\\/\"}]}<\/script>\n<!-- \/ Yoast SEO Premium plugin. -->","yoast_head_json":{"title":"Tribunal judiciaire de Angers, le 29 mai 2025, n\u00b025\/00344 - Ma\u00eetre Hassan Kohen, avocat en droit p\u00e9nal \u00e0 Paris","description":"Le tribunal judiciaire d'Angers, statuant en r\u00e9f\u00e9r\u00e9 le 29 mai 2025, se prononce sur une demande d'expulsion et de provisions. Une commune avait consenti une ...","robots":{"index":"index","follow":"follow","max-snippet":"max-snippet:-1","max-image-preview":"max-image-preview:large","max-video-preview":"max-video-preview:-1"},"canonical":"https:\/\/kohenavocats.com\/zh-hans\/tribunal-judiciaire-de-angers-le-29-mai-2025-n25-00344\/","og_locale":"zh_CN","og_type":"article","og_title":"Tribunal judiciaire de Angers, le 29 mai 2025, n\u00b025\/00344","og_description":"Le tribunal judiciaire d'Angers, statuant en r\u00e9f\u00e9r\u00e9 le 29 mai 2025, se prononce sur une demande d'expulsion et de provisions. Une commune avait consenti une ...","og_url":"https:\/\/kohenavocats.com\/zh-hans\/tribunal-judiciaire-de-angers-le-29-mai-2025-n25-00344\/","og_site_name":"Ma\u00eetre Hassan Kohen, avocat en droit p\u00e9nal \u00e0 Paris","article_published_time":"2026-04-24T06:33:00+00:00","og_image":[{"width":2994,"height":3919,"url":"https:\/\/kohenavocats.com\/wp-content\/uploads\/2024\/11\/chris-barbalis-r4ytn1RdQas-unsplash.webp","type":"image\/webp"}],"author":"Kohen","twitter_card":"summary_large_image","twitter_misc":{"\u4f5c\u8005":"Kohen","\u9884\u8ba1\u9605\u8bfb\u65f6\u95f4":"4 \u5206"},"schema":{"@context":"https:\/\/schema.org","@graph":[{"@type":"Article","@id":"https:\/\/kohenavocats.com\/zh-hans\/tribunal-judiciaire-de-angers-le-29-mai-2025-n25-00344\/#article","isPartOf":{"@id":"https:\/\/kohenavocats.com\/zh-hans\/tribunal-judiciaire-de-angers-le-29-mai-2025-n25-00344\/"},"author":{"name":"Kohen","@id":"https:\/\/kohenavocats.com\/zh-hans\/#\/schema\/person\/761c9ba54fa1ca84d405cef0831ff751"},"headline":"Tribunal judiciaire de Angers, le 29 mai 2025, n\u00b025\/00344","datePublished":"2026-04-24T06:33:00+00:00","mainEntityOfPage":{"@id":"https:\/\/kohenavocats.com\/zh-hans\/tribunal-judiciaire-de-angers-le-29-mai-2025-n25-00344\/"},"wordCount":874,"commentCount":0,"publisher":{"@id":"https:\/\/kohenavocats.com\/zh-hans\/#organization"},"image":{"@id":"https:\/\/kohenavocats.com\/zh-hans\/tribunal-judiciaire-de-angers-le-29-mai-2025-n25-00344\/#primaryimage"},"thumbnailUrl":"https:\/\/kohenavocats.com\/wp-content\/uploads\/2024\/11\/chris-barbalis-r4ytn1RdQas-unsplash.webp","articleSection":["Jurisprudence"],"inLanguage":"zh-Hans","potentialAction":[{"@type":"CommentAction","name":"Comment","target":["https:\/\/kohenavocats.com\/zh-hans\/tribunal-judiciaire-de-angers-le-29-mai-2025-n25-00344\/#respond"]}],"citation":"Tribunal judiciaire de Angers, le 29 mai 2025, n\u00b025\/00344","about":[{"@type":"Thing","name":"Jurisprudence"}],"dateModified":"2026-04-24T06:33:00+00:00","speakable":{"@type":"SpeakableSpecification","cssSelector":[".article-content > p:first-of-type"]}},{"@type":"WebPage","@id":"https:\/\/kohenavocats.com\/zh-hans\/tribunal-judiciaire-de-angers-le-29-mai-2025-n25-00344\/","url":"https:\/\/kohenavocats.com\/zh-hans\/tribunal-judiciaire-de-angers-le-29-mai-2025-n25-00344\/","name":"Tribunal judiciaire de Angers, le 29 mai 2025, n\u00b025\/00344 - Ma\u00eetre Hassan Kohen, avocat en droit p\u00e9nal \u00e0 Paris","isPartOf":{"@id":"https:\/\/kohenavocats.com\/zh-hans\/#website"},"primaryImageOfPage":{"@id":"https:\/\/kohenavocats.com\/zh-hans\/tribunal-judiciaire-de-angers-le-29-mai-2025-n25-00344\/#primaryimage"},"image":{"@id":"https:\/\/kohenavocats.com\/zh-hans\/tribunal-judiciaire-de-angers-le-29-mai-2025-n25-00344\/#primaryimage"},"thumbnailUrl":"https:\/\/kohenavocats.com\/wp-content\/uploads\/2024\/11\/chris-barbalis-r4ytn1RdQas-unsplash.webp","datePublished":"2026-04-24T06:33:00+00:00","description":"Le tribunal judiciaire d'Angers, statuant en r\u00e9f\u00e9r\u00e9 le 29 mai 2025, se prononce sur une demande d'expulsion et de provisions. Une commune avait consenti une ...","breadcrumb":{"@id":"https:\/\/kohenavocats.com\/zh-hans\/tribunal-judiciaire-de-angers-le-29-mai-2025-n25-00344\/#breadcrumb"},"inLanguage":"zh-Hans","potentialAction":[{"@type":"ReadAction","target":["https:\/\/kohenavocats.com\/zh-hans\/tribunal-judiciaire-de-angers-le-29-mai-2025-n25-00344\/"]}]},{"@type":"ImageObject","inLanguage":"zh-Hans","@id":"https:\/\/kohenavocats.com\/zh-hans\/tribunal-judiciaire-de-angers-le-29-mai-2025-n25-00344\/#primaryimage","url":"https:\/\/kohenavocats.com\/wp-content\/uploads\/2024\/11\/chris-barbalis-r4ytn1RdQas-unsplash.webp","contentUrl":"https:\/\/kohenavocats.com\/wp-content\/uploads\/2024\/11\/chris-barbalis-r4ytn1RdQas-unsplash.webp","width":2994,"height":3919},{"@type":"BreadcrumbList","@id":"https:\/\/kohenavocats.com\/zh-hans\/tribunal-judiciaire-de-angers-le-29-mai-2025-n25-00344\/#breadcrumb","itemListElement":[{"@type":"ListItem","position":1,"name":"Home","item":"https:\/\/kohenavocats.com\/zh-hans\/"},{"@type":"ListItem","position":2,"name":"Tribunal judiciaire de Angers, le 29 mai 2025, n\u00b025\/00344"}]},{"@type":"WebSite","@id":"https:\/\/kohenavocats.com\/zh-hans\/#website","url":"https:\/\/kohenavocats.com\/zh-hans\/","name":"Kohen Avocats","description":"Ma\u00eetre Hassan Kohen, avocat p\u00e9naliste \u00e0 Paris, intervient exclusivement en droit p\u00e9nal pour la d\u00e9fense des particuliers, notamment en mati\u00e8re d\u2019accusations de viol. Il assure un accompagnement rigoureux d\u00e8s la garde \u00e0 vue jusqu\u2019\u00e0 la Cour d\u2019assises, veillant au strict respect des garanties proc\u00e9durales.","publisher":{"@id":"https:\/\/kohenavocats.com\/zh-hans\/#organization"},"potentialAction":[{"@type":"SearchAction","target":{"@type":"EntryPoint","urlTemplate":"https:\/\/kohenavocats.com\/zh-hans\/?s={search_term_string}"},"query-input":{"@type":"PropertyValueSpecification","valueRequired":true,"valueName":"search_term_string"}}],"inLanguage":"zh-Hans"},{"@type":"Organization","@id":"https:\/\/kohenavocats.com\/zh-hans\/#organization","name":"Kohen Avocats","url":"https:\/\/kohenavocats.com\/zh-hans\/","logo":{"@type":"ImageObject","inLanguage":"zh-Hans","@id":"https:\/\/kohenavocats.com\/zh-hans\/#\/schema\/logo\/image\/","url":"https:\/\/kohenavocats.com\/wp-content\/uploads\/2026\/01\/Logo-2-1.webp","contentUrl":"https:\/\/kohenavocats.com\/wp-content\/uploads\/2026\/01\/Logo-2-1.webp","width":2114,"height":1253,"caption":"Kohen Avocats"},"image":{"@id":"https:\/\/kohenavocats.com\/zh-hans\/#\/schema\/logo\/image\/"}},{"@type":"Person","@id":"https:\/\/kohenavocats.com\/zh-hans\/#\/schema\/person\/761c9ba54fa1ca84d405cef0831ff751","name":"Kohen","image":{"@type":"ImageObject","inLanguage":"zh-Hans","@id":"https:\/\/secure.gravatar.com\/avatar\/1c5e76ef76bbbfdd2b4da984e2bf2fa4056fd51a27d25ce2c332047f1dfd6e00?s=96&d=identicon&r=g","url":"https:\/\/secure.gravatar.com\/avatar\/1c5e76ef76bbbfdd2b4da984e2bf2fa4056fd51a27d25ce2c332047f1dfd6e00?s=96&d=identicon&r=g","contentUrl":"https:\/\/secure.gravatar.com\/avatar\/1c5e76ef76bbbfdd2b4da984e2bf2fa4056fd51a27d25ce2c332047f1dfd6e00?s=96&d=identicon&r=g","caption":"Kohen"},"sameAs":["https:\/\/www.linkedin.com\/in\/hassan-kohen-448548192\/","https:\/\/www.youtube.com\/@Kohen-Avocats"],"url":"https:\/\/kohenavocats.com\/zh-hans\/author\/kohenmlk\/"}]}},"jetpack_featured_media_url":"https:\/\/kohenavocats.com\/wp-content\/uploads\/2024\/11\/chris-barbalis-r4ytn1RdQas-unsplash.webp","jetpack_likes_enabled":false,"jetpack_shortlink":"https:\/\/wp.me\/peCrII-2OxE","jetpack-related-posts":[{"id":489927,"url":"https:\/\/kohenavocats.com\/zh-hans\/tribunal-judiciaire-de-angers-le-16-avril-2025-n25-00539\/","url_meta":{"origin":670942,"position":0},"title":"Tribunal judiciaire de Angers, le 16 avril 2025, n\u00b025\/00539","author":"Kohen","date":"2026\u5e744\u67088\u65e5","format":false,"excerpt":"Le tribunal judiciaire d\u2019Angers, statuant en r\u00e9f\u00e9r\u2026","rel":"","context":"\u5728\u201cJurisprudence\u201d\u4e2d","block_context":{"text":"Jurisprudence","link":"https:\/\/kohenavocats.com\/category\/jurisprudence\/"},"img":{"alt_text":"","src":"https:\/\/i0.wp.com\/kohenavocats.com\/wp-content\/uploads\/2024\/11\/jsb-co-sz1m9nwdXKw-unsplash.webp?resize=350%2C200&ssl=1","width":350,"height":200,"srcset":"https:\/\/i0.wp.com\/kohenavocats.com\/wp-content\/uploads\/2024\/11\/jsb-co-sz1m9nwdXKw-unsplash.webp?resize=350%2C200&ssl=1 1x, https:\/\/i0.wp.com\/kohenavocats.com\/wp-content\/uploads\/2024\/11\/jsb-co-sz1m9nwdXKw-unsplash.webp?resize=525%2C300&ssl=1 1.5x, https:\/\/i0.wp.com\/kohenavocats.com\/wp-content\/uploads\/2024\/11\/jsb-co-sz1m9nwdXKw-unsplash.webp?resize=700%2C400&ssl=1 2x, https:\/\/i0.wp.com\/kohenavocats.com\/wp-content\/uploads\/2024\/11\/jsb-co-sz1m9nwdXKw-unsplash.webp?resize=1050%2C600&ssl=1 3x, https:\/\/i0.wp.com\/kohenavocats.com\/wp-content\/uploads\/2024\/11\/jsb-co-sz1m9nwdXKw-unsplash.webp?resize=1400%2C800&ssl=1 4x"},"classes":[]},{"id":489863,"url":"https:\/\/kohenavocats.com\/zh-hans\/tribunal-judiciaire-de-angers-le-20-novembre-2025-n25-00539\/","url_meta":{"origin":670942,"position":1},"title":"Tribunal judiciaire de Angers, le 20 novembre 2025, n\u00b025\/00539","author":"Kohen","date":"2026\u5e744\u67088\u65e5","format":false,"excerpt":"Le tribunal judiciaire d\u2019Angers, statuant en r\u00e9f\u00e9r\u2026","rel":"","context":"\u5728\u201cD\u00e9cisions juridiques\u201d\u4e2d","block_context":{"text":"D\u00e9cisions juridiques","link":"https:\/\/kohenavocats.com\/category\/decisions-juridiques\/"},"img":{"alt_text":"","src":"https:\/\/i0.wp.com\/kohenavocats.com\/wp-content\/uploads\/2024\/07\/sebastien-gabriel-MavdFrachN0-unsplash.webp?resize=350%2C200&ssl=1","width":350,"height":200,"srcset":"https:\/\/i0.wp.com\/kohenavocats.com\/wp-content\/uploads\/2024\/07\/sebastien-gabriel-MavdFrachN0-unsplash.webp?resize=350%2C200&ssl=1 1x, https:\/\/i0.wp.com\/kohenavocats.com\/wp-content\/uploads\/2024\/07\/sebastien-gabriel-MavdFrachN0-unsplash.webp?resize=525%2C300&ssl=1 1.5x, https:\/\/i0.wp.com\/kohenavocats.com\/wp-content\/uploads\/2024\/07\/sebastien-gabriel-MavdFrachN0-unsplash.webp?resize=700%2C400&ssl=1 2x, https:\/\/i0.wp.com\/kohenavocats.com\/wp-content\/uploads\/2024\/07\/sebastien-gabriel-MavdFrachN0-unsplash.webp?resize=1050%2C600&ssl=1 3x, https:\/\/i0.wp.com\/kohenavocats.com\/wp-content\/uploads\/2024\/07\/sebastien-gabriel-MavdFrachN0-unsplash.webp?resize=1400%2C800&ssl=1 4x"},"classes":[]},{"id":470497,"url":"https:\/\/kohenavocats.com\/zh-hans\/tribunal-judiciaire-de-angers-le-4-novembre-2025-n25-00611\/","url_meta":{"origin":670942,"position":2},"title":"Tribunal judiciaire de Angers, le 4 novembre 2025, n\u00b025\/00611","author":"Kohen","date":"2026\u5e744\u67087\u65e5","format":false,"excerpt":"Le tribunal judiciaire d\u2019Angers, statuant en r\u00e9f\u00e9r\u2026","rel":"","context":"\u5728\u201cJurisprudence\u201d\u4e2d","block_context":{"text":"Jurisprudence","link":"https:\/\/kohenavocats.com\/category\/jurisprudence\/"},"img":{"alt_text":"","src":"https:\/\/i0.wp.com\/kohenavocats.com\/wp-content\/uploads\/2024\/08\/rafael-m-CTNHIGI2WcU-unsplash.webp?resize=350%2C200&ssl=1","width":350,"height":200,"srcset":"https:\/\/i0.wp.com\/kohenavocats.com\/wp-content\/uploads\/2024\/08\/rafael-m-CTNHIGI2WcU-unsplash.webp?resize=350%2C200&ssl=1 1x, https:\/\/i0.wp.com\/kohenavocats.com\/wp-content\/uploads\/2024\/08\/rafael-m-CTNHIGI2WcU-unsplash.webp?resize=525%2C300&ssl=1 1.5x, https:\/\/i0.wp.com\/kohenavocats.com\/wp-content\/uploads\/2024\/08\/rafael-m-CTNHIGI2WcU-unsplash.webp?resize=700%2C400&ssl=1 2x, https:\/\/i0.wp.com\/kohenavocats.com\/wp-content\/uploads\/2024\/08\/rafael-m-CTNHIGI2WcU-unsplash.webp?resize=1050%2C600&ssl=1 3x, https:\/\/i0.wp.com\/kohenavocats.com\/wp-content\/uploads\/2024\/08\/rafael-m-CTNHIGI2WcU-unsplash.webp?resize=1400%2C800&ssl=1 4x"},"classes":[]},{"id":670598,"url":"https:\/\/kohenavocats.com\/zh-hans\/tribunal-judiciaire-de-angers-le-13-fevrier-2025-n25-00361\/","url_meta":{"origin":670942,"position":3},"title":"Tribunal judiciaire de Angers, le 13 f\u00e9vrier 2025, n\u00b025\/00361","author":"Kohen","date":"2026\u5e744\u670824\u65e5","format":false,"excerpt":"Le tribunal judiciaire d\u2019Angers, statuant en r\u00e9f\u00e9r\u2026","rel":"","context":"\u5728\u201cCode des assurances\u201d\u4e2d","block_context":{"text":"Code des assurances","link":"https:\/\/kohenavocats.com\/category\/code-des-assurances\/"},"img":{"alt_text":"","src":"https:\/\/i0.wp.com\/kohenavocats.com\/wp-content\/uploads\/2024\/11\/n-c-gNefKC_WWXM-unsplash.webp?resize=350%2C200&ssl=1","width":350,"height":200,"srcset":"https:\/\/i0.wp.com\/kohenavocats.com\/wp-content\/uploads\/2024\/11\/n-c-gNefKC_WWXM-unsplash.webp?resize=350%2C200&ssl=1 1x, https:\/\/i0.wp.com\/kohenavocats.com\/wp-content\/uploads\/2024\/11\/n-c-gNefKC_WWXM-unsplash.webp?resize=525%2C300&ssl=1 1.5x, https:\/\/i0.wp.com\/kohenavocats.com\/wp-content\/uploads\/2024\/11\/n-c-gNefKC_WWXM-unsplash.webp?resize=700%2C400&ssl=1 2x, https:\/\/i0.wp.com\/kohenavocats.com\/wp-content\/uploads\/2024\/11\/n-c-gNefKC_WWXM-unsplash.webp?resize=1050%2C600&ssl=1 3x, https:\/\/i0.wp.com\/kohenavocats.com\/wp-content\/uploads\/2024\/11\/n-c-gNefKC_WWXM-unsplash.webp?resize=1400%2C800&ssl=1 4x"},"classes":[]},{"id":651645,"url":"https:\/\/kohenavocats.com\/zh-hans\/tribunal-judiciaire-de-angers-le-17-octobre-2025-n25-00392\/","url_meta":{"origin":670942,"position":4},"title":"Tribunal judiciaire de Angers, le 17 octobre 2025, n\u00b025\/00392","author":"Kohen","date":"2026\u5e744\u670822\u65e5","format":false,"excerpt":"Le tribunal judiciaire d\u2019Angers, statuant en r\u00e9f\u00e9r\u2026","rel":"","context":"\u5728\u201cJurisprudence\u201d\u4e2d","block_context":{"text":"Jurisprudence","link":"https:\/\/kohenavocats.com\/category\/jurisprudence\/"},"img":{"alt_text":"","src":"https:\/\/i0.wp.com\/kohenavocats.com\/wp-content\/uploads\/2024\/08\/linda-pomerantz-zhang-mYckxziRXkk-unsplash.webp?resize=350%2C200&ssl=1","width":350,"height":200,"srcset":"https:\/\/i0.wp.com\/kohenavocats.com\/wp-content\/uploads\/2024\/08\/linda-pomerantz-zhang-mYckxziRXkk-unsplash.webp?resize=350%2C200&ssl=1 1x, https:\/\/i0.wp.com\/kohenavocats.com\/wp-content\/uploads\/2024\/08\/linda-pomerantz-zhang-mYckxziRXkk-unsplash.webp?resize=525%2C300&ssl=1 1.5x, https:\/\/i0.wp.com\/kohenavocats.com\/wp-content\/uploads\/2024\/08\/linda-pomerantz-zhang-mYckxziRXkk-unsplash.webp?resize=700%2C400&ssl=1 2x, https:\/\/i0.wp.com\/kohenavocats.com\/wp-content\/uploads\/2024\/08\/linda-pomerantz-zhang-mYckxziRXkk-unsplash.webp?resize=1050%2C600&ssl=1 3x, https:\/\/i0.wp.com\/kohenavocats.com\/wp-content\/uploads\/2024\/08\/linda-pomerantz-zhang-mYckxziRXkk-unsplash.webp?resize=1400%2C800&ssl=1 4x"},"classes":[]},{"id":639763,"url":"https:\/\/kohenavocats.com\/zh-hans\/tribunal-judiciaire-de-angers-le-4-juillet-2025-n25-00402\/","url_meta":{"origin":670942,"position":5},"title":"Tribunal judiciaire de Angers, le 4 juillet 2025, n\u00b025\/00402","author":"Kohen","date":"2026\u5e744\u670821\u65e5","format":false,"excerpt":"Le tribunal judiciaire d\u2019Angers, statuant en r\u00e9f\u00e9r\u2026","rel":"","context":"\u5728\u201cJurisprudence\u201d\u4e2d","block_context":{"text":"Jurisprudence","link":"https:\/\/kohenavocats.com\/category\/jurisprudence\/"},"img":{"alt_text":"","src":"https:\/\/i0.wp.com\/kohenavocats.com\/wp-content\/uploads\/2024\/08\/valentin-kremer-zqipptjLLJc-unsplash.webp?resize=350%2C200&ssl=1","width":350,"height":200,"srcset":"https:\/\/i0.wp.com\/kohenavocats.com\/wp-content\/uploads\/2024\/08\/valentin-kremer-zqipptjLLJc-unsplash.webp?resize=350%2C200&ssl=1 1x, https:\/\/i0.wp.com\/kohenavocats.com\/wp-content\/uploads\/2024\/08\/valentin-kremer-zqipptjLLJc-unsplash.webp?resize=525%2C300&ssl=1 1.5x, https:\/\/i0.wp.com\/kohenavocats.com\/wp-content\/uploads\/2024\/08\/valentin-kremer-zqipptjLLJc-unsplash.webp?resize=700%2C400&ssl=1 2x, https:\/\/i0.wp.com\/kohenavocats.com\/wp-content\/uploads\/2024\/08\/valentin-kremer-zqipptjLLJc-unsplash.webp?resize=1050%2C600&ssl=1 3x, https:\/\/i0.wp.com\/kohenavocats.com\/wp-content\/uploads\/2024\/08\/valentin-kremer-zqipptjLLJc-unsplash.webp?resize=1400%2C800&ssl=1 4x"},"classes":[]}],"jetpack_sharing_enabled":true,"_links":{"self":[{"href":"https:\/\/kohenavocats.com\/zh-hans\/wp-json\/wp\/v2\/posts\/670942","targetHints":{"allow":["GET"]}}],"collection":[{"href":"https:\/\/kohenavocats.com\/zh-hans\/wp-json\/wp\/v2\/posts"}],"about":[{"href":"https:\/\/kohenavocats.com\/zh-hans\/wp-json\/wp\/v2\/types\/post"}],"author":[{"embeddable":true,"href":"https:\/\/kohenavocats.com\/zh-hans\/wp-json\/wp\/v2\/users\/232070755"}],"replies":[{"embeddable":true,"href":"https:\/\/kohenavocats.com\/zh-hans\/wp-json\/wp\/v2\/comments?post=670942"}],"version-history":[{"count":0,"href":"https:\/\/kohenavocats.com\/zh-hans\/wp-json\/wp\/v2\/posts\/670942\/revisions"}],"wp:featuredmedia":[{"embeddable":true,"href":"https:\/\/kohenavocats.com\/zh-hans\/wp-json\/wp\/v2\/media\/9620"}],"wp:attachment":[{"href":"https:\/\/kohenavocats.com\/zh-hans\/wp-json\/wp\/v2\/media?parent=670942"}],"wp:term":[{"taxonomy":"category","embeddable":true,"href":"https:\/\/kohenavocats.com\/zh-hans\/wp-json\/wp\/v2\/categories?post=670942"},{"taxonomy":"post_tag","embeddable":true,"href":"https:\/\/kohenavocats.com\/zh-hans\/wp-json\/wp\/v2\/tags?post=670942"}],"curies":[{"name":"wp","href":"https:\/\/api.w.org\/{rel}","templated":true}]}}